{"id":27283,"date":"2022-08-29T18:58:00","date_gmt":"2022-08-29T16:58:00","guid":{"rendered":"https:\/\/www.jojoenherbe.com\/?p=27283"},"modified":"2022-09-09T10:58:13","modified_gmt":"2022-09-09T08:58:13","slug":"point-lecture-hebdomadaire-56","status":"publish","type":"post","link":"http:\/\/www.jojoenherbe.com\/index.php\/2022\/08\/29\/point-lecture-hebdomadaire-56\/","title":{"rendered":"Point lecture hebdomadaire #56"},"content":{"rendered":"<p style=\"text-align: justify;\"><em>En ce d\u00e9but de semaine, voici notre point lecture hebdomadaire avec un retour sur nos lectures de la semaine derni\u00e8re (mais pas nos relectures) et ma lecture en cours.<br \/>\n<\/em><\/p>\n<p><span style=\"text-decoration: underline;\"><strong>Nos lectures du 22 au 28 ao\u00fbt 2022<\/strong><\/span><strong>:<\/strong><\/p>\n<p><em><span style=\"text-decoration: underline;\">Des lectures jeunesse<\/span>:<\/em><\/p>\n<ul>\n<li style=\"text-align: justify;\"><em>(Album jeunesse) <span style=\"text-decoration: underline;\"><strong>Oups!<\/strong><\/span> de Suzi Moore et Russell Ayto<\/em><\/li>\n<\/ul>\n<p style=\"text-align: justify;\"><em><a href=\"https:\/\/i0.wp.com\/www.jojoenherbe.com\/wp-content\/uploads\/2022\/09\/Oups-scaled.jpg\"><img data-recalc-dims=\"1\" loading=\"lazy\" decoding=\"async\" data-attachment-id=\"27362\" data-permalink=\"http:\/\/www.jojoenherbe.com\/index.php\/2022\/08\/29\/point-lecture-hebdomadaire-56\/oups\/\" data-orig-file=\"https:\/\/i0.wp.com\/www.jojoenherbe.com\/wp-content\/uploads\/2022\/09\/Oups-scaled.jpg?fit=2560%2C1730\" data-orig-size=\"2560,1730\" data-comments-opened=\"1\" data-image-meta=\"{&quot;aperture&quot;:&quot;1.8&quot;,&quot;credit&quot;:&quot;&quot;,&quot;camera&quot;:&quot;iPhone 7&quot;,&quot;caption&quot;:&quot;&quot;,&quot;created_timestamp&quot;:&quot;1662485939&quot;,&quot;copyright&quot;:&quot;&quot;,&quot;focal_length&quot;:&quot;3.99&quot;,&quot;iso&quot;:&quot;100&quot;,&quot;shutter_speed&quot;:&quot;0.14285714285714&quot;,&quot;title&quot;:&quot;&quot;,&quot;orientation&quot;:&quot;1&quot;}\" data-image-title=\"Oups!\" data-image-description=\"\" data-image-caption=\"\" data-large-file=\"https:\/\/i0.wp.com\/www.jojoenherbe.com\/wp-content\/uploads\/2022\/09\/Oups-scaled.jpg?fit=676%2C457\" class=\"alignleft size-thumbnail wp-image-27362\" src=\"https:\/\/i0.wp.com\/www.jojoenherbe.com\/wp-content\/uploads\/2022\/09\/Oups.jpg?resize=150%2C150\" alt=\"\" width=\"150\" height=\"150\" srcset=\"https:\/\/i0.wp.com\/www.jojoenherbe.com\/wp-content\/uploads\/2022\/09\/Oups-scaled.jpg?resize=150%2C150 150w, https:\/\/i0.wp.com\/www.jojoenherbe.com\/wp-content\/uploads\/2022\/09\/Oups-scaled.jpg?zoom=2&amp;resize=150%2C150 300w, https:\/\/i0.wp.com\/www.jojoenherbe.com\/wp-content\/uploads\/2022\/09\/Oups-scaled.jpg?zoom=3&amp;resize=150%2C150 450w\" sizes=\"auto, (max-width: 150px) 100vw, 150px\" \/><\/a>Nous lisons et relisons <span style=\"text-decoration: underline;\">Oups!<\/span> de Suzi Moore et Russell Ayto (\u00e9d. Kal\u00e9idoscope, diff. L&rsquo;\u00e9cole des loisirs, 2015), un album jeunesse \u00e0 partir de 3 ans. Trois amis &#8211; un chat, un chien et une souris &#8211; voudraient pouvoir retrouver leur \u00e9tat normal. Apr\u00e8s avoir demand\u00e9 conseil au hibou, ils partent renconter la vieille dame de la maison d\u00e9catie. Cette derni\u00e8re parviendra-t-elle \u00e0 leur rendre leur \u00e9tat normal gr\u00e2ce \u00e0 la bonne formule magique? Un tr\u00e8s bon moment de lecture avec cette histoire halloweenesque tr\u00e8s rigolote, tout en r\u00e9p\u00e9titions et onomatop\u00e9es!<\/em><\/p>\n<ul>\n<li style=\"text-align: justify;\"><em>(Album jeunesse) <strong><span style=\"text-decoration: underline;\">1,2,3&#8230;On est tous des cats!<\/span><\/strong> de Caroline Stutson et Jon Klassen \u2665<\/em><\/li>\n<\/ul>\n<p style=\"text-align: justify;\"><em><a href=\"https:\/\/i0.wp.com\/www.jojoenherbe.com\/wp-content\/uploads\/2022\/09\/123...On-est-tous-des-cats-scaled.jpg\"><img data-recalc-dims=\"1\" loading=\"lazy\" decoding=\"async\" data-attachment-id=\"27364\" data-permalink=\"http:\/\/www.jojoenherbe.com\/index.php\/2022\/08\/29\/point-lecture-hebdomadaire-56\/123-on-est-tous-des-cats\/\" data-orig-file=\"https:\/\/i0.wp.com\/www.jojoenherbe.com\/wp-content\/uploads\/2022\/09\/123...On-est-tous-des-cats-scaled.jpg?fit=2560%2C2082\" data-orig-size=\"2560,2082\" data-comments-opened=\"1\" data-image-meta=\"{&quot;aperture&quot;:&quot;1.8&quot;,&quot;credit&quot;:&quot;&quot;,&quot;camera&quot;:&quot;iPhone 7&quot;,&quot;caption&quot;:&quot;&quot;,&quot;created_timestamp&quot;:&quot;1662485923&quot;,&quot;copyright&quot;:&quot;&quot;,&quot;focal_length&quot;:&quot;3.99&quot;,&quot;iso&quot;:&quot;100&quot;,&quot;shutter_speed&quot;:&quot;0.16666666666667&quot;,&quot;title&quot;:&quot;&quot;,&quot;orientation&quot;:&quot;1&quot;}\" data-image-title=\"1,2,3&amp;#8230;On est tous des cats!\" data-image-description=\"\" data-image-caption=\"\" data-large-file=\"https:\/\/i0.wp.com\/www.jojoenherbe.com\/wp-content\/uploads\/2022\/09\/123...On-est-tous-des-cats-scaled.jpg?fit=676%2C550\" class=\"size-thumbnail wp-image-27364 alignright\" src=\"https:\/\/i0.wp.com\/www.jojoenherbe.com\/wp-content\/uploads\/2022\/09\/123...On-est-tous-des-cats.jpg?resize=150%2C150\" alt=\"\" width=\"150\" height=\"150\" srcset=\"https:\/\/i0.wp.com\/www.jojoenherbe.com\/wp-content\/uploads\/2022\/09\/123...On-est-tous-des-cats-scaled.jpg?resize=150%2C150 150w, https:\/\/i0.wp.com\/www.jojoenherbe.com\/wp-content\/uploads\/2022\/09\/123...On-est-tous-des-cats-scaled.jpg?zoom=2&amp;resize=150%2C150 300w, https:\/\/i0.wp.com\/www.jojoenherbe.com\/wp-content\/uploads\/2022\/09\/123...On-est-tous-des-cats-scaled.jpg?zoom=3&amp;resize=150%2C150 450w\" sizes=\"auto, (max-width: 150px) 100vw, 150px\" \/><\/a>Nous lisons et relisons <span style=\"text-decoration: underline;\">1,2,3&#8230;On est tous des cats!<\/span> de Caroline Stutson et Jon Klassen (\u00e9d. Little Urban, 2015), un album jeunesse \u00e0 partir de 3\/4 ans. A la nuit tomb\u00e9e, un couple de chats commence \u00e0 danser. Coup de c\u0153ur pour cet album jeunesse tout en rimes et en musique qui permet de compter de deux en deux jusqu&rsquo;\u00e0 20 et magnifiquement illustr\u00e9, dans une ambiance musicale rappelant Broadway et le film <span style=\"text-decoration: underline;\">West Side Story<\/span> de 1961 (m\u00eame si parfois les illustrations sont un peu trop sombres pour bien voir tous les d\u00e9tails)!<\/em><\/p>\n<ul>\n<li style=\"text-align: justify;\"><em>(Album jeunesse) <strong><span style=\"text-decoration: underline;\">Entre chats<\/span><\/strong> de Claire Zucchelli-Romer et Amandine Delaunay\u00a0<\/em><\/li>\n<\/ul>\n<p style=\"text-align: justify;\"><em><a href=\"https:\/\/i0.wp.com\/www.jojoenherbe.com\/wp-content\/uploads\/2022\/09\/Entre-chats-scaled.jpg\"><img data-recalc-dims=\"1\" loading=\"lazy\" decoding=\"async\" data-attachment-id=\"27367\" data-permalink=\"http:\/\/www.jojoenherbe.com\/index.php\/2022\/08\/29\/point-lecture-hebdomadaire-56\/entre-chats\/\" data-orig-file=\"https:\/\/i0.wp.com\/www.jojoenherbe.com\/wp-content\/uploads\/2022\/09\/Entre-chats-scaled.jpg?fit=2560%2C1871\" data-orig-size=\"2560,1871\" data-comments-opened=\"1\" data-image-meta=\"{&quot;aperture&quot;:&quot;1.8&quot;,&quot;credit&quot;:&quot;&quot;,&quot;camera&quot;:&quot;iPhone 7&quot;,&quot;caption&quot;:&quot;&quot;,&quot;created_timestamp&quot;:&quot;1662485914&quot;,&quot;copyright&quot;:&quot;&quot;,&quot;focal_length&quot;:&quot;3.99&quot;,&quot;iso&quot;:&quot;100&quot;,&quot;shutter_speed&quot;:&quot;0.090909090909091&quot;,&quot;title&quot;:&quot;&quot;,&quot;orientation&quot;:&quot;1&quot;}\" data-image-title=\"Entre chats\" data-image-description=\"\" data-image-caption=\"\" data-large-file=\"https:\/\/i0.wp.com\/www.jojoenherbe.com\/wp-content\/uploads\/2022\/09\/Entre-chats-scaled.jpg?fit=676%2C494\" class=\"alignleft size-thumbnail wp-image-27367\" src=\"https:\/\/i0.wp.com\/www.jojoenherbe.com\/wp-content\/uploads\/2022\/09\/Entre-chats.jpg?resize=150%2C150\" alt=\"\" width=\"150\" height=\"150\" srcset=\"https:\/\/i0.wp.com\/www.jojoenherbe.com\/wp-content\/uploads\/2022\/09\/Entre-chats-scaled.jpg?resize=150%2C150 150w, https:\/\/i0.wp.com\/www.jojoenherbe.com\/wp-content\/uploads\/2022\/09\/Entre-chats-scaled.jpg?zoom=2&amp;resize=150%2C150 300w, https:\/\/i0.wp.com\/www.jojoenherbe.com\/wp-content\/uploads\/2022\/09\/Entre-chats-scaled.jpg?zoom=3&amp;resize=150%2C150 450w\" sizes=\"auto, (max-width: 150px) 100vw, 150px\" \/><\/a>Nous lisons <span style=\"text-decoration: underline;\">Entre chats<\/span> de Claire Zucchelli-Romer et Amandine Delaunay (\u00e9d. Mango Jeunesse, un album jeunesse au format \u00e0 l&rsquo;italienne avec un fil jaune reliant deux chats et \u00e0 partir de 3 ans. Noir et Blanc se r\u00e9veillent et se rapprochent petit \u00e0 petit en s&rsquo;amusant avec un fil. Comment cela va-t-il se terminer? Un album jeunesse tout mignon qui ravira tous les enfants qui adorent les chats!<\/em><\/p>\n<ul>\n<li style=\"text-align: justify;\"><em>(BD jeunesse) <strong><span style=\"text-decoration: underline;\">Pilu des bois<\/span><\/strong> de Mai K. Nguyen<\/em><\/li>\n<\/ul>\n<p style=\"text-align: justify;\"><em><a href=\"https:\/\/i0.wp.com\/www.jojoenherbe.com\/wp-content\/uploads\/2022\/09\/Pilu-des-bois-scaled.jpg\"><img data-recalc-dims=\"1\" loading=\"lazy\" decoding=\"async\" data-attachment-id=\"27361\" data-permalink=\"http:\/\/www.jojoenherbe.com\/index.php\/2022\/08\/29\/point-lecture-hebdomadaire-56\/pilu-des-bois\/\" data-orig-file=\"https:\/\/i0.wp.com\/www.jojoenherbe.com\/wp-content\/uploads\/2022\/09\/Pilu-des-bois-scaled.jpg?fit=2560%2C1958\" data-orig-size=\"2560,1958\" data-comments-opened=\"1\" data-image-meta=\"{&quot;aperture&quot;:&quot;1.8&quot;,&quot;credit&quot;:&quot;&quot;,&quot;camera&quot;:&quot;iPhone 7&quot;,&quot;caption&quot;:&quot;&quot;,&quot;created_timestamp&quot;:&quot;1662485929&quot;,&quot;copyright&quot;:&quot;&quot;,&quot;focal_length&quot;:&quot;3.99&quot;,&quot;iso&quot;:&quot;100&quot;,&quot;shutter_speed&quot;:&quot;0.1&quot;,&quot;title&quot;:&quot;&quot;,&quot;orientation&quot;:&quot;1&quot;}\" data-image-title=\"Pilu des bois\" data-image-description=\"\" data-image-caption=\"\" data-large-file=\"https:\/\/i0.wp.com\/www.jojoenherbe.com\/wp-content\/uploads\/2022\/09\/Pilu-des-bois-scaled.jpg?fit=676%2C517\" class=\"size-thumbnail wp-image-27361 alignright\" src=\"https:\/\/i0.wp.com\/www.jojoenherbe.com\/wp-content\/uploads\/2022\/09\/Pilu-des-bois.jpg?resize=150%2C150\" alt=\"\" width=\"150\" height=\"150\" srcset=\"https:\/\/i0.wp.com\/www.jojoenherbe.com\/wp-content\/uploads\/2022\/09\/Pilu-des-bois-scaled.jpg?resize=150%2C150 150w, https:\/\/i0.wp.com\/www.jojoenherbe.com\/wp-content\/uploads\/2022\/09\/Pilu-des-bois-scaled.jpg?zoom=2&amp;resize=150%2C150 300w, https:\/\/i0.wp.com\/www.jojoenherbe.com\/wp-content\/uploads\/2022\/09\/Pilu-des-bois-scaled.jpg?zoom=3&amp;resize=150%2C150 450w\" sizes=\"auto, (max-width: 150px) 100vw, 150px\" \/><\/a>J&rsquo;ai lu <span style=\"text-decoration: underline;\">Pilu des bois<\/span> de Mai K. Nguyen (\u00e9d. Kinaye, coll. Graphic Kids, 2021, 160 pages), une BD jeunesse \u00e0 partir de 9 ans. Apr\u00e8s le d\u00e9c\u00e8s de sa m\u00e8re, Willow a d\u00fb mal \u00e0 g\u00e9rer son deuil, se laissant submerg\u00e9e par la col\u00e8re et le chagrin. Apr\u00e8s une \u00e9ni\u00e8me dispute avec sa grande s\u0153ur, la jeune fille s&rsquo;enfuit dans les bois avec son chien Chicor\u00e9e. Elle rencontre alors Pilu, une petite f\u00e9e des bois qui s&rsquo;est disput\u00e9e avec sa m\u00e8re et qui ne sait pas comment rentrer chez elle. Willow comprend tr\u00e8s vite que Pilu habite le bosquet de magnolias o\u00f9 elle allait avec sa m\u00e8re. La jeune fille parviendra-t-elle \u00e0 ma\u00eetriser ses \u00e9motions, faire face \u00e0 son chagrin et ramener saine et sauve Pilu chez elle? Il y est question de deuil, d&rsquo;amiti\u00e9 et de nature. Un tr\u00e8s bon moment de lecture avec cette BD jeunesse tout en douceur et bienveillance!<\/em><\/p>\n<ul>\n<li style=\"text-align: justify;\"><em>(Roman ado dystopique) <strong><span style=\"text-decoration: underline;\">D\u00e9m\u00e9-Ter Les trois couronnes, Le corbeau blanc<\/span><\/strong> de Jo Colleen <strong>(T1)<\/strong><\/em><\/li>\n<\/ul>\n<p style=\"text-align: justify;\"><em> <a href=\"https:\/\/i0.wp.com\/www.jojoenherbe.com\/wp-content\/uploads\/2022\/09\/Le-corbeau-blanc-T1.jpg\"><img data-recalc-dims=\"1\" loading=\"lazy\" decoding=\"async\" data-attachment-id=\"27353\" data-permalink=\"http:\/\/www.jojoenherbe.com\/index.php\/2022\/08\/29\/point-lecture-hebdomadaire-56\/le-corbeau-blanc-t1\/\" data-orig-file=\"https:\/\/i0.wp.com\/www.jojoenherbe.com\/wp-content\/uploads\/2022\/09\/Le-corbeau-blanc-T1.jpg?fit=750%2C1334\" data-orig-size=\"750,1334\" data-comments-opened=\"1\" data-image-meta=\"{&quot;aperture&quot;:&quot;0&quot;,&quot;credit&quot;:&quot;&quot;,&quot;camera&quot;:&quot;&quot;,&quot;caption&quot;:&quot;&quot;,&quot;created_timestamp&quot;:&quot;0&quot;,&quot;copyright&quot;:&quot;&quot;,&quot;focal_length&quot;:&quot;0&quot;,&quot;iso&quot;:&quot;0&quot;,&quot;shutter_speed&quot;:&quot;0&quot;,&quot;title&quot;:&quot;&quot;,&quot;orientation&quot;:&quot;0&quot;}\" data-image-title=\"Le corbeau blanc T1\" data-image-description=\"\" data-image-caption=\"\" data-large-file=\"https:\/\/i0.wp.com\/www.jojoenherbe.com\/wp-content\/uploads\/2022\/09\/Le-corbeau-blanc-T1.jpg?fit=576%2C1024\" class=\"alignleft size-thumbnail wp-image-27353\" src=\"https:\/\/i0.wp.com\/www.jojoenherbe.com\/wp-content\/uploads\/2022\/09\/Le-corbeau-blanc-T1.jpg?resize=150%2C150\" alt=\"\" width=\"150\" height=\"150\" srcset=\"https:\/\/i0.wp.com\/www.jojoenherbe.com\/wp-content\/uploads\/2022\/09\/Le-corbeau-blanc-T1.jpg?resize=150%2C150 150w, https:\/\/i0.wp.com\/www.jojoenherbe.com\/wp-content\/uploads\/2022\/09\/Le-corbeau-blanc-T1.jpg?zoom=2&amp;resize=150%2C150 300w, https:\/\/i0.wp.com\/www.jojoenherbe.com\/wp-content\/uploads\/2022\/09\/Le-corbeau-blanc-T1.jpg?zoom=3&amp;resize=150%2C150 450w\" sizes=\"auto, (max-width: 150px) 100vw, 150px\" \/><\/a>J&rsquo;ai lu en e-book le premier tome de D\u00e9m\u00e9-Ter Les trois couronnes, Le corbeau blanc de Jo Colleen (\u00e9d. Autod\u00e9dition, 2022, 395 pages), un roman dystopique pour adolescents, \u00e0 partir de 16 ans. Diane est une esclave et la dame de compagnie d&rsquo;Ath\u00e9na\u00efs, fille de la noblesse de D\u00e9m\u00e9-Ouest. Elle se retrouve condamn\u00e9e aux Ar\u00e8nes, apr\u00e8s avoir tent\u00e9 de r\u00e9cup\u00e9rer aupr\u00e8s d&rsquo;un jeune voleur citoyen, Gal\u00e8ne, le cadeau de mariage de sa ma\u00eetresse.\u00a0<\/em> <em>J&rsquo;ai appr\u00e9ci\u00e9 me plonger dans cet univers dystopique, r\u00e9trofuturiste et original, l&rsquo;autrice ayant m\u00e9lang\u00e9 steampunk, \u00e9poque victorienne, magie et \u00e9poque gallo-romaine. Un tr\u00e8s bon moment de lecture! Au vu de la fin de ce premier tome, je lirai avec plaisir le suivant lorsqu&rsquo;il sera paru pour en savoir plus sur le sort r\u00e9serv\u00e9 \u00e0 Diane et ses amis.<\/em><\/p>\n<p><em><span style=\"text-decoration: underline;\">Des lectures adulte<\/span>:<\/em><\/p>\n<p style=\"text-align: justify;\"><em>Parmi les romans adultes que j\u2019ai lus cette semaine, je ne parlerai dans ce billet que de certains.<\/em><\/p>\n<ul>\n<li><em>(Romance historique) <span style=\"text-decoration: underline;\"><strong>Miss catastrophe<\/strong><\/span> de Mary Balogh<\/em><\/li>\n<\/ul>\n<p style=\"text-align: justify;\"><em><a href=\"https:\/\/i0.wp.com\/www.jojoenherbe.com\/wp-content\/uploads\/2022\/09\/Miss-catastrophe.jpg\"><img data-recalc-dims=\"1\" loading=\"lazy\" decoding=\"async\" data-attachment-id=\"27316\" data-permalink=\"http:\/\/www.jojoenherbe.com\/index.php\/2022\/08\/29\/point-lecture-hebdomadaire-56\/miss-catastrophe-2\/\" data-orig-file=\"https:\/\/i0.wp.com\/www.jojoenherbe.com\/wp-content\/uploads\/2022\/09\/Miss-catastrophe.jpg?fit=750%2C1334\" data-orig-size=\"750,1334\" data-comments-opened=\"1\" data-image-meta=\"{&quot;aperture&quot;:&quot;0&quot;,&quot;credit&quot;:&quot;&quot;,&quot;camera&quot;:&quot;&quot;,&quot;caption&quot;:&quot;&quot;,&quot;created_timestamp&quot;:&quot;0&quot;,&quot;copyright&quot;:&quot;&quot;,&quot;focal_length&quot;:&quot;0&quot;,&quot;iso&quot;:&quot;0&quot;,&quot;shutter_speed&quot;:&quot;0&quot;,&quot;title&quot;:&quot;&quot;,&quot;orientation&quot;:&quot;0&quot;}\" data-image-title=\"Miss catastrophe\" data-image-description=\"\" data-image-caption=\"\" data-large-file=\"https:\/\/i0.wp.com\/www.jojoenherbe.com\/wp-content\/uploads\/2022\/09\/Miss-catastrophe.jpg?fit=576%2C1024\" class=\"size-thumbnail wp-image-27316 alignright\" src=\"https:\/\/i0.wp.com\/www.jojoenherbe.com\/wp-content\/uploads\/2022\/09\/Miss-catastrophe.jpg?resize=150%2C150\" alt=\"\" width=\"150\" height=\"150\" srcset=\"https:\/\/i0.wp.com\/www.jojoenherbe.com\/wp-content\/uploads\/2022\/09\/Miss-catastrophe.jpg?resize=150%2C150 150w, https:\/\/i0.wp.com\/www.jojoenherbe.com\/wp-content\/uploads\/2022\/09\/Miss-catastrophe.jpg?zoom=2&amp;resize=150%2C150 300w, https:\/\/i0.wp.com\/www.jojoenherbe.com\/wp-content\/uploads\/2022\/09\/Miss-catastrophe.jpg?zoom=3&amp;resize=150%2C150 450w\" sizes=\"auto, (max-width: 150px) 100vw, 150px\" \/><\/a>J&rsquo;ai lu en e-book <span style=\"text-decoration: underline;\">Miss catastrophe<\/span> de Mary Balogh (\u00e9d. J&rsquo;ai lu, coll. Regency, 2022, 318 pages), une romance historique parue pour la premi\u00e8re fois en 1990 et qui se d\u00e9roule \u00e0 l&rsquo;\u00e9poque de la R\u00e9gence anglaise. Refusant le mariage arrang\u00e9 par son p\u00e8re avec le duc de Mitford, Jos\u00e9phine s&rsquo;enfuit du domaine familial la veille de leur premi\u00e8re rencontre. Bloqu\u00e9e pour la nuit dans une auberge, elle est secourue par Paul Villiers. Un vaudeville gentillet dans lequel le ressort dramatique joue sur le caract\u00e8re bien \u00e9cervel\u00e9 de la jeune femme qui va suivre un homme qu&rsquo;elle ne conna\u00eet pas (et qui se r\u00e9v\u00e8lera \u00eatre son futur fianc\u00e9) pour pr\u00e9server sa r\u00e9putation d&rsquo;un autre homme qui l&rsquo;a enlev\u00e9e et qui lui a vol\u00e9 ses bijoux! Je m&rsquo;attendais \u00e0 une romance plus rigolote et plus pouss\u00e9e dans le style \u00ab\u00a0ennemies to lovers\u00a0\u00bb \u00e0 la lecture de la 4e de couverture mais \u00e7a n&rsquo;a pas \u00e9t\u00e9 le cas.<br \/>\n<\/em><\/p>\n<ul>\n<li style=\"text-align: justify;\"><em>(Cosy Mystery) <span style=\"text-decoration: underline;\"><strong>Billie Biverlack enqu\u00eate, L&rsquo;affaire du Petit-Popelin<\/strong><\/span> de Katy-Lynn C\u00e9nac <strong>(T1)<\/strong><br \/>\n<\/em><\/li>\n<\/ul>\n<p style=\"text-align: justify;\"><em><a href=\"https:\/\/i0.wp.com\/www.jojoenherbe.com\/wp-content\/uploads\/2022\/09\/Laffaire-du-Petit-Popelin.jpg\"><img data-recalc-dims=\"1\" loading=\"lazy\" decoding=\"async\" data-attachment-id=\"27321\" data-permalink=\"http:\/\/www.jojoenherbe.com\/index.php\/2022\/08\/29\/point-lecture-hebdomadaire-56\/laffaire-du-petit-popelin\/\" data-orig-file=\"https:\/\/i0.wp.com\/www.jojoenherbe.com\/wp-content\/uploads\/2022\/09\/Laffaire-du-Petit-Popelin.jpg?fit=750%2C1334\" data-orig-size=\"750,1334\" data-comments-opened=\"1\" data-image-meta=\"{&quot;aperture&quot;:&quot;0&quot;,&quot;credit&quot;:&quot;&quot;,&quot;camera&quot;:&quot;&quot;,&quot;caption&quot;:&quot;&quot;,&quot;created_timestamp&quot;:&quot;0&quot;,&quot;copyright&quot;:&quot;&quot;,&quot;focal_length&quot;:&quot;0&quot;,&quot;iso&quot;:&quot;0&quot;,&quot;shutter_speed&quot;:&quot;0&quot;,&quot;title&quot;:&quot;&quot;,&quot;orientation&quot;:&quot;0&quot;}\" data-image-title=\"L&amp;rsquo;affaire du Petit-Popelin\" data-image-description=\"\" data-image-caption=\"\" data-large-file=\"https:\/\/i0.wp.com\/www.jojoenherbe.com\/wp-content\/uploads\/2022\/09\/Laffaire-du-Petit-Popelin.jpg?fit=576%2C1024\" class=\"alignleft size-thumbnail wp-image-27321\" src=\"https:\/\/i0.wp.com\/www.jojoenherbe.com\/wp-content\/uploads\/2022\/09\/Laffaire-du-Petit-Popelin.jpg?resize=150%2C150\" alt=\"\" width=\"150\" height=\"150\" srcset=\"https:\/\/i0.wp.com\/www.jojoenherbe.com\/wp-content\/uploads\/2022\/09\/Laffaire-du-Petit-Popelin.jpg?resize=150%2C150 150w, https:\/\/i0.wp.com\/www.jojoenherbe.com\/wp-content\/uploads\/2022\/09\/Laffaire-du-Petit-Popelin.jpg?zoom=2&amp;resize=150%2C150 300w, https:\/\/i0.wp.com\/www.jojoenherbe.com\/wp-content\/uploads\/2022\/09\/Laffaire-du-Petit-Popelin.jpg?zoom=3&amp;resize=150%2C150 450w\" sizes=\"auto, (max-width: 150px) 100vw, 150px\" \/><\/a>J&rsquo;ai lu en e-book la premi\u00e8re enqu\u00eate de Billie Biverlack, <span style=\"text-decoration: underline;\">L&rsquo;affaire du Petit-Popelin<\/span> de Katy-Lynn C\u00e9nac (\u00e9d. Auto\u00e9dition, 2022, 348 pages), un cosy mystery se passant \u00e0 l&rsquo;\u00e9poque contemporaine, sur l&rsquo;\u00eele d&rsquo;Omerton. Jeune anglaise de 23 ans expatri\u00e9e par ses parents chez sa tante Mimi \u00e0 Saint-Charme, Billie se retrouve m\u00eal\u00e9e d\u00e8s son arriv\u00e9e aux meurtres de ses voisins. De nature tr\u00e8s curieuse, elle d\u00e9cide d&rsquo;enqu\u00eater au grand dam du jeune capitaine de 28 ans en charge de l&rsquo;affaire, Willem Edelmond. <\/em><em>Dans ce premier tome, l&rsquo;autrice a introduit de nombreux personnages habitant la petite bourgade de Saint-Charme au point que tr\u00e8s souvent, l&rsquo;\u00e9criture perdait en fluidit\u00e9. Un bon moment de lecture dans l&rsquo;ensemble! La fin de ce premier tome annonce un nouveau crime. Je suis curieuse de d\u00e9couvrir cette nouvelle enqu\u00eate et de voir la romance s&rsquo;installer entre la jeune femme et le capitaine.<\/em><\/p>\n<ul>\n<li style=\"text-align: justify;\"><em>(Romance urban fantasy) <strong><span style=\"text-decoration: underline;\">Les tribulations d&rsquo;une p\u00e2tissi\u00e8re, Surnaturel &amp; brioche cannelle<\/span><\/strong> de Bones Vercetti <strong>(T4)<\/strong><\/em><\/li>\n<\/ul>\n<p style=\"text-align: justify;\"><em><a href=\"https:\/\/i0.wp.com\/www.jojoenherbe.com\/wp-content\/uploads\/2022\/09\/Les-tribulations-dune-patissiere-T4.jpg\"><img data-recalc-dims=\"1\" loading=\"lazy\" decoding=\"async\" data-attachment-id=\"27325\" data-permalink=\"http:\/\/www.jojoenherbe.com\/index.php\/2022\/08\/29\/point-lecture-hebdomadaire-56\/les-tribulations-dune-patissiere-t4\/\" data-orig-file=\"https:\/\/i0.wp.com\/www.jojoenherbe.com\/wp-content\/uploads\/2022\/09\/Les-tribulations-dune-patissiere-T4.jpg?fit=750%2C1334\" data-orig-size=\"750,1334\" data-comments-opened=\"1\" data-image-meta=\"{&quot;aperture&quot;:&quot;0&quot;,&quot;credit&quot;:&quot;&quot;,&quot;camera&quot;:&quot;&quot;,&quot;caption&quot;:&quot;&quot;,&quot;created_timestamp&quot;:&quot;0&quot;,&quot;copyright&quot;:&quot;&quot;,&quot;focal_length&quot;:&quot;0&quot;,&quot;iso&quot;:&quot;0&quot;,&quot;shutter_speed&quot;:&quot;0&quot;,&quot;title&quot;:&quot;&quot;,&quot;orientation&quot;:&quot;0&quot;}\" data-image-title=\"Les tribulations d&amp;rsquo;une p\u00e2tissi\u00e8re T4\" data-image-description=\"\" data-image-caption=\"\" data-large-file=\"https:\/\/i0.wp.com\/www.jojoenherbe.com\/wp-content\/uploads\/2022\/09\/Les-tribulations-dune-patissiere-T4.jpg?fit=576%2C1024\" class=\"size-thumbnail wp-image-27325 alignright\" src=\"https:\/\/i0.wp.com\/www.jojoenherbe.com\/wp-content\/uploads\/2022\/09\/Les-tribulations-dune-patissiere-T4.jpg?resize=150%2C150\" alt=\"\" width=\"150\" height=\"150\" srcset=\"https:\/\/i0.wp.com\/www.jojoenherbe.com\/wp-content\/uploads\/2022\/09\/Les-tribulations-dune-patissiere-T4.jpg?resize=150%2C150 150w, https:\/\/i0.wp.com\/www.jojoenherbe.com\/wp-content\/uploads\/2022\/09\/Les-tribulations-dune-patissiere-T4.jpg?zoom=2&amp;resize=150%2C150 300w, https:\/\/i0.wp.com\/www.jojoenherbe.com\/wp-content\/uploads\/2022\/09\/Les-tribulations-dune-patissiere-T4.jpg?zoom=3&amp;resize=150%2C150 450w\" sizes=\"auto, (max-width: 150px) 100vw, 150px\" \/><\/a>Apr\u00e8s \u00eatre rest\u00e9e en plein suspens fin mai avec la fin du tome 3, j&rsquo;ai lu en e-book le quatri\u00e8me et derni\u00e8re tome des <span style=\"text-decoration: underline;\">Tribulations d&rsquo;une p\u00e2tissi\u00e8re, Surnaturel &amp; brioche cannelle<\/span> de Bones Vercetti (\u00e9d. Auto\u00e9dition, 2022, 254 pages), une romance d\u2019urban fantasy. L&rsquo;histoire reprend quelques mois apr\u00e8s les \u00e9v\u00e9nements du tome pr\u00e9c\u00e9dent, Lola se remettant difficilement du d\u00e9c\u00e8s suppos\u00e9 de Fergus\u00a0 aupr\u00e8s des selkies, Erwann \u00e9tant pris dans la proc\u00e9dure de garde de son fils Landon. Mais une menace plane toujours, Baba Yaga ayant besoin des capacit\u00e9s d&rsquo;\u00e9l\u00e9mentaire de Lola. Un bon moment de lecture plac\u00e9 sous le signe de l&rsquo;action non d\u00e9nu\u00e9e d&rsquo;humour! <\/em><\/p>\n<ul>\n<li style=\"text-align: justify;\"><em>(Cosy Mystery) <strong><span style=\"text-decoration: underline;\">Meurtre \u00e0 l&rsquo;anglaise<\/span><\/strong> de Verity Bright <strong>(T1)<\/strong><\/em><\/li>\n<\/ul>\n<p style=\"text-align: justify;\"><em><a href=\"https:\/\/i0.wp.com\/www.jojoenherbe.com\/wp-content\/uploads\/2022\/09\/Meurtre-a-langlaise-2-scaled.jpg\"><img data-recalc-dims=\"1\" loading=\"lazy\" decoding=\"async\" data-attachment-id=\"27341\" data-permalink=\"http:\/\/www.jojoenherbe.com\/index.php\/2022\/08\/29\/point-lecture-hebdomadaire-56\/meurtre-a-langlaise-2\/\" data-orig-file=\"https:\/\/i0.wp.com\/www.jojoenherbe.com\/wp-content\/uploads\/2022\/09\/Meurtre-a-langlaise-2-scaled.jpg?fit=2560%2C2241\" data-orig-size=\"2560,2241\" data-comments-opened=\"1\" data-image-meta=\"{&quot;aperture&quot;:&quot;1.8&quot;,&quot;credit&quot;:&quot;&quot;,&quot;camera&quot;:&quot;iPhone 7&quot;,&quot;caption&quot;:&quot;&quot;,&quot;created_timestamp&quot;:&quot;1662480230&quot;,&quot;copyright&quot;:&quot;&quot;,&quot;focal_length&quot;:&quot;3.99&quot;,&quot;iso&quot;:&quot;100&quot;,&quot;shutter_speed&quot;:&quot;0.071428571428571&quot;,&quot;title&quot;:&quot;&quot;,&quot;orientation&quot;:&quot;1&quot;}\" data-image-title=\"Meurtre \u00e0 l&amp;rsquo;anglaise (2)\" data-image-description=\"\" data-image-caption=\"\" data-large-file=\"https:\/\/i0.wp.com\/www.jojoenherbe.com\/wp-content\/uploads\/2022\/09\/Meurtre-a-langlaise-2-scaled.jpg?fit=676%2C592\" class=\"alignleft size-thumbnail wp-image-27341\" src=\"https:\/\/i0.wp.com\/www.jojoenherbe.com\/wp-content\/uploads\/2022\/09\/Meurtre-a-langlaise-2.jpg?resize=150%2C150\" alt=\"\" width=\"150\" height=\"150\" srcset=\"https:\/\/i0.wp.com\/www.jojoenherbe.com\/wp-content\/uploads\/2022\/09\/Meurtre-a-langlaise-2-scaled.jpg?resize=150%2C150 150w, https:\/\/i0.wp.com\/www.jojoenherbe.com\/wp-content\/uploads\/2022\/09\/Meurtre-a-langlaise-2-scaled.jpg?zoom=2&amp;resize=150%2C150 300w, https:\/\/i0.wp.com\/www.jojoenherbe.com\/wp-content\/uploads\/2022\/09\/Meurtre-a-langlaise-2-scaled.jpg?zoom=3&amp;resize=150%2C150 450w\" sizes=\"auto, (max-width: 150px) 100vw, 150px\" \/><\/a>J&rsquo;ai lu samedi le tome 1 des enqu\u00eates d&rsquo;Eleonor Swift, <a href=\"https:\/\/www.jojoenherbe.com\/index.php\/2022\/09\/02\/au-fil-des-pages-avec-meurtre-a-langlaise\/\"><span style=\"text-decoration: underline;\">Meurtre \u00e0 l&rsquo;anglaise<\/span><\/a> de Verity Bright (\u00e9d. City Editions, 2022, 349 pages), un cosy mystery se d\u00e9roulant en Angleterre en 1920. <\/em><em>Apr\u00e8s le d\u00e9c\u00e8s de son oncle, Eleonor Swift, une jeune veuve \u00e2g\u00e9e de 29 ans rentre en Angleterre, apr\u00e8s avoir pass\u00e9 de nombreuses ann\u00e9es \u00e0 parcourir le monde. Elle a en effet h\u00e9rit\u00e9 du vieux manoir familial, Henley Hall. D\u00e8s sa premi\u00e8re soir\u00e9e, elle surprend le meurtre d&rsquo;un homme dans une carri\u00e8re adjacente au manoir. Mais lorsqu&rsquo;elle revient sur les lieux du meurtre, il n&rsquo;y a ni cadavre ni \u00e9l\u00e9ment ou trace appuyant ces faits. La police ne la prend pas au s\u00e9rieux. La jeune lady d\u00e9cide d&rsquo;enqu\u00eater avec l&rsquo;aide de l&rsquo;ancien majordome de son oncle, Clifford qui est rest\u00e9 \u00e0 son service.<\/em><\/p>\n<p style=\"text-align: justify;\"><em>Un tr\u00e8s bon moment de lecture avec ce duo attachant et original entre une jeune lady et son majordome! Quant \u00e0 la romance, elle ne prend pas le pas sur l&rsquo;enqu\u00eate, la jeune femme \u00e9tant sous le charme du jeune lord Lancelot Fenwick Langham m\u00eame si je la verrais bien avec le commissaire divisionnaire Seldon dont on ne sait que peu de choses, m\u00eame pas son pr\u00e9nom, seulement qu&rsquo;il est beau et tr\u00e8s grand. J&rsquo;ai h\u00e2te de lire les tomes suivants, le tome 2 <span style=\"text-decoration: underline;\">Mortelle Mascarade<\/span> (\u00e9d. City Editions, 2022, 304 pages) \u00e9tant d\u00e9j\u00e0 paru en fran\u00e7ais. En effet, ce couple d&rsquo;auteurs a d\u00e9j\u00e0 \u00e9crit sous ce pseudonyme une dizaine d&rsquo;histoires qui n&rsquo;ont pas encore \u00e9t\u00e9 toutes traduites.\u00a0<\/em><\/p>\n<p><strong><span style=\"text-decoration: underline;\">Ma lecture en cours<\/span>:<\/strong><\/p>\n<p style=\"text-align: justify;\"><em>(Roman policier) <strong><span style=\"text-decoration: underline;\">Brasier, h\u00e9ritage et coup du sort<\/span><\/strong> d&rsquo;Ann Granger <strong>(T3)<\/strong><\/em><\/p>\n<p style=\"text-align: justify;\"><em><a href=\"https:\/\/i0.wp.com\/www.jojoenherbe.com\/wp-content\/uploads\/2022\/09\/Brasier-heritage-et-coup-du-sort-scaled.jpg\"><img data-recalc-dims=\"1\" loading=\"lazy\" decoding=\"async\" data-attachment-id=\"27340\" data-permalink=\"http:\/\/www.jojoenherbe.com\/index.php\/2022\/08\/29\/point-lecture-hebdomadaire-56\/brasier-heritage-et-coup-du-sort\/\" data-orig-file=\"https:\/\/i0.wp.com\/www.jojoenherbe.com\/wp-content\/uploads\/2022\/09\/Brasier-heritage-et-coup-du-sort-scaled.jpg?fit=2560%2C1917\" data-orig-size=\"2560,1917\" data-comments-opened=\"1\" data-image-meta=\"{&quot;aperture&quot;:&quot;1.8&quot;,&quot;credit&quot;:&quot;&quot;,&quot;camera&quot;:&quot;iPhone 7&quot;,&quot;caption&quot;:&quot;&quot;,&quot;created_timestamp&quot;:&quot;1662480276&quot;,&quot;copyright&quot;:&quot;&quot;,&quot;focal_length&quot;:&quot;3.99&quot;,&quot;iso&quot;:&quot;100&quot;,&quot;shutter_speed&quot;:&quot;0.071428571428571&quot;,&quot;title&quot;:&quot;&quot;,&quot;orientation&quot;:&quot;1&quot;}\" data-image-title=\"Brasier, h\u00e9ritage et coup du sort\" data-image-description=\"\" data-image-caption=\"\" data-large-file=\"https:\/\/i0.wp.com\/www.jojoenherbe.com\/wp-content\/uploads\/2022\/09\/Brasier-heritage-et-coup-du-sort-scaled.jpg?fit=676%2C506\" class=\"size-thumbnail wp-image-27340 alignright\" src=\"https:\/\/i0.wp.com\/www.jojoenherbe.com\/wp-content\/uploads\/2022\/09\/Brasier-heritage-et-coup-du-sort.jpg?resize=150%2C150\" alt=\"\" width=\"150\" height=\"150\" srcset=\"https:\/\/i0.wp.com\/www.jojoenherbe.com\/wp-content\/uploads\/2022\/09\/Brasier-heritage-et-coup-du-sort-scaled.jpg?resize=150%2C150 150w, https:\/\/i0.wp.com\/www.jojoenherbe.com\/wp-content\/uploads\/2022\/09\/Brasier-heritage-et-coup-du-sort-scaled.jpg?zoom=2&amp;resize=150%2C150 300w, https:\/\/i0.wp.com\/www.jojoenherbe.com\/wp-content\/uploads\/2022\/09\/Brasier-heritage-et-coup-du-sort-scaled.jpg?zoom=3&amp;resize=150%2C150 450w\" sizes=\"auto, (max-width: 150px) 100vw, 150px\" \/><\/a>J&rsquo;ai lu jusqu&rsquo;au chapitre 9 (123 pages lues) le tome 3 de la s\u00e9rie livresque Campbell et Carter, <span style=\"text-decoration: underline;\">Brasier, h\u00e9ritage et coup du sort<\/span> d&rsquo;Ann Granger (\u00e9d. 10\/18, coll. Grands D\u00e9tectives, 2022, 377 pages), un roman policier paru pour la premi\u00e8re fois en 2013. Un cadavre est retrouv\u00e9 dans les d\u00e9combres de l&rsquo;incendie qui a d\u00e9truit Key House, le manoir abandonn\u00e9 appartenant \u00e0 Gervase Crown. Est-ce lui la victime? Jess Campbell et Ian Carter m\u00e8nent l&rsquo;enqu\u00eate.<br \/>\n<\/em><\/p>\n<p style=\"text-align: justify;\"><em><img loading=\"lazy\" decoding=\"async\" class=\"wp-image-20227 alignleft\" src=\"https:\/\/pativore.files.wordpress.com\/2022\/01\/semaine-mille-pages-2022.jpg?w=646&#038;resize=95%2C171\" sizes=\"auto, (max-width: 298px) 100vw, 298px\" srcset=\"https:\/\/pativore.files.wordpress.com\/2022\/01\/semaine-mille-pages-2022.jpg 298w, https:\/\/pativore.files.wordpress.com\/2022\/01\/semaine-mille-pages-2022.jpg?w=83 83w\" alt=\"\" width=\"95\" height=\"171\" data-attachment-id=\"20227\" data-permalink=\"https:\/\/pativore.wordpress.com\/2022\/01\/24\/semaine-a-mille-pages-et-week-end-a-1000-janvier-2022\/semaine-mille-pages-2022\/\" data-orig-file=\"https:\/\/pativore.files.wordpress.com\/2022\/01\/semaine-mille-pages-2022.jpg\" data-orig-size=\"298,536\" data-comments-opened=\"1\" data-image-meta=\"{&quot;aperture&quot;:&quot;0&quot;,&quot;credit&quot;:&quot;&quot;,&quot;camera&quot;:&quot;&quot;,&quot;caption&quot;:&quot;&quot;,&quot;created_timestamp&quot;:&quot;0&quot;,&quot;copyright&quot;:&quot;&quot;,&quot;focal_length&quot;:&quot;0&quot;,&quot;iso&quot;:&quot;0&quot;,&quot;shutter_speed&quot;:&quot;0&quot;,&quot;title&quot;:&quot;&quot;,&quot;orientation&quot;:&quot;0&quot;}\" data-image-title=\"Semaine-mille-pages-2022\" data-image-description=\"\" data-image-caption=\"\" data-medium-file=\"https:\/\/pativore.files.wordpress.com\/2022\/01\/semaine-mille-pages-2022.jpg?w=167\" data-large-file=\"https:\/\/pativore.files.wordpress.com\/2022\/01\/semaine-mille-pages-2022.jpg?w=298\" data-recalc-dims=\"1\" \/>Cette semaine c\u2019est une Semaine \u00e0 mille pages organis\u00e9e par <a href=\"https:\/\/www.instagram.com\/petit_pingouin_vert\/\">Le pingouin vert<\/a> sur IG chaque mois tout au long de l\u2019ann\u00e9e 2022. Alors combien ai-je lu de pages cette semaine? 2647\u00a0 pages lues sans compter les albums jeunesse.<\/em><\/p>\n<p style=\"text-align: justify;\">\n","protected":false},"excerpt":{"rendered":"<p>En ce d\u00e9but de semaine, voici notre point lecture hebdomadaire avec un retour sur nos lectures de la semaine derni\u00e8re (mais pas nos relectures) et ma lecture en cours. Nos lectures du 22 au 28 ao\u00fbt 2022: Des lectures jeunesse: (Album jeunesse) Oups! de Suzi Moore et Russell Ayto Nous lisons et relisons Oups! de [&hellip;]<\/p>\n","protected":false},"author":1,"featured_media":27328,"comment_status":"open","ping_status":"open","sticky":false,"template":"","format":"standard","meta":{"jetpack_post_was_ever_published":false,"_jetpack_newsletter_access":"","_jetpack_dont_email_post_to_subs":false,"_jetpack_newsletter_tier_id":0,"_jetpack_memberships_contains_paywalled_content":false,"_jetpack_memberships_contains_paid_content":false,"footnotes":""},"categories":[2140,363],"tags":[3373,1969,596,1226,3014,3371,3372,1334,3060,3369,2943,3363,1085,367,3370,3183,2767,1329,844,3209,2825,3365,3364,3010,3362],"class_list":["post-27283","post","type-post","status-publish","format-standard","has-post-thumbnail","hentry","category-mini-blogueur","category-mini-lecteur","tag-amandine-delaunay","tag-ann-granger","tag-bandes-dessinees","tag-bd-jeunesse","tag-bones-vercetti","tag-caroline-stutson","tag-claire-zucchelli-romer","tag-cosy-mystery","tag-dystopie","tag-jo-colleen","tag-jon-klassen","tag-katy-lynn-cenac","tag-lecture-adulte","tag-lecture-jeunesse","tag-mai-k-nguyen","tag-mary-balogh","tag-point-lecture-hebdo","tag-roman-policier","tag-romance","tag-romance-historique","tag-romans-ado","tag-russell-ayto","tag-suzi-moore","tag-urban-fantasy","tag-verity-bright","post-preview"],"jetpack_featured_media_url":"https:\/\/i0.wp.com\/www.jojoenherbe.com\/wp-content\/uploads\/2022\/09\/Point-lecture-hebdo-56-scaled.jpg?fit=2560%2C1699","jetpack_sharing_enabled":true,"jetpack_shortlink":"https:\/\/wp.me\/p9zhGx-763","jetpack_likes_enabled":true,"jetpack-related-posts":[{"id":27989,"url":"http:\/\/www.jojoenherbe.com\/index.php\/2022\/10\/01\/au-fil-des-pages-avec-oups\/","url_meta":{"origin":27283,"position":0},"title":"Au fil des pages avec Oups!","author":"Jojo","date":"1 octobre 2022","format":false,"excerpt":"Nous lisons et relisons Oups! de Suzi Moore et Russell Ayto (\u00e9d. Kal\u00e9idoscope, diff. L\u2019\u00e9cole des loisirs, 2015), un album jeunesse \u00e0 partir de 3 ans. Trois amis \u2013 un chat, un chien et une souris \u2013 voudraient pouvoir retrouver leur \u00e9tat normal et produire les sons associ\u00e9s \u00e0 leur\u2026","rel":"","context":"Dans &quot;Mini lecteur&quot;","block_context":{"text":"Mini lecteur","link":"http:\/\/www.jojoenherbe.com\/index.php\/category\/mini-lecteur\/"},"img":{"alt_text":"","src":"https:\/\/i0.wp.com\/www.jojoenherbe.com\/wp-content\/uploads\/2022\/09\/Oups-scaled.jpg?fit=1200%2C811&resize=350%2C200","width":350,"height":200,"srcset":"https:\/\/i0.wp.com\/www.jojoenherbe.com\/wp-content\/uploads\/2022\/09\/Oups-scaled.jpg?fit=1200%2C811&resize=350%2C200 1x, https:\/\/i0.wp.com\/www.jojoenherbe.com\/wp-content\/uploads\/2022\/09\/Oups-scaled.jpg?fit=1200%2C811&resize=525%2C300 1.5x, https:\/\/i0.wp.com\/www.jojoenherbe.com\/wp-content\/uploads\/2022\/09\/Oups-scaled.jpg?fit=1200%2C811&resize=700%2C400 2x, https:\/\/i0.wp.com\/www.jojoenherbe.com\/wp-content\/uploads\/2022\/09\/Oups-scaled.jpg?fit=1200%2C811&resize=1050%2C600 3x"},"classes":[]},{"id":27586,"url":"http:\/\/www.jojoenherbe.com\/index.php\/2022\/09\/14\/billet-de-suivi-challenge-halloween-2022\/","url_meta":{"origin":27283,"position":1},"title":"Billet de suivi: Challenge Halloween 2022","author":"Jojo","date":"14 septembre 2022","format":false,"excerpt":"Je participe \u00e0 nouveau cette ann\u00e9e au Challenge Halloween organis\u00e9 par Hilde et Lou et qui se d\u00e9roule du 23 septembre jusqu'en novembre 2022. D\u00e8s le 23 septembre 2022, elles ouvrent les portes de leur manoir. Le challenge commence en douceur par un d\u00e9poussi\u00e9rage de PAL, premi\u00e8res suggestions halloweenesques et\u2026","rel":"","context":"Dans &quot;Mini challenger&quot;","block_context":{"text":"Mini challenger","link":"http:\/\/www.jojoenherbe.com\/index.php\/category\/mini-challenger\/"},"img":{"alt_text":"","src":"https:\/\/i0.wp.com\/www.jojoenherbe.com\/wp-content\/uploads\/2022\/09\/Challenge-Halloween-2022.jpg?fit=1080%2C1080&resize=350%2C200","width":350,"height":200,"srcset":"https:\/\/i0.wp.com\/www.jojoenherbe.com\/wp-content\/uploads\/2022\/09\/Challenge-Halloween-2022.jpg?fit=1080%2C1080&resize=350%2C200 1x, https:\/\/i0.wp.com\/www.jojoenherbe.com\/wp-content\/uploads\/2022\/09\/Challenge-Halloween-2022.jpg?fit=1080%2C1080&resize=525%2C300 1.5x, https:\/\/i0.wp.com\/www.jojoenherbe.com\/wp-content\/uploads\/2022\/09\/Challenge-Halloween-2022.jpg?fit=1080%2C1080&resize=700%2C400 2x, https:\/\/i0.wp.com\/www.jojoenherbe.com\/wp-content\/uploads\/2022\/09\/Challenge-Halloween-2022.jpg?fit=1080%2C1080&resize=1050%2C600 3x"},"classes":[]},{"id":37057,"url":"http:\/\/www.jojoenherbe.com\/index.php\/2024\/09\/30\/point-lecture-hebdomadaire-2024-39\/","url_meta":{"origin":27283,"position":2},"title":"Point lecture hebdomadaire 2024 #39","author":"Jojo","date":"30 septembre 2024","format":false,"excerpt":"En ce d\u00e9but de semaine, voici mon point lecture hebdomadaire avec un retour sur nos lectures (mais pas nos relectures) de la semaine derni\u00e8re. Nos lectures du 23 au 29 septembre 2024: Des lectures jeunesse: Nous avons continu\u00e9 chaque soir et presque fini de lire Le jardin secret de Frances\u2026","rel":"","context":"Dans &quot;Mini blogueur&quot;","block_context":{"text":"Mini blogueur","link":"http:\/\/www.jojoenherbe.com\/index.php\/category\/mini-blogueur\/"},"img":{"alt_text":"","src":"https:\/\/i0.wp.com\/www.jojoenherbe.com\/wp-content\/uploads\/2020\/04\/Le-jardin-secret-150x150.jpg?resize=350%2C200","width":350,"height":200},"classes":[]},{"id":25557,"url":"http:\/\/www.jojoenherbe.com\/index.php\/2022\/05\/16\/point-lecture-hebdomadaire-41\/","url_meta":{"origin":27283,"position":3},"title":"Point lecture hebdomadaire #41","author":"Jojo","date":"16 mai 2022","format":false,"excerpt":"En ce d\u00e9but de semaine, voici notre point lecture hebdomadaire avec un retour sur la plupart de nos lectures de la semaine derni\u00e8re (mais pas nos relectures). Nos lectures du\u00a0 9 au 15 mai 2022: Des lectures jeunesse: (Album jeunesse) Une aventure avec Alice au Pays des Merveilles de Katherine\u2026","rel":"","context":"Dans &quot;Mini blogueur&quot;","block_context":{"text":"Mini blogueur","link":"http:\/\/www.jojoenherbe.com\/index.php\/category\/mini-blogueur\/"},"img":{"alt_text":"","src":"https:\/\/i0.wp.com\/www.jojoenherbe.com\/wp-content\/uploads\/2022\/05\/Point-lecture-hebdo-41-scaled.jpg?fit=1200%2C900&resize=350%2C200","width":350,"height":200,"srcset":"https:\/\/i0.wp.com\/www.jojoenherbe.com\/wp-content\/uploads\/2022\/05\/Point-lecture-hebdo-41-scaled.jpg?fit=1200%2C900&resize=350%2C200 1x, https:\/\/i0.wp.com\/www.jojoenherbe.com\/wp-content\/uploads\/2022\/05\/Point-lecture-hebdo-41-scaled.jpg?fit=1200%2C900&resize=525%2C300 1.5x, https:\/\/i0.wp.com\/www.jojoenherbe.com\/wp-content\/uploads\/2022\/05\/Point-lecture-hebdo-41-scaled.jpg?fit=1200%2C900&resize=700%2C400 2x, https:\/\/i0.wp.com\/www.jojoenherbe.com\/wp-content\/uploads\/2022\/05\/Point-lecture-hebdo-41-scaled.jpg?fit=1200%2C900&resize=1050%2C600 3x"},"classes":[]},{"id":25915,"url":"http:\/\/www.jojoenherbe.com\/index.php\/2022\/06\/20\/point-lecture-hebdomadaire-46\/","url_meta":{"origin":27283,"position":4},"title":"Point lecture hebdomadaire #46","author":"Jojo","date":"20 juin 2022","format":false,"excerpt":"En ce d\u00e9but de semaine, voici notre point lecture hebdomadaire avec un retour sur nos lectures de la semaine derni\u00e8re (mais pas nos relectures) et ma lecture en cours. j'ai surtout pioch\u00e9 dans ma PAL anglo-saxonne puisqu'en juin, c'est le Mois Anglais 2022 coorganis\u00e9e par Lou et Titine. Nos lectures\u2026","rel":"","context":"Dans &quot;Mini blogueur&quot;","block_context":{"text":"Mini blogueur","link":"http:\/\/www.jojoenherbe.com\/index.php\/category\/mini-blogueur\/"},"img":{"alt_text":"","src":"https:\/\/i0.wp.com\/www.jojoenherbe.com\/wp-content\/uploads\/2022\/07\/Point-lecture-hebdo-46-scaled.jpg?fit=1200%2C795&resize=350%2C200","width":350,"height":200,"srcset":"https:\/\/i0.wp.com\/www.jojoenherbe.com\/wp-content\/uploads\/2022\/07\/Point-lecture-hebdo-46-scaled.jpg?fit=1200%2C795&resize=350%2C200 1x, https:\/\/i0.wp.com\/www.jojoenherbe.com\/wp-content\/uploads\/2022\/07\/Point-lecture-hebdo-46-scaled.jpg?fit=1200%2C795&resize=525%2C300 1.5x, https:\/\/i0.wp.com\/www.jojoenherbe.com\/wp-content\/uploads\/2022\/07\/Point-lecture-hebdo-46-scaled.jpg?fit=1200%2C795&resize=700%2C400 2x, https:\/\/i0.wp.com\/www.jojoenherbe.com\/wp-content\/uploads\/2022\/07\/Point-lecture-hebdo-46-scaled.jpg?fit=1200%2C795&resize=1050%2C600 3x"},"classes":[]},{"id":31501,"url":"http:\/\/www.jojoenherbe.com\/index.php\/2023\/08\/21\/point-lecture-hebdomadaire-2023-33\/","url_meta":{"origin":27283,"position":5},"title":"Point lecture hebdomadaire 2023 #33","author":"Jojo","date":"21 ao\u00fbt 2023","format":false,"excerpt":"En ce d\u00e9but de semaine, voici notre point lecture hebdomadaire avec un retour sur nos lectures de la semaine derni\u00e8re (mais pas nos relectures). Nos lectures du 14 au 20 ao\u00fbt 2023: Des lectures jeunesse: (Roman jeunesse) Vol d\u2019\u00e9t\u00e9 de Marie-Anne Abesdris Nous avons lu Vol d\u2019\u00e9t\u00e9 de Marie-Anne Abesdris\u2026","rel":"","context":"Dans &quot;Mini blogueur&quot;","block_context":{"text":"Mini blogueur","link":"http:\/\/www.jojoenherbe.com\/index.php\/category\/mini-blogueur\/"},"img":{"alt_text":"","src":"https:\/\/i0.wp.com\/www.jojoenherbe.com\/wp-content\/uploads\/2023\/08\/Vol-dete-150x150.jpg?resize=350%2C200","width":350,"height":200},"classes":[]}],"_links":{"self":[{"href":"http:\/\/www.jojoenherbe.com\/index.php\/wp-json\/wp\/v2\/posts\/27283","targetHints":{"allow":["GET"]}}],"collection":[{"href":"http:\/\/www.jojoenherbe.com\/index.php\/wp-json\/wp\/v2\/posts"}],"about":[{"href":"http:\/\/www.jojoenherbe.com\/index.php\/wp-json\/wp\/v2\/types\/post"}],"author":[{"embeddable":true,"href":"http:\/\/www.jojoenherbe.com\/index.php\/wp-json\/wp\/v2\/users\/1"}],"replies":[{"embeddable":true,"href":"http:\/\/www.jojoenherbe.com\/index.php\/wp-json\/wp\/v2\/comments?post=27283"}],"version-history":[{"count":47,"href":"http:\/\/www.jojoenherbe.com\/index.php\/wp-json\/wp\/v2\/posts\/27283\/revisions"}],"predecessor-version":[{"id":27487,"href":"http:\/\/www.jojoenherbe.com\/index.php\/wp-json\/wp\/v2\/posts\/27283\/revisions\/27487"}],"wp:featuredmedia":[{"embeddable":true,"href":"http:\/\/www.jojoenherbe.com\/index.php\/wp-json\/wp\/v2\/media\/27328"}],"wp:attachment":[{"href":"http:\/\/www.jojoenherbe.com\/index.php\/wp-json\/wp\/v2\/media?parent=27283"}],"wp:term":[{"taxonomy":"category","embeddable":true,"href":"http:\/\/www.jojoenherbe.com\/index.php\/wp-json\/wp\/v2\/categories?post=27283"},{"taxonomy":"post_tag","embeddable":true,"href":"http:\/\/www.jojoenherbe.com\/index.php\/wp-json\/wp\/v2\/tags?post=27283"}],"curies":[{"name":"wp","href":"https:\/\/api.w.org\/{rel}","templated":true}]}}