{"id":27274,"date":"2022-08-27T21:58:00","date_gmt":"2022-08-27T19:58:00","guid":{"rendered":"https:\/\/www.jojoenherbe.com\/?p=27274"},"modified":"2022-09-10T13:57:15","modified_gmt":"2022-09-10T11:57:15","slug":"semaine-34-du-projet-52-2022-en-pleine-nature","status":"publish","type":"post","link":"http:\/\/www.jojoenherbe.com\/index.php\/2022\/08\/27\/semaine-34-du-projet-52-2022-en-pleine-nature\/","title":{"rendered":"Semaine 34 du Projet 52-2022: En pleine nature"},"content":{"rendered":"<p style=\"text-align: justify;\"><em><span class=\"_aacl _aaco _aacu _aacx _aad7 _aade\">Pour la semaine 34 du Projet 52-2022 de Du c\u00f4t\u00e9 de chez Ma\u2019, le th\u00e8me est \u00ab <a href=\"https:\/\/ducotedechezma.wordpress.com\/2022\/08\/27\/projet-52-2022-semaine-34-en-pleine-nature\/\">En pleine nature<\/a> \u00bb. J\u2019ai h\u00e9sit\u00e9 entre mer et montagne. Finalement voici une photo prise aujourd\u2019hui lors de notre randonn\u00e9e dans les gr\u00e8s d\u2019Annot, au niveau des robines (ou \u00ab roubines \u00bb) \u00e0 la balise 3 du sentier bleu<\/span>.<\/em><\/p>\n<p><img loading=\"lazy\" decoding=\"async\" class=\"wp-image-11409 aligncenter\" src=\"https:\/\/ducotedechezma.files.wordpress.com\/2022\/01\/52-2022_liste_themes_ducotedechezma_.png?w=817&#038;resize=349%2C302\" sizes=\"auto, (max-width: 709px) 85vw, (max-width: 909px) 67vw, (max-width: 984px) 61vw, (max-width: 1362px) 45vw, 600px\" srcset=\"https:\/\/ducotedechezma.files.wordpress.com\/2022\/01\/52-2022_liste_themes_ducotedechezma_.png?w=630 630w, https:\/\/ducotedechezma.files.wordpress.com\/2022\/01\/52-2022_liste_themes_ducotedechezma_.png?w=150 150w, https:\/\/ducotedechezma.files.wordpress.com\/2022\/01\/52-2022_liste_themes_ducotedechezma_.png?w=300 300w, https:\/\/ducotedechezma.files.wordpress.com\/2022\/01\/52-2022_liste_themes_ducotedechezma_.png?w=768 768w, https:\/\/ducotedechezma.files.wordpress.com\/2022\/01\/52-2022_liste_themes_ducotedechezma_.png 817w\" alt=\"\" data-attachment-id=\"11409\" data-permalink=\"https:\/\/ducotedechezma.wordpress.com\/52-2022_liste_themes_ducotedechezma_\/\" data-orig-file=\"https:\/\/ducotedechezma.files.wordpress.com\/2022\/01\/52-2022_liste_themes_ducotedechezma_.png\" data-orig-size=\"817,706\" data-comments-opened=\"1\" data-image-meta=\"{&quot;aperture&quot;:&quot;0&quot;,&quot;credit&quot;:&quot;&quot;,&quot;camera&quot;:&quot;&quot;,&quot;caption&quot;:&quot;&quot;,&quot;created_timestamp&quot;:&quot;0&quot;,&quot;copyright&quot;:&quot;&quot;,&quot;focal_length&quot;:&quot;0&quot;,&quot;iso&quot;:&quot;0&quot;,&quot;shutter_speed&quot;:&quot;0&quot;,&quot;title&quot;:&quot;&quot;,&quot;orientation&quot;:&quot;0&quot;}\" data-image-title=\"52-2022_liste_themes_ducotedechezma_\" data-image-description=\"\" data-image-caption=\"\" data-medium-file=\"https:\/\/ducotedechezma.files.wordpress.com\/2022\/01\/52-2022_liste_themes_ducotedechezma_.png?w=300\" data-large-file=\"https:\/\/ducotedechezma.files.wordpress.com\/2022\/01\/52-2022_liste_themes_ducotedechezma_.png?w=817&amp;resize=349%2C302&amp;resize=349%2C302\" data-recalc-dims=\"1\" width=\"349\" height=\"302\"><\/p>\n","protected":false},"excerpt":{"rendered":"<p>Pour la semaine 34 du Projet 52-2022 de Du c\u00f4t\u00e9 de chez Ma\u2019, le th\u00e8me est \u00ab En pleine nature \u00bb. J\u2019ai h\u00e9sit\u00e9 entre mer et montagne. Finalement voici une photo prise aujourd\u2019hui lors de notre randonn\u00e9e dans les gr\u00e8s d\u2019Annot, au niveau des robines (ou \u00ab roubines \u00bb) \u00e0 la balise 3 du sentier [&hellip;]<\/p>\n","protected":false},"author":1,"featured_media":27275,"comment_status":"open","ping_status":"open","sticky":false,"template":"","format":"standard","meta":{"jetpack_post_was_ever_published":false,"_jetpack_newsletter_access":"","_jetpack_dont_email_post_to_subs":false,"_jetpack_newsletter_tier_id":0,"_jetpack_memberships_contains_paywalled_content":false,"_jetpack_memberships_contains_paid_content":false,"footnotes":""},"categories":[437],"tags":[51,190,89,191,5,2940,46,1506,3360,3361],"class_list":["post-27274","post","type-post","status-publish","format-standard","has-post-thumbnail","hentry","category-mini-photographe","tag-alpes-de-haute-provence","tag-annot","tag-arriere-pays-nicois","tag-gres-dannot","tag-paca","tag-projet-52-2022","tag-randonnees","tag-region-sud","tag-robine","tag-vallee-du-var","post-preview"],"jetpack_featured_media_url":"https:\/\/i0.wp.com\/www.jojoenherbe.com\/wp-content\/uploads\/2022\/08\/Gres-dAnnot-Les-Roubines-scaled.jpg?fit=2560%2C1920","jetpack_sharing_enabled":true,"jetpack_shortlink":"https:\/\/wp.me\/p9zhGx-75U","jetpack_likes_enabled":true,"jetpack-related-posts":[{"id":27390,"url":"http:\/\/www.jojoenherbe.com\/index.php\/2022\/09\/08\/randonnee-estivale-aux-gres-dannot\/","url_meta":{"origin":27274,"position":0},"title":"Randonn\u00e9e estivale aux Gr\u00e8s d&rsquo;Annot","author":"Jojo","date":"8 septembre 2022","format":false,"excerpt":"Le 27 ao\u00fbt 2022, nous sommes partis \u00e0 la d\u00e9couverte des gr\u00e8s d'Annot. Nous nous garons sur le parking de la gare d'Annot (705 m\u00e8tres d'altitude) m\u00eame s'il est possible de commencer le sentier du centre ville, au niveau du parking de la Mairie. Nous suivons le balisage jaune pour\u2026","rel":"","context":"Dans &quot;Mini randonneur&quot;","block_context":{"text":"Mini randonneur","link":"http:\/\/www.jojoenherbe.com\/index.php\/category\/mini-crapahuteur\/mini-randonneur\/"},"img":{"alt_text":"","src":"https:\/\/i0.wp.com\/www.jojoenherbe.com\/wp-content\/uploads\/2022\/09\/Gres-dAnnot-6-scaled.jpg?fit=900%2C1200&resize=350%2C200","width":350,"height":200,"srcset":"https:\/\/i0.wp.com\/www.jojoenherbe.com\/wp-content\/uploads\/2022\/09\/Gres-dAnnot-6-scaled.jpg?fit=900%2C1200&resize=350%2C200 1x, https:\/\/i0.wp.com\/www.jojoenherbe.com\/wp-content\/uploads\/2022\/09\/Gres-dAnnot-6-scaled.jpg?fit=900%2C1200&resize=525%2C300 1.5x, https:\/\/i0.wp.com\/www.jojoenherbe.com\/wp-content\/uploads\/2022\/09\/Gres-dAnnot-6-scaled.jpg?fit=900%2C1200&resize=700%2C400 2x"},"classes":[]},{"id":2130,"url":"http:\/\/www.jojoenherbe.com\/index.php\/2018\/04\/03\/balade-a-annot\/","url_meta":{"origin":27274,"position":1},"title":"Balade \u00e0 Annot","author":"Jojo","date":"3 avril 2018","format":false,"excerpt":"Ce 31 mars 2018, nous partons \u00e0 Annot. En raison de travaux de voirie, nous n'empruntons par l'itin\u00e9raire habituel, une d\u00e9viation \u00e9tant mise en place au niveau de la gare de Tin\u00e9e. La route est \u00e0 double sens jusqu'au viaduc de la Mescla. Puis nous r\u00e9cup\u00e9rons la route 202 en\u2026","rel":"","context":"Dans &quot;Mini baladeur&quot;","block_context":{"text":"Mini baladeur","link":"http:\/\/www.jojoenherbe.com\/index.php\/category\/mini-crapahuteur\/mini-baladeur\/"},"img":{"alt_text":"","src":"https:\/\/i0.wp.com\/www.jojoenherbe.com\/wp-content\/uploads\/2018\/04\/pont-sur-la-Va%C3%AFre-Annot.jpg?fit=1200%2C900&resize=350%2C200","width":350,"height":200,"srcset":"https:\/\/i0.wp.com\/www.jojoenherbe.com\/wp-content\/uploads\/2018\/04\/pont-sur-la-Va%C3%AFre-Annot.jpg?fit=1200%2C900&resize=350%2C200 1x, https:\/\/i0.wp.com\/www.jojoenherbe.com\/wp-content\/uploads\/2018\/04\/pont-sur-la-Va%C3%AFre-Annot.jpg?fit=1200%2C900&resize=525%2C300 1.5x, https:\/\/i0.wp.com\/www.jojoenherbe.com\/wp-content\/uploads\/2018\/04\/pont-sur-la-Va%C3%AFre-Annot.jpg?fit=1200%2C900&resize=700%2C400 2x, https:\/\/i0.wp.com\/www.jojoenherbe.com\/wp-content\/uploads\/2018\/04\/pont-sur-la-Va%C3%AFre-Annot.jpg?fit=1200%2C900&resize=1050%2C600 3x"},"classes":[]},{"id":26795,"url":"http:\/\/www.jojoenherbe.com\/index.php\/2022\/07\/30\/semaine-30-du-projet-52-2022-ville-ou-campagne\/","url_meta":{"origin":27274,"position":2},"title":"Semaine 30 du Projet 52-2022: Ville ou campagne","author":"Jojo","date":"30 juillet 2022","format":false,"excerpt":"Pour la semaine 30 du Projet 52-2022 de Du c\u00f4t\u00e9 de chez Ma\u2019, le th\u00e8me est \"Ville ou campagne\". Voici une photo prise le 19 ao\u00fbt 2021 \u00e0 la Base Nature de Fr\u00e9jus. Quand la campagne s'invite en ville!","rel":"","context":"Dans &quot;mini photographe&quot;","block_context":{"text":"mini photographe","link":"http:\/\/www.jojoenherbe.com\/index.php\/category\/mini-photographe\/"},"img":{"alt_text":"","src":"https:\/\/i0.wp.com\/www.jojoenherbe.com\/wp-content\/uploads\/2021\/09\/Base-Nature-Frejus-2-scaled.jpg?fit=900%2C1200&resize=350%2C200","width":350,"height":200,"srcset":"https:\/\/i0.wp.com\/www.jojoenherbe.com\/wp-content\/uploads\/2021\/09\/Base-Nature-Frejus-2-scaled.jpg?fit=900%2C1200&resize=350%2C200 1x, https:\/\/i0.wp.com\/www.jojoenherbe.com\/wp-content\/uploads\/2021\/09\/Base-Nature-Frejus-2-scaled.jpg?fit=900%2C1200&resize=525%2C300 1.5x, https:\/\/i0.wp.com\/www.jojoenherbe.com\/wp-content\/uploads\/2021\/09\/Base-Nature-Frejus-2-scaled.jpg?fit=900%2C1200&resize=700%2C400 2x"},"classes":[]},{"id":36020,"url":"http:\/\/www.jojoenherbe.com\/index.php\/2024\/05\/04\/semaine-18-du-projet-52-2024-printemps\/","url_meta":{"origin":27274,"position":3},"title":"Semaine 18 du Projet 52-2024: \u00ab\u00a0Printemps\u00a0\u00bb","author":"Jojo","date":"4 mai 2024","format":false,"excerpt":"Pour la semaine 18 du Projet 52-2024 de Du c\u00f4t\u00e9 de chez Ma\u2019, le th\u00e8me est \u00ab Printemps\u00bb. J\u2019ai choisi pour illustrer ce th\u00e8me des fleurs printani\u00e8res du jardin comme le lilas et un petit curieux qui voletait de fleur en arbre avant de partir pour d'autres horizons. C'est aussi\u2026","rel":"","context":"Dans &quot;mini photographe&quot;","block_context":{"text":"mini photographe","link":"http:\/\/www.jojoenherbe.com\/index.php\/category\/mini-photographe\/"},"img":{"alt_text":"","src":"https:\/\/i0.wp.com\/www.jojoenherbe.com\/wp-content\/uploads\/2024\/05\/jardin-printemps-2024.png?fit=1080%2C1080&resize=350%2C200","width":350,"height":200,"srcset":"https:\/\/i0.wp.com\/www.jojoenherbe.com\/wp-content\/uploads\/2024\/05\/jardin-printemps-2024.png?fit=1080%2C1080&resize=350%2C200 1x, https:\/\/i0.wp.com\/www.jojoenherbe.com\/wp-content\/uploads\/2024\/05\/jardin-printemps-2024.png?fit=1080%2C1080&resize=525%2C300 1.5x, https:\/\/i0.wp.com\/www.jojoenherbe.com\/wp-content\/uploads\/2024\/05\/jardin-printemps-2024.png?fit=1080%2C1080&resize=700%2C400 2x, https:\/\/i0.wp.com\/www.jojoenherbe.com\/wp-content\/uploads\/2024\/05\/jardin-printemps-2024.png?fit=1080%2C1080&resize=1050%2C600 3x"},"classes":[]},{"id":4787,"url":"http:\/\/www.jojoenherbe.com\/index.php\/2019\/02\/26\/pleine-lune-nuageuse\/","url_meta":{"origin":27274,"position":4},"title":"Pleine lune nuageuse","author":"Jojo","date":"26 f\u00e9vrier 2019","format":false,"excerpt":"Ce 19 f\u00e9vrier 2019, nous pouvons observer difficilement la pleine lune. Le ciel est tr\u00e8s nuageux et en m\u00eame temps tr\u00e8s \u00e9toil\u00e9. La lune semble jouer \u00e0 cache-cache avec les nuages. Nous la laissons s'amuser pour la nuit. Avec cette photo, je participe, pour la premi\u00e8re fois, au Projet 52-2019\u2026","rel":"","context":"Dans &quot;Mini astronome&quot;","block_context":{"text":"Mini astronome","link":"http:\/\/www.jojoenherbe.com\/index.php\/category\/mini-decouvreur\/mini-astronome\/"},"img":{"alt_text":"","src":"https:\/\/i0.wp.com\/www.jojoenherbe.com\/wp-content\/uploads\/2019\/02\/Pleine-lune-nuageuse.jpg?fit=1200%2C900&resize=350%2C200","width":350,"height":200,"srcset":"https:\/\/i0.wp.com\/www.jojoenherbe.com\/wp-content\/uploads\/2019\/02\/Pleine-lune-nuageuse.jpg?fit=1200%2C900&resize=350%2C200 1x, https:\/\/i0.wp.com\/www.jojoenherbe.com\/wp-content\/uploads\/2019\/02\/Pleine-lune-nuageuse.jpg?fit=1200%2C900&resize=525%2C300 1.5x, https:\/\/i0.wp.com\/www.jojoenherbe.com\/wp-content\/uploads\/2019\/02\/Pleine-lune-nuageuse.jpg?fit=1200%2C900&resize=700%2C400 2x, https:\/\/i0.wp.com\/www.jojoenherbe.com\/wp-content\/uploads\/2019\/02\/Pleine-lune-nuageuse.jpg?fit=1200%2C900&resize=1050%2C600 3x"},"classes":[]},{"id":28994,"url":"http:\/\/www.jojoenherbe.com\/index.php\/2023\/01\/07\/semaine-1-du-projet-52-2023-nouvelle-annee\/","url_meta":{"origin":27274,"position":5},"title":"Semaine 1 du Projet 52-2023: Nouvelle ann\u00e9e","author":"Jojo","date":"7 janvier 2023","format":false,"excerpt":"En cette nouvelle ann\u00e9e, je continue \u00e0 participer au projet 52 en photos propos\u00e9 par Ma'. Pour cette semaine 1 du Projet 52-2023 de Du c\u00f4t\u00e9 de chez Ma\u2019, le th\u00e8me est compl\u00e8tement d'actualit\u00e9 puisqu'il s'agit de \"Nouvelle ann\u00e9e\". J'en profite pour vous pr\u00e9senter une nouvelle fois mes meilleurs v\u0153ux\u2026","rel":"","context":"Dans &quot;mini photographe&quot;","block_context":{"text":"mini photographe","link":"http:\/\/www.jojoenherbe.com\/index.php\/category\/mini-photographe\/"},"img":{"alt_text":"","src":"https:\/\/i0.wp.com\/www.jojoenherbe.com\/wp-content\/uploads\/2022\/12\/Jour-de-lAn-2020-scaled.jpg?fit=1200%2C842&resize=350%2C200","width":350,"height":200,"srcset":"https:\/\/i0.wp.com\/www.jojoenherbe.com\/wp-content\/uploads\/2022\/12\/Jour-de-lAn-2020-scaled.jpg?fit=1200%2C842&resize=350%2C200 1x, https:\/\/i0.wp.com\/www.jojoenherbe.com\/wp-content\/uploads\/2022\/12\/Jour-de-lAn-2020-scaled.jpg?fit=1200%2C842&resize=525%2C300 1.5x, https:\/\/i0.wp.com\/www.jojoenherbe.com\/wp-content\/uploads\/2022\/12\/Jour-de-lAn-2020-scaled.jpg?fit=1200%2C842&resize=700%2C400 2x, https:\/\/i0.wp.com\/www.jojoenherbe.com\/wp-content\/uploads\/2022\/12\/Jour-de-lAn-2020-scaled.jpg?fit=1200%2C842&resize=1050%2C600 3x"},"classes":[]}],"_links":{"self":[{"href":"http:\/\/www.jojoenherbe.com\/index.php\/wp-json\/wp\/v2\/posts\/27274","targetHints":{"allow":["GET"]}}],"collection":[{"href":"http:\/\/www.jojoenherbe.com\/index.php\/wp-json\/wp\/v2\/posts"}],"about":[{"href":"http:\/\/www.jojoenherbe.com\/index.php\/wp-json\/wp\/v2\/types\/post"}],"author":[{"embeddable":true,"href":"http:\/\/www.jojoenherbe.com\/index.php\/wp-json\/wp\/v2\/users\/1"}],"replies":[{"embeddable":true,"href":"http:\/\/www.jojoenherbe.com\/index.php\/wp-json\/wp\/v2\/comments?post=27274"}],"version-history":[{"count":2,"href":"http:\/\/www.jojoenherbe.com\/index.php\/wp-json\/wp\/v2\/posts\/27274\/revisions"}],"predecessor-version":[{"id":27282,"href":"http:\/\/www.jojoenherbe.com\/index.php\/wp-json\/wp\/v2\/posts\/27274\/revisions\/27282"}],"wp:featuredmedia":[{"embeddable":true,"href":"http:\/\/www.jojoenherbe.com\/index.php\/wp-json\/wp\/v2\/media\/27275"}],"wp:attachment":[{"href":"http:\/\/www.jojoenherbe.com\/index.php\/wp-json\/wp\/v2\/media?parent=27274"}],"wp:term":[{"taxonomy":"category","embeddable":true,"href":"http:\/\/www.jojoenherbe.com\/index.php\/wp-json\/wp\/v2\/categories?post=27274"},{"taxonomy":"post_tag","embeddable":true,"href":"http:\/\/www.jojoenherbe.com\/index.php\/wp-json\/wp\/v2\/tags?post=27274"}],"curies":[{"name":"wp","href":"https:\/\/api.w.org\/{rel}","templated":true}]}}