{"id":27216,"date":"2022-08-21T06:00:00","date_gmt":"2022-08-21T04:00:00","guid":{"rendered":"https:\/\/www.jojoenherbe.com\/?p=27216"},"modified":"2022-08-19T15:53:45","modified_gmt":"2022-08-19T13:53:45","slug":"au-fil-des-pages-avec-letrange-mystere-du-lac-perdu","status":"publish","type":"post","link":"http:\/\/www.jojoenherbe.com\/index.php\/2022\/08\/21\/au-fil-des-pages-avec-letrange-mystere-du-lac-perdu\/","title":{"rendered":"Au fil des pages avec L&rsquo;\u00e9trange myst\u00e8re du lac perdu"},"content":{"rendered":"<p style=\"text-align: justify;\"><em><a href=\"https:\/\/i0.wp.com\/www.jojoenherbe.com\/wp-content\/uploads\/2022\/08\/Letrange-mystere-du-lac-perdu-3-scaled.jpg\"><img data-recalc-dims=\"1\" loading=\"lazy\" decoding=\"async\" data-attachment-id=\"27227\" data-permalink=\"http:\/\/www.jojoenherbe.com\/index.php\/2022\/08\/21\/au-fil-des-pages-avec-letrange-mystere-du-lac-perdu\/letrange-mystere-du-lac-perdu-3\/\" data-orig-file=\"https:\/\/i0.wp.com\/www.jojoenherbe.com\/wp-content\/uploads\/2022\/08\/Letrange-mystere-du-lac-perdu-3-scaled.jpg?fit=2560%2C1966\" data-orig-size=\"2560,1966\" data-comments-opened=\"1\" data-image-meta=\"{&quot;aperture&quot;:&quot;1.8&quot;,&quot;credit&quot;:&quot;&quot;,&quot;camera&quot;:&quot;iPhone 7&quot;,&quot;caption&quot;:&quot;&quot;,&quot;created_timestamp&quot;:&quot;1660920308&quot;,&quot;copyright&quot;:&quot;&quot;,&quot;focal_length&quot;:&quot;3.99&quot;,&quot;iso&quot;:&quot;80&quot;,&quot;shutter_speed&quot;:&quot;0.058823529411765&quot;,&quot;title&quot;:&quot;&quot;,&quot;orientation&quot;:&quot;1&quot;}\" data-image-title=\"L&amp;rsquo;\u00e9trange myst\u00e8re du lac perdu 3\" data-image-description=\"\" data-image-caption=\"\" data-large-file=\"https:\/\/i0.wp.com\/www.jojoenherbe.com\/wp-content\/uploads\/2022\/08\/Letrange-mystere-du-lac-perdu-3-scaled.jpg?fit=676%2C519\" class=\"alignleft size-thumbnail wp-image-27227\" src=\"https:\/\/i0.wp.com\/www.jojoenherbe.com\/wp-content\/uploads\/2022\/08\/Letrange-mystere-du-lac-perdu-3.jpg?resize=150%2C150\" alt=\"\" width=\"150\" height=\"150\" srcset=\"https:\/\/i0.wp.com\/www.jojoenherbe.com\/wp-content\/uploads\/2022\/08\/Letrange-mystere-du-lac-perdu-3-scaled.jpg?resize=150%2C150 150w, https:\/\/i0.wp.com\/www.jojoenherbe.com\/wp-content\/uploads\/2022\/08\/Letrange-mystere-du-lac-perdu-3-scaled.jpg?zoom=2&amp;resize=150%2C150 300w, https:\/\/i0.wp.com\/www.jojoenherbe.com\/wp-content\/uploads\/2022\/08\/Letrange-mystere-du-lac-perdu-3-scaled.jpg?zoom=3&amp;resize=150%2C150 450w\" sizes=\"auto, (max-width: 150px) 100vw, 150px\" \/><\/a> <a href=\"https:\/\/i0.wp.com\/www.jojoenherbe.com\/wp-content\/uploads\/2022\/08\/Letrange-mystere-du-lac-perdu-4-scaled.jpg\"><img data-recalc-dims=\"1\" loading=\"lazy\" decoding=\"async\" data-attachment-id=\"27228\" data-permalink=\"http:\/\/www.jojoenherbe.com\/index.php\/2022\/08\/21\/au-fil-des-pages-avec-letrange-mystere-du-lac-perdu\/letrange-mystere-du-lac-perdu-4\/\" data-orig-file=\"https:\/\/i0.wp.com\/www.jojoenherbe.com\/wp-content\/uploads\/2022\/08\/Letrange-mystere-du-lac-perdu-4-scaled.jpg?fit=2560%2C1903\" data-orig-size=\"2560,1903\" data-comments-opened=\"1\" data-image-meta=\"{&quot;aperture&quot;:&quot;1.8&quot;,&quot;credit&quot;:&quot;&quot;,&quot;camera&quot;:&quot;iPhone 7&quot;,&quot;caption&quot;:&quot;&quot;,&quot;created_timestamp&quot;:&quot;1660920190&quot;,&quot;copyright&quot;:&quot;&quot;,&quot;focal_length&quot;:&quot;3.99&quot;,&quot;iso&quot;:&quot;80&quot;,&quot;shutter_speed&quot;:&quot;0.058823529411765&quot;,&quot;title&quot;:&quot;&quot;,&quot;orientation&quot;:&quot;1&quot;}\" data-image-title=\"L&amp;rsquo;\u00e9trange myst\u00e8re du lac perdu 4\" data-image-description=\"\" data-image-caption=\"\" data-large-file=\"https:\/\/i0.wp.com\/www.jojoenherbe.com\/wp-content\/uploads\/2022\/08\/Letrange-mystere-du-lac-perdu-4-scaled.jpg?fit=676%2C502\" class=\"alignleft size-thumbnail wp-image-27228\" src=\"https:\/\/i0.wp.com\/www.jojoenherbe.com\/wp-content\/uploads\/2022\/08\/Letrange-mystere-du-lac-perdu-4.jpg?resize=150%2C150\" alt=\"\" width=\"150\" height=\"150\" srcset=\"https:\/\/i0.wp.com\/www.jojoenherbe.com\/wp-content\/uploads\/2022\/08\/Letrange-mystere-du-lac-perdu-4-scaled.jpg?resize=150%2C150 150w, https:\/\/i0.wp.com\/www.jojoenherbe.com\/wp-content\/uploads\/2022\/08\/Letrange-mystere-du-lac-perdu-4-scaled.jpg?zoom=2&amp;resize=150%2C150 300w, https:\/\/i0.wp.com\/www.jojoenherbe.com\/wp-content\/uploads\/2022\/08\/Letrange-mystere-du-lac-perdu-4-scaled.jpg?zoom=3&amp;resize=150%2C150 450w\" sizes=\"auto, (max-width: 150px) 100vw, 150px\" \/><\/a>Nous lisons et relisons <span style=\"text-decoration: underline;\">L\u2019\u00e9trange myst\u00e8re du lac perdu<\/span> de Paddy Donnely (\u00e9d. Kimane, 2022), un album jeunesse \u00e0 partir de 3 ans. En Irlande du Nord, Ella va chez son grand-p\u00e8re qui vit au bord du lac Loughareema avec la loutre Cara. Un \u00e9trange myst\u00e8re entoure ce lac qui dispara\u00eet r\u00e9guli\u00e8rement. La petite fille percera-t-elle ce myst\u00e8re? <\/em><\/p>\n<p style=\"text-align: justify;\"><em><a href=\"https:\/\/i0.wp.com\/www.jojoenherbe.com\/wp-content\/uploads\/2022\/08\/Letrange-mystere-du-lac-perdu-6-scaled.jpg\"><img data-recalc-dims=\"1\" loading=\"lazy\" decoding=\"async\" data-attachment-id=\"27230\" data-permalink=\"http:\/\/www.jojoenherbe.com\/index.php\/2022\/08\/21\/au-fil-des-pages-avec-letrange-mystere-du-lac-perdu\/letrange-mystere-du-lac-perdu-6\/\" data-orig-file=\"https:\/\/i0.wp.com\/www.jojoenherbe.com\/wp-content\/uploads\/2022\/08\/Letrange-mystere-du-lac-perdu-6-scaled.jpg?fit=1920%2C2560\" data-orig-size=\"1920,2560\" data-comments-opened=\"1\" data-image-meta=\"{&quot;aperture&quot;:&quot;1.8&quot;,&quot;credit&quot;:&quot;&quot;,&quot;camera&quot;:&quot;iPhone 7&quot;,&quot;caption&quot;:&quot;&quot;,&quot;created_timestamp&quot;:&quot;1660920285&quot;,&quot;copyright&quot;:&quot;&quot;,&quot;focal_length&quot;:&quot;3.99&quot;,&quot;iso&quot;:&quot;100&quot;,&quot;shutter_speed&quot;:&quot;0.058823529411765&quot;,&quot;title&quot;:&quot;&quot;,&quot;orientation&quot;:&quot;1&quot;}\" data-image-title=\"L&amp;rsquo;\u00e9trange myst\u00e8re du lac perdu 6\" data-image-description=\"\" data-image-caption=\"\" data-large-file=\"https:\/\/i0.wp.com\/www.jojoenherbe.com\/wp-content\/uploads\/2022\/08\/Letrange-mystere-du-lac-perdu-6-scaled.jpg?fit=676%2C901\" class=\"size-thumbnail wp-image-27230 alignright\" src=\"https:\/\/i0.wp.com\/www.jojoenherbe.com\/wp-content\/uploads\/2022\/08\/Letrange-mystere-du-lac-perdu-6.jpg?resize=150%2C150\" alt=\"\" width=\"150\" height=\"150\" srcset=\"https:\/\/i0.wp.com\/www.jojoenherbe.com\/wp-content\/uploads\/2022\/08\/Letrange-mystere-du-lac-perdu-6-scaled.jpg?resize=150%2C150 150w, https:\/\/i0.wp.com\/www.jojoenherbe.com\/wp-content\/uploads\/2022\/08\/Letrange-mystere-du-lac-perdu-6-scaled.jpg?zoom=2&amp;resize=150%2C150 300w, https:\/\/i0.wp.com\/www.jojoenherbe.com\/wp-content\/uploads\/2022\/08\/Letrange-mystere-du-lac-perdu-6-scaled.jpg?zoom=3&amp;resize=150%2C150 450w\" sizes=\"auto, (max-width: 150px) 100vw, 150px\" \/><\/a> <a href=\"https:\/\/i0.wp.com\/www.jojoenherbe.com\/wp-content\/uploads\/2022\/08\/Letrange-mystere-du-lac-perdu-5-scaled.jpg\"><img data-recalc-dims=\"1\" loading=\"lazy\" decoding=\"async\" data-attachment-id=\"27229\" data-permalink=\"http:\/\/www.jojoenherbe.com\/index.php\/2022\/08\/21\/au-fil-des-pages-avec-letrange-mystere-du-lac-perdu\/letrange-mystere-du-lac-perdu-5\/\" data-orig-file=\"https:\/\/i0.wp.com\/www.jojoenherbe.com\/wp-content\/uploads\/2022\/08\/Letrange-mystere-du-lac-perdu-5-scaled.jpg?fit=2560%2C1896\" data-orig-size=\"2560,1896\" data-comments-opened=\"1\" data-image-meta=\"{&quot;aperture&quot;:&quot;1.8&quot;,&quot;credit&quot;:&quot;&quot;,&quot;camera&quot;:&quot;iPhone 7&quot;,&quot;caption&quot;:&quot;&quot;,&quot;created_timestamp&quot;:&quot;1660920329&quot;,&quot;copyright&quot;:&quot;&quot;,&quot;focal_length&quot;:&quot;3.99&quot;,&quot;iso&quot;:&quot;100&quot;,&quot;shutter_speed&quot;:&quot;0.058823529411765&quot;,&quot;title&quot;:&quot;&quot;,&quot;orientation&quot;:&quot;1&quot;}\" data-image-title=\"L&amp;rsquo;\u00e9trange myst\u00e8re du lac perdu 5\" data-image-description=\"\" data-image-caption=\"\" data-large-file=\"https:\/\/i0.wp.com\/www.jojoenherbe.com\/wp-content\/uploads\/2022\/08\/Letrange-mystere-du-lac-perdu-5-scaled.jpg?fit=676%2C500\" class=\"size-thumbnail wp-image-27229 alignright\" src=\"https:\/\/i0.wp.com\/www.jojoenherbe.com\/wp-content\/uploads\/2022\/08\/Letrange-mystere-du-lac-perdu-5.jpg?resize=150%2C150\" alt=\"\" width=\"150\" height=\"150\" srcset=\"https:\/\/i0.wp.com\/www.jojoenherbe.com\/wp-content\/uploads\/2022\/08\/Letrange-mystere-du-lac-perdu-5-scaled.jpg?resize=150%2C150 150w, https:\/\/i0.wp.com\/www.jojoenherbe.com\/wp-content\/uploads\/2022\/08\/Letrange-mystere-du-lac-perdu-5-scaled.jpg?zoom=2&amp;resize=150%2C150 300w, https:\/\/i0.wp.com\/www.jojoenherbe.com\/wp-content\/uploads\/2022\/08\/Letrange-mystere-du-lac-perdu-5-scaled.jpg?zoom=3&amp;resize=150%2C150 450w\" sizes=\"auto, (max-width: 150px) 100vw, 150px\" \/><\/a>Il y est question de la d\u00e9couverte de la Nature, d\u2019\u00e9merveillement qui fait la part belle \u00e0 l&rsquo;imagination, la fantaisie et \u00e0 la magie mais aussi d&rsquo;une belle complicit\u00e9 interg\u00e9n\u00e9rationnelle entre un grand-p\u00e8re et sa petite fille, le grand-p\u00e8re d&rsquo;Ella s&rsquo;amusant \u00e0 \u00e9mettre des hypoth\u00e8ses farfelues et rigolotes, certaines renvoyant \u00e0 la par\u00e9idolie ou aux l\u00e9gendes et gu\u00e8re scientifiques pour expliquer cette disparition en d\u00e9signant tour \u00e0 tour comme auteurs des moutons, un g\u00e9ant, des sir\u00e8nes ou bien encore des narvals&#8230; Mais la petite fille n&rsquo;est pas dupe et tente de donner une explication scientifique.<br \/>\n<\/em><\/p>\n<p style=\"text-align: justify;\"><em>Les illustrations sont tr\u00e8s jolies et donnent envie de s&rsquo;\u00e9vader comme eux dans la Nature. Cela me rappelle d&rsquo;ailleurs des paysages de mon voyage en Irlande du Sud. Coup de c\u0153ur pour cet album jeunesse qui se termine sur une double page documentaire sur le lac Loughareema, avec cette fois une explication scientifique de ce ph\u00e9nom\u00e8ne naturel!<\/em><\/p>\n<div id=\"attachment_4689\" style=\"width: 101px\" class=\"wp-caption alignleft\"><img loading=\"lazy\" decoding=\"async\" aria-describedby=\"caption-attachment-4689\" class=\"wp-image-4689\" src=\"https:\/\/lelivroblog.files.wordpress.com\/2022\/01\/logo-bm4.jpeg?w=1024&#038;resize=91%2C91\" sizes=\"auto, (max-width: 1024px) 100vw, 1024px\" srcset=\"https:\/\/lelivroblog.files.wordpress.com\/2022\/01\/logo-bm4.jpeg?w=1024&amp;resize=99%2C99&amp;resize=91%2C91 1024w, https:\/\/lelivroblog.files.wordpress.com\/2022\/01\/logo-bm4.jpeg?w=150 150w, https:\/\/lelivroblog.files.wordpress.com\/2022\/01\/logo-bm4.jpeg?w=300 300w, https:\/\/lelivroblog.files.wordpress.com\/2022\/01\/logo-bm4.jpeg?w=768 768w, https:\/\/lelivroblog.files.wordpress.com\/2022\/01\/logo-bm4.jpeg 1080w\" alt=\"\" width=\"91\" height=\"91\" aria-describedby=\"caption-attachment-4689\" data-attachment-id=\"4689\" data-permalink=\"https:\/\/lelivroblog.wordpress.com\/logo-bm4\/\" data-orig-file=\"https:\/\/lelivroblog.files.wordpress.com\/2022\/01\/logo-bm4.jpeg\" data-orig-size=\"1080,1080\" data-comments-opened=\"1\" data-image-meta=\"{&quot;aperture&quot;:&quot;0&quot;,&quot;credit&quot;:&quot;&quot;,&quot;camera&quot;:&quot;&quot;,&quot;caption&quot;:&quot;&quot;,&quot;created_timestamp&quot;:&quot;0&quot;,&quot;copyright&quot;:&quot;&quot;,&quot;focal_length&quot;:&quot;0&quot;,&quot;iso&quot;:&quot;0&quot;,&quot;shutter_speed&quot;:&quot;0&quot;,&quot;title&quot;:&quot;&quot;,&quot;orientation&quot;:&quot;0&quot;}\" data-image-title=\"logo-bm4\" data-image-description=\"\" data-image-caption=\"\" data-medium-file=\"https:\/\/lelivroblog.files.wordpress.com\/2022\/01\/logo-bm4.jpeg?w=300\" data-large-file=\"https:\/\/lelivroblog.files.wordpress.com\/2022\/01\/logo-bm4.jpeg?w=736\" data-recalc-dims=\"1\" \/><p id=\"caption-attachment-4689\" class=\"wp-caption-text\">Participation #10 Challenge British Mysteries 2022 de <a href=\"https:\/\/lelivroblog.wordpress.com\/2022\/01\/11\/challenge-british-mysteries-2022\/\">Hilde<\/a> et <a href=\"http:\/\/www.myloubook.com\/2022\/01\/11\/challenge-british-mysteries-2022\/\">Lou<\/a> #Album jeunesse<\/p><\/div>\n<div style=\"width: 110px\" class=\"wp-caption alignleft\"><img loading=\"lazy\" decoding=\"async\" src=\"https:\/\/i2.wp.com\/mapetitemediatheque.fr\/wp-content\/uploads\/2021\/11\/Inkedle-tour-du-monde-en-80-livres-2_LI.jpg?resize=168%2C127&amp;ssl=1\" alt=\"\" width=\"100\" height=\"75\" \/><p class=\"wp-caption-text\">Participation #77 Challenge Le tour du monde en 80 livres de <a href=\"https:\/\/mapetitemediatheque.fr\/2021\/12\/le-tour-du-monde-en-80-livres-le-challenge-qui-vous-fait-aimer-la-litterature-etrangere\/\">Bidib<\/a> #Irlande<\/p><\/div>\n<div style=\"width: 109px\" class=\"wp-caption alignleft\"><img loading=\"lazy\" decoding=\"async\" src=\"https:\/\/lh3.googleusercontent.com\/pw\/AM-JKLW-8Xy9BIRqinPzrRBz2J2pSlRnlFIwPEKmmv1zpAf3DZoC0nJGqVPx8b0ycvPVte06hr4gaDsphFfyIzipAAW1MPEwEpWUpvmIVdN6H4fs8knOaKBdlyDoMp3hCYeWKD_2Ax2fVRZYrtgs4qzmpYdYpQ=w285-h217-no?authuser=1\" alt=\"\" width=\"99\" height=\"75\" \/><p class=\"wp-caption-text\">Challenge Petit Bac d\u2019<a href=\"https:\/\/ennalit.wordpress.com\/2021\/12\/01\/challenge-petit-bac-2022-qui-veut-jouer\/\">Enna<\/a> #6 Cat\u00e9gorie Lieu: \u00ab Lac \u00bb<\/p><\/div>\n<div style=\"width: 114px\" class=\"wp-caption alignleft\"><img loading=\"lazy\" decoding=\"async\" class=\"attachment-post-image  wp-post-image\" src=\"https:\/\/i0.wp.com\/www.jojoenherbe.com\/wp-content\/uploads\/2022\/03\/Challenge-Cottagecore-2022.jpg?fit=676%2C576&amp;ssl=1\" sizes=\"auto, (max-width: 676px) 100vw, 676px\" srcset=\"https:\/\/i0.wp.com\/www.jojoenherbe.com\/wp-content\/uploads\/2022\/03\/Challenge-Cottagecore-2022.jpg?w=747&amp;ssl=1 747w, https:\/\/i0.wp.com\/www.jojoenherbe.com\/wp-content\/uploads\/2022\/03\/Challenge-Cottagecore-2022.jpg?resize=300%2C256&amp;ssl=1 300w, https:\/\/i0.wp.com\/www.jojoenherbe.com\/wp-content\/uploads\/2022\/03\/Challenge-Cottagecore-2022.jpg?resize=676%2C576&amp;ssl=1 676w\" alt=\"\" width=\"104\" height=\"89\" data-attachment-id=\"24400\" data-permalink=\"https:\/\/www.jojoenherbe.com\/index.php\/2022\/03\/28\/billet-de-suivi-challenge-cottagecore-2022\/challenge-cottagecore-2022\/\" data-orig-file=\"https:\/\/i0.wp.com\/www.jojoenherbe.com\/wp-content\/uploads\/2022\/03\/Challenge-Cottagecore-2022.jpg?fit=747%2C637&amp;ssl=1\" data-orig-size=\"747,637\" data-comments-opened=\"1\" data-image-meta=\"{&quot;aperture&quot;:&quot;0&quot;,&quot;credit&quot;:&quot;&quot;,&quot;camera&quot;:&quot;&quot;,&quot;caption&quot;:&quot;&quot;,&quot;created_timestamp&quot;:&quot;0&quot;,&quot;copyright&quot;:&quot;&quot;,&quot;focal_length&quot;:&quot;0&quot;,&quot;iso&quot;:&quot;0&quot;,&quot;shutter_speed&quot;:&quot;0&quot;,&quot;title&quot;:&quot;&quot;,&quot;orientation&quot;:&quot;0&quot;}\" data-image-title=\"Challenge Cottagecore 2022\" data-image-description=\"\" data-image-caption=\"\" data-medium-file=\"https:\/\/i0.wp.com\/www.jojoenherbe.com\/wp-content\/uploads\/2022\/03\/Challenge-Cottagecore-2022.jpg?fit=300%2C256&amp;ssl=1\" data-large-file=\"https:\/\/i0.wp.com\/www.jojoenherbe.com\/wp-content\/uploads\/2022\/03\/Challenge-Cottagecore-2022.jpg?fit=676%2C576&amp;ssl=1\" \/><p class=\"wp-caption-text\">Participation #10 Challenge Cottagecore 2022 de <a href=\"https:\/\/artdelire.org\/2022\/03\/26\/challenge-cottagecore-2022-cest-parti-pour-une-nouvelle-saison\/\">MissyCornish<\/a> #R\u00eaveries au bord de l\u2019eau\/M\u00e9fiez-vous de de l\u2019eau qui dort<\/p><\/div>\n<div style=\"width: 100px\" class=\"wp-caption alignleft\"><img loading=\"lazy\" decoding=\"async\" src=\"https:\/\/i2.wp.com\/mapetitemediatheque.fr\/wp-content\/uploads\/2021\/07\/challenge-contes-et-legendes-239x300-1.jpg?resize=137%2C172\" alt=\"\" width=\"90\" height=\"113\" \/><p class=\"wp-caption-text\">Participation #23 Challenge Contes &amp; L\u00e9gendes 2022 de <a href=\"http:\/\/mapetitemediatheque.fr\/2021\/12\/challenge-contes-legendes-2022\/\">Bidib<\/a> #L\u00e9gende<\/p><\/div>\n","protected":false},"excerpt":{"rendered":"<p>Nous lisons et relisons L\u2019\u00e9trange myst\u00e8re du lac perdu de Paddy Donnely (\u00e9d. Kimane, 2022), un album jeunesse \u00e0 partir de 3 ans. En Irlande du Nord, Ella va chez son grand-p\u00e8re qui vit au bord du lac Loughareema avec la loutre Cara. Un \u00e9trange myst\u00e8re entoure ce lac qui dispara\u00eet r\u00e9guli\u00e8rement. La petite fille [&hellip;]<\/p>\n","protected":false},"author":1,"featured_media":27220,"comment_status":"open","ping_status":"open","sticky":false,"template":"","format":"standard","meta":{"jetpack_post_was_ever_published":false,"_jetpack_newsletter_access":"","_jetpack_dont_email_post_to_subs":false,"_jetpack_newsletter_tier_id":0,"_jetpack_memberships_contains_paywalled_content":false,"_jetpack_memberships_contains_paid_content":false,"footnotes":""},"categories":[363],"tags":[785,409,2955,3037,2915,914,620,974,1283,453,110,3351,49,2918,367,775,3352,727,3353,542,1179,3354,543,3333,626,3105,3035],"class_list":["post-27216","post","type-post","status-publish","format-standard","has-post-thumbnail","hentry","category-mini-lecteur","tag-3-6-ans","tag-albums-jeunesse","tag-challenge-british-mysteries-2022","tag-challenge-cottagecore-2022","tag-challenge-petit-bac-2022","tag-enquete","tag-fille","tag-geant","tag-grand-pere","tag-imagination","tag-irlande","tag-lac-loughareema","tag-lacs","tag-le-tour-du-monde-en-80-livres-2022","tag-lecture-jeunesse","tag-legendes","tag-loutre","tag-magie","tag-mammouth","tag-mouton","tag-mystere","tag-narval","tag-nature","tag-paddy-donnely","tag-pareidolie","tag-relation-intergenerationnelle","tag-sirene","post-preview"],"jetpack_featured_media_url":"https:\/\/i0.wp.com\/www.jojoenherbe.com\/wp-content\/uploads\/2022\/08\/Letrange-mystere-du-lac-perdu-2-scaled.jpg?fit=2560%2C1970","jetpack_sharing_enabled":true,"jetpack_shortlink":"https:\/\/wp.me\/p9zhGx-74Y","jetpack_likes_enabled":true,"jetpack-related-posts":[{"id":27010,"url":"http:\/\/www.jojoenherbe.com\/index.php\/2022\/08\/15\/point-lecture-hebdomadaire-54\/","url_meta":{"origin":27216,"position":0},"title":"Point lecture hebdomadaire #54","author":"Jojo","date":"15 ao\u00fbt 2022","format":false,"excerpt":"En ce d\u00e9but de semaine, voici notre point lecture hebdomadaire avec un retour sur nos lectures de la semaine derni\u00e8re (mais pas nos relectures) et ma lecture en cours. Nos lectures du 8 au 14 ao\u00fbt 2022: Des lectures jeunesse: (Album jeunesse) L'\u00e9trange myst\u00e8re du lac perdu de Paddy Donnely\u2026","rel":"","context":"Dans &quot;Mini blogueur&quot;","block_context":{"text":"Mini blogueur","link":"http:\/\/www.jojoenherbe.com\/index.php\/category\/mini-blogueur\/"},"img":{"alt_text":"","src":"https:\/\/i0.wp.com\/www.jojoenherbe.com\/wp-content\/uploads\/2022\/08\/Point-lecture-hebdo-54-scaled.jpg?fit=1200%2C1001&resize=350%2C200","width":350,"height":200,"srcset":"https:\/\/i0.wp.com\/www.jojoenherbe.com\/wp-content\/uploads\/2022\/08\/Point-lecture-hebdo-54-scaled.jpg?fit=1200%2C1001&resize=350%2C200 1x, https:\/\/i0.wp.com\/www.jojoenherbe.com\/wp-content\/uploads\/2022\/08\/Point-lecture-hebdo-54-scaled.jpg?fit=1200%2C1001&resize=525%2C300 1.5x, https:\/\/i0.wp.com\/www.jojoenherbe.com\/wp-content\/uploads\/2022\/08\/Point-lecture-hebdo-54-scaled.jpg?fit=1200%2C1001&resize=700%2C400 2x, https:\/\/i0.wp.com\/www.jojoenherbe.com\/wp-content\/uploads\/2022\/08\/Point-lecture-hebdo-54-scaled.jpg?fit=1200%2C1001&resize=1050%2C600 3x"},"classes":[]},{"id":24398,"url":"http:\/\/www.jojoenherbe.com\/index.php\/2022\/03\/28\/billet-de-suivi-challenge-cottagecore-2022\/","url_meta":{"origin":27216,"position":1},"title":"Billet de suivi: Challenge Cottagecore 2022","author":"Jojo","date":"28 mars 2022","format":false,"excerpt":"MissyCornish organise pour la deuxi\u00e8me ann\u00e9e son Challenge Cottagecore qui aura lieu du 30 mars au 30 septembre 2022. Comme l'ann\u00e9e derni\u00e8re, elle a pr\u00e9vu un programme facultatif que je vais essayer de suivre le plus possible, cinq cat\u00e9gories et des d\u00e9fis autour d\u2019histoires bucoliques et champ\u00eatres. Pour plus d\u2019infos,\u2026","rel":"","context":"Dans &quot;Mini challenger&quot;","block_context":{"text":"Mini challenger","link":"http:\/\/www.jojoenherbe.com\/index.php\/category\/mini-challenger\/"},"img":{"alt_text":"","src":"https:\/\/i0.wp.com\/www.jojoenherbe.com\/wp-content\/uploads\/2022\/03\/Challenge-Cottagecore-2022.jpg?fit=747%2C637&resize=350%2C200","width":350,"height":200,"srcset":"https:\/\/i0.wp.com\/www.jojoenherbe.com\/wp-content\/uploads\/2022\/03\/Challenge-Cottagecore-2022.jpg?fit=747%2C637&resize=350%2C200 1x, https:\/\/i0.wp.com\/www.jojoenherbe.com\/wp-content\/uploads\/2022\/03\/Challenge-Cottagecore-2022.jpg?fit=747%2C637&resize=525%2C300 1.5x, https:\/\/i0.wp.com\/www.jojoenherbe.com\/wp-content\/uploads\/2022\/03\/Challenge-Cottagecore-2022.jpg?fit=747%2C637&resize=700%2C400 2x"},"classes":[]},{"id":32698,"url":"http:\/\/www.jojoenherbe.com\/index.php\/2023\/10\/18\/au-fil-des-pages-avec-le-tome-4-de-mortina\/","url_meta":{"origin":27216,"position":2},"title":"Au fil des pages avec le tome 4 de Mortina","author":"Jojo","date":"18 octobre 2023","format":false,"excerpt":"J'ai lu le tome 4 de Mortina, Les Vacances au lac Myst\u00e8re de Barbara Cantini (\u00e9d. Albin Michel Jeunesse, octobre 2020, 50 pages), un un roman jeunesse illustr\u00e9 (premi\u00e8res lectures) \u00e0 partir de 6 ans. Mortina et sa famille de la villa D\u00e9cadente sont invit\u00e9es en vacances pour le solstice\u2026","rel":"","context":"Dans &quot;Mini lecteur&quot;","block_context":{"text":"Mini lecteur","link":"http:\/\/www.jojoenherbe.com\/index.php\/category\/mini-lecteur\/"},"img":{"alt_text":"","src":"https:\/\/i0.wp.com\/www.jojoenherbe.com\/wp-content\/uploads\/2023\/10\/Mortina-T4-scaled.jpg?fit=1200%2C968&resize=350%2C200","width":350,"height":200,"srcset":"https:\/\/i0.wp.com\/www.jojoenherbe.com\/wp-content\/uploads\/2023\/10\/Mortina-T4-scaled.jpg?fit=1200%2C968&resize=350%2C200 1x, https:\/\/i0.wp.com\/www.jojoenherbe.com\/wp-content\/uploads\/2023\/10\/Mortina-T4-scaled.jpg?fit=1200%2C968&resize=525%2C300 1.5x, https:\/\/i0.wp.com\/www.jojoenherbe.com\/wp-content\/uploads\/2023\/10\/Mortina-T4-scaled.jpg?fit=1200%2C968&resize=700%2C400 2x, https:\/\/i0.wp.com\/www.jojoenherbe.com\/wp-content\/uploads\/2023\/10\/Mortina-T4-scaled.jpg?fit=1200%2C968&resize=1050%2C600 3x"},"classes":[]},{"id":12470,"url":"http:\/\/www.jojoenherbe.com\/index.php\/2020\/09\/25\/au-fil-des-pages-avec-hina-et-le-prince-du-lac-vahiria\/","url_meta":{"origin":27216,"position":3},"title":"Au fil des pages avec Hina et le prince du lac Vahiria","author":"Jojo","date":"25 septembre 2020","format":false,"excerpt":"Pour la piste n\u00b07 du Mois des Contes et L\u00e9gendes 2020, \"Escale en Oc\u00e9anie\", j'emprunte \u00e0 la m\u00e9diath\u00e8que un conte de Tahiti \u00e9galement appel\u00e9 la l\u00e9gende du cocotier: Hina et le prince du lac Vahiria de C\u00e9line Ripoll et Daniela Cytryn (\u00e9d. du Sorbier, coll. \"Au berceau du monde\", 2009),\u2026","rel":"","context":"Dans &quot;Mini lecteur&quot;","block_context":{"text":"Mini lecteur","link":"http:\/\/www.jojoenherbe.com\/index.php\/category\/mini-lecteur\/"},"img":{"alt_text":"","src":"https:\/\/i0.wp.com\/www.jojoenherbe.com\/wp-content\/uploads\/2020\/09\/Hina-et-le-prince-du-lac-Vahiria-scaled.jpg?fit=1200%2C900&resize=350%2C200","width":350,"height":200,"srcset":"https:\/\/i0.wp.com\/www.jojoenherbe.com\/wp-content\/uploads\/2020\/09\/Hina-et-le-prince-du-lac-Vahiria-scaled.jpg?fit=1200%2C900&resize=350%2C200 1x, https:\/\/i0.wp.com\/www.jojoenherbe.com\/wp-content\/uploads\/2020\/09\/Hina-et-le-prince-du-lac-Vahiria-scaled.jpg?fit=1200%2C900&resize=525%2C300 1.5x, https:\/\/i0.wp.com\/www.jojoenherbe.com\/wp-content\/uploads\/2020\/09\/Hina-et-le-prince-du-lac-Vahiria-scaled.jpg?fit=1200%2C900&resize=700%2C400 2x, https:\/\/i0.wp.com\/www.jojoenherbe.com\/wp-content\/uploads\/2020\/09\/Hina-et-le-prince-du-lac-Vahiria-scaled.jpg?fit=1200%2C900&resize=1050%2C600 3x"},"classes":[]},{"id":19313,"url":"http:\/\/www.jojoenherbe.com\/index.php\/2021\/07\/31\/au-fil-des-pages-avec-le-parfum-des-grandes-vacances\/","url_meta":{"origin":27216,"position":4},"title":"Au fil des pages avec Le parfum des grandes vacances","author":"Jojo","date":"31 juillet 2021","format":false,"excerpt":"Je lis Le parfum des grandes vacances de Thibault Prugne (\u00e9d. Margot, 2019), un album jeunesse grand format \u00e0 partir de 6 ans.\u00a0 Une petite fille, Louise passe l\u2019\u00e9t\u00e9 chez P\u00e9p\u00e9 L\u00e9on son grand-p\u00e8re maternel, solitaire et excentrique, loin de la guerre. D'abord un peu intimid\u00e9e par son grand-p\u00e8re, elle\u2026","rel":"","context":"Dans &quot;Mini lecteur&quot;","block_context":{"text":"Mini lecteur","link":"http:\/\/www.jojoenherbe.com\/index.php\/category\/mini-lecteur\/"},"img":{"alt_text":"","src":"https:\/\/i0.wp.com\/www.jojoenherbe.com\/wp-content\/uploads\/2021\/07\/Le-parfum-des-grandes-vacances-scaled.jpg?fit=1200%2C900&resize=350%2C200","width":350,"height":200,"srcset":"https:\/\/i0.wp.com\/www.jojoenherbe.com\/wp-content\/uploads\/2021\/07\/Le-parfum-des-grandes-vacances-scaled.jpg?fit=1200%2C900&resize=350%2C200 1x, https:\/\/i0.wp.com\/www.jojoenherbe.com\/wp-content\/uploads\/2021\/07\/Le-parfum-des-grandes-vacances-scaled.jpg?fit=1200%2C900&resize=525%2C300 1.5x, https:\/\/i0.wp.com\/www.jojoenherbe.com\/wp-content\/uploads\/2021\/07\/Le-parfum-des-grandes-vacances-scaled.jpg?fit=1200%2C900&resize=700%2C400 2x, https:\/\/i0.wp.com\/www.jojoenherbe.com\/wp-content\/uploads\/2021\/07\/Le-parfum-des-grandes-vacances-scaled.jpg?fit=1200%2C900&resize=1050%2C600 3x"},"classes":[]},{"id":19229,"url":"http:\/\/www.jojoenherbe.com\/index.php\/2021\/06\/19\/au-fil-des-pages-avec-lanniversaire\/","url_meta":{"origin":27216,"position":5},"title":"Au fil des pages avec L&rsquo;anniversaire","author":"Jojo","date":"19 juin 2021","format":false,"excerpt":"En ce 19 juin 2021, je continue en lecture commune avec Blandine notre plong\u00e9e dans l'univers fascinant d'Alice au pays des merveilles. Outre les nombreuses versions du texte originel de Lewis Carroll (tant des traductions que des illustrations), cet univers a inspir\u00e9 aussi tout un tas d'auteurs\/illustrateurs. Nous avons donc\u2026","rel":"","context":"Dans &quot;Mini lecteur&quot;","block_context":{"text":"Mini lecteur","link":"http:\/\/www.jojoenherbe.com\/index.php\/category\/mini-lecteur\/"},"img":{"alt_text":"","src":"https:\/\/i0.wp.com\/www.jojoenherbe.com\/wp-content\/uploads\/2021\/06\/Lanniversaire-scaled.jpg?fit=1200%2C970&resize=350%2C200","width":350,"height":200,"srcset":"https:\/\/i0.wp.com\/www.jojoenherbe.com\/wp-content\/uploads\/2021\/06\/Lanniversaire-scaled.jpg?fit=1200%2C970&resize=350%2C200 1x, https:\/\/i0.wp.com\/www.jojoenherbe.com\/wp-content\/uploads\/2021\/06\/Lanniversaire-scaled.jpg?fit=1200%2C970&resize=525%2C300 1.5x, https:\/\/i0.wp.com\/www.jojoenherbe.com\/wp-content\/uploads\/2021\/06\/Lanniversaire-scaled.jpg?fit=1200%2C970&resize=700%2C400 2x, https:\/\/i0.wp.com\/www.jojoenherbe.com\/wp-content\/uploads\/2021\/06\/Lanniversaire-scaled.jpg?fit=1200%2C970&resize=1050%2C600 3x"},"classes":[]}],"_links":{"self":[{"href":"http:\/\/www.jojoenherbe.com\/index.php\/wp-json\/wp\/v2\/posts\/27216","targetHints":{"allow":["GET"]}}],"collection":[{"href":"http:\/\/www.jojoenherbe.com\/index.php\/wp-json\/wp\/v2\/posts"}],"about":[{"href":"http:\/\/www.jojoenherbe.com\/index.php\/wp-json\/wp\/v2\/types\/post"}],"author":[{"embeddable":true,"href":"http:\/\/www.jojoenherbe.com\/index.php\/wp-json\/wp\/v2\/users\/1"}],"replies":[{"embeddable":true,"href":"http:\/\/www.jojoenherbe.com\/index.php\/wp-json\/wp\/v2\/comments?post=27216"}],"version-history":[{"count":14,"href":"http:\/\/www.jojoenherbe.com\/index.php\/wp-json\/wp\/v2\/posts\/27216\/revisions"}],"predecessor-version":[{"id":27238,"href":"http:\/\/www.jojoenherbe.com\/index.php\/wp-json\/wp\/v2\/posts\/27216\/revisions\/27238"}],"wp:featuredmedia":[{"embeddable":true,"href":"http:\/\/www.jojoenherbe.com\/index.php\/wp-json\/wp\/v2\/media\/27220"}],"wp:attachment":[{"href":"http:\/\/www.jojoenherbe.com\/index.php\/wp-json\/wp\/v2\/media?parent=27216"}],"wp:term":[{"taxonomy":"category","embeddable":true,"href":"http:\/\/www.jojoenherbe.com\/index.php\/wp-json\/wp\/v2\/categories?post=27216"},{"taxonomy":"post_tag","embeddable":true,"href":"http:\/\/www.jojoenherbe.com\/index.php\/wp-json\/wp\/v2\/tags?post=27216"}],"curies":[{"name":"wp","href":"https:\/\/api.w.org\/{rel}","templated":true}]}}