{"id":26831,"date":"2022-08-04T11:17:35","date_gmt":"2022-08-04T09:17:35","guid":{"rendered":"https:\/\/www.jojoenherbe.com\/?p=26831"},"modified":"2022-08-04T11:17:35","modified_gmt":"2022-08-04T09:17:35","slug":"au-fil-des-pages-avec-au-commencement","status":"publish","type":"post","link":"http:\/\/www.jojoenherbe.com\/index.php\/2022\/08\/04\/au-fil-des-pages-avec-au-commencement\/","title":{"rendered":"Au fil des pages avec Au commencement"},"content":{"rendered":"<p style=\"text-align: justify;\"><em><a href=\"https:\/\/i0.wp.com\/www.jojoenherbe.com\/wp-content\/uploads\/2022\/08\/Au-commencement-2-scaled.jpg\"><img data-recalc-dims=\"1\" loading=\"lazy\" decoding=\"async\" data-attachment-id=\"26832\" data-permalink=\"http:\/\/www.jojoenherbe.com\/index.php\/2022\/08\/04\/au-fil-des-pages-avec-au-commencement\/au-commencement-2\/\" data-orig-file=\"https:\/\/i0.wp.com\/www.jojoenherbe.com\/wp-content\/uploads\/2022\/08\/Au-commencement-2-scaled.jpg?fit=2560%2C1699\" data-orig-size=\"2560,1699\" data-comments-opened=\"1\" data-image-meta=\"{&quot;aperture&quot;:&quot;1.8&quot;,&quot;credit&quot;:&quot;&quot;,&quot;camera&quot;:&quot;iPhone 7&quot;,&quot;caption&quot;:&quot;&quot;,&quot;created_timestamp&quot;:&quot;1634040600&quot;,&quot;copyright&quot;:&quot;&quot;,&quot;focal_length&quot;:&quot;3.99&quot;,&quot;iso&quot;:&quot;80&quot;,&quot;shutter_speed&quot;:&quot;0.058823529411765&quot;,&quot;title&quot;:&quot;&quot;,&quot;orientation&quot;:&quot;1&quot;}\" data-image-title=\"Au commencement 2\" data-image-description=\"\" data-image-caption=\"\" data-large-file=\"https:\/\/i0.wp.com\/www.jojoenherbe.com\/wp-content\/uploads\/2022\/08\/Au-commencement-2-scaled.jpg?fit=676%2C449\" class=\"alignleft size-thumbnail wp-image-26832\" src=\"https:\/\/i0.wp.com\/www.jojoenherbe.com\/wp-content\/uploads\/2022\/08\/Au-commencement-2.jpg?resize=150%2C150\" alt=\"\" width=\"150\" height=\"150\" srcset=\"https:\/\/i0.wp.com\/www.jojoenherbe.com\/wp-content\/uploads\/2022\/08\/Au-commencement-2-scaled.jpg?resize=150%2C150 150w, https:\/\/i0.wp.com\/www.jojoenherbe.com\/wp-content\/uploads\/2022\/08\/Au-commencement-2-scaled.jpg?zoom=2&amp;resize=150%2C150 300w, https:\/\/i0.wp.com\/www.jojoenherbe.com\/wp-content\/uploads\/2022\/08\/Au-commencement-2-scaled.jpg?zoom=3&amp;resize=150%2C150 450w\" sizes=\"auto, (max-width: 150px) 100vw, 150px\" \/><\/a> <a href=\"https:\/\/i0.wp.com\/www.jojoenherbe.com\/wp-content\/uploads\/2022\/08\/Au-commencement-4-scaled.jpg\"><img data-recalc-dims=\"1\" loading=\"lazy\" decoding=\"async\" data-attachment-id=\"26834\" data-permalink=\"http:\/\/www.jojoenherbe.com\/index.php\/2022\/08\/04\/au-fil-des-pages-avec-au-commencement\/au-commencement-4\/\" data-orig-file=\"https:\/\/i0.wp.com\/www.jojoenherbe.com\/wp-content\/uploads\/2022\/08\/Au-commencement-4-scaled.jpg?fit=2560%2C1787\" data-orig-size=\"2560,1787\" data-comments-opened=\"1\" data-image-meta=\"{&quot;aperture&quot;:&quot;1.8&quot;,&quot;credit&quot;:&quot;&quot;,&quot;camera&quot;:&quot;iPhone 7&quot;,&quot;caption&quot;:&quot;&quot;,&quot;created_timestamp&quot;:&quot;1634040621&quot;,&quot;copyright&quot;:&quot;&quot;,&quot;focal_length&quot;:&quot;3.99&quot;,&quot;iso&quot;:&quot;100&quot;,&quot;shutter_speed&quot;:&quot;0.058823529411765&quot;,&quot;title&quot;:&quot;&quot;,&quot;orientation&quot;:&quot;1&quot;}\" data-image-title=\"Au commencement 4\" data-image-description=\"\" data-image-caption=\"\" data-large-file=\"https:\/\/i0.wp.com\/www.jojoenherbe.com\/wp-content\/uploads\/2022\/08\/Au-commencement-4-scaled.jpg?fit=676%2C472\" class=\"alignleft size-thumbnail wp-image-26834\" src=\"https:\/\/i0.wp.com\/www.jojoenherbe.com\/wp-content\/uploads\/2022\/08\/Au-commencement-4.jpg?resize=150%2C150\" alt=\"\" width=\"150\" height=\"150\" srcset=\"https:\/\/i0.wp.com\/www.jojoenherbe.com\/wp-content\/uploads\/2022\/08\/Au-commencement-4-scaled.jpg?resize=150%2C150 150w, https:\/\/i0.wp.com\/www.jojoenherbe.com\/wp-content\/uploads\/2022\/08\/Au-commencement-4-scaled.jpg?zoom=2&amp;resize=150%2C150 300w, https:\/\/i0.wp.com\/www.jojoenherbe.com\/wp-content\/uploads\/2022\/08\/Au-commencement-4-scaled.jpg?zoom=3&amp;resize=150%2C150 450w\" sizes=\"auto, (max-width: 150px) 100vw, 150px\" \/><\/a>Nous avons lu et relu en octobre 2021 <span style=\"text-decoration: underline;\">Au commencement<\/span> d&rsquo;Henri Meunier et Vincent Bergier (\u00e9d. Seuil Jeunesse, 2017), un grand album jeunesse documentaire \u00e0 partir de 6 ans qui aborde avec humour et du point de vue des fourmis l&rsquo;apparition de la vie sur Terre, apr\u00e8s le point de vue des poules dans <span style=\"text-decoration: underline;\">Toute la v\u00e9rit\u00e9 sur les dinosaures<\/span> de Guido Van Genechten (\u00e9d. Mijade, 2018) ou <span style=\"text-decoration: underline;\">L\u2019h\u00f4pital des dinosaures<\/span> de Hye-Won Kyung (\u00e9d. Versant Sud Jeunesse, 2020).\u00a0<\/em><\/p>\n<p style=\"text-align: justify;\"><a href=\"https:\/\/i0.wp.com\/www.jojoenherbe.com\/wp-content\/uploads\/2022\/08\/Au-commencement-6-scaled.jpg\"><img data-recalc-dims=\"1\" loading=\"lazy\" decoding=\"async\" data-attachment-id=\"26836\" data-permalink=\"http:\/\/www.jojoenherbe.com\/index.php\/2022\/08\/04\/au-fil-des-pages-avec-au-commencement\/au-commencement-6\/\" data-orig-file=\"https:\/\/i0.wp.com\/www.jojoenherbe.com\/wp-content\/uploads\/2022\/08\/Au-commencement-6-scaled.jpg?fit=2560%2C1737\" data-orig-size=\"2560,1737\" data-comments-opened=\"1\" data-image-meta=\"{&quot;aperture&quot;:&quot;1.8&quot;,&quot;credit&quot;:&quot;&quot;,&quot;camera&quot;:&quot;iPhone 7&quot;,&quot;caption&quot;:&quot;&quot;,&quot;created_timestamp&quot;:&quot;1634040654&quot;,&quot;copyright&quot;:&quot;&quot;,&quot;focal_length&quot;:&quot;3.99&quot;,&quot;iso&quot;:&quot;80&quot;,&quot;shutter_speed&quot;:&quot;0.14285714285714&quot;,&quot;title&quot;:&quot;&quot;,&quot;orientation&quot;:&quot;1&quot;}\" data-image-title=\"Au commencement 6\" data-image-description=\"\" data-image-caption=\"\" data-large-file=\"https:\/\/i0.wp.com\/www.jojoenherbe.com\/wp-content\/uploads\/2022\/08\/Au-commencement-6-scaled.jpg?fit=676%2C459\" class=\"size-thumbnail wp-image-26836 alignright\" src=\"https:\/\/i0.wp.com\/www.jojoenherbe.com\/wp-content\/uploads\/2022\/08\/Au-commencement-6.jpg?resize=150%2C150\" alt=\"\" width=\"150\" height=\"150\" srcset=\"https:\/\/i0.wp.com\/www.jojoenherbe.com\/wp-content\/uploads\/2022\/08\/Au-commencement-6-scaled.jpg?resize=150%2C150 150w, https:\/\/i0.wp.com\/www.jojoenherbe.com\/wp-content\/uploads\/2022\/08\/Au-commencement-6-scaled.jpg?zoom=2&amp;resize=150%2C150 300w, https:\/\/i0.wp.com\/www.jojoenherbe.com\/wp-content\/uploads\/2022\/08\/Au-commencement-6-scaled.jpg?zoom=3&amp;resize=150%2C150 450w\" sizes=\"auto, (max-width: 150px) 100vw, 150px\" \/><\/a> <a href=\"https:\/\/i0.wp.com\/www.jojoenherbe.com\/wp-content\/uploads\/2022\/08\/Au-commencement-5-scaled.jpg\"><img data-recalc-dims=\"1\" loading=\"lazy\" decoding=\"async\" data-attachment-id=\"26835\" data-permalink=\"http:\/\/www.jojoenherbe.com\/index.php\/2022\/08\/04\/au-fil-des-pages-avec-au-commencement\/au-commencement-5\/\" data-orig-file=\"https:\/\/i0.wp.com\/www.jojoenherbe.com\/wp-content\/uploads\/2022\/08\/Au-commencement-5-scaled.jpg?fit=2560%2C1920\" data-orig-size=\"2560,1920\" data-comments-opened=\"1\" data-image-meta=\"{&quot;aperture&quot;:&quot;1.8&quot;,&quot;credit&quot;:&quot;&quot;,&quot;camera&quot;:&quot;iPhone 7&quot;,&quot;caption&quot;:&quot;&quot;,&quot;created_timestamp&quot;:&quot;1634040649&quot;,&quot;copyright&quot;:&quot;&quot;,&quot;focal_length&quot;:&quot;3.99&quot;,&quot;iso&quot;:&quot;80&quot;,&quot;shutter_speed&quot;:&quot;0.125&quot;,&quot;title&quot;:&quot;&quot;,&quot;orientation&quot;:&quot;1&quot;}\" data-image-title=\"Au commencement 5\" data-image-description=\"\" data-image-caption=\"\" data-large-file=\"https:\/\/i0.wp.com\/www.jojoenherbe.com\/wp-content\/uploads\/2022\/08\/Au-commencement-5-scaled.jpg?fit=676%2C507\" class=\"size-thumbnail wp-image-26835 alignright\" src=\"https:\/\/i0.wp.com\/www.jojoenherbe.com\/wp-content\/uploads\/2022\/08\/Au-commencement-5.jpg?resize=150%2C150\" alt=\"\" width=\"150\" height=\"150\" srcset=\"https:\/\/i0.wp.com\/www.jojoenherbe.com\/wp-content\/uploads\/2022\/08\/Au-commencement-5-scaled.jpg?resize=150%2C150 150w, https:\/\/i0.wp.com\/www.jojoenherbe.com\/wp-content\/uploads\/2022\/08\/Au-commencement-5-scaled.jpg?zoom=2&amp;resize=150%2C150 300w, https:\/\/i0.wp.com\/www.jojoenherbe.com\/wp-content\/uploads\/2022\/08\/Au-commencement-5-scaled.jpg?zoom=3&amp;resize=150%2C150 450w\" sizes=\"auto, (max-width: 150px) 100vw, 150px\" \/><\/a><em>Cet album jeunesse reprend les \u00e9tapes-cl\u00e9s de l&rsquo;histoire de la Terre et de l&rsquo;\u00e9volution des esp\u00e8ces en mettant en sc\u00e8ne avec humour et en personnifiant les \u00e9l\u00e9ments de vie ayant marqu\u00e9 le cours de l&rsquo;Histoire: le Big bang, les premi\u00e8res cellules, les dinosaures, les fourmis&#8230; C&rsquo;est une approche originale et ludique pour se rappeler ou d\u00e9couvrir la th\u00e9orie de l&rsquo;\u00e9volution \u00e0 travers les dialogues entre les \u00e9l\u00e9ments de vie. Un tr\u00e8s bon moment de lecture \u00e0 la fois rigolo et instructif et \u00e0 double lecture puisqu&rsquo;il plaira autant aux enfants qu&rsquo;aux parents qui y trouveront de nombreuses r\u00e9f\u00e9rences \u00e0 la Pop culture (jeux, films&#8230;)! <\/em><\/p>\n<p style=\"text-align: justify;\"><a href=\"https:\/\/i0.wp.com\/www.jojoenherbe.com\/wp-content\/uploads\/2022\/08\/Au-commencement-3-scaled.jpg\"><img data-recalc-dims=\"1\" loading=\"lazy\" decoding=\"async\" data-attachment-id=\"26833\" data-permalink=\"http:\/\/www.jojoenherbe.com\/index.php\/2022\/08\/04\/au-fil-des-pages-avec-au-commencement\/au-commencement-3\/\" data-orig-file=\"https:\/\/i0.wp.com\/www.jojoenherbe.com\/wp-content\/uploads\/2022\/08\/Au-commencement-3-scaled.jpg?fit=2560%2C1920\" data-orig-size=\"2560,1920\" data-comments-opened=\"1\" data-image-meta=\"{&quot;aperture&quot;:&quot;1.8&quot;,&quot;credit&quot;:&quot;&quot;,&quot;camera&quot;:&quot;iPhone 7&quot;,&quot;caption&quot;:&quot;&quot;,&quot;created_timestamp&quot;:&quot;1634040616&quot;,&quot;copyright&quot;:&quot;&quot;,&quot;focal_length&quot;:&quot;3.99&quot;,&quot;iso&quot;:&quot;100&quot;,&quot;shutter_speed&quot;:&quot;0.058823529411765&quot;,&quot;title&quot;:&quot;&quot;,&quot;orientation&quot;:&quot;1&quot;}\" data-image-title=\"Au commencement 3\" data-image-description=\"\" data-image-caption=\"\" data-large-file=\"https:\/\/i0.wp.com\/www.jojoenherbe.com\/wp-content\/uploads\/2022\/08\/Au-commencement-3-scaled.jpg?fit=676%2C507\" class=\"alignleft size-thumbnail wp-image-26833\" src=\"https:\/\/i0.wp.com\/www.jojoenherbe.com\/wp-content\/uploads\/2022\/08\/Au-commencement-3.jpg?resize=150%2C150\" alt=\"\" width=\"150\" height=\"150\" srcset=\"https:\/\/i0.wp.com\/www.jojoenherbe.com\/wp-content\/uploads\/2022\/08\/Au-commencement-3-scaled.jpg?resize=150%2C150 150w, https:\/\/i0.wp.com\/www.jojoenherbe.com\/wp-content\/uploads\/2022\/08\/Au-commencement-3-scaled.jpg?zoom=2&amp;resize=150%2C150 300w, https:\/\/i0.wp.com\/www.jojoenherbe.com\/wp-content\/uploads\/2022\/08\/Au-commencement-3-scaled.jpg?zoom=3&amp;resize=150%2C150 450w\" sizes=\"auto, (max-width: 150px) 100vw, 150px\" \/><\/a><em>Et j&rsquo;ai m\u00eame not\u00e9 un passage gourmand pour le challenge Des livres (et des \u00e9crans) en cuisine lorsqu&rsquo;il est question de l&rsquo;apparition et du d\u00e9veloppement exponentielles des eucaryotes, organismes vivants complexes qui se r\u00e9galent ici de desserts sucr\u00e9s.<\/em><\/p>\n<div style=\"width: 130px\" class=\"wp-caption alignleft\"><img loading=\"lazy\" decoding=\"async\" src=\"https:\/\/i0.wp.com\/mapetitemediatheque.fr\/wp-content\/uploads\/2021\/12\/des-livres-en-cusine.png?resize=182%2C131&amp;ssl=1\" alt=\"\" width=\"120\" height=\"86\" \/><p class=\"wp-caption-text\">Participation #31 Challenge Des livres (et des \u00e9crans) en cuisine 2022 de <a href=\"https:\/\/mapetitemediatheque.fr\/2021\/12\/des-livres-et-des-ecrans-en-cuisine-2022\/\">Bidib<\/a> et <a href=\"http:\/\/croquerlespages.canalblog.com\/archives\/2021\/12\/21\/39242322.html\">Fondant<\/a><\/p><\/div>\n<div style=\"width: 121px\" class=\"wp-caption alignleft\"><img loading=\"lazy\" decoding=\"async\" src=\"https:\/\/i2.wp.com\/mapetitemediatheque.fr\/wp-content\/uploads\/2021\/11\/Inkedle-tour-du-monde-en-80-livres-2_LI.jpg?resize=168%2C127&amp;ssl=1\" alt=\"\" width=\"111\" height=\"84\" \/><p class=\"wp-caption-text\">Participation #65 Challenge Le tour du monde en 80 livres de <a href=\"https:\/\/mapetitemediatheque.fr\/2021\/12\/le-tour-du-monde-en-80-livres-le-challenge-qui-vous-fait-aimer-la-litterature-etrangere\/\">Bidib<\/a> #France<\/p><\/div>\n","protected":false},"excerpt":{"rendered":"<p>Nous avons lu et relu en octobre 2021 Au commencement d&rsquo;Henri Meunier et Vincent Bergier (\u00e9d. Seuil Jeunesse, 2017), un grand album jeunesse documentaire \u00e0 partir de 6 ans qui aborde avec humour et du point de vue des fourmis l&rsquo;apparition de la vie sur Terre, apr\u00e8s le point de vue des poules dans Toute [&hellip;]<\/p>\n","protected":false},"author":1,"featured_media":26837,"comment_status":"open","ping_status":"open","sticky":false,"template":"","format":"standard","meta":{"jetpack_post_was_ever_published":false,"_jetpack_newsletter_access":"","_jetpack_dont_email_post_to_subs":false,"_jetpack_newsletter_tier_id":0,"_jetpack_memberships_contains_paywalled_content":false,"_jetpack_memberships_contains_paid_content":false,"footnotes":""},"categories":[363],"tags":[788,409,3306,2432,2917,771,2211,1267,2170,2918,367,2574,2573,3305],"class_list":["post-26831","post","type-post","status-publish","format-standard","has-post-thumbnail","hentry","category-mini-lecteur","tag-6-9-ans","tag-albums-jeunesse","tag-big-bang","tag-cycle-de-la-vie","tag-des-livres-et-des-ecrans-en-cuisine-2022","tag-dinosaure","tag-documentaires-jeunesse","tag-fourmi","tag-henri-meunier","tag-le-tour-du-monde-en-80-livres-2022","tag-lecture-jeunesse","tag-sciences-naturelles","tag-theorie-de-levolution","tag-vincent-bergier","post-preview"],"jetpack_featured_media_url":"https:\/\/i0.wp.com\/www.jojoenherbe.com\/wp-content\/uploads\/2022\/08\/Au-commencement-scaled.jpg?fit=2560%2C2192","jetpack_sharing_enabled":true,"jetpack_shortlink":"https:\/\/wp.me\/p9zhGx-6YL","jetpack_likes_enabled":true,"jetpack-related-posts":[{"id":25173,"url":"http:\/\/www.jojoenherbe.com\/index.php\/2022\/04\/21\/nos-lectures-printanieres-2022\/","url_meta":{"origin":26831,"position":0},"title":"Nos lectures printani\u00e8res 2022","author":"Jojo","date":"21 avril 2022","format":false,"excerpt":"Le mois dernier, avec l'arriv\u00e9e du printemps, nous avons recommenc\u00e9 \u00e0 lire des histoires sur cette saison. Ce billet sera ainsi actualis\u00e9 tout au long de ce printemps au gr\u00e9 de nos lectures sur ce th\u00e8me. Je parlerai \u00e9galement de relectures de livres que je n'avais pas encore chroniqu\u00e9s sur\u2026","rel":"","context":"Dans &quot;Mini lecteur&quot;","block_context":{"text":"Mini lecteur","link":"http:\/\/www.jojoenherbe.com\/index.php\/category\/mini-lecteur\/"},"img":{"alt_text":"","src":"https:\/\/i0.wp.com\/www.jojoenherbe.com\/wp-content\/uploads\/2022\/04\/Nos-lectures-de-printemps-2022-scaled.jpg?fit=1200%2C689&resize=350%2C200","width":350,"height":200,"srcset":"https:\/\/i0.wp.com\/www.jojoenherbe.com\/wp-content\/uploads\/2022\/04\/Nos-lectures-de-printemps-2022-scaled.jpg?fit=1200%2C689&resize=350%2C200 1x, https:\/\/i0.wp.com\/www.jojoenherbe.com\/wp-content\/uploads\/2022\/04\/Nos-lectures-de-printemps-2022-scaled.jpg?fit=1200%2C689&resize=525%2C300 1.5x, https:\/\/i0.wp.com\/www.jojoenherbe.com\/wp-content\/uploads\/2022\/04\/Nos-lectures-de-printemps-2022-scaled.jpg?fit=1200%2C689&resize=700%2C400 2x, https:\/\/i0.wp.com\/www.jojoenherbe.com\/wp-content\/uploads\/2022\/04\/Nos-lectures-de-printemps-2022-scaled.jpg?fit=1200%2C689&resize=1050%2C600 3x"},"classes":[]},{"id":15671,"url":"http:\/\/www.jojoenherbe.com\/index.php\/2021\/02\/11\/au-fil-des-pages-avec-coeur-de-bois\/","url_meta":{"origin":26831,"position":1},"title":"Au fil des pages avec C\u0153ur de bois","author":"Jojo","date":"11 f\u00e9vrier 2021","format":false,"excerpt":"J'emprunte \u00e0 la m\u00e9diath\u00e8que C\u0153ur de bois d'Henri Meunier et R\u00e9gis Lejonc (\u00e9d. Notari, 2016), un album jeunesse pour les adolescents, \u00e0 partir de 15\/16 ans. Aurore, la quarantaine est une belle femme qui semble \u00e9panouie. Un matin d'hiver, apr\u00e8s un passage par la boulangerie, elle se rend au fin\u2026","rel":"","context":"Dans &quot;Mini lecteur&quot;","block_context":{"text":"Mini lecteur","link":"http:\/\/www.jojoenherbe.com\/index.php\/category\/mini-lecteur\/"},"img":{"alt_text":"","src":"https:\/\/i0.wp.com\/www.jojoenherbe.com\/wp-content\/uploads\/2021\/02\/Coeur-de-bois-scaled.jpg?fit=1200%2C983&resize=350%2C200","width":350,"height":200,"srcset":"https:\/\/i0.wp.com\/www.jojoenherbe.com\/wp-content\/uploads\/2021\/02\/Coeur-de-bois-scaled.jpg?fit=1200%2C983&resize=350%2C200 1x, https:\/\/i0.wp.com\/www.jojoenherbe.com\/wp-content\/uploads\/2021\/02\/Coeur-de-bois-scaled.jpg?fit=1200%2C983&resize=525%2C300 1.5x, https:\/\/i0.wp.com\/www.jojoenherbe.com\/wp-content\/uploads\/2021\/02\/Coeur-de-bois-scaled.jpg?fit=1200%2C983&resize=700%2C400 2x, https:\/\/i0.wp.com\/www.jojoenherbe.com\/wp-content\/uploads\/2021\/02\/Coeur-de-bois-scaled.jpg?fit=1200%2C983&resize=1050%2C600 3x"},"classes":[]},{"id":15828,"url":"http:\/\/www.jojoenherbe.com\/index.php\/2021\/02\/14\/deuxieme-alphabet-des-animaux-v-comme-ver-de-terre\/","url_meta":{"origin":26831,"position":2},"title":"Deuxi\u00e8me alphabet des animaux: V comme Ver de terre","author":"Jojo","date":"14 f\u00e9vrier 2021","format":false,"excerpt":"Pour la semaine 44 de mon challenge de l'alphabet des animaux illustr\u00e9s sur Instagram #jojoenherbeetcieillustre qui associe la premi\u00e8re lettre d'un animal avec une illustration tir\u00e9e de la litt\u00e9rature jeunesse en suivant l'ordre de l'alphabet, il s'agit du V comme Ver de terre. Alors voici notre s\u00e9lection de vers de\u2026","rel":"","context":"Dans &quot;Mini challenger&quot;","block_context":{"text":"Mini challenger","link":"http:\/\/www.jojoenherbe.com\/index.php\/category\/mini-challenger\/"},"img":{"alt_text":"","src":"https:\/\/i0.wp.com\/www.jojoenherbe.com\/wp-content\/uploads\/2021\/02\/Selection-Ver-de-terre-scaled.jpg?fit=1200%2C900&resize=350%2C200","width":350,"height":200,"srcset":"https:\/\/i0.wp.com\/www.jojoenherbe.com\/wp-content\/uploads\/2021\/02\/Selection-Ver-de-terre-scaled.jpg?fit=1200%2C900&resize=350%2C200 1x, https:\/\/i0.wp.com\/www.jojoenherbe.com\/wp-content\/uploads\/2021\/02\/Selection-Ver-de-terre-scaled.jpg?fit=1200%2C900&resize=525%2C300 1.5x, https:\/\/i0.wp.com\/www.jojoenherbe.com\/wp-content\/uploads\/2021\/02\/Selection-Ver-de-terre-scaled.jpg?fit=1200%2C900&resize=700%2C400 2x, https:\/\/i0.wp.com\/www.jojoenherbe.com\/wp-content\/uploads\/2021\/02\/Selection-Ver-de-terre-scaled.jpg?fit=1200%2C900&resize=1050%2C600 3x"},"classes":[]},{"id":19673,"url":"http:\/\/www.jojoenherbe.com\/index.php\/2021\/09\/28\/au-fil-des-pages-avec-madame-le-lapin-blanc\/","url_meta":{"origin":26831,"position":3},"title":"Au fil des pages avec Madame le Lapin Blanc","author":"Jojo","date":"28 septembre 2021","format":false,"excerpt":"Voici avec autant de retard qu'aurait pu en avoir le Lapin Blanc d'Alice, mon billet pr\u00e9vu initialement samedi sur Madame le Lapin Blanc de Gilles Bachelet (\u00e9d. Seuil Jeunesse, 2012), un album jeunesse prenant le point de vue de la femme du c\u00e9l\u00e8bre lapin blanc toujours en retard d'Alice au\u2026","rel":"","context":"Dans &quot;Mini lecteur&quot;","block_context":{"text":"Mini lecteur","link":"http:\/\/www.jojoenherbe.com\/index.php\/category\/mini-lecteur\/"},"img":{"alt_text":"","src":"https:\/\/i0.wp.com\/www.jojoenherbe.com\/wp-content\/uploads\/2021\/09\/Madame-le-lapin-blanc-scaled.jpg?fit=1200%2C1095&resize=350%2C200","width":350,"height":200,"srcset":"https:\/\/i0.wp.com\/www.jojoenherbe.com\/wp-content\/uploads\/2021\/09\/Madame-le-lapin-blanc-scaled.jpg?fit=1200%2C1095&resize=350%2C200 1x, https:\/\/i0.wp.com\/www.jojoenherbe.com\/wp-content\/uploads\/2021\/09\/Madame-le-lapin-blanc-scaled.jpg?fit=1200%2C1095&resize=525%2C300 1.5x, https:\/\/i0.wp.com\/www.jojoenherbe.com\/wp-content\/uploads\/2021\/09\/Madame-le-lapin-blanc-scaled.jpg?fit=1200%2C1095&resize=700%2C400 2x, https:\/\/i0.wp.com\/www.jojoenherbe.com\/wp-content\/uploads\/2021\/09\/Madame-le-lapin-blanc-scaled.jpg?fit=1200%2C1095&resize=1050%2C600 3x"},"classes":[]},{"id":17760,"url":"http:\/\/www.jojoenherbe.com\/index.php\/2021\/04\/23\/au-fil-des-pages-avec-la-balade-de-koishi\/","url_meta":{"origin":26831,"position":4},"title":"Au fil des pages avec La balade de Ko\u00efshi","author":"Jojo","date":"23 avril 2021","format":false,"excerpt":"Nous lisons aussi La balade de Ko\u00efshi d\u2019Agn\u00e8s Domergue et C\u00e9cile Hudrisier (\u00e9d. Grasset Jeunesse, 2019), un album jeunesse \u00e0 partir de 3 ans en forme de livre-accord\u00e9on dont les deux extr\u00e9mit\u00e9s peuvent se rejoindre. Nous suivons de sa naissance \u00e0 sa mort, Ko\u00efshi, un petit \u00eatre \"n\u00e9 d'une rizi\u00e8re\u2026","rel":"","context":"Dans &quot;Mini lecteur&quot;","block_context":{"text":"Mini lecteur","link":"http:\/\/www.jojoenherbe.com\/index.php\/category\/mini-lecteur\/"},"img":{"alt_text":"","src":"https:\/\/i0.wp.com\/www.jojoenherbe.com\/wp-content\/uploads\/2021\/04\/La-balade-de-Koishi-scaled.jpg?fit=1200%2C900&resize=350%2C200","width":350,"height":200,"srcset":"https:\/\/i0.wp.com\/www.jojoenherbe.com\/wp-content\/uploads\/2021\/04\/La-balade-de-Koishi-scaled.jpg?fit=1200%2C900&resize=350%2C200 1x, https:\/\/i0.wp.com\/www.jojoenherbe.com\/wp-content\/uploads\/2021\/04\/La-balade-de-Koishi-scaled.jpg?fit=1200%2C900&resize=525%2C300 1.5x, https:\/\/i0.wp.com\/www.jojoenherbe.com\/wp-content\/uploads\/2021\/04\/La-balade-de-Koishi-scaled.jpg?fit=1200%2C900&resize=700%2C400 2x, https:\/\/i0.wp.com\/www.jojoenherbe.com\/wp-content\/uploads\/2021\/04\/La-balade-de-Koishi-scaled.jpg?fit=1200%2C900&resize=1050%2C600 3x"},"classes":[]},{"id":23884,"url":"http:\/\/www.jojoenherbe.com\/index.php\/2022\/02\/04\/au-fil-des-pages-avec-kiki-fait-des-crepes\/","url_meta":{"origin":26831,"position":5},"title":"Au fil des pages avec Kiki fait des cr\u00eapes","author":"Jojo","date":"4 f\u00e9vrier 2022","format":false,"excerpt":"Dans la s\u00e9rie livresque Kiki, King de la banquise, nous relisons cette ann\u00e9e pour la chandeleur Kiki fait des cr\u00eapes de Vincent Malone et Jean-Louis Cornalba (\u00e9d. Seuil Jeunesse, 2015), un album jeunesse \u00e0 partir de 3\/4 ans. Kiki organise une cr\u00eape party chez lui et a invit\u00e9 ses camarades\u2026","rel":"","context":"Dans &quot;Mini lecteur&quot;","block_context":{"text":"Mini lecteur","link":"http:\/\/www.jojoenherbe.com\/index.php\/category\/mini-lecteur\/"},"img":{"alt_text":"","src":"https:\/\/i0.wp.com\/www.jojoenherbe.com\/wp-content\/uploads\/2022\/02\/Kiki-fait-des-crepes-scaled.jpg?fit=1200%2C911&resize=350%2C200","width":350,"height":200,"srcset":"https:\/\/i0.wp.com\/www.jojoenherbe.com\/wp-content\/uploads\/2022\/02\/Kiki-fait-des-crepes-scaled.jpg?fit=1200%2C911&resize=350%2C200 1x, https:\/\/i0.wp.com\/www.jojoenherbe.com\/wp-content\/uploads\/2022\/02\/Kiki-fait-des-crepes-scaled.jpg?fit=1200%2C911&resize=525%2C300 1.5x, https:\/\/i0.wp.com\/www.jojoenherbe.com\/wp-content\/uploads\/2022\/02\/Kiki-fait-des-crepes-scaled.jpg?fit=1200%2C911&resize=700%2C400 2x, https:\/\/i0.wp.com\/www.jojoenherbe.com\/wp-content\/uploads\/2022\/02\/Kiki-fait-des-crepes-scaled.jpg?fit=1200%2C911&resize=1050%2C600 3x"},"classes":[]}],"_links":{"self":[{"href":"http:\/\/www.jojoenherbe.com\/index.php\/wp-json\/wp\/v2\/posts\/26831","targetHints":{"allow":["GET"]}}],"collection":[{"href":"http:\/\/www.jojoenherbe.com\/index.php\/wp-json\/wp\/v2\/posts"}],"about":[{"href":"http:\/\/www.jojoenherbe.com\/index.php\/wp-json\/wp\/v2\/types\/post"}],"author":[{"embeddable":true,"href":"http:\/\/www.jojoenherbe.com\/index.php\/wp-json\/wp\/v2\/users\/1"}],"replies":[{"embeddable":true,"href":"http:\/\/www.jojoenherbe.com\/index.php\/wp-json\/wp\/v2\/comments?post=26831"}],"version-history":[{"count":4,"href":"http:\/\/www.jojoenherbe.com\/index.php\/wp-json\/wp\/v2\/posts\/26831\/revisions"}],"predecessor-version":[{"id":26841,"href":"http:\/\/www.jojoenherbe.com\/index.php\/wp-json\/wp\/v2\/posts\/26831\/revisions\/26841"}],"wp:featuredmedia":[{"embeddable":true,"href":"http:\/\/www.jojoenherbe.com\/index.php\/wp-json\/wp\/v2\/media\/26837"}],"wp:attachment":[{"href":"http:\/\/www.jojoenherbe.com\/index.php\/wp-json\/wp\/v2\/media?parent=26831"}],"wp:term":[{"taxonomy":"category","embeddable":true,"href":"http:\/\/www.jojoenherbe.com\/index.php\/wp-json\/wp\/v2\/categories?post=26831"},{"taxonomy":"post_tag","embeddable":true,"href":"http:\/\/www.jojoenherbe.com\/index.php\/wp-json\/wp\/v2\/tags?post=26831"}],"curies":[{"name":"wp","href":"https:\/\/api.w.org\/{rel}","templated":true}]}}