{"id":26170,"date":"2022-06-27T18:51:00","date_gmt":"2022-06-27T16:51:00","guid":{"rendered":"https:\/\/www.jojoenherbe.com\/?p=26170"},"modified":"2022-08-19T17:21:43","modified_gmt":"2022-08-19T15:21:43","slug":"point-lecture-hebdomadaire-47","status":"publish","type":"post","link":"http:\/\/www.jojoenherbe.com\/index.php\/2022\/06\/27\/point-lecture-hebdomadaire-47\/","title":{"rendered":"Point lecture hebdomadaire #47"},"content":{"rendered":"<p style=\"text-align: justify;\"><em>En ce d\u00e9but de semaine, voici notre point lecture hebdomadaire avec un retour sur nos lectures de la semaine derni\u00e8re (mais pas nos relectures) et ma lecture en cours. Comme depuis le d\u00e9but du mois, j&rsquo;ai surtout pioch\u00e9 dans ma PAL anglo-saxonne puisqu&rsquo;en juin, c&rsquo;est le Mois Anglais 2022 coorganis\u00e9e par Lou et Titine.<br \/>\n<\/em><\/p>\n<p style=\"text-align: justify;\"><span style=\"text-decoration: underline;\"><strong>Nos lectures du\u00a0 20 au 26\u00a0 juin 2022<\/strong><\/span><strong>:<\/strong><\/p>\n<p><em><span style=\"text-decoration: underline;\">Des lectures jeunesse<\/span>:<\/em><\/p>\n<ul>\n<li><em>(Album jeunesse) <span style=\"text-decoration: underline;\"><strong>Les \u0153ufs verts au jambon<\/strong><\/span> de Dr. Seuss <\/em><\/li>\n<\/ul>\n<p style=\"text-align: justify;\"><em><a href=\"https:\/\/i0.wp.com\/www.jojoenherbe.com\/wp-content\/uploads\/2022\/07\/Les-oeufs-verts-au-jambon-scaled.jpg\"><img data-recalc-dims=\"1\" loading=\"lazy\" decoding=\"async\" data-attachment-id=\"26229\" data-permalink=\"http:\/\/www.jojoenherbe.com\/index.php\/2022\/06\/27\/point-lecture-hebdomadaire-47\/les-oeufs-verts-au-jambon\/\" data-orig-file=\"https:\/\/i0.wp.com\/www.jojoenherbe.com\/wp-content\/uploads\/2022\/07\/Les-oeufs-verts-au-jambon-scaled.jpg?fit=2560%2C2207\" data-orig-size=\"2560,2207\" data-comments-opened=\"1\" data-image-meta=\"{&quot;aperture&quot;:&quot;1.8&quot;,&quot;credit&quot;:&quot;&quot;,&quot;camera&quot;:&quot;iPhone 7&quot;,&quot;caption&quot;:&quot;&quot;,&quot;created_timestamp&quot;:&quot;1657022799&quot;,&quot;copyright&quot;:&quot;&quot;,&quot;focal_length&quot;:&quot;3.99&quot;,&quot;iso&quot;:&quot;100&quot;,&quot;shutter_speed&quot;:&quot;0.14285714285714&quot;,&quot;title&quot;:&quot;&quot;,&quot;orientation&quot;:&quot;1&quot;}\" data-image-title=\"Les oeufs verts au jambon\" data-image-description=\"\" data-image-caption=\"\" data-large-file=\"https:\/\/i0.wp.com\/www.jojoenherbe.com\/wp-content\/uploads\/2022\/07\/Les-oeufs-verts-au-jambon-scaled.jpg?fit=676%2C583\" class=\"alignleft size-thumbnail wp-image-26229\" src=\"https:\/\/i0.wp.com\/www.jojoenherbe.com\/wp-content\/uploads\/2022\/07\/Les-oeufs-verts-au-jambon.jpg?resize=150%2C150\" alt=\"\" width=\"150\" height=\"150\" srcset=\"https:\/\/i0.wp.com\/www.jojoenherbe.com\/wp-content\/uploads\/2022\/07\/Les-oeufs-verts-au-jambon-scaled.jpg?resize=150%2C150 150w, https:\/\/i0.wp.com\/www.jojoenherbe.com\/wp-content\/uploads\/2022\/07\/Les-oeufs-verts-au-jambon-scaled.jpg?zoom=2&amp;resize=150%2C150 300w, https:\/\/i0.wp.com\/www.jojoenherbe.com\/wp-content\/uploads\/2022\/07\/Les-oeufs-verts-au-jambon-scaled.jpg?zoom=3&amp;resize=150%2C150 450w\" sizes=\"auto, (max-width: 150px) 100vw, 150px\" \/><\/a>Nous lisons et relisons <a href=\"https:\/\/www.jojoenherbe.com\/index.php\/2022\/07\/06\/au-fil-des-pages-avec-les-oeufs-verts-au-jambon\/\"><span style=\"text-decoration: underline;\">Les \u0153ufs verts au jambon<\/span><\/a> de Dr. Seuss (\u00e9d. Ulysses Press, 1960, r\u00e9\u00e9d. 2009), un album jeunesse rigolo \u00e0 partir de 3 ans dans lequel Sam c\u2019est moi tente de persuader un vieux grincheux de manger des \u0153ufs verts au jambon. Le texte r\u00e9p\u00e9titif se pr\u00eate vraiment \u00e0 lire \u00e0 haute voix (de longues \u00e9num\u00e9rations qui se terminent par \u00ab\u00a0quand je dis non c&rsquo;est non\u00a0\u00bb). Un tr\u00e8s bon moment de lecture dr\u00f4le et loufoque! Pas s\u00fbre toutefois que ce plat soit si ragoutant que \u00e7a.<br \/>\n<\/em><\/p>\n<ul>\n<li style=\"text-align: justify;\"><em>(Album jeunesse) <strong><span style=\"text-decoration: underline;\">Le monde secret d&rsquo;Ad\u00e9la\u00efde<\/span><\/strong> d\u2019Elise Hurst<\/em><\/li>\n<\/ul>\n<p style=\"text-align: justify;\"><a href=\"https:\/\/i0.wp.com\/www.jojoenherbe.com\/wp-content\/uploads\/2022\/07\/Le-monde-secret-dAdelaide-scaled.jpg\"><img data-recalc-dims=\"1\" loading=\"lazy\" decoding=\"async\" data-attachment-id=\"26230\" data-permalink=\"http:\/\/www.jojoenherbe.com\/index.php\/2022\/06\/27\/point-lecture-hebdomadaire-47\/le-monde-secret-dadelaide\/\" data-orig-file=\"https:\/\/i0.wp.com\/www.jojoenherbe.com\/wp-content\/uploads\/2022\/07\/Le-monde-secret-dAdelaide-scaled.jpg?fit=2560%2C2080\" data-orig-size=\"2560,2080\" data-comments-opened=\"1\" data-image-meta=\"{&quot;aperture&quot;:&quot;1.8&quot;,&quot;credit&quot;:&quot;&quot;,&quot;camera&quot;:&quot;iPhone 7&quot;,&quot;caption&quot;:&quot;&quot;,&quot;created_timestamp&quot;:&quot;1657022696&quot;,&quot;copyright&quot;:&quot;&quot;,&quot;focal_length&quot;:&quot;3.99&quot;,&quot;iso&quot;:&quot;100&quot;,&quot;shutter_speed&quot;:&quot;0.16666666666667&quot;,&quot;title&quot;:&quot;&quot;,&quot;orientation&quot;:&quot;1&quot;}\" data-image-title=\"Le monde secret d&amp;rsquo;Ad\u00e9la\u00efde\" data-image-description=\"\" data-image-caption=\"\" data-large-file=\"https:\/\/i0.wp.com\/www.jojoenherbe.com\/wp-content\/uploads\/2022\/07\/Le-monde-secret-dAdelaide-scaled.jpg?fit=676%2C549\" class=\"size-thumbnail wp-image-26230 alignright\" src=\"https:\/\/i0.wp.com\/www.jojoenherbe.com\/wp-content\/uploads\/2022\/07\/Le-monde-secret-dAdelaide.jpg?resize=150%2C150\" alt=\"\" width=\"150\" height=\"150\" srcset=\"https:\/\/i0.wp.com\/www.jojoenherbe.com\/wp-content\/uploads\/2022\/07\/Le-monde-secret-dAdelaide-scaled.jpg?resize=150%2C150 150w, https:\/\/i0.wp.com\/www.jojoenherbe.com\/wp-content\/uploads\/2022\/07\/Le-monde-secret-dAdelaide-scaled.jpg?zoom=2&amp;resize=150%2C150 300w, https:\/\/i0.wp.com\/www.jojoenherbe.com\/wp-content\/uploads\/2022\/07\/Le-monde-secret-dAdelaide-scaled.jpg?zoom=3&amp;resize=150%2C150 450w\" sizes=\"auto, (max-width: 150px) 100vw, 150px\" \/><\/a><em>Nous lisons <span style=\"text-decoration: underline;\">Le monde secret d&rsquo;Ad\u00e9la\u00efde<\/span> d\u2019Elise Hurst (\u00e9d. D&rsquo;eux, 2021), un album jeunesse \u00e0 partir de 3 ans. Ad\u00e9la\u00efde est une lapine qui se sent bien seule. Apr\u00e8s une temp\u00eate, elle r\u00e9alise que sa situation pourrait changer. Il y est question de solitude et de lien social au sein d&rsquo;une grande ville. Un tr\u00e8s bon moment de lecture ayant tout particuli\u00e8rement appr\u00e9ci\u00e9 les magnifiques illustrations (des peintures \u00e0 l&rsquo;huile) d\u2019Elise Hurst!<\/em><\/p>\n<ul>\n<li style=\"text-align: justify;\"><em>(BD jeunesse) <strong><span style=\"text-decoration: underline;\">Biguden<\/span><\/strong> de Stan Silas<\/em><\/li>\n<\/ul>\n<p style=\"text-align: justify;\"><em><a href=\"https:\/\/i0.wp.com\/www.jojoenherbe.com\/wp-content\/uploads\/2022\/07\/Biguden-scaled.jpg\"><img data-recalc-dims=\"1\" loading=\"lazy\" decoding=\"async\" data-attachment-id=\"26228\" data-permalink=\"http:\/\/www.jojoenherbe.com\/index.php\/2022\/06\/27\/point-lecture-hebdomadaire-47\/biguden\/\" data-orig-file=\"https:\/\/i0.wp.com\/www.jojoenherbe.com\/wp-content\/uploads\/2022\/07\/Biguden-scaled.jpg?fit=2560%2C2060\" data-orig-size=\"2560,2060\" data-comments-opened=\"1\" data-image-meta=\"{&quot;aperture&quot;:&quot;1.8&quot;,&quot;credit&quot;:&quot;&quot;,&quot;camera&quot;:&quot;iPhone 7&quot;,&quot;caption&quot;:&quot;&quot;,&quot;created_timestamp&quot;:&quot;1655833467&quot;,&quot;copyright&quot;:&quot;&quot;,&quot;focal_length&quot;:&quot;3.99&quot;,&quot;iso&quot;:&quot;100&quot;,&quot;shutter_speed&quot;:&quot;0.11111111111111&quot;,&quot;title&quot;:&quot;&quot;,&quot;orientation&quot;:&quot;1&quot;}\" data-image-title=\"Biguden\" data-image-description=\"\" data-image-caption=\"\" data-large-file=\"https:\/\/i0.wp.com\/www.jojoenherbe.com\/wp-content\/uploads\/2022\/07\/Biguden-scaled.jpg?fit=676%2C544\" class=\"alignleft size-thumbnail wp-image-26228\" src=\"https:\/\/i0.wp.com\/www.jojoenherbe.com\/wp-content\/uploads\/2022\/07\/Biguden.jpg?resize=150%2C150\" alt=\"\" width=\"150\" height=\"150\" srcset=\"https:\/\/i0.wp.com\/www.jojoenherbe.com\/wp-content\/uploads\/2022\/07\/Biguden-scaled.jpg?resize=150%2C150 150w, https:\/\/i0.wp.com\/www.jojoenherbe.com\/wp-content\/uploads\/2022\/07\/Biguden-scaled.jpg?zoom=2&amp;resize=150%2C150 300w, https:\/\/i0.wp.com\/www.jojoenherbe.com\/wp-content\/uploads\/2022\/07\/Biguden-scaled.jpg?zoom=3&amp;resize=150%2C150 450w\" sizes=\"auto, (max-width: 150px) 100vw, 150px\" \/><\/a>Mise en avant dans les nouveaut\u00e9s de ma m\u00e9diath\u00e8que, j&rsquo;ai emprunt\u00e9 <span style=\"text-decoration: underline;\">Biguden<\/span> de Stan Silas (\u00e9d. Paquet, 2017), une BD jeunesse rep\u00e9r\u00e9e en 2020 chez <a href=\"https:\/\/mapetitemediatheque.fr\/2020\/10\/biguden-bd-jeunesse\/\">Bidib<\/a> et qui regroupe les trois tomes de cette trilogie. Goulwen, un jeune gar\u00e7on de 8 ans solitaire vit avec sa m\u00e8re et sa grand-m\u00e8re maternelle dans un village breton, Pouec. Un jour, sur la plage, il trouve sous une barque \u00e9chou\u00e9e une jeune fille qui semble venir de tr\u00e8s loin. Il y est question d&rsquo;aventures avec un brin de magie, de dangers, d&rsquo;amiti\u00e9 tout en abordant le th\u00e8me de la diff\u00e9rence.\u00a0 Un bon moment de lecture plein de pep&rsquo;s, loufoque et qui m\u00e9lange habilement les folklores breton et asiatique!<br \/>\n<\/em><\/p>\n<p><em><span style=\"text-decoration: underline;\">Des lectures adulte<\/span>:<\/em><\/p>\n<ul>\n<li><em>(Romance historique) <span style=\"text-decoration: underline;\"><strong>Le ciel de Darjeeling<\/strong><\/span> de Nicole Vosseler<\/em><\/li>\n<\/ul>\n<p style=\"text-align: justify;\"><em><a href=\"https:\/\/i0.wp.com\/www.jojoenherbe.com\/wp-content\/uploads\/2022\/06\/Le-ciel-de-Darjeeling-scaled.jpg\"><img data-recalc-dims=\"1\" loading=\"lazy\" decoding=\"async\" data-attachment-id=\"26067\" data-permalink=\"http:\/\/www.jojoenherbe.com\/index.php\/2022\/06\/01\/billet-de-suivi-le-mois-anglais-2022\/le-ciel-de-darjeeling\/\" data-orig-file=\"https:\/\/i0.wp.com\/www.jojoenherbe.com\/wp-content\/uploads\/2022\/06\/Le-ciel-de-Darjeeling-scaled.jpg?fit=2560%2C1987\" data-orig-size=\"2560,1987\" data-comments-opened=\"1\" data-image-meta=\"{&quot;aperture&quot;:&quot;1.8&quot;,&quot;credit&quot;:&quot;&quot;,&quot;camera&quot;:&quot;iPhone 7&quot;,&quot;caption&quot;:&quot;&quot;,&quot;created_timestamp&quot;:&quot;1655814821&quot;,&quot;copyright&quot;:&quot;&quot;,&quot;focal_length&quot;:&quot;3.99&quot;,&quot;iso&quot;:&quot;80&quot;,&quot;shutter_speed&quot;:&quot;0.125&quot;,&quot;title&quot;:&quot;&quot;,&quot;orientation&quot;:&quot;1&quot;}\" data-image-title=\"Le ciel de Darjeeling\" data-image-description=\"\" data-image-caption=\"\" data-large-file=\"https:\/\/i0.wp.com\/www.jojoenherbe.com\/wp-content\/uploads\/2022\/06\/Le-ciel-de-Darjeeling-scaled.jpg?fit=676%2C525\" class=\"size-thumbnail wp-image-26067 alignright\" src=\"https:\/\/i0.wp.com\/www.jojoenherbe.com\/wp-content\/uploads\/2022\/06\/Le-ciel-de-Darjeeling.jpg?resize=150%2C150\" alt=\"\" width=\"150\" height=\"150\" srcset=\"https:\/\/i0.wp.com\/www.jojoenherbe.com\/wp-content\/uploads\/2022\/06\/Le-ciel-de-Darjeeling-scaled.jpg?resize=150%2C150 150w, https:\/\/i0.wp.com\/www.jojoenherbe.com\/wp-content\/uploads\/2022\/06\/Le-ciel-de-Darjeeling-scaled.jpg?zoom=2&amp;resize=150%2C150 300w, https:\/\/i0.wp.com\/www.jojoenherbe.com\/wp-content\/uploads\/2022\/06\/Le-ciel-de-Darjeeling-scaled.jpg?zoom=3&amp;resize=150%2C150 450w\" sizes=\"auto, (max-width: 150px) 100vw, 150px\" \/><\/a>J&rsquo;ai lu, en d\u00e9but de semaine, <a href=\"https:\/\/www.jojoenherbe.com\/index.php\/2022\/06\/30\/au-fil-des-pages-avec-le-ciel-de-darjeeling\/\"><span style=\"text-decoration: underline;\">Le ciel de Darjeeling<\/span><\/a> de Nicole Vosseler (\u00e9d. Archipoche, 2020, 519 pages), une romance historique se d\u00e9roulant entre la Gr\u00e8ce, l\u2019Angleterre et les Indes britanniques et qui avait \u00e9t\u00e9 choisie comme lecture commune dans le cadre des \u00c9tapes Indiennes 2022 pour le 30 juin 2022 avec Hilde, Blandine et Lillylivres et que j\u2019ai choisi pour la journ\u00e9e du 21 juin \u00ab Meeting India \u00bb du Mois Anglais 2022. Je n&rsquo;ai pas \u00e9t\u00e9 emball\u00e9e par par cette lecture faite en trois parties tr\u00e8s in\u00e9gales, n&rsquo;ayant pas r\u00e9ussi \u00e0 m&rsquo;attacher \u00e0 l&rsquo;h\u00e9ro\u00efne H\u00e9l\u00e8na, une jeune orpheline ruin\u00e9e de 16 ans qui accepte \u00e0 contrec\u0153ur la proposition de mariage de Monsieur Ian Neville, \u00e2g\u00e9 de 32 ans, un homme riche, beau, au pass\u00e9 myst\u00e9rieux et qui a fait fortune dans le commerce du th\u00e9 dans les Indes britanniques.<\/em><\/p>\n<ul>\n<li style=\"text-align: justify;\"><em><span class=\"_aacl _aaco _aacu _aacx _aad7 _aade\">(Roman policier fantastique) <span style=\"text-decoration: underline;\"><strong>Les Sept Morts d&rsquo;Evelyn Hardcastle<\/strong><\/span> de Stuart Turton<\/span><\/em><\/li>\n<\/ul>\n<p style=\"text-align: justify;\"><em><a href=\"https:\/\/i0.wp.com\/www.jojoenherbe.com\/wp-content\/uploads\/2022\/06\/Les-Sept-Morts-dEvelyn-Hardcastle-scaled.jpg\"><img data-recalc-dims=\"1\" loading=\"lazy\" decoding=\"async\" data-attachment-id=\"25858\" data-permalink=\"http:\/\/www.jojoenherbe.com\/index.php\/2022\/06\/13\/point-lecture-hebdomadaire-45\/les-sept-morts-develyn-hardcastle\/\" data-orig-file=\"https:\/\/i0.wp.com\/www.jojoenherbe.com\/wp-content\/uploads\/2022\/06\/Les-Sept-Morts-dEvelyn-Hardcastle-scaled.jpg?fit=2560%2C2083\" data-orig-size=\"2560,2083\" data-comments-opened=\"1\" data-image-meta=\"{&quot;aperture&quot;:&quot;1.8&quot;,&quot;credit&quot;:&quot;&quot;,&quot;camera&quot;:&quot;iPhone 7&quot;,&quot;caption&quot;:&quot;&quot;,&quot;created_timestamp&quot;:&quot;1655116583&quot;,&quot;copyright&quot;:&quot;&quot;,&quot;focal_length&quot;:&quot;3.99&quot;,&quot;iso&quot;:&quot;80&quot;,&quot;shutter_speed&quot;:&quot;0.14285714285714&quot;,&quot;title&quot;:&quot;&quot;,&quot;orientation&quot;:&quot;1&quot;}\" data-image-title=\"Les Sept Morts d&amp;rsquo;Evelyn Hardcastle\" data-image-description=\"\" data-image-caption=\"\" data-large-file=\"https:\/\/i0.wp.com\/www.jojoenherbe.com\/wp-content\/uploads\/2022\/06\/Les-Sept-Morts-dEvelyn-Hardcastle-scaled.jpg?fit=676%2C550\" class=\"alignleft size-thumbnail wp-image-25858\" src=\"https:\/\/i0.wp.com\/www.jojoenherbe.com\/wp-content\/uploads\/2022\/06\/Les-Sept-Morts-dEvelyn-Hardcastle.jpg?resize=150%2C150\" alt=\"\" width=\"150\" height=\"150\" srcset=\"https:\/\/i0.wp.com\/www.jojoenherbe.com\/wp-content\/uploads\/2022\/06\/Les-Sept-Morts-dEvelyn-Hardcastle-scaled.jpg?resize=150%2C150 150w, https:\/\/i0.wp.com\/www.jojoenherbe.com\/wp-content\/uploads\/2022\/06\/Les-Sept-Morts-dEvelyn-Hardcastle-scaled.jpg?zoom=2&amp;resize=150%2C150 300w, https:\/\/i0.wp.com\/www.jojoenherbe.com\/wp-content\/uploads\/2022\/06\/Les-Sept-Morts-dEvelyn-Hardcastle-scaled.jpg?zoom=3&amp;resize=150%2C150 450w\" sizes=\"auto, (max-width: 150px) 100vw, 150px\" \/><\/a>J&rsquo;ai fini de lire <span class=\"_aacl _aaco _aacu _aacx _aad7 _aade\"><em><a href=\"https:\/\/www.jojoenherbe.com\/index.php\/2022\/07\/16\/au-fil-des-pages-avec-les-sept-morts-develyn-hardcastle\/\"><span style=\"text-decoration: underline;\">Les Sept Morts d&rsquo;Evelyn Hardcastle<\/span><\/a> de Stuart Turton (\u00e9d. Sonatine, 2019, 540 pages), un roman policier fantastique, un homme amn\u00e9sique tentant de d\u00e9couvrir l&rsquo;identit\u00e9 du meurtrier d&rsquo;Evelyn Hardclastle. Chaque jour, cet homme prend comme \u00ab\u00a0h\u00f4te\u00a0\u00bb un des r\u00e9sidents de la demeure des \u00e9poux Hardclastle.<\/em> <\/span><\/em><em><span class=\"_aacl _aaco _aacu _aacx _aad7 _aade\">Parviendra-t-il \u00e0 d\u00e9busquer \u00e0 temps le coupable et ainsi avoir une chance de se sauver, avec Anna, de la boucle temporelle dans lequel il est enferm\u00e9 \u00e0 Blackheath House? Un bon moment de lecture avec ce roman policier addictif, surprenant \u00e0 la fa\u00e7on d\u2019un cluedo et dans lequel tous les morceaux du puzzle ou plus exactement des indices de l\u2019enqu\u00eate s\u2019embo\u00eetent \u00e0 la fin!<\/span><\/em><\/p>\n<ul>\n<li style=\"text-align: justify;\"><em>(Romance historique) <span style=\"text-decoration: underline;\"><strong>Petit guide du crime \u00e0 l\u2019usage des ladies<\/strong><\/span> de Manda Collins<\/em><\/li>\n<\/ul>\n<p style=\"text-align: justify;\"><em><a href=\"https:\/\/i0.wp.com\/www.jojoenherbe.com\/wp-content\/uploads\/2022\/06\/Petit-guide-du-crime-a-lusage-des-ladies-scaled.jpg\"><img data-recalc-dims=\"1\" loading=\"lazy\" decoding=\"async\" data-attachment-id=\"26119\" data-permalink=\"http:\/\/www.jojoenherbe.com\/index.php\/2022\/06\/24\/rat-du-mois-anglais-2022\/petit-guide-du-crime-a-lusage-des-ladies\/\" data-orig-file=\"https:\/\/i0.wp.com\/www.jojoenherbe.com\/wp-content\/uploads\/2022\/06\/Petit-guide-du-crime-a-lusage-des-ladies-scaled.jpg?fit=2560%2C1794\" data-orig-size=\"2560,1794\" data-comments-opened=\"1\" data-image-meta=\"{&quot;aperture&quot;:&quot;1.8&quot;,&quot;credit&quot;:&quot;&quot;,&quot;camera&quot;:&quot;iPhone 7&quot;,&quot;caption&quot;:&quot;&quot;,&quot;created_timestamp&quot;:&quot;1656073276&quot;,&quot;copyright&quot;:&quot;&quot;,&quot;focal_length&quot;:&quot;3.99&quot;,&quot;iso&quot;:&quot;80&quot;,&quot;shutter_speed&quot;:&quot;0.2&quot;,&quot;title&quot;:&quot;&quot;,&quot;orientation&quot;:&quot;1&quot;}\" data-image-title=\"Petit guide du crime \u00e0 l&amp;rsquo;usage des ladies\" data-image-description=\"\" data-image-caption=\"\" data-large-file=\"https:\/\/i0.wp.com\/www.jojoenherbe.com\/wp-content\/uploads\/2022\/06\/Petit-guide-du-crime-a-lusage-des-ladies-scaled.jpg?fit=676%2C473\" class=\"size-thumbnail wp-image-26119 alignright\" src=\"https:\/\/i0.wp.com\/www.jojoenherbe.com\/wp-content\/uploads\/2022\/06\/Petit-guide-du-crime-a-lusage-des-ladies.jpg?resize=150%2C150\" alt=\"\" width=\"150\" height=\"150\" srcset=\"https:\/\/i0.wp.com\/www.jojoenherbe.com\/wp-content\/uploads\/2022\/06\/Petit-guide-du-crime-a-lusage-des-ladies-scaled.jpg?resize=150%2C150 150w, https:\/\/i0.wp.com\/www.jojoenherbe.com\/wp-content\/uploads\/2022\/06\/Petit-guide-du-crime-a-lusage-des-ladies-scaled.jpg?zoom=2&amp;resize=150%2C150 300w, https:\/\/i0.wp.com\/www.jojoenherbe.com\/wp-content\/uploads\/2022\/06\/Petit-guide-du-crime-a-lusage-des-ladies-scaled.jpg?zoom=3&amp;resize=150%2C150 450w\" sizes=\"auto, (max-width: 150px) 100vw, 150px\" \/><\/a>J&rsquo;ai \u00e9galement lu <span style=\"text-decoration: underline;\">Petit guide du crime \u00e0 l\u2019usage des ladies<\/span> de Manda Collins (\u00e9d. J\u2019ai lu, n\u00b013312, 2021, 314 pages), une romance polici\u00e8re \u00ab ennemies to lovers \u00bb se d\u00e9roulant en 1865. Lady Katherine Bascomb est une jeune veuve qui d\u00e9tient la Gazette de Londres et qui d\u00e9cide d\u2019enqu\u00eater sur une s\u00e9rie de meurtres qui secouent Londres depuis plusieurs semaines sans que l\u2019inspecteur Eversham en charge de l\u2019enqu\u00eate n\u2019arrive \u00e0 arr\u00eater le coupable. Un bon moment de lecture l\u00e9g\u00e8re avec ce duo!<\/em><\/p>\n<ul>\n<li><em>(Romance contemporaine) <span style=\"text-decoration: underline;\"><strong>\u00c9pouse-moi si tu l\u2019oses<\/strong><\/span> d\u2019Amandine Weber<\/em><\/li>\n<\/ul>\n<p style=\"text-align: justify;\"><em><a href=\"https:\/\/i0.wp.com\/www.jojoenherbe.com\/wp-content\/uploads\/2022\/06\/Epouse-moi-si-tu-loses.jpg\"><img data-recalc-dims=\"1\" loading=\"lazy\" decoding=\"async\" data-attachment-id=\"26130\" data-permalink=\"http:\/\/www.jojoenherbe.com\/index.php\/2022\/06\/24\/rat-du-mois-anglais-2022\/epouse-moi-si-tu-loses\/\" data-orig-file=\"https:\/\/i0.wp.com\/www.jojoenherbe.com\/wp-content\/uploads\/2022\/06\/Epouse-moi-si-tu-loses.jpg?fit=750%2C1334\" data-orig-size=\"750,1334\" data-comments-opened=\"1\" data-image-meta=\"{&quot;aperture&quot;:&quot;0&quot;,&quot;credit&quot;:&quot;&quot;,&quot;camera&quot;:&quot;&quot;,&quot;caption&quot;:&quot;&quot;,&quot;created_timestamp&quot;:&quot;0&quot;,&quot;copyright&quot;:&quot;&quot;,&quot;focal_length&quot;:&quot;0&quot;,&quot;iso&quot;:&quot;0&quot;,&quot;shutter_speed&quot;:&quot;0&quot;,&quot;title&quot;:&quot;&quot;,&quot;orientation&quot;:&quot;0&quot;}\" data-image-title=\"Epouse-moi si tu l&amp;rsquo;oses\" data-image-description=\"\" data-image-caption=\"\" data-large-file=\"https:\/\/i0.wp.com\/www.jojoenherbe.com\/wp-content\/uploads\/2022\/06\/Epouse-moi-si-tu-loses.jpg?fit=576%2C1024\" class=\"alignleft size-thumbnail wp-image-26130\" src=\"https:\/\/i0.wp.com\/www.jojoenherbe.com\/wp-content\/uploads\/2022\/06\/Epouse-moi-si-tu-loses.jpg?resize=150%2C150\" alt=\"\" width=\"150\" height=\"150\" srcset=\"https:\/\/i0.wp.com\/www.jojoenherbe.com\/wp-content\/uploads\/2022\/06\/Epouse-moi-si-tu-loses.jpg?resize=150%2C150 150w, https:\/\/i0.wp.com\/www.jojoenherbe.com\/wp-content\/uploads\/2022\/06\/Epouse-moi-si-tu-loses.jpg?zoom=2&amp;resize=150%2C150 300w, https:\/\/i0.wp.com\/www.jojoenherbe.com\/wp-content\/uploads\/2022\/06\/Epouse-moi-si-tu-loses.jpg?zoom=3&amp;resize=150%2C150 450w\" sizes=\"auto, (max-width: 150px) 100vw, 150px\" \/><\/a>Pendant le RAT anglais,<\/em>\u00a0j&rsquo;ai<em> lu en soir\u00e9e, en e-book, <span style=\"text-decoration: underline;\">\u00c9pouse-moi si tu l\u2019oses<\/span> d\u2019Amandine Weber (\u00e9d. Sudar\u00e8nes, 2021, 375 pages), une romance contemporaine se d\u00e9roulant entre la Gr\u00e8ce, Londres et les \u00c9tats-Unis entre Amy, une riche h\u00e9riti\u00e8re qui travaille avec son p\u00e8re et Alexi, un milliardaire et p\u00e8re d\u2019un jeune gar\u00e7on Julian. J\u2019avais bien appr\u00e9ci\u00e9 et beaucoup ri lorsque j\u2019avais lu <span style=\"text-decoration: underline;\">Mon boss &amp; moi<\/span> (\u00e9d. Sudar\u00e8nes, 2017, 805 pages), humour que je n\u2019ai pas retrouv\u00e9 ici avec cette romance trop convenue.<br \/>\n<\/em><\/p>\n<ul>\n<li style=\"text-align: justify;\"><em>(Romance historique) <span style=\"text-decoration: underline;\"><strong>La femme savante de Lord Livesey<\/strong><\/span>\u00a0 d\u2019Audrey Harrison<\/em><\/li>\n<\/ul>\n<p style=\"text-align: justify;\"><em><a href=\"https:\/\/i0.wp.com\/www.jojoenherbe.com\/wp-content\/uploads\/2022\/06\/La-femme-savante-de-Lord-Livesey.jpg\"><img data-recalc-dims=\"1\" loading=\"lazy\" decoding=\"async\" data-attachment-id=\"26127\" data-permalink=\"http:\/\/www.jojoenherbe.com\/index.php\/2022\/06\/24\/rat-du-mois-anglais-2022\/la-femme-savante-de-lord-livesey\/\" data-orig-file=\"https:\/\/i0.wp.com\/www.jojoenherbe.com\/wp-content\/uploads\/2022\/06\/La-femme-savante-de-Lord-Livesey.jpg?fit=750%2C1334\" data-orig-size=\"750,1334\" data-comments-opened=\"1\" data-image-meta=\"{&quot;aperture&quot;:&quot;0&quot;,&quot;credit&quot;:&quot;&quot;,&quot;camera&quot;:&quot;&quot;,&quot;caption&quot;:&quot;&quot;,&quot;created_timestamp&quot;:&quot;0&quot;,&quot;copyright&quot;:&quot;&quot;,&quot;focal_length&quot;:&quot;0&quot;,&quot;iso&quot;:&quot;0&quot;,&quot;shutter_speed&quot;:&quot;0&quot;,&quot;title&quot;:&quot;&quot;,&quot;orientation&quot;:&quot;0&quot;}\" data-image-title=\"La femme savante de Lord Livesey\" data-image-description=\"\" data-image-caption=\"\" data-large-file=\"https:\/\/i0.wp.com\/www.jojoenherbe.com\/wp-content\/uploads\/2022\/06\/La-femme-savante-de-Lord-Livesey.jpg?fit=576%2C1024\" class=\"size-thumbnail wp-image-26127 alignright\" src=\"https:\/\/i0.wp.com\/www.jojoenherbe.com\/wp-content\/uploads\/2022\/06\/La-femme-savante-de-Lord-Livesey.jpg?resize=150%2C150\" alt=\"\" width=\"150\" height=\"150\" srcset=\"https:\/\/i0.wp.com\/www.jojoenherbe.com\/wp-content\/uploads\/2022\/06\/La-femme-savante-de-Lord-Livesey.jpg?resize=150%2C150 150w, https:\/\/i0.wp.com\/www.jojoenherbe.com\/wp-content\/uploads\/2022\/06\/La-femme-savante-de-Lord-Livesey.jpg?zoom=2&amp;resize=150%2C150 300w, https:\/\/i0.wp.com\/www.jojoenherbe.com\/wp-content\/uploads\/2022\/06\/La-femme-savante-de-Lord-Livesey.jpg?zoom=3&amp;resize=150%2C150 450w\" sizes=\"auto, (max-width: 150px) 100vw, 150px\" \/><\/a>J&rsquo;ai enfin fini le week-end en lisant en e-book <span style=\"text-decoration: underline;\">La femme savante de Lord Livesey<\/span>\u00a0 d\u2019Audrey Harrison (\u00e9d. Auto\u00e9dition, 2018, 268 pages), une romance historique se d\u00e9roulant \u00e0 l\u2019\u00e9poque de la R\u00e9gence anglaise, lors d\u2019une f\u00eate chez Lord Livesey, sa s\u0153ur ayant s\u00e9lectionn\u00e9 quelques femmes \u00e0 marier, Lord Livesey \u00e9tant un jeune veuf de 28 ans et p\u00e8re de trois jeunes filles. Parmi ces femmes, il y a Phoebe Westbrook qui est venue pour faire plaisir \u00e0 ses parents sans v\u00e9ritable espoir d\u2019\u00eatre choisie, pr\u00e9f\u00e9rant passer du temps dans la biblioth\u00e8que plut\u00f4t que de courtiser le jeune lord. Et si pourtant ils \u00e9taient faits l\u2019un pour l\u2019autre? Un moment de lecture plaisant bien que convenu!<\/em><\/p>\n<p><strong><span style=\"text-decoration: underline;\">Ma lecture en cours<\/span>:<\/strong><\/p>\n<p style=\"text-align: justify;\"><em>(Roman feel-good) <span style=\"text-decoration: underline;\"><strong>Notting Hill with Love\u2026 Actually<\/strong><\/span> d\u2019Ali McNamara<\/em><\/p>\n<p style=\"text-align: justify;\"><em><a href=\"https:\/\/i0.wp.com\/www.jojoenherbe.com\/wp-content\/uploads\/2022\/06\/Notting-Hill-with-Love%E2%80%A6-Actually-scaled.jpg\"><img data-recalc-dims=\"1\" loading=\"lazy\" decoding=\"async\" data-attachment-id=\"26128\" data-permalink=\"http:\/\/www.jojoenherbe.com\/index.php\/2022\/06\/24\/rat-du-mois-anglais-2022\/notting-hill-with-love-actually\/\" data-orig-file=\"https:\/\/i0.wp.com\/www.jojoenherbe.com\/wp-content\/uploads\/2022\/06\/Notting-Hill-with-Love%E2%80%A6-Actually-scaled.jpg?fit=2560%2C1958\" data-orig-size=\"2560,1958\" data-comments-opened=\"1\" data-image-meta=\"{&quot;aperture&quot;:&quot;1.8&quot;,&quot;credit&quot;:&quot;&quot;,&quot;camera&quot;:&quot;iPhone 7&quot;,&quot;caption&quot;:&quot;&quot;,&quot;created_timestamp&quot;:&quot;1656412149&quot;,&quot;copyright&quot;:&quot;&quot;,&quot;focal_length&quot;:&quot;3.99&quot;,&quot;iso&quot;:&quot;80&quot;,&quot;shutter_speed&quot;:&quot;0.14285714285714&quot;,&quot;title&quot;:&quot;&quot;,&quot;orientation&quot;:&quot;1&quot;}\" data-image-title=\"Notting Hill with Love\u2026 Actually\" data-image-description=\"\" data-image-caption=\"\" data-large-file=\"https:\/\/i0.wp.com\/www.jojoenherbe.com\/wp-content\/uploads\/2022\/06\/Notting-Hill-with-Love%E2%80%A6-Actually-scaled.jpg?fit=676%2C517\" class=\"alignleft size-thumbnail wp-image-26128\" src=\"https:\/\/i0.wp.com\/www.jojoenherbe.com\/wp-content\/uploads\/2022\/06\/Notting-Hill-with-Love%E2%80%A6-Actually.jpg?resize=150%2C150\" alt=\"\" width=\"150\" height=\"150\" srcset=\"https:\/\/i0.wp.com\/www.jojoenherbe.com\/wp-content\/uploads\/2022\/06\/Notting-Hill-with-Love%E2%80%A6-Actually-scaled.jpg?resize=150%2C150 150w, https:\/\/i0.wp.com\/www.jojoenherbe.com\/wp-content\/uploads\/2022\/06\/Notting-Hill-with-Love%E2%80%A6-Actually-scaled.jpg?zoom=2&amp;resize=150%2C150 300w, https:\/\/i0.wp.com\/www.jojoenherbe.com\/wp-content\/uploads\/2022\/06\/Notting-Hill-with-Love%E2%80%A6-Actually-scaled.jpg?zoom=3&amp;resize=150%2C150 450w\" sizes=\"auto, (max-width: 150px) 100vw, 150px\" \/><\/a>J&rsquo;ai commenc\u00e9 \u00e0 lire les premiers chapitres <span style=\"text-decoration: underline;\">Notting Hill with Love\u2026 Actually<\/span> d\u2019Ali McNamara (\u00e9d. Bragelonne, coll. Milady Romance, 2013, 526 pages), un roman feel-good rep\u00e9r\u00e9 chez <a href=\"http:\/\/croquerlespages.canalblog.com\/archives\/2022\/06\/17\/39489630.html\">Fondant<\/a>.<\/em><\/p>\n","protected":false},"excerpt":{"rendered":"<p>En ce d\u00e9but de semaine, voici notre point lecture hebdomadaire avec un retour sur nos lectures de la semaine derni\u00e8re (mais pas nos relectures) et ma lecture en cours. Comme depuis le d\u00e9but du mois, j&rsquo;ai surtout pioch\u00e9 dans ma PAL anglo-saxonne puisqu&rsquo;en juin, c&rsquo;est le Mois Anglais 2022 coorganis\u00e9e par Lou et Titine. Nos [&hellip;]<\/p>\n","protected":false},"author":1,"featured_media":26227,"comment_status":"open","ping_status":"open","sticky":false,"template":"","format":"standard","meta":{"jetpack_post_was_ever_published":false,"_jetpack_newsletter_access":"","_jetpack_dont_email_post_to_subs":false,"_jetpack_newsletter_tier_id":0,"_jetpack_memberships_contains_paywalled_content":false,"_jetpack_memberships_contains_paid_content":false,"footnotes":""},"categories":[2140,363],"tags":[409,3232,3234,3233,1226,3240,3239,3231,1085,367,3235,3237,2767,1329,844,3236,3209,905,3241,3214],"class_list":["post-26170","post","type-post","status-publish","format-standard","has-post-thumbnail","hentry","category-mini-blogueur","category-mini-lecteur","tag-albums-jeunesse","tag-ali-mcnamara","tag-amandine-weber","tag-audrey-harrison","tag-bd-jeunesse","tag-dr-seuss","tag-elise-hurst","tag-feel-good-2","tag-lecture-adulte","tag-lecture-jeunesse","tag-manda-collins","tag-nicole-vosseler","tag-point-lecture-hebdo","tag-roman-policier","tag-romance","tag-romance-contemporaine","tag-romance-historique","tag-romans-adulte","tag-stan-silas","tag-stuart-turton","post-preview"],"jetpack_featured_media_url":"https:\/\/i0.wp.com\/www.jojoenherbe.com\/wp-content\/uploads\/2022\/07\/Point-lecture-hebdo-47-scaled.jpg?fit=2560%2C1603","jetpack_sharing_enabled":true,"jetpack_shortlink":"https:\/\/wp.me\/p9zhGx-6O6","jetpack_likes_enabled":true,"jetpack-related-posts":[{"id":37057,"url":"http:\/\/www.jojoenherbe.com\/index.php\/2024\/09\/30\/point-lecture-hebdomadaire-2024-39\/","url_meta":{"origin":26170,"position":0},"title":"Point lecture hebdomadaire 2024 #39","author":"Jojo","date":"30 septembre 2024","format":false,"excerpt":"En ce d\u00e9but de semaine, voici mon point lecture hebdomadaire avec un retour sur nos lectures (mais pas nos relectures) de la semaine derni\u00e8re. Nos lectures du 23 au 29 septembre 2024: Des lectures jeunesse: Nous avons continu\u00e9 chaque soir et presque fini de lire Le jardin secret de Frances\u2026","rel":"","context":"Dans &quot;Mini blogueur&quot;","block_context":{"text":"Mini blogueur","link":"http:\/\/www.jojoenherbe.com\/index.php\/category\/mini-blogueur\/"},"img":{"alt_text":"","src":"https:\/\/i0.wp.com\/www.jojoenherbe.com\/wp-content\/uploads\/2020\/04\/Le-jardin-secret-150x150.jpg?resize=350%2C200","width":350,"height":200},"classes":[]},{"id":25915,"url":"http:\/\/www.jojoenherbe.com\/index.php\/2022\/06\/20\/point-lecture-hebdomadaire-46\/","url_meta":{"origin":26170,"position":1},"title":"Point lecture hebdomadaire #46","author":"Jojo","date":"20 juin 2022","format":false,"excerpt":"En ce d\u00e9but de semaine, voici notre point lecture hebdomadaire avec un retour sur nos lectures de la semaine derni\u00e8re (mais pas nos relectures) et ma lecture en cours. j'ai surtout pioch\u00e9 dans ma PAL anglo-saxonne puisqu'en juin, c'est le Mois Anglais 2022 coorganis\u00e9e par Lou et Titine. Nos lectures\u2026","rel":"","context":"Dans &quot;Mini blogueur&quot;","block_context":{"text":"Mini blogueur","link":"http:\/\/www.jojoenherbe.com\/index.php\/category\/mini-blogueur\/"},"img":{"alt_text":"","src":"https:\/\/i0.wp.com\/www.jojoenherbe.com\/wp-content\/uploads\/2022\/07\/Point-lecture-hebdo-46-scaled.jpg?fit=1200%2C795&resize=350%2C200","width":350,"height":200,"srcset":"https:\/\/i0.wp.com\/www.jojoenherbe.com\/wp-content\/uploads\/2022\/07\/Point-lecture-hebdo-46-scaled.jpg?fit=1200%2C795&resize=350%2C200 1x, https:\/\/i0.wp.com\/www.jojoenherbe.com\/wp-content\/uploads\/2022\/07\/Point-lecture-hebdo-46-scaled.jpg?fit=1200%2C795&resize=525%2C300 1.5x, https:\/\/i0.wp.com\/www.jojoenherbe.com\/wp-content\/uploads\/2022\/07\/Point-lecture-hebdo-46-scaled.jpg?fit=1200%2C795&resize=700%2C400 2x, https:\/\/i0.wp.com\/www.jojoenherbe.com\/wp-content\/uploads\/2022\/07\/Point-lecture-hebdo-46-scaled.jpg?fit=1200%2C795&resize=1050%2C600 3x"},"classes":[]},{"id":31501,"url":"http:\/\/www.jojoenherbe.com\/index.php\/2023\/08\/21\/point-lecture-hebdomadaire-2023-33\/","url_meta":{"origin":26170,"position":2},"title":"Point lecture hebdomadaire 2023 #33","author":"Jojo","date":"21 ao\u00fbt 2023","format":false,"excerpt":"En ce d\u00e9but de semaine, voici notre point lecture hebdomadaire avec un retour sur nos lectures de la semaine derni\u00e8re (mais pas nos relectures). Nos lectures du 14 au 20 ao\u00fbt 2023: Des lectures jeunesse: (Roman jeunesse) Vol d\u2019\u00e9t\u00e9 de Marie-Anne Abesdris Nous avons lu Vol d\u2019\u00e9t\u00e9 de Marie-Anne Abesdris\u2026","rel":"","context":"Dans &quot;Mini blogueur&quot;","block_context":{"text":"Mini blogueur","link":"http:\/\/www.jojoenherbe.com\/index.php\/category\/mini-blogueur\/"},"img":{"alt_text":"","src":"https:\/\/i0.wp.com\/www.jojoenherbe.com\/wp-content\/uploads\/2023\/08\/Vol-dete-150x150.jpg?resize=350%2C200","width":350,"height":200},"classes":[]},{"id":41643,"url":"http:\/\/www.jojoenherbe.com\/index.php\/2025\/12\/12\/point-lecture-hebdomadaire-2025-49\/","url_meta":{"origin":26170,"position":3},"title":"Point lecture hebdomadaire 2025 #49","author":"Jojo","date":"12 d\u00e9cembre 2025","format":false,"excerpt":"En cette fin de semaine, voici mon point lecture hebdomadaire avec un retour sur nos lectures (mais pas nos relectures) de la semaine derni\u00e8re au cours de laquelle nous avons commenc\u00e9 nos lectures de No\u00ebl, avec deux livres de l'Avent qui vont nous accompagner chaque soir jusqu'\u00e0 No\u00ebl: La BD\u2026","rel":"","context":"Dans &quot;Mini blogueur&quot;","block_context":{"text":"Mini blogueur","link":"http:\/\/www.jojoenherbe.com\/index.php\/category\/mini-blogueur\/"},"img":{"alt_text":"","src":"https:\/\/i0.wp.com\/www.jojoenherbe.com\/wp-content\/uploads\/2025\/12\/Point-lecture-hebdo-2025-49-scaled.jpg?fit=1200%2C844&resize=350%2C200","width":350,"height":200,"srcset":"https:\/\/i0.wp.com\/www.jojoenherbe.com\/wp-content\/uploads\/2025\/12\/Point-lecture-hebdo-2025-49-scaled.jpg?fit=1200%2C844&resize=350%2C200 1x, https:\/\/i0.wp.com\/www.jojoenherbe.com\/wp-content\/uploads\/2025\/12\/Point-lecture-hebdo-2025-49-scaled.jpg?fit=1200%2C844&resize=525%2C300 1.5x, https:\/\/i0.wp.com\/www.jojoenherbe.com\/wp-content\/uploads\/2025\/12\/Point-lecture-hebdo-2025-49-scaled.jpg?fit=1200%2C844&resize=700%2C400 2x, https:\/\/i0.wp.com\/www.jojoenherbe.com\/wp-content\/uploads\/2025\/12\/Point-lecture-hebdo-2025-49-scaled.jpg?fit=1200%2C844&resize=1050%2C600 3x"},"classes":[]},{"id":36648,"url":"http:\/\/www.jojoenherbe.com\/index.php\/2024\/07\/15\/point-lecture-hebdomadaire-2024-28\/","url_meta":{"origin":26170,"position":4},"title":"Point lecture hebdomadaire 2024 #28","author":"Jojo","date":"15 juillet 2024","format":false,"excerpt":"En ce d\u00e9but de semaine, voici mon point lecture hebdomadaire avec un retour sur nos lectures (mais pas nos relectures) de la semaine derni\u00e8re. Nos lectures du 8 au 14 juillet 2024: Des lectures jeunesse: C\u00f4t\u00e9 jeunesse, nous n'avons eu que des relectures avec mon mini lutin. Des lectures adulte:\u2026","rel":"","context":"Dans &quot;Mini blogueur&quot;","block_context":{"text":"Mini blogueur","link":"http:\/\/www.jojoenherbe.com\/index.php\/category\/mini-blogueur\/"},"img":{"alt_text":"","src":"https:\/\/i0.wp.com\/www.jojoenherbe.com\/wp-content\/uploads\/2024\/07\/Point-lecture-hebdo-2024-28.jpg?fit=1200%2C960&resize=350%2C200","width":350,"height":200,"srcset":"https:\/\/i0.wp.com\/www.jojoenherbe.com\/wp-content\/uploads\/2024\/07\/Point-lecture-hebdo-2024-28.jpg?fit=1200%2C960&resize=350%2C200 1x, https:\/\/i0.wp.com\/www.jojoenherbe.com\/wp-content\/uploads\/2024\/07\/Point-lecture-hebdo-2024-28.jpg?fit=1200%2C960&resize=525%2C300 1.5x, https:\/\/i0.wp.com\/www.jojoenherbe.com\/wp-content\/uploads\/2024\/07\/Point-lecture-hebdo-2024-28.jpg?fit=1200%2C960&resize=700%2C400 2x, https:\/\/i0.wp.com\/www.jojoenherbe.com\/wp-content\/uploads\/2024\/07\/Point-lecture-hebdo-2024-28.jpg?fit=1200%2C960&resize=1050%2C600 3x"},"classes":[]},{"id":36513,"url":"http:\/\/www.jojoenherbe.com\/index.php\/2024\/06\/24\/point-lecture-hebdomadaire-2024-25\/","url_meta":{"origin":26170,"position":5},"title":"Point lecture hebdomadaire 2024 #25","author":"Jojo","date":"24 juin 2024","format":false,"excerpt":"En ce d\u00e9but de semaine, voici mon point lecture hebdomadaire avec un retour sur nos lectures (mais pas nos relectures) de la semaine derni\u00e8re avec moins de lecture que d'habitude en raison d'\u00e9v\u00e9nements festifs comme la f\u00eate de la musique ou de visionnage de s\u00e9ries. Nos lectures du 17 au\u2026","rel":"","context":"Dans &quot;Mini blogueur&quot;","block_context":{"text":"Mini blogueur","link":"http:\/\/www.jojoenherbe.com\/index.php\/category\/mini-blogueur\/"},"img":{"alt_text":"","src":"https:\/\/i0.wp.com\/www.jojoenherbe.com\/wp-content\/uploads\/2024\/06\/Charlock-T7-et-Mortelle-Adele-T21-150x150.jpg?resize=350%2C200","width":350,"height":200},"classes":[]}],"_links":{"self":[{"href":"http:\/\/www.jojoenherbe.com\/index.php\/wp-json\/wp\/v2\/posts\/26170","targetHints":{"allow":["GET"]}}],"collection":[{"href":"http:\/\/www.jojoenherbe.com\/index.php\/wp-json\/wp\/v2\/posts"}],"about":[{"href":"http:\/\/www.jojoenherbe.com\/index.php\/wp-json\/wp\/v2\/types\/post"}],"author":[{"embeddable":true,"href":"http:\/\/www.jojoenherbe.com\/index.php\/wp-json\/wp\/v2\/users\/1"}],"replies":[{"embeddable":true,"href":"http:\/\/www.jojoenherbe.com\/index.php\/wp-json\/wp\/v2\/comments?post=26170"}],"version-history":[{"count":19,"href":"http:\/\/www.jojoenherbe.com\/index.php\/wp-json\/wp\/v2\/posts\/26170\/revisions"}],"predecessor-version":[{"id":27242,"href":"http:\/\/www.jojoenherbe.com\/index.php\/wp-json\/wp\/v2\/posts\/26170\/revisions\/27242"}],"wp:featuredmedia":[{"embeddable":true,"href":"http:\/\/www.jojoenherbe.com\/index.php\/wp-json\/wp\/v2\/media\/26227"}],"wp:attachment":[{"href":"http:\/\/www.jojoenherbe.com\/index.php\/wp-json\/wp\/v2\/media?parent=26170"}],"wp:term":[{"taxonomy":"category","embeddable":true,"href":"http:\/\/www.jojoenherbe.com\/index.php\/wp-json\/wp\/v2\/categories?post=26170"},{"taxonomy":"post_tag","embeddable":true,"href":"http:\/\/www.jojoenherbe.com\/index.php\/wp-json\/wp\/v2\/tags?post=26170"}],"curies":[{"name":"wp","href":"https:\/\/api.w.org\/{rel}","templated":true}]}}