{"id":26154,"date":"2022-07-01T14:44:30","date_gmt":"2022-07-01T12:44:30","guid":{"rendered":"https:\/\/www.jojoenherbe.com\/?p=26154"},"modified":"2022-07-25T09:32:11","modified_gmt":"2022-07-25T07:32:11","slug":"rat-contes-et-legendes-dinde-2022","status":"publish","type":"post","link":"http:\/\/www.jojoenherbe.com\/index.php\/2022\/07\/01\/rat-contes-et-legendes-dinde-2022\/","title":{"rendered":"RAT Contes et l\u00e9gendes d&rsquo;Inde 2022"},"content":{"rendered":"<p style=\"text-align: justify;\"><em>Comme en juillet 2021, le mois de juillet 2022 d\u00e9bute par un RAT (read-a-thon\/marathon de lectures) autour des contes et l\u00e9gendes d&rsquo;Inde propos\u00e9 conjointement par Hilde et Blandine pour les \u00c9tapes indiennes 2022 et\u00a0 Bidib pour le challenge des contes et l\u00e9gendes 2022. Encore de chouettes moments de lecture et d\u2019\u00e9change en cette fin de semaine \u00e0 venir avec les autres participantes! Mais pas que.<\/em><\/p>\n<p style=\"text-align: justify;\"><em>Alors que vais-je lire pendant ce RAT? J&rsquo;avais pr\u00e9vu d&rsquo;aller \u00e0 la m\u00e9diath\u00e8que hier pour faire le plein de contes et l\u00e9gendes d&rsquo;Inde mais \u00e7a n&rsquo;a pas pu se faire. Pour le moment, je vais finir ma lecture anglaise en cours, en e-book, le tome 4 des <span style=\"text-decoration: underline;\">Th\u00e9s Meurtriers d\u2019Oxford, Point de glas sage<\/span> d\u2019H.Y. Hanna (\u00e9d. Auto\u00e9dition, 2022, 312 pages), un cosy mystery. <\/em><\/p>\n<p style=\"text-align: justify;\"><em><a href=\"https:\/\/i0.wp.com\/www.jojoenherbe.com\/wp-content\/uploads\/2022\/07\/Selection-RAT-Contes-et-Legendes-dInde-2022-scaled.jpg\"><img data-recalc-dims=\"1\" loading=\"lazy\" decoding=\"async\" data-attachment-id=\"26159\" data-permalink=\"http:\/\/www.jojoenherbe.com\/index.php\/2022\/07\/01\/rat-contes-et-legendes-dinde-2022\/selection-rat-contes-et-legendes-dinde-2022\/\" data-orig-file=\"https:\/\/i0.wp.com\/www.jojoenherbe.com\/wp-content\/uploads\/2022\/07\/Selection-RAT-Contes-et-Legendes-dInde-2022-scaled.jpg?fit=2560%2C1801\" data-orig-size=\"2560,1801\" data-comments-opened=\"1\" data-image-meta=\"{&quot;aperture&quot;:&quot;1.8&quot;,&quot;credit&quot;:&quot;&quot;,&quot;camera&quot;:&quot;iPhone 7&quot;,&quot;caption&quot;:&quot;&quot;,&quot;created_timestamp&quot;:&quot;1656687417&quot;,&quot;copyright&quot;:&quot;&quot;,&quot;focal_length&quot;:&quot;3.99&quot;,&quot;iso&quot;:&quot;100&quot;,&quot;shutter_speed&quot;:&quot;0.1&quot;,&quot;title&quot;:&quot;&quot;,&quot;orientation&quot;:&quot;1&quot;}\" data-image-title=\"S\u00e9lection RAT Contes et L\u00e9gendes d&amp;rsquo;Inde 2022\" data-image-description=\"\" data-image-caption=\"\" data-large-file=\"https:\/\/i0.wp.com\/www.jojoenherbe.com\/wp-content\/uploads\/2022\/07\/Selection-RAT-Contes-et-Legendes-dInde-2022-scaled.jpg?fit=676%2C475\" class=\"alignleft size-thumbnail wp-image-26159\" src=\"https:\/\/i0.wp.com\/www.jojoenherbe.com\/wp-content\/uploads\/2022\/07\/Selection-RAT-Contes-et-Legendes-dInde-2022.jpg?resize=150%2C150\" alt=\"\" width=\"150\" height=\"150\" srcset=\"https:\/\/i0.wp.com\/www.jojoenherbe.com\/wp-content\/uploads\/2022\/07\/Selection-RAT-Contes-et-Legendes-dInde-2022-scaled.jpg?resize=150%2C150 150w, https:\/\/i0.wp.com\/www.jojoenherbe.com\/wp-content\/uploads\/2022\/07\/Selection-RAT-Contes-et-Legendes-dInde-2022-scaled.jpg?zoom=2&amp;resize=150%2C150 300w, https:\/\/i0.wp.com\/www.jojoenherbe.com\/wp-content\/uploads\/2022\/07\/Selection-RAT-Contes-et-Legendes-dInde-2022-scaled.jpg?zoom=3&amp;resize=150%2C150 450w\" sizes=\"auto, (max-width: 150px) 100vw, 150px\" \/><\/a>Il me reste \u00e9galement dans mes derniers emprunts \u00e0 la m\u00e9diath\u00e8ques deux histoires se d\u00e9roulant en Inde: <span style=\"text-decoration: underline;\">Le livre de la jungle<\/span> de Rudyard Kipling et Quentin Gr\u00e9ban (\u00e9d. Mijade, 2016, r\u00e9\u00e9d. 2017), un album jeunesse grand format et <span style=\"text-decoration: underline;\">Ranee Tara Sonia Chantal Anna<\/span> de Mitali Perkins (\u00e9d. Bayard, 2021, 345 pages), un roman sur le destin de 5 femmes des ann\u00e9es 60 aux ann\u00e9es 2000 et qui avait fait l&rsquo;objet d&rsquo;une lecture commune dans le cadre des \u00c9tapes indiennes en mars dernier.<\/em><\/p>\n<p style=\"text-align: justify;\"><em><span style=\"color: #339966;\"><a href=\"https:\/\/i0.wp.com\/www.jojoenherbe.com\/wp-content\/uploads\/2022\/06\/Les-Thes-meurtriers-dOxford-T4.jpg\"><img data-recalc-dims=\"1\" loading=\"lazy\" decoding=\"async\" data-attachment-id=\"26135\" data-permalink=\"http:\/\/www.jojoenherbe.com\/index.php\/2022\/06\/01\/billet-de-suivi-le-mois-anglais-2022\/les-thes-meurtriers-doxford-t4\/\" data-orig-file=\"https:\/\/i0.wp.com\/www.jojoenherbe.com\/wp-content\/uploads\/2022\/06\/Les-Thes-meurtriers-dOxford-T4.jpg?fit=750%2C1334\" data-orig-size=\"750,1334\" data-comments-opened=\"1\" data-image-meta=\"{&quot;aperture&quot;:&quot;0&quot;,&quot;credit&quot;:&quot;&quot;,&quot;camera&quot;:&quot;&quot;,&quot;caption&quot;:&quot;&quot;,&quot;created_timestamp&quot;:&quot;0&quot;,&quot;copyright&quot;:&quot;&quot;,&quot;focal_length&quot;:&quot;0&quot;,&quot;iso&quot;:&quot;0&quot;,&quot;shutter_speed&quot;:&quot;0&quot;,&quot;title&quot;:&quot;&quot;,&quot;orientation&quot;:&quot;0&quot;}\" data-image-title=\"Les Th\u00e9s meurtriers d&amp;rsquo;Oxford T4\" data-image-description=\"\" data-image-caption=\"\" data-large-file=\"https:\/\/i0.wp.com\/www.jojoenherbe.com\/wp-content\/uploads\/2022\/06\/Les-Thes-meurtriers-dOxford-T4.jpg?fit=576%2C1024\" class=\"size-thumbnail wp-image-26135 alignright\" src=\"https:\/\/i0.wp.com\/www.jojoenherbe.com\/wp-content\/uploads\/2022\/06\/Les-Thes-meurtriers-dOxford-T4.jpg?resize=150%2C150\" alt=\"\" width=\"150\" height=\"150\" srcset=\"https:\/\/i0.wp.com\/www.jojoenherbe.com\/wp-content\/uploads\/2022\/06\/Les-Thes-meurtriers-dOxford-T4.jpg?resize=150%2C150 150w, https:\/\/i0.wp.com\/www.jojoenherbe.com\/wp-content\/uploads\/2022\/06\/Les-Thes-meurtriers-dOxford-T4.jpg?zoom=2&amp;resize=150%2C150 300w, https:\/\/i0.wp.com\/www.jojoenherbe.com\/wp-content\/uploads\/2022\/06\/Les-Thes-meurtriers-dOxford-T4.jpg?zoom=3&amp;resize=150%2C150 450w\" sizes=\"auto, (max-width: 150px) 100vw, 150px\" \/><\/a>Samedi 2 juillet 2022<\/span>, je continue et termine ce matin l\u00e0 o\u00f9 je m&rsquo;\u00e9tais arr\u00eat\u00e9e hier soir le tome 4 des <span style=\"text-decoration: underline;\"><strong>Th\u00e9s Meurtriers d\u2019Oxford, Point de glas sage<\/strong><\/span> d\u2019H.Y. Hanna, Gemma Rose ne pensant pas que Dame Clare Eccleston qui concourait \u00e0 l&rsquo;exposition f\u00e9line de la f\u00eate de son village en pr\u00e9sentant un de ses chats persans soit d\u00e9c\u00e9d\u00e9e d&rsquo;une crise cardiaque.<\/em><\/p>\n<p style=\"text-align: justify;\"><em><a href=\"https:\/\/i0.wp.com\/www.jojoenherbe.com\/wp-content\/uploads\/2022\/07\/Selection-RAT-Contes-et-legendes-dInde-2022-2-scaled.jpg\"><img data-recalc-dims=\"1\" loading=\"lazy\" decoding=\"async\" data-attachment-id=\"26194\" data-permalink=\"http:\/\/www.jojoenherbe.com\/index.php\/2022\/07\/01\/rat-contes-et-legendes-dinde-2022\/selection-rat-contes-et-legendes-dinde-2022-2\/\" data-orig-file=\"https:\/\/i0.wp.com\/www.jojoenherbe.com\/wp-content\/uploads\/2022\/07\/Selection-RAT-Contes-et-legendes-dInde-2022-2-scaled.jpg?fit=2560%2C1813\" data-orig-size=\"2560,1813\" data-comments-opened=\"1\" data-image-meta=\"{&quot;aperture&quot;:&quot;1.8&quot;,&quot;credit&quot;:&quot;&quot;,&quot;camera&quot;:&quot;iPhone 7&quot;,&quot;caption&quot;:&quot;&quot;,&quot;created_timestamp&quot;:&quot;1656777380&quot;,&quot;copyright&quot;:&quot;&quot;,&quot;focal_length&quot;:&quot;3.99&quot;,&quot;iso&quot;:&quot;80&quot;,&quot;shutter_speed&quot;:&quot;0.25&quot;,&quot;title&quot;:&quot;&quot;,&quot;orientation&quot;:&quot;1&quot;}\" data-image-title=\"S\u00e9lection RAT Contes et l\u00e9gendes d&amp;rsquo;Inde 2022 (2)\" data-image-description=\"\" data-image-caption=\"\" data-large-file=\"https:\/\/i0.wp.com\/www.jojoenherbe.com\/wp-content\/uploads\/2022\/07\/Selection-RAT-Contes-et-legendes-dInde-2022-2-scaled.jpg?fit=676%2C479\" class=\"alignleft size-thumbnail wp-image-26194\" src=\"https:\/\/i0.wp.com\/www.jojoenherbe.com\/wp-content\/uploads\/2022\/07\/Selection-RAT-Contes-et-legendes-dInde-2022-2.jpg?resize=150%2C150\" alt=\"\" width=\"150\" height=\"150\" srcset=\"https:\/\/i0.wp.com\/www.jojoenherbe.com\/wp-content\/uploads\/2022\/07\/Selection-RAT-Contes-et-legendes-dInde-2022-2-scaled.jpg?resize=150%2C150 150w, https:\/\/i0.wp.com\/www.jojoenherbe.com\/wp-content\/uploads\/2022\/07\/Selection-RAT-Contes-et-legendes-dInde-2022-2-scaled.jpg?zoom=2&amp;resize=150%2C150 300w, https:\/\/i0.wp.com\/www.jojoenherbe.com\/wp-content\/uploads\/2022\/07\/Selection-RAT-Contes-et-legendes-dInde-2022-2-scaled.jpg?zoom=3&amp;resize=150%2C150 450w\" sizes=\"auto, (max-width: 150px) 100vw, 150px\" \/><\/a>J&rsquo;ai pu aller \u00e0 la m\u00e9diath\u00e8que cet apr\u00e8s-midi et ai emprunt\u00e9 un seul livre dans le th\u00e8me des contes et l\u00e9gendes d&rsquo;Inde et qui se d\u00e9roule dans les montagnes enneig\u00e9es de l&rsquo;Himalaya: <strong><span style=\"text-decoration: underline;\">Le Ma\u00eetre des Neiges<\/span><\/strong> d&rsquo;Isabelle Garcia-Chopin et Cl\u00e9mence Pollet (\u00e9d. Gl\u00e9nat, 2020), un album jeunesse \u00e0 partir de 6 ans selon l&rsquo;\u00e9diteur et aussi des nouveaut\u00e9s attendues comme <strong><span style=\"text-decoration: underline;\">Maman <del>Oie<\/del> Ours et le cousin catastrophe<\/span><\/strong> de Ryan T. Higgins (\u00e9d. Albin Michel Jeunesse, 2021) ou <strong><span style=\"text-decoration: underline;\">Tomb\u00e9e du Ciel<\/span><\/strong> des The Fan Brothers (\u00e9d. Little Urban, 2021)&#8230; Sit\u00f4t mon retour, nous lisons ces trois histoires.<\/em><\/p>\n<p style=\"text-align: justify;\"><em><a href=\"https:\/\/i0.wp.com\/www.jojoenherbe.com\/wp-content\/uploads\/2022\/07\/Selection-RAT-Contes-et-legendes-dInde-2022-3-scaled.jpg\"><img data-recalc-dims=\"1\" loading=\"lazy\" decoding=\"async\" data-attachment-id=\"26201\" data-permalink=\"http:\/\/www.jojoenherbe.com\/index.php\/2022\/07\/01\/rat-contes-et-legendes-dinde-2022\/selection-rat-contes-et-legendes-dinde-2022-3\/\" data-orig-file=\"https:\/\/i0.wp.com\/www.jojoenherbe.com\/wp-content\/uploads\/2022\/07\/Selection-RAT-Contes-et-legendes-dInde-2022-3-scaled.jpg?fit=2560%2C1920\" data-orig-size=\"2560,1920\" data-comments-opened=\"1\" data-image-meta=\"{&quot;aperture&quot;:&quot;1.8&quot;,&quot;credit&quot;:&quot;&quot;,&quot;camera&quot;:&quot;iPhone 7&quot;,&quot;caption&quot;:&quot;&quot;,&quot;created_timestamp&quot;:&quot;1656846939&quot;,&quot;copyright&quot;:&quot;&quot;,&quot;focal_length&quot;:&quot;3.99&quot;,&quot;iso&quot;:&quot;100&quot;,&quot;shutter_speed&quot;:&quot;0.14285714285714&quot;,&quot;title&quot;:&quot;&quot;,&quot;orientation&quot;:&quot;1&quot;}\" data-image-title=\"S\u00e9lection RAT Contes et l\u00e9gendes d&amp;rsquo;Inde 2022 (3)\" data-image-description=\"\" data-image-caption=\"\" data-large-file=\"https:\/\/i0.wp.com\/www.jojoenherbe.com\/wp-content\/uploads\/2022\/07\/Selection-RAT-Contes-et-legendes-dInde-2022-3-scaled.jpg?fit=676%2C507\" class=\"size-thumbnail wp-image-26201 alignright\" src=\"https:\/\/i0.wp.com\/www.jojoenherbe.com\/wp-content\/uploads\/2022\/07\/Selection-RAT-Contes-et-legendes-dInde-2022-3.jpg?resize=150%2C150\" alt=\"\" width=\"150\" height=\"150\" srcset=\"https:\/\/i0.wp.com\/www.jojoenherbe.com\/wp-content\/uploads\/2022\/07\/Selection-RAT-Contes-et-legendes-dInde-2022-3-scaled.jpg?resize=150%2C150 150w, https:\/\/i0.wp.com\/www.jojoenherbe.com\/wp-content\/uploads\/2022\/07\/Selection-RAT-Contes-et-legendes-dInde-2022-3-scaled.jpg?zoom=2&amp;resize=150%2C150 300w, https:\/\/i0.wp.com\/www.jojoenherbe.com\/wp-content\/uploads\/2022\/07\/Selection-RAT-Contes-et-legendes-dInde-2022-3-scaled.jpg?zoom=3&amp;resize=150%2C150 450w\" sizes=\"auto, (max-width: 150px) 100vw, 150px\" \/><\/a>Pour les histoires du soir: deux relectures avec <strong><span style=\"text-decoration: underline;\">\u00c9l\u00e9onore et le dinosaure<\/span><\/strong> d&rsquo;Hollie Hugues et Sarah Massini (\u00e9d. Kimane, 2019, r\u00e9\u00e9d. 2022), un album jeunesse \u00e0 partir de 3 ans joliment illustr\u00e9 et dans lequel il est question de l&rsquo;imagination des enfants et d&rsquo;amiti\u00e9 et <strong><span style=\"text-decoration: underline;\">Les \u0153ufs verts au jambon<\/span><\/strong> de Dr. Seuss (\u00e9d. Ulysses Press, 1960, r\u00e9\u00e9d. 2009), un album jeunesse rigolo \u00e0 partir de 3 ans dans lequel Sam c&rsquo;est moi tente de persuader un vieux grincheux de manger des \u0153ufs verts au jambon.<\/em><\/p>\n<p style=\"text-align: justify;\"><em><a href=\"https:\/\/i0.wp.com\/www.jojoenherbe.com\/wp-content\/uploads\/2022\/06\/Notting-Hill-with-Love%E2%80%A6-Actually-scaled.jpg\"><img data-recalc-dims=\"1\" loading=\"lazy\" decoding=\"async\" data-attachment-id=\"26128\" data-permalink=\"http:\/\/www.jojoenherbe.com\/index.php\/2022\/06\/24\/rat-du-mois-anglais-2022\/notting-hill-with-love-actually\/\" data-orig-file=\"https:\/\/i0.wp.com\/www.jojoenherbe.com\/wp-content\/uploads\/2022\/06\/Notting-Hill-with-Love%E2%80%A6-Actually-scaled.jpg?fit=2560%2C1958\" data-orig-size=\"2560,1958\" data-comments-opened=\"1\" data-image-meta=\"{&quot;aperture&quot;:&quot;1.8&quot;,&quot;credit&quot;:&quot;&quot;,&quot;camera&quot;:&quot;iPhone 7&quot;,&quot;caption&quot;:&quot;&quot;,&quot;created_timestamp&quot;:&quot;1656412149&quot;,&quot;copyright&quot;:&quot;&quot;,&quot;focal_length&quot;:&quot;3.99&quot;,&quot;iso&quot;:&quot;80&quot;,&quot;shutter_speed&quot;:&quot;0.14285714285714&quot;,&quot;title&quot;:&quot;&quot;,&quot;orientation&quot;:&quot;1&quot;}\" data-image-title=\"Notting Hill with Love\u2026 Actually\" data-image-description=\"\" data-image-caption=\"\" data-large-file=\"https:\/\/i0.wp.com\/www.jojoenherbe.com\/wp-content\/uploads\/2022\/06\/Notting-Hill-with-Love%E2%80%A6-Actually-scaled.jpg?fit=676%2C517\" class=\"size-thumbnail wp-image-26128 alignleft\" src=\"https:\/\/i0.wp.com\/www.jojoenherbe.com\/wp-content\/uploads\/2022\/06\/Notting-Hill-with-Love%E2%80%A6-Actually.jpg?resize=150%2C150\" alt=\"\" width=\"150\" height=\"150\" srcset=\"https:\/\/i0.wp.com\/www.jojoenherbe.com\/wp-content\/uploads\/2022\/06\/Notting-Hill-with-Love%E2%80%A6-Actually-scaled.jpg?resize=150%2C150 150w, https:\/\/i0.wp.com\/www.jojoenherbe.com\/wp-content\/uploads\/2022\/06\/Notting-Hill-with-Love%E2%80%A6-Actually-scaled.jpg?zoom=2&amp;resize=150%2C150 300w, https:\/\/i0.wp.com\/www.jojoenherbe.com\/wp-content\/uploads\/2022\/06\/Notting-Hill-with-Love%E2%80%A6-Actually-scaled.jpg?zoom=3&amp;resize=150%2C150 450w\" sizes=\"auto, (max-width: 150px) 100vw, 150px\" \/><\/a>En soir\u00e9e, je reprends ma lecture de <strong><span style=\"text-decoration: underline;\">Notting Hill with Love\u2026 Actually<\/span><\/strong> d\u2019Ali McNamara (\u00e9d. Bragelonne, coll. Milady Romance, 2013, 526 pages), un roman feel-good rep\u00e9r\u00e9 chez <a href=\"http:\/\/croquerlespages.canalblog.com\/archives\/2022\/06\/17\/39489630.html\">Fondant<\/a> et avance jusqu&rsquo;au chapitre 5.<br \/>\n<\/em><\/p>\n<p style=\"text-align: justify;\"><em><span style=\"color: #ff6600;\"><a href=\"https:\/\/i0.wp.com\/www.jojoenherbe.com\/wp-content\/uploads\/2022\/07\/Linette-T1-scaled.jpg\"><img data-recalc-dims=\"1\" loading=\"lazy\" decoding=\"async\" data-attachment-id=\"26212\" data-permalink=\"http:\/\/www.jojoenherbe.com\/index.php\/2022\/07\/01\/rat-contes-et-legendes-dinde-2022\/linette-t1\/\" data-orig-file=\"https:\/\/i0.wp.com\/www.jojoenherbe.com\/wp-content\/uploads\/2022\/07\/Linette-T1-scaled.jpg?fit=2560%2C1982\" data-orig-size=\"2560,1982\" data-comments-opened=\"1\" data-image-meta=\"{&quot;aperture&quot;:&quot;1.8&quot;,&quot;credit&quot;:&quot;&quot;,&quot;camera&quot;:&quot;iPhone 7&quot;,&quot;caption&quot;:&quot;&quot;,&quot;created_timestamp&quot;:&quot;1656849179&quot;,&quot;copyright&quot;:&quot;&quot;,&quot;focal_length&quot;:&quot;3.99&quot;,&quot;iso&quot;:&quot;100&quot;,&quot;shutter_speed&quot;:&quot;0.1&quot;,&quot;title&quot;:&quot;&quot;,&quot;orientation&quot;:&quot;1&quot;}\" data-image-title=\"Linette T1\" data-image-description=\"\" data-image-caption=\"\" data-large-file=\"https:\/\/i0.wp.com\/www.jojoenherbe.com\/wp-content\/uploads\/2022\/07\/Linette-T1-scaled.jpg?fit=676%2C524\" class=\"size-thumbnail wp-image-26212 alignright\" src=\"https:\/\/i0.wp.com\/www.jojoenherbe.com\/wp-content\/uploads\/2022\/07\/Linette-T1.jpg?resize=150%2C150\" alt=\"\" width=\"150\" height=\"150\" srcset=\"https:\/\/i0.wp.com\/www.jojoenherbe.com\/wp-content\/uploads\/2022\/07\/Linette-T1-scaled.jpg?resize=150%2C150 150w, https:\/\/i0.wp.com\/www.jojoenherbe.com\/wp-content\/uploads\/2022\/07\/Linette-T1-scaled.jpg?zoom=2&amp;resize=150%2C150 300w, https:\/\/i0.wp.com\/www.jojoenherbe.com\/wp-content\/uploads\/2022\/07\/Linette-T1-scaled.jpg?zoom=3&amp;resize=150%2C150 450w\" sizes=\"auto, (max-width: 150px) 100vw, 150px\" \/><\/a>Dimanche 3 juillet 2022<\/span>, nous lisons dans la matin\u00e9e le <strong>tome 1<\/strong> de <strong><span style=\"text-decoration: underline;\">Linette, Les pieds qui poussent<\/span><\/strong> de Catherine Romat et Jean-Philippe Peyraud (\u00e9d. Les \u00e9ditions de la Goutti\u00e8re, r\u00e9\u00e9d. 2018, 2022), une BD jeunesse sans texte, tendre et rigolote \u00e0 partir de 3\/4 ans et que j&rsquo;avais achet\u00e9e lors des 48h BD en avril 2022 avec l&rsquo;histoire de Linette, une petite fille d\u00e9bordant d&rsquo;imagination qui voudrait bien aider sa m\u00e8re au potager.\u00a0<\/em><\/p>\n<p style=\"text-align: justify;\"><em><a href=\"https:\/\/i0.wp.com\/www.jojoenherbe.com\/wp-content\/uploads\/2022\/07\/Selection-RAT-Contes-et-legendes-dInde-2022-4-scaled.jpg\"><img data-recalc-dims=\"1\" loading=\"lazy\" decoding=\"async\" data-attachment-id=\"26217\" data-permalink=\"http:\/\/www.jojoenherbe.com\/index.php\/2022\/07\/01\/rat-contes-et-legendes-dinde-2022\/selection-rat-contes-et-legendes-dinde-2022-4\/\" data-orig-file=\"https:\/\/i0.wp.com\/www.jojoenherbe.com\/wp-content\/uploads\/2022\/07\/Selection-RAT-Contes-et-legendes-dInde-2022-4-scaled.jpg?fit=2560%2C1887\" data-orig-size=\"2560,1887\" data-comments-opened=\"1\" data-image-meta=\"{&quot;aperture&quot;:&quot;1.8&quot;,&quot;credit&quot;:&quot;&quot;,&quot;camera&quot;:&quot;iPhone 7&quot;,&quot;caption&quot;:&quot;&quot;,&quot;created_timestamp&quot;:&quot;1657021046&quot;,&quot;copyright&quot;:&quot;&quot;,&quot;focal_length&quot;:&quot;3.99&quot;,&quot;iso&quot;:&quot;100&quot;,&quot;shutter_speed&quot;:&quot;0.071428571428571&quot;,&quot;title&quot;:&quot;&quot;,&quot;orientation&quot;:&quot;1&quot;}\" data-image-title=\"S\u00e9lection RAT Contes et l\u00e9gendes d&amp;rsquo;Inde 2022 (4)\" data-image-description=\"\" data-image-caption=\"\" data-large-file=\"https:\/\/i0.wp.com\/www.jojoenherbe.com\/wp-content\/uploads\/2022\/07\/Selection-RAT-Contes-et-legendes-dInde-2022-4-scaled.jpg?fit=676%2C498\" class=\"size-thumbnail wp-image-26217 alignleft\" src=\"https:\/\/i0.wp.com\/www.jojoenherbe.com\/wp-content\/uploads\/2022\/07\/Selection-RAT-Contes-et-legendes-dInde-2022-4.jpg?resize=150%2C150\" alt=\"\" width=\"150\" height=\"150\" srcset=\"https:\/\/i0.wp.com\/www.jojoenherbe.com\/wp-content\/uploads\/2022\/07\/Selection-RAT-Contes-et-legendes-dInde-2022-4-scaled.jpg?resize=150%2C150 150w, https:\/\/i0.wp.com\/www.jojoenherbe.com\/wp-content\/uploads\/2022\/07\/Selection-RAT-Contes-et-legendes-dInde-2022-4-scaled.jpg?zoom=2&amp;resize=150%2C150 300w, https:\/\/i0.wp.com\/www.jojoenherbe.com\/wp-content\/uploads\/2022\/07\/Selection-RAT-Contes-et-legendes-dInde-2022-4-scaled.jpg?zoom=3&amp;resize=150%2C150 450w\" sizes=\"auto, (max-width: 150px) 100vw, 150px\" \/><\/a>Pour les histoires du soir: deux relectures avec <a href=\"https:\/\/www.jojoenherbe.com\/index.php\/2019\/06\/26\/au-fil-des-pages-avec-la-plage\/\"><span style=\"text-decoration: underline;\"><strong>Les Souris \u00e0 la plage<\/strong><\/span><\/a> de Haruo Yamashita et Kazuo Iwamura (\u00e9d. L&rsquo;\u00e9cole des loisirs, 1986, r\u00e9\u00e9d. 2020) et <a href=\"https:\/\/www.jojoenherbe.com\/index.php\/2022\/06\/15\/au-fil-des-pages-avec-onze-chatons-dans-un-sac\/\"><span style=\"text-decoration: underline;\"><strong>Onze chatons dans un sac<\/strong><\/span><\/a> de Noboru Baba (\u00e9d. 2024, 2020), deux albums jeunesse \u00e0 partir de 3 ans.<\/em><\/p>\n<p style=\"text-align: justify;\"><em><a href=\"https:\/\/i0.wp.com\/www.jojoenherbe.com\/wp-content\/uploads\/2022\/07\/Les-enfants-sont-rois-scaled.jpg\"><img data-recalc-dims=\"1\" loading=\"lazy\" decoding=\"async\" data-attachment-id=\"26218\" data-permalink=\"http:\/\/www.jojoenherbe.com\/index.php\/2022\/07\/01\/rat-contes-et-legendes-dinde-2022\/les-enfants-sont-rois\/\" data-orig-file=\"https:\/\/i0.wp.com\/www.jojoenherbe.com\/wp-content\/uploads\/2022\/07\/Les-enfants-sont-rois-scaled.jpg?fit=2560%2C1886\" data-orig-size=\"2560,1886\" data-comments-opened=\"1\" data-image-meta=\"{&quot;aperture&quot;:&quot;1.8&quot;,&quot;credit&quot;:&quot;&quot;,&quot;camera&quot;:&quot;iPhone 7&quot;,&quot;caption&quot;:&quot;&quot;,&quot;created_timestamp&quot;:&quot;1657021084&quot;,&quot;copyright&quot;:&quot;&quot;,&quot;focal_length&quot;:&quot;3.99&quot;,&quot;iso&quot;:&quot;100&quot;,&quot;shutter_speed&quot;:&quot;0.076923076923077&quot;,&quot;title&quot;:&quot;&quot;,&quot;orientation&quot;:&quot;1&quot;}\" data-image-title=\"Les enfants sont rois\" data-image-description=\"\" data-image-caption=\"\" data-large-file=\"https:\/\/i0.wp.com\/www.jojoenherbe.com\/wp-content\/uploads\/2022\/07\/Les-enfants-sont-rois-scaled.jpg?fit=676%2C498\" class=\"size-thumbnail wp-image-26218 alignright\" src=\"https:\/\/i0.wp.com\/www.jojoenherbe.com\/wp-content\/uploads\/2022\/07\/Les-enfants-sont-rois.jpg?resize=150%2C150\" alt=\"\" width=\"150\" height=\"150\" srcset=\"https:\/\/i0.wp.com\/www.jojoenherbe.com\/wp-content\/uploads\/2022\/07\/Les-enfants-sont-rois-scaled.jpg?resize=150%2C150 150w, https:\/\/i0.wp.com\/www.jojoenherbe.com\/wp-content\/uploads\/2022\/07\/Les-enfants-sont-rois-scaled.jpg?zoom=2&amp;resize=150%2C150 300w, https:\/\/i0.wp.com\/www.jojoenherbe.com\/wp-content\/uploads\/2022\/07\/Les-enfants-sont-rois-scaled.jpg?zoom=3&amp;resize=150%2C150 450w\" sizes=\"auto, (max-width: 150px) 100vw, 150px\" \/><\/a>En soir\u00e9e, je finis ce marathon de lectures en commen\u00e7ant \u00e0 lire quelques pages <strong><span style=\"text-decoration: underline;\">Les enfants sont rois<\/span><\/strong> de Delphine de Vigan (\u00e9d. Gallimard, 2021, 348 pages), un roman policier se d\u00e9roulant dans l&rsquo;univers des r\u00e9seaux sociaux. Puis finalement je change d&rsquo;avis pour regarder des \u00e9pisodes de <span style=\"text-decoration: underline;\">Dowton Abbey<\/span>.<br \/>\n<\/em><\/p>\n<p style=\"text-align: justify;\"><em>Pour d\u2019autres id\u00e9es de lectures indiennes, les autres participantes: <a href=\"https:\/\/lelivroblog.wordpress.com\/2022\/07\/01\/read-a-thon-et-thematique-mensuelle-des-etapes-indiennes\/\">Hilde<\/a>, <a href=\"https:\/\/mapetitemediatheque.fr\/2022\/07\/read-a-thon-contes-et-legendes-inde\/\">Bidib<\/a>, Blandine (IG), Nathalie (<a href=\"https:\/\/www.instagram.com\/p\/CfdqB1sqODcB6Yai5sZtxg_C-jHh8uBcnAGsyM0\/\">IG<\/a>)&#8230;<br \/>\n<\/em><\/p>\n<div style=\"width: 152px\" class=\"wp-caption alignleft\"><img data-recalc-dims=\"1\" loading=\"lazy\" decoding=\"async\" data-attachment-id=\"7015\" data-permalink=\"http:\/\/www.jojoenherbe.com\/index.php\/2019\/08\/10\/dans-la-campagne-siennoise\/chapelle-san-galgano-3\/\" data-orig-file=\"https:\/\/i0.wp.com\/www.jojoenherbe.com\/wp-content\/uploads\/2019\/08\/Chapelle-San-Galgano-3.jpg?fit=2592%2C1944\" data-orig-size=\"2592,1944\" data-comments-opened=\"1\" data-image-meta=\"{&quot;aperture&quot;:&quot;2.8&quot;,&quot;credit&quot;:&quot;&quot;,&quot;camera&quot;:&quot;DSC-P100&quot;,&quot;caption&quot;:&quot;&quot;,&quot;created_timestamp&quot;:&quot;1218311700&quot;,&quot;copyright&quot;:&quot;&quot;,&quot;focal_length&quot;:&quot;7.9&quot;,&quot;iso&quot;:&quot;160&quot;,&quot;shutter_speed&quot;:&quot;0.125&quot;,&quot;title&quot;:&quot;&quot;,&quot;orientation&quot;:&quot;1&quot;}\" data-image-title=\"Chapelle San Galgano 3\" data-image-description=\"\" data-image-caption=\"&lt;p&gt;\u00c9p\u00e9e de Galgano Guidotti&lt;\/p&gt;\n\" data-large-file=\"https:\/\/i0.wp.com\/www.jojoenherbe.com\/wp-content\/uploads\/2019\/08\/Chapelle-San-Galgano-3.jpg?fit=676%2C507\" class=\"\" src=\"https:\/\/lelivroblog.files.wordpress.com\/2022\/07\/etapes-de-juillet.png?resize=142%2C142\" srcset=\"https:\/\/lelivroblog.files.wordpress.com\/2022\/07\/etapes-de-juillet.png?strip=info&amp;w=600 600w,https:\/\/lelivroblog.files.wordpress.com\/2022\/07\/etapes-de-juillet.png?strip=info&amp;w=900 900w,https:\/\/lelivroblog.files.wordpress.com\/2022\/07\/etapes-de-juillet.png?strip=info&amp;w=1080 1080w\" alt=\"\" width=\"142\" height=\"142\" data-attachment-id=\"7015\" data-permalink=\"https:\/\/lelivroblog.wordpress.com\/2022\/07\/01\/read-a-thon-et-thematique-mensuelle-des-etapes-indiennes\/etapes-de-juillet\/\" data-orig-file=\"https:\/\/lelivroblog.files.wordpress.com\/2022\/07\/etapes-de-juillet.png\" data-orig-size=\"1080,1080\" data-comments-opened=\"1\" data-image-meta=\"{&quot;aperture&quot;:&quot;0&quot;,&quot;credit&quot;:&quot;&quot;,&quot;camera&quot;:&quot;&quot;,&quot;caption&quot;:&quot;&quot;,&quot;created_timestamp&quot;:&quot;0&quot;,&quot;copyright&quot;:&quot;&quot;,&quot;focal_length&quot;:&quot;0&quot;,&quot;iso&quot;:&quot;0&quot;,&quot;shutter_speed&quot;:&quot;0&quot;,&quot;title&quot;:&quot;&quot;,&quot;orientation&quot;:&quot;0&quot;}\" data-image-title=\"etapes-de-juillet\" data-image-description=\"\" data-image-caption=\"\" data-medium-file=\"https:\/\/lelivroblog.files.wordpress.com\/2022\/07\/etapes-de-juillet.png?w=300\" data-large-file=\"https:\/\/lelivroblog.files.wordpress.com\/2022\/07\/etapes-de-juillet.png?w=736\" data-height=\"1080\" data-id=\"7015\" data-link=\"https:\/\/lelivroblog.wordpress.com\/?attachment_id=7015\" data-url=\"https:\/\/lelivroblog.files.wordpress.com\/2022\/07\/etapes-de-juillet.png?w=1024\" data-width=\"1080\" data-amp-layout=\"responsive\" \/><p class=\"wp-caption-text\">Participation #4 Les \u00c9tapes Indiennes 2022 de <a href=\"https:\/\/lelivroblog.wordpress.com\/2022\/01\/08\/les-etapes-indiennes-2022\/\">Hilde<\/a> et <a href=\"https:\/\/vivrelivre19.over-blog.com\/2022\/01\/les-etapes-indiennes-2022-avec-hilde-et-moi.html\">Blandine<\/a> #RAT<\/p><\/div>\n<div id=\"attachment_18755\" style=\"width: 153px\" class=\"wp-caption alignleft\"><img data-recalc-dims=\"1\" loading=\"lazy\" decoding=\"async\" aria-describedby=\"caption-attachment-18755\" class=\"wp-image-18755 \" src=\"https:\/\/i0.wp.com\/mapetitemediatheque.fr\/wp-content\/uploads\/2021\/06\/Contes-et-legendes-dInde-II-300x300.png?resize=143%2C143&#038;ssl=1\" sizes=\"auto, (max-width: 300px) 100vw, 300px\" srcset=\"https:\/\/mapetitemediatheque.fr\/wp-content\/uploads\/2021\/06\/Contes-et-legendes-dInde-II-300x300.png 300w, https:\/\/mapetitemediatheque.fr\/wp-content\/uploads\/2021\/06\/Contes-et-legendes-dInde-II-150x150.png 150w, https:\/\/mapetitemediatheque.fr\/wp-content\/uploads\/2021\/06\/Contes-et-legendes-dInde-II.png 500w\" alt=\"\" width=\"143\" height=\"143\" \/><p id=\"caption-attachment-18755\" class=\"wp-caption-text\">Participation #20 Challenge Contes &amp; L\u00e9gendes 2022 de <a href=\"http:\/\/mapetitemediatheque.fr\/2021\/12\/challenge-contes-legendes-2022\/\">Bidib<\/a> #RAT<\/p><\/div>\n","protected":false},"excerpt":{"rendered":"<p>Comme en juillet 2021, le mois de juillet 2022 d\u00e9bute par un RAT (read-a-thon\/marathon de lectures) autour des contes et l\u00e9gendes d&rsquo;Inde propos\u00e9 conjointement par Hilde et Blandine pour les \u00c9tapes indiennes 2022 et\u00a0 Bidib pour le challenge des contes et l\u00e9gendes 2022. Encore de chouettes moments de lecture et d\u2019\u00e9change en cette fin de [&hellip;]<\/p>\n","protected":false},"author":1,"featured_media":26156,"comment_status":"open","ping_status":"open","sticky":false,"template":"","format":"standard","meta":{"jetpack_post_was_ever_published":false,"_jetpack_newsletter_access":"","_jetpack_dont_email_post_to_subs":false,"_jetpack_newsletter_tier_id":0,"_jetpack_memberships_contains_paywalled_content":false,"_jetpack_memberships_contains_paid_content":false,"footnotes":""},"categories":[873,363],"tags":[2916,2016,1085,367,2944,2549,2310],"class_list":["post-26154","post","type-post","status-publish","format-standard","has-post-thumbnail","hentry","category-mini-challenger","category-mini-lecteur","tag-challenge-contes-et-legendes-2022","tag-challenge-livresque","tag-lecture-adulte","tag-lecture-jeunesse","tag-les-etapes-indiennes-2022","tag-litterature-indienne","tag-read-a-thon","post-preview"],"jetpack_featured_media_url":"https:\/\/i0.wp.com\/www.jojoenherbe.com\/wp-content\/uploads\/2022\/07\/RAT-Contes-et-Legendes-dInde-2022.jpg?fit=1080%2C1080","jetpack_sharing_enabled":true,"jetpack_shortlink":"https:\/\/wp.me\/p9zhGx-6NQ","jetpack_likes_enabled":true,"jetpack-related-posts":[{"id":19948,"url":"http:\/\/www.jojoenherbe.com\/index.php\/2021\/08\/01\/notre-mois-bloguesque-de-juillet-2021\/","url_meta":{"origin":26154,"position":0},"title":"Notre mois bloguesque de juillet 2021","author":"Jojo","date":"1 ao\u00fbt 2021","format":false,"excerpt":"C'est le premier du mois alors voici un petit retour bloguesque sur juillet 2021. Et hasard du blog, il s'agit (d\u00e9j\u00e0) de mon milli\u00e8me billet. J'ai \u00e9t\u00e9 un peu moins pr\u00e9sente ce mois-ci sur le blog mais nous avons continu\u00e9 nos lectures et surtout nous avons recommenc\u00e9 \u00e0 balader. Juillet\u2026","rel":"","context":"Dans &quot;Mini blogueur&quot;","block_context":{"text":"Mini blogueur","link":"http:\/\/www.jojoenherbe.com\/index.php\/category\/mini-blogueur\/"},"img":{"alt_text":"","src":"https:\/\/i0.wp.com\/www.jojoenherbe.com\/wp-content\/uploads\/2021\/07\/Selection-juillet-2021-scaled.jpg?fit=1200%2C769&resize=350%2C200","width":350,"height":200,"srcset":"https:\/\/i0.wp.com\/www.jojoenherbe.com\/wp-content\/uploads\/2021\/07\/Selection-juillet-2021-scaled.jpg?fit=1200%2C769&resize=350%2C200 1x, https:\/\/i0.wp.com\/www.jojoenherbe.com\/wp-content\/uploads\/2021\/07\/Selection-juillet-2021-scaled.jpg?fit=1200%2C769&resize=525%2C300 1.5x, https:\/\/i0.wp.com\/www.jojoenherbe.com\/wp-content\/uploads\/2021\/07\/Selection-juillet-2021-scaled.jpg?fit=1200%2C769&resize=700%2C400 2x, https:\/\/i0.wp.com\/www.jojoenherbe.com\/wp-content\/uploads\/2021\/07\/Selection-juillet-2021-scaled.jpg?fit=1200%2C769&resize=1050%2C600 3x"},"classes":[]},{"id":36584,"url":"http:\/\/www.jojoenherbe.com\/index.php\/2024\/07\/17\/bilan-de-lecture-juin-2024\/","url_meta":{"origin":26154,"position":1},"title":"Bilan de lecture: juin 2024","author":"Jojo","date":"17 juillet 2024","format":false,"excerpt":"Avec retard, voici le bilan de lecture du mois de juin 2024. Cette ann\u00e9e, le printemps \u00e9tait bien pluvieux et les sorties se sont faites encore rares le mois dernier. Le temps \u00e9tait donc propice \u00e0 la lecture encore une fois. En juin, c\u2019\u00e9tait le retour du Mois Anglais 2024\u2026","rel":"","context":"Dans &quot;Mini blogueur&quot;","block_context":{"text":"Mini blogueur","link":"http:\/\/www.jojoenherbe.com\/index.php\/category\/mini-blogueur\/"},"img":{"alt_text":"","src":"https:\/\/i0.wp.com\/www.jojoenherbe.com\/wp-content\/uploads\/2024\/06\/Selection-juin-2024-scaled.jpg?fit=1200%2C857&resize=350%2C200","width":350,"height":200,"srcset":"https:\/\/i0.wp.com\/www.jojoenherbe.com\/wp-content\/uploads\/2024\/06\/Selection-juin-2024-scaled.jpg?fit=1200%2C857&resize=350%2C200 1x, https:\/\/i0.wp.com\/www.jojoenherbe.com\/wp-content\/uploads\/2024\/06\/Selection-juin-2024-scaled.jpg?fit=1200%2C857&resize=525%2C300 1.5x, https:\/\/i0.wp.com\/www.jojoenherbe.com\/wp-content\/uploads\/2024\/06\/Selection-juin-2024-scaled.jpg?fit=1200%2C857&resize=700%2C400 2x, https:\/\/i0.wp.com\/www.jojoenherbe.com\/wp-content\/uploads\/2024\/06\/Selection-juin-2024-scaled.jpg?fit=1200%2C857&resize=1050%2C600 3x"},"classes":[]},{"id":19560,"url":"http:\/\/www.jojoenherbe.com\/index.php\/2021\/07\/02\/rat-contes-et-legendes-dinde-2021\/","url_meta":{"origin":26154,"position":2},"title":"RAT Contes et L\u00e9gendes d&rsquo;Inde 2021","author":"Jojo","date":"2 juillet 2021","format":false,"excerpt":"Du 2 au 4 juillet 2021, Bidib, Hilde et Blandine coorganisent un marathon de lectures (read-a-thon) autour des Contes et L\u00e9gendes d'Inde, \u00e0 la crois\u00e9e de leurs challenges respectifs, celui des Contes et L\u00e9gendes et des \u00c9tapes Indiennes. Encore de chouettes moments de lecture et d'\u00e9change au fil du week-end\u2026","rel":"","context":"Dans &quot;Mini challenger&quot;","block_context":{"text":"Mini challenger","link":"http:\/\/www.jojoenherbe.com\/index.php\/category\/mini-challenger\/"},"img":{"alt_text":"","src":"https:\/\/i0.wp.com\/www.jojoenherbe.com\/wp-content\/uploads\/2021\/07\/RAT-Contes-et-legendes-dInde-2021-1024x575.jpg?resize=350%2C200","width":350,"height":200,"srcset":"https:\/\/i0.wp.com\/www.jojoenherbe.com\/wp-content\/uploads\/2021\/07\/RAT-Contes-et-legendes-dInde-2021-1024x575.jpg?resize=350%2C200 1x, https:\/\/i0.wp.com\/www.jojoenherbe.com\/wp-content\/uploads\/2021\/07\/RAT-Contes-et-legendes-dInde-2021-1024x575.jpg?resize=525%2C300 1.5x"},"classes":[]},{"id":26780,"url":"http:\/\/www.jojoenherbe.com\/index.php\/2022\/08\/01\/notre-mois-bloguesque-de-juillet-2022\/","url_meta":{"origin":26154,"position":3},"title":"Notre mois bloguesque de juillet 2022","author":"Jojo","date":"1 ao\u00fbt 2022","format":false,"excerpt":"C\u2019est le premier du mois alors voici un petit retour bloguesque sur juillet 2022. Ce mois de juillet avec un RAT autour des contes et l\u00e9gendes d\u2019Inde propos\u00e9 conjointement par Hilde et Blandine pour les \u00c9tapes indiennes 2022 et\u00a0 Bidib pour le challenge des contes et l\u00e9gendes 2022. Nous avons\u2026","rel":"","context":"Dans &quot;Mini blogueur&quot;","block_context":{"text":"Mini blogueur","link":"http:\/\/www.jojoenherbe.com\/index.php\/category\/mini-blogueur\/"},"img":{"alt_text":"","src":"https:\/\/i0.wp.com\/www.jojoenherbe.com\/wp-content\/uploads\/2022\/07\/Selection-Juillet-2022-scaled.jpg?fit=1200%2C703&resize=350%2C200","width":350,"height":200,"srcset":"https:\/\/i0.wp.com\/www.jojoenherbe.com\/wp-content\/uploads\/2022\/07\/Selection-Juillet-2022-scaled.jpg?fit=1200%2C703&resize=350%2C200 1x, https:\/\/i0.wp.com\/www.jojoenherbe.com\/wp-content\/uploads\/2022\/07\/Selection-Juillet-2022-scaled.jpg?fit=1200%2C703&resize=525%2C300 1.5x, https:\/\/i0.wp.com\/www.jojoenherbe.com\/wp-content\/uploads\/2022\/07\/Selection-Juillet-2022-scaled.jpg?fit=1200%2C703&resize=700%2C400 2x, https:\/\/i0.wp.com\/www.jojoenherbe.com\/wp-content\/uploads\/2022\/07\/Selection-Juillet-2022-scaled.jpg?fit=1200%2C703&resize=1050%2C600 3x"},"classes":[]},{"id":20100,"url":"http:\/\/www.jojoenherbe.com\/index.php\/2021\/08\/05\/au-fil-des-pages-avec-savitri-la-vaillante\/","url_meta":{"origin":26154,"position":4},"title":"Au fil des pages avec Savitri la Vaillante","author":"Jojo","date":"5 ao\u00fbt 2021","format":false,"excerpt":"Le mois dernier, Bidib, Hilde et Blandine associaient leurs challenges respectifs pour un mois d\u00e9di\u00e9 aux contes et l\u00e9gendes d'Inde. J'avais ainsi emprunt\u00e9 \u00e0 la m\u00e9diath\u00e8que Savitri la Vaillante, conte de l'Inde de B\u00e9atrice Tanaka (\u00e9d. Messidor\/La Farandole, coll. Parolimages,1985), un album jeunesse \u00e0 partir de 5 ans que je\u2026","rel":"","context":"Dans &quot;Mini lecteur&quot;","block_context":{"text":"Mini lecteur","link":"http:\/\/www.jojoenherbe.com\/index.php\/category\/mini-lecteur\/"},"img":{"alt_text":"","src":"https:\/\/i0.wp.com\/www.jojoenherbe.com\/wp-content\/uploads\/2021\/08\/Savitri-la-Vaillante-scaled.jpg?fit=1200%2C900&resize=350%2C200","width":350,"height":200,"srcset":"https:\/\/i0.wp.com\/www.jojoenherbe.com\/wp-content\/uploads\/2021\/08\/Savitri-la-Vaillante-scaled.jpg?fit=1200%2C900&resize=350%2C200 1x, https:\/\/i0.wp.com\/www.jojoenherbe.com\/wp-content\/uploads\/2021\/08\/Savitri-la-Vaillante-scaled.jpg?fit=1200%2C900&resize=525%2C300 1.5x, https:\/\/i0.wp.com\/www.jojoenherbe.com\/wp-content\/uploads\/2021\/08\/Savitri-la-Vaillante-scaled.jpg?fit=1200%2C900&resize=700%2C400 2x, https:\/\/i0.wp.com\/www.jojoenherbe.com\/wp-content\/uploads\/2021\/08\/Savitri-la-Vaillante-scaled.jpg?fit=1200%2C900&resize=1050%2C600 3x"},"classes":[]},{"id":36522,"url":"http:\/\/www.jojoenherbe.com\/index.php\/2024\/06\/28\/rat-gourmand-des-contes-et-legendes-dinde-2024\/","url_meta":{"origin":26154,"position":5},"title":"RAT gourmand des Contes et l\u00e9gendes d&rsquo;Inde 2024","author":"Jojo","date":"28 juin 2024","format":false,"excerpt":"Comme les ann\u00e9es pr\u00e9c\u00e9dentes avec l'arriv\u00e9e de l'\u00e9t\u00e9, Hilde, Bidib et Fondant coorganisent \u00e0 partir de ce vendredi 28 juin matin jusqu\u2019\u00e0 dimanche 30 juin minuit, un read-a-thon gourmand avec une escale gourmande de contes et l\u00e9gendes en Inde en lien avec leurs challenges respectifs Les \u00c9tapes Indiennes, Des livres\u2026","rel":"","context":"Dans &quot;Mini challenger&quot;","block_context":{"text":"Mini challenger","link":"http:\/\/www.jojoenherbe.com\/index.php\/category\/mini-challenger\/"},"img":{"alt_text":"","src":"https:\/\/i0.wp.com\/www.jojoenherbe.com\/wp-content\/uploads\/2024\/06\/RAT-indien-juin-2024-logo.png?fit=600%2C600&resize=350%2C200","width":350,"height":200,"srcset":"https:\/\/i0.wp.com\/www.jojoenherbe.com\/wp-content\/uploads\/2024\/06\/RAT-indien-juin-2024-logo.png?fit=600%2C600&resize=350%2C200 1x, https:\/\/i0.wp.com\/www.jojoenherbe.com\/wp-content\/uploads\/2024\/06\/RAT-indien-juin-2024-logo.png?fit=600%2C600&resize=525%2C300 1.5x"},"classes":[]}],"_links":{"self":[{"href":"http:\/\/www.jojoenherbe.com\/index.php\/wp-json\/wp\/v2\/posts\/26154","targetHints":{"allow":["GET"]}}],"collection":[{"href":"http:\/\/www.jojoenherbe.com\/index.php\/wp-json\/wp\/v2\/posts"}],"about":[{"href":"http:\/\/www.jojoenherbe.com\/index.php\/wp-json\/wp\/v2\/types\/post"}],"author":[{"embeddable":true,"href":"http:\/\/www.jojoenherbe.com\/index.php\/wp-json\/wp\/v2\/users\/1"}],"replies":[{"embeddable":true,"href":"http:\/\/www.jojoenherbe.com\/index.php\/wp-json\/wp\/v2\/comments?post=26154"}],"version-history":[{"count":16,"href":"http:\/\/www.jojoenherbe.com\/index.php\/wp-json\/wp\/v2\/posts\/26154\/revisions"}],"predecessor-version":[{"id":26688,"href":"http:\/\/www.jojoenherbe.com\/index.php\/wp-json\/wp\/v2\/posts\/26154\/revisions\/26688"}],"wp:featuredmedia":[{"embeddable":true,"href":"http:\/\/www.jojoenherbe.com\/index.php\/wp-json\/wp\/v2\/media\/26156"}],"wp:attachment":[{"href":"http:\/\/www.jojoenherbe.com\/index.php\/wp-json\/wp\/v2\/media?parent=26154"}],"wp:term":[{"taxonomy":"category","embeddable":true,"href":"http:\/\/www.jojoenherbe.com\/index.php\/wp-json\/wp\/v2\/categories?post=26154"},{"taxonomy":"post_tag","embeddable":true,"href":"http:\/\/www.jojoenherbe.com\/index.php\/wp-json\/wp\/v2\/tags?post=26154"}],"curies":[{"name":"wp","href":"https:\/\/api.w.org\/{rel}","templated":true}]}}