{"id":25704,"date":"2022-05-29T10:27:22","date_gmt":"2022-05-29T08:27:22","guid":{"rendered":"https:\/\/www.jojoenherbe.com\/?p=25704"},"modified":"2022-05-29T10:27:22","modified_gmt":"2022-05-29T08:27:22","slug":"semaine-21-du-projet-52-2022-animal","status":"publish","type":"post","link":"http:\/\/www.jojoenherbe.com\/index.php\/2022\/05\/29\/semaine-21-du-projet-52-2022-animal\/","title":{"rendered":"Semaine 21 du Projet 52-2022: Animal"},"content":{"rendered":"<p style=\"text-align: justify;\"><em>Pour la semaine 21 du Projet 52-2022 de Du c\u00f4t\u00e9 de chez Ma\u2019, le th\u00e8me est \u00ab\u00a0<a href=\"https:\/\/ducotedechezma.wordpress.com\/2022\/05\/28\/projet-52-2022-semaine-21-animal\/\">Animal<\/a>\u00ab\u00a0. Je reste au m\u00eame endroit que la semaine derni\u00e8re avec une photo de marmottes prise hier au col de la Cayolle permettant de passer des Alpes-Maritimes aux Alpes-de-Haute-Provence. Contrairement \u00e0 juillet 2015, il a \u00e9t\u00e9 beaucoup plus facile d&rsquo;observer les marmottes. D\u00e8s que nous sommes sortis de la voiture, nous avons pu en voir une de l&rsquo;autre c\u00f4t\u00e9 de la route, au d\u00e9part d&rsquo;un des sentiers de randonn\u00e9es. Sans doute la p\u00e9riode post-hibernation a facilit\u00e9 nos observations. Nous avons pris un grand plaisir \u00e0 les voir gambader ou se poser sur les rochers!<br \/>\n<\/em><\/p>\n<p><img loading=\"lazy\" decoding=\"async\" class=\"wp-image-11409 aligncenter\" src=\"https:\/\/ducotedechezma.files.wordpress.com\/2022\/01\/52-2022_liste_themes_ducotedechezma_.png?w=817&#038;resize=349%2C302\" sizes=\"auto, (max-width: 709px) 85vw, (max-width: 909px) 67vw, (max-width: 984px) 61vw, (max-width: 1362px) 45vw, 600px\" srcset=\"https:\/\/ducotedechezma.files.wordpress.com\/2022\/01\/52-2022_liste_themes_ducotedechezma_.png?w=630 630w, https:\/\/ducotedechezma.files.wordpress.com\/2022\/01\/52-2022_liste_themes_ducotedechezma_.png?w=150 150w, https:\/\/ducotedechezma.files.wordpress.com\/2022\/01\/52-2022_liste_themes_ducotedechezma_.png?w=300 300w, https:\/\/ducotedechezma.files.wordpress.com\/2022\/01\/52-2022_liste_themes_ducotedechezma_.png?w=768 768w, https:\/\/ducotedechezma.files.wordpress.com\/2022\/01\/52-2022_liste_themes_ducotedechezma_.png 817w\" alt=\"\" width=\"349\" height=\"302\" data-attachment-id=\"11409\" data-permalink=\"https:\/\/ducotedechezma.wordpress.com\/52-2022_liste_themes_ducotedechezma_\/\" data-orig-file=\"https:\/\/ducotedechezma.files.wordpress.com\/2022\/01\/52-2022_liste_themes_ducotedechezma_.png\" data-orig-size=\"817,706\" data-comments-opened=\"1\" data-image-meta=\"{&quot;aperture&quot;:&quot;0&quot;,&quot;credit&quot;:&quot;&quot;,&quot;camera&quot;:&quot;&quot;,&quot;caption&quot;:&quot;&quot;,&quot;created_timestamp&quot;:&quot;0&quot;,&quot;copyright&quot;:&quot;&quot;,&quot;focal_length&quot;:&quot;0&quot;,&quot;iso&quot;:&quot;0&quot;,&quot;shutter_speed&quot;:&quot;0&quot;,&quot;title&quot;:&quot;&quot;,&quot;orientation&quot;:&quot;0&quot;}\" data-image-title=\"52-2022_liste_themes_ducotedechezma_\" data-image-description=\"\" data-image-caption=\"\" data-medium-file=\"https:\/\/ducotedechezma.files.wordpress.com\/2022\/01\/52-2022_liste_themes_ducotedechezma_.png?w=300\" data-large-file=\"https:\/\/ducotedechezma.files.wordpress.com\/2022\/01\/52-2022_liste_themes_ducotedechezma_.png?w=817&amp;resize=349%2C302&amp;resize=349%2C302\" data-recalc-dims=\"1\" \/><\/p>\n","protected":false},"excerpt":{"rendered":"<p>Pour la semaine 21 du Projet 52-2022 de Du c\u00f4t\u00e9 de chez Ma\u2019, le th\u00e8me est \u00ab\u00a0Animal\u00ab\u00a0. Je reste au m\u00eame endroit que la semaine derni\u00e8re avec une photo de marmottes prise hier au col de la Cayolle permettant de passer des Alpes-Maritimes aux Alpes-de-Haute-Provence. Contrairement \u00e0 juillet 2015, il a \u00e9t\u00e9 beaucoup plus facile [&hellip;]<\/p>\n","protected":false},"author":1,"featured_media":25705,"comment_status":"open","ping_status":"open","sticky":false,"template":"","format":"standard","meta":{"jetpack_post_was_ever_published":false,"_jetpack_newsletter_access":"","_jetpack_dont_email_post_to_subs":false,"_jetpack_newsletter_tier_id":0,"_jetpack_memberships_contains_paywalled_content":false,"_jetpack_memberships_contains_paid_content":false,"footnotes":""},"categories":[437],"tags":[51,25,295,1857,5,1353,2940,1506],"class_list":["post-25704","post","type-post","status-publish","format-standard","has-post-thumbnail","hentry","category-mini-photographe","tag-alpes-de-haute-provence","tag-alpes-maritimes","tag-col-de-la-cayolle","tag-marmotte","tag-paca","tag-projet-52-de-ma","tag-projet-52-2022","tag-region-sud","post-preview"],"jetpack_featured_media_url":"https:\/\/i0.wp.com\/www.jojoenherbe.com\/wp-content\/uploads\/2022\/05\/Marmotte-Col-de-la-Cayolle-2-scaled.jpg?fit=2560%2C1920","jetpack_sharing_enabled":true,"jetpack_shortlink":"https:\/\/wp.me\/p9zhGx-6GA","jetpack_likes_enabled":true,"jetpack-related-posts":[{"id":26474,"url":"http:\/\/www.jojoenherbe.com\/index.php\/2022\/06\/07\/des-marmottes-au-col-de-la-cayolle\/","url_meta":{"origin":25704,"position":0},"title":"Des marmottes au col de la Cayolle","author":"Jojo","date":"7 juin 2022","format":false,"excerpt":"Le 28 mai 2022, nous sommes partis nous balader au col de la Cayolle apr\u00e8s une longue halte d\u00e9jeuner \u00e0 Entrevaux. Une fois gar\u00e9s sur le parking am\u00e9nag\u00e9 au sommet du col, nous avons pris le temps de bien nous couvrir, les temp\u00e9ratures ayant bien chut\u00e9 (autour de 15 degr\u00e9s).\u2026","rel":"","context":"Dans &quot;Mini randonneur&quot;","block_context":{"text":"Mini randonneur","link":"http:\/\/www.jojoenherbe.com\/index.php\/category\/mini-crapahuteur\/mini-randonneur\/"},"img":{"alt_text":"","src":"https:\/\/i0.wp.com\/www.jojoenherbe.com\/wp-content\/uploads\/2022\/07\/Col-de-la-Cayolle-20-scaled.jpg?fit=1200%2C900&resize=350%2C200","width":350,"height":200,"srcset":"https:\/\/i0.wp.com\/www.jojoenherbe.com\/wp-content\/uploads\/2022\/07\/Col-de-la-Cayolle-20-scaled.jpg?fit=1200%2C900&resize=350%2C200 1x, https:\/\/i0.wp.com\/www.jojoenherbe.com\/wp-content\/uploads\/2022\/07\/Col-de-la-Cayolle-20-scaled.jpg?fit=1200%2C900&resize=525%2C300 1.5x, https:\/\/i0.wp.com\/www.jojoenherbe.com\/wp-content\/uploads\/2022\/07\/Col-de-la-Cayolle-20-scaled.jpg?fit=1200%2C900&resize=700%2C400 2x, https:\/\/i0.wp.com\/www.jojoenherbe.com\/wp-content\/uploads\/2022\/07\/Col-de-la-Cayolle-20-scaled.jpg?fit=1200%2C900&resize=1050%2C600 3x"},"classes":[]},{"id":3276,"url":"http:\/\/www.jojoenherbe.com\/index.php\/2015\/07\/20\/balade-au-col-de-la-cayolle\/","url_meta":{"origin":25704,"position":1},"title":"Balade au col de la Cayolle","author":"Jojo","date":"20 juillet 2015","format":false,"excerpt":"Ce 19 juillet 2015, un peu avant 9h00, nous quittons le camping de Saint-Martin d'Entraunes, apr\u00e8s y avoir pris un petit d\u00e9jeuner sur la terrasse surplombant le Var et nous rendons au col de la Cayolle, \u00e0 la fronti\u00e8re entre les Alpes-Maritimes et les Alpes de Haute-Provence, \u00e0 2.326 m\u00e8tres\u2026","rel":"","context":"Dans &quot;Mini randonneur&quot;","block_context":{"text":"Mini randonneur","link":"http:\/\/www.jojoenherbe.com\/index.php\/category\/mini-crapahuteur\/mini-randonneur\/"},"img":{"alt_text":"","src":"https:\/\/i0.wp.com\/www.jojoenherbe.com\/wp-content\/uploads\/2015\/07\/Col-de-la-Cayolle.jpg?fit=900%2C1200&resize=350%2C200","width":350,"height":200,"srcset":"https:\/\/i0.wp.com\/www.jojoenherbe.com\/wp-content\/uploads\/2015\/07\/Col-de-la-Cayolle.jpg?fit=900%2C1200&resize=350%2C200 1x, https:\/\/i0.wp.com\/www.jojoenherbe.com\/wp-content\/uploads\/2015\/07\/Col-de-la-Cayolle.jpg?fit=900%2C1200&resize=525%2C300 1.5x, https:\/\/i0.wp.com\/www.jojoenherbe.com\/wp-content\/uploads\/2015\/07\/Col-de-la-Cayolle.jpg?fit=900%2C1200&resize=700%2C400 2x"},"classes":[]},{"id":25627,"url":"http:\/\/www.jojoenherbe.com\/index.php\/2022\/05\/21\/semaine-20-du-projet-52-2022-en-toute-transparence\/","url_meta":{"origin":25704,"position":2},"title":"Semaine 20 du Projet 52-2022: En toute transparence","author":"Jojo","date":"21 mai 2022","format":false,"excerpt":"Pour la semaine 20 du Projet 52-2022 de Du c\u00f4t\u00e9 de chez Ma\u2019, le th\u00e8me est \"En toute transparence\". J'ai tout de suite pens\u00e9 \u00e0 une balade que nous avions faite au col de la Cayolle en juillet 2015. L'eau d'un des petits lacs \u00e9tait tellement transparente que nous avions\u2026","rel":"","context":"Dans &quot;mini photographe&quot;","block_context":{"text":"mini photographe","link":"http:\/\/www.jojoenherbe.com\/index.php\/category\/mini-photographe\/"},"img":{"alt_text":"","src":"https:\/\/i0.wp.com\/www.jojoenherbe.com\/wp-content\/uploads\/2015\/07\/Col-de-la-Cayolle-9.jpg?fit=1200%2C900&resize=350%2C200","width":350,"height":200,"srcset":"https:\/\/i0.wp.com\/www.jojoenherbe.com\/wp-content\/uploads\/2015\/07\/Col-de-la-Cayolle-9.jpg?fit=1200%2C900&resize=350%2C200 1x, https:\/\/i0.wp.com\/www.jojoenherbe.com\/wp-content\/uploads\/2015\/07\/Col-de-la-Cayolle-9.jpg?fit=1200%2C900&resize=525%2C300 1.5x, https:\/\/i0.wp.com\/www.jojoenherbe.com\/wp-content\/uploads\/2015\/07\/Col-de-la-Cayolle-9.jpg?fit=1200%2C900&resize=700%2C400 2x, https:\/\/i0.wp.com\/www.jojoenherbe.com\/wp-content\/uploads\/2015\/07\/Col-de-la-Cayolle-9.jpg?fit=1200%2C900&resize=1050%2C600 3x"},"classes":[]},{"id":10980,"url":"http:\/\/www.jojoenherbe.com\/index.php\/2020\/05\/16\/semaine-20-du-projet-52-2020-moyen-de-transport\/","url_meta":{"origin":25704,"position":3},"title":"Semaine 20 du Projet 52-2020: Moyen de transport","author":"Jojo","date":"16 mai 2020","format":false,"excerpt":"Pour la semaine 20 du Projet 52-2020 de Du c\u00f4t\u00e9 de chez Ma', le th\u00e8me est \"Moyen de transport\". Voici une photo du train des Pignes avec sa locomotive \u00e0 vapeur au d\u00e9part de la gare d'Entrevaux, en octobre 2019. Il est possible d'y monter l'\u00e9t\u00e9 entre Puget-Th\u00e9niers et Annot.","rel":"","context":"Dans &quot;mini photographe&quot;","block_context":{"text":"mini photographe","link":"http:\/\/www.jojoenherbe.com\/index.php\/category\/mini-photographe\/"},"img":{"alt_text":"","src":"https:\/\/i0.wp.com\/www.jojoenherbe.com\/wp-content\/uploads\/2020\/05\/Train-des-Pignes-Entrevaux-scaled.jpg?fit=1200%2C805&resize=350%2C200","width":350,"height":200,"srcset":"https:\/\/i0.wp.com\/www.jojoenherbe.com\/wp-content\/uploads\/2020\/05\/Train-des-Pignes-Entrevaux-scaled.jpg?fit=1200%2C805&resize=350%2C200 1x, https:\/\/i0.wp.com\/www.jojoenherbe.com\/wp-content\/uploads\/2020\/05\/Train-des-Pignes-Entrevaux-scaled.jpg?fit=1200%2C805&resize=525%2C300 1.5x, https:\/\/i0.wp.com\/www.jojoenherbe.com\/wp-content\/uploads\/2020\/05\/Train-des-Pignes-Entrevaux-scaled.jpg?fit=1200%2C805&resize=700%2C400 2x, https:\/\/i0.wp.com\/www.jojoenherbe.com\/wp-content\/uploads\/2020\/05\/Train-des-Pignes-Entrevaux-scaled.jpg?fit=1200%2C805&resize=1050%2C600 3x"},"classes":[]},{"id":10151,"url":"http:\/\/www.jojoenherbe.com\/index.php\/2020\/02\/22\/semaine-8-du-projet-52-2020-sauvage\/","url_meta":{"origin":25704,"position":4},"title":"Semaine 8 du Projet 52-2020: Sauvage","author":"Jojo","date":"22 f\u00e9vrier 2020","format":false,"excerpt":"Pour la semaine 8 du Projet 52-2020 de Du c\u00f4t\u00e9 de chez Ma', le th\u00e8me est \"Sauvage\". J'ai longuement h\u00e9sit\u00e9 entre faune et flore. Puis finalement j'ai choisi un petit animal sauvage que j'ai pu croiser, en mai 2009, lors d'une randonn\u00e9e de Roubion jusqu'au torrent du D\u00e9mant, en passant\u2026","rel":"","context":"Dans &quot;mini photographe&quot;","block_context":{"text":"mini photographe","link":"http:\/\/www.jojoenherbe.com\/index.php\/category\/mini-photographe\/"},"img":{"alt_text":"","src":"https:\/\/i0.wp.com\/www.jojoenherbe.com\/wp-content\/uploads\/2020\/02\/Li%C3%A8vre-variable-Vignols.jpg?fit=1200%2C900&resize=350%2C200","width":350,"height":200,"srcset":"https:\/\/i0.wp.com\/www.jojoenherbe.com\/wp-content\/uploads\/2020\/02\/Li%C3%A8vre-variable-Vignols.jpg?fit=1200%2C900&resize=350%2C200 1x, https:\/\/i0.wp.com\/www.jojoenherbe.com\/wp-content\/uploads\/2020\/02\/Li%C3%A8vre-variable-Vignols.jpg?fit=1200%2C900&resize=525%2C300 1.5x, https:\/\/i0.wp.com\/www.jojoenherbe.com\/wp-content\/uploads\/2020\/02\/Li%C3%A8vre-variable-Vignols.jpg?fit=1200%2C900&resize=700%2C400 2x, https:\/\/i0.wp.com\/www.jojoenherbe.com\/wp-content\/uploads\/2020\/02\/Li%C3%A8vre-variable-Vignols.jpg?fit=1200%2C900&resize=1050%2C600 3x"},"classes":[]},{"id":7568,"url":"http:\/\/www.jojoenherbe.com\/index.php\/2019\/09\/21\/des-champignons-au-boreon\/","url_meta":{"origin":25704,"position":5},"title":"Des champignons au Bor\u00e9on","author":"Jojo","date":"21 septembre 2019","format":false,"excerpt":"Pour cette semaine 38 du Projet 52-2019 de Du c\u00f4t\u00e9 de chez Ma', le th\u00e8me est automnal avec \"Champignon\". J'ai donc choisi une photo prise au Bor\u00e9on, le 7 septembre 2019, bien que l'automne ne commence que ce 23 septembre. Apr\u00e8s un (long) d\u00e9bat, il semble qu'il s'agisse d'un russule.\u2026","rel":"","context":"Dans &quot;mini photographe&quot;","block_context":{"text":"mini photographe","link":"http:\/\/www.jojoenherbe.com\/index.php\/category\/mini-photographe\/"},"img":{"alt_text":"","src":"https:\/\/i0.wp.com\/www.jojoenherbe.com\/wp-content\/uploads\/2019\/09\/Balade-au-Bor%C3%A9on-6.jpg?fit=900%2C1200&resize=350%2C200","width":350,"height":200,"srcset":"https:\/\/i0.wp.com\/www.jojoenherbe.com\/wp-content\/uploads\/2019\/09\/Balade-au-Bor%C3%A9on-6.jpg?fit=900%2C1200&resize=350%2C200 1x, https:\/\/i0.wp.com\/www.jojoenherbe.com\/wp-content\/uploads\/2019\/09\/Balade-au-Bor%C3%A9on-6.jpg?fit=900%2C1200&resize=525%2C300 1.5x, https:\/\/i0.wp.com\/www.jojoenherbe.com\/wp-content\/uploads\/2019\/09\/Balade-au-Bor%C3%A9on-6.jpg?fit=900%2C1200&resize=700%2C400 2x"},"classes":[]}],"_links":{"self":[{"href":"http:\/\/www.jojoenherbe.com\/index.php\/wp-json\/wp\/v2\/posts\/25704","targetHints":{"allow":["GET"]}}],"collection":[{"href":"http:\/\/www.jojoenherbe.com\/index.php\/wp-json\/wp\/v2\/posts"}],"about":[{"href":"http:\/\/www.jojoenherbe.com\/index.php\/wp-json\/wp\/v2\/types\/post"}],"author":[{"embeddable":true,"href":"http:\/\/www.jojoenherbe.com\/index.php\/wp-json\/wp\/v2\/users\/1"}],"replies":[{"embeddable":true,"href":"http:\/\/www.jojoenherbe.com\/index.php\/wp-json\/wp\/v2\/comments?post=25704"}],"version-history":[{"count":2,"href":"http:\/\/www.jojoenherbe.com\/index.php\/wp-json\/wp\/v2\/posts\/25704\/revisions"}],"predecessor-version":[{"id":25711,"href":"http:\/\/www.jojoenherbe.com\/index.php\/wp-json\/wp\/v2\/posts\/25704\/revisions\/25711"}],"wp:featuredmedia":[{"embeddable":true,"href":"http:\/\/www.jojoenherbe.com\/index.php\/wp-json\/wp\/v2\/media\/25705"}],"wp:attachment":[{"href":"http:\/\/www.jojoenherbe.com\/index.php\/wp-json\/wp\/v2\/media?parent=25704"}],"wp:term":[{"taxonomy":"category","embeddable":true,"href":"http:\/\/www.jojoenherbe.com\/index.php\/wp-json\/wp\/v2\/categories?post=25704"},{"taxonomy":"post_tag","embeddable":true,"href":"http:\/\/www.jojoenherbe.com\/index.php\/wp-json\/wp\/v2\/tags?post=25704"}],"curies":[{"name":"wp","href":"https:\/\/api.w.org\/{rel}","templated":true}]}}