{"id":25634,"date":"2022-05-23T18:39:00","date_gmt":"2022-05-23T16:39:00","guid":{"rendered":"https:\/\/www.jojoenherbe.com\/?p=25634"},"modified":"2022-07-21T18:19:57","modified_gmt":"2022-07-21T16:19:57","slug":"point-lecture-hebdomadaire-42","status":"publish","type":"post","link":"http:\/\/www.jojoenherbe.com\/index.php\/2022\/05\/23\/point-lecture-hebdomadaire-42\/","title":{"rendered":"Point lecture hebdomadaire #42"},"content":{"rendered":"<p style=\"text-align: justify;\"><em>En ce d\u00e9but de semaine, voici notre point lecture hebdomadaire avec un retour sur nos lectures de la semaine derni\u00e8re (mais pas nos relectures) et ma lecture en cours. Une semaine avec beaucoup de BD!<br \/>\n<\/em><\/p>\n<p><span style=\"text-decoration: underline;\"><strong>Nos lectures du\u00a0 16 au 22 mai 2022<\/strong><\/span><strong>:<\/strong><\/p>\n<p><em><span style=\"text-decoration: underline;\">Des lectures jeunesse<\/span>:<\/em><\/p>\n<ul>\n<li><em>(Album jeunesse) <strong><span style=\"text-decoration: underline;\">Sidonie Souris<\/span><\/strong> de Clothilde Delacroix<\/em><\/li>\n<\/ul>\n<p style=\"text-align: justify;\"><em><a href=\"https:\/\/i0.wp.com\/www.jojoenherbe.com\/wp-content\/uploads\/2022\/05\/Sidonie-Souris-scaled.jpg\"><img data-recalc-dims=\"1\" loading=\"lazy\" decoding=\"async\" data-attachment-id=\"25693\" data-permalink=\"http:\/\/www.jojoenherbe.com\/index.php\/2022\/05\/23\/point-lecture-hebdomadaire-42\/sidonie-souris\/\" data-orig-file=\"https:\/\/i0.wp.com\/www.jojoenherbe.com\/wp-content\/uploads\/2022\/05\/Sidonie-Souris-scaled.jpg?fit=2560%2C1920\" data-orig-size=\"2560,1920\" data-comments-opened=\"1\" data-image-meta=\"{&quot;aperture&quot;:&quot;1.8&quot;,&quot;credit&quot;:&quot;&quot;,&quot;camera&quot;:&quot;iPhone 7&quot;,&quot;caption&quot;:&quot;&quot;,&quot;created_timestamp&quot;:&quot;1653504442&quot;,&quot;copyright&quot;:&quot;&quot;,&quot;focal_length&quot;:&quot;3.99&quot;,&quot;iso&quot;:&quot;100&quot;,&quot;shutter_speed&quot;:&quot;0.1&quot;,&quot;title&quot;:&quot;&quot;,&quot;orientation&quot;:&quot;1&quot;}\" data-image-title=\"Sidonie Souris\" data-image-description=\"\" data-image-caption=\"\" data-large-file=\"https:\/\/i0.wp.com\/www.jojoenherbe.com\/wp-content\/uploads\/2022\/05\/Sidonie-Souris-scaled.jpg?fit=676%2C507\" class=\"alignleft size-thumbnail wp-image-25693\" src=\"https:\/\/i0.wp.com\/www.jojoenherbe.com\/wp-content\/uploads\/2022\/05\/Sidonie-Souris.jpg?resize=150%2C150\" alt=\"\" width=\"150\" height=\"150\" srcset=\"https:\/\/i0.wp.com\/www.jojoenherbe.com\/wp-content\/uploads\/2022\/05\/Sidonie-Souris-scaled.jpg?resize=150%2C150 150w, https:\/\/i0.wp.com\/www.jojoenherbe.com\/wp-content\/uploads\/2022\/05\/Sidonie-Souris-scaled.jpg?zoom=2&amp;resize=150%2C150 300w, https:\/\/i0.wp.com\/www.jojoenherbe.com\/wp-content\/uploads\/2022\/05\/Sidonie-Souris-scaled.jpg?zoom=3&amp;resize=150%2C150 450w\" sizes=\"auto, (max-width: 150px) 100vw, 150px\" \/><\/a>Nous lisons <span style=\"text-decoration: underline;\">Sidonie Souris<\/span> de Clothilde Delacroix (\u00e9d. L&rsquo;\u00e9cole des loisirs, coll. Moucheron 2020, r\u00e9\u00e9d. 2022), un album jeunesse pour les 6\/8 ans et que nous avons re\u00e7u dans le cadre de notre abonnement Kilimax. Sidonie, une jeune souris adore \u00e9crire. Mais un jour, elle est en panne d&rsquo;inspiration.\u00a0 Comment se sortir de cette situation? Heureusement, elle pourra compter sur sa famille et surtout sa m\u00e8re. Nous avons beaucoup appr\u00e9ci\u00e9 les illustrations pleines de tendresse et d&rsquo;espi\u00e8glerie de Clothilde Delacroix. Il y est ainsi question de l&rsquo;enfance et de l&rsquo;apprentissage de l&rsquo;autonomie. Un tr\u00e8s bon moment de lecture en compagnie d&rsquo;une souris toute mignonne!<br \/>\n<\/em><\/p>\n<ul>\n<li style=\"text-align: justify;\"><em>(Album jeunesse) <strong><span style=\"text-decoration: underline;\">Les Monsieur Madame et la Petite Souris<\/span><\/strong> de Roger Hargreaves<\/em><\/li>\n<\/ul>\n<p style=\"text-align: justify;\"><em><a href=\"https:\/\/i0.wp.com\/www.jojoenherbe.com\/wp-content\/uploads\/2022\/05\/Les-Monsieur-Madame-et-la-Petite-Souris-scaled.jpg\"><img data-recalc-dims=\"1\" loading=\"lazy\" decoding=\"async\" data-attachment-id=\"25695\" data-permalink=\"http:\/\/www.jojoenherbe.com\/index.php\/2022\/05\/23\/point-lecture-hebdomadaire-42\/les-monsieur-madame-et-la-petite-souris\/\" data-orig-file=\"https:\/\/i0.wp.com\/www.jojoenherbe.com\/wp-content\/uploads\/2022\/05\/Les-Monsieur-Madame-et-la-Petite-Souris-scaled.jpg?fit=2560%2C1920\" data-orig-size=\"2560,1920\" data-comments-opened=\"1\" data-image-meta=\"{&quot;aperture&quot;:&quot;1.8&quot;,&quot;credit&quot;:&quot;&quot;,&quot;camera&quot;:&quot;iPhone 7&quot;,&quot;caption&quot;:&quot;&quot;,&quot;created_timestamp&quot;:&quot;1653504448&quot;,&quot;copyright&quot;:&quot;&quot;,&quot;focal_length&quot;:&quot;3.99&quot;,&quot;iso&quot;:&quot;80&quot;,&quot;shutter_speed&quot;:&quot;0.2&quot;,&quot;title&quot;:&quot;&quot;,&quot;orientation&quot;:&quot;1&quot;}\" data-image-title=\"Les Monsieur Madame et la Petite Souris\" data-image-description=\"\" data-image-caption=\"\" data-large-file=\"https:\/\/i0.wp.com\/www.jojoenherbe.com\/wp-content\/uploads\/2022\/05\/Les-Monsieur-Madame-et-la-Petite-Souris-scaled.jpg?fit=676%2C507\" class=\"size-thumbnail wp-image-25695 alignright\" src=\"https:\/\/i0.wp.com\/www.jojoenherbe.com\/wp-content\/uploads\/2022\/05\/Les-Monsieur-Madame-et-la-Petite-Souris.jpg?resize=150%2C150\" alt=\"\" width=\"150\" height=\"150\" srcset=\"https:\/\/i0.wp.com\/www.jojoenherbe.com\/wp-content\/uploads\/2022\/05\/Les-Monsieur-Madame-et-la-Petite-Souris-scaled.jpg?resize=150%2C150 150w, https:\/\/i0.wp.com\/www.jojoenherbe.com\/wp-content\/uploads\/2022\/05\/Les-Monsieur-Madame-et-la-Petite-Souris-scaled.jpg?zoom=2&amp;resize=150%2C150 300w, https:\/\/i0.wp.com\/www.jojoenherbe.com\/wp-content\/uploads\/2022\/05\/Les-Monsieur-Madame-et-la-Petite-Souris-scaled.jpg?zoom=3&amp;resize=150%2C150 450w\" sizes=\"auto, (max-width: 150px) 100vw, 150px\" \/><\/a>Nous lisons <span style=\"text-decoration: underline;\">Les Monsieur Madame et la Petite Souris<\/span> de Roger Hargreaves (\u00e9d. Hachette Jeunesse, 2021), un album jeunesse \u00e0 partir de 3 ans avec l&rsquo;histoire de Madame Pourquoi qui voudrait en savoir plus sur la petite souris. Parviendra-t-elle \u00e0 satisfaire sa curiosit\u00e9 en d\u00e9couvrant \u00e0 quoi ressemble la petite souris et o\u00f9 elle habite? Une histoire rigolote et parfaite pour accompagner un enfant qui vient de perdre sa premi\u00e8re dent!<\/em><\/p>\n<ul>\n<li style=\"text-align: justify;\"><em>(Album jeunesse) <strong><span style=\"text-decoration: underline;\">Le merveilleux voyage de la petite abeille<\/span><\/strong> de Britta Teckentrup<\/em><\/li>\n<\/ul>\n<p style=\"text-align: justify;\"><a href=\"https:\/\/i0.wp.com\/www.jojoenherbe.com\/wp-content\/uploads\/2022\/05\/Le-merveilleux-voyage-de-la-petite-abeille-scaled.jpg\"><img data-recalc-dims=\"1\" loading=\"lazy\" decoding=\"async\" data-attachment-id=\"25694\" data-permalink=\"http:\/\/www.jojoenherbe.com\/index.php\/2022\/05\/23\/point-lecture-hebdomadaire-42\/le-merveilleux-voyage-de-la-petite-abeille\/\" data-orig-file=\"https:\/\/i0.wp.com\/www.jojoenherbe.com\/wp-content\/uploads\/2022\/05\/Le-merveilleux-voyage-de-la-petite-abeille-scaled.jpg?fit=2560%2C1920\" data-orig-size=\"2560,1920\" data-comments-opened=\"1\" data-image-meta=\"{&quot;aperture&quot;:&quot;1.8&quot;,&quot;credit&quot;:&quot;&quot;,&quot;camera&quot;:&quot;iPhone 7&quot;,&quot;caption&quot;:&quot;&quot;,&quot;created_timestamp&quot;:&quot;1653504400&quot;,&quot;copyright&quot;:&quot;&quot;,&quot;focal_length&quot;:&quot;3.99&quot;,&quot;iso&quot;:&quot;80&quot;,&quot;shutter_speed&quot;:&quot;0.16666666666667&quot;,&quot;title&quot;:&quot;&quot;,&quot;orientation&quot;:&quot;1&quot;}\" data-image-title=\"Le merveilleux voyage de la petite abeille\" data-image-description=\"\" data-image-caption=\"\" data-large-file=\"https:\/\/i0.wp.com\/www.jojoenherbe.com\/wp-content\/uploads\/2022\/05\/Le-merveilleux-voyage-de-la-petite-abeille-scaled.jpg?fit=676%2C507\" class=\"alignleft size-thumbnail wp-image-25694\" src=\"https:\/\/i0.wp.com\/www.jojoenherbe.com\/wp-content\/uploads\/2022\/05\/Le-merveilleux-voyage-de-la-petite-abeille.jpg?resize=150%2C150\" alt=\"\" width=\"150\" height=\"150\" srcset=\"https:\/\/i0.wp.com\/www.jojoenherbe.com\/wp-content\/uploads\/2022\/05\/Le-merveilleux-voyage-de-la-petite-abeille-scaled.jpg?resize=150%2C150 150w, https:\/\/i0.wp.com\/www.jojoenherbe.com\/wp-content\/uploads\/2022\/05\/Le-merveilleux-voyage-de-la-petite-abeille-scaled.jpg?zoom=2&amp;resize=150%2C150 300w, https:\/\/i0.wp.com\/www.jojoenherbe.com\/wp-content\/uploads\/2022\/05\/Le-merveilleux-voyage-de-la-petite-abeille-scaled.jpg?zoom=3&amp;resize=150%2C150 450w\" sizes=\"auto, (max-width: 150px) 100vw, 150px\" \/><\/a><em>Nous lisons Le merveilleux voyage de la petite abeille de Britta Teckentrup (\u00e9d. Hatier Jeunesse, 2016), un album jeunesse \u00e0 d\u00e9coupes et \u00e0 partir de\u00a0 3\/4 ans. Avec de tr\u00e8s jolies illustrations, l&rsquo;histoire aborde la pollinisation. Un bon moment de lecture en compagnie d&rsquo;une petite abeille dans une journ\u00e9e de r\u00e9colte!<br \/>\n<\/em><\/p>\n<ul>\n<li style=\"text-align: justify;\"><em>(Album jeunesse) <strong><span style=\"text-decoration: underline;\">La chasse au Tr\u00e9sor de Monsieur Taupe<\/span><\/strong> de Katerina Gorelik\u00a0<\/em><\/li>\n<\/ul>\n<p style=\"text-align: justify;\"><em><a href=\"https:\/\/i0.wp.com\/www.jojoenherbe.com\/wp-content\/uploads\/2022\/05\/La-chasse-au-Tresor-de-Monsieur-Taupe-scaled.jpg\"><img data-recalc-dims=\"1\" loading=\"lazy\" decoding=\"async\" data-attachment-id=\"25696\" data-permalink=\"http:\/\/www.jojoenherbe.com\/index.php\/2022\/05\/23\/point-lecture-hebdomadaire-42\/la-chasse-au-tresor-de-monsieur-taupe\/\" data-orig-file=\"https:\/\/i0.wp.com\/www.jojoenherbe.com\/wp-content\/uploads\/2022\/05\/La-chasse-au-Tresor-de-Monsieur-Taupe-scaled.jpg?fit=2560%2C1920\" data-orig-size=\"2560,1920\" data-comments-opened=\"1\" data-image-meta=\"{&quot;aperture&quot;:&quot;1.8&quot;,&quot;credit&quot;:&quot;&quot;,&quot;camera&quot;:&quot;iPhone 7&quot;,&quot;caption&quot;:&quot;&quot;,&quot;created_timestamp&quot;:&quot;1653504408&quot;,&quot;copyright&quot;:&quot;&quot;,&quot;focal_length&quot;:&quot;3.99&quot;,&quot;iso&quot;:&quot;100&quot;,&quot;shutter_speed&quot;:&quot;0.2&quot;,&quot;title&quot;:&quot;&quot;,&quot;orientation&quot;:&quot;1&quot;}\" data-image-title=\"La chasse au Tr\u00e9sor de Monsieur Taupe\" data-image-description=\"\" data-image-caption=\"\" data-large-file=\"https:\/\/i0.wp.com\/www.jojoenherbe.com\/wp-content\/uploads\/2022\/05\/La-chasse-au-Tresor-de-Monsieur-Taupe-scaled.jpg?fit=676%2C507\" class=\"size-thumbnail wp-image-25696 alignright\" src=\"https:\/\/i0.wp.com\/www.jojoenherbe.com\/wp-content\/uploads\/2022\/05\/La-chasse-au-Tresor-de-Monsieur-Taupe.jpg?resize=150%2C150\" alt=\"\" width=\"150\" height=\"150\" srcset=\"https:\/\/i0.wp.com\/www.jojoenherbe.com\/wp-content\/uploads\/2022\/05\/La-chasse-au-Tresor-de-Monsieur-Taupe-scaled.jpg?resize=150%2C150 150w, https:\/\/i0.wp.com\/www.jojoenherbe.com\/wp-content\/uploads\/2022\/05\/La-chasse-au-Tresor-de-Monsieur-Taupe-scaled.jpg?zoom=2&amp;resize=150%2C150 300w, https:\/\/i0.wp.com\/www.jojoenherbe.com\/wp-content\/uploads\/2022\/05\/La-chasse-au-Tresor-de-Monsieur-Taupe-scaled.jpg?zoom=3&amp;resize=150%2C150 450w\" sizes=\"auto, (max-width: 150px) 100vw, 150px\" \/><\/a>Nous lisons \u00e9galement <span style=\"text-decoration: underline;\">La chasse au Tr\u00e9sor de Monsieur Taupe<\/span> de Katerina Gorelik (\u00e9d. Sarbacane, 2019), un album jeunesse \u00e0 partir de 4 ans et laur\u00e9at du 33e Prix des Incos 2021\/2022 dans la s\u00e9lection CE1. Apr\u00e8s que Ma\u00eetre Blaireau a lu un soir un nouveau livre, La chasse au tr\u00e9sor, aux habitants de la for\u00eat, Monsieur Taupe se demande ce qu&rsquo;est un tr\u00e9sor et part explorer le monde souterrain autour de sa galerie. Arrivera-t-il \u00e0 d\u00e9couvrir un tr\u00e9sor? Il est question d&rsquo;aventures, de partage, de solidarit\u00e9 et d&rsquo;amiti\u00e9. Un tr\u00e8s bon moment de lecture avec cette histoire, Monsieur Taupe passant \u00e0 c\u00f4t\u00e9 de tr\u00e9sors ne sachant pas leur nature, contrairement \u00e0 nous, lecteur! Et si pourtant celui qu&rsquo;il arrive \u00e0 trouver \u00e9tait le plus pr\u00e9cieux de tous?<br \/>\n<\/em><\/p>\n<ul>\n<li style=\"text-align: justify;\"><em>(BD jeunesse) <strong><span style=\"text-decoration: underline;\">La soupe aux Schtroumpfs<\/span><\/strong> de Peyo <strong>(T10)<\/strong><br \/>\n<\/em><\/li>\n<\/ul>\n<p style=\"text-align: justify;\"><em><a href=\"https:\/\/i0.wp.com\/www.jojoenherbe.com\/wp-content\/uploads\/2022\/05\/La-soupe-aux-Schtroumpfs-scaled.jpg\"><img data-recalc-dims=\"1\" loading=\"lazy\" decoding=\"async\" data-attachment-id=\"25698\" data-permalink=\"http:\/\/www.jojoenherbe.com\/index.php\/2022\/05\/23\/point-lecture-hebdomadaire-42\/la-soupe-aux-schtroumpfs\/\" data-orig-file=\"https:\/\/i0.wp.com\/www.jojoenherbe.com\/wp-content\/uploads\/2022\/05\/La-soupe-aux-Schtroumpfs-scaled.jpg?fit=2560%2C1920\" data-orig-size=\"2560,1920\" data-comments-opened=\"1\" data-image-meta=\"{&quot;aperture&quot;:&quot;1.8&quot;,&quot;credit&quot;:&quot;&quot;,&quot;camera&quot;:&quot;iPhone 7&quot;,&quot;caption&quot;:&quot;&quot;,&quot;created_timestamp&quot;:&quot;1653504417&quot;,&quot;copyright&quot;:&quot;&quot;,&quot;focal_length&quot;:&quot;3.99&quot;,&quot;iso&quot;:&quot;80&quot;,&quot;shutter_speed&quot;:&quot;0.16666666666667&quot;,&quot;title&quot;:&quot;&quot;,&quot;orientation&quot;:&quot;1&quot;}\" data-image-title=\"La soupe aux Schtroumpfs\" data-image-description=\"\" data-image-caption=\"\" data-large-file=\"https:\/\/i0.wp.com\/www.jojoenherbe.com\/wp-content\/uploads\/2022\/05\/La-soupe-aux-Schtroumpfs-scaled.jpg?fit=676%2C507\" class=\"alignleft size-thumbnail wp-image-25698\" src=\"https:\/\/i0.wp.com\/www.jojoenherbe.com\/wp-content\/uploads\/2022\/05\/La-soupe-aux-Schtroumpfs.jpg?resize=150%2C150\" alt=\"\" width=\"150\" height=\"150\" srcset=\"https:\/\/i0.wp.com\/www.jojoenherbe.com\/wp-content\/uploads\/2022\/05\/La-soupe-aux-Schtroumpfs-scaled.jpg?resize=150%2C150 150w, https:\/\/i0.wp.com\/www.jojoenherbe.com\/wp-content\/uploads\/2022\/05\/La-soupe-aux-Schtroumpfs-scaled.jpg?zoom=2&amp;resize=150%2C150 300w, https:\/\/i0.wp.com\/www.jojoenherbe.com\/wp-content\/uploads\/2022\/05\/La-soupe-aux-Schtroumpfs-scaled.jpg?zoom=3&amp;resize=150%2C150 450w\" sizes=\"auto, (max-width: 150px) 100vw, 150px\" \/><\/a>Nous lisons le tome 10 des Schtroumpfs, <span style=\"text-decoration: underline;\">La soupe aux Schtroumpfs<\/span> de Peyo (\u00e9d. Dupuis, 1976, r\u00e9\u00e9d. , 30 pages), une BD jeunesse \u00e0 partir de 6 ans. Ce tome comprend surtout une histoire principale, un g\u00e9ant affam\u00e9, Grossbouf arrivant \u00e0 p\u00e9n\u00e9trer dans le village des Schtroumpfs apr\u00e8s avoir rendu une visite \u00e0 Gargamel. Le Grand Schtoumpf trouvera-t-il une solution pour assouvir la faim de Grossbouf? Une histoire rigolote m\u00eame si les gags \u00e9taient un peu trop redondants \u00e0 mon go\u00fbt!<br \/>\n<\/em><\/p>\n<ul>\n<li style=\"text-align: justify;\"><em>(BD jeunesse) <strong><span style=\"text-decoration: underline;\">La queue du Marsupilami<\/span><\/strong> de Batem, Greg et Andr\u00e9 Franquin <strong>(T1)<\/strong><br \/>\n<\/em><\/li>\n<\/ul>\n<p style=\"text-align: justify;\"><em><a href=\"https:\/\/i0.wp.com\/www.jojoenherbe.com\/wp-content\/uploads\/2022\/05\/La-queue-du-Marsupilami-scaled.jpg\"><img data-recalc-dims=\"1\" loading=\"lazy\" decoding=\"async\" data-attachment-id=\"25697\" data-permalink=\"http:\/\/www.jojoenherbe.com\/index.php\/2022\/05\/23\/point-lecture-hebdomadaire-42\/la-queue-du-marsupilami\/\" data-orig-file=\"https:\/\/i0.wp.com\/www.jojoenherbe.com\/wp-content\/uploads\/2022\/05\/La-queue-du-Marsupilami-scaled.jpg?fit=2560%2C1920\" data-orig-size=\"2560,1920\" data-comments-opened=\"1\" data-image-meta=\"{&quot;aperture&quot;:&quot;1.8&quot;,&quot;credit&quot;:&quot;&quot;,&quot;camera&quot;:&quot;iPhone 7&quot;,&quot;caption&quot;:&quot;&quot;,&quot;created_timestamp&quot;:&quot;1653504428&quot;,&quot;copyright&quot;:&quot;&quot;,&quot;focal_length&quot;:&quot;3.99&quot;,&quot;iso&quot;:&quot;100&quot;,&quot;shutter_speed&quot;:&quot;0.16666666666667&quot;,&quot;title&quot;:&quot;&quot;,&quot;orientation&quot;:&quot;1&quot;}\" data-image-title=\"La queue du Marsupilami\" data-image-description=\"\" data-image-caption=\"\" data-large-file=\"https:\/\/i0.wp.com\/www.jojoenherbe.com\/wp-content\/uploads\/2022\/05\/La-queue-du-Marsupilami-scaled.jpg?fit=676%2C507\" class=\"size-thumbnail wp-image-25697 alignright\" src=\"https:\/\/i0.wp.com\/www.jojoenherbe.com\/wp-content\/uploads\/2022\/05\/La-queue-du-Marsupilami.jpg?resize=150%2C150\" alt=\"\" width=\"150\" height=\"150\" srcset=\"https:\/\/i0.wp.com\/www.jojoenherbe.com\/wp-content\/uploads\/2022\/05\/La-queue-du-Marsupilami-scaled.jpg?resize=150%2C150 150w, https:\/\/i0.wp.com\/www.jojoenherbe.com\/wp-content\/uploads\/2022\/05\/La-queue-du-Marsupilami-scaled.jpg?zoom=2&amp;resize=150%2C150 300w, https:\/\/i0.wp.com\/www.jojoenherbe.com\/wp-content\/uploads\/2022\/05\/La-queue-du-Marsupilami-scaled.jpg?zoom=3&amp;resize=150%2C150 450w\" sizes=\"auto, (max-width: 150px) 100vw, 150px\" \/><\/a>J&rsquo;ai fait d\u00e9couvrir \u00e0 mon mini lutin le premier tome du Marsupilami: <span style=\"text-decoration: underline;\">La queue du Marsupilami<\/span> de Batem, Greg et Andr\u00e9 Franquin (\u00e9d. Marsu productions, 1987, r\u00e9\u00e9d. 2002, 48 pages), une BD jeunesse. Bring M. Backalive se rend en Palombie pour chasser le marsupilami. Aid\u00e9 de Tapamilastiko, un Indien Chahutas, il est bien d\u00e9cid\u00e9 \u00e0 capturer cet animal insaisissable. Le marsupilami parviendra-t-il \u00e0 lui \u00e9chapper et \u00e0 mettre \u00e0 l&rsquo;abri sa famille? Comme pour les Ast\u00e9rix ou les Schtroumpfs, je ne me souvenais pas qu&rsquo;il y avait autant de bagarres dans les Marsupilami. Un moment de lecture nostalgique plein de \u00ab\u00a0houba houba\u00a0\u00bb!<br \/>\n<\/em><\/p>\n<ul>\n<li style=\"text-align: justify;\"><em>(BD jeunesse) <strong><span style=\"text-decoration: underline;\">Eli &amp; Gaston, La for\u00eat des souvenirs<\/span><\/strong> de C\u00e9line Deregnaucourt et\u00a0 Ludovic Villain <strong>(T2)<\/strong><\/em><\/li>\n<\/ul>\n<p style=\"text-align: justify;\"><a href=\"https:\/\/i0.wp.com\/www.jojoenherbe.com\/wp-content\/uploads\/2022\/05\/Eli-Gaston-T2-scaled.jpg\"><img data-recalc-dims=\"1\" loading=\"lazy\" decoding=\"async\" data-attachment-id=\"25681\" data-permalink=\"http:\/\/www.jojoenherbe.com\/index.php\/2022\/05\/23\/point-lecture-hebdomadaire-42\/eli-gaston-t2\/\" data-orig-file=\"https:\/\/i0.wp.com\/www.jojoenherbe.com\/wp-content\/uploads\/2022\/05\/Eli-Gaston-T2-scaled.jpg?fit=2560%2C2055\" data-orig-size=\"2560,2055\" data-comments-opened=\"1\" data-image-meta=\"{&quot;aperture&quot;:&quot;1.8&quot;,&quot;credit&quot;:&quot;&quot;,&quot;camera&quot;:&quot;iPhone 7&quot;,&quot;caption&quot;:&quot;&quot;,&quot;created_timestamp&quot;:&quot;1653414336&quot;,&quot;copyright&quot;:&quot;&quot;,&quot;focal_length&quot;:&quot;3.99&quot;,&quot;iso&quot;:&quot;100&quot;,&quot;shutter_speed&quot;:&quot;0.090909090909091&quot;,&quot;title&quot;:&quot;&quot;,&quot;orientation&quot;:&quot;1&quot;}\" data-image-title=\"Eli &amp;#038; Gaston T2\" data-image-description=\"\" data-image-caption=\"\" data-large-file=\"https:\/\/i0.wp.com\/www.jojoenherbe.com\/wp-content\/uploads\/2022\/05\/Eli-Gaston-T2-scaled.jpg?fit=676%2C543\" class=\"alignleft size-thumbnail wp-image-25681\" src=\"https:\/\/i0.wp.com\/www.jojoenherbe.com\/wp-content\/uploads\/2022\/05\/Eli-Gaston-T2.jpg?resize=150%2C150\" alt=\"\" width=\"150\" height=\"150\" srcset=\"https:\/\/i0.wp.com\/www.jojoenherbe.com\/wp-content\/uploads\/2022\/05\/Eli-Gaston-T2-scaled.jpg?resize=150%2C150 150w, https:\/\/i0.wp.com\/www.jojoenherbe.com\/wp-content\/uploads\/2022\/05\/Eli-Gaston-T2-scaled.jpg?zoom=2&amp;resize=150%2C150 300w, https:\/\/i0.wp.com\/www.jojoenherbe.com\/wp-content\/uploads\/2022\/05\/Eli-Gaston-T2-scaled.jpg?zoom=3&amp;resize=150%2C150 450w\" sizes=\"auto, (max-width: 150px) 100vw, 150px\" \/><\/a><em>Je lis le tome 2 d&rsquo;<span style=\"text-decoration: underline;\">Eli &amp; Gaston, La for\u00eat des souvenirs<\/span> de C\u00e9line Deregnaucourt et\u00a0 Ludovic Villain (\u00e9d. Ankama, 2021, 104 pages), une BD jeunesse \u00e0 partir de 7 ans. Alors qu&rsquo;elle passe ses vacances d&rsquo;automne chez sa grand-m\u00e8re Jo avec son chat Gaston, Eli vient en aide \u00e0 une jeune fille dont le grand-p\u00e8re \u00e9galement Gardien a perdu la m\u00e9moire. Arriveront-ils \u00e0 temps sur l&rsquo;\u00eele oubli\u00e9e sur laquelle se trouve le rem\u00e8de? Comme je le supposais \u00e0 la fin de la lecture du tome pr\u00e9c\u00e9dent, j&rsquo;en apprends plus sur les gardiens de la for\u00eat et le pass\u00e9 de la grand-m\u00e8re d&rsquo;Eli. Les illustrations de C\u00e9line Deregnaucourt sont tout aussi mignonnes que dans le premier tome. Un bon moment de lecture qui permet \u00e0 la jeune fille de poursuivre sa qu\u00eate initiatique en faisant preuve de courage et d&rsquo;entraide!<br \/>\n<\/em><\/p>\n<p><em><span style=\"text-decoration: underline;\">Des lectures adulte<\/span>:<\/em><\/p>\n<ul>\n<li style=\"text-align: justify;\"><em>(Roman fantasy) <strong><span style=\"text-decoration: underline;\">Emma Paddington, Le manoir de Dark Road End<\/span><\/strong> de Catherine Rolland <strong>(T1)<\/strong><\/em><\/li>\n<\/ul>\n<p style=\"text-align: justify;\"><em><a href=\"https:\/\/i0.wp.com\/www.jojoenherbe.com\/wp-content\/uploads\/2022\/05\/Emma-Paddington-T1.jpg\"><img data-recalc-dims=\"1\" loading=\"lazy\" decoding=\"async\" data-attachment-id=\"25744\" data-permalink=\"http:\/\/www.jojoenherbe.com\/index.php\/2022\/05\/23\/point-lecture-hebdomadaire-42\/emma-paddington-t1\/\" data-orig-file=\"https:\/\/i0.wp.com\/www.jojoenherbe.com\/wp-content\/uploads\/2022\/05\/Emma-Paddington-T1.jpg?fit=750%2C1334\" data-orig-size=\"750,1334\" data-comments-opened=\"1\" data-image-meta=\"{&quot;aperture&quot;:&quot;0&quot;,&quot;credit&quot;:&quot;&quot;,&quot;camera&quot;:&quot;&quot;,&quot;caption&quot;:&quot;&quot;,&quot;created_timestamp&quot;:&quot;0&quot;,&quot;copyright&quot;:&quot;&quot;,&quot;focal_length&quot;:&quot;0&quot;,&quot;iso&quot;:&quot;0&quot;,&quot;shutter_speed&quot;:&quot;0&quot;,&quot;title&quot;:&quot;&quot;,&quot;orientation&quot;:&quot;0&quot;}\" data-image-title=\"Emma Paddington T1\" data-image-description=\"\" data-image-caption=\"\" data-large-file=\"https:\/\/i0.wp.com\/www.jojoenherbe.com\/wp-content\/uploads\/2022\/05\/Emma-Paddington-T1.jpg?fit=576%2C1024\" class=\"size-thumbnail wp-image-25744 alignright\" src=\"https:\/\/i0.wp.com\/www.jojoenherbe.com\/wp-content\/uploads\/2022\/05\/Emma-Paddington-T1.jpg?resize=150%2C150\" alt=\"\" width=\"150\" height=\"150\" srcset=\"https:\/\/i0.wp.com\/www.jojoenherbe.com\/wp-content\/uploads\/2022\/05\/Emma-Paddington-T1.jpg?resize=150%2C150 150w, https:\/\/i0.wp.com\/www.jojoenherbe.com\/wp-content\/uploads\/2022\/05\/Emma-Paddington-T1.jpg?zoom=2&amp;resize=150%2C150 300w, https:\/\/i0.wp.com\/www.jojoenherbe.com\/wp-content\/uploads\/2022\/05\/Emma-Paddington-T1.jpg?zoom=3&amp;resize=150%2C150 450w\" sizes=\"auto, (max-width: 150px) 100vw, 150px\" \/><\/a>J&rsquo;ai lu le tome 1 d&rsquo;<span style=\"text-decoration: underline;\">Emma Paddington, Le manoir de Dark Road End<\/span> de Catherine Rolland (\u00e9d. Books on demand, 2021, 236 pages), un roman fantasy avec l&rsquo;histoire d&rsquo;Emma Paddington, une jeune femme de 22 ans qui vient d&rsquo;h\u00e9riter d&rsquo;un manoir d&rsquo;une tante. Psychologue de formation, Emma va devoir composer avec un univers magique, d\u00e9couvrant que sa tante \u00e9tait une sorci\u00e8re qui prot\u00e9geait la Terre de sombres cr\u00e9atures, aid\u00e9e en cela par trois Djins avec lesquels Emma va devoir cohabiter. Un bon moment de lecture avec une jeune femme qui va de d\u00e9couverte en d\u00e9couverte surprenante tout comme nous, lecteur! Il existe un tome 2, <span style=\"text-decoration: underline;\">Le fant\u00f4me hypocondriaque<\/span>.<br \/>\n<\/em><\/p>\n<ul>\n<li>(BD fantasy) <em><strong><span style=\"text-decoration: underline;\">T\u00e9n\u00e9breuse<\/span><\/strong> de Hubert et Vincent Maill\u00e9 <strong>(<\/strong><\/em><strong>T1)<\/strong><\/li>\n<\/ul>\n<p style=\"text-align: justify;\"><em><a href=\"https:\/\/i0.wp.com\/www.jojoenherbe.com\/wp-content\/uploads\/2022\/05\/Tenebreuse-T1-scaled.jpg\"><img data-recalc-dims=\"1\" loading=\"lazy\" decoding=\"async\" data-attachment-id=\"25639\" data-permalink=\"http:\/\/www.jojoenherbe.com\/index.php\/2022\/05\/25\/au-fil-des-pages-avec-le-tome-1-de-tenebreuse\/tenebreuse-t1\/\" data-orig-file=\"https:\/\/i0.wp.com\/www.jojoenherbe.com\/wp-content\/uploads\/2022\/05\/Tenebreuse-T1-scaled.jpg?fit=2560%2C2176\" data-orig-size=\"2560,2176\" data-comments-opened=\"1\" data-image-meta=\"{&quot;aperture&quot;:&quot;1.8&quot;,&quot;credit&quot;:&quot;&quot;,&quot;camera&quot;:&quot;iPhone 7&quot;,&quot;caption&quot;:&quot;&quot;,&quot;created_timestamp&quot;:&quot;1653414459&quot;,&quot;copyright&quot;:&quot;&quot;,&quot;focal_length&quot;:&quot;3.99&quot;,&quot;iso&quot;:&quot;100&quot;,&quot;shutter_speed&quot;:&quot;0.071428571428571&quot;,&quot;title&quot;:&quot;&quot;,&quot;orientation&quot;:&quot;1&quot;}\" data-image-title=\"T\u00e9n\u00e9breuse T1\" data-image-description=\"\" data-image-caption=\"\" data-large-file=\"https:\/\/i0.wp.com\/www.jojoenherbe.com\/wp-content\/uploads\/2022\/05\/Tenebreuse-T1-scaled.jpg?fit=676%2C575\" class=\"alignleft size-thumbnail wp-image-25639\" src=\"https:\/\/i0.wp.com\/www.jojoenherbe.com\/wp-content\/uploads\/2022\/05\/Tenebreuse-T1.jpg?resize=150%2C150\" alt=\"\" width=\"150\" height=\"150\" srcset=\"https:\/\/i0.wp.com\/www.jojoenherbe.com\/wp-content\/uploads\/2022\/05\/Tenebreuse-T1-scaled.jpg?resize=150%2C150 150w, https:\/\/i0.wp.com\/www.jojoenherbe.com\/wp-content\/uploads\/2022\/05\/Tenebreuse-T1-scaled.jpg?zoom=2&amp;resize=150%2C150 300w, https:\/\/i0.wp.com\/www.jojoenherbe.com\/wp-content\/uploads\/2022\/05\/Tenebreuse-T1-scaled.jpg?zoom=3&amp;resize=150%2C150 450w\" sizes=\"auto, (max-width: 150px) 100vw, 150px\" \/><\/a>J\u2019ai lu le tome 1 du diptyque <a href=\"https:\/\/www.jojoenherbe.com\/index.php\/2022\/05\/25\/au-fil-des-pages-avec-le-tome-1-de-tenebreuse\/\"><span style=\"text-decoration: underline;\">T\u00e9n\u00e9breuse<\/span><\/a> de Hubert et Vincent Maill\u00e9 (\u00e9d. Dupuis, 2021, 80 pages), une BD fantasy \u00e0 partir de 15 ans selon l\u2019\u00e9diteur et qui a \u00e9t\u00e9 class\u00e9e en adulte par ma m\u00e9diath\u00e8que. Arzhur, un chevalier d\u00e9chu est engag\u00e9 par trois myst\u00e9rieuses vieilles femmes pour sauver une jeune princesse en d\u00e9tresse. Mais la r\u00e9alit\u00e9 est tout autre, Islen s\u2019\u00e9tant retir\u00e9e de son plein gr\u00e9 dans le ch\u00e2teau noir avec ses animaux monstrueux. Les deux jeunes gens partent alors pour le ch\u00e2teau du p\u00e8re d\u2019Islen. Quelle destin\u00e9e les attend?<br \/>\n<\/em><\/p>\n<p style=\"text-align: justify;\"><em>C\u00f4t\u00e9 sc\u00e9nario, l\u2019histoire est bien moins classique qu\u2019il n\u2019y para\u00eet, Hubert s&rsquo;\u00e9tant amus\u00e9 \u00e0 prendre le contrepied des codes traditionnels des contes et l\u00e9gendes. Graphiquement, j&rsquo;ai beaucoup appr\u00e9ci\u00e9 cet ambiance m\u00e9di\u00e9vale, sombre et fantastique. Il se d\u00e9gage une grande complexit\u00e9 et expressivit\u00e9 du duo Arzhur\/Islen, chacun devant vivre avec le poids de son pass\u00e9 et ses d\u00e9mons int\u00e9rieurs. Il y est question du poids du regard de l\u2019autre, d\u2019h\u00e9ritage familial, de d\u00e9terminisme, de libre arbitre, de r\u00e9demption ou bien encore de seconde chance. <\/em><em>Un tr\u00e8s bon moment de lecture dont les p\u00e9rip\u00e9ties et rebondissements s\u2019encha\u00eenent rapidement et qui se finit en plein suspense \u00e9pique! Le pass\u00e9 va-t-il se reproduire? J\u2019ai h\u00e2te de d\u00e9couvrir le second et dernier tome qui para\u00eetra en septembre 2022, Hubert ayant pu l\u2019\u00e9crire avant son d\u00e9c\u00e8s en 2020.<\/em><\/p>\n<ul>\n<li style=\"text-align: justify;\"><em>(BD adulte\/Roman graphique) <strong><span style=\"text-decoration: underline;\">Edelweiss<\/span><\/strong> de C\u00e9dric Mayen et Lucy Mazel<\/em><\/li>\n<\/ul>\n<p style=\"text-align: justify;\"><em><a href=\"https:\/\/i0.wp.com\/www.jojoenherbe.com\/wp-content\/uploads\/2022\/05\/Edelweiss-scaled.jpg\"><img data-recalc-dims=\"1\" loading=\"lazy\" decoding=\"async\" data-attachment-id=\"25680\" data-permalink=\"http:\/\/www.jojoenherbe.com\/index.php\/2022\/05\/23\/point-lecture-hebdomadaire-42\/edelweiss\/\" data-orig-file=\"https:\/\/i0.wp.com\/www.jojoenherbe.com\/wp-content\/uploads\/2022\/05\/Edelweiss-scaled.jpg?fit=2560%2C1950\" data-orig-size=\"2560,1950\" data-comments-opened=\"1\" data-image-meta=\"{&quot;aperture&quot;:&quot;1.8&quot;,&quot;credit&quot;:&quot;&quot;,&quot;camera&quot;:&quot;iPhone 7&quot;,&quot;caption&quot;:&quot;&quot;,&quot;created_timestamp&quot;:&quot;1653414701&quot;,&quot;copyright&quot;:&quot;&quot;,&quot;focal_length&quot;:&quot;3.99&quot;,&quot;iso&quot;:&quot;100&quot;,&quot;shutter_speed&quot;:&quot;0.14285714285714&quot;,&quot;title&quot;:&quot;&quot;,&quot;orientation&quot;:&quot;1&quot;}\" data-image-title=\"Edelweiss\" data-image-description=\"\" data-image-caption=\"\" data-large-file=\"https:\/\/i0.wp.com\/www.jojoenherbe.com\/wp-content\/uploads\/2022\/05\/Edelweiss-scaled.jpg?fit=676%2C515\" class=\"size-thumbnail wp-image-25680 alignright\" src=\"https:\/\/i0.wp.com\/www.jojoenherbe.com\/wp-content\/uploads\/2022\/05\/Edelweiss.jpg?resize=150%2C150\" alt=\"\" width=\"150\" height=\"150\" srcset=\"https:\/\/i0.wp.com\/www.jojoenherbe.com\/wp-content\/uploads\/2022\/05\/Edelweiss-scaled.jpg?resize=150%2C150 150w, https:\/\/i0.wp.com\/www.jojoenherbe.com\/wp-content\/uploads\/2022\/05\/Edelweiss-scaled.jpg?zoom=2&amp;resize=150%2C150 300w, https:\/\/i0.wp.com\/www.jojoenherbe.com\/wp-content\/uploads\/2022\/05\/Edelweiss-scaled.jpg?zoom=3&amp;resize=150%2C150 450w\" sizes=\"auto, (max-width: 150px) 100vw, 150px\" \/><\/a>Je lis ensuite <span style=\"text-decoration: underline;\">Edelweiss<\/span> de C\u00e9dric Mayen et Lucy Mazel (\u00e9d. Gl\u00e9nat, coll. Vents d&rsquo;Ouest, 2017, 96 pages), un roman graphique o\u00f9 il est question d&rsquo;amour, de passion pour l&rsquo;alpinisme et d&rsquo;handicap. Lors d&rsquo;un bal d&rsquo;apr\u00e8s-guerre, \u00e0 l&rsquo;\u00e9t\u00e9 1947, Olympe et Edmond se rencontrent. Passionn\u00e9e d&rsquo;alpinisme, Olympe r\u00eave d&rsquo;escalader le Mont-Blanc comme son a\u00efeule, Henriette d&rsquo;Angeville. Au fil des ans, la d\u00e9termination d&rsquo;Olympe reste intacte, malgr\u00e9 la routine quotidienne et les al\u00e9as de la vie, Edmond lui apportant aide et soutien. Un tr\u00e8s bon moment de lecture!<br \/>\n<\/em><\/p>\n<ul>\n<li style=\"text-align: justify;\"><em>(BD adulte\/Roman graphique) <strong><span style=\"text-decoration: underline;\">Malgr\u00e9 tout<\/span><\/strong> de Jordi Lafebre<\/em><\/li>\n<\/ul>\n<p style=\"text-align: justify;\"><em><a href=\"https:\/\/i0.wp.com\/www.jojoenherbe.com\/wp-content\/uploads\/2022\/05\/Malgre-tout-scaled.jpg\"><img data-recalc-dims=\"1\" loading=\"lazy\" decoding=\"async\" data-attachment-id=\"25682\" data-permalink=\"http:\/\/www.jojoenherbe.com\/index.php\/2022\/05\/23\/point-lecture-hebdomadaire-42\/malgre-tout\/\" data-orig-file=\"https:\/\/i0.wp.com\/www.jojoenherbe.com\/wp-content\/uploads\/2022\/05\/Malgre-tout-scaled.jpg?fit=2560%2C1939\" data-orig-size=\"2560,1939\" data-comments-opened=\"1\" data-image-meta=\"{&quot;aperture&quot;:&quot;1.8&quot;,&quot;credit&quot;:&quot;&quot;,&quot;camera&quot;:&quot;iPhone 7&quot;,&quot;caption&quot;:&quot;&quot;,&quot;created_timestamp&quot;:&quot;1653414047&quot;,&quot;copyright&quot;:&quot;&quot;,&quot;focal_length&quot;:&quot;3.99&quot;,&quot;iso&quot;:&quot;100&quot;,&quot;shutter_speed&quot;:&quot;0.071428571428571&quot;,&quot;title&quot;:&quot;&quot;,&quot;orientation&quot;:&quot;1&quot;}\" data-image-title=\"Malgr\u00e9 tout\" data-image-description=\"\" data-image-caption=\"\" data-large-file=\"https:\/\/i0.wp.com\/www.jojoenherbe.com\/wp-content\/uploads\/2022\/05\/Malgre-tout-scaled.jpg?fit=676%2C512\" class=\"alignleft size-thumbnail wp-image-25682\" src=\"https:\/\/i0.wp.com\/www.jojoenherbe.com\/wp-content\/uploads\/2022\/05\/Malgre-tout.jpg?resize=150%2C150\" alt=\"\" width=\"150\" height=\"150\" srcset=\"https:\/\/i0.wp.com\/www.jojoenherbe.com\/wp-content\/uploads\/2022\/05\/Malgre-tout-scaled.jpg?resize=150%2C150 150w, https:\/\/i0.wp.com\/www.jojoenherbe.com\/wp-content\/uploads\/2022\/05\/Malgre-tout-scaled.jpg?zoom=2&amp;resize=150%2C150 300w, https:\/\/i0.wp.com\/www.jojoenherbe.com\/wp-content\/uploads\/2022\/05\/Malgre-tout-scaled.jpg?zoom=3&amp;resize=150%2C150 450w\" sizes=\"auto, (max-width: 150px) 100vw, 150px\" \/><\/a>J&rsquo;ai \u00e9galement lu <span style=\"text-decoration: underline;\">Malgr\u00e9 tout<\/span> de Jordi Lafebre (\u00e9d. Dargaud, 2020, 152 pages), un roman graphique ado\/adulte avec l&rsquo;histoire d&rsquo;un amour \u00e0 rebours. Cela commence en effet par le chapitre 20. Un tr\u00e8s bon moment de lecture avec cette histoire p\u00e9tillante et l\u00e9g\u00e8re, \u00e0 la structure narrative \u00e9tonnante sous forme de puzzle amoureux dans lequel chaque pi\u00e8ce du pass\u00e9 permet d&rsquo;arriver au d\u00e9nouement qui n&rsquo;est pas une fin mais la concr\u00e9tisation d&rsquo;un amour!<\/em><\/p>\n<p><strong><span style=\"text-decoration: underline;\">Ma lecture en cours<\/span>:<\/strong><\/p>\n<p style=\"text-align: justify;\"><em>(Cosy Mystery) <strong><span style=\"text-decoration: underline;\">Son espionne royale et l&rsquo;h\u00e9ritier australien<\/span><\/strong> de Rhys Bowen <strong>(T7)<\/strong><\/em><\/p>\n<p style=\"text-align: justify;\"><a href=\"https:\/\/i0.wp.com\/www.jojoenherbe.com\/wp-content\/uploads\/2022\/05\/Son-espionne-royale-T7-scaled.jpg\"><img data-recalc-dims=\"1\" loading=\"lazy\" decoding=\"async\" data-attachment-id=\"25685\" data-permalink=\"http:\/\/www.jojoenherbe.com\/index.php\/2022\/05\/23\/point-lecture-hebdomadaire-42\/son-espionne-royale-t7\/\" data-orig-file=\"https:\/\/i0.wp.com\/www.jojoenherbe.com\/wp-content\/uploads\/2022\/05\/Son-espionne-royale-T7-scaled.jpg?fit=2560%2C2099\" data-orig-size=\"2560,2099\" data-comments-opened=\"1\" data-image-meta=\"{&quot;aperture&quot;:&quot;1.8&quot;,&quot;credit&quot;:&quot;&quot;,&quot;camera&quot;:&quot;iPhone 7&quot;,&quot;caption&quot;:&quot;&quot;,&quot;created_timestamp&quot;:&quot;1650468721&quot;,&quot;copyright&quot;:&quot;&quot;,&quot;focal_length&quot;:&quot;3.99&quot;,&quot;iso&quot;:&quot;80&quot;,&quot;shutter_speed&quot;:&quot;0.14285714285714&quot;,&quot;title&quot;:&quot;&quot;,&quot;orientation&quot;:&quot;1&quot;}\" data-image-title=\"Son espionne royale T7\" data-image-description=\"\" data-image-caption=\"\" data-large-file=\"https:\/\/i0.wp.com\/www.jojoenherbe.com\/wp-content\/uploads\/2022\/05\/Son-espionne-royale-T7-scaled.jpg?fit=676%2C555\" class=\"size-thumbnail wp-image-25685 alignright\" src=\"https:\/\/i0.wp.com\/www.jojoenherbe.com\/wp-content\/uploads\/2022\/05\/Son-espionne-royale-T7.jpg?resize=150%2C150\" alt=\"\" width=\"150\" height=\"150\" srcset=\"https:\/\/i0.wp.com\/www.jojoenherbe.com\/wp-content\/uploads\/2022\/05\/Son-espionne-royale-T7-scaled.jpg?resize=150%2C150 150w, https:\/\/i0.wp.com\/www.jojoenherbe.com\/wp-content\/uploads\/2022\/05\/Son-espionne-royale-T7-scaled.jpg?zoom=2&amp;resize=150%2C150 300w, https:\/\/i0.wp.com\/www.jojoenherbe.com\/wp-content\/uploads\/2022\/05\/Son-espionne-royale-T7-scaled.jpg?zoom=3&amp;resize=150%2C150 450w\" sizes=\"auto, (max-width: 150px) 100vw, 150px\" \/><\/a><em>J&rsquo;ai commenc\u00e9 \u00e0 lire jusqu&rsquo;au chapitre 9 (p.100) le tome 7 de <span style=\"text-decoration: underline;\">Son espionne royale<\/span>, <span style=\"text-decoration: underline;\">Son espionne royale et l&rsquo;h\u00e9ritier australien<\/span> de Rhys Bowen (\u00e9d. Robert Laffont, 2021, 363 pages), un cosy mystery se d\u00e9roulant cette fois, en mars 1934, dans le Comt\u00e9 du Kent, en Angleterre. Lady Georginia vient en aide \u00e0 Jack Altringham, h\u00e9ritier du duc d&rsquo;Eynsford venu d&rsquo;Australie et principal suspect dans le d\u00e9c\u00e8s de ce dernier. Qu&rsquo;il est agr\u00e9able de poursuivre cette s\u00e9rie livresque et de replonger dans les aventures de Lady Georginia and co!\u00a0<\/em><\/p>\n","protected":false},"excerpt":{"rendered":"<p>En ce d\u00e9but de semaine, voici notre point lecture hebdomadaire avec un retour sur nos lectures de la semaine derni\u00e8re (mais pas nos relectures) et ma lecture en cours. Une semaine avec beaucoup de BD! Nos lectures du\u00a0 16 au 22 mai 2022: Des lectures jeunesse: (Album jeunesse) Sidonie Souris de Clothilde Delacroix Nous lisons [&hellip;]<\/p>\n","protected":false},"author":1,"featured_media":25743,"comment_status":"open","ping_status":"open","sticky":false,"template":"","format":"standard","meta":{"jetpack_post_was_ever_published":false,"_jetpack_newsletter_access":"","_jetpack_dont_email_post_to_subs":false,"_jetpack_newsletter_tier_id":0,"_jetpack_memberships_contains_paywalled_content":false,"_jetpack_memberships_contains_paid_content":false,"footnotes":""},"categories":[2140,363],"tags":[596,2087,1226,3194,1873,1334,2746,3196,1085,367,3197,3195,1872,2274,1758,2088,905,3198,3193],"class_list":["post-25634","post","type-post","status-publish","format-standard","has-post-thumbnail","hentry","category-mini-blogueur","category-mini-lecteur","tag-bandes-dessinees","tag-bd-adulte","tag-bd-jeunesse","tag-cedric-mayen","tag-celine-deregnaucourt","tag-cosy-mystery","tag-hubert","tag-jordi-lafebre","tag-lecture-adulte","tag-lecture-jeunesse","tag-les-monsieur-madame","tag-lucy-mazel","tag-ludovic-villain","tag-rhys-bowen","tag-roger-hargreaves","tag-roman-graphique","tag-romans-adulte","tag-son-espionne-royale","tag-vincent-maille","post-preview"],"jetpack_featured_media_url":"https:\/\/i0.wp.com\/www.jojoenherbe.com\/wp-content\/uploads\/2022\/05\/Point-lecture-hebdo-42-scaled.jpg?fit=2560%2C1782","jetpack_sharing_enabled":true,"jetpack_shortlink":"https:\/\/wp.me\/p9zhGx-6Fs","jetpack_likes_enabled":true,"jetpack-related-posts":[{"id":37540,"url":"http:\/\/www.jojoenherbe.com\/index.php\/2024\/12\/18\/au-fil-des-pages-avec-le-noel-de-sidonie-souris\/","url_meta":{"origin":25634,"position":0},"title":"Au fil des pages avec Le No\u00ebl de Sidonie Souris","author":"Jojo","date":"18 d\u00e9cembre 2024","format":false,"excerpt":"Nous avons relu Le No\u00ebl de Sidonie Souris de Clothilde Delacroix (\u00e9d. L'\u00e9cole des loisirs, coll. Moucheron, novembre 2023, 64 pages), un roman jeunesse premi\u00e8res lectures pour les 5\/7 ans. La famille de Sidonie Souris se d\u00e9p\u00eachent de terminer les pr\u00e9paratifs de No\u00ebl. A la demande de leur m\u00e8re enceinte,\u2026","rel":"","context":"Dans &quot;Mini lecteur&quot;","block_context":{"text":"Mini lecteur","link":"http:\/\/www.jojoenherbe.com\/index.php\/category\/mini-lecteur\/"},"img":{"alt_text":"","src":"https:\/\/i0.wp.com\/www.jojoenherbe.com\/wp-content\/uploads\/2024\/12\/Le-Noel-de-Sidonie-Souris-scaled.jpg?fit=1200%2C1044&resize=350%2C200","width":350,"height":200,"srcset":"https:\/\/i0.wp.com\/www.jojoenherbe.com\/wp-content\/uploads\/2024\/12\/Le-Noel-de-Sidonie-Souris-scaled.jpg?fit=1200%2C1044&resize=350%2C200 1x, https:\/\/i0.wp.com\/www.jojoenherbe.com\/wp-content\/uploads\/2024\/12\/Le-Noel-de-Sidonie-Souris-scaled.jpg?fit=1200%2C1044&resize=525%2C300 1.5x, https:\/\/i0.wp.com\/www.jojoenherbe.com\/wp-content\/uploads\/2024\/12\/Le-Noel-de-Sidonie-Souris-scaled.jpg?fit=1200%2C1044&resize=700%2C400 2x, https:\/\/i0.wp.com\/www.jojoenherbe.com\/wp-content\/uploads\/2024\/12\/Le-Noel-de-Sidonie-Souris-scaled.jpg?fit=1200%2C1044&resize=1050%2C600 3x"},"classes":[]},{"id":37057,"url":"http:\/\/www.jojoenherbe.com\/index.php\/2024\/09\/30\/point-lecture-hebdomadaire-2024-39\/","url_meta":{"origin":25634,"position":1},"title":"Point lecture hebdomadaire 2024 #39","author":"Jojo","date":"30 septembre 2024","format":false,"excerpt":"En ce d\u00e9but de semaine, voici mon point lecture hebdomadaire avec un retour sur nos lectures (mais pas nos relectures) de la semaine derni\u00e8re. Nos lectures du 23 au 29 septembre 2024: Des lectures jeunesse: Nous avons continu\u00e9 chaque soir et presque fini de lire Le jardin secret de Frances\u2026","rel":"","context":"Dans &quot;Mini blogueur&quot;","block_context":{"text":"Mini blogueur","link":"http:\/\/www.jojoenherbe.com\/index.php\/category\/mini-blogueur\/"},"img":{"alt_text":"","src":"https:\/\/i0.wp.com\/www.jojoenherbe.com\/wp-content\/uploads\/2020\/04\/Le-jardin-secret-150x150.jpg?resize=350%2C200","width":350,"height":200},"classes":[]},{"id":41939,"url":"http:\/\/www.jojoenherbe.com\/index.php\/2026\/01\/04\/point-lecture-hebdomadaire-2025-52\/","url_meta":{"origin":25634,"position":2},"title":"Point lecture hebdomadaire 2025 #52","author":"Jojo","date":"4 janvier 2026","format":false,"excerpt":"En cette fin de semaine, voici mon point lecture hebdomadaire avec un retour sur nos lectures (mais pas nos relectures) de la semaine derni\u00e8re, m\u00eame si j'ai peu lu jusqu'\u00e0 No\u00ebl puisque nous avions pris une semaine de cong\u00e9s, avec le d\u00e9but de semaine pass\u00e9 dans la Dr\u00f4me puis pour\u2026","rel":"","context":"Dans &quot;Mini blogueur&quot;","block_context":{"text":"Mini blogueur","link":"http:\/\/www.jojoenherbe.com\/index.php\/category\/mini-blogueur\/"},"img":{"alt_text":"","src":"https:\/\/i0.wp.com\/www.jojoenherbe.com\/wp-content\/uploads\/2026\/01\/Minecraft-T2-a-T5-150x150.jpg?resize=350%2C200","width":350,"height":200},"classes":[]},{"id":25915,"url":"http:\/\/www.jojoenherbe.com\/index.php\/2022\/06\/20\/point-lecture-hebdomadaire-46\/","url_meta":{"origin":25634,"position":3},"title":"Point lecture hebdomadaire #46","author":"Jojo","date":"20 juin 2022","format":false,"excerpt":"En ce d\u00e9but de semaine, voici notre point lecture hebdomadaire avec un retour sur nos lectures de la semaine derni\u00e8re (mais pas nos relectures) et ma lecture en cours. j'ai surtout pioch\u00e9 dans ma PAL anglo-saxonne puisqu'en juin, c'est le Mois Anglais 2022 coorganis\u00e9e par Lou et Titine. Nos lectures\u2026","rel":"","context":"Dans &quot;Mini blogueur&quot;","block_context":{"text":"Mini blogueur","link":"http:\/\/www.jojoenherbe.com\/index.php\/category\/mini-blogueur\/"},"img":{"alt_text":"","src":"https:\/\/i0.wp.com\/www.jojoenherbe.com\/wp-content\/uploads\/2022\/07\/Point-lecture-hebdo-46-scaled.jpg?fit=1200%2C795&resize=350%2C200","width":350,"height":200,"srcset":"https:\/\/i0.wp.com\/www.jojoenherbe.com\/wp-content\/uploads\/2022\/07\/Point-lecture-hebdo-46-scaled.jpg?fit=1200%2C795&resize=350%2C200 1x, https:\/\/i0.wp.com\/www.jojoenherbe.com\/wp-content\/uploads\/2022\/07\/Point-lecture-hebdo-46-scaled.jpg?fit=1200%2C795&resize=525%2C300 1.5x, https:\/\/i0.wp.com\/www.jojoenherbe.com\/wp-content\/uploads\/2022\/07\/Point-lecture-hebdo-46-scaled.jpg?fit=1200%2C795&resize=700%2C400 2x, https:\/\/i0.wp.com\/www.jojoenherbe.com\/wp-content\/uploads\/2022\/07\/Point-lecture-hebdo-46-scaled.jpg?fit=1200%2C795&resize=1050%2C600 3x"},"classes":[]},{"id":28214,"url":"http:\/\/www.jojoenherbe.com\/index.php\/2022\/10\/17\/point-lecture-hebdomadaire-63\/","url_meta":{"origin":25634,"position":4},"title":"Point lecture hebdomadaire #63","author":"Jojo","date":"17 octobre 2022","format":false,"excerpt":"En ce d\u00e9but de semaine, voici notre point lecture hebdomadaire avec un retour sur nos lectures de la semaine derni\u00e8re (mais pas nos relectures), avec encore cette semaine et celles \u00e0 venir une pr\u00e9dominante pour les lectures automnales et halloweenesques. Nos lectures du 10 au 16 octobre 2022: Des lectures\u2026","rel":"","context":"Dans &quot;Mini blogueur&quot;","block_context":{"text":"Mini blogueur","link":"http:\/\/www.jojoenherbe.com\/index.php\/category\/mini-blogueur\/"},"img":{"alt_text":"","src":"https:\/\/i0.wp.com\/www.jojoenherbe.com\/wp-content\/uploads\/2022\/10\/Point-lecture-hebdo-63-scaled.jpg?fit=1200%2C568&resize=350%2C200","width":350,"height":200,"srcset":"https:\/\/i0.wp.com\/www.jojoenherbe.com\/wp-content\/uploads\/2022\/10\/Point-lecture-hebdo-63-scaled.jpg?fit=1200%2C568&resize=350%2C200 1x, https:\/\/i0.wp.com\/www.jojoenherbe.com\/wp-content\/uploads\/2022\/10\/Point-lecture-hebdo-63-scaled.jpg?fit=1200%2C568&resize=525%2C300 1.5x, https:\/\/i0.wp.com\/www.jojoenherbe.com\/wp-content\/uploads\/2022\/10\/Point-lecture-hebdo-63-scaled.jpg?fit=1200%2C568&resize=700%2C400 2x, https:\/\/i0.wp.com\/www.jojoenherbe.com\/wp-content\/uploads\/2022\/10\/Point-lecture-hebdo-63-scaled.jpg?fit=1200%2C568&resize=1050%2C600 3x"},"classes":[]},{"id":27668,"url":"http:\/\/www.jojoenherbe.com\/index.php\/2022\/09\/19\/point-lecture-hebdomadaire-59\/","url_meta":{"origin":25634,"position":5},"title":"Point lecture hebdomadaire #59","author":"Jojo","date":"19 septembre 2022","format":false,"excerpt":"En ce d\u00e9but de semaine, voici notre point lecture hebdomadaire avec un retour sur nos lectures de la semaine derni\u00e8re (mais pas nos relectures) ainsi que ma lecture en cours. Nos lectures du 12 au 18 septembre 2022: Des lectures jeunesse: (Roman jeunesse) Oscar et Carrosse, La f\u00eate foraine de\u2026","rel":"","context":"Dans &quot;Mini blogueur&quot;","block_context":{"text":"Mini blogueur","link":"http:\/\/www.jojoenherbe.com\/index.php\/category\/mini-blogueur\/"},"img":{"alt_text":"","src":"https:\/\/i0.wp.com\/www.jojoenherbe.com\/wp-content\/uploads\/2022\/09\/Point-lecture-hebdo-59-scaled.jpg?fit=1200%2C698&resize=350%2C200","width":350,"height":200,"srcset":"https:\/\/i0.wp.com\/www.jojoenherbe.com\/wp-content\/uploads\/2022\/09\/Point-lecture-hebdo-59-scaled.jpg?fit=1200%2C698&resize=350%2C200 1x, https:\/\/i0.wp.com\/www.jojoenherbe.com\/wp-content\/uploads\/2022\/09\/Point-lecture-hebdo-59-scaled.jpg?fit=1200%2C698&resize=525%2C300 1.5x, https:\/\/i0.wp.com\/www.jojoenherbe.com\/wp-content\/uploads\/2022\/09\/Point-lecture-hebdo-59-scaled.jpg?fit=1200%2C698&resize=700%2C400 2x, https:\/\/i0.wp.com\/www.jojoenherbe.com\/wp-content\/uploads\/2022\/09\/Point-lecture-hebdo-59-scaled.jpg?fit=1200%2C698&resize=1050%2C600 3x"},"classes":[]}],"_links":{"self":[{"href":"http:\/\/www.jojoenherbe.com\/index.php\/wp-json\/wp\/v2\/posts\/25634","targetHints":{"allow":["GET"]}}],"collection":[{"href":"http:\/\/www.jojoenherbe.com\/index.php\/wp-json\/wp\/v2\/posts"}],"about":[{"href":"http:\/\/www.jojoenherbe.com\/index.php\/wp-json\/wp\/v2\/types\/post"}],"author":[{"embeddable":true,"href":"http:\/\/www.jojoenherbe.com\/index.php\/wp-json\/wp\/v2\/users\/1"}],"replies":[{"embeddable":true,"href":"http:\/\/www.jojoenherbe.com\/index.php\/wp-json\/wp\/v2\/comments?post=25634"}],"version-history":[{"count":33,"href":"http:\/\/www.jojoenherbe.com\/index.php\/wp-json\/wp\/v2\/posts\/25634\/revisions"}],"predecessor-version":[{"id":26659,"href":"http:\/\/www.jojoenherbe.com\/index.php\/wp-json\/wp\/v2\/posts\/25634\/revisions\/26659"}],"wp:featuredmedia":[{"embeddable":true,"href":"http:\/\/www.jojoenherbe.com\/index.php\/wp-json\/wp\/v2\/media\/25743"}],"wp:attachment":[{"href":"http:\/\/www.jojoenherbe.com\/index.php\/wp-json\/wp\/v2\/media?parent=25634"}],"wp:term":[{"taxonomy":"category","embeddable":true,"href":"http:\/\/www.jojoenherbe.com\/index.php\/wp-json\/wp\/v2\/categories?post=25634"},{"taxonomy":"post_tag","embeddable":true,"href":"http:\/\/www.jojoenherbe.com\/index.php\/wp-json\/wp\/v2\/tags?post=25634"}],"curies":[{"name":"wp","href":"https:\/\/api.w.org\/{rel}","templated":true}]}}