{"id":25607,"date":"2022-05-25T10:01:21","date_gmt":"2022-05-25T08:01:21","guid":{"rendered":"https:\/\/www.jojoenherbe.com\/?p=25607"},"modified":"2022-07-15T11:04:09","modified_gmt":"2022-07-15T09:04:09","slug":"nos-lectures-de-la-selection-maternelle-du-prix-des-incos-2022","status":"publish","type":"post","link":"http:\/\/www.jojoenherbe.com\/index.php\/2022\/05\/25\/nos-lectures-de-la-selection-maternelle-du-prix-des-incos-2022\/","title":{"rendered":"Nos lectures de la s\u00e9lection Maternelle du Prix des Incos 2022"},"content":{"rendered":"<p style=\"text-align: justify;\"><em>Lorsque la s\u00e9lection Maternelle du 33\u00e8me Prix des Incos 2021\/2022 est parue, nous avons d\u00e9couvert avec plaisir que nous connaissions d\u00e9j\u00e0 4 albums jeunesse sur les 6 s\u00e9lectionn\u00e9s. <\/em><\/p>\n<ul style=\"text-align: justify;\">\n<li><em><a href=\"https:\/\/i0.wp.com\/www.jojoenherbe.com\/wp-content\/uploads\/2021\/06\/La-grande-glissade-de-lours-scaled.jpg\"><img data-recalc-dims=\"1\" loading=\"lazy\" decoding=\"async\" data-attachment-id=\"19389\" data-permalink=\"http:\/\/www.jojoenherbe.com\/index.php\/2021\/06\/24\/nos-lectures-estivales-2021\/la-grande-glissade-de-lours-6\/\" data-orig-file=\"https:\/\/i0.wp.com\/www.jojoenherbe.com\/wp-content\/uploads\/2021\/06\/La-grande-glissade-de-lours-scaled.jpg?fit=2560%2C2030\" data-orig-size=\"2560,2030\" data-comments-opened=\"1\" data-image-meta=\"{&quot;aperture&quot;:&quot;1.8&quot;,&quot;credit&quot;:&quot;&quot;,&quot;camera&quot;:&quot;iPhone 7&quot;,&quot;caption&quot;:&quot;&quot;,&quot;created_timestamp&quot;:&quot;1624538207&quot;,&quot;copyright&quot;:&quot;&quot;,&quot;focal_length&quot;:&quot;3.99&quot;,&quot;iso&quot;:&quot;80&quot;,&quot;shutter_speed&quot;:&quot;0.14285714285714&quot;,&quot;title&quot;:&quot;&quot;,&quot;orientation&quot;:&quot;1&quot;}\" data-image-title=\"La grande glissade de l&amp;rsquo;ours\" data-image-description=\"\" data-image-caption=\"\" data-large-file=\"https:\/\/i0.wp.com\/www.jojoenherbe.com\/wp-content\/uploads\/2021\/06\/La-grande-glissade-de-lours-scaled.jpg?fit=676%2C536\" class=\"alignleft size-thumbnail wp-image-19389\" src=\"https:\/\/i0.wp.com\/www.jojoenherbe.com\/wp-content\/uploads\/2021\/06\/La-grande-glissade-de-lours.jpg?resize=150%2C150\" alt=\"\" width=\"150\" height=\"150\" srcset=\"https:\/\/i0.wp.com\/www.jojoenherbe.com\/wp-content\/uploads\/2021\/06\/La-grande-glissade-de-lours-scaled.jpg?resize=150%2C150 150w, https:\/\/i0.wp.com\/www.jojoenherbe.com\/wp-content\/uploads\/2021\/06\/La-grande-glissade-de-lours-scaled.jpg?zoom=2&amp;resize=150%2C150 300w, https:\/\/i0.wp.com\/www.jojoenherbe.com\/wp-content\/uploads\/2021\/06\/La-grande-glissade-de-lours-scaled.jpg?zoom=3&amp;resize=150%2C150 450w\" sizes=\"auto, (max-width: 150px) 100vw, 150px\" \/><\/a><a href=\"https:\/\/www.jojoenherbe.com\/index.php\/2021\/03\/09\/au-fil-des-pages-avec-la-grande-glissade-de-lours\/\"><span style=\"text-decoration: underline;\">La grande glissade de l\u2019ours<\/span><\/a> de Richard T. Morris et LeUyen Pham (\u00e9d. Albin Michel Jeunesse, 2020), un album jeunesse \u00e0 partir de 3 ans. Un ours se trouve entra\u00een\u00e9 par le courant de la rivi\u00e8re. De l&rsquo;aventure et de l&rsquo;amiti\u00e9 \u00e0 la cl\u00e9!<br \/>\n<\/em><\/li>\n<li><em><span style=\"text-decoration: underline;\"><a href=\"https:\/\/i0.wp.com\/www.jojoenherbe.com\/wp-content\/uploads\/2022\/05\/Aie-Aie-Aie-scaled.jpg\"><img data-recalc-dims=\"1\" loading=\"lazy\" decoding=\"async\" data-attachment-id=\"25631\" data-permalink=\"http:\/\/www.jojoenherbe.com\/index.php\/2022\/05\/25\/nos-lectures-de-la-selection-maternelle-du-prix-des-incos-2022\/aie-aie-aie\/\" data-orig-file=\"https:\/\/i0.wp.com\/www.jojoenherbe.com\/wp-content\/uploads\/2022\/05\/Aie-Aie-Aie-scaled.jpg?fit=2560%2C2059\" data-orig-size=\"2560,2059\" data-comments-opened=\"1\" data-image-meta=\"{&quot;aperture&quot;:&quot;1.8&quot;,&quot;credit&quot;:&quot;&quot;,&quot;camera&quot;:&quot;iPhone 7&quot;,&quot;caption&quot;:&quot;&quot;,&quot;created_timestamp&quot;:&quot;1653471989&quot;,&quot;copyright&quot;:&quot;&quot;,&quot;focal_length&quot;:&quot;3.99&quot;,&quot;iso&quot;:&quot;100&quot;,&quot;shutter_speed&quot;:&quot;0.14285714285714&quot;,&quot;title&quot;:&quot;&quot;,&quot;orientation&quot;:&quot;1&quot;}\" data-image-title=\"A\u00efe A\u00efe A\u00efe!\" data-image-description=\"\" data-image-caption=\"\" data-large-file=\"https:\/\/i0.wp.com\/www.jojoenherbe.com\/wp-content\/uploads\/2022\/05\/Aie-Aie-Aie-scaled.jpg?fit=676%2C544\" class=\"size-thumbnail wp-image-25631 alignright\" src=\"https:\/\/i0.wp.com\/www.jojoenherbe.com\/wp-content\/uploads\/2022\/05\/Aie-Aie-Aie.jpg?resize=150%2C150\" alt=\"\" width=\"150\" height=\"150\" srcset=\"https:\/\/i0.wp.com\/www.jojoenherbe.com\/wp-content\/uploads\/2022\/05\/Aie-Aie-Aie-scaled.jpg?resize=150%2C150 150w, https:\/\/i0.wp.com\/www.jojoenherbe.com\/wp-content\/uploads\/2022\/05\/Aie-Aie-Aie-scaled.jpg?zoom=2&amp;resize=150%2C150 300w, https:\/\/i0.wp.com\/www.jojoenherbe.com\/wp-content\/uploads\/2022\/05\/Aie-Aie-Aie-scaled.jpg?zoom=3&amp;resize=150%2C150 450w\" sizes=\"auto, (max-width: 150px) 100vw, 150px\" \/><\/a><\/span><a href=\"https:\/\/www.jojoenherbe.com\/index.php\/2022\/07\/13\/au-fil-des-pages-avec-aie-aie-aie\/\"><span style=\"text-decoration: underline;\">A\u00efe A\u00efe A\u00efe!<\/span><\/a> de Christine Naumann-Villemin et Ana Duna (\u00e9d. Auzou, 2020), un album jeunesse \u00e0 partir de 3 ans. Dans la savane, les animaux sont inquiets de l&rsquo;arriv\u00e9e d&rsquo;un nouveau venu.<br \/>\n<\/em><\/li>\n<li><em><a href=\"https:\/\/i0.wp.com\/www.jojoenherbe.com\/wp-content\/uploads\/2020\/10\/Tu-tennuies-Minimoni-scaled.jpg\"><img data-recalc-dims=\"1\" loading=\"lazy\" decoding=\"async\" data-attachment-id=\"13569\" data-permalink=\"http:\/\/www.jojoenherbe.com\/index.php\/2020\/10\/25\/deuxieme-alphabet-de-jojoenherbeetcieillustre-b-comme-baleine\/tu-tennuies-minimoni-7\/\" data-orig-file=\"https:\/\/i0.wp.com\/www.jojoenherbe.com\/wp-content\/uploads\/2020\/10\/Tu-tennuies-Minimoni-scaled.jpg?fit=2560%2C1920\" data-orig-size=\"2560,1920\" data-comments-opened=\"1\" data-image-meta=\"{&quot;aperture&quot;:&quot;1.8&quot;,&quot;credit&quot;:&quot;&quot;,&quot;camera&quot;:&quot;iPhone 7&quot;,&quot;caption&quot;:&quot;&quot;,&quot;created_timestamp&quot;:&quot;1604333549&quot;,&quot;copyright&quot;:&quot;&quot;,&quot;focal_length&quot;:&quot;3.99&quot;,&quot;iso&quot;:&quot;100&quot;,&quot;shutter_speed&quot;:&quot;0.2&quot;,&quot;title&quot;:&quot;&quot;,&quot;orientation&quot;:&quot;1&quot;}\" data-image-title=\"Tu t&amp;rsquo;ennuies Minimoni\" data-image-description=\"\" data-image-caption=\"\" data-large-file=\"https:\/\/i0.wp.com\/www.jojoenherbe.com\/wp-content\/uploads\/2020\/10\/Tu-tennuies-Minimoni-scaled.jpg?fit=676%2C507\" class=\"alignleft size-thumbnail wp-image-13569\" src=\"https:\/\/i0.wp.com\/www.jojoenherbe.com\/wp-content\/uploads\/2020\/10\/Tu-tennuies-Minimoni.jpg?resize=150%2C150\" alt=\"\" width=\"150\" height=\"150\" srcset=\"https:\/\/i0.wp.com\/www.jojoenherbe.com\/wp-content\/uploads\/2020\/10\/Tu-tennuies-Minimoni-scaled.jpg?resize=150%2C150 150w, https:\/\/i0.wp.com\/www.jojoenherbe.com\/wp-content\/uploads\/2020\/10\/Tu-tennuies-Minimoni-scaled.jpg?zoom=2&amp;resize=150%2C150 300w, https:\/\/i0.wp.com\/www.jojoenherbe.com\/wp-content\/uploads\/2020\/10\/Tu-tennuies-Minimoni-scaled.jpg?zoom=3&amp;resize=150%2C150 450w\" sizes=\"auto, (max-width: 150px) 100vw, 150px\" \/><\/a><a href=\"https:\/\/www.jojoenherbe.com\/index.php\/2019\/11\/06\/au-fil-des-pages-avec-tu-tennuies-minimoni\/\"><span style=\"text-decoration: underline;\">Tu t\u2019ennuies, Minimoni?<\/span><\/a> de Rocio Bonilla (\u00e9d. P\u00e8re Fouettard, 2019), un album jeunesse au format \u00e0 l\u2019italienne, \u00e0 partir de 3 ans. Comme tous les dimanches, Minimoni s&rsquo;ennuie dans sa chambre. Mais est-ce vraiment le cas?<br \/>\n<\/em><\/li>\n<li><em><a href=\"https:\/\/i0.wp.com\/www.jojoenherbe.com\/wp-content\/uploads\/2020\/07\/Pas-de-panique-petit-crabe-scaled.jpg\"><img data-recalc-dims=\"1\" loading=\"lazy\" decoding=\"async\" data-attachment-id=\"11641\" data-permalink=\"http:\/\/www.jojoenherbe.com\/index.php\/2020\/07\/26\/au-fil-des-pages-avec-pas-de-panique-petit-crabe\/pas-de-panique-petit-crabe\/\" data-orig-file=\"https:\/\/i0.wp.com\/www.jojoenherbe.com\/wp-content\/uploads\/2020\/07\/Pas-de-panique-petit-crabe-scaled.jpg?fit=2560%2C1815\" data-orig-size=\"2560,1815\" data-comments-opened=\"1\" data-image-meta=\"{&quot;aperture&quot;:&quot;1.8&quot;,&quot;credit&quot;:&quot;&quot;,&quot;camera&quot;:&quot;iPhone 7&quot;,&quot;caption&quot;:&quot;&quot;,&quot;created_timestamp&quot;:&quot;1595793074&quot;,&quot;copyright&quot;:&quot;&quot;,&quot;focal_length&quot;:&quot;3.99&quot;,&quot;iso&quot;:&quot;100&quot;,&quot;shutter_speed&quot;:&quot;0.16666666666667&quot;,&quot;title&quot;:&quot;&quot;,&quot;orientation&quot;:&quot;1&quot;}\" data-image-title=\"Pas de panique, petit crabe\" data-image-description=\"\" data-image-caption=\"\" data-large-file=\"https:\/\/i0.wp.com\/www.jojoenherbe.com\/wp-content\/uploads\/2020\/07\/Pas-de-panique-petit-crabe-scaled.jpg?fit=676%2C479\" class=\"size-thumbnail wp-image-11641 alignright\" src=\"https:\/\/i0.wp.com\/www.jojoenherbe.com\/wp-content\/uploads\/2020\/07\/Pas-de-panique-petit-crabe.jpg?resize=150%2C150\" alt=\"\" width=\"150\" height=\"150\" srcset=\"https:\/\/i0.wp.com\/www.jojoenherbe.com\/wp-content\/uploads\/2020\/07\/Pas-de-panique-petit-crabe-scaled.jpg?resize=150%2C150 150w, https:\/\/i0.wp.com\/www.jojoenherbe.com\/wp-content\/uploads\/2020\/07\/Pas-de-panique-petit-crabe-scaled.jpg?zoom=2&amp;resize=150%2C150 300w, https:\/\/i0.wp.com\/www.jojoenherbe.com\/wp-content\/uploads\/2020\/07\/Pas-de-panique-petit-crabe-scaled.jpg?zoom=3&amp;resize=150%2C150 450w\" sizes=\"auto, (max-width: 150px) 100vw, 150px\" \/><\/a><a href=\"https:\/\/www.jojoenherbe.com\/index.php\/2020\/07\/26\/au-fil-des-pages-avec-pas-de-panique-petit-crabe\/\"><span style=\"text-decoration: underline;\">Pas de panique, petit crabe<\/span><\/a> de Chris Haughton (\u00e9d. Thierry Magnier, 2019), un album jeunesse \u00e0 partir de 3 an. Petit Crabe part \u00e0 la d\u00e9couverte de l&rsquo;oc\u00e9an, sous la bienveillance de Tr\u00e8s Grand Crabe. Parviendra-t-il \u00e0 surmonter sa peur?<br \/>\n<\/em><\/li>\n<\/ul>\n<p style=\"text-align: justify;\"><em>Encore une tr\u00e8s jolie s\u00e9lection cette ann\u00e9e dans la cat\u00e9gorie Maternelle avec des albums jeunesse que nous avions d\u00e9j\u00e0 beaucoup lu et appr\u00e9ci\u00e9. Les th\u00e8mes abord\u00e9s parlent aux plus jeunes lecteurs comme l&rsquo;amiti\u00e9, l&rsquo;ennui, la peur de l&rsquo;inconnu ou de l&rsquo;autre ou bien encore le vivre ensemble et le fait de grandir.<\/em><\/p>\n<p style=\"text-align: justify;\"><em>Il nous reste donc \u00e0 d\u00e9couvrir les deux derniers: <span style=\"text-decoration: underline;\">Un app\u00e9tit d&rsquo;\u00e9l\u00e9phant<\/span> d&rsquo;Eric Battut (\u00e9d. Didier Jeunesse, 2019), auteur que nous connaissons et appr\u00e9cions d\u00e9j\u00e0 avec par exemple sa s\u00e9rie livresque de la petite souris et <span style=\"text-decoration: underline;\">Miss Mouche<\/span> de Ziggy Hanaor et Alice Bowsher (\u00e9d. Nathan Jeunesse, 2020).<br \/>\n<\/em><\/p>\n<p style=\"text-align: justify;\"><span style=\"text-decoration: underline;\">Mise \u00e0 jour au 15 juin 2022<\/span>: <em>Mon mini lutin a pu lire, fin mai 2022, les 6 livres de la s\u00e9lection Maternelle et voter avec son \u00e9cole \u00e0 ce 33\u00e8me Prix des Incos. Le palmar\u00e8s a \u00e9t\u00e9 annonc\u00e9 le 1er juin 2022. Le laur\u00e9at est donc dans la s\u00e9lection Maternelle <span style=\"text-decoration: underline;\">A\u00efe A\u00efe A\u00efe!<\/span> de Christine Naumann-Villemin et Ana Duna. <\/em><\/p>\n<div style=\"width: 135px\" class=\"wp-caption aligncenter\"><img data-recalc-dims=\"1\" loading=\"lazy\" decoding=\"async\" class=\"n3VNCb KAlRDb\" src=\"https:\/\/lireetfairelire44.files.wordpress.com\/2021\/09\/affiche33e.jpg?w=650&#038;resize=125%2C175\" alt=\"\" data-noaft=\"1\" width=\"125\" height=\"175\"><p class=\"wp-caption-text\"><a href=\"https:\/\/prix.lesincos.com\/la-selection\">33\u00e8me Prix des Incos<\/a> 2021\/2022<\/p><\/div>\n","protected":false},"excerpt":{"rendered":"<p>Lorsque la s\u00e9lection Maternelle du 33\u00e8me Prix des Incos 2021\/2022 est parue, nous avons d\u00e9couvert avec plaisir que nous connaissions d\u00e9j\u00e0 4 albums jeunesse sur les 6 s\u00e9lectionn\u00e9s. La grande glissade de l\u2019ours de Richard T. Morris et LeUyen Pham (\u00e9d. Albin Michel Jeunesse, 2020), un album jeunesse \u00e0 partir de 3 ans. Un ours [&hellip;]<\/p>\n","protected":false},"author":1,"featured_media":25632,"comment_status":"open","ping_status":"open","sticky":false,"template":"","format":"standard","meta":{"jetpack_post_was_ever_published":false,"_jetpack_newsletter_access":"","_jetpack_dont_email_post_to_subs":false,"_jetpack_newsletter_tier_id":0,"_jetpack_memberships_contains_paywalled_content":false,"_jetpack_memberships_contains_paid_content":false,"footnotes":""},"categories":[363],"tags":[785,409,3191,2771,1003,1701,1189,367,2285,1673,2392,2284,1006,3190],"class_list":["post-25607","post","type-post","status-publish","format-standard","has-post-thumbnail","hentry","category-mini-lecteur","tag-3-6-ans","tag-albums-jeunesse","tag-alice-bowsher","tag-ana-duna","tag-chris-haughton","tag-christine-naumann-villemin","tag-eric-battut","tag-lecture-jeunesse","tag-leuyen-pham","tag-prix-des-incos","tag-prix-des-incos-2022","tag-richard-t-morris","tag-rocio-bonilla","tag-ziggy-hanaor","post-preview"],"jetpack_featured_media_url":"https:\/\/i0.wp.com\/www.jojoenherbe.com\/wp-content\/uploads\/2022\/05\/Selection-Maternelle-Prix-des-Incos-2022-scaled.jpg?fit=2560%2C2028","jetpack_sharing_enabled":true,"jetpack_shortlink":"https:\/\/wp.me\/p9zhGx-6F1","jetpack_likes_enabled":true,"jetpack-related-posts":[{"id":16385,"url":"http:\/\/www.jojoenherbe.com\/index.php\/2021\/03\/09\/au-fil-des-pages-avec-la-grande-glissade-de-lours\/","url_meta":{"origin":25607,"position":0},"title":"Au fil des pages avec La grande glissade de l&rsquo;ours","author":"Jojo","date":"9 mars 2021","format":false,"excerpt":"Nous lisons r\u00e9guli\u00e8rement ces derni\u00e8res semaines La grande glissade de l'ours de Richard T. Morris et LeUyen Pham (\u00e9d. Albin Michel Jeunesse, 2020), un album jeunesse \u00e0 partir de 3 ans et qui fera partie de la s\u00e9lection Maternelle du 33e Prix des Incos en 2022. Il \u00e9tait une fois\u2026","rel":"","context":"Dans &quot;Mini lecteur&quot;","block_context":{"text":"Mini lecteur","link":"http:\/\/www.jojoenherbe.com\/index.php\/category\/mini-lecteur\/"},"img":{"alt_text":"","src":"https:\/\/i0.wp.com\/www.jojoenherbe.com\/wp-content\/uploads\/2021\/03\/La-grande-glissade-de-lours-1-scaled.jpg?fit=1200%2C858&resize=350%2C200","width":350,"height":200,"srcset":"https:\/\/i0.wp.com\/www.jojoenherbe.com\/wp-content\/uploads\/2021\/03\/La-grande-glissade-de-lours-1-scaled.jpg?fit=1200%2C858&resize=350%2C200 1x, https:\/\/i0.wp.com\/www.jojoenherbe.com\/wp-content\/uploads\/2021\/03\/La-grande-glissade-de-lours-1-scaled.jpg?fit=1200%2C858&resize=525%2C300 1.5x, https:\/\/i0.wp.com\/www.jojoenherbe.com\/wp-content\/uploads\/2021\/03\/La-grande-glissade-de-lours-1-scaled.jpg?fit=1200%2C858&resize=700%2C400 2x, https:\/\/i0.wp.com\/www.jojoenherbe.com\/wp-content\/uploads\/2021\/03\/La-grande-glissade-de-lours-1-scaled.jpg?fit=1200%2C858&resize=1050%2C600 3x"},"classes":[]},{"id":17295,"url":"http:\/\/www.jojoenherbe.com\/index.php\/2021\/04\/19\/nos-lectures-de-la-selection-maternelle-du-prix-des-incos-2021\/","url_meta":{"origin":25607,"position":1},"title":"Nos lectures de la s\u00e9lection Maternelle du Prix des Incos 2021","author":"Jojo","date":"19 avril 2021","format":false,"excerpt":"Cette ann\u00e9e et comme d\u00e9j\u00e0 l'ann\u00e9e derni\u00e8re, nous avons pu lire la s\u00e9lection Maternelle du 32\u00e8me Prix des Incos 2020\/2021: Le bon c\u00f4t\u00e9 du mur de Jon Agee (\u00e9d. Gallimard Jeunesse, 2019), un album jeunesse \u00e0 partir de 3 ans. Au milieu du livre, il y a un mur. Un\u2026","rel":"","context":"Dans &quot;Mini lecteur&quot;","block_context":{"text":"Mini lecteur","link":"http:\/\/www.jojoenherbe.com\/index.php\/category\/mini-lecteur\/"},"img":{"alt_text":"","src":"https:\/\/i0.wp.com\/www.jojoenherbe.com\/wp-content\/uploads\/2021\/04\/Selection-Maternelle-Prix-des-Incos-2021-scaled.jpg?fit=1200%2C900&resize=350%2C200","width":350,"height":200,"srcset":"https:\/\/i0.wp.com\/www.jojoenherbe.com\/wp-content\/uploads\/2021\/04\/Selection-Maternelle-Prix-des-Incos-2021-scaled.jpg?fit=1200%2C900&resize=350%2C200 1x, https:\/\/i0.wp.com\/www.jojoenherbe.com\/wp-content\/uploads\/2021\/04\/Selection-Maternelle-Prix-des-Incos-2021-scaled.jpg?fit=1200%2C900&resize=525%2C300 1.5x, https:\/\/i0.wp.com\/www.jojoenherbe.com\/wp-content\/uploads\/2021\/04\/Selection-Maternelle-Prix-des-Incos-2021-scaled.jpg?fit=1200%2C900&resize=700%2C400 2x, https:\/\/i0.wp.com\/www.jojoenherbe.com\/wp-content\/uploads\/2021\/04\/Selection-Maternelle-Prix-des-Incos-2021-scaled.jpg?fit=1200%2C900&resize=1050%2C600 3x"},"classes":[]},{"id":11997,"url":"http:\/\/www.jojoenherbe.com\/index.php\/2020\/08\/29\/au-fil-des-pages-avec-splat-le-chat\/","url_meta":{"origin":25607,"position":2},"title":"Au fil des pages avec Splat le chat","author":"Jojo","date":"29 ao\u00fbt 2020","format":false,"excerpt":"Nous empruntons \u00e0 la m\u00e9diath\u00e8que Splat le chat de Rob Scotton (\u00e9d. Nathan, 2011), un album jeunesse \u00e0 partir de 4 ans et qui a fait partie de la s\u00e9lection Maternelle du 22\u00e8me Prix des Incos en 2011. Splat va vivre sa premi\u00e8re journ\u00e9e \u00e0 l'\u00e9cole des chats. Heureusement, il\u2026","rel":"","context":"Dans &quot;Mini lecteur&quot;","block_context":{"text":"Mini lecteur","link":"http:\/\/www.jojoenherbe.com\/index.php\/category\/mini-lecteur\/"},"img":{"alt_text":"","src":"https:\/\/i0.wp.com\/www.jojoenherbe.com\/wp-content\/uploads\/2020\/08\/Splat-le-chat-scaled.jpg?fit=1200%2C900&resize=350%2C200","width":350,"height":200,"srcset":"https:\/\/i0.wp.com\/www.jojoenherbe.com\/wp-content\/uploads\/2020\/08\/Splat-le-chat-scaled.jpg?fit=1200%2C900&resize=350%2C200 1x, https:\/\/i0.wp.com\/www.jojoenherbe.com\/wp-content\/uploads\/2020\/08\/Splat-le-chat-scaled.jpg?fit=1200%2C900&resize=525%2C300 1.5x, https:\/\/i0.wp.com\/www.jojoenherbe.com\/wp-content\/uploads\/2020\/08\/Splat-le-chat-scaled.jpg?fit=1200%2C900&resize=700%2C400 2x, https:\/\/i0.wp.com\/www.jojoenherbe.com\/wp-content\/uploads\/2020\/08\/Splat-le-chat-scaled.jpg?fit=1200%2C900&resize=1050%2C600 3x"},"classes":[]},{"id":8311,"url":"http:\/\/www.jojoenherbe.com\/index.php\/2019\/11\/06\/au-fil-des-pages-avec-tu-tennuies-minimoni\/","url_meta":{"origin":25607,"position":3},"title":"Au fil des pages avec Tu t&rsquo;ennuies, Minimoni?","author":"Jojo","date":"6 novembre 2019","format":false,"excerpt":"Nous lisons Tu t'ennuies, Minimoni? de Rocio Bonilla (\u00e9d. P\u00e8re Fouettard, 2019), un album jeunesse au format \u00e0 l'italienne, \u00e0 partir de 3 ans et qui fera partie de la s\u00e9lection Maternelle du 33e Prix des Incos en 2022. Nous avions beaucoup appr\u00e9ci\u00e9 l'album pr\u00e9c\u00e9dent de cette autrice, De quelle\u2026","rel":"","context":"Dans &quot;Mini lecteur&quot;","block_context":{"text":"Mini lecteur","link":"http:\/\/www.jojoenherbe.com\/index.php\/category\/mini-lecteur\/"},"img":{"alt_text":"","src":"https:\/\/i0.wp.com\/www.jojoenherbe.com\/wp-content\/uploads\/2019\/11\/Tu-tennuies-Minimoni-4.jpg?fit=1200%2C900&resize=350%2C200","width":350,"height":200,"srcset":"https:\/\/i0.wp.com\/www.jojoenherbe.com\/wp-content\/uploads\/2019\/11\/Tu-tennuies-Minimoni-4.jpg?fit=1200%2C900&resize=350%2C200 1x, https:\/\/i0.wp.com\/www.jojoenherbe.com\/wp-content\/uploads\/2019\/11\/Tu-tennuies-Minimoni-4.jpg?fit=1200%2C900&resize=525%2C300 1.5x, https:\/\/i0.wp.com\/www.jojoenherbe.com\/wp-content\/uploads\/2019\/11\/Tu-tennuies-Minimoni-4.jpg?fit=1200%2C900&resize=700%2C400 2x, https:\/\/i0.wp.com\/www.jojoenherbe.com\/wp-content\/uploads\/2019\/11\/Tu-tennuies-Minimoni-4.jpg?fit=1200%2C900&resize=1050%2C600 3x"},"classes":[]},{"id":29903,"url":"http:\/\/www.jojoenherbe.com\/index.php\/2023\/02\/18\/au-fil-des-pages-avec-il-neige\/","url_meta":{"origin":25607,"position":4},"title":"Au fil des pages avec Il neige!","author":"Jojo","date":"18 f\u00e9vrier 2023","format":false,"excerpt":"Nous avons lu Il neige! de Hyejin Go (\u00e9d. Picquier Jeunesse, 2018), un album jeunesse \u00e0 partir de 3 ans et qui a fait partie de la s\u00e9lection Maternelle du 32\u00e8me Prix des Incos 2021. M\u00e9content d'avoir \u00e9t\u00e9 r\u00e9veill\u00e9 alors qu\u2019il est en train d\u2019hiberner, un ours d\u00e9couvre avec ravissement\u2026","rel":"","context":"Dans &quot;Mini lecteur&quot;","block_context":{"text":"Mini lecteur","link":"http:\/\/www.jojoenherbe.com\/index.php\/category\/mini-lecteur\/"},"img":{"alt_text":"","src":"https:\/\/i0.wp.com\/www.jojoenherbe.com\/wp-content\/uploads\/2021\/04\/Il-neige-scaled.jpg?fit=1200%2C900&resize=350%2C200","width":350,"height":200,"srcset":"https:\/\/i0.wp.com\/www.jojoenherbe.com\/wp-content\/uploads\/2021\/04\/Il-neige-scaled.jpg?fit=1200%2C900&resize=350%2C200 1x, https:\/\/i0.wp.com\/www.jojoenherbe.com\/wp-content\/uploads\/2021\/04\/Il-neige-scaled.jpg?fit=1200%2C900&resize=525%2C300 1.5x, https:\/\/i0.wp.com\/www.jojoenherbe.com\/wp-content\/uploads\/2021\/04\/Il-neige-scaled.jpg?fit=1200%2C900&resize=700%2C400 2x, https:\/\/i0.wp.com\/www.jojoenherbe.com\/wp-content\/uploads\/2021\/04\/Il-neige-scaled.jpg?fit=1200%2C900&resize=1050%2C600 3x"},"classes":[]},{"id":11638,"url":"http:\/\/www.jojoenherbe.com\/index.php\/2020\/07\/26\/au-fil-des-pages-avec-pas-de-panique-petit-crabe\/","url_meta":{"origin":25607,"position":5},"title":"Au fil des pages avec Pas de panique, petit crabe","author":"Jojo","date":"26 juillet 2020","format":false,"excerpt":"Nous empruntons \u00e0 la m\u00e9diath\u00e8que Pas de panique, petit crabe de Chris Haughton (\u00e9d. Thierry Magnier, 2019), un album jeunesse \u00e0 partir de 3 ans et qui fera partie de la s\u00e9lection Maternelle du 33e Prix des Incos en 2022. Il s'agit du dernier album publi\u00e9 \u00e0 ce jour par\u2026","rel":"","context":"Dans &quot;Mini lecteur&quot;","block_context":{"text":"Mini lecteur","link":"http:\/\/www.jojoenherbe.com\/index.php\/category\/mini-lecteur\/"},"img":{"alt_text":"","src":"https:\/\/i0.wp.com\/www.jojoenherbe.com\/wp-content\/uploads\/2020\/07\/Pas-de-panique-petit-crabe-scaled.jpg?fit=1200%2C851&resize=350%2C200","width":350,"height":200,"srcset":"https:\/\/i0.wp.com\/www.jojoenherbe.com\/wp-content\/uploads\/2020\/07\/Pas-de-panique-petit-crabe-scaled.jpg?fit=1200%2C851&resize=350%2C200 1x, https:\/\/i0.wp.com\/www.jojoenherbe.com\/wp-content\/uploads\/2020\/07\/Pas-de-panique-petit-crabe-scaled.jpg?fit=1200%2C851&resize=525%2C300 1.5x, https:\/\/i0.wp.com\/www.jojoenherbe.com\/wp-content\/uploads\/2020\/07\/Pas-de-panique-petit-crabe-scaled.jpg?fit=1200%2C851&resize=700%2C400 2x, https:\/\/i0.wp.com\/www.jojoenherbe.com\/wp-content\/uploads\/2020\/07\/Pas-de-panique-petit-crabe-scaled.jpg?fit=1200%2C851&resize=1050%2C600 3x"},"classes":[]}],"_links":{"self":[{"href":"http:\/\/www.jojoenherbe.com\/index.php\/wp-json\/wp\/v2\/posts\/25607","targetHints":{"allow":["GET"]}}],"collection":[{"href":"http:\/\/www.jojoenherbe.com\/index.php\/wp-json\/wp\/v2\/posts"}],"about":[{"href":"http:\/\/www.jojoenherbe.com\/index.php\/wp-json\/wp\/v2\/types\/post"}],"author":[{"embeddable":true,"href":"http:\/\/www.jojoenherbe.com\/index.php\/wp-json\/wp\/v2\/users\/1"}],"replies":[{"embeddable":true,"href":"http:\/\/www.jojoenherbe.com\/index.php\/wp-json\/wp\/v2\/comments?post=25607"}],"version-history":[{"count":6,"href":"http:\/\/www.jojoenherbe.com\/index.php\/wp-json\/wp\/v2\/posts\/25607\/revisions"}],"predecessor-version":[{"id":26556,"href":"http:\/\/www.jojoenherbe.com\/index.php\/wp-json\/wp\/v2\/posts\/25607\/revisions\/26556"}],"wp:featuredmedia":[{"embeddable":true,"href":"http:\/\/www.jojoenherbe.com\/index.php\/wp-json\/wp\/v2\/media\/25632"}],"wp:attachment":[{"href":"http:\/\/www.jojoenherbe.com\/index.php\/wp-json\/wp\/v2\/media?parent=25607"}],"wp:term":[{"taxonomy":"category","embeddable":true,"href":"http:\/\/www.jojoenherbe.com\/index.php\/wp-json\/wp\/v2\/categories?post=25607"},{"taxonomy":"post_tag","embeddable":true,"href":"http:\/\/www.jojoenherbe.com\/index.php\/wp-json\/wp\/v2\/tags?post=25607"}],"curies":[{"name":"wp","href":"https:\/\/api.w.org\/{rel}","templated":true}]}}