{"id":25488,"date":"2022-06-01T06:00:00","date_gmt":"2022-06-01T04:00:00","guid":{"rendered":"https:\/\/www.jojoenherbe.com\/?p=25488"},"modified":"2022-07-03T11:44:16","modified_gmt":"2022-07-03T09:44:16","slug":"billet-de-suivi-le-mois-anglais-2022","status":"publish","type":"post","link":"http:\/\/www.jojoenherbe.com\/index.php\/2022\/06\/01\/billet-de-suivi-le-mois-anglais-2022\/","title":{"rendered":"Billet de suivi: Le Mois Anglais 2022"},"content":{"rendered":"<p style=\"text-align: justify;\"><em><img data-recalc-dims=\"1\" loading=\"lazy\" decoding=\"async\" data-attachment-id=\"18238\" data-permalink=\"http:\/\/www.jojoenherbe.com\/index.php\/2021\/05\/17\/nos-lectures-pinocchio\/pinocchio-2\/\" data-orig-file=\"https:\/\/i0.wp.com\/www.jojoenherbe.com\/wp-content\/uploads\/2021\/05\/Pinocchio-2-scaled.jpg?fit=1920%2C2560\" data-orig-size=\"1920,2560\" data-comments-opened=\"1\" data-image-meta=\"{&quot;aperture&quot;:&quot;1.8&quot;,&quot;credit&quot;:&quot;&quot;,&quot;camera&quot;:&quot;iPhone 7&quot;,&quot;caption&quot;:&quot;&quot;,&quot;created_timestamp&quot;:&quot;1620842538&quot;,&quot;copyright&quot;:&quot;&quot;,&quot;focal_length&quot;:&quot;3.99&quot;,&quot;iso&quot;:&quot;64&quot;,&quot;shutter_speed&quot;:&quot;0.058823529411765&quot;,&quot;title&quot;:&quot;&quot;,&quot;orientation&quot;:&quot;1&quot;}\" data-image-title=\"Pinocchio 2\" data-image-description=\"\" data-image-caption=\"\" data-large-file=\"https:\/\/i0.wp.com\/www.jojoenherbe.com\/wp-content\/uploads\/2021\/05\/Pinocchio-2-scaled.jpg?fit=676%2C901\" class=\"wp-image-18238 alignleft\" src=\"https:\/\/plaisirsacultiver.files.wordpress.com\/2022\/05\/programme.png?w=494&#038;h=494&#038;fit=494%2C494&#038;resize=167%2C167\" sizes=\"auto, (max-width: 494px) 100vw, 494px\" srcset=\"https:\/\/plaisirsacultiver.files.wordpress.com\/2022\/05\/programme.png?w=494&amp;h=494 494w, https:\/\/plaisirsacultiver.files.wordpress.com\/2022\/05\/programme.png?w=988&amp;h=988 988w, https:\/\/plaisirsacultiver.files.wordpress.com\/2022\/05\/programme.png?w=150&amp;h=150 150w, https:\/\/plaisirsacultiver.files.wordpress.com\/2022\/05\/programme.png?w=300&amp;h=300 300w, https:\/\/plaisirsacultiver.files.wordpress.com\/2022\/05\/programme.png?w=768&amp;h=768 768w\" alt=\"\" width=\"167\" height=\"167\" data-attachment-id=\"18238\" data-permalink=\"https:\/\/plaisirsacultiver.com\/2022\/05\/03\/18235\/programme\/#main\" data-orig-file=\"https:\/\/plaisirsacultiver.files.wordpress.com\/2022\/05\/programme.png\" data-orig-size=\"1080,1080\" data-comments-opened=\"1\" data-image-meta=\"{&quot;aperture&quot;:&quot;0&quot;,&quot;credit&quot;:&quot;&quot;,&quot;camera&quot;:&quot;&quot;,&quot;caption&quot;:&quot;&quot;,&quot;created_timestamp&quot;:&quot;0&quot;,&quot;copyright&quot;:&quot;&quot;,&quot;focal_length&quot;:&quot;0&quot;,&quot;iso&quot;:&quot;0&quot;,&quot;shutter_speed&quot;:&quot;0&quot;,&quot;title&quot;:&quot;&quot;,&quot;orientation&quot;:&quot;0&quot;}\" data-image-title=\"programme\" data-image-description=\"\" data-image-caption=\"\" data-medium-file=\"https:\/\/plaisirsacultiver.files.wordpress.com\/2022\/05\/programme.png?w=300\" data-large-file=\"https:\/\/plaisirsacultiver.files.wordpress.com\/2022\/05\/programme.png?w=640\" \/>Comme d\u00e9j\u00e0 depuis plusieurs ann\u00e9es, je participe tout au long du mois de juin 2022 au challenge Le Mois Anglais 2022. Un\u00a0 programme facultatif a \u00e9t\u00e9 pr\u00e9vu par deux des trois coorganisatrices <a href=\"http:\/\/www.myloubook.com\/2022\/05\/03\/le-mois-anglais-2022-11e-edition\/\">Lou<\/a> et <a href=\"https:\/\/plaisirsacultiver.com\/2022\/05\/03\/18235\/\">Titine<\/a>, Cryssilda ne pouvant se joindre \u00e0 elles cette ann\u00e9e pour l&rsquo;organisation. Pour plus d\u2019infos, n\u2019h\u00e9sitez pas \u00e0 aller sur leurs blogs. <\/em><\/p>\n<p style=\"text-align: justify;\"><em>J&rsquo;ai d&rsquo;ores et d\u00e9j\u00e0 pr\u00e9vu une PAL pour l&rsquo;occasion avec des livres d\u00e9j\u00e0 pr\u00e9sents dans ma PAL de l&rsquo;ann\u00e9e derni\u00e8re, que ce soit en jeunesse ou en adulte comme par exemple le tome 7 de Son Espionne royale, <span style=\"text-decoration: underline;\">Son espionne royale et l&rsquo;h\u00e9ritier australien<\/span> de Rhys Bowen (\u00e9d. Robert Laffont, 2021), un cosy mystery se d\u00e9roulant en 1934 en compagnie de Lady Georginia ou bien encore la trilogie de romans jeunesse, <span style=\"text-decoration: underline;\">Les aventures de Charlotte Holmes<\/span> de Brittany Cavallaro. Sans oublier les pauses gourmandes et teatime!<br \/>\n<\/em><\/p>\n<p style=\"text-align: justify;\"><em>Ce billet sera actualis\u00e9 au fil du mois en tenant compte uniquement de nos lectures anglaises tout en faisant un billet s\u00e9par\u00e9 pour chaque participation. <\/em><\/p>\n<p style=\"text-align: justify;\"><em><strong><span style=\"text-decoration: underline;\">Semaine 1 du Mois Anglais<\/span>:<\/strong><\/em><\/p>\n<ul style=\"text-align: justify;\">\n<li><em>1er juin 2022\/\u00c0 vos PALS<\/em><\/li>\n<li><em>2 juin 2022\/Jane Austen<\/em><\/li>\n<li><em>3 juin 2022\/The Queen\/Jubilee<\/em><\/li>\n<li><em>4 juin 2022\/Family<\/em><\/li>\n<li><em>5 juin 2022\/Food n&rsquo;drinks<\/em><\/li>\n<\/ul>\n<p style=\"text-align: justify;\"><em><a href=\"https:\/\/i0.wp.com\/www.jojoenherbe.com\/wp-content\/uploads\/2022\/06\/La-reputation-perdue-de-Lord-Ballentine-scaled.jpg\"><img data-recalc-dims=\"1\" loading=\"lazy\" decoding=\"async\" data-attachment-id=\"25802\" data-permalink=\"http:\/\/www.jojoenherbe.com\/index.php\/2022\/06\/01\/billet-de-suivi-le-mois-anglais-2022\/la-reputation-perdue-de-lord-ballentine\/\" data-orig-file=\"https:\/\/i0.wp.com\/www.jojoenherbe.com\/wp-content\/uploads\/2022\/06\/La-reputation-perdue-de-Lord-Ballentine-scaled.jpg?fit=2560%2C1984\" data-orig-size=\"2560,1984\" data-comments-opened=\"1\" data-image-meta=\"{&quot;aperture&quot;:&quot;1.8&quot;,&quot;credit&quot;:&quot;&quot;,&quot;camera&quot;:&quot;iPhone 7&quot;,&quot;caption&quot;:&quot;&quot;,&quot;created_timestamp&quot;:&quot;1654687437&quot;,&quot;copyright&quot;:&quot;&quot;,&quot;focal_length&quot;:&quot;3.99&quot;,&quot;iso&quot;:&quot;100&quot;,&quot;shutter_speed&quot;:&quot;0.2&quot;,&quot;title&quot;:&quot;&quot;,&quot;orientation&quot;:&quot;1&quot;}\" data-image-title=\"La r\u00e9putation perdue de Lord Ballentine\" data-image-description=\"\" data-image-caption=\"\" data-large-file=\"https:\/\/i0.wp.com\/www.jojoenherbe.com\/wp-content\/uploads\/2022\/06\/La-reputation-perdue-de-Lord-Ballentine-scaled.jpg?fit=676%2C524\" class=\"alignleft size-thumbnail wp-image-25802\" src=\"https:\/\/i0.wp.com\/www.jojoenherbe.com\/wp-content\/uploads\/2022\/06\/La-reputation-perdue-de-Lord-Ballentine.jpg?resize=150%2C150\" alt=\"\" width=\"150\" height=\"150\" srcset=\"https:\/\/i0.wp.com\/www.jojoenherbe.com\/wp-content\/uploads\/2022\/06\/La-reputation-perdue-de-Lord-Ballentine-scaled.jpg?resize=150%2C150 150w, https:\/\/i0.wp.com\/www.jojoenherbe.com\/wp-content\/uploads\/2022\/06\/La-reputation-perdue-de-Lord-Ballentine-scaled.jpg?zoom=2&amp;resize=150%2C150 300w, https:\/\/i0.wp.com\/www.jojoenherbe.com\/wp-content\/uploads\/2022\/06\/La-reputation-perdue-de-Lord-Ballentine-scaled.jpg?zoom=3&amp;resize=150%2C150 450w\" sizes=\"auto, (max-width: 150px) 100vw, 150px\" \/><\/a>En fin de semaine, j&rsquo;ai lu le <strong>tome 2<\/strong> des <span style=\"text-decoration: underline;\"><strong>Rebelles d&rsquo;Oxford, La r\u00e9putation perdue de Lord Ballentine<\/strong><\/span> d&rsquo;Evie Dunmore (\u00e9d. J&rsquo;ai lu, coll. Regency, 2022, 574 pages), une romance historique \u00ab\u00a0ennemies to lovers\u00a0\u00bb se d\u00e9roulant en 1880 \u00e0 Londres, parmi la haute aristocratie anglaise, entre Lady Lucinda, femme c\u00e9libataire \u00e2g\u00e9e de 28 ans, suffragette et qui vient d&rsquo;acqu\u00e9rir la moiti\u00e9 des parts\u00a0 d&rsquo;une maison d&rsquo;\u00e9ditions londonienne qui lui permettrait d&rsquo;aider la cause des femmes et du sulfureux Lord Ballentine qui pourrait compromettre ses projets. Un bon moment de lecture avec une fin pour le moins audacieuse et moderne pour l&rsquo;\u00e9poque o\u00f9 il est question de la condition de la femme, de mariage et qui s&rsquo;appuie sur l&rsquo;attente d&rsquo;un amendement \u00e0 la loi de 1882 sur la propri\u00e9t\u00e9 des femmes mari\u00e9es selon lequel ces derni\u00e8res pourront conserver la propri\u00e9t\u00e9 de leurs biens propres!<\/em><\/p>\n<p style=\"text-align: justify;\"><em>C\u00f4t\u00e9 s\u00e9ries, j&rsquo;ai regard\u00e9 la cinqui\u00e8me et derni\u00e8re saison de <strong><span style=\"text-decoration: underline;\">Poldark<\/span><\/strong>, une s\u00e9rie t\u00e9l\u00e9vis\u00e9e britannique diffus\u00e9e pour la premi\u00e8re fois en 2019 et qui adapte les romans \u00e9ponymes de Winston Graham. Dans ces 8 derniers \u00e9pisodes qui se d\u00e9roulent \u00e0 la fin du XVIIIe si\u00e8cle entre les Cornouailles et Londres, Ross Poldark et sa femme Demelza vont affronter de nouvelles \u00e9preuves qui pourraient une nouvelle fois compromettre leur couple en aidant les \u00e9poux Despard. <\/em><\/p>\n<p style=\"text-align: justify;\"><em>J&rsquo;ai \u00e9galement commenc\u00e9 \u00e0 regarder la premi\u00e8re saison de <strong><span style=\"text-decoration: underline;\">La Chronique des Bridgerton<\/span><\/strong>, une s\u00e9rie t\u00e9l\u00e9vis\u00e9e am\u00e9ricaine diffus\u00e9e pour la premi\u00e8re fois en 2020 et qui adapte les romans \u00e9ponymes de Julia Quinn. Dans ces premiers \u00e9pisodes qui se d\u00e9roulent sous la R\u00e9gence anglaise, en 1813 \u00e0 Londres, l&rsquo;histoire se concentre sur Daphn\u00e9 Bridgerton lors de sa premi\u00e8re saison mondaine et Simon\u00a0 Basset, Duc de Hastings qui s&rsquo;entendent pour faire croire \u00e0 un amour naissant afin de permettre \u00e0 la jeune femme un mariage avec le meilleur parti possible et au jeune homme un c\u00e9libat paisible, loin des assauts r\u00e9p\u00e9t\u00e9s des jeunes d\u00e9butantes et de leurs m\u00e8res pr\u00eates \u00e0 tout pour les marier. Une romance \u00ab\u00a0historique\u00a0\u00bb tr\u00e8s l\u00e9g\u00e8re racont\u00e9e par la voix off de Lady Whistledown et de sa chronique de potins et s&rsquo;ancrant dans une R\u00e9gence anglaise bien \u00e9loign\u00e9e de la r\u00e9alit\u00e9 historique!<\/em><\/p>\n<p style=\"text-align: justify;\"><em><strong><span style=\"text-decoration: underline;\">Semaine 2 du Mois Anglais<\/span>:<\/strong><\/em><\/p>\n<p style=\"text-align: justify;\"><a href=\"https:\/\/i0.wp.com\/www.jojoenherbe.com\/wp-content\/uploads\/2022\/06\/Romances-Regency-Martha-Waters.jpg\"><img data-recalc-dims=\"1\" loading=\"lazy\" decoding=\"async\" data-attachment-id=\"25767\" data-permalink=\"http:\/\/www.jojoenherbe.com\/index.php\/2022\/06\/01\/billet-de-suivi-le-mois-anglais-2022\/romances-regency-martha-waters\/\" data-orig-file=\"https:\/\/i0.wp.com\/www.jojoenherbe.com\/wp-content\/uploads\/2022\/06\/Romances-Regency-Martha-Waters.jpg?fit=1500%2C1334\" data-orig-size=\"1500,1334\" data-comments-opened=\"1\" data-image-meta=\"{&quot;aperture&quot;:&quot;0&quot;,&quot;credit&quot;:&quot;&quot;,&quot;camera&quot;:&quot;&quot;,&quot;caption&quot;:&quot;&quot;,&quot;created_timestamp&quot;:&quot;0&quot;,&quot;copyright&quot;:&quot;&quot;,&quot;focal_length&quot;:&quot;0&quot;,&quot;iso&quot;:&quot;0&quot;,&quot;shutter_speed&quot;:&quot;0&quot;,&quot;title&quot;:&quot;&quot;,&quot;orientation&quot;:&quot;0&quot;}\" data-image-title=\"Romances R\u00e9gency &amp;#8211; Martha Waters\" data-image-description=\"\" data-image-caption=\"\" data-large-file=\"https:\/\/i0.wp.com\/www.jojoenherbe.com\/wp-content\/uploads\/2022\/06\/Romances-Regency-Martha-Waters.jpg?fit=676%2C601\" class=\"size-thumbnail wp-image-25767 alignright\" src=\"https:\/\/i0.wp.com\/www.jojoenherbe.com\/wp-content\/uploads\/2022\/06\/Romances-Regency-Martha-Waters.jpg?resize=150%2C150\" alt=\"\" width=\"150\" height=\"150\" srcset=\"https:\/\/i0.wp.com\/www.jojoenherbe.com\/wp-content\/uploads\/2022\/06\/Romances-Regency-Martha-Waters.jpg?resize=150%2C150 150w, https:\/\/i0.wp.com\/www.jojoenherbe.com\/wp-content\/uploads\/2022\/06\/Romances-Regency-Martha-Waters.jpg?zoom=2&amp;resize=150%2C150 300w, https:\/\/i0.wp.com\/www.jojoenherbe.com\/wp-content\/uploads\/2022\/06\/Romances-Regency-Martha-Waters.jpg?zoom=3&amp;resize=150%2C150 450w\" sizes=\"auto, (max-width: 150px) 100vw, 150px\" \/><\/a><em>En ce d\u00e9but de semaine, j&rsquo;ai lu, en e-book, deux romances historiques de Martha Waters: <strong><span style=\"text-decoration: underline;\">Les caprices de lady Violet<\/span><\/strong> (\u00e9d. J&rsquo;ai lu, coll. R\u00e9gency, 2021, 314 pages) et <strong><span style=\"text-decoration: underline;\">Chamailleries amoureuses<\/span><\/strong> (\u00e9d. J&rsquo;ai lu, coll. Regency, 2022, 376 pages), les deux histoires se d\u00e9roulant dans le m\u00eame cercle d&rsquo;amis, sous la r\u00e9gence anglaise, en 1817. Dans la premi\u00e8re, l&rsquo;histoire se focalise sur le mariage de Lady Violet et de Lord Audley James, respectivement \u00e2g\u00e9e de 23 ans et 28 ans et qui apr\u00e8s une \u00e9ni\u00e8me dispute, ne se parlent plus depuis 4 ans. Et s&rsquo;ils \u00e9taient pourtant toujours amoureux l&rsquo;un de l&rsquo;autre? Puis dans la seconde parue r\u00e9cemment, l&rsquo;histoire se focalise sur un autre duo \u00ab\u00a0ennemies to lovers\u00a0\u00bb d\u00e9j\u00e0 pr\u00e9sent dans le tome pr\u00e9c\u00e9dent, la jeune veuve, Lady Diana et Lord J\u00e9r\u00e9my Willingham, vicomte libertin, respectivement \u00e2g\u00e9e de 23 ans et 28 ans et qui ne cessent de se chamailler. Un bon voire tr\u00e8s bon moment de lecture l\u00e9ger et rigolo avec cette bande d&rsquo;amis! J&rsquo;esp\u00e8re qu&rsquo;il y aura des suites avec la troisi\u00e8me amie du trio, Lady Emily, avec le fr\u00e8re a\u00een\u00e9 de Diana, Lord Penvale ou le fr\u00e8re a\u00een\u00e9 de James, West.<\/em><\/p>\n<p style=\"text-align: justify;\"><em>C\u00f4t\u00e9 s\u00e9rie, je continue de regarder <strong><span style=\"text-decoration: underline;\">La Chronique des Bridgerton<\/span><\/strong> en finissant la saison 1 et en encha\u00eenant avec la saison 2 qui se focalise cette fois sur un trio amoureux en mettant en sc\u00e8ne le fils a\u00een\u00e9 de la famille Bridgerton, Lord Anthony, vicomte et qui a d\u00e9cid\u00e9 de se ranger en se mariant avec une d\u00e9butante de la nouvelle saison mondaine pour produire un h\u00e9ritier. Il jette son d\u00e9volu sur Edwina Sharma, r\u00e9cemment revenue des Indes britanniques avec sa m\u00e8re et sa s\u0153ur a\u00een\u00e9e Kate qui va contrarier les plans du vicomte.<\/em><\/p>\n<ul style=\"text-align: justify;\">\n<li><em><a href=\"https:\/\/i0.wp.com\/www.jojoenherbe.com\/wp-content\/uploads\/2022\/05\/Son-espionne-royale-T7-scaled.jpg\"><img data-recalc-dims=\"1\" loading=\"lazy\" decoding=\"async\" data-attachment-id=\"25685\" data-permalink=\"http:\/\/www.jojoenherbe.com\/index.php\/2022\/05\/23\/point-lecture-hebdomadaire-42\/son-espionne-royale-t7\/\" data-orig-file=\"https:\/\/i0.wp.com\/www.jojoenherbe.com\/wp-content\/uploads\/2022\/05\/Son-espionne-royale-T7-scaled.jpg?fit=2560%2C2099\" data-orig-size=\"2560,2099\" data-comments-opened=\"1\" data-image-meta=\"{&quot;aperture&quot;:&quot;1.8&quot;,&quot;credit&quot;:&quot;&quot;,&quot;camera&quot;:&quot;iPhone 7&quot;,&quot;caption&quot;:&quot;&quot;,&quot;created_timestamp&quot;:&quot;1650468721&quot;,&quot;copyright&quot;:&quot;&quot;,&quot;focal_length&quot;:&quot;3.99&quot;,&quot;iso&quot;:&quot;80&quot;,&quot;shutter_speed&quot;:&quot;0.14285714285714&quot;,&quot;title&quot;:&quot;&quot;,&quot;orientation&quot;:&quot;1&quot;}\" data-image-title=\"Son espionne royale T7\" data-image-description=\"\" data-image-caption=\"\" data-large-file=\"https:\/\/i0.wp.com\/www.jojoenherbe.com\/wp-content\/uploads\/2022\/05\/Son-espionne-royale-T7-scaled.jpg?fit=676%2C555\" class=\"size-thumbnail wp-image-25685 alignleft\" src=\"https:\/\/i0.wp.com\/www.jojoenherbe.com\/wp-content\/uploads\/2022\/05\/Son-espionne-royale-T7.jpg?resize=150%2C150\" alt=\"\" width=\"150\" height=\"150\" srcset=\"https:\/\/i0.wp.com\/www.jojoenherbe.com\/wp-content\/uploads\/2022\/05\/Son-espionne-royale-T7-scaled.jpg?resize=150%2C150 150w, https:\/\/i0.wp.com\/www.jojoenherbe.com\/wp-content\/uploads\/2022\/05\/Son-espionne-royale-T7-scaled.jpg?zoom=2&amp;resize=150%2C150 300w, https:\/\/i0.wp.com\/www.jojoenherbe.com\/wp-content\/uploads\/2022\/05\/Son-espionne-royale-T7-scaled.jpg?zoom=3&amp;resize=150%2C150 450w\" sizes=\"auto, (max-width: 150px) 100vw, 150px\" \/><\/a>6 juin 2022\/Cosy Mystery: (Roman cosy mystery) le <strong>tome 7<\/strong> de <span style=\"text-decoration: underline;\">Son espionne royale<\/span>, <strong><span style=\"text-decoration: underline;\">Son espionne royale et l&rsquo;h\u00e9ritier australien<\/span><\/strong> de Rhys Bowen (\u00e9d. Robert Laffont, 2021, 363 pages), un cosy mystery se d\u00e9roulant cette fois, en mars 1934, dans le Comt\u00e9 du Kent, en Angleterre.<br \/>\n<\/em><\/li>\n<li><em><a href=\"https:\/\/i0.wp.com\/www.jojoenherbe.com\/wp-content\/uploads\/2021\/03\/Lassassin-du-train-scaled.jpg\"><img data-recalc-dims=\"1\" loading=\"lazy\" decoding=\"async\" data-attachment-id=\"16861\" data-permalink=\"http:\/\/www.jojoenherbe.com\/index.php\/2021\/03\/01\/billet-de-suivi-le-british-mysteries-month-2021\/lassassin-du-train\/\" data-orig-file=\"https:\/\/i0.wp.com\/www.jojoenherbe.com\/wp-content\/uploads\/2021\/03\/Lassassin-du-train-scaled.jpg?fit=2560%2C1920\" data-orig-size=\"2560,1920\" data-comments-opened=\"1\" data-image-meta=\"{&quot;aperture&quot;:&quot;1.8&quot;,&quot;credit&quot;:&quot;&quot;,&quot;camera&quot;:&quot;iPhone 7&quot;,&quot;caption&quot;:&quot;&quot;,&quot;created_timestamp&quot;:&quot;1616860342&quot;,&quot;copyright&quot;:&quot;&quot;,&quot;focal_length&quot;:&quot;3.99&quot;,&quot;iso&quot;:&quot;100&quot;,&quot;shutter_speed&quot;:&quot;0.11111111111111&quot;,&quot;title&quot;:&quot;&quot;,&quot;orientation&quot;:&quot;1&quot;}\" data-image-title=\"L&amp;rsquo;assassin du train\" data-image-description=\"\" data-image-caption=\"\" data-large-file=\"https:\/\/i0.wp.com\/www.jojoenherbe.com\/wp-content\/uploads\/2021\/03\/Lassassin-du-train-scaled.jpg?fit=676%2C507\" class=\"size-thumbnail wp-image-16861 alignright\" src=\"https:\/\/i0.wp.com\/www.jojoenherbe.com\/wp-content\/uploads\/2021\/03\/Lassassin-du-train.jpg?resize=150%2C150\" alt=\"\" width=\"150\" height=\"150\" srcset=\"https:\/\/i0.wp.com\/www.jojoenherbe.com\/wp-content\/uploads\/2021\/03\/Lassassin-du-train-scaled.jpg?resize=150%2C150 150w, https:\/\/i0.wp.com\/www.jojoenherbe.com\/wp-content\/uploads\/2021\/03\/Lassassin-du-train-scaled.jpg?zoom=2&amp;resize=150%2C150 300w, https:\/\/i0.wp.com\/www.jojoenherbe.com\/wp-content\/uploads\/2021\/03\/Lassassin-du-train-scaled.jpg?zoom=3&amp;resize=150%2C150 450w\" sizes=\"auto, (max-width: 150px) 100vw, 150px\" \/><\/a>7 juin 2022\/Mitford Sisters: (Roman policier) le <strong>tome 1<\/strong> des <a href=\"https:\/\/www.jojoenherbe.com\/index.php\/2022\/06\/07\/au-fil-des-pages-avec-le-tome-1-des-soeurs-mitford-enquetent\/\"><strong><span style=\"text-decoration: underline;\">S\u0153urs Mitford enqu\u00eatent, L\u2019assassin du train<\/span><\/strong><\/a> de Jessica Fellowes (\u00e9d. du Masque, coll. Le livre de Poche, 2019, 496 pages), un roman policier qui se passe dans les ann\u00e9es 20 en Angleterre et qui s&rsquo;inspire de faits r\u00e9els et de personnages ayant exist\u00e9 comme le meurtre non \u00e9lucid\u00e9 de Florence Nithinghale Shore et la famille Mitford.<br \/>\n<\/em><\/li>\n<li><em><a href=\"https:\/\/i0.wp.com\/www.jojoenherbe.com\/wp-content\/uploads\/2022\/06\/Hilda-et-le-troll-T1-scaled.jpg\"><img data-recalc-dims=\"1\" loading=\"lazy\" decoding=\"async\" data-attachment-id=\"25810\" data-permalink=\"http:\/\/www.jojoenherbe.com\/index.php\/2022\/06\/08\/au-fil-des-pages-avec-hilda-et-le-troll\/hilda-et-le-troll-t1\/\" data-orig-file=\"https:\/\/i0.wp.com\/www.jojoenherbe.com\/wp-content\/uploads\/2022\/06\/Hilda-et-le-troll-T1-scaled.jpg?fit=2560%2C1920\" data-orig-size=\"2560,1920\" data-comments-opened=\"1\" data-image-meta=\"{&quot;aperture&quot;:&quot;1.8&quot;,&quot;credit&quot;:&quot;&quot;,&quot;camera&quot;:&quot;iPhone 7&quot;,&quot;caption&quot;:&quot;&quot;,&quot;created_timestamp&quot;:&quot;1654706849&quot;,&quot;copyright&quot;:&quot;&quot;,&quot;focal_length&quot;:&quot;3.99&quot;,&quot;iso&quot;:&quot;80&quot;,&quot;shutter_speed&quot;:&quot;0.125&quot;,&quot;title&quot;:&quot;&quot;,&quot;orientation&quot;:&quot;1&quot;}\" data-image-title=\"Hilda et le troll (T1)\" data-image-description=\"\" data-image-caption=\"\" data-large-file=\"https:\/\/i0.wp.com\/www.jojoenherbe.com\/wp-content\/uploads\/2022\/06\/Hilda-et-le-troll-T1-scaled.jpg?fit=676%2C507\" class=\"alignleft size-thumbnail wp-image-25810\" src=\"https:\/\/i0.wp.com\/www.jojoenherbe.com\/wp-content\/uploads\/2022\/06\/Hilda-et-le-troll-T1.jpg?resize=150%2C150\" alt=\"\" width=\"150\" height=\"150\" srcset=\"https:\/\/i0.wp.com\/www.jojoenherbe.com\/wp-content\/uploads\/2022\/06\/Hilda-et-le-troll-T1-scaled.jpg?resize=150%2C150 150w, https:\/\/i0.wp.com\/www.jojoenherbe.com\/wp-content\/uploads\/2022\/06\/Hilda-et-le-troll-T1-scaled.jpg?zoom=2&amp;resize=150%2C150 300w, https:\/\/i0.wp.com\/www.jojoenherbe.com\/wp-content\/uploads\/2022\/06\/Hilda-et-le-troll-T1-scaled.jpg?zoom=3&amp;resize=150%2C150 450w\" sizes=\"auto, (max-width: 150px) 100vw, 150px\" \/><\/a>8 juin 2022\/Kids\/Young Adult: (BD jeunesse) le<strong> tome 1<\/strong> d&rsquo;<a href=\"https:\/\/www.jojoenherbe.com\/index.php\/2022\/06\/08\/au-fil-des-pages-avec-hilda-et-le-troll\/\"><strong><span style=\"text-decoration: underline;\">Hilda et le troll<\/span><\/strong><\/a> de Luke Pearson (\u00e9d. Casterman, r\u00e9\u00e9d. 2019, auparavant publi\u00e9 en 2013 aux \u00e9d. Nobrow), une BD jeunesse \u00e0 partir de 6\/7 ans, le texte \u00e9tant en lettres majuscules et racontant l&rsquo;histoire d&rsquo;une fille aventuri\u00e8re et d\u00e9bordant d&rsquo;imagination d&rsquo;environ 10 ans aux cheveux bleus et coiff\u00e9e d&rsquo;un b\u00e9ret noir, Hilda qui vit dans les contr\u00e9es lointaines avec sa m\u00e8re et son animal de compagnie, Brindille et qui croise un jour la route d&rsquo;un troll de pierre. Un bon moment de lecture qui nous plonge dans le folklore scandinave\/norv\u00e9gien!<br \/>\n<\/em><\/li>\n<li><em>9 juin 2022\/A favourite book<\/em><\/li>\n<li><em>10 juin 2022\/Indoor<\/em><\/li>\n<li><em>11 juin 2022\/Somerset Maugham (Roman adulte) <span class=\"_aacl _aaco _aacu _aacx _aad7 _aade\"><a href=\"https:\/\/www.jojoenherbe.com\/index.php\/2022\/06\/13\/au-fil-des-pages-avec-la-passe-dangereuse\/\"><strong><span style=\"text-decoration: underline;\">La passe dangereuse<\/span><\/strong><\/a> de Somerset Maugham (\u00e9d. 10\/18, r\u00e9\u00e9d. 2019, 183 pages), court roman psychologique paru pour la premi\u00e8re fois en 1925 avec l\u2019histoire d\u2019un couple, Kitty et Walter Lane dans les ann\u00e9es 20.<\/span><br \/>\n<\/em><\/li>\n<li><em>12 juin 2022\/Food n&rsquo;drinks: des<strong> Chelsea Buns<\/strong><br \/>\n<\/em><\/li>\n<\/ul>\n<p style=\"text-align: justify;\"><em><a href=\"https:\/\/i0.wp.com\/www.jojoenherbe.com\/wp-content\/uploads\/2022\/06\/Les-Thes-meurtriers-dOxford-T3.jpg\"><img data-recalc-dims=\"1\" loading=\"lazy\" decoding=\"async\" data-attachment-id=\"25844\" data-permalink=\"http:\/\/www.jojoenherbe.com\/index.php\/2022\/06\/01\/billet-de-suivi-le-mois-anglais-2022\/les-thes-meurtriers-doxford-t3\/\" data-orig-file=\"https:\/\/i0.wp.com\/www.jojoenherbe.com\/wp-content\/uploads\/2022\/06\/Les-Thes-meurtriers-dOxford-T3.jpg?fit=750%2C1334\" data-orig-size=\"750,1334\" data-comments-opened=\"1\" data-image-meta=\"{&quot;aperture&quot;:&quot;0&quot;,&quot;credit&quot;:&quot;&quot;,&quot;camera&quot;:&quot;&quot;,&quot;caption&quot;:&quot;&quot;,&quot;created_timestamp&quot;:&quot;0&quot;,&quot;copyright&quot;:&quot;&quot;,&quot;focal_length&quot;:&quot;0&quot;,&quot;iso&quot;:&quot;0&quot;,&quot;shutter_speed&quot;:&quot;0&quot;,&quot;title&quot;:&quot;&quot;,&quot;orientation&quot;:&quot;0&quot;}\" data-image-title=\"Les Th\u00e9s meurtriers d&amp;rsquo;Oxford T3\" data-image-description=\"\" data-image-caption=\"\" data-large-file=\"https:\/\/i0.wp.com\/www.jojoenherbe.com\/wp-content\/uploads\/2022\/06\/Les-Thes-meurtriers-dOxford-T3.jpg?fit=576%2C1024\" class=\"size-thumbnail wp-image-25844 alignright\" src=\"https:\/\/i0.wp.com\/www.jojoenherbe.com\/wp-content\/uploads\/2022\/06\/Les-Thes-meurtriers-dOxford-T3.jpg?resize=150%2C150\" alt=\"\" width=\"150\" height=\"150\" srcset=\"https:\/\/i0.wp.com\/www.jojoenherbe.com\/wp-content\/uploads\/2022\/06\/Les-Thes-meurtriers-dOxford-T3.jpg?resize=150%2C150 150w, https:\/\/i0.wp.com\/www.jojoenherbe.com\/wp-content\/uploads\/2022\/06\/Les-Thes-meurtriers-dOxford-T3.jpg?zoom=2&amp;resize=150%2C150 300w, https:\/\/i0.wp.com\/www.jojoenherbe.com\/wp-content\/uploads\/2022\/06\/Les-Thes-meurtriers-dOxford-T3.jpg?zoom=3&amp;resize=150%2C150 450w\" sizes=\"auto, (max-width: 150px) 100vw, 150px\" \/><\/a>En fin de semaine, je lis le <strong>tome 3<\/strong> <span class=\"_aacl _aaco _aacu _aacx _aad7 _aade\">des <strong><span style=\"text-decoration: underline;\">Th\u00e9s Meurtriers d\u2019Oxford, Flagrant d\u00e9lice<\/span><\/strong> de H.Y. Hanna<\/span> (\u00e9d. Auto\u00e9dition, 2022, 299 pages), un cosy mystery gourmand <span class=\"_aacl _aaco _aacu _aacx _aad7 _aade\">dans lequel je retrouve avec plaisir Gemma Rose qui va chercher \u00e0 innocenter son ami Seth d\u2019un crime tout en essayant de recruter un chef p\u00e2tissier pour son salon de th\u00e9 et de se d\u00e9patouiller sentimentalement, prise dans un triangle amoureux avec le m\u00e9decin Lincoln et l\u2019inspecteur Devlin. Sans oublier l\u2019espi\u00e8gle petite chatte Muesli et les vieilles chouettes!<\/span> Encore un bon moment de lecture!\u00a0<\/em><\/p>\n<p style=\"text-align: justify;\"><em><a href=\"https:\/\/i0.wp.com\/www.jojoenherbe.com\/wp-content\/uploads\/2022\/06\/Selection-Mois-Anglais-2022-2-scaled.jpg\"><img data-recalc-dims=\"1\" loading=\"lazy\" decoding=\"async\" data-attachment-id=\"25845\" data-permalink=\"http:\/\/www.jojoenherbe.com\/index.php\/2022\/06\/01\/billet-de-suivi-le-mois-anglais-2022\/selection-mois-anglais-2022-2\/\" data-orig-file=\"https:\/\/i0.wp.com\/www.jojoenherbe.com\/wp-content\/uploads\/2022\/06\/Selection-Mois-Anglais-2022-2-scaled.jpg?fit=2560%2C2014\" data-orig-size=\"2560,2014\" data-comments-opened=\"1\" data-image-meta=\"{&quot;aperture&quot;:&quot;1.8&quot;,&quot;credit&quot;:&quot;&quot;,&quot;camera&quot;:&quot;iPhone 7&quot;,&quot;caption&quot;:&quot;&quot;,&quot;created_timestamp&quot;:&quot;1655113928&quot;,&quot;copyright&quot;:&quot;&quot;,&quot;focal_length&quot;:&quot;3.99&quot;,&quot;iso&quot;:&quot;100&quot;,&quot;shutter_speed&quot;:&quot;0.1&quot;,&quot;title&quot;:&quot;&quot;,&quot;orientation&quot;:&quot;1&quot;}\" data-image-title=\"S\u00e9lection Mois Anglais 2022 (2)\" data-image-description=\"\" data-image-caption=\"\" data-large-file=\"https:\/\/i0.wp.com\/www.jojoenherbe.com\/wp-content\/uploads\/2022\/06\/Selection-Mois-Anglais-2022-2-scaled.jpg?fit=676%2C532\" class=\"alignleft size-thumbnail wp-image-25845\" src=\"https:\/\/i0.wp.com\/www.jojoenherbe.com\/wp-content\/uploads\/2022\/06\/Selection-Mois-Anglais-2022-2.jpg?resize=150%2C150\" alt=\"\" width=\"150\" height=\"150\" srcset=\"https:\/\/i0.wp.com\/www.jojoenherbe.com\/wp-content\/uploads\/2022\/06\/Selection-Mois-Anglais-2022-2-scaled.jpg?resize=150%2C150 150w, https:\/\/i0.wp.com\/www.jojoenherbe.com\/wp-content\/uploads\/2022\/06\/Selection-Mois-Anglais-2022-2-scaled.jpg?zoom=2&amp;resize=150%2C150 300w, https:\/\/i0.wp.com\/www.jojoenherbe.com\/wp-content\/uploads\/2022\/06\/Selection-Mois-Anglais-2022-2-scaled.jpg?zoom=3&amp;resize=150%2C150 450w\" sizes=\"auto, (max-width: 150px) 100vw, 150px\" \/><\/a>Je lis \u00e9galement <span class=\"_aacl _aaco _aacu _aacx _aad7 _aade\"><em><span style=\"text-decoration: underline;\"><strong>La passe dangereuse<\/strong><\/span> de Somerset Maugham (\u00e9d. 10\/18, r\u00e9\u00e9d. 2019, 183 pages), court roman psychologique et commence jusqu&rsquo;au chapitre 5 (46 pages lues) <strong><span style=\"text-decoration: underline;\">Les Sept Morts d&rsquo;Evelyn Hardcastle<\/span><\/strong> de Stuart Turton (\u00e9d. Sonatine, 2019, 540 pages), un roman policier fantastique, un homme amn\u00e9sique tentant de d\u00e9couvrir l&rsquo;identit\u00e9 du meurtrier d&rsquo;une certaine Anna.<\/em> <\/span><\/em><\/p>\n<p style=\"text-align: justify;\"><em><a href=\"https:\/\/i0.wp.com\/www.jojoenherbe.com\/wp-content\/uploads\/2022\/06\/Chelsea-bun-Les-Thes-meurtriers-dOxford-T3.jpg\"><img data-recalc-dims=\"1\" loading=\"lazy\" decoding=\"async\" data-attachment-id=\"25846\" data-permalink=\"http:\/\/www.jojoenherbe.com\/index.php\/2022\/06\/01\/billet-de-suivi-le-mois-anglais-2022\/chelsea-bun-les-thes-meurtriers-doxford-t3\/\" data-orig-file=\"https:\/\/i0.wp.com\/www.jojoenherbe.com\/wp-content\/uploads\/2022\/06\/Chelsea-bun-Les-Thes-meurtriers-dOxford-T3.jpg?fit=809%2C928\" data-orig-size=\"809,928\" data-comments-opened=\"1\" data-image-meta=\"{&quot;aperture&quot;:&quot;2.8&quot;,&quot;credit&quot;:&quot;&quot;,&quot;camera&quot;:&quot;DSC-HX400V&quot;,&quot;caption&quot;:&quot;&quot;,&quot;created_timestamp&quot;:&quot;1655049990&quot;,&quot;copyright&quot;:&quot;&quot;,&quot;focal_length&quot;:&quot;4.3&quot;,&quot;iso&quot;:&quot;320&quot;,&quot;shutter_speed&quot;:&quot;0.033333333333333&quot;,&quot;title&quot;:&quot;&quot;,&quot;orientation&quot;:&quot;1&quot;}\" data-image-title=\"Chelsea bun &amp;#8211; Les Th\u00e9s meurtriers d&amp;rsquo;Oxford T3\" data-image-description=\"\" data-image-caption=\"\" data-large-file=\"https:\/\/i0.wp.com\/www.jojoenherbe.com\/wp-content\/uploads\/2022\/06\/Chelsea-bun-Les-Thes-meurtriers-dOxford-T3.jpg?fit=676%2C775\" class=\"size-thumbnail wp-image-25846 alignright\" src=\"https:\/\/i0.wp.com\/www.jojoenherbe.com\/wp-content\/uploads\/2022\/06\/Chelsea-bun-Les-Thes-meurtriers-dOxford-T3.jpg?resize=150%2C150\" alt=\"\" width=\"150\" height=\"150\" srcset=\"https:\/\/i0.wp.com\/www.jojoenherbe.com\/wp-content\/uploads\/2022\/06\/Chelsea-bun-Les-Thes-meurtriers-dOxford-T3.jpg?resize=150%2C150 150w, https:\/\/i0.wp.com\/www.jojoenherbe.com\/wp-content\/uploads\/2022\/06\/Chelsea-bun-Les-Thes-meurtriers-dOxford-T3.jpg?zoom=2&amp;resize=150%2C150 300w, https:\/\/i0.wp.com\/www.jojoenherbe.com\/wp-content\/uploads\/2022\/06\/Chelsea-bun-Les-Thes-meurtriers-dOxford-T3.jpg?zoom=3&amp;resize=150%2C150 450w\" sizes=\"auto, (max-width: 150px) 100vw, 150px\" \/><\/a>Dimanche apr\u00e8s-midi, je fais des <strong>Chelsea buns<\/strong> en suivant la recette prise \u00e0 la fin du tome 3 des <span style=\"text-decoration: underline;\">Th\u00e9s Meurtriers d&rsquo;Oxford<\/span>. Dans la r\u00e9alisation, je suis plus proche des \u00ab\u00a0talents cuisiniers\u00a0\u00bb de Cassie que de la m\u00e8re de Gemma. C&rsquo;\u00e9tait bon m\u00eame si ma p\u00e2te ne s&rsquo;est pas lev\u00e9e comme il aurait fallu. La prochaine fois, j&rsquo;esp\u00e8re la r\u00e9ussir mieux et je ferai des bouts moins \u00e9pais.<\/em><\/p>\n<p style=\"text-align: justify;\"><em><strong><span style=\"text-decoration: underline;\">Semaine 3 du Mois Anglais<\/span>:<\/strong><\/em><\/p>\n<p style=\"text-align: justify;\"><em>Ce lundi 13 juin 2022, je continue \u00e0 lire <span class=\"_aacl _aaco _aacu _aacx _aad7 _aade\"><span style=\"text-decoration: underline;\"><strong>Les Sept Morts d&rsquo;Evelyn Hardcastle<\/strong><\/span> de Stuart Turton. Pour le moment, je tente de comprendre ce qu&rsquo;il se passe comme le h\u00e9ros, ce que je lis ne correspondant pas totalement au r\u00e9sum\u00e9 de la quatri\u00e8me de couverture. Que se passe-t-il donc \u00e0 Blackheath House?<br \/>\n<\/span><\/em><\/p>\n<p style=\"text-align: justify;\"><em>C\u00f4t\u00e9 s\u00e9rie, j&rsquo;ai commenc\u00e9 \u00e0 regarder <strong><span style=\"text-decoration: underline;\">Dowton Abbey<\/span><\/strong>, une s\u00e9rie t\u00e9l\u00e9vis\u00e9e britannique diffus\u00e9e pour la premi\u00e8re fois entre 2010 et 2016 (6 saisons) avec les deux premi\u00e8res saisons dans laquelle nous suivons la vie quotidienne de la famille Crawley, de la haute aristocratie anglaise et de leurs domestiques de 1912, apr\u00e8s le naufrage du Titanic puis pendant la 1\u00e8re Guerre Mondiale. Il y est question des changements progressifs dans la soci\u00e9t\u00e9 anglaise venant chambouler l&rsquo;existence de chacun.<br \/>\n<\/em><\/p>\n<ul style=\"text-align: justify;\">\n<li><em>13 juin 2022\/Short stories<\/em><\/li>\n<li><em><a href=\"https:\/\/i0.wp.com\/www.jojoenherbe.com\/wp-content\/uploads\/2022\/06\/Le-jardin-secret-scaled.jpg\"><img data-recalc-dims=\"1\" loading=\"lazy\" decoding=\"async\" data-attachment-id=\"25933\" data-permalink=\"http:\/\/www.jojoenherbe.com\/index.php\/2022\/06\/14\/nos-lectures-le-jardin-secret\/le-jardin-secret-4\/\" data-orig-file=\"https:\/\/i0.wp.com\/www.jojoenherbe.com\/wp-content\/uploads\/2022\/06\/Le-jardin-secret-scaled.jpg?fit=2560%2C2048\" data-orig-size=\"2560,2048\" data-comments-opened=\"1\" data-image-meta=\"{&quot;aperture&quot;:&quot;1.8&quot;,&quot;credit&quot;:&quot;&quot;,&quot;camera&quot;:&quot;iPhone 7&quot;,&quot;caption&quot;:&quot;&quot;,&quot;created_timestamp&quot;:&quot;1655203182&quot;,&quot;copyright&quot;:&quot;&quot;,&quot;focal_length&quot;:&quot;3.99&quot;,&quot;iso&quot;:&quot;100&quot;,&quot;shutter_speed&quot;:&quot;0.090909090909091&quot;,&quot;title&quot;:&quot;&quot;,&quot;orientation&quot;:&quot;1&quot;}\" data-image-title=\"Le jardin secret\" data-image-description=\"\" data-image-caption=\"\" data-large-file=\"https:\/\/i0.wp.com\/www.jojoenherbe.com\/wp-content\/uploads\/2022\/06\/Le-jardin-secret-scaled.jpg?fit=676%2C541\" class=\"alignleft size-thumbnail wp-image-25933\" src=\"https:\/\/i0.wp.com\/www.jojoenherbe.com\/wp-content\/uploads\/2022\/06\/Le-jardin-secret.jpg?resize=150%2C150\" alt=\"\" width=\"150\" height=\"150\" srcset=\"https:\/\/i0.wp.com\/www.jojoenherbe.com\/wp-content\/uploads\/2022\/06\/Le-jardin-secret-scaled.jpg?resize=150%2C150 150w, https:\/\/i0.wp.com\/www.jojoenherbe.com\/wp-content\/uploads\/2022\/06\/Le-jardin-secret-scaled.jpg?zoom=2&amp;resize=150%2C150 300w, https:\/\/i0.wp.com\/www.jojoenherbe.com\/wp-content\/uploads\/2022\/06\/Le-jardin-secret-scaled.jpg?zoom=3&amp;resize=150%2C150 450w\" sizes=\"auto, (max-width: 150px) 100vw, 150px\" \/><\/a>14 juin 2022\/Garden: (Roman jeunesse et adaptations en BD jeunesse et album jeunesse) <a href=\"https:\/\/www.jojoenherbe.com\/index.php\/2022\/06\/14\/nos-lectures-le-jardin-secret\/\"><strong><span style=\"text-decoration: underline;\">Le Jardin secret<\/span><\/strong><\/a> de Frances H. Burnett, un classique de la litt\u00e9rature jeunesse anglaise paru pour la premi\u00e8re fois en 1911.<br \/>\n<\/em><\/li>\n<li><em>15 juin 2022\/Art<br \/>\n<\/em><\/li>\n<li><em>16 juin 2022\/Elizabeth J.Howard<\/em><\/li>\n<li><em><a href=\"https:\/\/i0.wp.com\/www.jojoenherbe.com\/wp-content\/uploads\/2021\/12\/Les-Detectives-du-Yorkshire-T7-scaled.jpg\"><img data-recalc-dims=\"1\" loading=\"lazy\" decoding=\"async\" data-attachment-id=\"22771\" data-permalink=\"http:\/\/www.jojoenherbe.com\/index.php\/2021\/12\/11\/un-rat-de-noel-2021\/les-detectives-du-yorkshire-t7\/\" data-orig-file=\"https:\/\/i0.wp.com\/www.jojoenherbe.com\/wp-content\/uploads\/2021\/12\/Les-Detectives-du-Yorkshire-T7-scaled.jpg?fit=2560%2C2028\" data-orig-size=\"2560,2028\" data-comments-opened=\"1\" data-image-meta=\"{&quot;aperture&quot;:&quot;1.8&quot;,&quot;credit&quot;:&quot;&quot;,&quot;camera&quot;:&quot;iPhone 7&quot;,&quot;caption&quot;:&quot;&quot;,&quot;created_timestamp&quot;:&quot;1639388630&quot;,&quot;copyright&quot;:&quot;&quot;,&quot;focal_length&quot;:&quot;3.99&quot;,&quot;iso&quot;:&quot;100&quot;,&quot;shutter_speed&quot;:&quot;0.076923076923077&quot;,&quot;title&quot;:&quot;&quot;,&quot;orientation&quot;:&quot;1&quot;}\" data-image-title=\"Les D\u00e9tectives du Yorkshire T7\" data-image-description=\"\" data-image-caption=\"\" data-large-file=\"https:\/\/i0.wp.com\/www.jojoenherbe.com\/wp-content\/uploads\/2021\/12\/Les-Detectives-du-Yorkshire-T7-scaled.jpg?fit=676%2C535\" class=\"size-thumbnail wp-image-22771 alignright\" src=\"https:\/\/i0.wp.com\/www.jojoenherbe.com\/wp-content\/uploads\/2021\/12\/Les-Detectives-du-Yorkshire-T7.jpg?resize=150%2C150\" alt=\"\" width=\"150\" height=\"150\" srcset=\"https:\/\/i0.wp.com\/www.jojoenherbe.com\/wp-content\/uploads\/2021\/12\/Les-Detectives-du-Yorkshire-T7-scaled.jpg?resize=150%2C150 150w, https:\/\/i0.wp.com\/www.jojoenherbe.com\/wp-content\/uploads\/2021\/12\/Les-Detectives-du-Yorkshire-T7-scaled.jpg?zoom=2&amp;resize=150%2C150 300w, https:\/\/i0.wp.com\/www.jojoenherbe.com\/wp-content\/uploads\/2021\/12\/Les-Detectives-du-Yorkshire-T7-scaled.jpg?zoom=3&amp;resize=150%2C150 450w\" sizes=\"auto, (max-width: 150px) 100vw, 150px\" \/><\/a>(Cosy Mystery) le <strong>tome 7<\/strong> des <strong><span style=\"text-decoration: underline;\">D\u00e9tectives du Yorkshire, <a href=\"https:\/\/www.jojoenherbe.com\/index.php\/2022\/06\/16\/au-fil-des-pages-avec-le-tome-7-des-detectives-du-yorkshire\/\">Rendez-vous avec la menace<\/a><\/span><\/strong> de Julia Chapman (\u00e9d. Robert Laffont, coll. La B\u00eate Noire, 2021, 354 pages), un cosy mystery se d\u00e9roulant \u00e0 l\u2019\u00e9poque contemporaine dans la campagne anglaise du Yorkshire. <\/em><\/li>\n<li><em><a href=\"https:\/\/i0.wp.com\/www.jojoenherbe.com\/wp-content\/uploads\/2022\/06\/Romeo-et-Juliette-scaled.jpg\"><img data-recalc-dims=\"1\" loading=\"lazy\" decoding=\"async\" data-attachment-id=\"26031\" data-permalink=\"http:\/\/www.jojoenherbe.com\/index.php\/2022\/06\/01\/billet-de-suivi-le-mois-anglais-2022\/romeo-et-juliette\/\" data-orig-file=\"https:\/\/i0.wp.com\/www.jojoenherbe.com\/wp-content\/uploads\/2022\/06\/Romeo-et-Juliette-scaled.jpg?fit=2560%2C2050\" data-orig-size=\"2560,2050\" data-comments-opened=\"1\" data-image-meta=\"{&quot;aperture&quot;:&quot;1.8&quot;,&quot;credit&quot;:&quot;&quot;,&quot;camera&quot;:&quot;iPhone 7&quot;,&quot;caption&quot;:&quot;&quot;,&quot;created_timestamp&quot;:&quot;1655492916&quot;,&quot;copyright&quot;:&quot;&quot;,&quot;focal_length&quot;:&quot;3.99&quot;,&quot;iso&quot;:&quot;100&quot;,&quot;shutter_speed&quot;:&quot;0.25&quot;,&quot;title&quot;:&quot;&quot;,&quot;orientation&quot;:&quot;1&quot;}\" data-image-title=\"Rom\u00e9o et Juliette\" data-image-description=\"\" data-image-caption=\"\" data-large-file=\"https:\/\/i0.wp.com\/www.jojoenherbe.com\/wp-content\/uploads\/2022\/06\/Romeo-et-Juliette-scaled.jpg?fit=676%2C541\" class=\"size-thumbnail wp-image-26031 alignleft\" src=\"https:\/\/i0.wp.com\/www.jojoenherbe.com\/wp-content\/uploads\/2022\/06\/Romeo-et-Juliette.jpg?resize=150%2C150\" alt=\"\" width=\"150\" height=\"150\" srcset=\"https:\/\/i0.wp.com\/www.jojoenherbe.com\/wp-content\/uploads\/2022\/06\/Romeo-et-Juliette-scaled.jpg?resize=150%2C150 150w, https:\/\/i0.wp.com\/www.jojoenherbe.com\/wp-content\/uploads\/2022\/06\/Romeo-et-Juliette-scaled.jpg?zoom=2&amp;resize=150%2C150 300w, https:\/\/i0.wp.com\/www.jojoenherbe.com\/wp-content\/uploads\/2022\/06\/Romeo-et-Juliette-scaled.jpg?zoom=3&amp;resize=150%2C150 450w\" sizes=\"auto, (max-width: 150px) 100vw, 150px\" \/><\/a>17 juin 2022\/Theatre: <strong><span style=\"text-decoration: underline;\">Rom\u00e9o et Juliette<\/span><\/strong> de Pierre Coran et Charlotte Gastaut, d&rsquo;apr\u00e8s William Shakespeare (\u00e9d. Flammarion Jeunesse, coll. P\u00e8re Castor, 2018), un album jeunesse pour les 6\/9 ans selon l&rsquo;\u00e9diteur.<br \/>\n<\/em><\/li>\n<li><em><a href=\"https:\/\/i0.wp.com\/www.jojoenherbe.com\/wp-content\/uploads\/2022\/06\/Ada-ou-la-beaute-des-nombres-scaled.jpg\"><img data-recalc-dims=\"1\" loading=\"lazy\" decoding=\"async\" data-attachment-id=\"26032\" data-permalink=\"http:\/\/www.jojoenherbe.com\/index.php\/2022\/06\/01\/billet-de-suivi-le-mois-anglais-2022\/ada-ou-la-beaute-des-nombres\/\" data-orig-file=\"https:\/\/i0.wp.com\/www.jojoenherbe.com\/wp-content\/uploads\/2022\/06\/Ada-ou-la-beaute-des-nombres-scaled.jpg?fit=2560%2C2188\" data-orig-size=\"2560,2188\" data-comments-opened=\"1\" data-image-meta=\"{&quot;aperture&quot;:&quot;1.8&quot;,&quot;credit&quot;:&quot;&quot;,&quot;camera&quot;:&quot;iPhone 7&quot;,&quot;caption&quot;:&quot;&quot;,&quot;created_timestamp&quot;:&quot;1655492741&quot;,&quot;copyright&quot;:&quot;&quot;,&quot;focal_length&quot;:&quot;3.99&quot;,&quot;iso&quot;:&quot;80&quot;,&quot;shutter_speed&quot;:&quot;0.2&quot;,&quot;title&quot;:&quot;&quot;,&quot;orientation&quot;:&quot;1&quot;}\" data-image-title=\"Ada ou la beaut\u00e9 des nombres\" data-image-description=\"\" data-image-caption=\"\" data-large-file=\"https:\/\/i0.wp.com\/www.jojoenherbe.com\/wp-content\/uploads\/2022\/06\/Ada-ou-la-beaute-des-nombres-scaled.jpg?fit=676%2C578\" class=\"size-thumbnail wp-image-26032 alignright\" src=\"https:\/\/i0.wp.com\/www.jojoenherbe.com\/wp-content\/uploads\/2022\/06\/Ada-ou-la-beaute-des-nombres.jpg?resize=150%2C150\" alt=\"\" width=\"150\" height=\"150\" srcset=\"https:\/\/i0.wp.com\/www.jojoenherbe.com\/wp-content\/uploads\/2022\/06\/Ada-ou-la-beaute-des-nombres-scaled.jpg?resize=150%2C150 150w, https:\/\/i0.wp.com\/www.jojoenherbe.com\/wp-content\/uploads\/2022\/06\/Ada-ou-la-beaute-des-nombres-scaled.jpg?zoom=2&amp;resize=150%2C150 300w, https:\/\/i0.wp.com\/www.jojoenherbe.com\/wp-content\/uploads\/2022\/06\/Ada-ou-la-beaute-des-nombres-scaled.jpg?zoom=3&amp;resize=150%2C150 450w\" sizes=\"auto, (max-width: 150px) 100vw, 150px\" \/><\/a>18 juin 2022\/Biography\/Essay: <strong><span style=\"text-decoration: underline;\">Ada ou la beaut\u00e9 des nombres<\/span><\/strong> de Catherine Dufour (\u00e9d. Fayard, 2019, 247 pages), une biographie consacr\u00e9e \u00e0 Ada Lovelace, pionni\u00e8re de l&rsquo;informatique et que j&rsquo;avais rep\u00e9r\u00e9e chez <a href=\"https:\/\/avenuereinemathilde.com\/\">Tiphanya<\/a>.<br \/>\n<\/em><\/li>\n<li><em>19 juin 2022\/Food n&rsquo;drinks<\/em><\/li>\n<\/ul>\n<p style=\"text-align: justify;\"><em><a href=\"https:\/\/i0.wp.com\/www.jojoenherbe.com\/wp-content\/uploads\/2022\/06\/Une-enquete-de-Beatrice-Hyde-Clare-T1-et-T2.jpg\"><img data-recalc-dims=\"1\" loading=\"lazy\" decoding=\"async\" data-attachment-id=\"26044\" data-permalink=\"http:\/\/www.jojoenherbe.com\/index.php\/2022\/06\/01\/billet-de-suivi-le-mois-anglais-2022\/une-enquete-de-beatrice-hyde-clare-t1-et-t2\/\" data-orig-file=\"https:\/\/i0.wp.com\/www.jojoenherbe.com\/wp-content\/uploads\/2022\/06\/Une-enquete-de-Beatrice-Hyde-Clare-T1-et-T2.jpg?fit=1500%2C1334\" data-orig-size=\"1500,1334\" data-comments-opened=\"1\" data-image-meta=\"{&quot;aperture&quot;:&quot;0&quot;,&quot;credit&quot;:&quot;&quot;,&quot;camera&quot;:&quot;&quot;,&quot;caption&quot;:&quot;&quot;,&quot;created_timestamp&quot;:&quot;0&quot;,&quot;copyright&quot;:&quot;&quot;,&quot;focal_length&quot;:&quot;0&quot;,&quot;iso&quot;:&quot;0&quot;,&quot;shutter_speed&quot;:&quot;0&quot;,&quot;title&quot;:&quot;&quot;,&quot;orientation&quot;:&quot;0&quot;}\" data-image-title=\"Une enqu\u00eate de Beatrice Hyde-Clare T1 et T2\" data-image-description=\"\" data-image-caption=\"\" data-large-file=\"https:\/\/i0.wp.com\/www.jojoenherbe.com\/wp-content\/uploads\/2022\/06\/Une-enquete-de-Beatrice-Hyde-Clare-T1-et-T2.jpg?fit=676%2C601\" class=\"alignleft size-thumbnail wp-image-26044\" src=\"https:\/\/i0.wp.com\/www.jojoenherbe.com\/wp-content\/uploads\/2022\/06\/Une-enquete-de-Beatrice-Hyde-Clare-T1-et-T2.jpg?resize=150%2C150\" alt=\"\" width=\"150\" height=\"150\" srcset=\"https:\/\/i0.wp.com\/www.jojoenherbe.com\/wp-content\/uploads\/2022\/06\/Une-enquete-de-Beatrice-Hyde-Clare-T1-et-T2.jpg?resize=150%2C150 150w, https:\/\/i0.wp.com\/www.jojoenherbe.com\/wp-content\/uploads\/2022\/06\/Une-enquete-de-Beatrice-Hyde-Clare-T1-et-T2.jpg?zoom=2&amp;resize=150%2C150 300w, https:\/\/i0.wp.com\/www.jojoenherbe.com\/wp-content\/uploads\/2022\/06\/Une-enquete-de-Beatrice-Hyde-Clare-T1-et-T2.jpg?zoom=3&amp;resize=150%2C150 450w\" sizes=\"auto, (max-width: 150px) 100vw, 150px\" \/><\/a>En fin de semaine, je lis, en e-book, les deux premiers tomes d&rsquo;une nouvelle s\u00e9rie livresque cosy mystery se d\u00e9roulant sous la R\u00e9gence anglaise avec <strong><span style=\"text-decoration: underline;\">Une enqu\u00eate de Beatrice Hyde-Clare<\/span><\/strong> de Lynn Messina: <strong><span style=\"text-decoration: underline;\">Une insolente curiosit\u00e9<\/span><\/strong> (\u00e9d. Les Escales, 2022, 347 pages) et <strong><span style=\"text-decoration: underline;\">Une scandaleuse supercherie<\/span><\/strong> (\u00e9d. Les Escales, 2022, 329 pages). Dans le premier tome, Beatrice Hyde-Clare, une orpheline non-mari\u00e9e de 26 ans d\u00e9cide d&rsquo;enqu\u00eater avec le Duc de Kesgrave, \u00e2g\u00e9 de 32 ans, sur la mort de Monsieur Otley, un des invit\u00e9s \u00e0 la partie de campagne organis\u00e9 chez les Skeffington. Puis dans le deuxi\u00e8me tome, la jeune femme s&rsquo;associe de nouveau avec le duc pour enqu\u00eater sur le meurtre d&rsquo;un dandy qui s&rsquo;est \u00e9croul\u00e9 raide mort \u00e0 ses pieds. Un tr\u00e8s bon moment de lecture en compagnie du duo B\u00e9atrice\/Damien, un duo attachant et piquant! H\u00e2te de lire le tome 3, <span style=\"text-decoration: underline;\">Une inf\u00e2me trahison<\/span> qui para\u00eetra en octobre 2022. Il existe d\u00e9j\u00e0 10 tomes en VO.<\/em><\/p>\n<p style=\"text-align: justify;\"><em>Dimanche soir, je continue de lire <span class=\"_aacl _aaco _aacu _aacx _aad7 _aade\"><span style=\"text-decoration: underline;\"><strong>Les Sept Morts d&rsquo;Evelyn Hardcastle<\/strong><\/span> de Stuart Turton<\/span> jusqu&rsquo;au chapitre 20, en apprenant un peu plus comme le h\u00e9ros principal.<\/em><\/p>\n<p style=\"text-align: justify;\"><em><strong><span style=\"text-decoration: underline;\">Semaine 4 du Mois Anglais<\/span>:<\/strong><\/em><\/p>\n<p style=\"text-align: justify;\"><em>En d\u00e9but de semaine, je laisse de c\u00f4t\u00e9 mon roman en cours, m&rsquo;\u00e9tant aper\u00e7ue que j&rsquo;avais des livres \u00e0 rendre \u00e0 la m\u00e9diath\u00e8que au plus le tard le 21 juin 2022. Je lis par exemple <strong><span style=\"text-decoration: underline;\">Le ciel de Darjeeling<\/span><\/strong> de Nicole Vosseler (\u00e9d. Archipoche, 2020, 519 pages), une romance historique se d\u00e9roulant entre la Gr\u00e8ce, l&rsquo;Angleterre et les Indes britanniques et qui avait \u00e9t\u00e9 choisi comme lecture commune dans le cadres des \u00c9tapes Indiennes 2022.<\/em><\/p>\n<p style=\"text-align: justify;\"><em><a href=\"https:\/\/i0.wp.com\/www.jojoenherbe.com\/wp-content\/uploads\/2022\/06\/Selection-RAT-du-Mois-Anglais-2022-scaled.jpg\"><img data-recalc-dims=\"1\" loading=\"lazy\" decoding=\"async\" data-attachment-id=\"26073\" data-permalink=\"http:\/\/www.jojoenherbe.com\/index.php\/2022\/06\/01\/billet-de-suivi-le-mois-anglais-2022\/selection-rat-du-mois-anglais-2022\/\" data-orig-file=\"https:\/\/i0.wp.com\/www.jojoenherbe.com\/wp-content\/uploads\/2022\/06\/Selection-RAT-du-Mois-Anglais-2022-scaled.jpg?fit=2560%2C2078\" data-orig-size=\"2560,2078\" data-comments-opened=\"1\" data-image-meta=\"{&quot;aperture&quot;:&quot;1.8&quot;,&quot;credit&quot;:&quot;&quot;,&quot;camera&quot;:&quot;iPhone 7&quot;,&quot;caption&quot;:&quot;&quot;,&quot;created_timestamp&quot;:&quot;1655826285&quot;,&quot;copyright&quot;:&quot;&quot;,&quot;focal_length&quot;:&quot;3.99&quot;,&quot;iso&quot;:&quot;80&quot;,&quot;shutter_speed&quot;:&quot;0.25&quot;,&quot;title&quot;:&quot;&quot;,&quot;orientation&quot;:&quot;1&quot;}\" data-image-title=\"S\u00e9lection RAT du Mois Anglais 2022\" data-image-description=\"\" data-image-caption=\"\" data-large-file=\"https:\/\/i0.wp.com\/www.jojoenherbe.com\/wp-content\/uploads\/2022\/06\/Selection-RAT-du-Mois-Anglais-2022-scaled.jpg?fit=676%2C549\" class=\"size-thumbnail wp-image-26073 alignright\" src=\"https:\/\/i0.wp.com\/www.jojoenherbe.com\/wp-content\/uploads\/2022\/06\/Selection-RAT-du-Mois-Anglais-2022.jpg?resize=150%2C150\" alt=\"\" width=\"150\" height=\"150\" srcset=\"https:\/\/i0.wp.com\/www.jojoenherbe.com\/wp-content\/uploads\/2022\/06\/Selection-RAT-du-Mois-Anglais-2022-scaled.jpg?resize=150%2C150 150w, https:\/\/i0.wp.com\/www.jojoenherbe.com\/wp-content\/uploads\/2022\/06\/Selection-RAT-du-Mois-Anglais-2022-scaled.jpg?zoom=2&amp;resize=150%2C150 300w, https:\/\/i0.wp.com\/www.jojoenherbe.com\/wp-content\/uploads\/2022\/06\/Selection-RAT-du-Mois-Anglais-2022-scaled.jpg?zoom=3&amp;resize=150%2C150 450w\" sizes=\"auto, (max-width: 150px) 100vw, 150px\" \/><\/a><img data-recalc-dims=\"1\" loading=\"lazy\" decoding=\"async\" class=\"wp-image-28752  alignright\" src=\"https:\/\/i0.wp.com\/www.myloubook.com\/wp-content\/uploads\/2022\/06\/Logo-Read-a-thon-2022-MOis-anglais.png?resize=148%2C148\" sizes=\"auto, (max-width: 1080px) 100vw, 1080px\" srcset=\"http:\/\/www.myloubook.com\/wp-content\/uploads\/2022\/06\/Logo-Read-a-thon-2022-MOis-anglais.png 1080w, http:\/\/www.myloubook.com\/wp-content\/uploads\/2022\/06\/Logo-Read-a-thon-2022-MOis-anglais-150x150.png 150w, http:\/\/www.myloubook.com\/wp-content\/uploads\/2022\/06\/Logo-Read-a-thon-2022-MOis-anglais-300x300.png 300w, http:\/\/www.myloubook.com\/wp-content\/uploads\/2022\/06\/Logo-Read-a-thon-2022-MOis-anglais-768x768.png 768w, http:\/\/www.myloubook.com\/wp-content\/uploads\/2022\/06\/Logo-Read-a-thon-2022-MOis-anglais-1024x1024.png 1024w, http:\/\/www.myloubook.com\/wp-content\/uploads\/2022\/06\/Logo-Read-a-thon-2022-MOis-anglais-640x640.png 640w\" alt=\"\" width=\"148\" height=\"148\" \/>Je passe, mardi apr\u00e8s-midi, \u00e0 la m\u00e9diath\u00e8que pour emprunter de nouveaux livres en vue du RAT de ce week-end: le tome 1 de <span style=\"text-decoration: underline;\">Nellie &amp; Phileas, d\u00e9tectives globe-trotters, Le crime de Whitechapel<\/span> de Roseline Pendule (\u00e9d. Gulf stream \u00e9diteur, 2022, 152 pages), un roman jeunesse \u00e0 partir de 9 ans et <span style=\"text-decoration: underline;\">Notting Hill with Love&#8230; Actually<\/span> d&rsquo;Ali McNamara (\u00e9d. Bragelonne, coll. Milady Romance, 2013, 526 pages), un roman feel-good rep\u00e9r\u00e9 chez <a href=\"http:\/\/croquerlespages.canalblog.com\/archives\/2022\/06\/17\/39489630.html\">Fondant<\/a> et continue de regarder <strong><span style=\"text-decoration: underline;\">Dowton Abbey<\/span><\/strong> avec des \u00e9pisodes de la saison 2.<\/em><\/p>\n<ul style=\"text-align: justify;\">\n<li><em>20 juin 2022\/Margaret Kennedy<\/em><\/li>\n<li><em><a href=\"https:\/\/i0.wp.com\/www.jojoenherbe.com\/wp-content\/uploads\/2022\/06\/Le-ciel-de-Darjeeling-scaled.jpg\"><img data-recalc-dims=\"1\" loading=\"lazy\" decoding=\"async\" data-attachment-id=\"26067\" data-permalink=\"http:\/\/www.jojoenherbe.com\/index.php\/2022\/06\/01\/billet-de-suivi-le-mois-anglais-2022\/le-ciel-de-darjeeling\/\" data-orig-file=\"https:\/\/i0.wp.com\/www.jojoenherbe.com\/wp-content\/uploads\/2022\/06\/Le-ciel-de-Darjeeling-scaled.jpg?fit=2560%2C1987\" data-orig-size=\"2560,1987\" data-comments-opened=\"1\" data-image-meta=\"{&quot;aperture&quot;:&quot;1.8&quot;,&quot;credit&quot;:&quot;&quot;,&quot;camera&quot;:&quot;iPhone 7&quot;,&quot;caption&quot;:&quot;&quot;,&quot;created_timestamp&quot;:&quot;1655814821&quot;,&quot;copyright&quot;:&quot;&quot;,&quot;focal_length&quot;:&quot;3.99&quot;,&quot;iso&quot;:&quot;80&quot;,&quot;shutter_speed&quot;:&quot;0.125&quot;,&quot;title&quot;:&quot;&quot;,&quot;orientation&quot;:&quot;1&quot;}\" data-image-title=\"Le ciel de Darjeeling\" data-image-description=\"\" data-image-caption=\"\" data-large-file=\"https:\/\/i0.wp.com\/www.jojoenherbe.com\/wp-content\/uploads\/2022\/06\/Le-ciel-de-Darjeeling-scaled.jpg?fit=676%2C525\" class=\"size-thumbnail wp-image-26067 alignleft\" src=\"https:\/\/i0.wp.com\/www.jojoenherbe.com\/wp-content\/uploads\/2022\/06\/Le-ciel-de-Darjeeling.jpg?resize=150%2C150\" alt=\"\" width=\"150\" height=\"150\" srcset=\"https:\/\/i0.wp.com\/www.jojoenherbe.com\/wp-content\/uploads\/2022\/06\/Le-ciel-de-Darjeeling-scaled.jpg?resize=150%2C150 150w, https:\/\/i0.wp.com\/www.jojoenherbe.com\/wp-content\/uploads\/2022\/06\/Le-ciel-de-Darjeeling-scaled.jpg?zoom=2&amp;resize=150%2C150 300w, https:\/\/i0.wp.com\/www.jojoenherbe.com\/wp-content\/uploads\/2022\/06\/Le-ciel-de-Darjeeling-scaled.jpg?zoom=3&amp;resize=150%2C150 450w\" sizes=\"auto, (max-width: 150px) 100vw, 150px\" \/><\/a>21 juin 2022\/Meeting India (Romance historique) <a href=\"https:\/\/www.jojoenherbe.com\/index.php\/2022\/06\/30\/au-fil-des-pages-avec-le-ciel-de-darjeeling\/\"><strong><span style=\"text-decoration: underline;\">Le ciel de Darjeeling<\/span><\/strong><\/a> de Nicole Vosseler (\u00e9d. Archipoche, 2020, 519 pages), en LC pour les \u00c9tapes Indiennes avec Hilde, Blandine et Lily le 30 juin 2022<br \/>\n<\/em><\/li>\n<li><em><a href=\"https:\/\/i0.wp.com\/www.jojoenherbe.com\/wp-content\/uploads\/2022\/06\/Princesse-Sara-scaled.jpg\"><img data-recalc-dims=\"1\" loading=\"lazy\" decoding=\"async\" data-attachment-id=\"26081\" data-permalink=\"http:\/\/www.jojoenherbe.com\/index.php\/2022\/06\/01\/billet-de-suivi-le-mois-anglais-2022\/princesse-sara\/\" data-orig-file=\"https:\/\/i0.wp.com\/www.jojoenherbe.com\/wp-content\/uploads\/2022\/06\/Princesse-Sara-scaled.jpg?fit=2560%2C2098\" data-orig-size=\"2560,2098\" data-comments-opened=\"1\" data-image-meta=\"{&quot;aperture&quot;:&quot;1.8&quot;,&quot;credit&quot;:&quot;&quot;,&quot;camera&quot;:&quot;iPhone 7&quot;,&quot;caption&quot;:&quot;&quot;,&quot;created_timestamp&quot;:&quot;1655891253&quot;,&quot;copyright&quot;:&quot;&quot;,&quot;focal_length&quot;:&quot;3.99&quot;,&quot;iso&quot;:&quot;100&quot;,&quot;shutter_speed&quot;:&quot;0.2&quot;,&quot;title&quot;:&quot;&quot;,&quot;orientation&quot;:&quot;1&quot;}\" data-image-title=\"Princesse Sara\" data-image-description=\"\" data-image-caption=\"\" data-large-file=\"https:\/\/i0.wp.com\/www.jojoenherbe.com\/wp-content\/uploads\/2022\/06\/Princesse-Sara-scaled.jpg?fit=676%2C554\" class=\"size-thumbnail wp-image-26081 alignright\" src=\"https:\/\/i0.wp.com\/www.jojoenherbe.com\/wp-content\/uploads\/2022\/06\/Princesse-Sara.jpg?resize=150%2C150\" alt=\"\" width=\"150\" height=\"150\" srcset=\"https:\/\/i0.wp.com\/www.jojoenherbe.com\/wp-content\/uploads\/2022\/06\/Princesse-Sara-scaled.jpg?resize=150%2C150 150w, https:\/\/i0.wp.com\/www.jojoenherbe.com\/wp-content\/uploads\/2022\/06\/Princesse-Sara-scaled.jpg?zoom=2&amp;resize=150%2C150 300w, https:\/\/i0.wp.com\/www.jojoenherbe.com\/wp-content\/uploads\/2022\/06\/Princesse-Sara-scaled.jpg?zoom=3&amp;resize=150%2C150 450w\" sizes=\"auto, (max-width: 150px) 100vw, 150px\" \/><\/a>22 juin 2022\/Awesome cover (Superbe couverture): dans les derni\u00e8res nouveaut\u00e9s qui ont rejoint nos biblioth\u00e8ques: <strong><span style=\"text-decoration: underline;\">Princesse Sara, Aventures d&rsquo;une petite \u00e9coli\u00e8re anglaise<\/span><\/strong> de Frances Hodgson Burnett et Nathalie Novi (\u00e9d. Albin Michel Jeunesse, 2021, 96 pages), un roman jeunesse magnifiquement illustr\u00e9 par Nathalie Novi et qui avait \u00e9t\u00e9 choisi pour la journ\u00e9e \u00ab\u00a0Litt\u00e9rature jeunesse\u00a0\u00bb par <a href=\"https:\/\/lespapiersdemrsturner.com\/2022\/06\/08\/princesse-sara-de-frances-hodgson-burnett-et-nathalie-novi\/\">Les papiers de Mrs Turner<\/a>.<br \/>\n<\/em><\/li>\n<li><em>23 juin 2022\/Seaside (Bord de mer)<br \/>\n<\/em><\/li>\n<li><em>24 juin 2022\/In English<\/em><\/li>\n<li><em>25 juin 2022\/Bloomsbury<\/em><\/li>\n<li><em>26 juin 2022\/Food n&rsquo;drinks<\/em><\/li>\n<\/ul>\n<p style=\"text-align: justify;\"><em>Jeudi, je reprends ma lecture des <span class=\"_aacl _aaco _aacu _aacx _aad7 _aade\"><span style=\"text-decoration: underline;\"><strong>Sept Morts d&rsquo;Evelyn Hardcastle<\/strong><\/span> de Stuart Turton<\/span> jusqu&rsquo;au chapitre 54 et le finirai pendant le RAT du 24 au 26 juin 2022. Pour cette fin de semaine, je fais vendredi matin mon <a href=\"https:\/\/www.jojoenherbe.com\/index.php\/2022\/06\/24\/rat-du-mois-anglais-2022\/\">billet de suivi<\/a>.<\/em><\/p>\n<p style=\"text-align: justify;\"><em><strong><span style=\"text-decoration: underline;\">Semaine 5 du Mois Anglais<\/span>:<\/strong><\/em><\/p>\n<p style=\"text-align: justify;\"><em><a href=\"https:\/\/i0.wp.com\/www.jojoenherbe.com\/wp-content\/uploads\/2022\/06\/Les-Thes-meurtriers-dOxford-T4.jpg\"><img data-recalc-dims=\"1\" loading=\"lazy\" decoding=\"async\" data-attachment-id=\"26135\" data-permalink=\"http:\/\/www.jojoenherbe.com\/index.php\/2022\/06\/01\/billet-de-suivi-le-mois-anglais-2022\/les-thes-meurtriers-doxford-t4\/\" data-orig-file=\"https:\/\/i0.wp.com\/www.jojoenherbe.com\/wp-content\/uploads\/2022\/06\/Les-Thes-meurtriers-dOxford-T4.jpg?fit=750%2C1334\" data-orig-size=\"750,1334\" data-comments-opened=\"1\" data-image-meta=\"{&quot;aperture&quot;:&quot;0&quot;,&quot;credit&quot;:&quot;&quot;,&quot;camera&quot;:&quot;&quot;,&quot;caption&quot;:&quot;&quot;,&quot;created_timestamp&quot;:&quot;0&quot;,&quot;copyright&quot;:&quot;&quot;,&quot;focal_length&quot;:&quot;0&quot;,&quot;iso&quot;:&quot;0&quot;,&quot;shutter_speed&quot;:&quot;0&quot;,&quot;title&quot;:&quot;&quot;,&quot;orientation&quot;:&quot;0&quot;}\" data-image-title=\"Les Th\u00e9s meurtriers d&amp;rsquo;Oxford T4\" data-image-description=\"\" data-image-caption=\"\" data-large-file=\"https:\/\/i0.wp.com\/www.jojoenherbe.com\/wp-content\/uploads\/2022\/06\/Les-Thes-meurtriers-dOxford-T4.jpg?fit=576%2C1024\" class=\"alignleft size-thumbnail wp-image-26135\" src=\"https:\/\/i0.wp.com\/www.jojoenherbe.com\/wp-content\/uploads\/2022\/06\/Les-Thes-meurtriers-dOxford-T4.jpg?resize=150%2C150\" alt=\"\" width=\"150\" height=\"150\" srcset=\"https:\/\/i0.wp.com\/www.jojoenherbe.com\/wp-content\/uploads\/2022\/06\/Les-Thes-meurtriers-dOxford-T4.jpg?resize=150%2C150 150w, https:\/\/i0.wp.com\/www.jojoenherbe.com\/wp-content\/uploads\/2022\/06\/Les-Thes-meurtriers-dOxford-T4.jpg?zoom=2&amp;resize=150%2C150 300w, https:\/\/i0.wp.com\/www.jojoenherbe.com\/wp-content\/uploads\/2022\/06\/Les-Thes-meurtriers-dOxford-T4.jpg?zoom=3&amp;resize=150%2C150 450w\" sizes=\"auto, (max-width: 150px) 100vw, 150px\" \/><\/a>Mardi, je commence \u00e0 lire, en e-book, le <strong>tome 4<\/strong> des <span style=\"text-decoration: underline;\"><strong>Th\u00e9s Meurtriers d&rsquo;Oxford, Point de glas sage<\/strong><\/span> d&rsquo;H.Y. Hanna (\u00e9d. Auto\u00e9dition, 2022, 312 pages), un cosy mystery paru le 27 juin 2022 et dans lequel Gemma assiste au d\u00e9c\u00e8s de Dame Clare E alors qu&rsquo;elle participe, avec sa petite chatte tigr\u00e9e Muesli, \u00e0 l&rsquo;exposition f\u00e9line de la f\u00eate du village (crise cardiaque ou meurtre?).<\/em><\/p>\n<ul>\n<li style=\"text-align: justify;\"><em>27 juin 2022\/Village<\/em><\/li>\n<li style=\"text-align: justify;\"><em><a href=\"https:\/\/i0.wp.com\/www.jojoenherbe.com\/wp-content\/uploads\/2022\/06\/Sous-influences-scaled.jpg\"><img data-recalc-dims=\"1\" loading=\"lazy\" decoding=\"async\" data-attachment-id=\"26033\" data-permalink=\"http:\/\/www.jojoenherbe.com\/index.php\/2022\/06\/01\/billet-de-suivi-le-mois-anglais-2022\/sous-influences\/\" data-orig-file=\"https:\/\/i0.wp.com\/www.jojoenherbe.com\/wp-content\/uploads\/2022\/06\/Sous-influences-scaled.jpg?fit=2560%2C1903\" data-orig-size=\"2560,1903\" data-comments-opened=\"1\" data-image-meta=\"{&quot;aperture&quot;:&quot;1.8&quot;,&quot;credit&quot;:&quot;&quot;,&quot;camera&quot;:&quot;iPhone 7&quot;,&quot;caption&quot;:&quot;&quot;,&quot;created_timestamp&quot;:&quot;1655492747&quot;,&quot;copyright&quot;:&quot;&quot;,&quot;focal_length&quot;:&quot;3.99&quot;,&quot;iso&quot;:&quot;80&quot;,&quot;shutter_speed&quot;:&quot;0.2&quot;,&quot;title&quot;:&quot;&quot;,&quot;orientation&quot;:&quot;1&quot;}\" data-image-title=\"Sous influences\" data-image-description=\"\" data-image-caption=\"\" data-large-file=\"https:\/\/i0.wp.com\/www.jojoenherbe.com\/wp-content\/uploads\/2022\/06\/Sous-influences-scaled.jpg?fit=676%2C502\" class=\"size-thumbnail wp-image-26033 alignright\" src=\"https:\/\/i0.wp.com\/www.jojoenherbe.com\/wp-content\/uploads\/2022\/06\/Sous-influences.jpg?resize=150%2C150\" alt=\"\" width=\"150\" height=\"150\" srcset=\"https:\/\/i0.wp.com\/www.jojoenherbe.com\/wp-content\/uploads\/2022\/06\/Sous-influences-scaled.jpg?resize=150%2C150 150w, https:\/\/i0.wp.com\/www.jojoenherbe.com\/wp-content\/uploads\/2022\/06\/Sous-influences-scaled.jpg?zoom=2&amp;resize=150%2C150 300w, https:\/\/i0.wp.com\/www.jojoenherbe.com\/wp-content\/uploads\/2022\/06\/Sous-influences-scaled.jpg?zoom=3&amp;resize=150%2C150 450w\" sizes=\"auto, (max-width: 150px) 100vw, 150px\" \/><\/a>28 juin 2022\/Radclyffe Hall: <strong><span style=\"text-decoration: underline;\">Sous influences<\/span><\/strong> de Radclyffe Hall (\u00e9d. Autrement, 2009, 391 pages), un roman paru pour la premi\u00e8re fois en 1924<br \/>\n<\/em><\/li>\n<li style=\"text-align: justify;\"><em>29 juin 2022\/Booklovers<\/em><\/li>\n<li style=\"text-align: justify;\"><em>30 juin 2022\/Favorite place<\/em><\/li>\n<\/ul>\n<p style=\"text-align: justify;\"><em><span style=\"text-decoration: underline;\"><strong>Petit bilan de cette \u00e9dition du Mois Anglais<\/strong><\/span>: Pas autant de lectures que je l&rsquo;aurai voulu (et surtout chroniqu\u00e9) mais de chouettes romances historiques et cosy mystery. J&rsquo;ai \u00e9galement not\u00e9 des livres qui viendront ma tr\u00e8s (trop) grande LAL. Encore merci aux coorganisatrices et \u00e0 l&rsquo;ann\u00e9e prochaine of course!<\/em><\/p>\n","protected":false},"excerpt":{"rendered":"<p>Comme d\u00e9j\u00e0 depuis plusieurs ann\u00e9es, je participe tout au long du mois de juin 2022 au challenge Le Mois Anglais 2022. Un\u00a0 programme facultatif a \u00e9t\u00e9 pr\u00e9vu par deux des trois coorganisatrices Lou et Titine, Cryssilda ne pouvant se joindre \u00e0 elles cette ann\u00e9e pour l&rsquo;organisation. Pour plus d\u2019infos, n\u2019h\u00e9sitez pas \u00e0 aller sur leurs [&hellip;]<\/p>\n","protected":false},"author":1,"featured_media":25493,"comment_status":"open","ping_status":"open","sticky":false,"template":"","format":"standard","meta":{"jetpack_post_was_ever_published":false,"_jetpack_newsletter_access":"","_jetpack_dont_email_post_to_subs":false,"_jetpack_newsletter_tier_id":0,"_jetpack_memberships_contains_paywalled_content":false,"_jetpack_memberships_contains_paid_content":false,"footnotes":""},"categories":[873,363],"tags":[1461,3136,1085,2525,2526,367],"class_list":["post-25488","post","type-post","status-publish","format-standard","has-post-thumbnail","hentry","category-mini-challenger","category-mini-lecteur","tag-angleterre","tag-le-mois-anglais-2022","tag-lecture-adulte","tag-lecture-anglaise","tag-lecture-anglo-saxonne","tag-lecture-jeunesse","post-preview"],"jetpack_featured_media_url":"https:\/\/i0.wp.com\/www.jojoenherbe.com\/wp-content\/uploads\/2022\/05\/Le-Mois-Anglais-2022.jpg?fit=1080%2C1080","jetpack_sharing_enabled":true,"jetpack_shortlink":"https:\/\/wp.me\/p9zhGx-6D6","jetpack_likes_enabled":true,"jetpack-related-posts":[{"id":31481,"url":"http:\/\/www.jojoenherbe.com\/index.php\/2023\/08\/01\/bilan-de-lecture-juillet-2023\/","url_meta":{"origin":25488,"position":0},"title":"Bilan de lecture: juillet 2023","author":"Jojo","date":"1 ao\u00fbt 2023","format":false,"excerpt":"C\u2019est le premier du mois alors voici un petit retour bloguesque sur juillet 2023. Apr\u00e8s un mois de juin consacr\u00e9 \u00e0 des lectures anglaises avec le Mois Anglais 2023 et nos (re)lectures estivales avec le d\u00e9but de l\u2019\u00e9t\u00e9, nous avons continu\u00e9 ce mois-ci des lectures semblables. Voici d\u2019ailleurs mon petit\u2026","rel":"","context":"Dans &quot;Mini blogueur&quot;","block_context":{"text":"Mini blogueur","link":"http:\/\/www.jojoenherbe.com\/index.php\/category\/mini-blogueur\/"},"img":{"alt_text":"","src":"","width":0,"height":0},"classes":[]},{"id":36584,"url":"http:\/\/www.jojoenherbe.com\/index.php\/2024\/07\/17\/bilan-de-lecture-juin-2024\/","url_meta":{"origin":25488,"position":1},"title":"Bilan de lecture: juin 2024","author":"Jojo","date":"17 juillet 2024","format":false,"excerpt":"Avec retard, voici le bilan de lecture du mois de juin 2024. Cette ann\u00e9e, le printemps \u00e9tait bien pluvieux et les sorties se sont faites encore rares le mois dernier. Le temps \u00e9tait donc propice \u00e0 la lecture encore une fois. En juin, c\u2019\u00e9tait le retour du Mois Anglais 2024\u2026","rel":"","context":"Dans &quot;Mini blogueur&quot;","block_context":{"text":"Mini blogueur","link":"http:\/\/www.jojoenherbe.com\/index.php\/category\/mini-blogueur\/"},"img":{"alt_text":"","src":"https:\/\/i0.wp.com\/www.jojoenherbe.com\/wp-content\/uploads\/2024\/06\/Selection-juin-2024-scaled.jpg?fit=1200%2C857&resize=350%2C200","width":350,"height":200,"srcset":"https:\/\/i0.wp.com\/www.jojoenherbe.com\/wp-content\/uploads\/2024\/06\/Selection-juin-2024-scaled.jpg?fit=1200%2C857&resize=350%2C200 1x, https:\/\/i0.wp.com\/www.jojoenherbe.com\/wp-content\/uploads\/2024\/06\/Selection-juin-2024-scaled.jpg?fit=1200%2C857&resize=525%2C300 1.5x, https:\/\/i0.wp.com\/www.jojoenherbe.com\/wp-content\/uploads\/2024\/06\/Selection-juin-2024-scaled.jpg?fit=1200%2C857&resize=700%2C400 2x, https:\/\/i0.wp.com\/www.jojoenherbe.com\/wp-content\/uploads\/2024\/06\/Selection-juin-2024-scaled.jpg?fit=1200%2C857&resize=1050%2C600 3x"},"classes":[]},{"id":31144,"url":"http:\/\/www.jojoenherbe.com\/index.php\/2023\/07\/01\/bilan-de-lecture-juin-2023\/","url_meta":{"origin":25488,"position":2},"title":"Bilan de lecture: juin 2023","author":"Jojo","date":"1 juillet 2023","format":false,"excerpt":"En juin, c\u2019\u00e9tait le retour du Mois Anglais 2023 coorganis\u00e9 par Lou et Titine ainsi que le d\u00e9but de l\u2019\u00e9t\u00e9. Au programme, des lectures jeunesse avec mon mini lutin comme des l\u00e9gendes arthuriennes, Paddington, Beatrix Potter\u2026 et pour moi, des romances historiques so british, des cosy mystery\u2026 sans oublier l\u2019atelier\u2026","rel":"","context":"Dans &quot;Mini blogueur&quot;","block_context":{"text":"Mini blogueur","link":"http:\/\/www.jojoenherbe.com\/index.php\/category\/mini-blogueur\/"},"img":{"alt_text":"","src":"https:\/\/i0.wp.com\/www.jojoenherbe.com\/wp-content\/uploads\/2023\/06\/Selection-Juin-2023-scaled.jpg?fit=1200%2C931&resize=350%2C200","width":350,"height":200,"srcset":"https:\/\/i0.wp.com\/www.jojoenherbe.com\/wp-content\/uploads\/2023\/06\/Selection-Juin-2023-scaled.jpg?fit=1200%2C931&resize=350%2C200 1x, https:\/\/i0.wp.com\/www.jojoenherbe.com\/wp-content\/uploads\/2023\/06\/Selection-Juin-2023-scaled.jpg?fit=1200%2C931&resize=525%2C300 1.5x, https:\/\/i0.wp.com\/www.jojoenherbe.com\/wp-content\/uploads\/2023\/06\/Selection-Juin-2023-scaled.jpg?fit=1200%2C931&resize=700%2C400 2x, https:\/\/i0.wp.com\/www.jojoenherbe.com\/wp-content\/uploads\/2023\/06\/Selection-Juin-2023-scaled.jpg?fit=1200%2C931&resize=1050%2C600 3x"},"classes":[]},{"id":36247,"url":"http:\/\/www.jojoenherbe.com\/index.php\/2024\/06\/11\/bilan-de-lecture-mai-2024\/","url_meta":{"origin":25488,"position":3},"title":"Bilan de lecture: mai 2024","author":"Jojo","date":"11 juin 2024","format":false,"excerpt":"Avec retard, voici le bilan de lecture du mois de mai 2024. Cette ann\u00e9e, le printemps est bien pluvieux et les sorties se sont faites encore rares le mois dernier. Le temps \u00e9tait donc propice \u00e0 la lecture encore une fois. En mai 2024, j'ai continu\u00e9 des lectures pour Un\u2026","rel":"","context":"Dans &quot;Mini blogueur&quot;","block_context":{"text":"Mini blogueur","link":"http:\/\/www.jojoenherbe.com\/index.php\/category\/mini-blogueur\/"},"img":{"alt_text":"","src":"https:\/\/i0.wp.com\/www.jojoenherbe.com\/wp-content\/uploads\/2024\/05\/Selection-Mai-2024-scaled.jpg?fit=1200%2C946&resize=350%2C200","width":350,"height":200,"srcset":"https:\/\/i0.wp.com\/www.jojoenherbe.com\/wp-content\/uploads\/2024\/05\/Selection-Mai-2024-scaled.jpg?fit=1200%2C946&resize=350%2C200 1x, https:\/\/i0.wp.com\/www.jojoenherbe.com\/wp-content\/uploads\/2024\/05\/Selection-Mai-2024-scaled.jpg?fit=1200%2C946&resize=525%2C300 1.5x, https:\/\/i0.wp.com\/www.jojoenherbe.com\/wp-content\/uploads\/2024\/05\/Selection-Mai-2024-scaled.jpg?fit=1200%2C946&resize=700%2C400 2x, https:\/\/i0.wp.com\/www.jojoenherbe.com\/wp-content\/uploads\/2024\/05\/Selection-Mai-2024-scaled.jpg?fit=1200%2C946&resize=1050%2C600 3x"},"classes":[]},{"id":39541,"url":"http:\/\/www.jojoenherbe.com\/index.php\/2025\/06\/06\/bilan-de-lecture-mai-2025\/","url_meta":{"origin":25488,"position":4},"title":"Bilan de lecture: mai 2025","author":"Jojo","date":"6 juin 2025","format":false,"excerpt":"En ce d\u00e9but juin, voici mon bilan de lectures de mai 2025, mois qui s'est termin\u00e9 en vadrouille en famille, avec le pont de l'Ascension. Comme le mois dernier, j'ai poursuivi\u00a0mon escale japonaise avec le Mois au Japon\u00a0 en participant au\u00a0 RAT a week japonais du 12 au 18 mai\u2026","rel":"","context":"Dans &quot;Mini blogueur&quot;","block_context":{"text":"Mini blogueur","link":"http:\/\/www.jojoenherbe.com\/index.php\/category\/mini-blogueur\/"},"img":{"alt_text":"","src":"https:\/\/i0.wp.com\/www.jojoenherbe.com\/wp-content\/uploads\/2025\/05\/Selection-Mai-2025-scaled.jpg?fit=1200%2C986&resize=350%2C200","width":350,"height":200,"srcset":"https:\/\/i0.wp.com\/www.jojoenherbe.com\/wp-content\/uploads\/2025\/05\/Selection-Mai-2025-scaled.jpg?fit=1200%2C986&resize=350%2C200 1x, https:\/\/i0.wp.com\/www.jojoenherbe.com\/wp-content\/uploads\/2025\/05\/Selection-Mai-2025-scaled.jpg?fit=1200%2C986&resize=525%2C300 1.5x, https:\/\/i0.wp.com\/www.jojoenherbe.com\/wp-content\/uploads\/2025\/05\/Selection-Mai-2025-scaled.jpg?fit=1200%2C986&resize=700%2C400 2x, https:\/\/i0.wp.com\/www.jojoenherbe.com\/wp-content\/uploads\/2025\/05\/Selection-Mai-2025-scaled.jpg?fit=1200%2C986&resize=1050%2C600 3x"},"classes":[]},{"id":36775,"url":"http:\/\/www.jojoenherbe.com\/index.php\/2024\/08\/01\/bilan-de-lecture-juillet-2024\/","url_meta":{"origin":25488,"position":5},"title":"Bilan de lecture: juillet 2024","author":"Jojo","date":"1 ao\u00fbt 2024","format":false,"excerpt":"En ce premier ao\u00fbt, voici le bilan de lecture du mois de juillet 2024 et qui se finit sur mon d\u00e9but de cong\u00e9s. Avec un \u00e9t\u00e9 dont la chaleur caniculaire vient d'arriver, j'ai moins lu ce mois-ci, m\u00eame si mes envies livresques ne manquent pas et peu chroniqu\u00e9 sur le\u2026","rel":"","context":"Dans &quot;Mini blogueur&quot;","block_context":{"text":"Mini blogueur","link":"http:\/\/www.jojoenherbe.com\/index.php\/category\/mini-blogueur\/"},"img":{"alt_text":"","src":"https:\/\/i0.wp.com\/www.jojoenherbe.com\/wp-content\/uploads\/2024\/08\/Illustration-IG-2-150x150.jpg?resize=350%2C200","width":350,"height":200},"classes":[]}],"_links":{"self":[{"href":"http:\/\/www.jojoenherbe.com\/index.php\/wp-json\/wp\/v2\/posts\/25488","targetHints":{"allow":["GET"]}}],"collection":[{"href":"http:\/\/www.jojoenherbe.com\/index.php\/wp-json\/wp\/v2\/posts"}],"about":[{"href":"http:\/\/www.jojoenherbe.com\/index.php\/wp-json\/wp\/v2\/types\/post"}],"author":[{"embeddable":true,"href":"http:\/\/www.jojoenherbe.com\/index.php\/wp-json\/wp\/v2\/users\/1"}],"replies":[{"embeddable":true,"href":"http:\/\/www.jojoenherbe.com\/index.php\/wp-json\/wp\/v2\/comments?post=25488"}],"version-history":[{"count":59,"href":"http:\/\/www.jojoenherbe.com\/index.php\/wp-json\/wp\/v2\/posts\/25488\/revisions"}],"predecessor-version":[{"id":26208,"href":"http:\/\/www.jojoenherbe.com\/index.php\/wp-json\/wp\/v2\/posts\/25488\/revisions\/26208"}],"wp:featuredmedia":[{"embeddable":true,"href":"http:\/\/www.jojoenherbe.com\/index.php\/wp-json\/wp\/v2\/media\/25493"}],"wp:attachment":[{"href":"http:\/\/www.jojoenherbe.com\/index.php\/wp-json\/wp\/v2\/media?parent=25488"}],"wp:term":[{"taxonomy":"category","embeddable":true,"href":"http:\/\/www.jojoenherbe.com\/index.php\/wp-json\/wp\/v2\/categories?post=25488"},{"taxonomy":"post_tag","embeddable":true,"href":"http:\/\/www.jojoenherbe.com\/index.php\/wp-json\/wp\/v2\/tags?post=25488"}],"curies":[{"name":"wp","href":"https:\/\/api.w.org\/{rel}","templated":true}]}}