{"id":25418,"date":"2022-08-18T13:56:40","date_gmt":"2022-08-18T11:56:40","guid":{"rendered":"https:\/\/www.jojoenherbe.com\/?p=25418"},"modified":"2022-08-18T13:56:40","modified_gmt":"2022-08-18T11:56:40","slug":"au-fil-des-pages-avec-anne-de-green-gables","status":"publish","type":"post","link":"http:\/\/www.jojoenherbe.com\/index.php\/2022\/08\/18\/au-fil-des-pages-avec-anne-de-green-gables\/","title":{"rendered":"Au fil des pages avec Anne de Green Gables"},"content":{"rendered":"<p style=\"text-align: justify;\"><em>L&rsquo;ann\u00e9e derni\u00e8re, j&rsquo;avais lu <span style=\"text-decoration: underline;\">Anne de Green Gables<\/span> de Lucy Maud Montgomery (\u00e9d. Monsieur Toussaint Laventure, 2020, 384 pages), <\/em><em>un roman jeunesse \u00e0 partir de 13 ans et \u00e0 la magnifique couverture pleine page de Paul Blow. Dans ce roman initiatique, on suit l&rsquo;histoire d&rsquo;Anne Shirley de ses 11 \u00e0 16 ans et de son quotidien dans la petite ville d&rsquo;Avonlea, sur l&rsquo;\u00eele du Prince \u00c9douard, au Canada, \u00e0 la fin du XIXe si\u00e8cle.<br \/>\n<\/em><\/p>\n<p style=\"text-align: justify;\"><em>Jeune orpheline de 11 ans, Anne Shirley est adopt\u00e9e par erreur par la s\u00e9v\u00e8re Marilla et le timide Matthew Cuthbert, une s\u0153ur et un fr\u00e8re \u00e2g\u00e9s et sans enfants qui voulaient adopter un gar\u00e7on pour les seconder dans les travaux de la ferme de Green Gables. La jeune fille vient chambouler leur quotidien bien r\u00f4d\u00e9 en leur redonnant le sourire. Ont-ils fait le bon choix en gardant aupr\u00e8s d&rsquo;eux cette enfant maigrichonne et rousse avec des taches de rousseur qui parle beaucoup trop et qui a tendance \u00e0 r\u00eavasser? <\/em><em>Anne a-t-elle enfin trouv\u00e9 le foyer tant de fois r\u00eav\u00e9 aupr\u00e8s d&rsquo;eux, apr\u00e8s une enfance solitaire, dans la pauvret\u00e9, sans joie, amour ni amis et \u00e0 s&rsquo;occuper d&rsquo;enfants en bas \u00e2ge?<\/em><\/p>\n<p style=\"text-align: justify;\"><em>Au fil des ann\u00e9es, Anne s&rsquo;\u00e9panouit et trouve sa place au sein de la petite communaut\u00e9 d&rsquo;Avonlea, que ce soit au sein d&rsquo;une famille aimante que repr\u00e9sente Marilla et Matthew ou \u00e0 l&rsquo;\u00e9cole, entretenant une amiti\u00e9 forte avec son amie de c\u0153ur Diana Barry du m\u00eame \u00e2ge qu&rsquo;elle ou une rivalit\u00e9 tenace avec Gilbert Blythe de 3 ans son a\u00een\u00e9 pour \u00eatre premier de la classe puis plus tard pour r\u00e9ussir l&rsquo;examen d&rsquo;admission \u00e0 Queen&rsquo;s pour devenir institutrice. <\/em><\/p>\n<p style=\"text-align: justify;\"><em>Bavarde, sans filtres et t\u00eate en l&rsquo;air, la jeune fille commet maladresses sur maladresses, que ce soit ses coups de col\u00e8re \u00e0 l&rsquo;encontre de Rachel Lynde ou Gilbert Blythe, ses erreurs qui prennent des proportions tragiques lorsqu&rsquo;elle sert par exemple du vin de groseille \u00e0 Diana au lieu du sirop de framboises lors de leur apr\u00e8s-midi th\u00e9, lorsqu&rsquo;elle fait un g\u00e2teau au liniment analg\u00e9sique au lieu de la vanille&#8230;<\/em><\/p>\n<p style=\"text-align: justify;\"><em>D&rsquo;une sensibilit\u00e9 \u00e0 fleur de peau, le moindre \u00e9v\u00e9nement peut prendre des proportions gigantesques, que ce soit dans une joie extr\u00eame lorsque par exemple Matthew lui offre pour No\u00ebl une robe aux manches bouffantes ou bien dans un d\u00e9sespoir profond lorsque Marilla a perdu sa broche d&rsquo;am\u00e9thyste et accuse Anne ou bien encore lorsque l&rsquo;adolescente se teint les cheveux en vert&#8230;<\/em><\/p>\n<p style=\"text-align: justify;\"><em>De m\u00eame qu&rsquo;elle le fait avec son quotidien, la jeune fille transforme et sublime la Nature qui l&rsquo;entoure en quelque chose de merveilleux, romantique ou f\u00e9\u00e9rique, comme c&rsquo;est le cas avec le Chemin blanc des d\u00e9lices, le Lac scintillant ou bien encore le Sentier des amoureux&#8230;<\/em><\/p>\n<p style=\"text-align: justify;\"><em>L&rsquo;autrice transpose avec tendresse et humour les \u00e9tats d&rsquo;\u00e2me d&rsquo;Anne, pleine d&rsquo;imagination dans ce qu&rsquo;elle vit et ressent et qui l&#8217;emporte tr\u00e8s souvent dans de grandes envol\u00e9es lyriques et m\u00e9lodramatiques. Anne se r\u00e9v\u00e8le tr\u00e8s attachante au point qu&rsquo;elle arrive \u00e0 se faire aimer de tout son entourage. Pleine de vie, elle ne laisse personne indiff\u00e9rent. Il est tr\u00e8s agr\u00e9able de voir grandir Anne et de voir le monde \u00e0 travers elle, elle qui s&rsquo;\u00e9merveille d&rsquo;un rien. <\/em><em>Coup de c\u0153ur pour ce premier tome des aventures d&rsquo;Anne Shirley, une jeune fille certes r\u00eaveuse mais p\u00e9tillante, vive et intelligente!<\/em><\/p>\n<p style=\"text-align: justify;\"><em>Au cours de ma lecture, je me suis rappel\u00e9e des passages du premier des trois t\u00e9l\u00e9films canadiens de Kevin Sullivan, <span style=\"text-decoration: underline;\">Le bonheur au bout du chemin<\/span> (1985) avec Megan Follows dans le r\u00f4le d&rsquo;Anne Shirley et que j&rsquo;avais vus il y a tr\u00e8s longtemps \u00e0 la t\u00e9l\u00e9vision quand j&rsquo;\u00e9tais adolescente, sans savoir, \u00e0 l&rsquo;\u00e9poque qu&rsquo;il s&rsquo;agissait d&rsquo;une adaptation d&rsquo;un<\/em><em> roman paru pour la premi\u00e8re fois en 1908.<\/em><\/p>\n<p><em>Pour un autre avis sur ce tome 1: <a href=\"https:\/\/artdelire.org\/2020\/12\/27\/anne-de-green-gables\/\">MissyCornish<\/a>.<\/em><\/p>\n<div style=\"width: 132px\" class=\"wp-caption alignleft\"><img loading=\"lazy\" decoding=\"async\" class=\"attachment-post-image  wp-post-image\" src=\"https:\/\/i0.wp.com\/www.jojoenherbe.com\/wp-content\/uploads\/2022\/03\/Challenge-Cottagecore-2022.jpg?fit=676%2C576&amp;ssl=1\" sizes=\"auto, (max-width: 676px) 100vw, 676px\" srcset=\"https:\/\/i0.wp.com\/www.jojoenherbe.com\/wp-content\/uploads\/2022\/03\/Challenge-Cottagecore-2022.jpg?w=747&amp;ssl=1 747w, https:\/\/i0.wp.com\/www.jojoenherbe.com\/wp-content\/uploads\/2022\/03\/Challenge-Cottagecore-2022.jpg?resize=300%2C256&amp;ssl=1 300w, https:\/\/i0.wp.com\/www.jojoenherbe.com\/wp-content\/uploads\/2022\/03\/Challenge-Cottagecore-2022.jpg?resize=676%2C576&amp;ssl=1 676w\" alt=\"\" width=\"122\" height=\"104\" data-attachment-id=\"24400\" data-permalink=\"https:\/\/www.jojoenherbe.com\/index.php\/2022\/03\/28\/billet-de-suivi-challenge-cottagecore-2022\/challenge-cottagecore-2022\/\" data-orig-file=\"https:\/\/i0.wp.com\/www.jojoenherbe.com\/wp-content\/uploads\/2022\/03\/Challenge-Cottagecore-2022.jpg?fit=747%2C637&amp;ssl=1\" data-orig-size=\"747,637\" data-comments-opened=\"1\" data-image-meta=\"{&quot;aperture&quot;:&quot;0&quot;,&quot;credit&quot;:&quot;&quot;,&quot;camera&quot;:&quot;&quot;,&quot;caption&quot;:&quot;&quot;,&quot;created_timestamp&quot;:&quot;0&quot;,&quot;copyright&quot;:&quot;&quot;,&quot;focal_length&quot;:&quot;0&quot;,&quot;iso&quot;:&quot;0&quot;,&quot;shutter_speed&quot;:&quot;0&quot;,&quot;title&quot;:&quot;&quot;,&quot;orientation&quot;:&quot;0&quot;}\" data-image-title=\"Challenge Cottagecore 2022\" data-image-description=\"\" data-image-caption=\"\" data-medium-file=\"https:\/\/i0.wp.com\/www.jojoenherbe.com\/wp-content\/uploads\/2022\/03\/Challenge-Cottagecore-2022.jpg?fit=300%2C256&amp;ssl=1\" data-large-file=\"https:\/\/i0.wp.com\/www.jojoenherbe.com\/wp-content\/uploads\/2022\/03\/Challenge-Cottagecore-2022.jpg?fit=676%2C576&amp;ssl=1\" \/><p class=\"wp-caption-text\">Participation #8 Challenge Cottagecore 2022 de <a href=\"https:\/\/artdelire.org\/2022\/03\/26\/challenge-cottagecore-2022-cest-parti-pour-une-nouvelle-saison\/\">MissyCornish<\/a> #Retour aux sources<\/p><\/div>\n<div style=\"width: 165px\" class=\"wp-caption alignleft\"><img loading=\"lazy\" decoding=\"async\" src=\"https:\/\/i0.wp.com\/image.over-blog.com\/g6mE5gMhh4EpmYRRBtNzyaCPNnc=\/filters:no_upscale()\/image%2F0776537%2F20220103%2Fob_7debe8_montagemaman20222.png?resize=192%2C108&amp;ssl=1\" alt=\"\" width=\"155\" height=\"87\" data-amp-height=\"160\" data-amp-width=\"284\" data-recalc-dims=\"1\" \/><p class=\"wp-caption-text\">Participation #11 Challenge 2022 en classiques de <a href=\"https:\/\/vivrelivre19.over-blog.com\/2022\/01\/2022-en-classiques.html\">Blandine<\/a> et <a href=\"https:\/\/delivrer-des-livres.fr\/2022-en-classiques-challenge\/\">Nathalie<\/a> #Classique canadien<\/p><\/div>\n<div style=\"width: 118px\" class=\"wp-caption alignleft\"><img loading=\"lazy\" decoding=\"async\" src=\"https:\/\/lh3.googleusercontent.com\/pw\/AM-JKLW-8Xy9BIRqinPzrRBz2J2pSlRnlFIwPEKmmv1zpAf3DZoC0nJGqVPx8b0ycvPVte06hr4gaDsphFfyIzipAAW1MPEwEpWUpvmIVdN6H4fs8knOaKBdlyDoMp3hCYeWKD_2Ax2fVRZYrtgs4qzmpYdYpQ=w285-h217-no?authuser=1\" alt=\"\" width=\"108\" height=\"82\" \/><p class=\"wp-caption-text\">Challenge Petit Bac d\u2019<a href=\"https:\/\/ennalit.wordpress.com\/2021\/12\/01\/challenge-petit-bac-2022-qui-veut-jouer\/\">Enna<\/a> #6 Cat\u00e9gorie Couleur: \u00ab Green \u00bb<\/p><\/div>\n<div style=\"width: 118px\" class=\"wp-caption alignleft\"><img loading=\"lazy\" decoding=\"async\" src=\"https:\/\/i2.wp.com\/mapetitemediatheque.fr\/wp-content\/uploads\/2021\/11\/Inkedle-tour-du-monde-en-80-livres-2_LI.jpg?resize=168%2C127&amp;ssl=1\" alt=\"\" width=\"108\" height=\"82\" \/><p class=\"wp-caption-text\">Participation #71 Challenge Le tour du monde en 80 livres de <a href=\"https:\/\/mapetitemediatheque.fr\/2021\/12\/le-tour-du-monde-en-80-livres-le-challenge-qui-vous-fait-aimer-la-litterature-etrangere\/\">Bidib<\/a> #Canada<\/p><\/div>\n","protected":false},"excerpt":{"rendered":"<p>L&rsquo;ann\u00e9e derni\u00e8re, j&rsquo;avais lu Anne de Green Gables de Lucy Maud Montgomery (\u00e9d. Monsieur Toussaint Laventure, 2020, 384 pages), un roman jeunesse \u00e0 partir de 13 ans et \u00e0 la magnifique couverture pleine page de Paul Blow. Dans ce roman initiatique, on suit l&rsquo;histoire d&rsquo;Anne Shirley de ses 11 \u00e0 16 ans et de son [&hellip;]<\/p>\n","protected":false},"author":1,"featured_media":18692,"comment_status":"open","ping_status":"open","sticky":false,"template":"","format":"standard","meta":{"jetpack_post_was_ever_published":false,"_jetpack_newsletter_access":"","_jetpack_dont_email_post_to_subs":false,"_jetpack_newsletter_tier_id":0,"_jetpack_memberships_contains_paywalled_content":false,"_jetpack_memberships_contains_paid_content":false,"footnotes":""},"categories":[363],"tags":[1485,2919,1842,386,777,1659,3037,2915,868,459,453,2918,367,3106,3220,543,1229,3339,1177,789],"class_list":["post-25418","post","type-post","status-publish","format-standard","has-post-thumbnail","hentry","category-mini-lecteur","tag-13-16-ans","tag-2022-en-classiques","tag-adolescence","tag-amitie","tag-amour","tag-canada","tag-challenge-cottagecore-2022","tag-challenge-petit-bac-2022","tag-enfance","tag-famille","tag-imagination","tag-le-tour-du-monde-en-80-livres-2022","tag-lecture-jeunesse","tag-litterature-canadienne","tag-lucy-maud-montgomery","tag-nature","tag-orphelin","tag-paul-blow","tag-roman-initiatique","tag-romans-jeunesse","post-preview"],"jetpack_featured_media_url":"https:\/\/i0.wp.com\/www.jojoenherbe.com\/wp-content\/uploads\/2021\/05\/Anne-de-Green-Gables-scaled.jpg?fit=2560%2C2437","jetpack_sharing_enabled":true,"jetpack_shortlink":"https:\/\/wp.me\/p9zhGx-6BY","jetpack_likes_enabled":true,"jetpack-related-posts":[{"id":18032,"url":"http:\/\/www.jojoenherbe.com\/index.php\/2021\/05\/02\/billet-de-suivi-challenge-cottagecore-2021\/","url_meta":{"origin":25418,"position":0},"title":"Billet de suivi: Challenge Cottagecore 2021","author":"Jojo","date":"2 mai 2021","format":false,"excerpt":"Du 1er mai au 30 septembre 2021, Missycornish propose un nouveau challenge sur une tendance actuelle depuis la pand\u00e9mie de Covid-19, le \u00ab cottagecore \u00bb, \u00e0 savoir un mode de vie slowlife dans une campagne id\u00e9alis\u00e9e et s\u2019inspirant de la campagne anglaise du XIXe si\u00e8cle. Pour ce challenge Cottagecore, Missycornish\u2026","rel":"","context":"Dans &quot;Mini challenger&quot;","block_context":{"text":"Mini challenger","link":"http:\/\/www.jojoenherbe.com\/index.php\/category\/mini-challenger\/"},"img":{"alt_text":"","src":"https:\/\/i0.wp.com\/www.jojoenherbe.com\/wp-content\/uploads\/2021\/05\/Nord-et-Sud-150x150.jpg?resize=350%2C200","width":350,"height":200},"classes":[]},{"id":20214,"url":"http:\/\/www.jojoenherbe.com\/index.php\/2021\/08\/17\/point-lecture-hebdomadaire-2\/","url_meta":{"origin":25418,"position":1},"title":"Point lecture hebdomadaire #2","author":"Jojo","date":"17 ao\u00fbt 2021","format":false,"excerpt":"Comme mardi dernier, voici notre point lecture hebdomadaire avec un retour sur nos lectures de la semaine derni\u00e8re, celle en cours et sans doute nos prochaines. Nos lectures du 9 au 15 ao\u00fbt 2021: Des albums jeunesse: (Album jeunesse) Deux dr\u00f4les de b\u00eates dans la for\u00eat de Fiona Roberton Nous\u2026","rel":"","context":"Dans &quot;Mini blogueur&quot;","block_context":{"text":"Mini blogueur","link":"http:\/\/www.jojoenherbe.com\/index.php\/category\/mini-blogueur\/"},"img":{"alt_text":"","src":"https:\/\/i0.wp.com\/www.jojoenherbe.com\/wp-content\/uploads\/2021\/08\/Point-lecture-hebdo-2-scaled.jpg?fit=1200%2C941&resize=350%2C200","width":350,"height":200,"srcset":"https:\/\/i0.wp.com\/www.jojoenherbe.com\/wp-content\/uploads\/2021\/08\/Point-lecture-hebdo-2-scaled.jpg?fit=1200%2C941&resize=350%2C200 1x, https:\/\/i0.wp.com\/www.jojoenherbe.com\/wp-content\/uploads\/2021\/08\/Point-lecture-hebdo-2-scaled.jpg?fit=1200%2C941&resize=525%2C300 1.5x, https:\/\/i0.wp.com\/www.jojoenherbe.com\/wp-content\/uploads\/2021\/08\/Point-lecture-hebdo-2-scaled.jpg?fit=1200%2C941&resize=700%2C400 2x, https:\/\/i0.wp.com\/www.jojoenherbe.com\/wp-content\/uploads\/2021\/08\/Point-lecture-hebdo-2-scaled.jpg?fit=1200%2C941&resize=1050%2C600 3x"},"classes":[]},{"id":40496,"url":"http:\/\/www.jojoenherbe.com\/index.php\/2025\/08\/25\/au-fil-des-pages-avec-le-jardin-demily\/","url_meta":{"origin":25418,"position":2},"title":"Au fil des pages avec Le jardin d&rsquo;Emily","author":"Jojo","date":"25 ao\u00fbt 2025","format":false,"excerpt":"Rep\u00e9r\u00e9e chez Chicky Poo, j'ai lu, en version num\u00e9rique via ma m\u00e9diath\u00e8que, Le Jardin d'Emily, Une histoire sur la jeunesse d'Emily Dickinson de Lydia Corry (\u00e9d. Jungle, octobre 2024, 112 pages), une BD jeunesse \u00e0 partir de 9\/10 ans et qui retrace une partie de la vie de la po\u00e9tesse\u2026","rel":"","context":"Dans &quot;Mini lecteur&quot;","block_context":{"text":"Mini lecteur","link":"http:\/\/www.jojoenherbe.com\/index.php\/category\/mini-lecteur\/"},"img":{"alt_text":"","src":"https:\/\/i0.wp.com\/www.jojoenherbe.com\/wp-content\/uploads\/2025\/08\/Le-jardin-dEmily.jpg?fit=750%2C1183&resize=350%2C200","width":350,"height":200,"srcset":"https:\/\/i0.wp.com\/www.jojoenherbe.com\/wp-content\/uploads\/2025\/08\/Le-jardin-dEmily.jpg?fit=750%2C1183&resize=350%2C200 1x, https:\/\/i0.wp.com\/www.jojoenherbe.com\/wp-content\/uploads\/2025\/08\/Le-jardin-dEmily.jpg?fit=750%2C1183&resize=525%2C300 1.5x, https:\/\/i0.wp.com\/www.jojoenherbe.com\/wp-content\/uploads\/2025\/08\/Le-jardin-dEmily.jpg?fit=750%2C1183&resize=700%2C400 2x"},"classes":[]},{"id":39410,"url":"http:\/\/www.jojoenherbe.com\/index.php\/2025\/05\/16\/au-fil-des-pages-avec-le-vent-passe-et-la-nuit-aussi\/","url_meta":{"origin":25418,"position":3},"title":"Au fil des pages avec Le vent passe et la nuit aussi","author":"Jojo","date":"16 mai 2025","format":false,"excerpt":"J'ai lu Le vent passe et la nuit aussi de Milena Agus (\u00e9d. Liana Levi, janvier 2025, 176 pages), un court roman d'apprentissage se d\u00e9roulant \u00e0 Cagliari, en Sardaigne, pour une lecture commune facultative propos\u00e9e par Eimelle dans le cadre d'Un mois en Italie 2025. Cosima, une lyc\u00e9enne, \"litt\u00e9rature\" sa\u2026","rel":"","context":"Dans &quot;Mini lecteur&quot;","block_context":{"text":"Mini lecteur","link":"http:\/\/www.jojoenherbe.com\/index.php\/category\/mini-lecteur\/"},"img":{"alt_text":"","src":"https:\/\/i0.wp.com\/www.jojoenherbe.com\/wp-content\/uploads\/2025\/05\/Le-vent-passe-et-la-nuit-aussi.jpg?fit=750%2C1148&resize=350%2C200","width":350,"height":200,"srcset":"https:\/\/i0.wp.com\/www.jojoenherbe.com\/wp-content\/uploads\/2025\/05\/Le-vent-passe-et-la-nuit-aussi.jpg?fit=750%2C1148&resize=350%2C200 1x, https:\/\/i0.wp.com\/www.jojoenherbe.com\/wp-content\/uploads\/2025\/05\/Le-vent-passe-et-la-nuit-aussi.jpg?fit=750%2C1148&resize=525%2C300 1.5x, https:\/\/i0.wp.com\/www.jojoenherbe.com\/wp-content\/uploads\/2025\/05\/Le-vent-passe-et-la-nuit-aussi.jpg?fit=750%2C1148&resize=700%2C400 2x"},"classes":[]},{"id":27849,"url":"http:\/\/www.jojoenherbe.com\/index.php\/2022\/10\/10\/au-fil-des-pages-avec-la-fille-qui-avait-bu-la-lune\/","url_meta":{"origin":25418,"position":4},"title":"Au fil des pages avec La fille qui avait bu la lune","author":"Jojo","date":"10 octobre 2022","format":false,"excerpt":"J'ai lu La fille qui avait bu la lune de Kelly Barnhill (\u00e9d. S.N. Editions Anne Carri\u00e8re, 2017, 366 pages), un roman jeunesse fantasy pour les adolescents \u00e0 la magnifique illustration de couverture. Chaque ann\u00e9e, les habitants du Protectorat sacrifient un b\u00e9b\u00e9 \u00e0 la terrifiante Sorci\u00e8re des bois afin d'\u00e9chapper\u2026","rel":"","context":"Dans &quot;Mini lecteur&quot;","block_context":{"text":"Mini lecteur","link":"http:\/\/www.jojoenherbe.com\/index.php\/category\/mini-lecteur\/"},"img":{"alt_text":"","src":"https:\/\/i0.wp.com\/www.jojoenherbe.com\/wp-content\/uploads\/2022\/09\/La-fille-qui-avait-bu-la-lune-scaled.jpg?fit=1200%2C951&resize=350%2C200","width":350,"height":200,"srcset":"https:\/\/i0.wp.com\/www.jojoenherbe.com\/wp-content\/uploads\/2022\/09\/La-fille-qui-avait-bu-la-lune-scaled.jpg?fit=1200%2C951&resize=350%2C200 1x, https:\/\/i0.wp.com\/www.jojoenherbe.com\/wp-content\/uploads\/2022\/09\/La-fille-qui-avait-bu-la-lune-scaled.jpg?fit=1200%2C951&resize=525%2C300 1.5x, https:\/\/i0.wp.com\/www.jojoenherbe.com\/wp-content\/uploads\/2022\/09\/La-fille-qui-avait-bu-la-lune-scaled.jpg?fit=1200%2C951&resize=700%2C400 2x, https:\/\/i0.wp.com\/www.jojoenherbe.com\/wp-content\/uploads\/2022\/09\/La-fille-qui-avait-bu-la-lune-scaled.jpg?fit=1200%2C951&resize=1050%2C600 3x"},"classes":[]},{"id":25920,"url":"http:\/\/www.jojoenherbe.com\/index.php\/2022\/06\/14\/nos-lectures-le-jardin-secret\/","url_meta":{"origin":25418,"position":5},"title":"Nos lectures \u00ab\u00a0Le jardin secret\u00a0\u00bb","author":"Jojo","date":"14 juin 2022","format":false,"excerpt":"Pour cette journ\u00e9e \"Garden\" du 14 juin 2022 du Mois Anglais, j'ai choisi de regrouper dans un billet nos lectures autour du Jardin secret de Frances H. Burnett, un classique de la litt\u00e9rature jeunesse anglaise paru pour la premi\u00e8re fois en 1911. (Roman jeunesse) Le jardin secret de Frances H.\u2026","rel":"","context":"Dans &quot;Mini lecteur&quot;","block_context":{"text":"Mini lecteur","link":"http:\/\/www.jojoenherbe.com\/index.php\/category\/mini-lecteur\/"},"img":{"alt_text":"","src":"https:\/\/i0.wp.com\/www.jojoenherbe.com\/wp-content\/uploads\/2022\/06\/Le-jardin-secret-scaled.jpg?fit=1200%2C960&resize=350%2C200","width":350,"height":200,"srcset":"https:\/\/i0.wp.com\/www.jojoenherbe.com\/wp-content\/uploads\/2022\/06\/Le-jardin-secret-scaled.jpg?fit=1200%2C960&resize=350%2C200 1x, https:\/\/i0.wp.com\/www.jojoenherbe.com\/wp-content\/uploads\/2022\/06\/Le-jardin-secret-scaled.jpg?fit=1200%2C960&resize=525%2C300 1.5x, https:\/\/i0.wp.com\/www.jojoenherbe.com\/wp-content\/uploads\/2022\/06\/Le-jardin-secret-scaled.jpg?fit=1200%2C960&resize=700%2C400 2x, https:\/\/i0.wp.com\/www.jojoenherbe.com\/wp-content\/uploads\/2022\/06\/Le-jardin-secret-scaled.jpg?fit=1200%2C960&resize=1050%2C600 3x"},"classes":[]}],"_links":{"self":[{"href":"http:\/\/www.jojoenherbe.com\/index.php\/wp-json\/wp\/v2\/posts\/25418","targetHints":{"allow":["GET"]}}],"collection":[{"href":"http:\/\/www.jojoenherbe.com\/index.php\/wp-json\/wp\/v2\/posts"}],"about":[{"href":"http:\/\/www.jojoenherbe.com\/index.php\/wp-json\/wp\/v2\/types\/post"}],"author":[{"embeddable":true,"href":"http:\/\/www.jojoenherbe.com\/index.php\/wp-json\/wp\/v2\/users\/1"}],"replies":[{"embeddable":true,"href":"http:\/\/www.jojoenherbe.com\/index.php\/wp-json\/wp\/v2\/comments?post=25418"}],"version-history":[{"count":46,"href":"http:\/\/www.jojoenherbe.com\/index.php\/wp-json\/wp\/v2\/posts\/25418\/revisions"}],"predecessor-version":[{"id":27127,"href":"http:\/\/www.jojoenherbe.com\/index.php\/wp-json\/wp\/v2\/posts\/25418\/revisions\/27127"}],"wp:featuredmedia":[{"embeddable":true,"href":"http:\/\/www.jojoenherbe.com\/index.php\/wp-json\/wp\/v2\/media\/18692"}],"wp:attachment":[{"href":"http:\/\/www.jojoenherbe.com\/index.php\/wp-json\/wp\/v2\/media?parent=25418"}],"wp:term":[{"taxonomy":"category","embeddable":true,"href":"http:\/\/www.jojoenherbe.com\/index.php\/wp-json\/wp\/v2\/categories?post=25418"},{"taxonomy":"post_tag","embeddable":true,"href":"http:\/\/www.jojoenherbe.com\/index.php\/wp-json\/wp\/v2\/tags?post=25418"}],"curies":[{"name":"wp","href":"https:\/\/api.w.org\/{rel}","templated":true}]}}