{"id":25345,"date":"2022-05-03T07:00:00","date_gmt":"2022-05-03T05:00:00","guid":{"rendered":"https:\/\/www.jojoenherbe.com\/?p=25345"},"modified":"2022-05-04T09:43:54","modified_gmt":"2022-05-04T07:43:54","slug":"la-nature-au-fil-du-printemps-5","status":"publish","type":"post","link":"http:\/\/www.jojoenherbe.com\/index.php\/2022\/05\/03\/la-nature-au-fil-du-printemps-5\/","title":{"rendered":"La Nature au fil du printemps #5"},"content":{"rendered":"<p style=\"text-align: justify;\"><em>Pour ce nouveau rendez-vous photo avec <a href=\"https:\/\/sylectures.wordpress.com\/\">Syl<\/a> et <a href=\"https:\/\/ribambelledhistoires.over-blog.com\/\">Isabelle<\/a> d\u2019\u00e9coute et d\u2019observation de la Nature au fil du printemps, voici quelques photos prises le 1er mai \u00e0 Vaugrenier, que ce soit c\u00f4t\u00e9 parc ou \u00e9tang. Comme \u00e0 chaque printemps, les iris des marais ont fleuri comme d&rsquo;autres fleurs. Nous pouvons \u00e9galement entendre puis observer trois petits d&rsquo;une poule d&rsquo;eau \u00e9galement appel\u00e9e gallinule lorsqu&rsquo;ils ne se faufilent pas entre les iris des marais.\u00a0<\/em><\/p>\n<div class=\"tiled-gallery type-rectangular tiled-gallery-unresized\" data-original-width=\"676\" data-carousel-extra='{&quot;blog_id&quot;:1,&quot;permalink&quot;:&quot;http:\\\/\\\/www.jojoenherbe.com\\\/index.php\\\/2022\\\/05\\\/03\\\/la-nature-au-fil-du-printemps-5\\\/&quot;,&quot;likes_blog_id&quot;:141396489}' itemscope itemtype=\"http:\/\/schema.org\/ImageGallery\" > <div class=\"gallery-row\" style=\"width: 676px; height: 292px;\" data-original-width=\"676\" data-original-height=\"292\" > <div class=\"gallery-group images-2\" style=\"width: 169px; height: 292px;\" data-original-width=\"169\" data-original-height=\"292\" > <div class=\"tiled-gallery-item tiled-gallery-item-small\" itemprop=\"associatedMedia\" itemscope itemtype=\"http:\/\/schema.org\/ImageObject\"> <a href=\"http:\/\/www.jojoenherbe.com\/index.php\/2022\/05\/03\/la-nature-au-fil-du-printemps-5\/etang-de-vaugrenier-2-4\/\" border=\"0\" itemprop=\"url\"> <meta itemprop=\"width\" content=\"165\"> <meta itemprop=\"height\" content=\"123\"> <img decoding=\"async\" class=\"\" data-attachment-id=\"25346\" data-orig-file=\"http:\/\/www.jojoenherbe.com\/wp-content\/uploads\/2022\/05\/Etang-de-Vaugrenier-2-scaled.jpg\" data-orig-size=\"2560,1920\" data-comments-opened=\"1\" data-image-meta=\"{&quot;aperture&quot;:&quot;5.6&quot;,&quot;credit&quot;:&quot;&quot;,&quot;camera&quot;:&quot;DSC-HX400V&quot;,&quot;caption&quot;:&quot;&quot;,&quot;created_timestamp&quot;:&quot;1651411436&quot;,&quot;copyright&quot;:&quot;&quot;,&quot;focal_length&quot;:&quot;90.22&quot;,&quot;iso&quot;:&quot;200&quot;,&quot;shutter_speed&quot;:&quot;0.004&quot;,&quot;title&quot;:&quot;&quot;,&quot;orientation&quot;:&quot;1&quot;}\" data-image-title=\"Etang de Vaugrenier 2\" data-image-description=\"\" data-medium-file=\"https:\/\/i0.wp.com\/www.jojoenherbe.com\/wp-content\/uploads\/2022\/05\/Etang-de-Vaugrenier-2-scaled.jpg?fit=300%2C225\" data-large-file=\"https:\/\/i0.wp.com\/www.jojoenherbe.com\/wp-content\/uploads\/2022\/05\/Etang-de-Vaugrenier-2-scaled.jpg?fit=676%2C507\" src=\"https:\/\/i0.wp.com\/www.jojoenherbe.com\/wp-content\/uploads\/2022\/05\/Etang-de-Vaugrenier-2-scaled.jpg?w=165&#038;h=123\" srcset=\"https:\/\/i0.wp.com\/www.jojoenherbe.com\/wp-content\/uploads\/2022\/05\/Etang-de-Vaugrenier-2-scaled.jpg?w=2560 2560w, https:\/\/i0.wp.com\/www.jojoenherbe.com\/wp-content\/uploads\/2022\/05\/Etang-de-Vaugrenier-2-scaled.jpg?resize=300%2C225 300w, https:\/\/i0.wp.com\/www.jojoenherbe.com\/wp-content\/uploads\/2022\/05\/Etang-de-Vaugrenier-2-scaled.jpg?resize=1024%2C768 1024w, https:\/\/i0.wp.com\/www.jojoenherbe.com\/wp-content\/uploads\/2022\/05\/Etang-de-Vaugrenier-2-scaled.jpg?resize=768%2C576 768w, https:\/\/i0.wp.com\/www.jojoenherbe.com\/wp-content\/uploads\/2022\/05\/Etang-de-Vaugrenier-2-scaled.jpg?resize=1536%2C1152 1536w, https:\/\/i0.wp.com\/www.jojoenherbe.com\/wp-content\/uploads\/2022\/05\/Etang-de-Vaugrenier-2-scaled.jpg?resize=2048%2C1536 2048w, https:\/\/i0.wp.com\/www.jojoenherbe.com\/wp-content\/uploads\/2022\/05\/Etang-de-Vaugrenier-2-scaled.jpg?resize=676%2C507 676w, https:\/\/i0.wp.com\/www.jojoenherbe.com\/wp-content\/uploads\/2022\/05\/Etang-de-Vaugrenier-2-scaled.jpg?w=1352 1352w\" width=\"165\" height=\"123\" loading=\"lazy\" data-original-width=\"165\" data-original-height=\"123\" itemprop=\"http:\/\/schema.org\/image\" title=\"Etang de Vaugrenier 2\" alt=\"Etang de Vaugrenier 2\" style=\"width: 165px; height: 123px;\" \/> <\/a> <\/div> <div class=\"tiled-gallery-item tiled-gallery-item-small\" itemprop=\"associatedMedia\" itemscope itemtype=\"http:\/\/schema.org\/ImageObject\"> <a href=\"http:\/\/www.jojoenherbe.com\/index.php\/2022\/05\/03\/la-nature-au-fil-du-printemps-5\/vaugrenier-10\/\" border=\"0\" itemprop=\"url\"> <meta itemprop=\"width\" content=\"165\"> <meta itemprop=\"height\" content=\"161\"> <img decoding=\"async\" class=\"\" data-attachment-id=\"25351\" data-orig-file=\"http:\/\/www.jojoenherbe.com\/wp-content\/uploads\/2022\/05\/Vaugrenier-scaled.jpg\" data-orig-size=\"2560,2497\" data-comments-opened=\"1\" data-image-meta=\"{&quot;aperture&quot;:&quot;3.5&quot;,&quot;credit&quot;:&quot;&quot;,&quot;camera&quot;:&quot;DSC-HX400V&quot;,&quot;caption&quot;:&quot;&quot;,&quot;created_timestamp&quot;:&quot;1651413860&quot;,&quot;copyright&quot;:&quot;&quot;,&quot;focal_length&quot;:&quot;8.61&quot;,&quot;iso&quot;:&quot;125&quot;,&quot;shutter_speed&quot;:&quot;0.02&quot;,&quot;title&quot;:&quot;&quot;,&quot;orientation&quot;:&quot;1&quot;}\" data-image-title=\"Vaugrenier\" data-image-description=\"\" data-medium-file=\"https:\/\/i0.wp.com\/www.jojoenherbe.com\/wp-content\/uploads\/2022\/05\/Vaugrenier-scaled.jpg?fit=300%2C293\" data-large-file=\"https:\/\/i0.wp.com\/www.jojoenherbe.com\/wp-content\/uploads\/2022\/05\/Vaugrenier-scaled.jpg?fit=676%2C659\" src=\"https:\/\/i0.wp.com\/www.jojoenherbe.com\/wp-content\/uploads\/2022\/05\/Vaugrenier-scaled.jpg?w=165&#038;h=161\" srcset=\"https:\/\/i0.wp.com\/www.jojoenherbe.com\/wp-content\/uploads\/2022\/05\/Vaugrenier-scaled.jpg?w=2560 2560w, https:\/\/i0.wp.com\/www.jojoenherbe.com\/wp-content\/uploads\/2022\/05\/Vaugrenier-scaled.jpg?resize=300%2C293 300w, https:\/\/i0.wp.com\/www.jojoenherbe.com\/wp-content\/uploads\/2022\/05\/Vaugrenier-scaled.jpg?resize=1024%2C999 1024w, https:\/\/i0.wp.com\/www.jojoenherbe.com\/wp-content\/uploads\/2022\/05\/Vaugrenier-scaled.jpg?resize=768%2C749 768w, https:\/\/i0.wp.com\/www.jojoenherbe.com\/wp-content\/uploads\/2022\/05\/Vaugrenier-scaled.jpg?resize=1536%2C1498 1536w, https:\/\/i0.wp.com\/www.jojoenherbe.com\/wp-content\/uploads\/2022\/05\/Vaugrenier-scaled.jpg?resize=2048%2C1998 2048w, https:\/\/i0.wp.com\/www.jojoenherbe.com\/wp-content\/uploads\/2022\/05\/Vaugrenier-scaled.jpg?resize=676%2C659 676w, https:\/\/i0.wp.com\/www.jojoenherbe.com\/wp-content\/uploads\/2022\/05\/Vaugrenier-scaled.jpg?w=1352 1352w\" width=\"165\" height=\"161\" loading=\"lazy\" data-original-width=\"165\" data-original-height=\"161\" itemprop=\"http:\/\/schema.org\/image\" title=\"Vaugrenier\" alt=\"Vaugrenier\" style=\"width: 165px; height: 161px;\" \/> <\/a> <\/div> <\/div> <!-- close group --> <div class=\"gallery-group images-2\" style=\"width: 176px; height: 292px;\" data-original-width=\"176\" data-original-height=\"292\" > <div class=\"tiled-gallery-item tiled-gallery-item-small\" itemprop=\"associatedMedia\" itemscope itemtype=\"http:\/\/schema.org\/ImageObject\"> <a href=\"http:\/\/www.jojoenherbe.com\/index.php\/2022\/05\/03\/la-nature-au-fil-du-printemps-5\/parc-de-vaugrenier-13\/\" border=\"0\" itemprop=\"url\"> <meta itemprop=\"width\" content=\"172\"> <meta itemprop=\"height\" content=\"155\"> <img decoding=\"async\" class=\"\" data-attachment-id=\"25349\" data-orig-file=\"http:\/\/www.jojoenherbe.com\/wp-content\/uploads\/2022\/05\/Parc-de-Vaugrenier-scaled.jpg\" data-orig-size=\"2560,2307\" data-comments-opened=\"1\" data-image-meta=\"{&quot;aperture&quot;:&quot;3.2&quot;,&quot;credit&quot;:&quot;&quot;,&quot;camera&quot;:&quot;DSC-HX400V&quot;,&quot;caption&quot;:&quot;&quot;,&quot;created_timestamp&quot;:&quot;1651407330&quot;,&quot;copyright&quot;:&quot;&quot;,&quot;focal_length&quot;:&quot;4.3&quot;,&quot;iso&quot;:&quot;80&quot;,&quot;shutter_speed&quot;:&quot;0.0015625&quot;,&quot;title&quot;:&quot;&quot;,&quot;orientation&quot;:&quot;1&quot;}\" data-image-title=\"Parc de Vaugrenier\" data-image-description=\"\" data-medium-file=\"https:\/\/i0.wp.com\/www.jojoenherbe.com\/wp-content\/uploads\/2022\/05\/Parc-de-Vaugrenier-scaled.jpg?fit=300%2C270\" data-large-file=\"https:\/\/i0.wp.com\/www.jojoenherbe.com\/wp-content\/uploads\/2022\/05\/Parc-de-Vaugrenier-scaled.jpg?fit=676%2C609\" src=\"https:\/\/i0.wp.com\/www.jojoenherbe.com\/wp-content\/uploads\/2022\/05\/Parc-de-Vaugrenier-scaled.jpg?w=172&#038;h=155\" srcset=\"https:\/\/i0.wp.com\/www.jojoenherbe.com\/wp-content\/uploads\/2022\/05\/Parc-de-Vaugrenier-scaled.jpg?w=2560 2560w, https:\/\/i0.wp.com\/www.jojoenherbe.com\/wp-content\/uploads\/2022\/05\/Parc-de-Vaugrenier-scaled.jpg?resize=300%2C270 300w, https:\/\/i0.wp.com\/www.jojoenherbe.com\/wp-content\/uploads\/2022\/05\/Parc-de-Vaugrenier-scaled.jpg?resize=1024%2C923 1024w, https:\/\/i0.wp.com\/www.jojoenherbe.com\/wp-content\/uploads\/2022\/05\/Parc-de-Vaugrenier-scaled.jpg?resize=768%2C692 768w, https:\/\/i0.wp.com\/www.jojoenherbe.com\/wp-content\/uploads\/2022\/05\/Parc-de-Vaugrenier-scaled.jpg?resize=1536%2C1384 1536w, https:\/\/i0.wp.com\/www.jojoenherbe.com\/wp-content\/uploads\/2022\/05\/Parc-de-Vaugrenier-scaled.jpg?resize=2048%2C1846 2048w, https:\/\/i0.wp.com\/www.jojoenherbe.com\/wp-content\/uploads\/2022\/05\/Parc-de-Vaugrenier-scaled.jpg?resize=676%2C609 676w, https:\/\/i0.wp.com\/www.jojoenherbe.com\/wp-content\/uploads\/2022\/05\/Parc-de-Vaugrenier-scaled.jpg?w=1352 1352w\" width=\"172\" height=\"155\" loading=\"lazy\" data-original-width=\"172\" data-original-height=\"155\" itemprop=\"http:\/\/schema.org\/image\" title=\"Parc de Vaugrenier\" alt=\"Parc de Vaugrenier\" style=\"width: 172px; height: 155px;\" \/> <\/a> <\/div> <div class=\"tiled-gallery-item tiled-gallery-item-small\" itemprop=\"associatedMedia\" itemscope itemtype=\"http:\/\/schema.org\/ImageObject\"> <a href=\"http:\/\/www.jojoenherbe.com\/index.php\/2022\/05\/03\/la-nature-au-fil-du-printemps-5\/iris-des-marais-vaugrenier-2-3\/\" border=\"0\" itemprop=\"url\"> <meta itemprop=\"width\" content=\"172\"> <meta itemprop=\"height\" content=\"129\"> <img decoding=\"async\" class=\"\" data-attachment-id=\"25347\" data-orig-file=\"http:\/\/www.jojoenherbe.com\/wp-content\/uploads\/2022\/05\/Iris-des-marais-Vaugrenier-2-scaled.jpg\" data-orig-size=\"2560,1920\" data-comments-opened=\"1\" data-image-meta=\"{&quot;aperture&quot;:&quot;4.5&quot;,&quot;credit&quot;:&quot;&quot;,&quot;camera&quot;:&quot;DSC-HX400V&quot;,&quot;caption&quot;:&quot;&quot;,&quot;created_timestamp&quot;:&quot;1651408773&quot;,&quot;copyright&quot;:&quot;&quot;,&quot;focal_length&quot;:&quot;28.27&quot;,&quot;iso&quot;:&quot;250&quot;,&quot;shutter_speed&quot;:&quot;0.00625&quot;,&quot;title&quot;:&quot;&quot;,&quot;orientation&quot;:&quot;1&quot;}\" data-image-title=\"Iris des marais &amp;#8211; Vaugrenier 2\" data-image-description=\"\" data-medium-file=\"https:\/\/i0.wp.com\/www.jojoenherbe.com\/wp-content\/uploads\/2022\/05\/Iris-des-marais-Vaugrenier-2-scaled.jpg?fit=300%2C225\" data-large-file=\"https:\/\/i0.wp.com\/www.jojoenherbe.com\/wp-content\/uploads\/2022\/05\/Iris-des-marais-Vaugrenier-2-scaled.jpg?fit=676%2C507\" src=\"https:\/\/i0.wp.com\/www.jojoenherbe.com\/wp-content\/uploads\/2022\/05\/Iris-des-marais-Vaugrenier-2-scaled.jpg?w=172&#038;h=129\" srcset=\"https:\/\/i0.wp.com\/www.jojoenherbe.com\/wp-content\/uploads\/2022\/05\/Iris-des-marais-Vaugrenier-2-scaled.jpg?w=2560 2560w, https:\/\/i0.wp.com\/www.jojoenherbe.com\/wp-content\/uploads\/2022\/05\/Iris-des-marais-Vaugrenier-2-scaled.jpg?resize=300%2C225 300w, https:\/\/i0.wp.com\/www.jojoenherbe.com\/wp-content\/uploads\/2022\/05\/Iris-des-marais-Vaugrenier-2-scaled.jpg?resize=1024%2C768 1024w, https:\/\/i0.wp.com\/www.jojoenherbe.com\/wp-content\/uploads\/2022\/05\/Iris-des-marais-Vaugrenier-2-scaled.jpg?resize=768%2C576 768w, https:\/\/i0.wp.com\/www.jojoenherbe.com\/wp-content\/uploads\/2022\/05\/Iris-des-marais-Vaugrenier-2-scaled.jpg?resize=1536%2C1152 1536w, https:\/\/i0.wp.com\/www.jojoenherbe.com\/wp-content\/uploads\/2022\/05\/Iris-des-marais-Vaugrenier-2-scaled.jpg?resize=2048%2C1536 2048w, https:\/\/i0.wp.com\/www.jojoenherbe.com\/wp-content\/uploads\/2022\/05\/Iris-des-marais-Vaugrenier-2-scaled.jpg?resize=676%2C507 676w, https:\/\/i0.wp.com\/www.jojoenherbe.com\/wp-content\/uploads\/2022\/05\/Iris-des-marais-Vaugrenier-2-scaled.jpg?w=1352 1352w\" width=\"172\" height=\"129\" loading=\"lazy\" data-original-width=\"172\" data-original-height=\"129\" itemprop=\"http:\/\/schema.org\/image\" title=\"Iris des marais - Vaugrenier 2\" alt=\"Iris des marais - Vaugrenier 2\" style=\"width: 172px; height: 129px;\" \/> <\/a> <\/div> <\/div> <!-- close group --> <div class=\"gallery-group images-1\" style=\"width: 331px; height: 292px;\" data-original-width=\"331\" data-original-height=\"292\" > <div class=\"tiled-gallery-item tiled-gallery-item-large\" itemprop=\"associatedMedia\" itemscope itemtype=\"http:\/\/schema.org\/ImageObject\"> <a href=\"http:\/\/www.jojoenherbe.com\/index.php\/2022\/05\/03\/la-nature-au-fil-du-printemps-5\/poule-deau-ou-gallinule-vaugrenier\/\" border=\"0\" itemprop=\"url\"> <meta itemprop=\"width\" content=\"327\"> <meta itemprop=\"height\" content=\"288\"> <img decoding=\"async\" class=\"\" data-attachment-id=\"25350\" data-orig-file=\"http:\/\/www.jojoenherbe.com\/wp-content\/uploads\/2022\/05\/Poule-deau-ou-gallinule-Vaugrenier-scaled.jpg\" data-orig-size=\"2560,2255\" data-comments-opened=\"1\" data-image-meta=\"{&quot;aperture&quot;:&quot;4.5&quot;,&quot;credit&quot;:&quot;&quot;,&quot;camera&quot;:&quot;DSC-HX400V&quot;,&quot;caption&quot;:&quot;&quot;,&quot;created_timestamp&quot;:&quot;1651408852&quot;,&quot;copyright&quot;:&quot;&quot;,&quot;focal_length&quot;:&quot;28.27&quot;,&quot;iso&quot;:&quot;80&quot;,&quot;shutter_speed&quot;:&quot;0.004&quot;,&quot;title&quot;:&quot;&quot;,&quot;orientation&quot;:&quot;1&quot;}\" data-image-title=\"Poule d\u2019eau ou gallinule &amp;#8211; Vaugrenier\" data-image-description=\"\" data-medium-file=\"https:\/\/i0.wp.com\/www.jojoenherbe.com\/wp-content\/uploads\/2022\/05\/Poule-deau-ou-gallinule-Vaugrenier-scaled.jpg?fit=300%2C264\" data-large-file=\"https:\/\/i0.wp.com\/www.jojoenherbe.com\/wp-content\/uploads\/2022\/05\/Poule-deau-ou-gallinule-Vaugrenier-scaled.jpg?fit=676%2C595\" src=\"https:\/\/i0.wp.com\/www.jojoenherbe.com\/wp-content\/uploads\/2022\/05\/Poule-deau-ou-gallinule-Vaugrenier-scaled.jpg?w=327&#038;h=288\" srcset=\"https:\/\/i0.wp.com\/www.jojoenherbe.com\/wp-content\/uploads\/2022\/05\/Poule-deau-ou-gallinule-Vaugrenier-scaled.jpg?w=2560 2560w, https:\/\/i0.wp.com\/www.jojoenherbe.com\/wp-content\/uploads\/2022\/05\/Poule-deau-ou-gallinule-Vaugrenier-scaled.jpg?resize=300%2C264 300w, https:\/\/i0.wp.com\/www.jojoenherbe.com\/wp-content\/uploads\/2022\/05\/Poule-deau-ou-gallinule-Vaugrenier-scaled.jpg?resize=1024%2C902 1024w, https:\/\/i0.wp.com\/www.jojoenherbe.com\/wp-content\/uploads\/2022\/05\/Poule-deau-ou-gallinule-Vaugrenier-scaled.jpg?resize=768%2C677 768w, https:\/\/i0.wp.com\/www.jojoenherbe.com\/wp-content\/uploads\/2022\/05\/Poule-deau-ou-gallinule-Vaugrenier-scaled.jpg?resize=1536%2C1353 1536w, https:\/\/i0.wp.com\/www.jojoenherbe.com\/wp-content\/uploads\/2022\/05\/Poule-deau-ou-gallinule-Vaugrenier-scaled.jpg?resize=2048%2C1804 2048w, https:\/\/i0.wp.com\/www.jojoenherbe.com\/wp-content\/uploads\/2022\/05\/Poule-deau-ou-gallinule-Vaugrenier-scaled.jpg?resize=676%2C596 676w, https:\/\/i0.wp.com\/www.jojoenherbe.com\/wp-content\/uploads\/2022\/05\/Poule-deau-ou-gallinule-Vaugrenier-scaled.jpg?w=1352 1352w\" width=\"327\" height=\"288\" loading=\"lazy\" data-original-width=\"327\" data-original-height=\"288\" itemprop=\"http:\/\/schema.org\/image\" title=\"Poule d\u2019eau ou gallinule - Vaugrenier\" alt=\"Poule d\u2019eau ou gallinule - Vaugrenier\" style=\"width: 327px; height: 288px;\" \/> <\/a> <\/div> <\/div> <!-- close group --> <\/div> <!-- close row --> <\/div>\n<p style=\"text-align: justify;\"><em>Pour d\u2019autres ambiances printani\u00e8res: un petit tour au jardin chez <a href=\"https:\/\/ribambelledhistoires.over-blog.com\/2022\/05\/au-fil-du-printemps-6.html\">Isabelle<\/a> et chez Syl.<\/em><\/p>\n","protected":false},"excerpt":{"rendered":"<p>Pour ce nouveau rendez-vous photo avec Syl et Isabelle d\u2019\u00e9coute et d\u2019observation de la Nature au fil du printemps, voici quelques photos prises le 1er mai \u00e0 Vaugrenier, que ce soit c\u00f4t\u00e9 parc ou \u00e9tang. Comme \u00e0 chaque printemps, les iris des marais ont fleuri comme d&rsquo;autres fleurs. Nous pouvons \u00e9galement entendre puis observer trois [&hellip;]<\/p>\n","protected":false},"author":1,"featured_media":25348,"comment_status":"open","ping_status":"open","sticky":false,"template":"","format":"standard","meta":{"jetpack_post_was_ever_published":false,"_jetpack_newsletter_access":"","_jetpack_dont_email_post_to_subs":false,"_jetpack_newsletter_tier_id":0,"_jetpack_memberships_contains_paywalled_content":false,"_jetpack_memberships_contains_paid_content":false,"footnotes":""},"categories":[128,2496,437],"tags":[25,383,462,3161,2495,130,5,1744,3160,207,1506,41],"class_list":["post-25345","post","type-post","status-publish","format-standard","has-post-thumbnail","hentry","category-mini-baladeur","category-mini-ornitho","category-mini-photographe","tag-alpes-maritimes","tag-etang-de-vaugrenier","tag-fleurs","tag-gallinule","tag-iris-des-marais","tag-ornithologie","tag-paca","tag-parc-de-vaugrenier","tag-poule-deau","tag-printemps","tag-region-sud","tag-villeneuve-loubet","post-preview"],"jetpack_featured_media_url":"https:\/\/i0.wp.com\/www.jojoenherbe.com\/wp-content\/uploads\/2022\/05\/Iris-des-marais-Vaugrenier-scaled.jpg?fit=1920%2C2560","jetpack_sharing_enabled":true,"jetpack_shortlink":"https:\/\/wp.me\/p9zhGx-6AN","jetpack_likes_enabled":true,"jetpack-related-posts":[{"id":5843,"url":"http:\/\/www.jojoenherbe.com\/index.php\/2019\/05\/05\/quand-le-printemps-sinstalle-a-vaugrenier\/","url_meta":{"origin":25345,"position":0},"title":"Quand le printemps s&rsquo;installe \u00e0 Vaugrenier","author":"Jojo","date":"5 mai 2019","format":false,"excerpt":"Ce 5 mai 2019, nous allons, \u00e0 nouveau, au parc d\u00e9partemental de Vaugrenier, des ibis falcinelles ayant \u00e9t\u00e9 observ\u00e9es depuis quelques jours. Mais malheureusement, nous n'arriverons pas \u00e0 les voir, vu l'heure, l'affluence dans le parc et le fait que nous sommes surtout rest\u00e9s au niveau des observatoires ornithologiques. Les\u2026","rel":"","context":"Dans &quot;Mini baladeur&quot;","block_context":{"text":"Mini baladeur","link":"http:\/\/www.jojoenherbe.com\/index.php\/category\/mini-crapahuteur\/mini-baladeur\/"},"img":{"alt_text":"","src":"https:\/\/i0.wp.com\/www.jojoenherbe.com\/wp-content\/uploads\/2019\/05\/parc-de-Vaugrenier-10.jpg?fit=1200%2C900&resize=350%2C200","width":350,"height":200,"srcset":"https:\/\/i0.wp.com\/www.jojoenherbe.com\/wp-content\/uploads\/2019\/05\/parc-de-Vaugrenier-10.jpg?fit=1200%2C900&resize=350%2C200 1x, https:\/\/i0.wp.com\/www.jojoenherbe.com\/wp-content\/uploads\/2019\/05\/parc-de-Vaugrenier-10.jpg?fit=1200%2C900&resize=525%2C300 1.5x, https:\/\/i0.wp.com\/www.jojoenherbe.com\/wp-content\/uploads\/2019\/05\/parc-de-Vaugrenier-10.jpg?fit=1200%2C900&resize=700%2C400 2x, https:\/\/i0.wp.com\/www.jojoenherbe.com\/wp-content\/uploads\/2019\/05\/parc-de-Vaugrenier-10.jpg?fit=1200%2C900&resize=1050%2C600 3x"},"classes":[]},{"id":28375,"url":"http:\/\/www.jojoenherbe.com\/index.php\/2022\/10\/20\/la-nature-au-fil-de-lautomne-2022-4\/","url_meta":{"origin":25345,"position":1},"title":"La Nature au fil de l&rsquo;automne 2022 #4","author":"Jojo","date":"20 octobre 2022","format":false,"excerpt":"Voici quelques photos prises le 16 octobre 2022 dans le parc de Vaugrenier pour notre rendez-vous photo hebdomadaire d\u2019\u00e9coute et d\u2019observation de la Nature dans le cadre du Challenge Halloween 2022 avec Syl, Isabelle et Hilde. La pluie du week-end pr\u00e9c\u00e9dent a laiss\u00e9 quelques traces, des champignons ayant pouss\u00e9 de-ci\u2026","rel":"","context":"Dans &quot;Mini baladeur&quot;","block_context":{"text":"Mini baladeur","link":"http:\/\/www.jojoenherbe.com\/index.php\/category\/mini-crapahuteur\/mini-baladeur\/"},"img":{"alt_text":"","src":"https:\/\/i0.wp.com\/www.jojoenherbe.com\/wp-content\/uploads\/2022\/10\/Parc-de-Vaugrenier-scaled.jpg?fit=1200%2C900&resize=350%2C200","width":350,"height":200,"srcset":"https:\/\/i0.wp.com\/www.jojoenherbe.com\/wp-content\/uploads\/2022\/10\/Parc-de-Vaugrenier-scaled.jpg?fit=1200%2C900&resize=350%2C200 1x, https:\/\/i0.wp.com\/www.jojoenherbe.com\/wp-content\/uploads\/2022\/10\/Parc-de-Vaugrenier-scaled.jpg?fit=1200%2C900&resize=525%2C300 1.5x, https:\/\/i0.wp.com\/www.jojoenherbe.com\/wp-content\/uploads\/2022\/10\/Parc-de-Vaugrenier-scaled.jpg?fit=1200%2C900&resize=700%2C400 2x, https:\/\/i0.wp.com\/www.jojoenherbe.com\/wp-content\/uploads\/2022\/10\/Parc-de-Vaugrenier-scaled.jpg?fit=1200%2C900&resize=1050%2C600 3x"},"classes":[]},{"id":18120,"url":"http:\/\/www.jojoenherbe.com\/index.php\/2021\/05\/06\/une-journee-printaniere-a-vaugrenier\/","url_meta":{"origin":25345,"position":2},"title":"Une journ\u00e9e printani\u00e8re \u00e0 Vaugrenier","author":"Jojo","date":"6 mai 2021","format":false,"excerpt":"Avec ce nouveau d\u00e9confinement et la fin de l'interdiction d'aller \u00e0 plus de 10km, nous pouvons enfin retourner balader et nous passons la journ\u00e9e du 5 mai 2021 dans le parc de Vaugrenier avec ses aires de jeux, ses sous-bois et son \u00e9tang. Que cela fait du bien de passer\u2026","rel":"","context":"Dans &quot;Mini baladeur&quot;","block_context":{"text":"Mini baladeur","link":"http:\/\/www.jojoenherbe.com\/index.php\/category\/mini-crapahuteur\/mini-baladeur\/"},"img":{"alt_text":"","src":"https:\/\/i0.wp.com\/www.jojoenherbe.com\/wp-content\/uploads\/2021\/05\/Etang-de-Vaugrenier-scaled.jpg?fit=1200%2C662&resize=350%2C200","width":350,"height":200,"srcset":"https:\/\/i0.wp.com\/www.jojoenherbe.com\/wp-content\/uploads\/2021\/05\/Etang-de-Vaugrenier-scaled.jpg?fit=1200%2C662&resize=350%2C200 1x, https:\/\/i0.wp.com\/www.jojoenherbe.com\/wp-content\/uploads\/2021\/05\/Etang-de-Vaugrenier-scaled.jpg?fit=1200%2C662&resize=525%2C300 1.5x, https:\/\/i0.wp.com\/www.jojoenherbe.com\/wp-content\/uploads\/2021\/05\/Etang-de-Vaugrenier-scaled.jpg?fit=1200%2C662&resize=700%2C400 2x, https:\/\/i0.wp.com\/www.jojoenherbe.com\/wp-content\/uploads\/2021\/05\/Etang-de-Vaugrenier-scaled.jpg?fit=1200%2C662&resize=1050%2C600 3x"},"classes":[]},{"id":33133,"url":"http:\/\/www.jojoenherbe.com\/index.php\/2023\/11\/14\/la-nature-au-fil-de-lautomne-2023-3\/","url_meta":{"origin":25345,"position":3},"title":"La Nature au fil de l\u2019automne 2023 #3","author":"Jojo","date":"14 novembre 2023","format":false,"excerpt":"Pour ce nouveau rendez-vous photo d\u2019\u00e9coute et d\u2019observation de la Nature avec Syl, Isabelle et Hilde\u00a0 dans le cadre du Challenge Halloween 2023, voici une photo prise avec mon t\u00e9l\u00e9phone portable, n'ayant pas pris mon appareil photo, dimanche dernier dans le parc de Vaugrenier. C\u00f4t\u00e9 \u00e9tang, il y avait surtout\u2026","rel":"","context":"Dans &quot;mini photographe&quot;","block_context":{"text":"mini photographe","link":"http:\/\/www.jojoenherbe.com\/index.php\/category\/mini-photographe\/"},"img":{"alt_text":"","src":"https:\/\/i0.wp.com\/www.jojoenherbe.com\/wp-content\/uploads\/2023\/11\/Vaugrenier-2023-scaled.jpg?fit=900%2C1200&resize=350%2C200","width":350,"height":200,"srcset":"https:\/\/i0.wp.com\/www.jojoenherbe.com\/wp-content\/uploads\/2023\/11\/Vaugrenier-2023-scaled.jpg?fit=900%2C1200&resize=350%2C200 1x, https:\/\/i0.wp.com\/www.jojoenherbe.com\/wp-content\/uploads\/2023\/11\/Vaugrenier-2023-scaled.jpg?fit=900%2C1200&resize=525%2C300 1.5x, https:\/\/i0.wp.com\/www.jojoenherbe.com\/wp-content\/uploads\/2023\/11\/Vaugrenier-2023-scaled.jpg?fit=900%2C1200&resize=700%2C400 2x"},"classes":[]},{"id":21979,"url":"http:\/\/www.jojoenherbe.com\/index.php\/2021\/11\/02\/la-nature-au-fil-de-lautomne-2021-2\/","url_meta":{"origin":25345,"position":4},"title":"La Nature au fil de l&rsquo;automne 2021 #2","author":"Jojo","date":"2 novembre 2021","format":false,"excerpt":"Mardi, c'est le rendez-vous photo avec Syl et Isabelle d'\u00e9coute et d'observation de la Nature dans le cadre du Challenge Halloween 2021. Apr\u00e8s l'arri\u00e8re-pays la semaine derni\u00e8re, voici l'automne c\u00f4t\u00e9 littoral, pas c\u00f4t\u00e9 mer mais du c\u00f4t\u00e9 de l'\u00e9tang de Vaugrenier, un \u00e9tang naturel d'eau douce dans les Alpes-Maritimes, \u00e0\u2026","rel":"","context":"Dans &quot;Mini baladeur&quot;","block_context":{"text":"Mini baladeur","link":"http:\/\/www.jojoenherbe.com\/index.php\/category\/mini-crapahuteur\/mini-baladeur\/"},"img":{"alt_text":"","src":"https:\/\/i0.wp.com\/www.jojoenherbe.com\/wp-content\/uploads\/2021\/10\/Vaugrenier-2.jpg?fit=1200%2C1200&resize=350%2C200","width":350,"height":200,"srcset":"https:\/\/i0.wp.com\/www.jojoenherbe.com\/wp-content\/uploads\/2021\/10\/Vaugrenier-2.jpg?fit=1200%2C1200&resize=350%2C200 1x, https:\/\/i0.wp.com\/www.jojoenherbe.com\/wp-content\/uploads\/2021\/10\/Vaugrenier-2.jpg?fit=1200%2C1200&resize=525%2C300 1.5x, https:\/\/i0.wp.com\/www.jojoenherbe.com\/wp-content\/uploads\/2021\/10\/Vaugrenier-2.jpg?fit=1200%2C1200&resize=700%2C400 2x, https:\/\/i0.wp.com\/www.jojoenherbe.com\/wp-content\/uploads\/2021\/10\/Vaugrenier-2.jpg?fit=1200%2C1200&resize=1050%2C600 3x"},"classes":[]},{"id":5260,"url":"http:\/\/www.jojoenherbe.com\/index.php\/2019\/03\/26\/petite-pause-a-lobservatoire-de-vaugrenier\/","url_meta":{"origin":25345,"position":5},"title":"Petite pause \u00e0 l&rsquo;observatoire de Vaugrenier","author":"Jojo","date":"26 mars 2019","format":false,"excerpt":"Ce 24 mars 2019, nous passons une bonne partie de la journ\u00e9e au parc d\u00e9partemental de Vaugrenier malgr\u00e9 la fr\u00e9quentation en hausse. Heureusement, les rouges-gorges et les pinsons des arbres ne sont pas farouches. Il y a \u00e9galement beaucoup d'arbres en pleine floraison et des fleurs parsemant le parc. Comme\u2026","rel":"","context":"Dans &quot;Mini baladeur&quot;","block_context":{"text":"Mini baladeur","link":"http:\/\/www.jojoenherbe.com\/index.php\/category\/mini-crapahuteur\/mini-baladeur\/"},"img":{"alt_text":"","src":"https:\/\/i0.wp.com\/www.jojoenherbe.com\/wp-content\/uploads\/2019\/03\/Parc-de-Vaugrenier.jpg?fit=1200%2C900&resize=350%2C200","width":350,"height":200,"srcset":"https:\/\/i0.wp.com\/www.jojoenherbe.com\/wp-content\/uploads\/2019\/03\/Parc-de-Vaugrenier.jpg?fit=1200%2C900&resize=350%2C200 1x, https:\/\/i0.wp.com\/www.jojoenherbe.com\/wp-content\/uploads\/2019\/03\/Parc-de-Vaugrenier.jpg?fit=1200%2C900&resize=525%2C300 1.5x, https:\/\/i0.wp.com\/www.jojoenherbe.com\/wp-content\/uploads\/2019\/03\/Parc-de-Vaugrenier.jpg?fit=1200%2C900&resize=700%2C400 2x, https:\/\/i0.wp.com\/www.jojoenherbe.com\/wp-content\/uploads\/2019\/03\/Parc-de-Vaugrenier.jpg?fit=1200%2C900&resize=1050%2C600 3x"},"classes":[]}],"_links":{"self":[{"href":"http:\/\/www.jojoenherbe.com\/index.php\/wp-json\/wp\/v2\/posts\/25345","targetHints":{"allow":["GET"]}}],"collection":[{"href":"http:\/\/www.jojoenherbe.com\/index.php\/wp-json\/wp\/v2\/posts"}],"about":[{"href":"http:\/\/www.jojoenherbe.com\/index.php\/wp-json\/wp\/v2\/types\/post"}],"author":[{"embeddable":true,"href":"http:\/\/www.jojoenherbe.com\/index.php\/wp-json\/wp\/v2\/users\/1"}],"replies":[{"embeddable":true,"href":"http:\/\/www.jojoenherbe.com\/index.php\/wp-json\/wp\/v2\/comments?post=25345"}],"version-history":[{"count":6,"href":"http:\/\/www.jojoenherbe.com\/index.php\/wp-json\/wp\/v2\/posts\/25345\/revisions"}],"predecessor-version":[{"id":25449,"href":"http:\/\/www.jojoenherbe.com\/index.php\/wp-json\/wp\/v2\/posts\/25345\/revisions\/25449"}],"wp:featuredmedia":[{"embeddable":true,"href":"http:\/\/www.jojoenherbe.com\/index.php\/wp-json\/wp\/v2\/media\/25348"}],"wp:attachment":[{"href":"http:\/\/www.jojoenherbe.com\/index.php\/wp-json\/wp\/v2\/media?parent=25345"}],"wp:term":[{"taxonomy":"category","embeddable":true,"href":"http:\/\/www.jojoenherbe.com\/index.php\/wp-json\/wp\/v2\/categories?post=25345"},{"taxonomy":"post_tag","embeddable":true,"href":"http:\/\/www.jojoenherbe.com\/index.php\/wp-json\/wp\/v2\/tags?post=25345"}],"curies":[{"name":"wp","href":"https:\/\/api.w.org\/{rel}","templated":true}]}}