{"id":25173,"date":"2022-04-21T12:33:00","date_gmt":"2022-04-21T10:33:00","guid":{"rendered":"https:\/\/www.jojoenherbe.com\/?p=25173"},"modified":"2023-02-13T14:49:34","modified_gmt":"2023-02-13T13:49:34","slug":"nos-lectures-printanieres-2022","status":"publish","type":"post","link":"http:\/\/www.jojoenherbe.com\/index.php\/2022\/04\/21\/nos-lectures-printanieres-2022\/","title":{"rendered":"Nos lectures printani\u00e8res 2022"},"content":{"rendered":"<p style=\"text-align: justify;\"><em>Le mois dernier, avec l&rsquo;arriv\u00e9e du printemps, nous avons recommenc\u00e9 \u00e0 lire des histoires sur cette saison. Ce billet sera ainsi actualis\u00e9 tout au long de ce printemps au gr\u00e9 de nos lectures sur ce th\u00e8me. Je parlerai \u00e9galement de relectures de livres que je n&rsquo;avais pas encore chroniqu\u00e9s sur le blog.<\/em><\/p>\n<p style=\"text-align: justify;\"><em><span style=\"text-decoration: underline;\"><strong>Des histoires printani\u00e8res<\/strong><\/span><\/em><\/p>\n<ul>\n<li><em>(Album jeunesse) <strong><span style=\"text-decoration: underline;\">Le pique-nique de la famille Souris<\/span><\/strong> de Kazuo Iwamura <\/em><\/li>\n<\/ul>\n<p style=\"text-align: justify;\"><em><a href=\"https:\/\/i0.wp.com\/www.jojoenherbe.com\/wp-content\/uploads\/2022\/04\/Le-pique-nique-de-la-famille-Souris-scaled.jpg\"><img data-recalc-dims=\"1\" loading=\"lazy\" decoding=\"async\" data-attachment-id=\"25063\" data-permalink=\"http:\/\/www.jojoenherbe.com\/index.php\/2022\/04\/01\/billet-de-suivi-un-mois-au-japon-2022\/le-pique-nique-de-la-famille-souris\/\" data-orig-file=\"https:\/\/i0.wp.com\/www.jojoenherbe.com\/wp-content\/uploads\/2022\/04\/Le-pique-nique-de-la-famille-Souris-scaled.jpg?fit=2560%2C1920\" data-orig-size=\"2560,1920\" data-comments-opened=\"1\" data-image-meta=\"{&quot;aperture&quot;:&quot;1.8&quot;,&quot;credit&quot;:&quot;&quot;,&quot;camera&quot;:&quot;iPhone 7&quot;,&quot;caption&quot;:&quot;&quot;,&quot;created_timestamp&quot;:&quot;1650379297&quot;,&quot;copyright&quot;:&quot;&quot;,&quot;focal_length&quot;:&quot;3.99&quot;,&quot;iso&quot;:&quot;100&quot;,&quot;shutter_speed&quot;:&quot;0.071428571428571&quot;,&quot;title&quot;:&quot;&quot;,&quot;orientation&quot;:&quot;1&quot;}\" data-image-title=\"Le pique-nique de la famille Souris\" data-image-description=\"\" data-image-caption=\"\" data-large-file=\"https:\/\/i0.wp.com\/www.jojoenherbe.com\/wp-content\/uploads\/2022\/04\/Le-pique-nique-de-la-famille-Souris-scaled.jpg?fit=676%2C507\" class=\"alignleft size-thumbnail wp-image-25063\" src=\"https:\/\/i0.wp.com\/www.jojoenherbe.com\/wp-content\/uploads\/2022\/04\/Le-pique-nique-de-la-famille-Souris.jpg?resize=150%2C150\" alt=\"\" width=\"150\" height=\"150\" srcset=\"https:\/\/i0.wp.com\/www.jojoenherbe.com\/wp-content\/uploads\/2022\/04\/Le-pique-nique-de-la-famille-Souris-scaled.jpg?resize=150%2C150 150w, https:\/\/i0.wp.com\/www.jojoenherbe.com\/wp-content\/uploads\/2022\/04\/Le-pique-nique-de-la-famille-Souris-scaled.jpg?zoom=2&amp;resize=150%2C150 300w, https:\/\/i0.wp.com\/www.jojoenherbe.com\/wp-content\/uploads\/2022\/04\/Le-pique-nique-de-la-famille-Souris-scaled.jpg?zoom=3&amp;resize=150%2C150 450w\" sizes=\"auto, (max-width: 150px) 100vw, 150px\" \/><\/a>Nous relisons <span style=\"text-decoration: underline;\">Le pique-nique de la famille Souris<\/span> de Kazuo Iwamura\u00a0 (\u00e9d. L\u2019\u00e9cole des loisirs, 1988, r\u00e9\u00e9d. 2021), un album jeunesse \u00e0 partir de 3 ans que nous avons d\u00e9couvert \u00e0 la m\u00e9diath\u00e8que il y a trois ans <\/em><em>et aux jolies illustrations dans lequel nous suivons la famille Souris partir en pique-nique.<\/em><\/p>\n<ul>\n<li style=\"text-align: justify;\"><em>(Roman jeunesse) <span style=\"text-decoration: underline;\"><strong>H\u00f4tel Heartwood, Ensemble, c&rsquo;est mieux<\/strong><\/span> de Kallie George et Stephanie Graegin <strong>(T3)<\/strong><\/em><\/li>\n<\/ul>\n<p style=\"text-align: justify;\"><em><a href=\"https:\/\/i0.wp.com\/www.jojoenherbe.com\/wp-content\/uploads\/2022\/04\/Hotel-Heartwood-T3-scaled.jpg\"><img data-recalc-dims=\"1\" loading=\"lazy\" decoding=\"async\" data-attachment-id=\"25184\" data-permalink=\"http:\/\/www.jojoenherbe.com\/index.php\/2022\/04\/21\/nos-lectures-printanieres-2022\/hotel-heartwood-t3\/\" data-orig-file=\"https:\/\/i0.wp.com\/www.jojoenherbe.com\/wp-content\/uploads\/2022\/04\/Hotel-Heartwood-T3-scaled.jpg?fit=2560%2C1785\" data-orig-size=\"2560,1785\" data-comments-opened=\"1\" data-image-meta=\"{&quot;aperture&quot;:&quot;1.8&quot;,&quot;credit&quot;:&quot;&quot;,&quot;camera&quot;:&quot;iPhone 7&quot;,&quot;caption&quot;:&quot;&quot;,&quot;created_timestamp&quot;:&quot;1651139080&quot;,&quot;copyright&quot;:&quot;&quot;,&quot;focal_length&quot;:&quot;3.99&quot;,&quot;iso&quot;:&quot;80&quot;,&quot;shutter_speed&quot;:&quot;0.125&quot;,&quot;title&quot;:&quot;&quot;,&quot;orientation&quot;:&quot;1&quot;}\" data-image-title=\"H\u00f4tel Heartwood T3\" data-image-description=\"\" data-image-caption=\"\" data-large-file=\"https:\/\/i0.wp.com\/www.jojoenherbe.com\/wp-content\/uploads\/2022\/04\/Hotel-Heartwood-T3-scaled.jpg?fit=676%2C471\" class=\"size-thumbnail wp-image-25184 alignright\" src=\"https:\/\/i0.wp.com\/www.jojoenherbe.com\/wp-content\/uploads\/2022\/04\/Hotel-Heartwood-T3.jpg?resize=150%2C150\" alt=\"\" width=\"150\" height=\"150\" srcset=\"https:\/\/i0.wp.com\/www.jojoenherbe.com\/wp-content\/uploads\/2022\/04\/Hotel-Heartwood-T3-scaled.jpg?resize=150%2C150 150w, https:\/\/i0.wp.com\/www.jojoenherbe.com\/wp-content\/uploads\/2022\/04\/Hotel-Heartwood-T3-scaled.jpg?zoom=2&amp;resize=150%2C150 300w, https:\/\/i0.wp.com\/www.jojoenherbe.com\/wp-content\/uploads\/2022\/04\/Hotel-Heartwood-T3-scaled.jpg?zoom=3&amp;resize=150%2C150 450w\" sizes=\"auto, (max-width: 150px) 100vw, 150px\" \/><\/a>Nous lisons le tome 3 d&rsquo;<span style=\"text-decoration: underline;\">H\u00f4tel Heartwood, Ensemble, c&rsquo;est mieux<\/span> de Kallie George et Stephanie Graegin (\u00e9d. Casterman Jeunesse, 2019, 190 pages), un roman jeunesse \u00e0 partir de 8 ans et aux jolies illustrations en noir et blanc avec la suite des aventures de Mona une petite souris travaillant dans l&rsquo;h\u00f4tel d&rsquo;un blaireau, Monsieur Heartwood, au c\u0153ur de la for\u00eat des Foug\u00e8res. <\/em><\/p>\n<ul>\n<li style=\"text-align: justify;\"><em>(Album jeunesse) <span style=\"text-decoration: underline;\"><strong>Contes de la Vall\u00e9e, Un petit air de printemps<\/strong><\/span> de Carles Porta <strong>(T3)<\/strong><\/em><\/li>\n<\/ul>\n<p style=\"text-align: justify;\"><em><a href=\"https:\/\/i0.wp.com\/www.jojoenherbe.com\/wp-content\/uploads\/2022\/04\/Un-petit-air-de-printemps-scaled.jpg\"><img data-recalc-dims=\"1\" loading=\"lazy\" decoding=\"async\" data-attachment-id=\"25192\" data-permalink=\"http:\/\/www.jojoenherbe.com\/index.php\/2022\/04\/28\/au-fil-des-pages-avec-un-petit-air-de-printemps\/un-petit-air-de-printemps\/\" data-orig-file=\"https:\/\/i0.wp.com\/www.jojoenherbe.com\/wp-content\/uploads\/2022\/04\/Un-petit-air-de-printemps-scaled.jpg?fit=2560%2C2192\" data-orig-size=\"2560,2192\" data-comments-opened=\"1\" data-image-meta=\"{&quot;aperture&quot;:&quot;1.8&quot;,&quot;credit&quot;:&quot;&quot;,&quot;camera&quot;:&quot;iPhone 7&quot;,&quot;caption&quot;:&quot;&quot;,&quot;created_timestamp&quot;:&quot;1651138828&quot;,&quot;copyright&quot;:&quot;&quot;,&quot;focal_length&quot;:&quot;3.99&quot;,&quot;iso&quot;:&quot;100&quot;,&quot;shutter_speed&quot;:&quot;0.1&quot;,&quot;title&quot;:&quot;&quot;,&quot;orientation&quot;:&quot;1&quot;}\" data-image-title=\"Un petit air de printemps\" data-image-description=\"\" data-image-caption=\"\" data-large-file=\"https:\/\/i0.wp.com\/www.jojoenherbe.com\/wp-content\/uploads\/2022\/04\/Un-petit-air-de-printemps-scaled.jpg?fit=676%2C579\" class=\"alignleft size-thumbnail wp-image-25192\" src=\"https:\/\/i0.wp.com\/www.jojoenherbe.com\/wp-content\/uploads\/2022\/04\/Un-petit-air-de-printemps.jpg?resize=150%2C150\" alt=\"\" width=\"150\" height=\"150\" srcset=\"https:\/\/i0.wp.com\/www.jojoenherbe.com\/wp-content\/uploads\/2022\/04\/Un-petit-air-de-printemps-scaled.jpg?resize=150%2C150 150w, https:\/\/i0.wp.com\/www.jojoenherbe.com\/wp-content\/uploads\/2022\/04\/Un-petit-air-de-printemps-scaled.jpg?zoom=2&amp;resize=150%2C150 300w, https:\/\/i0.wp.com\/www.jojoenherbe.com\/wp-content\/uploads\/2022\/04\/Un-petit-air-de-printemps-scaled.jpg?zoom=3&amp;resize=150%2C150 450w\" sizes=\"auto, (max-width: 150px) 100vw, 150px\" \/><\/a>Nous relisons cette ann\u00e9e le tome 3 des <a href=\"https:\/\/www.jojoenherbe.com\/index.php\/2022\/04\/28\/au-fil-des-pages-avec-un-petit-air-de-printemps\/\"><span style=\"text-decoration: underline;\">Contes de la Vall\u00e9e, Un petit air de printemps<\/span><\/a> de Carles Porta (\u00e9d. Seuil Jeunesse, 2019), un album jeunesse \u00e0 partir de 3 ans. Dans la vall\u00e9e, le printemps est revenu tout comme Ticky l&rsquo;oiseau qui d\u00e9couvre avec surprise et tristesse que son nouveau voisin musicien, Maximilien a a accapar\u00e9 l&rsquo;attention de ses amis. Encore un tr\u00e8s bon moment de lecture avec ce tome qui fait la part belle \u00e0 l&rsquo;amiti\u00e9 et \u00e0 la musique!<\/em><\/p>\n<ul>\n<li style=\"text-align: justify;\"><em>(BD jeunesse) <strong><span style=\"text-decoration: underline;\">Sous les arbres, Le premier printemps<\/span><\/strong> de Dav <strong>(T4)<\/strong><\/em><\/li>\n<\/ul>\n<p style=\"text-align: justify;\"><em><a href=\"https:\/\/i0.wp.com\/www.jojoenherbe.com\/wp-content\/uploads\/2022\/04\/Sous-les-arbres-T4-scaled.jpg\"><img data-recalc-dims=\"1\" loading=\"lazy\" decoding=\"async\" data-attachment-id=\"25205\" data-permalink=\"http:\/\/www.jojoenherbe.com\/index.php\/2022\/04\/21\/nos-lectures-printanieres-2022\/sous-les-arbres-t4\/\" data-orig-file=\"https:\/\/i0.wp.com\/www.jojoenherbe.com\/wp-content\/uploads\/2022\/04\/Sous-les-arbres-T4-scaled.jpg?fit=2560%2C1730\" data-orig-size=\"2560,1730\" data-comments-opened=\"1\" data-image-meta=\"{&quot;aperture&quot;:&quot;1.8&quot;,&quot;credit&quot;:&quot;&quot;,&quot;camera&quot;:&quot;iPhone 7&quot;,&quot;caption&quot;:&quot;&quot;,&quot;created_timestamp&quot;:&quot;1651142926&quot;,&quot;copyright&quot;:&quot;&quot;,&quot;focal_length&quot;:&quot;3.99&quot;,&quot;iso&quot;:&quot;100&quot;,&quot;shutter_speed&quot;:&quot;0.090909090909091&quot;,&quot;title&quot;:&quot;&quot;,&quot;orientation&quot;:&quot;1&quot;}\" data-image-title=\"Sous les arbres T4\" data-image-description=\"\" data-image-caption=\"\" data-large-file=\"https:\/\/i0.wp.com\/www.jojoenherbe.com\/wp-content\/uploads\/2022\/04\/Sous-les-arbres-T4-scaled.jpg?fit=676%2C457\" class=\"size-thumbnail wp-image-25205 alignright\" src=\"https:\/\/i0.wp.com\/www.jojoenherbe.com\/wp-content\/uploads\/2022\/04\/Sous-les-arbres-T4.jpg?resize=150%2C150\" alt=\"\" width=\"150\" height=\"150\" srcset=\"https:\/\/i0.wp.com\/www.jojoenherbe.com\/wp-content\/uploads\/2022\/04\/Sous-les-arbres-T4-scaled.jpg?resize=150%2C150 150w, https:\/\/i0.wp.com\/www.jojoenherbe.com\/wp-content\/uploads\/2022\/04\/Sous-les-arbres-T4-scaled.jpg?zoom=2&amp;resize=150%2C150 300w, https:\/\/i0.wp.com\/www.jojoenherbe.com\/wp-content\/uploads\/2022\/04\/Sous-les-arbres-T4-scaled.jpg?zoom=3&amp;resize=150%2C150 450w\" sizes=\"auto, (max-width: 150px) 100vw, 150px\" \/><\/a>Nous lisons le tome 4 de <span style=\"text-decoration: underline;\">Sous les arbres, Le premier printemps<\/span> de Dav (\u00e9d. de la Goutti\u00e8re, 2022), une BD jeunesse joliment illustr\u00e9e \u00e0 partir de 5 ans et au format \u00e0 l\u2019italienne. Pour son premier printemps, un petit marcassin tente, malgr\u00e9 son allergie au pollen, \u00e0 cueillir avec son p\u00e8re un bouquet pour sa m\u00e8re. Les illustrations sont toujours aussi r\u00e9ussies que dans les tomes pr\u00e9c\u00e9dents. Encore un coup de c\u0153ur pour ce nouveau tome qui aborde avec beaucoup de pudeur et de d\u00e9licatesse le th\u00e8me du deuil!<br \/>\n<\/em><\/p>\n<ul>\n<li style=\"text-align: justify;\"><em>(Roman jeunesse) <strong><span style=\"text-decoration: underline;\">Taupe &amp; Mulot, Les beaux jours<\/span><\/strong> d\u2019Henri Meunier et Benjamin Chaud <strong>(T1)<\/strong><\/em><\/li>\n<\/ul>\n<p style=\"text-align: justify;\"><em><a href=\"https:\/\/i0.wp.com\/www.jojoenherbe.com\/wp-content\/uploads\/2022\/04\/Taupe-Mulot-Les-beaux-jours-scaled.jpg\"><img data-recalc-dims=\"1\" loading=\"lazy\" decoding=\"async\" data-attachment-id=\"25206\" data-permalink=\"http:\/\/www.jojoenherbe.com\/index.php\/2022\/04\/21\/nos-lectures-printanieres-2022\/taupe-mulot-les-beaux-jours\/\" data-orig-file=\"https:\/\/i0.wp.com\/www.jojoenherbe.com\/wp-content\/uploads\/2022\/04\/Taupe-Mulot-Les-beaux-jours-scaled.jpg?fit=2560%2C2332\" data-orig-size=\"2560,2332\" data-comments-opened=\"1\" data-image-meta=\"{&quot;aperture&quot;:&quot;1.8&quot;,&quot;credit&quot;:&quot;&quot;,&quot;camera&quot;:&quot;iPhone 7&quot;,&quot;caption&quot;:&quot;&quot;,&quot;created_timestamp&quot;:&quot;1620124837&quot;,&quot;copyright&quot;:&quot;&quot;,&quot;focal_length&quot;:&quot;3.99&quot;,&quot;iso&quot;:&quot;100&quot;,&quot;shutter_speed&quot;:&quot;0.090909090909091&quot;,&quot;title&quot;:&quot;&quot;,&quot;orientation&quot;:&quot;1&quot;}\" data-image-title=\"Taupe &amp;#038; Mulot, Les beaux jours\" data-image-description=\"\" data-image-caption=\"\" data-large-file=\"https:\/\/i0.wp.com\/www.jojoenherbe.com\/wp-content\/uploads\/2022\/04\/Taupe-Mulot-Les-beaux-jours-scaled.jpg?fit=676%2C616\" class=\"alignleft size-thumbnail wp-image-25206\" src=\"https:\/\/i0.wp.com\/www.jojoenherbe.com\/wp-content\/uploads\/2022\/04\/Taupe-Mulot-Les-beaux-jours.jpg?resize=150%2C150\" alt=\"\" width=\"150\" height=\"150\" srcset=\"https:\/\/i0.wp.com\/www.jojoenherbe.com\/wp-content\/uploads\/2022\/04\/Taupe-Mulot-Les-beaux-jours-scaled.jpg?resize=150%2C150 150w, https:\/\/i0.wp.com\/www.jojoenherbe.com\/wp-content\/uploads\/2022\/04\/Taupe-Mulot-Les-beaux-jours-scaled.jpg?zoom=2&amp;resize=150%2C150 300w, https:\/\/i0.wp.com\/www.jojoenherbe.com\/wp-content\/uploads\/2022\/04\/Taupe-Mulot-Les-beaux-jours-scaled.jpg?zoom=3&amp;resize=150%2C150 450w\" sizes=\"auto, (max-width: 150px) 100vw, 150px\" \/><\/a>Nous relisons encore cette ann\u00e9e le tome 1 de <span style=\"text-decoration: underline;\">Taupe &amp; Mulot, Les beaux jours<\/span> d\u2019Henri Meunier et Benjamin Chaud (\u00e9d. H\u00e9lium, 2019, 64 pages), un roman jeunesse \u00e0 partir de 5 ans et regroupant trois histoires printani\u00e8res et champ\u00eatres de deux amis, Taupe et Mulot au caract\u00e8re bien diff\u00e9rent mais compl\u00e9mentaire: parties de p\u00eache, s\u00e9ance de peinture en plein air ainsi que Taupe toujours aussi maladroit en amour mais bien plus constant en amiti\u00e9, quelle que soit la saison&#8230; Encore un tr\u00e8s bon moment de lecture!<\/em><\/p>\n<p style=\"text-align: justify;\"><em><span style=\"text-decoration: underline;\"><strong>Fleurs, plantations et jardinage<\/strong><\/span><\/em><\/p>\n<ul style=\"text-align: justify;\">\n<li style=\"text-align: justify;\"><em>(Album jeunesse) <strong><span style=\"text-decoration: underline;\">Un loup dans le Potager<\/span><\/strong> de Claire Bouiller et Quentin Gr\u00e9ban<\/em><\/li>\n<\/ul>\n<p style=\"text-align: justify;\"><em><a href=\"https:\/\/i0.wp.com\/www.jojoenherbe.com\/wp-content\/uploads\/2022\/04\/Un-loup-dans-le-Potager-scaled.jpg\"><img data-recalc-dims=\"1\" loading=\"lazy\" decoding=\"async\" data-attachment-id=\"24824\" data-permalink=\"http:\/\/www.jojoenherbe.com\/index.php\/2022\/04\/12\/au-fil-des-pages-avec-un-loup-dans-le-potager\/un-loup-dans-le-potager\/\" data-orig-file=\"https:\/\/i0.wp.com\/www.jojoenherbe.com\/wp-content\/uploads\/2022\/04\/Un-loup-dans-le-Potager-scaled.jpg?fit=2560%2C1961\" data-orig-size=\"2560,1961\" data-comments-opened=\"1\" data-image-meta=\"{&quot;aperture&quot;:&quot;1.8&quot;,&quot;credit&quot;:&quot;&quot;,&quot;camera&quot;:&quot;iPhone 7&quot;,&quot;caption&quot;:&quot;&quot;,&quot;created_timestamp&quot;:&quot;1649763032&quot;,&quot;copyright&quot;:&quot;&quot;,&quot;focal_length&quot;:&quot;3.99&quot;,&quot;iso&quot;:&quot;100&quot;,&quot;shutter_speed&quot;:&quot;0.090909090909091&quot;,&quot;title&quot;:&quot;&quot;,&quot;orientation&quot;:&quot;1&quot;}\" data-image-title=\"Un loup dans le Potager\" data-image-description=\"\" data-image-caption=\"\" data-large-file=\"https:\/\/i0.wp.com\/www.jojoenherbe.com\/wp-content\/uploads\/2022\/04\/Un-loup-dans-le-Potager-scaled.jpg?fit=676%2C518\" class=\"size-thumbnail wp-image-24824 alignright\" src=\"https:\/\/i0.wp.com\/www.jojoenherbe.com\/wp-content\/uploads\/2022\/04\/Un-loup-dans-le-Potager.jpg?resize=150%2C150\" alt=\"\" width=\"150\" height=\"150\" srcset=\"https:\/\/i0.wp.com\/www.jojoenherbe.com\/wp-content\/uploads\/2022\/04\/Un-loup-dans-le-Potager-scaled.jpg?resize=150%2C150 150w, https:\/\/i0.wp.com\/www.jojoenherbe.com\/wp-content\/uploads\/2022\/04\/Un-loup-dans-le-Potager-scaled.jpg?zoom=2&amp;resize=150%2C150 300w, https:\/\/i0.wp.com\/www.jojoenherbe.com\/wp-content\/uploads\/2022\/04\/Un-loup-dans-le-Potager-scaled.jpg?zoom=3&amp;resize=150%2C150 450w\" sizes=\"auto, (max-width: 150px) 100vw, 150px\" \/><\/a>Nous relisons cette ann\u00e9e <a href=\"https:\/\/www.jojoenherbe.com\/index.php\/2022\/04\/12\/au-fil-des-pages-avec-un-loup-dans-le-potager\/\"><span style=\"text-decoration: underline;\">Un loup dans le Potager<\/span><\/a> de Claire Bouiller et Quentin Gr\u00e9ban (\u00e9d. Mijade, 2004, r\u00e9\u00e9d. 2013), un album jeunesse \u00e0 partir de 3 ans que nous avions d\u00e9couvert et appr\u00e9ci\u00e9 l\u2019ann\u00e9e derni\u00e8re mais que je n&rsquo;ai chroniqu\u00e9 que cette ann\u00e9e. Pour ne plus conna\u00eetre la faim l&rsquo;hiver prochain, un loup se met \u00e0 cultiver un potager. Il y est question de partage, d\u2019entraide et d\u2019amiti\u00e9 avec un loup v\u00e9g\u00e9tarien qui finira par se lier d\u2019amiti\u00e9, gr\u00e2ce \u00e0 son potager, avec les autres animaux de la for\u00eat. <\/em><\/p>\n<ul style=\"text-align: justify;\">\n<li style=\"text-align: justify;\"><em>(Album jeunesse) <strong><span style=\"text-decoration: underline;\">Graine de carotte<\/span><\/strong> de Claire Garralon et C\u00e9cile Hudrisier<\/em><\/li>\n<\/ul>\n<p style=\"text-align: justify;\"><em><a href=\"https:\/\/i0.wp.com\/www.jojoenherbe.com\/wp-content\/uploads\/2022\/04\/Graine-de-carotte-scaled.jpg\"><img data-recalc-dims=\"1\" loading=\"lazy\" decoding=\"async\" data-attachment-id=\"25044\" data-permalink=\"http:\/\/www.jojoenherbe.com\/index.php\/2022\/04\/27\/au-fil-des-pages-avec-graine-de-carotte\/graine-de-carotte\/\" data-orig-file=\"https:\/\/i0.wp.com\/www.jojoenherbe.com\/wp-content\/uploads\/2022\/04\/Graine-de-carotte-scaled.jpg?fit=2560%2C1920\" data-orig-size=\"2560,1920\" data-comments-opened=\"1\" data-image-meta=\"{&quot;aperture&quot;:&quot;1.8&quot;,&quot;credit&quot;:&quot;&quot;,&quot;camera&quot;:&quot;iPhone 7&quot;,&quot;caption&quot;:&quot;&quot;,&quot;created_timestamp&quot;:&quot;1649948204&quot;,&quot;copyright&quot;:&quot;&quot;,&quot;focal_length&quot;:&quot;3.99&quot;,&quot;iso&quot;:&quot;80&quot;,&quot;shutter_speed&quot;:&quot;0.058823529411765&quot;,&quot;title&quot;:&quot;&quot;,&quot;orientation&quot;:&quot;1&quot;}\" data-image-title=\"Graine de carotte\" data-image-description=\"\" data-image-caption=\"\" data-large-file=\"https:\/\/i0.wp.com\/www.jojoenherbe.com\/wp-content\/uploads\/2022\/04\/Graine-de-carotte-scaled.jpg?fit=676%2C507\" class=\"alignleft size-thumbnail wp-image-25044\" src=\"https:\/\/i0.wp.com\/www.jojoenherbe.com\/wp-content\/uploads\/2022\/04\/Graine-de-carotte.jpg?resize=150%2C150\" alt=\"\" width=\"150\" height=\"150\" srcset=\"https:\/\/i0.wp.com\/www.jojoenherbe.com\/wp-content\/uploads\/2022\/04\/Graine-de-carotte-scaled.jpg?resize=150%2C150 150w, https:\/\/i0.wp.com\/www.jojoenherbe.com\/wp-content\/uploads\/2022\/04\/Graine-de-carotte-scaled.jpg?zoom=2&amp;resize=150%2C150 300w, https:\/\/i0.wp.com\/www.jojoenherbe.com\/wp-content\/uploads\/2022\/04\/Graine-de-carotte-scaled.jpg?zoom=3&amp;resize=150%2C150 450w\" sizes=\"auto, (max-width: 150px) 100vw, 150px\" \/><\/a>Nous relisons \u00e9galement cette ann\u00e9e <a href=\"https:\/\/www.jojoenherbe.com\/index.php\/2022\/04\/27\/au-fil-des-pages-avec-graine-de-carotte\/\"><span style=\"text-decoration: underline;\">Graine de carotte<\/span><\/a> de Claire Garralon et C\u00e9cile Hudrisier (\u00e9d. Didier Jeunesse, 2019), un \u00a0album jeunesse \u00e0 partir de 3 ans et que nous avions \u00e9galement beaucoup lu au printemps, l\u2019ann\u00e9e derni\u00e8re. Un lundi matin de printemps, Petit Lapin est impatient de planter une graine de carotte, contrairement \u00e0 Moyen Lapin et Grand Lapin qui ne cessent de reporter au jour suivant cette plantation. Il y est question d\u2019enthousiasme (et d\u2019\u00e9nergie) enfantine, des jours de la semaine, des notions de contraste (petit, moyen et grand avec le trio de lapins), de cycle de la plante, de cycle de vie de l\u2019oiseau ou bien encore du fait de grandir&#8230;<\/em><\/p>\n<ul>\n<li style=\"text-align: justify;\"><em>(Album jeunesse) <strong><span style=\"text-decoration: underline;\">Le jardin de Basilic, Les fleurs tombent-elles amoureuses?<\/span><\/strong> de S\u00e9bastien Perez et Annelore Parot <strong>(T2)<\/strong><\/em><\/li>\n<\/ul>\n<p style=\"text-align: justify;\"><em><a href=\"https:\/\/i0.wp.com\/www.jojoenherbe.com\/wp-content\/uploads\/2022\/04\/Le-jardin-de-Basilic-T2-scaled.jpg\"><img data-recalc-dims=\"1\" loading=\"lazy\" decoding=\"async\" data-attachment-id=\"25204\" data-permalink=\"http:\/\/www.jojoenherbe.com\/index.php\/2022\/04\/21\/nos-lectures-printanieres-2022\/le-jardin-de-basilic-t2\/\" data-orig-file=\"https:\/\/i0.wp.com\/www.jojoenherbe.com\/wp-content\/uploads\/2022\/04\/Le-jardin-de-Basilic-T2-scaled.jpg?fit=2560%2C1696\" data-orig-size=\"2560,1696\" data-comments-opened=\"1\" data-image-meta=\"{&quot;aperture&quot;:&quot;1.8&quot;,&quot;credit&quot;:&quot;&quot;,&quot;camera&quot;:&quot;iPhone 7&quot;,&quot;caption&quot;:&quot;&quot;,&quot;created_timestamp&quot;:&quot;1651142944&quot;,&quot;copyright&quot;:&quot;&quot;,&quot;focal_length&quot;:&quot;3.99&quot;,&quot;iso&quot;:&quot;100&quot;,&quot;shutter_speed&quot;:&quot;0.090909090909091&quot;,&quot;title&quot;:&quot;&quot;,&quot;orientation&quot;:&quot;1&quot;}\" data-image-title=\"Le jardin de Basilic T2\" data-image-description=\"\" data-image-caption=\"\" data-large-file=\"https:\/\/i0.wp.com\/www.jojoenherbe.com\/wp-content\/uploads\/2022\/04\/Le-jardin-de-Basilic-T2-scaled.jpg?fit=676%2C448\" class=\"size-thumbnail wp-image-25204 alignright\" src=\"https:\/\/i0.wp.com\/www.jojoenherbe.com\/wp-content\/uploads\/2022\/04\/Le-jardin-de-Basilic-T2.jpg?resize=150%2C150\" alt=\"\" width=\"150\" height=\"150\" srcset=\"https:\/\/i0.wp.com\/www.jojoenherbe.com\/wp-content\/uploads\/2022\/04\/Le-jardin-de-Basilic-T2-scaled.jpg?resize=150%2C150 150w, https:\/\/i0.wp.com\/www.jojoenherbe.com\/wp-content\/uploads\/2022\/04\/Le-jardin-de-Basilic-T2-scaled.jpg?zoom=2&amp;resize=150%2C150 300w, https:\/\/i0.wp.com\/www.jojoenherbe.com\/wp-content\/uploads\/2022\/04\/Le-jardin-de-Basilic-T2-scaled.jpg?zoom=3&amp;resize=150%2C150 450w\" sizes=\"auto, (max-width: 150px) 100vw, 150px\" \/><\/a>Nous lisons le tome 2 du <span style=\"text-decoration: underline;\">Jardin de Basilic, Les fleurs tombent-elles amoureuses?<\/span> de S\u00e9bastien Perez et Annelore Parot (\u00e9d. Flammarion Jeunesse, 2021), un album jeunesse \u00e0 partir de 3 ans autour de la pollinisation. Avec son chat, Basilic est un petit gar\u00e7on qui adore s&rsquo;amuser dans son jardin. Un jour, il d\u00e9couvre le jardin recouvert de \u00ab\u00a0neige\u00a0\u00bb toute jaune. Sa mamie Carotte lui explique alors de fa\u00e7on po\u00e9tique puis plus naturaliste la pollinisation. Un tr\u00e8s bon moment de lecture!<\/em><\/p>\n<p><span style=\"text-decoration: underline;\"><em><strong>Insectes<\/strong><\/em><\/span><\/p>\n<ul>\n<li><em>(Album jeunesse) <strong><span style=\"text-decoration: underline;\">Le grand changement<\/span><\/strong> de Fran\u00e7ois Roussel<br \/>\n<\/em><\/li>\n<\/ul>\n<p style=\"text-align: justify;\"><em><a href=\"https:\/\/i0.wp.com\/www.jojoenherbe.com\/wp-content\/uploads\/2022\/04\/Le-grand-changement-scaled.jpg\"><img data-recalc-dims=\"1\" loading=\"lazy\" decoding=\"async\" data-attachment-id=\"25203\" data-permalink=\"http:\/\/www.jojoenherbe.com\/index.php\/2022\/04\/21\/nos-lectures-printanieres-2022\/le-grand-changement\/\" data-orig-file=\"https:\/\/i0.wp.com\/www.jojoenherbe.com\/wp-content\/uploads\/2022\/04\/Le-grand-changement-scaled.jpg?fit=2560%2C1976\" data-orig-size=\"2560,1976\" data-comments-opened=\"1\" data-image-meta=\"{&quot;aperture&quot;:&quot;1.8&quot;,&quot;credit&quot;:&quot;&quot;,&quot;camera&quot;:&quot;iPhone 7&quot;,&quot;caption&quot;:&quot;&quot;,&quot;created_timestamp&quot;:&quot;1651142936&quot;,&quot;copyright&quot;:&quot;&quot;,&quot;focal_length&quot;:&quot;3.99&quot;,&quot;iso&quot;:&quot;100&quot;,&quot;shutter_speed&quot;:&quot;0.076923076923077&quot;,&quot;title&quot;:&quot;&quot;,&quot;orientation&quot;:&quot;1&quot;}\" data-image-title=\"Le grand changement\" data-image-description=\"\" data-image-caption=\"\" data-large-file=\"https:\/\/i0.wp.com\/www.jojoenherbe.com\/wp-content\/uploads\/2022\/04\/Le-grand-changement-scaled.jpg?fit=676%2C522\" class=\"size-thumbnail wp-image-25203 alignleft\" src=\"https:\/\/i0.wp.com\/www.jojoenherbe.com\/wp-content\/uploads\/2022\/04\/Le-grand-changement.jpg?resize=150%2C150\" alt=\"\" width=\"150\" height=\"150\" srcset=\"https:\/\/i0.wp.com\/www.jojoenherbe.com\/wp-content\/uploads\/2022\/04\/Le-grand-changement-scaled.jpg?resize=150%2C150 150w, https:\/\/i0.wp.com\/www.jojoenherbe.com\/wp-content\/uploads\/2022\/04\/Le-grand-changement-scaled.jpg?zoom=2&amp;resize=150%2C150 300w, https:\/\/i0.wp.com\/www.jojoenherbe.com\/wp-content\/uploads\/2022\/04\/Le-grand-changement-scaled.jpg?zoom=3&amp;resize=150%2C150 450w\" sizes=\"auto, (max-width: 150px) 100vw, 150px\" \/><\/a>Nous lisons <span style=\"text-decoration: underline;\">Le grand changement<\/span> de Fran\u00e7ois Roussel (\u00e9d. Gl\u00e9nat Jeunesse, 2020), un album jeunesse \u00e0 partir de 3 ans avec la transformation d&rsquo;une petite chenille manquant d&rsquo;estime de soi en papillon. Gr\u00e2ce \u00e0 ce grand changement qui l&rsquo;attend, arrivera-t-elle \u00e0 s&rsquo;aimer? Un bon moment de lecture!<\/em><\/p>\n","protected":false},"excerpt":{"rendered":"<p>Le mois dernier, avec l&rsquo;arriv\u00e9e du printemps, nous avons recommenc\u00e9 \u00e0 lire des histoires sur cette saison. Ce billet sera ainsi actualis\u00e9 tout au long de ce printemps au gr\u00e9 de nos lectures sur ce th\u00e8me. Je parlerai \u00e9galement de relectures de livres que je n&rsquo;avais pas encore chroniqu\u00e9s sur le blog. Des histoires printani\u00e8res [&hellip;]<\/p>\n","protected":false},"author":1,"featured_media":25175,"comment_status":"open","ping_status":"open","sticky":false,"template":"","format":"standard","meta":{"jetpack_post_was_ever_published":false,"_jetpack_newsletter_access":"","_jetpack_dont_email_post_to_subs":false,"_jetpack_newsletter_tier_id":0,"_jetpack_memberships_contains_paywalled_content":false,"_jetpack_memberships_contains_paid_content":false,"footnotes":""},"categories":[363],"tags":[785,409,3141,1534,2306,1385,3095,3133,2864,3140,2170,415,673,2538,1002,367,1022,2427,532,207,2128,1399,1572,3115],"class_list":["post-25173","post","type-post","status-publish","format-standard","has-post-thumbnail","hentry","category-mini-lecteur","tag-3-6-ans","tag-albums-jeunesse","tag-annelore-parot","tag-benjamin-chaud","tag-carles-porta","tag-cecile-hudrisier","tag-claire-bouiller","tag-claire-garralon","tag-dav","tag-francois-roussel","tag-henri-meunier","tag-insectes","tag-jardinage","tag-kallie-george","tag-kazuo-iwamura","tag-lecture-jeunesse","tag-lectures-de-printemps","tag-plantation","tag-potager","tag-printemps","tag-quentin-greban","tag-saison","tag-sebastien-perez","tag-stephanie-graegin","post-preview"],"jetpack_featured_media_url":"https:\/\/i0.wp.com\/www.jojoenherbe.com\/wp-content\/uploads\/2022\/04\/Nos-lectures-de-printemps-2022-scaled.jpg?fit=2560%2C1470","jetpack_sharing_enabled":true,"jetpack_shortlink":"https:\/\/wp.me\/p9zhGx-6y1","jetpack_likes_enabled":true,"jetpack-related-posts":[{"id":16691,"url":"http:\/\/www.jojoenherbe.com\/index.php\/2021\/03\/22\/nos-lectures-printanieres-2021\/","url_meta":{"origin":25173,"position":0},"title":"Nos lectures printani\u00e8res 2021","author":"Jojo","date":"22 mars 2021","format":false,"excerpt":"Avec l'arriv\u00e9e du printemps ce 20 mars 2021, nous changeons \u00e9galement nos lectures pour nous plonger dans un th\u00e8me printanier, l\u00e9ger et color\u00e9. Ce billet sera ainsi actualis\u00e9 tout au long de ce printemps au gr\u00e9 de nos lectures sur ce th\u00e8me. Des albums jeunesse: l'arriv\u00e9e du printemps avec les\u2026","rel":"","context":"Dans &quot;Mini lecteur&quot;","block_context":{"text":"Mini lecteur","link":"http:\/\/www.jojoenherbe.com\/index.php\/category\/mini-lecteur\/"},"img":{"alt_text":"","src":"https:\/\/i0.wp.com\/www.jojoenherbe.com\/wp-content\/uploads\/2021\/03\/Nos-lectures-Printemps-scaled.jpg?fit=1200%2C900&resize=350%2C200","width":350,"height":200,"srcset":"https:\/\/i0.wp.com\/www.jojoenherbe.com\/wp-content\/uploads\/2021\/03\/Nos-lectures-Printemps-scaled.jpg?fit=1200%2C900&resize=350%2C200 1x, https:\/\/i0.wp.com\/www.jojoenherbe.com\/wp-content\/uploads\/2021\/03\/Nos-lectures-Printemps-scaled.jpg?fit=1200%2C900&resize=525%2C300 1.5x, https:\/\/i0.wp.com\/www.jojoenherbe.com\/wp-content\/uploads\/2021\/03\/Nos-lectures-Printemps-scaled.jpg?fit=1200%2C900&resize=700%2C400 2x, https:\/\/i0.wp.com\/www.jojoenherbe.com\/wp-content\/uploads\/2021\/03\/Nos-lectures-Printemps-scaled.jpg?fit=1200%2C900&resize=1050%2C600 3x"},"classes":[]},{"id":5137,"url":"http:\/\/www.jojoenherbe.com\/index.php\/2019\/03\/20\/au-fil-des-pages-sur-le-theme-du-printemps\/","url_meta":{"origin":25173,"position":1},"title":"Au fil des pages sur le th\u00e8me du printemps","author":"Jojo","date":"20 mars 2019","format":false,"excerpt":"Nous avons d\u00e9couvert la famille \u00e9cureuil de Kazuo Iwamura (\u00e9d. Mijade, 2016) en suivant les aventures automnales de Nic, Nac et Noc dans Tout est rouge puis hivernales avec Vive la neige. Nous les retrouvons, avec beaucoup de plaisir, dans deux histoires printani\u00e8res. Les illustrations sont toujours aussi splendides, le\u2026","rel":"","context":"Dans &quot;Mini lecteur&quot;","block_context":{"text":"Mini lecteur","link":"http:\/\/www.jojoenherbe.com\/index.php\/category\/mini-lecteur\/"},"img":{"alt_text":"","src":"https:\/\/i0.wp.com\/www.jojoenherbe.com\/wp-content\/uploads\/2019\/03\/%C3%A9cureuils-Kazuo-Iwamura.jpg?fit=1200%2C867&resize=350%2C200","width":350,"height":200,"srcset":"https:\/\/i0.wp.com\/www.jojoenherbe.com\/wp-content\/uploads\/2019\/03\/%C3%A9cureuils-Kazuo-Iwamura.jpg?fit=1200%2C867&resize=350%2C200 1x, https:\/\/i0.wp.com\/www.jojoenherbe.com\/wp-content\/uploads\/2019\/03\/%C3%A9cureuils-Kazuo-Iwamura.jpg?fit=1200%2C867&resize=525%2C300 1.5x, https:\/\/i0.wp.com\/www.jojoenherbe.com\/wp-content\/uploads\/2019\/03\/%C3%A9cureuils-Kazuo-Iwamura.jpg?fit=1200%2C867&resize=700%2C400 2x, https:\/\/i0.wp.com\/www.jojoenherbe.com\/wp-content\/uploads\/2019\/03\/%C3%A9cureuils-Kazuo-Iwamura.jpg?fit=1200%2C867&resize=1050%2C600 3x"},"classes":[]},{"id":38993,"url":"http:\/\/www.jojoenherbe.com\/index.php\/2025\/06\/02\/au-fil-des-pages-avec-les-souris-du-buisson-aux-mures-le-printemps\/","url_meta":{"origin":25173,"position":2},"title":"Au fil des pages avec Les Souris du Buisson-aux-M\u00fbres, Le Printemps","author":"Jojo","date":"2 juin 2025","format":false,"excerpt":"Nous avons lu Les Souris du Buisson-aux-M\u00fbres, Le Printemps de Jill Barklem (\u00e9d. Qilinn \u00c9ditions, mars 2024, 32 pages), un album jeunesse \u00e0 partir de 3 ans et paru pour la premi\u00e8re fois au Royaume-Uni en 1980. Dans ce tome, les souris organisent un pique-nique surprise pour l\u2019anniversaire du petit\u2026","rel":"","context":"Dans &quot;Mini lecteur&quot;","block_context":{"text":"Mini lecteur","link":"http:\/\/www.jojoenherbe.com\/index.php\/category\/mini-lecteur\/"},"img":{"alt_text":"","src":"https:\/\/i0.wp.com\/www.jojoenherbe.com\/wp-content\/uploads\/2025\/06\/Les-Souris-du-Buisson-aux-Mures-Le-Printemps-scaled.jpg?fit=1200%2C1018&resize=350%2C200","width":350,"height":200,"srcset":"https:\/\/i0.wp.com\/www.jojoenherbe.com\/wp-content\/uploads\/2025\/06\/Les-Souris-du-Buisson-aux-Mures-Le-Printemps-scaled.jpg?fit=1200%2C1018&resize=350%2C200 1x, https:\/\/i0.wp.com\/www.jojoenherbe.com\/wp-content\/uploads\/2025\/06\/Les-Souris-du-Buisson-aux-Mures-Le-Printemps-scaled.jpg?fit=1200%2C1018&resize=525%2C300 1.5x, https:\/\/i0.wp.com\/www.jojoenherbe.com\/wp-content\/uploads\/2025\/06\/Les-Souris-du-Buisson-aux-Mures-Le-Printemps-scaled.jpg?fit=1200%2C1018&resize=700%2C400 2x, https:\/\/i0.wp.com\/www.jojoenherbe.com\/wp-content\/uploads\/2025\/06\/Les-Souris-du-Buisson-aux-Mures-Le-Printemps-scaled.jpg?fit=1200%2C1018&resize=1050%2C600 3x"},"classes":[]},{"id":5283,"url":"http:\/\/www.jojoenherbe.com\/index.php\/2019\/03\/27\/au-fil-des-pages-avec-la-pomme-rouge\/","url_meta":{"origin":25173,"position":3},"title":"Au fil des pages avec La pomme rouge et F\u00fb, Hana et les pissenlits","author":"Jojo","date":"27 mars 2019","format":false,"excerpt":"Nous continuons notre exploration de l'univers litt\u00e9raire de Kazuo Iwamura avec deux nouveaux emprunts \u00e0 la biblioth\u00e8que cette semaine, apr\u00e8s la famille \u00c9cureuil et la famille Souris. La pomme rouge de Kazuo Iwamura Tout d'abord, un coup de c\u0153ur pour La pomme rouge (\u00e9d. L'\u00e9cole des Loisirs, 2010), un album\u2026","rel":"","context":"Dans &quot;Mini lecteur&quot;","block_context":{"text":"Mini lecteur","link":"http:\/\/www.jojoenherbe.com\/index.php\/category\/mini-lecteur\/"},"img":{"alt_text":"","src":"https:\/\/i0.wp.com\/www.jojoenherbe.com\/wp-content\/uploads\/2019\/03\/Fu-Hana-et-les-pissenlits-La-pomme-rouge-scaled.jpg?fit=1200%2C782&resize=350%2C200","width":350,"height":200,"srcset":"https:\/\/i0.wp.com\/www.jojoenherbe.com\/wp-content\/uploads\/2019\/03\/Fu-Hana-et-les-pissenlits-La-pomme-rouge-scaled.jpg?fit=1200%2C782&resize=350%2C200 1x, https:\/\/i0.wp.com\/www.jojoenherbe.com\/wp-content\/uploads\/2019\/03\/Fu-Hana-et-les-pissenlits-La-pomme-rouge-scaled.jpg?fit=1200%2C782&resize=525%2C300 1.5x, https:\/\/i0.wp.com\/www.jojoenherbe.com\/wp-content\/uploads\/2019\/03\/Fu-Hana-et-les-pissenlits-La-pomme-rouge-scaled.jpg?fit=1200%2C782&resize=700%2C400 2x, https:\/\/i0.wp.com\/www.jojoenherbe.com\/wp-content\/uploads\/2019\/03\/Fu-Hana-et-les-pissenlits-La-pomme-rouge-scaled.jpg?fit=1200%2C782&resize=1050%2C600 3x"},"classes":[]},{"id":6725,"url":"http:\/\/www.jojoenherbe.com\/index.php\/2019\/03\/10\/au-fil-des-pages-avec-cest-toi-le-printemps\/","url_meta":{"origin":25173,"position":4},"title":"Au fil des pages avec C&rsquo;est toi le printemps?","author":"Jojo","date":"10 mars 2019","format":false,"excerpt":"Nous empruntons \u00e0 la m\u00e9diath\u00e8que C'est toi le printemps? de Chiaki et Ko Okada (\u00e9d. Seuil Jeunesse, 2014), un album jeunesse \u00e0 partir de 3 ans. Nous suivons Petit Lapin, un lapereau qui d\u00e9couvre son premier printemps \u00e0 la sortie de l'hiver. Aussi impatient que curieux, il se d\u00e9sesp\u00e8re de\u2026","rel":"","context":"Dans &quot;Mini lecteur&quot;","block_context":{"text":"Mini lecteur","link":"http:\/\/www.jojoenherbe.com\/index.php\/category\/mini-lecteur\/"},"img":{"alt_text":"","src":"https:\/\/i0.wp.com\/www.jojoenherbe.com\/wp-content\/uploads\/2019\/03\/Cest-toi-le-printemps-scaled.jpg?fit=1200%2C900&resize=350%2C200","width":350,"height":200,"srcset":"https:\/\/i0.wp.com\/www.jojoenherbe.com\/wp-content\/uploads\/2019\/03\/Cest-toi-le-printemps-scaled.jpg?fit=1200%2C900&resize=350%2C200 1x, https:\/\/i0.wp.com\/www.jojoenherbe.com\/wp-content\/uploads\/2019\/03\/Cest-toi-le-printemps-scaled.jpg?fit=1200%2C900&resize=525%2C300 1.5x, https:\/\/i0.wp.com\/www.jojoenherbe.com\/wp-content\/uploads\/2019\/03\/Cest-toi-le-printemps-scaled.jpg?fit=1200%2C900&resize=700%2C400 2x, https:\/\/i0.wp.com\/www.jojoenherbe.com\/wp-content\/uploads\/2019\/03\/Cest-toi-le-printemps-scaled.jpg?fit=1200%2C900&resize=1050%2C600 3x"},"classes":[]},{"id":6372,"url":"http:\/\/www.jojoenherbe.com\/index.php\/2019\/06\/18\/au-fil-des-pages-avec-la-lessive-de-la-famille-souris\/","url_meta":{"origin":25173,"position":5},"title":"Au fil des pages avec La  lessive de la famille Souris","author":"Jojo","date":"18 juin 2019","format":false,"excerpt":"Nous continuons avec la saison estivale en lisant La lessive de la famille Souris de Kazuo Iwamura (\u00e9d. L'\u00e9cole des Loisirs, 2008). En cette belle journ\u00e9e d'\u00e9t\u00e9 bien chaude, la famille Souris se l\u00e8ve t\u00f4t pour une grande journ\u00e9e de lessive. Nous retrouvons toujours avec beaucoup de plaisir les petites\u2026","rel":"","context":"Dans &quot;Mini lecteur&quot;","block_context":{"text":"Mini lecteur","link":"http:\/\/www.jojoenherbe.com\/index.php\/category\/mini-lecteur\/"},"img":{"alt_text":"","src":"https:\/\/i0.wp.com\/www.jojoenherbe.com\/wp-content\/uploads\/2019\/06\/La-lessive-de-la-famille-Souris.jpg?fit=1060%2C1200&resize=350%2C200","width":350,"height":200,"srcset":"https:\/\/i0.wp.com\/www.jojoenherbe.com\/wp-content\/uploads\/2019\/06\/La-lessive-de-la-famille-Souris.jpg?fit=1060%2C1200&resize=350%2C200 1x, https:\/\/i0.wp.com\/www.jojoenherbe.com\/wp-content\/uploads\/2019\/06\/La-lessive-de-la-famille-Souris.jpg?fit=1060%2C1200&resize=525%2C300 1.5x, https:\/\/i0.wp.com\/www.jojoenherbe.com\/wp-content\/uploads\/2019\/06\/La-lessive-de-la-famille-Souris.jpg?fit=1060%2C1200&resize=700%2C400 2x, https:\/\/i0.wp.com\/www.jojoenherbe.com\/wp-content\/uploads\/2019\/06\/La-lessive-de-la-famille-Souris.jpg?fit=1060%2C1200&resize=1050%2C600 3x"},"classes":[]}],"_links":{"self":[{"href":"http:\/\/www.jojoenherbe.com\/index.php\/wp-json\/wp\/v2\/posts\/25173","targetHints":{"allow":["GET"]}}],"collection":[{"href":"http:\/\/www.jojoenherbe.com\/index.php\/wp-json\/wp\/v2\/posts"}],"about":[{"href":"http:\/\/www.jojoenherbe.com\/index.php\/wp-json\/wp\/v2\/types\/post"}],"author":[{"embeddable":true,"href":"http:\/\/www.jojoenherbe.com\/index.php\/wp-json\/wp\/v2\/users\/1"}],"replies":[{"embeddable":true,"href":"http:\/\/www.jojoenherbe.com\/index.php\/wp-json\/wp\/v2\/comments?post=25173"}],"version-history":[{"count":17,"href":"http:\/\/www.jojoenherbe.com\/index.php\/wp-json\/wp\/v2\/posts\/25173\/revisions"}],"predecessor-version":[{"id":29630,"href":"http:\/\/www.jojoenherbe.com\/index.php\/wp-json\/wp\/v2\/posts\/25173\/revisions\/29630"}],"wp:featuredmedia":[{"embeddable":true,"href":"http:\/\/www.jojoenherbe.com\/index.php\/wp-json\/wp\/v2\/media\/25175"}],"wp:attachment":[{"href":"http:\/\/www.jojoenherbe.com\/index.php\/wp-json\/wp\/v2\/media?parent=25173"}],"wp:term":[{"taxonomy":"category","embeddable":true,"href":"http:\/\/www.jojoenherbe.com\/index.php\/wp-json\/wp\/v2\/categories?post=25173"},{"taxonomy":"post_tag","embeddable":true,"href":"http:\/\/www.jojoenherbe.com\/index.php\/wp-json\/wp\/v2\/tags?post=25173"}],"curies":[{"name":"wp","href":"https:\/\/api.w.org\/{rel}","templated":true}]}}