{"id":24954,"date":"2022-04-14T17:42:00","date_gmt":"2022-04-14T15:42:00","guid":{"rendered":"https:\/\/www.jojoenherbe.com\/?p=24954"},"modified":"2024-03-20T18:02:50","modified_gmt":"2024-03-20T17:02:50","slug":"au-fil-des-pages-avec-le-tome-16-de-rita-et-machin","status":"publish","type":"post","link":"http:\/\/www.jojoenherbe.com\/index.php\/2022\/04\/14\/au-fil-des-pages-avec-le-tome-16-de-rita-et-machin\/","title":{"rendered":"Au fil des pages avec le tome 16 de Rita et Machin"},"content":{"rendered":"<p style=\"text-align: justify;\"><em><a href=\"https:\/\/i0.wp.com\/www.jojoenherbe.com\/wp-content\/uploads\/2022\/04\/Joyeuses-Paques-Rita-et-Machin-2-scaled.jpg\"><img data-recalc-dims=\"1\" loading=\"lazy\" decoding=\"async\" data-attachment-id=\"24957\" data-permalink=\"http:\/\/www.jojoenherbe.com\/index.php\/2022\/04\/14\/au-fil-des-pages-avec-le-tome-16-de-rita-et-machin\/joyeuses-paques-rita-et-machin-2\/\" data-orig-file=\"https:\/\/i0.wp.com\/www.jojoenherbe.com\/wp-content\/uploads\/2022\/04\/Joyeuses-Paques-Rita-et-Machin-2-scaled.jpg?fit=2560%2C1682\" data-orig-size=\"2560,1682\" data-comments-opened=\"1\" data-image-meta=\"{&quot;aperture&quot;:&quot;1.8&quot;,&quot;credit&quot;:&quot;&quot;,&quot;camera&quot;:&quot;iPhone 7&quot;,&quot;caption&quot;:&quot;&quot;,&quot;created_timestamp&quot;:&quot;1649956950&quot;,&quot;copyright&quot;:&quot;&quot;,&quot;focal_length&quot;:&quot;3.99&quot;,&quot;iso&quot;:&quot;100&quot;,&quot;shutter_speed&quot;:&quot;0.076923076923077&quot;,&quot;title&quot;:&quot;&quot;,&quot;orientation&quot;:&quot;1&quot;}\" data-image-title=\"Joyeuses P\u00e2ques Rita et Machin 2\" data-image-description=\"\" data-image-caption=\"\" data-large-file=\"https:\/\/i0.wp.com\/www.jojoenherbe.com\/wp-content\/uploads\/2022\/04\/Joyeuses-Paques-Rita-et-Machin-2-scaled.jpg?fit=676%2C444\" class=\"alignleft size-thumbnail wp-image-24957\" src=\"https:\/\/i0.wp.com\/www.jojoenherbe.com\/wp-content\/uploads\/2022\/04\/Joyeuses-Paques-Rita-et-Machin-2.jpg?resize=150%2C150\" alt=\"\" width=\"150\" height=\"150\" srcset=\"https:\/\/i0.wp.com\/www.jojoenherbe.com\/wp-content\/uploads\/2022\/04\/Joyeuses-Paques-Rita-et-Machin-2-scaled.jpg?resize=150%2C150 150w, https:\/\/i0.wp.com\/www.jojoenherbe.com\/wp-content\/uploads\/2022\/04\/Joyeuses-Paques-Rita-et-Machin-2-scaled.jpg?zoom=2&amp;resize=150%2C150 300w, https:\/\/i0.wp.com\/www.jojoenherbe.com\/wp-content\/uploads\/2022\/04\/Joyeuses-Paques-Rita-et-Machin-2-scaled.jpg?zoom=3&amp;resize=150%2C150 450w\" sizes=\"auto, (max-width: 150px) 100vw, 150px\" \/><\/a> <a href=\"https:\/\/i0.wp.com\/www.jojoenherbe.com\/wp-content\/uploads\/2022\/04\/Joyeuses-Paques-Rita-et-Machin-4-scaled.jpg\"><img data-recalc-dims=\"1\" loading=\"lazy\" decoding=\"async\" data-attachment-id=\"24959\" data-permalink=\"http:\/\/www.jojoenherbe.com\/index.php\/2022\/04\/14\/au-fil-des-pages-avec-le-tome-16-de-rita-et-machin\/joyeuses-paques-rita-et-machin-4\/\" data-orig-file=\"https:\/\/i0.wp.com\/www.jojoenherbe.com\/wp-content\/uploads\/2022\/04\/Joyeuses-Paques-Rita-et-Machin-4-scaled.jpg?fit=2560%2C1699\" data-orig-size=\"2560,1699\" data-comments-opened=\"1\" data-image-meta=\"{&quot;aperture&quot;:&quot;1.8&quot;,&quot;credit&quot;:&quot;&quot;,&quot;camera&quot;:&quot;iPhone 7&quot;,&quot;caption&quot;:&quot;&quot;,&quot;created_timestamp&quot;:&quot;1649956909&quot;,&quot;copyright&quot;:&quot;&quot;,&quot;focal_length&quot;:&quot;3.99&quot;,&quot;iso&quot;:&quot;100&quot;,&quot;shutter_speed&quot;:&quot;0.076923076923077&quot;,&quot;title&quot;:&quot;&quot;,&quot;orientation&quot;:&quot;1&quot;}\" data-image-title=\"Joyeuses P\u00e2ques Rita et Machin 4\" data-image-description=\"\" data-image-caption=\"\" data-large-file=\"https:\/\/i0.wp.com\/www.jojoenherbe.com\/wp-content\/uploads\/2022\/04\/Joyeuses-Paques-Rita-et-Machin-4-scaled.jpg?fit=676%2C448\" class=\"alignleft size-thumbnail wp-image-24959\" src=\"https:\/\/i0.wp.com\/www.jojoenherbe.com\/wp-content\/uploads\/2022\/04\/Joyeuses-Paques-Rita-et-Machin-4.jpg?resize=150%2C150\" alt=\"\" width=\"150\" height=\"150\" srcset=\"https:\/\/i0.wp.com\/www.jojoenherbe.com\/wp-content\/uploads\/2022\/04\/Joyeuses-Paques-Rita-et-Machin-4-scaled.jpg?resize=150%2C150 150w, https:\/\/i0.wp.com\/www.jojoenherbe.com\/wp-content\/uploads\/2022\/04\/Joyeuses-Paques-Rita-et-Machin-4-scaled.jpg?zoom=2&amp;resize=150%2C150 300w, https:\/\/i0.wp.com\/www.jojoenherbe.com\/wp-content\/uploads\/2022\/04\/Joyeuses-Paques-Rita-et-Machin-4-scaled.jpg?zoom=3&amp;resize=150%2C150 450w\" sizes=\"auto, (max-width: 150px) 100vw, 150px\" \/><\/a>Nous relisons pour P\u00e2ques cette ann\u00e9e <span style=\"text-decoration: underline;\">Joyeuses P\u00e2ques Rita et Machin<\/span> de Jean-Philippe Arrou-Vignod et Olivier Tallec (\u00e9d. Gallimard Jeunesse, 2013), un album jeunesse \u00e0 partir de 4 ans que nous avions emprunt\u00e9 l&rsquo;ann\u00e9e derni\u00e8re pour P\u00e2ques \u00e0 la m\u00e9diath\u00e8que et qui a fini par rejoindre nos biblioth\u00e8ques. Il s&rsquo;agit du tome 16 de la s\u00e9rie livresque, <span style=\"text-decoration: underline;\">Rita et Machin<\/span>, Rita \u00e9tant une petite fille ayant re\u00e7u, pour ses 5 ans, un chien qu&rsquo;elle a appel\u00e9 Machin.<br \/>\n<\/em><\/p>\n<p style=\"text-align: justify;\"><em><a href=\"https:\/\/i0.wp.com\/www.jojoenherbe.com\/wp-content\/uploads\/2022\/04\/Joyeuses-Paques-Rita-et-Machin-3-scaled.jpg\"><img data-recalc-dims=\"1\" loading=\"lazy\" decoding=\"async\" data-attachment-id=\"24958\" data-permalink=\"http:\/\/www.jojoenherbe.com\/index.php\/2022\/04\/14\/au-fil-des-pages-avec-le-tome-16-de-rita-et-machin\/joyeuses-paques-rita-et-machin-3\/\" data-orig-file=\"https:\/\/i0.wp.com\/www.jojoenherbe.com\/wp-content\/uploads\/2022\/04\/Joyeuses-Paques-Rita-et-Machin-3-scaled.jpg?fit=1920%2C2560\" data-orig-size=\"1920,2560\" data-comments-opened=\"1\" data-image-meta=\"{&quot;aperture&quot;:&quot;1.8&quot;,&quot;credit&quot;:&quot;&quot;,&quot;camera&quot;:&quot;iPhone 7&quot;,&quot;caption&quot;:&quot;&quot;,&quot;created_timestamp&quot;:&quot;1649956891&quot;,&quot;copyright&quot;:&quot;&quot;,&quot;focal_length&quot;:&quot;3.99&quot;,&quot;iso&quot;:&quot;100&quot;,&quot;shutter_speed&quot;:&quot;0.076923076923077&quot;,&quot;title&quot;:&quot;&quot;,&quot;orientation&quot;:&quot;1&quot;}\" data-image-title=\"Joyeuses P\u00e2ques Rita et Machin 3\" data-image-description=\"\" data-image-caption=\"\" data-large-file=\"https:\/\/i0.wp.com\/www.jojoenherbe.com\/wp-content\/uploads\/2022\/04\/Joyeuses-Paques-Rita-et-Machin-3-scaled.jpg?fit=676%2C901\" class=\"size-thumbnail wp-image-24958 alignright\" src=\"https:\/\/i0.wp.com\/www.jojoenherbe.com\/wp-content\/uploads\/2022\/04\/Joyeuses-Paques-Rita-et-Machin-3.jpg?resize=150%2C150\" alt=\"\" width=\"150\" height=\"150\" srcset=\"https:\/\/i0.wp.com\/www.jojoenherbe.com\/wp-content\/uploads\/2022\/04\/Joyeuses-Paques-Rita-et-Machin-3-scaled.jpg?resize=150%2C150 150w, https:\/\/i0.wp.com\/www.jojoenherbe.com\/wp-content\/uploads\/2022\/04\/Joyeuses-Paques-Rita-et-Machin-3-scaled.jpg?zoom=2&amp;resize=150%2C150 300w, https:\/\/i0.wp.com\/www.jojoenherbe.com\/wp-content\/uploads\/2022\/04\/Joyeuses-Paques-Rita-et-Machin-3-scaled.jpg?zoom=3&amp;resize=150%2C150 450w\" sizes=\"auto, (max-width: 150px) 100vw, 150px\" \/><\/a>Lev\u00e9e tr\u00e8s t\u00f4t en ce jour de P\u00e2ques, Rita a h\u00e2te de trouver dans le jardin de ses grands-parents les \u0153ufs d\u00e9pos\u00e9s par les cloches. De son c\u00f4t\u00e9, son chien Machin aurait bien continuer \u00e0 dormir. Mais bon gr\u00e9 mal gr\u00e9, il se met \u00e0 la recherche des \u0153ufs. A-t-il bien compris que c&rsquo;\u00e9tait du chocolat \u00e0 trouver? Les illustrations au crayonn\u00e9 en noir et blanc avec des touches de rouge sont jolies et donnent un rythme \u00e0 l&rsquo;intrigue proche de la BD jeunesse. Aimant \u00eatre la cheffe, Rita est toujours aussi directive avec son chien qui bien maladroitement r\u00e9cup\u00e8re les mauvais \u0153ufs. <\/em><em>Un bon moment de lecture mignon et rigolo avec cette histoire de chasse aux \u0153ufs \u00e0 la campagne!<\/em><\/p>\n<div style=\"width: 90px\" class=\"wp-caption alignleft\"><img loading=\"lazy\" decoding=\"async\" class=\"\" src=\"https:\/\/i2.wp.com\/mapetitemediatheque.fr\/wp-content\/uploads\/2021\/07\/challenge-contes-et-legendes-239x300-1.jpg?resize=137%2C172\" alt=\"\" width=\"80\" height=\"100\" \/><p class=\"wp-caption-text\">Participation #14 Challenge Contes &amp; L\u00e9gendes 2022 de <a href=\"http:\/\/mapetitemediatheque.fr\/2021\/12\/challenge-contes-legendes-2022\/\">Bidib<\/a> #Tradition<\/p><\/div>\n<div style=\"width: 110px\" class=\"wp-caption alignleft\"><img loading=\"lazy\" decoding=\"async\" class=\"\" src=\"https:\/\/i0.wp.com\/mapetitemediatheque.fr\/wp-content\/uploads\/2021\/12\/des-livres-en-cusine.png?resize=182%2C131&amp;ssl=1\" alt=\"\" width=\"100\" height=\"72\" \/><p class=\"wp-caption-text\">Participation #14 Challenge Des livres (et des \u00e9crans) en cuisine 2022 de <a href=\"https:\/\/mapetitemediatheque.fr\/2021\/12\/des-livres-et-des-ecrans-en-cuisine-2022\/\">Bidib<\/a> et <a href=\"http:\/\/croquerlespages.canalblog.com\/archives\/2021\/12\/21\/39242322.html\">Fondant<\/a> #Chocolat de P\u00e2ques<\/p><\/div>\n<div style=\"width: 113px\" class=\"wp-caption alignleft\"><img loading=\"lazy\" decoding=\"async\" class=\"\" src=\"https:\/\/lh3.googleusercontent.com\/pw\/AM-JKLW-8Xy9BIRqinPzrRBz2J2pSlRnlFIwPEKmmv1zpAf3DZoC0nJGqVPx8b0ycvPVte06hr4gaDsphFfyIzipAAW1MPEwEpWUpvmIVdN6H4fs8knOaKBdlyDoMp3hCYeWKD_2Ax2fVRZYrtgs4qzmpYdYpQ=w285-h217-no?authuser=1\" alt=\"\" width=\"103\" height=\"78\" \/><p class=\"wp-caption-text\">Challenge Petit Bac d\u2019<a href=\"https:\/\/ennalit.wordpress.com\/2021\/12\/01\/challenge-petit-bac-2022-qui-veut-jouer\/\">Enna<\/a> #3 Cat\u00e9gorie Pr\u00e9nom: \u00ab Rita \u00bb<\/p><\/div>\n<div style=\"width: 112px\" class=\"wp-caption alignleft\"><img loading=\"lazy\" decoding=\"async\" class=\"\" src=\"https:\/\/i2.wp.com\/mapetitemediatheque.fr\/wp-content\/uploads\/2021\/11\/Inkedle-tour-du-monde-en-80-livres-2_LI.jpg?resize=168%2C127&amp;ssl=1\" alt=\"\" width=\"102\" height=\"77\" \/><p class=\"wp-caption-text\">Participation #32 Challenge Le tour du monde en 80 livres de <a href=\"https:\/\/mapetitemediatheque.fr\/2021\/12\/le-tour-du-monde-en-80-livres-le-challenge-qui-vous-fait-aimer-la-litterature-etrangere\/\">Bidib<\/a> #France<\/p><\/div>\n<div style=\"width: 119px\" class=\"wp-caption alignleft\"><img loading=\"lazy\" decoding=\"async\" class=\"attachment-post-image  wp-post-image\" src=\"https:\/\/i0.wp.com\/www.jojoenherbe.com\/wp-content\/uploads\/2022\/03\/Challenge-Cottagecore-2022.jpg?fit=676%2C576&amp;ssl=1\" sizes=\"auto, (max-width: 676px) 100vw, 676px\" srcset=\"https:\/\/i0.wp.com\/www.jojoenherbe.com\/wp-content\/uploads\/2022\/03\/Challenge-Cottagecore-2022.jpg?w=747&amp;ssl=1 747w, https:\/\/i0.wp.com\/www.jojoenherbe.com\/wp-content\/uploads\/2022\/03\/Challenge-Cottagecore-2022.jpg?resize=300%2C256&amp;ssl=1 300w, https:\/\/i0.wp.com\/www.jojoenherbe.com\/wp-content\/uploads\/2022\/03\/Challenge-Cottagecore-2022.jpg?resize=676%2C576&amp;ssl=1 676w\" alt=\"\" width=\"109\" height=\"93\" data-attachment-id=\"24400\" data-permalink=\"https:\/\/www.jojoenherbe.com\/index.php\/2022\/03\/28\/billet-de-suivi-challenge-cottagecore-2022\/challenge-cottagecore-2022\/\" data-orig-file=\"https:\/\/i0.wp.com\/www.jojoenherbe.com\/wp-content\/uploads\/2022\/03\/Challenge-Cottagecore-2022.jpg?fit=747%2C637&amp;ssl=1\" data-orig-size=\"747,637\" data-comments-opened=\"1\" data-image-meta=\"{&quot;aperture&quot;:&quot;0&quot;,&quot;credit&quot;:&quot;&quot;,&quot;camera&quot;:&quot;&quot;,&quot;caption&quot;:&quot;&quot;,&quot;created_timestamp&quot;:&quot;0&quot;,&quot;copyright&quot;:&quot;&quot;,&quot;focal_length&quot;:&quot;0&quot;,&quot;iso&quot;:&quot;0&quot;,&quot;shutter_speed&quot;:&quot;0&quot;,&quot;title&quot;:&quot;&quot;,&quot;orientation&quot;:&quot;0&quot;}\" data-image-title=\"Challenge Cottagecore 2022\" data-image-description=\"\" data-image-caption=\"\" data-medium-file=\"https:\/\/i0.wp.com\/www.jojoenherbe.com\/wp-content\/uploads\/2022\/03\/Challenge-Cottagecore-2022.jpg?fit=300%2C256&amp;ssl=1\" data-large-file=\"https:\/\/i0.wp.com\/www.jojoenherbe.com\/wp-content\/uploads\/2022\/03\/Challenge-Cottagecore-2022.jpg?fit=676%2C576&amp;ssl=1\" \/><p class=\"wp-caption-text\">Participation #2 Challenge Cottagecore 2022 de <a href=\"https:\/\/artdelire.org\/2022\/03\/26\/challenge-cottagecore-2022-cest-parti-pour-une-nouvelle-saison\/\">MissyCornish<\/a> #Promenons-nous dans les bois<\/p><\/div>\n","protected":false},"excerpt":{"rendered":"<p>Nous relisons pour P\u00e2ques cette ann\u00e9e Joyeuses P\u00e2ques Rita et Machin de Jean-Philippe Arrou-Vignod et Olivier Tallec (\u00e9d. Gallimard Jeunesse, 2013), un album jeunesse \u00e0 partir de 4 ans que nous avions emprunt\u00e9 l&rsquo;ann\u00e9e derni\u00e8re pour P\u00e2ques \u00e0 la m\u00e9diath\u00e8que et qui a fini par rejoindre nos biblioth\u00e8ques. Il s&rsquo;agit du tome 16 de la [&hellip;]<\/p>\n","protected":false},"author":1,"featured_media":24960,"comment_status":"open","ping_status":"open","sticky":false,"template":"","format":"standard","meta":{"jetpack_post_was_ever_published":false,"_jetpack_newsletter_access":"","_jetpack_dont_email_post_to_subs":false,"_jetpack_newsletter_tier_id":0,"_jetpack_memberships_contains_paywalled_content":false,"_jetpack_memberships_contains_paid_content":false,"footnotes":""},"categories":[363],"tags":[1031,409,753,2916,3037,563,525,2917,620,2330,2918,367,1239,962,1251,1714,188,1504,3110,1630],"class_list":["post-24954","post","type-post","status-publish","format-standard","has-post-thumbnail","hentry","category-mini-lecteur","tag-4-7-ans","tag-albums-jeunesse","tag-campagne","tag-challenge-contes-et-legendes-2022","tag-challenge-cottagecore-2022","tag-chien","tag-chocolat","tag-des-livres-et-des-ecrans-en-cuisine-2022","tag-fille","tag-jean-philippe-arrou-vignod","tag-le-tour-du-monde-en-80-livres-2022","tag-lecture-jeunesse","tag-lectures-de-paques","tag-oeuf","tag-oeufs-de-paques","tag-olivier-tallec","tag-paques","tag-poulailler","tag-rita-et-machin","tag-traditions","post-preview"],"jetpack_featured_media_url":"https:\/\/i0.wp.com\/www.jojoenherbe.com\/wp-content\/uploads\/2022\/04\/Joyeuses-Paques-Rita-et-Machin-scaled.jpg?fit=2560%2C1920","jetpack_sharing_enabled":true,"jetpack_shortlink":"https:\/\/wp.me\/p9zhGx-6uu","jetpack_likes_enabled":true,"jetpack-related-posts":[{"id":24972,"url":"http:\/\/www.jojoenherbe.com\/index.php\/2022\/04\/15\/nos-lectures-de-paques-2022\/","url_meta":{"origin":24954,"position":0},"title":"Nos lectures de P\u00e2ques 2022","author":"Jojo","date":"15 avril 2022","format":false,"excerpt":"Aux albums jeunesse d\u00e9j\u00e0 lus l'ann\u00e9e derni\u00e8re comme Fenouil ou Petit H\u00e9risson, nous lisons de nouvelles histoires avec le lapin de P\u00e2ques et\/ou la chasse aux \u0153ufs en chocolat en attendant de faire ce week-end, en famille, la n\u00f4tre. (Album jeunesse) Joyeuses P\u00e2ques Rita et Machin de Jean-Philippe Arrou-Vignod et\u2026","rel":"","context":"Dans &quot;Mini lecteur&quot;","block_context":{"text":"Mini lecteur","link":"http:\/\/www.jojoenherbe.com\/index.php\/category\/mini-lecteur\/"},"img":{"alt_text":"","src":"https:\/\/i0.wp.com\/www.jojoenherbe.com\/wp-content\/uploads\/2022\/04\/Nos-lectures-de-Paques-2022-scaled.jpg?fit=1200%2C995&resize=350%2C200","width":350,"height":200,"srcset":"https:\/\/i0.wp.com\/www.jojoenherbe.com\/wp-content\/uploads\/2022\/04\/Nos-lectures-de-Paques-2022-scaled.jpg?fit=1200%2C995&resize=350%2C200 1x, https:\/\/i0.wp.com\/www.jojoenherbe.com\/wp-content\/uploads\/2022\/04\/Nos-lectures-de-Paques-2022-scaled.jpg?fit=1200%2C995&resize=525%2C300 1.5x, https:\/\/i0.wp.com\/www.jojoenherbe.com\/wp-content\/uploads\/2022\/04\/Nos-lectures-de-Paques-2022-scaled.jpg?fit=1200%2C995&resize=700%2C400 2x, https:\/\/i0.wp.com\/www.jojoenherbe.com\/wp-content\/uploads\/2022\/04\/Nos-lectures-de-Paques-2022-scaled.jpg?fit=1200%2C995&resize=1050%2C600 3x"},"classes":[]},{"id":16945,"url":"http:\/\/www.jojoenherbe.com\/index.php\/2021\/04\/01\/nos-lectures-de-paques-2021\/","url_meta":{"origin":24954,"position":1},"title":"Nos lectures de P\u00e2ques 2021","author":"Jojo","date":"1 avril 2021","format":false,"excerpt":"Apr\u00e8s le carnaval, place au lecture de P\u00e2ques en attendant notre chasse aux \u0153ufs ce week-end (miam miam les chocolats). Nous relisons des albums jeunesse des ann\u00e9es pr\u00e9c\u00e9dentes mais aussi deux \"nouveaut\u00e9s\" que je n'avais pas pu encore emprunter \u00e0 la m\u00e9diath\u00e8que. Mais cette ann\u00e9e, je m'y suis prise t\u00f4t\u2026","rel":"","context":"Dans &quot;Mini lecteur&quot;","block_context":{"text":"Mini lecteur","link":"http:\/\/www.jojoenherbe.com\/index.php\/category\/mini-lecteur\/"},"img":{"alt_text":"","src":"https:\/\/i0.wp.com\/www.jojoenherbe.com\/wp-content\/uploads\/2021\/04\/Nos-lectures-de-Paques-2021-scaled.jpg?fit=1200%2C933&resize=350%2C200","width":350,"height":200,"srcset":"https:\/\/i0.wp.com\/www.jojoenherbe.com\/wp-content\/uploads\/2021\/04\/Nos-lectures-de-Paques-2021-scaled.jpg?fit=1200%2C933&resize=350%2C200 1x, https:\/\/i0.wp.com\/www.jojoenherbe.com\/wp-content\/uploads\/2021\/04\/Nos-lectures-de-Paques-2021-scaled.jpg?fit=1200%2C933&resize=525%2C300 1.5x, https:\/\/i0.wp.com\/www.jojoenherbe.com\/wp-content\/uploads\/2021\/04\/Nos-lectures-de-Paques-2021-scaled.jpg?fit=1200%2C933&resize=700%2C400 2x, https:\/\/i0.wp.com\/www.jojoenherbe.com\/wp-content\/uploads\/2021\/04\/Nos-lectures-de-Paques-2021-scaled.jpg?fit=1200%2C933&resize=1050%2C600 3x"},"classes":[]},{"id":33712,"url":"http:\/\/www.jojoenherbe.com\/index.php\/2023\/12\/23\/au-fil-des-pages-avec-le-tome-5-de-rita-et-machin\/","url_meta":{"origin":24954,"position":2},"title":"Au fil des pages avec le tome 5 de Rita et Machin","author":"Jojo","date":"23 d\u00e9cembre 2023","format":false,"excerpt":"Lors du RAT de No\u00ebl 2019, nous avions lu le tome 5 de Rita et Machin, Le No\u00ebl de Rita et Machin de Jean-Philippe Arrou-Vignod et Olivier Tallec (\u00e9d. Gallimard Jeunesse, 2006, 28 pages), un album jeunesse \u00e0 partir de 4 ans. Ce soir, c'est la nuit de No\u00ebl mais\u2026","rel":"","context":"Dans &quot;Mini lecteur&quot;","block_context":{"text":"Mini lecteur","link":"http:\/\/www.jojoenherbe.com\/index.php\/category\/mini-lecteur\/"},"img":{"alt_text":"","src":"https:\/\/i0.wp.com\/www.jojoenherbe.com\/wp-content\/uploads\/2023\/12\/Le-Noel-de-Rita-et-Machin-scaled.jpg?fit=1200%2C833&resize=350%2C200","width":350,"height":200,"srcset":"https:\/\/i0.wp.com\/www.jojoenherbe.com\/wp-content\/uploads\/2023\/12\/Le-Noel-de-Rita-et-Machin-scaled.jpg?fit=1200%2C833&resize=350%2C200 1x, https:\/\/i0.wp.com\/www.jojoenherbe.com\/wp-content\/uploads\/2023\/12\/Le-Noel-de-Rita-et-Machin-scaled.jpg?fit=1200%2C833&resize=525%2C300 1.5x, https:\/\/i0.wp.com\/www.jojoenherbe.com\/wp-content\/uploads\/2023\/12\/Le-Noel-de-Rita-et-Machin-scaled.jpg?fit=1200%2C833&resize=700%2C400 2x, https:\/\/i0.wp.com\/www.jojoenherbe.com\/wp-content\/uploads\/2023\/12\/Le-Noel-de-Rita-et-Machin-scaled.jpg?fit=1200%2C833&resize=1050%2C600 3x"},"classes":[]},{"id":35556,"url":"http:\/\/www.jojoenherbe.com\/index.php\/2024\/04\/04\/throwback-thursday-livresque-couverture-orange\/","url_meta":{"origin":24954,"position":3},"title":"Throwback Thursday Livresque: Couverture orange","author":"Jojo","date":"4 avril 2024","format":false,"excerpt":"Ce jeudi 4 avril 2024, je participe au Throwback Thursday Livresque, un rendez-vous livresque initialement chez Bettie Rose Books et repris depuis par Carole, les liens \u00e9tant \u00e0 d\u00e9poser chez My-Bo0ks. Le principe est de partager chaque jeudi un livre en fonction d\u2019un th\u00e8me donn\u00e9. Cette semaine, le th\u00e8me est\u2026","rel":"","context":"Dans &quot;Mini challenger&quot;","block_context":{"text":"Mini challenger","link":"http:\/\/www.jojoenherbe.com\/index.php\/category\/mini-challenger\/"},"img":{"alt_text":"","src":"https:\/\/i0.wp.com\/www.jojoenherbe.com\/wp-content\/uploads\/2024\/04\/Selection-couverture-orange-TTL-2024-1024x760.jpg?resize=350%2C200","width":350,"height":200,"srcset":"https:\/\/i0.wp.com\/www.jojoenherbe.com\/wp-content\/uploads\/2024\/04\/Selection-couverture-orange-TTL-2024-1024x760.jpg?resize=350%2C200 1x, https:\/\/i0.wp.com\/www.jojoenherbe.com\/wp-content\/uploads\/2024\/04\/Selection-couverture-orange-TTL-2024-1024x760.jpg?resize=525%2C300 1.5x"},"classes":[]},{"id":24398,"url":"http:\/\/www.jojoenherbe.com\/index.php\/2022\/03\/28\/billet-de-suivi-challenge-cottagecore-2022\/","url_meta":{"origin":24954,"position":4},"title":"Billet de suivi: Challenge Cottagecore 2022","author":"Jojo","date":"28 mars 2022","format":false,"excerpt":"MissyCornish organise pour la deuxi\u00e8me ann\u00e9e son Challenge Cottagecore qui aura lieu du 30 mars au 30 septembre 2022. Comme l'ann\u00e9e derni\u00e8re, elle a pr\u00e9vu un programme facultatif que je vais essayer de suivre le plus possible, cinq cat\u00e9gories et des d\u00e9fis autour d\u2019histoires bucoliques et champ\u00eatres. Pour plus d\u2019infos,\u2026","rel":"","context":"Dans &quot;Mini challenger&quot;","block_context":{"text":"Mini challenger","link":"http:\/\/www.jojoenherbe.com\/index.php\/category\/mini-challenger\/"},"img":{"alt_text":"","src":"https:\/\/i0.wp.com\/www.jojoenherbe.com\/wp-content\/uploads\/2022\/03\/Challenge-Cottagecore-2022.jpg?fit=747%2C637&resize=350%2C200","width":350,"height":200,"srcset":"https:\/\/i0.wp.com\/www.jojoenherbe.com\/wp-content\/uploads\/2022\/03\/Challenge-Cottagecore-2022.jpg?fit=747%2C637&resize=350%2C200 1x, https:\/\/i0.wp.com\/www.jojoenherbe.com\/wp-content\/uploads\/2022\/03\/Challenge-Cottagecore-2022.jpg?fit=747%2C637&resize=525%2C300 1.5x, https:\/\/i0.wp.com\/www.jojoenherbe.com\/wp-content\/uploads\/2022\/03\/Challenge-Cottagecore-2022.jpg?fit=747%2C637&resize=700%2C400 2x"},"classes":[]},{"id":17158,"url":"http:\/\/www.jojoenherbe.com\/index.php\/2021\/04\/09\/au-fil-des-pages-avec-une-surprise-pour-paques\/","url_meta":{"origin":24954,"position":5},"title":"Au fil des pages avec Une surprise pour P\u00e2ques","author":"Jojo","date":"9 avril 2021","format":false,"excerpt":"Nous empruntons \u00e0 la m\u00e9diath\u00e8que Une surprise pour P\u00e2ques de Nancy E. Walker-Guye et Igor Ole\u00efnikov (\u00e9d. Nord-Sud, 2005), un album jeunesse \u00e0 partir de 3 ans. C'est le grand jour pour le Lapin de P\u00e2ques qui part cacher tous les \u0153ufs multicolores qu'il a fini de fabriquer la veille\u2026","rel":"","context":"Dans &quot;Mini lecteur&quot;","block_context":{"text":"Mini lecteur","link":"http:\/\/www.jojoenherbe.com\/index.php\/category\/mini-lecteur\/"},"img":{"alt_text":"","src":"https:\/\/i0.wp.com\/www.jojoenherbe.com\/wp-content\/uploads\/2021\/04\/Une-surprise-pour-Paques-scaled.jpg?fit=1200%2C784&resize=350%2C200","width":350,"height":200,"srcset":"https:\/\/i0.wp.com\/www.jojoenherbe.com\/wp-content\/uploads\/2021\/04\/Une-surprise-pour-Paques-scaled.jpg?fit=1200%2C784&resize=350%2C200 1x, https:\/\/i0.wp.com\/www.jojoenherbe.com\/wp-content\/uploads\/2021\/04\/Une-surprise-pour-Paques-scaled.jpg?fit=1200%2C784&resize=525%2C300 1.5x, https:\/\/i0.wp.com\/www.jojoenherbe.com\/wp-content\/uploads\/2021\/04\/Une-surprise-pour-Paques-scaled.jpg?fit=1200%2C784&resize=700%2C400 2x, https:\/\/i0.wp.com\/www.jojoenherbe.com\/wp-content\/uploads\/2021\/04\/Une-surprise-pour-Paques-scaled.jpg?fit=1200%2C784&resize=1050%2C600 3x"},"classes":[]}],"_links":{"self":[{"href":"http:\/\/www.jojoenherbe.com\/index.php\/wp-json\/wp\/v2\/posts\/24954","targetHints":{"allow":["GET"]}}],"collection":[{"href":"http:\/\/www.jojoenherbe.com\/index.php\/wp-json\/wp\/v2\/posts"}],"about":[{"href":"http:\/\/www.jojoenherbe.com\/index.php\/wp-json\/wp\/v2\/types\/post"}],"author":[{"embeddable":true,"href":"http:\/\/www.jojoenherbe.com\/index.php\/wp-json\/wp\/v2\/users\/1"}],"replies":[{"embeddable":true,"href":"http:\/\/www.jojoenherbe.com\/index.php\/wp-json\/wp\/v2\/comments?post=24954"}],"version-history":[{"count":5,"href":"http:\/\/www.jojoenherbe.com\/index.php\/wp-json\/wp\/v2\/posts\/24954\/revisions"}],"predecessor-version":[{"id":35294,"href":"http:\/\/www.jojoenherbe.com\/index.php\/wp-json\/wp\/v2\/posts\/24954\/revisions\/35294"}],"wp:featuredmedia":[{"embeddable":true,"href":"http:\/\/www.jojoenherbe.com\/index.php\/wp-json\/wp\/v2\/media\/24960"}],"wp:attachment":[{"href":"http:\/\/www.jojoenherbe.com\/index.php\/wp-json\/wp\/v2\/media?parent=24954"}],"wp:term":[{"taxonomy":"category","embeddable":true,"href":"http:\/\/www.jojoenherbe.com\/index.php\/wp-json\/wp\/v2\/categories?post=24954"},{"taxonomy":"post_tag","embeddable":true,"href":"http:\/\/www.jojoenherbe.com\/index.php\/wp-json\/wp\/v2\/tags?post=24954"}],"curies":[{"name":"wp","href":"https:\/\/api.w.org\/{rel}","templated":true}]}}