{"id":24147,"date":"2022-03-01T15:33:40","date_gmt":"2022-03-01T14:33:40","guid":{"rendered":"https:\/\/www.jojoenherbe.com\/?p=24147"},"modified":"2022-03-01T15:33:40","modified_gmt":"2022-03-01T14:33:40","slug":"au-fil-des-pages-avec-le-carnaval-des-insectes","status":"publish","type":"post","link":"http:\/\/www.jojoenherbe.com\/index.php\/2022\/03\/01\/au-fil-des-pages-avec-le-carnaval-des-insectes\/","title":{"rendered":"Au fil des pages avec Le carnaval des insectes"},"content":{"rendered":"<p style=\"text-align: justify;\"><em><a href=\"https:\/\/i0.wp.com\/www.jojoenherbe.com\/wp-content\/uploads\/2022\/03\/Le-carnaval-des-insectes-3-scaled.jpg\"><img data-recalc-dims=\"1\" loading=\"lazy\" decoding=\"async\" data-attachment-id=\"24153\" data-permalink=\"http:\/\/www.jojoenherbe.com\/index.php\/2022\/03\/01\/au-fil-des-pages-avec-le-carnaval-des-insectes\/le-carnaval-des-insectes-3\/\" data-orig-file=\"https:\/\/i0.wp.com\/www.jojoenherbe.com\/wp-content\/uploads\/2022\/03\/Le-carnaval-des-insectes-3-scaled.jpg?fit=2560%2C1920\" data-orig-size=\"2560,1920\" data-comments-opened=\"1\" data-image-meta=\"{&quot;aperture&quot;:&quot;1.8&quot;,&quot;credit&quot;:&quot;&quot;,&quot;camera&quot;:&quot;iPhone 7&quot;,&quot;caption&quot;:&quot;&quot;,&quot;created_timestamp&quot;:&quot;1646145940&quot;,&quot;copyright&quot;:&quot;&quot;,&quot;focal_length&quot;:&quot;3.99&quot;,&quot;iso&quot;:&quot;32&quot;,&quot;shutter_speed&quot;:&quot;0.032258064516129&quot;,&quot;title&quot;:&quot;&quot;,&quot;orientation&quot;:&quot;1&quot;}\" data-image-title=\"Le carnaval des insectes 3\" data-image-description=\"\" data-image-caption=\"\" data-large-file=\"https:\/\/i0.wp.com\/www.jojoenherbe.com\/wp-content\/uploads\/2022\/03\/Le-carnaval-des-insectes-3-scaled.jpg?fit=676%2C507\" class=\"alignleft size-thumbnail wp-image-24153\" src=\"https:\/\/i0.wp.com\/www.jojoenherbe.com\/wp-content\/uploads\/2022\/03\/Le-carnaval-des-insectes-3.jpg?resize=150%2C150\" alt=\"\" width=\"150\" height=\"150\" srcset=\"https:\/\/i0.wp.com\/www.jojoenherbe.com\/wp-content\/uploads\/2022\/03\/Le-carnaval-des-insectes-3-scaled.jpg?resize=150%2C150 150w, https:\/\/i0.wp.com\/www.jojoenherbe.com\/wp-content\/uploads\/2022\/03\/Le-carnaval-des-insectes-3-scaled.jpg?zoom=2&amp;resize=150%2C150 300w, https:\/\/i0.wp.com\/www.jojoenherbe.com\/wp-content\/uploads\/2022\/03\/Le-carnaval-des-insectes-3-scaled.jpg?zoom=3&amp;resize=150%2C150 450w\" sizes=\"auto, (max-width: 150px) 100vw, 150px\" \/><\/a> <a href=\"https:\/\/i0.wp.com\/www.jojoenherbe.com\/wp-content\/uploads\/2022\/03\/Le-carnaval-des-insectes-4-scaled.jpg\"><img data-recalc-dims=\"1\" loading=\"lazy\" decoding=\"async\" data-attachment-id=\"24154\" data-permalink=\"http:\/\/www.jojoenherbe.com\/index.php\/2022\/03\/01\/au-fil-des-pages-avec-le-carnaval-des-insectes\/le-carnaval-des-insectes-4\/\" data-orig-file=\"https:\/\/i0.wp.com\/www.jojoenherbe.com\/wp-content\/uploads\/2022\/03\/Le-carnaval-des-insectes-4-scaled.jpg?fit=2560%2C1920\" data-orig-size=\"2560,1920\" data-comments-opened=\"1\" data-image-meta=\"{&quot;aperture&quot;:&quot;1.8&quot;,&quot;credit&quot;:&quot;&quot;,&quot;camera&quot;:&quot;iPhone 7&quot;,&quot;caption&quot;:&quot;&quot;,&quot;created_timestamp&quot;:&quot;1646145957&quot;,&quot;copyright&quot;:&quot;&quot;,&quot;focal_length&quot;:&quot;3.99&quot;,&quot;iso&quot;:&quot;40&quot;,&quot;shutter_speed&quot;:&quot;0.052631578947368&quot;,&quot;title&quot;:&quot;&quot;,&quot;orientation&quot;:&quot;1&quot;}\" data-image-title=\"Le carnaval des insectes 4\" data-image-description=\"\" data-image-caption=\"\" data-large-file=\"https:\/\/i0.wp.com\/www.jojoenherbe.com\/wp-content\/uploads\/2022\/03\/Le-carnaval-des-insectes-4-scaled.jpg?fit=676%2C507\" class=\"alignleft size-thumbnail wp-image-24154\" src=\"https:\/\/i0.wp.com\/www.jojoenherbe.com\/wp-content\/uploads\/2022\/03\/Le-carnaval-des-insectes-4.jpg?resize=150%2C150\" alt=\"\" width=\"150\" height=\"150\" srcset=\"https:\/\/i0.wp.com\/www.jojoenherbe.com\/wp-content\/uploads\/2022\/03\/Le-carnaval-des-insectes-4-scaled.jpg?resize=150%2C150 150w, https:\/\/i0.wp.com\/www.jojoenherbe.com\/wp-content\/uploads\/2022\/03\/Le-carnaval-des-insectes-4-scaled.jpg?zoom=2&amp;resize=150%2C150 300w, https:\/\/i0.wp.com\/www.jojoenherbe.com\/wp-content\/uploads\/2022\/03\/Le-carnaval-des-insectes-4-scaled.jpg?zoom=3&amp;resize=150%2C150 450w\" sizes=\"auto, (max-width: 150px) 100vw, 150px\" \/><\/a>Pour le carnaval et Mardi-Gras, nous lisons cette ann\u00e9e <span style=\"text-decoration: underline;\">Le carnaval des insectes<\/span> d&rsquo;H\u00e9l\u00e8ne Rajcak et Damien Laverdunt (\u00e9d. Actes Sud Junior, 2016), un album jeunesse en accord\u00e9on \u00e0 partir de 2\/3 ans. En d\u00e9pliant le livre, une immense frise appara\u00eet o\u00f9 se c\u00f4toient de nombreux carnavals, parades et d\u00e9fil\u00e9s d&rsquo;insectes. Il est amusant de se pr\u00eater au jeu des devinettes pour d\u00e9couvrir \u00e0 chaque double page d\u00e9pli\u00e9e quel est le carnaval mis en sc\u00e8ne. <\/em><\/p>\n<p style=\"text-align: justify;\"><em><a href=\"https:\/\/i0.wp.com\/www.jojoenherbe.com\/wp-content\/uploads\/2022\/03\/Le-carnaval-des-insectes-2-scaled.jpg\"><img data-recalc-dims=\"1\" loading=\"lazy\" decoding=\"async\" data-attachment-id=\"24149\" data-permalink=\"http:\/\/www.jojoenherbe.com\/index.php\/2022\/03\/01\/au-fil-des-pages-avec-le-carnaval-des-insectes\/le-carnaval-des-insectes-2\/\" data-orig-file=\"https:\/\/i0.wp.com\/www.jojoenherbe.com\/wp-content\/uploads\/2022\/03\/Le-carnaval-des-insectes-2-scaled.jpg?fit=2560%2C1477\" data-orig-size=\"2560,1477\" data-comments-opened=\"1\" data-image-meta=\"{&quot;aperture&quot;:&quot;1.8&quot;,&quot;credit&quot;:&quot;&quot;,&quot;camera&quot;:&quot;iPhone 7&quot;,&quot;caption&quot;:&quot;&quot;,&quot;created_timestamp&quot;:&quot;1646146025&quot;,&quot;copyright&quot;:&quot;&quot;,&quot;focal_length&quot;:&quot;3.99&quot;,&quot;iso&quot;:&quot;50&quot;,&quot;shutter_speed&quot;:&quot;0.0625&quot;,&quot;title&quot;:&quot;&quot;,&quot;orientation&quot;:&quot;1&quot;}\" data-image-title=\"Le carnaval des insectes 2\" data-image-description=\"\" data-image-caption=\"\" data-large-file=\"https:\/\/i0.wp.com\/www.jojoenherbe.com\/wp-content\/uploads\/2022\/03\/Le-carnaval-des-insectes-2-scaled.jpg?fit=676%2C390\" class=\"size-thumbnail wp-image-24149 alignright\" src=\"https:\/\/i0.wp.com\/www.jojoenherbe.com\/wp-content\/uploads\/2022\/03\/Le-carnaval-des-insectes-2.jpg?resize=150%2C150\" alt=\"\" width=\"150\" height=\"150\" srcset=\"https:\/\/i0.wp.com\/www.jojoenherbe.com\/wp-content\/uploads\/2022\/03\/Le-carnaval-des-insectes-2-scaled.jpg?resize=150%2C150 150w, https:\/\/i0.wp.com\/www.jojoenherbe.com\/wp-content\/uploads\/2022\/03\/Le-carnaval-des-insectes-2-scaled.jpg?zoom=2&amp;resize=150%2C150 300w, https:\/\/i0.wp.com\/www.jojoenherbe.com\/wp-content\/uploads\/2022\/03\/Le-carnaval-des-insectes-2-scaled.jpg?zoom=3&amp;resize=150%2C150 450w\" sizes=\"auto, (max-width: 150px) 100vw, 150px\" \/><\/a>Avec un court texte rythm\u00e9 qui invite \u00e0 chanter et \u00e0 danser, les illustrations de ce carnaval des insectes sont remplies de d\u00e9tails. Un tr\u00e8s joli album ludique, color\u00e9, festif et vitamin\u00e9 comme l&rsquo;est un carnaval! Nous retrouvons ainsi le carnaval de Binche, de Rio, de la Nouvelle-Orl\u00e9ans ou bien encore de Venise et m\u00eame le Nouvel An Chinois et Halloween! Que d&rsquo;occasion pour se d\u00e9guiser et faire la f\u00eate!<\/em><\/p>\n<div style=\"width: 111px\" class=\"wp-caption alignleft\"><img loading=\"lazy\" decoding=\"async\" src=\"https:\/\/i2.wp.com\/mapetitemediatheque.fr\/wp-content\/uploads\/2021\/07\/challenge-contes-et-legendes-239x300-1.jpg?resize=137%2C172\" alt=\"\" width=\"101\" height=\"127\" data-recalc-dims=\"1\" \/><p class=\"wp-caption-text\">Participation #7 Challenge Contes &amp; L\u00e9gendes 2022 de <a href=\"http:\/\/mapetitemediatheque.fr\/2021\/12\/challenge-contes-legendes-2022\/\">Bidib<\/a> #Traditions<\/p><\/div>\n<div style=\"width: 134px\" class=\"wp-caption alignleft\"><img loading=\"lazy\" decoding=\"async\" src=\"https:\/\/i2.wp.com\/mapetitemediatheque.fr\/wp-content\/uploads\/2021\/11\/Inkedle-tour-du-monde-en-80-livres-2_LI.jpg?resize=168%2C127&amp;ssl=1\" alt=\"\" width=\"124\" height=\"94\" \/><p class=\"wp-caption-text\">Participation #14 Challenge Le tour du monde en 80 livres de <a href=\"https:\/\/mapetitemediatheque.fr\/2021\/12\/le-tour-du-monde-en-80-livres-le-challenge-qui-vous-fait-aimer-la-litterature-etrangere\/\">Bidib<\/a> #France<\/p><\/div>\n","protected":false},"excerpt":{"rendered":"<p>Pour le carnaval et Mardi-Gras, nous lisons cette ann\u00e9e Le carnaval des insectes d&rsquo;H\u00e9l\u00e8ne Rajcak et Damien Laverdunt (\u00e9d. Actes Sud Junior, 2016), un album jeunesse en accord\u00e9on \u00e0 partir de 2\/3 ans. En d\u00e9pliant le livre, une immense frise appara\u00eet o\u00f9 se c\u00f4toient de nombreux carnavals, parades et d\u00e9fil\u00e9s d&rsquo;insectes. Il est amusant de [&hellip;]<\/p>\n","protected":false},"author":1,"featured_media":24152,"comment_status":"open","ping_status":"open","sticky":false,"template":"","format":"standard","meta":{"jetpack_post_was_ever_published":false,"_jetpack_newsletter_access":"","_jetpack_dont_email_post_to_subs":false,"_jetpack_newsletter_tier_id":0,"_jetpack_memberships_contains_paywalled_content":false,"_jetpack_memberships_contains_paid_content":false,"footnotes":""},"categories":[363],"tags":[787,409,1234,2916,3031,3029,760,333,3030,415,2918,367,1323,3028],"class_list":["post-24147","post","type-post","status-publish","format-standard","has-post-thumbnail","hentry","category-mini-lecteur","tag-2-5-ans","tag-albums-jeunesse","tag-carnaval","tag-challenge-contes-et-legendes-2022","tag-damien-laverdunt","tag-defile","tag-deguisement","tag-fetes","tag-helene-rajcak","tag-insectes","tag-le-tour-du-monde-en-80-livres-2022","tag-lecture-jeunesse","tag-livre-participatif","tag-parade","post-preview"],"jetpack_featured_media_url":"https:\/\/i0.wp.com\/www.jojoenherbe.com\/wp-content\/uploads\/2022\/03\/Le-carnaval-des-insectes-scaled.jpg?fit=2560%2C1920","jetpack_sharing_enabled":true,"jetpack_shortlink":"https:\/\/wp.me\/p9zhGx-6ht","jetpack_likes_enabled":true,"jetpack-related-posts":[{"id":15883,"url":"http:\/\/www.jojoenherbe.com\/index.php\/2021\/02\/19\/nos-lectures-sur-le-theme-du-carnaval-2021\/","url_meta":{"origin":24147,"position":0},"title":"Nos lectures sur le th\u00e8me du carnaval 2021","author":"Jojo","date":"19 f\u00e9vrier 2021","format":false,"excerpt":"Mardi-gras ayant eu lieu mardi 16 f\u00e9vrier 2021, nous avons commenc\u00e9 cette semaine nos lectures sur le th\u00e8me du carnaval. Ce billet sera actualis\u00e9 au fur-et-\u00e0-mesure de nos lectures. Des albums jeunesse: une relecture de l\u2019ann\u00e9e derni\u00e8re avec Loup gris se d\u00e9guise de Gilles Bizouerne et Ronan Badel (\u00e9d. Didier\u2026","rel":"","context":"Dans &quot;Mini lecteur&quot;","block_context":{"text":"Mini lecteur","link":"http:\/\/www.jojoenherbe.com\/index.php\/category\/mini-lecteur\/"},"img":{"alt_text":"","src":"https:\/\/i0.wp.com\/www.jojoenherbe.com\/wp-content\/uploads\/2021\/02\/Selection-carnaval-2-scaled.jpg?fit=1200%2C900&resize=350%2C200","width":350,"height":200,"srcset":"https:\/\/i0.wp.com\/www.jojoenherbe.com\/wp-content\/uploads\/2021\/02\/Selection-carnaval-2-scaled.jpg?fit=1200%2C900&resize=350%2C200 1x, https:\/\/i0.wp.com\/www.jojoenherbe.com\/wp-content\/uploads\/2021\/02\/Selection-carnaval-2-scaled.jpg?fit=1200%2C900&resize=525%2C300 1.5x, https:\/\/i0.wp.com\/www.jojoenherbe.com\/wp-content\/uploads\/2021\/02\/Selection-carnaval-2-scaled.jpg?fit=1200%2C900&resize=700%2C400 2x, https:\/\/i0.wp.com\/www.jojoenherbe.com\/wp-content\/uploads\/2021\/02\/Selection-carnaval-2-scaled.jpg?fit=1200%2C900&resize=1050%2C600 3x"},"classes":[]},{"id":16025,"url":"http:\/\/www.jojoenherbe.com\/index.php\/2021\/02\/23\/au-fil-des-pages-avec-le-carnaval-de-logre\/","url_meta":{"origin":24147,"position":1},"title":"Au fil des pages avec Le carnaval de l&rsquo;ogre","author":"Jojo","date":"23 f\u00e9vrier 2021","format":false,"excerpt":"Dans nos derniers emprunts \u00e0 la m\u00e9diath\u00e8que sur le th\u00e8me du carnaval, nous lisons Le carnaval de l\u2019ogre de Catherine Tamain et Marjorie B\u00e9al (\u00e9d. \u00c2ne b\u00e2t\u00e9, 2018), un album jeunesse \u00e0 partir de 3 ans. Pour le carnaval organis\u00e9 \u00e0 l\u2019\u00e9cole maternelle de Margotte, un ogre ne sait pas\u2026","rel":"","context":"Dans &quot;Mini lecteur&quot;","block_context":{"text":"Mini lecteur","link":"http:\/\/www.jojoenherbe.com\/index.php\/category\/mini-lecteur\/"},"img":{"alt_text":"","src":"https:\/\/i0.wp.com\/www.jojoenherbe.com\/wp-content\/uploads\/2021\/02\/Le-carnaval-de-logre-scaled.jpg?fit=1200%2C915&resize=350%2C200","width":350,"height":200,"srcset":"https:\/\/i0.wp.com\/www.jojoenherbe.com\/wp-content\/uploads\/2021\/02\/Le-carnaval-de-logre-scaled.jpg?fit=1200%2C915&resize=350%2C200 1x, https:\/\/i0.wp.com\/www.jojoenherbe.com\/wp-content\/uploads\/2021\/02\/Le-carnaval-de-logre-scaled.jpg?fit=1200%2C915&resize=525%2C300 1.5x, https:\/\/i0.wp.com\/www.jojoenherbe.com\/wp-content\/uploads\/2021\/02\/Le-carnaval-de-logre-scaled.jpg?fit=1200%2C915&resize=700%2C400 2x, https:\/\/i0.wp.com\/www.jojoenherbe.com\/wp-content\/uploads\/2021\/02\/Le-carnaval-de-logre-scaled.jpg?fit=1200%2C915&resize=1050%2C600 3x"},"classes":[]},{"id":26450,"url":"http:\/\/www.jojoenherbe.com\/index.php\/2022\/07\/13\/au-fil-des-pages-avec-pomelo-reve\/","url_meta":{"origin":24147,"position":2},"title":"Au fil des pages avec Pomelo r\u00eave","author":"Jojo","date":"13 juillet 2022","format":false,"excerpt":"Nous lisons et relisons tr\u00e8s r\u00e9guli\u00e8rement Pomelo r\u00eave de Ramona B\u00e0descu et Benjamin Chaud (\u00e9d. Albin Michel Jeunesse, 2004, r\u00e9\u00e9d. 2018), un album jeunesse \u00e0 partir de 4 ans contenant 3 histoires de Pomelo, un adorable petit \u00e9l\u00e9phant rose: Pomelo r\u00eave Sous son pissenlit, Pomelo r\u00eave. Que ce soit dans\u2026","rel":"","context":"Dans &quot;Mini lecteur&quot;","block_context":{"text":"Mini lecteur","link":"http:\/\/www.jojoenherbe.com\/index.php\/category\/mini-lecteur\/"},"img":{"alt_text":"","src":"https:\/\/i0.wp.com\/www.jojoenherbe.com\/wp-content\/uploads\/2022\/05\/Pomelo-reve-scaled.jpg?fit=1200%2C823&resize=350%2C200","width":350,"height":200,"srcset":"https:\/\/i0.wp.com\/www.jojoenherbe.com\/wp-content\/uploads\/2022\/05\/Pomelo-reve-scaled.jpg?fit=1200%2C823&resize=350%2C200 1x, https:\/\/i0.wp.com\/www.jojoenherbe.com\/wp-content\/uploads\/2022\/05\/Pomelo-reve-scaled.jpg?fit=1200%2C823&resize=525%2C300 1.5x, https:\/\/i0.wp.com\/www.jojoenherbe.com\/wp-content\/uploads\/2022\/05\/Pomelo-reve-scaled.jpg?fit=1200%2C823&resize=700%2C400 2x, https:\/\/i0.wp.com\/www.jojoenherbe.com\/wp-content\/uploads\/2022\/05\/Pomelo-reve-scaled.jpg?fit=1200%2C823&resize=1050%2C600 3x"},"classes":[]},{"id":10722,"url":"http:\/\/www.jojoenherbe.com\/index.php\/2020\/04\/20\/au-fil-des-pages-avec-bob-marley-lhotel-a-insectes\/","url_meta":{"origin":24147,"position":3},"title":"Au fil des pages avec Bob &#038; Marley, L&rsquo;h\u00f4tel \u00e0 insectes","author":"Jojo","date":"20 avril 2020","format":false,"excerpt":"Nous lisons une nouvelle histoire printani\u00e8re avec Bob & Marley, L'h\u00f4tel \u00e0 insectes de Fr\u00e9d\u00e9ric Marais et Thierry Dedieu (\u00e9d. Seuil Jeunesse, 2019), un album jeunesse \u00e0 partir de 3 ans. Marley construit un h\u00f4tel \u00e0 insectes. Bob le veut absolument. Sera-t-il \u00e0 la hauteur des h\u00f4tes de cet h\u00f4tel\u2026","rel":"","context":"Dans &quot;Mini lecteur&quot;","block_context":{"text":"Mini lecteur","link":"http:\/\/www.jojoenherbe.com\/index.php\/category\/mini-lecteur\/"},"img":{"alt_text":"","src":"https:\/\/i0.wp.com\/www.jojoenherbe.com\/wp-content\/uploads\/2020\/04\/Bob-Marley-Lh%C3%B4tel-%C3%A0-insectes-scaled.jpg?fit=1200%2C900&resize=350%2C200","width":350,"height":200,"srcset":"https:\/\/i0.wp.com\/www.jojoenherbe.com\/wp-content\/uploads\/2020\/04\/Bob-Marley-Lh%C3%B4tel-%C3%A0-insectes-scaled.jpg?fit=1200%2C900&resize=350%2C200 1x, https:\/\/i0.wp.com\/www.jojoenherbe.com\/wp-content\/uploads\/2020\/04\/Bob-Marley-Lh%C3%B4tel-%C3%A0-insectes-scaled.jpg?fit=1200%2C900&resize=525%2C300 1.5x, https:\/\/i0.wp.com\/www.jojoenherbe.com\/wp-content\/uploads\/2020\/04\/Bob-Marley-Lh%C3%B4tel-%C3%A0-insectes-scaled.jpg?fit=1200%2C900&resize=700%2C400 2x, https:\/\/i0.wp.com\/www.jojoenherbe.com\/wp-content\/uploads\/2020\/04\/Bob-Marley-Lh%C3%B4tel-%C3%A0-insectes-scaled.jpg?fit=1200%2C900&resize=1050%2C600 3x"},"classes":[]},{"id":9941,"url":"http:\/\/www.jojoenherbe.com\/index.php\/2020\/02\/10\/au-fil-des-pages-avec-vol-a-venise\/","url_meta":{"origin":24147,"position":4},"title":"Au fil des pages avec Vol \u00e0 Venise","author":"Jojo","date":"10 f\u00e9vrier 2020","format":false,"excerpt":"Nous empruntons \u00e0 la biblioth\u00e8que Vol \u00e0 Venise de G\u00e9raldine Elschner et Anja Klauss (\u00e9d. L'\u00e9lan vert, 2011), un album jeunesse \u00e0 partir de 3 ans. Pendant le carnaval de Venise, trois grands oiseaux peuvent se glisser parmi les hommes (et les femmes) pour profiter de la f\u00eate. De son\u2026","rel":"","context":"Dans &quot;Mini lecteur&quot;","block_context":{"text":"Mini lecteur","link":"http:\/\/www.jojoenherbe.com\/index.php\/category\/mini-lecteur\/"},"img":{"alt_text":"","src":"https:\/\/i0.wp.com\/www.jojoenherbe.com\/wp-content\/uploads\/2020\/02\/Vol-%C3%A0-Venise-scaled.jpg?fit=1200%2C1010&resize=350%2C200","width":350,"height":200,"srcset":"https:\/\/i0.wp.com\/www.jojoenherbe.com\/wp-content\/uploads\/2020\/02\/Vol-%C3%A0-Venise-scaled.jpg?fit=1200%2C1010&resize=350%2C200 1x, https:\/\/i0.wp.com\/www.jojoenherbe.com\/wp-content\/uploads\/2020\/02\/Vol-%C3%A0-Venise-scaled.jpg?fit=1200%2C1010&resize=525%2C300 1.5x, https:\/\/i0.wp.com\/www.jojoenherbe.com\/wp-content\/uploads\/2020\/02\/Vol-%C3%A0-Venise-scaled.jpg?fit=1200%2C1010&resize=700%2C400 2x, https:\/\/i0.wp.com\/www.jojoenherbe.com\/wp-content\/uploads\/2020\/02\/Vol-%C3%A0-Venise-scaled.jpg?fit=1200%2C1010&resize=1050%2C600 3x"},"classes":[]},{"id":15866,"url":"http:\/\/www.jojoenherbe.com\/index.php\/2021\/02\/19\/au-fil-des-pages-avec-loup-gris-se-deguise\/","url_meta":{"origin":24147,"position":5},"title":"Au fil des pages avec Loup gris se d\u00e9guise","author":"Jojo","date":"19 f\u00e9vrier 2021","format":false,"excerpt":"Nous empruntons \u00e0 nouveau \u00e0 la m\u00e9diath\u00e8que pour le carnaval Loup gris se d\u00e9guise de Gilles Bizouerne et Ronan Badel (\u00e9d. Didier Jeunesse, 2019), un album jeunesse \u00e0 partir de 5 ans. Loup gris a terriblement faim mais il n'arrive pas \u00e0 chasser la moindre proie. En voyant la technique\u2026","rel":"","context":"Dans &quot;Mini lecteur&quot;","block_context":{"text":"Mini lecteur","link":"http:\/\/www.jojoenherbe.com\/index.php\/category\/mini-lecteur\/"},"img":{"alt_text":"","src":"https:\/\/i0.wp.com\/www.jojoenherbe.com\/wp-content\/uploads\/2021\/02\/Loup-gris-se-deguise-scaled.jpg?fit=1200%2C900&resize=350%2C200","width":350,"height":200,"srcset":"https:\/\/i0.wp.com\/www.jojoenherbe.com\/wp-content\/uploads\/2021\/02\/Loup-gris-se-deguise-scaled.jpg?fit=1200%2C900&resize=350%2C200 1x, https:\/\/i0.wp.com\/www.jojoenherbe.com\/wp-content\/uploads\/2021\/02\/Loup-gris-se-deguise-scaled.jpg?fit=1200%2C900&resize=525%2C300 1.5x, https:\/\/i0.wp.com\/www.jojoenherbe.com\/wp-content\/uploads\/2021\/02\/Loup-gris-se-deguise-scaled.jpg?fit=1200%2C900&resize=700%2C400 2x, https:\/\/i0.wp.com\/www.jojoenherbe.com\/wp-content\/uploads\/2021\/02\/Loup-gris-se-deguise-scaled.jpg?fit=1200%2C900&resize=1050%2C600 3x"},"classes":[]}],"_links":{"self":[{"href":"http:\/\/www.jojoenherbe.com\/index.php\/wp-json\/wp\/v2\/posts\/24147","targetHints":{"allow":["GET"]}}],"collection":[{"href":"http:\/\/www.jojoenherbe.com\/index.php\/wp-json\/wp\/v2\/posts"}],"about":[{"href":"http:\/\/www.jojoenherbe.com\/index.php\/wp-json\/wp\/v2\/types\/post"}],"author":[{"embeddable":true,"href":"http:\/\/www.jojoenherbe.com\/index.php\/wp-json\/wp\/v2\/users\/1"}],"replies":[{"embeddable":true,"href":"http:\/\/www.jojoenherbe.com\/index.php\/wp-json\/wp\/v2\/comments?post=24147"}],"version-history":[{"count":0,"href":"http:\/\/www.jojoenherbe.com\/index.php\/wp-json\/wp\/v2\/posts\/24147\/revisions"}],"wp:featuredmedia":[{"embeddable":true,"href":"http:\/\/www.jojoenherbe.com\/index.php\/wp-json\/wp\/v2\/media\/24152"}],"wp:attachment":[{"href":"http:\/\/www.jojoenherbe.com\/index.php\/wp-json\/wp\/v2\/media?parent=24147"}],"wp:term":[{"taxonomy":"category","embeddable":true,"href":"http:\/\/www.jojoenherbe.com\/index.php\/wp-json\/wp\/v2\/categories?post=24147"},{"taxonomy":"post_tag","embeddable":true,"href":"http:\/\/www.jojoenherbe.com\/index.php\/wp-json\/wp\/v2\/tags?post=24147"}],"curies":[{"name":"wp","href":"https:\/\/api.w.org\/{rel}","templated":true}]}}