{"id":24010,"date":"2022-03-01T11:13:41","date_gmt":"2022-03-01T10:13:41","guid":{"rendered":"https:\/\/www.jojoenherbe.com\/?p=24010"},"modified":"2024-02-04T13:09:52","modified_gmt":"2024-02-04T12:09:52","slug":"point-lecture-hebdomadaire-30","status":"publish","type":"post","link":"http:\/\/www.jojoenherbe.com\/index.php\/2022\/03\/01\/point-lecture-hebdomadaire-30\/","title":{"rendered":"Point lecture hebdomadaire #30"},"content":{"rendered":"<p style=\"text-align: justify;\"><em>En ce d\u00e9but de semaine, voici notre point lecture hebdomadaire avec un retour sur nos lectures de la semaine derni\u00e8re et ma lecture en cours.<\/em><\/p>\n<p style=\"text-align: justify;\"><span style=\"text-decoration: underline;\"><strong>Nos lectures du 21 au 27 f\u00e9vrier 2022<\/strong><\/span><strong>:<\/strong><\/p>\n<p style=\"text-align: justify;\"><em><span style=\"text-decoration: underline;\">Des lectures jeunesse<\/span>:<\/em><\/p>\n<ul style=\"text-align: justify;\">\n<li><em>(Album jeunesse)<\/em> <em><strong><span style=\"text-decoration: underline;\">L&rsquo;arbre-lit<\/span><\/strong> de Sil\u00e8ne Edgar et Gilles Freluche<\/em><\/li>\n<\/ul>\n<p style=\"text-align: justify;\"><em><a href=\"https:\/\/i0.wp.com\/www.jojoenherbe.com\/wp-content\/uploads\/2022\/02\/Larbre-lit-scaled.jpg\"><img data-recalc-dims=\"1\" loading=\"lazy\" decoding=\"async\" data-attachment-id=\"23994\" data-permalink=\"http:\/\/www.jojoenherbe.com\/index.php\/2022\/02\/24\/au-fil-des-pages-avec-larbre-lit\/larbre-lit\/\" data-orig-file=\"https:\/\/i0.wp.com\/www.jojoenherbe.com\/wp-content\/uploads\/2022\/02\/Larbre-lit-scaled.jpg?fit=2560%2C2216\" data-orig-size=\"2560,2216\" data-comments-opened=\"1\" data-image-meta=\"{&quot;aperture&quot;:&quot;1.8&quot;,&quot;credit&quot;:&quot;&quot;,&quot;camera&quot;:&quot;iPhone 7&quot;,&quot;caption&quot;:&quot;&quot;,&quot;created_timestamp&quot;:&quot;1645533823&quot;,&quot;copyright&quot;:&quot;&quot;,&quot;focal_length&quot;:&quot;3.99&quot;,&quot;iso&quot;:&quot;100&quot;,&quot;shutter_speed&quot;:&quot;0.071428571428571&quot;,&quot;title&quot;:&quot;&quot;,&quot;orientation&quot;:&quot;1&quot;}\" data-image-title=\"L&amp;rsquo;arbre-lit\" data-image-description=\"\" data-image-caption=\"\" data-large-file=\"https:\/\/i0.wp.com\/www.jojoenherbe.com\/wp-content\/uploads\/2022\/02\/Larbre-lit-scaled.jpg?fit=676%2C585\" class=\"alignleft size-thumbnail wp-image-23994\" src=\"https:\/\/i0.wp.com\/www.jojoenherbe.com\/wp-content\/uploads\/2022\/02\/Larbre-lit.jpg?resize=150%2C150\" alt=\"\" width=\"150\" height=\"150\" srcset=\"https:\/\/i0.wp.com\/www.jojoenherbe.com\/wp-content\/uploads\/2022\/02\/Larbre-lit-scaled.jpg?resize=150%2C150 150w, https:\/\/i0.wp.com\/www.jojoenherbe.com\/wp-content\/uploads\/2022\/02\/Larbre-lit-scaled.jpg?zoom=2&amp;resize=150%2C150 300w, https:\/\/i0.wp.com\/www.jojoenherbe.com\/wp-content\/uploads\/2022\/02\/Larbre-lit-scaled.jpg?zoom=3&amp;resize=150%2C150 450w\" sizes=\"auto, (max-width: 150px) 100vw, 150px\" \/><\/a>Nous avons lu <a href=\"https:\/\/www.jojoenherbe.com\/index.php\/2022\/02\/24\/au-fil-des-pages-avec-larbre-lit\/\"><span style=\"text-decoration: underline;\">L&rsquo;arbre-lit<\/span><\/a> de Sil\u00e8ne Edgar et Gilles Freluche (\u00e9d. La Cabane bleue, 2020), un album jeunesse \u00e0 partir de 3 ans. Valentine a grandi et doit changer de lit. Son p\u00e8re en construit un avec un vieux poirier du jardin qui au fil des jours va devenir triste en constatant qu&rsquo;aucun arbre n&rsquo;a \u00e9t\u00e9 plant\u00e9 \u00e0 sa place. Un bien joli conte \u00e9cologique sur la transmission et le cycle de la vie sans oublier le plaisir de lire et d&rsquo;\u00e9couter des histoires! <\/em><\/p>\n<ul>\n<li style=\"text-align: justify;\"><em>(Album jeunesse) <strong><span style=\"text-decoration: underline;\">Hulotte<\/span><\/strong> de Juliette Lagrange<\/em><\/li>\n<\/ul>\n<p style=\"text-align: justify;\"><em><a href=\"https:\/\/i0.wp.com\/www.jojoenherbe.com\/wp-content\/uploads\/2022\/02\/Hulotte-scaled.jpg\"><img data-recalc-dims=\"1\" loading=\"lazy\" decoding=\"async\" data-attachment-id=\"24100\" data-permalink=\"http:\/\/www.jojoenherbe.com\/index.php\/2022\/03\/01\/point-lecture-hebdomadaire-30\/hulotte\/\" data-orig-file=\"https:\/\/i0.wp.com\/www.jojoenherbe.com\/wp-content\/uploads\/2022\/02\/Hulotte-scaled.jpg?fit=2560%2C1920\" data-orig-size=\"2560,1920\" data-comments-opened=\"1\" data-image-meta=\"{&quot;aperture&quot;:&quot;1.8&quot;,&quot;credit&quot;:&quot;&quot;,&quot;camera&quot;:&quot;iPhone 7&quot;,&quot;caption&quot;:&quot;&quot;,&quot;created_timestamp&quot;:&quot;1646043210&quot;,&quot;copyright&quot;:&quot;&quot;,&quot;focal_length&quot;:&quot;3.99&quot;,&quot;iso&quot;:&quot;80&quot;,&quot;shutter_speed&quot;:&quot;0.058823529411765&quot;,&quot;title&quot;:&quot;&quot;,&quot;orientation&quot;:&quot;1&quot;}\" data-image-title=\"Hulotte\" data-image-description=\"\" data-image-caption=\"\" data-large-file=\"https:\/\/i0.wp.com\/www.jojoenherbe.com\/wp-content\/uploads\/2022\/02\/Hulotte-scaled.jpg?fit=676%2C507\" class=\"size-thumbnail wp-image-24100 alignright\" src=\"https:\/\/i0.wp.com\/www.jojoenherbe.com\/wp-content\/uploads\/2022\/02\/Hulotte.jpg?resize=150%2C150\" alt=\"\" width=\"150\" height=\"150\" srcset=\"https:\/\/i0.wp.com\/www.jojoenherbe.com\/wp-content\/uploads\/2022\/02\/Hulotte-scaled.jpg?resize=150%2C150 150w, https:\/\/i0.wp.com\/www.jojoenherbe.com\/wp-content\/uploads\/2022\/02\/Hulotte-scaled.jpg?zoom=2&amp;resize=150%2C150 300w, https:\/\/i0.wp.com\/www.jojoenherbe.com\/wp-content\/uploads\/2022\/02\/Hulotte-scaled.jpg?zoom=3&amp;resize=150%2C150 450w\" sizes=\"auto, (max-width: 150px) 100vw, 150px\" \/><\/a>Nous avons \u00e9galement lu <span style=\"text-decoration: underline;\">Hulotte<\/span> de Juliette Lagrange (\u00e9d. L&rsquo;\u00e9cole des loisirs, 2019, r\u00e9\u00e9d. 2022), un album jeunesse \u00e0 partir de 3 mois que mon mini lutin a re\u00e7u dans le cadre de son abonnement Kilimax pour le mois de mars 2022. Hulotte est angoiss\u00e9e \u00e0 l&rsquo;id\u00e9e de pr\u00e9senter un expos\u00e9 devant toute sa classe. Arrivera-t-elle \u00e0 vaincre sa timidit\u00e9 gr\u00e2ce \u00e0 sa passion pour la botanique? Une bien jolie histoire de confiance en soi avec l&rsquo;attachante Hulotte qui vit dans un arbre d&rsquo;une grande ville! Les illustrations nous plongent dans le quotidien de ce petit hibou qui va prendre confiance en elle en nous mettant \u00e0 sa hauteur.<\/em><\/p>\n<ul>\n<li style=\"text-align: justify;\"><em>(BD jeunesse) <strong><span style=\"text-decoration: underline;\">Les S\u0153urs Gr\u00e9millet, Les amours de Cassiop\u00e9e<\/span><\/strong> de Giovanni Di Gregorio et Alessandro Barbucci <strong>(T2)<\/strong><\/em><\/li>\n<\/ul>\n<p style=\"text-align: justify;\"><em><a href=\"https:\/\/i0.wp.com\/www.jojoenherbe.com\/wp-content\/uploads\/2022\/02\/Les-Soeurs-Gremillet-T2-scaled.jpg\"><img data-recalc-dims=\"1\" loading=\"lazy\" decoding=\"async\" data-attachment-id=\"24106\" data-permalink=\"http:\/\/www.jojoenherbe.com\/index.php\/2022\/03\/01\/point-lecture-hebdomadaire-30\/les-soeurs-gremillet-t2\/\" data-orig-file=\"https:\/\/i0.wp.com\/www.jojoenherbe.com\/wp-content\/uploads\/2022\/02\/Les-Soeurs-Gremillet-T2-scaled.jpg?fit=2560%2C2221\" data-orig-size=\"2560,2221\" data-comments-opened=\"1\" data-image-meta=\"{&quot;aperture&quot;:&quot;1.8&quot;,&quot;credit&quot;:&quot;&quot;,&quot;camera&quot;:&quot;iPhone 7&quot;,&quot;caption&quot;:&quot;&quot;,&quot;created_timestamp&quot;:&quot;1645533557&quot;,&quot;copyright&quot;:&quot;&quot;,&quot;focal_length&quot;:&quot;3.99&quot;,&quot;iso&quot;:&quot;100&quot;,&quot;shutter_speed&quot;:&quot;0.076923076923077&quot;,&quot;title&quot;:&quot;&quot;,&quot;orientation&quot;:&quot;1&quot;}\" data-image-title=\"Les Soeurs Gr\u00e9millet T2\" data-image-description=\"\" data-image-caption=\"\" data-large-file=\"https:\/\/i0.wp.com\/www.jojoenherbe.com\/wp-content\/uploads\/2022\/02\/Les-Soeurs-Gremillet-T2-scaled.jpg?fit=676%2C586\" class=\"alignleft size-thumbnail wp-image-24106\" src=\"https:\/\/i0.wp.com\/www.jojoenherbe.com\/wp-content\/uploads\/2022\/02\/Les-Soeurs-Gremillet-T2.jpg?resize=150%2C150\" alt=\"\" width=\"150\" height=\"150\" srcset=\"https:\/\/i0.wp.com\/www.jojoenherbe.com\/wp-content\/uploads\/2022\/02\/Les-Soeurs-Gremillet-T2-scaled.jpg?resize=150%2C150 150w, https:\/\/i0.wp.com\/www.jojoenherbe.com\/wp-content\/uploads\/2022\/02\/Les-Soeurs-Gremillet-T2-scaled.jpg?zoom=2&amp;resize=150%2C150 300w, https:\/\/i0.wp.com\/www.jojoenherbe.com\/wp-content\/uploads\/2022\/02\/Les-Soeurs-Gremillet-T2-scaled.jpg?zoom=3&amp;resize=150%2C150 450w\" sizes=\"auto, (max-width: 150px) 100vw, 150px\" \/><\/a>Apr\u00e8s avoir appr\u00e9ci\u00e9 le <a href=\"https:\/\/www.jojoenherbe.com\/index.php\/2021\/03\/26\/au-fil-des-pages-avec-le-tome-1-des-soeurs-gremillet\/\">premier tome<\/a> consacr\u00e9 \u00e0 l&rsquo;a\u00een\u00e9e des s\u0153urs, Sarah, j&rsquo;ai emprunt\u00e9 \u00e0 la m\u00e9diath\u00e8que le tome 2 des <span style=\"text-decoration: underline;\">S\u0153urs Gr\u00e9millet, Les amours de Cassiop\u00e9e<\/span> de Giovanni Di Gregorio et Alessandro Barbucci (\u00e9d. Dupuis, 2021), une BD jeunesse \u00e0 partir de 6 ans selon l&rsquo;\u00e9diteur mais plut\u00f4t \u00e0 partir de 9\/10 ans selon moi et qui est consacr\u00e9e \u00e0 la deuxi\u00e8me s\u0153ur, Cassiop\u00e9e. En vacances d&rsquo;\u00e9t\u00e9 avec ses deux s\u0153urs chez leur grand-m\u00e8re, Cassiop\u00e9e est partag\u00e9e entre Ulysse, son amoureux rest\u00e9 en ville et le d\u00e9stabilisant Olivier. Ce dernier leur apprend alors qu&rsquo;un fant\u00f4me hanterait les ruines de l&rsquo;ancien ch\u00e2teau du village.\u00a0 Les illustrations sont tout aussi r\u00e9ussies que dans le premier tome mais j&rsquo;ai \u00e9t\u00e9 moins emball\u00e9e par l&rsquo;histoire moins profonde et plus convenue sur les premiers \u00e9mois amoureux de Cassiop\u00e9e que celle du premier tome. Il y est ainsi question d&rsquo;amour,\u00a0 du temps qui passe et de secrets de famille, la grand-m\u00e8re des s\u0153urs apportant son soutien affectif \u00e0 Cassiop\u00e9e.<br \/>\n<\/em><\/p>\n<ul>\n<li style=\"text-align: justify;\"><em>(Documentaire jeunesse) <strong><span style=\"text-decoration: underline;\">Les animaux pr\u00e9historiques<\/span><\/strong> d\u2019\u00c9milie Beaumont, Agn\u00e8s Vandewiele, Mia et Betti Ferrero\u00a0<\/em><\/li>\n<\/ul>\n<p style=\"text-align: justify;\"><em> <a href=\"https:\/\/i0.wp.com\/www.jojoenherbe.com\/wp-content\/uploads\/2022\/02\/Les-animaux-prehistoriques-scaled.jpg\"><img data-recalc-dims=\"1\" loading=\"lazy\" decoding=\"async\" data-attachment-id=\"24101\" data-permalink=\"http:\/\/www.jojoenherbe.com\/index.php\/2022\/03\/01\/point-lecture-hebdomadaire-30\/les-animaux-prehistoriques\/\" data-orig-file=\"https:\/\/i0.wp.com\/www.jojoenherbe.com\/wp-content\/uploads\/2022\/02\/Les-animaux-prehistoriques-scaled.jpg?fit=2560%2C1920\" data-orig-size=\"2560,1920\" data-comments-opened=\"1\" data-image-meta=\"{&quot;aperture&quot;:&quot;1.8&quot;,&quot;credit&quot;:&quot;&quot;,&quot;camera&quot;:&quot;iPhone 7&quot;,&quot;caption&quot;:&quot;&quot;,&quot;created_timestamp&quot;:&quot;1646043113&quot;,&quot;copyright&quot;:&quot;&quot;,&quot;focal_length&quot;:&quot;3.99&quot;,&quot;iso&quot;:&quot;100&quot;,&quot;shutter_speed&quot;:&quot;0.071428571428571&quot;,&quot;title&quot;:&quot;&quot;,&quot;orientation&quot;:&quot;1&quot;}\" data-image-title=\"Les animaux pr\u00e9historiques\" data-image-description=\"\" data-image-caption=\"\" data-large-file=\"https:\/\/i0.wp.com\/www.jojoenherbe.com\/wp-content\/uploads\/2022\/02\/Les-animaux-prehistoriques-scaled.jpg?fit=676%2C507\" class=\"size-thumbnail wp-image-24101 alignright\" src=\"https:\/\/i0.wp.com\/www.jojoenherbe.com\/wp-content\/uploads\/2022\/02\/Les-animaux-prehistoriques.jpg?resize=150%2C150\" alt=\"\" width=\"150\" height=\"150\" srcset=\"https:\/\/i0.wp.com\/www.jojoenherbe.com\/wp-content\/uploads\/2022\/02\/Les-animaux-prehistoriques-scaled.jpg?resize=150%2C150 150w, https:\/\/i0.wp.com\/www.jojoenherbe.com\/wp-content\/uploads\/2022\/02\/Les-animaux-prehistoriques-scaled.jpg?zoom=2&amp;resize=150%2C150 300w, https:\/\/i0.wp.com\/www.jojoenherbe.com\/wp-content\/uploads\/2022\/02\/Les-animaux-prehistoriques-scaled.jpg?zoom=3&amp;resize=150%2C150 450w\" sizes=\"auto, (max-width: 150px) 100vw, 150px\" \/><\/a>Tout en relisant des documentaires sur les dinosaures, nous lisons aussi <span style=\"text-decoration: underline;\">Les animaux pr\u00e9historiques pour les faire conna\u00eetre aux enfants<\/span> d\u2019\u00c9milie Beaumont, Agn\u00e8s Vandewiele, Mia et Betti Ferrero (\u00e9d. Fleurus, coll. L&rsquo;imagerie animale, 2003, 28 pages), un documentaire jeunesse pr\u00e9sentant les premiers animaux (poissons, insectes, mammouths&#8230;). Nous d\u00e9couvrons ou revoyons ainsi d&rsquo;autres dinosaures. En effet, apr\u00e8s \u00eatre all\u00e9s \u00e0 une exposition sur les dinosaures pendant les vacances de f\u00e9vrier, mon mini lutin voulait en savoir plus car il y avait aussi d&rsquo;autres esp\u00e8ces que les dinosaures (mammouth, smilodon&#8230;). Un documentaire aux jolies illustrations avec une explication succincte sur ces animaux imposants!<\/em><\/p>\n<ul>\n<li style=\"text-align: justify;\"><em>(Album jeunesse) <span style=\"text-decoration: underline;\"><strong>Le grand concours de p\u00e2tisserie<\/strong><\/span> d\u2019Ellie Snowdon<\/em><\/li>\n<\/ul>\n<p style=\"text-align: justify;\"><em><strong><a href=\"https:\/\/i0.wp.com\/www.jojoenherbe.com\/wp-content\/uploads\/2022\/02\/Le-grand-concours-de-patisserie-scaled.jpg\"><img data-recalc-dims=\"1\" loading=\"lazy\" decoding=\"async\" data-attachment-id=\"24044\" data-permalink=\"http:\/\/www.jojoenherbe.com\/index.php\/2022\/02\/25\/rat-gourmand-aux-epices-indiennes-2022\/le-grand-concours-de-patisserie\/\" data-orig-file=\"https:\/\/i0.wp.com\/www.jojoenherbe.com\/wp-content\/uploads\/2022\/02\/Le-grand-concours-de-patisserie-scaled.jpg?fit=2560%2C2031\" data-orig-size=\"2560,2031\" data-comments-opened=\"1\" data-image-meta=\"{&quot;aperture&quot;:&quot;1.8&quot;,&quot;credit&quot;:&quot;&quot;,&quot;camera&quot;:&quot;iPhone 7&quot;,&quot;caption&quot;:&quot;&quot;,&quot;created_timestamp&quot;:&quot;1645887173&quot;,&quot;copyright&quot;:&quot;&quot;,&quot;focal_length&quot;:&quot;3.99&quot;,&quot;iso&quot;:&quot;40&quot;,&quot;shutter_speed&quot;:&quot;0.05&quot;,&quot;title&quot;:&quot;&quot;,&quot;orientation&quot;:&quot;1&quot;}\" data-image-title=\"Le grand concours de p\u00e2tisserie\" data-image-description=\"\" data-image-caption=\"\" data-large-file=\"https:\/\/i0.wp.com\/www.jojoenherbe.com\/wp-content\/uploads\/2022\/02\/Le-grand-concours-de-patisserie-scaled.jpg?fit=676%2C537\" class=\"size-thumbnail wp-image-24044 alignleft\" src=\"https:\/\/i0.wp.com\/www.jojoenherbe.com\/wp-content\/uploads\/2022\/02\/Le-grand-concours-de-patisserie.jpg?resize=150%2C150\" alt=\"\" width=\"150\" height=\"150\" srcset=\"https:\/\/i0.wp.com\/www.jojoenherbe.com\/wp-content\/uploads\/2022\/02\/Le-grand-concours-de-patisserie-scaled.jpg?resize=150%2C150 150w, https:\/\/i0.wp.com\/www.jojoenherbe.com\/wp-content\/uploads\/2022\/02\/Le-grand-concours-de-patisserie-scaled.jpg?zoom=2&amp;resize=150%2C150 300w, https:\/\/i0.wp.com\/www.jojoenherbe.com\/wp-content\/uploads\/2022\/02\/Le-grand-concours-de-patisserie-scaled.jpg?zoom=3&amp;resize=150%2C150 450w\" sizes=\"auto, (max-width: 150px) 100vw, 150px\" \/><\/a><\/strong>Nous lisons et relisons <a href=\"https:\/\/www.jojoenherbe.com\/index.php\/2022\/03\/12\/au-fil-des-pages-avec-le-grand-concours-de-patisserie\/\"><span style=\"text-decoration: underline;\">Le grand concours de p\u00e2tisserie<\/span><\/a> d\u2019Ellie Snowdon (\u00e9d. Kimane, 2022), un album jeunesse joliment illustr\u00e9 \u00e0 partir de 3 ans. Apr\u00e8s avoir re\u00e7u par erreur une invitation pour le grand concours de p\u00e2tisserie organis\u00e9 par des lapins, Quentin un loup y participe en se d\u00e9guisant en lapin. Il y est question de comp\u00e9tition, de tricherie mais aussi d&rsquo;entraide et d&rsquo;amiti\u00e9. Nous prenons le temps de regarder les illustrations pleines de d\u00e9tails et de malice. Coup de c\u0153ur pour cet album jeunesse rigolo, gourmand et mignon!<br \/>\n<\/em><\/p>\n<ul>\n<li style=\"text-align: justify;\"><em>(Album jeunesse) <span style=\"text-decoration: underline;\"><strong>Mahakapi, le singe roi<\/strong><\/span> de Patrice Favaro et Muriel Kerba <\/em><\/li>\n<\/ul>\n<p style=\"text-align: justify;\"><em><a href=\"https:\/\/i0.wp.com\/www.jojoenherbe.com\/wp-content\/uploads\/2022\/03\/Mahakapi-le-singe-roi-scaled.jpg\"><img data-recalc-dims=\"1\" loading=\"lazy\" decoding=\"async\" data-attachment-id=\"24130\" data-permalink=\"http:\/\/www.jojoenherbe.com\/index.php\/2022\/03\/01\/point-lecture-hebdomadaire-30\/mahakapi-le-singe-roi\/\" data-orig-file=\"https:\/\/i0.wp.com\/www.jojoenherbe.com\/wp-content\/uploads\/2022\/03\/Mahakapi-le-singe-roi-scaled.jpg?fit=2560%2C1899\" data-orig-size=\"2560,1899\" data-comments-opened=\"1\" data-image-meta=\"{&quot;aperture&quot;:&quot;1.8&quot;,&quot;credit&quot;:&quot;&quot;,&quot;camera&quot;:&quot;iPhone 7&quot;,&quot;caption&quot;:&quot;&quot;,&quot;created_timestamp&quot;:&quot;1646126272&quot;,&quot;copyright&quot;:&quot;&quot;,&quot;focal_length&quot;:&quot;3.99&quot;,&quot;iso&quot;:&quot;100&quot;,&quot;shutter_speed&quot;:&quot;0.2&quot;,&quot;title&quot;:&quot;&quot;,&quot;orientation&quot;:&quot;1&quot;}\" data-image-title=\"Mahakapi, le singe roi\" data-image-description=\"\" data-image-caption=\"\" data-large-file=\"https:\/\/i0.wp.com\/www.jojoenherbe.com\/wp-content\/uploads\/2022\/03\/Mahakapi-le-singe-roi-scaled.jpg?fit=676%2C502\" class=\"size-thumbnail wp-image-24130 alignright\" src=\"https:\/\/i0.wp.com\/www.jojoenherbe.com\/wp-content\/uploads\/2022\/03\/Mahakapi-le-singe-roi.jpg?resize=150%2C150\" alt=\"\" width=\"150\" height=\"150\" srcset=\"https:\/\/i0.wp.com\/www.jojoenherbe.com\/wp-content\/uploads\/2022\/03\/Mahakapi-le-singe-roi-scaled.jpg?resize=150%2C150 150w, https:\/\/i0.wp.com\/www.jojoenherbe.com\/wp-content\/uploads\/2022\/03\/Mahakapi-le-singe-roi-scaled.jpg?zoom=2&amp;resize=150%2C150 300w, https:\/\/i0.wp.com\/www.jojoenherbe.com\/wp-content\/uploads\/2022\/03\/Mahakapi-le-singe-roi-scaled.jpg?zoom=3&amp;resize=150%2C150 450w\" sizes=\"auto, (max-width: 150px) 100vw, 150px\" \/><\/a>Lors du <a href=\"https:\/\/www.jojoenherbe.com\/index.php\/2022\/02\/25\/rat-gourmand-aux-epices-indiennes-2022\/\">RAT gourmand et indien<\/a>, j&rsquo;ai lu dimanche apr\u00e8s-midi <span style=\"text-decoration: underline;\">Mahakapi, le singe roi<\/span> de Patrice Favaro et Muriel Kerba (\u00e9d. Albin Michel Jeunesse, coll. Petits contes de sagesse, 2001), un album jeunesse \u00e0 partir de 4\/5 ans et s&rsquo;inspirant d&rsquo;un conte traditionnel bouddhiste. Au temps o\u00f9 seul le peuple de singes connaissaient la saveur exquise des mangues, un des singes commencent \u00e0 les gaspiller et les laisser, \u00e0 peine croqu\u00e9es sur le sol. Le roi singe Mahakapi met en garde son peuple contre de tels agissements qui pourraient permettre aux hommes de d\u00e9couvrir l&rsquo;existence des mangues et de mettre \u00e0 mal l&rsquo;\u00e9quilibre du manguier. Sera-t-il \u00e9cout\u00e9? Dans ce conte bien pessimiste, il est question de surconsommation et de gaspillage des ressources, de jalousie et d&rsquo;envie, la folie des singes rejoignant celle des hommes qui ne tiennent pas compte du discours pourtant si sage de Mahakapi. Un bon moment de lecture!<br \/>\n<\/em><\/p>\n<ul style=\"text-align: justify;\">\n<li><em>(Album jeunesse) <span style=\"text-decoration: underline;\"><strong>Contes du Vampire, contes de l\u2019Inde<\/strong><\/span> de Catherine Zarcate et R\u00e9mi Saillard<br \/>\n<\/em><\/li>\n<\/ul>\n<p style=\"text-align: justify;\"><em><a href=\"https:\/\/i0.wp.com\/www.jojoenherbe.com\/wp-content\/uploads\/2022\/03\/Contes-du-Vampire-scaled.jpg\"><img data-recalc-dims=\"1\" loading=\"lazy\" decoding=\"async\" data-attachment-id=\"24129\" data-permalink=\"http:\/\/www.jojoenherbe.com\/index.php\/2022\/03\/01\/point-lecture-hebdomadaire-30\/contes-du-vampire\/\" data-orig-file=\"https:\/\/i0.wp.com\/www.jojoenherbe.com\/wp-content\/uploads\/2022\/03\/Contes-du-Vampire-scaled.jpg?fit=2560%2C1688\" data-orig-size=\"2560,1688\" data-comments-opened=\"1\" data-image-meta=\"{&quot;aperture&quot;:&quot;1.8&quot;,&quot;credit&quot;:&quot;&quot;,&quot;camera&quot;:&quot;iPhone 7&quot;,&quot;caption&quot;:&quot;&quot;,&quot;created_timestamp&quot;:&quot;1646126280&quot;,&quot;copyright&quot;:&quot;&quot;,&quot;focal_length&quot;:&quot;3.99&quot;,&quot;iso&quot;:&quot;100&quot;,&quot;shutter_speed&quot;:&quot;0.25&quot;,&quot;title&quot;:&quot;&quot;,&quot;orientation&quot;:&quot;1&quot;}\" data-image-title=\"Contes du Vampire\" data-image-description=\"\" data-image-caption=\"\" data-large-file=\"https:\/\/i0.wp.com\/www.jojoenherbe.com\/wp-content\/uploads\/2022\/03\/Contes-du-Vampire-scaled.jpg?fit=676%2C446\" class=\"size-thumbnail wp-image-24129 alignleft\" src=\"https:\/\/i0.wp.com\/www.jojoenherbe.com\/wp-content\/uploads\/2022\/03\/Contes-du-Vampire.jpg?resize=150%2C150\" alt=\"\" width=\"150\" height=\"150\" srcset=\"https:\/\/i0.wp.com\/www.jojoenherbe.com\/wp-content\/uploads\/2022\/03\/Contes-du-Vampire-scaled.jpg?resize=150%2C150 150w, https:\/\/i0.wp.com\/www.jojoenherbe.com\/wp-content\/uploads\/2022\/03\/Contes-du-Vampire-scaled.jpg?zoom=2&amp;resize=150%2C150 300w, https:\/\/i0.wp.com\/www.jojoenherbe.com\/wp-content\/uploads\/2022\/03\/Contes-du-Vampire-scaled.jpg?zoom=3&amp;resize=150%2C150 450w\" sizes=\"auto, (max-width: 150px) 100vw, 150px\" \/><\/a>Lors du RAT gourmand et indien, j&rsquo;ai aussi lu dimanche apr\u00e8s-midi <span style=\"text-decoration: underline;\">Contes du Vampire, contes de l\u2019Inde<\/span> de Catherine Zarcate et R\u00e9mi Saillard (\u00e9d. Syros Jeunesse, 2005). Il \u00e9tait une fois en Inde Vikram, un roi sage et courageux qui se rend en pleine nuit dans un cimeti\u00e8re d\u00e9crocher un pendu habit\u00e9 par un vampire (un g\u00e9nie). Ce dernier lui pose de nombreuses \u00e9nigmes. A chaque r\u00e9ponse, Vikram est oblig\u00e9 de revenir \u00e0 son point de d\u00e9part pour d\u00e9crocher \u00e0 nouveau le pendu. Arrivera-t-il \u00e0 se taire face au Vampire? Un bon moment de lecture qui n&rsquo;est pas d\u00e9nou\u00e9 d&rsquo;humour, tant dans le texte imbriquant comme des poup\u00e9es russes les histoires\/\u00e9nigmes que la mise en page et joliment illustr\u00e9!<br \/>\n<\/em><\/p>\n<ul>\n<li><em>(Album jeunesse) <strong><span style=\"text-decoration: underline;\">Bobby le cookie<\/span><\/strong> de Marie Quenotte et Lo\u00efc Limosin<br \/>\n<\/em><\/li>\n<\/ul>\n<p style=\"text-align: justify;\"><em><a href=\"https:\/\/i0.wp.com\/www.jojoenherbe.com\/wp-content\/uploads\/2022\/03\/Bobby-le-cookie-scaled.jpg\"><img data-recalc-dims=\"1\" loading=\"lazy\" decoding=\"async\" data-attachment-id=\"24128\" data-permalink=\"http:\/\/www.jojoenherbe.com\/index.php\/2022\/03\/01\/point-lecture-hebdomadaire-30\/bobby-le-cookie-2\/\" data-orig-file=\"https:\/\/i0.wp.com\/www.jojoenherbe.com\/wp-content\/uploads\/2022\/03\/Bobby-le-cookie-scaled.jpg?fit=2560%2C1920\" data-orig-size=\"2560,1920\" data-comments-opened=\"1\" data-image-meta=\"{&quot;aperture&quot;:&quot;1.8&quot;,&quot;credit&quot;:&quot;&quot;,&quot;camera&quot;:&quot;iPhone 7&quot;,&quot;caption&quot;:&quot;&quot;,&quot;created_timestamp&quot;:&quot;1646126289&quot;,&quot;copyright&quot;:&quot;&quot;,&quot;focal_length&quot;:&quot;3.99&quot;,&quot;iso&quot;:&quot;100&quot;,&quot;shutter_speed&quot;:&quot;0.16666666666667&quot;,&quot;title&quot;:&quot;&quot;,&quot;orientation&quot;:&quot;1&quot;}\" data-image-title=\"Bobby le cookie\" data-image-description=\"\" data-image-caption=\"\" data-large-file=\"https:\/\/i0.wp.com\/www.jojoenherbe.com\/wp-content\/uploads\/2022\/03\/Bobby-le-cookie-scaled.jpg?fit=676%2C507\" class=\"size-thumbnail wp-image-24128 alignright\" src=\"https:\/\/i0.wp.com\/www.jojoenherbe.com\/wp-content\/uploads\/2022\/03\/Bobby-le-cookie.jpg?resize=150%2C150\" alt=\"\" width=\"150\" height=\"150\" srcset=\"https:\/\/i0.wp.com\/www.jojoenherbe.com\/wp-content\/uploads\/2022\/03\/Bobby-le-cookie-scaled.jpg?resize=150%2C150 150w, https:\/\/i0.wp.com\/www.jojoenherbe.com\/wp-content\/uploads\/2022\/03\/Bobby-le-cookie-scaled.jpg?zoom=2&amp;resize=150%2C150 300w, https:\/\/i0.wp.com\/www.jojoenherbe.com\/wp-content\/uploads\/2022\/03\/Bobby-le-cookie-scaled.jpg?zoom=3&amp;resize=150%2C150 450w\" sizes=\"auto, (max-width: 150px) 100vw, 150px\" \/><\/a>Nous faisons la recette de cookies de <span style=\"text-decoration: underline;\">Bobby le cookie<\/span> de Marie Quenotte et Lo\u00efc Limosin (\u00e9d. La Palissade, 2013). Je ne l&rsquo;ai pas suivi \u00e0 la lettre n&rsquo;ayant pas eu tous les ingr\u00e9dients. J&rsquo;ai, <span class=\"_7UhW9   xLCgt      MMzan   KV-D4           se6yk       T0kll \">en effet, remplac\u00e9 le sucre blond par un m\u00e9lange de vergeoise blonde et sucre en poudre et je n\u2019avais plus d\u2019extrait de vanille. Le livre permet aux enfants de suivre \u00e9tape par \u00e9tape illustr\u00e9e la pr\u00e9paration de la p\u00e2te jusqu&rsquo;\u00e0 sa cuisson. Un livre parfait pour les petits marmitons en herbe!<\/span><br \/>\n<\/em><\/p>\n<p style=\"text-align: justify;\"><em><span style=\"text-decoration: underline;\">Des lectures adulte<\/span>:<\/em><\/p>\n<ul>\n<li><em>(Cosy Mystery) <span style=\"text-decoration: underline;\"><strong>Les Th\u00e9s meurtriers d\u2019Oxford<\/strong><\/span> d\u2019H.Y. Hanna <strong>(T2)<\/strong><\/em><\/li>\n<\/ul>\n<p style=\"text-align: justify;\"><a href=\"https:\/\/i0.wp.com\/www.jojoenherbe.com\/wp-content\/uploads\/2022\/02\/Les-Thes-meurtriers-dOxford-T2.jpg\"><img data-recalc-dims=\"1\" loading=\"lazy\" decoding=\"async\" data-attachment-id=\"23711\" data-permalink=\"http:\/\/www.jojoenherbe.com\/index.php\/2022\/02\/01\/point-lecture-hebdomadaire-26\/les-thes-meurtriers-doxford-t2\/\" data-orig-file=\"https:\/\/i0.wp.com\/www.jojoenherbe.com\/wp-content\/uploads\/2022\/02\/Les-Thes-meurtriers-dOxford-T2.jpg?fit=750%2C1334\" data-orig-size=\"750,1334\" data-comments-opened=\"1\" data-image-meta=\"{&quot;aperture&quot;:&quot;0&quot;,&quot;credit&quot;:&quot;&quot;,&quot;camera&quot;:&quot;&quot;,&quot;caption&quot;:&quot;&quot;,&quot;created_timestamp&quot;:&quot;0&quot;,&quot;copyright&quot;:&quot;&quot;,&quot;focal_length&quot;:&quot;0&quot;,&quot;iso&quot;:&quot;0&quot;,&quot;shutter_speed&quot;:&quot;0&quot;,&quot;title&quot;:&quot;&quot;,&quot;orientation&quot;:&quot;0&quot;}\" data-image-title=\"Les Th\u00e9s meurtriers d&amp;rsquo;Oxford T2\" data-image-description=\"\" data-image-caption=\"\" data-large-file=\"https:\/\/i0.wp.com\/www.jojoenherbe.com\/wp-content\/uploads\/2022\/02\/Les-Thes-meurtriers-dOxford-T2.jpg?fit=576%2C1024\" class=\"size-thumbnail wp-image-23711 alignleft\" src=\"https:\/\/i0.wp.com\/www.jojoenherbe.com\/wp-content\/uploads\/2022\/02\/Les-Thes-meurtriers-dOxford-T2.jpg?resize=150%2C150\" alt=\"\" width=\"150\" height=\"150\" srcset=\"https:\/\/i0.wp.com\/www.jojoenherbe.com\/wp-content\/uploads\/2022\/02\/Les-Thes-meurtriers-dOxford-T2.jpg?resize=150%2C150 150w, https:\/\/i0.wp.com\/www.jojoenherbe.com\/wp-content\/uploads\/2022\/02\/Les-Thes-meurtriers-dOxford-T2.jpg?zoom=2&amp;resize=150%2C150 300w, https:\/\/i0.wp.com\/www.jojoenherbe.com\/wp-content\/uploads\/2022\/02\/Les-Thes-meurtriers-dOxford-T2.jpg?zoom=3&amp;resize=150%2C150 450w\" sizes=\"auto, (max-width: 150px) 100vw, 150px\" \/><\/a><em>J&rsquo;ai repris cette semaine et fini de lire en e-book le tome 2 des <span style=\"text-decoration: underline;\">Th\u00e9s meurtriers d\u2019Oxford,\u00a0 Beau th\u00e9 fatal<\/span> d\u2019H.Y. Hanna (\u00e9d. Auto\u00e9dition, 2021, 271 pages) et qui se d\u00e9roule quelques semaines apr\u00e8s le premier tome, Gemma et Cassie assistant au d\u00e9c\u00e8s d\u2019une jeune femme lors d\u2019un vernissage dans une galerie d\u2019art d\u2019Oxford tenue par le nouveau petit-ami de Cassie. Devlin est charg\u00e9 de cette enqu\u00eate, la jeune femme ayant \u00e9t\u00e9 empoisonn\u00e9e. Gemma enqu\u00eate \u00e9galement de son c\u00f4t\u00e9, soup\u00e7onnant le petit-ami de Cassie d&rsquo;\u00eatre impliqu\u00e9 voire responsable de cet empoisonnement. Un bon moment de lecture m\u00eame si ce tome est moins dr\u00f4le que le pr\u00e9c\u00e9dent! Nous en apprenons plus sur les raisons de la s\u00e9paration huit ans plus t\u00f4t entre Cassie et Devlin. Les vieilles chouettes ne sont jamais bien loin comme la chatte Muesli, co\u00e9quipi\u00e8re f\u00e9line de choc de Gemma. Un tome 3, <span style=\"text-decoration: underline;\">Flagrant d\u00e9lice<\/span> est pr\u00e9vu pour le 15 avril 2022.<\/em><\/p>\n<ul>\n<li style=\"text-align: justify;\"><em>(Romance) <strong><span style=\"text-decoration: underline;\">Foutue Saint-Valentin!<\/span><\/strong> d&rsquo;Adriana Kritter<\/em><\/li>\n<\/ul>\n<p style=\"text-align: justify;\"><em><a href=\"https:\/\/i0.wp.com\/www.jojoenherbe.com\/wp-content\/uploads\/2022\/02\/Foutue-Saint-Valentin.jpg\"><img data-recalc-dims=\"1\" loading=\"lazy\" decoding=\"async\" data-attachment-id=\"24109\" data-permalink=\"http:\/\/www.jojoenherbe.com\/index.php\/2022\/03\/01\/point-lecture-hebdomadaire-30\/foutue-saint-valentin\/\" data-orig-file=\"https:\/\/i0.wp.com\/www.jojoenherbe.com\/wp-content\/uploads\/2022\/02\/Foutue-Saint-Valentin.jpg?fit=750%2C1334\" data-orig-size=\"750,1334\" data-comments-opened=\"1\" data-image-meta=\"{&quot;aperture&quot;:&quot;0&quot;,&quot;credit&quot;:&quot;&quot;,&quot;camera&quot;:&quot;&quot;,&quot;caption&quot;:&quot;&quot;,&quot;created_timestamp&quot;:&quot;0&quot;,&quot;copyright&quot;:&quot;&quot;,&quot;focal_length&quot;:&quot;0&quot;,&quot;iso&quot;:&quot;0&quot;,&quot;shutter_speed&quot;:&quot;0&quot;,&quot;title&quot;:&quot;&quot;,&quot;orientation&quot;:&quot;0&quot;}\" data-image-title=\"Foutue Saint-Valentin!\" data-image-description=\"\" data-image-caption=\"\" data-large-file=\"https:\/\/i0.wp.com\/www.jojoenherbe.com\/wp-content\/uploads\/2022\/02\/Foutue-Saint-Valentin.jpg?fit=576%2C1024\" class=\"size-thumbnail wp-image-24109 alignright\" src=\"https:\/\/i0.wp.com\/www.jojoenherbe.com\/wp-content\/uploads\/2022\/02\/Foutue-Saint-Valentin.jpg?resize=150%2C150\" alt=\"\" width=\"150\" height=\"150\" srcset=\"https:\/\/i0.wp.com\/www.jojoenherbe.com\/wp-content\/uploads\/2022\/02\/Foutue-Saint-Valentin.jpg?resize=150%2C150 150w, https:\/\/i0.wp.com\/www.jojoenherbe.com\/wp-content\/uploads\/2022\/02\/Foutue-Saint-Valentin.jpg?zoom=2&amp;resize=150%2C150 300w, https:\/\/i0.wp.com\/www.jojoenherbe.com\/wp-content\/uploads\/2022\/02\/Foutue-Saint-Valentin.jpg?zoom=3&amp;resize=150%2C150 450w\" sizes=\"auto, (max-width: 150px) 100vw, 150px\" \/><\/a>J&rsquo;ai \u00e9galement lu en e-book <span style=\"text-decoration: underline;\">Foutue Saint-Valentin!<\/span> d&rsquo;Adriana Kritter (\u00e9d. Auto\u00e9dition, 2022, 262 pages), une romance l\u00e9g\u00e8re et rigolote du genre \u00ab\u00a0ennemies to lovers\u00a0\u00bb entre deux voisins parisiens. En couple avec Arthur, Garance ne supporte pas son voisin du dessous, Hugo. Qu&rsquo;elle n&rsquo;est pas sa surprise de le voir se pr\u00e9senter le soir de la Saint-Valentin \u00e0 la place de son compagnon. Alors certes il y a des passages improbables et st\u00e9r\u00e9otyp\u00e9s (comme par exemple la maladresse de Garance avec ses lentilles ou une m\u00e9connaissance du droit du travail) mais c&rsquo;\u00e9tait plaisant, Garance finissant par remettre en question tant sa vie amoureuse que professionnelle. Le couple Garance\/Hugo fonctionne bien.<\/em><\/p>\n<ul>\n<li style=\"text-align: justify;\"><em>(Romance)<\/em> <em><span style=\"text-decoration: underline;\"><strong>Fais-moi taire si tu peux!<\/strong><\/span> de Sophie Jomain<\/em><\/li>\n<\/ul>\n<p style=\"text-align: justify;\"><em><a href=\"https:\/\/i0.wp.com\/www.jojoenherbe.com\/wp-content\/uploads\/2022\/02\/Fais-moi-taire-si-tu-peux.jpg\"><img data-recalc-dims=\"1\" loading=\"lazy\" decoding=\"async\" data-attachment-id=\"24045\" data-permalink=\"http:\/\/www.jojoenherbe.com\/index.php\/2022\/02\/25\/rat-gourmand-aux-epices-indiennes-2022\/fais-moi-taire-si-tu-peux\/\" data-orig-file=\"https:\/\/i0.wp.com\/www.jojoenherbe.com\/wp-content\/uploads\/2022\/02\/Fais-moi-taire-si-tu-peux.jpg?fit=750%2C1334\" data-orig-size=\"750,1334\" data-comments-opened=\"1\" data-image-meta=\"{&quot;aperture&quot;:&quot;0&quot;,&quot;credit&quot;:&quot;&quot;,&quot;camera&quot;:&quot;&quot;,&quot;caption&quot;:&quot;&quot;,&quot;created_timestamp&quot;:&quot;0&quot;,&quot;copyright&quot;:&quot;&quot;,&quot;focal_length&quot;:&quot;0&quot;,&quot;iso&quot;:&quot;0&quot;,&quot;shutter_speed&quot;:&quot;0&quot;,&quot;title&quot;:&quot;&quot;,&quot;orientation&quot;:&quot;0&quot;}\" data-image-title=\"Fais-moi taire si tu peux!\" data-image-description=\"\" data-image-caption=\"\" data-large-file=\"https:\/\/i0.wp.com\/www.jojoenherbe.com\/wp-content\/uploads\/2022\/02\/Fais-moi-taire-si-tu-peux.jpg?fit=576%2C1024\" class=\"size-thumbnail wp-image-24045 alignleft\" src=\"https:\/\/i0.wp.com\/www.jojoenherbe.com\/wp-content\/uploads\/2022\/02\/Fais-moi-taire-si-tu-peux.jpg?resize=150%2C150\" alt=\"\" width=\"150\" height=\"150\" srcset=\"https:\/\/i0.wp.com\/www.jojoenherbe.com\/wp-content\/uploads\/2022\/02\/Fais-moi-taire-si-tu-peux.jpg?resize=150%2C150 150w, https:\/\/i0.wp.com\/www.jojoenherbe.com\/wp-content\/uploads\/2022\/02\/Fais-moi-taire-si-tu-peux.jpg?zoom=2&amp;resize=150%2C150 300w, https:\/\/i0.wp.com\/www.jojoenherbe.com\/wp-content\/uploads\/2022\/02\/Fais-moi-taire-si-tu-peux.jpg?zoom=3&amp;resize=150%2C150 450w\" sizes=\"auto, (max-width: 150px) 100vw, 150px\" \/><\/a>Apr\u00e8s avoir lu pour une lecture commune \u00e0 No\u00ebl <a href=\"https:\/\/www.jojoenherbe.com\/index.php\/2021\/12\/21\/au-fil-des-pages-avec-les-etoiles-brillent-plus-fort-en-hiver\/\"><span style=\"text-decoration: underline;\">Les \u00e9toiles brillent plus fort en hiver<\/span><\/a>, j&rsquo;ai lu en e-book <span style=\"text-decoration: underline;\">Fais-moi taire si tu peux!<\/span> de Sophie Jomain (\u00e9d. HarperCollins, 2018, 337 pages), une romance contemporaine \u00ab ennemies to lovers \u00bb dont je trouvais le pitch rigolo, une fleuriste organisant des mariages se heurtant \u00e0 un com\u00e9dien pay\u00e9 pour les d\u00e9truire. Il y a des passages vraiment dr\u00f4les comme celui o\u00f9 Lo\u00efc se fait passer pour un cur\u00e9 lors d&rsquo;un mariage ou un vieux notaire lors d&rsquo;un enterrement. Une romance l\u00e9g\u00e8re, sans surprises et dont les personnages auraient pu \u00eatre plus approfondis!<br \/>\n<\/em><\/p>\n<ul style=\"text-align: justify;\">\n<li><em>(Romance urban fantasy) <span style=\"text-decoration: underline;\"><strong>Les Tribulations d\u2019une p\u00e2tissi\u00e8re, Fourrure et for\u00eat noire<\/strong><\/span> de Bones Vercetti <strong>(T1)<\/strong><\/em><\/li>\n<\/ul>\n<p style=\"text-align: justify;\"><em><a href=\"https:\/\/i0.wp.com\/www.jojoenherbe.com\/wp-content\/uploads\/2022\/02\/Les-tribulations-dune-patissiere-T1.jpg\"><img data-recalc-dims=\"1\" loading=\"lazy\" decoding=\"async\" data-attachment-id=\"24046\" data-permalink=\"http:\/\/www.jojoenherbe.com\/index.php\/2022\/02\/25\/rat-gourmand-aux-epices-indiennes-2022\/les-tribulations-dune-patissiere-t1\/\" data-orig-file=\"https:\/\/i0.wp.com\/www.jojoenherbe.com\/wp-content\/uploads\/2022\/02\/Les-tribulations-dune-patissiere-T1.jpg?fit=750%2C1334\" data-orig-size=\"750,1334\" data-comments-opened=\"1\" data-image-meta=\"{&quot;aperture&quot;:&quot;0&quot;,&quot;credit&quot;:&quot;&quot;,&quot;camera&quot;:&quot;&quot;,&quot;caption&quot;:&quot;&quot;,&quot;created_timestamp&quot;:&quot;0&quot;,&quot;copyright&quot;:&quot;&quot;,&quot;focal_length&quot;:&quot;0&quot;,&quot;iso&quot;:&quot;0&quot;,&quot;shutter_speed&quot;:&quot;0&quot;,&quot;title&quot;:&quot;&quot;,&quot;orientation&quot;:&quot;0&quot;}\" data-image-title=\"Les tribulations d&amp;rsquo;une p\u00e2tissi\u00e8re T1\" data-image-description=\"\" data-image-caption=\"\" data-large-file=\"https:\/\/i0.wp.com\/www.jojoenherbe.com\/wp-content\/uploads\/2022\/02\/Les-tribulations-dune-patissiere-T1.jpg?fit=576%2C1024\" class=\"size-thumbnail wp-image-24046 alignright\" src=\"https:\/\/i0.wp.com\/www.jojoenherbe.com\/wp-content\/uploads\/2022\/02\/Les-tribulations-dune-patissiere-T1.jpg?resize=150%2C150\" alt=\"\" width=\"150\" height=\"150\" srcset=\"https:\/\/i0.wp.com\/www.jojoenherbe.com\/wp-content\/uploads\/2022\/02\/Les-tribulations-dune-patissiere-T1.jpg?resize=150%2C150 150w, https:\/\/i0.wp.com\/www.jojoenherbe.com\/wp-content\/uploads\/2022\/02\/Les-tribulations-dune-patissiere-T1.jpg?zoom=2&amp;resize=150%2C150 300w, https:\/\/i0.wp.com\/www.jojoenherbe.com\/wp-content\/uploads\/2022\/02\/Les-tribulations-dune-patissiere-T1.jpg?zoom=3&amp;resize=150%2C150 450w\" sizes=\"auto, (max-width: 150px) 100vw, 150px\" \/><\/a>J&rsquo;ai lu<\/em> <em>en e-book<\/em> <em>le tome 1 des <span style=\"text-decoration: underline;\">Tribulations d\u2019une p\u00e2tissi\u00e8re, Fourrure et for\u00eat noire<\/span> de Bones Vercetti (\u00e9d. Auto\u00e9dition, 2021, 263 pages), une romance d\u2019urban fantasy (je dirai \u00e0 partir de 16 ans) se d\u00e9roulant \u00e0 Toulouse dans une \u00e9poque contemporaine alternative, apr\u00e8s le coming out des \u00eatres surnaturels en 1985, le monde \u00e9tant d\u00e9sormais gouvern\u00e9 par le Grand Conseil Surnaturel. En cette p\u00e9riode de No\u00ebl, Lola Gabast a beaucoup de commandes dans sa p\u00e2tisserie et voit sa vie chambouler par sa rencontre avec Fergus, le b\u00eata de la meute des Highlands qui est venu sauver Landon, son neveu garou de 8 ans kidnapp\u00e9 et qui vient s\u2019incruster chez elle alors qu&rsquo;elle pr\u00e9f\u00e9rerait s&rsquo;atteler \u00e0 ses b\u00fbches de No\u00ebl tout en buvant des litres de caf\u00e9. M\u00eame sa qualit\u00e9 d\u2019humaine est remise en question par Donald, l\u2019h\u00e9ritier du clan de magicien Payot qui a jet\u00e9 son d\u00e9volu sur elle et qui voudrait la faire sienne. <\/em><em>\u00c0\u00a0qui peut-elle accorder sa confiance: Fergus, Donald ou bien encore de sa vieille cliente, Hilda?<\/em><\/p>\n<p style=\"text-align: justify;\"><em> Il y est question de secrets de famille, notamment autour de la naissance de Lola, de romance et d&rsquo;enqu\u00eate pour retrouver Landon. Le duo Lola\/Fergus fonctionne bien, les deux \u00e9tant attachants et au caract\u00e8re bien tremp\u00e9 avec d&rsquo;un c\u00f4t\u00e9 Lola accro au caf\u00e9 et au sucre, perdue dans le monde des Surnat&rsquo; mais d\u00e9termin\u00e9e \u00e0 aider Fergus et en savoir plus sur elle tout en ayant un go\u00fbt bizarre pour les pyjamas Disney en pilou et de l&rsquo;autre Fergus, un vieux garou myst\u00e9rieux, taisant et totalement soumis \u00e0 son fr\u00e8re cadet Erwann, l&rsquo;Alpha de la meute \u00e9cossaise. Un bon moment de lecture avec un m\u00e9lange bien dos\u00e9 d&rsquo;humour, de romance et d&rsquo;action! Sans oublier les passages gourmands, que ce soit des p\u00e2tisseries ou non typiques de No\u00ebl (\u00e9clair au caf\u00e9, for\u00eat noire, b\u00fbche de No\u00ebl&#8230;).<\/em><\/p>\n<ul style=\"text-align: justify;\">\n<li><em>(Romance urban fantasy) <span style=\"text-decoration: underline;\"><strong>Les Tribulations d\u2019une p\u00e2tissi\u00e8re, Tartan et tarte tatin<\/strong><\/span> de Bones Vercetti <strong>(T2)<\/strong><\/em><\/li>\n<\/ul>\n<p style=\"text-align: justify;\"><em><a href=\"https:\/\/i0.wp.com\/www.jojoenherbe.com\/wp-content\/uploads\/2022\/02\/Les-tribulations-dune-patissiere-T2.jpg\"><img data-recalc-dims=\"1\" loading=\"lazy\" decoding=\"async\" data-attachment-id=\"24059\" data-permalink=\"http:\/\/www.jojoenherbe.com\/index.php\/2022\/02\/25\/rat-gourmand-aux-epices-indiennes-2022\/les-tribulations-dune-patissiere-t2\/\" data-orig-file=\"https:\/\/i0.wp.com\/www.jojoenherbe.com\/wp-content\/uploads\/2022\/02\/Les-tribulations-dune-patissiere-T2.jpg?fit=750%2C1334\" data-orig-size=\"750,1334\" data-comments-opened=\"1\" data-image-meta=\"{&quot;aperture&quot;:&quot;0&quot;,&quot;credit&quot;:&quot;&quot;,&quot;camera&quot;:&quot;&quot;,&quot;caption&quot;:&quot;&quot;,&quot;created_timestamp&quot;:&quot;0&quot;,&quot;copyright&quot;:&quot;&quot;,&quot;focal_length&quot;:&quot;0&quot;,&quot;iso&quot;:&quot;0&quot;,&quot;shutter_speed&quot;:&quot;0&quot;,&quot;title&quot;:&quot;&quot;,&quot;orientation&quot;:&quot;0&quot;}\" data-image-title=\"Les tribulations d&amp;rsquo;une p\u00e2tissi\u00e8re T2\" data-image-description=\"\" data-image-caption=\"\" data-large-file=\"https:\/\/i0.wp.com\/www.jojoenherbe.com\/wp-content\/uploads\/2022\/02\/Les-tribulations-dune-patissiere-T2.jpg?fit=576%2C1024\" class=\"size-thumbnail wp-image-24059 alignleft\" src=\"https:\/\/i0.wp.com\/www.jojoenherbe.com\/wp-content\/uploads\/2022\/02\/Les-tribulations-dune-patissiere-T2.jpg?resize=150%2C150\" alt=\"\" width=\"150\" height=\"150\" srcset=\"https:\/\/i0.wp.com\/www.jojoenherbe.com\/wp-content\/uploads\/2022\/02\/Les-tribulations-dune-patissiere-T2.jpg?resize=150%2C150 150w, https:\/\/i0.wp.com\/www.jojoenherbe.com\/wp-content\/uploads\/2022\/02\/Les-tribulations-dune-patissiere-T2.jpg?zoom=2&amp;resize=150%2C150 300w, https:\/\/i0.wp.com\/www.jojoenherbe.com\/wp-content\/uploads\/2022\/02\/Les-tribulations-dune-patissiere-T2.jpg?zoom=3&amp;resize=150%2C150 450w\" sizes=\"auto, (max-width: 150px) 100vw, 150px\" \/><\/a>J&rsquo;ai encha\u00een\u00e9 en e-book avec le <em>tome<\/em> 2 des <span style=\"text-decoration: underline;\">Tribulations d\u2019une p\u00e2tissi\u00e8re, Tartan et tarte tatin<\/span> de Bones Vercetti (\u00e9d. Auto\u00e9dition, 2022, 233 pages) dont la fin appelle le tome 3 qui n\u2019est pas paru. Direction l\u2019\u00c9cosse et Glasgow pour Lola qui va rejoindre Fergus pour solliciter son aide et la protection de la meute des Highlands. Mais \u00e0 la place, elle devient l&rsquo;\u00e9pouse de son fr\u00e8re Erwann, l&rsquo;Alpha de la meute malgr\u00e9 ses sentiments pour Fergus. Lola arrivera-t-elle \u00e0 s\u2019adapter \u00e0 sa nouvelle condition d\u2019\u00c9l\u00e9mentaire alors qu\u2019elle a v\u00e9cu toute sa vie en tant qu\u2019humaine? Pourra-t-elle compter sur Callum<\/em><em>, un kelpie venu se mettre \u00e0 son service (une cr\u00e9ature m\u00e9tamorphe de cheval aquatique issu du folklore \u00e9cossais)? D&rsquo;autant qu&rsquo;une nouvelle menace appara\u00eet en la personne de Baba Yaga, pr\u00e9venue par sa fid\u00e8le servante sanguinaire, Roussalka.<\/em><\/p>\n<p style=\"text-align: justify;\"><em>Ce tome laisse beaucoup plus place \u00e0 l&rsquo;action et \u00e0 la d\u00e9couverte par Lola de sa nouvelle condition. Nous en apprenons ainsi plus ses origines. Il est bien difficile pour Lola de ne pas tout ramener sous le prisme humain et \u00e0 g\u00e9rer ses nouveaux pouvoirs qui se d\u00e9clenchent sans contr\u00f4le, lorsqu&rsquo;elle est en col\u00e8re, ayant grandi jusqu&rsquo;\u00e0 ses 30 ans en tant qu&rsquo;humaine, que ce soit par exemple son besoin de sang ou encore de voir dans Landon un futur alpha garou devant ob\u00e9issance \u00e0 son p\u00e8re Erwann plut\u00f4t qu&rsquo;un jeune enfant. Encore un bon moment de lecture! Vivement le tome 3, l&rsquo;intrigue de ce tome finissant en plein suspense.<br \/>\n<\/em><\/p>\n<p><span style=\"text-decoration: underline;\"><strong>Ma lecture en cours<\/strong><\/span><strong>:<\/strong><\/p>\n<p><em>(Roman policier) <span style=\"text-decoration: underline;\"><strong>Le serveur de Brick Lane<\/strong><\/span> d\u2019Ajay Chowdhury<\/em><\/p>\n<p style=\"text-align: justify;\"><em><a href=\"https:\/\/i0.wp.com\/www.jojoenherbe.com\/wp-content\/uploads\/2022\/02\/Le-serveur-de-Brick-Lane-scaled.jpg\"><img data-recalc-dims=\"1\" loading=\"lazy\" decoding=\"async\" data-attachment-id=\"24092\" data-permalink=\"http:\/\/www.jojoenherbe.com\/index.php\/2022\/03\/01\/point-lecture-hebdomadaire-30\/le-serveur-de-brick-lane\/\" data-orig-file=\"https:\/\/i0.wp.com\/www.jojoenherbe.com\/wp-content\/uploads\/2022\/02\/Le-serveur-de-Brick-Lane-scaled.jpg?fit=2560%2C1981\" data-orig-size=\"2560,1981\" data-comments-opened=\"1\" data-image-meta=\"{&quot;aperture&quot;:&quot;1.8&quot;,&quot;credit&quot;:&quot;&quot;,&quot;camera&quot;:&quot;iPhone 7&quot;,&quot;caption&quot;:&quot;&quot;,&quot;created_timestamp&quot;:&quot;1646041524&quot;,&quot;copyright&quot;:&quot;&quot;,&quot;focal_length&quot;:&quot;3.99&quot;,&quot;iso&quot;:&quot;80&quot;,&quot;shutter_speed&quot;:&quot;0.16666666666667&quot;,&quot;title&quot;:&quot;&quot;,&quot;orientation&quot;:&quot;1&quot;}\" data-image-title=\"Le serveur de Brick Lane\" data-image-description=\"\" data-image-caption=\"\" data-large-file=\"https:\/\/i0.wp.com\/www.jojoenherbe.com\/wp-content\/uploads\/2022\/02\/Le-serveur-de-Brick-Lane-scaled.jpg?fit=676%2C523\" class=\"size-thumbnail wp-image-24092 alignright\" src=\"https:\/\/i0.wp.com\/www.jojoenherbe.com\/wp-content\/uploads\/2022\/02\/Le-serveur-de-Brick-Lane.jpg?resize=150%2C150\" alt=\"\" width=\"150\" height=\"150\" srcset=\"https:\/\/i0.wp.com\/www.jojoenherbe.com\/wp-content\/uploads\/2022\/02\/Le-serveur-de-Brick-Lane-scaled.jpg?resize=150%2C150 150w, https:\/\/i0.wp.com\/www.jojoenherbe.com\/wp-content\/uploads\/2022\/02\/Le-serveur-de-Brick-Lane-scaled.jpg?zoom=2&amp;resize=150%2C150 300w, https:\/\/i0.wp.com\/www.jojoenherbe.com\/wp-content\/uploads\/2022\/02\/Le-serveur-de-Brick-Lane-scaled.jpg?zoom=3&amp;resize=150%2C150 450w\" sizes=\"auto, (max-width: 150px) 100vw, 150px\" \/><\/a>J&rsquo;ai commenc\u00e9 hier <a href=\"https:\/\/www.jojoenherbe.com\/index.php\/2022\/04\/11\/au-fil-des-pages-avec-le-serveur-de-brick-lane\/\"><span style=\"text-decoration: underline;\">Le serveur de Brick Lane<\/span><\/a> d\u2019Ajay Chowdhury (\u00e9d. Liana Levi 2021, 301 pages), un roman policier jusqu\u2019\u00e0 la page 86, les chapitres alternant entre le pass\u00e9 trois mois plus t\u00f4t \u00e0 Calcutta de Kamil alors policier et son pr\u00e9sent ou pass\u00e9 proche \u00e0 Londres en tant que serveur dans un restaurant indien. Apr\u00e8s avoir \u00e9t\u00e9 d\u00e9mis de ses fonctions de sous-inspecteur de police \u00e0 Calcutta, Kamil pense avoir mis de c\u00f4t\u00e9 son pass\u00e9 mais le d\u00e9c\u00e8s d&rsquo;un riche entrepreneur, Rakesh Sherma lors de sa soir\u00e9e d&rsquo;anniversaire pour laquelle il est de service vient tout changer. Et si les deux affaires \u00e9taient li\u00e9es? Pour le moment, je me laisse prendre par l&rsquo;intrigue tout en apprenant plus sur Kamil.<br \/>\n<\/em><\/p>\n","protected":false},"excerpt":{"rendered":"<p>En ce d\u00e9but de semaine, voici notre point lecture hebdomadaire avec un retour sur nos lectures de la semaine derni\u00e8re et ma lecture en cours. Nos lectures du 21 au 27 f\u00e9vrier 2022: Des lectures jeunesse: (Album jeunesse) L&rsquo;arbre-lit de Sil\u00e8ne Edgar et Gilles Freluche Nous avons lu L&rsquo;arbre-lit de Sil\u00e8ne Edgar et Gilles Freluche [&hellip;]<\/p>\n","protected":false},"author":1,"featured_media":0,"comment_status":"open","ping_status":"open","sticky":false,"template":"","format":"standard","meta":{"jetpack_post_was_ever_published":false,"_jetpack_newsletter_access":"","_jetpack_dont_email_post_to_subs":false,"_jetpack_newsletter_tier_id":0,"_jetpack_memberships_contains_paywalled_content":false,"_jetpack_memberships_contains_paid_content":false,"footnotes":""},"categories":[2140,363],"tags":[3013,3024,3011,409,3027,3025,3014,3019,3015,2651,1590,3009,1334,2211,3022,3023,3008,3026,2979,3012,1085,367,4036,3018,3016,3021,3020,2767,3017,2003,1329,844,905,3007,2879,3010],"class_list":["post-24010","post","type-post","status-publish","format-standard","hentry","category-mini-blogueur","category-mini-lecteur","tag-adriana-kritter","tag-agnes-vandewiele","tag-ajay-chowdhury","tag-albums-jeunesse","tag-alessandro-barbucci","tag-betti-ferrero","tag-bones-vercetti","tag-catherine-zarcate","tag-conte-bouddhiste","tag-conte-hindou","tag-conte-indien","tag-cookie","tag-cosy-mystery","tag-documentaires-jeunesse","tag-ellie-snowdon","tag-emilie-beaumont","tag-gilles-freluche","tag-giovanni-di-gregorio","tag-h-y-hanna","tag-juliette-lagrange","tag-lecture-adulte","tag-lecture-jeunesse","tag-les-soeurs-gremillet","tag-loic-limosin","tag-marie-quenotte","tag-muriel-kerba","tag-patrice-favaro","tag-point-lecture-hebdo","tag-recette","tag-remi-saillard","tag-roman-policier","tag-romance","tag-romans-adulte","tag-silene-edgar","tag-sophie-jomain","tag-urban-fantasy","post-preview"],"jetpack_featured_media_url":"","jetpack_sharing_enabled":true,"jetpack_shortlink":"https:\/\/wp.me\/p9zhGx-6fg","jetpack_likes_enabled":true,"jetpack-related-posts":[{"id":37057,"url":"http:\/\/www.jojoenherbe.com\/index.php\/2024\/09\/30\/point-lecture-hebdomadaire-2024-39\/","url_meta":{"origin":24010,"position":0},"title":"Point lecture hebdomadaire 2024 #39","author":"Jojo","date":"30 septembre 2024","format":false,"excerpt":"En ce d\u00e9but de semaine, voici mon point lecture hebdomadaire avec un retour sur nos lectures (mais pas nos relectures) de la semaine derni\u00e8re. Nos lectures du 23 au 29 septembre 2024: Des lectures jeunesse: Nous avons continu\u00e9 chaque soir et presque fini de lire Le jardin secret de Frances\u2026","rel":"","context":"Dans &quot;Mini blogueur&quot;","block_context":{"text":"Mini blogueur","link":"http:\/\/www.jojoenherbe.com\/index.php\/category\/mini-blogueur\/"},"img":{"alt_text":"","src":"https:\/\/i0.wp.com\/www.jojoenherbe.com\/wp-content\/uploads\/2020\/04\/Le-jardin-secret-150x150.jpg?resize=350%2C200","width":350,"height":200},"classes":[]},{"id":25557,"url":"http:\/\/www.jojoenherbe.com\/index.php\/2022\/05\/16\/point-lecture-hebdomadaire-41\/","url_meta":{"origin":24010,"position":1},"title":"Point lecture hebdomadaire #41","author":"Jojo","date":"16 mai 2022","format":false,"excerpt":"En ce d\u00e9but de semaine, voici notre point lecture hebdomadaire avec un retour sur la plupart de nos lectures de la semaine derni\u00e8re (mais pas nos relectures). Nos lectures du\u00a0 9 au 15 mai 2022: Des lectures jeunesse: (Album jeunesse) Une aventure avec Alice au Pays des Merveilles de Katherine\u2026","rel":"","context":"Dans &quot;Mini blogueur&quot;","block_context":{"text":"Mini blogueur","link":"http:\/\/www.jojoenherbe.com\/index.php\/category\/mini-blogueur\/"},"img":{"alt_text":"","src":"https:\/\/i0.wp.com\/www.jojoenherbe.com\/wp-content\/uploads\/2022\/05\/Point-lecture-hebdo-41-scaled.jpg?fit=1200%2C900&resize=350%2C200","width":350,"height":200,"srcset":"https:\/\/i0.wp.com\/www.jojoenherbe.com\/wp-content\/uploads\/2022\/05\/Point-lecture-hebdo-41-scaled.jpg?fit=1200%2C900&resize=350%2C200 1x, https:\/\/i0.wp.com\/www.jojoenherbe.com\/wp-content\/uploads\/2022\/05\/Point-lecture-hebdo-41-scaled.jpg?fit=1200%2C900&resize=525%2C300 1.5x, https:\/\/i0.wp.com\/www.jojoenherbe.com\/wp-content\/uploads\/2022\/05\/Point-lecture-hebdo-41-scaled.jpg?fit=1200%2C900&resize=700%2C400 2x, https:\/\/i0.wp.com\/www.jojoenherbe.com\/wp-content\/uploads\/2022\/05\/Point-lecture-hebdo-41-scaled.jpg?fit=1200%2C900&resize=1050%2C600 3x"},"classes":[]},{"id":23993,"url":"http:\/\/www.jojoenherbe.com\/index.php\/2022\/02\/24\/au-fil-des-pages-avec-larbre-lit\/","url_meta":{"origin":24010,"position":2},"title":"Au fil des pages avec L&rsquo;arbre-lit","author":"Jojo","date":"24 f\u00e9vrier 2022","format":false,"excerpt":"Nous lisons L'arbre-lit de Sil\u00e8ne Edgar et Gilles Freluche (\u00e9d. La Cabane bleue, 2020), un album jeunesse \u00e0 partir de 3 ans. Ayant grandi, il est temps pour Valentine de changer de lit. Son p\u00e8re lui en fabrique un nouveau avec les branches d'un vieux poirier de leur jardin. L'arbre\u2026","rel":"","context":"Dans &quot;Mini lecteur&quot;","block_context":{"text":"Mini lecteur","link":"http:\/\/www.jojoenherbe.com\/index.php\/category\/mini-lecteur\/"},"img":{"alt_text":"","src":"https:\/\/i0.wp.com\/www.jojoenherbe.com\/wp-content\/uploads\/2022\/02\/Larbre-lit-scaled.jpg?fit=1200%2C1039&resize=350%2C200","width":350,"height":200,"srcset":"https:\/\/i0.wp.com\/www.jojoenherbe.com\/wp-content\/uploads\/2022\/02\/Larbre-lit-scaled.jpg?fit=1200%2C1039&resize=350%2C200 1x, https:\/\/i0.wp.com\/www.jojoenherbe.com\/wp-content\/uploads\/2022\/02\/Larbre-lit-scaled.jpg?fit=1200%2C1039&resize=525%2C300 1.5x, https:\/\/i0.wp.com\/www.jojoenherbe.com\/wp-content\/uploads\/2022\/02\/Larbre-lit-scaled.jpg?fit=1200%2C1039&resize=700%2C400 2x, https:\/\/i0.wp.com\/www.jojoenherbe.com\/wp-content\/uploads\/2022\/02\/Larbre-lit-scaled.jpg?fit=1200%2C1039&resize=1050%2C600 3x"},"classes":[]},{"id":25915,"url":"http:\/\/www.jojoenherbe.com\/index.php\/2022\/06\/20\/point-lecture-hebdomadaire-46\/","url_meta":{"origin":24010,"position":3},"title":"Point lecture hebdomadaire #46","author":"Jojo","date":"20 juin 2022","format":false,"excerpt":"En ce d\u00e9but de semaine, voici notre point lecture hebdomadaire avec un retour sur nos lectures de la semaine derni\u00e8re (mais pas nos relectures) et ma lecture en cours. j'ai surtout pioch\u00e9 dans ma PAL anglo-saxonne puisqu'en juin, c'est le Mois Anglais 2022 coorganis\u00e9e par Lou et Titine. Nos lectures\u2026","rel":"","context":"Dans &quot;Mini blogueur&quot;","block_context":{"text":"Mini blogueur","link":"http:\/\/www.jojoenherbe.com\/index.php\/category\/mini-blogueur\/"},"img":{"alt_text":"","src":"https:\/\/i0.wp.com\/www.jojoenherbe.com\/wp-content\/uploads\/2022\/07\/Point-lecture-hebdo-46-scaled.jpg?fit=1200%2C795&resize=350%2C200","width":350,"height":200,"srcset":"https:\/\/i0.wp.com\/www.jojoenherbe.com\/wp-content\/uploads\/2022\/07\/Point-lecture-hebdo-46-scaled.jpg?fit=1200%2C795&resize=350%2C200 1x, https:\/\/i0.wp.com\/www.jojoenherbe.com\/wp-content\/uploads\/2022\/07\/Point-lecture-hebdo-46-scaled.jpg?fit=1200%2C795&resize=525%2C300 1.5x, https:\/\/i0.wp.com\/www.jojoenherbe.com\/wp-content\/uploads\/2022\/07\/Point-lecture-hebdo-46-scaled.jpg?fit=1200%2C795&resize=700%2C400 2x, https:\/\/i0.wp.com\/www.jojoenherbe.com\/wp-content\/uploads\/2022\/07\/Point-lecture-hebdo-46-scaled.jpg?fit=1200%2C795&resize=1050%2C600 3x"},"classes":[]},{"id":31501,"url":"http:\/\/www.jojoenherbe.com\/index.php\/2023\/08\/21\/point-lecture-hebdomadaire-2023-33\/","url_meta":{"origin":24010,"position":4},"title":"Point lecture hebdomadaire 2023 #33","author":"Jojo","date":"21 ao\u00fbt 2023","format":false,"excerpt":"En ce d\u00e9but de semaine, voici notre point lecture hebdomadaire avec un retour sur nos lectures de la semaine derni\u00e8re (mais pas nos relectures). Nos lectures du 14 au 20 ao\u00fbt 2023: Des lectures jeunesse: (Roman jeunesse) Vol d\u2019\u00e9t\u00e9 de Marie-Anne Abesdris Nous avons lu Vol d\u2019\u00e9t\u00e9 de Marie-Anne Abesdris\u2026","rel":"","context":"Dans &quot;Mini blogueur&quot;","block_context":{"text":"Mini blogueur","link":"http:\/\/www.jojoenherbe.com\/index.php\/category\/mini-blogueur\/"},"img":{"alt_text":"","src":"https:\/\/i0.wp.com\/www.jojoenherbe.com\/wp-content\/uploads\/2023\/08\/Vol-dete-150x150.jpg?resize=350%2C200","width":350,"height":200},"classes":[]},{"id":42374,"url":"http:\/\/www.jojoenherbe.com\/index.php\/2026\/01\/21\/point-lecture-hebdomadaire-2026-3\/","url_meta":{"origin":24010,"position":5},"title":"Point lecture hebdomadaire 2026 #3","author":"Jojo","date":"21 janvier 2026","format":false,"excerpt":"En ce milieu de semaine, voici mon point lecture hebdomadaire avec un retour sur nos lectures (mais pas nos relectures) de la semaine derni\u00e8re qui a d\u00e9but\u00e9 avec le rangement du sapin et d\u00e9corations de No\u00ebl et qui s'est termin\u00e9 sur un week-end pluvieux dans le Var chez des amis\u2026","rel":"","context":"Dans &quot;Mini blogueur&quot;","block_context":{"text":"Mini blogueur","link":"http:\/\/www.jojoenherbe.com\/index.php\/category\/mini-blogueur\/"},"img":{"alt_text":"","src":"https:\/\/i0.wp.com\/www.jojoenherbe.com\/wp-content\/uploads\/2026\/01\/macareux-point-lecture-hebdo.jpg?fit=864%2C1012&resize=350%2C200","width":350,"height":200,"srcset":"https:\/\/i0.wp.com\/www.jojoenherbe.com\/wp-content\/uploads\/2026\/01\/macareux-point-lecture-hebdo.jpg?fit=864%2C1012&resize=350%2C200 1x, https:\/\/i0.wp.com\/www.jojoenherbe.com\/wp-content\/uploads\/2026\/01\/macareux-point-lecture-hebdo.jpg?fit=864%2C1012&resize=525%2C300 1.5x, https:\/\/i0.wp.com\/www.jojoenherbe.com\/wp-content\/uploads\/2026\/01\/macareux-point-lecture-hebdo.jpg?fit=864%2C1012&resize=700%2C400 2x"},"classes":[]}],"_links":{"self":[{"href":"http:\/\/www.jojoenherbe.com\/index.php\/wp-json\/wp\/v2\/posts\/24010","targetHints":{"allow":["GET"]}}],"collection":[{"href":"http:\/\/www.jojoenherbe.com\/index.php\/wp-json\/wp\/v2\/posts"}],"about":[{"href":"http:\/\/www.jojoenherbe.com\/index.php\/wp-json\/wp\/v2\/types\/post"}],"author":[{"embeddable":true,"href":"http:\/\/www.jojoenherbe.com\/index.php\/wp-json\/wp\/v2\/users\/1"}],"replies":[{"embeddable":true,"href":"http:\/\/www.jojoenherbe.com\/index.php\/wp-json\/wp\/v2\/comments?post=24010"}],"version-history":[{"count":3,"href":"http:\/\/www.jojoenherbe.com\/index.php\/wp-json\/wp\/v2\/posts\/24010\/revisions"}],"predecessor-version":[{"id":24839,"href":"http:\/\/www.jojoenherbe.com\/index.php\/wp-json\/wp\/v2\/posts\/24010\/revisions\/24839"}],"wp:attachment":[{"href":"http:\/\/www.jojoenherbe.com\/index.php\/wp-json\/wp\/v2\/media?parent=24010"}],"wp:term":[{"taxonomy":"category","embeddable":true,"href":"http:\/\/www.jojoenherbe.com\/index.php\/wp-json\/wp\/v2\/categories?post=24010"},{"taxonomy":"post_tag","embeddable":true,"href":"http:\/\/www.jojoenherbe.com\/index.php\/wp-json\/wp\/v2\/tags?post=24010"}],"curies":[{"name":"wp","href":"https:\/\/api.w.org\/{rel}","templated":true}]}}