{"id":2391,"date":"2007-05-23T21:44:41","date_gmt":"2007-05-23T19:44:41","guid":{"rendered":"http:\/\/www.jojoenherbe.com\/?p=2391"},"modified":"2018-04-27T16:38:17","modified_gmt":"2018-04-27T14:38:17","slug":"balade-autour-du-lac-de-castillon-a-saint-julien-du-verdon","status":"publish","type":"post","link":"http:\/\/www.jojoenherbe.com\/index.php\/2007\/05\/23\/balade-autour-du-lac-de-castillon-a-saint-julien-du-verdon\/","title":{"rendered":"Balade autour du lac de Castillon \u00e0 Saint-Julien-du-Verdon"},"content":{"rendered":"<p style=\"text-align: justify;\"><em><a href=\"https:\/\/i0.wp.com\/www.jojoenherbe.com\/wp-content\/uploads\/2018\/04\/Lac-de-Castillon-Saint-Julien-du-Verdon-7.jpg\"><img data-recalc-dims=\"1\" loading=\"lazy\" decoding=\"async\" data-attachment-id=\"2397\" data-permalink=\"http:\/\/www.jojoenherbe.com\/index.php\/2007\/05\/23\/balade-autour-du-lac-de-castillon-a-saint-julien-du-verdon\/lac-de-castillon-saint-julien-du-verdon-7\/\" data-orig-file=\"https:\/\/i0.wp.com\/www.jojoenherbe.com\/wp-content\/uploads\/2018\/04\/Lac-de-Castillon-Saint-Julien-du-Verdon-7.jpg?fit=2592%2C1944\" data-orig-size=\"2592,1944\" data-comments-opened=\"1\" data-image-meta=\"{&quot;aperture&quot;:&quot;5.6&quot;,&quot;credit&quot;:&quot;&quot;,&quot;camera&quot;:&quot;DSC-P100&quot;,&quot;caption&quot;:&quot;&quot;,&quot;created_timestamp&quot;:&quot;1179665736&quot;,&quot;copyright&quot;:&quot;&quot;,&quot;focal_length&quot;:&quot;7.9&quot;,&quot;iso&quot;:&quot;100&quot;,&quot;shutter_speed&quot;:&quot;0.002&quot;,&quot;title&quot;:&quot;&quot;,&quot;orientation&quot;:&quot;1&quot;}\" data-image-title=\"Lac de Castillon &amp;#8211; Saint-Julien-du-Verdon 7\" data-image-description=\"\" data-image-caption=\"\" data-large-file=\"https:\/\/i0.wp.com\/www.jojoenherbe.com\/wp-content\/uploads\/2018\/04\/Lac-de-Castillon-Saint-Julien-du-Verdon-7.jpg?fit=676%2C507\" class=\"alignleft size-thumbnail wp-image-2397\" src=\"https:\/\/i0.wp.com\/www.jojoenherbe.com\/wp-content\/uploads\/2018\/04\/Lac-de-Castillon-Saint-Julien-du-Verdon-7.jpg?resize=150%2C150\" alt=\"\" width=\"150\" height=\"150\" srcset=\"https:\/\/i0.wp.com\/www.jojoenherbe.com\/wp-content\/uploads\/2018\/04\/Lac-de-Castillon-Saint-Julien-du-Verdon-7.jpg?resize=150%2C150 150w, https:\/\/i0.wp.com\/www.jojoenherbe.com\/wp-content\/uploads\/2018\/04\/Lac-de-Castillon-Saint-Julien-du-Verdon-7.jpg?zoom=2&amp;resize=150%2C150 300w, https:\/\/i0.wp.com\/www.jojoenherbe.com\/wp-content\/uploads\/2018\/04\/Lac-de-Castillon-Saint-Julien-du-Verdon-7.jpg?zoom=3&amp;resize=150%2C150 450w\" sizes=\"auto, (max-width: 150px) 100vw, 150px\" \/><\/a> <a href=\"https:\/\/i0.wp.com\/www.jojoenherbe.com\/wp-content\/uploads\/2018\/04\/Lac-de-Castillon-Saint-Julien-du-Verdon-6.jpg\"><img data-recalc-dims=\"1\" loading=\"lazy\" decoding=\"async\" data-attachment-id=\"2396\" data-permalink=\"http:\/\/www.jojoenherbe.com\/index.php\/2007\/05\/23\/balade-autour-du-lac-de-castillon-a-saint-julien-du-verdon\/lac-de-castillon-saint-julien-du-verdon-6\/\" data-orig-file=\"https:\/\/i0.wp.com\/www.jojoenherbe.com\/wp-content\/uploads\/2018\/04\/Lac-de-Castillon-Saint-Julien-du-Verdon-6.jpg?fit=1944%2C2592\" data-orig-size=\"1944,2592\" data-comments-opened=\"1\" data-image-meta=\"{&quot;aperture&quot;:&quot;5.6&quot;,&quot;credit&quot;:&quot;&quot;,&quot;camera&quot;:&quot;DSC-P100&quot;,&quot;caption&quot;:&quot;&quot;,&quot;created_timestamp&quot;:&quot;1179665036&quot;,&quot;copyright&quot;:&quot;&quot;,&quot;focal_length&quot;:&quot;7.9&quot;,&quot;iso&quot;:&quot;100&quot;,&quot;shutter_speed&quot;:&quot;0.004&quot;,&quot;title&quot;:&quot;&quot;,&quot;orientation&quot;:&quot;0&quot;}\" data-image-title=\"Lac de Castillon &amp;#8211; Saint-Julien-du-Verdon 6\" data-image-description=\"\" data-image-caption=\"\" data-large-file=\"https:\/\/i0.wp.com\/www.jojoenherbe.com\/wp-content\/uploads\/2018\/04\/Lac-de-Castillon-Saint-Julien-du-Verdon-6.jpg?fit=676%2C901\" class=\"alignleft size-thumbnail wp-image-2396\" src=\"https:\/\/i0.wp.com\/www.jojoenherbe.com\/wp-content\/uploads\/2018\/04\/Lac-de-Castillon-Saint-Julien-du-Verdon-6.jpg?resize=150%2C150\" alt=\"\" width=\"150\" height=\"150\" srcset=\"https:\/\/i0.wp.com\/www.jojoenherbe.com\/wp-content\/uploads\/2018\/04\/Lac-de-Castillon-Saint-Julien-du-Verdon-6.jpg?resize=150%2C150 150w, https:\/\/i0.wp.com\/www.jojoenherbe.com\/wp-content\/uploads\/2018\/04\/Lac-de-Castillon-Saint-Julien-du-Verdon-6.jpg?zoom=2&amp;resize=150%2C150 300w, https:\/\/i0.wp.com\/www.jojoenherbe.com\/wp-content\/uploads\/2018\/04\/Lac-de-Castillon-Saint-Julien-du-Verdon-6.jpg?zoom=3&amp;resize=150%2C150 450w\" sizes=\"auto, (max-width: 150px) 100vw, 150px\" \/><\/a> <a href=\"https:\/\/i0.wp.com\/www.jojoenherbe.com\/wp-content\/uploads\/2018\/04\/Lac-de-Castillon-Saint-Julien-du-Verdon-5.jpg\"><img data-recalc-dims=\"1\" loading=\"lazy\" decoding=\"async\" data-attachment-id=\"2395\" data-permalink=\"http:\/\/www.jojoenherbe.com\/index.php\/2007\/05\/23\/balade-autour-du-lac-de-castillon-a-saint-julien-du-verdon\/lac-de-castillon-saint-julien-du-verdon-5\/\" data-orig-file=\"https:\/\/i0.wp.com\/www.jojoenherbe.com\/wp-content\/uploads\/2018\/04\/Lac-de-Castillon-Saint-Julien-du-Verdon-5.jpg?fit=1944%2C2592\" data-orig-size=\"1944,2592\" data-comments-opened=\"1\" data-image-meta=\"{&quot;aperture&quot;:&quot;5.6&quot;,&quot;credit&quot;:&quot;&quot;,&quot;camera&quot;:&quot;DSC-P100&quot;,&quot;caption&quot;:&quot;&quot;,&quot;created_timestamp&quot;:&quot;1179670670&quot;,&quot;copyright&quot;:&quot;&quot;,&quot;focal_length&quot;:&quot;7.9&quot;,&quot;iso&quot;:&quot;100&quot;,&quot;shutter_speed&quot;:&quot;0.0015625&quot;,&quot;title&quot;:&quot;&quot;,&quot;orientation&quot;:&quot;0&quot;}\" data-image-title=\"Lac de Castillon &amp;#8211; Saint-Julien-du-Verdon 5\" data-image-description=\"\" data-image-caption=\"\" data-large-file=\"https:\/\/i0.wp.com\/www.jojoenherbe.com\/wp-content\/uploads\/2018\/04\/Lac-de-Castillon-Saint-Julien-du-Verdon-5.jpg?fit=676%2C901\" class=\"alignleft size-thumbnail wp-image-2395\" src=\"https:\/\/i0.wp.com\/www.jojoenherbe.com\/wp-content\/uploads\/2018\/04\/Lac-de-Castillon-Saint-Julien-du-Verdon-5.jpg?resize=150%2C150\" alt=\"\" width=\"150\" height=\"150\" srcset=\"https:\/\/i0.wp.com\/www.jojoenherbe.com\/wp-content\/uploads\/2018\/04\/Lac-de-Castillon-Saint-Julien-du-Verdon-5.jpg?resize=150%2C150 150w, https:\/\/i0.wp.com\/www.jojoenherbe.com\/wp-content\/uploads\/2018\/04\/Lac-de-Castillon-Saint-Julien-du-Verdon-5.jpg?zoom=2&amp;resize=150%2C150 300w, https:\/\/i0.wp.com\/www.jojoenherbe.com\/wp-content\/uploads\/2018\/04\/Lac-de-Castillon-Saint-Julien-du-Verdon-5.jpg?zoom=3&amp;resize=150%2C150 450w\" sizes=\"auto, (max-width: 150px) 100vw, 150px\" \/><\/a>Ce 20 mai 2007, nous nous rendons \u00e0 Saint-Julien-du-Verdon et plus exactement \u00e0 sa base nautique et ses plages qui sont situ\u00e9es sur la rive gauche du lac de Castillon. Ce lac est un des lacs artificiels du Verdon, en amont du lac de Sainte-Croix. Il existe depuis la cr\u00e9ation du barrage de Castillon en 1948. D&rsquo;ailleurs, lorsque l&rsquo;eau du lac est basse, il est possible d&rsquo;apercevoir l&rsquo;ancien pont Julien qui permettait de gagner le village de Castillon qui a \u00e9t\u00e9 recouvert par les flots.<br \/>\n<\/em><\/p>\n<div id=\"attachment_2401\" style=\"width: 160px\" class=\"wp-caption alignright\"><a href=\"https:\/\/i0.wp.com\/www.jojoenherbe.com\/wp-content\/uploads\/2018\/04\/Lac-de-Castillon-Saint-Julien-du-Verdon-11.jpg\"><img data-recalc-dims=\"1\" loading=\"lazy\" decoding=\"async\" aria-describedby=\"caption-attachment-2401\" data-attachment-id=\"2401\" data-permalink=\"http:\/\/www.jojoenherbe.com\/index.php\/2007\/05\/23\/balade-autour-du-lac-de-castillon-a-saint-julien-du-verdon\/lac-de-castillon-saint-julien-du-verdon-11\/\" data-orig-file=\"https:\/\/i0.wp.com\/www.jojoenherbe.com\/wp-content\/uploads\/2018\/04\/Lac-de-Castillon-Saint-Julien-du-Verdon-11.jpg?fit=1944%2C2592\" data-orig-size=\"1944,2592\" data-comments-opened=\"1\" data-image-meta=\"{&quot;aperture&quot;:&quot;5.6&quot;,&quot;credit&quot;:&quot;&quot;,&quot;camera&quot;:&quot;DSC-P100&quot;,&quot;caption&quot;:&quot;&quot;,&quot;created_timestamp&quot;:&quot;1179665201&quot;,&quot;copyright&quot;:&quot;&quot;,&quot;focal_length&quot;:&quot;7.9&quot;,&quot;iso&quot;:&quot;100&quot;,&quot;shutter_speed&quot;:&quot;0.0025&quot;,&quot;title&quot;:&quot;&quot;,&quot;orientation&quot;:&quot;0&quot;}\" data-image-title=\"Lac de Castillon &amp;#8211; Saint-Julien-du-Verdon 11\" data-image-description=\"\" data-image-caption=\"\" data-large-file=\"https:\/\/i0.wp.com\/www.jojoenherbe.com\/wp-content\/uploads\/2018\/04\/Lac-de-Castillon-Saint-Julien-du-Verdon-11.jpg?fit=676%2C901\" class=\"wp-image-2401 size-thumbnail\" src=\"https:\/\/i0.wp.com\/www.jojoenherbe.com\/wp-content\/uploads\/2018\/04\/Lac-de-Castillon-Saint-Julien-du-Verdon-11.jpg?resize=150%2C150\" alt=\"\" width=\"150\" height=\"150\" srcset=\"https:\/\/i0.wp.com\/www.jojoenherbe.com\/wp-content\/uploads\/2018\/04\/Lac-de-Castillon-Saint-Julien-du-Verdon-11.jpg?resize=150%2C150 150w, https:\/\/i0.wp.com\/www.jojoenherbe.com\/wp-content\/uploads\/2018\/04\/Lac-de-Castillon-Saint-Julien-du-Verdon-11.jpg?zoom=2&amp;resize=150%2C150 300w, https:\/\/i0.wp.com\/www.jojoenherbe.com\/wp-content\/uploads\/2018\/04\/Lac-de-Castillon-Saint-Julien-du-Verdon-11.jpg?zoom=3&amp;resize=150%2C150 450w\" sizes=\"auto, (max-width: 150px) 100vw, 150px\" \/><\/a><p id=\"caption-attachment-2401\" class=\"wp-caption-text\">Muscari \u00e0 toupet &#8211; Saint-Julien-du-Verdon<\/p><\/div>\n<div id=\"attachment_2402\" style=\"width: 160px\" class=\"wp-caption alignright\"><a href=\"https:\/\/i0.wp.com\/www.jojoenherbe.com\/wp-content\/uploads\/2018\/04\/Lac-de-Castillon-Saint-Julien-du-Verdon-12.jpg\"><img data-recalc-dims=\"1\" loading=\"lazy\" decoding=\"async\" aria-describedby=\"caption-attachment-2402\" data-attachment-id=\"2402\" data-permalink=\"http:\/\/www.jojoenherbe.com\/index.php\/2007\/05\/23\/balade-autour-du-lac-de-castillon-a-saint-julien-du-verdon\/lac-de-castillon-saint-julien-du-verdon-12\/\" data-orig-file=\"https:\/\/i0.wp.com\/www.jojoenherbe.com\/wp-content\/uploads\/2018\/04\/Lac-de-Castillon-Saint-Julien-du-Verdon-12.jpg?fit=1944%2C2592\" data-orig-size=\"1944,2592\" data-comments-opened=\"1\" data-image-meta=\"{&quot;aperture&quot;:&quot;2.8&quot;,&quot;credit&quot;:&quot;&quot;,&quot;camera&quot;:&quot;DSC-P100&quot;,&quot;caption&quot;:&quot;&quot;,&quot;created_timestamp&quot;:&quot;1179665432&quot;,&quot;copyright&quot;:&quot;&quot;,&quot;focal_length&quot;:&quot;7.9&quot;,&quot;iso&quot;:&quot;100&quot;,&quot;shutter_speed&quot;:&quot;0.01&quot;,&quot;title&quot;:&quot;&quot;,&quot;orientation&quot;:&quot;0&quot;}\" data-image-title=\"Lac de Castillon &amp;#8211; Saint-Julien-du-Verdon 12\" data-image-description=\"\" data-image-caption=\"\" data-large-file=\"https:\/\/i0.wp.com\/www.jojoenherbe.com\/wp-content\/uploads\/2018\/04\/Lac-de-Castillon-Saint-Julien-du-Verdon-12.jpg?fit=676%2C901\" class=\"wp-image-2402 size-thumbnail\" src=\"https:\/\/i0.wp.com\/www.jojoenherbe.com\/wp-content\/uploads\/2018\/04\/Lac-de-Castillon-Saint-Julien-du-Verdon-12.jpg?resize=150%2C150\" alt=\"\" width=\"150\" height=\"150\" srcset=\"https:\/\/i0.wp.com\/www.jojoenherbe.com\/wp-content\/uploads\/2018\/04\/Lac-de-Castillon-Saint-Julien-du-Verdon-12.jpg?resize=150%2C150 150w, https:\/\/i0.wp.com\/www.jojoenherbe.com\/wp-content\/uploads\/2018\/04\/Lac-de-Castillon-Saint-Julien-du-Verdon-12.jpg?zoom=2&amp;resize=150%2C150 300w, https:\/\/i0.wp.com\/www.jojoenherbe.com\/wp-content\/uploads\/2018\/04\/Lac-de-Castillon-Saint-Julien-du-Verdon-12.jpg?zoom=3&amp;resize=150%2C150 450w\" sizes=\"auto, (max-width: 150px) 100vw, 150px\" \/><\/a><p id=\"caption-attachment-2402\" class=\"wp-caption-text\">M\u00e9lisse des bois<\/p><\/div>\n<p style=\"text-align: justify;\"><em><a href=\"https:\/\/i0.wp.com\/www.jojoenherbe.com\/wp-content\/uploads\/2018\/04\/Lac-de-Castillon-Saint-Julien-du-Verdon-13.jpg\"><img data-recalc-dims=\"1\" loading=\"lazy\" decoding=\"async\" data-attachment-id=\"2403\" data-permalink=\"http:\/\/www.jojoenherbe.com\/index.php\/2007\/05\/23\/balade-autour-du-lac-de-castillon-a-saint-julien-du-verdon\/lac-de-castillon-saint-julien-du-verdon-13\/\" data-orig-file=\"https:\/\/i0.wp.com\/www.jojoenherbe.com\/wp-content\/uploads\/2018\/04\/Lac-de-Castillon-Saint-Julien-du-Verdon-13.jpg?fit=1944%2C2592\" data-orig-size=\"1944,2592\" data-comments-opened=\"1\" data-image-meta=\"{&quot;aperture&quot;:&quot;3.5&quot;,&quot;credit&quot;:&quot;&quot;,&quot;camera&quot;:&quot;DSC-P100&quot;,&quot;caption&quot;:&quot;&quot;,&quot;created_timestamp&quot;:&quot;1179665529&quot;,&quot;copyright&quot;:&quot;&quot;,&quot;focal_length&quot;:&quot;12.1&quot;,&quot;iso&quot;:&quot;100&quot;,&quot;shutter_speed&quot;:&quot;0.004&quot;,&quot;title&quot;:&quot;&quot;,&quot;orientation&quot;:&quot;0&quot;}\" data-image-title=\"Lac de Castillon &amp;#8211; Saint-Julien-du-Verdon 13\" data-image-description=\"\" data-image-caption=\"\" data-large-file=\"https:\/\/i0.wp.com\/www.jojoenherbe.com\/wp-content\/uploads\/2018\/04\/Lac-de-Castillon-Saint-Julien-du-Verdon-13.jpg?fit=676%2C901\" class=\"size-thumbnail wp-image-2403 alignright\" src=\"https:\/\/i0.wp.com\/www.jojoenherbe.com\/wp-content\/uploads\/2018\/04\/Lac-de-Castillon-Saint-Julien-du-Verdon-13.jpg?resize=150%2C150\" alt=\"\" width=\"150\" height=\"150\" srcset=\"https:\/\/i0.wp.com\/www.jojoenherbe.com\/wp-content\/uploads\/2018\/04\/Lac-de-Castillon-Saint-Julien-du-Verdon-13.jpg?resize=150%2C150 150w, https:\/\/i0.wp.com\/www.jojoenherbe.com\/wp-content\/uploads\/2018\/04\/Lac-de-Castillon-Saint-Julien-du-Verdon-13.jpg?zoom=2&amp;resize=150%2C150 300w, https:\/\/i0.wp.com\/www.jojoenherbe.com\/wp-content\/uploads\/2018\/04\/Lac-de-Castillon-Saint-Julien-du-Verdon-13.jpg?zoom=3&amp;resize=150%2C150 450w\" sizes=\"auto, (max-width: 150px) 100vw, 150px\" \/><\/a> Nous nous garons sur le parking jouxtant la base nautique. Pour une fois, nous n&rsquo;irons pas nous d\u00e9tendre sur une des plages. Nous choisissons de prendre le sentier arbor\u00e9 offrant de jolis points de vue sur le lac sur lequel quelques voiliers sont de sortie. Nous marchons ainsi un petit moment, nous arr\u00eatant soit pour regarder le lac soit pour observer fleurs et papillons de toutes les couleurs.<br \/>\n<\/em><\/p>\n<div id=\"attachment_2400\" style=\"width: 160px\" class=\"wp-caption alignleft\"><a href=\"https:\/\/i0.wp.com\/www.jojoenherbe.com\/wp-content\/uploads\/2018\/04\/Lac-de-Castillon-Saint-Julien-du-Verdon-10.jpg\"><img data-recalc-dims=\"1\" loading=\"lazy\" decoding=\"async\" aria-describedby=\"caption-attachment-2400\" data-attachment-id=\"2400\" data-permalink=\"http:\/\/www.jojoenherbe.com\/index.php\/2007\/05\/23\/balade-autour-du-lac-de-castillon-a-saint-julien-du-verdon\/lac-de-castillon-saint-julien-du-verdon-10\/\" data-orig-file=\"https:\/\/i0.wp.com\/www.jojoenherbe.com\/wp-content\/uploads\/2018\/04\/Lac-de-Castillon-Saint-Julien-du-Verdon-10.jpg?fit=2592%2C1944\" data-orig-size=\"2592,1944\" data-comments-opened=\"1\" data-image-meta=\"{&quot;aperture&quot;:&quot;5.6&quot;,&quot;credit&quot;:&quot;&quot;,&quot;camera&quot;:&quot;DSC-P100&quot;,&quot;caption&quot;:&quot;&quot;,&quot;created_timestamp&quot;:&quot;1179664985&quot;,&quot;copyright&quot;:&quot;&quot;,&quot;focal_length&quot;:&quot;7.9&quot;,&quot;iso&quot;:&quot;100&quot;,&quot;shutter_speed&quot;:&quot;0.004&quot;,&quot;title&quot;:&quot;&quot;,&quot;orientation&quot;:&quot;1&quot;}\" data-image-title=\"Lac de Castillon &amp;#8211; Saint-Julien-du-Verdon 10\" data-image-description=\"\" data-image-caption=\"\" data-large-file=\"https:\/\/i0.wp.com\/www.jojoenherbe.com\/wp-content\/uploads\/2018\/04\/Lac-de-Castillon-Saint-Julien-du-Verdon-10.jpg?fit=676%2C507\" class=\"wp-image-2400 size-thumbnail\" src=\"https:\/\/i0.wp.com\/www.jojoenherbe.com\/wp-content\/uploads\/2018\/04\/Lac-de-Castillon-Saint-Julien-du-Verdon-10.jpg?resize=150%2C150\" alt=\"\" width=\"150\" height=\"150\" srcset=\"https:\/\/i0.wp.com\/www.jojoenherbe.com\/wp-content\/uploads\/2018\/04\/Lac-de-Castillon-Saint-Julien-du-Verdon-10.jpg?resize=150%2C150 150w, https:\/\/i0.wp.com\/www.jojoenherbe.com\/wp-content\/uploads\/2018\/04\/Lac-de-Castillon-Saint-Julien-du-Verdon-10.jpg?zoom=2&amp;resize=150%2C150 300w, https:\/\/i0.wp.com\/www.jojoenherbe.com\/wp-content\/uploads\/2018\/04\/Lac-de-Castillon-Saint-Julien-du-Verdon-10.jpg?zoom=3&amp;resize=150%2C150 450w\" sizes=\"auto, (max-width: 150px) 100vw, 150px\" \/><\/a><p id=\"caption-attachment-2400\" class=\"wp-caption-text\">Polygale commun blanc<\/p><\/div>\n<div id=\"attachment_2399\" style=\"width: 160px\" class=\"wp-caption alignleft\"><a href=\"https:\/\/i0.wp.com\/www.jojoenherbe.com\/wp-content\/uploads\/2018\/04\/Lac-de-Castillon-Saint-Julien-du-Verdon-9.jpg\"><img data-recalc-dims=\"1\" loading=\"lazy\" decoding=\"async\" aria-describedby=\"caption-attachment-2399\" data-attachment-id=\"2399\" data-permalink=\"http:\/\/www.jojoenherbe.com\/index.php\/2007\/05\/23\/balade-autour-du-lac-de-castillon-a-saint-julien-du-verdon\/lac-de-castillon-saint-julien-du-verdon-9\/\" data-orig-file=\"https:\/\/i0.wp.com\/www.jojoenherbe.com\/wp-content\/uploads\/2018\/04\/Lac-de-Castillon-Saint-Julien-du-Verdon-9.jpg?fit=1944%2C2592\" data-orig-size=\"1944,2592\" data-comments-opened=\"1\" data-image-meta=\"{&quot;aperture&quot;:&quot;2.8&quot;,&quot;credit&quot;:&quot;&quot;,&quot;camera&quot;:&quot;DSC-P100&quot;,&quot;caption&quot;:&quot;&quot;,&quot;created_timestamp&quot;:&quot;1179664962&quot;,&quot;copyright&quot;:&quot;&quot;,&quot;focal_length&quot;:&quot;7.9&quot;,&quot;iso&quot;:&quot;100&quot;,&quot;shutter_speed&quot;:&quot;0.008&quot;,&quot;title&quot;:&quot;&quot;,&quot;orientation&quot;:&quot;1&quot;}\" data-image-title=\"Lac de Castillon &amp;#8211; Saint-Julien-du-Verdon 9\" data-image-description=\"\" data-image-caption=\"\" data-large-file=\"https:\/\/i0.wp.com\/www.jojoenherbe.com\/wp-content\/uploads\/2018\/04\/Lac-de-Castillon-Saint-Julien-du-Verdon-9.jpg?fit=676%2C901\" class=\"wp-image-2399 size-thumbnail\" src=\"https:\/\/i0.wp.com\/www.jojoenherbe.com\/wp-content\/uploads\/2018\/04\/Lac-de-Castillon-Saint-Julien-du-Verdon-9.jpg?resize=150%2C150\" alt=\"\" width=\"150\" height=\"150\" srcset=\"https:\/\/i0.wp.com\/www.jojoenherbe.com\/wp-content\/uploads\/2018\/04\/Lac-de-Castillon-Saint-Julien-du-Verdon-9.jpg?resize=150%2C150 150w, https:\/\/i0.wp.com\/www.jojoenherbe.com\/wp-content\/uploads\/2018\/04\/Lac-de-Castillon-Saint-Julien-du-Verdon-9.jpg?zoom=2&amp;resize=150%2C150 300w, https:\/\/i0.wp.com\/www.jojoenherbe.com\/wp-content\/uploads\/2018\/04\/Lac-de-Castillon-Saint-Julien-du-Verdon-9.jpg?zoom=3&amp;resize=150%2C150 450w\" sizes=\"auto, (max-width: 150px) 100vw, 150px\" \/><\/a><p id=\"caption-attachment-2399\" class=\"wp-caption-text\">Polygale commun bleu<\/p><\/div>\n<p style=\"text-align: justify;\"><em> <a href=\"https:\/\/i0.wp.com\/www.jojoenherbe.com\/wp-content\/uploads\/2018\/04\/Lac-de-Castillon-Saint-Julien-du-Verdon-8.jpg\"><img data-recalc-dims=\"1\" loading=\"lazy\" decoding=\"async\" data-attachment-id=\"2398\" data-permalink=\"http:\/\/www.jojoenherbe.com\/index.php\/2007\/05\/23\/balade-autour-du-lac-de-castillon-a-saint-julien-du-verdon\/lac-de-castillon-saint-julien-du-verdon-8\/\" data-orig-file=\"https:\/\/i0.wp.com\/www.jojoenherbe.com\/wp-content\/uploads\/2018\/04\/Lac-de-Castillon-Saint-Julien-du-Verdon-8.jpg?fit=1944%2C2592\" data-orig-size=\"1944,2592\" data-comments-opened=\"1\" data-image-meta=\"{&quot;aperture&quot;:&quot;5.6&quot;,&quot;credit&quot;:&quot;&quot;,&quot;camera&quot;:&quot;DSC-P100&quot;,&quot;caption&quot;:&quot;&quot;,&quot;created_timestamp&quot;:&quot;1179664790&quot;,&quot;copyright&quot;:&quot;&quot;,&quot;focal_length&quot;:&quot;7.9&quot;,&quot;iso&quot;:&quot;100&quot;,&quot;shutter_speed&quot;:&quot;0.004&quot;,&quot;title&quot;:&quot;&quot;,&quot;orientation&quot;:&quot;0&quot;}\" data-image-title=\"Lac de Castillon &amp;#8211; Saint-Julien-du-Verdon 8\" data-image-description=\"\" data-image-caption=\"\" data-large-file=\"https:\/\/i0.wp.com\/www.jojoenherbe.com\/wp-content\/uploads\/2018\/04\/Lac-de-Castillon-Saint-Julien-du-Verdon-8.jpg?fit=676%2C901\" class=\"alignleft size-thumbnail wp-image-2398\" src=\"https:\/\/i0.wp.com\/www.jojoenherbe.com\/wp-content\/uploads\/2018\/04\/Lac-de-Castillon-Saint-Julien-du-Verdon-8.jpg?resize=150%2C150\" alt=\"\" width=\"150\" height=\"150\" srcset=\"https:\/\/i0.wp.com\/www.jojoenherbe.com\/wp-content\/uploads\/2018\/04\/Lac-de-Castillon-Saint-Julien-du-Verdon-8.jpg?resize=150%2C150 150w, https:\/\/i0.wp.com\/www.jojoenherbe.com\/wp-content\/uploads\/2018\/04\/Lac-de-Castillon-Saint-Julien-du-Verdon-8.jpg?zoom=2&amp;resize=150%2C150 300w, https:\/\/i0.wp.com\/www.jojoenherbe.com\/wp-content\/uploads\/2018\/04\/Lac-de-Castillon-Saint-Julien-du-Verdon-8.jpg?zoom=3&amp;resize=150%2C150 450w\" sizes=\"auto, (max-width: 150px) 100vw, 150px\" \/><\/a>En effet, tout a fleuri autour de nous, que ce soit le long du sentier ou pr\u00e8s de l&rsquo;eau : m\u00e9lisse des bois, muscari \u00e0 toupet, polygale commun&#8230;<br \/>\n<\/em><\/p>\n<p style=\"text-align: justify;\"><em><a href=\"https:\/\/i0.wp.com\/www.jojoenherbe.com\/wp-content\/uploads\/2018\/04\/Lac-de-Castillon-Saint-Julien-du-Verdon-2.jpg\"><img data-recalc-dims=\"1\" loading=\"lazy\" decoding=\"async\" data-attachment-id=\"2392\" data-permalink=\"http:\/\/www.jojoenherbe.com\/index.php\/2007\/05\/23\/balade-autour-du-lac-de-castillon-a-saint-julien-du-verdon\/lac-de-castillon-saint-julien-du-verdon-2\/\" data-orig-file=\"https:\/\/i0.wp.com\/www.jojoenherbe.com\/wp-content\/uploads\/2018\/04\/Lac-de-Castillon-Saint-Julien-du-Verdon-2.jpg?fit=2592%2C1944\" data-orig-size=\"2592,1944\" data-comments-opened=\"1\" data-image-meta=\"{&quot;aperture&quot;:&quot;5.6&quot;,&quot;credit&quot;:&quot;&quot;,&quot;camera&quot;:&quot;DSC-P100&quot;,&quot;caption&quot;:&quot;&quot;,&quot;created_timestamp&quot;:&quot;1179666620&quot;,&quot;copyright&quot;:&quot;&quot;,&quot;focal_length&quot;:&quot;7.9&quot;,&quot;iso&quot;:&quot;100&quot;,&quot;shutter_speed&quot;:&quot;0.002&quot;,&quot;title&quot;:&quot;&quot;,&quot;orientation&quot;:&quot;1&quot;}\" data-image-title=\"Lac de Castillon &amp;#8211; Saint-Julien-du-Verdon 2\" data-image-description=\"\" data-image-caption=\"\" data-large-file=\"https:\/\/i0.wp.com\/www.jojoenherbe.com\/wp-content\/uploads\/2018\/04\/Lac-de-Castillon-Saint-Julien-du-Verdon-2.jpg?fit=676%2C507\" class=\"size-thumbnail wp-image-2392 alignright\" src=\"https:\/\/i0.wp.com\/www.jojoenherbe.com\/wp-content\/uploads\/2018\/04\/Lac-de-Castillon-Saint-Julien-du-Verdon-2.jpg?resize=150%2C150\" alt=\"\" width=\"150\" height=\"150\" srcset=\"https:\/\/i0.wp.com\/www.jojoenherbe.com\/wp-content\/uploads\/2018\/04\/Lac-de-Castillon-Saint-Julien-du-Verdon-2.jpg?resize=150%2C150 150w, https:\/\/i0.wp.com\/www.jojoenherbe.com\/wp-content\/uploads\/2018\/04\/Lac-de-Castillon-Saint-Julien-du-Verdon-2.jpg?zoom=2&amp;resize=150%2C150 300w, https:\/\/i0.wp.com\/www.jojoenherbe.com\/wp-content\/uploads\/2018\/04\/Lac-de-Castillon-Saint-Julien-du-Verdon-2.jpg?zoom=3&amp;resize=150%2C150 450w\" sizes=\"auto, (max-width: 150px) 100vw, 150px\" \/><\/a> <a href=\"https:\/\/i0.wp.com\/www.jojoenherbe.com\/wp-content\/uploads\/2018\/04\/Lac-de-Castillon-Saint-Julien-du-Verdon-4.jpg\"><img data-recalc-dims=\"1\" loading=\"lazy\" decoding=\"async\" data-attachment-id=\"2394\" data-permalink=\"http:\/\/www.jojoenherbe.com\/index.php\/2007\/05\/23\/balade-autour-du-lac-de-castillon-a-saint-julien-du-verdon\/lac-de-castillon-saint-julien-du-verdon-4\/\" data-orig-file=\"https:\/\/i0.wp.com\/www.jojoenherbe.com\/wp-content\/uploads\/2018\/04\/Lac-de-Castillon-Saint-Julien-du-Verdon-4.jpg?fit=1944%2C2592\" data-orig-size=\"1944,2592\" data-comments-opened=\"1\" data-image-meta=\"{&quot;aperture&quot;:&quot;5.6&quot;,&quot;credit&quot;:&quot;&quot;,&quot;camera&quot;:&quot;DSC-P100&quot;,&quot;caption&quot;:&quot;&quot;,&quot;created_timestamp&quot;:&quot;1179666691&quot;,&quot;copyright&quot;:&quot;&quot;,&quot;focal_length&quot;:&quot;7.9&quot;,&quot;iso&quot;:&quot;100&quot;,&quot;shutter_speed&quot;:&quot;0.001&quot;,&quot;title&quot;:&quot;&quot;,&quot;orientation&quot;:&quot;0&quot;}\" data-image-title=\"Lac de Castillon &amp;#8211; Saint-Julien-du-Verdon 4\" data-image-description=\"\" data-image-caption=\"\" data-large-file=\"https:\/\/i0.wp.com\/www.jojoenherbe.com\/wp-content\/uploads\/2018\/04\/Lac-de-Castillon-Saint-Julien-du-Verdon-4.jpg?fit=676%2C901\" class=\"size-thumbnail wp-image-2394 alignright\" src=\"https:\/\/i0.wp.com\/www.jojoenherbe.com\/wp-content\/uploads\/2018\/04\/Lac-de-Castillon-Saint-Julien-du-Verdon-4.jpg?resize=150%2C150\" alt=\"\" width=\"150\" height=\"150\" srcset=\"https:\/\/i0.wp.com\/www.jojoenherbe.com\/wp-content\/uploads\/2018\/04\/Lac-de-Castillon-Saint-Julien-du-Verdon-4.jpg?resize=150%2C150 150w, https:\/\/i0.wp.com\/www.jojoenherbe.com\/wp-content\/uploads\/2018\/04\/Lac-de-Castillon-Saint-Julien-du-Verdon-4.jpg?zoom=2&amp;resize=150%2C150 300w, https:\/\/i0.wp.com\/www.jojoenherbe.com\/wp-content\/uploads\/2018\/04\/Lac-de-Castillon-Saint-Julien-du-Verdon-4.jpg?zoom=3&amp;resize=150%2C150 450w\" sizes=\"auto, (max-width: 150px) 100vw, 150px\" \/><\/a> <a href=\"https:\/\/i0.wp.com\/www.jojoenherbe.com\/wp-content\/uploads\/2018\/04\/Lac-de-Castillon-Saint-Julien-du-Verdon-3.jpg\"><img data-recalc-dims=\"1\" loading=\"lazy\" decoding=\"async\" data-attachment-id=\"2393\" data-permalink=\"http:\/\/www.jojoenherbe.com\/index.php\/2007\/05\/23\/balade-autour-du-lac-de-castillon-a-saint-julien-du-verdon\/lac-de-castillon-saint-julien-du-verdon-3\/\" data-orig-file=\"https:\/\/i0.wp.com\/www.jojoenherbe.com\/wp-content\/uploads\/2018\/04\/Lac-de-Castillon-Saint-Julien-du-Verdon-3.jpg?fit=1944%2C2592\" data-orig-size=\"1944,2592\" data-comments-opened=\"1\" data-image-meta=\"{&quot;aperture&quot;:&quot;8&quot;,&quot;credit&quot;:&quot;&quot;,&quot;camera&quot;:&quot;DSC-P100&quot;,&quot;caption&quot;:&quot;&quot;,&quot;created_timestamp&quot;:&quot;1179666655&quot;,&quot;copyright&quot;:&quot;&quot;,&quot;focal_length&quot;:&quot;15.1&quot;,&quot;iso&quot;:&quot;100&quot;,&quot;shutter_speed&quot;:&quot;0.005&quot;,&quot;title&quot;:&quot;&quot;,&quot;orientation&quot;:&quot;0&quot;}\" data-image-title=\"Lac de Castillon &amp;#8211; Saint-Julien-du-Verdon 3\" data-image-description=\"\" data-image-caption=\"\" data-large-file=\"https:\/\/i0.wp.com\/www.jojoenherbe.com\/wp-content\/uploads\/2018\/04\/Lac-de-Castillon-Saint-Julien-du-Verdon-3.jpg?fit=676%2C901\" class=\"size-thumbnail wp-image-2393 alignright\" src=\"https:\/\/i0.wp.com\/www.jojoenherbe.com\/wp-content\/uploads\/2018\/04\/Lac-de-Castillon-Saint-Julien-du-Verdon-3.jpg?resize=150%2C150\" alt=\"\" width=\"150\" height=\"150\" srcset=\"https:\/\/i0.wp.com\/www.jojoenherbe.com\/wp-content\/uploads\/2018\/04\/Lac-de-Castillon-Saint-Julien-du-Verdon-3.jpg?resize=150%2C150 150w, https:\/\/i0.wp.com\/www.jojoenherbe.com\/wp-content\/uploads\/2018\/04\/Lac-de-Castillon-Saint-Julien-du-Verdon-3.jpg?zoom=2&amp;resize=150%2C150 300w, https:\/\/i0.wp.com\/www.jojoenherbe.com\/wp-content\/uploads\/2018\/04\/Lac-de-Castillon-Saint-Julien-du-Verdon-3.jpg?zoom=3&amp;resize=150%2C150 450w\" sizes=\"auto, (max-width: 150px) 100vw, 150px\" \/><\/a>Puis nous choisissons de nous installer dans un endroit isol\u00e9, sans personne aux alentours. En effet, la plupart des gens se sont group\u00e9s sur les plages autour de la base nautique. Nous aurions presque pu nous baigner si nous avions eu la tenue ad\u00e9quate&#8230; Nous y restons une bonne partie de l&rsquo;apr\u00e8s-midi avant de regagner notre voiture.<br \/>\n<\/em><\/p>\n<p><iframe loading=\"lazy\" style=\"border: 0;\" src=\"https:\/\/www.google.com\/maps\/embed?pb=!1m18!1m12!1m3!1d45988.43297738246!2d6.4771971630501595!3d43.91223765285374!2m3!1f0!2f0!3f0!3m2!1i1024!2i768!4f13.1!3m3!1m2!1s0x12cc0d3d8ed4e2bd%3A0xe2889213df17f4f9!2s04170+Saint-Julien-du-Verdon!5e0!3m2!1sfr!2sfr!4v1524769241398\" width=\"400\" height=\"300\" frameborder=\"0\" allowfullscreen=\"allowfullscreen\"><\/iframe><\/p>\n","protected":false},"excerpt":{"rendered":"<p>Ce 20 mai 2007, nous nous rendons \u00e0 Saint-Julien-du-Verdon et plus exactement \u00e0 sa base nautique et ses plages qui sont situ\u00e9es sur la rive gauche du lac de Castillon. Ce lac est un des lacs artificiels du Verdon, en amont du lac de Sainte-Croix. Il existe depuis la cr\u00e9ation du barrage de Castillon en [&hellip;]<\/p>\n","protected":false},"author":1,"featured_media":2404,"comment_status":"open","ping_status":"open","sticky":false,"template":"","format":"standard","meta":{"jetpack_post_was_ever_published":false,"_jetpack_newsletter_access":"","_jetpack_dont_email_post_to_subs":false,"_jetpack_newsletter_tier_id":0,"_jetpack_memberships_contains_paywalled_content":false,"_jetpack_memberships_contains_paid_content":false,"footnotes":""},"categories":[128],"tags":[51,210,49,5,183,211,214],"class_list":["post-2391","post","type-post","status-publish","format-standard","has-post-thumbnail","hentry","category-mini-baladeur","tag-alpes-de-haute-provence","tag-lac-de-castillon","tag-lacs","tag-paca","tag-parcs-naturels","tag-saint-julien-du-verdon","tag-verdon","post-preview"],"jetpack_featured_media_url":"https:\/\/i0.wp.com\/www.jojoenherbe.com\/wp-content\/uploads\/2018\/04\/Lac-de-Castillon-Saint-Julien-du-Verdon.jpg?fit=2592%2C1944","jetpack_sharing_enabled":true,"jetpack_shortlink":"https:\/\/wp.me\/p9zhGx-Cz","jetpack_likes_enabled":true,"jetpack-related-posts":[{"id":1355,"url":"http:\/\/www.jojoenherbe.com\/index.php\/2015\/09\/01\/dans-le-verdon-en-voiture\/","url_meta":{"origin":2391,"position":0},"title":"Dans le Verdon en voiture","author":"Jojo","date":"1 septembre 2015","format":false,"excerpt":"Ce 30 ao\u00fbt 2015, nous nous levons t\u00f4t au camping de Sainte-Croix-du-Verdon, r\u00e9veill\u00e9s par les chants des oiseaux. Nous partons vers les Gorges du Verdon. Nous nous arr\u00eatons \u00e0 Salles-sur-Verdon pour nous renseigner aupr\u00e8s de l'Office du Tourisme et prendre un petit d\u00e9jeuner sur la terrasse d'une boulangerie de la\u2026","rel":"","context":"Dans &quot;Mini baladeur&quot;","block_context":{"text":"Mini baladeur","link":"http:\/\/www.jojoenherbe.com\/index.php\/category\/mini-crapahuteur\/mini-baladeur\/"},"img":{"alt_text":"","src":"https:\/\/i0.wp.com\/www.jojoenherbe.com\/wp-content\/uploads\/2015\/09\/Lac-de-Sainte-Croix-3.jpg?fit=1200%2C900&resize=350%2C200","width":350,"height":200,"srcset":"https:\/\/i0.wp.com\/www.jojoenherbe.com\/wp-content\/uploads\/2015\/09\/Lac-de-Sainte-Croix-3.jpg?fit=1200%2C900&resize=350%2C200 1x, https:\/\/i0.wp.com\/www.jojoenherbe.com\/wp-content\/uploads\/2015\/09\/Lac-de-Sainte-Croix-3.jpg?fit=1200%2C900&resize=525%2C300 1.5x, https:\/\/i0.wp.com\/www.jojoenherbe.com\/wp-content\/uploads\/2015\/09\/Lac-de-Sainte-Croix-3.jpg?fit=1200%2C900&resize=700%2C400 2x, https:\/\/i0.wp.com\/www.jojoenherbe.com\/wp-content\/uploads\/2015\/09\/Lac-de-Sainte-Croix-3.jpg?fit=1200%2C900&resize=1050%2C600 3x"},"classes":[]},{"id":23192,"url":"http:\/\/www.jojoenherbe.com\/index.php\/2022\/01\/04\/pause-nature-les-gorges-du-verdon\/","url_meta":{"origin":2391,"position":1},"title":"Pause Nature: les Gorges du Verdon","author":"Jojo","date":"4 janvier 2022","format":false,"excerpt":"En revenant de Sisteron et des gorges de la M\u00e9ouge, nous sommes pass\u00e9s par le plateau de Valensole avant de rejoindre les gorges du Verdon et le lac de Sainte-Croix le 19 d\u00e9cembre 2021. Au loin, nous pouvons voir au-dessus des champs de lavandes et des amandiers les Alpes enneig\u00e9es.\u2026","rel":"","context":"Dans &quot;Mini baladeur&quot;","block_context":{"text":"Mini baladeur","link":"http:\/\/www.jojoenherbe.com\/index.php\/category\/mini-crapahuteur\/mini-baladeur\/"},"img":{"alt_text":"","src":"https:\/\/i0.wp.com\/www.jojoenherbe.com\/wp-content\/uploads\/2022\/01\/Gorges-du-Verdon-6-scaled.jpg?fit=900%2C1200&resize=350%2C200","width":350,"height":200,"srcset":"https:\/\/i0.wp.com\/www.jojoenherbe.com\/wp-content\/uploads\/2022\/01\/Gorges-du-Verdon-6-scaled.jpg?fit=900%2C1200&resize=350%2C200 1x, https:\/\/i0.wp.com\/www.jojoenherbe.com\/wp-content\/uploads\/2022\/01\/Gorges-du-Verdon-6-scaled.jpg?fit=900%2C1200&resize=525%2C300 1.5x, https:\/\/i0.wp.com\/www.jojoenherbe.com\/wp-content\/uploads\/2022\/01\/Gorges-du-Verdon-6-scaled.jpg?fit=900%2C1200&resize=700%2C400 2x"},"classes":[]},{"id":1314,"url":"http:\/\/www.jojoenherbe.com\/index.php\/2015\/08\/31\/le-sentier-des-muletiers-lac-de-sainte-croix\/","url_meta":{"origin":2391,"position":2},"title":"Le sentier des Muletiers &#8211; lac de Sainte-Croix","author":"Jojo","date":"31 ao\u00fbt 2015","format":false,"excerpt":"Ce 29 ao\u00fbt 2015, nous sommes \u00e0 Sainte-Croix-du-Verdon et passons une bonne partie de la journ\u00e9e au bord du lac de Sainte-Croix. Apr\u00e8s avoir pass\u00e9 le camping et l'\u00e9cole de voile, nous marchons un peu avant de trouver un endroit ombrag\u00e9 pour \u00e9tendre nos serviettes. Nous ne sommes pas les\u2026","rel":"","context":"Dans &quot;Mini randonneur&quot;","block_context":{"text":"Mini randonneur","link":"http:\/\/www.jojoenherbe.com\/index.php\/category\/mini-crapahuteur\/mini-randonneur\/"},"img":{"alt_text":"","src":"https:\/\/i0.wp.com\/www.jojoenherbe.com\/wp-content\/uploads\/2015\/08\/Sentier-des-Muletiers-5.jpg?fit=1200%2C900&resize=350%2C200","width":350,"height":200,"srcset":"https:\/\/i0.wp.com\/www.jojoenherbe.com\/wp-content\/uploads\/2015\/08\/Sentier-des-Muletiers-5.jpg?fit=1200%2C900&resize=350%2C200 1x, https:\/\/i0.wp.com\/www.jojoenherbe.com\/wp-content\/uploads\/2015\/08\/Sentier-des-Muletiers-5.jpg?fit=1200%2C900&resize=525%2C300 1.5x, https:\/\/i0.wp.com\/www.jojoenherbe.com\/wp-content\/uploads\/2015\/08\/Sentier-des-Muletiers-5.jpg?fit=1200%2C900&resize=700%2C400 2x, https:\/\/i0.wp.com\/www.jojoenherbe.com\/wp-content\/uploads\/2015\/08\/Sentier-des-Muletiers-5.jpg?fit=1200%2C900&resize=1050%2C600 3x"},"classes":[]},{"id":1390,"url":"http:\/\/www.jojoenherbe.com\/index.php\/2009\/02\/28\/a-la-recherche-des-vautours-du-verdon\/","url_meta":{"origin":2391,"position":3},"title":"A la recherche des vautours du Verdon","author":"Jojo","date":"28 f\u00e9vrier 2009","format":false,"excerpt":"Ce 27 f\u00e9vrier 2009, nous nous garons sur le parking de Trigance. Il est d\u00e9j\u00e0 11 heures et nous nous dirigeons vers le GR49 en remontant la route principale de la commune puis par un sentier qui monte sur la gauche. Nous arrivons bient\u00f4t sur une plaine qui conduit au\u2026","rel":"","context":"Dans &quot;Mini randonneur&quot;","block_context":{"text":"Mini randonneur","link":"http:\/\/www.jojoenherbe.com\/index.php\/category\/mini-crapahuteur\/mini-randonneur\/"},"img":{"alt_text":"","src":"https:\/\/i0.wp.com\/www.jojoenherbe.com\/wp-content\/uploads\/2009\/02\/Gorges-du-Verdon.jpg?fit=1200%2C900&resize=350%2C200","width":350,"height":200,"srcset":"https:\/\/i0.wp.com\/www.jojoenherbe.com\/wp-content\/uploads\/2009\/02\/Gorges-du-Verdon.jpg?fit=1200%2C900&resize=350%2C200 1x, https:\/\/i0.wp.com\/www.jojoenherbe.com\/wp-content\/uploads\/2009\/02\/Gorges-du-Verdon.jpg?fit=1200%2C900&resize=525%2C300 1.5x, https:\/\/i0.wp.com\/www.jojoenherbe.com\/wp-content\/uploads\/2009\/02\/Gorges-du-Verdon.jpg?fit=1200%2C900&resize=700%2C400 2x, https:\/\/i0.wp.com\/www.jojoenherbe.com\/wp-content\/uploads\/2009\/02\/Gorges-du-Verdon.jpg?fit=1200%2C900&resize=1050%2C600 3x"},"classes":[]},{"id":19313,"url":"http:\/\/www.jojoenherbe.com\/index.php\/2021\/07\/31\/au-fil-des-pages-avec-le-parfum-des-grandes-vacances\/","url_meta":{"origin":2391,"position":4},"title":"Au fil des pages avec Le parfum des grandes vacances","author":"Jojo","date":"31 juillet 2021","format":false,"excerpt":"Je lis Le parfum des grandes vacances de Thibault Prugne (\u00e9d. Margot, 2019), un album jeunesse grand format \u00e0 partir de 6 ans.\u00a0 Une petite fille, Louise passe l\u2019\u00e9t\u00e9 chez P\u00e9p\u00e9 L\u00e9on son grand-p\u00e8re maternel, solitaire et excentrique, loin de la guerre. D'abord un peu intimid\u00e9e par son grand-p\u00e8re, elle\u2026","rel":"","context":"Dans &quot;Mini lecteur&quot;","block_context":{"text":"Mini lecteur","link":"http:\/\/www.jojoenherbe.com\/index.php\/category\/mini-lecteur\/"},"img":{"alt_text":"","src":"https:\/\/i0.wp.com\/www.jojoenherbe.com\/wp-content\/uploads\/2021\/07\/Le-parfum-des-grandes-vacances-scaled.jpg?fit=1200%2C900&resize=350%2C200","width":350,"height":200,"srcset":"https:\/\/i0.wp.com\/www.jojoenherbe.com\/wp-content\/uploads\/2021\/07\/Le-parfum-des-grandes-vacances-scaled.jpg?fit=1200%2C900&resize=350%2C200 1x, https:\/\/i0.wp.com\/www.jojoenherbe.com\/wp-content\/uploads\/2021\/07\/Le-parfum-des-grandes-vacances-scaled.jpg?fit=1200%2C900&resize=525%2C300 1.5x, https:\/\/i0.wp.com\/www.jojoenherbe.com\/wp-content\/uploads\/2021\/07\/Le-parfum-des-grandes-vacances-scaled.jpg?fit=1200%2C900&resize=700%2C400 2x, https:\/\/i0.wp.com\/www.jojoenherbe.com\/wp-content\/uploads\/2021\/07\/Le-parfum-des-grandes-vacances-scaled.jpg?fit=1200%2C900&resize=1050%2C600 3x"},"classes":[]},{"id":875,"url":"http:\/\/www.jojoenherbe.com\/index.php\/2009\/08\/26\/de-royan-a-soulac-sur-mer-a-velo\/","url_meta":{"origin":2391,"position":5},"title":"De Royan \u00e0 Soulac-sur-Mer \u00e0 v\u00e9lo","author":"Jojo","date":"26 ao\u00fbt 2009","format":false,"excerpt":"Ce 19 ao\u00fbt 2009, nous partons \u00e0 v\u00e9lo pour prendre le bac-ferry Royan-Le Verdon. Nous ne faisons que quelques minutes de v\u00e9lo pour gagner la rue de la Galiote o\u00f9 nous attend le point d'embarquement de Royan. Nous embarquons avec nos v\u00e9los. Par cette travers\u00e9e de l'estuaire de la Gironde,\u2026","rel":"","context":"Dans &quot;Mini baladeur&quot;","block_context":{"text":"Mini baladeur","link":"http:\/\/www.jojoenherbe.com\/index.php\/category\/mini-crapahuteur\/mini-baladeur\/"},"img":{"alt_text":"","src":"https:\/\/i0.wp.com\/www.jojoenherbe.com\/wp-content\/uploads\/2009\/08\/Royan-Soulac-sur-Mer-4.jpg?fit=1200%2C840&resize=350%2C200","width":350,"height":200,"srcset":"https:\/\/i0.wp.com\/www.jojoenherbe.com\/wp-content\/uploads\/2009\/08\/Royan-Soulac-sur-Mer-4.jpg?fit=1200%2C840&resize=350%2C200 1x, https:\/\/i0.wp.com\/www.jojoenherbe.com\/wp-content\/uploads\/2009\/08\/Royan-Soulac-sur-Mer-4.jpg?fit=1200%2C840&resize=525%2C300 1.5x, https:\/\/i0.wp.com\/www.jojoenherbe.com\/wp-content\/uploads\/2009\/08\/Royan-Soulac-sur-Mer-4.jpg?fit=1200%2C840&resize=700%2C400 2x, https:\/\/i0.wp.com\/www.jojoenherbe.com\/wp-content\/uploads\/2009\/08\/Royan-Soulac-sur-Mer-4.jpg?fit=1200%2C840&resize=1050%2C600 3x"},"classes":[]}],"_links":{"self":[{"href":"http:\/\/www.jojoenherbe.com\/index.php\/wp-json\/wp\/v2\/posts\/2391","targetHints":{"allow":["GET"]}}],"collection":[{"href":"http:\/\/www.jojoenherbe.com\/index.php\/wp-json\/wp\/v2\/posts"}],"about":[{"href":"http:\/\/www.jojoenherbe.com\/index.php\/wp-json\/wp\/v2\/types\/post"}],"author":[{"embeddable":true,"href":"http:\/\/www.jojoenherbe.com\/index.php\/wp-json\/wp\/v2\/users\/1"}],"replies":[{"embeddable":true,"href":"http:\/\/www.jojoenherbe.com\/index.php\/wp-json\/wp\/v2\/comments?post=2391"}],"version-history":[{"count":0,"href":"http:\/\/www.jojoenherbe.com\/index.php\/wp-json\/wp\/v2\/posts\/2391\/revisions"}],"wp:featuredmedia":[{"embeddable":true,"href":"http:\/\/www.jojoenherbe.com\/index.php\/wp-json\/wp\/v2\/media\/2404"}],"wp:attachment":[{"href":"http:\/\/www.jojoenherbe.com\/index.php\/wp-json\/wp\/v2\/media?parent=2391"}],"wp:term":[{"taxonomy":"category","embeddable":true,"href":"http:\/\/www.jojoenherbe.com\/index.php\/wp-json\/wp\/v2\/categories?post=2391"},{"taxonomy":"post_tag","embeddable":true,"href":"http:\/\/www.jojoenherbe.com\/index.php\/wp-json\/wp\/v2\/tags?post=2391"}],"curies":[{"name":"wp","href":"https:\/\/api.w.org\/{rel}","templated":true}]}}