{"id":23753,"date":"2022-02-04T14:56:36","date_gmt":"2022-02-04T13:56:36","guid":{"rendered":"https:\/\/www.jojoenherbe.com\/?p=23753"},"modified":"2022-02-04T14:56:36","modified_gmt":"2022-02-04T13:56:36","slug":"au-fil-des-pages-avec-le-livre-que-personne-ne-lisait","status":"publish","type":"post","link":"http:\/\/www.jojoenherbe.com\/index.php\/2022\/02\/04\/au-fil-des-pages-avec-le-livre-que-personne-ne-lisait\/","title":{"rendered":"Au fil des pages avec Le livre que personne ne lisait"},"content":{"rendered":"<p style=\"text-align: justify;\"><em><a href=\"https:\/\/i0.wp.com\/www.jojoenherbe.com\/wp-content\/uploads\/2022\/02\/Le-livre-que-personne-ne-lisait-2-scaled.jpg\"><img data-recalc-dims=\"1\" loading=\"lazy\" decoding=\"async\" data-attachment-id=\"23873\" data-permalink=\"http:\/\/www.jojoenherbe.com\/index.php\/2022\/02\/04\/au-fil-des-pages-avec-le-livre-que-personne-ne-lisait\/le-livre-que-personne-ne-lisait-2\/\" data-orig-file=\"https:\/\/i0.wp.com\/www.jojoenherbe.com\/wp-content\/uploads\/2022\/02\/Le-livre-que-personne-ne-lisait-2-scaled.jpg?fit=2560%2C1920\" data-orig-size=\"2560,1920\" data-comments-opened=\"1\" data-image-meta=\"{&quot;aperture&quot;:&quot;1.8&quot;,&quot;credit&quot;:&quot;&quot;,&quot;camera&quot;:&quot;iPhone 7&quot;,&quot;caption&quot;:&quot;&quot;,&quot;created_timestamp&quot;:&quot;1641903118&quot;,&quot;copyright&quot;:&quot;&quot;,&quot;focal_length&quot;:&quot;3.99&quot;,&quot;iso&quot;:&quot;80&quot;,&quot;shutter_speed&quot;:&quot;0.058823529411765&quot;,&quot;title&quot;:&quot;&quot;,&quot;orientation&quot;:&quot;1&quot;}\" data-image-title=\"Le livre que personne ne lisait 2\" data-image-description=\"\" data-image-caption=\"\" data-large-file=\"https:\/\/i0.wp.com\/www.jojoenherbe.com\/wp-content\/uploads\/2022\/02\/Le-livre-que-personne-ne-lisait-2-scaled.jpg?fit=676%2C507\" class=\"alignleft size-thumbnail wp-image-23873\" src=\"https:\/\/i0.wp.com\/www.jojoenherbe.com\/wp-content\/uploads\/2022\/02\/Le-livre-que-personne-ne-lisait-2.jpg?resize=150%2C150\" alt=\"\" width=\"150\" height=\"150\" srcset=\"https:\/\/i0.wp.com\/www.jojoenherbe.com\/wp-content\/uploads\/2022\/02\/Le-livre-que-personne-ne-lisait-2-scaled.jpg?resize=150%2C150 150w, https:\/\/i0.wp.com\/www.jojoenherbe.com\/wp-content\/uploads\/2022\/02\/Le-livre-que-personne-ne-lisait-2-scaled.jpg?zoom=2&amp;resize=150%2C150 300w, https:\/\/i0.wp.com\/www.jojoenherbe.com\/wp-content\/uploads\/2022\/02\/Le-livre-que-personne-ne-lisait-2-scaled.jpg?zoom=3&amp;resize=150%2C150 450w\" sizes=\"auto, (max-width: 150px) 100vw, 150px\" \/><\/a> <a href=\"https:\/\/i0.wp.com\/www.jojoenherbe.com\/wp-content\/uploads\/2022\/02\/Le-livre-que-personne-ne-lisait-3-scaled.jpg\"><img data-recalc-dims=\"1\" loading=\"lazy\" decoding=\"async\" data-attachment-id=\"23874\" data-permalink=\"http:\/\/www.jojoenherbe.com\/index.php\/2022\/02\/04\/au-fil-des-pages-avec-le-livre-que-personne-ne-lisait\/le-livre-que-personne-ne-lisait-3\/\" data-orig-file=\"https:\/\/i0.wp.com\/www.jojoenherbe.com\/wp-content\/uploads\/2022\/02\/Le-livre-que-personne-ne-lisait-3-scaled.jpg?fit=2560%2C1920\" data-orig-size=\"2560,1920\" data-comments-opened=\"1\" data-image-meta=\"{&quot;aperture&quot;:&quot;1.8&quot;,&quot;credit&quot;:&quot;&quot;,&quot;camera&quot;:&quot;iPhone 7&quot;,&quot;caption&quot;:&quot;&quot;,&quot;created_timestamp&quot;:&quot;1641903132&quot;,&quot;copyright&quot;:&quot;&quot;,&quot;focal_length&quot;:&quot;3.99&quot;,&quot;iso&quot;:&quot;100&quot;,&quot;shutter_speed&quot;:&quot;0.058823529411765&quot;,&quot;title&quot;:&quot;&quot;,&quot;orientation&quot;:&quot;1&quot;}\" data-image-title=\"Le livre que personne ne lisait 3\" data-image-description=\"\" data-image-caption=\"\" data-large-file=\"https:\/\/i0.wp.com\/www.jojoenherbe.com\/wp-content\/uploads\/2022\/02\/Le-livre-que-personne-ne-lisait-3-scaled.jpg?fit=676%2C507\" class=\"alignleft size-thumbnail wp-image-23874\" src=\"https:\/\/i0.wp.com\/www.jojoenherbe.com\/wp-content\/uploads\/2022\/02\/Le-livre-que-personne-ne-lisait-3.jpg?resize=150%2C150\" alt=\"\" width=\"150\" height=\"150\" srcset=\"https:\/\/i0.wp.com\/www.jojoenherbe.com\/wp-content\/uploads\/2022\/02\/Le-livre-que-personne-ne-lisait-3-scaled.jpg?resize=150%2C150 150w, https:\/\/i0.wp.com\/www.jojoenherbe.com\/wp-content\/uploads\/2022\/02\/Le-livre-que-personne-ne-lisait-3-scaled.jpg?zoom=2&amp;resize=150%2C150 300w, https:\/\/i0.wp.com\/www.jojoenherbe.com\/wp-content\/uploads\/2022\/02\/Le-livre-que-personne-ne-lisait-3-scaled.jpg?zoom=3&amp;resize=150%2C150 450w\" sizes=\"auto, (max-width: 150px) 100vw, 150px\" \/><\/a>Nous avons lu <span style=\"text-decoration: underline;\">Le livre que personne ne lisait<\/span> de Carolina Rabei (\u00e9d. Circonflexe, 2016), un album jeunesse \u00e0 partir de 4 ans. Tr\u00e8s triste, R\u00e9mi est un livre de la biblioth\u00e8que qui n&rsquo;a jamais \u00e9t\u00e9 lu ni emprunt\u00e9 jusqu&rsquo;\u00e0 ce qu&rsquo;un jeune gar\u00e7on Jacques qui d&rsquo;habitude passe son temps \u00e0 dessiner plut\u00f4t qu&rsquo;\u00e0 lire le rep\u00e8re, gr\u00e2ce \u00e0 l&rsquo;aide des autres livres de la biblioth\u00e8que. R\u00e9mi va-t-il pouvoir d\u00e9couvrir ce qu&rsquo;il est?<br \/>\n<\/em><\/p>\n<p style=\"text-align: justify;\"><em><a href=\"https:\/\/i0.wp.com\/www.jojoenherbe.com\/wp-content\/uploads\/2022\/02\/Le-livre-que-personne-ne-lisait-5-scaled.jpg\"><img data-recalc-dims=\"1\" loading=\"lazy\" decoding=\"async\" data-attachment-id=\"23876\" data-permalink=\"http:\/\/www.jojoenherbe.com\/index.php\/2022\/02\/04\/au-fil-des-pages-avec-le-livre-que-personne-ne-lisait\/le-livre-que-personne-ne-lisait-5\/\" data-orig-file=\"https:\/\/i0.wp.com\/www.jojoenherbe.com\/wp-content\/uploads\/2022\/02\/Le-livre-que-personne-ne-lisait-5-scaled.jpg?fit=1920%2C2560\" data-orig-size=\"1920,2560\" data-comments-opened=\"1\" data-image-meta=\"{&quot;aperture&quot;:&quot;1.8&quot;,&quot;credit&quot;:&quot;&quot;,&quot;camera&quot;:&quot;iPhone 7&quot;,&quot;caption&quot;:&quot;&quot;,&quot;created_timestamp&quot;:&quot;1641903168&quot;,&quot;copyright&quot;:&quot;&quot;,&quot;focal_length&quot;:&quot;3.99&quot;,&quot;iso&quot;:&quot;64&quot;,&quot;shutter_speed&quot;:&quot;0.058823529411765&quot;,&quot;title&quot;:&quot;&quot;,&quot;orientation&quot;:&quot;1&quot;}\" data-image-title=\"Le livre que personne ne lisait 5\" data-image-description=\"\" data-image-caption=\"\" data-large-file=\"https:\/\/i0.wp.com\/www.jojoenherbe.com\/wp-content\/uploads\/2022\/02\/Le-livre-que-personne-ne-lisait-5-scaled.jpg?fit=676%2C901\" class=\"size-thumbnail wp-image-23876 alignright\" src=\"https:\/\/i0.wp.com\/www.jojoenherbe.com\/wp-content\/uploads\/2022\/02\/Le-livre-que-personne-ne-lisait-5.jpg?resize=150%2C150\" alt=\"\" width=\"150\" height=\"150\" srcset=\"https:\/\/i0.wp.com\/www.jojoenherbe.com\/wp-content\/uploads\/2022\/02\/Le-livre-que-personne-ne-lisait-5-scaled.jpg?resize=150%2C150 150w, https:\/\/i0.wp.com\/www.jojoenherbe.com\/wp-content\/uploads\/2022\/02\/Le-livre-que-personne-ne-lisait-5-scaled.jpg?zoom=2&amp;resize=150%2C150 300w, https:\/\/i0.wp.com\/www.jojoenherbe.com\/wp-content\/uploads\/2022\/02\/Le-livre-que-personne-ne-lisait-5-scaled.jpg?zoom=3&amp;resize=150%2C150 450w\" sizes=\"auto, (max-width: 150px) 100vw, 150px\" \/><\/a> <a href=\"https:\/\/i0.wp.com\/www.jojoenherbe.com\/wp-content\/uploads\/2022\/02\/Le-livre-que-personne-ne-lisait-4-scaled.jpg\"><img data-recalc-dims=\"1\" loading=\"lazy\" decoding=\"async\" data-attachment-id=\"23875\" data-permalink=\"http:\/\/www.jojoenherbe.com\/index.php\/2022\/02\/04\/au-fil-des-pages-avec-le-livre-que-personne-ne-lisait\/le-livre-que-personne-ne-lisait-4\/\" data-orig-file=\"https:\/\/i0.wp.com\/www.jojoenherbe.com\/wp-content\/uploads\/2022\/02\/Le-livre-que-personne-ne-lisait-4-scaled.jpg?fit=2560%2C1920\" data-orig-size=\"2560,1920\" data-comments-opened=\"1\" data-image-meta=\"{&quot;aperture&quot;:&quot;1.8&quot;,&quot;credit&quot;:&quot;&quot;,&quot;camera&quot;:&quot;iPhone 7&quot;,&quot;caption&quot;:&quot;&quot;,&quot;created_timestamp&quot;:&quot;1641903161&quot;,&quot;copyright&quot;:&quot;&quot;,&quot;focal_length&quot;:&quot;3.99&quot;,&quot;iso&quot;:&quot;64&quot;,&quot;shutter_speed&quot;:&quot;0.058823529411765&quot;,&quot;title&quot;:&quot;&quot;,&quot;orientation&quot;:&quot;1&quot;}\" data-image-title=\"Le livre que personne ne lisait 4\" data-image-description=\"\" data-image-caption=\"\" data-large-file=\"https:\/\/i0.wp.com\/www.jojoenherbe.com\/wp-content\/uploads\/2022\/02\/Le-livre-que-personne-ne-lisait-4-scaled.jpg?fit=676%2C507\" class=\"size-thumbnail wp-image-23875 alignright\" src=\"https:\/\/i0.wp.com\/www.jojoenherbe.com\/wp-content\/uploads\/2022\/02\/Le-livre-que-personne-ne-lisait-4.jpg?resize=150%2C150\" alt=\"\" width=\"150\" height=\"150\" srcset=\"https:\/\/i0.wp.com\/www.jojoenherbe.com\/wp-content\/uploads\/2022\/02\/Le-livre-que-personne-ne-lisait-4-scaled.jpg?resize=150%2C150 150w, https:\/\/i0.wp.com\/www.jojoenherbe.com\/wp-content\/uploads\/2022\/02\/Le-livre-que-personne-ne-lisait-4-scaled.jpg?zoom=2&amp;resize=150%2C150 300w, https:\/\/i0.wp.com\/www.jojoenherbe.com\/wp-content\/uploads\/2022\/02\/Le-livre-que-personne-ne-lisait-4-scaled.jpg?zoom=3&amp;resize=150%2C150 450w\" sizes=\"auto, (max-width: 150px) 100vw, 150px\" \/><\/a>Il y est question du plaisir de lire et de la joie \u00e0 transmettre une passion, ici celle d&rsquo;un jeune gar\u00e7on passionn\u00e9 de dinosaures. C&rsquo;est aussi une bien belle mise en avant des biblioth\u00e8ques\/m\u00e9diath\u00e8ques comme lieu de vie et d&rsquo;\u00e9changes livresques. Qui sait, peut-\u00eatre que des jeunes curieux iront v\u00e9rifier tard le soir si les livres s&rsquo;animent comme dans l&rsquo;histoire ou bien qu&rsquo;ils tomberont sur une petite merveille livresque au d\u00e9tour des rayonnages? Un tr\u00e8s bon moment de lecture avec cet album jeunesse joliment illustr\u00e9!<\/em><\/p>\n<div style=\"width: 122px\" class=\"wp-caption alignleft\"><img loading=\"lazy\" decoding=\"async\" src=\"https:\/\/lh3.googleusercontent.com\/pw\/AM-JKLW-8Xy9BIRqinPzrRBz2J2pSlRnlFIwPEKmmv1zpAf3DZoC0nJGqVPx8b0ycvPVte06hr4gaDsphFfyIzipAAW1MPEwEpWUpvmIVdN6H4fs8knOaKBdlyDoMp3hCYeWKD_2Ax2fVRZYrtgs4qzmpYdYpQ=w285-h217-no?authuser=1\" alt=\"\" width=\"112\" height=\"85\" \/><p class=\"wp-caption-text\">Challenge Petit Bac d\u2019<a href=\"https:\/\/ennalit.wordpress.com\/2021\/12\/01\/challenge-petit-bac-2022-qui-veut-jouer\/\">Enna<\/a> #1 Cat\u00e9gorie Objet: \u00ab Livre \u00bb<\/p><\/div>\n<div style=\"width: 134px\" class=\"wp-caption alignleft\"><img loading=\"lazy\" decoding=\"async\" src=\"https:\/\/i2.wp.com\/mapetitemediatheque.fr\/wp-content\/uploads\/2021\/11\/Inkedle-tour-du-monde-en-80-livres-2_LI.jpg?resize=168%2C127&amp;ssl=1\" alt=\"\" width=\"124\" height=\"94\" \/><p class=\"wp-caption-text\">Participation #8 Challenge Le tour du monde en 80 livres de <a href=\"https:\/\/mapetitemediatheque.fr\/2021\/12\/le-tour-du-monde-en-80-livres-le-challenge-qui-vous-fait-aimer-la-litterature-etrangere\/\">Bidib<\/a> #Royaume-Uni (autrice n\u00e9e en Moldavie et de nationalit\u00e9 britannique)<\/p><\/div>\n","protected":false},"excerpt":{"rendered":"<p>Nous avons lu Le livre que personne ne lisait de Carolina Rabei (\u00e9d. Circonflexe, 2016), un album jeunesse \u00e0 partir de 4 ans. Tr\u00e8s triste, R\u00e9mi est un livre de la biblioth\u00e8que qui n&rsquo;a jamais \u00e9t\u00e9 lu ni emprunt\u00e9 jusqu&rsquo;\u00e0 ce qu&rsquo;un jeune gar\u00e7on Jacques qui d&rsquo;habitude passe son temps \u00e0 dessiner plut\u00f4t qu&rsquo;\u00e0 lire [&hellip;]<\/p>\n","protected":false},"author":1,"featured_media":23877,"comment_status":"open","ping_status":"open","sticky":false,"template":"","format":"standard","meta":{"jetpack_post_was_ever_published":false,"_jetpack_newsletter_access":"","_jetpack_dont_email_post_to_subs":false,"_jetpack_newsletter_tier_id":0,"_jetpack_memberships_contains_paywalled_content":false,"_jetpack_memberships_contains_paid_content":false,"footnotes":""},"categories":[363],"tags":[1031,409,2114,2633,2915,771,703,2918,367,382,451,702,738,737],"class_list":["post-23753","post","type-post","status-publish","format-standard","has-post-thumbnail","hentry","category-mini-lecteur","tag-4-7-ans","tag-albums-jeunesse","tag-bibliotheque","tag-carolina-rabei","tag-challenge-petit-bac-2022","tag-dinosaure","tag-garcon","tag-le-tour-du-monde-en-80-livres-2022","tag-lecture-jeunesse","tag-livres","tag-partage","tag-passion","tag-plaisir-de-lire","tag-transmission","post-preview"],"jetpack_featured_media_url":"https:\/\/i0.wp.com\/www.jojoenherbe.com\/wp-content\/uploads\/2022\/02\/Le-livre-que-personne-ne-lisait-scaled.jpg?fit=2560%2C1920","jetpack_sharing_enabled":true,"jetpack_shortlink":"https:\/\/wp.me\/p9zhGx-6b7","jetpack_likes_enabled":true,"jetpack-related-posts":[{"id":19338,"url":"http:\/\/www.jojoenherbe.com\/index.php\/2021\/06\/23\/au-fil-des-pages-avec-croc-croc-ne-veut-pas-partager\/","url_meta":{"origin":23753,"position":0},"title":"Au fil des pages avec Croc-Croc ne veut pas partager!","author":"Jojo","date":"23 juin 2021","format":false,"excerpt":"Avec sa couverture rafra\u00eechissante et qui donne le ton de l'album, j'ai emprunt\u00e9 \u00e0 la m\u00e9diath\u00e8que Croc-Croc ne veut pas partager! de Carolina Rabei (\u00e9d. Circonflexe, 2016), un album jeunesse \u00e0 partir de 3 ans. Nous le lisons ces derni\u00e8res semaines tr\u00e8s souvent. Alors qu'il passe son temps \u00e0 manger\u2026","rel":"","context":"Dans &quot;Mini lecteur&quot;","block_context":{"text":"Mini lecteur","link":"http:\/\/www.jojoenherbe.com\/index.php\/category\/mini-lecteur\/"},"img":{"alt_text":"","src":"https:\/\/i0.wp.com\/www.jojoenherbe.com\/wp-content\/uploads\/2021\/06\/Croc-Croc-ne-veut-pas-partager-scaled.jpg?fit=1200%2C991&resize=350%2C200","width":350,"height":200,"srcset":"https:\/\/i0.wp.com\/www.jojoenherbe.com\/wp-content\/uploads\/2021\/06\/Croc-Croc-ne-veut-pas-partager-scaled.jpg?fit=1200%2C991&resize=350%2C200 1x, https:\/\/i0.wp.com\/www.jojoenherbe.com\/wp-content\/uploads\/2021\/06\/Croc-Croc-ne-veut-pas-partager-scaled.jpg?fit=1200%2C991&resize=525%2C300 1.5x, https:\/\/i0.wp.com\/www.jojoenherbe.com\/wp-content\/uploads\/2021\/06\/Croc-Croc-ne-veut-pas-partager-scaled.jpg?fit=1200%2C991&resize=700%2C400 2x, https:\/\/i0.wp.com\/www.jojoenherbe.com\/wp-content\/uploads\/2021\/06\/Croc-Croc-ne-veut-pas-partager-scaled.jpg?fit=1200%2C991&resize=1050%2C600 3x"},"classes":[]},{"id":38553,"url":"http:\/\/www.jojoenherbe.com\/index.php\/2025\/03\/06\/throwback-thursday-livresque-un-livre-sur-la-couverture\/","url_meta":{"origin":23753,"position":1},"title":"Throwback Thursday Livresque: Un livre sur la couverture","author":"Jojo","date":"6 mars 2025","format":false,"excerpt":"Ce jeudi 6 mars 2025, je participe au Throwback Thursday Livresque, un rendez-vous livresque initialement chez Bettie Rose Books et repris depuis par Carole, les liens \u00e9tant \u00e0 d\u00e9poser chez My-Bo0ks. Le principe est de partager chaque jeudi un livre en fonction d\u2019un th\u00e8me donn\u00e9. Cette semaine, le th\u00e8me est\u2026","rel":"","context":"Dans &quot;Mini blogueur&quot;","block_context":{"text":"Mini blogueur","link":"http:\/\/www.jojoenherbe.com\/index.php\/category\/mini-blogueur\/"},"img":{"alt_text":"","src":"https:\/\/i0.wp.com\/www.jojoenherbe.com\/wp-content\/uploads\/2023\/10\/TTL-logo.jpg?resize=350%2C200","width":350,"height":200},"classes":[]},{"id":16157,"url":"http:\/\/www.jojoenherbe.com\/index.php\/2021\/03\/02\/au-fil-des-pages-avec-le-voleur-dhistoires\/","url_meta":{"origin":23753,"position":2},"title":"Au fil des pages avec Le voleur d&rsquo;histoires","author":"Jojo","date":"2 mars 2021","format":false,"excerpt":"Nous lisons Le voleur d'histoires de Graham Carter (\u00e9d. Kimane, f\u00e9vrier 2021, 36 pages), un album jeunesse \u00e0 partir de 3 ans. Alors qu'elle se rend par bateau avec son p\u00e8re \u00e0 la biblioth\u00e8que, Olivia, une petite fille perd un de ses livres dans l'eau. Ce livre r\u00e9veille un poulpe\u2026","rel":"","context":"Dans &quot;Mini lecteur&quot;","block_context":{"text":"Mini lecteur","link":"http:\/\/www.jojoenherbe.com\/index.php\/category\/mini-lecteur\/"},"img":{"alt_text":"","src":"https:\/\/i0.wp.com\/www.jojoenherbe.com\/wp-content\/uploads\/2021\/03\/Le-voleur-dhistoires-2-scaled.jpg?fit=1200%2C900&resize=350%2C200","width":350,"height":200,"srcset":"https:\/\/i0.wp.com\/www.jojoenherbe.com\/wp-content\/uploads\/2021\/03\/Le-voleur-dhistoires-2-scaled.jpg?fit=1200%2C900&resize=350%2C200 1x, https:\/\/i0.wp.com\/www.jojoenherbe.com\/wp-content\/uploads\/2021\/03\/Le-voleur-dhistoires-2-scaled.jpg?fit=1200%2C900&resize=525%2C300 1.5x, https:\/\/i0.wp.com\/www.jojoenherbe.com\/wp-content\/uploads\/2021\/03\/Le-voleur-dhistoires-2-scaled.jpg?fit=1200%2C900&resize=700%2C400 2x, https:\/\/i0.wp.com\/www.jojoenherbe.com\/wp-content\/uploads\/2021\/03\/Le-voleur-dhistoires-2-scaled.jpg?fit=1200%2C900&resize=1050%2C600 3x"},"classes":[]},{"id":6634,"url":"http:\/\/www.jojoenherbe.com\/index.php\/2019\/07\/07\/au-fil-des-pages-avec-la-montagne-de-livres\/","url_meta":{"origin":23753,"position":3},"title":"Au fil des pages avec La montagne de livres","author":"Jojo","date":"7 juillet 2019","format":false,"excerpt":"Apr\u00e8s avoir appr\u00e9ci\u00e9 De quelle couleur sont les bisous?, nous empruntons \u00e0 la biblioth\u00e8que La montagne de livres de Rocio Bonilla (\u00e9d. P\u00e8re Fouettard, 2017). Les illustrations sont aussi craquantes que dans l'autre album. Cette fois-ci, nous suivons la passion naissante d'un petit gar\u00e7on pour la lecture. Lucas, le petit\u2026","rel":"","context":"Dans &quot;Mini lecteur&quot;","block_context":{"text":"Mini lecteur","link":"http:\/\/www.jojoenherbe.com\/index.php\/category\/mini-lecteur\/"},"img":{"alt_text":"","src":"https:\/\/i0.wp.com\/www.jojoenherbe.com\/wp-content\/uploads\/2019\/07\/La-montagne-de-livres.jpg?fit=1200%2C1090&resize=350%2C200","width":350,"height":200,"srcset":"https:\/\/i0.wp.com\/www.jojoenherbe.com\/wp-content\/uploads\/2019\/07\/La-montagne-de-livres.jpg?fit=1200%2C1090&resize=350%2C200 1x, https:\/\/i0.wp.com\/www.jojoenherbe.com\/wp-content\/uploads\/2019\/07\/La-montagne-de-livres.jpg?fit=1200%2C1090&resize=525%2C300 1.5x, https:\/\/i0.wp.com\/www.jojoenherbe.com\/wp-content\/uploads\/2019\/07\/La-montagne-de-livres.jpg?fit=1200%2C1090&resize=700%2C400 2x, https:\/\/i0.wp.com\/www.jojoenherbe.com\/wp-content\/uploads\/2019\/07\/La-montagne-de-livres.jpg?fit=1200%2C1090&resize=1050%2C600 3x"},"classes":[]},{"id":41643,"url":"http:\/\/www.jojoenherbe.com\/index.php\/2025\/12\/12\/point-lecture-hebdomadaire-2025-49\/","url_meta":{"origin":23753,"position":4},"title":"Point lecture hebdomadaire 2025 #49","author":"Jojo","date":"12 d\u00e9cembre 2025","format":false,"excerpt":"En cette fin de semaine, voici mon point lecture hebdomadaire avec un retour sur nos lectures (mais pas nos relectures) de la semaine derni\u00e8re au cours de laquelle nous avons commenc\u00e9 nos lectures de No\u00ebl, avec deux livres de l'Avent qui vont nous accompagner chaque soir jusqu'\u00e0 No\u00ebl: La BD\u2026","rel":"","context":"Dans &quot;Mini blogueur&quot;","block_context":{"text":"Mini blogueur","link":"http:\/\/www.jojoenherbe.com\/index.php\/category\/mini-blogueur\/"},"img":{"alt_text":"","src":"https:\/\/i0.wp.com\/www.jojoenherbe.com\/wp-content\/uploads\/2025\/12\/Point-lecture-hebdo-2025-49-scaled.jpg?fit=1200%2C844&resize=350%2C200","width":350,"height":200,"srcset":"https:\/\/i0.wp.com\/www.jojoenherbe.com\/wp-content\/uploads\/2025\/12\/Point-lecture-hebdo-2025-49-scaled.jpg?fit=1200%2C844&resize=350%2C200 1x, https:\/\/i0.wp.com\/www.jojoenherbe.com\/wp-content\/uploads\/2025\/12\/Point-lecture-hebdo-2025-49-scaled.jpg?fit=1200%2C844&resize=525%2C300 1.5x, https:\/\/i0.wp.com\/www.jojoenherbe.com\/wp-content\/uploads\/2025\/12\/Point-lecture-hebdo-2025-49-scaled.jpg?fit=1200%2C844&resize=700%2C400 2x, https:\/\/i0.wp.com\/www.jojoenherbe.com\/wp-content\/uploads\/2025\/12\/Point-lecture-hebdo-2025-49-scaled.jpg?fit=1200%2C844&resize=1050%2C600 3x"},"classes":[]},{"id":41658,"url":"http:\/\/www.jojoenherbe.com\/index.php\/2025\/12\/08\/au-fil-des-pages-avec-la-chasse-aux-livres-de-noel\/","url_meta":{"origin":23753,"position":5},"title":"Au fil des pages avec La chasse aux livres de No\u00ebl","author":"Jojo","date":"8 d\u00e9cembre 2025","format":false,"excerpt":"En commen\u00e7ant la lecture de La biblioth\u00e8que secr\u00e8te de No\u00ebl, j'ai eu l'impression d'avoir affaire \u00e0 une suite et non un premier opus, tant les deux protagonistes \u00e9taient en froid apr\u00e8s une premi\u00e8re enqu\u00eate \u00e0 laquelle le lecteur est sans cesse renvoy\u00e9. J'ai donc arr\u00eat\u00e9 ma lecture pour lire, en\u2026","rel":"","context":"Dans &quot;Mini lecteur&quot;","block_context":{"text":"Mini lecteur","link":"http:\/\/www.jojoenherbe.com\/index.php\/category\/mini-lecteur\/"},"img":{"alt_text":"","src":"https:\/\/i0.wp.com\/www.jojoenherbe.com\/wp-content\/uploads\/2025\/12\/La-chasse-aux-livres-de-Noel.jpg?fit=750%2C1192&resize=350%2C200","width":350,"height":200,"srcset":"https:\/\/i0.wp.com\/www.jojoenherbe.com\/wp-content\/uploads\/2025\/12\/La-chasse-aux-livres-de-Noel.jpg?fit=750%2C1192&resize=350%2C200 1x, https:\/\/i0.wp.com\/www.jojoenherbe.com\/wp-content\/uploads\/2025\/12\/La-chasse-aux-livres-de-Noel.jpg?fit=750%2C1192&resize=525%2C300 1.5x, https:\/\/i0.wp.com\/www.jojoenherbe.com\/wp-content\/uploads\/2025\/12\/La-chasse-aux-livres-de-Noel.jpg?fit=750%2C1192&resize=700%2C400 2x"},"classes":[]}],"_links":{"self":[{"href":"http:\/\/www.jojoenherbe.com\/index.php\/wp-json\/wp\/v2\/posts\/23753","targetHints":{"allow":["GET"]}}],"collection":[{"href":"http:\/\/www.jojoenherbe.com\/index.php\/wp-json\/wp\/v2\/posts"}],"about":[{"href":"http:\/\/www.jojoenherbe.com\/index.php\/wp-json\/wp\/v2\/types\/post"}],"author":[{"embeddable":true,"href":"http:\/\/www.jojoenherbe.com\/index.php\/wp-json\/wp\/v2\/users\/1"}],"replies":[{"embeddable":true,"href":"http:\/\/www.jojoenherbe.com\/index.php\/wp-json\/wp\/v2\/comments?post=23753"}],"version-history":[{"count":0,"href":"http:\/\/www.jojoenherbe.com\/index.php\/wp-json\/wp\/v2\/posts\/23753\/revisions"}],"wp:featuredmedia":[{"embeddable":true,"href":"http:\/\/www.jojoenherbe.com\/index.php\/wp-json\/wp\/v2\/media\/23877"}],"wp:attachment":[{"href":"http:\/\/www.jojoenherbe.com\/index.php\/wp-json\/wp\/v2\/media?parent=23753"}],"wp:term":[{"taxonomy":"category","embeddable":true,"href":"http:\/\/www.jojoenherbe.com\/index.php\/wp-json\/wp\/v2\/categories?post=23753"},{"taxonomy":"post_tag","embeddable":true,"href":"http:\/\/www.jojoenherbe.com\/index.php\/wp-json\/wp\/v2\/tags?post=23753"}],"curies":[{"name":"wp","href":"https:\/\/api.w.org\/{rel}","templated":true}]}}