{"id":23590,"date":"2022-01-11T14:47:00","date_gmt":"2022-01-11T13:47:00","guid":{"rendered":"https:\/\/www.jojoenherbe.com\/?p=23590"},"modified":"2022-02-03T12:57:22","modified_gmt":"2022-02-03T11:57:22","slug":"au-fil-des-pages-avec-la-legende-du-chien-noir","status":"publish","type":"post","link":"http:\/\/www.jojoenherbe.com\/index.php\/2022\/01\/11\/au-fil-des-pages-avec-la-legende-du-chien-noir\/","title":{"rendered":"Au fil des pages avec La l\u00e9gende du chien noir"},"content":{"rendered":"<p style=\"text-align: justify;\"><em><a href=\"https:\/\/i0.wp.com\/www.jojoenherbe.com\/wp-content\/uploads\/2022\/01\/La-legende-du-chien-noir-2-scaled.jpg\"><img data-recalc-dims=\"1\" loading=\"lazy\" decoding=\"async\" data-attachment-id=\"23637\" data-permalink=\"http:\/\/www.jojoenherbe.com\/index.php\/2022\/01\/11\/au-fil-des-pages-avec-la-legende-du-chien-noir\/la-legende-du-chien-noir-2\/\" data-orig-file=\"https:\/\/i0.wp.com\/www.jojoenherbe.com\/wp-content\/uploads\/2022\/01\/La-legende-du-chien-noir-2-scaled.jpg?fit=2560%2C1920\" data-orig-size=\"2560,1920\" data-comments-opened=\"1\" data-image-meta=\"{&quot;aperture&quot;:&quot;1.8&quot;,&quot;credit&quot;:&quot;&quot;,&quot;camera&quot;:&quot;iPhone 7&quot;,&quot;caption&quot;:&quot;&quot;,&quot;created_timestamp&quot;:&quot;1639653025&quot;,&quot;copyright&quot;:&quot;&quot;,&quot;focal_length&quot;:&quot;3.99&quot;,&quot;iso&quot;:&quot;64&quot;,&quot;shutter_speed&quot;:&quot;0.058823529411765&quot;,&quot;title&quot;:&quot;&quot;,&quot;orientation&quot;:&quot;1&quot;}\" data-image-title=\"La l\u00e9gende du chien noir 2\" data-image-description=\"\" data-image-caption=\"\" data-large-file=\"https:\/\/i0.wp.com\/www.jojoenherbe.com\/wp-content\/uploads\/2022\/01\/La-legende-du-chien-noir-2-scaled.jpg?fit=676%2C507\" class=\"alignleft size-thumbnail wp-image-23637\" src=\"https:\/\/i0.wp.com\/www.jojoenherbe.com\/wp-content\/uploads\/2022\/01\/La-legende-du-chien-noir-2.jpg?resize=150%2C150\" alt=\"\" width=\"150\" height=\"150\" srcset=\"https:\/\/i0.wp.com\/www.jojoenherbe.com\/wp-content\/uploads\/2022\/01\/La-legende-du-chien-noir-2-scaled.jpg?resize=150%2C150 150w, https:\/\/i0.wp.com\/www.jojoenherbe.com\/wp-content\/uploads\/2022\/01\/La-legende-du-chien-noir-2-scaled.jpg?zoom=2&amp;resize=150%2C150 300w, https:\/\/i0.wp.com\/www.jojoenherbe.com\/wp-content\/uploads\/2022\/01\/La-legende-du-chien-noir-2-scaled.jpg?zoom=3&amp;resize=150%2C150 450w\" sizes=\"auto, (max-width: 150px) 100vw, 150px\" \/><\/a> <a href=\"https:\/\/i0.wp.com\/www.jojoenherbe.com\/wp-content\/uploads\/2022\/01\/La-legende-du-chien-noir-3-scaled.jpg\"><img data-recalc-dims=\"1\" loading=\"lazy\" decoding=\"async\" data-attachment-id=\"23638\" data-permalink=\"http:\/\/www.jojoenherbe.com\/index.php\/2022\/01\/11\/au-fil-des-pages-avec-la-legende-du-chien-noir\/la-legende-du-chien-noir-3\/\" data-orig-file=\"https:\/\/i0.wp.com\/www.jojoenherbe.com\/wp-content\/uploads\/2022\/01\/La-legende-du-chien-noir-3-scaled.jpg?fit=2560%2C1874\" data-orig-size=\"2560,1874\" data-comments-opened=\"1\" data-image-meta=\"{&quot;aperture&quot;:&quot;1.8&quot;,&quot;credit&quot;:&quot;&quot;,&quot;camera&quot;:&quot;iPhone 7&quot;,&quot;caption&quot;:&quot;&quot;,&quot;created_timestamp&quot;:&quot;1639653083&quot;,&quot;copyright&quot;:&quot;&quot;,&quot;focal_length&quot;:&quot;3.99&quot;,&quot;iso&quot;:&quot;64&quot;,&quot;shutter_speed&quot;:&quot;0.058823529411765&quot;,&quot;title&quot;:&quot;&quot;,&quot;orientation&quot;:&quot;1&quot;}\" data-image-title=\"La l\u00e9gende du chien noir 3\" data-image-description=\"\" data-image-caption=\"\" data-large-file=\"https:\/\/i0.wp.com\/www.jojoenherbe.com\/wp-content\/uploads\/2022\/01\/La-legende-du-chien-noir-3-scaled.jpg?fit=676%2C495\" class=\"alignleft size-thumbnail wp-image-23638\" src=\"https:\/\/i0.wp.com\/www.jojoenherbe.com\/wp-content\/uploads\/2022\/01\/La-legende-du-chien-noir-3.jpg?resize=150%2C150\" alt=\"\" width=\"150\" height=\"150\" srcset=\"https:\/\/i0.wp.com\/www.jojoenherbe.com\/wp-content\/uploads\/2022\/01\/La-legende-du-chien-noir-3-scaled.jpg?resize=150%2C150 150w, https:\/\/i0.wp.com\/www.jojoenherbe.com\/wp-content\/uploads\/2022\/01\/La-legende-du-chien-noir-3-scaled.jpg?zoom=2&amp;resize=150%2C150 300w, https:\/\/i0.wp.com\/www.jojoenherbe.com\/wp-content\/uploads\/2022\/01\/La-legende-du-chien-noir-3-scaled.jpg?zoom=3&amp;resize=150%2C150 450w\" sizes=\"auto, (max-width: 150px) 100vw, 150px\" \/><\/a>Nous lisons <span style=\"text-decoration: underline;\">La l\u00e9gende du chien noir<\/span> de Levi Pinfold (\u00e9d. Little Urban, 2015), un album jeunesse \u00e0 partir de 3 ans selon l&rsquo;\u00e9diteur voire plut\u00f4t de 4\/5 ans. Un matin d&rsquo;hiver, un immense chien noir se dresse devant la porte de la famille Hope, effrayant les uns apr\u00e8s les autres les membres de cette famille qui n&rsquo;ose pas sortir, \u00e0 l&rsquo;exception de la plus jeune fille Petite. Cette derni\u00e8re aurait-elle d\u00fb aussi en avoir peur? Ou ouvrira-t-elle les yeux de sa famille sur leur erreur de jugement?<br \/>\n<\/em><\/p>\n<p style=\"text-align: justify;\"><a href=\"https:\/\/i0.wp.com\/www.jojoenherbe.com\/wp-content\/uploads\/2022\/01\/La-legende-du-chien-noir-4-scaled.jpg\"><img data-recalc-dims=\"1\" loading=\"lazy\" decoding=\"async\" data-attachment-id=\"23640\" data-permalink=\"http:\/\/www.jojoenherbe.com\/index.php\/2022\/01\/11\/au-fil-des-pages-avec-la-legende-du-chien-noir\/la-legende-du-chien-noir-4\/\" data-orig-file=\"https:\/\/i0.wp.com\/www.jojoenherbe.com\/wp-content\/uploads\/2022\/01\/La-legende-du-chien-noir-4-scaled.jpg?fit=2560%2C1920\" data-orig-size=\"2560,1920\" data-comments-opened=\"1\" data-image-meta=\"{&quot;aperture&quot;:&quot;1.8&quot;,&quot;credit&quot;:&quot;&quot;,&quot;camera&quot;:&quot;iPhone 7&quot;,&quot;caption&quot;:&quot;&quot;,&quot;created_timestamp&quot;:&quot;1639653089&quot;,&quot;copyright&quot;:&quot;&quot;,&quot;focal_length&quot;:&quot;3.99&quot;,&quot;iso&quot;:&quot;100&quot;,&quot;shutter_speed&quot;:&quot;0.071428571428571&quot;,&quot;title&quot;:&quot;&quot;,&quot;orientation&quot;:&quot;1&quot;}\" data-image-title=\"La l\u00e9gende du chien noir 4\" data-image-description=\"\" data-image-caption=\"\" data-large-file=\"https:\/\/i0.wp.com\/www.jojoenherbe.com\/wp-content\/uploads\/2022\/01\/La-legende-du-chien-noir-4-scaled.jpg?fit=676%2C507\" class=\"size-thumbnail wp-image-23640 alignright\" src=\"https:\/\/i0.wp.com\/www.jojoenherbe.com\/wp-content\/uploads\/2022\/01\/La-legende-du-chien-noir-4.jpg?resize=150%2C150\" alt=\"\" width=\"150\" height=\"150\" srcset=\"https:\/\/i0.wp.com\/www.jojoenherbe.com\/wp-content\/uploads\/2022\/01\/La-legende-du-chien-noir-4-scaled.jpg?resize=150%2C150 150w, https:\/\/i0.wp.com\/www.jojoenherbe.com\/wp-content\/uploads\/2022\/01\/La-legende-du-chien-noir-4-scaled.jpg?zoom=2&amp;resize=150%2C150 300w, https:\/\/i0.wp.com\/www.jojoenherbe.com\/wp-content\/uploads\/2022\/01\/La-legende-du-chien-noir-4-scaled.jpg?zoom=3&amp;resize=150%2C150 450w\" sizes=\"auto, (max-width: 150px) 100vw, 150px\" \/><\/a><em>En effet, selon une l\u00e9gende britannique, voir le spectre d&rsquo;un chien noir est synonyme de mort et de d\u00e9pression. La petite fille a-t-elle \u00e9t\u00e9 inconsciente ou au contraire bien courageuse en s&rsquo;approchant du chien noir? Du fait de son jeune \u00e2ge, Petite est moins sujette aux pr\u00e9jug\u00e9s et fait confiance \u00e0 ce gros chien noir en allant vers lui au lien de se cacher dans la maison comme le reste de sa famille. Au fur-et-\u00e0-mesure que la petite fille rus\u00e9e et enthousiaste apprivoise le chien, celui-ci r\u00e9tr\u00e9cit pour devenir un animal de compagnie qui fera sans nulle doute la joie de la famille Hope. <\/em><\/p>\n<p style=\"text-align: justify;\"><em>Les illustrations au charme surann\u00e9 alternent entre des mini gravures en s\u00e9pia tr\u00e8s dynamiques qui mettent en images le texte r\u00e9p\u00e9titif et des grands formats color\u00e9s et loufoques, la peur qui s&rsquo;est propag\u00e9e dans la famille Hope ayant d\u00e9form\u00e9 la r\u00e9alit\u00e9. Un bon moment de lecture avec cet album jeunesse qui aborde de fa\u00e7on originale la peur de l&rsquo;inconnu, la rumeur qui enfle et le fait de grandir!<\/em><\/p>\n<div style=\"width: 111px\" class=\"wp-caption alignleft\"><img loading=\"lazy\" decoding=\"async\" src=\"https:\/\/i2.wp.com\/mapetitemediatheque.fr\/wp-content\/uploads\/2021\/07\/challenge-contes-et-legendes-239x300-1.jpg?resize=137%2C172\" alt=\"\" width=\"101\" height=\"127\" data-recalc-dims=\"1\" \/><p class=\"wp-caption-text\">Participation #2 Challenge Contes &amp; L\u00e9gendes 2022 de <a href=\"http:\/\/mapetitemediatheque.fr\/2021\/12\/challenge-contes-legendes-2022\/\">Bidib<\/a> #L\u00e9gende britannique<\/p><\/div>\n<div style=\"width: 122px\" class=\"wp-caption alignleft\"><img loading=\"lazy\" decoding=\"async\" src=\"https:\/\/lh3.googleusercontent.com\/pw\/AM-JKLW-8Xy9BIRqinPzrRBz2J2pSlRnlFIwPEKmmv1zpAf3DZoC0nJGqVPx8b0ycvPVte06hr4gaDsphFfyIzipAAW1MPEwEpWUpvmIVdN6H4fs8knOaKBdlyDoMp3hCYeWKD_2Ax2fVRZYrtgs4qzmpYdYpQ=w285-h217-no?authuser=1\" alt=\"\" width=\"112\" height=\"85\" \/><p class=\"wp-caption-text\">Challenge Petit Bac d\u2019<a href=\"https:\/\/ennalit.wordpress.com\/2021\/12\/01\/challenge-petit-bac-2022-qui-veut-jouer\/\">Enna<\/a> #1 Cat\u00e9gorie Couleur: \u00ab Noir \u00bb<\/p><\/div>\n<div style=\"width: 134px\" class=\"wp-caption alignleft\"><img loading=\"lazy\" decoding=\"async\" src=\"https:\/\/i2.wp.com\/mapetitemediatheque.fr\/wp-content\/uploads\/2021\/11\/Inkedle-tour-du-monde-en-80-livres-2_LI.jpg?resize=168%2C127&amp;ssl=1\" alt=\"\" width=\"124\" height=\"94\" \/><p class=\"wp-caption-text\">Participation #4 Challenge Le tour du monde en 80 livres de <a href=\"https:\/\/mapetitemediatheque.fr\/2021\/12\/le-tour-du-monde-en-80-livres-le-challenge-qui-vous-fait-aimer-la-litterature-etrangere\/\">Bidib<\/a> #Australie<\/p><\/div>\n<div id=\"attachment_4689\" style=\"width: 116px\" class=\"wp-caption alignleft\"><img loading=\"lazy\" decoding=\"async\" aria-describedby=\"caption-attachment-4689\" class=\"wp-image-4689\" src=\"https:\/\/lelivroblog.files.wordpress.com\/2022\/01\/logo-bm4.jpeg?w=1024&#038;resize=106%2C106\" sizes=\"auto, (max-width: 1024px) 100vw, 1024px\" srcset=\"https:\/\/lelivroblog.files.wordpress.com\/2022\/01\/logo-bm4.jpeg?w=1024&amp;resize=163%2C163 1024w, https:\/\/lelivroblog.files.wordpress.com\/2022\/01\/logo-bm4.jpeg?w=150 150w, https:\/\/lelivroblog.files.wordpress.com\/2022\/01\/logo-bm4.jpeg?w=300 300w, https:\/\/lelivroblog.files.wordpress.com\/2022\/01\/logo-bm4.jpeg?w=768 768w, https:\/\/lelivroblog.files.wordpress.com\/2022\/01\/logo-bm4.jpeg 1080w\" alt=\"\" width=\"106\" height=\"106\" aria-describedby=\"caption-attachment-4689\" data-attachment-id=\"4689\" data-permalink=\"https:\/\/lelivroblog.wordpress.com\/logo-bm4\/\" data-orig-file=\"https:\/\/lelivroblog.files.wordpress.com\/2022\/01\/logo-bm4.jpeg\" data-orig-size=\"1080,1080\" data-comments-opened=\"1\" data-image-meta=\"{&quot;aperture&quot;:&quot;0&quot;,&quot;credit&quot;:&quot;&quot;,&quot;camera&quot;:&quot;&quot;,&quot;caption&quot;:&quot;&quot;,&quot;created_timestamp&quot;:&quot;0&quot;,&quot;copyright&quot;:&quot;&quot;,&quot;focal_length&quot;:&quot;0&quot;,&quot;iso&quot;:&quot;0&quot;,&quot;shutter_speed&quot;:&quot;0&quot;,&quot;title&quot;:&quot;&quot;,&quot;orientation&quot;:&quot;0&quot;}\" data-image-title=\"logo-bm4\" data-image-description=\"\" data-image-caption=\"\" data-medium-file=\"https:\/\/lelivroblog.files.wordpress.com\/2022\/01\/logo-bm4.jpeg?w=300\" data-large-file=\"https:\/\/lelivroblog.files.wordpress.com\/2022\/01\/logo-bm4.jpeg?w=736\" data-recalc-dims=\"1\" \/><p id=\"caption-attachment-4689\" class=\"wp-caption-text\">Participation #1 Challenge British Mysteries 2022 de <a href=\"https:\/\/lelivroblog.wordpress.com\/2022\/01\/11\/challenge-british-mysteries-2022\/\">Hilde<\/a> et <a href=\"http:\/\/www.myloubook.com\/2022\/01\/11\/challenge-british-mysteries-2022\/\">Lou<\/a> #Chien noir<\/p><\/div>\n","protected":false},"excerpt":{"rendered":"<p>Nous lisons La l\u00e9gende du chien noir de Levi Pinfold (\u00e9d. Little Urban, 2015), un album jeunesse \u00e0 partir de 3 ans selon l&rsquo;\u00e9diteur voire plut\u00f4t de 4\/5 ans. Un matin d&rsquo;hiver, un immense chien noir se dresse devant la porte de la famille Hope, effrayant les uns apr\u00e8s les autres les membres de cette [&hellip;]<\/p>\n","protected":false},"author":1,"featured_media":23639,"comment_status":"open","ping_status":"open","sticky":false,"template":"","format":"standard","meta":{"jetpack_post_was_ever_published":false,"_jetpack_newsletter_access":"","_jetpack_dont_email_post_to_subs":false,"_jetpack_newsletter_tier_id":0,"_jetpack_memberships_contains_paywalled_content":false,"_jetpack_memberships_contains_paid_content":false,"footnotes":""},"categories":[363],"tags":[785,409,1780,2955,2916,2915,563,2971,901,459,1656,365,2918,367,1016,2972,775,369,555,615,618],"class_list":["post-23590","post","type-post","status-publish","format-standard","has-post-thumbnail","hentry","category-mini-lecteur","tag-3-6-ans","tag-albums-jeunesse","tag-animal-de-compagnie","tag-challenge-british-mysteries-2022","tag-challenge-contes-et-legendes-2022","tag-challenge-petit-bac-2022","tag-chien","tag-chien-noir","tag-courage","tag-famille","tag-grandir","tag-hiver","tag-le-tour-du-monde-en-80-livres-2022","tag-lecture-jeunesse","tag-lectures-dhiver","tag-legende-britannique","tag-legendes","tag-neige","tag-peur","tag-peur-de-linconnu","tag-rumeur","post-preview"],"jetpack_featured_media_url":"https:\/\/i0.wp.com\/www.jojoenherbe.com\/wp-content\/uploads\/2022\/01\/La-legende-du-chien-noir-scaled.jpg?fit=2560%2C2143","jetpack_sharing_enabled":true,"jetpack_shortlink":"https:\/\/wp.me\/p9zhGx-68u","jetpack_likes_enabled":true,"jetpack-related-posts":[{"id":23825,"url":"http:\/\/www.jojoenherbe.com\/index.php\/2022\/02\/03\/billet-de-suivi-challenge-contes-et-legendes-2022\/","url_meta":{"origin":23590,"position":0},"title":"Billet de suivi: Challenge Contes et L\u00e9gendes 2022","author":"Jojo","date":"3 f\u00e9vrier 2022","format":false,"excerpt":"Cette ann\u00e9e, je participe \u00e0 nouveau au challenge Contes et L\u00e9gendes de Bidib et qui se d\u00e9roule aussi du 1er janvier au 31 d\u00e9cembre 2022. Pour cette nouvelle \u00e9dition, Bidib propose 10 th\u00e8mes \u00e0 explorer toutes l\u2019ann\u00e9e, suivant nos envies. Pour plus d\u2019infos, n\u2019h\u00e9sitez pas \u00e0 aller sur son blog.\u2026","rel":"","context":"Dans &quot;Mini challenger&quot;","block_context":{"text":"Mini challenger","link":"http:\/\/www.jojoenherbe.com\/index.php\/category\/mini-challenger\/"},"img":{"alt_text":"","src":"https:\/\/i0.wp.com\/www.jojoenherbe.com\/wp-content\/uploads\/2022\/04\/Kamisama-T1-150x150.jpg?resize=350%2C200","width":350,"height":200},"classes":[]},{"id":9713,"url":"http:\/\/www.jojoenherbe.com\/index.php\/2020\/01\/20\/au-fil-des-pages-avec-le-secret-du-rocher-noir\/","url_meta":{"origin":23590,"position":1},"title":"Au fil des pages avec Le secret du rocher noir","author":"Jojo","date":"20 janvier 2020","format":false,"excerpt":"Nous lisons Le secret du rocher noir de Joe Todd-Stanton (\u00e9d. L'\u00e9cole des loisirs, 2018), un album jeunesse \u00e0 partir de 6 ans. Erine a grandi avec sa m\u00e8re dans un port de p\u00eache et est curieuse de savoir ce qui se cache derri\u00e8re la l\u00e9gende du Rocher noir qui\u2026","rel":"","context":"Dans &quot;Mini lecteur&quot;","block_context":{"text":"Mini lecteur","link":"http:\/\/www.jojoenherbe.com\/index.php\/category\/mini-lecteur\/"},"img":{"alt_text":"","src":"https:\/\/i0.wp.com\/www.jojoenherbe.com\/wp-content\/uploads\/2020\/10\/Le-secret-du-rocher-noir-2-scaled.jpg?fit=1200%2C900&resize=350%2C200","width":350,"height":200,"srcset":"https:\/\/i0.wp.com\/www.jojoenherbe.com\/wp-content\/uploads\/2020\/10\/Le-secret-du-rocher-noir-2-scaled.jpg?fit=1200%2C900&resize=350%2C200 1x, https:\/\/i0.wp.com\/www.jojoenherbe.com\/wp-content\/uploads\/2020\/10\/Le-secret-du-rocher-noir-2-scaled.jpg?fit=1200%2C900&resize=525%2C300 1.5x, https:\/\/i0.wp.com\/www.jojoenherbe.com\/wp-content\/uploads\/2020\/10\/Le-secret-du-rocher-noir-2-scaled.jpg?fit=1200%2C900&resize=700%2C400 2x, https:\/\/i0.wp.com\/www.jojoenherbe.com\/wp-content\/uploads\/2020\/10\/Le-secret-du-rocher-noir-2-scaled.jpg?fit=1200%2C900&resize=1050%2C600 3x"},"classes":[]},{"id":24954,"url":"http:\/\/www.jojoenherbe.com\/index.php\/2022\/04\/14\/au-fil-des-pages-avec-le-tome-16-de-rita-et-machin\/","url_meta":{"origin":23590,"position":2},"title":"Au fil des pages avec le tome 16 de Rita et Machin","author":"Jojo","date":"14 avril 2022","format":false,"excerpt":"Nous relisons pour P\u00e2ques cette ann\u00e9e Joyeuses P\u00e2ques Rita et Machin de Jean-Philippe Arrou-Vignod et Olivier Tallec (\u00e9d. Gallimard Jeunesse, 2013), un album jeunesse \u00e0 partir de 4 ans que nous avions emprunt\u00e9 l'ann\u00e9e derni\u00e8re pour P\u00e2ques \u00e0 la m\u00e9diath\u00e8que et qui a fini par rejoindre nos biblioth\u00e8ques. Il s'agit\u2026","rel":"","context":"Dans &quot;Mini lecteur&quot;","block_context":{"text":"Mini lecteur","link":"http:\/\/www.jojoenherbe.com\/index.php\/category\/mini-lecteur\/"},"img":{"alt_text":"","src":"https:\/\/i0.wp.com\/www.jojoenherbe.com\/wp-content\/uploads\/2022\/04\/Joyeuses-Paques-Rita-et-Machin-scaled.jpg?fit=1200%2C900&resize=350%2C200","width":350,"height":200,"srcset":"https:\/\/i0.wp.com\/www.jojoenherbe.com\/wp-content\/uploads\/2022\/04\/Joyeuses-Paques-Rita-et-Machin-scaled.jpg?fit=1200%2C900&resize=350%2C200 1x, https:\/\/i0.wp.com\/www.jojoenherbe.com\/wp-content\/uploads\/2022\/04\/Joyeuses-Paques-Rita-et-Machin-scaled.jpg?fit=1200%2C900&resize=525%2C300 1.5x, https:\/\/i0.wp.com\/www.jojoenherbe.com\/wp-content\/uploads\/2022\/04\/Joyeuses-Paques-Rita-et-Machin-scaled.jpg?fit=1200%2C900&resize=700%2C400 2x, https:\/\/i0.wp.com\/www.jojoenherbe.com\/wp-content\/uploads\/2022\/04\/Joyeuses-Paques-Rita-et-Machin-scaled.jpg?fit=1200%2C900&resize=1050%2C600 3x"},"classes":[]},{"id":18906,"url":"http:\/\/www.jojoenherbe.com\/index.php\/2021\/06\/10\/au-fil-des-pages-avec-la-legende-de-la-vallee\/","url_meta":{"origin":23590,"position":3},"title":"Au fil des pages avec La l\u00e9gende de la vall\u00e9e","author":"Jojo","date":"10 juin 2021","format":false,"excerpt":"Attir\u00e9e par l'illustration de la couverture, j'ai emprunt\u00e9 \u00e0 la m\u00e9diath\u00e8que et lu La l\u00e9gende de la vall\u00e9e de Sol\u00e8ne Gaynecoetche et \u00c9ric D\u00e9siront (\u00e9d. Bilboquet, 2014), un album jeunesse \u00e0 partir de 5 ans. Une vall\u00e9e verdoyante est habit\u00e9e par de nombreux animaux mais aucun \u00eatre humain jusqu'au jour\u2026","rel":"","context":"Dans &quot;Mini lecteur&quot;","block_context":{"text":"Mini lecteur","link":"http:\/\/www.jojoenherbe.com\/index.php\/category\/mini-lecteur\/"},"img":{"alt_text":"","src":"https:\/\/i0.wp.com\/www.jojoenherbe.com\/wp-content\/uploads\/2021\/06\/La-legende-de-la-vallee-scaled.jpg?fit=1200%2C900&resize=350%2C200","width":350,"height":200,"srcset":"https:\/\/i0.wp.com\/www.jojoenherbe.com\/wp-content\/uploads\/2021\/06\/La-legende-de-la-vallee-scaled.jpg?fit=1200%2C900&resize=350%2C200 1x, https:\/\/i0.wp.com\/www.jojoenherbe.com\/wp-content\/uploads\/2021\/06\/La-legende-de-la-vallee-scaled.jpg?fit=1200%2C900&resize=525%2C300 1.5x, https:\/\/i0.wp.com\/www.jojoenherbe.com\/wp-content\/uploads\/2021\/06\/La-legende-de-la-vallee-scaled.jpg?fit=1200%2C900&resize=700%2C400 2x, https:\/\/i0.wp.com\/www.jojoenherbe.com\/wp-content\/uploads\/2021\/06\/La-legende-de-la-vallee-scaled.jpg?fit=1200%2C900&resize=1050%2C600 3x"},"classes":[]},{"id":16455,"url":"http:\/\/www.jojoenherbe.com\/index.php\/2021\/03\/15\/au-fil-des-pages-avec-le-noir-de-la-nuit\/","url_meta":{"origin":23590,"position":4},"title":"Au fil des pages avec Le Noir de la Nuit","author":"Jojo","date":"15 mars 2021","format":false,"excerpt":"Avec les pirates et les contes, un autre th\u00e8me que nous appr\u00e9cions \u00e9galement lire, c'est l'espace et en particulier la lune. Voici une de nos derni\u00e8res lectures: Le Noir de la Nuit de Chris Hadfield et The Fan Brothers (\u00e9d. des \u00c9l\u00e9phants, 2016), un album jeunesse \u00e0 partir de 4\u2026","rel":"","context":"Dans &quot;Mini lecteur&quot;","block_context":{"text":"Mini lecteur","link":"http:\/\/www.jojoenherbe.com\/index.php\/category\/mini-lecteur\/"},"img":{"alt_text":"","src":"https:\/\/i0.wp.com\/www.jojoenherbe.com\/wp-content\/uploads\/2021\/03\/Le-Noir-de-la-Nuit-scaled.jpg?fit=1200%2C790&resize=350%2C200","width":350,"height":200,"srcset":"https:\/\/i0.wp.com\/www.jojoenherbe.com\/wp-content\/uploads\/2021\/03\/Le-Noir-de-la-Nuit-scaled.jpg?fit=1200%2C790&resize=350%2C200 1x, https:\/\/i0.wp.com\/www.jojoenherbe.com\/wp-content\/uploads\/2021\/03\/Le-Noir-de-la-Nuit-scaled.jpg?fit=1200%2C790&resize=525%2C300 1.5x, https:\/\/i0.wp.com\/www.jojoenherbe.com\/wp-content\/uploads\/2021\/03\/Le-Noir-de-la-Nuit-scaled.jpg?fit=1200%2C790&resize=700%2C400 2x, https:\/\/i0.wp.com\/www.jojoenherbe.com\/wp-content\/uploads\/2021\/03\/Le-Noir-de-la-Nuit-scaled.jpg?fit=1200%2C790&resize=1050%2C600 3x"},"classes":[]},{"id":11247,"url":"http:\/\/www.jojoenherbe.com\/index.php\/2022\/10\/28\/nos-lectures-coraline\/","url_meta":{"origin":23590,"position":5},"title":"Nos lectures \u00ab\u00a0Coraline\u00a0\u00bb","author":"Jojo","date":"28 octobre 2022","format":false,"excerpt":"Cette ann\u00e9e, pour le Challenge Halloween 2022, j'ai eu envie de relire Coraline de Neil Gaiman en lecture commune avec Syl que j'avais d\u00e9j\u00e0 lu il y a deux ans mais que je n'avais pas encore chroniqu\u00e9. (Roman jeunesse) Coraline de Neil Gaiman En juin 2020, j'avais lu Coraline de\u2026","rel":"","context":"Dans &quot;Mini lecteur&quot;","block_context":{"text":"Mini lecteur","link":"http:\/\/www.jojoenherbe.com\/index.php\/category\/mini-lecteur\/"},"img":{"alt_text":"","src":"https:\/\/i0.wp.com\/www.jojoenherbe.com\/wp-content\/uploads\/2022\/10\/Nos-lectures-Coraline-scaled.jpg?fit=1200%2C948&resize=350%2C200","width":350,"height":200,"srcset":"https:\/\/i0.wp.com\/www.jojoenherbe.com\/wp-content\/uploads\/2022\/10\/Nos-lectures-Coraline-scaled.jpg?fit=1200%2C948&resize=350%2C200 1x, https:\/\/i0.wp.com\/www.jojoenherbe.com\/wp-content\/uploads\/2022\/10\/Nos-lectures-Coraline-scaled.jpg?fit=1200%2C948&resize=525%2C300 1.5x, https:\/\/i0.wp.com\/www.jojoenherbe.com\/wp-content\/uploads\/2022\/10\/Nos-lectures-Coraline-scaled.jpg?fit=1200%2C948&resize=700%2C400 2x, https:\/\/i0.wp.com\/www.jojoenherbe.com\/wp-content\/uploads\/2022\/10\/Nos-lectures-Coraline-scaled.jpg?fit=1200%2C948&resize=1050%2C600 3x"},"classes":[]}],"_links":{"self":[{"href":"http:\/\/www.jojoenherbe.com\/index.php\/wp-json\/wp\/v2\/posts\/23590","targetHints":{"allow":["GET"]}}],"collection":[{"href":"http:\/\/www.jojoenherbe.com\/index.php\/wp-json\/wp\/v2\/posts"}],"about":[{"href":"http:\/\/www.jojoenherbe.com\/index.php\/wp-json\/wp\/v2\/types\/post"}],"author":[{"embeddable":true,"href":"http:\/\/www.jojoenherbe.com\/index.php\/wp-json\/wp\/v2\/users\/1"}],"replies":[{"embeddable":true,"href":"http:\/\/www.jojoenherbe.com\/index.php\/wp-json\/wp\/v2\/comments?post=23590"}],"version-history":[{"count":0,"href":"http:\/\/www.jojoenherbe.com\/index.php\/wp-json\/wp\/v2\/posts\/23590\/revisions"}],"wp:featuredmedia":[{"embeddable":true,"href":"http:\/\/www.jojoenherbe.com\/index.php\/wp-json\/wp\/v2\/media\/23639"}],"wp:attachment":[{"href":"http:\/\/www.jojoenherbe.com\/index.php\/wp-json\/wp\/v2\/media?parent=23590"}],"wp:term":[{"taxonomy":"category","embeddable":true,"href":"http:\/\/www.jojoenherbe.com\/index.php\/wp-json\/wp\/v2\/categories?post=23590"},{"taxonomy":"post_tag","embeddable":true,"href":"http:\/\/www.jojoenherbe.com\/index.php\/wp-json\/wp\/v2\/tags?post=23590"}],"curies":[{"name":"wp","href":"https:\/\/api.w.org\/{rel}","templated":true}]}}