{"id":23577,"date":"2022-01-28T10:54:00","date_gmt":"2022-01-28T09:54:00","guid":{"rendered":"https:\/\/www.jojoenherbe.com\/?p=23577"},"modified":"2022-02-03T12:59:13","modified_gmt":"2022-02-03T11:59:13","slug":"au-fil-des-pages-avec-oko-un-the-en-hiver","status":"publish","type":"post","link":"http:\/\/www.jojoenherbe.com\/index.php\/2022\/01\/28\/au-fil-des-pages-avec-oko-un-the-en-hiver\/","title":{"rendered":"Au fil des pages avec \u00d6ko, un th\u00e9 en hiver"},"content":{"rendered":"<p style=\"text-align: justify;\"><em><a href=\"https:\/\/i0.wp.com\/www.jojoenherbe.com\/wp-content\/uploads\/2022\/01\/Oko-un-the-en-hiver-2-scaled.jpg\"><img data-recalc-dims=\"1\" loading=\"lazy\" decoding=\"async\" data-attachment-id=\"23611\" data-permalink=\"http:\/\/www.jojoenherbe.com\/index.php\/2022\/01\/28\/au-fil-des-pages-avec-oko-un-the-en-hiver\/oko-un-the-en-hiver-2\/\" data-orig-file=\"https:\/\/i0.wp.com\/www.jojoenherbe.com\/wp-content\/uploads\/2022\/01\/Oko-un-the-en-hiver-2-scaled.jpg?fit=2560%2C1700\" data-orig-size=\"2560,1700\" data-comments-opened=\"1\" data-image-meta=\"{&quot;aperture&quot;:&quot;1.8&quot;,&quot;credit&quot;:&quot;&quot;,&quot;camera&quot;:&quot;iPhone 7&quot;,&quot;caption&quot;:&quot;&quot;,&quot;created_timestamp&quot;:&quot;1643623410&quot;,&quot;copyright&quot;:&quot;&quot;,&quot;focal_length&quot;:&quot;3.99&quot;,&quot;iso&quot;:&quot;100&quot;,&quot;shutter_speed&quot;:&quot;0.071428571428571&quot;,&quot;title&quot;:&quot;&quot;,&quot;orientation&quot;:&quot;1&quot;}\" data-image-title=\"\u00d6ko, un th\u00e9 en hiver 2\" data-image-description=\"\" data-image-caption=\"\" data-large-file=\"https:\/\/i0.wp.com\/www.jojoenherbe.com\/wp-content\/uploads\/2022\/01\/Oko-un-the-en-hiver-2-scaled.jpg?fit=676%2C449\" class=\"alignleft size-thumbnail wp-image-23611\" src=\"https:\/\/i0.wp.com\/www.jojoenherbe.com\/wp-content\/uploads\/2022\/01\/Oko-un-the-en-hiver-2.jpg?resize=150%2C150\" alt=\"\" width=\"150\" height=\"150\" srcset=\"https:\/\/i0.wp.com\/www.jojoenherbe.com\/wp-content\/uploads\/2022\/01\/Oko-un-the-en-hiver-2-scaled.jpg?resize=150%2C150 150w, https:\/\/i0.wp.com\/www.jojoenherbe.com\/wp-content\/uploads\/2022\/01\/Oko-un-the-en-hiver-2-scaled.jpg?zoom=2&amp;resize=150%2C150 300w, https:\/\/i0.wp.com\/www.jojoenherbe.com\/wp-content\/uploads\/2022\/01\/Oko-un-the-en-hiver-2-scaled.jpg?zoom=3&amp;resize=150%2C150 450w\" sizes=\"auto, (max-width: 150px) 100vw, 150px\" \/><\/a> <a href=\"https:\/\/i0.wp.com\/www.jojoenherbe.com\/wp-content\/uploads\/2022\/01\/Oko-un-the-en-hiver-5-scaled.jpg\"><img data-recalc-dims=\"1\" loading=\"lazy\" decoding=\"async\" data-attachment-id=\"23615\" data-permalink=\"http:\/\/www.jojoenherbe.com\/index.php\/2022\/01\/28\/au-fil-des-pages-avec-oko-un-the-en-hiver\/oko-un-the-en-hiver-5\/\" data-orig-file=\"https:\/\/i0.wp.com\/www.jojoenherbe.com\/wp-content\/uploads\/2022\/01\/Oko-un-the-en-hiver-5-scaled.jpg?fit=2560%2C1757\" data-orig-size=\"2560,1757\" data-comments-opened=\"1\" data-image-meta=\"{&quot;aperture&quot;:&quot;1.8&quot;,&quot;credit&quot;:&quot;&quot;,&quot;camera&quot;:&quot;iPhone 7&quot;,&quot;caption&quot;:&quot;&quot;,&quot;created_timestamp&quot;:&quot;1643623944&quot;,&quot;copyright&quot;:&quot;&quot;,&quot;focal_length&quot;:&quot;3.99&quot;,&quot;iso&quot;:&quot;100&quot;,&quot;shutter_speed&quot;:&quot;0.14285714285714&quot;,&quot;title&quot;:&quot;&quot;,&quot;orientation&quot;:&quot;1&quot;}\" data-image-title=\"\u00d6ko, un th\u00e9 en hiver 5\" data-image-description=\"\" data-image-caption=\"\" data-large-file=\"https:\/\/i0.wp.com\/www.jojoenherbe.com\/wp-content\/uploads\/2022\/01\/Oko-un-the-en-hiver-5-scaled.jpg?fit=676%2C464\" class=\"alignleft size-thumbnail wp-image-23615\" src=\"https:\/\/i0.wp.com\/www.jojoenherbe.com\/wp-content\/uploads\/2022\/01\/Oko-un-the-en-hiver-5.jpg?resize=150%2C150\" alt=\"\" width=\"150\" height=\"150\" srcset=\"https:\/\/i0.wp.com\/www.jojoenherbe.com\/wp-content\/uploads\/2022\/01\/Oko-un-the-en-hiver-5-scaled.jpg?resize=150%2C150 150w, https:\/\/i0.wp.com\/www.jojoenherbe.com\/wp-content\/uploads\/2022\/01\/Oko-un-the-en-hiver-5-scaled.jpg?zoom=2&amp;resize=150%2C150 300w, https:\/\/i0.wp.com\/www.jojoenherbe.com\/wp-content\/uploads\/2022\/01\/Oko-un-the-en-hiver-5-scaled.jpg?zoom=3&amp;resize=150%2C150 450w\" sizes=\"auto, (max-width: 150px) 100vw, 150px\" \/><\/a>Nous lisons <span style=\"text-decoration: underline;\">\u00d6ko, un th\u00e9 en hiver<\/span> de M\u00e9lanie Rutten (\u00e9d. MeMo, 2010), un album jeunesse \u00e0 partir de 8 ans et qui a re\u00e7u le Prix Sorci\u00e8res 2011 dans la cat\u00e9gorie \u00ab\u00a0Premi\u00e8res lectures\u00a0\u00bb. Au cours de l&rsquo;hiver, \u00d6ko et ses amis vont \u00e0 l&rsquo;enterrement de Madeleine, la cigale du village qui vient de mourir de vieillesse. Apr\u00e8s la c\u00e9r\u00e9monie, ils se r\u00e9unissent dans la maison de la d\u00e9funte, passant la soir\u00e9e \u00e0 se souvenir d&rsquo;elle avec \u00e9motions et repartant chacun avec des objets d&rsquo;elle. Mais ce n&rsquo;est pas le seul sujet des discussions puisqu&rsquo;ils parlent aussi d&rsquo;un inqui\u00e9tant y\u00e9ti qui habiterait dans la for\u00eat. \u00d6ko parviendra-t-il \u00e0 faire le deuil de son amie?<br \/>\n<\/em><\/p>\n<p style=\"text-align: justify;\"><em><a href=\"https:\/\/i0.wp.com\/www.jojoenherbe.com\/wp-content\/uploads\/2022\/01\/Oko-un-the-en-hiver-4-scaled.jpg\"><img data-recalc-dims=\"1\" loading=\"lazy\" decoding=\"async\" data-attachment-id=\"23613\" data-permalink=\"http:\/\/www.jojoenherbe.com\/index.php\/2022\/01\/28\/au-fil-des-pages-avec-oko-un-the-en-hiver\/oko-un-the-en-hiver-4\/\" data-orig-file=\"https:\/\/i0.wp.com\/www.jojoenherbe.com\/wp-content\/uploads\/2022\/01\/Oko-un-the-en-hiver-4-scaled.jpg?fit=2560%2C1920\" data-orig-size=\"2560,1920\" data-comments-opened=\"1\" data-image-meta=\"{&quot;aperture&quot;:&quot;1.8&quot;,&quot;credit&quot;:&quot;&quot;,&quot;camera&quot;:&quot;iPhone 7&quot;,&quot;caption&quot;:&quot;&quot;,&quot;created_timestamp&quot;:&quot;1643623460&quot;,&quot;copyright&quot;:&quot;&quot;,&quot;focal_length&quot;:&quot;3.99&quot;,&quot;iso&quot;:&quot;100&quot;,&quot;shutter_speed&quot;:&quot;0.076923076923077&quot;,&quot;title&quot;:&quot;&quot;,&quot;orientation&quot;:&quot;1&quot;}\" data-image-title=\"\u00d6ko, un th\u00e9 en hiver 4\" data-image-description=\"\" data-image-caption=\"\" data-large-file=\"https:\/\/i0.wp.com\/www.jojoenherbe.com\/wp-content\/uploads\/2022\/01\/Oko-un-the-en-hiver-4-scaled.jpg?fit=676%2C507\" class=\"size-thumbnail wp-image-23613 alignright\" src=\"https:\/\/i0.wp.com\/www.jojoenherbe.com\/wp-content\/uploads\/2022\/01\/Oko-un-the-en-hiver-4.jpg?resize=150%2C150\" alt=\"\" width=\"150\" height=\"150\" srcset=\"https:\/\/i0.wp.com\/www.jojoenherbe.com\/wp-content\/uploads\/2022\/01\/Oko-un-the-en-hiver-4-scaled.jpg?resize=150%2C150 150w, https:\/\/i0.wp.com\/www.jojoenherbe.com\/wp-content\/uploads\/2022\/01\/Oko-un-the-en-hiver-4-scaled.jpg?zoom=2&amp;resize=150%2C150 300w, https:\/\/i0.wp.com\/www.jojoenherbe.com\/wp-content\/uploads\/2022\/01\/Oko-un-the-en-hiver-4-scaled.jpg?zoom=3&amp;resize=150%2C150 450w\" sizes=\"auto, (max-width: 150px) 100vw, 150px\" \/><\/a> <a href=\"https:\/\/i0.wp.com\/www.jojoenherbe.com\/wp-content\/uploads\/2022\/01\/Oko-un-the-en-hiver-3-scaled.jpg\"><img data-recalc-dims=\"1\" loading=\"lazy\" decoding=\"async\" data-attachment-id=\"23612\" data-permalink=\"http:\/\/www.jojoenherbe.com\/index.php\/2022\/01\/28\/au-fil-des-pages-avec-oko-un-the-en-hiver\/oko-un-the-en-hiver-3\/\" data-orig-file=\"https:\/\/i0.wp.com\/www.jojoenherbe.com\/wp-content\/uploads\/2022\/01\/Oko-un-the-en-hiver-3-scaled.jpg?fit=2560%2C1920\" data-orig-size=\"2560,1920\" data-comments-opened=\"1\" data-image-meta=\"{&quot;aperture&quot;:&quot;1.8&quot;,&quot;credit&quot;:&quot;&quot;,&quot;camera&quot;:&quot;iPhone 7&quot;,&quot;caption&quot;:&quot;&quot;,&quot;created_timestamp&quot;:&quot;1643623421&quot;,&quot;copyright&quot;:&quot;&quot;,&quot;focal_length&quot;:&quot;3.99&quot;,&quot;iso&quot;:&quot;100&quot;,&quot;shutter_speed&quot;:&quot;0.058823529411765&quot;,&quot;title&quot;:&quot;&quot;,&quot;orientation&quot;:&quot;1&quot;}\" data-image-title=\"\u00d6ko, un th\u00e9 en hiver 3\" data-image-description=\"\" data-image-caption=\"\" data-large-file=\"https:\/\/i0.wp.com\/www.jojoenherbe.com\/wp-content\/uploads\/2022\/01\/Oko-un-the-en-hiver-3-scaled.jpg?fit=676%2C507\" class=\"size-thumbnail wp-image-23612 alignright\" src=\"https:\/\/i0.wp.com\/www.jojoenherbe.com\/wp-content\/uploads\/2022\/01\/Oko-un-the-en-hiver-3.jpg?resize=150%2C150\" alt=\"\" width=\"150\" height=\"150\" srcset=\"https:\/\/i0.wp.com\/www.jojoenherbe.com\/wp-content\/uploads\/2022\/01\/Oko-un-the-en-hiver-3-scaled.jpg?resize=150%2C150 150w, https:\/\/i0.wp.com\/www.jojoenherbe.com\/wp-content\/uploads\/2022\/01\/Oko-un-the-en-hiver-3-scaled.jpg?zoom=2&amp;resize=150%2C150 300w, https:\/\/i0.wp.com\/www.jojoenherbe.com\/wp-content\/uploads\/2022\/01\/Oko-un-the-en-hiver-3-scaled.jpg?zoom=3&amp;resize=150%2C150 450w\" sizes=\"auto, (max-width: 150px) 100vw, 150px\" \/><\/a>L&rsquo;histoire aborde de nombreux th\u00e8mes qui s&rsquo;entrem\u00ealent \u00e0 l&rsquo;instar des chapitres de l&rsquo;album jeunesse, passant du rire aux larmes comme dans la vraie vie, des moments plus graves et sombre alternant avec d&rsquo;autres plus l\u00e9gers et insouciants (comme par exemple la neige au r\u00e9veil d&rsquo;\u00d6ko). Il y est question du deuil (comment continuer \u00e0 vivre apr\u00e8s la perte d&rsquo;un \u00eatre cher), du sens de la vie, de l&rsquo;amiti\u00e9, d&rsquo;un amour naissant entre \u00d6ko et Nour, de l&rsquo;accueil d&rsquo;un \u00e9tranger et des pr\u00e9jug\u00e9s qui peuvent l&rsquo;entourer&#8230; L&rsquo;hiver laisse alors place au printemps et \u00e0 un nouveau chapitre dans la vie d&rsquo;\u00d6ko et ses amis.<\/em><\/p>\n<p style=\"text-align: justify;\"><em>Les illustrations \u00e0 l&rsquo;aquarelle apportent \u00e9galement une touche de tendresse et de chaleur \u00e0 l&rsquo;histoire. M\u00e9lanie Rutten arrive \u00e0 retranscrire avec beaucoup de finesse les \u00e9motions d&rsquo;\u00d6ko, que ce soit son chagrin, sa solitude ou la vie reprenant son cours dans le souvenir de son amie d\u00e9funte \u00e0 l&rsquo;image des fleurs plant\u00e9es sur la tombe de Madeleine. Un tr\u00e8s bon et touchant moment de lecture avec cet album jeunesse! <\/em><\/p>\n<p style=\"text-align: justify;\"><em>D&rsquo;autre part, j&rsquo;ai not\u00e9 des passages gourmands et valide au passage la cat\u00e9gorie \u00ab\u00a0Boisson chaude\u00a0\u00bb du Menu complet du challenge Des livres (et des \u00e9crans) en cuisine: une soupe, un th\u00e9, un g\u00e2teau&#8230; et qui sont de beaux moments de partage entre \u00d6ko et ses amis et de pens\u00e9es \u00e0 l&rsquo;\u00e9gard de Madeleine qui, malgr\u00e9 son d\u00e9c\u00e8s, continue \u00e0 vivre \u00e0 travers eux.<br \/>\n<\/em><\/p>\n<p style=\"text-align: justify;\"><em>J&rsquo;ai, enfin, h\u00e2te de pouvoir lire les autres tomes m\u00eame s&rsquo;ils ne sont pas tous \u00e0 la m\u00e9diath\u00e8que. En effet, j&rsquo;<\/em><em>&lsquo;ai d\u00e9couvert cette histoire \u00e0 la m\u00e9diath\u00e8que, apr\u00e8s avoir \u00e9t\u00e9 attir\u00e9e par l&rsquo;illustration de couverture et sans savoir qu&rsquo;il s&rsquo;agit du deuxi\u00e8me tome d&rsquo;une t\u00e9tralogie \u00e9crite par M\u00e9lanie Rutten, apr\u00e8s <span style=\"text-decoration: underline;\">Mitsu, un jour parfait<\/span> et avant <span style=\"text-decoration: underline;\">Elliot et Nestor<\/span> et <span style=\"text-decoration: underline;\">Nour, le moment venu<\/span>.<br \/>\n<\/em><\/p>\n<div style=\"width: 125px\" class=\"wp-caption alignleft\"><img loading=\"lazy\" decoding=\"async\" src=\"https:\/\/lh3.googleusercontent.com\/pw\/ACtC-3eIuIHfDCWnQjrbP_Gttnq9qrZJ0sCLWnTR3GjIOIiC54aYp8f1rKz8fy3EJIYJcUrzUv3KnF-YnYTE-vhMmRU8myeq_V_5OYKPelcJ6I4-bD-P1SjmJYevXt0TGhPCpROfcXeg5SJ_4KvwWeBQfvsOWw=w285-h217-no?authuser=1\" alt=\"\" width=\"115\" height=\"88\" \/><p class=\"wp-caption-text\">Challenge Petit Bac d\u2019<a href=\"https:\/\/ennalit.wordpress.com\/2020\/12\/01\/challenge-petit-bac-2021-qui-veut-jouer\/\">Enna<\/a> #13 Cat\u00e9gorie Aliment\/Boisson: \u00ab Th\u00e9 \u00bb<\/p><\/div>\n<div style=\"width: 143px\" class=\"wp-caption alignleft\"><img loading=\"lazy\" decoding=\"async\" src=\"https:\/\/i0.wp.com\/mapetitemediatheque.fr\/wp-content\/uploads\/2021\/12\/des-livres-en-cusine.png?resize=182%2C131&amp;ssl=1\" alt=\"\" width=\"133\" height=\"96\" data-recalc-dims=\"1\" \/><p class=\"wp-caption-text\">Participation #3 Challenge Des livres (et des \u00e9crans) en cuisine 2022 de <a href=\"https:\/\/mapetitemediatheque.fr\/2021\/12\/des-livres-et-des-ecrans-en-cuisine-2022\/\">Bidib<\/a> et <a href=\"http:\/\/croquerlespages.canalblog.com\/archives\/2021\/12\/21\/39242322.html\">Fondant<\/a> #Menu complet (Une boisson chaude\/Th\u00e9)<\/p><\/div>\n<div style=\"width: 134px\" class=\"wp-caption alignleft\"><img loading=\"lazy\" decoding=\"async\" src=\"https:\/\/i2.wp.com\/mapetitemediatheque.fr\/wp-content\/uploads\/2021\/11\/Inkedle-tour-du-monde-en-80-livres-2_LI.jpg?resize=168%2C127&amp;ssl=1\" alt=\"\" width=\"124\" height=\"94\" \/><p class=\"wp-caption-text\">Participation #6 Challenge Le tour du monde en 80 livres de <a href=\"https:\/\/mapetitemediatheque.fr\/2021\/12\/le-tour-du-monde-en-80-livres-le-challenge-qui-vous-fait-aimer-la-litterature-etrangere\/\">Bidib<\/a> #Belgique<\/p><\/div>\n","protected":false},"excerpt":{"rendered":"<p>Nous lisons \u00d6ko, un th\u00e9 en hiver de M\u00e9lanie Rutten (\u00e9d. MeMo, 2010), un album jeunesse \u00e0 partir de 8 ans et qui a re\u00e7u le Prix Sorci\u00e8res 2011 dans la cat\u00e9gorie \u00ab\u00a0Premi\u00e8res lectures\u00a0\u00bb. Au cours de l&rsquo;hiver, \u00d6ko et ses amis vont \u00e0 l&rsquo;enterrement de Madeleine, la cigale du village qui vient de mourir [&hellip;]<\/p>\n","protected":false},"author":1,"featured_media":23614,"comment_status":"open","ping_status":"open","sticky":false,"template":"","format":"standard","meta":{"jetpack_post_was_ever_published":false,"_jetpack_newsletter_access":"","_jetpack_dont_email_post_to_subs":false,"_jetpack_newsletter_tier_id":0,"_jetpack_memberships_contains_paywalled_content":false,"_jetpack_memberships_contains_paid_content":false,"footnotes":""},"categories":[363],"tags":[1167,2968,386,777,12,2018,2917,936,576,2970,963,365,2918,2969,980,369,555,613,711,388,1075,465,796],"class_list":["post-23577","post","type-post","status-publish","format-standard","has-post-thumbnail","hentry","category-mini-lecteur","tag-8-11-ans","tag-accueil","tag-amitie","tag-amour","tag-animaux","tag-challenge-petit-bac-2021","tag-des-livres-et-des-ecrans-en-cuisine-2022","tag-deuil","tag-emotions","tag-enterrement","tag-grenouille","tag-hiver","tag-le-tour-du-monde-en-80-livres-2022","tag-melanie-rutten","tag-mort","tag-neige","tag-peur","tag-peur-de-lautre","tag-prejuges","tag-solidarite","tag-souvenirs","tag-tolerance","tag-tristesse","post-preview"],"jetpack_featured_media_url":"https:\/\/i0.wp.com\/www.jojoenherbe.com\/wp-content\/uploads\/2022\/01\/Oko-un-the-en-hiver-scaled.jpg?fit=2560%2C2360","jetpack_sharing_enabled":true,"jetpack_shortlink":"https:\/\/wp.me\/p9zhGx-68h","jetpack_likes_enabled":true,"jetpack-related-posts":[{"id":14348,"url":"http:\/\/www.jojoenherbe.com\/index.php\/2020\/12\/19\/au-fil-des-pages-avec-un-noel-sous-la-neige\/","url_meta":{"origin":23577,"position":0},"title":"Au fil des pages avec Un No\u00ebl sous la neige","author":"Jojo","date":"19 d\u00e9cembre 2020","format":false,"excerpt":"Nous empruntons \u00e0 la m\u00e9diath\u00e8que Un No\u00ebl sous la neige de Diana Hendry et Jane Chapman (\u00e9d. Mijade, 2005), un album jeunesse \u00e0 partir de 3 ans. Le soir de No\u00ebl, Grand Fr\u00e8re Souris et B\u00e9b\u00e9 Souris finissent les pr\u00e9paratifs du r\u00e9veillon. Mais il manque du houx pour finir la\u2026","rel":"","context":"Dans &quot;Mini lecteur&quot;","block_context":{"text":"Mini lecteur","link":"http:\/\/www.jojoenherbe.com\/index.php\/category\/mini-lecteur\/"},"img":{"alt_text":"","src":"https:\/\/i0.wp.com\/www.jojoenherbe.com\/wp-content\/uploads\/2020\/12\/Un-Noel-sous-la-neige-1-scaled.jpg?fit=1200%2C900&resize=350%2C200","width":350,"height":200,"srcset":"https:\/\/i0.wp.com\/www.jojoenherbe.com\/wp-content\/uploads\/2020\/12\/Un-Noel-sous-la-neige-1-scaled.jpg?fit=1200%2C900&resize=350%2C200 1x, https:\/\/i0.wp.com\/www.jojoenherbe.com\/wp-content\/uploads\/2020\/12\/Un-Noel-sous-la-neige-1-scaled.jpg?fit=1200%2C900&resize=525%2C300 1.5x, https:\/\/i0.wp.com\/www.jojoenherbe.com\/wp-content\/uploads\/2020\/12\/Un-Noel-sous-la-neige-1-scaled.jpg?fit=1200%2C900&resize=700%2C400 2x, https:\/\/i0.wp.com\/www.jojoenherbe.com\/wp-content\/uploads\/2020\/12\/Un-Noel-sous-la-neige-1-scaled.jpg?fit=1200%2C900&resize=1050%2C600 3x"},"classes":[]},{"id":29327,"url":"http:\/\/www.jojoenherbe.com\/index.php\/2023\/03\/17\/au-fil-des-pages-avec-un-hiver-chez-bleuet\/","url_meta":{"origin":23577,"position":1},"title":"Au fil des pages avec Un hiver chez Bleuet","author":"Jojo","date":"17 mars 2023","format":false,"excerpt":"Nous avons lu Un hiver chez Bleuet de Heegyum Kim (\u00e9d. Michi, 2023, 40 pages), un album jeunesse \u00e0 partir de 4 ans et que j'ai achet\u00e9 \u00e0 sa parution. En pleins pr\u00e9paratifs pour son hibernation, Bleuet, un ours timide et solitaire se satisfait du confort douillet et rassurant de\u2026","rel":"","context":"Dans &quot;Mini lecteur&quot;","block_context":{"text":"Mini lecteur","link":"http:\/\/www.jojoenherbe.com\/index.php\/category\/mini-lecteur\/"},"img":{"alt_text":"","src":"https:\/\/i0.wp.com\/www.jojoenherbe.com\/wp-content\/uploads\/2023\/03\/Un-hiver-chez-Bleuet-2-scaled.jpg?fit=1200%2C1163&resize=350%2C200","width":350,"height":200,"srcset":"https:\/\/i0.wp.com\/www.jojoenherbe.com\/wp-content\/uploads\/2023\/03\/Un-hiver-chez-Bleuet-2-scaled.jpg?fit=1200%2C1163&resize=350%2C200 1x, https:\/\/i0.wp.com\/www.jojoenherbe.com\/wp-content\/uploads\/2023\/03\/Un-hiver-chez-Bleuet-2-scaled.jpg?fit=1200%2C1163&resize=525%2C300 1.5x, https:\/\/i0.wp.com\/www.jojoenherbe.com\/wp-content\/uploads\/2023\/03\/Un-hiver-chez-Bleuet-2-scaled.jpg?fit=1200%2C1163&resize=700%2C400 2x, https:\/\/i0.wp.com\/www.jojoenherbe.com\/wp-content\/uploads\/2023\/03\/Un-hiver-chez-Bleuet-2-scaled.jpg?fit=1200%2C1163&resize=1050%2C600 3x"},"classes":[]},{"id":23603,"url":"http:\/\/www.jojoenherbe.com\/index.php\/2022\/01\/31\/billet-suivi-des-livres-et-des-ecrans-en-cuisine-2022\/","url_meta":{"origin":23577,"position":2},"title":"Billet suivi: Des livres (et des \u00e9crans) en cuisine 2022","author":"Jojo","date":"31 janvier 2022","format":false,"excerpt":"Pour cette nouvelle \u00e9dition du challenge Des livres (et des \u00e9crans) en cuisine, Bidib et Fondant ont pr\u00e9vu un d\u00e9fi gourmand \u00e0 savoir le Menu complet (un ap\u00e9ritif,un plat (sal\u00e9), un l\u00e9gume, un dessert (sucr\u00e9) et une boisson chaude). Pour accomplir la mission, il faut valider 5 titres diff\u00e9rents, un\u2026","rel":"","context":"Dans &quot;Mini challenger&quot;","block_context":{"text":"Mini challenger","link":"http:\/\/www.jojoenherbe.com\/index.php\/category\/mini-challenger\/"},"img":{"alt_text":"","src":"https:\/\/i0.wp.com\/mapetitemediatheque.fr\/wp-content\/uploads\/2021\/12\/logomenu-300x215.jpg?resize=350%2C200","width":350,"height":200},"classes":[]},{"id":14929,"url":"http:\/\/www.jojoenherbe.com\/index.php\/2021\/01\/08\/au-fil-des-pages-avec-le-secret-du-loup\/","url_meta":{"origin":23577,"position":3},"title":"Au fil des pages avec Le secret du loup","author":"Jojo","date":"8 janvier 2021","format":false,"excerpt":"Nous empruntons \u00e0 la m\u00e9diath\u00e8que Le secret du loup de Morgane de Cadier et Florian Pig\u00e9 (\u00e9d. Hongfei, 2017), un album jeunesse \u00e0 partir de 7 ans selon l'\u00e9diteur voire m\u00eame avant. Se sentant seul et s'ennuyant, un loup quitte la meute pour chercher un ami. Mais dans la for\u00eat,\u2026","rel":"","context":"Dans &quot;Mini lecteur&quot;","block_context":{"text":"Mini lecteur","link":"http:\/\/www.jojoenherbe.com\/index.php\/category\/mini-lecteur\/"},"img":{"alt_text":"","src":"https:\/\/i0.wp.com\/www.jojoenherbe.com\/wp-content\/uploads\/2021\/01\/Le-secret-du-loup-scaled.jpg?fit=1200%2C1028&resize=350%2C200","width":350,"height":200,"srcset":"https:\/\/i0.wp.com\/www.jojoenherbe.com\/wp-content\/uploads\/2021\/01\/Le-secret-du-loup-scaled.jpg?fit=1200%2C1028&resize=350%2C200 1x, https:\/\/i0.wp.com\/www.jojoenherbe.com\/wp-content\/uploads\/2021\/01\/Le-secret-du-loup-scaled.jpg?fit=1200%2C1028&resize=525%2C300 1.5x, https:\/\/i0.wp.com\/www.jojoenherbe.com\/wp-content\/uploads\/2021\/01\/Le-secret-du-loup-scaled.jpg?fit=1200%2C1028&resize=700%2C400 2x, https:\/\/i0.wp.com\/www.jojoenherbe.com\/wp-content\/uploads\/2021\/01\/Le-secret-du-loup-scaled.jpg?fit=1200%2C1028&resize=1050%2C600 3x"},"classes":[]},{"id":23590,"url":"http:\/\/www.jojoenherbe.com\/index.php\/2022\/01\/11\/au-fil-des-pages-avec-la-legende-du-chien-noir\/","url_meta":{"origin":23577,"position":4},"title":"Au fil des pages avec La l\u00e9gende du chien noir","author":"Jojo","date":"11 janvier 2022","format":false,"excerpt":"Nous lisons La l\u00e9gende du chien noir de Levi Pinfold (\u00e9d. Little Urban, 2015), un album jeunesse \u00e0 partir de 3 ans selon l'\u00e9diteur voire plut\u00f4t de 4\/5 ans. Un matin d'hiver, un immense chien noir se dresse devant la porte de la famille Hope, effrayant les uns apr\u00e8s les\u2026","rel":"","context":"Dans &quot;Mini lecteur&quot;","block_context":{"text":"Mini lecteur","link":"http:\/\/www.jojoenherbe.com\/index.php\/category\/mini-lecteur\/"},"img":{"alt_text":"","src":"https:\/\/i0.wp.com\/www.jojoenherbe.com\/wp-content\/uploads\/2022\/01\/La-legende-du-chien-noir-scaled.jpg?fit=1200%2C1005&resize=350%2C200","width":350,"height":200,"srcset":"https:\/\/i0.wp.com\/www.jojoenherbe.com\/wp-content\/uploads\/2022\/01\/La-legende-du-chien-noir-scaled.jpg?fit=1200%2C1005&resize=350%2C200 1x, https:\/\/i0.wp.com\/www.jojoenherbe.com\/wp-content\/uploads\/2022\/01\/La-legende-du-chien-noir-scaled.jpg?fit=1200%2C1005&resize=525%2C300 1.5x, https:\/\/i0.wp.com\/www.jojoenherbe.com\/wp-content\/uploads\/2022\/01\/La-legende-du-chien-noir-scaled.jpg?fit=1200%2C1005&resize=700%2C400 2x, https:\/\/i0.wp.com\/www.jojoenherbe.com\/wp-content\/uploads\/2022\/01\/La-legende-du-chien-noir-scaled.jpg?fit=1200%2C1005&resize=1050%2C600 3x"},"classes":[]},{"id":12530,"url":"http:\/\/www.jojoenherbe.com\/index.php\/2020\/09\/29\/au-fil-des-pages-avec-la-riviere-aux-crocodiles-baama-ba\/","url_meta":{"origin":23577,"position":5},"title":"Au fil des pages avec La rivi\u00e8re aux crocodiles Baama-Ba","author":"Jojo","date":"29 septembre 2020","format":false,"excerpt":"Pour la piste n\u00b06 du Mois des Contes et L\u00e9gendes 2020 de Bidib, \"Escale en Afrique\", j'emprunte \u00e0 la m\u00e9diath\u00e8que La rivi\u00e8re aux crocodiles Baama-Ba de Fran\u00e7oise Guillaumond et Arno, d'apr\u00e8s un conte traditionnel africain (\u00e9d. Magnard, coll. \"Que d'histoires!\", 2005), un album jeunesse \u00e0 partir de 5\/6 ans. Fatou,\u2026","rel":"","context":"Dans &quot;Mini lecteur&quot;","block_context":{"text":"Mini lecteur","link":"http:\/\/www.jojoenherbe.com\/index.php\/category\/mini-lecteur\/"},"img":{"alt_text":"","src":"https:\/\/i0.wp.com\/www.jojoenherbe.com\/wp-content\/uploads\/2020\/09\/La-riviere-aux-crocodiles-Baama-Ba-scaled.jpg?fit=1200%2C900&resize=350%2C200","width":350,"height":200,"srcset":"https:\/\/i0.wp.com\/www.jojoenherbe.com\/wp-content\/uploads\/2020\/09\/La-riviere-aux-crocodiles-Baama-Ba-scaled.jpg?fit=1200%2C900&resize=350%2C200 1x, https:\/\/i0.wp.com\/www.jojoenherbe.com\/wp-content\/uploads\/2020\/09\/La-riviere-aux-crocodiles-Baama-Ba-scaled.jpg?fit=1200%2C900&resize=525%2C300 1.5x, https:\/\/i0.wp.com\/www.jojoenherbe.com\/wp-content\/uploads\/2020\/09\/La-riviere-aux-crocodiles-Baama-Ba-scaled.jpg?fit=1200%2C900&resize=700%2C400 2x, https:\/\/i0.wp.com\/www.jojoenherbe.com\/wp-content\/uploads\/2020\/09\/La-riviere-aux-crocodiles-Baama-Ba-scaled.jpg?fit=1200%2C900&resize=1050%2C600 3x"},"classes":[]}],"_links":{"self":[{"href":"http:\/\/www.jojoenherbe.com\/index.php\/wp-json\/wp\/v2\/posts\/23577","targetHints":{"allow":["GET"]}}],"collection":[{"href":"http:\/\/www.jojoenherbe.com\/index.php\/wp-json\/wp\/v2\/posts"}],"about":[{"href":"http:\/\/www.jojoenherbe.com\/index.php\/wp-json\/wp\/v2\/types\/post"}],"author":[{"embeddable":true,"href":"http:\/\/www.jojoenherbe.com\/index.php\/wp-json\/wp\/v2\/users\/1"}],"replies":[{"embeddable":true,"href":"http:\/\/www.jojoenherbe.com\/index.php\/wp-json\/wp\/v2\/comments?post=23577"}],"version-history":[{"count":0,"href":"http:\/\/www.jojoenherbe.com\/index.php\/wp-json\/wp\/v2\/posts\/23577\/revisions"}],"wp:featuredmedia":[{"embeddable":true,"href":"http:\/\/www.jojoenherbe.com\/index.php\/wp-json\/wp\/v2\/media\/23614"}],"wp:attachment":[{"href":"http:\/\/www.jojoenherbe.com\/index.php\/wp-json\/wp\/v2\/media?parent=23577"}],"wp:term":[{"taxonomy":"category","embeddable":true,"href":"http:\/\/www.jojoenherbe.com\/index.php\/wp-json\/wp\/v2\/categories?post=23577"},{"taxonomy":"post_tag","embeddable":true,"href":"http:\/\/www.jojoenherbe.com\/index.php\/wp-json\/wp\/v2\/tags?post=23577"}],"curies":[{"name":"wp","href":"https:\/\/api.w.org\/{rel}","templated":true}]}}