{"id":23563,"date":"2022-01-13T17:14:00","date_gmt":"2022-01-13T16:14:00","guid":{"rendered":"https:\/\/www.jojoenherbe.com\/?p=23563"},"modified":"2022-02-03T12:57:50","modified_gmt":"2022-02-03T11:57:50","slug":"au-fil-des-pages-avec-le-plus-petit-yack","status":"publish","type":"post","link":"http:\/\/www.jojoenherbe.com\/index.php\/2022\/01\/13\/au-fil-des-pages-avec-le-plus-petit-yack\/","title":{"rendered":"Au fil des pages avec Le plus petit yack"},"content":{"rendered":"<p style=\"text-align: justify;\"><em><a href=\"https:\/\/i0.wp.com\/www.jojoenherbe.com\/wp-content\/uploads\/2022\/01\/Le-plus-petit-yack-5-scaled.jpg\"><img data-recalc-dims=\"1\" loading=\"lazy\" decoding=\"async\" data-attachment-id=\"23567\" data-permalink=\"http:\/\/www.jojoenherbe.com\/index.php\/2022\/01\/13\/au-fil-des-pages-avec-le-plus-petit-yack\/le-plus-petit-yack-5\/\" data-orig-file=\"https:\/\/i0.wp.com\/www.jojoenherbe.com\/wp-content\/uploads\/2022\/01\/Le-plus-petit-yack-5-scaled.jpg?fit=2560%2C1756\" data-orig-size=\"2560,1756\" data-comments-opened=\"1\" data-image-meta=\"{&quot;aperture&quot;:&quot;1.8&quot;,&quot;credit&quot;:&quot;&quot;,&quot;camera&quot;:&quot;iPhone 7&quot;,&quot;caption&quot;:&quot;&quot;,&quot;created_timestamp&quot;:&quot;1643203426&quot;,&quot;copyright&quot;:&quot;&quot;,&quot;focal_length&quot;:&quot;3.99&quot;,&quot;iso&quot;:&quot;50&quot;,&quot;shutter_speed&quot;:&quot;0.058823529411765&quot;,&quot;title&quot;:&quot;&quot;,&quot;orientation&quot;:&quot;1&quot;}\" data-image-title=\"Le plus petit yack 5\" data-image-description=\"\" data-image-caption=\"\" data-large-file=\"https:\/\/i0.wp.com\/www.jojoenherbe.com\/wp-content\/uploads\/2022\/01\/Le-plus-petit-yack-5-scaled.jpg?fit=676%2C463\" class=\"alignleft size-thumbnail wp-image-23567\" src=\"https:\/\/i0.wp.com\/www.jojoenherbe.com\/wp-content\/uploads\/2022\/01\/Le-plus-petit-yack-5.jpg?resize=150%2C150\" alt=\"\" width=\"150\" height=\"150\" srcset=\"https:\/\/i0.wp.com\/www.jojoenherbe.com\/wp-content\/uploads\/2022\/01\/Le-plus-petit-yack-5-scaled.jpg?resize=150%2C150 150w, https:\/\/i0.wp.com\/www.jojoenherbe.com\/wp-content\/uploads\/2022\/01\/Le-plus-petit-yack-5-scaled.jpg?zoom=2&amp;resize=150%2C150 300w, https:\/\/i0.wp.com\/www.jojoenherbe.com\/wp-content\/uploads\/2022\/01\/Le-plus-petit-yack-5-scaled.jpg?zoom=3&amp;resize=150%2C150 450w\" sizes=\"auto, (max-width: 150px) 100vw, 150px\" \/><\/a><a href=\"https:\/\/i0.wp.com\/www.jojoenherbe.com\/wp-content\/uploads\/2022\/01\/Le-plus-petit-yack-6-scaled.jpg\"><img data-recalc-dims=\"1\" loading=\"lazy\" decoding=\"async\" data-attachment-id=\"23568\" data-permalink=\"http:\/\/www.jojoenherbe.com\/index.php\/2022\/01\/13\/au-fil-des-pages-avec-le-plus-petit-yack\/le-plus-petit-yack-6\/\" data-orig-file=\"https:\/\/i0.wp.com\/www.jojoenherbe.com\/wp-content\/uploads\/2022\/01\/Le-plus-petit-yack-6-scaled.jpg?fit=2560%2C1676\" data-orig-size=\"2560,1676\" data-comments-opened=\"1\" data-image-meta=\"{&quot;aperture&quot;:&quot;1.8&quot;,&quot;credit&quot;:&quot;&quot;,&quot;camera&quot;:&quot;iPhone 7&quot;,&quot;caption&quot;:&quot;&quot;,&quot;created_timestamp&quot;:&quot;1643203439&quot;,&quot;copyright&quot;:&quot;&quot;,&quot;focal_length&quot;:&quot;3.99&quot;,&quot;iso&quot;:&quot;50&quot;,&quot;shutter_speed&quot;:&quot;0.058823529411765&quot;,&quot;title&quot;:&quot;&quot;,&quot;orientation&quot;:&quot;1&quot;}\" data-image-title=\"Le plus petit yack 6\" data-image-description=\"\" data-image-caption=\"\" data-large-file=\"https:\/\/i0.wp.com\/www.jojoenherbe.com\/wp-content\/uploads\/2022\/01\/Le-plus-petit-yack-6-scaled.jpg?fit=676%2C442\" class=\"alignleft size-thumbnail wp-image-23568\" src=\"https:\/\/i0.wp.com\/www.jojoenherbe.com\/wp-content\/uploads\/2022\/01\/Le-plus-petit-yack-6.jpg?resize=150%2C150\" alt=\"\" width=\"150\" height=\"150\" srcset=\"https:\/\/i0.wp.com\/www.jojoenherbe.com\/wp-content\/uploads\/2022\/01\/Le-plus-petit-yack-6-scaled.jpg?resize=150%2C150 150w, https:\/\/i0.wp.com\/www.jojoenherbe.com\/wp-content\/uploads\/2022\/01\/Le-plus-petit-yack-6-scaled.jpg?zoom=2&amp;resize=150%2C150 300w, https:\/\/i0.wp.com\/www.jojoenherbe.com\/wp-content\/uploads\/2022\/01\/Le-plus-petit-yack-6-scaled.jpg?zoom=3&amp;resize=150%2C150 450w\" sizes=\"auto, (max-width: 150px) 100vw, 150px\" \/><\/a>D\u00e9couvert \u00e0 l\u2019ouverture de la case 22 de notre calendrier de No\u00ebl, nous lisons et relisons depuis <span style=\"text-decoration: underline;\">Le plus petit yack<\/span> de Lu Fraser et Kate Hindley (\u00e9d. Little Urban, 2021), un album \u00e0 partir de 4 ans et que j&rsquo;avais achet\u00e9 \u00e0 sortie en janvier 2021. Vivant parmi un troupeau de grands yacks au sommet de monts enneig\u00e9s, Gertie est une jeune yack qui souhaite par-dessus devenir grande. Impatiente, elle d\u00e9cide d&rsquo;entamer un programme \u00ab\u00a0grandir\u00a0\u00bb en vain, malgr\u00e9 ses efforts. Pourtant, ne peut-on pas faire de grande chose m\u00eame en \u00e9tant petit (que ce soit en \u00e2ge ou en taille)? <\/em><\/p>\n<p style=\"text-align: justify;\"><em><a href=\"https:\/\/i0.wp.com\/www.jojoenherbe.com\/wp-content\/uploads\/2022\/01\/Le-plus-petit-yack-4-scaled.jpg\"><img data-recalc-dims=\"1\" loading=\"lazy\" decoding=\"async\" data-attachment-id=\"23566\" data-permalink=\"http:\/\/www.jojoenherbe.com\/index.php\/2022\/01\/13\/au-fil-des-pages-avec-le-plus-petit-yack\/le-plus-petit-yack-4\/\" data-orig-file=\"https:\/\/i0.wp.com\/www.jojoenherbe.com\/wp-content\/uploads\/2022\/01\/Le-plus-petit-yack-4-scaled.jpg?fit=1920%2C2560\" data-orig-size=\"1920,2560\" data-comments-opened=\"1\" data-image-meta=\"{&quot;aperture&quot;:&quot;1.8&quot;,&quot;credit&quot;:&quot;&quot;,&quot;camera&quot;:&quot;iPhone 7&quot;,&quot;caption&quot;:&quot;&quot;,&quot;created_timestamp&quot;:&quot;1643203475&quot;,&quot;copyright&quot;:&quot;&quot;,&quot;focal_length&quot;:&quot;3.99&quot;,&quot;iso&quot;:&quot;40&quot;,&quot;shutter_speed&quot;:&quot;0.058823529411765&quot;,&quot;title&quot;:&quot;&quot;,&quot;orientation&quot;:&quot;1&quot;}\" data-image-title=\"Le plus petit yack 4\" data-image-description=\"\" data-image-caption=\"\" data-large-file=\"https:\/\/i0.wp.com\/www.jojoenherbe.com\/wp-content\/uploads\/2022\/01\/Le-plus-petit-yack-4-scaled.jpg?fit=676%2C901\" class=\"size-thumbnail wp-image-23566 alignright\" src=\"https:\/\/i0.wp.com\/www.jojoenherbe.com\/wp-content\/uploads\/2022\/01\/Le-plus-petit-yack-4.jpg?resize=150%2C150\" alt=\"\" width=\"150\" height=\"150\" srcset=\"https:\/\/i0.wp.com\/www.jojoenherbe.com\/wp-content\/uploads\/2022\/01\/Le-plus-petit-yack-4-scaled.jpg?resize=150%2C150 150w, https:\/\/i0.wp.com\/www.jojoenherbe.com\/wp-content\/uploads\/2022\/01\/Le-plus-petit-yack-4-scaled.jpg?zoom=2&amp;resize=150%2C150 300w, https:\/\/i0.wp.com\/www.jojoenherbe.com\/wp-content\/uploads\/2022\/01\/Le-plus-petit-yack-4-scaled.jpg?zoom=3&amp;resize=150%2C150 450w\" sizes=\"auto, (max-width: 150px) 100vw, 150px\" \/><\/a> <a href=\"https:\/\/i0.wp.com\/www.jojoenherbe.com\/wp-content\/uploads\/2022\/01\/Le-plus-petit-yack-3-scaled.jpg\"><img data-recalc-dims=\"1\" loading=\"lazy\" decoding=\"async\" data-attachment-id=\"23565\" data-permalink=\"http:\/\/www.jojoenherbe.com\/index.php\/2022\/01\/13\/au-fil-des-pages-avec-le-plus-petit-yack\/le-plus-petit-yack-3\/\" data-orig-file=\"https:\/\/i0.wp.com\/www.jojoenherbe.com\/wp-content\/uploads\/2022\/01\/Le-plus-petit-yack-3-scaled.jpg?fit=1920%2C2560\" data-orig-size=\"1920,2560\" data-comments-opened=\"1\" data-image-meta=\"{&quot;aperture&quot;:&quot;1.8&quot;,&quot;credit&quot;:&quot;&quot;,&quot;camera&quot;:&quot;iPhone 7&quot;,&quot;caption&quot;:&quot;&quot;,&quot;created_timestamp&quot;:&quot;1643203522&quot;,&quot;copyright&quot;:&quot;&quot;,&quot;focal_length&quot;:&quot;3.99&quot;,&quot;iso&quot;:&quot;40&quot;,&quot;shutter_speed&quot;:&quot;0.058823529411765&quot;,&quot;title&quot;:&quot;&quot;,&quot;orientation&quot;:&quot;1&quot;}\" data-image-title=\"Le plus petit yack 3\" data-image-description=\"\" data-image-caption=\"\" data-large-file=\"https:\/\/i0.wp.com\/www.jojoenherbe.com\/wp-content\/uploads\/2022\/01\/Le-plus-petit-yack-3-scaled.jpg?fit=676%2C901\" class=\"size-thumbnail wp-image-23565 alignright\" src=\"https:\/\/i0.wp.com\/www.jojoenherbe.com\/wp-content\/uploads\/2022\/01\/Le-plus-petit-yack-3.jpg?resize=150%2C150\" alt=\"\" width=\"150\" height=\"150\" srcset=\"https:\/\/i0.wp.com\/www.jojoenherbe.com\/wp-content\/uploads\/2022\/01\/Le-plus-petit-yack-3-scaled.jpg?resize=150%2C150 150w, https:\/\/i0.wp.com\/www.jojoenherbe.com\/wp-content\/uploads\/2022\/01\/Le-plus-petit-yack-3-scaled.jpg?zoom=2&amp;resize=150%2C150 300w, https:\/\/i0.wp.com\/www.jojoenherbe.com\/wp-content\/uploads\/2022\/01\/Le-plus-petit-yack-3-scaled.jpg?zoom=3&amp;resize=150%2C150 450w\" sizes=\"auto, (max-width: 150px) 100vw, 150px\" \/><\/a>En reprenant un th\u00e8me classique en litt\u00e9rature jeunesse, il y est ainsi question d&rsquo;acceptation de soi, de patience, de diff\u00e9rence, d&rsquo;entraide et de courage. Les illustrations de Kate Hndley sont color\u00e9es, dynamiques, \u00e0 la fois tendres et rigolotes rendant tr\u00e8s attachant le troupeau des yacks. Gertie a une petite bouille bien attachante, espi\u00e8gle et d\u00e9termin\u00e9e dans son envie de vouloir grandir trop vite. Un tr\u00e8s bon moment de lecture bienveillant et rigolo! Sans oublier un clin d\u2019\u0153il aux contes traditionnels en en d\u00e9tournant certains titres.<\/em><\/p>\n<div style=\"width: 122px\" class=\"wp-caption alignleft\"><img loading=\"lazy\" decoding=\"async\" src=\"https:\/\/lh3.googleusercontent.com\/pw\/AM-JKLW-8Xy9BIRqinPzrRBz2J2pSlRnlFIwPEKmmv1zpAf3DZoC0nJGqVPx8b0ycvPVte06hr4gaDsphFfyIzipAAW1MPEwEpWUpvmIVdN6H4fs8knOaKBdlyDoMp3hCYeWKD_2Ax2fVRZYrtgs4qzmpYdYpQ=w285-h217-no?authuser=1\" alt=\"\" width=\"112\" height=\"85\" \/><p class=\"wp-caption-text\">Challenge Petit Bac d\u2019<a href=\"https:\/\/ennalit.wordpress.com\/2021\/12\/01\/challenge-petit-bac-2022-qui-veut-jouer\/\">Enna<\/a> #2 Cat\u00e9gorie Animal: \u00ab Yack \u00bb<\/p><\/div>\n<div style=\"width: 134px\" class=\"wp-caption alignleft\"><img loading=\"lazy\" decoding=\"async\" src=\"https:\/\/i2.wp.com\/mapetitemediatheque.fr\/wp-content\/uploads\/2021\/11\/Inkedle-tour-du-monde-en-80-livres-2_LI.jpg?resize=168%2C127&amp;ssl=1\" alt=\"\" width=\"124\" height=\"94\" \/><p class=\"wp-caption-text\">Participation #5 Challenge Le tour du monde en 80 livres de <a href=\"https:\/\/mapetitemediatheque.fr\/2021\/12\/le-tour-du-monde-en-80-livres-le-challenge-qui-vous-fait-aimer-la-litterature-etrangere\/\">Bidib<\/a> #Grande-Bretagne (autrice) et Angleterre (illustratrice)<\/p><\/div>\n<div style=\"width: 111px\" class=\"wp-caption alignleft\"><img loading=\"lazy\" decoding=\"async\" src=\"https:\/\/i2.wp.com\/mapetitemediatheque.fr\/wp-content\/uploads\/2021\/07\/challenge-contes-et-legendes-239x300-1.jpg?resize=137%2C172\" alt=\"\" width=\"101\" height=\"127\" data-recalc-dims=\"1\" \/><p class=\"wp-caption-text\">Participation #3 Challenge Contes &amp; L\u00e9gendes 2022 de <a href=\"http:\/\/mapetitemediatheque.fr\/2021\/12\/challenge-contes-legendes-2022\/\">Bidib<\/a> #Titres de contes d\u00e9tourn\u00e9s<\/p><\/div>\n","protected":false},"excerpt":{"rendered":"<p>D\u00e9couvert \u00e0 l\u2019ouverture de la case 22 de notre calendrier de No\u00ebl, nous lisons et relisons depuis Le plus petit yack de Lu Fraser et Kate Hindley (\u00e9d. Little Urban, 2021), un album \u00e0 partir de 4 ans et que j&rsquo;avais achet\u00e9 \u00e0 sortie en janvier 2021. Vivant parmi un troupeau de grands yacks au [&hellip;]<\/p>\n","protected":false},"author":1,"featured_media":23569,"comment_status":"open","ping_status":"open","sticky":false,"template":"","format":"standard","meta":{"jetpack_post_was_ever_published":false,"_jetpack_newsletter_access":"","_jetpack_dont_email_post_to_subs":false,"_jetpack_newsletter_tier_id":0,"_jetpack_memberships_contains_paywalled_content":false,"_jetpack_memberships_contains_paid_content":false,"footnotes":""},"categories":[363],"tags":[1031,409,2916,2915,970,1539,612,868,390,1656,2967,2918,367,2966,1155,369,764,1879],"class_list":["post-23563","post","type-post","status-publish","format-standard","has-post-thumbnail","hentry","category-mini-lecteur","tag-4-7-ans","tag-albums-jeunesse","tag-challenge-contes-et-legendes-2022","tag-challenge-petit-bac-2022","tag-confiance-en-soi","tag-decouverte-de-soi","tag-difference","tag-enfance","tag-entraide","tag-grandir","tag-kate-hindley","tag-le-tour-du-monde-en-80-livres-2022","tag-lecture-jeunesse","tag-lu-fraser","tag-montagne","tag-neige","tag-patience","tag-yack","post-preview"],"jetpack_featured_media_url":"https:\/\/i0.wp.com\/www.jojoenherbe.com\/wp-content\/uploads\/2022\/01\/Le-plus-petit-yack-scaled.jpg?fit=2560%2C1614","jetpack_sharing_enabled":true,"jetpack_shortlink":"https:\/\/wp.me\/p9zhGx-683","jetpack_likes_enabled":true,"jetpack-related-posts":[{"id":41593,"url":"http:\/\/www.jojoenherbe.com\/index.php\/2025\/12\/04\/throwback-thursday-livresque-une-histoire-qui-se-deroule-dans-les-montagnes\/","url_meta":{"origin":23563,"position":0},"title":"Throwback Thursday Livresque: Une histoire qui se d\u00e9roule dans les montagnes","author":"Jojo","date":"4 d\u00e9cembre 2025","format":false,"excerpt":"Ce jeudi 4 d\u00e9cembre 2025, je participe au Throwback Thursday Livresque, un rendez-vous livresque initialement chez Bettie Rose Books et repris depuis par Carole, les liens \u00e9tant \u00e0 d\u00e9poser chez My-Bo0ks. Le principe est de partager chaque jeudi un livre \"ancien\" de notre biblioth\u00e8que en fonction d\u2019un th\u00e8me donn\u00e9. Cette\u2026","rel":"","context":"Dans &quot;Mini blogueur&quot;","block_context":{"text":"Mini blogueur","link":"http:\/\/www.jojoenherbe.com\/index.php\/category\/mini-blogueur\/"},"img":{"alt_text":"","src":"https:\/\/i0.wp.com\/www.jojoenherbe.com\/wp-content\/uploads\/2023\/10\/TTL-logo.jpg?resize=350%2C200","width":350,"height":200},"classes":[]},{"id":13159,"url":"http:\/\/www.jojoenherbe.com\/index.php\/2020\/09\/27\/premier-alphabet-de-jojoenherbeetillustre-y-comme-yack\/","url_meta":{"origin":23563,"position":1},"title":"Premier alphabet des animaux: Y comme Yack","author":"Jojo","date":"27 septembre 2020","format":false,"excerpt":"Pour la semaine 25 de mon challenge sur Instagram #jojoenherbeetcieillustre qui associe la premi\u00e8re lettre d'un animal avec une illustration tir\u00e9e de la litt\u00e9rature jeunesse, il s'agit de Y comme Yack. \u00a0Le yack qui fait tomber son yoyo dans le yaourt du y\u00e9ti de L\u2019extraordinaire ab\u00e9c\u00e9daire de Balthazar de Marie-H\u00e9l\u00e8ne\u2026","rel":"","context":"Dans &quot;Mini challenger&quot;","block_context":{"text":"Mini challenger","link":"http:\/\/www.jojoenherbe.com\/index.php\/category\/mini-challenger\/"},"img":{"alt_text":"","src":"https:\/\/i0.wp.com\/www.jojoenherbe.com\/wp-content\/uploads\/2020\/09\/Les-animaux-de-la-montagne-2-scaled.jpg?fit=1200%2C900&resize=350%2C200","width":350,"height":200,"srcset":"https:\/\/i0.wp.com\/www.jojoenherbe.com\/wp-content\/uploads\/2020\/09\/Les-animaux-de-la-montagne-2-scaled.jpg?fit=1200%2C900&resize=350%2C200 1x, https:\/\/i0.wp.com\/www.jojoenherbe.com\/wp-content\/uploads\/2020\/09\/Les-animaux-de-la-montagne-2-scaled.jpg?fit=1200%2C900&resize=525%2C300 1.5x, https:\/\/i0.wp.com\/www.jojoenherbe.com\/wp-content\/uploads\/2020\/09\/Les-animaux-de-la-montagne-2-scaled.jpg?fit=1200%2C900&resize=700%2C400 2x, https:\/\/i0.wp.com\/www.jojoenherbe.com\/wp-content\/uploads\/2020\/09\/Les-animaux-de-la-montagne-2-scaled.jpg?fit=1200%2C900&resize=1050%2C600 3x"},"classes":[]},{"id":23830,"url":"http:\/\/www.jojoenherbe.com\/index.php\/2022\/02\/03\/billet-de-suivi-challenge-petit-bac-2022\/","url_meta":{"origin":23563,"position":2},"title":"Billet de suivi: Challenge Petit Bac 2022","author":"Jojo","date":"3 f\u00e9vrier 2022","format":false,"excerpt":"Cette ann\u00e9e 2022, je participe pour la quatri\u00e8me fois cons\u00e9cutive au Challenge Petit Bac d\u2019Enna, les cinq premi\u00e8res cat\u00e9gories restant identiques aux ann\u00e9es pr\u00e9c\u00e9dentes. Tous les mois, je vais actualiser ce billet et faire un point sur mes participations au challenge. Pour le moment, j'ai fini mes trois premi\u00e8res lignes\u2026","rel":"","context":"Dans &quot;Mini challenger&quot;","block_context":{"text":"Mini challenger","link":"http:\/\/www.jojoenherbe.com\/index.php\/category\/mini-challenger\/"},"img":{"alt_text":"","src":"https:\/\/i0.wp.com\/www.jojoenherbe.com\/wp-content\/uploads\/2022\/02\/Petit-bac-2022.jpg?fit=285%2C217&resize=350%2C200","width":350,"height":200},"classes":[]},{"id":16121,"url":"http:\/\/www.jojoenherbe.com\/index.php\/2021\/03\/01\/ma-pal-pour-le-british-mysteries-month-2021\/","url_meta":{"origin":23563,"position":3},"title":"Ma PAL pour le British Mysteries Month 2021","author":"Jojo","date":"1 mars 2021","format":false,"excerpt":"Pour ce premier jour du British Mysteries Month 2021, Hilde et Lou nous proposent de pr\u00e9senter notre PAL (pile \u00e0 lire) pour le mois de mars. J'ai pr\u00e9vu des lectures jeunesse et adulte en lien avec le programme facultatif. Certaines sont des livres d\u00e9j\u00e0 lus mais pas encore chroniqu\u00e9s. J'en\u2026","rel":"","context":"Dans &quot;Mini challenger&quot;","block_context":{"text":"Mini challenger","link":"http:\/\/www.jojoenherbe.com\/index.php\/category\/mini-challenger\/"},"img":{"alt_text":"","src":"https:\/\/i0.wp.com\/www.jojoenherbe.com\/wp-content\/uploads\/2021\/02\/PAL-British-Mysteries-Month-2021-scaled.jpg?fit=1200%2C900&resize=350%2C200","width":350,"height":200,"srcset":"https:\/\/i0.wp.com\/www.jojoenherbe.com\/wp-content\/uploads\/2021\/02\/PAL-British-Mysteries-Month-2021-scaled.jpg?fit=1200%2C900&resize=350%2C200 1x, https:\/\/i0.wp.com\/www.jojoenherbe.com\/wp-content\/uploads\/2021\/02\/PAL-British-Mysteries-Month-2021-scaled.jpg?fit=1200%2C900&resize=525%2C300 1.5x, https:\/\/i0.wp.com\/www.jojoenherbe.com\/wp-content\/uploads\/2021\/02\/PAL-British-Mysteries-Month-2021-scaled.jpg?fit=1200%2C900&resize=700%2C400 2x, https:\/\/i0.wp.com\/www.jojoenherbe.com\/wp-content\/uploads\/2021\/02\/PAL-British-Mysteries-Month-2021-scaled.jpg?fit=1200%2C900&resize=1050%2C600 3x"},"classes":[]},{"id":23411,"url":"http:\/\/www.jojoenherbe.com\/index.php\/2022\/01\/10\/au-fil-des-pages-avec-la-chanson-de-petit-loup\/","url_meta":{"origin":23563,"position":4},"title":"Au fil des pages avec La chanson de Petit Loup","author":"Jojo","date":"10 janvier 2022","format":false,"excerpt":"Nous lisons La chanson de Petit Loup de Britta Teckentrup (\u00e9d. Albin Michel Jeunesse, 2010), un album jeunesse \u00e0 partir de 3 ans. Dans les montagnes enneig\u00e9es, des loups hurlent sous la lune mais le plus jeune, Petit Loup n'y arrive pas. Ses fr\u00e8res et s\u0153urs se moquent de lui,\u2026","rel":"","context":"Dans &quot;Mini lecteur&quot;","block_context":{"text":"Mini lecteur","link":"http:\/\/www.jojoenherbe.com\/index.php\/category\/mini-lecteur\/"},"img":{"alt_text":"","src":"https:\/\/i0.wp.com\/www.jojoenherbe.com\/wp-content\/uploads\/2022\/01\/La-chanson-de-Petit-Loup-scaled.jpg?fit=1200%2C900&resize=350%2C200","width":350,"height":200,"srcset":"https:\/\/i0.wp.com\/www.jojoenherbe.com\/wp-content\/uploads\/2022\/01\/La-chanson-de-Petit-Loup-scaled.jpg?fit=1200%2C900&resize=350%2C200 1x, https:\/\/i0.wp.com\/www.jojoenherbe.com\/wp-content\/uploads\/2022\/01\/La-chanson-de-Petit-Loup-scaled.jpg?fit=1200%2C900&resize=525%2C300 1.5x, https:\/\/i0.wp.com\/www.jojoenherbe.com\/wp-content\/uploads\/2022\/01\/La-chanson-de-Petit-Loup-scaled.jpg?fit=1200%2C900&resize=700%2C400 2x, https:\/\/i0.wp.com\/www.jojoenherbe.com\/wp-content\/uploads\/2022\/01\/La-chanson-de-Petit-Loup-scaled.jpg?fit=1200%2C900&resize=1050%2C600 3x"},"classes":[]},{"id":17344,"url":"http:\/\/www.jojoenherbe.com\/index.php\/2021\/04\/19\/au-fil-des-pages-avec-issunboshi-le-petit-samourai\/","url_meta":{"origin":23563,"position":5},"title":"Au fil des pages avec Issunb\u00f4shi, le petit samoura\u00ef","author":"Jojo","date":"19 avril 2021","format":false,"excerpt":"J'emprunte \u00e0 la m\u00e9diath\u00e8que Issunb\u00f4shi, le petit samoura\u00ef d'Alice Bri\u00e8re-Haquet et Sanoe (\u00e9d. Nobi Nobi!, coll. Soleil Flottant, 2016), un album jeunesse \u00e0 partir de 6 ans et d\u00e9crit par l'\u00e9diteur comme une version japonaise de Tom Pouce ou du Petit Poucet, le d\u00e9but me faisant \u00e9galement penser \u00e0 Poucette.\u2026","rel":"","context":"Dans &quot;Mini lecteur&quot;","block_context":{"text":"Mini lecteur","link":"http:\/\/www.jojoenherbe.com\/index.php\/category\/mini-lecteur\/"},"img":{"alt_text":"","src":"https:\/\/i0.wp.com\/www.jojoenherbe.com\/wp-content\/uploads\/2021\/04\/Issunboshi-scaled.jpg?fit=1200%2C900&resize=350%2C200","width":350,"height":200,"srcset":"https:\/\/i0.wp.com\/www.jojoenherbe.com\/wp-content\/uploads\/2021\/04\/Issunboshi-scaled.jpg?fit=1200%2C900&resize=350%2C200 1x, https:\/\/i0.wp.com\/www.jojoenherbe.com\/wp-content\/uploads\/2021\/04\/Issunboshi-scaled.jpg?fit=1200%2C900&resize=525%2C300 1.5x, https:\/\/i0.wp.com\/www.jojoenherbe.com\/wp-content\/uploads\/2021\/04\/Issunboshi-scaled.jpg?fit=1200%2C900&resize=700%2C400 2x, https:\/\/i0.wp.com\/www.jojoenherbe.com\/wp-content\/uploads\/2021\/04\/Issunboshi-scaled.jpg?fit=1200%2C900&resize=1050%2C600 3x"},"classes":[]}],"_links":{"self":[{"href":"http:\/\/www.jojoenherbe.com\/index.php\/wp-json\/wp\/v2\/posts\/23563","targetHints":{"allow":["GET"]}}],"collection":[{"href":"http:\/\/www.jojoenherbe.com\/index.php\/wp-json\/wp\/v2\/posts"}],"about":[{"href":"http:\/\/www.jojoenherbe.com\/index.php\/wp-json\/wp\/v2\/types\/post"}],"author":[{"embeddable":true,"href":"http:\/\/www.jojoenherbe.com\/index.php\/wp-json\/wp\/v2\/users\/1"}],"replies":[{"embeddable":true,"href":"http:\/\/www.jojoenherbe.com\/index.php\/wp-json\/wp\/v2\/comments?post=23563"}],"version-history":[{"count":0,"href":"http:\/\/www.jojoenherbe.com\/index.php\/wp-json\/wp\/v2\/posts\/23563\/revisions"}],"wp:featuredmedia":[{"embeddable":true,"href":"http:\/\/www.jojoenherbe.com\/index.php\/wp-json\/wp\/v2\/media\/23569"}],"wp:attachment":[{"href":"http:\/\/www.jojoenherbe.com\/index.php\/wp-json\/wp\/v2\/media?parent=23563"}],"wp:term":[{"taxonomy":"category","embeddable":true,"href":"http:\/\/www.jojoenherbe.com\/index.php\/wp-json\/wp\/v2\/categories?post=23563"},{"taxonomy":"post_tag","embeddable":true,"href":"http:\/\/www.jojoenherbe.com\/index.php\/wp-json\/wp\/v2\/tags?post=23563"}],"curies":[{"name":"wp","href":"https:\/\/api.w.org\/{rel}","templated":true}]}}