{"id":23105,"date":"2022-01-01T08:00:00","date_gmt":"2022-01-01T07:00:00","guid":{"rendered":"https:\/\/www.jojoenherbe.com\/?p=23105"},"modified":"2024-01-04T17:59:53","modified_gmt":"2024-01-04T16:59:53","slug":"mes-challenges-livresques-2022","status":"publish","type":"post","link":"http:\/\/www.jojoenherbe.com\/index.php\/2022\/01\/01\/mes-challenges-livresques-2022\/","title":{"rendered":"Mes challenges livresques 2022"},"content":{"rendered":"<p style=\"text-align: justify;\"><em>Avant de vous donner un avant-go\u00fbt de l&rsquo;\u00e9dition 2022, je tiens \u00e0 vous souhaiter une tr\u00e8s belle ann\u00e9e et \u00e0 vous pr\u00e9senter mes meilleurs v\u0153ux. Appr\u00e9ciant beaucoup mes participations et \u00e9changes autour des challenges livresques depuis quelques ann\u00e9es, je continue encore en 2022, accompagn\u00e9e pour certains de mon mini lecteur. La plupart sont des challenges annuels et d\u2019autres limit\u00e9s \u00e0 un mois particulier de l\u2019ann\u00e9e et qui reviennent d&rsquo;ann\u00e9e en ann\u00e9e. Alors voici la liste qui sera compl\u00e9t\u00e9e au-fur-et-\u00e0-mesure de l&rsquo;ann\u00e9e avec le challenge Halloween ou encore les challenges de No\u00ebl.<br \/>\n<\/em><\/p>\n<ul>\n<li><span style=\"text-decoration: underline;\"><strong><em>Le Petit Bac d\u2019Enna<\/em><\/strong><\/span><\/li>\n<\/ul>\n<div style=\"width: 165px\" class=\"wp-caption alignleft\"><img loading=\"lazy\" decoding=\"async\" src=\"https:\/\/lh3.googleusercontent.com\/pw\/AM-JKLW-8Xy9BIRqinPzrRBz2J2pSlRnlFIwPEKmmv1zpAf3DZoC0nJGqVPx8b0ycvPVte06hr4gaDsphFfyIzipAAW1MPEwEpWUpvmIVdN6H4fs8knOaKBdlyDoMp3hCYeWKD_2Ax2fVRZYrtgs4qzmpYdYpQ=w285-h217-no?authuser=1\" alt=\"\" width=\"155\" height=\"118\" \/><p class=\"wp-caption-text\">Challenge Petit Bac d\u2019<a href=\"https:\/\/ennalit.wordpress.com\/2021\/12\/01\/challenge-petit-bac-2022-qui-veut-jouer\/\">Enna<\/a><\/p><\/div>\n<p style=\"text-align: justify;\"><em>Pour la quatri\u00e8me ann\u00e9e cons\u00e9cutive, je participe au Challenge Petit Bac organis\u00e9 par <a href=\"https:\/\/ennalit.wordpress.com\/2021\/12\/01\/challenge-petit-bac-2022-qui-veut-jouer\/\">Enna<\/a>. et qui se d\u00e9roule du 1er janvier au 31 d\u00e9cembre 2022. Comme les ann\u00e9es pr\u00e9c\u00e9dentes, il y a 10 cat\u00e9gories avec les 5 premi\u00e8res identiques: pr\u00e9nom \u2013 lieu \u2013 animal \u2013 objet \u2013 couleur et une facultative: gros mot. Puis 5 nouvelles: famille \u2013 art \u2013 verbe \u2013 ponctuation et chiffre. <\/em><em>Pour plus d\u2019infos, n\u2019h\u00e9sitez pas \u00e0 aller sur son blog. Pour plus d\u2019infos, n\u2019h\u00e9sitez pas \u00e0 aller sur son blog. Et mon billet de suivi: <a href=\"https:\/\/www.jojoenherbe.com\/index.php\/2022\/02\/03\/billet-de-suivi-challenge-petit-bac-2022\/\">ici<\/a>.<br \/>\n<\/em><\/p>\n<ul>\n<li><span style=\"text-decoration: underline;\"><strong><em>Challenge Contes &amp; L\u00e9gendes<\/em><\/strong><\/span><\/li>\n<\/ul>\n<div style=\"width: 147px\" class=\"wp-caption alignright\"><img data-recalc-dims=\"1\" loading=\"lazy\" decoding=\"async\" src=\"https:\/\/i0.wp.com\/mapetitemediatheque.fr\/wp-content\/uploads\/2021\/07\/challenge-contes-et-legendes-239x300-1.jpg?resize=137%2C172\" alt=\"\" width=\"137\" height=\"172\" \/><p class=\"wp-caption-text\">Challenge Contes &amp; L\u00e9gendes 2022 de <a href=\"http:\/\/mapetitemediatheque.fr\/2021\/12\/challenge-contes-legendes-2022\/\">Bidib<\/a><\/p><\/div>\n<p style=\"text-align: justify;\"><em>Je participe \u00e0 nouveau \u00e0 un autre challenge qui me tient \u00e0 c\u0153ur: le challenge Contes et L\u00e9gendes de <a href=\"http:\/\/mapetitemediatheque.fr\/2021\/12\/challenge-contes-legendes-2022\/\">Bidib<\/a> et qui se d\u00e9roule aussi du 1er janvier au 31 d\u00e9cembre 2022. Pour cette nouvelle \u00e9dition, Bidib propose 10 th\u00e8mes \u00e0 explorer toutes l&rsquo;ann\u00e9e, suivant nos envies: Japon et Extr\u00eame-Orient (Asie de l\u2019Est et du Sud-Est) -Inde et Asie du Sud, Tibet &#8211; Antiquit\u00e9 &#8211; Am\u00e9riques et ses peuples autochtones &#8211; Afriques &#8211; Oc\u00e9anie &#8211; La Mort &#8211; Mer et oc\u00e9ans &#8211; Anges et d\u00e9mons ainsi que les plantes dans les contes et l\u00e9gendes. Pour plus d\u2019infos, n\u2019h\u00e9sitez pas \u00e0 aller sur son blog. Et mon billet de suivi: <a href=\"https:\/\/www.jojoenherbe.com\/index.php\/2022\/02\/03\/billet-de-suivi-challenge-contes-et-legendes-2022\/\">ici<\/a>.<br \/>\n<\/em><\/p>\n<ul>\n<li><span style=\"text-decoration: underline;\"><strong><em>Challenge \u00ab Des livres (et des \u00e9crans) en cuisine \u00bb<\/em><\/strong><\/span><\/li>\n<\/ul>\n<div style=\"width: 192px\" class=\"wp-caption alignleft\"><img data-recalc-dims=\"1\" loading=\"lazy\" decoding=\"async\" src=\"https:\/\/i0.wp.com\/mapetitemediatheque.fr\/wp-content\/uploads\/2021\/12\/des-livres-en-cusine.png?resize=182%2C131&#038;ssl=1\" alt=\"\" width=\"182\" height=\"131\" \/><p class=\"wp-caption-text\">Challenge Des livres (et des \u00e9crans) en cuisine 2022 de <a href=\"https:\/\/mapetitemediatheque.fr\/2021\/12\/des-livres-et-des-ecrans-en-cuisine-2022\/\">Bidib<\/a> et <a href=\"http:\/\/croquerlespages.canalblog.com\/archives\/2021\/12\/21\/39242322.html\">Fondant<\/a><\/p><\/div>\n<p style=\"text-align: justify;\"><em>Je rempile \u00e9galement, par pure gourmandise, pour le challenge Des livres (et des \u00e9crans) en cuisine de <a href=\"https:\/\/mapetitemediatheque.fr\/2021\/12\/des-livres-et-des-ecrans-en-cuisine-2022\/\">Bidib<\/a> et <a href=\"http:\/\/croquerlespages.canalblog.com\/archives\/2021\/12\/21\/39242322.html\">Fondant<\/a>. Ce challenge se d\u00e9roule \u00e9galement du 1er janvier au 31 d\u00e9cembre 2022 avec cette ann\u00e9e une nouveaut\u00e9: un d\u00e9fi gourmand \u00e0 savoir le Menu complet (un ap\u00e9ritif,un plat (sal\u00e9), un l\u00e9gume, un dessert (sucr\u00e9) et une boisson chaude). Il s\u2019agit de partager des lectures gourmandes, tout type de livres \u00e9tant accept\u00e9s ou des films, s\u00e9ries, etc. Pour plus d\u2019infos, n\u2019h\u00e9sitez pas \u00e0 aller sur leur blog. Et mon billet de suivi des menus: <a href=\"https:\/\/www.jojoenherbe.com\/index.php\/2022\/01\/31\/billet-suivi-des-livres-et-des-ecrans-en-cuisine-2022\/\">ici<\/a>.<br \/>\n<\/em><\/p>\n<ul>\n<li><span style=\"text-decoration: underline;\"><strong><em>Challenge \u00ab\u00a0Le tour du monde en 80 livres\u00a0\u00bb<\/em><\/strong><\/span><\/li>\n<\/ul>\n<div style=\"width: 178px\" class=\"wp-caption alignright\"><img data-recalc-dims=\"1\" loading=\"lazy\" decoding=\"async\" class=\"\" src=\"https:\/\/i0.wp.com\/mapetitemediatheque.fr\/wp-content\/uploads\/2021\/11\/Inkedle-tour-du-monde-en-80-livres-2_LI.jpg?resize=168%2C127&#038;ssl=1\" alt=\"\" width=\"168\" height=\"127\" \/><p class=\"wp-caption-text\">Challenge Le tour du monde en 80 livres de <a href=\"https:\/\/mapetitemediatheque.fr\/2021\/12\/le-tour-du-monde-en-80-livres-le-challenge-qui-vous-fait-aimer-la-litterature-etrangere\/\">Bidib<\/a><\/p><\/div>\n<p style=\"text-align: justify;\"><em>Cette ann\u00e9e, <a href=\"https:\/\/mapetitemediatheque.fr\/2021\/12\/le-tour-du-monde-en-80-livres-le-challenge-qui-vous-fait-aimer-la-litterature-etrangere\/\">Bidib<\/a> propose un nouveau challenge livresque autour de la litt\u00e9rature \u00e9trang\u00e8re (traduite ou pas) en d\u00e9couvrant des auteurs du monde entier. On valide chaque \u00e9tape (pays) en lisant un livre d\u2019un auteur\/illustrateur qui en est originaire. Ce challenge se d\u00e9roule du 1er janvier au 31 d\u00e9cembre 2022. Pour plus d\u2019infos, n\u2019h\u00e9sitez pas \u00e0 aller sur son blog. Et ma carte 2022: <a href=\"https:\/\/www.jojoenherbe.com\/index.php\/2022\/12\/31\/bilan-du-challenge-le-tour-du-monde-en-80-livres-2022\/\">ici<\/a>.<br \/>\n<\/em><\/p>\n<ul>\n<li><span style=\"text-decoration: underline;\"><strong><em>Challenge \u00ab\u00a02022 en classiques\u00a0\u00bb<\/em><\/strong><\/span><\/li>\n<\/ul>\n<div style=\"width: 202px\" class=\"wp-caption alignleft\"><img data-recalc-dims=\"1\" loading=\"lazy\" decoding=\"async\" class=\"\" src=\"https:\/\/i0.wp.com\/image.over-blog.com\/g6mE5gMhh4EpmYRRBtNzyaCPNnc%3D\/filters%3Ano_upscale%28%29\/image%2F0776537%2F20220103%2Fob_7debe8_montagemaman20222.png?resize=192%2C108&#038;ssl=1\" alt=\"\" width=\"192\" height=\"108\" data-amp-height=\"160\" data-amp-width=\"284\" \/><p class=\"wp-caption-text\">Challenge 2022 en classiques de <a href=\"https:\/\/vivrelivre19.over-blog.com\/2022\/01\/2022-en-classiques.html\">Blandine<\/a> et <a href=\"https:\/\/delivrer-des-livres.fr\/2022-en-classiques-challenge\/\">Nathalie<\/a><\/p><\/div>\n<p style=\"text-align: justify;\"><em>Je participe aussi, pour la troisi\u00e8me ann\u00e9e cons\u00e9cutive, au Challenge \u00ab Cette ann\u00e9e, je (re)lis des classiques \u00bb organis\u00e9 par <a href=\"https:\/\/delivrer-des-livres.fr\/2022-en-classiques-challenge\/\">Nathalie<\/a> et par <a href=\"https:\/\/vivrelivre19.over-blog.com\/2022\/01\/2022-en-classiques.html\">Blandine<\/a> et qui devient \u00ab 2022 en classiques \u00bb. Comme les ann\u00e9es pr\u00e9c\u00e9dentes, les deux coorganisatrices ont pr\u00e9vu un programme facultatif avec un th\u00e8me par mois, du 1er janvier au 31 d\u00e9cembre 2022. \u00c9tant pr\u00e9cis\u00e9 que les classiques s\u2019entendent comme ayant \u00e9t\u00e9 \u00e9crits avant 1970. Pour plus d\u2019infos, n\u2019h\u00e9sitez pas \u00e0 aller sur leur blog.<\/em><\/p>\n<ul>\n<li><span style=\"text-decoration: underline;\"><strong><em>Challenge Les \u00c9tapes Indiennes 2022<br \/>\n<\/em><\/strong><\/span><\/li>\n<\/ul>\n<div style=\"width: 214px\" class=\"wp-caption alignright\"><img data-recalc-dims=\"1\" loading=\"lazy\" decoding=\"async\" src=\"https:\/\/i0.wp.com\/image.over-blog.com\/thy1CqL02cBt88sFphaK8BjxWOo%3D\/filters%3Ano_upscale%28%29\/image%2F0776537%2F20210509%2Fob_2f9cc3_logo-hilde-et-moi-3.jpg?resize=204%2C136&#038;ssl=1\" alt=\"\" width=\"204\" height=\"136\" data-amp-height=\"167\" data-amp-width=\"250\" \/><p class=\"wp-caption-text\">Les \u00c9tapes Indiennes 2022 de <a href=\"https:\/\/lelivroblog.wordpress.com\/2022\/01\/08\/les-etapes-indiennes-2022\/\">Hilde<\/a> et <a href=\"https:\/\/vivrelivre19.over-blog.com\/2022\/01\/les-etapes-indiennes-2022-avec-hilde-et-moi.html\">Blandine<\/a><\/p><\/div>\n<p style=\"text-align: justify;\"><em>Je participe \u00e9galement aux \u00c9tapes Indiennes, challenge organis\u00e9 par <a href=\"https:\/\/lelivroblog.wordpress.com\/2022\/01\/08\/les-etapes-indiennes-2022\/\">Hilde<\/a> et <a href=\"https:\/\/vivrelivre19.over-blog.com\/2022\/01\/les-etapes-indiennes-2022-avec-hilde-et-moi.html\">Blandine<\/a> et qui se d\u00e9roule du 8 janvier 2022 au 7 janvier 2023. Elles nous ont concoct\u00e9 une programme facultatif, avec un th\u00e8me par mois et aussi des lectures communes. Et nouveaut\u00e9 cette ann\u00e9e: un d\u00e9fi sous forme de bingo. Serai-je voyageur paisible ou voyageur de l&rsquo;extr\u00eame? Pour plus d\u2019infos, n\u2019h\u00e9sitez pas \u00e0 aller sur leur blog.<\/em><\/p>\n<ul>\n<li><span style=\"text-decoration: underline;\"><strong><em>Challenge British Mysteries 2022<br \/>\n<\/em><\/strong><\/span><\/li>\n<\/ul>\n<div id=\"attachment_4689\" style=\"width: 173px\" class=\"wp-caption alignleft\"><img data-recalc-dims=\"1\" loading=\"lazy\" decoding=\"async\" aria-describedby=\"caption-attachment-4689\" class=\"wp-image-4689\" src=\"https:\/\/lelivroblog.files.wordpress.com\/2022\/01\/logo-bm4.jpeg?w=1024&#038;resize=163%2C163\" sizes=\"auto, (max-width: 1024px) 100vw, 1024px\" srcset=\"https:\/\/lelivroblog.files.wordpress.com\/2022\/01\/logo-bm4.jpeg?w=1024 1024w, https:\/\/lelivroblog.files.wordpress.com\/2022\/01\/logo-bm4.jpeg?w=150 150w, https:\/\/lelivroblog.files.wordpress.com\/2022\/01\/logo-bm4.jpeg?w=300 300w, https:\/\/lelivroblog.files.wordpress.com\/2022\/01\/logo-bm4.jpeg?w=768 768w, https:\/\/lelivroblog.files.wordpress.com\/2022\/01\/logo-bm4.jpeg 1080w\" alt=\"\" width=\"163\" height=\"163\" data-attachment-id=\"4689\" data-permalink=\"https:\/\/lelivroblog.wordpress.com\/logo-bm4\/\" data-orig-file=\"https:\/\/lelivroblog.files.wordpress.com\/2022\/01\/logo-bm4.jpeg\" data-orig-size=\"1080,1080\" data-comments-opened=\"1\" data-image-meta=\"{&quot;aperture&quot;:&quot;0&quot;,&quot;credit&quot;:&quot;&quot;,&quot;camera&quot;:&quot;&quot;,&quot;caption&quot;:&quot;&quot;,&quot;created_timestamp&quot;:&quot;0&quot;,&quot;copyright&quot;:&quot;&quot;,&quot;focal_length&quot;:&quot;0&quot;,&quot;iso&quot;:&quot;0&quot;,&quot;shutter_speed&quot;:&quot;0&quot;,&quot;title&quot;:&quot;&quot;,&quot;orientation&quot;:&quot;0&quot;}\" data-image-title=\"logo-bm4\" data-image-description=\"\" data-image-caption=\"\" data-medium-file=\"https:\/\/lelivroblog.files.wordpress.com\/2022\/01\/logo-bm4.jpeg?w=300\" data-large-file=\"https:\/\/lelivroblog.files.wordpress.com\/2022\/01\/logo-bm4.jpeg?w=736\" \/><p id=\"caption-attachment-4689\" class=\"wp-caption-text\">Challenge British Mysteries 2022 de <a href=\"https:\/\/lelivroblog.wordpress.com\/2022\/01\/11\/challenge-british-mysteries-2022\/\">Hilde<\/a> et <a href=\"http:\/\/www.myloubook.com\/2022\/01\/11\/challenge-british-mysteries-2022\/\">Lou<\/a><\/p><\/div>\n<p style=\"text-align: justify;\"><em>Je participe pour la troisi\u00e8me ann\u00e9e cons\u00e9cutive au challenge annuel British Mysteries organis\u00e9 par <a href=\"http:\/\/www.myloubook.com\/2022\/01\/11\/challenge-british-mysteries-2022\/\">Lou<\/a> et <a href=\"https:\/\/lelivroblog.wordpress.com\/2022\/01\/11\/challenge-british-mysteries-2022\/\">Hilde<\/a>. autour des myst\u00e8res britanniques et irlandais (Angleterre, \u00c9cosse, Pays de Galles ou Irlande (nord et sud)). Cette ann\u00e9e, un petit jeu sous forme d&rsquo;un Cherche et trouve remplace leur programme facultatif. J&rsquo;ai h\u00e2te de commencer ma grille. Pour plus d\u2019infos, n\u2019h\u00e9sitez pas \u00e0 aller sur leur blog. Pour suivre mes choix du Cherche et Trouve: <a href=\"https:\/\/www.jojoenherbe.com\/index.php\/2022\/02\/04\/le-cherche-et-trouve-du-challenge-british-mysteries-2022\/\">ici<\/a>.<\/em><\/p>\n<ul>\n<li style=\"text-align: justify;\"><span style=\"text-decoration: underline;\"><strong><em>Challenge Cottagecore 2022<\/em><\/strong><\/span><\/li>\n<\/ul>\n<div style=\"width: 213px\" class=\"wp-caption alignright\"><img loading=\"lazy\" decoding=\"async\" class=\"attachment-post-image  wp-post-image\" src=\"https:\/\/i0.wp.com\/www.jojoenherbe.com\/wp-content\/uploads\/2022\/03\/Challenge-Cottagecore-2022.jpg?fit=676%2C576&amp;ssl=1\" sizes=\"auto, (max-width: 676px) 100vw, 676px\" srcset=\"https:\/\/i0.wp.com\/www.jojoenherbe.com\/wp-content\/uploads\/2022\/03\/Challenge-Cottagecore-2022.jpg?w=747&amp;ssl=1 747w, https:\/\/i0.wp.com\/www.jojoenherbe.com\/wp-content\/uploads\/2022\/03\/Challenge-Cottagecore-2022.jpg?resize=300%2C256&amp;ssl=1 300w, https:\/\/i0.wp.com\/www.jojoenherbe.com\/wp-content\/uploads\/2022\/03\/Challenge-Cottagecore-2022.jpg?resize=676%2C576&amp;ssl=1 676w\" alt=\"\" width=\"203\" height=\"173\" data-attachment-id=\"24400\" data-permalink=\"https:\/\/www.jojoenherbe.com\/index.php\/2022\/03\/28\/billet-de-suivi-challenge-cottagecore-2022\/challenge-cottagecore-2022\/\" data-orig-file=\"https:\/\/i0.wp.com\/www.jojoenherbe.com\/wp-content\/uploads\/2022\/03\/Challenge-Cottagecore-2022.jpg?fit=747%2C637&amp;ssl=1\" data-orig-size=\"747,637\" data-comments-opened=\"1\" data-image-meta=\"{&quot;aperture&quot;:&quot;0&quot;,&quot;credit&quot;:&quot;&quot;,&quot;camera&quot;:&quot;&quot;,&quot;caption&quot;:&quot;&quot;,&quot;created_timestamp&quot;:&quot;0&quot;,&quot;copyright&quot;:&quot;&quot;,&quot;focal_length&quot;:&quot;0&quot;,&quot;iso&quot;:&quot;0&quot;,&quot;shutter_speed&quot;:&quot;0&quot;,&quot;title&quot;:&quot;&quot;,&quot;orientation&quot;:&quot;0&quot;}\" data-image-title=\"Challenge Cottagecore 2022\" data-image-description=\"\" data-image-caption=\"\" data-medium-file=\"https:\/\/i0.wp.com\/www.jojoenherbe.com\/wp-content\/uploads\/2022\/03\/Challenge-Cottagecore-2022.jpg?fit=300%2C256&amp;ssl=1\" data-large-file=\"https:\/\/i0.wp.com\/www.jojoenherbe.com\/wp-content\/uploads\/2022\/03\/Challenge-Cottagecore-2022.jpg?fit=676%2C576&amp;ssl=1\" \/><p class=\"wp-caption-text\">Challenge Cottagecore 2022 de <a href=\"https:\/\/artdelire.org\/2022\/03\/26\/challenge-cottagecore-2022-cest-parti-pour-une-nouvelle-saison\/\">MissyCornish<\/a><\/p><\/div>\n<p style=\"text-align: justify;\"><em>Je participe \u00e0 nouveau cette ann\u00e9e au challenge Cottagecore organis\u00e9e par <a href=\"https:\/\/artdelire.org\/2022\/03\/26\/challenge-cottagecore-2022-cest-parti-pour-une-nouvelle-saison\/\">MissyCornish<\/a> et qui se d\u00e9roule du 30 mars au 30 septembre 2022. Comme l\u2019ann\u00e9e derni\u00e8re, elle a pr\u00e9vu un programme facultatif que je vais essayer de suivre le plus possible, cinq cat\u00e9gories et des d\u00e9fis autour d\u2019histoires bucoliques et champ\u00eatres. Pour plus d\u2019infos, n\u2019h\u00e9sitez pas \u00e0 aller sur son blog. Et mon billet de suivi: <a href=\"https:\/\/www.jojoenherbe.com\/index.php\/2022\/03\/28\/billet-de-suivi-challenge-cottagecore-2022\/\">ici<\/a>.<\/em><\/p>\n<ul>\n<li><span style=\"text-decoration: underline;\"><strong><em>Challenge Un Mois au Japon 2022<\/em><\/strong><\/span><\/li>\n<\/ul>\n<div style=\"width: 172px\" class=\"wp-caption alignleft\"><img loading=\"lazy\" decoding=\"async\" class=\"attachment-post-image  wp-post-image\" src=\"https:\/\/i0.wp.com\/www.jojoenherbe.com\/wp-content\/uploads\/2022\/04\/Un-mois-au-Japon-2022-2.jpg?fit=676%2C676&amp;ssl=1\" sizes=\"auto, (max-width: 676px) 100vw, 676px\" srcset=\"https:\/\/i0.wp.com\/www.jojoenherbe.com\/wp-content\/uploads\/2022\/04\/Un-mois-au-Japon-2022-2.jpg?w=960&amp;ssl=1 960w, https:\/\/i0.wp.com\/www.jojoenherbe.com\/wp-content\/uploads\/2022\/04\/Un-mois-au-Japon-2022-2.jpg?resize=300%2C300&amp;ssl=1 300w, https:\/\/i0.wp.com\/www.jojoenherbe.com\/wp-content\/uploads\/2022\/04\/Un-mois-au-Japon-2022-2.jpg?resize=150%2C150&amp;ssl=1 150w, https:\/\/i0.wp.com\/www.jojoenherbe.com\/wp-content\/uploads\/2022\/04\/Un-mois-au-Japon-2022-2.jpg?resize=768%2C768&amp;ssl=1 768w, https:\/\/i0.wp.com\/www.jojoenherbe.com\/wp-content\/uploads\/2022\/04\/Un-mois-au-Japon-2022-2.jpg?resize=676%2C676&amp;ssl=1 676w\" alt=\"\" width=\"162\" height=\"162\" data-attachment-id=\"24425\" data-permalink=\"https:\/\/www.jojoenherbe.com\/index.php\/page-d-exemple\/un-mois-au-japon-2022-2\/\" data-orig-file=\"https:\/\/i0.wp.com\/www.jojoenherbe.com\/wp-content\/uploads\/2022\/04\/Un-mois-au-Japon-2022-2.jpg?fit=960%2C960&amp;ssl=1\" data-orig-size=\"960,960\" data-comments-opened=\"1\" data-image-meta=\"{&quot;aperture&quot;:&quot;0&quot;,&quot;credit&quot;:&quot;&quot;,&quot;camera&quot;:&quot;&quot;,&quot;caption&quot;:&quot;&quot;,&quot;created_timestamp&quot;:&quot;1648290636&quot;,&quot;copyright&quot;:&quot;&quot;,&quot;focal_length&quot;:&quot;0&quot;,&quot;iso&quot;:&quot;0&quot;,&quot;shutter_speed&quot;:&quot;0&quot;,&quot;title&quot;:&quot;&quot;,&quot;orientation&quot;:&quot;1&quot;}\" data-image-title=\"Un mois au Japon 2022 (2)\" data-image-description=\"\" data-image-caption=\"\" data-medium-file=\"https:\/\/i0.wp.com\/www.jojoenherbe.com\/wp-content\/uploads\/2022\/04\/Un-mois-au-Japon-2022-2.jpg?fit=300%2C300&amp;ssl=1\" data-large-file=\"https:\/\/i0.wp.com\/www.jojoenherbe.com\/wp-content\/uploads\/2022\/04\/Un-mois-au-Japon-2022-2.jpg?fit=676%2C676&amp;ssl=1\" \/><p class=\"wp-caption-text\">Un mois au Japon 2022 de <a href=\"http:\/\/www.myloubook.com\/2022\/04\/02\/28528\/\">Lou<\/a> et <a href=\"https:\/\/lelivroblog.wordpress.com\/2022\/04\/02\/un-mois-au-japon-2022-cinquieme-edition\/\">Hilde<\/a><\/p><\/div>\n<p style=\"text-align: justify;\"><em>Je participe comme l&rsquo;ann\u00e9e derni\u00e8re au challenge Un Mois au Japon coorganis\u00e9 par <a href=\"https:\/\/lelivroblog.wordpress.com\/2022\/04\/02\/un-mois-au-japon-2022-cinquieme-edition\/\">Hilde<\/a> et <a href=\"http:\/\/www.myloubook.com\/2022\/04\/02\/28528\/\">Lou<\/a> tout au long du mois d\u2019avril 2022. Il est d&rsquo;ores et d\u00e9j\u00e0 pr\u00e9vu des lectures communes avec un titre au choix d\u2019Haki Shimazaki pour le 8 avril 2022, d\u2019Yoko Ogawa pour le 15 avril 2022 et d\u2019Hiro Arikawa pour le 25 avril 2022. Pour plus d\u2019infos, n\u2019h\u00e9sitez pas \u00e0 aller sur leurs blogs. Et mon billet de suivi: <a href=\"https:\/\/www.jojoenherbe.com\/index.php\/2022\/04\/01\/billet-de-suivi-un-mois-au-japon-2022\/\">ici<\/a>.<br \/>\n<\/em><\/p>\n<ul>\n<li><span style=\"text-decoration: underline;\"><strong><em>Challenge Le Mois Anglais 2022<\/em><\/strong><\/span><\/li>\n<\/ul>\n<div id=\"attachment_18236\" style=\"width: 162px\" class=\"wp-caption alignright\"><img data-recalc-dims=\"1\" loading=\"lazy\" decoding=\"async\" aria-describedby=\"caption-attachment-18236\" class=\"wp-image-18236\" src=\"https:\/\/plaisirsacultiver.files.wordpress.com\/2022\/05\/mail.png?w=495&#038;h=495&#038;fit=495%2C495&#038;resize=152%2C152\" sizes=\"auto, (max-width: 495px) 100vw, 495px\" srcset=\"https:\/\/plaisirsacultiver.files.wordpress.com\/2022\/05\/mail.png?w=495&amp;h=495 495w, https:\/\/plaisirsacultiver.files.wordpress.com\/2022\/05\/mail.png?w=990&amp;h=990 990w, https:\/\/plaisirsacultiver.files.wordpress.com\/2022\/05\/mail.png?w=150&amp;h=150 150w, https:\/\/plaisirsacultiver.files.wordpress.com\/2022\/05\/mail.png?w=300&amp;h=300 300w, https:\/\/plaisirsacultiver.files.wordpress.com\/2022\/05\/mail.png?w=768&amp;h=768 768w\" alt=\"\" width=\"152\" height=\"152\" data-attachment-id=\"18236\" data-permalink=\"https:\/\/plaisirsacultiver.com\/mail-3\/\" data-orig-file=\"https:\/\/plaisirsacultiver.files.wordpress.com\/2022\/05\/mail.png\" data-orig-size=\"1080,1080\" data-comments-opened=\"1\" data-image-meta=\"{&quot;aperture&quot;:&quot;0&quot;,&quot;credit&quot;:&quot;&quot;,&quot;camera&quot;:&quot;&quot;,&quot;caption&quot;:&quot;&quot;,&quot;created_timestamp&quot;:&quot;0&quot;,&quot;copyright&quot;:&quot;&quot;,&quot;focal_length&quot;:&quot;0&quot;,&quot;iso&quot;:&quot;0&quot;,&quot;shutter_speed&quot;:&quot;0&quot;,&quot;title&quot;:&quot;&quot;,&quot;orientation&quot;:&quot;0&quot;}\" data-image-title=\"mail\" data-image-description=\"\" data-image-caption=\"\" data-medium-file=\"https:\/\/plaisirsacultiver.files.wordpress.com\/2022\/05\/mail.png?w=300\" data-large-file=\"https:\/\/plaisirsacultiver.files.wordpress.com\/2022\/05\/mail.png?w=640\" \/><p id=\"caption-attachment-18236\" class=\"wp-caption-text\">Le Mois Anglais 2022 de <a href=\"http:\/\/www.myloubook.com\/2022\/05\/03\/le-mois-anglais-2022-11e-edition\/\">Lou<\/a> et <a href=\"https:\/\/plaisirsacultiver.com\/2022\/05\/03\/18235\/\">Titine<\/a><\/p><\/div>\n<p style=\"text-align: justify;\"><em>Je participe \u00e9galement pour la troisi\u00e8me fois cons\u00e9cutive au Mois Anglais qui se d\u00e9roule tout le mois de juin 2022 avec un programme facultatif\u00a0 pr\u00e9vu par deux des trois coorganisatrices <a href=\"http:\/\/www.myloubook.com\/2022\/05\/03\/le-mois-anglais-2022-11e-edition\/\">Lou<\/a> et <a href=\"https:\/\/plaisirsacultiver.com\/2022\/05\/03\/18235\/\">Titine<\/a>, Cryssilda ne pouvant se joindre \u00e0 elles cette ann\u00e9e pour l&rsquo;organisation. Pour plus d\u2019infos, n\u2019h\u00e9sitez pas \u00e0 aller sur leurs blogs. Et mon billet de suivi: <a href=\"https:\/\/www.jojoenherbe.com\/index.php\/2022\/06\/01\/billet-de-suivi-le-mois-anglais-2022\/\">ici<\/a>.<br \/>\n<\/em><\/p>\n<ul>\n<li><span style=\"text-decoration: underline;\"><strong><em>Challenge Halloween 2022<\/em><\/strong><\/span><\/li>\n<\/ul>\n<div style=\"width: 152px\" class=\"wp-caption alignleft\"><img loading=\"lazy\" decoding=\"async\" class=\"attachment-post-image  wp-post-image\" src=\"https:\/\/i0.wp.com\/www.jojoenherbe.com\/wp-content\/uploads\/2022\/09\/Challenge-Halloween-2022.jpg?fit=676%2C676&amp;ssl=1\" sizes=\"auto, (max-width: 676px) 100vw, 676px\" srcset=\"https:\/\/i0.wp.com\/www.jojoenherbe.com\/wp-content\/uploads\/2022\/09\/Challenge-Halloween-2022.jpg?w=1080&amp;ssl=1 1080w, https:\/\/i0.wp.com\/www.jojoenherbe.com\/wp-content\/uploads\/2022\/09\/Challenge-Halloween-2022.jpg?resize=300%2C300&amp;ssl=1 300w, https:\/\/i0.wp.com\/www.jojoenherbe.com\/wp-content\/uploads\/2022\/09\/Challenge-Halloween-2022.jpg?resize=1024%2C1024&amp;ssl=1 1024w, https:\/\/i0.wp.com\/www.jojoenherbe.com\/wp-content\/uploads\/2022\/09\/Challenge-Halloween-2022.jpg?resize=150%2C150&amp;ssl=1 150w, https:\/\/i0.wp.com\/www.jojoenherbe.com\/wp-content\/uploads\/2022\/09\/Challenge-Halloween-2022.jpg?resize=768%2C768&amp;ssl=1 768w, https:\/\/i0.wp.com\/www.jojoenherbe.com\/wp-content\/uploads\/2022\/09\/Challenge-Halloween-2022.jpg?resize=676%2C676&amp;ssl=1 676w\" alt=\"\" width=\"142\" height=\"142\" data-attachment-id=\"27589\" data-permalink=\"https:\/\/www.jojoenherbe.com\/index.php\/2022\/09\/14\/billet-de-suivi-challenge-halloween-2022\/challenge-halloween-2022\/\" data-orig-file=\"https:\/\/i0.wp.com\/www.jojoenherbe.com\/wp-content\/uploads\/2022\/09\/Challenge-Halloween-2022.jpg?fit=1080%2C1080&amp;ssl=1\" data-orig-size=\"1080,1080\" data-comments-opened=\"1\" data-image-meta=\"{&quot;aperture&quot;:&quot;0&quot;,&quot;credit&quot;:&quot;&quot;,&quot;camera&quot;:&quot;&quot;,&quot;caption&quot;:&quot;&quot;,&quot;created_timestamp&quot;:&quot;1663139799&quot;,&quot;copyright&quot;:&quot;&quot;,&quot;focal_length&quot;:&quot;0&quot;,&quot;iso&quot;:&quot;0&quot;,&quot;shutter_speed&quot;:&quot;0&quot;,&quot;title&quot;:&quot;&quot;,&quot;orientation&quot;:&quot;1&quot;}\" data-image-title=\"Challenge Halloween 2022\" data-image-description=\"\" data-image-caption=\"\" data-medium-file=\"https:\/\/i0.wp.com\/www.jojoenherbe.com\/wp-content\/uploads\/2022\/09\/Challenge-Halloween-2022.jpg?fit=300%2C300&amp;ssl=1\" data-large-file=\"https:\/\/i0.wp.com\/www.jojoenherbe.com\/wp-content\/uploads\/2022\/09\/Challenge-Halloween-2022.jpg?fit=676%2C676&amp;ssl=1\" \/><p class=\"wp-caption-text\">Challenge Halloween 2022 de <a href=\"https:\/\/lelivroblog.fr\/2022\/09\/13\/le-challenge-halloween-2022\/\">Hilde<\/a> et <a href=\"https:\/\/lelivroblog.fr\/2022\/09\/13\/le-challenge-halloween-2022\/\">Lou<\/a><\/p><\/div>\n<p style=\"text-align: justify;\"><em>Comme les ann\u00e9es pr\u00e9c\u00e9dentes, je participe au Challenge Halloween organis\u00e9 par <a href=\"https:\/\/lelivroblog.fr\/2022\/09\/13\/le-challenge-halloween-2022\/\">Hilde<\/a> et <a href=\"https:\/\/lelivroblog.fr\/2022\/09\/13\/le-challenge-halloween-2022\/\">Lou<\/a>. Cette ann\u00e9e, nos deux sorci\u00e8res coorganisatrices ouvrent les portes du Manoir le 23 septembre 2022 avec trois th\u00e9matiques principales et facultatives (\u00ab\u00a0familles extraordinaires\u00a0\u00bb, \u00ab\u00a0Cocooning, bien-\u00eatre, nature, DIY, pour un Halloween bon pour soi et respectueux de la nature!\u00a0\u00bb et Sorci\u00e8res, magie verte et f\u00e9minit\u00e9 sacr\u00e9e) ainsi que la possibilit\u00e9 d&rsquo;\u00e9crire aussi des billets tout au long du mois de novembre. Pour plus d\u2019infos, n\u2019h\u00e9sitez pas \u00e0 aller sur leur blog. Et mon billet de suivi: <a href=\"https:\/\/www.jojoenherbe.com\/index.php\/2022\/09\/14\/billet-de-suivi-challenge-halloween-2022\/\">ici<\/a>.<br \/>\n<\/em><\/p>\n<ul>\n<li><span style=\"text-decoration: underline;\"><strong><em>Il \u00e9tait 10 fois No\u00ebl<\/em><\/strong><\/span><\/li>\n<\/ul>\n<div id=\"attachment_9213\" style=\"width: 152px\" class=\"wp-caption alignright\"><img data-recalc-dims=\"1\" loading=\"lazy\" decoding=\"async\" aria-describedby=\"caption-attachment-9213\" class=\"lazyloaded wp-image-9213\" src=\"https:\/\/i0.wp.com\/www.laplanquealibellules.fr\/wp-content\/uploads\/sites\/3\/2022\/10\/Logo-2022.jpg?resize=142%2C142&#038;ssl=1\" sizes=\"auto, (max-width: 824px) 100vw, 824px\" srcset=\"https:\/\/www.laplanquealibellules.fr\/wp-content\/uploads\/sites\/3\/2022\/10\/Logo-2022.jpg 824w, https:\/\/www.laplanquealibellules.fr\/wp-content\/uploads\/sites\/3\/2022\/10\/Logo-2022-300x300.jpg 300w, https:\/\/www.laplanquealibellules.fr\/wp-content\/uploads\/sites\/3\/2022\/10\/Logo-2022-150x150.jpg 150w, https:\/\/www.laplanquealibellules.fr\/wp-content\/uploads\/sites\/3\/2022\/10\/Logo-2022-768x768.jpg 768w\" alt=\"\" width=\"142\" height=\"142\" data-id=\"9213\" data-src=\"https:\/\/www.laplanquealibellules.fr\/wp-content\/uploads\/sites\/3\/2022\/10\/Logo-2022.jpg\" data-srcset=\"https:\/\/www.laplanquealibellules.fr\/wp-content\/uploads\/sites\/3\/2022\/10\/Logo-2022.jpg 824w, https:\/\/www.laplanquealibellules.fr\/wp-content\/uploads\/sites\/3\/2022\/10\/Logo-2022-300x300.jpg 300w, https:\/\/www.laplanquealibellules.fr\/wp-content\/uploads\/sites\/3\/2022\/10\/Logo-2022-150x150.jpg 150w, https:\/\/www.laplanquealibellules.fr\/wp-content\/uploads\/sites\/3\/2022\/10\/Logo-2022-768x768.jpg 768w\" data-sizes=\"(max-width: 824px) 100vw, 824px\" \/><p id=\"caption-attachment-9213\" class=\"wp-caption-text\">Challenge Il \u00e9tait 10 fois No\u00ebl de <a href=\"https:\/\/www.laplanquealibellules.fr\/2022\/11\/il-etait-dix-fois-noel.html\/\">Chicky Poo<\/a> et <a href=\"http:\/\/viedecontedefee.blogspot.com\/2022\/11\/1716-il-etait-dix-fois-noel.html\">Samarian <\/a><\/p><\/div>\n<p style=\"text-align: justify;\"><em>Comme les ann\u00e9es pr\u00e9c\u00e9dentes, je participe au challenge Il \u00e9tait 10 fois No\u00ebl. Ce challenge de No\u00ebl est organis\u00e9 par <a href=\"https:\/\/www.laplanquealibellules.fr\/2022\/11\/il-etait-dix-fois-noel.html\/\">Chicky Poo<\/a> et <a href=\"http:\/\/viedecontedefee.blogspot.com\/2022\/11\/1716-il-etait-dix-fois-noel.html\">Samarian<\/a> et se d\u00e9roulera cette ann\u00e9e du 28 novembre 2022 au 8 janvier 2023. Pour plus d\u2019infos, n\u2019h\u00e9sitez pas \u00e0 aller sur leurs blogs pour voir leur programme facultatif et le bingo no\u00eblesque. Et mon billet de suivi: <a href=\"https:\/\/www.jojoenherbe.com\/index.php\/2022\/11\/18\/billet-de-suivi-il-etait-10-fois-noel\/\">ici<\/a>.<br \/>\n<\/em><\/p>\n<ul>\n<li><span style=\"text-decoration: underline;\"><strong><em>Challenge Christmas Time 2022<\/em><\/strong><\/span><\/li>\n<\/ul>\n<div style=\"width: 177px\" class=\"wp-caption alignleft\"><img data-recalc-dims=\"1\" loading=\"lazy\" decoding=\"async\" src=\"https:\/\/i0.wp.com\/image.over-blog.com\/WPRVIwad9W0uASWYX5a3bMGEP30%3D\/filters%3Ano_upscale%28%29\/image%2F1490149%2F20221115%2Fob_a4b71e_e5498490969af2329713b44f923b35d2222.jpg?resize=167%2C170&#038;ssl=1\" alt=\"\" width=\"167\" height=\"170\" data-amp-height=\"326\" data-amp-width=\"320\" \/><p class=\"wp-caption-text\">Challenge Christmas Time 2022 de <a href=\"http:\/\/mya-books.over-blog.com\/2022\/11\/challenge-christmas-time-2022.html\">MyaRosa<\/a><\/p><\/div>\n<p style=\"text-align: justify;\"><em>Je participe enfin au Challenge Christmas Time 2022, un challenge de No\u00ebl qui est organis\u00e9 par <a href=\"http:\/\/mya-books.over-blog.com\/2022\/11\/challenge-christmas-time-2022.html\">MyaRosa<\/a> et qui se d\u00e9roule du 15 novembre 2022 au 15 janvier 2023. Pour plus d\u2019infos, n\u2019h\u00e9sitez pas \u00e0 aller sur son blog. Et mon billet de suivi: <a href=\"https:\/\/www.jojoenherbe.com\/index.php\/2022\/11\/15\/billet-de-suivi-challenge-christmas-time-2022\/\">ici<\/a>.<br \/>\n<\/em><\/p>\n","protected":false},"excerpt":{"rendered":"<p>Avant de vous donner un avant-go\u00fbt de l&rsquo;\u00e9dition 2022, je tiens \u00e0 vous souhaiter une tr\u00e8s belle ann\u00e9e et \u00e0 vous pr\u00e9senter mes meilleurs v\u0153ux. Appr\u00e9ciant beaucoup mes participations et \u00e9changes autour des challenges livresques depuis quelques ann\u00e9es, je continue encore en 2022, accompagn\u00e9e pour certains de mon mini lecteur. La plupart sont des challenges [&hellip;]<\/p>\n","protected":false},"author":1,"featured_media":0,"comment_status":"open","ping_status":"open","sticky":false,"template":"","format":"standard","meta":{"jetpack_post_was_ever_published":false,"_jetpack_newsletter_access":"","_jetpack_dont_email_post_to_subs":false,"_jetpack_newsletter_tier_id":0,"_jetpack_memberships_contains_paywalled_content":false,"_jetpack_memberships_contains_paid_content":false,"footnotes":""},"categories":[873],"tags":[2919,2955,3368,2916,3037,3137,2016,2915,2917,3367,3136,2918,2944,3040],"class_list":["post-23105","post","type-post","status-publish","format-standard","hentry","category-mini-challenger","tag-2022-en-classiques","tag-challenge-british-mysteries-2022","tag-challenge-christmas-time-2022","tag-challenge-contes-et-legendes-2022","tag-challenge-cottagecore-2022","tag-challenge-halloween-2022","tag-challenge-livresque","tag-challenge-petit-bac-2022","tag-des-livres-et-des-ecrans-en-cuisine-2022","tag-il-etait-10-fois-noel","tag-le-mois-anglais-2022","tag-le-tour-du-monde-en-80-livres-2022","tag-les-etapes-indiennes-2022","tag-un-mois-au-japon-2022","post-preview"],"jetpack_featured_media_url":"","jetpack_sharing_enabled":true,"jetpack_shortlink":"https:\/\/wp.me\/p9zhGx-60F","jetpack_likes_enabled":true,"jetpack-related-posts":[{"id":42105,"url":"http:\/\/www.jojoenherbe.com\/index.php\/2026\/01\/03\/mes-challenges-livresques-2026\/","url_meta":{"origin":23105,"position":0},"title":"Mes challenges livresques 2026","author":"Jojo","date":"3 janvier 2026","format":false,"excerpt":"Avant de vous donner un avant-go\u00fbt de l\u2019\u00e9dition 2026 des diff\u00e9rents challenges livresques auxquels je participe, je tiens \u00e0 vous souhaiter, \u00e0 nouveau, une tr\u00e8s belle et heureuse nouvelle ann\u00e9e et \u00e0 vous pr\u00e9senter mes meilleurs v\u0153ux. Appr\u00e9ciant beaucoup mes participations et \u00e9changes autour des challenges livresques depuis quelques ann\u00e9es,\u2026","rel":"","context":"Dans &quot;Mini blogueur&quot;","block_context":{"text":"Mini blogueur","link":"http:\/\/www.jojoenherbe.com\/index.php\/category\/mini-blogueur\/"},"img":{"alt_text":"","src":"https:\/\/i0.wp.com\/www.jojoenherbe.com\/wp-content\/uploads\/2026\/01\/macareux-challenge-2026.jpg?fit=861%2C998&resize=350%2C200","width":350,"height":200,"srcset":"https:\/\/i0.wp.com\/www.jojoenherbe.com\/wp-content\/uploads\/2026\/01\/macareux-challenge-2026.jpg?fit=861%2C998&resize=350%2C200 1x, https:\/\/i0.wp.com\/www.jojoenherbe.com\/wp-content\/uploads\/2026\/01\/macareux-challenge-2026.jpg?fit=861%2C998&resize=525%2C300 1.5x, https:\/\/i0.wp.com\/www.jojoenherbe.com\/wp-content\/uploads\/2026\/01\/macareux-challenge-2026.jpg?fit=861%2C998&resize=700%2C400 2x"},"classes":[]},{"id":37690,"url":"http:\/\/www.jojoenherbe.com\/index.php\/2025\/01\/10\/mes-challenges-livresques-2025\/","url_meta":{"origin":23105,"position":1},"title":"Mes challenges livresques 2025","author":"Jojo","date":"10 janvier 2025","format":false,"excerpt":"Avant de vous donner un avant-go\u00fbt de l\u2019\u00e9dition 2025 des diff\u00e9rents challenges livresques auxquels je participe, je tiens \u00e0 vous souhaiter, \u00e0 nouveau, une tr\u00e8s belle et heureuse nouvelle ann\u00e9e et \u00e0 vous pr\u00e9senter mes meilleurs v\u0153ux. Appr\u00e9ciant beaucoup mes participations et \u00e9changes autour des challenges livresques depuis quelques ann\u00e9es,\u2026","rel":"","context":"Dans &quot;Mini blogueur&quot;","block_context":{"text":"Mini blogueur","link":"http:\/\/www.jojoenherbe.com\/index.php\/category\/mini-blogueur\/"},"img":{"alt_text":"","src":"https:\/\/i0.wp.com\/www.jojoenherbe.com\/wp-content\/uploads\/2025\/01\/Les-Etapes-Indiennes-2025-logo.jpg?resize=350%2C200","width":350,"height":200,"srcset":"https:\/\/i0.wp.com\/www.jojoenherbe.com\/wp-content\/uploads\/2025\/01\/Les-Etapes-Indiennes-2025-logo.jpg?resize=350%2C200 1x, https:\/\/i0.wp.com\/www.jojoenherbe.com\/wp-content\/uploads\/2025\/01\/Les-Etapes-Indiennes-2025-logo.jpg?resize=525%2C300 1.5x, https:\/\/i0.wp.com\/www.jojoenherbe.com\/wp-content\/uploads\/2025\/01\/Les-Etapes-Indiennes-2025-logo.jpg?resize=700%2C400 2x"},"classes":[]},{"id":28955,"url":"http:\/\/www.jojoenherbe.com\/index.php\/2023\/01\/06\/mes-challenges-livresques-2023\/","url_meta":{"origin":23105,"position":2},"title":"Mes challenges livresques 2023","author":"Jojo","date":"6 janvier 2023","format":false,"excerpt":"Avant de vous donner un avant-go\u00fbt de l\u2019\u00e9dition 2023 des diff\u00e9rents challenges livresques auxquels je participe, je tiens \u00e0 vous souhaiter une tr\u00e8s belle ann\u00e9e et \u00e0 vous pr\u00e9senter mes meilleurs v\u0153ux. Appr\u00e9ciant beaucoup mes participations et \u00e9changes autour des challenges livresques depuis quelques ann\u00e9es, je continue encore en 2023,\u2026","rel":"","context":"Dans &quot;Mini challenger&quot;","block_context":{"text":"Mini challenger","link":"http:\/\/www.jojoenherbe.com\/index.php\/category\/mini-challenger\/"},"img":{"alt_text":"","src":"https:\/\/i0.wp.com\/www.jojoenherbe.com\/wp-content\/uploads\/2023\/01\/Challenge-Christmas-Time-2023-logo-2.jpg?resize=350%2C200","width":350,"height":200,"srcset":"https:\/\/i0.wp.com\/www.jojoenherbe.com\/wp-content\/uploads\/2023\/01\/Challenge-Christmas-Time-2023-logo-2.jpg?resize=350%2C200 1x, https:\/\/i0.wp.com\/www.jojoenherbe.com\/wp-content\/uploads\/2023\/01\/Challenge-Christmas-Time-2023-logo-2.jpg?resize=525%2C300 1.5x"},"classes":[]},{"id":33913,"url":"http:\/\/www.jojoenherbe.com\/index.php\/2024\/01\/02\/mes-challenges-livresques-2024\/","url_meta":{"origin":23105,"position":3},"title":"Mes challenges livresques 2024","author":"Jojo","date":"2 janvier 2024","format":false,"excerpt":"Avant de vous donner un avant-go\u00fbt de l\u2019\u00e9dition 2024 des diff\u00e9rents challenges livresques auxquels je participe, je tiens \u00e0 vous souhaiter une tr\u00e8s belle ann\u00e9e et \u00e0 vous pr\u00e9senter mes meilleurs v\u0153ux. Appr\u00e9ciant beaucoup mes participations et \u00e9changes autour des challenges livresques depuis quelques ann\u00e9es, je continue encore en 2024,\u2026","rel":"","context":"Dans &quot;Mini challenger&quot;","block_context":{"text":"Mini challenger","link":"http:\/\/www.jojoenherbe.com\/index.php\/category\/mini-challenger\/"},"img":{"alt_text":"","src":"https:\/\/i0.wp.com\/www.jojoenherbe.com\/wp-content\/uploads\/2024\/01\/DALL%C2%B7E-2023-Macareux-bibliophile.png?fit=1024%2C1024&resize=350%2C200","width":350,"height":200,"srcset":"https:\/\/i0.wp.com\/www.jojoenherbe.com\/wp-content\/uploads\/2024\/01\/DALL%C2%B7E-2023-Macareux-bibliophile.png?fit=1024%2C1024&resize=350%2C200 1x, https:\/\/i0.wp.com\/www.jojoenherbe.com\/wp-content\/uploads\/2024\/01\/DALL%C2%B7E-2023-Macareux-bibliophile.png?fit=1024%2C1024&resize=525%2C300 1.5x, https:\/\/i0.wp.com\/www.jojoenherbe.com\/wp-content\/uploads\/2024\/01\/DALL%C2%B7E-2023-Macareux-bibliophile.png?fit=1024%2C1024&resize=700%2C400 2x"},"classes":[]},{"id":14650,"url":"http:\/\/www.jojoenherbe.com\/index.php\/2021\/01\/01\/nos-challenges-livresques-2021\/","url_meta":{"origin":23105,"position":4},"title":"Nos challenges livresques 2021","author":"Jojo","date":"1 janvier 2021","format":false,"excerpt":"Nous commen\u00e7ons d\u2019abord par vous souhaiter une bonne ann\u00e9e et \u00e0 vous pr\u00e9senter nos meilleurs v\u0153ux. Pour la troisi\u00e8me ann\u00e9e cons\u00e9cutive, je continue de participer \u00e0 des challenges livresques. Certains challenges n'existent plus et d'autres ont \u00e9t\u00e9 d\u00e9couverts en cours de route l'ann\u00e9e derni\u00e8re. La plupart sont des challenges annuels\u2026","rel":"","context":"Dans &quot;Mini challenger&quot;","block_context":{"text":"Mini challenger","link":"http:\/\/www.jojoenherbe.com\/index.php\/category\/mini-challenger\/"},"img":{"alt_text":"","src":"https:\/\/i0.wp.com\/www.jojoenherbe.com\/wp-content\/uploads\/2021\/01\/Challenges-2021-scaled.jpg?fit=1200%2C793&resize=350%2C200","width":350,"height":200,"srcset":"https:\/\/i0.wp.com\/www.jojoenherbe.com\/wp-content\/uploads\/2021\/01\/Challenges-2021-scaled.jpg?fit=1200%2C793&resize=350%2C200 1x, https:\/\/i0.wp.com\/www.jojoenherbe.com\/wp-content\/uploads\/2021\/01\/Challenges-2021-scaled.jpg?fit=1200%2C793&resize=525%2C300 1.5x, https:\/\/i0.wp.com\/www.jojoenherbe.com\/wp-content\/uploads\/2021\/01\/Challenges-2021-scaled.jpg?fit=1200%2C793&resize=700%2C400 2x, https:\/\/i0.wp.com\/www.jojoenherbe.com\/wp-content\/uploads\/2021\/01\/Challenges-2021-scaled.jpg?fit=1200%2C793&resize=1050%2C600 3x"},"classes":[]},{"id":9272,"url":"http:\/\/www.jojoenherbe.com\/index.php\/2020\/01\/03\/ou-va-jojo-en-2020\/","url_meta":{"origin":23105,"position":5},"title":"Nos challenges livresques 2020","author":"Jojo","date":"3 janvier 2020","format":false,"excerpt":"Nous commen\u00e7ons d'abord par vous souhaiter une bonne ann\u00e9e et \u00e0 vous pr\u00e9senter nos meilleurs v\u0153ux. Cette ann\u00e9e 2019, nous avons beaucoup lu, balad\u00e9, jou\u00e9 et photographi\u00e9, profitant de tous ces petits moments de la vie. Ce fut l'occasion de\u00a0 participer \u00e0 des challenges photo ou lecture dans une grande\u2026","rel":"","context":"Dans &quot;Mini challenger&quot;","block_context":{"text":"Mini challenger","link":"http:\/\/www.jojoenherbe.com\/index.php\/category\/mini-challenger\/"},"img":{"alt_text":"","src":"https:\/\/i0.wp.com\/www.jojoenherbe.com\/wp-content\/uploads\/2020\/01\/Challenges-livresques-2020-scaled.jpg?fit=1200%2C900&resize=350%2C200","width":350,"height":200,"srcset":"https:\/\/i0.wp.com\/www.jojoenherbe.com\/wp-content\/uploads\/2020\/01\/Challenges-livresques-2020-scaled.jpg?fit=1200%2C900&resize=350%2C200 1x, https:\/\/i0.wp.com\/www.jojoenherbe.com\/wp-content\/uploads\/2020\/01\/Challenges-livresques-2020-scaled.jpg?fit=1200%2C900&resize=525%2C300 1.5x, https:\/\/i0.wp.com\/www.jojoenherbe.com\/wp-content\/uploads\/2020\/01\/Challenges-livresques-2020-scaled.jpg?fit=1200%2C900&resize=700%2C400 2x, https:\/\/i0.wp.com\/www.jojoenherbe.com\/wp-content\/uploads\/2020\/01\/Challenges-livresques-2020-scaled.jpg?fit=1200%2C900&resize=1050%2C600 3x"},"classes":[]}],"_links":{"self":[{"href":"http:\/\/www.jojoenherbe.com\/index.php\/wp-json\/wp\/v2\/posts\/23105","targetHints":{"allow":["GET"]}}],"collection":[{"href":"http:\/\/www.jojoenherbe.com\/index.php\/wp-json\/wp\/v2\/posts"}],"about":[{"href":"http:\/\/www.jojoenherbe.com\/index.php\/wp-json\/wp\/v2\/types\/post"}],"author":[{"embeddable":true,"href":"http:\/\/www.jojoenherbe.com\/index.php\/wp-json\/wp\/v2\/users\/1"}],"replies":[{"embeddable":true,"href":"http:\/\/www.jojoenherbe.com\/index.php\/wp-json\/wp\/v2\/comments?post=23105"}],"version-history":[{"count":15,"href":"http:\/\/www.jojoenherbe.com\/index.php\/wp-json\/wp\/v2\/posts\/23105\/revisions"}],"predecessor-version":[{"id":34033,"href":"http:\/\/www.jojoenherbe.com\/index.php\/wp-json\/wp\/v2\/posts\/23105\/revisions\/34033"}],"wp:attachment":[{"href":"http:\/\/www.jojoenherbe.com\/index.php\/wp-json\/wp\/v2\/media?parent=23105"}],"wp:term":[{"taxonomy":"category","embeddable":true,"href":"http:\/\/www.jojoenherbe.com\/index.php\/wp-json\/wp\/v2\/categories?post=23105"},{"taxonomy":"post_tag","embeddable":true,"href":"http:\/\/www.jojoenherbe.com\/index.php\/wp-json\/wp\/v2\/tags?post=23105"}],"curies":[{"name":"wp","href":"https:\/\/api.w.org\/{rel}","templated":true}]}}