{"id":22845,"date":"2023-12-24T13:08:06","date_gmt":"2023-12-24T12:08:06","guid":{"rendered":"https:\/\/www.jojoenherbe.com\/?p=22845"},"modified":"2024-01-05T18:44:30","modified_gmt":"2024-01-05T17:44:30","slug":"au-fil-des-pages-avec-le-noel-de-nicodeme","status":"publish","type":"post","link":"http:\/\/www.jojoenherbe.com\/index.php\/2023\/12\/24\/au-fil-des-pages-avec-le-noel-de-nicodeme\/","title":{"rendered":"Au fil des pages avec Le No\u00ebl de Nicod\u00e8me"},"content":{"rendered":"<p style=\"text-align: justify;\"><em><a href=\"https:\/\/i0.wp.com\/www.jojoenherbe.com\/wp-content\/uploads\/2023\/12\/Le-Noel-de-Nicodeme-2-scaled.jpg\"><img data-recalc-dims=\"1\" loading=\"lazy\" decoding=\"async\" data-attachment-id=\"33751\" data-permalink=\"http:\/\/www.jojoenherbe.com\/index.php\/2023\/12\/24\/au-fil-des-pages-avec-le-noel-de-nicodeme\/le-noel-de-nicodeme-2\/\" data-orig-file=\"https:\/\/i0.wp.com\/www.jojoenherbe.com\/wp-content\/uploads\/2023\/12\/Le-Noel-de-Nicodeme-2-scaled.jpg?fit=2560%2C1524\" data-orig-size=\"2560,1524\" data-comments-opened=\"1\" data-image-meta=\"{&quot;aperture&quot;:&quot;1.8&quot;,&quot;credit&quot;:&quot;&quot;,&quot;camera&quot;:&quot;iPhone 7&quot;,&quot;caption&quot;:&quot;&quot;,&quot;created_timestamp&quot;:&quot;1609324222&quot;,&quot;copyright&quot;:&quot;&quot;,&quot;focal_length&quot;:&quot;3.99&quot;,&quot;iso&quot;:&quot;64&quot;,&quot;shutter_speed&quot;:&quot;0.058823529411765&quot;,&quot;title&quot;:&quot;&quot;,&quot;orientation&quot;:&quot;1&quot;}\" data-image-title=\"Le No\u00ebl de Nicod\u00e8me 2\" data-image-description=\"\" data-image-caption=\"\" data-large-file=\"https:\/\/i0.wp.com\/www.jojoenherbe.com\/wp-content\/uploads\/2023\/12\/Le-Noel-de-Nicodeme-2-scaled.jpg?fit=676%2C403\" class=\"alignleft size-thumbnail wp-image-33751\" src=\"https:\/\/i0.wp.com\/www.jojoenherbe.com\/wp-content\/uploads\/2023\/12\/Le-Noel-de-Nicodeme-2.jpg?resize=150%2C150\" alt=\"\" width=\"150\" height=\"150\" srcset=\"https:\/\/i0.wp.com\/www.jojoenherbe.com\/wp-content\/uploads\/2023\/12\/Le-Noel-de-Nicodeme-2-scaled.jpg?resize=150%2C150 150w, https:\/\/i0.wp.com\/www.jojoenherbe.com\/wp-content\/uploads\/2023\/12\/Le-Noel-de-Nicodeme-2-scaled.jpg?zoom=2&amp;resize=150%2C150 300w, https:\/\/i0.wp.com\/www.jojoenherbe.com\/wp-content\/uploads\/2023\/12\/Le-Noel-de-Nicodeme-2-scaled.jpg?zoom=3&amp;resize=150%2C150 450w\" sizes=\"auto, (max-width: 150px) 100vw, 150px\" \/><\/a>Cela fait plusieurs ann\u00e9es de suite que nous empruntons \u00e0 la m\u00e9diath\u00e8que <span style=\"text-decoration: underline;\">Le No\u00ebl de Nicod\u00e8me<\/span> d&rsquo;Agn\u00e8s Laroche et St\u00e9phanie Augusseau (\u00e9d. Alice Jeunesse, octobre 2015, 40 pages), un album jeunesse \u00e0 partir de 3 ans. En ce soir de No\u00ebl, Nicod\u00e8me, un petit gar\u00e7on est bien d\u00e9cid\u00e9 \u00e0 rencontrer le P\u00e8re No\u00ebl. Sans un bruit pour ne pas r\u00e9veiller ses parents et accompagn\u00e9 de son chat, le petit gar\u00e7on se cache derri\u00e8re le fauteuil en face de la chemin\u00e9e. Sa patience sera-t-elle r\u00e9compens\u00e9e?<br \/>\n<\/em><\/p>\n<p style=\"text-align: justify;\"><a href=\"https:\/\/i0.wp.com\/www.jojoenherbe.com\/wp-content\/uploads\/2023\/12\/Le-Noel-de-Nicodeme-3-scaled.jpg\"><img data-recalc-dims=\"1\" loading=\"lazy\" decoding=\"async\" data-attachment-id=\"33752\" data-permalink=\"http:\/\/www.jojoenherbe.com\/index.php\/2023\/12\/24\/au-fil-des-pages-avec-le-noel-de-nicodeme\/le-noel-de-nicodeme-3\/\" data-orig-file=\"https:\/\/i0.wp.com\/www.jojoenherbe.com\/wp-content\/uploads\/2023\/12\/Le-Noel-de-Nicodeme-3-scaled.jpg?fit=2560%2C2319\" data-orig-size=\"2560,2319\" data-comments-opened=\"1\" data-image-meta=\"{&quot;aperture&quot;:&quot;1.8&quot;,&quot;credit&quot;:&quot;&quot;,&quot;camera&quot;:&quot;iPhone 7&quot;,&quot;caption&quot;:&quot;&quot;,&quot;created_timestamp&quot;:&quot;1609324210&quot;,&quot;copyright&quot;:&quot;&quot;,&quot;focal_length&quot;:&quot;3.99&quot;,&quot;iso&quot;:&quot;40&quot;,&quot;shutter_speed&quot;:&quot;0.058823529411765&quot;,&quot;title&quot;:&quot;&quot;,&quot;orientation&quot;:&quot;1&quot;}\" data-image-title=\"Le No\u00ebl de Nicod\u00e8me 3\" data-image-description=\"\" data-image-caption=\"\" data-large-file=\"https:\/\/i0.wp.com\/www.jojoenherbe.com\/wp-content\/uploads\/2023\/12\/Le-Noel-de-Nicodeme-3-scaled.jpg?fit=676%2C613\" class=\"size-thumbnail wp-image-33752 alignright\" src=\"https:\/\/i0.wp.com\/www.jojoenherbe.com\/wp-content\/uploads\/2023\/12\/Le-Noel-de-Nicodeme-3.jpg?resize=150%2C150\" alt=\"\" width=\"150\" height=\"150\" srcset=\"https:\/\/i0.wp.com\/www.jojoenherbe.com\/wp-content\/uploads\/2023\/12\/Le-Noel-de-Nicodeme-3-scaled.jpg?resize=150%2C150 150w, https:\/\/i0.wp.com\/www.jojoenherbe.com\/wp-content\/uploads\/2023\/12\/Le-Noel-de-Nicodeme-3-scaled.jpg?zoom=2&amp;resize=150%2C150 300w, https:\/\/i0.wp.com\/www.jojoenherbe.com\/wp-content\/uploads\/2023\/12\/Le-Noel-de-Nicodeme-3-scaled.jpg?zoom=3&amp;resize=150%2C150 450w\" sizes=\"auto, (max-width: 150px) 100vw, 150px\" \/><\/a><em><a href=\"https:\/\/i0.wp.com\/www.jojoenherbe.com\/wp-content\/uploads\/2023\/12\/Le-Noel-de-Nicodeme-5-scaled.jpg\"><img data-recalc-dims=\"1\" loading=\"lazy\" decoding=\"async\" data-attachment-id=\"33759\" data-permalink=\"http:\/\/www.jojoenherbe.com\/index.php\/2023\/12\/24\/au-fil-des-pages-avec-le-noel-de-nicodeme\/le-noel-de-nicodeme-5\/\" data-orig-file=\"https:\/\/i0.wp.com\/www.jojoenherbe.com\/wp-content\/uploads\/2023\/12\/Le-Noel-de-Nicodeme-5-scaled.jpg?fit=2560%2C1587\" data-orig-size=\"2560,1587\" data-comments-opened=\"1\" data-image-meta=\"{&quot;aperture&quot;:&quot;1.8&quot;,&quot;credit&quot;:&quot;&quot;,&quot;camera&quot;:&quot;iPhone 7&quot;,&quot;caption&quot;:&quot;&quot;,&quot;created_timestamp&quot;:&quot;1609324180&quot;,&quot;copyright&quot;:&quot;&quot;,&quot;focal_length&quot;:&quot;3.99&quot;,&quot;iso&quot;:&quot;64&quot;,&quot;shutter_speed&quot;:&quot;0.058823529411765&quot;,&quot;title&quot;:&quot;&quot;,&quot;orientation&quot;:&quot;1&quot;}\" data-image-title=\"Le No\u00ebl de Nicod\u00e8me 5\" data-image-description=\"\" data-image-caption=\"\" data-large-file=\"https:\/\/i0.wp.com\/www.jojoenherbe.com\/wp-content\/uploads\/2023\/12\/Le-Noel-de-Nicodeme-5-scaled.jpg?fit=676%2C419\" class=\"size-thumbnail wp-image-33759 alignright\" src=\"https:\/\/i0.wp.com\/www.jojoenherbe.com\/wp-content\/uploads\/2023\/12\/Le-Noel-de-Nicodeme-5.jpg?resize=150%2C150\" alt=\"\" width=\"150\" height=\"150\" srcset=\"https:\/\/i0.wp.com\/www.jojoenherbe.com\/wp-content\/uploads\/2023\/12\/Le-Noel-de-Nicodeme-5-scaled.jpg?resize=150%2C150 150w, https:\/\/i0.wp.com\/www.jojoenherbe.com\/wp-content\/uploads\/2023\/12\/Le-Noel-de-Nicodeme-5-scaled.jpg?zoom=2&amp;resize=150%2C150 300w, https:\/\/i0.wp.com\/www.jojoenherbe.com\/wp-content\/uploads\/2023\/12\/Le-Noel-de-Nicodeme-5-scaled.jpg?zoom=3&amp;resize=150%2C150 450w\" sizes=\"auto, (max-width: 150px) 100vw, 150px\" \/><\/a>Les illustrations au crayonn\u00e9 avec des touches de couleur no\u00eblesque (rouge, vert et jaune) sont magnifiques, expressives et apportent une touche de douceur, de magie de No\u00ebl et de myst\u00e8re sur la venue du P\u00e8re No\u00ebl. Il y est aussi question de bont\u00e9 et d&rsquo;entraide, Nicod\u00e8me emp\u00eachant son chat de s&rsquo;en prendre \u00e0 une tourterelle qui s&rsquo;est retrouv\u00e9e dans la chemin\u00e9e. Un tr\u00e8s bon moment de lecture avec cet album jeunesse qui laisse planer le doute, pour le jeune lecteur, sur la pr\u00e9sence ou non du P\u00e8re No\u00ebl! Cet opus fait partie d&rsquo;une s\u00e9rie livresque mettant en sc\u00e8ne Nicod\u00e8me mais c&rsquo;est le seul que poss\u00e8de notre m\u00e9diath\u00e8que.<\/em><\/p>\n<div id=\"attachment_32921\" style=\"width: 100px\" class=\"wp-caption alignleft\"><img data-recalc-dims=\"1\" loading=\"lazy\" decoding=\"async\" aria-describedby=\"caption-attachment-32921\" data-attachment-id=\"32921\" data-permalink=\"http:\/\/www.jojoenherbe.com\/index.php\/2023\/01\/06\/mes-challenges-livresques-2023\/il-etait-11-fois-noel-logo\/\" data-orig-file=\"https:\/\/i0.wp.com\/www.jojoenherbe.com\/wp-content\/uploads\/2023\/01\/Il-etait-11-fois-Noel-logo.jpg?fit=622%2C622\" data-orig-size=\"622,622\" data-comments-opened=\"1\" data-image-meta=\"{&quot;aperture&quot;:&quot;0&quot;,&quot;credit&quot;:&quot;&quot;,&quot;camera&quot;:&quot;&quot;,&quot;caption&quot;:&quot;&quot;,&quot;created_timestamp&quot;:&quot;0&quot;,&quot;copyright&quot;:&quot;&quot;,&quot;focal_length&quot;:&quot;0&quot;,&quot;iso&quot;:&quot;0&quot;,&quot;shutter_speed&quot;:&quot;0&quot;,&quot;title&quot;:&quot;&quot;,&quot;orientation&quot;:&quot;0&quot;}\" data-image-title=\"Il \u00e9tait 11 fois No\u00ebl &amp;#8211; logo\" data-image-description=\"\" data-image-caption=\"\" data-large-file=\"https:\/\/i0.wp.com\/www.jojoenherbe.com\/wp-content\/uploads\/2023\/01\/Il-etait-11-fois-Noel-logo.jpg?fit=622%2C622\" class=\"wp-image-32921\" src=\"https:\/\/i0.wp.com\/www.jojoenherbe.com\/wp-content\/uploads\/2023\/01\/Il-etait-11-fois-Noel-logo.jpg?resize=90%2C90\" alt=\"\" width=\"90\" height=\"90\" srcset=\"https:\/\/i0.wp.com\/www.jojoenherbe.com\/wp-content\/uploads\/2023\/01\/Il-etait-11-fois-Noel-logo.jpg?w=622 622w, https:\/\/i0.wp.com\/www.jojoenherbe.com\/wp-content\/uploads\/2023\/01\/Il-etait-11-fois-Noel-logo.jpg?resize=300%2C300 300w, https:\/\/i0.wp.com\/www.jojoenherbe.com\/wp-content\/uploads\/2023\/01\/Il-etait-11-fois-Noel-logo.jpg?resize=150%2C150 150w\" sizes=\"auto, (max-width: 90px) 100vw, 90px\" \/><p id=\"caption-attachment-32921\" class=\"wp-caption-text\">Participation #15 Challenge Il \u00e9tait 11 fois No\u00ebl de <em><a href=\"https:\/\/www.laplanquealibellules.fr\/2023\/11\/il-etait-onze-fois-noel.html\/\">Chicky Poo<\/a> et <a href=\"http:\/\/viedecontedefee.blogspot.com\/2023\/11\/1744-its-time-il-etait-onze-fois-noel.html\">Samarian<\/a><\/em> #Album jeunesse<\/p><\/div>\n<div id=\"attachment_33087\" style=\"width: 125px\" class=\"wp-caption alignleft\"><img data-recalc-dims=\"1\" loading=\"lazy\" decoding=\"async\" aria-describedby=\"caption-attachment-33087\" data-attachment-id=\"33087\" data-permalink=\"http:\/\/www.jojoenherbe.com\/index.php\/2023\/01\/06\/mes-challenges-livresques-2023\/challenge-christmas-time-2023-logo-2\/\" data-orig-file=\"https:\/\/i0.wp.com\/www.jojoenherbe.com\/wp-content\/uploads\/2023\/01\/Challenge-Christmas-Time-2023-logo-2.jpg?fit=564%2C410\" data-orig-size=\"564,410\" data-comments-opened=\"1\" data-image-meta=\"{&quot;aperture&quot;:&quot;0&quot;,&quot;credit&quot;:&quot;&quot;,&quot;camera&quot;:&quot;&quot;,&quot;caption&quot;:&quot;&quot;,&quot;created_timestamp&quot;:&quot;1700400496&quot;,&quot;copyright&quot;:&quot;&quot;,&quot;focal_length&quot;:&quot;0&quot;,&quot;iso&quot;:&quot;0&quot;,&quot;shutter_speed&quot;:&quot;0&quot;,&quot;title&quot;:&quot;&quot;,&quot;orientation&quot;:&quot;0&quot;}\" data-image-title=\"Challenge Christmas Time 2023 &amp;#8211; logo 2\" data-image-description=\"\" data-image-caption=\"&lt;p&gt;Participation # Challenge Christmas Time 2023 de MyaRosa #Illuminations&lt;\/p&gt;\n\" data-large-file=\"https:\/\/i0.wp.com\/www.jojoenherbe.com\/wp-content\/uploads\/2023\/01\/Challenge-Christmas-Time-2023-logo-2.jpg?fit=564%2C410\" class=\"wp-image-33087\" src=\"https:\/\/i0.wp.com\/www.jojoenherbe.com\/wp-content\/uploads\/2023\/01\/Challenge-Christmas-Time-2023-logo-2.jpg?resize=115%2C84\" alt=\"\" width=\"115\" height=\"84\" srcset=\"https:\/\/i0.wp.com\/www.jojoenherbe.com\/wp-content\/uploads\/2023\/01\/Challenge-Christmas-Time-2023-logo-2.jpg?w=564 564w, https:\/\/i0.wp.com\/www.jojoenherbe.com\/wp-content\/uploads\/2023\/01\/Challenge-Christmas-Time-2023-logo-2.jpg?resize=300%2C218 300w\" sizes=\"auto, (max-width: 115px) 100vw, 115px\" \/><p id=\"caption-attachment-33087\" class=\"wp-caption-text\">Participation #14 Challenge Christmas Time 2023 de <em><a href=\"http:\/\/mya-books.over-blog.com\/2023\/11\/challenge-christmas-time-2023.html\">MyaRosa<\/a><\/em> #Album jeunesse<\/p><\/div>\n","protected":false},"excerpt":{"rendered":"<p>Cela fait plusieurs ann\u00e9es de suite que nous empruntons \u00e0 la m\u00e9diath\u00e8que Le No\u00ebl de Nicod\u00e8me d&rsquo;Agn\u00e8s Laroche et St\u00e9phanie Augusseau (\u00e9d. Alice Jeunesse, octobre 2015, 40 pages), un album jeunesse \u00e0 partir de 3 ans. En ce soir de No\u00ebl, Nicod\u00e8me, un petit gar\u00e7on est bien d\u00e9cid\u00e9 \u00e0 rencontrer le P\u00e8re No\u00ebl. Sans un [&hellip;]<\/p>\n","protected":false},"author":1,"featured_media":33754,"comment_status":"open","ping_status":"open","sticky":false,"template":"","format":"standard","meta":{"jetpack_post_was_ever_published":false,"_jetpack_newsletter_access":"","_jetpack_dont_email_post_to_subs":false,"_jetpack_newsletter_tier_id":0,"_jetpack_memberships_contains_paywalled_content":false,"_jetpack_memberships_contains_paid_content":false,"footnotes":""},"categories":[363],"tags":[785,3992,409,1262,3529,705,390,3528,602,367,1056,19,429,698,2408,3993,1983],"class_list":["post-22845","post","type-post","status-publish","format-standard","has-post-thumbnail","hentry","category-mini-lecteur","tag-3-6-ans","tag-agnes-laroche","tag-albums-jeunesse","tag-attente","tag-challenge-christmas-time-2023","tag-chat","tag-entraide","tag-il-etait-11-fois-noel","tag-imaginaire","tag-lecture-jeunesse","tag-lectures-de-noel","tag-noel","tag-nuit","tag-pere-noel","tag-relation-enfant-animal","tag-stephanie-augusseau","tag-tourterelle","post-preview"],"jetpack_featured_media_url":"https:\/\/i0.wp.com\/www.jojoenherbe.com\/wp-content\/uploads\/2023\/12\/Le-Noel-de-Nicodeme-scaled.jpg?fit=2560%2C1920","jetpack_sharing_enabled":true,"jetpack_shortlink":"https:\/\/wp.me\/p9zhGx-5Wt","jetpack_likes_enabled":true,"jetpack-related-posts":[{"id":14380,"url":"http:\/\/www.jojoenherbe.com\/index.php\/2020\/12\/11\/un-premier-rat-de-noel-2020\/","url_meta":{"origin":22845,"position":0},"title":"Un premier RAT de No\u00ebl 2020","author":"Jojo","date":"11 d\u00e9cembre 2020","format":false,"excerpt":"Ce 11 d\u00e9cembre 2020 \u00e0 21h d\u00e9bute un premier RAT de No\u00ebl organis\u00e9 par Samarian et Chicky Poo dans le cadre du challenge \"Il \u00e9tait 8 fois No\u00ebl\", et ce jusqu'au 13 d\u00e9cembre minuit avec au moins une lecture sur le th\u00e8me de l\u2019hiver et\/ou de No\u00ebl. Alors on se\u2026","rel":"","context":"Dans &quot;Mini challenger&quot;","block_context":{"text":"Mini challenger","link":"http:\/\/www.jojoenherbe.com\/index.php\/category\/mini-challenger\/"},"img":{"alt_text":"","src":"https:\/\/i0.wp.com\/www.jojoenherbe.com\/wp-content\/uploads\/2020\/12\/PAL-du-1er-RAT-de-Noel-2020-scaled.jpg?fit=1200%2C774&resize=350%2C200","width":350,"height":200,"srcset":"https:\/\/i0.wp.com\/www.jojoenherbe.com\/wp-content\/uploads\/2020\/12\/PAL-du-1er-RAT-de-Noel-2020-scaled.jpg?fit=1200%2C774&resize=350%2C200 1x, https:\/\/i0.wp.com\/www.jojoenherbe.com\/wp-content\/uploads\/2020\/12\/PAL-du-1er-RAT-de-Noel-2020-scaled.jpg?fit=1200%2C774&resize=525%2C300 1.5x, https:\/\/i0.wp.com\/www.jojoenherbe.com\/wp-content\/uploads\/2020\/12\/PAL-du-1er-RAT-de-Noel-2020-scaled.jpg?fit=1200%2C774&resize=700%2C400 2x, https:\/\/i0.wp.com\/www.jojoenherbe.com\/wp-content\/uploads\/2020\/12\/PAL-du-1er-RAT-de-Noel-2020-scaled.jpg?fit=1200%2C774&resize=1050%2C600 3x"},"classes":[]},{"id":14709,"url":"http:\/\/www.jojoenherbe.com\/index.php\/2021\/01\/02\/un-second-rat-post-noel-2020\/","url_meta":{"origin":22845,"position":1},"title":"Un second RAT post-No\u00ebl 2020","author":"Jojo","date":"2 janvier 2021","format":false,"excerpt":"Pour ce premier week-end de l'ann\u00e9e 2021, Chicky Poo et Samarian nous propose de cl\u00f4turer leur challenge Il \u00e9tait 8 fois No\u00ebl par un RAT post-No\u00ebl 2020. Dans notre PAL de ce week-end, nous avons encore quelques lectures de No\u00ebl, des relectures sur le th\u00e8me de la galette des rois\u2026","rel":"","context":"Dans &quot;Mini challenger&quot;","block_context":{"text":"Mini challenger","link":"http:\/\/www.jojoenherbe.com\/index.php\/category\/mini-challenger\/"},"img":{"alt_text":"","src":"https:\/\/i0.wp.com\/www.jojoenherbe.com\/wp-content\/uploads\/2021\/01\/PAL-2e-RAT-de-Noel-et-de-lhiver-scaled.jpg?fit=1200%2C851&resize=350%2C200","width":350,"height":200,"srcset":"https:\/\/i0.wp.com\/www.jojoenherbe.com\/wp-content\/uploads\/2021\/01\/PAL-2e-RAT-de-Noel-et-de-lhiver-scaled.jpg?fit=1200%2C851&resize=350%2C200 1x, https:\/\/i0.wp.com\/www.jojoenherbe.com\/wp-content\/uploads\/2021\/01\/PAL-2e-RAT-de-Noel-et-de-lhiver-scaled.jpg?fit=1200%2C851&resize=525%2C300 1.5x, https:\/\/i0.wp.com\/www.jojoenherbe.com\/wp-content\/uploads\/2021\/01\/PAL-2e-RAT-de-Noel-et-de-lhiver-scaled.jpg?fit=1200%2C851&resize=700%2C400 2x, https:\/\/i0.wp.com\/www.jojoenherbe.com\/wp-content\/uploads\/2021\/01\/PAL-2e-RAT-de-Noel-et-de-lhiver-scaled.jpg?fit=1200%2C851&resize=1050%2C600 3x"},"classes":[]},{"id":8760,"url":"http:\/\/www.jojoenherbe.com\/index.php\/2019\/12\/06\/au-fil-des-pages-avec-linvite-de-noel\/","url_meta":{"origin":22845,"position":2},"title":"Au fil des pages avec L&rsquo;invit\u00e9 de No\u00ebl","author":"Jojo","date":"6 d\u00e9cembre 2019","format":false,"excerpt":"Nous lisons depuis plusieurs jours L'invit\u00e9 de No\u00ebl de France Quatromme et M\u00e9lanie Allag (\u00e9d. L'\u00e9lan vert, coll. Les Petits m, 2011), un album jeunesse \u00e0 partir de 3 ans. Dans ce joli album, un petit gar\u00e7on est impatient de f\u00eater No\u00ebl, accompagn\u00e9 de son chien et de son chat.\u2026","rel":"","context":"Dans &quot;Mini lecteur&quot;","block_context":{"text":"Mini lecteur","link":"http:\/\/www.jojoenherbe.com\/index.php\/category\/mini-lecteur\/"},"img":{"alt_text":"","src":"https:\/\/i0.wp.com\/www.jojoenherbe.com\/wp-content\/uploads\/2019\/12\/Linvit%C3%A9-de-No%C3%ABl-scaled.jpg?fit=1200%2C920&resize=350%2C200","width":350,"height":200,"srcset":"https:\/\/i0.wp.com\/www.jojoenherbe.com\/wp-content\/uploads\/2019\/12\/Linvit%C3%A9-de-No%C3%ABl-scaled.jpg?fit=1200%2C920&resize=350%2C200 1x, https:\/\/i0.wp.com\/www.jojoenherbe.com\/wp-content\/uploads\/2019\/12\/Linvit%C3%A9-de-No%C3%ABl-scaled.jpg?fit=1200%2C920&resize=525%2C300 1.5x, https:\/\/i0.wp.com\/www.jojoenherbe.com\/wp-content\/uploads\/2019\/12\/Linvit%C3%A9-de-No%C3%ABl-scaled.jpg?fit=1200%2C920&resize=700%2C400 2x, https:\/\/i0.wp.com\/www.jojoenherbe.com\/wp-content\/uploads\/2019\/12\/Linvit%C3%A9-de-No%C3%ABl-scaled.jpg?fit=1200%2C920&resize=1050%2C600 3x"},"classes":[]},{"id":9341,"url":"http:\/\/www.jojoenherbe.com\/index.php\/2020\/01\/03\/au-fil-des-pages-avec-anton-et-le-cadeau-de-noel\/","url_meta":{"origin":22845,"position":3},"title":"Au fil des pages avec Anton et le cadeau de No\u00ebl","author":"Jojo","date":"3 janvier 2020","format":false,"excerpt":"Nous empruntons \u00e0 la biblioth\u00e8que Anton et le cadeau de No\u00ebl d'Ole K\u00f6nnecke (\u00e9d. De la Martini\u00e8re Jeunesse, 2013), un album jeunesse \u00e0 partir de 3 ans. Un jour, un petit gar\u00e7on part se promener dans la neige avec sa peluche, Ours Gustav. Tout \u00e0 coup, un paquet tombe du\u2026","rel":"","context":"Dans &quot;Mini lecteur&quot;","block_context":{"text":"Mini lecteur","link":"http:\/\/www.jojoenherbe.com\/index.php\/category\/mini-lecteur\/"},"img":{"alt_text":"","src":"https:\/\/i0.wp.com\/www.jojoenherbe.com\/wp-content\/uploads\/2020\/01\/Anton-et-le-cadeau-de-No%C3%ABl-scaled.jpg?fit=1200%2C906&resize=350%2C200","width":350,"height":200,"srcset":"https:\/\/i0.wp.com\/www.jojoenherbe.com\/wp-content\/uploads\/2020\/01\/Anton-et-le-cadeau-de-No%C3%ABl-scaled.jpg?fit=1200%2C906&resize=350%2C200 1x, https:\/\/i0.wp.com\/www.jojoenherbe.com\/wp-content\/uploads\/2020\/01\/Anton-et-le-cadeau-de-No%C3%ABl-scaled.jpg?fit=1200%2C906&resize=525%2C300 1.5x, https:\/\/i0.wp.com\/www.jojoenherbe.com\/wp-content\/uploads\/2020\/01\/Anton-et-le-cadeau-de-No%C3%ABl-scaled.jpg?fit=1200%2C906&resize=700%2C400 2x, https:\/\/i0.wp.com\/www.jojoenherbe.com\/wp-content\/uploads\/2020\/01\/Anton-et-le-cadeau-de-No%C3%ABl-scaled.jpg?fit=1200%2C906&resize=1050%2C600 3x"},"classes":[]},{"id":23148,"url":"http:\/\/www.jojoenherbe.com\/index.php\/2021\/12\/16\/au-fil-des-pages-avec-le-petit-monde-de-pere-noel\/","url_meta":{"origin":22845,"position":4},"title":"Au fil des pages avec Le petit monde de P\u00e8re No\u00ebl","author":"Jojo","date":"16 d\u00e9cembre 2021","format":false,"excerpt":"Pour cette journ\u00e9e \"BD de No\u00ebl\" du Challenge Christmas Time 2021, j'ai choisi Le petit monde de P\u00e8re No\u00ebl, Elle veut changer No\u00ebl (T1) de Thierry Robin et Alexandre R\u00e9v\u00e9rend (\u00e9d. Dupuis, coll. Puceron, 2007, 30 pages), une BD jeunesse \u00e0 lire tout seul \u00e0 partir de 3 ans et\u2026","rel":"","context":"Dans &quot;Mini lecteur&quot;","block_context":{"text":"Mini lecteur","link":"http:\/\/www.jojoenherbe.com\/index.php\/category\/mini-lecteur\/"},"img":{"alt_text":"","src":"https:\/\/i0.wp.com\/www.jojoenherbe.com\/wp-content\/uploads\/2021\/12\/Le-petit-monde-de-Pere-Noel-scaled.jpg?fit=1200%2C1026&resize=350%2C200","width":350,"height":200,"srcset":"https:\/\/i0.wp.com\/www.jojoenherbe.com\/wp-content\/uploads\/2021\/12\/Le-petit-monde-de-Pere-Noel-scaled.jpg?fit=1200%2C1026&resize=350%2C200 1x, https:\/\/i0.wp.com\/www.jojoenherbe.com\/wp-content\/uploads\/2021\/12\/Le-petit-monde-de-Pere-Noel-scaled.jpg?fit=1200%2C1026&resize=525%2C300 1.5x, https:\/\/i0.wp.com\/www.jojoenherbe.com\/wp-content\/uploads\/2021\/12\/Le-petit-monde-de-Pere-Noel-scaled.jpg?fit=1200%2C1026&resize=700%2C400 2x, https:\/\/i0.wp.com\/www.jojoenherbe.com\/wp-content\/uploads\/2021\/12\/Le-petit-monde-de-Pere-Noel-scaled.jpg?fit=1200%2C1026&resize=1050%2C600 3x"},"classes":[]},{"id":14074,"url":"http:\/\/www.jojoenherbe.com\/index.php\/2020\/11\/25\/au-fil-des-pages-avec-quand-tombe-la-neige\/","url_meta":{"origin":22845,"position":5},"title":"Au fil des pages avec Quand tombe la neige","author":"Jojo","date":"25 novembre 2020","format":false,"excerpt":"D'habitude, nous installons le sapin de No\u00ebl et les d\u00e9corations pour la Sainte-Catherine. Mais cette ann\u00e9e, tout est d\u00e9j\u00e0 install\u00e9 et nous avons d\u00e9j\u00e0 commenc\u00e9 \u00e0 nous plonger dans les histoires de No\u00ebl. Alors en ce 25 novembre 2020, j'avais envie de vous pr\u00e9senter un album jeunesse que j'avais rep\u00e9r\u00e9\u2026","rel":"","context":"Dans &quot;Mini lecteur&quot;","block_context":{"text":"Mini lecteur","link":"http:\/\/www.jojoenherbe.com\/index.php\/category\/mini-lecteur\/"},"img":{"alt_text":"","src":"https:\/\/i0.wp.com\/www.jojoenherbe.com\/wp-content\/uploads\/2020\/11\/Quand-tombe-la-neige-scaled.jpg?fit=1200%2C813&resize=350%2C200","width":350,"height":200,"srcset":"https:\/\/i0.wp.com\/www.jojoenherbe.com\/wp-content\/uploads\/2020\/11\/Quand-tombe-la-neige-scaled.jpg?fit=1200%2C813&resize=350%2C200 1x, https:\/\/i0.wp.com\/www.jojoenherbe.com\/wp-content\/uploads\/2020\/11\/Quand-tombe-la-neige-scaled.jpg?fit=1200%2C813&resize=525%2C300 1.5x, https:\/\/i0.wp.com\/www.jojoenherbe.com\/wp-content\/uploads\/2020\/11\/Quand-tombe-la-neige-scaled.jpg?fit=1200%2C813&resize=700%2C400 2x, https:\/\/i0.wp.com\/www.jojoenherbe.com\/wp-content\/uploads\/2020\/11\/Quand-tombe-la-neige-scaled.jpg?fit=1200%2C813&resize=1050%2C600 3x"},"classes":[]}],"_links":{"self":[{"href":"http:\/\/www.jojoenherbe.com\/index.php\/wp-json\/wp\/v2\/posts\/22845","targetHints":{"allow":["GET"]}}],"collection":[{"href":"http:\/\/www.jojoenherbe.com\/index.php\/wp-json\/wp\/v2\/posts"}],"about":[{"href":"http:\/\/www.jojoenherbe.com\/index.php\/wp-json\/wp\/v2\/types\/post"}],"author":[{"embeddable":true,"href":"http:\/\/www.jojoenherbe.com\/index.php\/wp-json\/wp\/v2\/users\/1"}],"replies":[{"embeddable":true,"href":"http:\/\/www.jojoenherbe.com\/index.php\/wp-json\/wp\/v2\/comments?post=22845"}],"version-history":[{"count":6,"href":"http:\/\/www.jojoenherbe.com\/index.php\/wp-json\/wp\/v2\/posts\/22845\/revisions"}],"predecessor-version":[{"id":34100,"href":"http:\/\/www.jojoenherbe.com\/index.php\/wp-json\/wp\/v2\/posts\/22845\/revisions\/34100"}],"wp:featuredmedia":[{"embeddable":true,"href":"http:\/\/www.jojoenherbe.com\/index.php\/wp-json\/wp\/v2\/media\/33754"}],"wp:attachment":[{"href":"http:\/\/www.jojoenherbe.com\/index.php\/wp-json\/wp\/v2\/media?parent=22845"}],"wp:term":[{"taxonomy":"category","embeddable":true,"href":"http:\/\/www.jojoenherbe.com\/index.php\/wp-json\/wp\/v2\/categories?post=22845"},{"taxonomy":"post_tag","embeddable":true,"href":"http:\/\/www.jojoenherbe.com\/index.php\/wp-json\/wp\/v2\/tags?post=22845"}],"curies":[{"name":"wp","href":"https:\/\/api.w.org\/{rel}","templated":true}]}}