{"id":22834,"date":"2021-12-13T10:16:00","date_gmt":"2021-12-13T09:16:00","guid":{"rendered":"https:\/\/www.jojoenherbe.com\/?p=22834"},"modified":"2022-02-03T12:44:30","modified_gmt":"2022-02-03T11:44:30","slug":"billet-photo-noelesque-voyage","status":"publish","type":"post","link":"http:\/\/www.jojoenherbe.com\/index.php\/2021\/12\/13\/billet-photo-noelesque-voyage\/","title":{"rendered":"Billet photo no\u00eblesque: \u00ab\u00a0Voyage\u00a0\u00bb"},"content":{"rendered":"<p style=\"text-align: justify;\"><em>Pour le billet photo du 13 d\u00e9cembre 2021 du challenge Il \u00e9tait 9 fois No\u00ebl, Chicky Poo et Samarian ont choisi le th\u00e8me du \u00ab\u00a0Voyage\u00a0\u00bb. J&rsquo;aurai \u00e9galement pu choisir cette photo pour le th\u00e8me de la semaine derni\u00e8re \u00ab\u00a0Souvenir\u00a0\u00bb. Il s&rsquo;agit d&rsquo;une photo prise en juillet 2011, quelque part dans les Fjords de l&rsquo;Ouest de l&rsquo;Islande de fa\u00e7on totalement inattendue.<\/em><\/p>\n<div style=\"width: 140px\" class=\"wp-caption aligncenter\"><img loading=\"lazy\" decoding=\"async\" src=\"https:\/\/i1.wp.com\/1.bp.blogspot.com\/-jZaT4_Mt4z0\/YZEgAbLEi_I\/AAAAAAAAIuo\/BJhLRiAjVwgxgk9hOwZ8TreAohy0RjLMwCLcBGAsYHQ\/s320\/9xnoel%2B2.jpg?resize=142%2C142&amp;ssl=1\" alt=\"\" width=\"130\" height=\"130\" border=\"0\" data-original-height=\"417\" data-original-width=\"417\" data-recalc-dims=\"1\" \/><p class=\"wp-caption-text\">Participation #9 Challenge Il \u00e9tait 9 fois No\u00ebl de <a href=\"https:\/\/www.laplanquealibellules.fr\/2021\/11\/il-etait-neuf-fois-noel.html\/\">Chicky Poo<\/a> et <a href=\"http:\/\/viedecontedefee.blogspot.com\/2021\/11\/1686-il-etait-neuf-fois-noel.html\">Samarian<\/a> #Billet Photo<\/p><\/div>\n","protected":false},"excerpt":{"rendered":"<p>Pour le billet photo du 13 d\u00e9cembre 2021 du challenge Il \u00e9tait 9 fois No\u00ebl, Chicky Poo et Samarian ont choisi le th\u00e8me du \u00ab\u00a0Voyage\u00a0\u00bb. J&rsquo;aurai \u00e9galement pu choisir cette photo pour le th\u00e8me de la semaine derni\u00e8re \u00ab\u00a0Souvenir\u00a0\u00bb. Il s&rsquo;agit d&rsquo;une photo prise en juillet 2011, quelque part dans les Fjords de l&rsquo;Ouest de [&hellip;]<\/p>\n","protected":false},"author":1,"featured_media":22835,"comment_status":"open","ping_status":"open","sticky":false,"template":"","format":"standard","meta":{"jetpack_post_was_ever_published":false,"_jetpack_newsletter_access":"","_jetpack_dont_email_post_to_subs":false,"_jetpack_newsletter_tier_id":0,"_jetpack_memberships_contains_paywalled_content":false,"_jetpack_memberships_contains_paid_content":false,"footnotes":""},"categories":[437],"tags":[282,2025,281,698],"class_list":["post-22834","post","type-post","status-publish","format-standard","has-post-thumbnail","hentry","category-mini-photographe","tag-fjords","tag-il-etait-9-fois-noel","tag-islande","tag-pere-noel","post-preview"],"jetpack_featured_media_url":"https:\/\/i0.wp.com\/www.jojoenherbe.com\/wp-content\/uploads\/2021\/12\/Pere-Noel-Islande.jpg?fit=1536%2C2048","jetpack_sharing_enabled":true,"jetpack_shortlink":"https:\/\/wp.me\/p9zhGx-5Wi","jetpack_likes_enabled":true,"jetpack-related-posts":[{"id":22982,"url":"http:\/\/www.jojoenherbe.com\/index.php\/2021\/12\/20\/billet-photo-noelesque-matin-dhiver\/","url_meta":{"origin":22834,"position":0},"title":"Billet photo no\u00eblesque: \u00ab Matin d&rsquo;hiver \u00bb","author":"Jojo","date":"20 d\u00e9cembre 2021","format":false,"excerpt":"Pour le billet photo du 20 d\u00e9cembre 2021 du challenge Il \u00e9tait 9 fois No\u00ebl, Chicky Poo et Samarian ont choisi le th\u00e8me du \u00ab Matin d'hiver \u00bb. M\u00eame si l'hiver 2021 ne commence que demain, voici une photo prise hier matin dans les Gorges de la M\u00e9ouge, \u00e0 cot\u00e9\u2026","rel":"","context":"Dans &quot;Mini baladeur&quot;","block_context":{"text":"Mini baladeur","link":"http:\/\/www.jojoenherbe.com\/index.php\/category\/mini-crapahuteur\/mini-baladeur\/"},"img":{"alt_text":"","src":"https:\/\/i0.wp.com\/www.jojoenherbe.com\/wp-content\/uploads\/2021\/12\/Gorges-de-la-Meouge-scaled.jpg?fit=1200%2C900&resize=350%2C200","width":350,"height":200,"srcset":"https:\/\/i0.wp.com\/www.jojoenherbe.com\/wp-content\/uploads\/2021\/12\/Gorges-de-la-Meouge-scaled.jpg?fit=1200%2C900&resize=350%2C200 1x, https:\/\/i0.wp.com\/www.jojoenherbe.com\/wp-content\/uploads\/2021\/12\/Gorges-de-la-Meouge-scaled.jpg?fit=1200%2C900&resize=525%2C300 1.5x, https:\/\/i0.wp.com\/www.jojoenherbe.com\/wp-content\/uploads\/2021\/12\/Gorges-de-la-Meouge-scaled.jpg?fit=1200%2C900&resize=700%2C400 2x, https:\/\/i0.wp.com\/www.jojoenherbe.com\/wp-content\/uploads\/2021\/12\/Gorges-de-la-Meouge-scaled.jpg?fit=1200%2C900&resize=1050%2C600 3x"},"classes":[]},{"id":22494,"url":"http:\/\/www.jojoenherbe.com\/index.php\/2021\/11\/17\/billet-de-suivi-il-etait-9-fois-noel\/","url_meta":{"origin":22834,"position":1},"title":"Billet de suivi: Il \u00e9tait 9 fois No\u00ebl","author":"Jojo","date":"17 novembre 2021","format":false,"excerpt":"Le mois de d\u00e9cembre approchant, c\u2019est le retour de Il \u00e9tait 9 fois No\u00ebl, un challenge de No\u00ebl organis\u00e9 par Chicky Poo et Samarian qui ouvrent les portes de leur Chalet du 29 novembre 2021 au 2 janvier 2022. Pour plus d\u2019infos, n\u2019h\u00e9sitez pas \u00e0 aller sur leurs blogs. Ce\u2026","rel":"","context":"Dans &quot;Mini challenger&quot;","block_context":{"text":"Mini challenger","link":"http:\/\/www.jojoenherbe.com\/index.php\/category\/mini-challenger\/"},"img":{"alt_text":"","src":"https:\/\/i0.wp.com\/www.jojoenherbe.com\/wp-content\/uploads\/2021\/11\/Il-etait-9-fois-Noel-logo.jpg?fit=500%2C500&resize=350%2C200","width":350,"height":200},"classes":[]},{"id":28631,"url":"http:\/\/www.jojoenherbe.com\/index.php\/2022\/11\/18\/billet-de-suivi-il-etait-10-fois-noel\/","url_meta":{"origin":22834,"position":2},"title":"Billet de suivi: Il \u00e9tait 10 fois No\u00ebl","author":"Jojo","date":"18 novembre 2022","format":false,"excerpt":"Le mois de d\u00e9cembre approchant, c\u2019est le retour de Il \u00e9tait 10 fois No\u00ebl, un challenge de No\u00ebl organis\u00e9 par Chicky Poo et Samarian qui ouvrent les portes de leur Chalet du 28 novembre 2021 au 8 janvier 2022. Pour plus d\u2019infos, n\u2019h\u00e9sitez pas \u00e0 aller sur leurs blogs. Ce\u2026","rel":"","context":"Dans &quot;Mini challenger&quot;","block_context":{"text":"Mini challenger","link":"http:\/\/www.jojoenherbe.com\/index.php\/category\/mini-challenger\/"},"img":{"alt_text":"","src":"https:\/\/i0.wp.com\/www.jojoenherbe.com\/wp-content\/uploads\/2022\/11\/Il-etait-10-fois-Noel.jpg?fit=824%2C824&resize=350%2C200","width":350,"height":200,"srcset":"https:\/\/i0.wp.com\/www.jojoenherbe.com\/wp-content\/uploads\/2022\/11\/Il-etait-10-fois-Noel.jpg?fit=824%2C824&resize=350%2C200 1x, https:\/\/i0.wp.com\/www.jojoenherbe.com\/wp-content\/uploads\/2022\/11\/Il-etait-10-fois-Noel.jpg?fit=824%2C824&resize=525%2C300 1.5x, https:\/\/i0.wp.com\/www.jojoenherbe.com\/wp-content\/uploads\/2022\/11\/Il-etait-10-fois-Noel.jpg?fit=824%2C824&resize=700%2C400 2x"},"classes":[]},{"id":37216,"url":"http:\/\/www.jojoenherbe.com\/index.php\/2024\/11\/12\/billet-de-suivi-il-etait-12-fois-noel\/","url_meta":{"origin":22834,"position":3},"title":"Billet de suivi: Il \u00e9tait 12 fois No\u00ebl","author":"Jojo","date":"12 novembre 2024","format":false,"excerpt":"Le mois de d\u00e9cembre approchant, c\u2019est le retour de Il \u00e9tait 12 fois No\u00ebl, un challenge de No\u00ebl coorganis\u00e9 par Chicky Poo et Samarian qui ouvrent les portes de leur Chalet du 15 novembre 2024 au 5 janvier 2025. Pour plus d\u2019infos, n\u2019h\u00e9sitez pas \u00e0 aller sur leurs blogs et\u2026","rel":"","context":"Dans &quot;Mini blogueur&quot;","block_context":{"text":"Mini blogueur","link":"http:\/\/www.jojoenherbe.com\/index.php\/category\/mini-blogueur\/"},"img":{"alt_text":"","src":"https:\/\/i0.wp.com\/www.jojoenherbe.com\/wp-content\/uploads\/2024\/11\/Il-etait-12-fois-Noel-logo.jpg?fit=768%2C636&resize=350%2C200","width":350,"height":200,"srcset":"https:\/\/i0.wp.com\/www.jojoenherbe.com\/wp-content\/uploads\/2024\/11\/Il-etait-12-fois-Noel-logo.jpg?fit=768%2C636&resize=350%2C200 1x, https:\/\/i0.wp.com\/www.jojoenherbe.com\/wp-content\/uploads\/2024\/11\/Il-etait-12-fois-Noel-logo.jpg?fit=768%2C636&resize=525%2C300 1.5x, https:\/\/i0.wp.com\/www.jojoenherbe.com\/wp-content\/uploads\/2024\/11\/Il-etait-12-fois-Noel-logo.jpg?fit=768%2C636&resize=700%2C400 2x"},"classes":[]},{"id":41357,"url":"http:\/\/www.jojoenherbe.com\/index.php\/2025\/11\/15\/billet-de-suivi-il-etait-13-fois-noel\/","url_meta":{"origin":22834,"position":4},"title":"Billet de suivi: Il \u00e9tait 13 fois No\u00ebl","author":"Jojo","date":"15 novembre 2025","format":false,"excerpt":"Le mois de d\u00e9cembre approchant, c\u2019est le retour de Il \u00e9tait 13 fois No\u00ebl, un challenge de No\u00ebl coorganis\u00e9 par Chicky Poo et Samarian qui ouvrent les portes de leur Chalet du 15 novembre 2025 au 11 janvier 2026. Cette ann\u00e9e, elles ont imagin\u00e9 une nouvelle formule avec des cases\u2026","rel":"","context":"Dans &quot;Mini blogueur&quot;","block_context":{"text":"Mini blogueur","link":"http:\/\/www.jojoenherbe.com\/index.php\/category\/mini-blogueur\/"},"img":{"alt_text":"","src":"https:\/\/i0.wp.com\/www.jojoenherbe.com\/wp-content\/uploads\/2025\/11\/Il-etait-13-fois-Noel-logo.jpg?fit=626%2C589&resize=350%2C200","width":350,"height":200,"srcset":"https:\/\/i0.wp.com\/www.jojoenherbe.com\/wp-content\/uploads\/2025\/11\/Il-etait-13-fois-Noel-logo.jpg?fit=626%2C589&resize=350%2C200 1x, https:\/\/i0.wp.com\/www.jojoenherbe.com\/wp-content\/uploads\/2025\/11\/Il-etait-13-fois-Noel-logo.jpg?fit=626%2C589&resize=525%2C300 1.5x"},"classes":[]},{"id":8824,"url":"http:\/\/www.jojoenherbe.com\/index.php\/2019\/12\/09\/gourmandises-de-noel\/","url_meta":{"origin":22834,"position":5},"title":"Gourmandises de No\u00ebl","author":"Jojo","date":"9 d\u00e9cembre 2019","format":false,"excerpt":"En ce 9 d\u00e9cembre 2019, Chicky Poo et Samarian nous proposent dans le cadre du challenge \"Il \u00e9tait 7 fois No\u00ebl\" de publier une photo sur le th\u00e8me de la \"gourmandise\". Voici donc nos gourmandises de No\u00ebl: du nougat de figues, des chocolats \u00e0 suspendre, des papillotes et des cl\u00e9mentines.\u2026","rel":"","context":"Dans &quot;mini photographe&quot;","block_context":{"text":"mini photographe","link":"http:\/\/www.jojoenherbe.com\/index.php\/category\/mini-photographe\/"},"img":{"alt_text":"","src":"https:\/\/i0.wp.com\/www.jojoenherbe.com\/wp-content\/uploads\/2019\/12\/Gourmandise-de-No%C3%ABl-scaled.jpg?fit=1200%2C869&resize=350%2C200","width":350,"height":200,"srcset":"https:\/\/i0.wp.com\/www.jojoenherbe.com\/wp-content\/uploads\/2019\/12\/Gourmandise-de-No%C3%ABl-scaled.jpg?fit=1200%2C869&resize=350%2C200 1x, https:\/\/i0.wp.com\/www.jojoenherbe.com\/wp-content\/uploads\/2019\/12\/Gourmandise-de-No%C3%ABl-scaled.jpg?fit=1200%2C869&resize=525%2C300 1.5x, https:\/\/i0.wp.com\/www.jojoenherbe.com\/wp-content\/uploads\/2019\/12\/Gourmandise-de-No%C3%ABl-scaled.jpg?fit=1200%2C869&resize=700%2C400 2x, https:\/\/i0.wp.com\/www.jojoenherbe.com\/wp-content\/uploads\/2019\/12\/Gourmandise-de-No%C3%ABl-scaled.jpg?fit=1200%2C869&resize=1050%2C600 3x"},"classes":[]}],"_links":{"self":[{"href":"http:\/\/www.jojoenherbe.com\/index.php\/wp-json\/wp\/v2\/posts\/22834","targetHints":{"allow":["GET"]}}],"collection":[{"href":"http:\/\/www.jojoenherbe.com\/index.php\/wp-json\/wp\/v2\/posts"}],"about":[{"href":"http:\/\/www.jojoenherbe.com\/index.php\/wp-json\/wp\/v2\/types\/post"}],"author":[{"embeddable":true,"href":"http:\/\/www.jojoenherbe.com\/index.php\/wp-json\/wp\/v2\/users\/1"}],"replies":[{"embeddable":true,"href":"http:\/\/www.jojoenherbe.com\/index.php\/wp-json\/wp\/v2\/comments?post=22834"}],"version-history":[{"count":0,"href":"http:\/\/www.jojoenherbe.com\/index.php\/wp-json\/wp\/v2\/posts\/22834\/revisions"}],"wp:featuredmedia":[{"embeddable":true,"href":"http:\/\/www.jojoenherbe.com\/index.php\/wp-json\/wp\/v2\/media\/22835"}],"wp:attachment":[{"href":"http:\/\/www.jojoenherbe.com\/index.php\/wp-json\/wp\/v2\/media?parent=22834"}],"wp:term":[{"taxonomy":"category","embeddable":true,"href":"http:\/\/www.jojoenherbe.com\/index.php\/wp-json\/wp\/v2\/categories?post=22834"},{"taxonomy":"post_tag","embeddable":true,"href":"http:\/\/www.jojoenherbe.com\/index.php\/wp-json\/wp\/v2\/tags?post=22834"}],"curies":[{"name":"wp","href":"https:\/\/api.w.org\/{rel}","templated":true}]}}