{"id":22808,"date":"2021-12-09T15:50:00","date_gmt":"2021-12-09T14:50:00","guid":{"rendered":"https:\/\/www.jojoenherbe.com\/?p=22808"},"modified":"2024-05-09T09:08:56","modified_gmt":"2024-05-09T07:08:56","slug":"nos-lectures-la-petite-fille-aux-allumettes","status":"publish","type":"post","link":"http:\/\/www.jojoenherbe.com\/index.php\/2021\/12\/09\/nos-lectures-la-petite-fille-aux-allumettes\/","title":{"rendered":"Nos lectures \u00ab\u00a0La petite fille aux allumettes\u00a0\u00bb"},"content":{"rendered":"<p style=\"text-align: justify;\"><em>Pour la semaine 2 du challenge Il \u00e9tait 9 fois No\u00ebl, \u00ab\u00a0Si No\u00ebl m&rsquo;\u00e9tait cont\u00e9\u00a0\u00bb, j&rsquo;ai eu envie de relire diff\u00e9rentes versions de <span style=\"text-decoration: underline;\">La petite fille aux allumettes<\/span> de Hans Christian Andersen, un conte po\u00e9tique et terriblement triste paru pour la premi\u00e8re fois en 1845.<\/em><\/p>\n<ul>\n<li style=\"text-align: justify;\"><em>(Recueil de contes) <span style=\"text-decoration: underline;\">La petite fille aux allumettes<\/span> dans <span style=\"text-decoration: underline;\">Contes<\/span> de Hans Christian Andersen<\/em><\/li>\n<\/ul>\n<p style=\"text-align: justify;\"><em><a href=\"https:\/\/i0.wp.com\/www.jojoenherbe.com\/wp-content\/uploads\/2021\/12\/Contes-dAndersen-scaled.jpg\"><img data-recalc-dims=\"1\" loading=\"lazy\" decoding=\"async\" data-attachment-id=\"22811\" data-permalink=\"http:\/\/www.jojoenherbe.com\/index.php\/2021\/12\/09\/nos-lectures-la-petite-fille-aux-allumettes\/contes-dandersen\/\" data-orig-file=\"https:\/\/i0.wp.com\/www.jojoenherbe.com\/wp-content\/uploads\/2021\/12\/Contes-dAndersen-scaled.jpg?fit=2560%2C1977\" data-orig-size=\"2560,1977\" data-comments-opened=\"1\" data-image-meta=\"{&quot;aperture&quot;:&quot;1.8&quot;,&quot;credit&quot;:&quot;&quot;,&quot;camera&quot;:&quot;iPhone 7&quot;,&quot;caption&quot;:&quot;&quot;,&quot;created_timestamp&quot;:&quot;1639405407&quot;,&quot;copyright&quot;:&quot;&quot;,&quot;focal_length&quot;:&quot;3.99&quot;,&quot;iso&quot;:&quot;64&quot;,&quot;shutter_speed&quot;:&quot;0.058823529411765&quot;,&quot;title&quot;:&quot;&quot;,&quot;orientation&quot;:&quot;1&quot;}\" data-image-title=\"Contes d&amp;rsquo;Andersen\" data-image-description=\"\" data-image-caption=\"\" data-large-file=\"https:\/\/i0.wp.com\/www.jojoenherbe.com\/wp-content\/uploads\/2021\/12\/Contes-dAndersen-scaled.jpg?fit=676%2C522\" class=\"alignleft size-thumbnail wp-image-22811\" src=\"https:\/\/i0.wp.com\/www.jojoenherbe.com\/wp-content\/uploads\/2021\/12\/Contes-dAndersen.jpg?resize=150%2C150\" alt=\"\" width=\"150\" height=\"150\" srcset=\"https:\/\/i0.wp.com\/www.jojoenherbe.com\/wp-content\/uploads\/2021\/12\/Contes-dAndersen-scaled.jpg?resize=150%2C150 150w, https:\/\/i0.wp.com\/www.jojoenherbe.com\/wp-content\/uploads\/2021\/12\/Contes-dAndersen-scaled.jpg?zoom=2&amp;resize=150%2C150 300w, https:\/\/i0.wp.com\/www.jojoenherbe.com\/wp-content\/uploads\/2021\/12\/Contes-dAndersen-scaled.jpg?zoom=3&amp;resize=150%2C150 450w\" sizes=\"auto, (max-width: 150px) 100vw, 150px\" \/><\/a>Je commence par relire le conte originel dans <span style=\"text-decoration: underline;\">Contes<\/span> de Hans Christian Andersen (\u00e9d. Le Livre de Poche, coll. Classique de Poche, n\u00b016113, r\u00e9\u00e9d. 2006, 4 pages). La veille du Nouvel An, une petite fille tr\u00e8s pauvre n&rsquo;a pas vendu une seule allumette. Pour \u00e9viter d&rsquo;\u00eatre frapp\u00e9e par son p\u00e8re, elle se r\u00e9fugie dans un coin, entre deux maisons et tente de survivre \u00e0 la nuit froide qui s&rsquo;annonce en utilisant les invendus d&rsquo;allumettes. A chaque fois qu&rsquo;elle craque une allumette, elle s&rsquo;imagine pr\u00e8s d&rsquo;un grand po\u00eale de fer puis devant un bon repas puis devant un immense sapin puis enfin dans les bras de sa grand-m\u00e8re aimante et d\u00e9c\u00e9d\u00e9e. Au matin, la petite fille est retrouv\u00e9e morte de froid, le sourire aux l\u00e8vres, dans l&rsquo;indiff\u00e9rence g\u00e9n\u00e9rale et l&rsquo;anonymat. <\/em><\/p>\n<p style=\"text-align: justify;\"><em>La fin in\u00e9luctable de ce conte est cruellement r\u00e9aliste, personne ne venant en aide \u00e0 la petite fille qui ne peut trouver de r\u00e9confort \u00e9ph\u00e9m\u00e8re qu&rsquo;en elle-m\u00eame et dans la mort. Elle ne peut compter ni sur sa propre famille maltraitante ni sur des passants indiff\u00e9rents ou \u00e9go\u00efstes qui rentrent chez eux. Andersen d\u00e9peint un tableau bien sombre de l&rsquo;Humanit\u00e9 tout en l&rsquo;entourant d&rsquo;une dimension religieuse qui apporterait une issue heureuse pour qui croit en Dieu (la triste et dure vie terrestre \u00e9tant compens\u00e9e par l&rsquo;espoir d&rsquo;une b\u00e9atitude \u00e9ternelle au Paradis). <\/em><\/p>\n<ul>\n<li style=\"text-align: justify;\"><em>(Album jeunesse) <span style=\"text-decoration: underline;\">La petite fille aux allumettes<\/span> illustr\u00e9 par Mayalen Goust, d&rsquo;apr\u00e8s Andersen<\/em><\/li>\n<\/ul>\n<p style=\"text-align: justify;\"><em><a href=\"https:\/\/i0.wp.com\/www.jojoenherbe.com\/wp-content\/uploads\/2021\/12\/La-petite-fille-aux-allumettes-2-scaled.jpg\"><img data-recalc-dims=\"1\" loading=\"lazy\" decoding=\"async\" data-attachment-id=\"22813\" data-permalink=\"http:\/\/www.jojoenherbe.com\/index.php\/2021\/12\/09\/nos-lectures-la-petite-fille-aux-allumettes\/la-petite-fille-aux-allumettes-2\/\" data-orig-file=\"https:\/\/i0.wp.com\/www.jojoenherbe.com\/wp-content\/uploads\/2021\/12\/La-petite-fille-aux-allumettes-2-scaled.jpg?fit=2560%2C1920\" data-orig-size=\"2560,1920\" data-comments-opened=\"1\" data-image-meta=\"{&quot;aperture&quot;:&quot;1.8&quot;,&quot;credit&quot;:&quot;&quot;,&quot;camera&quot;:&quot;iPhone 7&quot;,&quot;caption&quot;:&quot;&quot;,&quot;created_timestamp&quot;:&quot;1639405542&quot;,&quot;copyright&quot;:&quot;&quot;,&quot;focal_length&quot;:&quot;3.99&quot;,&quot;iso&quot;:&quot;40&quot;,&quot;shutter_speed&quot;:&quot;0.05&quot;,&quot;title&quot;:&quot;&quot;,&quot;orientation&quot;:&quot;1&quot;}\" data-image-title=\"La petite fille aux allumettes 2\" data-image-description=\"\" data-image-caption=\"\" data-large-file=\"https:\/\/i0.wp.com\/www.jojoenherbe.com\/wp-content\/uploads\/2021\/12\/La-petite-fille-aux-allumettes-2-scaled.jpg?fit=676%2C507\" class=\"size-thumbnail wp-image-22813 alignright\" src=\"https:\/\/i0.wp.com\/www.jojoenherbe.com\/wp-content\/uploads\/2021\/12\/La-petite-fille-aux-allumettes-2.jpg?resize=150%2C150\" alt=\"\" width=\"150\" height=\"150\" srcset=\"https:\/\/i0.wp.com\/www.jojoenherbe.com\/wp-content\/uploads\/2021\/12\/La-petite-fille-aux-allumettes-2-scaled.jpg?resize=150%2C150 150w, https:\/\/i0.wp.com\/www.jojoenherbe.com\/wp-content\/uploads\/2021\/12\/La-petite-fille-aux-allumettes-2-scaled.jpg?zoom=2&amp;resize=150%2C150 300w, https:\/\/i0.wp.com\/www.jojoenherbe.com\/wp-content\/uploads\/2021\/12\/La-petite-fille-aux-allumettes-2-scaled.jpg?zoom=3&amp;resize=150%2C150 450w\" sizes=\"auto, (max-width: 150px) 100vw, 150px\" \/><\/a> <a href=\"https:\/\/i0.wp.com\/www.jojoenherbe.com\/wp-content\/uploads\/2021\/12\/La-petite-fille-aux-allumettes-scaled.jpg\"><img data-recalc-dims=\"1\" loading=\"lazy\" decoding=\"async\" data-attachment-id=\"22816\" data-permalink=\"http:\/\/www.jojoenherbe.com\/index.php\/2021\/12\/09\/nos-lectures-la-petite-fille-aux-allumettes\/la-petite-fille-aux-allumettes\/\" data-orig-file=\"https:\/\/i0.wp.com\/www.jojoenherbe.com\/wp-content\/uploads\/2021\/12\/La-petite-fille-aux-allumettes-scaled.jpg?fit=2560%2C1642\" data-orig-size=\"2560,1642\" data-comments-opened=\"1\" data-image-meta=\"{&quot;aperture&quot;:&quot;1.8&quot;,&quot;credit&quot;:&quot;&quot;,&quot;camera&quot;:&quot;iPhone 7&quot;,&quot;caption&quot;:&quot;&quot;,&quot;created_timestamp&quot;:&quot;1639405903&quot;,&quot;copyright&quot;:&quot;&quot;,&quot;focal_length&quot;:&quot;3.99&quot;,&quot;iso&quot;:&quot;40&quot;,&quot;shutter_speed&quot;:&quot;0.058823529411765&quot;,&quot;title&quot;:&quot;&quot;,&quot;orientation&quot;:&quot;1&quot;}\" data-image-title=\"La petite fille aux allumettes\" data-image-description=\"\" data-image-caption=\"\" data-large-file=\"https:\/\/i0.wp.com\/www.jojoenherbe.com\/wp-content\/uploads\/2021\/12\/La-petite-fille-aux-allumettes-scaled.jpg?fit=676%2C434\" class=\"size-thumbnail wp-image-22816 alignright\" src=\"https:\/\/i0.wp.com\/www.jojoenherbe.com\/wp-content\/uploads\/2021\/12\/La-petite-fille-aux-allumettes.jpg?resize=150%2C150\" alt=\"\" width=\"150\" height=\"150\" srcset=\"https:\/\/i0.wp.com\/www.jojoenherbe.com\/wp-content\/uploads\/2021\/12\/La-petite-fille-aux-allumettes-scaled.jpg?resize=150%2C150 150w, https:\/\/i0.wp.com\/www.jojoenherbe.com\/wp-content\/uploads\/2021\/12\/La-petite-fille-aux-allumettes-scaled.jpg?zoom=2&amp;resize=150%2C150 300w, https:\/\/i0.wp.com\/www.jojoenherbe.com\/wp-content\/uploads\/2021\/12\/La-petite-fille-aux-allumettes-scaled.jpg?zoom=3&amp;resize=150%2C150 450w\" sizes=\"auto, (max-width: 150px) 100vw, 150px\" \/><\/a>Je lis ensuite <span style=\"text-decoration: underline;\">La petite fille aux allumettes<\/span> illustr\u00e9 par Mayalen Goust, d&rsquo;apr\u00e8s Andersen (\u00e9d. Flammarion Jeunesse, P\u00e8re Castor, 2005), un album jeunesse pour les 3\/6 ans selon l&rsquo;\u00e9diteur mais au vu de l&rsquo;histoire qui reprend le texte originel, je dirai pour des enfants plus grands (je ne l&rsquo;ai d&rsquo;ailleurs pas encore lu \u00e0 mon mini lutin). Les illustrations de Mayalen Goust apportent une douceur onirique qui contraste avec la duret\u00e9 du texte, m\u00eame si chaque fois que l&rsquo;allumette s&rsquo;\u00e9teint, l&rsquo;instant enchanteur s&rsquo;arr\u00eate pour replonger la petite fille dans le froid et la faim de la nuit. Une tr\u00e8s jolie version!<\/em><\/p>\n<ul style=\"text-align: justify;\">\n<li><em>(Album jeunesse) <span style=\"text-decoration: underline;\">La petite fille aux allumettes<\/span> de Natacha Godeau et George Ermos<\/em><\/li>\n<\/ul>\n<p style=\"text-align: justify;\"><em><a href=\"https:\/\/i0.wp.com\/www.jojoenherbe.com\/wp-content\/uploads\/2021\/12\/La-petite-fille-aux-allumettes-3-scaled.jpg\"><img data-recalc-dims=\"1\" loading=\"lazy\" decoding=\"async\" data-attachment-id=\"22814\" data-permalink=\"http:\/\/www.jojoenherbe.com\/index.php\/2021\/12\/09\/nos-lectures-la-petite-fille-aux-allumettes\/la-petite-fille-aux-allumettes-3\/\" data-orig-file=\"https:\/\/i0.wp.com\/www.jojoenherbe.com\/wp-content\/uploads\/2021\/12\/La-petite-fille-aux-allumettes-3-scaled.jpg?fit=2560%2C1920\" data-orig-size=\"2560,1920\" data-comments-opened=\"1\" data-image-meta=\"{&quot;aperture&quot;:&quot;1.8&quot;,&quot;credit&quot;:&quot;&quot;,&quot;camera&quot;:&quot;iPhone 7&quot;,&quot;caption&quot;:&quot;&quot;,&quot;created_timestamp&quot;:&quot;1639405413&quot;,&quot;copyright&quot;:&quot;&quot;,&quot;focal_length&quot;:&quot;3.99&quot;,&quot;iso&quot;:&quot;80&quot;,&quot;shutter_speed&quot;:&quot;0.058823529411765&quot;,&quot;title&quot;:&quot;&quot;,&quot;orientation&quot;:&quot;1&quot;}\" data-image-title=\"La petite fille aux allumettes 3\" data-image-description=\"\" data-image-caption=\"\" data-large-file=\"https:\/\/i0.wp.com\/www.jojoenherbe.com\/wp-content\/uploads\/2021\/12\/La-petite-fille-aux-allumettes-3-scaled.jpg?fit=676%2C507\" class=\"alignleft size-thumbnail wp-image-22814\" src=\"https:\/\/i0.wp.com\/www.jojoenherbe.com\/wp-content\/uploads\/2021\/12\/La-petite-fille-aux-allumettes-3.jpg?resize=150%2C150\" alt=\"\" width=\"150\" height=\"150\" srcset=\"https:\/\/i0.wp.com\/www.jojoenherbe.com\/wp-content\/uploads\/2021\/12\/La-petite-fille-aux-allumettes-3-scaled.jpg?resize=150%2C150 150w, https:\/\/i0.wp.com\/www.jojoenherbe.com\/wp-content\/uploads\/2021\/12\/La-petite-fille-aux-allumettes-3-scaled.jpg?zoom=2&amp;resize=150%2C150 300w, https:\/\/i0.wp.com\/www.jojoenherbe.com\/wp-content\/uploads\/2021\/12\/La-petite-fille-aux-allumettes-3-scaled.jpg?zoom=3&amp;resize=150%2C150 450w\" sizes=\"auto, (max-width: 150px) 100vw, 150px\" \/><\/a> <a href=\"https:\/\/i0.wp.com\/www.jojoenherbe.com\/wp-content\/uploads\/2021\/12\/La-petite-fille-aux-allumettes-4-scaled.jpg\"><img data-recalc-dims=\"1\" loading=\"lazy\" decoding=\"async\" data-attachment-id=\"22815\" data-permalink=\"http:\/\/www.jojoenherbe.com\/index.php\/2021\/12\/09\/nos-lectures-la-petite-fille-aux-allumettes\/la-petite-fille-aux-allumettes-4\/\" data-orig-file=\"https:\/\/i0.wp.com\/www.jojoenherbe.com\/wp-content\/uploads\/2021\/12\/La-petite-fille-aux-allumettes-4-scaled.jpg?fit=1920%2C2560\" data-orig-size=\"1920,2560\" data-comments-opened=\"1\" data-image-meta=\"{&quot;aperture&quot;:&quot;1.8&quot;,&quot;credit&quot;:&quot;&quot;,&quot;camera&quot;:&quot;iPhone 7&quot;,&quot;caption&quot;:&quot;&quot;,&quot;created_timestamp&quot;:&quot;1639405494&quot;,&quot;copyright&quot;:&quot;&quot;,&quot;focal_length&quot;:&quot;3.99&quot;,&quot;iso&quot;:&quot;80&quot;,&quot;shutter_speed&quot;:&quot;0.058823529411765&quot;,&quot;title&quot;:&quot;&quot;,&quot;orientation&quot;:&quot;1&quot;}\" data-image-title=\"La petite fille aux allumettes 4\" data-image-description=\"\" data-image-caption=\"\" data-large-file=\"https:\/\/i0.wp.com\/www.jojoenherbe.com\/wp-content\/uploads\/2021\/12\/La-petite-fille-aux-allumettes-4-scaled.jpg?fit=676%2C901\" class=\"alignleft size-thumbnail wp-image-22815\" src=\"https:\/\/i0.wp.com\/www.jojoenherbe.com\/wp-content\/uploads\/2021\/12\/La-petite-fille-aux-allumettes-4.jpg?resize=150%2C150\" alt=\"\" width=\"150\" height=\"150\" srcset=\"https:\/\/i0.wp.com\/www.jojoenherbe.com\/wp-content\/uploads\/2021\/12\/La-petite-fille-aux-allumettes-4-scaled.jpg?resize=150%2C150 150w, https:\/\/i0.wp.com\/www.jojoenherbe.com\/wp-content\/uploads\/2021\/12\/La-petite-fille-aux-allumettes-4-scaled.jpg?zoom=2&amp;resize=150%2C150 300w, https:\/\/i0.wp.com\/www.jojoenherbe.com\/wp-content\/uploads\/2021\/12\/La-petite-fille-aux-allumettes-4-scaled.jpg?zoom=3&amp;resize=150%2C150 450w\" sizes=\"auto, (max-width: 150px) 100vw, 150px\" \/><\/a>Je lis \u00e9galement <span style=\"text-decoration: underline;\">La petite fille aux allumettes<\/span> de Natacha Godeau et George Ermos (\u00e9d. Auzou, coll. Les p&rsquo;tits classiques, 2016), un album jeunesse pour les 3\/6 ans selon l&rsquo;\u00e9diteur. C&rsquo;est une version adapt\u00e9e du texte d&rsquo;Andersen qui met l&rsquo;accent sur la magie entourant le craquage des allumettes. Il n&rsquo;est pas fait mention de la mort ni au fait qu&rsquo;une fois l&rsquo;allumette consum\u00e9e, la petite fille est renvoy\u00e9e \u00e0 sa triste condition. Les illustrations rappellent une \u00e9poque lointaine, celle o\u00f9 le conte originel a \u00e9t\u00e9 \u00e9crit au milieu du XIXe si\u00e8cle et mettent en opposition les conditions d&rsquo;existence de la pauvre petite fille avec des habitants plus riches. Une version sans doute plus accessible aux plus petits m\u00eame si je ne l&rsquo;ai pas non plus lu \u00e0 mon mini lutin!<\/em><\/p>\n<div style=\"width: 94px\" class=\"wp-caption alignleft\"><img loading=\"lazy\" decoding=\"async\" class=\"\" src=\"https:\/\/i1.wp.com\/1.bp.blogspot.com\/-jZaT4_Mt4z0\/YZEgAbLEi_I\/AAAAAAAAIuo\/BJhLRiAjVwgxgk9hOwZ8TreAohy0RjLMwCLcBGAsYHQ\/s320\/9xnoel%2B2.jpg?resize=142%2C142&amp;ssl=1\" alt=\"\" width=\"84\" height=\"84\" border=\"0\" data-original-height=\"417\" data-original-width=\"417\" data-recalc-dims=\"1\" \/><p class=\"wp-caption-text\">Participation #7 Challenge Il \u00e9tait 9 fois No\u00ebl de <a href=\"https:\/\/www.laplanquealibellules.fr\/2021\/11\/il-etait-neuf-fois-noel.html\/\">Chicky Poo<\/a> et <a href=\"http:\/\/viedecontedefee.blogspot.com\/2021\/11\/1686-il-etait-neuf-fois-noel.html\">Samarian<\/a> #Album jeunesse<\/p><\/div>\n<div style=\"width: 104px\" class=\"wp-caption alignleft\"><img loading=\"lazy\" decoding=\"async\" class=\"attachment-post-image  wp-post-image\" src=\"https:\/\/i2.wp.com\/www.jojoenherbe.com\/wp-content\/uploads\/2021\/11\/Challenge-Christmas-Time-2021.jpg?fit=416%2C365&amp;ssl=1\" sizes=\"auto, (max-width: 416px) 100vw, 416px\" srcset=\"https:\/\/i2.wp.com\/www.jojoenherbe.com\/wp-content\/uploads\/2021\/11\/Challenge-Christmas-Time-2021.jpg?w=416&amp;ssl=1 416w, https:\/\/i2.wp.com\/www.jojoenherbe.com\/wp-content\/uploads\/2021\/11\/Challenge-Christmas-Time-2021.jpg?resize=300%2C263&amp;ssl=1 300w\" alt=\"\" width=\"94\" height=\"82\" data-attachment-id=\"22483\" data-permalink=\"https:\/\/www.jojoenherbe.com\/index.php\/2021\/11\/16\/billet-de-suivi-challenge-christmas-time-2021\/challenge-christmas-time-2021\/\" data-orig-file=\"https:\/\/i2.wp.com\/www.jojoenherbe.com\/wp-content\/uploads\/2021\/11\/Challenge-Christmas-Time-2021.jpg?fit=416%2C365&amp;ssl=1\" data-orig-size=\"416,365\" data-comments-opened=\"1\" data-image-meta=\"{&quot;aperture&quot;:&quot;0&quot;,&quot;credit&quot;:&quot;&quot;,&quot;camera&quot;:&quot;&quot;,&quot;caption&quot;:&quot;&quot;,&quot;created_timestamp&quot;:&quot;0&quot;,&quot;copyright&quot;:&quot;&quot;,&quot;focal_length&quot;:&quot;0&quot;,&quot;iso&quot;:&quot;0&quot;,&quot;shutter_speed&quot;:&quot;0&quot;,&quot;title&quot;:&quot;&quot;,&quot;orientation&quot;:&quot;0&quot;}\" data-image-title=\"Challenge Christmas Time 2021\" data-image-description=\"\" data-image-caption=\"\" data-medium-file=\"https:\/\/i2.wp.com\/www.jojoenherbe.com\/wp-content\/uploads\/2021\/11\/Challenge-Christmas-Time-2021.jpg?fit=300%2C263&amp;ssl=1\" data-large-file=\"https:\/\/i2.wp.com\/www.jojoenherbe.com\/wp-content\/uploads\/2021\/11\/Challenge-Christmas-Time-2021.jpg?fit=416%2C365&amp;ssl=1\" \/><p class=\"wp-caption-text\">Participation #7 Challenge Christmas Time 2021 de <a href=\"http:\/\/mya-books.over-blog.com\/2021\/11\/challenge-christmas-time-2021.html\">MyaRosa<\/a> #Album jeunesse<\/p><\/div>\n<div style=\"width: 127px\" class=\"wp-caption alignleft\"><img loading=\"lazy\" decoding=\"async\" class=\"\" src=\"https:\/\/i2.wp.com\/mapetitemediatheque.fr\/wp-content\/uploads\/2018\/11\/contes-de-No%C3%ABl-2-300x166.jpg?resize=176%2C97\" alt=\"\" width=\"117\" height=\"65\" data-recalc-dims=\"1\" \/><p class=\"wp-caption-text\">Participation #67 au Challenge Contes &amp; L\u00e9gendes 2021 de <a href=\"https:\/\/mapetitemediatheque.fr\/2020\/12\/challenge-contes-legendes-2021\/\">Bidib<\/a> #Conte de No\u00ebl<\/p><\/div>\n<div style=\"width: 109px\" class=\"wp-caption alignleft\"><img loading=\"lazy\" decoding=\"async\" class=\"\" src=\"https:\/\/lh3.googleusercontent.com\/pw\/ACtC-3eIuIHfDCWnQjrbP_Gttnq9qrZJ0sCLWnTR3GjIOIiC54aYp8f1rKz8fy3EJIYJcUrzUv3KnF-YnYTE-vhMmRU8myeq_V_5OYKPelcJ6I4-bD-P1SjmJYevXt0TGhPCpROfcXeg5SJ_4KvwWeBQfvsOWw=w285-h217-no?authuser=1\" alt=\"\" width=\"99\" height=\"76\" \/><p class=\"wp-caption-text\">Challenge Petit Bac d\u2019<a href=\"https:\/\/ennalit.wordpress.com\/2020\/12\/01\/challenge-petit-bac-2021-qui-veut-jouer\/\">Enna<\/a> #13 et #14 Cat\u00e9gorie \u00catre humain: \u00ab Fille \u00bb<\/p><\/div>\n<div style=\"width: 106px\" class=\"wp-caption alignleft\"><img loading=\"lazy\" decoding=\"async\" class=\"\" src=\"https:\/\/i2.wp.com\/image.over-blog.com\/yI-7TM1HYsdq5TL9vZNWyIGfkew=\/filters:no_upscale()\/image%2F0776537%2F20210113%2Fob_cc2cb1_137210396-194275619064729-744701331835.png?resize=200%2C150&amp;ssl=1\" alt=\"\" width=\"96\" height=\"72\" data-amp-height=\"150\" data-amp-width=\"200\" data-recalc-dims=\"1\" \/><p class=\"wp-caption-text\">Participation #24 au challenge 2021, cette ann\u00e9e sera classique de <a href=\"http:\/\/vivrelivre19.over-blog.com\/2021\/01\/2021-cette-annee-sera-classique.html\">Blandine<\/a> et <a href=\"https:\/\/delivrer-des-livres.fr\/2021-cette-annee-sera-classique\/\">Nathalie<\/a> #Classique jeunesse<\/p><\/div>\n","protected":false},"excerpt":{"rendered":"<p>Pour la semaine 2 du challenge Il \u00e9tait 9 fois No\u00ebl, \u00ab\u00a0Si No\u00ebl m&rsquo;\u00e9tait cont\u00e9\u00a0\u00bb, j&rsquo;ai eu envie de relire diff\u00e9rentes versions de La petite fille aux allumettes de Hans Christian Andersen, un conte po\u00e9tique et terriblement triste paru pour la premi\u00e8re fois en 1845. (Recueil de contes) La petite fille aux allumettes dans Contes [&hellip;]<\/p>\n","protected":false},"author":1,"featured_media":22810,"comment_status":"open","ping_status":"open","sticky":false,"template":"","format":"standard","meta":{"jetpack_post_was_ever_published":false,"_jetpack_newsletter_access":"","_jetpack_dont_email_post_to_subs":false,"_jetpack_newsletter_tier_id":0,"_jetpack_memberships_contains_paywalled_content":false,"_jetpack_memberships_contains_paid_content":false,"footnotes":""},"categories":[363],"tags":[2068,2024,2020,2018,245,1153,1205,935,1997,365,2025,1072,988,1073,956,796],"class_list":["post-22808","post","type-post","status-publish","format-standard","has-post-thumbnail","hentry","category-mini-lecteur","tag-2021-cette-annee-sera-classique","tag-challenge-christmas-time-2021","tag-challenge-contes-et-legendes-2021","tag-challenge-petit-bac-2021","tag-contes","tag-contes-de-noel","tag-contes-traditionnels","tag-deces","tag-hans-christian-andersen","tag-hiver","tag-il-etait-9-fois-noel","tag-misere","tag-nouvel-an","tag-pauvrete","tag-petite-fille","tag-tristesse","post-preview"],"jetpack_featured_media_url":"https:\/\/i0.wp.com\/www.jojoenherbe.com\/wp-content\/uploads\/2021\/12\/Nos-lectures-La-petite-fille-aux-allumettes-scaled.jpg?fit=2560%2C1920","jetpack_sharing_enabled":true,"jetpack_shortlink":"https:\/\/wp.me\/p9zhGx-5VS","jetpack_likes_enabled":true,"jetpack-related-posts":[{"id":14482,"url":"http:\/\/www.jojoenherbe.com\/index.php\/2020\/12\/22\/au-fil-des-pages-avec-le-sapin\/","url_meta":{"origin":22808,"position":0},"title":"Au fil des pages avec Le sapin","author":"Jojo","date":"22 d\u00e9cembre 2020","format":false,"excerpt":"J22 de notre calendrier livresque de No\u00ebl: No\u00ebl de sapin de Michel Gay (\u00e9d. L\u2019\u00e9cole des loisirs, 1991, r\u00e9\u00e9d. 2019), un album jeunesse \u00e0 partir de 3 ans que nous avions beaucoup lu et relu l'ann\u00e9e derni\u00e8re. Apr\u00e8s avoir servi de sapin de No\u00ebl, un jeune sapin est jet\u00e9 dans\u2026","rel":"","context":"Dans &quot;Mini lecteur&quot;","block_context":{"text":"Mini lecteur","link":"http:\/\/www.jojoenherbe.com\/index.php\/category\/mini-lecteur\/"},"img":{"alt_text":"","src":"https:\/\/i0.wp.com\/www.jojoenherbe.com\/wp-content\/uploads\/2020\/12\/Le-sapin-et-Noel-de-sapin-scaled.jpg?fit=1200%2C892&resize=350%2C200","width":350,"height":200,"srcset":"https:\/\/i0.wp.com\/www.jojoenherbe.com\/wp-content\/uploads\/2020\/12\/Le-sapin-et-Noel-de-sapin-scaled.jpg?fit=1200%2C892&resize=350%2C200 1x, https:\/\/i0.wp.com\/www.jojoenherbe.com\/wp-content\/uploads\/2020\/12\/Le-sapin-et-Noel-de-sapin-scaled.jpg?fit=1200%2C892&resize=525%2C300 1.5x, https:\/\/i0.wp.com\/www.jojoenherbe.com\/wp-content\/uploads\/2020\/12\/Le-sapin-et-Noel-de-sapin-scaled.jpg?fit=1200%2C892&resize=700%2C400 2x, https:\/\/i0.wp.com\/www.jojoenherbe.com\/wp-content\/uploads\/2020\/12\/Le-sapin-et-Noel-de-sapin-scaled.jpg?fit=1200%2C892&resize=1050%2C600 3x"},"classes":[]},{"id":31559,"url":"http:\/\/www.jojoenherbe.com\/index.php\/2023\/08\/17\/au-fil-des-pages-avec-poucette\/","url_meta":{"origin":22808,"position":1},"title":"Au fil des pages avec Poucette","author":"Jojo","date":"17 ao\u00fbt 2023","format":false,"excerpt":"J'avais relu l'ann\u00e9e derni\u00e8re avec mon mini lutin, sans prendre le temps de le chroniquer, Poucette, d'apr\u00e8s Hans Christian Andersen et illustr\u00e9 par Charlotte Gastaut (\u00e9d. Flammarion Jeunesse, coll. P\u00e8re Castor, 2011, 32 pages), un album jeunesse pour les 3\/6 ans selon l'\u00e9diteur. Il \u00e9tait une fois Poucette, une toute\u2026","rel":"","context":"Dans &quot;Mini lecteur&quot;","block_context":{"text":"Mini lecteur","link":"http:\/\/www.jojoenherbe.com\/index.php\/category\/mini-lecteur\/"},"img":{"alt_text":"","src":"https:\/\/i0.wp.com\/www.jojoenherbe.com\/wp-content\/uploads\/2023\/08\/Poucette-scaled.jpg?fit=1200%2C1013&resize=350%2C200","width":350,"height":200,"srcset":"https:\/\/i0.wp.com\/www.jojoenherbe.com\/wp-content\/uploads\/2023\/08\/Poucette-scaled.jpg?fit=1200%2C1013&resize=350%2C200 1x, https:\/\/i0.wp.com\/www.jojoenherbe.com\/wp-content\/uploads\/2023\/08\/Poucette-scaled.jpg?fit=1200%2C1013&resize=525%2C300 1.5x, https:\/\/i0.wp.com\/www.jojoenherbe.com\/wp-content\/uploads\/2023\/08\/Poucette-scaled.jpg?fit=1200%2C1013&resize=700%2C400 2x, https:\/\/i0.wp.com\/www.jojoenherbe.com\/wp-content\/uploads\/2023\/08\/Poucette-scaled.jpg?fit=1200%2C1013&resize=1050%2C600 3x"},"classes":[]},{"id":37950,"url":"http:\/\/www.jojoenherbe.com\/index.php\/2025\/01\/09\/throwback-thursday-livresque-conte-de-fee-moderne\/","url_meta":{"origin":22808,"position":2},"title":"Throwback Thursday Livresque: Conte de f\u00e9e moderne","author":"Jojo","date":"9 janvier 2025","format":false,"excerpt":"Ce jeudi 9 janvier 2025, je participe au Throwback Thursday Livresque, un rendez-vous livresque initialement chez Bettie Rose Books et repris depuis par Carole, les liens \u00e9tant \u00e0 d\u00e9poser chez My-Bo0ks. Le principe est de partager chaque jeudi un livre en fonction d\u2019un th\u00e8me donn\u00e9. Cette semaine, le th\u00e8me est\u2026","rel":"","context":"Dans &quot;Mini blogueur&quot;","block_context":{"text":"Mini blogueur","link":"http:\/\/www.jojoenherbe.com\/index.php\/category\/mini-blogueur\/"},"img":{"alt_text":"","src":"https:\/\/i0.wp.com\/www.jojoenherbe.com\/wp-content\/uploads\/2023\/10\/TTL-logo.jpg?resize=350%2C200","width":350,"height":200},"classes":[]},{"id":15181,"url":"http:\/\/www.jojoenherbe.com\/index.php\/2021\/01\/18\/au-fil-des-pages-avec-la-reine-des-neiges\/","url_meta":{"origin":22808,"position":3},"title":"Au fil des pages avec La reine des neiges","author":"Jojo","date":"18 janvier 2021","format":false,"excerpt":"Nous empruntons \u00e0 la m\u00e9diath\u00e8que La reine des neiges de Chlo\u00e9 Chauveau et Carine Hinder, d'apr\u00e8s le conte d'Hans Christian Andersen (\u00e9d. Lito, 2016), un album jeunesse \u00e0 partir de 4 ans. Deux jeunes enfants, Gerda et Kay sont voisins et ins\u00e9parables. Mais un jour, Kay devient de plus en\u2026","rel":"","context":"Dans &quot;Mini lecteur&quot;","block_context":{"text":"Mini lecteur","link":"http:\/\/www.jojoenherbe.com\/index.php\/category\/mini-lecteur\/"},"img":{"alt_text":"","src":"https:\/\/i0.wp.com\/www.jojoenherbe.com\/wp-content\/uploads\/2021\/01\/La-reine-des-neiges-scaled.jpg?fit=1200%2C900&resize=350%2C200","width":350,"height":200,"srcset":"https:\/\/i0.wp.com\/www.jojoenherbe.com\/wp-content\/uploads\/2021\/01\/La-reine-des-neiges-scaled.jpg?fit=1200%2C900&resize=350%2C200 1x, https:\/\/i0.wp.com\/www.jojoenherbe.com\/wp-content\/uploads\/2021\/01\/La-reine-des-neiges-scaled.jpg?fit=1200%2C900&resize=525%2C300 1.5x, https:\/\/i0.wp.com\/www.jojoenherbe.com\/wp-content\/uploads\/2021\/01\/La-reine-des-neiges-scaled.jpg?fit=1200%2C900&resize=700%2C400 2x, https:\/\/i0.wp.com\/www.jojoenherbe.com\/wp-content\/uploads\/2021\/01\/La-reine-des-neiges-scaled.jpg?fit=1200%2C900&resize=1050%2C600 3x"},"classes":[]},{"id":14191,"url":"http:\/\/www.jojoenherbe.com\/index.php\/2020\/12\/03\/notre-pal-de-contes-nordiques-2020\/","url_meta":{"origin":22808,"position":4},"title":"Notre PAL de contes nordiques 2020","author":"Jojo","date":"3 d\u00e9cembre 2020","format":false,"excerpt":"En ce mois de d\u00e9cembre 2020, apr\u00e8s une immersion dans le pays des Ogres, direction le grand Nord avec le challenge Contes et L\u00e9gendes de Bidib puisque ce sont les contes nordiques qui sont mis \u00e0 l'honneur ce mois-ci. Des albums jeunesse: Les trois boucs de Jean-Louis Le Craver et\u2026","rel":"","context":"Dans &quot;Mini challenger&quot;","block_context":{"text":"Mini challenger","link":"http:\/\/www.jojoenherbe.com\/index.php\/category\/mini-challenger\/"},"img":{"alt_text":"","src":"https:\/\/i0.wp.com\/www.jojoenherbe.com\/wp-content\/uploads\/2020\/12\/Contes-nordiques-scaled.jpg?fit=1200%2C705&resize=350%2C200","width":350,"height":200,"srcset":"https:\/\/i0.wp.com\/www.jojoenherbe.com\/wp-content\/uploads\/2020\/12\/Contes-nordiques-scaled.jpg?fit=1200%2C705&resize=350%2C200 1x, https:\/\/i0.wp.com\/www.jojoenherbe.com\/wp-content\/uploads\/2020\/12\/Contes-nordiques-scaled.jpg?fit=1200%2C705&resize=525%2C300 1.5x, https:\/\/i0.wp.com\/www.jojoenherbe.com\/wp-content\/uploads\/2020\/12\/Contes-nordiques-scaled.jpg?fit=1200%2C705&resize=700%2C400 2x, https:\/\/i0.wp.com\/www.jojoenherbe.com\/wp-content\/uploads\/2020\/12\/Contes-nordiques-scaled.jpg?fit=1200%2C705&resize=1050%2C600 3x"},"classes":[]},{"id":22494,"url":"http:\/\/www.jojoenherbe.com\/index.php\/2021\/11\/17\/billet-de-suivi-il-etait-9-fois-noel\/","url_meta":{"origin":22808,"position":5},"title":"Billet de suivi: Il \u00e9tait 9 fois No\u00ebl","author":"Jojo","date":"17 novembre 2021","format":false,"excerpt":"Le mois de d\u00e9cembre approchant, c\u2019est le retour de Il \u00e9tait 9 fois No\u00ebl, un challenge de No\u00ebl organis\u00e9 par Chicky Poo et Samarian qui ouvrent les portes de leur Chalet du 29 novembre 2021 au 2 janvier 2022. Pour plus d\u2019infos, n\u2019h\u00e9sitez pas \u00e0 aller sur leurs blogs. Ce\u2026","rel":"","context":"Dans &quot;Mini challenger&quot;","block_context":{"text":"Mini challenger","link":"http:\/\/www.jojoenherbe.com\/index.php\/category\/mini-challenger\/"},"img":{"alt_text":"","src":"https:\/\/i0.wp.com\/www.jojoenherbe.com\/wp-content\/uploads\/2021\/11\/Il-etait-9-fois-Noel-logo.jpg?fit=500%2C500&resize=350%2C200","width":350,"height":200},"classes":[]}],"_links":{"self":[{"href":"http:\/\/www.jojoenherbe.com\/index.php\/wp-json\/wp\/v2\/posts\/22808","targetHints":{"allow":["GET"]}}],"collection":[{"href":"http:\/\/www.jojoenherbe.com\/index.php\/wp-json\/wp\/v2\/posts"}],"about":[{"href":"http:\/\/www.jojoenherbe.com\/index.php\/wp-json\/wp\/v2\/types\/post"}],"author":[{"embeddable":true,"href":"http:\/\/www.jojoenherbe.com\/index.php\/wp-json\/wp\/v2\/users\/1"}],"replies":[{"embeddable":true,"href":"http:\/\/www.jojoenherbe.com\/index.php\/wp-json\/wp\/v2\/comments?post=22808"}],"version-history":[{"count":1,"href":"http:\/\/www.jojoenherbe.com\/index.php\/wp-json\/wp\/v2\/posts\/22808\/revisions"}],"predecessor-version":[{"id":36079,"href":"http:\/\/www.jojoenherbe.com\/index.php\/wp-json\/wp\/v2\/posts\/22808\/revisions\/36079"}],"wp:featuredmedia":[{"embeddable":true,"href":"http:\/\/www.jojoenherbe.com\/index.php\/wp-json\/wp\/v2\/media\/22810"}],"wp:attachment":[{"href":"http:\/\/www.jojoenherbe.com\/index.php\/wp-json\/wp\/v2\/media?parent=22808"}],"wp:term":[{"taxonomy":"category","embeddable":true,"href":"http:\/\/www.jojoenherbe.com\/index.php\/wp-json\/wp\/v2\/categories?post=22808"},{"taxonomy":"post_tag","embeddable":true,"href":"http:\/\/www.jojoenherbe.com\/index.php\/wp-json\/wp\/v2\/tags?post=22808"}],"curies":[{"name":"wp","href":"https:\/\/api.w.org\/{rel}","templated":true}]}}