{"id":22734,"date":"2021-12-06T16:06:00","date_gmt":"2021-12-06T15:06:00","guid":{"rendered":"http:\/\/www.jojoenherbe.com\/?p=22734"},"modified":"2022-02-03T12:43:02","modified_gmt":"2022-02-03T11:43:02","slug":"au-fil-des-pages-avec-saint-nicolas-cherche-un-cheval","status":"publish","type":"post","link":"http:\/\/www.jojoenherbe.com\/index.php\/2021\/12\/06\/au-fil-des-pages-avec-saint-nicolas-cherche-un-cheval\/","title":{"rendered":"Au fil des pages avec Saint Nicolas cherche un cheval"},"content":{"rendered":"<p style=\"text-align: justify;\"><em><a href=\"https:\/\/i0.wp.com\/www.jojoenherbe.com\/wp-content\/uploads\/2021\/12\/St-Nicolas-cherche-un-cheval-2-scaled.jpg\"><img data-recalc-dims=\"1\" loading=\"lazy\" decoding=\"async\" data-attachment-id=\"22871\" data-permalink=\"http:\/\/www.jojoenherbe.com\/index.php\/2021\/12\/06\/au-fil-des-pages-avec-saint-nicolas-cherche-un-cheval\/st-nicolas-cherche-un-cheval-2\/\" data-orig-file=\"https:\/\/i0.wp.com\/www.jojoenherbe.com\/wp-content\/uploads\/2021\/12\/St-Nicolas-cherche-un-cheval-2-scaled.jpg?fit=2560%2C1672\" data-orig-size=\"2560,1672\" data-comments-opened=\"1\" data-image-meta=\"{&quot;aperture&quot;:&quot;1.8&quot;,&quot;credit&quot;:&quot;&quot;,&quot;camera&quot;:&quot;iPhone 7&quot;,&quot;caption&quot;:&quot;&quot;,&quot;created_timestamp&quot;:&quot;1639496385&quot;,&quot;copyright&quot;:&quot;&quot;,&quot;focal_length&quot;:&quot;3.99&quot;,&quot;iso&quot;:&quot;64&quot;,&quot;shutter_speed&quot;:&quot;0.058823529411765&quot;,&quot;title&quot;:&quot;&quot;,&quot;orientation&quot;:&quot;1&quot;}\" data-image-title=\"St-Nicolas cherche un cheval 2\" data-image-description=\"\" data-image-caption=\"\" data-large-file=\"https:\/\/i0.wp.com\/www.jojoenherbe.com\/wp-content\/uploads\/2021\/12\/St-Nicolas-cherche-un-cheval-2-scaled.jpg?fit=676%2C442\" class=\"alignleft size-thumbnail wp-image-22871\" src=\"https:\/\/i0.wp.com\/www.jojoenherbe.com\/wp-content\/uploads\/2021\/12\/St-Nicolas-cherche-un-cheval-2.jpg?resize=150%2C150\" alt=\"\" width=\"150\" height=\"150\" srcset=\"https:\/\/i0.wp.com\/www.jojoenherbe.com\/wp-content\/uploads\/2021\/12\/St-Nicolas-cherche-un-cheval-2-scaled.jpg?resize=150%2C150 150w, https:\/\/i0.wp.com\/www.jojoenherbe.com\/wp-content\/uploads\/2021\/12\/St-Nicolas-cherche-un-cheval-2-scaled.jpg?zoom=2&amp;resize=150%2C150 300w, https:\/\/i0.wp.com\/www.jojoenherbe.com\/wp-content\/uploads\/2021\/12\/St-Nicolas-cherche-un-cheval-2-scaled.jpg?zoom=3&amp;resize=150%2C150 450w\" sizes=\"auto, (max-width: 150px) 100vw, 150px\" \/><\/a> <a href=\"https:\/\/i0.wp.com\/www.jojoenherbe.com\/wp-content\/uploads\/2021\/12\/St-Nicolas-cherche-un-cheval-3-scaled.jpg\"><img data-recalc-dims=\"1\" loading=\"lazy\" decoding=\"async\" data-attachment-id=\"22872\" data-permalink=\"http:\/\/www.jojoenherbe.com\/index.php\/2021\/12\/06\/au-fil-des-pages-avec-saint-nicolas-cherche-un-cheval\/st-nicolas-cherche-un-cheval-3\/\" data-orig-file=\"https:\/\/i0.wp.com\/www.jojoenherbe.com\/wp-content\/uploads\/2021\/12\/St-Nicolas-cherche-un-cheval-3-scaled.jpg?fit=2560%2C1685\" data-orig-size=\"2560,1685\" data-comments-opened=\"1\" data-image-meta=\"{&quot;aperture&quot;:&quot;1.8&quot;,&quot;credit&quot;:&quot;&quot;,&quot;camera&quot;:&quot;iPhone 7&quot;,&quot;caption&quot;:&quot;&quot;,&quot;created_timestamp&quot;:&quot;1639496405&quot;,&quot;copyright&quot;:&quot;&quot;,&quot;focal_length&quot;:&quot;3.99&quot;,&quot;iso&quot;:&quot;64&quot;,&quot;shutter_speed&quot;:&quot;0.058823529411765&quot;,&quot;title&quot;:&quot;&quot;,&quot;orientation&quot;:&quot;1&quot;}\" data-image-title=\"St-Nicolas cherche un cheval 3\" data-image-description=\"\" data-image-caption=\"\" data-large-file=\"https:\/\/i0.wp.com\/www.jojoenherbe.com\/wp-content\/uploads\/2021\/12\/St-Nicolas-cherche-un-cheval-3-scaled.jpg?fit=676%2C445\" class=\"alignleft size-thumbnail wp-image-22872\" src=\"https:\/\/i0.wp.com\/www.jojoenherbe.com\/wp-content\/uploads\/2021\/12\/St-Nicolas-cherche-un-cheval-3.jpg?resize=150%2C150\" alt=\"\" width=\"150\" height=\"150\" srcset=\"https:\/\/i0.wp.com\/www.jojoenherbe.com\/wp-content\/uploads\/2021\/12\/St-Nicolas-cherche-un-cheval-3-scaled.jpg?resize=150%2C150 150w, https:\/\/i0.wp.com\/www.jojoenherbe.com\/wp-content\/uploads\/2021\/12\/St-Nicolas-cherche-un-cheval-3-scaled.jpg?zoom=2&amp;resize=150%2C150 300w, https:\/\/i0.wp.com\/www.jojoenherbe.com\/wp-content\/uploads\/2021\/12\/St-Nicolas-cherche-un-cheval-3-scaled.jpg?zoom=3&amp;resize=150%2C150 450w\" sizes=\"auto, (max-width: 150px) 100vw, 150px\" \/><\/a>Offert en cadeau au mini lutin l&rsquo;ann\u00e9e derni\u00e8re, nous relisons <span style=\"text-decoration: underline;\">Saint Nicolas cherche un cheval<\/span> d&rsquo;Ann Wauters et Ellen Surrey (\u00e9d. Blue in Green, 2020), un album jeunesse \u00e0 partir de 3 ans et bilingue (n\u00e9erlandais et fran\u00e7ais). A la grande surprise des lutins, le cheval de Saint Nicolas est une jumelle qui est sur le point de mettre bas. Elle n&rsquo;est donc pas en \u00e9tat de faire la tourn\u00e9e de bonbons et de cadeaux cette ann\u00e9e. <\/em><em>Saint Nicolas envoie alors des lutins voyageurs chercher un cheval rempla\u00e7ant \u00e0 travers le monde. Trouveront-ils une nouvelle monture \u00e0 temps?<br \/>\n<\/em><\/p>\n<p style=\"text-align: justify;\"><em>Dans cette histoire aux illustrations color\u00e9es, on suit la recherche des lutins dans leur qu\u00eate de trouver un nouveau cheval pour Saint Nicolas, un \u00e0 Vienne, l&rsquo;autre en Turquie, encore un autre sur la Lune&#8230; Un moment de lecture rigolo en ce jour de St-Nicolas, figure l\u00e9gendaire qui ressemble beaucoup au P\u00e8re No\u00ebl surtout que dans cette histoire il est entour\u00e9e de lutins!<\/em><\/p>\n<div style=\"width: 129px\" class=\"wp-caption alignleft\"><img loading=\"lazy\" decoding=\"async\" class=\"attachment-post-image  wp-post-image\" src=\"https:\/\/i2.wp.com\/www.jojoenherbe.com\/wp-content\/uploads\/2021\/11\/Challenge-Christmas-Time-2021.jpg?fit=416%2C365&amp;ssl=1\" sizes=\"auto, (max-width: 416px) 100vw, 416px\" srcset=\"https:\/\/i2.wp.com\/www.jojoenherbe.com\/wp-content\/uploads\/2021\/11\/Challenge-Christmas-Time-2021.jpg?w=416&amp;ssl=1 416w, https:\/\/i2.wp.com\/www.jojoenherbe.com\/wp-content\/uploads\/2021\/11\/Challenge-Christmas-Time-2021.jpg?resize=300%2C263&amp;ssl=1 300w\" alt=\"\" width=\"119\" height=\"105\" data-attachment-id=\"22483\" data-permalink=\"https:\/\/www.jojoenherbe.com\/index.php\/2021\/11\/16\/billet-de-suivi-challenge-christmas-time-2021\/challenge-christmas-time-2021\/\" data-orig-file=\"https:\/\/i2.wp.com\/www.jojoenherbe.com\/wp-content\/uploads\/2021\/11\/Challenge-Christmas-Time-2021.jpg?fit=416%2C365&amp;ssl=1\" data-orig-size=\"416,365\" data-comments-opened=\"1\" data-image-meta=\"{&quot;aperture&quot;:&quot;0&quot;,&quot;credit&quot;:&quot;&quot;,&quot;camera&quot;:&quot;&quot;,&quot;caption&quot;:&quot;&quot;,&quot;created_timestamp&quot;:&quot;0&quot;,&quot;copyright&quot;:&quot;&quot;,&quot;focal_length&quot;:&quot;0&quot;,&quot;iso&quot;:&quot;0&quot;,&quot;shutter_speed&quot;:&quot;0&quot;,&quot;title&quot;:&quot;&quot;,&quot;orientation&quot;:&quot;0&quot;}\" data-image-title=\"Challenge Christmas Time 2021\" data-image-description=\"\" data-image-caption=\"\" data-medium-file=\"https:\/\/i2.wp.com\/www.jojoenherbe.com\/wp-content\/uploads\/2021\/11\/Challenge-Christmas-Time-2021.jpg?fit=300%2C263&amp;ssl=1\" data-large-file=\"https:\/\/i2.wp.com\/www.jojoenherbe.com\/wp-content\/uploads\/2021\/11\/Challenge-Christmas-Time-2021.jpg?fit=416%2C365&amp;ssl=1\" \/><p class=\"wp-caption-text\">Participation #6 Challenge Christmas Time 2021 de <a href=\"http:\/\/mya-books.over-blog.com\/2021\/11\/challenge-christmas-time-2021.html\">MyaRosa<\/a> #St-Nicolas<\/p><\/div>\n<div style=\"width: 117px\" class=\"wp-caption alignleft\"><img loading=\"lazy\" decoding=\"async\" class=\"\" src=\"https:\/\/i1.wp.com\/1.bp.blogspot.com\/-jZaT4_Mt4z0\/YZEgAbLEi_I\/AAAAAAAAIuo\/BJhLRiAjVwgxgk9hOwZ8TreAohy0RjLMwCLcBGAsYHQ\/s320\/9xnoel%2B2.jpg?resize=142%2C142&amp;ssl=1\" alt=\"\" width=\"107\" height=\"107\" border=\"0\" data-original-height=\"417\" data-original-width=\"417\" data-recalc-dims=\"1\" \/><p class=\"wp-caption-text\">Participation #6 Challenge Il \u00e9tait 9 fois No\u00ebl de <a href=\"https:\/\/www.laplanquealibellules.fr\/2021\/11\/il-etait-neuf-fois-noel.html\/\">Chicky Poo<\/a> et <a href=\"http:\/\/viedecontedefee.blogspot.com\/2021\/11\/1686-il-etait-neuf-fois-noel.html\">Samarian<\/a> #Album jeunesse<\/p><\/div>\n<div style=\"width: 149px\" class=\"wp-caption alignleft\"><img loading=\"lazy\" decoding=\"async\" src=\"https:\/\/i2.wp.com\/mapetitemediatheque.fr\/wp-content\/uploads\/2018\/11\/contes-de-No%C3%ABl-2-300x166.jpg?resize=176%2C97\" alt=\"\" width=\"139\" height=\"77\" data-recalc-dims=\"1\" \/><p class=\"wp-caption-text\">Participation #66 au Challenge Contes &amp; L\u00e9gendes 2021 de Bidib #St-Nicolas<\/p><\/div>\n<div style=\"width: 125px\" class=\"wp-caption alignleft\"><img loading=\"lazy\" decoding=\"async\" src=\"https:\/\/lh3.googleusercontent.com\/pw\/ACtC-3eIuIHfDCWnQjrbP_Gttnq9qrZJ0sCLWnTR3GjIOIiC54aYp8f1rKz8fy3EJIYJcUrzUv3KnF-YnYTE-vhMmRU8myeq_V_5OYKPelcJ6I4-bD-P1SjmJYevXt0TGhPCpROfcXeg5SJ_4KvwWeBQfvsOWw=w285-h217-no?authuser=1\" alt=\"\" width=\"115\" height=\"88\" \/><p class=\"wp-caption-text\">Challenge Petit Bac d\u2019<a href=\"https:\/\/ennalit.wordpress.com\/2020\/12\/01\/challenge-petit-bac-2021-qui-veut-jouer\/\">Enna<\/a> #13 Cat\u00e9gorie Animal: \u00ab Cheval \u00bb<\/p><\/div>\n<div style=\"width: 132px\" class=\"wp-caption alignleft\"><img loading=\"lazy\" decoding=\"async\" class=\"attachment-boston-list-medium  wp-post-image\" src=\"https:\/\/i0.wp.com\/avenuereinemathilde.com\/wp-content\/uploads\/2020\/12\/Challenge-femmes-auteures_paysage-720x380.jpg?resize=203%2C107&amp;ssl=1\" alt=\"challenge 2021 lire au f\u00e9minin\" width=\"122\" height=\"64\" \/><p class=\"wp-caption-text\">Participation #72 au Challenge Lire au f\u00e9minin de <a href=\"https:\/\/avenuereinemathilde.com\/challenge-lire-au-feminin-2021\/\">Tiphanya<\/a> #Autrice belge et illustratrice am\u00e9ricaine<\/p><\/div>\n","protected":false},"excerpt":{"rendered":"<p>Offert en cadeau au mini lutin l&rsquo;ann\u00e9e derni\u00e8re, nous relisons Saint Nicolas cherche un cheval d&rsquo;Ann Wauters et Ellen Surrey (\u00e9d. Blue in Green, 2020), un album jeunesse \u00e0 partir de 3 ans et bilingue (n\u00e9erlandais et fran\u00e7ais). A la grande surprise des lutins, le cheval de Saint Nicolas est une jumelle qui est sur [&hellip;]<\/p>\n","protected":false},"author":1,"featured_media":22873,"comment_status":"open","ping_status":"open","sticky":false,"template":"","format":"standard","meta":{"jetpack_post_was_ever_published":false,"_jetpack_newsletter_access":"","_jetpack_dont_email_post_to_subs":false,"_jetpack_newsletter_tier_id":0,"_jetpack_memberships_contains_paywalled_content":false,"_jetpack_memberships_contains_paid_content":false,"footnotes":""},"categories":[363],"tags":[785,409,2024,2020,2018,1194,2025,367,1056,2111,1901,2895],"class_list":["post-22734","post","type-post","status-publish","format-standard","has-post-thumbnail","hentry","category-mini-lecteur","tag-3-6-ans","tag-albums-jeunesse","tag-challenge-christmas-time-2021","tag-challenge-contes-et-legendes-2021","tag-challenge-petit-bac-2021","tag-cheval","tag-il-etait-9-fois-noel","tag-lecture-jeunesse","tag-lectures-de-noel","tag-lire-au-feminin-2021","tag-lutin","tag-saint-nicolas","post-preview"],"jetpack_featured_media_url":"https:\/\/i0.wp.com\/www.jojoenherbe.com\/wp-content\/uploads\/2021\/12\/St-Nicolas-cherche-un-cheval-scaled.jpg?fit=2560%2C1920","jetpack_sharing_enabled":true,"jetpack_shortlink":"https:\/\/wp.me\/p9zhGx-5UG","jetpack_likes_enabled":true,"jetpack-related-posts":[{"id":22480,"url":"http:\/\/www.jojoenherbe.com\/index.php\/2021\/11\/16\/billet-de-suivi-challenge-christmas-time-2021\/","url_meta":{"origin":22734,"position":0},"title":"Billet de suivi: Challenge Christmas Time 2021","author":"Jojo","date":"16 novembre 2021","format":false,"excerpt":"Le mois de d\u00e9cembre approchant, c\u2019est le retour du Challenge Christmas Time 2021, un challenge de No\u00ebl organis\u00e9 par MyaRosa et qui se d\u00e9roule du 15 novembre 2021 au 15 janvier 2022. Pour plus d\u2019infos, n\u2019h\u00e9sitez pas \u00e0 aller sur son blog. Ce billet sera actualis\u00e9 au fil du challenge\u2026","rel":"","context":"Dans &quot;Mini challenger&quot;","block_context":{"text":"Mini challenger","link":"http:\/\/www.jojoenherbe.com\/index.php\/category\/mini-challenger\/"},"img":{"alt_text":"","src":"https:\/\/i0.wp.com\/www.jojoenherbe.com\/wp-content\/uploads\/2021\/11\/Challenge-Christmas-Time-2021.jpg?fit=416%2C365&resize=350%2C200","width":350,"height":200},"classes":[]},{"id":42016,"url":"http:\/\/www.jojoenherbe.com\/index.php\/2025\/12\/29\/au-fil-des-pages-avec-lenfance-du-pere-noel\/","url_meta":{"origin":22734,"position":1},"title":"Au fil des pages avec L&rsquo;enfance du P\u00e8re No\u00ebl","author":"Jojo","date":"29 d\u00e9cembre 2025","format":false,"excerpt":"Nous avons lu L\u2019enfance du P\u00e8re No\u00ebl de S\u00e9bastien Perez et Benjamin Lacombe (\u00e9d. Margot, diff. L\u2019\u00c9cole des Loisirs, octobre 2025, 104 pages), un album jeunesse grand format aux magnifiques illustrations qui se lit comme un livre de l'Avent et \u00e0 partir de 5\/6 ans. Chaque double page comporte un\u2026","rel":"","context":"Dans &quot;Mini lecteur&quot;","block_context":{"text":"Mini lecteur","link":"http:\/\/www.jojoenherbe.com\/index.php\/category\/mini-lecteur\/"},"img":{"alt_text":"","src":"https:\/\/i0.wp.com\/www.jojoenherbe.com\/wp-content\/uploads\/2025\/12\/Lenfance-du-Pere-Noel-scaled.jpg?fit=1200%2C839&resize=350%2C200","width":350,"height":200,"srcset":"https:\/\/i0.wp.com\/www.jojoenherbe.com\/wp-content\/uploads\/2025\/12\/Lenfance-du-Pere-Noel-scaled.jpg?fit=1200%2C839&resize=350%2C200 1x, https:\/\/i0.wp.com\/www.jojoenherbe.com\/wp-content\/uploads\/2025\/12\/Lenfance-du-Pere-Noel-scaled.jpg?fit=1200%2C839&resize=525%2C300 1.5x, https:\/\/i0.wp.com\/www.jojoenherbe.com\/wp-content\/uploads\/2025\/12\/Lenfance-du-Pere-Noel-scaled.jpg?fit=1200%2C839&resize=700%2C400 2x, https:\/\/i0.wp.com\/www.jojoenherbe.com\/wp-content\/uploads\/2025\/12\/Lenfance-du-Pere-Noel-scaled.jpg?fit=1200%2C839&resize=1050%2C600 3x"},"classes":[]},{"id":10019,"url":"http:\/\/www.jojoenherbe.com\/index.php\/2020\/02\/14\/au-fil-des-pages-avec-cheval-des-neiges\/","url_meta":{"origin":22734,"position":2},"title":"Au fil des pages avec Cheval des neiges","author":"Jojo","date":"14 f\u00e9vrier 2020","format":false,"excerpt":"Nous empruntons \u00e0 la m\u00e9diath\u00e8que Cheval des neiges de Liang Xiong, Na Li et Hong Duan (\u00e9d. du Centenaire - MilleFleurs, 2013), un album jeunesse \u00e0 partir de 3 ans. Un soir o\u00f9 il a beaucoup neig\u00e9, une petite fille attend chez ses grand-parents le retour de ses parents. Mais\u2026","rel":"","context":"Dans &quot;Mini lecteur&quot;","block_context":{"text":"Mini lecteur","link":"http:\/\/www.jojoenherbe.com\/index.php\/category\/mini-lecteur\/"},"img":{"alt_text":"","src":"https:\/\/i0.wp.com\/www.jojoenherbe.com\/wp-content\/uploads\/2020\/02\/Cheval-des-neiges-scaled.jpg?fit=1200%2C1028&resize=350%2C200","width":350,"height":200,"srcset":"https:\/\/i0.wp.com\/www.jojoenherbe.com\/wp-content\/uploads\/2020\/02\/Cheval-des-neiges-scaled.jpg?fit=1200%2C1028&resize=350%2C200 1x, https:\/\/i0.wp.com\/www.jojoenherbe.com\/wp-content\/uploads\/2020\/02\/Cheval-des-neiges-scaled.jpg?fit=1200%2C1028&resize=525%2C300 1.5x, https:\/\/i0.wp.com\/www.jojoenherbe.com\/wp-content\/uploads\/2020\/02\/Cheval-des-neiges-scaled.jpg?fit=1200%2C1028&resize=700%2C400 2x, https:\/\/i0.wp.com\/www.jojoenherbe.com\/wp-content\/uploads\/2020\/02\/Cheval-des-neiges-scaled.jpg?fit=1200%2C1028&resize=1050%2C600 3x"},"classes":[]},{"id":14540,"url":"http:\/\/www.jojoenherbe.com\/index.php\/2020\/12\/28\/au-fil-des-pages-avec-le-renard-et-le-lutin\/","url_meta":{"origin":22734,"position":3},"title":"Au fil des pages avec Le Renard et le Lutin","author":"Jojo","date":"28 d\u00e9cembre 2020","format":false,"excerpt":"Pour les f\u00eates de No\u00ebl, nous empruntons \u00e0 la m\u00e9diath\u00e8que Le Renard et le Lutin d'Astrid Lindgren et Eva Eriksson (\u00e9d. L'\u00e9cole des loisirs, 2018), un album jeunesse \u00e0 partir de 3 ans. A No\u00ebl, \u00e0 la nuit tomb\u00e9e, pendant que les enfants jouent dans le salon, Goupil, un renard\u2026","rel":"","context":"Dans &quot;Mini lecteur&quot;","block_context":{"text":"Mini lecteur","link":"http:\/\/www.jojoenherbe.com\/index.php\/category\/mini-lecteur\/"},"img":{"alt_text":"","src":"https:\/\/i0.wp.com\/www.jojoenherbe.com\/wp-content\/uploads\/2020\/12\/Le-Renard-et-le-Lutin-scaled.jpg?fit=1200%2C900&resize=350%2C200","width":350,"height":200,"srcset":"https:\/\/i0.wp.com\/www.jojoenherbe.com\/wp-content\/uploads\/2020\/12\/Le-Renard-et-le-Lutin-scaled.jpg?fit=1200%2C900&resize=350%2C200 1x, https:\/\/i0.wp.com\/www.jojoenherbe.com\/wp-content\/uploads\/2020\/12\/Le-Renard-et-le-Lutin-scaled.jpg?fit=1200%2C900&resize=525%2C300 1.5x, https:\/\/i0.wp.com\/www.jojoenherbe.com\/wp-content\/uploads\/2020\/12\/Le-Renard-et-le-Lutin-scaled.jpg?fit=1200%2C900&resize=700%2C400 2x, https:\/\/i0.wp.com\/www.jojoenherbe.com\/wp-content\/uploads\/2020\/12\/Le-Renard-et-le-Lutin-scaled.jpg?fit=1200%2C900&resize=1050%2C600 3x"},"classes":[]},{"id":22744,"url":"http:\/\/www.jojoenherbe.com\/index.php\/2021\/12\/11\/un-rat-de-noel-2021\/","url_meta":{"origin":22734,"position":4},"title":"Un RAT de No\u00ebl 2021","author":"Jojo","date":"11 d\u00e9cembre 2021","format":false,"excerpt":"Depuis hier soir, 21h a lieu un read-a-thon no\u00ebllesque propos\u00e9 par Samarian et Chicky Poo dans le cadre de leur challenge Il \u00e9tait 9 fois No\u00ebl. Ce RAT finit demain \u00e0 minuit. Nos deux Santa lutines nous proposent donc un long week-end de lectures au chalet avec des d\u00e9fis facultatifs:\u2026","rel":"","context":"Dans &quot;Mini challenger&quot;","block_context":{"text":"Mini challenger","link":"http:\/\/www.jojoenherbe.com\/index.php\/category\/mini-challenger\/"},"img":{"alt_text":"","src":"https:\/\/i0.wp.com\/www.jojoenherbe.com\/wp-content\/uploads\/2021\/12\/RAT-de-Noel-2021-scaled.jpg?fit=1200%2C838&resize=350%2C200","width":350,"height":200,"srcset":"https:\/\/i0.wp.com\/www.jojoenherbe.com\/wp-content\/uploads\/2021\/12\/RAT-de-Noel-2021-scaled.jpg?fit=1200%2C838&resize=350%2C200 1x, https:\/\/i0.wp.com\/www.jojoenherbe.com\/wp-content\/uploads\/2021\/12\/RAT-de-Noel-2021-scaled.jpg?fit=1200%2C838&resize=525%2C300 1.5x, https:\/\/i0.wp.com\/www.jojoenherbe.com\/wp-content\/uploads\/2021\/12\/RAT-de-Noel-2021-scaled.jpg?fit=1200%2C838&resize=700%2C400 2x, https:\/\/i0.wp.com\/www.jojoenherbe.com\/wp-content\/uploads\/2021\/12\/RAT-de-Noel-2021-scaled.jpg?fit=1200%2C838&resize=1050%2C600 3x"},"classes":[]},{"id":33761,"url":"http:\/\/www.jojoenherbe.com\/index.php\/2024\/01\/02\/au-fil-des-pages-avec-le-lapin-de-velours\/","url_meta":{"origin":22734,"position":5},"title":"Au fil des pages avec Le lapin de velours","author":"Jojo","date":"2 janvier 2024","format":false,"excerpt":"Nous avons lu Le lapin de velours de Margery Williams et Sarah Massini (\u00e9d. Flammarion Jeunesse, coll. P\u00e8re Castor, octobre 2017, 64 pages), un album jeunesse \u00e0 partir de 4\/5 ans selon l'\u00e9diteur mais plus proche d\u2019un roman illustr\u00e9 puisqu\u2019il comprend le texte int\u00e9gral de Margery Williams paru pour la\u2026","rel":"","context":"Dans &quot;Mini lecteur&quot;","block_context":{"text":"Mini lecteur","link":"http:\/\/www.jojoenherbe.com\/index.php\/category\/mini-lecteur\/"},"img":{"alt_text":"","src":"https:\/\/i0.wp.com\/www.jojoenherbe.com\/wp-content\/uploads\/2021\/11\/Le-lapin-de-velours-scaled.jpg?fit=1200%2C900&resize=350%2C200","width":350,"height":200,"srcset":"https:\/\/i0.wp.com\/www.jojoenherbe.com\/wp-content\/uploads\/2021\/11\/Le-lapin-de-velours-scaled.jpg?fit=1200%2C900&resize=350%2C200 1x, https:\/\/i0.wp.com\/www.jojoenherbe.com\/wp-content\/uploads\/2021\/11\/Le-lapin-de-velours-scaled.jpg?fit=1200%2C900&resize=525%2C300 1.5x, https:\/\/i0.wp.com\/www.jojoenherbe.com\/wp-content\/uploads\/2021\/11\/Le-lapin-de-velours-scaled.jpg?fit=1200%2C900&resize=700%2C400 2x, https:\/\/i0.wp.com\/www.jojoenherbe.com\/wp-content\/uploads\/2021\/11\/Le-lapin-de-velours-scaled.jpg?fit=1200%2C900&resize=1050%2C600 3x"},"classes":[]}],"_links":{"self":[{"href":"http:\/\/www.jojoenherbe.com\/index.php\/wp-json\/wp\/v2\/posts\/22734","targetHints":{"allow":["GET"]}}],"collection":[{"href":"http:\/\/www.jojoenherbe.com\/index.php\/wp-json\/wp\/v2\/posts"}],"about":[{"href":"http:\/\/www.jojoenherbe.com\/index.php\/wp-json\/wp\/v2\/types\/post"}],"author":[{"embeddable":true,"href":"http:\/\/www.jojoenherbe.com\/index.php\/wp-json\/wp\/v2\/users\/1"}],"replies":[{"embeddable":true,"href":"http:\/\/www.jojoenherbe.com\/index.php\/wp-json\/wp\/v2\/comments?post=22734"}],"version-history":[{"count":0,"href":"http:\/\/www.jojoenherbe.com\/index.php\/wp-json\/wp\/v2\/posts\/22734\/revisions"}],"wp:featuredmedia":[{"embeddable":true,"href":"http:\/\/www.jojoenherbe.com\/index.php\/wp-json\/wp\/v2\/media\/22873"}],"wp:attachment":[{"href":"http:\/\/www.jojoenherbe.com\/index.php\/wp-json\/wp\/v2\/media?parent=22734"}],"wp:term":[{"taxonomy":"category","embeddable":true,"href":"http:\/\/www.jojoenherbe.com\/index.php\/wp-json\/wp\/v2\/categories?post=22734"},{"taxonomy":"post_tag","embeddable":true,"href":"http:\/\/www.jojoenherbe.com\/index.php\/wp-json\/wp\/v2\/tags?post=22734"}],"curies":[{"name":"wp","href":"https:\/\/api.w.org\/{rel}","templated":true}]}}