{"id":22700,"date":"2021-12-02T15:19:00","date_gmt":"2021-12-02T14:19:00","guid":{"rendered":"https:\/\/www.jojoenherbe.com\/?p=22700"},"modified":"2022-02-03T12:42:31","modified_gmt":"2022-02-03T11:42:31","slug":"au-fil-des-pages-avec-tous-les-noels-du-monde","status":"publish","type":"post","link":"http:\/\/www.jojoenherbe.com\/index.php\/2021\/12\/02\/au-fil-des-pages-avec-tous-les-noels-du-monde\/","title":{"rendered":"Au fil des pages avec Tous les No\u00ebls du monde"},"content":{"rendered":"<p style=\"text-align: justify;\"><em><a href=\"https:\/\/i0.wp.com\/www.jojoenherbe.com\/wp-content\/uploads\/2021\/12\/Tous-les-Noels-du-monde-2-scaled.jpg\"><img data-recalc-dims=\"1\" loading=\"lazy\" decoding=\"async\" data-attachment-id=\"23140\" data-permalink=\"http:\/\/www.jojoenherbe.com\/index.php\/2021\/12\/02\/au-fil-des-pages-avec-tous-les-noels-du-monde\/tous-les-noels-du-monde-2\/\" data-orig-file=\"https:\/\/i0.wp.com\/www.jojoenherbe.com\/wp-content\/uploads\/2021\/12\/Tous-les-Noels-du-monde-2-scaled.jpg?fit=2560%2C1878\" data-orig-size=\"2560,1878\" data-comments-opened=\"1\" data-image-meta=\"{&quot;aperture&quot;:&quot;1.8&quot;,&quot;credit&quot;:&quot;&quot;,&quot;camera&quot;:&quot;iPhone 7&quot;,&quot;caption&quot;:&quot;&quot;,&quot;created_timestamp&quot;:&quot;1641221634&quot;,&quot;copyright&quot;:&quot;&quot;,&quot;focal_length&quot;:&quot;3.99&quot;,&quot;iso&quot;:&quot;80&quot;,&quot;shutter_speed&quot;:&quot;0.058823529411765&quot;,&quot;title&quot;:&quot;&quot;,&quot;orientation&quot;:&quot;1&quot;}\" data-image-title=\"Tous les No\u00ebls du monde 2\" data-image-description=\"\" data-image-caption=\"\" data-large-file=\"https:\/\/i0.wp.com\/www.jojoenherbe.com\/wp-content\/uploads\/2021\/12\/Tous-les-Noels-du-monde-2-scaled.jpg?fit=676%2C496\" class=\"alignleft size-thumbnail wp-image-23140\" src=\"https:\/\/i0.wp.com\/www.jojoenherbe.com\/wp-content\/uploads\/2021\/12\/Tous-les-Noels-du-monde-2.jpg?resize=150%2C150\" alt=\"\" width=\"150\" height=\"150\" srcset=\"https:\/\/i0.wp.com\/www.jojoenherbe.com\/wp-content\/uploads\/2021\/12\/Tous-les-Noels-du-monde-2-scaled.jpg?resize=150%2C150 150w, https:\/\/i0.wp.com\/www.jojoenherbe.com\/wp-content\/uploads\/2021\/12\/Tous-les-Noels-du-monde-2-scaled.jpg?zoom=2&amp;resize=150%2C150 300w, https:\/\/i0.wp.com\/www.jojoenherbe.com\/wp-content\/uploads\/2021\/12\/Tous-les-Noels-du-monde-2-scaled.jpg?zoom=3&amp;resize=150%2C150 450w\" sizes=\"auto, (max-width: 150px) 100vw, 150px\" \/><\/a> <a href=\"https:\/\/i0.wp.com\/www.jojoenherbe.com\/wp-content\/uploads\/2021\/12\/Tous-les-Noels-du-monde-3-scaled.jpg\"><img data-recalc-dims=\"1\" loading=\"lazy\" decoding=\"async\" data-attachment-id=\"23141\" data-permalink=\"http:\/\/www.jojoenherbe.com\/index.php\/2021\/12\/02\/au-fil-des-pages-avec-tous-les-noels-du-monde\/tous-les-noels-du-monde-3\/\" data-orig-file=\"https:\/\/i0.wp.com\/www.jojoenherbe.com\/wp-content\/uploads\/2021\/12\/Tous-les-Noels-du-monde-3-scaled.jpg?fit=2560%2C1904\" data-orig-size=\"2560,1904\" data-comments-opened=\"1\" data-image-meta=\"{&quot;aperture&quot;:&quot;1.8&quot;,&quot;credit&quot;:&quot;&quot;,&quot;camera&quot;:&quot;iPhone 7&quot;,&quot;caption&quot;:&quot;&quot;,&quot;created_timestamp&quot;:&quot;1641221638&quot;,&quot;copyright&quot;:&quot;&quot;,&quot;focal_length&quot;:&quot;3.99&quot;,&quot;iso&quot;:&quot;80&quot;,&quot;shutter_speed&quot;:&quot;0.058823529411765&quot;,&quot;title&quot;:&quot;&quot;,&quot;orientation&quot;:&quot;1&quot;}\" data-image-title=\"Tous les No\u00ebls du monde 3\" data-image-description=\"\" data-image-caption=\"\" data-large-file=\"https:\/\/i0.wp.com\/www.jojoenherbe.com\/wp-content\/uploads\/2021\/12\/Tous-les-Noels-du-monde-3-scaled.jpg?fit=676%2C503\" class=\"alignleft size-thumbnail wp-image-23141\" src=\"https:\/\/i0.wp.com\/www.jojoenherbe.com\/wp-content\/uploads\/2021\/12\/Tous-les-Noels-du-monde-3.jpg?resize=150%2C150\" alt=\"\" width=\"150\" height=\"150\" srcset=\"https:\/\/i0.wp.com\/www.jojoenherbe.com\/wp-content\/uploads\/2021\/12\/Tous-les-Noels-du-monde-3-scaled.jpg?resize=150%2C150 150w, https:\/\/i0.wp.com\/www.jojoenherbe.com\/wp-content\/uploads\/2021\/12\/Tous-les-Noels-du-monde-3-scaled.jpg?zoom=2&amp;resize=150%2C150 300w, https:\/\/i0.wp.com\/www.jojoenherbe.com\/wp-content\/uploads\/2021\/12\/Tous-les-Noels-du-monde-3-scaled.jpg?zoom=3&amp;resize=150%2C150 450w\" sizes=\"auto, (max-width: 150px) 100vw, 150px\" \/><\/a>Nous lisons <span style=\"text-decoration: underline;\">Tous les No\u00ebls du monde, L&rsquo;atlas des 5-8 ans<\/span> d&rsquo;Audrey Guiller (\u00e9d. Milan Jeunesse, 2011, r\u00e9\u00e9d. 2014), un documentaire jeunesse \u00e0 partir de 5 ans, chaque tradition \u00e9tant illustr\u00e9 par des illustrateurs diff\u00e9rents et qui nous permet de d\u00e9couvrir des No\u00ebls \u00e0 travers la plan\u00e8te avec pour point commun l&rsquo;esprit de No\u00ebl.<br \/>\n<\/em><\/p>\n<p style=\"text-align: justify;\"><em><a href=\"https:\/\/i0.wp.com\/www.jojoenherbe.com\/wp-content\/uploads\/2021\/12\/Tous-les-Noels-du-monde-5-scaled.jpg\"><img data-recalc-dims=\"1\" loading=\"lazy\" decoding=\"async\" data-attachment-id=\"23143\" data-permalink=\"http:\/\/www.jojoenherbe.com\/index.php\/2021\/12\/02\/au-fil-des-pages-avec-tous-les-noels-du-monde\/tous-les-noels-du-monde-5\/\" data-orig-file=\"https:\/\/i0.wp.com\/www.jojoenherbe.com\/wp-content\/uploads\/2021\/12\/Tous-les-Noels-du-monde-5-scaled.jpg?fit=2560%2C1838\" data-orig-size=\"2560,1838\" data-comments-opened=\"1\" data-image-meta=\"{&quot;aperture&quot;:&quot;1.8&quot;,&quot;credit&quot;:&quot;&quot;,&quot;camera&quot;:&quot;iPhone 7&quot;,&quot;caption&quot;:&quot;&quot;,&quot;created_timestamp&quot;:&quot;1641221773&quot;,&quot;copyright&quot;:&quot;&quot;,&quot;focal_length&quot;:&quot;3.99&quot;,&quot;iso&quot;:&quot;80&quot;,&quot;shutter_speed&quot;:&quot;0.058823529411765&quot;,&quot;title&quot;:&quot;&quot;,&quot;orientation&quot;:&quot;1&quot;}\" data-image-title=\"Tous les No\u00ebls du monde 5\" data-image-description=\"\" data-image-caption=\"\" data-large-file=\"https:\/\/i0.wp.com\/www.jojoenherbe.com\/wp-content\/uploads\/2021\/12\/Tous-les-Noels-du-monde-5-scaled.jpg?fit=676%2C485\" class=\"size-thumbnail wp-image-23143 alignright\" src=\"https:\/\/i0.wp.com\/www.jojoenherbe.com\/wp-content\/uploads\/2021\/12\/Tous-les-Noels-du-monde-5.jpg?resize=150%2C150\" alt=\"\" width=\"150\" height=\"150\" srcset=\"https:\/\/i0.wp.com\/www.jojoenherbe.com\/wp-content\/uploads\/2021\/12\/Tous-les-Noels-du-monde-5-scaled.jpg?resize=150%2C150 150w, https:\/\/i0.wp.com\/www.jojoenherbe.com\/wp-content\/uploads\/2021\/12\/Tous-les-Noels-du-monde-5-scaled.jpg?zoom=2&amp;resize=150%2C150 300w, https:\/\/i0.wp.com\/www.jojoenherbe.com\/wp-content\/uploads\/2021\/12\/Tous-les-Noels-du-monde-5-scaled.jpg?zoom=3&amp;resize=150%2C150 450w\" sizes=\"auto, (max-width: 150px) 100vw, 150px\" \/><\/a> <a href=\"https:\/\/i0.wp.com\/www.jojoenherbe.com\/wp-content\/uploads\/2021\/12\/Tous-les-Noels-du-monde-4-scaled.jpg\"><img data-recalc-dims=\"1\" loading=\"lazy\" decoding=\"async\" data-attachment-id=\"23142\" data-permalink=\"http:\/\/www.jojoenherbe.com\/index.php\/2021\/12\/02\/au-fil-des-pages-avec-tous-les-noels-du-monde\/tous-les-noels-du-monde-4\/\" data-orig-file=\"https:\/\/i0.wp.com\/www.jojoenherbe.com\/wp-content\/uploads\/2021\/12\/Tous-les-Noels-du-monde-4-scaled.jpg?fit=2560%2C1795\" data-orig-size=\"2560,1795\" data-comments-opened=\"1\" data-image-meta=\"{&quot;aperture&quot;:&quot;1.8&quot;,&quot;credit&quot;:&quot;&quot;,&quot;camera&quot;:&quot;iPhone 7&quot;,&quot;caption&quot;:&quot;&quot;,&quot;created_timestamp&quot;:&quot;1641221664&quot;,&quot;copyright&quot;:&quot;&quot;,&quot;focal_length&quot;:&quot;3.99&quot;,&quot;iso&quot;:&quot;80&quot;,&quot;shutter_speed&quot;:&quot;0.058823529411765&quot;,&quot;title&quot;:&quot;&quot;,&quot;orientation&quot;:&quot;1&quot;}\" data-image-title=\"Tous les No\u00ebls du monde 4\" data-image-description=\"\" data-image-caption=\"\" data-large-file=\"https:\/\/i0.wp.com\/www.jojoenherbe.com\/wp-content\/uploads\/2021\/12\/Tous-les-Noels-du-monde-4-scaled.jpg?fit=676%2C474\" class=\"size-thumbnail wp-image-23142 alignright\" src=\"https:\/\/i0.wp.com\/www.jojoenherbe.com\/wp-content\/uploads\/2021\/12\/Tous-les-Noels-du-monde-4.jpg?resize=150%2C150\" alt=\"\" width=\"150\" height=\"150\" srcset=\"https:\/\/i0.wp.com\/www.jojoenherbe.com\/wp-content\/uploads\/2021\/12\/Tous-les-Noels-du-monde-4-scaled.jpg?resize=150%2C150 150w, https:\/\/i0.wp.com\/www.jojoenherbe.com\/wp-content\/uploads\/2021\/12\/Tous-les-Noels-du-monde-4-scaled.jpg?zoom=2&amp;resize=150%2C150 300w, https:\/\/i0.wp.com\/www.jojoenherbe.com\/wp-content\/uploads\/2021\/12\/Tous-les-Noels-du-monde-4-scaled.jpg?zoom=3&amp;resize=150%2C150 450w\" sizes=\"auto, (max-width: 150px) 100vw, 150px\" \/><\/a>A chaque double page, destination un pays et sa ou ses traditions associ\u00e9es comme par exemple au Groenland ou en Russie, que ce soit des plats typiques de No\u00ebl ou des festivit\u00e9s ou c\u00e9r\u00e9monies religieuses. Nous ferions bien une halte dans chaque pays pour participer \u00e0 chaque No\u00ebl comme casser des pi\u00f1atas remplis de bonbons et de confettis \u00e0 l&rsquo;instar des enfants mexicains ou bien d\u00e9corer nos maisons avec des lanternes de nacre en forme d&rsquo;\u00e9toile comme aux Philippines&#8230; Un bien joli tour du monde illustr\u00e9 no\u00eblesque! Toutefois, nous laissons volontiers les krampus en Autriche.<\/em><\/p>\n<div style=\"width: 121px\" class=\"wp-caption alignleft\"><img loading=\"lazy\" decoding=\"async\" class=\"\" src=\"https:\/\/i1.wp.com\/1.bp.blogspot.com\/-jZaT4_Mt4z0\/YZEgAbLEi_I\/AAAAAAAAIuo\/BJhLRiAjVwgxgk9hOwZ8TreAohy0RjLMwCLcBGAsYHQ\/s320\/9xnoel%2B2.jpg?resize=142%2C142&amp;ssl=1\" alt=\"\" width=\"111\" height=\"111\" border=\"0\" data-original-height=\"417\" data-original-width=\"417\" data-recalc-dims=\"1\" \/><p class=\"wp-caption-text\">Participation #5 Challenge Il \u00e9tait 9 fois No\u00ebl de <a href=\"https:\/\/www.laplanquealibellules.fr\/2021\/11\/il-etait-neuf-fois-noel.html\/\">Chicky Poo<\/a> et <a href=\"http:\/\/viedecontedefee.blogspot.com\/2021\/11\/1686-il-etait-neuf-fois-noel.html\">Samarian<\/a> #Les No\u00ebls du monde<\/p><\/div>\n<div style=\"width: 124px\" class=\"wp-caption alignleft\"><img loading=\"lazy\" decoding=\"async\" class=\"attachment-post-image  wp-post-image\" src=\"https:\/\/i2.wp.com\/www.jojoenherbe.com\/wp-content\/uploads\/2021\/11\/Challenge-Christmas-Time-2021.jpg?fit=416%2C365&amp;ssl=1\" sizes=\"auto, (max-width: 416px) 100vw, 416px\" srcset=\"https:\/\/i2.wp.com\/www.jojoenherbe.com\/wp-content\/uploads\/2021\/11\/Challenge-Christmas-Time-2021.jpg?w=416&amp;ssl=1 416w, https:\/\/i2.wp.com\/www.jojoenherbe.com\/wp-content\/uploads\/2021\/11\/Challenge-Christmas-Time-2021.jpg?resize=300%2C263&amp;ssl=1 300w\" alt=\"\" width=\"114\" height=\"100\" data-attachment-id=\"22483\" data-permalink=\"https:\/\/www.jojoenherbe.com\/index.php\/2021\/11\/16\/billet-de-suivi-challenge-christmas-time-2021\/challenge-christmas-time-2021\/\" data-orig-file=\"https:\/\/i2.wp.com\/www.jojoenherbe.com\/wp-content\/uploads\/2021\/11\/Challenge-Christmas-Time-2021.jpg?fit=416%2C365&amp;ssl=1\" data-orig-size=\"416,365\" data-comments-opened=\"1\" data-image-meta=\"{&quot;aperture&quot;:&quot;0&quot;,&quot;credit&quot;:&quot;&quot;,&quot;camera&quot;:&quot;&quot;,&quot;caption&quot;:&quot;&quot;,&quot;created_timestamp&quot;:&quot;0&quot;,&quot;copyright&quot;:&quot;&quot;,&quot;focal_length&quot;:&quot;0&quot;,&quot;iso&quot;:&quot;0&quot;,&quot;shutter_speed&quot;:&quot;0&quot;,&quot;title&quot;:&quot;&quot;,&quot;orientation&quot;:&quot;0&quot;}\" data-image-title=\"Challenge Christmas Time 2021\" data-image-description=\"\" data-image-caption=\"\" data-medium-file=\"https:\/\/i2.wp.com\/www.jojoenherbe.com\/wp-content\/uploads\/2021\/11\/Challenge-Christmas-Time-2021.jpg?fit=300%2C263&amp;ssl=1\" data-large-file=\"https:\/\/i2.wp.com\/www.jojoenherbe.com\/wp-content\/uploads\/2021\/11\/Challenge-Christmas-Time-2021.jpg?fit=416%2C365&amp;ssl=1\" \/><p class=\"wp-caption-text\">Participation #5 Challenge Christmas Time 2021 de <a href=\"http:\/\/mya-books.over-blog.com\/2021\/11\/challenge-christmas-time-2021.html\">MyaRosa<\/a> #Documentaire jeunesse<\/p><\/div>\n<div style=\"width: 149px\" class=\"wp-caption alignleft\"><img loading=\"lazy\" decoding=\"async\" src=\"https:\/\/i2.wp.com\/mapetitemediatheque.fr\/wp-content\/uploads\/2018\/11\/contes-de-No%C3%ABl-2-300x166.jpg?resize=176%2C97\" alt=\"\" width=\"139\" height=\"77\" \/><p class=\"wp-caption-text\">Participation #66 au Challenge Contes &amp; L\u00e9gendes 2021 de <a href=\"https:\/\/mapetitemediatheque.fr\/2020\/12\/challenge-contes-legendes-2021\/\">Bidib<\/a> #Traditions de No\u00ebl<\/p><\/div>\n<div style=\"width: 127px\" class=\"wp-caption alignleft\"><img loading=\"lazy\" decoding=\"async\" class=\"nonealign widthoriginal\" src=\"https:\/\/i0.wp.com\/p4.storage.canalblog.com\/40\/68\/1394281\/128273873.png?resize=129%2C93&amp;ssl=1\" alt=\"\" width=\"117\" height=\"85\" border=\"0\" data-recalc-dims=\"1\" \/><p class=\"wp-caption-text\">Participation #73 Challenge Des livres (et des \u00e9crans) en cuisine de <a href=\"https:\/\/mapetitemediatheque.fr\/2020\/12\/des-livres-et-des-ecrans-en-cuisine-2021\/\">Bidib<\/a> et <a href=\"http:\/\/croquerlespages.canalblog.com\/archives\/2020\/12\/20\/38715076.html\">Fondant<\/a> #Cuisine du monde no\u00eblesque<\/p><\/div>\n","protected":false},"excerpt":{"rendered":"<p>Nous lisons Tous les No\u00ebls du monde, L&rsquo;atlas des 5-8 ans d&rsquo;Audrey Guiller (\u00e9d. Milan Jeunesse, 2011, r\u00e9\u00e9d. 2014), un documentaire jeunesse \u00e0 partir de 5 ans, chaque tradition \u00e9tant illustr\u00e9 par des illustrateurs diff\u00e9rents et qui nous permet de d\u00e9couvrir des No\u00ebls \u00e0 travers la plan\u00e8te avec pour point commun l&rsquo;esprit de No\u00ebl. A [&hellip;]<\/p>\n","protected":false},"author":1,"featured_media":22693,"comment_status":"open","ping_status":"open","sticky":false,"template":"","format":"standard","meta":{"jetpack_post_was_ever_published":false,"_jetpack_newsletter_access":"","_jetpack_dont_email_post_to_subs":false,"_jetpack_newsletter_tier_id":0,"_jetpack_memberships_contains_paywalled_content":false,"_jetpack_memberships_contains_paid_content":false,"footnotes":""},"categories":[363],"tags":[995,2885,2024,2020,2921,2019,2211,24,2025,367,19,1630],"class_list":["post-22700","post","type-post","status-publish","format-standard","has-post-thumbnail","hentry","category-mini-lecteur","tag-5-8-ans","tag-audrey-guiller","tag-challenge-christmas-time-2021","tag-challenge-contes-et-legendes-2021","tag-cuisine-du-monde","tag-des-livres-et-des-ecrans-en-cuisine-2021","tag-documentaires-jeunesse","tag-festivites","tag-il-etait-9-fois-noel","tag-lecture-jeunesse","tag-noel","tag-traditions","post-preview"],"jetpack_featured_media_url":"https:\/\/i0.wp.com\/www.jojoenherbe.com\/wp-content\/uploads\/2021\/12\/Tous-les-Noels-du-monde-scaled.jpg?fit=2560%2C1873","jetpack_sharing_enabled":true,"jetpack_shortlink":"https:\/\/wp.me\/p9zhGx-5U8","jetpack_likes_enabled":true,"jetpack-related-posts":[{"id":22494,"url":"http:\/\/www.jojoenherbe.com\/index.php\/2021\/11\/17\/billet-de-suivi-il-etait-9-fois-noel\/","url_meta":{"origin":22700,"position":0},"title":"Billet de suivi: Il \u00e9tait 9 fois No\u00ebl","author":"Jojo","date":"17 novembre 2021","format":false,"excerpt":"Le mois de d\u00e9cembre approchant, c\u2019est le retour de Il \u00e9tait 9 fois No\u00ebl, un challenge de No\u00ebl organis\u00e9 par Chicky Poo et Samarian qui ouvrent les portes de leur Chalet du 29 novembre 2021 au 2 janvier 2022. Pour plus d\u2019infos, n\u2019h\u00e9sitez pas \u00e0 aller sur leurs blogs. Ce\u2026","rel":"","context":"Dans &quot;Mini challenger&quot;","block_context":{"text":"Mini challenger","link":"http:\/\/www.jojoenherbe.com\/index.php\/category\/mini-challenger\/"},"img":{"alt_text":"","src":"https:\/\/i0.wp.com\/www.jojoenherbe.com\/wp-content\/uploads\/2021\/11\/Il-etait-9-fois-Noel-logo.jpg?fit=500%2C500&resize=350%2C200","width":350,"height":200},"classes":[]},{"id":28903,"url":"http:\/\/www.jojoenherbe.com\/index.php\/2022\/12\/21\/au-fil-des-pages-avec-noel-dans-la-vallee-des-moomins\/","url_meta":{"origin":22700,"position":1},"title":"Au fil des pages avec No\u00ebl dans la vall\u00e9e des Moomins","author":"Jojo","date":"21 d\u00e9cembre 2022","format":false,"excerpt":"Nous lisons et relisons No\u00ebl dans la vall\u00e9e des Moomins d'Alex Haridi, Cecilia Davidsson et Filippa Widlund, d'apr\u00e8s une histoire de Tove Jansson (\u00e9d. Cambourakis, 2018), un album jeunesse tr\u00e8s joliment illustr\u00e9 et \u00e0 partir de 4\/5 ans. En ce mois de d\u00e9cembre, la neige a recouvert la vall\u00e9e et\u2026","rel":"","context":"Dans &quot;Mini lecteur&quot;","block_context":{"text":"Mini lecteur","link":"http:\/\/www.jojoenherbe.com\/index.php\/category\/mini-lecteur\/"},"img":{"alt_text":"","src":"https:\/\/i0.wp.com\/www.jojoenherbe.com\/wp-content\/uploads\/2022\/12\/Noel-dans-la-vallee-des-Moomins-scaled.jpg?fit=1200%2C767&resize=350%2C200","width":350,"height":200,"srcset":"https:\/\/i0.wp.com\/www.jojoenherbe.com\/wp-content\/uploads\/2022\/12\/Noel-dans-la-vallee-des-Moomins-scaled.jpg?fit=1200%2C767&resize=350%2C200 1x, https:\/\/i0.wp.com\/www.jojoenherbe.com\/wp-content\/uploads\/2022\/12\/Noel-dans-la-vallee-des-Moomins-scaled.jpg?fit=1200%2C767&resize=525%2C300 1.5x, https:\/\/i0.wp.com\/www.jojoenherbe.com\/wp-content\/uploads\/2022\/12\/Noel-dans-la-vallee-des-Moomins-scaled.jpg?fit=1200%2C767&resize=700%2C400 2x, https:\/\/i0.wp.com\/www.jojoenherbe.com\/wp-content\/uploads\/2022\/12\/Noel-dans-la-vallee-des-Moomins-scaled.jpg?fit=1200%2C767&resize=1050%2C600 3x"},"classes":[]},{"id":9137,"url":"http:\/\/www.jojoenherbe.com\/index.php\/2019\/12\/29\/au-fil-des-pages-avec-le-premier-noel-de-nina\/","url_meta":{"origin":22700,"position":2},"title":"Au fil des pages avec Le premier No\u00ebl de Nina","author":"Jojo","date":"29 d\u00e9cembre 2019","format":false,"excerpt":"Lors du premier RAT du Challenge Il \u00e9tait 7 fois No\u00ebl, nous avons relu Le premier No\u00ebl de Nina de Christine Leeson et Gaby Hansen (\u00e9d. Milan Jeunesse, 2003), un album jeunesse \u00e0 partir de 3 ans. Nina, une petite souris, f\u00eate son premier No\u00ebl et souhaite avoir un joli\u2026","rel":"","context":"Dans &quot;Mini lecteur&quot;","block_context":{"text":"Mini lecteur","link":"http:\/\/www.jojoenherbe.com\/index.php\/category\/mini-lecteur\/"},"img":{"alt_text":"","src":"https:\/\/i0.wp.com\/www.jojoenherbe.com\/wp-content\/uploads\/2019\/12\/Le-premier-Noel-de-Nina-scaled.jpg?fit=1200%2C900&resize=350%2C200","width":350,"height":200,"srcset":"https:\/\/i0.wp.com\/www.jojoenherbe.com\/wp-content\/uploads\/2019\/12\/Le-premier-Noel-de-Nina-scaled.jpg?fit=1200%2C900&resize=350%2C200 1x, https:\/\/i0.wp.com\/www.jojoenherbe.com\/wp-content\/uploads\/2019\/12\/Le-premier-Noel-de-Nina-scaled.jpg?fit=1200%2C900&resize=525%2C300 1.5x, https:\/\/i0.wp.com\/www.jojoenherbe.com\/wp-content\/uploads\/2019\/12\/Le-premier-Noel-de-Nina-scaled.jpg?fit=1200%2C900&resize=700%2C400 2x, https:\/\/i0.wp.com\/www.jojoenherbe.com\/wp-content\/uploads\/2019\/12\/Le-premier-Noel-de-Nina-scaled.jpg?fit=1200%2C900&resize=1050%2C600 3x"},"classes":[]},{"id":13574,"url":"http:\/\/www.jojoenherbe.com\/index.php\/2020\/11\/10\/billet-de-suivi-il-etait-8-fois-noel\/","url_meta":{"origin":22700,"position":3},"title":"Billet de suivi: Il \u00e9tait 8 fois No\u00ebl","author":"Jojo","date":"10 novembre 2020","format":false,"excerpt":"Le mois de d\u00e9cembre approchant, c'est le retour de Il \u00e9tait 8 fois No\u00ebl, un challenge de No\u00ebl organis\u00e9 par Chicky Poo et Samarian et qui se d\u00e9roule du 30 novembre 2020 au 3 janvier 2021. Pour plus d\u2019infos, n\u2019h\u00e9sitez pas \u00e0 aller sur leurs blogs. Ce billet sera actualis\u00e9\u2026","rel":"","context":"Dans &quot;Mini challenger&quot;","block_context":{"text":"Mini challenger","link":"http:\/\/www.jojoenherbe.com\/index.php\/category\/mini-challenger\/"},"img":{"alt_text":"","src":"https:\/\/i0.wp.com\/www.jojoenherbe.com\/wp-content\/uploads\/2020\/11\/Logo_2_2020-1024x992-1.jpg?fit=1024%2C992&resize=350%2C200","width":350,"height":200,"srcset":"https:\/\/i0.wp.com\/www.jojoenherbe.com\/wp-content\/uploads\/2020\/11\/Logo_2_2020-1024x992-1.jpg?fit=1024%2C992&resize=350%2C200 1x, https:\/\/i0.wp.com\/www.jojoenherbe.com\/wp-content\/uploads\/2020\/11\/Logo_2_2020-1024x992-1.jpg?fit=1024%2C992&resize=525%2C300 1.5x, https:\/\/i0.wp.com\/www.jojoenherbe.com\/wp-content\/uploads\/2020\/11\/Logo_2_2020-1024x992-1.jpg?fit=1024%2C992&resize=700%2C400 2x"},"classes":[]},{"id":14348,"url":"http:\/\/www.jojoenherbe.com\/index.php\/2020\/12\/19\/au-fil-des-pages-avec-un-noel-sous-la-neige\/","url_meta":{"origin":22700,"position":4},"title":"Au fil des pages avec Un No\u00ebl sous la neige","author":"Jojo","date":"19 d\u00e9cembre 2020","format":false,"excerpt":"Nous empruntons \u00e0 la m\u00e9diath\u00e8que Un No\u00ebl sous la neige de Diana Hendry et Jane Chapman (\u00e9d. Mijade, 2005), un album jeunesse \u00e0 partir de 3 ans. Le soir de No\u00ebl, Grand Fr\u00e8re Souris et B\u00e9b\u00e9 Souris finissent les pr\u00e9paratifs du r\u00e9veillon. Mais il manque du houx pour finir la\u2026","rel":"","context":"Dans &quot;Mini lecteur&quot;","block_context":{"text":"Mini lecteur","link":"http:\/\/www.jojoenherbe.com\/index.php\/category\/mini-lecteur\/"},"img":{"alt_text":"","src":"https:\/\/i0.wp.com\/www.jojoenherbe.com\/wp-content\/uploads\/2020\/12\/Un-Noel-sous-la-neige-1-scaled.jpg?fit=1200%2C900&resize=350%2C200","width":350,"height":200,"srcset":"https:\/\/i0.wp.com\/www.jojoenherbe.com\/wp-content\/uploads\/2020\/12\/Un-Noel-sous-la-neige-1-scaled.jpg?fit=1200%2C900&resize=350%2C200 1x, https:\/\/i0.wp.com\/www.jojoenherbe.com\/wp-content\/uploads\/2020\/12\/Un-Noel-sous-la-neige-1-scaled.jpg?fit=1200%2C900&resize=525%2C300 1.5x, https:\/\/i0.wp.com\/www.jojoenherbe.com\/wp-content\/uploads\/2020\/12\/Un-Noel-sous-la-neige-1-scaled.jpg?fit=1200%2C900&resize=700%2C400 2x, https:\/\/i0.wp.com\/www.jojoenherbe.com\/wp-content\/uploads\/2020\/12\/Un-Noel-sous-la-neige-1-scaled.jpg?fit=1200%2C900&resize=1050%2C600 3x"},"classes":[]},{"id":33686,"url":"http:\/\/www.jojoenherbe.com\/index.php\/2023\/12\/24\/au-fil-des-pages-avec-ruby-tombee-du-nid\/","url_meta":{"origin":22700,"position":5},"title":"Au fil des pages avec Ruby tomb\u00e9e du nid","author":"Jojo","date":"24 d\u00e9cembre 2023","format":false,"excerpt":"Nous avions lu, en janvier 2022, Ruby tomb\u00e9e du nid de Dan Ojari, Mikey Please et Briony May Smith (\u00e9d. Gallimard Jeunesse, octobre 2021, 32 pages), un album jeunesse \u00e0 partir de 3 ans et qui est une adaptation du court m\u00e9trage d'animation \u00e9ponyme de 32 minutes et en stop\u2026","rel":"","context":"Dans &quot;Mini cin\u00e9phile&quot;","block_context":{"text":"Mini cin\u00e9phile","link":"http:\/\/www.jojoenherbe.com\/index.php\/category\/mini-cinephile\/"},"img":{"alt_text":"","src":"https:\/\/i0.wp.com\/www.jojoenherbe.com\/wp-content\/uploads\/2022\/01\/Ruby-tombee-du-nid-scaled.jpg?fit=1200%2C976&resize=350%2C200","width":350,"height":200,"srcset":"https:\/\/i0.wp.com\/www.jojoenherbe.com\/wp-content\/uploads\/2022\/01\/Ruby-tombee-du-nid-scaled.jpg?fit=1200%2C976&resize=350%2C200 1x, https:\/\/i0.wp.com\/www.jojoenherbe.com\/wp-content\/uploads\/2022\/01\/Ruby-tombee-du-nid-scaled.jpg?fit=1200%2C976&resize=525%2C300 1.5x, https:\/\/i0.wp.com\/www.jojoenherbe.com\/wp-content\/uploads\/2022\/01\/Ruby-tombee-du-nid-scaled.jpg?fit=1200%2C976&resize=700%2C400 2x, https:\/\/i0.wp.com\/www.jojoenherbe.com\/wp-content\/uploads\/2022\/01\/Ruby-tombee-du-nid-scaled.jpg?fit=1200%2C976&resize=1050%2C600 3x"},"classes":[]}],"_links":{"self":[{"href":"http:\/\/www.jojoenherbe.com\/index.php\/wp-json\/wp\/v2\/posts\/22700","targetHints":{"allow":["GET"]}}],"collection":[{"href":"http:\/\/www.jojoenherbe.com\/index.php\/wp-json\/wp\/v2\/posts"}],"about":[{"href":"http:\/\/www.jojoenherbe.com\/index.php\/wp-json\/wp\/v2\/types\/post"}],"author":[{"embeddable":true,"href":"http:\/\/www.jojoenherbe.com\/index.php\/wp-json\/wp\/v2\/users\/1"}],"replies":[{"embeddable":true,"href":"http:\/\/www.jojoenherbe.com\/index.php\/wp-json\/wp\/v2\/comments?post=22700"}],"version-history":[{"count":0,"href":"http:\/\/www.jojoenherbe.com\/index.php\/wp-json\/wp\/v2\/posts\/22700\/revisions"}],"wp:featuredmedia":[{"embeddable":true,"href":"http:\/\/www.jojoenherbe.com\/index.php\/wp-json\/wp\/v2\/media\/22693"}],"wp:attachment":[{"href":"http:\/\/www.jojoenherbe.com\/index.php\/wp-json\/wp\/v2\/media?parent=22700"}],"wp:term":[{"taxonomy":"category","embeddable":true,"href":"http:\/\/www.jojoenherbe.com\/index.php\/wp-json\/wp\/v2\/categories?post=22700"},{"taxonomy":"post_tag","embeddable":true,"href":"http:\/\/www.jojoenherbe.com\/index.php\/wp-json\/wp\/v2\/tags?post=22700"}],"curies":[{"name":"wp","href":"https:\/\/api.w.org\/{rel}","templated":true}]}}