{"id":22632,"date":"2021-11-26T16:23:00","date_gmt":"2021-11-26T15:23:00","guid":{"rendered":"https:\/\/www.jojoenherbe.com\/?p=22632"},"modified":"2023-02-17T16:51:59","modified_gmt":"2023-02-17T15:51:59","slug":"au-fil-des-pages-avec-le-noel-de-caroline","status":"publish","type":"post","link":"http:\/\/www.jojoenherbe.com\/index.php\/2021\/11\/26\/au-fil-des-pages-avec-le-noel-de-caroline\/","title":{"rendered":"Au fil des pages avec Le No\u00ebl de Caroline"},"content":{"rendered":"<p style=\"text-align: justify;\"><em><a href=\"https:\/\/i0.wp.com\/www.jojoenherbe.com\/wp-content\/uploads\/2021\/11\/Le-Noel-de-Caroline-2-scaled.jpg\"><img data-recalc-dims=\"1\" loading=\"lazy\" decoding=\"async\" data-attachment-id=\"22634\" data-permalink=\"http:\/\/www.jojoenherbe.com\/index.php\/2021\/11\/26\/au-fil-des-pages-avec-le-noel-de-caroline\/le-noel-de-caroline-2\/\" data-orig-file=\"https:\/\/i0.wp.com\/www.jojoenherbe.com\/wp-content\/uploads\/2021\/11\/Le-Noel-de-Caroline-2-scaled.jpg?fit=2560%2C1920\" data-orig-size=\"2560,1920\" data-comments-opened=\"1\" data-image-meta=\"{&quot;aperture&quot;:&quot;1.8&quot;,&quot;credit&quot;:&quot;&quot;,&quot;camera&quot;:&quot;iPhone 7&quot;,&quot;caption&quot;:&quot;&quot;,&quot;created_timestamp&quot;:&quot;1638377735&quot;,&quot;copyright&quot;:&quot;&quot;,&quot;focal_length&quot;:&quot;3.99&quot;,&quot;iso&quot;:&quot;80&quot;,&quot;shutter_speed&quot;:&quot;0.25&quot;,&quot;title&quot;:&quot;&quot;,&quot;orientation&quot;:&quot;1&quot;}\" data-image-title=\"Le No\u00ebl de Caroline 2\" data-image-description=\"\" data-image-caption=\"\" data-large-file=\"https:\/\/i0.wp.com\/www.jojoenherbe.com\/wp-content\/uploads\/2021\/11\/Le-Noel-de-Caroline-2-scaled.jpg?fit=676%2C507\" class=\"alignleft wp-image-22634 size-thumbnail\" src=\"https:\/\/i0.wp.com\/www.jojoenherbe.com\/wp-content\/uploads\/2021\/11\/Le-Noel-de-Caroline-2.jpg?resize=150%2C150\" alt=\"\" width=\"150\" height=\"150\" srcset=\"https:\/\/i0.wp.com\/www.jojoenherbe.com\/wp-content\/uploads\/2021\/11\/Le-Noel-de-Caroline-2-scaled.jpg?resize=150%2C150 150w, https:\/\/i0.wp.com\/www.jojoenherbe.com\/wp-content\/uploads\/2021\/11\/Le-Noel-de-Caroline-2-scaled.jpg?zoom=2&amp;resize=150%2C150 300w, https:\/\/i0.wp.com\/www.jojoenherbe.com\/wp-content\/uploads\/2021\/11\/Le-Noel-de-Caroline-2-scaled.jpg?zoom=3&amp;resize=150%2C150 450w\" sizes=\"auto, (max-width: 150px) 100vw, 150px\" \/><\/a> <a href=\"https:\/\/i0.wp.com\/www.jojoenherbe.com\/wp-content\/uploads\/2021\/11\/Le-Noel-de-Caroline-3-scaled.jpg\"><img data-recalc-dims=\"1\" loading=\"lazy\" decoding=\"async\" data-attachment-id=\"22635\" data-permalink=\"http:\/\/www.jojoenherbe.com\/index.php\/2021\/11\/26\/au-fil-des-pages-avec-le-noel-de-caroline\/le-noel-de-caroline-3\/\" data-orig-file=\"https:\/\/i0.wp.com\/www.jojoenherbe.com\/wp-content\/uploads\/2021\/11\/Le-Noel-de-Caroline-3-scaled.jpg?fit=2560%2C2054\" data-orig-size=\"2560,2054\" data-comments-opened=\"1\" data-image-meta=\"{&quot;aperture&quot;:&quot;1.8&quot;,&quot;credit&quot;:&quot;&quot;,&quot;camera&quot;:&quot;iPhone 7&quot;,&quot;caption&quot;:&quot;&quot;,&quot;created_timestamp&quot;:&quot;1638377741&quot;,&quot;copyright&quot;:&quot;&quot;,&quot;focal_length&quot;:&quot;3.99&quot;,&quot;iso&quot;:&quot;100&quot;,&quot;shutter_speed&quot;:&quot;0.25&quot;,&quot;title&quot;:&quot;&quot;,&quot;orientation&quot;:&quot;1&quot;}\" data-image-title=\"Le No\u00ebl de Caroline 3\" data-image-description=\"\" data-image-caption=\"\" data-large-file=\"https:\/\/i0.wp.com\/www.jojoenherbe.com\/wp-content\/uploads\/2021\/11\/Le-Noel-de-Caroline-3-scaled.jpg?fit=676%2C542\" class=\"alignleft size-thumbnail wp-image-22635\" src=\"https:\/\/i0.wp.com\/www.jojoenherbe.com\/wp-content\/uploads\/2021\/11\/Le-Noel-de-Caroline-3.jpg?resize=150%2C150\" alt=\"\" width=\"150\" height=\"150\" srcset=\"https:\/\/i0.wp.com\/www.jojoenherbe.com\/wp-content\/uploads\/2021\/11\/Le-Noel-de-Caroline-3-scaled.jpg?resize=150%2C150 150w, https:\/\/i0.wp.com\/www.jojoenherbe.com\/wp-content\/uploads\/2021\/11\/Le-Noel-de-Caroline-3-scaled.jpg?zoom=2&amp;resize=150%2C150 300w, https:\/\/i0.wp.com\/www.jojoenherbe.com\/wp-content\/uploads\/2021\/11\/Le-Noel-de-Caroline-3-scaled.jpg?zoom=3&amp;resize=150%2C150 450w\" sizes=\"auto, (max-width: 150px) 100vw, 150px\" \/><\/a>Nous lisons et relisons <span style=\"text-decoration: underline;\">Le No\u00ebl de Caroline<\/span> de Pierre Probst (\u00e9d. Hachette Jeunesse, 1992, r\u00e9\u00e9d. 2011), un album jeunesse \u00e0 partir de 3 ans. En cette veille de No\u00ebl, Caroline et ses amis pr\u00e9parent le r\u00e9veillon. Boum et Youpi sont charg\u00e9s d&rsquo;acheter un beau et grand sapin en ville gr\u00e2ce \u00e0 l&rsquo;argent que tous ont \u00e9conomis\u00e9. Mais en chemin, ils donnent la quasi totalit\u00e9 de leur argent \u00e0 un mendiant musicien et \u00e0 un P\u00e8re No\u00ebl faisant la qu\u00eate pour des enfants d\u00e9favoris\u00e9s. Ils rentrent chez eux avec un minuscule sapin. C&rsquo;est alors que Caroline re\u00e7oit une myst\u00e9rieuse lettre du baron de l&rsquo;\u00c9toile. Auront-ils finalement l&rsquo;arbre de No\u00ebl r\u00eav\u00e9?<br \/><\/em><\/p>\n<p style=\"text-align: justify;\"><em><a href=\"https:\/\/i0.wp.com\/www.jojoenherbe.com\/wp-content\/uploads\/2021\/11\/Le-Noel-de-Caroline-4-scaled.jpg\"><img data-recalc-dims=\"1\" loading=\"lazy\" decoding=\"async\" data-attachment-id=\"22636\" data-permalink=\"http:\/\/www.jojoenherbe.com\/index.php\/2021\/11\/26\/au-fil-des-pages-avec-le-noel-de-caroline\/le-noel-de-caroline-4\/\" data-orig-file=\"https:\/\/i0.wp.com\/www.jojoenherbe.com\/wp-content\/uploads\/2021\/11\/Le-Noel-de-Caroline-4-scaled.jpg?fit=2560%2C1920\" data-orig-size=\"2560,1920\" data-comments-opened=\"1\" data-image-meta=\"{&quot;aperture&quot;:&quot;1.8&quot;,&quot;credit&quot;:&quot;&quot;,&quot;camera&quot;:&quot;iPhone 7&quot;,&quot;caption&quot;:&quot;&quot;,&quot;created_timestamp&quot;:&quot;1638377632&quot;,&quot;copyright&quot;:&quot;&quot;,&quot;focal_length&quot;:&quot;3.99&quot;,&quot;iso&quot;:&quot;100&quot;,&quot;shutter_speed&quot;:&quot;0.25&quot;,&quot;title&quot;:&quot;&quot;,&quot;orientation&quot;:&quot;1&quot;}\" data-image-title=\"Le No\u00ebl de Caroline 4\" data-image-description=\"\" data-image-caption=\"\" data-large-file=\"https:\/\/i0.wp.com\/www.jojoenherbe.com\/wp-content\/uploads\/2021\/11\/Le-Noel-de-Caroline-4-scaled.jpg?fit=676%2C507\" class=\"size-thumbnail wp-image-22636 alignright\" src=\"https:\/\/i0.wp.com\/www.jojoenherbe.com\/wp-content\/uploads\/2021\/11\/Le-Noel-de-Caroline-4.jpg?resize=150%2C150\" alt=\"\" width=\"150\" height=\"150\" srcset=\"https:\/\/i0.wp.com\/www.jojoenherbe.com\/wp-content\/uploads\/2021\/11\/Le-Noel-de-Caroline-4-scaled.jpg?resize=150%2C150 150w, https:\/\/i0.wp.com\/www.jojoenherbe.com\/wp-content\/uploads\/2021\/11\/Le-Noel-de-Caroline-4-scaled.jpg?zoom=2&amp;resize=150%2C150 300w, https:\/\/i0.wp.com\/www.jojoenherbe.com\/wp-content\/uploads\/2021\/11\/Le-Noel-de-Caroline-4-scaled.jpg?zoom=3&amp;resize=150%2C150 450w\" sizes=\"auto, (max-width: 150px) 100vw, 150px\" \/><\/a>L&rsquo;ann\u00e9e derni\u00e8re, j&rsquo;avais fait d\u00e9couvrir, avec nostalgie, \u00e0 mon mini lutin plusieurs aventures de <span style=\"text-decoration: underline;\">Caroline et de ses amis<\/span> comme <span style=\"text-decoration: underline;\">Caroline \u00e0 la mer<\/span> et <span style=\"text-decoration: underline;\">Caroline aux sports d&rsquo;hiver<\/span>, me replongeant ainsi dans mes souvenirs livresques d&rsquo;enfance et ayant \u00e9t\u00e9 ravie de d\u00e9couvrir que les histoires de Caroline avaient \u00e9t\u00e9 r\u00e9\u00e9dit\u00e9es dans les ann\u00e9es 2010. Parue pour la premi\u00e8re fois en 1992, cette histoire de Caroline aux jolies illustrations vintage met \u00e0 l&rsquo;honneur la magie de No\u00ebl, l&rsquo;amiti\u00e9 et la g\u00e9n\u00e9rosit\u00e9. Un bon moment de lecture doudou avec cette histoire dr\u00f4le et tendre mais qui pourrait effrayer les plus jeunes et les questionner sur l&rsquo;identit\u00e9 du P\u00e8re No\u00ebl qui appara\u00eet sous le costume du baron de l\u2019\u00c9toile et qui a, un moment donn\u00e9, est pris pour un ogre!<\/em><\/p>\n<div style=\"width: 129px\" class=\"wp-caption alignleft\"><img loading=\"lazy\" decoding=\"async\" class=\"attachment-post-image  wp-post-image\" src=\"https:\/\/i2.wp.com\/www.jojoenherbe.com\/wp-content\/uploads\/2021\/11\/Challenge-Christmas-Time-2021.jpg?fit=416%2C365&amp;ssl=1\" sizes=\"auto, (max-width: 416px) 100vw, 416px\" srcset=\"https:\/\/i2.wp.com\/www.jojoenherbe.com\/wp-content\/uploads\/2021\/11\/Challenge-Christmas-Time-2021.jpg?w=416&amp;ssl=1 416w, https:\/\/i2.wp.com\/www.jojoenherbe.com\/wp-content\/uploads\/2021\/11\/Challenge-Christmas-Time-2021.jpg?resize=300%2C263&amp;ssl=1 300w\" alt=\"\" width=\"119\" height=\"105\" data-attachment-id=\"22483\" data-permalink=\"https:\/\/www.jojoenherbe.com\/index.php\/2021\/11\/16\/billet-de-suivi-challenge-christmas-time-2021\/challenge-christmas-time-2021\/\" data-orig-file=\"https:\/\/i2.wp.com\/www.jojoenherbe.com\/wp-content\/uploads\/2021\/11\/Challenge-Christmas-Time-2021.jpg?fit=416%2C365&amp;ssl=1\" data-orig-size=\"416,365\" data-comments-opened=\"1\" data-image-meta=\"{&quot;aperture&quot;:&quot;0&quot;,&quot;credit&quot;:&quot;&quot;,&quot;camera&quot;:&quot;&quot;,&quot;caption&quot;:&quot;&quot;,&quot;created_timestamp&quot;:&quot;0&quot;,&quot;copyright&quot;:&quot;&quot;,&quot;focal_length&quot;:&quot;0&quot;,&quot;iso&quot;:&quot;0&quot;,&quot;shutter_speed&quot;:&quot;0&quot;,&quot;title&quot;:&quot;&quot;,&quot;orientation&quot;:&quot;0&quot;}\" data-image-title=\"Challenge Christmas Time 2021\" data-image-description=\"\" data-image-caption=\"\" data-medium-file=\"https:\/\/i2.wp.com\/www.jojoenherbe.com\/wp-content\/uploads\/2021\/11\/Challenge-Christmas-Time-2021.jpg?fit=300%2C263&amp;ssl=1\" data-large-file=\"https:\/\/i2.wp.com\/www.jojoenherbe.com\/wp-content\/uploads\/2021\/11\/Challenge-Christmas-Time-2021.jpg?fit=416%2C365&amp;ssl=1\" \/><p class=\"wp-caption-text\">Participation #1 Challenge Christmas Time 2021 de <a href=\"http:\/\/mya-books.over-blog.com\/2021\/11\/challenge-christmas-time-2021.html\">MyaRosa<\/a> #Album jeunesse<\/p><\/div>\n<div id=\"attachment_7221\" style=\"width: 113px\" class=\"wp-caption alignleft\"><img loading=\"lazy\" decoding=\"async\" aria-describedby=\"caption-attachment-7221\" class=\"ls-is-cached lazyloaded wp-image-7221\" src=\"https:\/\/i2.wp.com\/www.laplanquealibellules.fr\/wp-content\/uploads\/sites\/3\/2021\/11\/256404987_432542681813674_7425705267966347072_n.jpg?resize=141%2C141&amp;ssl=1\" sizes=\"auto, (max-width: 432px) 100vw, 432px\" srcset=\"https:\/\/i2.wp.com\/www.laplanquealibellules.fr\/wp-content\/uploads\/sites\/3\/2021\/11\/256404987_432542681813674_7425705267966347072_n.jpg?resize=141%2C141&amp;ssl=1 864w, https:\/\/www.laplanquealibellules.fr\/wp-content\/uploads\/sites\/3\/2021\/11\/256404987_432542681813674_7425705267966347072_n-300x300.jpg 300w, https:\/\/www.laplanquealibellules.fr\/wp-content\/uploads\/sites\/3\/2021\/11\/256404987_432542681813674_7425705267966347072_n-150x150.jpg 150w, https:\/\/www.laplanquealibellules.fr\/wp-content\/uploads\/sites\/3\/2021\/11\/256404987_432542681813674_7425705267966347072_n-768x768.jpg 768w\" alt=\"\" width=\"103\" height=\"103\" data-src=\"https:\/\/i2.wp.com\/www.laplanquealibellules.fr\/wp-content\/uploads\/sites\/3\/2021\/11\/256404987_432542681813674_7425705267966347072_n.jpg?resize=141%2C141&amp;ssl=1\" data-srcset=\"https:\/\/i2.wp.com\/www.laplanquealibellules.fr\/wp-content\/uploads\/sites\/3\/2021\/11\/256404987_432542681813674_7425705267966347072_n.jpg?resize=141%2C141&amp;ssl=1 864w, https:\/\/www.laplanquealibellules.fr\/wp-content\/uploads\/sites\/3\/2021\/11\/256404987_432542681813674_7425705267966347072_n-300x300.jpg 300w, https:\/\/www.laplanquealibellules.fr\/wp-content\/uploads\/sites\/3\/2021\/11\/256404987_432542681813674_7425705267966347072_n-150x150.jpg 150w, https:\/\/www.laplanquealibellules.fr\/wp-content\/uploads\/sites\/3\/2021\/11\/256404987_432542681813674_7425705267966347072_n-768x768.jpg 768w\" data-sizes=\"(max-width: 432px) 100vw, 432px\" data-recalc-dims=\"1\" \/><p id=\"caption-attachment-7221\" class=\"wp-caption-text\">Participation #1 Challenge Il \u00e9tait 9 fois No\u00ebl de <a href=\"https:\/\/www.laplanquealibellules.fr\/2021\/11\/il-etait-neuf-fois-noel.html\/\">Chicky Poo<\/a> et <a href=\"http:\/\/viedecontedefee.blogspot.com\/2021\/11\/1686-il-etait-neuf-fois-noel.html\">Samarian<\/a><\/p><\/div>\n<div style=\"width: 121px\" class=\"wp-caption alignleft\"><img loading=\"lazy\" decoding=\"async\" class=\"\" src=\"https:\/\/lh3.googleusercontent.com\/pw\/ACtC-3eIuIHfDCWnQjrbP_Gttnq9qrZJ0sCLWnTR3GjIOIiC54aYp8f1rKz8fy3EJIYJcUrzUv3KnF-YnYTE-vhMmRU8myeq_V_5OYKPelcJ6I4-bD-P1SjmJYevXt0TGhPCpROfcXeg5SJ_4KvwWeBQfvsOWw=w285-h217-no?authuser=1\" alt=\"\" width=\"111\" height=\"85\" \/><p class=\"wp-caption-text\">Challenge Petit Bac d\u2019<a href=\"https:\/\/ennalit.wordpress.com\/2020\/12\/01\/challenge-petit-bac-2021-qui-veut-jouer\/\">Enna<\/a> #14 Cat\u00e9gorie Pr\u00e9nom: \u00ab Caroline \u00bb<\/p><\/div>\n\n\n<p><\/p>\n","protected":false},"excerpt":{"rendered":"<p>Nous lisons et relisons Le No\u00ebl de Caroline de Pierre Probst (\u00e9d. Hachette Jeunesse, 1992, r\u00e9\u00e9d. 2011), un album jeunesse \u00e0 partir de 3 ans. En cette veille de No\u00ebl, Caroline et ses amis pr\u00e9parent le r\u00e9veillon. Boum et Youpi sont charg\u00e9s d&rsquo;acheter un beau et grand sapin en ville gr\u00e2ce \u00e0 l&rsquo;argent que tous [&hellip;]<\/p>\n","protected":false},"author":1,"featured_media":22558,"comment_status":"open","ping_status":"open","sticky":false,"template":"","format":"standard","meta":{"jetpack_post_was_ever_published":false,"_jetpack_newsletter_access":"","_jetpack_dont_email_post_to_subs":false,"_jetpack_newsletter_tier_id":0,"_jetpack_memberships_contains_paywalled_content":false,"_jetpack_memberships_contains_paid_content":false,"footnotes":""},"categories":[363],"tags":[785,409,2882,2024,2018,979,2025,367,1056,19,908,698,555,2635,989,348,2204],"class_list":["post-22632","post","type-post","status-publish","format-standard","has-post-thumbnail","hentry","category-mini-lecteur","tag-3-6-ans","tag-albums-jeunesse","tag-caroline","tag-challenge-christmas-time-2021","tag-challenge-petit-bac-2021","tag-generosite","tag-il-etait-9-fois-noel","tag-lecture-jeunesse","tag-lectures-de-noel","tag-noel","tag-ogre","tag-pere-noel","tag-peur","tag-pierre-probst","tag-reveillon","tag-sapin-de-noel","tag-surprise","post-preview"],"jetpack_featured_media_url":"https:\/\/i0.wp.com\/www.jojoenherbe.com\/wp-content\/uploads\/2021\/11\/Le-Noel-de-Caroline-scaled.jpg?fit=2560%2C1920","jetpack_sharing_enabled":true,"jetpack_shortlink":"https:\/\/wp.me\/p9zhGx-5T2","jetpack_likes_enabled":true,"jetpack-related-posts":[{"id":9166,"url":"http:\/\/www.jojoenherbe.com\/index.php\/2020\/01\/03\/au-fil-des-pages-avec-demain-cest-noel\/","url_meta":{"origin":22632,"position":0},"title":"Au fil des pages avec Demain c&rsquo;est No\u00ebl","author":"Jojo","date":"3 janvier 2020","format":false,"excerpt":"Nous lisons et relisons Demain c'est No\u00ebl de Claire Masurel et Marie H. Henry (\u00e9d. L'\u00e9cole des loisirs, 1994, r\u00e9\u00e9d. 2013), un album jeunesse \u00e0 partir de 3 ans. Nous suivons les pr\u00e9paratifs de No\u00ebl chez Juliette, une petite fille avec ses parents et ses doudous: le choix du sapin,\u2026","rel":"","context":"Dans &quot;Mini lecteur&quot;","block_context":{"text":"Mini lecteur","link":"http:\/\/www.jojoenherbe.com\/index.php\/category\/mini-lecteur\/"},"img":{"alt_text":"","src":"https:\/\/i0.wp.com\/www.jojoenherbe.com\/wp-content\/uploads\/2020\/01\/Demain-cest-Noel-scaled.jpg?fit=1200%2C780&resize=350%2C200","width":350,"height":200,"srcset":"https:\/\/i0.wp.com\/www.jojoenherbe.com\/wp-content\/uploads\/2020\/01\/Demain-cest-Noel-scaled.jpg?fit=1200%2C780&resize=350%2C200 1x, https:\/\/i0.wp.com\/www.jojoenherbe.com\/wp-content\/uploads\/2020\/01\/Demain-cest-Noel-scaled.jpg?fit=1200%2C780&resize=525%2C300 1.5x, https:\/\/i0.wp.com\/www.jojoenherbe.com\/wp-content\/uploads\/2020\/01\/Demain-cest-Noel-scaled.jpg?fit=1200%2C780&resize=700%2C400 2x, https:\/\/i0.wp.com\/www.jojoenherbe.com\/wp-content\/uploads\/2020\/01\/Demain-cest-Noel-scaled.jpg?fit=1200%2C780&resize=1050%2C600 3x"},"classes":[]},{"id":22480,"url":"http:\/\/www.jojoenherbe.com\/index.php\/2021\/11\/16\/billet-de-suivi-challenge-christmas-time-2021\/","url_meta":{"origin":22632,"position":1},"title":"Billet de suivi: Challenge Christmas Time 2021","author":"Jojo","date":"16 novembre 2021","format":false,"excerpt":"Le mois de d\u00e9cembre approchant, c\u2019est le retour du Challenge Christmas Time 2021, un challenge de No\u00ebl organis\u00e9 par MyaRosa et qui se d\u00e9roule du 15 novembre 2021 au 15 janvier 2022. Pour plus d\u2019infos, n\u2019h\u00e9sitez pas \u00e0 aller sur son blog. Ce billet sera actualis\u00e9 au fil du challenge\u2026","rel":"","context":"Dans &quot;Mini challenger&quot;","block_context":{"text":"Mini challenger","link":"http:\/\/www.jojoenherbe.com\/index.php\/category\/mini-challenger\/"},"img":{"alt_text":"","src":"https:\/\/i0.wp.com\/www.jojoenherbe.com\/wp-content\/uploads\/2021\/11\/Challenge-Christmas-Time-2021.jpg?fit=416%2C365&resize=350%2C200","width":350,"height":200},"classes":[]},{"id":9348,"url":"http:\/\/www.jojoenherbe.com\/index.php\/2020\/01\/03\/au-fil-des-pages-avec-joyeux-noel-splat\/","url_meta":{"origin":22632,"position":2},"title":"Au fil des pages avec Joyeux No\u00ebl, Splat!","author":"Jojo","date":"3 janvier 2020","format":false,"excerpt":"Nous lisons et relisons Joyeux No\u00ebl, Splat! de Rob Scotton (\u00e9d. Nathan, 2012), un album jeunesse \u00e0 partir de 3 ans. Apr\u00e8s Halloween, nous retrouvons Splat le chat et Harry Souris dans les derniers pr\u00e9paratifs avant No\u00ebl: la lettre au P\u00e8re No\u00ebl, le sapin de No\u00ebl et le repas du\u2026","rel":"","context":"Dans &quot;Mini lecteur&quot;","block_context":{"text":"Mini lecteur","link":"http:\/\/www.jojoenherbe.com\/index.php\/category\/mini-lecteur\/"},"img":{"alt_text":"","src":"https:\/\/i0.wp.com\/www.jojoenherbe.com\/wp-content\/uploads\/2020\/01\/Joyeux-Noel-Splat-scaled.jpg?fit=1200%2C900&resize=350%2C200","width":350,"height":200,"srcset":"https:\/\/i0.wp.com\/www.jojoenherbe.com\/wp-content\/uploads\/2020\/01\/Joyeux-Noel-Splat-scaled.jpg?fit=1200%2C900&resize=350%2C200 1x, https:\/\/i0.wp.com\/www.jojoenherbe.com\/wp-content\/uploads\/2020\/01\/Joyeux-Noel-Splat-scaled.jpg?fit=1200%2C900&resize=525%2C300 1.5x, https:\/\/i0.wp.com\/www.jojoenherbe.com\/wp-content\/uploads\/2020\/01\/Joyeux-Noel-Splat-scaled.jpg?fit=1200%2C900&resize=700%2C400 2x, https:\/\/i0.wp.com\/www.jojoenherbe.com\/wp-content\/uploads\/2020\/01\/Joyeux-Noel-Splat-scaled.jpg?fit=1200%2C900&resize=1050%2C600 3x"},"classes":[]},{"id":33712,"url":"http:\/\/www.jojoenherbe.com\/index.php\/2023\/12\/23\/au-fil-des-pages-avec-le-tome-5-de-rita-et-machin\/","url_meta":{"origin":22632,"position":3},"title":"Au fil des pages avec le tome 5 de Rita et Machin","author":"Jojo","date":"23 d\u00e9cembre 2023","format":false,"excerpt":"Lors du RAT de No\u00ebl 2019, nous avions lu le tome 5 de Rita et Machin, Le No\u00ebl de Rita et Machin de Jean-Philippe Arrou-Vignod et Olivier Tallec (\u00e9d. Gallimard Jeunesse, 2006, 28 pages), un album jeunesse \u00e0 partir de 4 ans. Ce soir, c'est la nuit de No\u00ebl mais\u2026","rel":"","context":"Dans &quot;Mini lecteur&quot;","block_context":{"text":"Mini lecteur","link":"http:\/\/www.jojoenherbe.com\/index.php\/category\/mini-lecteur\/"},"img":{"alt_text":"","src":"https:\/\/i0.wp.com\/www.jojoenherbe.com\/wp-content\/uploads\/2023\/12\/Le-Noel-de-Rita-et-Machin-scaled.jpg?fit=1200%2C833&resize=350%2C200","width":350,"height":200,"srcset":"https:\/\/i0.wp.com\/www.jojoenherbe.com\/wp-content\/uploads\/2023\/12\/Le-Noel-de-Rita-et-Machin-scaled.jpg?fit=1200%2C833&resize=350%2C200 1x, https:\/\/i0.wp.com\/www.jojoenherbe.com\/wp-content\/uploads\/2023\/12\/Le-Noel-de-Rita-et-Machin-scaled.jpg?fit=1200%2C833&resize=525%2C300 1.5x, https:\/\/i0.wp.com\/www.jojoenherbe.com\/wp-content\/uploads\/2023\/12\/Le-Noel-de-Rita-et-Machin-scaled.jpg?fit=1200%2C833&resize=700%2C400 2x, https:\/\/i0.wp.com\/www.jojoenherbe.com\/wp-content\/uploads\/2023\/12\/Le-Noel-de-Rita-et-Machin-scaled.jpg?fit=1200%2C833&resize=1050%2C600 3x"},"classes":[]},{"id":9137,"url":"http:\/\/www.jojoenherbe.com\/index.php\/2019\/12\/29\/au-fil-des-pages-avec-le-premier-noel-de-nina\/","url_meta":{"origin":22632,"position":4},"title":"Au fil des pages avec Le premier No\u00ebl de Nina","author":"Jojo","date":"29 d\u00e9cembre 2019","format":false,"excerpt":"Lors du premier RAT du Challenge Il \u00e9tait 7 fois No\u00ebl, nous avons relu Le premier No\u00ebl de Nina de Christine Leeson et Gaby Hansen (\u00e9d. Milan Jeunesse, 2003), un album jeunesse \u00e0 partir de 3 ans. Nina, une petite souris, f\u00eate son premier No\u00ebl et souhaite avoir un joli\u2026","rel":"","context":"Dans &quot;Mini lecteur&quot;","block_context":{"text":"Mini lecteur","link":"http:\/\/www.jojoenherbe.com\/index.php\/category\/mini-lecteur\/"},"img":{"alt_text":"","src":"https:\/\/i0.wp.com\/www.jojoenherbe.com\/wp-content\/uploads\/2019\/12\/Le-premier-Noel-de-Nina-scaled.jpg?fit=1200%2C900&resize=350%2C200","width":350,"height":200,"srcset":"https:\/\/i0.wp.com\/www.jojoenherbe.com\/wp-content\/uploads\/2019\/12\/Le-premier-Noel-de-Nina-scaled.jpg?fit=1200%2C900&resize=350%2C200 1x, https:\/\/i0.wp.com\/www.jojoenherbe.com\/wp-content\/uploads\/2019\/12\/Le-premier-Noel-de-Nina-scaled.jpg?fit=1200%2C900&resize=525%2C300 1.5x, https:\/\/i0.wp.com\/www.jojoenherbe.com\/wp-content\/uploads\/2019\/12\/Le-premier-Noel-de-Nina-scaled.jpg?fit=1200%2C900&resize=700%2C400 2x, https:\/\/i0.wp.com\/www.jojoenherbe.com\/wp-content\/uploads\/2019\/12\/Le-premier-Noel-de-Nina-scaled.jpg?fit=1200%2C900&resize=1050%2C600 3x"},"classes":[]},{"id":9088,"url":"http:\/\/www.jojoenherbe.com\/index.php\/2019\/12\/22\/au-fil-des-pages-avec-un-vrai-noel\/","url_meta":{"origin":22632,"position":5},"title":"Au fil des pages avec Un vrai No\u00ebl","author":"Jojo","date":"22 d\u00e9cembre 2019","format":false,"excerpt":"\u00c0 quelques jours de No\u00ebl, nous continuons de lire avec beaucoup de plaisir des albums jeunesse sur No\u00ebl. Cette fois-ci, nous relisons Un vrai No\u00ebl de Catherine Metzmeyer et Herv\u00e9 Le Goff (\u00e9d. L'\u00e9lan vert, 2016), un album jeunesse \u00e0 partir de 3 ans que nous avions d\u00e9j\u00e0 lu lors\u2026","rel":"","context":"Dans &quot;Mini lecteur&quot;","block_context":{"text":"Mini lecteur","link":"http:\/\/www.jojoenherbe.com\/index.php\/category\/mini-lecteur\/"},"img":{"alt_text":"","src":"https:\/\/i0.wp.com\/www.jojoenherbe.com\/wp-content\/uploads\/2019\/12\/Un-vrai-No%C3%ABl.jpg?fit=1200%2C1116&resize=350%2C200","width":350,"height":200,"srcset":"https:\/\/i0.wp.com\/www.jojoenherbe.com\/wp-content\/uploads\/2019\/12\/Un-vrai-No%C3%ABl.jpg?fit=1200%2C1116&resize=350%2C200 1x, https:\/\/i0.wp.com\/www.jojoenherbe.com\/wp-content\/uploads\/2019\/12\/Un-vrai-No%C3%ABl.jpg?fit=1200%2C1116&resize=525%2C300 1.5x, https:\/\/i0.wp.com\/www.jojoenherbe.com\/wp-content\/uploads\/2019\/12\/Un-vrai-No%C3%ABl.jpg?fit=1200%2C1116&resize=700%2C400 2x, https:\/\/i0.wp.com\/www.jojoenherbe.com\/wp-content\/uploads\/2019\/12\/Un-vrai-No%C3%ABl.jpg?fit=1200%2C1116&resize=1050%2C600 3x"},"classes":[]}],"_links":{"self":[{"href":"http:\/\/www.jojoenherbe.com\/index.php\/wp-json\/wp\/v2\/posts\/22632","targetHints":{"allow":["GET"]}}],"collection":[{"href":"http:\/\/www.jojoenherbe.com\/index.php\/wp-json\/wp\/v2\/posts"}],"about":[{"href":"http:\/\/www.jojoenherbe.com\/index.php\/wp-json\/wp\/v2\/types\/post"}],"author":[{"embeddable":true,"href":"http:\/\/www.jojoenherbe.com\/index.php\/wp-json\/wp\/v2\/users\/1"}],"replies":[{"embeddable":true,"href":"http:\/\/www.jojoenherbe.com\/index.php\/wp-json\/wp\/v2\/comments?post=22632"}],"version-history":[{"count":1,"href":"http:\/\/www.jojoenherbe.com\/index.php\/wp-json\/wp\/v2\/posts\/22632\/revisions"}],"predecessor-version":[{"id":29918,"href":"http:\/\/www.jojoenherbe.com\/index.php\/wp-json\/wp\/v2\/posts\/22632\/revisions\/29918"}],"wp:featuredmedia":[{"embeddable":true,"href":"http:\/\/www.jojoenherbe.com\/index.php\/wp-json\/wp\/v2\/media\/22558"}],"wp:attachment":[{"href":"http:\/\/www.jojoenherbe.com\/index.php\/wp-json\/wp\/v2\/media?parent=22632"}],"wp:term":[{"taxonomy":"category","embeddable":true,"href":"http:\/\/www.jojoenherbe.com\/index.php\/wp-json\/wp\/v2\/categories?post=22632"},{"taxonomy":"post_tag","embeddable":true,"href":"http:\/\/www.jojoenherbe.com\/index.php\/wp-json\/wp\/v2\/tags?post=22632"}],"curies":[{"name":"wp","href":"https:\/\/api.w.org\/{rel}","templated":true}]}}