{"id":22599,"date":"2021-11-18T11:10:00","date_gmt":"2021-11-18T10:10:00","guid":{"rendered":"https:\/\/www.jojoenherbe.com\/?p=22599"},"modified":"2021-12-01T11:58:52","modified_gmt":"2021-12-01T10:58:52","slug":"au-fil-des-pages-avec-le-tome-3-de-la-famille-vieillepierre","status":"publish","type":"post","link":"http:\/\/www.jojoenherbe.com\/index.php\/2021\/11\/18\/au-fil-des-pages-avec-le-tome-3-de-la-famille-vieillepierre\/","title":{"rendered":"Au fil des pages avec le tome 3 de La famille Vieillepierre"},"content":{"rendered":"<p style=\"text-align: justify;\"><em><a href=\"https:\/\/i0.wp.com\/www.jojoenherbe.com\/wp-content\/uploads\/2021\/11\/La-famille-Vieillepierre-T3-2-scaled.jpg\"><img data-recalc-dims=\"1\" loading=\"lazy\" decoding=\"async\" data-attachment-id=\"22620\" data-permalink=\"http:\/\/www.jojoenherbe.com\/index.php\/2021\/11\/18\/au-fil-des-pages-avec-le-tome-3-de-la-famille-vieillepierre\/la-famille-vieillepierre-t3-2\/\" data-orig-file=\"https:\/\/i0.wp.com\/www.jojoenherbe.com\/wp-content\/uploads\/2021\/11\/La-famille-Vieillepierre-T3-2-scaled.jpg?fit=2560%2C1976\" data-orig-size=\"2560,1976\" data-comments-opened=\"1\" data-image-meta=\"{&quot;aperture&quot;:&quot;1.8&quot;,&quot;credit&quot;:&quot;&quot;,&quot;camera&quot;:&quot;iPhone 7&quot;,&quot;caption&quot;:&quot;&quot;,&quot;created_timestamp&quot;:&quot;1638359391&quot;,&quot;copyright&quot;:&quot;&quot;,&quot;focal_length&quot;:&quot;3.99&quot;,&quot;iso&quot;:&quot;100&quot;,&quot;shutter_speed&quot;:&quot;0.071428571428571&quot;,&quot;title&quot;:&quot;&quot;,&quot;orientation&quot;:&quot;1&quot;}\" data-image-title=\"La famille Vieillepierre T3 2\" data-image-description=\"\" data-image-caption=\"\" data-large-file=\"https:\/\/i0.wp.com\/www.jojoenherbe.com\/wp-content\/uploads\/2021\/11\/La-famille-Vieillepierre-T3-2-scaled.jpg?fit=676%2C522\" class=\"alignleft size-thumbnail wp-image-22620\" src=\"https:\/\/i0.wp.com\/www.jojoenherbe.com\/wp-content\/uploads\/2021\/11\/La-famille-Vieillepierre-T3-2.jpg?resize=150%2C150\" alt=\"\" width=\"150\" height=\"150\" srcset=\"https:\/\/i0.wp.com\/www.jojoenherbe.com\/wp-content\/uploads\/2021\/11\/La-famille-Vieillepierre-T3-2-scaled.jpg?resize=150%2C150 150w, https:\/\/i0.wp.com\/www.jojoenherbe.com\/wp-content\/uploads\/2021\/11\/La-famille-Vieillepierre-T3-2-scaled.jpg?zoom=2&amp;resize=150%2C150 300w, https:\/\/i0.wp.com\/www.jojoenherbe.com\/wp-content\/uploads\/2021\/11\/La-famille-Vieillepierre-T3-2-scaled.jpg?zoom=3&amp;resize=150%2C150 450w\" sizes=\"auto, (max-width: 150px) 100vw, 150px\" \/><\/a> <a href=\"https:\/\/i0.wp.com\/www.jojoenherbe.com\/wp-content\/uploads\/2021\/11\/La-famille-Vieillepierre-T3-3-scaled.jpg\"><img data-recalc-dims=\"1\" loading=\"lazy\" decoding=\"async\" data-attachment-id=\"22621\" data-permalink=\"http:\/\/www.jojoenherbe.com\/index.php\/2021\/11\/18\/au-fil-des-pages-avec-le-tome-3-de-la-famille-vieillepierre\/la-famille-vieillepierre-t3-3\/\" data-orig-file=\"https:\/\/i0.wp.com\/www.jojoenherbe.com\/wp-content\/uploads\/2021\/11\/La-famille-Vieillepierre-T3-3-scaled.jpg?fit=2560%2C1994\" data-orig-size=\"2560,1994\" data-comments-opened=\"1\" data-image-meta=\"{&quot;aperture&quot;:&quot;1.8&quot;,&quot;credit&quot;:&quot;&quot;,&quot;camera&quot;:&quot;iPhone 7&quot;,&quot;caption&quot;:&quot;&quot;,&quot;created_timestamp&quot;:&quot;1638359296&quot;,&quot;copyright&quot;:&quot;&quot;,&quot;focal_length&quot;:&quot;3.99&quot;,&quot;iso&quot;:&quot;100&quot;,&quot;shutter_speed&quot;:&quot;0.071428571428571&quot;,&quot;title&quot;:&quot;&quot;,&quot;orientation&quot;:&quot;1&quot;}\" data-image-title=\"La famille Vieillepierre T3 3\" data-image-description=\"\" data-image-caption=\"\" data-large-file=\"https:\/\/i0.wp.com\/www.jojoenherbe.com\/wp-content\/uploads\/2021\/11\/La-famille-Vieillepierre-T3-3-scaled.jpg?fit=676%2C526\" class=\"alignleft size-thumbnail wp-image-22621\" src=\"https:\/\/i0.wp.com\/www.jojoenherbe.com\/wp-content\/uploads\/2021\/11\/La-famille-Vieillepierre-T3-3.jpg?resize=150%2C150\" alt=\"\" width=\"150\" height=\"150\" srcset=\"https:\/\/i0.wp.com\/www.jojoenherbe.com\/wp-content\/uploads\/2021\/11\/La-famille-Vieillepierre-T3-3-scaled.jpg?resize=150%2C150 150w, https:\/\/i0.wp.com\/www.jojoenherbe.com\/wp-content\/uploads\/2021\/11\/La-famille-Vieillepierre-T3-3-scaled.jpg?zoom=2&amp;resize=150%2C150 300w, https:\/\/i0.wp.com\/www.jojoenherbe.com\/wp-content\/uploads\/2021\/11\/La-famille-Vieillepierre-T3-3-scaled.jpg?zoom=3&amp;resize=150%2C150 450w\" sizes=\"auto, (max-width: 150px) 100vw, 150px\" \/><\/a>Nous lisons le tome 3 de <span style=\"text-decoration: underline;\">La famille Vieillepierre, Le voyage de Ka\u00ef<\/span> de Joe Todd-Stanton (\u00e9d. Sarbacane, 2020), une BD jeunesse \u00e0 partir de 5\/6 ans. Apr\u00e8s les l\u00e9gendes islandaises dans le tome 1, <span style=\"text-decoration: underline;\">Arthur et la corde magique<\/span> et \u00e9gyptiennes dans le tome 2, <span style=\"text-decoration: underline;\">Lucie et l&rsquo;\u00e9nigme du Sphinx<\/span>, cette fois-ci nous partons en Chine. Wen et sa fille Ka\u00ef sont appel\u00e9s par les villageois d\u2019un village attaqu\u00e9 par un monstre. Alors que Ka\u00ef pense qu\u2019une grande aventure les attend, sa m\u00e8re Wen les emm\u00e8ne dans une grande biblioth\u00e8que\u00a0 pour trouver une solution dans les livres. La petite fille s\u2019ennuie tr\u00e8s vite jusqu\u2019\u00e0 ce qu\u2019elle trouve un vieux parchemin contant les exploits du Roi des Singes. Serait-ce le d\u00e9but de l\u2019aventure tant recherch\u00e9e pour la jeune fille? <\/em><\/p>\n<p style=\"text-align: justify;\"><em><a href=\"https:\/\/i0.wp.com\/www.jojoenherbe.com\/wp-content\/uploads\/2021\/11\/La-famille-Vieillepierre-T3-4-scaled.jpg\"><img data-recalc-dims=\"1\" loading=\"lazy\" decoding=\"async\" data-attachment-id=\"22622\" data-permalink=\"http:\/\/www.jojoenherbe.com\/index.php\/2021\/11\/18\/au-fil-des-pages-avec-le-tome-3-de-la-famille-vieillepierre\/la-famille-vieillepierre-t3-4\/\" data-orig-file=\"https:\/\/i0.wp.com\/www.jojoenherbe.com\/wp-content\/uploads\/2021\/11\/La-famille-Vieillepierre-T3-4-scaled.jpg?fit=2560%2C1920\" data-orig-size=\"2560,1920\" data-comments-opened=\"1\" data-image-meta=\"{&quot;aperture&quot;:&quot;1.8&quot;,&quot;credit&quot;:&quot;&quot;,&quot;camera&quot;:&quot;iPhone 7&quot;,&quot;caption&quot;:&quot;&quot;,&quot;created_timestamp&quot;:&quot;1638359257&quot;,&quot;copyright&quot;:&quot;&quot;,&quot;focal_length&quot;:&quot;3.99&quot;,&quot;iso&quot;:&quot;100&quot;,&quot;shutter_speed&quot;:&quot;0.058823529411765&quot;,&quot;title&quot;:&quot;&quot;,&quot;orientation&quot;:&quot;1&quot;}\" data-image-title=\"La famille Vieillepierre T3 4\" data-image-description=\"\" data-image-caption=\"\" data-large-file=\"https:\/\/i0.wp.com\/www.jojoenherbe.com\/wp-content\/uploads\/2021\/11\/La-famille-Vieillepierre-T3-4-scaled.jpg?fit=676%2C507\" class=\"size-thumbnail wp-image-22622 alignright\" src=\"https:\/\/i0.wp.com\/www.jojoenherbe.com\/wp-content\/uploads\/2021\/11\/La-famille-Vieillepierre-T3-4.jpg?resize=150%2C150\" alt=\"\" width=\"150\" height=\"150\" srcset=\"https:\/\/i0.wp.com\/www.jojoenherbe.com\/wp-content\/uploads\/2021\/11\/La-famille-Vieillepierre-T3-4-scaled.jpg?resize=150%2C150 150w, https:\/\/i0.wp.com\/www.jojoenherbe.com\/wp-content\/uploads\/2021\/11\/La-famille-Vieillepierre-T3-4-scaled.jpg?zoom=2&amp;resize=150%2C150 300w, https:\/\/i0.wp.com\/www.jojoenherbe.com\/wp-content\/uploads\/2021\/11\/La-famille-Vieillepierre-T3-4-scaled.jpg?zoom=3&amp;resize=150%2C150 450w\" sizes=\"auto, (max-width: 150px) 100vw, 150px\" \/><\/a>L\u2019histoire de cette petite fille attachante, \u00e0 la fois impatiente et intr\u00e9pide comme peut l\u2019\u00eatre un jeune enfant est tr\u00e8s joliment illustr\u00e9e. Il y est question de transmission familiale, d\u2019aventures, d\u2019autonomie et de l\u00e9gendes chinoises avec Sun Wukong, le Roi des Singes. Les illustrations sont tout aussi color\u00e9es et dynamiques que dans les tomes pr\u00e9c\u00e9dents, notamment dans la relation m\u00e8re\/fille. Sans oublier une note gourmande avec les p\u00eaches magiques du palais de l&rsquo;Empereur de Jade qui rendent immortel. Un tr\u00e8s bon moment de lecture!<br \/>\n<\/em><\/p>\n<div id=\"attachment_10219\" style=\"width: 108px\" class=\"wp-caption alignleft\"><img loading=\"lazy\" decoding=\"async\" aria-describedby=\"caption-attachment-10219\" data-attachment-id=\"10219\" data-permalink=\"http:\/\/www.jojoenherbe.com\/index.php\/2020\/03\/02\/au-fil-des-pages-avec-lievre-et-ours-sous-la-neige\/lievre-et-ours-sous-la-neige\/\" data-orig-file=\"https:\/\/i0.wp.com\/www.jojoenherbe.com\/wp-content\/uploads\/2020\/03\/Li%C3%A8vre-et-Ours-sous-la-neige-scaled.jpg?fit=2560%2C1892\" data-orig-size=\"2560,1892\" data-comments-opened=\"1\" data-image-meta=\"{&quot;aperture&quot;:&quot;2.4&quot;,&quot;credit&quot;:&quot;&quot;,&quot;camera&quot;:&quot;iPhone 4S&quot;,&quot;caption&quot;:&quot;&quot;,&quot;created_timestamp&quot;:&quot;1583147305&quot;,&quot;copyright&quot;:&quot;&quot;,&quot;focal_length&quot;:&quot;4.28&quot;,&quot;iso&quot;:&quot;640&quot;,&quot;shutter_speed&quot;:&quot;0.066666666666667&quot;,&quot;title&quot;:&quot;&quot;,&quot;orientation&quot;:&quot;1&quot;}\" data-image-title=\"Li\u00e8vre et Ours, sous la neige\" data-image-description=\"\" data-image-caption=\"\" data-large-file=\"https:\/\/i0.wp.com\/www.jojoenherbe.com\/wp-content\/uploads\/2020\/03\/Li%C3%A8vre-et-Ours-sous-la-neige-scaled.jpg?fit=676%2C500\" class=\"wp-image-10219\" src=\"https:\/\/i2.wp.com\/mapetitemediatheque.fr\/wp-content\/uploads\/2018\/11\/challenge-contes-et-l\u00e9gendes.jpg?resize=131%2C164\" sizes=\"auto, (max-width: 343px) 100vw, 343px\" srcset=\"https:\/\/i2.wp.com\/mapetitemediatheque.fr\/wp-content\/uploads\/2018\/11\/challenge-contes-et-l\u00e9gendes.jpg?resize=131%2C164 343w, http:\/\/mapetitemediatheque.fr\/wp-content\/uploads\/2018\/11\/challenge-contes-et-l\u00e9gendes-239x300.jpg 239w\" alt=\"\" width=\"98\" height=\"122\" aria-describedby=\"caption-attachment-10219\" data-attachment-id=\"10219\" data-permalink=\"https:\/\/www.jojoenherbe.com\/index.php\/2020\/03\/02\/au-fil-des-pages-avec-lievre-et-ours-sous-la-neige\/lievre-et-ours-sous-la-neige\/\" data-orig-file=\"https:\/\/i1.wp.com\/www.jojoenherbe.com\/wp-content\/uploads\/2020\/03\/Li\u00e8vre-et-Ours-sous-la-neige-scaled.jpg?fit=2560%2C1892&amp;ssl=1\" data-orig-size=\"2560,1892\" data-comments-opened=\"1\" data-image-meta=\"{&quot;aperture&quot;:&quot;2.4&quot;,&quot;credit&quot;:&quot;&quot;,&quot;camera&quot;:&quot;iPhone 4S&quot;,&quot;caption&quot;:&quot;&quot;,&quot;created_timestamp&quot;:&quot;1583147305&quot;,&quot;copyright&quot;:&quot;&quot;,&quot;focal_length&quot;:&quot;4.28&quot;,&quot;iso&quot;:&quot;640&quot;,&quot;shutter_speed&quot;:&quot;0.066666666666667&quot;,&quot;title&quot;:&quot;&quot;,&quot;orientation&quot;:&quot;1&quot;}\" data-image-title=\"Li\u00e8vre et Ours, sous la neige\" data-image-description=\"\" data-image-caption=\"\" data-medium-file=\"https:\/\/i1.wp.com\/www.jojoenherbe.com\/wp-content\/uploads\/2020\/03\/Li\u00e8vre-et-Ours-sous-la-neige-scaled.jpg?fit=300%2C222&amp;ssl=1\" data-large-file=\"https:\/\/i1.wp.com\/www.jojoenherbe.com\/wp-content\/uploads\/2020\/03\/Li\u00e8vre-et-Ours-sous-la-neige-scaled.jpg?fit=676%2C500&amp;ssl=1\" data-recalc-dims=\"1\" \/><p id=\"caption-attachment-10219\" class=\"wp-caption-text\">Participation #65 au Challenge Contes &amp; L\u00e9gendes 2021 de <a href=\"https:\/\/mapetitemediatheque.fr\/2020\/12\/challenge-contes-legendes-2021\/\">Bidib<\/a> #L\u00e9gende chinoise<\/p><\/div>\n<div style=\"width: 133px\" class=\"wp-caption alignleft\"><img loading=\"lazy\" decoding=\"async\" src=\"https:\/\/lh3.googleusercontent.com\/pw\/ACtC-3eIuIHfDCWnQjrbP_Gttnq9qrZJ0sCLWnTR3GjIOIiC54aYp8f1rKz8fy3EJIYJcUrzUv3KnF-YnYTE-vhMmRU8myeq_V_5OYKPelcJ6I4-bD-P1SjmJYevXt0TGhPCpROfcXeg5SJ_4KvwWeBQfvsOWw=w285-h217-no?authuser=1\" alt=\"\" width=\"123\" height=\"94\" \/><p class=\"wp-caption-text\">Challenge Petit Bac d\u2019<a href=\"https:\/\/ennalit.wordpress.com\/2020\/12\/01\/challenge-petit-bac-2021-qui-veut-jouer\/\">Enna<\/a> #12 Cat\u00e9gorie Voyage: \u00ab Voyage \u00bb<\/p><\/div>\n<div style=\"width: 135px\" class=\"wp-caption alignleft\"><img loading=\"lazy\" decoding=\"async\" class=\"nonealign widthoriginal\" src=\"https:\/\/i0.wp.com\/p4.storage.canalblog.com\/40\/68\/1394281\/128273873.png?resize=103%2C75&amp;ssl=1\" alt=\"\" width=\"125\" height=\"91\" border=\"0\" data-recalc-dims=\"1\" \/><p class=\"wp-caption-text\">Participation #71 Challenge Des livres (et des \u00e9crans) en cuisine de <a href=\"https:\/\/mapetitemediatheque.fr\/2020\/12\/des-livres-et-des-ecrans-en-cuisine-2021\/\">Bidib<\/a> et <a href=\"http:\/\/croquerlespages.canalblog.com\/archives\/2020\/12\/20\/38715076.html\">Fondant<\/a> #p\u00eache magique<\/p><\/div>\n","protected":false},"excerpt":{"rendered":"<p>Nous lisons le tome 3 de La famille Vieillepierre, Le voyage de Ka\u00ef de Joe Todd-Stanton (\u00e9d. Sarbacane, 2020), une BD jeunesse \u00e0 partir de 5\/6 ans. Apr\u00e8s les l\u00e9gendes islandaises dans le tome 1, Arthur et la corde magique et \u00e9gyptiennes dans le tome 2, Lucie et l&rsquo;\u00e9nigme du Sphinx, cette fois-ci nous partons [&hellip;]<\/p>\n","protected":false},"author":1,"featured_media":21896,"comment_status":"open","ping_status":"open","sticky":false,"template":"","format":"standard","meta":{"jetpack_post_was_ever_published":false,"_jetpack_newsletter_access":"","_jetpack_dont_email_post_to_subs":false,"_jetpack_newsletter_tier_id":0,"_jetpack_memberships_contains_paywalled_content":false,"_jetpack_memberships_contains_paid_content":false,"footnotes":""},"categories":[363],"tags":[995,601,596,1226,2020,2018,2019,464,459,900,1921,2881,367,1263],"class_list":["post-22599","post","type-post","status-publish","format-standard","has-post-thumbnail","hentry","category-mini-lecteur","tag-5-8-ans","tag-aventure","tag-bandes-dessinees","tag-bd-jeunesse","tag-challenge-contes-et-legendes-2021","tag-challenge-petit-bac-2021","tag-des-livres-et-des-ecrans-en-cuisine-2021","tag-dragon","tag-famille","tag-feu-dartifice","tag-joe-todd-stanton","tag-la-famille-vieillepierre","tag-lecture-jeunesse","tag-legende-chinoise","post-preview"],"jetpack_featured_media_url":"https:\/\/i0.wp.com\/www.jojoenherbe.com\/wp-content\/uploads\/2021\/10\/La-famille-Vieillepierre-T3-scaled.jpg?fit=2560%2C2113","jetpack_sharing_enabled":true,"jetpack_shortlink":"https:\/\/wp.me\/p9zhGx-5Sv","jetpack_likes_enabled":true,"jetpack-related-posts":[{"id":21742,"url":"http:\/\/www.jojoenherbe.com\/index.php\/2021\/10\/27\/point-lecture-hebdomadaire-12\/","url_meta":{"origin":22599,"position":0},"title":"Point lecture hebdomadaire #12","author":"Jojo","date":"27 octobre 2021","format":false,"excerpt":"En ce (presque) d\u00e9but de semaine, voici notre point lecture hebdomadaire avec un retour sur nos lectures de la semaine derni\u00e8re (avec beaucoup de BD jeunesse) et celles en cours et sans doute \u00e0 venir, avec deux passages \u00e0 la m\u00e9diath\u00e8que et un autre \u00e0 la librairie pour le dernier\u2026","rel":"","context":"Dans &quot;Mini blogueur&quot;","block_context":{"text":"Mini blogueur","link":"http:\/\/www.jojoenherbe.com\/index.php\/category\/mini-blogueur\/"},"img":{"alt_text":"","src":"https:\/\/i0.wp.com\/www.jojoenherbe.com\/wp-content\/uploads\/2021\/10\/Point-lecture-hebdomadaire-12-scaled.jpg?fit=1200%2C904&resize=350%2C200","width":350,"height":200,"srcset":"https:\/\/i0.wp.com\/www.jojoenherbe.com\/wp-content\/uploads\/2021\/10\/Point-lecture-hebdomadaire-12-scaled.jpg?fit=1200%2C904&resize=350%2C200 1x, https:\/\/i0.wp.com\/www.jojoenherbe.com\/wp-content\/uploads\/2021\/10\/Point-lecture-hebdomadaire-12-scaled.jpg?fit=1200%2C904&resize=525%2C300 1.5x, https:\/\/i0.wp.com\/www.jojoenherbe.com\/wp-content\/uploads\/2021\/10\/Point-lecture-hebdomadaire-12-scaled.jpg?fit=1200%2C904&resize=700%2C400 2x, https:\/\/i0.wp.com\/www.jojoenherbe.com\/wp-content\/uploads\/2021\/10\/Point-lecture-hebdomadaire-12-scaled.jpg?fit=1200%2C904&resize=1050%2C600 3x"},"classes":[]},{"id":9713,"url":"http:\/\/www.jojoenherbe.com\/index.php\/2020\/01\/20\/au-fil-des-pages-avec-le-secret-du-rocher-noir\/","url_meta":{"origin":22599,"position":1},"title":"Au fil des pages avec Le secret du rocher noir","author":"Jojo","date":"20 janvier 2020","format":false,"excerpt":"Nous lisons Le secret du rocher noir de Joe Todd-Stanton (\u00e9d. L'\u00e9cole des loisirs, 2018), un album jeunesse \u00e0 partir de 6 ans. Erine a grandi avec sa m\u00e8re dans un port de p\u00eache et est curieuse de savoir ce qui se cache derri\u00e8re la l\u00e9gende du Rocher noir qui\u2026","rel":"","context":"Dans &quot;Mini lecteur&quot;","block_context":{"text":"Mini lecteur","link":"http:\/\/www.jojoenherbe.com\/index.php\/category\/mini-lecteur\/"},"img":{"alt_text":"","src":"https:\/\/i0.wp.com\/www.jojoenherbe.com\/wp-content\/uploads\/2020\/10\/Le-secret-du-rocher-noir-2-scaled.jpg?fit=1200%2C900&resize=350%2C200","width":350,"height":200,"srcset":"https:\/\/i0.wp.com\/www.jojoenherbe.com\/wp-content\/uploads\/2020\/10\/Le-secret-du-rocher-noir-2-scaled.jpg?fit=1200%2C900&resize=350%2C200 1x, https:\/\/i0.wp.com\/www.jojoenherbe.com\/wp-content\/uploads\/2020\/10\/Le-secret-du-rocher-noir-2-scaled.jpg?fit=1200%2C900&resize=525%2C300 1.5x, https:\/\/i0.wp.com\/www.jojoenherbe.com\/wp-content\/uploads\/2020\/10\/Le-secret-du-rocher-noir-2-scaled.jpg?fit=1200%2C900&resize=700%2C400 2x, https:\/\/i0.wp.com\/www.jojoenherbe.com\/wp-content\/uploads\/2020\/10\/Le-secret-du-rocher-noir-2-scaled.jpg?fit=1200%2C900&resize=1050%2C600 3x"},"classes":[]},{"id":40782,"url":"http:\/\/www.jojoenherbe.com\/index.php\/2025\/10\/01\/au-fil-des-pages-avec-le-tome-2-de-brume\/","url_meta":{"origin":22599,"position":2},"title":"Au fil des pages avec le tome 2 de Brume","author":"Jojo","date":"1 octobre 2025","format":false,"excerpt":"En attendant la parution ce 1er octobre 2025 du tome 4, nous avons relu, avec mon mini sorcier, les tomes pr\u00e9c\u00e9dents. Je me suis aper\u00e7ue que je n'avais publi\u00e9 que le tome 1, comme Hilde et nous avons pr\u00e9vu d'en faire des lectures communes en publiant, ce 1er octobre le\u2026","rel":"","context":"Dans &quot;Mini lecteur&quot;","block_context":{"text":"Mini lecteur","link":"http:\/\/www.jojoenherbe.com\/index.php\/category\/mini-lecteur\/"},"img":{"alt_text":"","src":"https:\/\/i0.wp.com\/www.jojoenherbe.com\/wp-content\/uploads\/2024\/01\/Brume-BD-T2-scaled.jpg?fit=1200%2C1051&resize=350%2C200","width":350,"height":200,"srcset":"https:\/\/i0.wp.com\/www.jojoenherbe.com\/wp-content\/uploads\/2024\/01\/Brume-BD-T2-scaled.jpg?fit=1200%2C1051&resize=350%2C200 1x, https:\/\/i0.wp.com\/www.jojoenherbe.com\/wp-content\/uploads\/2024\/01\/Brume-BD-T2-scaled.jpg?fit=1200%2C1051&resize=525%2C300 1.5x, https:\/\/i0.wp.com\/www.jojoenherbe.com\/wp-content\/uploads\/2024\/01\/Brume-BD-T2-scaled.jpg?fit=1200%2C1051&resize=700%2C400 2x, https:\/\/i0.wp.com\/www.jojoenherbe.com\/wp-content\/uploads\/2024\/01\/Brume-BD-T2-scaled.jpg?fit=1200%2C1051&resize=1050%2C600 3x"},"classes":[]},{"id":41411,"url":"http:\/\/www.jojoenherbe.com\/index.php\/2025\/11\/19\/au-fil-des-pages-avec-le-tome-4-de-brume\/","url_meta":{"origin":22599,"position":3},"title":"Au fil des pages avec le tome 4 de Brume","author":"Jojo","date":"19 novembre 2025","format":false,"excerpt":"M\u00eame si l'\u00e9dition 2025 du challenge d'Halloween se termine bient\u00f4t, je ne pouvais pas ne pas parler du tome 4 de Brume, La Nouvelle Sorci\u00e8re de J\u00e9r\u00f4me P\u00e9lissier et Carine Hinder (\u00e9d. Gl\u00e9nat, coll. Tch\u00f4!, octobre 2025, 72 pages), une BD jeunesse \u00e9crite en lettres majuscules et \u00e0 partir de\u2026","rel":"","context":"Dans &quot;Mini lecteur&quot;","block_context":{"text":"Mini lecteur","link":"http:\/\/www.jojoenherbe.com\/index.php\/category\/mini-lecteur\/"},"img":{"alt_text":"","src":"https:\/\/i0.wp.com\/www.jojoenherbe.com\/wp-content\/uploads\/2025\/11\/Brume-T4-scaled.jpg?fit=1200%2C853&resize=350%2C200","width":350,"height":200,"srcset":"https:\/\/i0.wp.com\/www.jojoenherbe.com\/wp-content\/uploads\/2025\/11\/Brume-T4-scaled.jpg?fit=1200%2C853&resize=350%2C200 1x, https:\/\/i0.wp.com\/www.jojoenherbe.com\/wp-content\/uploads\/2025\/11\/Brume-T4-scaled.jpg?fit=1200%2C853&resize=525%2C300 1.5x, https:\/\/i0.wp.com\/www.jojoenherbe.com\/wp-content\/uploads\/2025\/11\/Brume-T4-scaled.jpg?fit=1200%2C853&resize=700%2C400 2x, https:\/\/i0.wp.com\/www.jojoenherbe.com\/wp-content\/uploads\/2025\/11\/Brume-T4-scaled.jpg?fit=1200%2C853&resize=1050%2C600 3x"},"classes":[]},{"id":33659,"url":"http:\/\/www.jojoenherbe.com\/index.php\/2026\/01\/21\/au-fil-des-pages-avec-la-comete\/","url_meta":{"origin":22599,"position":4},"title":"Au fil des pages avec La com\u00e8te","author":"Jojo","date":"21 janvier 2026","format":false,"excerpt":"Pour le th\u00e8me de janvier 2026 \"Nouvelle vie (d\u00e9m\u00e9nagement, arriv\u00e9e d\u2019un b\u00e9b\u00e9 ou d\u2019un animal dans la famille\u2026)\" du challenge Litt\u00e9rature jeunesse 2025-2026, j'ai choisi une de nos anciennes lectures: La com\u00e8te de Joe Todd-Stanton (\u00e9d. L'\u00e9cole des Loisirs, coll. Kilimax, janvier 2023, 40 pages), un album jeunesse \u00e0\u00a0 partir\u2026","rel":"","context":"Dans &quot;Mini lecteur&quot;","block_context":{"text":"Mini lecteur","link":"http:\/\/www.jojoenherbe.com\/index.php\/category\/mini-lecteur\/"},"img":{"alt_text":"","src":"https:\/\/i0.wp.com\/www.jojoenherbe.com\/wp-content\/uploads\/2026\/01\/La-Comete-scaled.jpeg?fit=1200%2C832&resize=350%2C200","width":350,"height":200,"srcset":"https:\/\/i0.wp.com\/www.jojoenherbe.com\/wp-content\/uploads\/2026\/01\/La-Comete-scaled.jpeg?fit=1200%2C832&resize=350%2C200 1x, https:\/\/i0.wp.com\/www.jojoenherbe.com\/wp-content\/uploads\/2026\/01\/La-Comete-scaled.jpeg?fit=1200%2C832&resize=525%2C300 1.5x, https:\/\/i0.wp.com\/www.jojoenherbe.com\/wp-content\/uploads\/2026\/01\/La-Comete-scaled.jpeg?fit=1200%2C832&resize=700%2C400 2x, https:\/\/i0.wp.com\/www.jojoenherbe.com\/wp-content\/uploads\/2026\/01\/La-Comete-scaled.jpeg?fit=1200%2C832&resize=1050%2C600 3x"},"classes":[]},{"id":27204,"url":"http:\/\/www.jojoenherbe.com\/index.php\/2022\/08\/20\/au-fil-des-pages-avec-le-tome-2-de-la-famille-passiflore\/","url_meta":{"origin":22599,"position":5},"title":"Au fil des pages avec le tome 2 de La famille Passiflore","author":"Jojo","date":"20 ao\u00fbt 2022","format":false,"excerpt":"En septembre 2021, nous avions lu le tome 2 de La famille Passiflore, La chorale de Lo\u00efc Jouannigot (\u00e9d. Dargaud, 2013, 32 pages), une BD jeunesse \u00e0 partir de 5 ans et aux illustrations vintage et un brin d\u00e9suet. La chouette Louna recherche des choristes pour participer au concert de\u2026","rel":"","context":"Dans &quot;Mini lecteur&quot;","block_context":{"text":"Mini lecteur","link":"http:\/\/www.jojoenherbe.com\/index.php\/category\/mini-lecteur\/"},"img":{"alt_text":"","src":"https:\/\/i0.wp.com\/www.jojoenherbe.com\/wp-content\/uploads\/2022\/08\/La-famille-Passiflore-T2-scaled.jpg?fit=1200%2C900&resize=350%2C200","width":350,"height":200,"srcset":"https:\/\/i0.wp.com\/www.jojoenherbe.com\/wp-content\/uploads\/2022\/08\/La-famille-Passiflore-T2-scaled.jpg?fit=1200%2C900&resize=350%2C200 1x, https:\/\/i0.wp.com\/www.jojoenherbe.com\/wp-content\/uploads\/2022\/08\/La-famille-Passiflore-T2-scaled.jpg?fit=1200%2C900&resize=525%2C300 1.5x, https:\/\/i0.wp.com\/www.jojoenherbe.com\/wp-content\/uploads\/2022\/08\/La-famille-Passiflore-T2-scaled.jpg?fit=1200%2C900&resize=700%2C400 2x, https:\/\/i0.wp.com\/www.jojoenherbe.com\/wp-content\/uploads\/2022\/08\/La-famille-Passiflore-T2-scaled.jpg?fit=1200%2C900&resize=1050%2C600 3x"},"classes":[]}],"_links":{"self":[{"href":"http:\/\/www.jojoenherbe.com\/index.php\/wp-json\/wp\/v2\/posts\/22599","targetHints":{"allow":["GET"]}}],"collection":[{"href":"http:\/\/www.jojoenherbe.com\/index.php\/wp-json\/wp\/v2\/posts"}],"about":[{"href":"http:\/\/www.jojoenherbe.com\/index.php\/wp-json\/wp\/v2\/types\/post"}],"author":[{"embeddable":true,"href":"http:\/\/www.jojoenherbe.com\/index.php\/wp-json\/wp\/v2\/users\/1"}],"replies":[{"embeddable":true,"href":"http:\/\/www.jojoenherbe.com\/index.php\/wp-json\/wp\/v2\/comments?post=22599"}],"version-history":[{"count":0,"href":"http:\/\/www.jojoenherbe.com\/index.php\/wp-json\/wp\/v2\/posts\/22599\/revisions"}],"wp:featuredmedia":[{"embeddable":true,"href":"http:\/\/www.jojoenherbe.com\/index.php\/wp-json\/wp\/v2\/media\/21896"}],"wp:attachment":[{"href":"http:\/\/www.jojoenherbe.com\/index.php\/wp-json\/wp\/v2\/media?parent=22599"}],"wp:term":[{"taxonomy":"category","embeddable":true,"href":"http:\/\/www.jojoenherbe.com\/index.php\/wp-json\/wp\/v2\/categories?post=22599"},{"taxonomy":"post_tag","embeddable":true,"href":"http:\/\/www.jojoenherbe.com\/index.php\/wp-json\/wp\/v2\/tags?post=22599"}],"curies":[{"name":"wp","href":"https:\/\/api.w.org\/{rel}","templated":true}]}}