{"id":22494,"date":"2021-11-17T11:50:48","date_gmt":"2021-11-17T10:50:48","guid":{"rendered":"https:\/\/www.jojoenherbe.com\/?p=22494"},"modified":"2022-01-03T15:20:09","modified_gmt":"2022-01-03T14:20:09","slug":"billet-de-suivi-il-etait-9-fois-noel","status":"publish","type":"post","link":"http:\/\/www.jojoenherbe.com\/index.php\/2021\/11\/17\/billet-de-suivi-il-etait-9-fois-noel\/","title":{"rendered":"Billet de suivi: Il \u00e9tait 9 fois No\u00ebl"},"content":{"rendered":"<p style=\"text-align: justify;\"><em><img data-recalc-dims=\"1\" loading=\"lazy\" decoding=\"async\" class=\"alignleft\" src=\"https:\/\/i0.wp.com\/1.bp.blogspot.com\/-jZaT4_Mt4z0\/YZEgAbLEi_I\/AAAAAAAAIuo\/BJhLRiAjVwgxgk9hOwZ8TreAohy0RjLMwCLcBGAsYHQ\/s320\/9xnoel%2B2.jpg?resize=142%2C142&#038;ssl=1\" width=\"142\" height=\"142\" border=\"0\" data-original-height=\"417\" data-original-width=\"417\" \/>Le mois de d\u00e9cembre approchant, c\u2019est le retour de Il \u00e9tait 9 fois No\u00ebl, un challenge de No\u00ebl organis\u00e9 par <a href=\"https:\/\/www.laplanquealibellules.fr\/2021\/11\/il-etait-neuf-fois-noel.html\/\">Chicky Poo<\/a> et <a href=\"http:\/\/viedecontedefee.blogspot.com\/2021\/11\/1686-il-etait-neuf-fois-noel.html\">Samarian<\/a> qui ouvrent les portes de leur Chalet du 29 novembre 2021 au 2 janvier 2022. Pour plus d\u2019infos, n\u2019h\u00e9sitez pas \u00e0 aller sur leurs blogs.<\/em><\/p>\n<p style=\"text-align: justify;\"><em>Ce billet sera actualis\u00e9 au fil du challenge tout en faisant un billet s\u00e9par\u00e9 pour chaque participation. <\/em><\/p>\n<p style=\"text-align: justify;\"><em>Il est \u00e9galement pr\u00e9vu un programme facultatif avec chaque semaine une th\u00e9matique (petite nouveaut\u00e9 de cette semaine) que nous allons essayer de suivre le plus possible, m\u00eame si nos lectures seront majoritairement pioch\u00e9es dans la litt\u00e9rature jeunesse.<\/em><\/p>\n<p style=\"text-align: justify;\"><img data-recalc-dims=\"1\" loading=\"lazy\" decoding=\"async\" class=\"ls-is-cached lazyloaded wp-image-7221 alignright\" src=\"https:\/\/i0.wp.com\/www.laplanquealibellules.fr\/wp-content\/uploads\/sites\/3\/2021\/11\/256404987_432542681813674_7425705267966347072_n.jpg?resize=141%2C141&#038;ssl=1\" sizes=\"auto, (max-width: 432px) 100vw, 432px\" srcset=\"https:\/\/www.laplanquealibellules.fr\/wp-content\/uploads\/sites\/3\/2021\/11\/256404987_432542681813674_7425705267966347072_n.jpg 864w, https:\/\/www.laplanquealibellules.fr\/wp-content\/uploads\/sites\/3\/2021\/11\/256404987_432542681813674_7425705267966347072_n-300x300.jpg 300w, https:\/\/www.laplanquealibellules.fr\/wp-content\/uploads\/sites\/3\/2021\/11\/256404987_432542681813674_7425705267966347072_n-150x150.jpg 150w, https:\/\/www.laplanquealibellules.fr\/wp-content\/uploads\/sites\/3\/2021\/11\/256404987_432542681813674_7425705267966347072_n-768x768.jpg 768w\" alt=\"\" width=\"141\" height=\"141\" data-src=\"https:\/\/www.laplanquealibellules.fr\/wp-content\/uploads\/sites\/3\/2021\/11\/256404987_432542681813674_7425705267966347072_n.jpg\" data-srcset=\"https:\/\/www.laplanquealibellules.fr\/wp-content\/uploads\/sites\/3\/2021\/11\/256404987_432542681813674_7425705267966347072_n.jpg 864w, https:\/\/www.laplanquealibellules.fr\/wp-content\/uploads\/sites\/3\/2021\/11\/256404987_432542681813674_7425705267966347072_n-300x300.jpg 300w, https:\/\/www.laplanquealibellules.fr\/wp-content\/uploads\/sites\/3\/2021\/11\/256404987_432542681813674_7425705267966347072_n-150x150.jpg 150w, https:\/\/www.laplanquealibellules.fr\/wp-content\/uploads\/sites\/3\/2021\/11\/256404987_432542681813674_7425705267966347072_n-768x768.jpg 768w\" data-sizes=\"(max-width: 432px) 100vw, 432px\" \/><em>Mais avant l&rsquo;ouverture du Chalet, un bonus a \u00e9t\u00e9 ajout\u00e9 par nos deux coorganisatrices Chicky Poo et Samarian et leurs deux complices Hilde et Lou le 25 novembre 2021 avec des lutins farceurs et m\u00eame jusqu&rsquo;\u00e0 fin d\u00e9cembre, date d&rsquo;hibernation des esprits mal\u00e9fiques. Car \u00e0 un mois de No\u00ebl, vous vous sentez comme Mr. Jack, tiraill\u00e9.e entre Halloween et No\u00ebl? Pas de panique! Lou, Hilde, Samarian et Chicky Poo se sont donc associ\u00e9es pour nous jouer des mauvais tours (ou presque) : esprits de No\u00ebk, Gremlins, Grinch et autre Krampus&#8230; Et elles ont des id\u00e9es pour \u00eatre digne de Mr. Jack:\u00a0 une maison hant\u00e9e \u00e0 no\u00ebl, un esprit de No\u00ebl farceur, un P\u00e8re No\u00ebl assassin (ou assassin\u00e9 ?!), des contes de No\u00ebl angoissants\u2026 De mon c\u00f4t\u00e9, j&rsquo;ai d\u00e9j\u00e0 emprunt\u00e9 la semaine derni\u00e8re un album jeunesse m\u00ealant les deux ambiances no\u00ebloween: <span style=\"text-decoration: underline;\">L&rsquo;\u00e9trange r\u00e9veillon<\/span> de Bertrand Santini et Lionel Richerand.<\/em><\/p>\n<p style=\"text-align: center;\">***<\/p>\n<p style=\"text-align: justify;\"><strong><em><span style=\"text-decoration: underline;\">Semaine 1 du Il \u00e9tait 9 fois No\u00ebl<\/span>: <span style=\"color: #008000;\">Les No\u00ebls du Monde<\/span><\/em><\/strong>\u00a0<em>(pour f\u00eater No\u00ebl de plein de jolies mani\u00e8res diff\u00e9rentes)<\/em><\/p>\n<ul>\n<li style=\"text-align: justify;\"><em>29 novembre\/notre PAL de No\u00ebl<\/em><\/li>\n<li style=\"text-align: justify;\"><em>1er d\u00e9cembre\/nos calendriers de l&rsquo;Avent: <a href=\"http:\/\/www.jojoenherbe.com\/index.php\/2021\/12\/01\/notre-calendrier-de-noel-2021\/\">notre calendrier de No\u00ebl 2021<\/a><br \/>\n<\/em><\/li>\n<li style=\"text-align: justify;\"><em>2 d\u00e9cembre\/les No\u00ebls du Monde (album jeunesse, BD, cr\u00e9ations&#8230;): <a href=\"http:\/\/www.jojoenherbe.com\/index.php\/2021\/12\/02\/au-fil-des-pages-avec-tous-les-noels-du-monde\/\"><span style=\"text-decoration: underline;\">Tous les No\u00ebls du monde, L\u2019atlas des 5-8 ans<\/span><\/a> d\u2019Audrey Guiller (\u00e9d. Milan Jeunesse, 2011, r\u00e9\u00e9d. 2014), un documentaire jeunesse \u00e0 partir de 5 ans<br \/>\n<\/em><\/li>\n<li style=\"text-align: justify;\"><em>5 d\u00e9cembre\/billet gourmand avec les Gourmandises de Syl et le Challenge Des livres (et des \u00e9crans) en cuisine de Bidib et Fondant<\/em><\/li>\n<\/ul>\n<p style=\"text-align: justify;\"><strong><em><span style=\"text-decoration: underline;\">Semaine 2 du Il \u00e9tait 9 fois No\u00ebl<\/span>: <span style=\"color: #ff0015;\">Si No\u00ebl m&rsquo;\u00e9tait cont\u00e9 <\/span><\/em><\/strong><strong><em><br \/>\n<\/em><\/strong><\/p>\n<ul>\n<li style=\"text-align: justify;\"><em>6 d\u00e9cembre\/billet photo (souvenir)<\/em><\/li>\n<li style=\"text-align: justify;\"><em>7 d\u00e9cembre\/atelier cr\u00e9atif de No\u00ebl avec Syl<\/em><\/li>\n<li style=\"text-align: justify;\"><em>8 d\u00e9cembre\/d\u00e9corations et sapin de No\u00ebl<\/em><\/li>\n<li style=\"text-align: justify;\"><em>9 d\u00e9cembre\/contes et l\u00e9gendes de No\u00ebl en lien avec le Challenge Contes et L\u00e9gendes de Bidib: <a href=\"http:\/\/www.jojoenherbe.com\/index.php\/2021\/12\/09\/nos-lectures-la-petite-fille-aux-allumettes\/\"><span style=\"text-decoration: underline;\">La petite fille aux allumettes<\/span><\/a> d&rsquo;Andersen<br \/>\n<\/em><\/li>\n<li style=\"text-align: justify;\"><em>du 10 d\u00e9cembre 21h au 12 d\u00e9cembre \u00e0 minuit\/RAT au Chalet avec au moins une lecture sur le th\u00e8me de l&rsquo;hiver et\/ou de No\u00ebl et avec de nombreux d\u00e9fis facultatifs: mon billet de suivi du <a href=\"http:\/\/www.jojoenherbe.com\/index.php\/2021\/12\/11\/un-rat-de-noel-2021\/\">RAT de No\u00ebl<\/a><br \/>\n<\/em><\/li>\n<\/ul>\n<p><strong><em><span style=\"text-decoration: underline;\">Semaine 3 du Il \u00e9tait 9 fois No\u00ebl<\/span>: <span style=\"color: #008000;\">No\u00ebls myst\u00e9rieux<\/span><\/em><\/strong><\/p>\n<ul>\n<li style=\"text-align: justify;\"><em>13 d\u00e9cembre\/billet photo (voyage): <a href=\"http:\/\/www.jojoenherbe.com\/index.php\/2021\/12\/13\/billet-photo-noelesque-voyage\/\">un P\u00e8re No\u00ebl en Islande<\/a><br \/>\n<\/em><\/li>\n<li style=\"text-align: justify;\"><em>15 d\u00e9cembre\/lettre au P\u00e8re No\u00ebl<\/em><\/li>\n<li style=\"text-align: justify;\"><em>16 d\u00e9cembre\/des romans policiers, myst\u00e9rieux et thrillers en lien avec le Challenge British Mysteries d&rsquo;Hilde et Lou: <a href=\"http:\/\/www.jojoenherbe.com\/index.php\/2021\/12\/16\/au-fil-des-pages-avec-le-corbeau-de-noel\/\"><span style=\"text-decoration: underline;\">Le Corbeau de No\u00ebl<\/span><\/a> d&rsquo;Anne Perry, <a href=\"http:\/\/www.jojoenherbe.com\/index.php\/2021\/12\/17\/au-fil-des-pages-avec-le-tome-6-de-son-espionne-royale\/\"><span style=\"text-decoration: underline;\">Son espionne royale et les douze crimes de No\u00ebl<\/span><\/a> de Rhys Bowen (T6)<br \/>\n<\/em><\/li>\n<li style=\"text-align: justify;\"><em>17 d\u00e9cembre\/journ\u00e9e mondiale du pull de No\u00ebl<\/em><\/li>\n<li style=\"text-align: justify;\"><em>19 d\u00e9cembre\/film de No\u00ebl<\/em><\/li>\n<\/ul>\n<p style=\"text-align: justify;\"><em><strong><span style=\"text-decoration: underline;\">Semaine 4 du Il \u00e9tait 9 fois No\u00ebl<\/span>: <span style=\"color: #ff0000;\">La magie de No\u00ebl<\/span><br \/>\n<\/strong><\/em><\/p>\n<ul style=\"text-align: justify;\">\n<li><em>20 d\u00e9cembre\/billet photo (matin d&rsquo;hiver): un <a href=\"http:\/\/www.jojoenherbe.com\/index.php\/2021\/12\/20\/billet-photo-noelesque-matin-dhiver\/\">matin d&rsquo;hiver<\/a> dans les Gorges de la M\u00e9ouge<br \/>\n<\/em><\/li>\n<li><em>21 d\u00e9cembre\/LC: <a href=\"http:\/\/www.jojoenherbe.com\/index.php\/2021\/12\/21\/au-fil-des-pages-avec-les-etoiles-brillent-plus-fort-en-hiver\/\"><span style=\"text-decoration: underline;\">Les \u00e9toiles brillent plus fort en hiver<\/span><\/a> de Sophie Jomain<\/em><\/li>\n<li style=\"text-align: justify;\"><em>23 d\u00e9cembre\/partage autour de la magie de No\u00ebl (romances pr\u00e9f\u00e9r\u00e9es, traditions familiales et toutes ces petites choses (presque) kitsh qui font qu\u2019on adore No\u00ebl)<\/em><\/li>\n<li><em>(Romance de No\u00ebl) <a href=\"http:\/\/www.jojoenherbe.com\/index.php\/2021\/12\/24\/au-fil-des-pages-avec-cher-pere-noel-je-voudrais-un-mec\/\"><span style=\"text-decoration: underline;\">Cher P\u00e8re No\u00ebl, je voudrais un mec!<\/span><\/a> de Caro M. Leene<br \/>\n<\/em><\/li>\n<li><em>25 d\u00e9cembre\/Joyeux No\u00ebl!<\/em><\/li>\n<\/ul>\n<p style=\"text-align: justify;\"><em><strong><span style=\"text-decoration: underline;\">Semaine 5 du Il \u00e9tait 9 fois No\u00ebl<\/span>: <span style=\"color: #008000;\">No\u00ebl blanc <\/span><\/strong>(No\u00ebls enneig\u00e9s et froids) <\/em><\/p>\n<ul>\n<li style=\"text-align: justify;\"><em>27 d\u00e9cembre\/billet photo (No\u00ebl)<\/em><\/li>\n<li style=\"text-align: justify;\"><em>30 d\u00e9cembre\/partage autour de la neige et de l&rsquo;hiver (photos, romans, albums, films&#8230;)<\/em><\/li>\n<li style=\"text-align: justify;\"><em>1er janvier\/bilan, envies et objectifs pour la nouvelle ann\u00e9e<\/em><\/li>\n<li style=\"text-align: justify;\"><em>2 janvier\/dernier rendez-vous lecture avec une journ\u00e9e doudou<\/em><\/li>\n<\/ul>\n<div style=\"width: 156px\" class=\"wp-caption alignleft\"><img data-recalc-dims=\"1\" loading=\"lazy\" decoding=\"async\" src=\"https:\/\/i0.wp.com\/1.bp.blogspot.com\/-zb7nb97Lem8\/YZEgGCE63DI\/AAAAAAAAIus\/_L6m2qAWD008_IOwYdaOKtygOlfdTjoJgCLcBGAsYHQ\/s320\/256766435_630282358151020_1069673686104983042_n.jpg?resize=146%2C146&#038;ssl=1\" alt=\"\" width=\"146\" height=\"146\" border=\"0\" data-original-height=\"626\" data-original-width=\"626\" \/><p class=\"wp-caption-text\">Challenge Il \u00e9tait 9 fois No\u00ebl de <a href=\"https:\/\/www.laplanquealibellules.fr\/2021\/11\/il-etait-neuf-fois-noel.html\/\">Chicky Poo<\/a> et <a href=\"http:\/\/viedecontedefee.blogspot.com\/2021\/11\/1686-il-etait-neuf-fois-noel.html\">Samarian<\/a><\/p><\/div>\n","protected":false},"excerpt":{"rendered":"<p>Le mois de d\u00e9cembre approchant, c\u2019est le retour de Il \u00e9tait 9 fois No\u00ebl, un challenge de No\u00ebl organis\u00e9 par Chicky Poo et Samarian qui ouvrent les portes de leur Chalet du 29 novembre 2021 au 2 janvier 2022. Pour plus d\u2019infos, n\u2019h\u00e9sitez pas \u00e0 aller sur leurs blogs. Ce billet sera actualis\u00e9 au fil [&hellip;]<\/p>\n","protected":false},"author":1,"featured_media":22497,"comment_status":"open","ping_status":"open","sticky":false,"template":"","format":"standard","meta":{"jetpack_post_was_ever_published":false,"_jetpack_newsletter_access":"","_jetpack_dont_email_post_to_subs":false,"_jetpack_newsletter_tier_id":0,"_jetpack_memberships_contains_paywalled_content":false,"_jetpack_memberships_contains_paid_content":false,"footnotes":""},"categories":[873,363],"tags":[1923,983,2016,365,2025,1085,367,1016,1056,19,988,989,1086],"class_list":["post-22494","post","type-post","status-publish","format-standard","has-post-thumbnail","hentry","category-mini-challenger","category-mini-lecteur","tag-activites-de-noel","tag-challenge-de-noel","tag-challenge-livresque","tag-hiver","tag-il-etait-9-fois-noel","tag-lecture-adulte","tag-lecture-jeunesse","tag-lectures-dhiver","tag-lectures-de-noel","tag-noel","tag-nouvel-an","tag-reveillon","tag-romance-de-noel","post-preview"],"jetpack_featured_media_url":"https:\/\/i0.wp.com\/www.jojoenherbe.com\/wp-content\/uploads\/2021\/11\/Il-etait-9-fois-Noel-logo.jpg?fit=500%2C500","jetpack_sharing_enabled":true,"jetpack_shortlink":"https:\/\/wp.me\/p9zhGx-5QO","jetpack_likes_enabled":true,"jetpack-related-posts":[{"id":37216,"url":"http:\/\/www.jojoenherbe.com\/index.php\/2024\/11\/12\/billet-de-suivi-il-etait-12-fois-noel\/","url_meta":{"origin":22494,"position":0},"title":"Billet de suivi: Il \u00e9tait 12 fois No\u00ebl","author":"Jojo","date":"12 novembre 2024","format":false,"excerpt":"Le mois de d\u00e9cembre approchant, c\u2019est le retour de Il \u00e9tait 12 fois No\u00ebl, un challenge de No\u00ebl coorganis\u00e9 par Chicky Poo et Samarian qui ouvrent les portes de leur Chalet du 15 novembre 2024 au 5 janvier 2025. Pour plus d\u2019infos, n\u2019h\u00e9sitez pas \u00e0 aller sur leurs blogs et\u2026","rel":"","context":"Dans &quot;Mini blogueur&quot;","block_context":{"text":"Mini blogueur","link":"http:\/\/www.jojoenherbe.com\/index.php\/category\/mini-blogueur\/"},"img":{"alt_text":"","src":"https:\/\/i0.wp.com\/www.jojoenherbe.com\/wp-content\/uploads\/2024\/11\/Il-etait-12-fois-Noel-logo.jpg?fit=768%2C636&resize=350%2C200","width":350,"height":200,"srcset":"https:\/\/i0.wp.com\/www.jojoenherbe.com\/wp-content\/uploads\/2024\/11\/Il-etait-12-fois-Noel-logo.jpg?fit=768%2C636&resize=350%2C200 1x, https:\/\/i0.wp.com\/www.jojoenherbe.com\/wp-content\/uploads\/2024\/11\/Il-etait-12-fois-Noel-logo.jpg?fit=768%2C636&resize=525%2C300 1.5x, https:\/\/i0.wp.com\/www.jojoenherbe.com\/wp-content\/uploads\/2024\/11\/Il-etait-12-fois-Noel-logo.jpg?fit=768%2C636&resize=700%2C400 2x"},"classes":[]},{"id":28631,"url":"http:\/\/www.jojoenherbe.com\/index.php\/2022\/11\/18\/billet-de-suivi-il-etait-10-fois-noel\/","url_meta":{"origin":22494,"position":1},"title":"Billet de suivi: Il \u00e9tait 10 fois No\u00ebl","author":"Jojo","date":"18 novembre 2022","format":false,"excerpt":"Le mois de d\u00e9cembre approchant, c\u2019est le retour de Il \u00e9tait 10 fois No\u00ebl, un challenge de No\u00ebl organis\u00e9 par Chicky Poo et Samarian qui ouvrent les portes de leur Chalet du 28 novembre 2021 au 8 janvier 2022. Pour plus d\u2019infos, n\u2019h\u00e9sitez pas \u00e0 aller sur leurs blogs. Ce\u2026","rel":"","context":"Dans &quot;Mini challenger&quot;","block_context":{"text":"Mini challenger","link":"http:\/\/www.jojoenherbe.com\/index.php\/category\/mini-challenger\/"},"img":{"alt_text":"","src":"https:\/\/i0.wp.com\/www.jojoenherbe.com\/wp-content\/uploads\/2022\/11\/Il-etait-10-fois-Noel.jpg?fit=824%2C824&resize=350%2C200","width":350,"height":200,"srcset":"https:\/\/i0.wp.com\/www.jojoenherbe.com\/wp-content\/uploads\/2022\/11\/Il-etait-10-fois-Noel.jpg?fit=824%2C824&resize=350%2C200 1x, https:\/\/i0.wp.com\/www.jojoenherbe.com\/wp-content\/uploads\/2022\/11\/Il-etait-10-fois-Noel.jpg?fit=824%2C824&resize=525%2C300 1.5x, https:\/\/i0.wp.com\/www.jojoenherbe.com\/wp-content\/uploads\/2022\/11\/Il-etait-10-fois-Noel.jpg?fit=824%2C824&resize=700%2C400 2x"},"classes":[]},{"id":41357,"url":"http:\/\/www.jojoenherbe.com\/index.php\/2025\/11\/15\/billet-de-suivi-il-etait-13-fois-noel\/","url_meta":{"origin":22494,"position":2},"title":"Billet de suivi: Il \u00e9tait 13 fois No\u00ebl","author":"Jojo","date":"15 novembre 2025","format":false,"excerpt":"Le mois de d\u00e9cembre approchant, c\u2019est le retour de Il \u00e9tait 13 fois No\u00ebl, un challenge de No\u00ebl coorganis\u00e9 par Chicky Poo et Samarian qui ouvrent les portes de leur Chalet du 15 novembre 2025 au 11 janvier 2026. Cette ann\u00e9e, elles ont imagin\u00e9 une nouvelle formule avec des cases\u2026","rel":"","context":"Dans &quot;Mini blogueur&quot;","block_context":{"text":"Mini blogueur","link":"http:\/\/www.jojoenherbe.com\/index.php\/category\/mini-blogueur\/"},"img":{"alt_text":"","src":"https:\/\/i0.wp.com\/www.jojoenherbe.com\/wp-content\/uploads\/2025\/11\/Il-etait-13-fois-Noel-logo.jpg?fit=626%2C589&resize=350%2C200","width":350,"height":200,"srcset":"https:\/\/i0.wp.com\/www.jojoenherbe.com\/wp-content\/uploads\/2025\/11\/Il-etait-13-fois-Noel-logo.jpg?fit=626%2C589&resize=350%2C200 1x, https:\/\/i0.wp.com\/www.jojoenherbe.com\/wp-content\/uploads\/2025\/11\/Il-etait-13-fois-Noel-logo.jpg?fit=626%2C589&resize=525%2C300 1.5x"},"classes":[]},{"id":32973,"url":"http:\/\/www.jojoenherbe.com\/index.php\/2023\/11\/10\/billet-de-suivi-il-etait-11-fois-noel\/","url_meta":{"origin":22494,"position":3},"title":"Billet de suivi: Il \u00e9tait 11 fois No\u00ebl","author":"Jojo","date":"10 novembre 2023","format":false,"excerpt":"Le mois de d\u00e9cembre approchant, c\u2019est le retour de Il \u00e9tait 11 fois No\u00ebl, un challenge de No\u00ebl coorganis\u00e9 par Chicky Poo et Samarian qui ouvrent les portes de leur Chalet du 9 novembre 2023 au 7 janvier 2024. Pour plus d\u2019infos, n\u2019h\u00e9sitez pas \u00e0 aller sur leurs blogs. Ce\u2026","rel":"","context":"Dans &quot;Mini challenger&quot;","block_context":{"text":"Mini challenger","link":"http:\/\/www.jojoenherbe.com\/index.php\/category\/mini-challenger\/"},"img":{"alt_text":"","src":"https:\/\/i0.wp.com\/www.jojoenherbe.com\/wp-content\/uploads\/2023\/01\/Il-etait-11-fois-Noel-logo.jpg?fit=622%2C622&resize=350%2C200","width":350,"height":200,"srcset":"https:\/\/i0.wp.com\/www.jojoenherbe.com\/wp-content\/uploads\/2023\/01\/Il-etait-11-fois-Noel-logo.jpg?fit=622%2C622&resize=350%2C200 1x, https:\/\/i0.wp.com\/www.jojoenherbe.com\/wp-content\/uploads\/2023\/01\/Il-etait-11-fois-Noel-logo.jpg?fit=622%2C622&resize=525%2C300 1.5x"},"classes":[]},{"id":13574,"url":"http:\/\/www.jojoenherbe.com\/index.php\/2020\/11\/10\/billet-de-suivi-il-etait-8-fois-noel\/","url_meta":{"origin":22494,"position":4},"title":"Billet de suivi: Il \u00e9tait 8 fois No\u00ebl","author":"Jojo","date":"10 novembre 2020","format":false,"excerpt":"Le mois de d\u00e9cembre approchant, c'est le retour de Il \u00e9tait 8 fois No\u00ebl, un challenge de No\u00ebl organis\u00e9 par Chicky Poo et Samarian et qui se d\u00e9roule du 30 novembre 2020 au 3 janvier 2021. Pour plus d\u2019infos, n\u2019h\u00e9sitez pas \u00e0 aller sur leurs blogs. Ce billet sera actualis\u00e9\u2026","rel":"","context":"Dans &quot;Mini challenger&quot;","block_context":{"text":"Mini challenger","link":"http:\/\/www.jojoenherbe.com\/index.php\/category\/mini-challenger\/"},"img":{"alt_text":"","src":"https:\/\/i0.wp.com\/www.jojoenherbe.com\/wp-content\/uploads\/2020\/11\/Logo_2_2020-1024x992-1.jpg?fit=1024%2C992&resize=350%2C200","width":350,"height":200,"srcset":"https:\/\/i0.wp.com\/www.jojoenherbe.com\/wp-content\/uploads\/2020\/11\/Logo_2_2020-1024x992-1.jpg?fit=1024%2C992&resize=350%2C200 1x, https:\/\/i0.wp.com\/www.jojoenherbe.com\/wp-content\/uploads\/2020\/11\/Logo_2_2020-1024x992-1.jpg?fit=1024%2C992&resize=525%2C300 1.5x, https:\/\/i0.wp.com\/www.jojoenherbe.com\/wp-content\/uploads\/2020\/11\/Logo_2_2020-1024x992-1.jpg?fit=1024%2C992&resize=700%2C400 2x"},"classes":[]},{"id":22834,"url":"http:\/\/www.jojoenherbe.com\/index.php\/2021\/12\/13\/billet-photo-noelesque-voyage\/","url_meta":{"origin":22494,"position":5},"title":"Billet photo no\u00eblesque: \u00ab\u00a0Voyage\u00a0\u00bb","author":"Jojo","date":"13 d\u00e9cembre 2021","format":false,"excerpt":"Pour le billet photo du 13 d\u00e9cembre 2021 du challenge Il \u00e9tait 9 fois No\u00ebl, Chicky Poo et Samarian ont choisi le th\u00e8me du \"Voyage\". J'aurai \u00e9galement pu choisir cette photo pour le th\u00e8me de la semaine derni\u00e8re \"Souvenir\". Il s'agit d'une photo prise en juillet 2011, quelque part dans\u2026","rel":"","context":"Dans &quot;mini photographe&quot;","block_context":{"text":"mini photographe","link":"http:\/\/www.jojoenherbe.com\/index.php\/category\/mini-photographe\/"},"img":{"alt_text":"","src":"https:\/\/i0.wp.com\/www.jojoenherbe.com\/wp-content\/uploads\/2021\/12\/Pere-Noel-Islande.jpg?fit=900%2C1200&resize=350%2C200","width":350,"height":200,"srcset":"https:\/\/i0.wp.com\/www.jojoenherbe.com\/wp-content\/uploads\/2021\/12\/Pere-Noel-Islande.jpg?fit=900%2C1200&resize=350%2C200 1x, https:\/\/i0.wp.com\/www.jojoenherbe.com\/wp-content\/uploads\/2021\/12\/Pere-Noel-Islande.jpg?fit=900%2C1200&resize=525%2C300 1.5x, https:\/\/i0.wp.com\/www.jojoenherbe.com\/wp-content\/uploads\/2021\/12\/Pere-Noel-Islande.jpg?fit=900%2C1200&resize=700%2C400 2x"},"classes":[]}],"_links":{"self":[{"href":"http:\/\/www.jojoenherbe.com\/index.php\/wp-json\/wp\/v2\/posts\/22494","targetHints":{"allow":["GET"]}}],"collection":[{"href":"http:\/\/www.jojoenherbe.com\/index.php\/wp-json\/wp\/v2\/posts"}],"about":[{"href":"http:\/\/www.jojoenherbe.com\/index.php\/wp-json\/wp\/v2\/types\/post"}],"author":[{"embeddable":true,"href":"http:\/\/www.jojoenherbe.com\/index.php\/wp-json\/wp\/v2\/users\/1"}],"replies":[{"embeddable":true,"href":"http:\/\/www.jojoenherbe.com\/index.php\/wp-json\/wp\/v2\/comments?post=22494"}],"version-history":[{"count":0,"href":"http:\/\/www.jojoenherbe.com\/index.php\/wp-json\/wp\/v2\/posts\/22494\/revisions"}],"wp:featuredmedia":[{"embeddable":true,"href":"http:\/\/www.jojoenherbe.com\/index.php\/wp-json\/wp\/v2\/media\/22497"}],"wp:attachment":[{"href":"http:\/\/www.jojoenherbe.com\/index.php\/wp-json\/wp\/v2\/media?parent=22494"}],"wp:term":[{"taxonomy":"category","embeddable":true,"href":"http:\/\/www.jojoenherbe.com\/index.php\/wp-json\/wp\/v2\/categories?post=22494"},{"taxonomy":"post_tag","embeddable":true,"href":"http:\/\/www.jojoenherbe.com\/index.php\/wp-json\/wp\/v2\/tags?post=22494"}],"curies":[{"name":"wp","href":"https:\/\/api.w.org\/{rel}","templated":true}]}}