{"id":21928,"date":"2021-10-27T15:21:56","date_gmt":"2021-10-27T13:21:56","guid":{"rendered":"http:\/\/www.jojoenherbe.com\/?p=21928"},"modified":"2021-11-09T17:42:45","modified_gmt":"2021-11-09T16:42:45","slug":"au-fil-des-pages-avec-chaque-jour-dracula","status":"publish","type":"post","link":"http:\/\/www.jojoenherbe.com\/index.php\/2021\/10\/27\/au-fil-des-pages-avec-chaque-jour-dracula\/","title":{"rendered":"Au fil des pages avec Chaque jour Dracula"},"content":{"rendered":"<p style=\"text-align: justify;\"><em><a href=\"https:\/\/i0.wp.com\/www.jojoenherbe.com\/wp-content\/uploads\/2021\/10\/Chaque-jour-Dracula-3-scaled.jpg\"><img data-recalc-dims=\"1\" loading=\"lazy\" decoding=\"async\" data-attachment-id=\"21930\" data-permalink=\"http:\/\/www.jojoenherbe.com\/index.php\/2021\/10\/27\/au-fil-des-pages-avec-chaque-jour-dracula\/chaque-jour-dracula-3\/\" data-orig-file=\"https:\/\/i0.wp.com\/www.jojoenherbe.com\/wp-content\/uploads\/2021\/10\/Chaque-jour-Dracula-3-scaled.jpg?fit=2560%2C1920\" data-orig-size=\"2560,1920\" data-comments-opened=\"1\" data-image-meta=\"{&quot;aperture&quot;:&quot;1.8&quot;,&quot;credit&quot;:&quot;&quot;,&quot;camera&quot;:&quot;iPhone 7&quot;,&quot;caption&quot;:&quot;&quot;,&quot;created_timestamp&quot;:&quot;1635345937&quot;,&quot;copyright&quot;:&quot;&quot;,&quot;focal_length&quot;:&quot;3.99&quot;,&quot;iso&quot;:&quot;100&quot;,&quot;shutter_speed&quot;:&quot;0.11111111111111&quot;,&quot;title&quot;:&quot;&quot;,&quot;orientation&quot;:&quot;1&quot;}\" data-image-title=\"Chaque jour Dracula 3\" data-image-description=\"\" data-image-caption=\"\" data-large-file=\"https:\/\/i0.wp.com\/www.jojoenherbe.com\/wp-content\/uploads\/2021\/10\/Chaque-jour-Dracula-3-scaled.jpg?fit=676%2C507\" class=\"alignleft size-thumbnail wp-image-21930\" src=\"https:\/\/i0.wp.com\/www.jojoenherbe.com\/wp-content\/uploads\/2021\/10\/Chaque-jour-Dracula-3.jpg?resize=150%2C150\" alt=\"\" width=\"150\" height=\"150\" srcset=\"https:\/\/i0.wp.com\/www.jojoenherbe.com\/wp-content\/uploads\/2021\/10\/Chaque-jour-Dracula-3-scaled.jpg?resize=150%2C150 150w, https:\/\/i0.wp.com\/www.jojoenherbe.com\/wp-content\/uploads\/2021\/10\/Chaque-jour-Dracula-3-scaled.jpg?zoom=2&amp;resize=150%2C150 300w, https:\/\/i0.wp.com\/www.jojoenherbe.com\/wp-content\/uploads\/2021\/10\/Chaque-jour-Dracula-3-scaled.jpg?zoom=3&amp;resize=150%2C150 450w\" sizes=\"auto, (max-width: 150px) 100vw, 150px\" \/><\/a> <a href=\"https:\/\/i0.wp.com\/www.jojoenherbe.com\/wp-content\/uploads\/2021\/10\/Chaque-jour-Dracula-4-scaled.jpg\"><img data-recalc-dims=\"1\" loading=\"lazy\" decoding=\"async\" data-attachment-id=\"21931\" data-permalink=\"http:\/\/www.jojoenherbe.com\/index.php\/2021\/10\/27\/au-fil-des-pages-avec-chaque-jour-dracula\/chaque-jour-dracula-4\/\" data-orig-file=\"https:\/\/i0.wp.com\/www.jojoenherbe.com\/wp-content\/uploads\/2021\/10\/Chaque-jour-Dracula-4-scaled.jpg?fit=2560%2C1920\" data-orig-size=\"2560,1920\" data-comments-opened=\"1\" data-image-meta=\"{&quot;aperture&quot;:&quot;1.8&quot;,&quot;credit&quot;:&quot;&quot;,&quot;camera&quot;:&quot;iPhone 7&quot;,&quot;caption&quot;:&quot;&quot;,&quot;created_timestamp&quot;:&quot;1635345960&quot;,&quot;copyright&quot;:&quot;&quot;,&quot;focal_length&quot;:&quot;3.99&quot;,&quot;iso&quot;:&quot;80&quot;,&quot;shutter_speed&quot;:&quot;0.125&quot;,&quot;title&quot;:&quot;&quot;,&quot;orientation&quot;:&quot;1&quot;}\" data-image-title=\"Chaque jour Dracula 4\" data-image-description=\"\" data-image-caption=\"\" data-large-file=\"https:\/\/i0.wp.com\/www.jojoenherbe.com\/wp-content\/uploads\/2021\/10\/Chaque-jour-Dracula-4-scaled.jpg?fit=676%2C507\" class=\"alignleft size-thumbnail wp-image-21931\" src=\"https:\/\/i0.wp.com\/www.jojoenherbe.com\/wp-content\/uploads\/2021\/10\/Chaque-jour-Dracula-4.jpg?resize=150%2C150\" alt=\"\" width=\"150\" height=\"150\" srcset=\"https:\/\/i0.wp.com\/www.jojoenherbe.com\/wp-content\/uploads\/2021\/10\/Chaque-jour-Dracula-4-scaled.jpg?resize=150%2C150 150w, https:\/\/i0.wp.com\/www.jojoenherbe.com\/wp-content\/uploads\/2021\/10\/Chaque-jour-Dracula-4-scaled.jpg?zoom=2&amp;resize=150%2C150 300w, https:\/\/i0.wp.com\/www.jojoenherbe.com\/wp-content\/uploads\/2021\/10\/Chaque-jour-Dracula-4-scaled.jpg?zoom=3&amp;resize=150%2C150 450w\" sizes=\"auto, (max-width: 150px) 100vw, 150px\" \/><\/a>Je lis <span style=\"text-decoration: underline;\">Chaque jour Dracula<\/span> de Lo\u00efc Cl\u00e9ment et Cl\u00e9ment Lef\u00e8vre (\u00e9d. Delcourt Jeunesse, 2018), une BD jeunesse \u00e0 partir de 9 ans avec un jeune Dracula victime de harc\u00e8lement scolaire avant de devenir le c\u00e9l\u00e8bre vampire sanguinaire. <\/em><em>Chaque jour, \u00e0 l&rsquo;\u00e9cole, Dracula subit les brimades et moqueries de certains camarades de classe qui le harc\u00e8lent du fait de ses diff\u00e9rences: le jeune gar\u00e7on ne peut faire du sport en ext\u00e9rieur, il ne peut pas manger d&rsquo;ail et est un tr\u00e8s bon \u00e9l\u00e8ve, parlant plusieurs langues anciennes&#8230; Aucun adulte de l&rsquo;\u00e9cole ne semble remarquer ce harc\u00e8lement et de plus en plus meurtri, Dracula ne sait pas comment aborder le sujet avec son p\u00e8re Vlad. Honte, d\u00e9ni et culpabilit\u00e9 le submergent. Parviendra-t-il \u00e0 faire stopper ce harc\u00e8lement? Son p\u00e8re aimant r\u00e9ussira-t-il \u00e0 trouver les bons mots pour l&rsquo;aider et alerter l&rsquo;\u00e9cole?<\/em><\/p>\n<p style=\"text-align: justify;\"><em><a href=\"https:\/\/i0.wp.com\/www.jojoenherbe.com\/wp-content\/uploads\/2021\/10\/Chaque-jour-Dracula-7-scaled.jpg\"><img data-recalc-dims=\"1\" loading=\"lazy\" decoding=\"async\" data-attachment-id=\"21934\" data-permalink=\"http:\/\/www.jojoenherbe.com\/index.php\/2021\/10\/27\/au-fil-des-pages-avec-chaque-jour-dracula\/chaque-jour-dracula-7\/\" data-orig-file=\"https:\/\/i0.wp.com\/www.jojoenherbe.com\/wp-content\/uploads\/2021\/10\/Chaque-jour-Dracula-7-scaled.jpg?fit=2560%2C1920\" data-orig-size=\"2560,1920\" data-comments-opened=\"1\" data-image-meta=\"{&quot;aperture&quot;:&quot;1.8&quot;,&quot;credit&quot;:&quot;&quot;,&quot;camera&quot;:&quot;iPhone 7&quot;,&quot;caption&quot;:&quot;&quot;,&quot;created_timestamp&quot;:&quot;1635346169&quot;,&quot;copyright&quot;:&quot;&quot;,&quot;focal_length&quot;:&quot;3.99&quot;,&quot;iso&quot;:&quot;100&quot;,&quot;shutter_speed&quot;:&quot;0.16666666666667&quot;,&quot;title&quot;:&quot;&quot;,&quot;orientation&quot;:&quot;1&quot;}\" data-image-title=\"Chaque jour Dracula 7\" data-image-description=\"\" data-image-caption=\"\" data-large-file=\"https:\/\/i0.wp.com\/www.jojoenherbe.com\/wp-content\/uploads\/2021\/10\/Chaque-jour-Dracula-7-scaled.jpg?fit=676%2C507\" class=\"size-thumbnail wp-image-21934 alignright\" src=\"https:\/\/i0.wp.com\/www.jojoenherbe.com\/wp-content\/uploads\/2021\/10\/Chaque-jour-Dracula-7.jpg?resize=150%2C150\" alt=\"\" width=\"150\" height=\"150\" srcset=\"https:\/\/i0.wp.com\/www.jojoenherbe.com\/wp-content\/uploads\/2021\/10\/Chaque-jour-Dracula-7-scaled.jpg?resize=150%2C150 150w, https:\/\/i0.wp.com\/www.jojoenherbe.com\/wp-content\/uploads\/2021\/10\/Chaque-jour-Dracula-7-scaled.jpg?zoom=2&amp;resize=150%2C150 300w, https:\/\/i0.wp.com\/www.jojoenherbe.com\/wp-content\/uploads\/2021\/10\/Chaque-jour-Dracula-7-scaled.jpg?zoom=3&amp;resize=150%2C150 450w\" sizes=\"auto, (max-width: 150px) 100vw, 150px\" \/><\/a> <a href=\"https:\/\/i0.wp.com\/www.jojoenherbe.com\/wp-content\/uploads\/2021\/10\/Chaque-jour-Dracula-5-scaled.jpg\"><img data-recalc-dims=\"1\" loading=\"lazy\" decoding=\"async\" data-attachment-id=\"21932\" data-permalink=\"http:\/\/www.jojoenherbe.com\/index.php\/2021\/10\/27\/au-fil-des-pages-avec-chaque-jour-dracula\/chaque-jour-dracula-5\/\" data-orig-file=\"https:\/\/i0.wp.com\/www.jojoenherbe.com\/wp-content\/uploads\/2021\/10\/Chaque-jour-Dracula-5-scaled.jpg?fit=1920%2C2560\" data-orig-size=\"1920,2560\" data-comments-opened=\"1\" data-image-meta=\"{&quot;aperture&quot;:&quot;1.8&quot;,&quot;credit&quot;:&quot;&quot;,&quot;camera&quot;:&quot;iPhone 7&quot;,&quot;caption&quot;:&quot;&quot;,&quot;created_timestamp&quot;:&quot;1635345992&quot;,&quot;copyright&quot;:&quot;&quot;,&quot;focal_length&quot;:&quot;3.99&quot;,&quot;iso&quot;:&quot;80&quot;,&quot;shutter_speed&quot;:&quot;0.16666666666667&quot;,&quot;title&quot;:&quot;&quot;,&quot;orientation&quot;:&quot;1&quot;}\" data-image-title=\"Chaque jour Dracula 5\" data-image-description=\"\" data-image-caption=\"\" data-large-file=\"https:\/\/i0.wp.com\/www.jojoenherbe.com\/wp-content\/uploads\/2021\/10\/Chaque-jour-Dracula-5-scaled.jpg?fit=676%2C901\" class=\"size-thumbnail wp-image-21932 alignright\" src=\"https:\/\/i0.wp.com\/www.jojoenherbe.com\/wp-content\/uploads\/2021\/10\/Chaque-jour-Dracula-5.jpg?resize=150%2C150\" alt=\"\" width=\"150\" height=\"150\" srcset=\"https:\/\/i0.wp.com\/www.jojoenherbe.com\/wp-content\/uploads\/2021\/10\/Chaque-jour-Dracula-5-scaled.jpg?resize=150%2C150 150w, https:\/\/i0.wp.com\/www.jojoenherbe.com\/wp-content\/uploads\/2021\/10\/Chaque-jour-Dracula-5-scaled.jpg?zoom=2&amp;resize=150%2C150 300w, https:\/\/i0.wp.com\/www.jojoenherbe.com\/wp-content\/uploads\/2021\/10\/Chaque-jour-Dracula-5-scaled.jpg?zoom=3&amp;resize=150%2C150 450w\" sizes=\"auto, (max-width: 150px) 100vw, 150px\" \/><\/a>Les illustrations sont tout en \u00e9motion et en d\u00e9licatesse. On ressent le mal-\u00eatre de Dracula, un enfant qui est victime de moqueries et agressions, de plus en plus dures et blessantes.\u00a0 Les traits du vampire me rappelle ceux d\u2019\u00c9piphanie dans le tome 1 de <span style=\"text-decoration: underline;\">L\u2019\u00e9pouvantable peur d\u2019\u00c9piphanie Frayeur<\/span> \u00e9galement illustr\u00e9e par Cl\u00e9ment Lef\u00e8vre. La relation p\u00e8re\/fils est \u00e9galement bien mise en valeur avec Vlad un p\u00e8re un peu d\u00e9pass\u00e9 par la situation et qui apporte au d\u00e9part des solutions maladroites mais qui finira par rendre son fils plus confiant de lui-m\u00eame.<br \/>\n<\/em><\/p>\n<p style=\"text-align: justify;\"><em><a href=\"https:\/\/i0.wp.com\/www.jojoenherbe.com\/wp-content\/uploads\/2021\/10\/Chaque-jour-Dracula-2-scaled.jpg\"><img data-recalc-dims=\"1\" loading=\"lazy\" decoding=\"async\" data-attachment-id=\"21929\" data-permalink=\"http:\/\/www.jojoenherbe.com\/index.php\/2021\/10\/27\/au-fil-des-pages-avec-chaque-jour-dracula\/chaque-jour-dracula-2\/\" data-orig-file=\"https:\/\/i0.wp.com\/www.jojoenherbe.com\/wp-content\/uploads\/2021\/10\/Chaque-jour-Dracula-2-scaled.jpg?fit=1920%2C2560\" data-orig-size=\"1920,2560\" data-comments-opened=\"1\" data-image-meta=\"{&quot;aperture&quot;:&quot;1.8&quot;,&quot;credit&quot;:&quot;&quot;,&quot;camera&quot;:&quot;iPhone 7&quot;,&quot;caption&quot;:&quot;&quot;,&quot;created_timestamp&quot;:&quot;1635345915&quot;,&quot;copyright&quot;:&quot;&quot;,&quot;focal_length&quot;:&quot;3.99&quot;,&quot;iso&quot;:&quot;80&quot;,&quot;shutter_speed&quot;:&quot;0.16666666666667&quot;,&quot;title&quot;:&quot;&quot;,&quot;orientation&quot;:&quot;1&quot;}\" data-image-title=\"Chaque jour Dracula 2\" data-image-description=\"\" data-image-caption=\"\" data-large-file=\"https:\/\/i0.wp.com\/www.jojoenherbe.com\/wp-content\/uploads\/2021\/10\/Chaque-jour-Dracula-2-scaled.jpg?fit=676%2C901\" class=\"alignleft size-thumbnail wp-image-21929\" src=\"https:\/\/i0.wp.com\/www.jojoenherbe.com\/wp-content\/uploads\/2021\/10\/Chaque-jour-Dracula-2.jpg?resize=150%2C150\" alt=\"\" width=\"150\" height=\"150\" srcset=\"https:\/\/i0.wp.com\/www.jojoenherbe.com\/wp-content\/uploads\/2021\/10\/Chaque-jour-Dracula-2-scaled.jpg?resize=150%2C150 150w, https:\/\/i0.wp.com\/www.jojoenherbe.com\/wp-content\/uploads\/2021\/10\/Chaque-jour-Dracula-2-scaled.jpg?zoom=2&amp;resize=150%2C150 300w, https:\/\/i0.wp.com\/www.jojoenherbe.com\/wp-content\/uploads\/2021\/10\/Chaque-jour-Dracula-2-scaled.jpg?zoom=3&amp;resize=150%2C150 450w\" sizes=\"auto, (max-width: 150px) 100vw, 150px\" \/><\/a> <a href=\"https:\/\/i0.wp.com\/www.jojoenherbe.com\/wp-content\/uploads\/2021\/10\/Chaque-jour-Dracula-6-scaled.jpg\"><img data-recalc-dims=\"1\" loading=\"lazy\" decoding=\"async\" data-attachment-id=\"21933\" data-permalink=\"http:\/\/www.jojoenherbe.com\/index.php\/2021\/10\/27\/au-fil-des-pages-avec-chaque-jour-dracula\/chaque-jour-dracula-6\/\" data-orig-file=\"https:\/\/i0.wp.com\/www.jojoenherbe.com\/wp-content\/uploads\/2021\/10\/Chaque-jour-Dracula-6-scaled.jpg?fit=2560%2C1920\" data-orig-size=\"2560,1920\" data-comments-opened=\"1\" data-image-meta=\"{&quot;aperture&quot;:&quot;1.8&quot;,&quot;credit&quot;:&quot;&quot;,&quot;camera&quot;:&quot;iPhone 7&quot;,&quot;caption&quot;:&quot;&quot;,&quot;created_timestamp&quot;:&quot;1635346055&quot;,&quot;copyright&quot;:&quot;&quot;,&quot;focal_length&quot;:&quot;3.99&quot;,&quot;iso&quot;:&quot;80&quot;,&quot;shutter_speed&quot;:&quot;0.14285714285714&quot;,&quot;title&quot;:&quot;&quot;,&quot;orientation&quot;:&quot;1&quot;}\" data-image-title=\"Chaque jour Dracula 6\" data-image-description=\"\" data-image-caption=\"\" data-large-file=\"https:\/\/i0.wp.com\/www.jojoenherbe.com\/wp-content\/uploads\/2021\/10\/Chaque-jour-Dracula-6-scaled.jpg?fit=676%2C507\" class=\"alignleft size-thumbnail wp-image-21933\" src=\"https:\/\/i0.wp.com\/www.jojoenherbe.com\/wp-content\/uploads\/2021\/10\/Chaque-jour-Dracula-6.jpg?resize=150%2C150\" alt=\"\" width=\"150\" height=\"150\" srcset=\"https:\/\/i0.wp.com\/www.jojoenherbe.com\/wp-content\/uploads\/2021\/10\/Chaque-jour-Dracula-6-scaled.jpg?resize=150%2C150 150w, https:\/\/i0.wp.com\/www.jojoenherbe.com\/wp-content\/uploads\/2021\/10\/Chaque-jour-Dracula-6-scaled.jpg?zoom=2&amp;resize=150%2C150 300w, https:\/\/i0.wp.com\/www.jojoenherbe.com\/wp-content\/uploads\/2021\/10\/Chaque-jour-Dracula-6-scaled.jpg?zoom=3&amp;resize=150%2C150 450w\" sizes=\"auto, (max-width: 150px) 100vw, 150px\" \/><\/a>Un bon moment de lecture dont le propos est att\u00e9nu\u00e9 par des r\u00e9f\u00e9rences rigolotes au folklore vampirique (avec en fin d&rsquo;album une galerie revisit\u00e9e d&rsquo;illustres vampires)! Une BD jeunesse \u00e0 conseiller aux jeunes lecteurs (qu&rsquo;ils puissent \u00eatre auteur, victime ou t\u00e9moin) pour lutter contre le harc\u00e8lement scolaire tant celui-ci est malheureusement encore actuel et peut commencer parfois d\u00e8s l&rsquo;\u00e9cole maternelle, sans que cela soit rep\u00e9r\u00e9 par l&rsquo;entourage familial ou scolaire. Au passage, je coche la case 5 \u00ab\u00a0Vampire\u00a0\u00bb du <a href=\"http:\/\/www.jojoenherbe.com\/index.php\/2021\/10\/06\/le-haunted-reading-bingo-du-challenge-halloween-2021\/\">bingo<\/a>.<br \/>\n<\/em><\/p>\n<p><em>Pour un autre avis sur cette BD jeunesse: <a href=\"https:\/\/sylectures.wordpress.com\/2021\/11\/06\/chaque-jour-dracula\/\">Syl<\/a>.<\/em><\/p>\n<div style=\"width: 126px\" class=\"wp-caption aligncenter\"><img loading=\"lazy\" decoding=\"async\" data-attachment-id=\"2740\" data-permalink=\"http:\/\/www.jojoenherbe.com\/index.php\/2011\/08\/30\/tour-du-mont-bego-bis-repetita-placent\/tour-du-mont-bego-24-2\/\" data-orig-file=\"https:\/\/i0.wp.com\/www.jojoenherbe.com\/wp-content\/uploads\/2011\/08\/Tour-du-Mont-Bego-24.jpg?fit=2048%2C1536\" data-orig-size=\"2048,1536\" data-comments-opened=\"1\" data-image-meta=\"{&quot;aperture&quot;:&quot;7.6&quot;,&quot;credit&quot;:&quot;&quot;,&quot;camera&quot;:&quot;COOLPIX S5100&quot;,&quot;caption&quot;:&quot;&quot;,&quot;created_timestamp&quot;:&quot;1314438064&quot;,&quot;copyright&quot;:&quot;&quot;,&quot;focal_length&quot;:&quot;5&quot;,&quot;iso&quot;:&quot;100&quot;,&quot;shutter_speed&quot;:&quot;0.004&quot;,&quot;title&quot;:&quot;&quot;,&quot;orientation&quot;:&quot;1&quot;}\" data-image-title=\"Tour du Mont Bego 24\" data-image-description=\"\" data-image-caption=\"\" data-large-file=\"https:\/\/i0.wp.com\/www.jojoenherbe.com\/wp-content\/uploads\/2011\/08\/Tour-du-Mont-Bego-24.jpg?fit=676%2C507\" src=\"https:\/\/lelivroblog.files.wordpress.com\/2021\/09\/marko-blazevic-s7mangnwv1a-unsplash-04.jpg?resize=116%2C116\" srcset=\"https:\/\/lelivroblog.files.wordpress.com\/2021\/09\/marko-blazevic-s7mangnwv1a-unsplash-04.jpg?resize=109%2C109?strip=info&amp;w=600 600w,https:\/\/lelivroblog.files.wordpress.com\/2021\/09\/marko-blazevic-s7mangnwv1a-unsplash-04.jpg?resize=109%2C109?strip=info&amp;w=900 900w,https:\/\/lelivroblog.files.wordpress.com\/2021\/09\/marko-blazevic-s7mangnwv1a-unsplash-04.jpg?resize=109%2C109?strip=info&amp;w=1200 1200w,https:\/\/lelivroblog.files.wordpress.com\/2021\/09\/marko-blazevic-s7mangnwv1a-unsplash-04.jpg?resize=109%2C109?strip=info&amp;w=1500 1500w,https:\/\/lelivroblog.files.wordpress.com\/2021\/09\/marko-blazevic-s7mangnwv1a-unsplash-04.jpg?resize=109%2C109?strip=info&amp;w=1800 1800w,https:\/\/lelivroblog.files.wordpress.com\/2021\/09\/marko-blazevic-s7mangnwv1a-unsplash-04.jpg?resize=109%2C109?strip=info&amp;w=2000 2000w\" alt=\"\" width=\"116\" height=\"116\" data-attachment-id=\"2740\" data-permalink=\"http:\/\/www.jojoenherbe.com\/index.php\/2011\/08\/30\/tour-du-mont-bego-bis-repetita-placent\/tour-du-mont-bego-24-2\/\" data-orig-file=\"https:\/\/i0.wp.com\/www.jojoenherbe.com\/wp-content\/uploads\/2011\/08\/Tour-du-Mont-Bego-24.jpg?fit=2048%2C1536\" data-orig-size=\"2048,1536\" data-comments-opened=\"1\" data-image-meta=\"{&quot;aperture&quot;:&quot;7.6&quot;,&quot;credit&quot;:&quot;&quot;,&quot;camera&quot;:&quot;COOLPIX S5100&quot;,&quot;caption&quot;:&quot;&quot;,&quot;created_timestamp&quot;:&quot;1314438064&quot;,&quot;copyright&quot;:&quot;&quot;,&quot;focal_length&quot;:&quot;5&quot;,&quot;iso&quot;:&quot;100&quot;,&quot;shutter_speed&quot;:&quot;0.004&quot;,&quot;title&quot;:&quot;&quot;,&quot;orientation&quot;:&quot;1&quot;}\" data-image-title=\"Tour du Mont Bego 24\" data-image-description=\"\" data-image-caption=\"\" data-medium-file=\"https:\/\/i0.wp.com\/www.jojoenherbe.com\/wp-content\/uploads\/2011\/08\/Tour-du-Mont-Bego-24.jpg?fit=300%2C225\" data-large-file=\"https:\/\/i0.wp.com\/www.jojoenherbe.com\/wp-content\/uploads\/2011\/08\/Tour-du-Mont-Bego-24.jpg?fit=676%2C507\" data-height=\"2995\" data-id=\"2740\" data-link=\"https:\/\/lelivroblog.wordpress.com\/?attachment_id=2740\" data-url=\"https:\/\/lelivroblog.files.wordpress.com\/2021\/09\/marko-blazevic-s7mangnwv1a-unsplash-04.jpg?resize=109%2C109?w=736\" data-width=\"2996\" data-amp-layout=\"responsive\" data-recalc-dims=\"1\" \/><p class=\"wp-caption-text\">Participation #17 au Challenge Halloween 2021 de <a href=\"https:\/\/lelivroblog.wordpress.com\/2021\/09\/07\/le-challenge-halloween-2021\/\">Hilde<\/a> et <a href=\"http:\/\/www.myloubook.com\/2021\/09\/07\/le-challenge-halloween-2021\/\">Lou<\/a> #Vampire et Case 5 du bingo<\/p><\/div>\n","protected":false},"excerpt":{"rendered":"<p>Je lis Chaque jour Dracula de Lo\u00efc Cl\u00e9ment et Cl\u00e9ment Lef\u00e8vre (\u00e9d. Delcourt Jeunesse, 2018), une BD jeunesse \u00e0 partir de 9 ans avec un jeune Dracula victime de harc\u00e8lement scolaire avant de devenir le c\u00e9l\u00e8bre vampire sanguinaire. Chaque jour, \u00e0 l&rsquo;\u00e9cole, Dracula subit les brimades et moqueries de certains camarades de classe qui le [&hellip;]<\/p>\n","protected":false},"author":1,"featured_media":21911,"comment_status":"open","ping_status":"open","sticky":false,"template":"","format":"standard","meta":{"jetpack_post_was_ever_published":false,"_jetpack_newsletter_access":"","_jetpack_dont_email_post_to_subs":false,"_jetpack_newsletter_tier_id":0,"_jetpack_memberships_contains_paywalled_content":false,"_jetpack_memberships_contains_paid_content":false,"footnotes":""},"categories":[363],"tags":[852,596,1226,2026,2830,970,2829,740,868,1910,2814,2630,1409,911],"class_list":["post-21928","post","type-post","status-publish","format-standard","has-post-thumbnail","hentry","category-mini-lecteur","tag-9-12-ans","tag-bandes-dessinees","tag-bd-jeunesse","tag-challenge-halloween-2021","tag-clement-lefevre","tag-confiance-en-soi","tag-dracula","tag-ecole","tag-enfance","tag-harcelement","tag-harcelement-scolaire","tag-loic-clement","tag-relation-parent-enfant","tag-vampire","post-preview"],"jetpack_featured_media_url":"https:\/\/i0.wp.com\/www.jojoenherbe.com\/wp-content\/uploads\/2021\/10\/Chaque-jour-Dracula-scaled.jpg?fit=2560%2C2254","jetpack_sharing_enabled":true,"jetpack_shortlink":"https:\/\/wp.me\/p9zhGx-5HG","jetpack_likes_enabled":true,"jetpack-related-posts":[{"id":12976,"url":"http:\/\/www.jojoenherbe.com\/index.php\/2023\/10\/20\/notre-selection-vampires-pour-le-challenge-halloween\/","url_meta":{"origin":21928,"position":0},"title":"Notre s\u00e9lection \u00ab\u00a0Vampires\u00a0\u00bb pour le Challenge Halloween","author":"Jojo","date":"20 octobre 2023","format":false,"excerpt":"Apr\u00e8s les sorci\u00e8res, les ogres et les fant\u00f4mes en 2020, voici notre s\u00e9lection \"Vampires\" avec des livres aussi d\u00e9j\u00e0 lus et\/ou chroniqu\u00e9s les ann\u00e9es pr\u00e9c\u00e9dentes. Lorsqu'il s'agit d'une s\u00e9rie, je n'ai mentionn\u00e9 que le premier tome ou celui o\u00f9 il y a le plus de vampires. Et pour changer de\u2026","rel":"","context":"Dans &quot;Mini challenger&quot;","block_context":{"text":"Mini challenger","link":"http:\/\/www.jojoenherbe.com\/index.php\/category\/mini-challenger\/"},"img":{"alt_text":"","src":"https:\/\/i0.wp.com\/www.jojoenherbe.com\/wp-content\/uploads\/2023\/10\/Selection-Vampires-2023-scaled.jpg?fit=1200%2C857&resize=350%2C200","width":350,"height":200,"srcset":"https:\/\/i0.wp.com\/www.jojoenherbe.com\/wp-content\/uploads\/2023\/10\/Selection-Vampires-2023-scaled.jpg?fit=1200%2C857&resize=350%2C200 1x, https:\/\/i0.wp.com\/www.jojoenherbe.com\/wp-content\/uploads\/2023\/10\/Selection-Vampires-2023-scaled.jpg?fit=1200%2C857&resize=525%2C300 1.5x, https:\/\/i0.wp.com\/www.jojoenherbe.com\/wp-content\/uploads\/2023\/10\/Selection-Vampires-2023-scaled.jpg?fit=1200%2C857&resize=700%2C400 2x, https:\/\/i0.wp.com\/www.jojoenherbe.com\/wp-content\/uploads\/2023\/10\/Selection-Vampires-2023-scaled.jpg?fit=1200%2C857&resize=1050%2C600 3x"},"classes":[]},{"id":21742,"url":"http:\/\/www.jojoenherbe.com\/index.php\/2021\/10\/27\/point-lecture-hebdomadaire-12\/","url_meta":{"origin":21928,"position":1},"title":"Point lecture hebdomadaire #12","author":"Jojo","date":"27 octobre 2021","format":false,"excerpt":"En ce (presque) d\u00e9but de semaine, voici notre point lecture hebdomadaire avec un retour sur nos lectures de la semaine derni\u00e8re (avec beaucoup de BD jeunesse) et celles en cours et sans doute \u00e0 venir, avec deux passages \u00e0 la m\u00e9diath\u00e8que et un autre \u00e0 la librairie pour le dernier\u2026","rel":"","context":"Dans &quot;Mini blogueur&quot;","block_context":{"text":"Mini blogueur","link":"http:\/\/www.jojoenherbe.com\/index.php\/category\/mini-blogueur\/"},"img":{"alt_text":"","src":"https:\/\/i0.wp.com\/www.jojoenherbe.com\/wp-content\/uploads\/2021\/10\/Point-lecture-hebdomadaire-12-scaled.jpg?fit=1200%2C904&resize=350%2C200","width":350,"height":200,"srcset":"https:\/\/i0.wp.com\/www.jojoenherbe.com\/wp-content\/uploads\/2021\/10\/Point-lecture-hebdomadaire-12-scaled.jpg?fit=1200%2C904&resize=350%2C200 1x, https:\/\/i0.wp.com\/www.jojoenherbe.com\/wp-content\/uploads\/2021\/10\/Point-lecture-hebdomadaire-12-scaled.jpg?fit=1200%2C904&resize=525%2C300 1.5x, https:\/\/i0.wp.com\/www.jojoenherbe.com\/wp-content\/uploads\/2021\/10\/Point-lecture-hebdomadaire-12-scaled.jpg?fit=1200%2C904&resize=700%2C400 2x, https:\/\/i0.wp.com\/www.jojoenherbe.com\/wp-content\/uploads\/2021\/10\/Point-lecture-hebdomadaire-12-scaled.jpg?fit=1200%2C904&resize=1050%2C600 3x"},"classes":[]},{"id":32477,"url":"http:\/\/www.jojoenherbe.com\/index.php\/2023\/10\/08\/notre-wishlist-dans-les-sorties-litteraires-doctobre-2023\/","url_meta":{"origin":21928,"position":2},"title":"Notre wishlist dans les sorties litt\u00e9raires d&rsquo;octobre 2023","author":"Jojo","date":"8 octobre 2023","format":false,"excerpt":"Ce mois-ci, je suis tent\u00e9e par beaucoup de nouvelles parutions, que ce soit en jeunesse ou en adulte, l'imaginaire \u00e9tant mis en avant dans la plupart des livres s\u00e9lectionn\u00e9s. Il y a d\u00e9j\u00e0 des sorties de livres de No\u00ebl. Pour l'occasion, j'ai eu envie d'\u00e9crire un billet d\u00e9di\u00e9 \u00e0 notre\u2026","rel":"","context":"Dans &quot;Mini blogueur&quot;","block_context":{"text":"Mini blogueur","link":"http:\/\/www.jojoenherbe.com\/index.php\/category\/mini-blogueur\/"},"img":{"alt_text":"","src":"https:\/\/i0.wp.com\/www.jojoenherbe.com\/wp-content\/uploads\/2023\/10\/Les-Audacieuses-T9.jpg?resize=350%2C200","width":350,"height":200,"srcset":"https:\/\/i0.wp.com\/www.jojoenherbe.com\/wp-content\/uploads\/2023\/10\/Les-Audacieuses-T9.jpg?resize=350%2C200 1x, https:\/\/i0.wp.com\/www.jojoenherbe.com\/wp-content\/uploads\/2023\/10\/Les-Audacieuses-T9.jpg?resize=525%2C300 1.5x, https:\/\/i0.wp.com\/www.jojoenherbe.com\/wp-content\/uploads\/2023\/10\/Les-Audacieuses-T9.jpg?resize=700%2C400 2x"},"classes":[]},{"id":41069,"url":"http:\/\/www.jojoenherbe.com\/index.php\/2025\/10\/30\/au-fil-des-pages-avec-edgar-et-la-malediction-du-corbeau\/","url_meta":{"origin":21928,"position":3},"title":"Au fil des pages avec Edgar et la mal\u00e9diction du corbeau","author":"Jojo","date":"30 octobre 2025","format":false,"excerpt":"Nous avons lu, avec mon mini sorcier, Edgar et la mal\u00e9diction du corbeau de S\u00e9verine Gauthier et Cl\u00e9ment Lef\u00e8vre (\u00e9d. Little Urban, septembre 2025, 48 pages), un album jeunesse \u00e0 partir de 4 ans. Edgar, un jeune gar\u00e7on vit dans un manoir hant\u00e9, s'\u00e9tant li\u00e9 d'amiti\u00e9 avec les fant\u00f4mes et\u2026","rel":"","context":"Dans &quot;Mini lecteur&quot;","block_context":{"text":"Mini lecteur","link":"http:\/\/www.jojoenherbe.com\/index.php\/category\/mini-lecteur\/"},"img":{"alt_text":"","src":"https:\/\/i0.wp.com\/www.jojoenherbe.com\/wp-content\/uploads\/2025\/10\/Edgar-et-la-malediction-du-corbeau-scaled.jpg?fit=1200%2C870&resize=350%2C200","width":350,"height":200,"srcset":"https:\/\/i0.wp.com\/www.jojoenherbe.com\/wp-content\/uploads\/2025\/10\/Edgar-et-la-malediction-du-corbeau-scaled.jpg?fit=1200%2C870&resize=350%2C200 1x, https:\/\/i0.wp.com\/www.jojoenherbe.com\/wp-content\/uploads\/2025\/10\/Edgar-et-la-malediction-du-corbeau-scaled.jpg?fit=1200%2C870&resize=525%2C300 1.5x, https:\/\/i0.wp.com\/www.jojoenherbe.com\/wp-content\/uploads\/2025\/10\/Edgar-et-la-malediction-du-corbeau-scaled.jpg?fit=1200%2C870&resize=700%2C400 2x, https:\/\/i0.wp.com\/www.jojoenherbe.com\/wp-content\/uploads\/2025\/10\/Edgar-et-la-malediction-du-corbeau-scaled.jpg?fit=1200%2C870&resize=1050%2C600 3x"},"classes":[]},{"id":33115,"url":"http:\/\/www.jojoenherbe.com\/index.php\/2023\/11\/22\/au-fil-des-pages-avec-mauve\/","url_meta":{"origin":21928,"position":4},"title":"Au fil des pages avec Mauve","author":"Jojo","date":"22 novembre 2023","format":false,"excerpt":"Pour cette nouvelle lecture commune avec Hilde dans le cadre du challenge Halloween 2023, j'ai lu Mauve de Marie Desplechin et Magali Le Huche (\u00e9d. Rue de S\u00e8vres, avril 2022, 105 pages), une BD jeunesse \u00e0 partir de 9\/10 ans et qui est une adaptation du roman \u00e9ponyme que j'avais\u2026","rel":"","context":"Dans &quot;Mini lecteur&quot;","block_context":{"text":"Mini lecteur","link":"http:\/\/www.jojoenherbe.com\/index.php\/category\/mini-lecteur\/"},"img":{"alt_text":"","src":"https:\/\/i0.wp.com\/www.jojoenherbe.com\/wp-content\/uploads\/2023\/11\/Mauve-scaled.jpg?fit=1200%2C1013&resize=350%2C200","width":350,"height":200,"srcset":"https:\/\/i0.wp.com\/www.jojoenherbe.com\/wp-content\/uploads\/2023\/11\/Mauve-scaled.jpg?fit=1200%2C1013&resize=350%2C200 1x, https:\/\/i0.wp.com\/www.jojoenherbe.com\/wp-content\/uploads\/2023\/11\/Mauve-scaled.jpg?fit=1200%2C1013&resize=525%2C300 1.5x, https:\/\/i0.wp.com\/www.jojoenherbe.com\/wp-content\/uploads\/2023\/11\/Mauve-scaled.jpg?fit=1200%2C1013&resize=700%2C400 2x, https:\/\/i0.wp.com\/www.jojoenherbe.com\/wp-content\/uploads\/2023\/11\/Mauve-scaled.jpg?fit=1200%2C1013&resize=1050%2C600 3x"},"classes":[]},{"id":30277,"url":"http:\/\/www.jojoenherbe.com\/index.php\/2023\/03\/05\/au-fil-des-pages-avec-monsieur-walter\/","url_meta":{"origin":21928,"position":5},"title":"Au fil des pages avec Monsieur Walter","author":"Jojo","date":"5 mars 2023","format":false,"excerpt":"Nous avions lu et relu en novembre 2021 Monsieur Walter de Cl\u00e9ment Lef\u00e8vre (\u00e9d. Chocolat! Jeunesse, 2015), un album jeunesse grand format \u00e0 partir de 4 ans. Apr\u00e8s une inondation, Monsieur Walter, un renard se retrouve bien seul sur le toit de sa maison submerg\u00e9e. Les jours passent jusqu\u2019\u00e0 ce\u2026","rel":"","context":"Dans &quot;Mini lecteur&quot;","block_context":{"text":"Mini lecteur","link":"http:\/\/www.jojoenherbe.com\/index.php\/category\/mini-lecteur\/"},"img":{"alt_text":"","src":"https:\/\/i0.wp.com\/www.jojoenherbe.com\/wp-content\/uploads\/2021\/11\/Monsieur-Walter-scaled.jpg?fit=1200%2C991&resize=350%2C200","width":350,"height":200,"srcset":"https:\/\/i0.wp.com\/www.jojoenherbe.com\/wp-content\/uploads\/2021\/11\/Monsieur-Walter-scaled.jpg?fit=1200%2C991&resize=350%2C200 1x, https:\/\/i0.wp.com\/www.jojoenherbe.com\/wp-content\/uploads\/2021\/11\/Monsieur-Walter-scaled.jpg?fit=1200%2C991&resize=525%2C300 1.5x, https:\/\/i0.wp.com\/www.jojoenherbe.com\/wp-content\/uploads\/2021\/11\/Monsieur-Walter-scaled.jpg?fit=1200%2C991&resize=700%2C400 2x, https:\/\/i0.wp.com\/www.jojoenherbe.com\/wp-content\/uploads\/2021\/11\/Monsieur-Walter-scaled.jpg?fit=1200%2C991&resize=1050%2C600 3x"},"classes":[]}],"_links":{"self":[{"href":"http:\/\/www.jojoenherbe.com\/index.php\/wp-json\/wp\/v2\/posts\/21928","targetHints":{"allow":["GET"]}}],"collection":[{"href":"http:\/\/www.jojoenherbe.com\/index.php\/wp-json\/wp\/v2\/posts"}],"about":[{"href":"http:\/\/www.jojoenherbe.com\/index.php\/wp-json\/wp\/v2\/types\/post"}],"author":[{"embeddable":true,"href":"http:\/\/www.jojoenherbe.com\/index.php\/wp-json\/wp\/v2\/users\/1"}],"replies":[{"embeddable":true,"href":"http:\/\/www.jojoenherbe.com\/index.php\/wp-json\/wp\/v2\/comments?post=21928"}],"version-history":[{"count":0,"href":"http:\/\/www.jojoenherbe.com\/index.php\/wp-json\/wp\/v2\/posts\/21928\/revisions"}],"wp:featuredmedia":[{"embeddable":true,"href":"http:\/\/www.jojoenherbe.com\/index.php\/wp-json\/wp\/v2\/media\/21911"}],"wp:attachment":[{"href":"http:\/\/www.jojoenherbe.com\/index.php\/wp-json\/wp\/v2\/media?parent=21928"}],"wp:term":[{"taxonomy":"category","embeddable":true,"href":"http:\/\/www.jojoenherbe.com\/index.php\/wp-json\/wp\/v2\/categories?post=21928"},{"taxonomy":"post_tag","embeddable":true,"href":"http:\/\/www.jojoenherbe.com\/index.php\/wp-json\/wp\/v2\/tags?post=21928"}],"curies":[{"name":"wp","href":"https:\/\/api.w.org\/{rel}","templated":true}]}}