{"id":2189,"date":"2018-04-09T12:20:51","date_gmt":"2018-04-09T10:20:51","guid":{"rendered":"http:\/\/www.jojoenherbe.com\/?p=2189"},"modified":"2022-04-23T13:24:06","modified_gmt":"2022-04-23T11:24:06","slug":"visite-de-lhermione-en-escale-a-toulon","status":"publish","type":"post","link":"http:\/\/www.jojoenherbe.com\/index.php\/2018\/04\/09\/visite-de-lhermione-en-escale-a-toulon\/","title":{"rendered":"Visite de l&rsquo;Hermione en escale \u00e0 Toulon"},"content":{"rendered":"<p style=\"text-align: justify;\"><em><a href=\"https:\/\/i0.wp.com\/www.jojoenherbe.com\/wp-content\/uploads\/2018\/04\/lHermione-Toulon-2.jpg\"><img data-recalc-dims=\"1\" loading=\"lazy\" decoding=\"async\" data-attachment-id=\"2190\" data-permalink=\"http:\/\/www.jojoenherbe.com\/index.php\/2018\/04\/09\/visite-de-lhermione-en-escale-a-toulon\/lhermione-toulon-2\/\" data-orig-file=\"https:\/\/i0.wp.com\/www.jojoenherbe.com\/wp-content\/uploads\/2018\/04\/lHermione-Toulon-2.jpg?fit=2448%2C3264\" data-orig-size=\"2448,3264\" data-comments-opened=\"1\" data-image-meta=\"{&quot;aperture&quot;:&quot;2.4&quot;,&quot;credit&quot;:&quot;&quot;,&quot;camera&quot;:&quot;iPhone 4S&quot;,&quot;caption&quot;:&quot;&quot;,&quot;created_timestamp&quot;:&quot;1523032096&quot;,&quot;copyright&quot;:&quot;&quot;,&quot;focal_length&quot;:&quot;4.28&quot;,&quot;iso&quot;:&quot;50&quot;,&quot;shutter_speed&quot;:&quot;0.000542888165038&quot;,&quot;title&quot;:&quot;&quot;,&quot;orientation&quot;:&quot;1&quot;}\" data-image-title=\"l&amp;rsquo;Hermione &amp;#8211; Toulon 2\" data-image-description=\"\" data-image-caption=\"\" data-large-file=\"https:\/\/i0.wp.com\/www.jojoenherbe.com\/wp-content\/uploads\/2018\/04\/lHermione-Toulon-2.jpg?fit=676%2C901\" class=\"alignleft size-thumbnail wp-image-2190\" src=\"https:\/\/i0.wp.com\/www.jojoenherbe.com\/wp-content\/uploads\/2018\/04\/lHermione-Toulon-2.jpg?resize=150%2C150\" alt=\"\" width=\"150\" height=\"150\" srcset=\"https:\/\/i0.wp.com\/www.jojoenherbe.com\/wp-content\/uploads\/2018\/04\/lHermione-Toulon-2.jpg?resize=150%2C150 150w, https:\/\/i0.wp.com\/www.jojoenherbe.com\/wp-content\/uploads\/2018\/04\/lHermione-Toulon-2.jpg?zoom=2&amp;resize=150%2C150 300w, https:\/\/i0.wp.com\/www.jojoenherbe.com\/wp-content\/uploads\/2018\/04\/lHermione-Toulon-2.jpg?zoom=3&amp;resize=150%2C150 450w\" sizes=\"auto, (max-width: 150px) 100vw, 150px\" \/><\/a> <a href=\"https:\/\/i0.wp.com\/www.jojoenherbe.com\/wp-content\/uploads\/2018\/04\/lHermione-Toulon-3.jpg\"><img data-recalc-dims=\"1\" loading=\"lazy\" decoding=\"async\" data-attachment-id=\"2191\" data-permalink=\"http:\/\/www.jojoenherbe.com\/index.php\/2018\/04\/09\/visite-de-lhermione-en-escale-a-toulon\/lhermione-toulon-3\/\" data-orig-file=\"https:\/\/i0.wp.com\/www.jojoenherbe.com\/wp-content\/uploads\/2018\/04\/lHermione-Toulon-3.jpg?fit=3000%2C4000\" data-orig-size=\"3000,4000\" data-comments-opened=\"1\" data-image-meta=\"{&quot;aperture&quot;:&quot;7.6&quot;,&quot;credit&quot;:&quot;&quot;,&quot;camera&quot;:&quot;COOLPIX S5100&quot;,&quot;caption&quot;:&quot;&quot;,&quot;created_timestamp&quot;:&quot;1523036004&quot;,&quot;copyright&quot;:&quot;&quot;,&quot;focal_length&quot;:&quot;5&quot;,&quot;iso&quot;:&quot;100&quot;,&quot;shutter_speed&quot;:&quot;0.00625&quot;,&quot;title&quot;:&quot;&quot;,&quot;orientation&quot;:&quot;1&quot;}\" data-image-title=\"l&amp;rsquo;Hermione &amp;#8211; Toulon 3\" data-image-description=\"\" data-image-caption=\"\" data-large-file=\"https:\/\/i0.wp.com\/www.jojoenherbe.com\/wp-content\/uploads\/2018\/04\/lHermione-Toulon-3.jpg?fit=676%2C901\" class=\"alignleft size-thumbnail wp-image-2191\" src=\"https:\/\/i0.wp.com\/www.jojoenherbe.com\/wp-content\/uploads\/2018\/04\/lHermione-Toulon-3.jpg?resize=150%2C150\" alt=\"\" width=\"150\" height=\"150\" srcset=\"https:\/\/i0.wp.com\/www.jojoenherbe.com\/wp-content\/uploads\/2018\/04\/lHermione-Toulon-3.jpg?resize=150%2C150 150w, https:\/\/i0.wp.com\/www.jojoenherbe.com\/wp-content\/uploads\/2018\/04\/lHermione-Toulon-3.jpg?zoom=2&amp;resize=150%2C150 300w, https:\/\/i0.wp.com\/www.jojoenherbe.com\/wp-content\/uploads\/2018\/04\/lHermione-Toulon-3.jpg?zoom=3&amp;resize=150%2C150 450w\" sizes=\"auto, (max-width: 150px) 100vw, 150px\" \/><\/a>Ce 6 avril 2018, nous partons \u00e0 Toulon pour monter \u00e0 bord de l&rsquo;Hermione, ou plus exactement d&rsquo;une r\u00e9plique de la c\u00e9l\u00e8bre fr\u00e9gate reconstruite de 1997 \u00e0 2014 par l&rsquo;Association Hermione-La Fayette, association de b\u00e9n\u00e9voles passionn\u00e9s. Ce n&rsquo;est pas n&rsquo;importe quelle escale pour cette fr\u00e9gate puisqu&rsquo;en 1870, La Fayette partit du port de Toulon pour rejoindre les insurg\u00e9s am\u00e9ricains en guerre contre les Britanniques et participer ainsi \u00e0 la Guerre d&rsquo;Ind\u00e9pendance des \u00c9tats-Unis.\u00a0<\/em><\/p>\n<p style=\"text-align: justify;\"><em><a href=\"https:\/\/i0.wp.com\/www.jojoenherbe.com\/wp-content\/uploads\/2018\/04\/lHermione-Toulon-8.jpg\"><img data-recalc-dims=\"1\" loading=\"lazy\" decoding=\"async\" data-attachment-id=\"2196\" data-permalink=\"http:\/\/www.jojoenherbe.com\/index.php\/2018\/04\/09\/visite-de-lhermione-en-escale-a-toulon\/lhermione-toulon-8\/\" data-orig-file=\"https:\/\/i0.wp.com\/www.jojoenherbe.com\/wp-content\/uploads\/2018\/04\/lHermione-Toulon-8.jpg?fit=2279%2C2484\" data-orig-size=\"2279,2484\" data-comments-opened=\"1\" data-image-meta=\"{&quot;aperture&quot;:&quot;2.4&quot;,&quot;credit&quot;:&quot;&quot;,&quot;camera&quot;:&quot;iPhone 4S&quot;,&quot;caption&quot;:&quot;&quot;,&quot;created_timestamp&quot;:&quot;1523034482&quot;,&quot;copyright&quot;:&quot;&quot;,&quot;focal_length&quot;:&quot;4.28&quot;,&quot;iso&quot;:&quot;50&quot;,&quot;shutter_speed&quot;:&quot;0.0013037809647979&quot;,&quot;title&quot;:&quot;&quot;,&quot;orientation&quot;:&quot;1&quot;}\" data-image-title=\"l&amp;rsquo;Hermione &amp;#8211; Toulon 8\" data-image-description=\"\" data-image-caption=\"\" data-large-file=\"https:\/\/i0.wp.com\/www.jojoenherbe.com\/wp-content\/uploads\/2018\/04\/lHermione-Toulon-8.jpg?fit=676%2C737\" class=\"size-thumbnail wp-image-2196 alignright\" src=\"https:\/\/i0.wp.com\/www.jojoenherbe.com\/wp-content\/uploads\/2018\/04\/lHermione-Toulon-8.jpg?resize=150%2C150\" alt=\"\" width=\"150\" height=\"150\" srcset=\"https:\/\/i0.wp.com\/www.jojoenherbe.com\/wp-content\/uploads\/2018\/04\/lHermione-Toulon-8.jpg?resize=150%2C150 150w, https:\/\/i0.wp.com\/www.jojoenherbe.com\/wp-content\/uploads\/2018\/04\/lHermione-Toulon-8.jpg?zoom=2&amp;resize=150%2C150 300w, https:\/\/i0.wp.com\/www.jojoenherbe.com\/wp-content\/uploads\/2018\/04\/lHermione-Toulon-8.jpg?zoom=3&amp;resize=150%2C150 450w\" sizes=\"auto, (max-width: 150px) 100vw, 150px\" \/><\/a> <a href=\"https:\/\/i0.wp.com\/www.jojoenherbe.com\/wp-content\/uploads\/2018\/04\/lHermione-Toulon-4.jpg\"><img data-recalc-dims=\"1\" loading=\"lazy\" decoding=\"async\" data-attachment-id=\"2192\" data-permalink=\"http:\/\/www.jojoenherbe.com\/index.php\/2018\/04\/09\/visite-de-lhermione-en-escale-a-toulon\/lhermione-toulon-4\/\" data-orig-file=\"https:\/\/i0.wp.com\/www.jojoenherbe.com\/wp-content\/uploads\/2018\/04\/lHermione-Toulon-4.jpg?fit=3000%2C4000\" data-orig-size=\"3000,4000\" data-comments-opened=\"1\" data-image-meta=\"{&quot;aperture&quot;:&quot;2.7&quot;,&quot;credit&quot;:&quot;&quot;,&quot;camera&quot;:&quot;COOLPIX S5100&quot;,&quot;caption&quot;:&quot;&quot;,&quot;created_timestamp&quot;:&quot;1523036247&quot;,&quot;copyright&quot;:&quot;&quot;,&quot;focal_length&quot;:&quot;5&quot;,&quot;iso&quot;:&quot;100&quot;,&quot;shutter_speed&quot;:&quot;0.0025&quot;,&quot;title&quot;:&quot;&quot;,&quot;orientation&quot;:&quot;1&quot;}\" data-image-title=\"l&amp;rsquo;Hermione &amp;#8211; Toulon 4\" data-image-description=\"\" data-image-caption=\"\" data-large-file=\"https:\/\/i0.wp.com\/www.jojoenherbe.com\/wp-content\/uploads\/2018\/04\/lHermione-Toulon-4.jpg?fit=676%2C901\" class=\"size-thumbnail wp-image-2192 alignright\" src=\"https:\/\/i0.wp.com\/www.jojoenherbe.com\/wp-content\/uploads\/2018\/04\/lHermione-Toulon-4.jpg?resize=150%2C150\" alt=\"\" width=\"150\" height=\"150\" srcset=\"https:\/\/i0.wp.com\/www.jojoenherbe.com\/wp-content\/uploads\/2018\/04\/lHermione-Toulon-4.jpg?resize=150%2C150 150w, https:\/\/i0.wp.com\/www.jojoenherbe.com\/wp-content\/uploads\/2018\/04\/lHermione-Toulon-4.jpg?zoom=2&amp;resize=150%2C150 300w, https:\/\/i0.wp.com\/www.jojoenherbe.com\/wp-content\/uploads\/2018\/04\/lHermione-Toulon-4.jpg?zoom=3&amp;resize=150%2C150 450w\" sizes=\"auto, (max-width: 150px) 100vw, 150px\" \/><\/a> <a href=\"https:\/\/i0.wp.com\/www.jojoenherbe.com\/wp-content\/uploads\/2018\/04\/lHermione-Toulon-5.jpg\"><img data-recalc-dims=\"1\" loading=\"lazy\" decoding=\"async\" data-attachment-id=\"2193\" data-permalink=\"http:\/\/www.jojoenherbe.com\/index.php\/2018\/04\/09\/visite-de-lhermione-en-escale-a-toulon\/lhermione-toulon-5\/\" data-orig-file=\"https:\/\/i0.wp.com\/www.jojoenherbe.com\/wp-content\/uploads\/2018\/04\/lHermione-Toulon-5.jpg?fit=3000%2C4000\" data-orig-size=\"3000,4000\" data-comments-opened=\"1\" data-image-meta=\"{&quot;aperture&quot;:&quot;2.7&quot;,&quot;credit&quot;:&quot;&quot;,&quot;camera&quot;:&quot;COOLPIX S5100&quot;,&quot;caption&quot;:&quot;&quot;,&quot;created_timestamp&quot;:&quot;1523036419&quot;,&quot;copyright&quot;:&quot;&quot;,&quot;focal_length&quot;:&quot;5&quot;,&quot;iso&quot;:&quot;100&quot;,&quot;shutter_speed&quot;:&quot;0.005&quot;,&quot;title&quot;:&quot;&quot;,&quot;orientation&quot;:&quot;1&quot;}\" data-image-title=\"l&amp;rsquo;Hermione &amp;#8211; Toulon 5\" data-image-description=\"\" data-image-caption=\"\" data-large-file=\"https:\/\/i0.wp.com\/www.jojoenherbe.com\/wp-content\/uploads\/2018\/04\/lHermione-Toulon-5.jpg?fit=676%2C901\" class=\"size-thumbnail wp-image-2193 alignright\" src=\"https:\/\/i0.wp.com\/www.jojoenherbe.com\/wp-content\/uploads\/2018\/04\/lHermione-Toulon-5.jpg?resize=150%2C150\" alt=\"\" width=\"150\" height=\"150\" srcset=\"https:\/\/i0.wp.com\/www.jojoenherbe.com\/wp-content\/uploads\/2018\/04\/lHermione-Toulon-5.jpg?resize=150%2C150 150w, https:\/\/i0.wp.com\/www.jojoenherbe.com\/wp-content\/uploads\/2018\/04\/lHermione-Toulon-5.jpg?zoom=2&amp;resize=150%2C150 300w, https:\/\/i0.wp.com\/www.jojoenherbe.com\/wp-content\/uploads\/2018\/04\/lHermione-Toulon-5.jpg?zoom=3&amp;resize=150%2C150 450w\" sizes=\"auto, (max-width: 150px) 100vw, 150px\" \/><\/a>Nous sommes nombreux \u00e0 faire la queue pour pouvoir monter sur la fr\u00e9gate dont la coque est enti\u00e8rement faite de ch\u00eanes et les voiles en lin. C\u00f4t\u00e9 poupe, nous nous approchons du gouvernail dot\u00e9 de deux grandes barres pour l&rsquo;utiliser. Nous ne pourrons pas aller \u00e0 l&rsquo;avant de la fr\u00e9gate et des cages \u00e0 poule car cette partie comme l&rsquo;int\u00e9rieur (couchages, cuisine, r\u00e9fectoire&#8230;) sont r\u00e9serv\u00e9s aux 80 membres de l&rsquo;\u00e9quipage (\u00e0 l&rsquo;\u00e9poque plus de deux cents hommes). Nous passons \u00e0 c\u00f4t\u00e9 des canons au calibre des boulets de 12 livres et des nombreux cordages en manille et en chambre, enduits de r\u00e9sine de pin. Au centre de la fr\u00e9gate, des b\u00e9n\u00e9voles s&rsquo;attellent \u00e0 la t\u00e2che, derri\u00e8re une chaloupe de sauvetage.\u00a0<\/em><\/p>\n<p style=\"text-align: justify;\"><em><a href=\"https:\/\/i0.wp.com\/www.jojoenherbe.com\/wp-content\/uploads\/2018\/04\/lHermione-Toulon-7.jpg\"><img data-recalc-dims=\"1\" loading=\"lazy\" decoding=\"async\" data-attachment-id=\"2195\" data-permalink=\"http:\/\/www.jojoenherbe.com\/index.php\/2018\/04\/09\/visite-de-lhermione-en-escale-a-toulon\/lhermione-toulon-7\/\" data-orig-file=\"https:\/\/i0.wp.com\/www.jojoenherbe.com\/wp-content\/uploads\/2018\/04\/lHermione-Toulon-7.jpg?fit=2820%2C3644\" data-orig-size=\"2820,3644\" data-comments-opened=\"1\" data-image-meta=\"{&quot;aperture&quot;:&quot;7.6&quot;,&quot;credit&quot;:&quot;&quot;,&quot;camera&quot;:&quot;COOLPIX S5100&quot;,&quot;caption&quot;:&quot;&quot;,&quot;created_timestamp&quot;:&quot;1523036657&quot;,&quot;copyright&quot;:&quot;&quot;,&quot;focal_length&quot;:&quot;5&quot;,&quot;iso&quot;:&quot;100&quot;,&quot;shutter_speed&quot;:&quot;0.0025&quot;,&quot;title&quot;:&quot;&quot;,&quot;orientation&quot;:&quot;1&quot;}\" data-image-title=\"l&amp;rsquo;Hermione &amp;#8211; Toulon 7\" data-image-description=\"\" data-image-caption=\"\" data-large-file=\"https:\/\/i0.wp.com\/www.jojoenherbe.com\/wp-content\/uploads\/2018\/04\/lHermione-Toulon-7.jpg?fit=676%2C874\" class=\"alignleft size-thumbnail wp-image-2195\" src=\"https:\/\/i0.wp.com\/www.jojoenherbe.com\/wp-content\/uploads\/2018\/04\/lHermione-Toulon-7.jpg?resize=150%2C150\" alt=\"\" width=\"150\" height=\"150\" srcset=\"https:\/\/i0.wp.com\/www.jojoenherbe.com\/wp-content\/uploads\/2018\/04\/lHermione-Toulon-7.jpg?resize=150%2C150 150w, https:\/\/i0.wp.com\/www.jojoenherbe.com\/wp-content\/uploads\/2018\/04\/lHermione-Toulon-7.jpg?zoom=2&amp;resize=150%2C150 300w, https:\/\/i0.wp.com\/www.jojoenherbe.com\/wp-content\/uploads\/2018\/04\/lHermione-Toulon-7.jpg?zoom=3&amp;resize=150%2C150 450w\" sizes=\"auto, (max-width: 150px) 100vw, 150px\" \/><\/a> <a href=\"https:\/\/i0.wp.com\/www.jojoenherbe.com\/wp-content\/uploads\/2018\/04\/lHermione-Toulon-6.jpg\"><img data-recalc-dims=\"1\" loading=\"lazy\" decoding=\"async\" data-attachment-id=\"2194\" data-permalink=\"http:\/\/www.jojoenherbe.com\/index.php\/2018\/04\/09\/visite-de-lhermione-en-escale-a-toulon\/lhermione-toulon-6\/\" data-orig-file=\"https:\/\/i0.wp.com\/www.jojoenherbe.com\/wp-content\/uploads\/2018\/04\/lHermione-Toulon-6.jpg?fit=3000%2C4000\" data-orig-size=\"3000,4000\" data-comments-opened=\"1\" data-image-meta=\"{&quot;aperture&quot;:&quot;7.6&quot;,&quot;credit&quot;:&quot;&quot;,&quot;camera&quot;:&quot;COOLPIX S5100&quot;,&quot;caption&quot;:&quot;&quot;,&quot;created_timestamp&quot;:&quot;1523036424&quot;,&quot;copyright&quot;:&quot;&quot;,&quot;focal_length&quot;:&quot;5&quot;,&quot;iso&quot;:&quot;100&quot;,&quot;shutter_speed&quot;:&quot;0.005&quot;,&quot;title&quot;:&quot;&quot;,&quot;orientation&quot;:&quot;1&quot;}\" data-image-title=\"l&amp;rsquo;Hermione &amp;#8211; Toulon 6\" data-image-description=\"\" data-image-caption=\"\" data-large-file=\"https:\/\/i0.wp.com\/www.jojoenherbe.com\/wp-content\/uploads\/2018\/04\/lHermione-Toulon-6.jpg?fit=676%2C901\" class=\"alignleft size-thumbnail wp-image-2194\" src=\"https:\/\/i0.wp.com\/www.jojoenherbe.com\/wp-content\/uploads\/2018\/04\/lHermione-Toulon-6.jpg?resize=150%2C150\" alt=\"\" width=\"150\" height=\"150\" srcset=\"https:\/\/i0.wp.com\/www.jojoenherbe.com\/wp-content\/uploads\/2018\/04\/lHermione-Toulon-6.jpg?resize=150%2C150 150w, https:\/\/i0.wp.com\/www.jojoenherbe.com\/wp-content\/uploads\/2018\/04\/lHermione-Toulon-6.jpg?zoom=2&amp;resize=150%2C150 300w, https:\/\/i0.wp.com\/www.jojoenherbe.com\/wp-content\/uploads\/2018\/04\/lHermione-Toulon-6.jpg?zoom=3&amp;resize=150%2C150 450w\" sizes=\"auto, (max-width: 150px) 100vw, 150px\" \/><\/a>En redescendant de la fr\u00e9gate, nous pouvons voir de plus pr\u00e8s la figure de proue, un lion. Mais pour voir l&rsquo;Hermione m\u00e2ts d\u00e9ploy\u00e9s, il convient de venir lorsqu&rsquo;il quitte le port au large, dixit l&rsquo;un des b\u00e9n\u00e9voles. En effet, pour des raisons de s\u00e9curit\u00e9 et des normes actuelles de navigation, la fr\u00e9gate est dot\u00e9e de moteurs qui sont avant tout utilis\u00e9s pour rentrer et sortir du port.\u00a0<\/em><\/p>\n","protected":false},"excerpt":{"rendered":"<p>Ce 6 avril 2018, nous partons \u00e0 Toulon pour monter \u00e0 bord de l&rsquo;Hermione, ou plus exactement d&rsquo;une r\u00e9plique de la c\u00e9l\u00e8bre fr\u00e9gate reconstruite de 1997 \u00e0 2014 par l&rsquo;Association Hermione-La Fayette, association de b\u00e9n\u00e9voles passionn\u00e9s. Ce n&rsquo;est pas n&rsquo;importe quelle escale pour cette fr\u00e9gate puisqu&rsquo;en 1870, La Fayette partit du port de Toulon pour [&hellip;]<\/p>\n","protected":false},"author":1,"featured_media":2197,"comment_status":"open","ping_status":"open","sticky":false,"template":"","format":"standard","meta":{"jetpack_post_was_ever_published":false,"_jetpack_newsletter_access":"","_jetpack_dont_email_post_to_subs":false,"_jetpack_newsletter_tier_id":0,"_jetpack_memberships_contains_paywalled_content":false,"_jetpack_memberships_contains_paid_content":false,"footnotes":""},"categories":[4],"tags":[195,196,197,5,194,27],"class_list":["post-2189","post","type-post","status-publish","format-standard","has-post-thumbnail","hentry","category-mini-visiteur","tag-fregates","tag-lhermione","tag-marine-francaise","tag-paca","tag-toulon","tag-var","post-preview"],"jetpack_featured_media_url":"https:\/\/i0.wp.com\/www.jojoenherbe.com\/wp-content\/uploads\/2018\/04\/lHermione-Toulon.jpg?fit=3000%2C4000","jetpack_sharing_enabled":true,"jetpack_shortlink":"https:\/\/wp.me\/p9zhGx-zj","jetpack_likes_enabled":true,"jetpack-related-posts":[{"id":3541,"url":"http:\/\/www.jojoenherbe.com\/index.php\/2009\/02\/03\/sentier-du-littoral-de-la-presquile-de-giens\/","url_meta":{"origin":2189,"position":0},"title":"Sentier du littoral de la Presqu&rsquo;\u00eele de Giens","author":"Jojo","date":"3 f\u00e9vrier 2009","format":false,"excerpt":"Ce 31 janvier 2009, nous nous garons sur un parking de la presqu'\u00eele de Giens, pr\u00e8s du port de la Madrague pour marcher le long du sentier du littoral. Ce sentier offre de tr\u00e8s jolis points de vue entre les falaises et la for\u00eat m\u00e9diterran\u00e9enne. Nous passons au-dessus de diff\u00e9rentes\u2026","rel":"","context":"Dans &quot;Mini randonneur&quot;","block_context":{"text":"Mini randonneur","link":"http:\/\/www.jojoenherbe.com\/index.php\/category\/mini-crapahuteur\/mini-randonneur\/"},"img":{"alt_text":"","src":"https:\/\/i0.wp.com\/www.jojoenherbe.com\/wp-content\/uploads\/2018\/08\/Sentier-du-littoral-de-la-Presqu%C3%AEle-de-Giens-6.jpg?fit=900%2C1200&resize=350%2C200","width":350,"height":200,"srcset":"https:\/\/i0.wp.com\/www.jojoenherbe.com\/wp-content\/uploads\/2018\/08\/Sentier-du-littoral-de-la-Presqu%C3%AEle-de-Giens-6.jpg?fit=900%2C1200&resize=350%2C200 1x, https:\/\/i0.wp.com\/www.jojoenherbe.com\/wp-content\/uploads\/2018\/08\/Sentier-du-littoral-de-la-Presqu%C3%AEle-de-Giens-6.jpg?fit=900%2C1200&resize=525%2C300 1.5x, https:\/\/i0.wp.com\/www.jojoenherbe.com\/wp-content\/uploads\/2018\/08\/Sentier-du-littoral-de-la-Presqu%C3%AEle-de-Giens-6.jpg?fit=900%2C1200&resize=700%2C400 2x"},"classes":[]},{"id":12256,"url":"http:\/\/www.jojoenherbe.com\/index.php\/2020\/09\/14\/au-fil-des-pages-avec-blanche-neige-2\/","url_meta":{"origin":2189,"position":1},"title":"Au fil des pages avec Blanche-Neige","author":"Jojo","date":"14 septembre 2020","format":false,"excerpt":"J'emprunte \u00e0 la m\u00e9diath\u00e8que Blanche-Neige illustr\u00e9 par Mayalen Goust, d'apr\u00e8s les Fr\u00e8res Grimm (\u00e9d. Flammarion Jeunesse, coll. P\u00e8re Castor, 2009), un album jeunesse en petit format souple \u00e0 partir de 3 ans selon l'\u00e9diteur. Le texte reprend celui, parfois cruel, des Fr\u00e8res Grimm avec les diff\u00e9rentes tentatives sous fond de\u2026","rel":"","context":"Dans &quot;Mini lecteur&quot;","block_context":{"text":"Mini lecteur","link":"http:\/\/www.jojoenherbe.com\/index.php\/category\/mini-lecteur\/"},"img":{"alt_text":"","src":"https:\/\/i0.wp.com\/www.jojoenherbe.com\/wp-content\/uploads\/2020\/09\/Blanche-Neige-scaled.jpg?fit=1200%2C900&resize=350%2C200","width":350,"height":200,"srcset":"https:\/\/i0.wp.com\/www.jojoenherbe.com\/wp-content\/uploads\/2020\/09\/Blanche-Neige-scaled.jpg?fit=1200%2C900&resize=350%2C200 1x, https:\/\/i0.wp.com\/www.jojoenherbe.com\/wp-content\/uploads\/2020\/09\/Blanche-Neige-scaled.jpg?fit=1200%2C900&resize=525%2C300 1.5x, https:\/\/i0.wp.com\/www.jojoenherbe.com\/wp-content\/uploads\/2020\/09\/Blanche-Neige-scaled.jpg?fit=1200%2C900&resize=700%2C400 2x, https:\/\/i0.wp.com\/www.jojoenherbe.com\/wp-content\/uploads\/2020\/09\/Blanche-Neige-scaled.jpg?fit=1200%2C900&resize=1050%2C600 3x"},"classes":[]},{"id":43493,"url":"http:\/\/www.jojoenherbe.com\/index.php\/2026\/04\/04\/bilan-de-lecture-mars-2026\/","url_meta":{"origin":2189,"position":2},"title":"Bilan de lecture: mars 2026","author":"Jojo","date":"4 avril 2026","format":false,"excerpt":"En ce d\u00e9but avril, voici le bilan de lecture du mois de mars 2026, encore un mois qui est pass\u00e9 bien trop vite et qui, \u00e0 d\u00e9faut d'une m\u00e9t\u00e9o printani\u00e8re, a mis \u00e0 l'honneur la po\u00e9sie et les autrices\/illustratrices. C\u00f4t\u00e9 challenges livresques, j'ai particip\u00e9 au\u00a0RAT Indien du 6 au 8\u2026","rel":"","context":"Dans &quot;Mini blogueur&quot;","block_context":{"text":"Mini blogueur","link":"http:\/\/www.jojoenherbe.com\/index.php\/category\/mini-blogueur\/"},"img":{"alt_text":"","src":"https:\/\/i0.wp.com\/www.jojoenherbe.com\/wp-content\/uploads\/2026\/03\/Selection-Mars-2026-scaled.jpeg?fit=1200%2C912&resize=350%2C200","width":350,"height":200,"srcset":"https:\/\/i0.wp.com\/www.jojoenherbe.com\/wp-content\/uploads\/2026\/03\/Selection-Mars-2026-scaled.jpeg?fit=1200%2C912&resize=350%2C200 1x, https:\/\/i0.wp.com\/www.jojoenherbe.com\/wp-content\/uploads\/2026\/03\/Selection-Mars-2026-scaled.jpeg?fit=1200%2C912&resize=525%2C300 1.5x, https:\/\/i0.wp.com\/www.jojoenherbe.com\/wp-content\/uploads\/2026\/03\/Selection-Mars-2026-scaled.jpeg?fit=1200%2C912&resize=700%2C400 2x, https:\/\/i0.wp.com\/www.jojoenherbe.com\/wp-content\/uploads\/2026\/03\/Selection-Mars-2026-scaled.jpeg?fit=1200%2C912&resize=1050%2C600 3x"},"classes":[]},{"id":38824,"url":"http:\/\/www.jojoenherbe.com\/index.php\/2025\/04\/01\/bilan-de-lecture-mars-2025\/","url_meta":{"origin":2189,"position":3},"title":"Bilan de lecture: mars 2025","author":"Jojo","date":"1 avril 2025","format":false,"excerpt":"En ce 1er avril, voici mon bilan de lectures de mars 2025, mois qui est encore pass\u00e9 bien vite et propice \u00e0 la lecture vu le temps pluvieux ou nuageux (qui nous ne nous a pas permis de voir l'\u00e9clipse solaire partielle). J'ai continu\u00e9 \u00e0 lire et chroniquer pour l'African-American\u2026","rel":"","context":"Dans &quot;Mini blogueur&quot;","block_context":{"text":"Mini blogueur","link":"http:\/\/www.jojoenherbe.com\/index.php\/category\/mini-blogueur\/"},"img":{"alt_text":"","src":"https:\/\/i0.wp.com\/www.jojoenherbe.com\/wp-content\/uploads\/2025\/03\/Selection-mars-2025-scaled.jpg?fit=1200%2C930&resize=350%2C200","width":350,"height":200,"srcset":"https:\/\/i0.wp.com\/www.jojoenherbe.com\/wp-content\/uploads\/2025\/03\/Selection-mars-2025-scaled.jpg?fit=1200%2C930&resize=350%2C200 1x, https:\/\/i0.wp.com\/www.jojoenherbe.com\/wp-content\/uploads\/2025\/03\/Selection-mars-2025-scaled.jpg?fit=1200%2C930&resize=525%2C300 1.5x, https:\/\/i0.wp.com\/www.jojoenherbe.com\/wp-content\/uploads\/2025\/03\/Selection-mars-2025-scaled.jpg?fit=1200%2C930&resize=700%2C400 2x, https:\/\/i0.wp.com\/www.jojoenherbe.com\/wp-content\/uploads\/2025\/03\/Selection-mars-2025-scaled.jpg?fit=1200%2C930&resize=1050%2C600 3x"},"classes":[]},{"id":12062,"url":"http:\/\/www.jojoenherbe.com\/index.php\/2020\/09\/01\/le-mois-des-contes-et-legendes-en-septembre-2020\/","url_meta":{"origin":2189,"position":4},"title":"Le mois des contes et l\u00e9gendes en septembre 2020","author":"Jojo","date":"1 septembre 2020","format":false,"excerpt":"Un mois de septembre 2020 s'annonce bien charg\u00e9 pour moi c\u00f4t\u00e9 challenges livresques. En plus d'\u00eatre le Mois Am\u00e9ricain, c'est aussi le Mois des Contes et L\u00e9gendes avec Bidib et son challenge Contes et L\u00e9gendes, un challenge qui me tient particuli\u00e8rement \u00e0 c\u0153ur comme celui de No\u00ebl. Bidib nous propose\u2026","rel":"","context":"Dans &quot;Mini challenger&quot;","block_context":{"text":"Mini challenger","link":"http:\/\/www.jojoenherbe.com\/index.php\/category\/mini-challenger\/"},"img":{"alt_text":"","src":"https:\/\/i0.wp.com\/www.jojoenherbe.com\/wp-content\/uploads\/2020\/09\/PAL-Le-mois-des-contes-et-legendes-2020-scaled.jpg?fit=1200%2C848&resize=350%2C200","width":350,"height":200,"srcset":"https:\/\/i0.wp.com\/www.jojoenherbe.com\/wp-content\/uploads\/2020\/09\/PAL-Le-mois-des-contes-et-legendes-2020-scaled.jpg?fit=1200%2C848&resize=350%2C200 1x, https:\/\/i0.wp.com\/www.jojoenherbe.com\/wp-content\/uploads\/2020\/09\/PAL-Le-mois-des-contes-et-legendes-2020-scaled.jpg?fit=1200%2C848&resize=525%2C300 1.5x, https:\/\/i0.wp.com\/www.jojoenherbe.com\/wp-content\/uploads\/2020\/09\/PAL-Le-mois-des-contes-et-legendes-2020-scaled.jpg?fit=1200%2C848&resize=700%2C400 2x, https:\/\/i0.wp.com\/www.jojoenherbe.com\/wp-content\/uploads\/2020\/09\/PAL-Le-mois-des-contes-et-legendes-2020-scaled.jpg?fit=1200%2C848&resize=1050%2C600 3x"},"classes":[]},{"id":20408,"url":"http:\/\/www.jojoenherbe.com\/index.php\/2021\/09\/02\/notre-mois-bloguesque-daout-2021\/","url_meta":{"origin":2189,"position":5},"title":"Notre mois bloguesque d&rsquo;ao\u00fbt 2021","author":"Jojo","date":"2 septembre 2021","format":false,"excerpt":"C'est le d\u00e9but du mois de septembre alors voici un petit retour bloguesque sur ao\u00fbt 2021, entre lectures, activit\u00e9s pour les enfants et balades au bord de l'eau ou dans l'arri\u00e8re-pays, dans les Alpes-Maritimes ou dans le Var (m\u00eame s'il a fait chaud, avec une p\u00e9riode caniculaire et surtout le\u2026","rel":"","context":"Dans &quot;Mini baladeur&quot;","block_context":{"text":"Mini baladeur","link":"http:\/\/www.jojoenherbe.com\/index.php\/category\/mini-crapahuteur\/mini-baladeur\/"},"img":{"alt_text":"","src":"https:\/\/i0.wp.com\/www.jojoenherbe.com\/wp-content\/uploads\/2021\/09\/Notre-mois-bloguesque-aout-2021-scaled.jpg?fit=1200%2C760&resize=350%2C200","width":350,"height":200,"srcset":"https:\/\/i0.wp.com\/www.jojoenherbe.com\/wp-content\/uploads\/2021\/09\/Notre-mois-bloguesque-aout-2021-scaled.jpg?fit=1200%2C760&resize=350%2C200 1x, https:\/\/i0.wp.com\/www.jojoenherbe.com\/wp-content\/uploads\/2021\/09\/Notre-mois-bloguesque-aout-2021-scaled.jpg?fit=1200%2C760&resize=525%2C300 1.5x, https:\/\/i0.wp.com\/www.jojoenherbe.com\/wp-content\/uploads\/2021\/09\/Notre-mois-bloguesque-aout-2021-scaled.jpg?fit=1200%2C760&resize=700%2C400 2x, https:\/\/i0.wp.com\/www.jojoenherbe.com\/wp-content\/uploads\/2021\/09\/Notre-mois-bloguesque-aout-2021-scaled.jpg?fit=1200%2C760&resize=1050%2C600 3x"},"classes":[]}],"_links":{"self":[{"href":"http:\/\/www.jojoenherbe.com\/index.php\/wp-json\/wp\/v2\/posts\/2189","targetHints":{"allow":["GET"]}}],"collection":[{"href":"http:\/\/www.jojoenherbe.com\/index.php\/wp-json\/wp\/v2\/posts"}],"about":[{"href":"http:\/\/www.jojoenherbe.com\/index.php\/wp-json\/wp\/v2\/types\/post"}],"author":[{"embeddable":true,"href":"http:\/\/www.jojoenherbe.com\/index.php\/wp-json\/wp\/v2\/users\/1"}],"replies":[{"embeddable":true,"href":"http:\/\/www.jojoenherbe.com\/index.php\/wp-json\/wp\/v2\/comments?post=2189"}],"version-history":[{"count":2,"href":"http:\/\/www.jojoenherbe.com\/index.php\/wp-json\/wp\/v2\/posts\/2189\/revisions"}],"predecessor-version":[{"id":25103,"href":"http:\/\/www.jojoenherbe.com\/index.php\/wp-json\/wp\/v2\/posts\/2189\/revisions\/25103"}],"wp:featuredmedia":[{"embeddable":true,"href":"http:\/\/www.jojoenherbe.com\/index.php\/wp-json\/wp\/v2\/media\/2197"}],"wp:attachment":[{"href":"http:\/\/www.jojoenherbe.com\/index.php\/wp-json\/wp\/v2\/media?parent=2189"}],"wp:term":[{"taxonomy":"category","embeddable":true,"href":"http:\/\/www.jojoenherbe.com\/index.php\/wp-json\/wp\/v2\/categories?post=2189"},{"taxonomy":"post_tag","embeddable":true,"href":"http:\/\/www.jojoenherbe.com\/index.php\/wp-json\/wp\/v2\/tags?post=2189"}],"curies":[{"name":"wp","href":"https:\/\/api.w.org\/{rel}","templated":true}]}}