{"id":21320,"date":"2021-10-12T11:03:32","date_gmt":"2021-10-12T09:03:32","guid":{"rendered":"http:\/\/www.jojoenherbe.com\/?p=21320"},"modified":"2022-09-14T15:45:31","modified_gmt":"2022-09-14T13:45:31","slug":"point-lecture-hebdomadaire-10","status":"publish","type":"post","link":"http:\/\/www.jojoenherbe.com\/index.php\/2021\/10\/12\/point-lecture-hebdomadaire-10\/","title":{"rendered":"Point lecture hebdomadaire #10"},"content":{"rendered":"<p style=\"text-align: justify;\"><em>En ce d\u00e9but de semaine, voici notre point lecture hebdomadaire avec un retour sur nos lectures de la semaine derni\u00e8re et celle en cours, avec un passage \u00e0 la m\u00e9diath\u00e8que et qui rentrent presque toutes dans le cadre du Challenge Halloween de Lou et Hilde<\/em>.<\/p>\n<p><span style=\"text-decoration: underline;\"><strong>Nos lectures du 4 au 10 octobre 2021<\/strong><\/span><strong>:<\/strong><\/p>\n<p style=\"text-align: justify;\"><em><span style=\"text-decoration: underline;\">Des albums jeunesse<\/span>:<\/em><\/p>\n<p style=\"text-align: justify;\"><em>(Album jeunesse) <strong><span style=\"text-decoration: underline;\">Et si la nuit avait peur de toi?<\/span><\/strong> de Peter Vegas et Benjamin Chaud<\/em><\/p>\n<p style=\"text-align: justify;\"><em><a href=\"https:\/\/i0.wp.com\/www.jojoenherbe.com\/wp-content\/uploads\/2021\/10\/Et-si-la-nuit-avait-peur-de-toi-1-scaled.jpg\"><img data-recalc-dims=\"1\" loading=\"lazy\" decoding=\"async\" data-attachment-id=\"21382\" data-permalink=\"http:\/\/www.jojoenherbe.com\/index.php\/2021\/10\/12\/point-lecture-hebdomadaire-10\/et-si-la-nuit-avait-peur-de-toi-2\/\" data-orig-file=\"https:\/\/i0.wp.com\/www.jojoenherbe.com\/wp-content\/uploads\/2021\/10\/Et-si-la-nuit-avait-peur-de-toi-1-scaled.jpg?fit=2560%2C1920\" data-orig-size=\"2560,1920\" data-comments-opened=\"1\" data-image-meta=\"{&quot;aperture&quot;:&quot;1.8&quot;,&quot;credit&quot;:&quot;&quot;,&quot;camera&quot;:&quot;iPhone 7&quot;,&quot;caption&quot;:&quot;&quot;,&quot;created_timestamp&quot;:&quot;1633955609&quot;,&quot;copyright&quot;:&quot;&quot;,&quot;focal_length&quot;:&quot;3.99&quot;,&quot;iso&quot;:&quot;100&quot;,&quot;shutter_speed&quot;:&quot;0.076923076923077&quot;,&quot;title&quot;:&quot;&quot;,&quot;orientation&quot;:&quot;1&quot;}\" data-image-title=\"Et si la nuit avait peur de toi\" data-image-description=\"\" data-image-caption=\"\" data-large-file=\"https:\/\/i0.wp.com\/www.jojoenherbe.com\/wp-content\/uploads\/2021\/10\/Et-si-la-nuit-avait-peur-de-toi-1-scaled.jpg?fit=676%2C507\" class=\"alignleft size-thumbnail wp-image-21382\" src=\"https:\/\/i0.wp.com\/www.jojoenherbe.com\/wp-content\/uploads\/2021\/10\/Et-si-la-nuit-avait-peur-de-toi-1.jpg?resize=150%2C150\" alt=\"\" width=\"150\" height=\"150\" srcset=\"https:\/\/i0.wp.com\/www.jojoenherbe.com\/wp-content\/uploads\/2021\/10\/Et-si-la-nuit-avait-peur-de-toi-1-scaled.jpg?resize=150%2C150 150w, https:\/\/i0.wp.com\/www.jojoenherbe.com\/wp-content\/uploads\/2021\/10\/Et-si-la-nuit-avait-peur-de-toi-1-scaled.jpg?zoom=2&amp;resize=150%2C150 300w, https:\/\/i0.wp.com\/www.jojoenherbe.com\/wp-content\/uploads\/2021\/10\/Et-si-la-nuit-avait-peur-de-toi-1-scaled.jpg?zoom=3&amp;resize=150%2C150 450w\" sizes=\"auto, (max-width: 150px) 100vw, 150px\" \/><\/a>Encore beaucoup de relectures cette semaine et une d\u00e9couverte avec <a href=\"https:\/\/www.jojoenherbe.com\/index.php\/2022\/09\/10\/au-fil-des-pages-avec-et-si-la-nuit-avait-peur-de-toi\/\"><span style=\"text-decoration: underline;\">Et si la nuit avait peur de toi?<\/span><\/a> de Peter Vegas et Benjamin Chaud (\u00e9d. Milan Jeunesse, 2021), un album jeunesse \u00e0 partir de 3 ans. Un tr\u00e8s bon moment de lecture avec cette histoire toute mignonne pour d\u00e9dramatiser l&rsquo;heure du coucher et la peur du noir chez le jeune lecteur!<br \/>\n<\/em><\/p>\n<p><em><span style=\"text-decoration: underline;\">Des BD jeunesse et adulte<\/span>:<\/em><\/p>\n<ul>\n<li style=\"text-align: justify;\"><em>(BD jeunesse) <strong><span style=\"text-decoration: underline;\">Spooky, Les contes de travers, Malices de princesse<\/span><\/strong> de Carine-M et \u00c9lian Black&rsquo;mor (T3)<\/em><\/li>\n<\/ul>\n<p style=\"text-align: justify;\"><em><a href=\"https:\/\/i0.wp.com\/www.jojoenherbe.com\/wp-content\/uploads\/2021\/09\/Spooky-T3-scaled.jpg\"><img data-recalc-dims=\"1\" loading=\"lazy\" decoding=\"async\" data-attachment-id=\"21334\" data-permalink=\"http:\/\/www.jojoenherbe.com\/index.php\/2021\/09\/15\/billet-de-suivi-challenge-halloween-2021\/spooky-t3\/\" data-orig-file=\"https:\/\/i0.wp.com\/www.jojoenherbe.com\/wp-content\/uploads\/2021\/09\/Spooky-T3-scaled.jpg?fit=2560%2C1920\" data-orig-size=\"2560,1920\" data-comments-opened=\"1\" data-image-meta=\"{&quot;aperture&quot;:&quot;1.8&quot;,&quot;credit&quot;:&quot;&quot;,&quot;camera&quot;:&quot;iPhone 7&quot;,&quot;caption&quot;:&quot;&quot;,&quot;created_timestamp&quot;:&quot;1633714500&quot;,&quot;copyright&quot;:&quot;&quot;,&quot;focal_length&quot;:&quot;3.99&quot;,&quot;iso&quot;:&quot;100&quot;,&quot;shutter_speed&quot;:&quot;0.25&quot;,&quot;title&quot;:&quot;&quot;,&quot;orientation&quot;:&quot;1&quot;}\" data-image-title=\"Spooky T3\" data-image-description=\"\" data-image-caption=\"\" data-large-file=\"https:\/\/i0.wp.com\/www.jojoenherbe.com\/wp-content\/uploads\/2021\/09\/Spooky-T3-scaled.jpg?fit=676%2C507\" class=\"size-thumbnail wp-image-21334 alignright\" src=\"https:\/\/i0.wp.com\/www.jojoenherbe.com\/wp-content\/uploads\/2021\/09\/Spooky-T3.jpg?resize=150%2C150\" alt=\"\" width=\"150\" height=\"150\" srcset=\"https:\/\/i0.wp.com\/www.jojoenherbe.com\/wp-content\/uploads\/2021\/09\/Spooky-T3-scaled.jpg?resize=150%2C150 150w, https:\/\/i0.wp.com\/www.jojoenherbe.com\/wp-content\/uploads\/2021\/09\/Spooky-T3-scaled.jpg?zoom=2&amp;resize=150%2C150 300w, https:\/\/i0.wp.com\/www.jojoenherbe.com\/wp-content\/uploads\/2021\/09\/Spooky-T3-scaled.jpg?zoom=3&amp;resize=150%2C150 450w\" sizes=\"auto, (max-width: 150px) 100vw, 150px\" \/><\/a>En lecture commune avec Hilde, je lis le <a href=\"https:\/\/www.jojoenherbe.com\/index.php\/2021\/10\/13\/au-fil-des-pages-avec-le-tome-3-de-spooky-les-contes-de-travers\/\">tome 3<\/a> de <span style=\"text-decoration: underline;\">Spooky, Les contes de travers, Malices de princesse<\/span> de Carine-M et \u00c9lian Black&rsquo;mor (\u00e9d. Gl\u00e9nat Jeunesse, 2017), une BD jeunesse \u00e0 partir de 9 ans. C&rsquo;est avec plaisir que je retrouve l&rsquo;univers de Spooky, une jeune princesse qui est, dans ce tome, dans les pr\u00e9paratifs de sa f\u00eate d&rsquo;anniversaire d&rsquo;Halloween, \u00e9tant n\u00e9e un 31 octobre. LC avec Hilde pr\u00e9vue le 13 octobre 2021.<br \/>\n<\/em><\/p>\n<ul>\n<li style=\"text-align: justify;\"><em>(BD adulte) <strong><span style=\"text-decoration: underline;\">Les filles de Salem<\/span><\/strong> de Thomas Gilbert<\/em><\/li>\n<\/ul>\n<p style=\"text-align: justify;\"><em><a href=\"https:\/\/i0.wp.com\/www.jojoenherbe.com\/wp-content\/uploads\/2021\/09\/Les-filles-de-Salem-scaled.jpg\"><img data-recalc-dims=\"1\" loading=\"lazy\" decoding=\"async\" data-attachment-id=\"21332\" data-permalink=\"http:\/\/www.jojoenherbe.com\/index.php\/2021\/09\/15\/billet-de-suivi-challenge-halloween-2021\/les-filles-de-salem\/\" data-orig-file=\"https:\/\/i0.wp.com\/www.jojoenherbe.com\/wp-content\/uploads\/2021\/09\/Les-filles-de-Salem-scaled.jpg?fit=2560%2C1920\" data-orig-size=\"2560,1920\" data-comments-opened=\"1\" data-image-meta=\"{&quot;aperture&quot;:&quot;1.8&quot;,&quot;credit&quot;:&quot;&quot;,&quot;camera&quot;:&quot;iPhone 7&quot;,&quot;caption&quot;:&quot;&quot;,&quot;created_timestamp&quot;:&quot;1633688756&quot;,&quot;copyright&quot;:&quot;&quot;,&quot;focal_length&quot;:&quot;3.99&quot;,&quot;iso&quot;:&quot;100&quot;,&quot;shutter_speed&quot;:&quot;0.076923076923077&quot;,&quot;title&quot;:&quot;&quot;,&quot;orientation&quot;:&quot;1&quot;}\" data-image-title=\"Les filles de Salem\" data-image-description=\"\" data-image-caption=\"\" data-large-file=\"https:\/\/i0.wp.com\/www.jojoenherbe.com\/wp-content\/uploads\/2021\/09\/Les-filles-de-Salem-scaled.jpg?fit=676%2C507\" class=\"size-thumbnail wp-image-21332 alignleft\" src=\"https:\/\/i0.wp.com\/www.jojoenherbe.com\/wp-content\/uploads\/2021\/09\/Les-filles-de-Salem.jpg?resize=150%2C150\" alt=\"\" width=\"150\" height=\"150\" srcset=\"https:\/\/i0.wp.com\/www.jojoenherbe.com\/wp-content\/uploads\/2021\/09\/Les-filles-de-Salem-scaled.jpg?resize=150%2C150 150w, https:\/\/i0.wp.com\/www.jojoenherbe.com\/wp-content\/uploads\/2021\/09\/Les-filles-de-Salem-scaled.jpg?zoom=2&amp;resize=150%2C150 300w, https:\/\/i0.wp.com\/www.jojoenherbe.com\/wp-content\/uploads\/2021\/09\/Les-filles-de-Salem-scaled.jpg?zoom=3&amp;resize=150%2C150 450w\" sizes=\"auto, (max-width: 150px) 100vw, 150px\" \/><\/a>J&rsquo;ai lu <span style=\"text-decoration: underline;\">Les filles de Salem, Comment nous avons condamn\u00e9 nos enfants<\/span> de Thomas Gilbert (\u00e9d. Dargaud, 2018, 198 pages), une BD adulte<\/em><em>. Une jeune fille de 14 ans, Abigail Hobbs est accus\u00e9e de sorcellerie avec une centaine d&rsquo;autres filles et femmes de son village sous la pression du r\u00e9v\u00e9rend Samuel Parris. Entre attaques des Indiens Wabanaki et mauvaises r\u00e9coltes, le mal semble se r\u00e9pandre au sein de la petite communaut\u00e9 de Salem Village. Serait-ce le fait de sorci\u00e8res sous l&#8217;emprise du Malin? Qui survivra \u00e0 la s\u00e9rie de pendaisons annonc\u00e9e?<br \/>\n<\/em><\/p>\n<p style=\"text-align: justify;\"><em>Thomas Gilbert s&rsquo;inspire tr\u00e8s librement des proc\u00e8s des sorci\u00e8res de Salem en 1692 en en reprenant des protagonistes comme Abigail Hobbs ayant \u00e9t\u00e9 l&rsquo;une des personnes reconnues coupables de sorcellerie et ex\u00e9cut\u00e9es. On y retrouve des hypoth\u00e8ses souvent mentionn\u00e9es pour expliquer ces proc\u00e8s hors norme et la folie qui les ont entour\u00e9s: une petite communaut\u00e9 isol\u00e9e, patriarcale et h\u00e9t\u00e9roclite, chacun tentant de d\u00e9fendre ses int\u00e9r\u00eats, qu&rsquo;ils soient personnels (conflits entre familles ou voisins), marchands ou religieux\/puritain (le pouvoir religieux d\u00e9clinant) et r\u00e9guli\u00e8rement frapp\u00e9e par les attaques des Am\u00e9rindiens&#8230; Nous retrouvons ainsi des figures repr\u00e9sentatives des accus\u00e9es qui me donnent une impression d&rsquo;accumulations caricaturales: des catholiques irlandaises (m\u00e8re et fille) tenant la taverne de Salem, <\/em><em>une femme d\u00e9ficiente mentale et mise enceinte par le R\u00e9v\u00e9rend, une vieille esclave indienne&#8230;<br \/>\n<\/em><\/p>\n<p style=\"text-align: justify;\"><em>Cela faisait un moment que je voulais lire cette BD mais je pense que j&rsquo;en attendais plus et ai plus appr\u00e9ci\u00e9 l&rsquo;illustration de couverture que celles \u00e0 l&rsquo;int\u00e9rieur, les personnages \u00e9tant parfois \u00e0 mon go\u00fbt trop grotesques ou l&rsquo;intrigue pas assez pouss\u00e9e en particulier celle du troublant Indien Wabanaki.<\/em><\/p>\n<ul>\n<li><em>(BD jeunesse) <strong><span style=\"text-decoration: underline;\">Pome<\/span><\/strong> de Marie Desplechin et Magali Le Huche<\/em><\/li>\n<\/ul>\n<p style=\"text-align: justify;\"><em><a href=\"https:\/\/i0.wp.com\/www.jojoenherbe.com\/wp-content\/uploads\/2021\/09\/Pome-BD-scaled.jpg\"><img data-recalc-dims=\"1\" loading=\"lazy\" decoding=\"async\" data-attachment-id=\"21333\" data-permalink=\"http:\/\/www.jojoenherbe.com\/index.php\/2021\/09\/15\/billet-de-suivi-challenge-halloween-2021\/pome-bd\/\" data-orig-file=\"https:\/\/i0.wp.com\/www.jojoenherbe.com\/wp-content\/uploads\/2021\/09\/Pome-BD-scaled.jpg?fit=2560%2C1920\" data-orig-size=\"2560,1920\" data-comments-opened=\"1\" data-image-meta=\"{&quot;aperture&quot;:&quot;1.8&quot;,&quot;credit&quot;:&quot;&quot;,&quot;camera&quot;:&quot;iPhone 7&quot;,&quot;caption&quot;:&quot;&quot;,&quot;created_timestamp&quot;:&quot;1633714306&quot;,&quot;copyright&quot;:&quot;&quot;,&quot;focal_length&quot;:&quot;3.99&quot;,&quot;iso&quot;:&quot;100&quot;,&quot;shutter_speed&quot;:&quot;0.071428571428571&quot;,&quot;title&quot;:&quot;&quot;,&quot;orientation&quot;:&quot;1&quot;}\" data-image-title=\"Pome BD\" data-image-description=\"\" data-image-caption=\"\" data-large-file=\"https:\/\/i0.wp.com\/www.jojoenherbe.com\/wp-content\/uploads\/2021\/09\/Pome-BD-scaled.jpg?fit=676%2C507\" class=\"size-thumbnail wp-image-21333 alignright\" src=\"https:\/\/i0.wp.com\/www.jojoenherbe.com\/wp-content\/uploads\/2021\/09\/Pome-BD.jpg?resize=150%2C150\" alt=\"\" width=\"150\" height=\"150\" srcset=\"https:\/\/i0.wp.com\/www.jojoenherbe.com\/wp-content\/uploads\/2021\/09\/Pome-BD-scaled.jpg?resize=150%2C150 150w, https:\/\/i0.wp.com\/www.jojoenherbe.com\/wp-content\/uploads\/2021\/09\/Pome-BD-scaled.jpg?zoom=2&amp;resize=150%2C150 300w, https:\/\/i0.wp.com\/www.jojoenherbe.com\/wp-content\/uploads\/2021\/09\/Pome-BD-scaled.jpg?zoom=3&amp;resize=150%2C150 450w\" sizes=\"auto, (max-width: 150px) 100vw, 150px\" \/><\/a>Je lis \u00e9galement en vue d&rsquo;une autre lecture commune avec Hilde, l&rsquo;adaptation en BD jeunesse du roman \u00e9ponyme lu l&rsquo;ann\u00e9e derni\u00e8re, <a href=\"https:\/\/www.jojoenherbe.com\/index.php\/2021\/10\/20\/au-fil-des-pages-avec-pome\/\"><span style=\"text-decoration: underline;\">Pome<\/span><\/a> de Marie Desplechin et Magali Le Huche (\u00e9d. Rue de S\u00e8vres, 2018), \u00e0 partir de 8\/9 ans. <\/em><em>Verte fait la connaissance d&rsquo;une autre sorci\u00e8re de son \u00e2ge, Pome et qui va elle aussi apprendre la sorcellerie aupr\u00e8s d&rsquo;Anastabotte, la grand-m\u00e8re maternelle de Verte qui n&rsquo;oublie jamais de remettre du rouge \u00e0 l\u00e8vre lorsque Raymond, le grand-p\u00e8re paternel de Verte est dans les parages et qui est toujours pr\u00eate \u00e0 faire des cr\u00eapes entre deux \u00e9tudes de sortil\u00e8ges. <\/em><\/p>\n<p style=\"text-align: justify;\"><em>La BD est fid\u00e8le au roman mais sans l&rsquo;\u00e9criture chorale comme dans le <a href=\"http:\/\/www.jojoenherbe.com\/index.php\/2020\/10\/21\/au-fil-des-pages-avec-verte\/\">premier tome<\/a>, ne retenant que le point de vue de Verte. Un bon moment de lecture! LC avec Hilde pr\u00e9vue le 20 octobre 2021.<br \/>\n<\/em><\/p>\n<p><em><span style=\"text-decoration: underline;\">Des romans jeunesse<\/span>:<\/em><\/p>\n<ul>\n<li style=\"text-align: justify;\"><em>(Roman jeunesse) <strong><span style=\"text-decoration: underline;\">Winterwood, La for\u00eat des \u00e2mes perdues<\/span><\/strong> de Shea Ernshaw<\/em><\/li>\n<\/ul>\n<p style=\"text-align: justify;\"><em><a href=\"https:\/\/i0.wp.com\/www.jojoenherbe.com\/wp-content\/uploads\/2021\/09\/Winterwood-scaled.jpg\"><img data-recalc-dims=\"1\" loading=\"lazy\" decoding=\"async\" data-attachment-id=\"21181\" data-permalink=\"http:\/\/www.jojoenherbe.com\/index.php\/2021\/09\/15\/billet-de-suivi-challenge-halloween-2021\/winterwood\/\" data-orig-file=\"https:\/\/i0.wp.com\/www.jojoenherbe.com\/wp-content\/uploads\/2021\/09\/Winterwood-scaled.jpg?fit=2560%2C2089\" data-orig-size=\"2560,2089\" data-comments-opened=\"1\" data-image-meta=\"{&quot;aperture&quot;:&quot;1.8&quot;,&quot;credit&quot;:&quot;&quot;,&quot;camera&quot;:&quot;iPhone 7&quot;,&quot;caption&quot;:&quot;&quot;,&quot;created_timestamp&quot;:&quot;1633265646&quot;,&quot;copyright&quot;:&quot;&quot;,&quot;focal_length&quot;:&quot;3.99&quot;,&quot;iso&quot;:&quot;100&quot;,&quot;shutter_speed&quot;:&quot;0.16666666666667&quot;,&quot;title&quot;:&quot;&quot;,&quot;orientation&quot;:&quot;1&quot;}\" data-image-title=\"Winterwood\" data-image-description=\"\" data-image-caption=\"\" data-large-file=\"https:\/\/i0.wp.com\/www.jojoenherbe.com\/wp-content\/uploads\/2021\/09\/Winterwood-scaled.jpg?fit=676%2C551\" class=\"alignleft size-thumbnail wp-image-21181\" src=\"https:\/\/i0.wp.com\/www.jojoenherbe.com\/wp-content\/uploads\/2021\/09\/Winterwood.jpg?resize=150%2C150\" alt=\"\" width=\"150\" height=\"150\" srcset=\"https:\/\/i0.wp.com\/www.jojoenherbe.com\/wp-content\/uploads\/2021\/09\/Winterwood-scaled.jpg?resize=150%2C150 150w, https:\/\/i0.wp.com\/www.jojoenherbe.com\/wp-content\/uploads\/2021\/09\/Winterwood-scaled.jpg?zoom=2&amp;resize=150%2C150 300w, https:\/\/i0.wp.com\/www.jojoenherbe.com\/wp-content\/uploads\/2021\/09\/Winterwood-scaled.jpg?zoom=3&amp;resize=150%2C150 450w\" sizes=\"auto, (max-width: 150px) 100vw, 150px\" \/><\/a>Je finis de lire <span style=\"text-decoration: underline;\">Winterwood, La for\u00eat des \u00e2mes perdues<\/span> de Shea Ernshaw (\u00e9d. Rageot, 2020, 399 pages) confirmant mes intuitions sur l\u2019intrigue sentimentale et magique. Descendante d&rsquo;une lign\u00e9e de sorci\u00e8res et \u00e2g\u00e9e de 17 ans, Nora Walker vient en aide \u00e0 Oliver Huntsman, apr\u00e8s l\u2019avoir d\u00e9couvert dans la neige une nuit de pleine lune dans la sombre for\u00eat de Wicker Woods et alors que celui-ci a disparu depuis 15 jours du camp de redressement, en pleine temp\u00eate hivernale. Les chapitres alternent les points de vue entre Nora et Oliver sous fond de huis-clos oppressant et qui permettent au lecteur de reconstituer les faits de la nuit de la disparition d&rsquo;Oliver Hunstman. Il y est question \u00e9galement de parcours initiatique, Nora Walker d\u00e9couvrant son pouvoir. <\/em><em>Un bon moment de lecture!<\/em><\/p>\n<ul>\n<li style=\"text-align: justify;\"><em>(Roman jeunesse) <strong><span style=\"text-decoration: underline;\">Sorci\u00e8re Blanche<\/span><\/strong> d\u2019Anne-Marie Desplat-Duc <\/em><\/li>\n<\/ul>\n<p style=\"text-align: justify;\"><em><a href=\"https:\/\/i0.wp.com\/www.jojoenherbe.com\/wp-content\/uploads\/2021\/10\/Sorciere-blanche-scaled.jpg\"><img data-recalc-dims=\"1\" loading=\"lazy\" decoding=\"async\" data-attachment-id=\"21384\" data-permalink=\"http:\/\/www.jojoenherbe.com\/index.php\/2021\/10\/12\/point-lecture-hebdomadaire-10\/sorciere-blanche\/\" data-orig-file=\"https:\/\/i0.wp.com\/www.jojoenherbe.com\/wp-content\/uploads\/2021\/10\/Sorciere-blanche-scaled.jpg?fit=2560%2C1920\" data-orig-size=\"2560,1920\" data-comments-opened=\"1\" data-image-meta=\"{&quot;aperture&quot;:&quot;1.8&quot;,&quot;credit&quot;:&quot;&quot;,&quot;camera&quot;:&quot;iPhone 7&quot;,&quot;caption&quot;:&quot;&quot;,&quot;created_timestamp&quot;:&quot;1633610850&quot;,&quot;copyright&quot;:&quot;&quot;,&quot;focal_length&quot;:&quot;3.99&quot;,&quot;iso&quot;:&quot;100&quot;,&quot;shutter_speed&quot;:&quot;0.058823529411765&quot;,&quot;title&quot;:&quot;&quot;,&quot;orientation&quot;:&quot;1&quot;}\" data-image-title=\"Sorci\u00e8re blanche\" data-image-description=\"\" data-image-caption=\"\" data-large-file=\"https:\/\/i0.wp.com\/www.jojoenherbe.com\/wp-content\/uploads\/2021\/10\/Sorciere-blanche-scaled.jpg?fit=676%2C507\" class=\"size-thumbnail wp-image-21384 alignright\" src=\"https:\/\/i0.wp.com\/www.jojoenherbe.com\/wp-content\/uploads\/2021\/10\/Sorciere-blanche.jpg?resize=150%2C150\" alt=\"\" width=\"150\" height=\"150\" srcset=\"https:\/\/i0.wp.com\/www.jojoenherbe.com\/wp-content\/uploads\/2021\/10\/Sorciere-blanche-scaled.jpg?resize=150%2C150 150w, https:\/\/i0.wp.com\/www.jojoenherbe.com\/wp-content\/uploads\/2021\/10\/Sorciere-blanche-scaled.jpg?zoom=2&amp;resize=150%2C150 300w, https:\/\/i0.wp.com\/www.jojoenherbe.com\/wp-content\/uploads\/2021\/10\/Sorciere-blanche-scaled.jpg?zoom=3&amp;resize=150%2C150 450w\" sizes=\"auto, (max-width: 150px) 100vw, 150px\" \/><\/a>Je lis <span style=\"text-decoration: underline;\">Sorci\u00e8re Blanche<\/span> d\u2019Anne-Marie Desplat-Duc (\u00e9d. Rageot, 2006, 221 pages), un roman jeunesse \u00e0 partir de 12 ans pour la th\u00e9matique Wicca, sorcellerie et paganisme. Le roman retrace la vie d\u2019Agathe de Pr\u00e9ault-Aubeterre, de sa naissance \u00e0 son mariage \u00e0 17 ans, au XVIIe si\u00e8cle et de son initiation aux secrets des plantes et de la d\u00e9couverte de son don de gu\u00e9rison (coupeur de feu) aupr\u00e8s d\u2019une vieille gu\u00e9risseuse bretonne puis d\u2019un vieux sage de Saint-Domingue, Zaka, ce qui lui permet d&rsquo;\u00eatre engag\u00e9e comme assistante d&rsquo;un apothicaire. <\/em><em>Il y est aussi question de la condition des femmes (et un questionnement autour du mariage qui me rappelle celui de <a href=\"http:\/\/www.jojoenherbe.com\/index.php\/2021\/09\/16\/nos-lectures-la-belle-et-la-bete\/\"><span style=\"text-decoration: underline;\">La Belle et la B\u00eate<\/span><\/a>), du sort des esclaves et des engag\u00e9s (\u00ab\u00a0les 36 mois\u00a0\u00bb) dans les territoires d&rsquo;Outre-Mer au XVIIe si\u00e8cle.<br \/>\n<\/em><\/p>\n<ul>\n<li><em>(Roman jeunesse) <strong><span style=\"text-decoration: underline;\">La capucine<\/span><\/strong> de Marie Desplechin (T3)<br \/>\n<\/em><\/li>\n<\/ul>\n<p style=\"text-align: justify;\"><em><a href=\"https:\/\/i0.wp.com\/www.jojoenherbe.com\/wp-content\/uploads\/2021\/10\/La-capucine-scaled.jpg\"><img data-recalc-dims=\"1\" loading=\"lazy\" decoding=\"async\" data-attachment-id=\"21385\" data-permalink=\"http:\/\/www.jojoenherbe.com\/index.php\/2021\/10\/12\/point-lecture-hebdomadaire-10\/la-capucine\/\" data-orig-file=\"https:\/\/i0.wp.com\/www.jojoenherbe.com\/wp-content\/uploads\/2021\/10\/La-capucine-scaled.jpg?fit=2560%2C1964\" data-orig-size=\"2560,1964\" data-comments-opened=\"1\" data-image-meta=\"{&quot;aperture&quot;:&quot;1.8&quot;,&quot;credit&quot;:&quot;&quot;,&quot;camera&quot;:&quot;iPhone 7&quot;,&quot;caption&quot;:&quot;&quot;,&quot;created_timestamp&quot;:&quot;1633777084&quot;,&quot;copyright&quot;:&quot;&quot;,&quot;focal_length&quot;:&quot;3.99&quot;,&quot;iso&quot;:&quot;100&quot;,&quot;shutter_speed&quot;:&quot;0.2&quot;,&quot;title&quot;:&quot;&quot;,&quot;orientation&quot;:&quot;1&quot;}\" data-image-title=\"La capucine\" data-image-description=\"\" data-image-caption=\"\" data-large-file=\"https:\/\/i0.wp.com\/www.jojoenherbe.com\/wp-content\/uploads\/2021\/10\/La-capucine-scaled.jpg?fit=676%2C518\" class=\"alignleft size-thumbnail wp-image-21385\" src=\"https:\/\/i0.wp.com\/www.jojoenherbe.com\/wp-content\/uploads\/2021\/10\/La-capucine.jpg?resize=150%2C150\" alt=\"\" width=\"150\" height=\"150\" srcset=\"https:\/\/i0.wp.com\/www.jojoenherbe.com\/wp-content\/uploads\/2021\/10\/La-capucine-scaled.jpg?resize=150%2C150 150w, https:\/\/i0.wp.com\/www.jojoenherbe.com\/wp-content\/uploads\/2021\/10\/La-capucine-scaled.jpg?zoom=2&amp;resize=150%2C150 300w, https:\/\/i0.wp.com\/www.jojoenherbe.com\/wp-content\/uploads\/2021\/10\/La-capucine-scaled.jpg?zoom=3&amp;resize=150%2C150 450w\" sizes=\"auto, (max-width: 150px) 100vw, 150px\" \/><\/a>Je lis aussi <span style=\"text-decoration: underline;\">La capucine<\/span> de Marie Desplechin (\u00e9d. L&rsquo;\u00e9cole des Loisirs, 2020, 220 pages) avec une jolie illustration de couverture de Mayalen Goust. et qui cl\u00f4t la trilogie des filles du si\u00e8cle apr\u00e8s <span style=\"text-decoration: underline;\">S\u00e9raphine<\/span> et <span style=\"text-decoration: underline;\">Satin grenadine<\/span>. La jeune h\u00e9ro\u00efne Louise, \u00e2g\u00e9e de 13 ans et travaillant pour un patron qui la bat r\u00e9guli\u00e8rement dans un petit village de mara\u00eechers, Bobigny \u00e0 10 kilom\u00e8tres de Paris peut compter sur sa m\u00e8re, domestique chez de riches bourgeois parisiens et sur Bernadette, dou\u00e9e pour la cuisine et ayant le don de voir des fant\u00f4mes alors que le spiritisme est en vogue \u00e0 Paris.<br \/>\n<\/em><\/p>\n<p style=\"text-align: justify;\"><em>A travers le choix de vie de Louise, jeune fille au fort caract\u00e8re, ind\u00e9pendante malgr\u00e9 son jeune \u00e2ge et aux mains vertes, on d\u00e9couvre le quotidien des mara\u00eechers \u00e0 Bobigny et celui des domestiques \u00e0 Paris au d\u00e9but du XIXe si\u00e8cle, \u00e9poque encore marqu\u00e9e par la Commune (et la chanson de Jean-Baptiste Cl\u00e9ment, une ronde pour enfants, <span style=\"text-decoration: underline;\">Dansons la capucin<\/span>e). Un bon moment de lecture! Pour un autre avis: <a href=\"https:\/\/mapetitemediatheque.fr\/2021\/02\/les-filles-du-siecle-la-capucine-roman-jeunesse\/\">Bidib<\/a>.<\/em><\/p>\n<ul>\n<li style=\"text-align: justify;\"><em>(Roman jeunesse) <strong><span style=\"text-decoration: underline;\">Esther et Mandragore, Une sorci\u00e8re et son chat<\/span><\/strong> de Sophie Dieuaide et Marie-Pierre Oddoux (T1)<\/em><\/li>\n<\/ul>\n<p style=\"text-align: justify;\"><em><a href=\"https:\/\/i0.wp.com\/www.jojoenherbe.com\/wp-content\/uploads\/2021\/09\/Esther-et-Mandragore-T1-scaled.jpg\"><img data-recalc-dims=\"1\" loading=\"lazy\" decoding=\"async\" data-attachment-id=\"21357\" data-permalink=\"http:\/\/www.jojoenherbe.com\/index.php\/2021\/09\/15\/billet-de-suivi-challenge-halloween-2021\/esther-et-mandragore-t1\/\" data-orig-file=\"https:\/\/i0.wp.com\/www.jojoenherbe.com\/wp-content\/uploads\/2021\/09\/Esther-et-Mandragore-T1-scaled.jpg?fit=2560%2C1924\" data-orig-size=\"2560,1924\" data-comments-opened=\"1\" data-image-meta=\"{&quot;aperture&quot;:&quot;1.8&quot;,&quot;credit&quot;:&quot;&quot;,&quot;camera&quot;:&quot;iPhone 7&quot;,&quot;caption&quot;:&quot;&quot;,&quot;created_timestamp&quot;:&quot;1633777093&quot;,&quot;copyright&quot;:&quot;&quot;,&quot;focal_length&quot;:&quot;3.99&quot;,&quot;iso&quot;:&quot;100&quot;,&quot;shutter_speed&quot;:&quot;0.25&quot;,&quot;title&quot;:&quot;&quot;,&quot;orientation&quot;:&quot;1&quot;}\" data-image-title=\"Esther et Mandragore T1\" data-image-description=\"\" data-image-caption=\"\" data-large-file=\"https:\/\/i0.wp.com\/www.jojoenherbe.com\/wp-content\/uploads\/2021\/09\/Esther-et-Mandragore-T1-scaled.jpg?fit=676%2C508\" class=\"size-thumbnail wp-image-21357 alignright\" src=\"https:\/\/i0.wp.com\/www.jojoenherbe.com\/wp-content\/uploads\/2021\/09\/Esther-et-Mandragore-T1.jpg?resize=150%2C150\" alt=\"\" width=\"150\" height=\"150\" srcset=\"https:\/\/i0.wp.com\/www.jojoenherbe.com\/wp-content\/uploads\/2021\/09\/Esther-et-Mandragore-T1-scaled.jpg?resize=150%2C150 150w, https:\/\/i0.wp.com\/www.jojoenherbe.com\/wp-content\/uploads\/2021\/09\/Esther-et-Mandragore-T1-scaled.jpg?zoom=2&amp;resize=150%2C150 300w, https:\/\/i0.wp.com\/www.jojoenherbe.com\/wp-content\/uploads\/2021\/09\/Esther-et-Mandragore-T1-scaled.jpg?zoom=3&amp;resize=150%2C150 450w\" sizes=\"auto, (max-width: 150px) 100vw, 150px\" \/><\/a>Je lis aussi le tome 1 d&rsquo;<span style=\"text-decoration: underline;\">Esther et Mandragore, Une sorci\u00e8re et son chat<\/span> de Sophie Dieuaide et Marie-Pierre Oddoux (\u00e9d. Talents Hauts, 2016, 125 pages), un roman jeunesse pour les 8\/12 ans. A l\u2019\u00e9cole des Sorci\u00e8res, Esther Fleurdefer, \u00e9l\u00e8ve de premi\u00e8re ann\u00e9e, se voit d\u00e9cerner le premier prix de curiosit\u00e9 lui permettant de se rendre quand elle le souhaite dans l\u2019Autre Monde, chez les Humains avec son chat Mandragore (un familier r\u00e2leur) avec interdiction de se servir de sa magie. C\u2019est ainsi qu\u2019elle va vivre chez la sorci\u00e8re Agatha et qu\u2019elle va aider une petite Zo\u00e9 \u00e0 retrouver son chaton noir Puce.<br \/>\n<\/em><\/p>\n<p style=\"text-align: justify;\"><em>Il est question d&rsquo;amiti\u00e9, d&rsquo;entraide et de l&rsquo;amour que l&rsquo;on peut porter \u00e0 son animal de compagnie. Une histoire pour les jeunes lecteurs amateurs de sorcellerie et de chat! J&rsquo;ai \u00e9galement emprunt\u00e9 \u00e0 la m\u00e9diath\u00e8que les tomes suivants.<\/em><\/p>\n<ul>\n<li style=\"text-align: justify;\"><em>(Romans jeunesse) <strong><span style=\"text-decoration: underline;\">Charlock<\/span><\/strong> de S\u00e9bastien Perez et Benjamin Lacombe (T1 et T2)<\/em><\/li>\n<\/ul>\n<p style=\"text-align: justify;\"><em><a href=\"https:\/\/i0.wp.com\/www.jojoenherbe.com\/wp-content\/uploads\/2021\/10\/Charlock-T1-scaled.jpg\"><img data-recalc-dims=\"1\" loading=\"lazy\" decoding=\"async\" data-attachment-id=\"21386\" data-permalink=\"http:\/\/www.jojoenherbe.com\/index.php\/2021\/10\/12\/point-lecture-hebdomadaire-10\/charlock-t1\/\" data-orig-file=\"https:\/\/i0.wp.com\/www.jojoenherbe.com\/wp-content\/uploads\/2021\/10\/Charlock-T1-scaled.jpg?fit=2560%2C1934\" data-orig-size=\"2560,1934\" data-comments-opened=\"1\" data-image-meta=\"{&quot;aperture&quot;:&quot;1.8&quot;,&quot;credit&quot;:&quot;&quot;,&quot;camera&quot;:&quot;iPhone 7&quot;,&quot;caption&quot;:&quot;&quot;,&quot;created_timestamp&quot;:&quot;1633955636&quot;,&quot;copyright&quot;:&quot;&quot;,&quot;focal_length&quot;:&quot;3.99&quot;,&quot;iso&quot;:&quot;80&quot;,&quot;shutter_speed&quot;:&quot;0.058823529411765&quot;,&quot;title&quot;:&quot;&quot;,&quot;orientation&quot;:&quot;1&quot;}\" data-image-title=\"Charlock T1\" data-image-description=\"\" data-image-caption=\"\" data-large-file=\"https:\/\/i0.wp.com\/www.jojoenherbe.com\/wp-content\/uploads\/2021\/10\/Charlock-T1-scaled.jpg?fit=676%2C511\" class=\"alignleft size-thumbnail wp-image-21386\" src=\"https:\/\/i0.wp.com\/www.jojoenherbe.com\/wp-content\/uploads\/2021\/10\/Charlock-T1.jpg?resize=150%2C150\" alt=\"\" width=\"150\" height=\"150\" srcset=\"https:\/\/i0.wp.com\/www.jojoenherbe.com\/wp-content\/uploads\/2021\/10\/Charlock-T1-scaled.jpg?resize=150%2C150 150w, https:\/\/i0.wp.com\/www.jojoenherbe.com\/wp-content\/uploads\/2021\/10\/Charlock-T1-scaled.jpg?zoom=2&amp;resize=150%2C150 300w, https:\/\/i0.wp.com\/www.jojoenherbe.com\/wp-content\/uploads\/2021\/10\/Charlock-T1-scaled.jpg?zoom=3&amp;resize=150%2C150 450w\" sizes=\"auto, (max-width: 150px) 100vw, 150px\" \/><\/a>Nous lisons le tome 1 de <strong><span style=\"text-decoration: underline;\">Charlock, La disparition des souris<\/span><\/strong> de S\u00e9bastien Perez et Benjamin Lacombe (\u00e9d. Flammarion Jeunesse, 2020), un roman jeunesse pour les 8\/10 ans. Charlock est un chat bleu aux multiples vies et d\u00e9tective. Alors qu&rsquo;il vit \u00e0 Paris en 1975 chez Mamzel Marcelle, il se lie d&rsquo;amiti\u00e9 avec une souris Magali. Mais un jour, son amie dispara\u00eet. Charlock r\u00e9unit leur bande d&rsquo;amis (un cacaot\u00e8s, un chat, un chihuahua et un lapin) pour enqu\u00eater. <\/em><\/p>\n<p style=\"text-align: justify;\"><em>En s&rsquo;inspirant de Sherlock Holmes, l&rsquo;histoire est \u00e9galement une revisite rigolote du <span style=\"text-decoration: underline;\">Joueur de fl\u00fbte de Hamelin<\/span> des fr\u00e8res Grimm. Il est question d&rsquo;amiti\u00e9, de peur, de tol\u00e9rance et d&rsquo;entraide avec des animaux qui a priori n&rsquo;\u00e9taient pas vraiment fait pour s&rsquo;entendre. Le duo Perez\/Lacombe fonctionne toujours aussi bien pour cette fois un lectorat plus jeune. Un bon moment de lecture avec un texte rempli de jeux de mots (en particulier le nom des animaux)! A noter toutefois que pour les jeunes lecteurs, l&rsquo;histoire r\u00e9v\u00e8le le secret de la Petite Souris.<br \/>\n<\/em><\/p>\n<p style=\"text-align: justify;\"><em><a href=\"https:\/\/i0.wp.com\/www.jojoenherbe.com\/wp-content\/uploads\/2021\/10\/Charlock-T2-scaled.jpg\"><img data-recalc-dims=\"1\" loading=\"lazy\" decoding=\"async\" data-attachment-id=\"21387\" data-permalink=\"http:\/\/www.jojoenherbe.com\/index.php\/2021\/10\/12\/point-lecture-hebdomadaire-10\/charlock-t2\/\" data-orig-file=\"https:\/\/i0.wp.com\/www.jojoenherbe.com\/wp-content\/uploads\/2021\/10\/Charlock-T2-scaled.jpg?fit=2560%2C1872\" data-orig-size=\"2560,1872\" data-comments-opened=\"1\" data-image-meta=\"{&quot;aperture&quot;:&quot;1.8&quot;,&quot;credit&quot;:&quot;&quot;,&quot;camera&quot;:&quot;iPhone 7&quot;,&quot;caption&quot;:&quot;&quot;,&quot;created_timestamp&quot;:&quot;1633955646&quot;,&quot;copyright&quot;:&quot;&quot;,&quot;focal_length&quot;:&quot;3.99&quot;,&quot;iso&quot;:&quot;80&quot;,&quot;shutter_speed&quot;:&quot;0.058823529411765&quot;,&quot;title&quot;:&quot;&quot;,&quot;orientation&quot;:&quot;1&quot;}\" data-image-title=\"Charlock T2\" data-image-description=\"\" data-image-caption=\"\" data-large-file=\"https:\/\/i0.wp.com\/www.jojoenherbe.com\/wp-content\/uploads\/2021\/10\/Charlock-T2-scaled.jpg?fit=676%2C494\" class=\"size-thumbnail wp-image-21387 alignright\" src=\"https:\/\/i0.wp.com\/www.jojoenherbe.com\/wp-content\/uploads\/2021\/10\/Charlock-T2.jpg?resize=150%2C150\" alt=\"\" width=\"150\" height=\"150\" srcset=\"https:\/\/i0.wp.com\/www.jojoenherbe.com\/wp-content\/uploads\/2021\/10\/Charlock-T2-scaled.jpg?resize=150%2C150 150w, https:\/\/i0.wp.com\/www.jojoenherbe.com\/wp-content\/uploads\/2021\/10\/Charlock-T2-scaled.jpg?zoom=2&amp;resize=150%2C150 300w, https:\/\/i0.wp.com\/www.jojoenherbe.com\/wp-content\/uploads\/2021\/10\/Charlock-T2-scaled.jpg?zoom=3&amp;resize=150%2C150 450w\" sizes=\"auto, (max-width: 150px) 100vw, 150px\" \/><\/a>Nous encha\u00eenons avec le tome 2 de <strong><span style=\"text-decoration: underline;\">Charlock, Le trafic de croquettes<\/span><\/strong> (\u00e9d. Flammarion Jeunesse, 2020). Cette fois, aid\u00e9 de Claude, un pigeon voyageur un brin zozo et qui louche, Charlock est charg\u00e9 de d\u00e9couvrir qui empoisonne des croquettes pour chiens \u00e0 New York en 1917, sous fond de guerre des gangs entre chiens et chats. <\/em><em>Les personnages sont tout aussi bien croqu\u00e9s que dans le tome pr\u00e9c\u00e9dent. De fa\u00e7on rigolote, il est question d&rsquo;amiti\u00e9 et de libert\u00e9 pour des animaux vivants \u00e0 la rue depuis toujours ou apr\u00e8s avoir perdu leurs ma\u00eetres<\/em><em>. Encore un bon moment de lecture!<br \/>\n<\/em><\/p>\n<p style=\"text-align: justify;\"><strong><span style=\"text-decoration: underline;\">Nos lectures en cours<\/span>: <\/strong><\/p>\n<ul style=\"text-align: justify;\">\n<li><em>(Roman jeunesse) <strong><span style=\"text-decoration: underline;\">Magic Charly, Bienvenue \u00e0 Saint-Fouettard<\/span><\/strong> d&rsquo;Audrey Alwett (T2)<br \/>\n<\/em><\/li>\n<\/ul>\n<p style=\"text-align: justify;\"><em><a href=\"https:\/\/i0.wp.com\/www.jojoenherbe.com\/wp-content\/uploads\/2021\/09\/Magic-Charly-T2-1-scaled.jpg\"><img data-recalc-dims=\"1\" loading=\"lazy\" decoding=\"async\" data-attachment-id=\"21234\" data-permalink=\"http:\/\/www.jojoenherbe.com\/index.php\/2021\/09\/15\/billet-de-suivi-challenge-halloween-2021\/magic-charly-t2-2\/\" data-orig-file=\"https:\/\/i0.wp.com\/www.jojoenherbe.com\/wp-content\/uploads\/2021\/09\/Magic-Charly-T2-1-scaled.jpg?fit=2560%2C1960\" data-orig-size=\"2560,1960\" data-comments-opened=\"1\" data-image-meta=\"{&quot;aperture&quot;:&quot;1.8&quot;,&quot;credit&quot;:&quot;&quot;,&quot;camera&quot;:&quot;iPhone 7&quot;,&quot;caption&quot;:&quot;&quot;,&quot;created_timestamp&quot;:&quot;1633436009&quot;,&quot;copyright&quot;:&quot;&quot;,&quot;focal_length&quot;:&quot;3.99&quot;,&quot;iso&quot;:&quot;100&quot;,&quot;shutter_speed&quot;:&quot;0.058823529411765&quot;,&quot;title&quot;:&quot;&quot;,&quot;orientation&quot;:&quot;1&quot;}\" data-image-title=\"Magic Charly T2\" data-image-description=\"\" data-image-caption=\"\" data-large-file=\"https:\/\/i0.wp.com\/www.jojoenherbe.com\/wp-content\/uploads\/2021\/09\/Magic-Charly-T2-1-scaled.jpg?fit=676%2C518\" class=\"alignleft size-thumbnail wp-image-21234\" src=\"https:\/\/i0.wp.com\/www.jojoenherbe.com\/wp-content\/uploads\/2021\/09\/Magic-Charly-T2-1.jpg?resize=150%2C150\" alt=\"\" width=\"150\" height=\"150\" srcset=\"https:\/\/i0.wp.com\/www.jojoenherbe.com\/wp-content\/uploads\/2021\/09\/Magic-Charly-T2-1-scaled.jpg?resize=150%2C150 150w, https:\/\/i0.wp.com\/www.jojoenherbe.com\/wp-content\/uploads\/2021\/09\/Magic-Charly-T2-1-scaled.jpg?zoom=2&amp;resize=150%2C150 300w, https:\/\/i0.wp.com\/www.jojoenherbe.com\/wp-content\/uploads\/2021\/09\/Magic-Charly-T2-1-scaled.jpg?zoom=3&amp;resize=150%2C150 450w\" sizes=\"auto, (max-width: 150px) 100vw, 150px\" \/><\/a>Je suis en train de lire le tome 2 de <span style=\"text-decoration: underline;\">Magic Charly, Bienvenue \u00e0 Saint-Fouettard<\/span> d&rsquo;Audrey Alwett (\u00e9d. Gallimard Jeunesse, 2021, 523 pages), un roman jeunesse fantasy \u00e0 partir de 12 ans. Dimanche soir, je m&rsquo;arr\u00eate, vu l&rsquo;heure, au chapitre 13 (264 pages lues). Charly et Sapotille sont envoy\u00e9s \u00e0 Saint-Fouettard, une institution pour jeunes magiciers indisciplin\u00e9s \u00e0 Thadam, en Bretagne. L&rsquo;endroit est lugubre et glacial avec des professeurs peu enclins \u00e0 leur apprendre la magie et des pensionnaires surveill\u00e9s par des croquemitaines et des rumeurs qui se faufilent partout pour tout rapporter au directeur. L&rsquo;avenir de Charly et Sapotille semble bien compromis.<br \/>\n<\/em><\/p>\n<ul>\n<li style=\"text-align: justify;\"><em>(Roman jeunesse) <strong><span style=\"text-decoration: underline;\">Charlock, L&rsquo;affaire du collier<\/span><\/strong> de S\u00e9bastien Perez et Benjamin Lacombe (T3) <\/em><\/li>\n<\/ul>\n<p style=\"text-align: justify;\"><em><a href=\"https:\/\/i0.wp.com\/www.jojoenherbe.com\/wp-content\/uploads\/2021\/10\/Charlock-T3-scaled.jpg\"><img data-recalc-dims=\"1\" loading=\"lazy\" decoding=\"async\" data-attachment-id=\"21388\" data-permalink=\"http:\/\/www.jojoenherbe.com\/index.php\/2021\/10\/12\/point-lecture-hebdomadaire-10\/charlock-t3\/\" data-orig-file=\"https:\/\/i0.wp.com\/www.jojoenherbe.com\/wp-content\/uploads\/2021\/10\/Charlock-T3-scaled.jpg?fit=2560%2C2195\" data-orig-size=\"2560,2195\" data-comments-opened=\"1\" data-image-meta=\"{&quot;aperture&quot;:&quot;1.8&quot;,&quot;credit&quot;:&quot;&quot;,&quot;camera&quot;:&quot;iPhone 7&quot;,&quot;caption&quot;:&quot;&quot;,&quot;created_timestamp&quot;:&quot;1633955656&quot;,&quot;copyright&quot;:&quot;&quot;,&quot;focal_length&quot;:&quot;3.99&quot;,&quot;iso&quot;:&quot;80&quot;,&quot;shutter_speed&quot;:&quot;0.058823529411765&quot;,&quot;title&quot;:&quot;&quot;,&quot;orientation&quot;:&quot;1&quot;}\" data-image-title=\"Charlock T3\" data-image-description=\"\" data-image-caption=\"\" data-large-file=\"https:\/\/i0.wp.com\/www.jojoenherbe.com\/wp-content\/uploads\/2021\/10\/Charlock-T3-scaled.jpg?fit=676%2C580\" class=\"size-thumbnail wp-image-21388 alignright\" src=\"https:\/\/i0.wp.com\/www.jojoenherbe.com\/wp-content\/uploads\/2021\/10\/Charlock-T3.jpg?resize=150%2C150\" alt=\"\" width=\"150\" height=\"150\" srcset=\"https:\/\/i0.wp.com\/www.jojoenherbe.com\/wp-content\/uploads\/2021\/10\/Charlock-T3-scaled.jpg?resize=150%2C150 150w, https:\/\/i0.wp.com\/www.jojoenherbe.com\/wp-content\/uploads\/2021\/10\/Charlock-T3-scaled.jpg?zoom=2&amp;resize=150%2C150 300w, https:\/\/i0.wp.com\/www.jojoenherbe.com\/wp-content\/uploads\/2021\/10\/Charlock-T3-scaled.jpg?zoom=3&amp;resize=150%2C150 450w\" sizes=\"auto, (max-width: 150px) 100vw, 150px\" \/><\/a>Apr\u00e8s avoir lu samedi en fin d&rsquo;apr\u00e8s-midi les deux premiers tomes de Charlock, nous commen\u00e7ons dimanche soir pour l&rsquo;histoire du soir le tome 3, avec les deux premiers chapitres: <span style=\"text-decoration: underline;\">Charlock, L&rsquo;affaire du collier<\/span> (\u00e9d. Flammarion Jeunesse, 2021), un roman jeunesse pour les 8\/10 ans. Cette fois, Charlock, chat d\u00e9tective aux multiples vies doit r\u00e9soudre une nouvelle enqu\u00eate qui le conduit en Autriche, en 1763: le collier de la Reine Lisbeth ayant disparu.\u00a0<\/em><\/p>\n","protected":false},"excerpt":{"rendered":"<p>En ce d\u00e9but de semaine, voici notre point lecture hebdomadaire avec un retour sur nos lectures de la semaine derni\u00e8re et celle en cours, avec un passage \u00e0 la m\u00e9diath\u00e8que et qui rentrent presque toutes dans le cadre du Challenge Halloween de Lou et Hilde. Nos lectures du 4 au 10 octobre 2021: Des albums [&hellip;]<\/p>\n","protected":false},"author":1,"featured_media":21380,"comment_status":"open","ping_status":"open","sticky":false,"template":"","format":"standard","meta":{"jetpack_post_was_ever_published":false,"_jetpack_newsletter_access":"","_jetpack_dont_email_post_to_subs":false,"_jetpack_newsletter_tier_id":0,"_jetpack_memberships_contains_paywalled_content":false,"_jetpack_memberships_contains_paid_content":false,"footnotes":""},"categories":[2140,363],"tags":[409,2792,1342,596,2087,1226,1293,1085,367,1887,1886,2794,2767,789,1572,2786,2793,2791],"class_list":["post-21320","post","type-post","status-publish","format-standard","has-post-thumbnail","hentry","category-mini-blogueur","category-mini-lecteur","tag-albums-jeunesse","tag-anne-marie-desplat-duc","tag-audrey-alwett","tag-bandes-dessinees","tag-bd-adulte","tag-bd-jeunesse","tag-benjamin-lacombe","tag-lecture-adulte","tag-lecture-jeunesse","tag-magali-le-huche","tag-marie-desplechin","tag-marie-pierre-oddoux","tag-point-lecture-hebdo","tag-romans-jeunesse","tag-sebastien-perez","tag-shea-ernshaw","tag-sophie-dieuaide","tag-thomas-gilbert","post-preview"],"jetpack_featured_media_url":"https:\/\/i0.wp.com\/www.jojoenherbe.com\/wp-content\/uploads\/2021\/10\/point-lecture-hebdo-10-scaled.jpg?fit=2560%2C1920","jetpack_sharing_enabled":true,"jetpack_shortlink":"https:\/\/wp.me\/p9zhGx-5xS","jetpack_likes_enabled":true,"jetpack-related-posts":[{"id":25915,"url":"http:\/\/www.jojoenherbe.com\/index.php\/2022\/06\/20\/point-lecture-hebdomadaire-46\/","url_meta":{"origin":21320,"position":0},"title":"Point lecture hebdomadaire #46","author":"Jojo","date":"20 juin 2022","format":false,"excerpt":"En ce d\u00e9but de semaine, voici notre point lecture hebdomadaire avec un retour sur nos lectures de la semaine derni\u00e8re (mais pas nos relectures) et ma lecture en cours. j'ai surtout pioch\u00e9 dans ma PAL anglo-saxonne puisqu'en juin, c'est le Mois Anglais 2022 coorganis\u00e9e par Lou et Titine. Nos lectures\u2026","rel":"","context":"Dans &quot;Mini blogueur&quot;","block_context":{"text":"Mini blogueur","link":"http:\/\/www.jojoenherbe.com\/index.php\/category\/mini-blogueur\/"},"img":{"alt_text":"","src":"https:\/\/i0.wp.com\/www.jojoenherbe.com\/wp-content\/uploads\/2022\/07\/Point-lecture-hebdo-46-scaled.jpg?fit=1200%2C795&resize=350%2C200","width":350,"height":200,"srcset":"https:\/\/i0.wp.com\/www.jojoenherbe.com\/wp-content\/uploads\/2022\/07\/Point-lecture-hebdo-46-scaled.jpg?fit=1200%2C795&resize=350%2C200 1x, https:\/\/i0.wp.com\/www.jojoenherbe.com\/wp-content\/uploads\/2022\/07\/Point-lecture-hebdo-46-scaled.jpg?fit=1200%2C795&resize=525%2C300 1.5x, https:\/\/i0.wp.com\/www.jojoenherbe.com\/wp-content\/uploads\/2022\/07\/Point-lecture-hebdo-46-scaled.jpg?fit=1200%2C795&resize=700%2C400 2x, https:\/\/i0.wp.com\/www.jojoenherbe.com\/wp-content\/uploads\/2022\/07\/Point-lecture-hebdo-46-scaled.jpg?fit=1200%2C795&resize=1050%2C600 3x"},"classes":[]},{"id":37057,"url":"http:\/\/www.jojoenherbe.com\/index.php\/2024\/09\/30\/point-lecture-hebdomadaire-2024-39\/","url_meta":{"origin":21320,"position":1},"title":"Point lecture hebdomadaire 2024 #39","author":"Jojo","date":"30 septembre 2024","format":false,"excerpt":"En ce d\u00e9but de semaine, voici mon point lecture hebdomadaire avec un retour sur nos lectures (mais pas nos relectures) de la semaine derni\u00e8re. Nos lectures du 23 au 29 septembre 2024: Des lectures jeunesse: Nous avons continu\u00e9 chaque soir et presque fini de lire Le jardin secret de Frances\u2026","rel":"","context":"Dans &quot;Mini blogueur&quot;","block_context":{"text":"Mini blogueur","link":"http:\/\/www.jojoenherbe.com\/index.php\/category\/mini-blogueur\/"},"img":{"alt_text":"","src":"https:\/\/i0.wp.com\/www.jojoenherbe.com\/wp-content\/uploads\/2020\/04\/Le-jardin-secret-150x150.jpg?resize=350%2C200","width":350,"height":200},"classes":[]},{"id":25557,"url":"http:\/\/www.jojoenherbe.com\/index.php\/2022\/05\/16\/point-lecture-hebdomadaire-41\/","url_meta":{"origin":21320,"position":2},"title":"Point lecture hebdomadaire #41","author":"Jojo","date":"16 mai 2022","format":false,"excerpt":"En ce d\u00e9but de semaine, voici notre point lecture hebdomadaire avec un retour sur la plupart de nos lectures de la semaine derni\u00e8re (mais pas nos relectures). Nos lectures du\u00a0 9 au 15 mai 2022: Des lectures jeunesse: (Album jeunesse) Une aventure avec Alice au Pays des Merveilles de Katherine\u2026","rel":"","context":"Dans &quot;Mini blogueur&quot;","block_context":{"text":"Mini blogueur","link":"http:\/\/www.jojoenherbe.com\/index.php\/category\/mini-blogueur\/"},"img":{"alt_text":"","src":"https:\/\/i0.wp.com\/www.jojoenherbe.com\/wp-content\/uploads\/2022\/05\/Point-lecture-hebdo-41-scaled.jpg?fit=1200%2C900&resize=350%2C200","width":350,"height":200,"srcset":"https:\/\/i0.wp.com\/www.jojoenherbe.com\/wp-content\/uploads\/2022\/05\/Point-lecture-hebdo-41-scaled.jpg?fit=1200%2C900&resize=350%2C200 1x, https:\/\/i0.wp.com\/www.jojoenherbe.com\/wp-content\/uploads\/2022\/05\/Point-lecture-hebdo-41-scaled.jpg?fit=1200%2C900&resize=525%2C300 1.5x, https:\/\/i0.wp.com\/www.jojoenherbe.com\/wp-content\/uploads\/2022\/05\/Point-lecture-hebdo-41-scaled.jpg?fit=1200%2C900&resize=700%2C400 2x, https:\/\/i0.wp.com\/www.jojoenherbe.com\/wp-content\/uploads\/2022\/05\/Point-lecture-hebdo-41-scaled.jpg?fit=1200%2C900&resize=1050%2C600 3x"},"classes":[]},{"id":41939,"url":"http:\/\/www.jojoenherbe.com\/index.php\/2026\/01\/04\/point-lecture-hebdomadaire-2025-52\/","url_meta":{"origin":21320,"position":3},"title":"Point lecture hebdomadaire 2025 #52","author":"Jojo","date":"4 janvier 2026","format":false,"excerpt":"En cette fin de semaine, voici mon point lecture hebdomadaire avec un retour sur nos lectures (mais pas nos relectures) de la semaine derni\u00e8re, m\u00eame si j'ai peu lu jusqu'\u00e0 No\u00ebl puisque nous avions pris une semaine de cong\u00e9s, avec le d\u00e9but de semaine pass\u00e9 dans la Dr\u00f4me puis pour\u2026","rel":"","context":"Dans &quot;Mini blogueur&quot;","block_context":{"text":"Mini blogueur","link":"http:\/\/www.jojoenherbe.com\/index.php\/category\/mini-blogueur\/"},"img":{"alt_text":"","src":"https:\/\/i0.wp.com\/www.jojoenherbe.com\/wp-content\/uploads\/2026\/01\/Minecraft-T2-a-T5-150x150.jpg?resize=350%2C200","width":350,"height":200},"classes":[]},{"id":31501,"url":"http:\/\/www.jojoenherbe.com\/index.php\/2023\/08\/21\/point-lecture-hebdomadaire-2023-33\/","url_meta":{"origin":21320,"position":4},"title":"Point lecture hebdomadaire 2023 #33","author":"Jojo","date":"21 ao\u00fbt 2023","format":false,"excerpt":"En ce d\u00e9but de semaine, voici notre point lecture hebdomadaire avec un retour sur nos lectures de la semaine derni\u00e8re (mais pas nos relectures). Nos lectures du 14 au 20 ao\u00fbt 2023: Des lectures jeunesse: (Roman jeunesse) Vol d\u2019\u00e9t\u00e9 de Marie-Anne Abesdris Nous avons lu Vol d\u2019\u00e9t\u00e9 de Marie-Anne Abesdris\u2026","rel":"","context":"Dans &quot;Mini blogueur&quot;","block_context":{"text":"Mini blogueur","link":"http:\/\/www.jojoenherbe.com\/index.php\/category\/mini-blogueur\/"},"img":{"alt_text":"","src":"https:\/\/i0.wp.com\/www.jojoenherbe.com\/wp-content\/uploads\/2023\/08\/Vol-dete-150x150.jpg?resize=350%2C200","width":350,"height":200},"classes":[]},{"id":30302,"url":"http:\/\/www.jojoenherbe.com\/index.php\/2023\/03\/27\/point-lecture-hebdomadaire-2023-12\/","url_meta":{"origin":21320,"position":5},"title":"Point lecture hebdomadaire 2023 #12","author":"Jojo","date":"27 mars 2023","format":false,"excerpt":"En ce d\u00e9but de semaine, voici notre point lecture hebdomadaire avec un retour sur nos lectures de la semaine derni\u00e8re (mais pas nos relectures). Nos lectures du 20 au 26 mars 2023: Des lectures jeunesse: (Album jeunesse) L\u2019\u00e9cureuil et le printemps de Sebastian Meschenmoser Nous avons lu L\u2019\u00e9cureuil et le\u2026","rel":"","context":"Dans &quot;Mini blogueur&quot;","block_context":{"text":"Mini blogueur","link":"http:\/\/www.jojoenherbe.com\/index.php\/category\/mini-blogueur\/"},"img":{"alt_text":"","src":"https:\/\/i0.wp.com\/www.jojoenherbe.com\/wp-content\/uploads\/2023\/03\/Point-lecture-hebdomadaire-2023-12-scaled.jpg?fit=1200%2C764&resize=350%2C200","width":350,"height":200,"srcset":"https:\/\/i0.wp.com\/www.jojoenherbe.com\/wp-content\/uploads\/2023\/03\/Point-lecture-hebdomadaire-2023-12-scaled.jpg?fit=1200%2C764&resize=350%2C200 1x, https:\/\/i0.wp.com\/www.jojoenherbe.com\/wp-content\/uploads\/2023\/03\/Point-lecture-hebdomadaire-2023-12-scaled.jpg?fit=1200%2C764&resize=525%2C300 1.5x, https:\/\/i0.wp.com\/www.jojoenherbe.com\/wp-content\/uploads\/2023\/03\/Point-lecture-hebdomadaire-2023-12-scaled.jpg?fit=1200%2C764&resize=700%2C400 2x, https:\/\/i0.wp.com\/www.jojoenherbe.com\/wp-content\/uploads\/2023\/03\/Point-lecture-hebdomadaire-2023-12-scaled.jpg?fit=1200%2C764&resize=1050%2C600 3x"},"classes":[]}],"_links":{"self":[{"href":"http:\/\/www.jojoenherbe.com\/index.php\/wp-json\/wp\/v2\/posts\/21320","targetHints":{"allow":["GET"]}}],"collection":[{"href":"http:\/\/www.jojoenherbe.com\/index.php\/wp-json\/wp\/v2\/posts"}],"about":[{"href":"http:\/\/www.jojoenherbe.com\/index.php\/wp-json\/wp\/v2\/types\/post"}],"author":[{"embeddable":true,"href":"http:\/\/www.jojoenherbe.com\/index.php\/wp-json\/wp\/v2\/users\/1"}],"replies":[{"embeddable":true,"href":"http:\/\/www.jojoenherbe.com\/index.php\/wp-json\/wp\/v2\/comments?post=21320"}],"version-history":[{"count":2,"href":"http:\/\/www.jojoenherbe.com\/index.php\/wp-json\/wp\/v2\/posts\/21320\/revisions"}],"predecessor-version":[{"id":27620,"href":"http:\/\/www.jojoenherbe.com\/index.php\/wp-json\/wp\/v2\/posts\/21320\/revisions\/27620"}],"wp:featuredmedia":[{"embeddable":true,"href":"http:\/\/www.jojoenherbe.com\/index.php\/wp-json\/wp\/v2\/media\/21380"}],"wp:attachment":[{"href":"http:\/\/www.jojoenherbe.com\/index.php\/wp-json\/wp\/v2\/media?parent=21320"}],"wp:term":[{"taxonomy":"category","embeddable":true,"href":"http:\/\/www.jojoenherbe.com\/index.php\/wp-json\/wp\/v2\/categories?post=21320"},{"taxonomy":"post_tag","embeddable":true,"href":"http:\/\/www.jojoenherbe.com\/index.php\/wp-json\/wp\/v2\/tags?post=21320"}],"curies":[{"name":"wp","href":"https:\/\/api.w.org\/{rel}","templated":true}]}}