{"id":21011,"date":"2021-09-27T16:13:20","date_gmt":"2021-09-27T14:13:20","guid":{"rendered":"http:\/\/www.jojoenherbe.com\/?p=21011"},"modified":"2022-03-03T10:34:25","modified_gmt":"2022-03-03T09:34:25","slug":"point-lecture-hebdomadaire-8","status":"publish","type":"post","link":"http:\/\/www.jojoenherbe.com\/index.php\/2021\/09\/27\/point-lecture-hebdomadaire-8\/","title":{"rendered":"Point lecture hebdomadaire #8"},"content":{"rendered":"<p style=\"text-align: justify;\"><em>En ce d\u00e9but de semaine, voici notre point lecture hebdomadaire avec un retour sur nos lectures de la semaine derni\u00e8re, celle en cours et sans doute nos prochaines, ponctu\u00e9es de passages \u00e0 la librairie et \u00e0 la m\u00e9diath\u00e8que.<\/em><\/p>\n<p style=\"text-align: justify;\"><span style=\"text-decoration: underline;\"><strong>Nos lectures du 20 au 26 septembre 2021<\/strong><\/span><strong>:<\/strong><\/p>\n<p style=\"text-align: justify;\"><em><span style=\"text-decoration: underline;\">Des albums jeunesse<\/span>:<\/em><\/p>\n<p style=\"text-align: justify;\"><em>Nous continuons nos relectures et d\u00e9couvertes d&rsquo;histoires d&rsquo;automne et d&rsquo;Halloween mais pas que avec des histoires de dinosaures.<\/em><\/p>\n<p><a href=\"https:\/\/i0.wp.com\/www.jojoenherbe.com\/wp-content\/uploads\/2021\/09\/Albums-jeunesse-8-scaled.jpg\"><img data-recalc-dims=\"1\" loading=\"lazy\" decoding=\"async\" data-attachment-id=\"21015\" data-permalink=\"http:\/\/www.jojoenherbe.com\/index.php\/2021\/09\/27\/point-lecture-hebdomadaire-8\/albums-jeunesse-8-2\/\" data-orig-file=\"https:\/\/i0.wp.com\/www.jojoenherbe.com\/wp-content\/uploads\/2021\/09\/Albums-jeunesse-8-scaled.jpg?fit=2560%2C2381\" data-orig-size=\"2560,2381\" data-comments-opened=\"1\" data-image-meta=\"{&quot;aperture&quot;:&quot;1.8&quot;,&quot;credit&quot;:&quot;&quot;,&quot;camera&quot;:&quot;iPhone 7&quot;,&quot;caption&quot;:&quot;&quot;,&quot;created_timestamp&quot;:&quot;1632739997&quot;,&quot;copyright&quot;:&quot;&quot;,&quot;focal_length&quot;:&quot;3.99&quot;,&quot;iso&quot;:&quot;100&quot;,&quot;shutter_speed&quot;:&quot;0.071428571428571&quot;,&quot;title&quot;:&quot;&quot;,&quot;orientation&quot;:&quot;1&quot;}\" data-image-title=\"Albums jeunesse #8\" data-image-description=\"\" data-image-caption=\"\" data-large-file=\"https:\/\/i0.wp.com\/www.jojoenherbe.com\/wp-content\/uploads\/2021\/09\/Albums-jeunesse-8-scaled.jpg?fit=676%2C628\" class=\"aligncenter size-medium wp-image-21015\" src=\"https:\/\/i0.wp.com\/www.jojoenherbe.com\/wp-content\/uploads\/2021\/09\/Albums-jeunesse-8.jpg?resize=300%2C279\" alt=\"\" width=\"300\" height=\"279\" srcset=\"https:\/\/i0.wp.com\/www.jojoenherbe.com\/wp-content\/uploads\/2021\/09\/Albums-jeunesse-8-scaled.jpg?resize=300%2C279 300w, https:\/\/i0.wp.com\/www.jojoenherbe.com\/wp-content\/uploads\/2021\/09\/Albums-jeunesse-8-scaled.jpg?resize=1024%2C952 1024w, https:\/\/i0.wp.com\/www.jojoenherbe.com\/wp-content\/uploads\/2021\/09\/Albums-jeunesse-8-scaled.jpg?resize=768%2C714 768w, https:\/\/i0.wp.com\/www.jojoenherbe.com\/wp-content\/uploads\/2021\/09\/Albums-jeunesse-8-scaled.jpg?resize=1536%2C1428 1536w, https:\/\/i0.wp.com\/www.jojoenherbe.com\/wp-content\/uploads\/2021\/09\/Albums-jeunesse-8-scaled.jpg?resize=2048%2C1904 2048w, https:\/\/i0.wp.com\/www.jojoenherbe.com\/wp-content\/uploads\/2021\/09\/Albums-jeunesse-8-scaled.jpg?resize=676%2C629 676w, https:\/\/i0.wp.com\/www.jojoenherbe.com\/wp-content\/uploads\/2021\/09\/Albums-jeunesse-8-scaled.jpg?w=1352 1352w\" sizes=\"auto, (max-width: 300px) 100vw, 300px\" \/><\/a><\/p>\n<ul>\n<li style=\"text-align: justify;\"><em>(Album jeunesse) <strong><span style=\"text-decoration: underline;\">Toute la v\u00e9rit\u00e9 sur les dinosaures<\/span><\/strong> de Guido Van Genechten<br \/><\/em><\/li>\n<\/ul>\n<p style=\"text-align: justify;\"><em><a href=\"https:\/\/i0.wp.com\/www.jojoenherbe.com\/wp-content\/uploads\/2021\/09\/Toute-la-verite-sur-les-dinosaures-scaled.jpg\"><img data-recalc-dims=\"1\" loading=\"lazy\" decoding=\"async\" data-attachment-id=\"21032\" data-permalink=\"http:\/\/www.jojoenherbe.com\/index.php\/2021\/09\/27\/point-lecture-hebdomadaire-8\/toute-la-verite-sur-les-dinosaures\/\" data-orig-file=\"https:\/\/i0.wp.com\/www.jojoenherbe.com\/wp-content\/uploads\/2021\/09\/Toute-la-verite-sur-les-dinosaures-scaled.jpg?fit=2560%2C1920\" data-orig-size=\"2560,1920\" data-comments-opened=\"1\" data-image-meta=\"{&quot;aperture&quot;:&quot;1.8&quot;,&quot;credit&quot;:&quot;&quot;,&quot;camera&quot;:&quot;iPhone 7&quot;,&quot;caption&quot;:&quot;&quot;,&quot;created_timestamp&quot;:&quot;1632753591&quot;,&quot;copyright&quot;:&quot;&quot;,&quot;focal_length&quot;:&quot;3.99&quot;,&quot;iso&quot;:&quot;80&quot;,&quot;shutter_speed&quot;:&quot;0.14285714285714&quot;,&quot;title&quot;:&quot;&quot;,&quot;orientation&quot;:&quot;1&quot;}\" data-image-title=\"Toute la v\u00e9rit\u00e9 sur les dinosaures\" data-image-description=\"\" data-image-caption=\"\" data-large-file=\"https:\/\/i0.wp.com\/www.jojoenherbe.com\/wp-content\/uploads\/2021\/09\/Toute-la-verite-sur-les-dinosaures-scaled.jpg?fit=676%2C507\" class=\"alignleft size-thumbnail wp-image-21032\" src=\"https:\/\/i0.wp.com\/www.jojoenherbe.com\/wp-content\/uploads\/2021\/09\/Toute-la-verite-sur-les-dinosaures.jpg?resize=150%2C150\" alt=\"\" width=\"150\" height=\"150\" srcset=\"https:\/\/i0.wp.com\/www.jojoenherbe.com\/wp-content\/uploads\/2021\/09\/Toute-la-verite-sur-les-dinosaures-scaled.jpg?resize=150%2C150 150w, https:\/\/i0.wp.com\/www.jojoenherbe.com\/wp-content\/uploads\/2021\/09\/Toute-la-verite-sur-les-dinosaures-scaled.jpg?zoom=2&amp;resize=150%2C150 300w, https:\/\/i0.wp.com\/www.jojoenherbe.com\/wp-content\/uploads\/2021\/09\/Toute-la-verite-sur-les-dinosaures-scaled.jpg?zoom=3&amp;resize=150%2C150 450w\" sizes=\"auto, (max-width: 150px) 100vw, 150px\" \/><\/a> <a href=\"https:\/\/i0.wp.com\/www.jojoenherbe.com\/wp-content\/uploads\/2021\/09\/Toute-la-verite-sur-les-dinosaures-2-scaled.jpg\"><img data-recalc-dims=\"1\" loading=\"lazy\" decoding=\"async\" data-attachment-id=\"21031\" data-permalink=\"http:\/\/www.jojoenherbe.com\/index.php\/2021\/09\/27\/point-lecture-hebdomadaire-8\/toute-la-verite-sur-les-dinosaures-2\/\" data-orig-file=\"https:\/\/i0.wp.com\/www.jojoenherbe.com\/wp-content\/uploads\/2021\/09\/Toute-la-verite-sur-les-dinosaures-2-scaled.jpg?fit=2560%2C1920\" data-orig-size=\"2560,1920\" data-comments-opened=\"1\" data-image-meta=\"{&quot;aperture&quot;:&quot;1.8&quot;,&quot;credit&quot;:&quot;&quot;,&quot;camera&quot;:&quot;iPhone 7&quot;,&quot;caption&quot;:&quot;&quot;,&quot;created_timestamp&quot;:&quot;1632753613&quot;,&quot;copyright&quot;:&quot;&quot;,&quot;focal_length&quot;:&quot;3.99&quot;,&quot;iso&quot;:&quot;80&quot;,&quot;shutter_speed&quot;:&quot;0.125&quot;,&quot;title&quot;:&quot;&quot;,&quot;orientation&quot;:&quot;1&quot;}\" data-image-title=\"Toute la v\u00e9rit\u00e9 sur les dinosaures 2\" data-image-description=\"\" data-image-caption=\"\" data-large-file=\"https:\/\/i0.wp.com\/www.jojoenherbe.com\/wp-content\/uploads\/2021\/09\/Toute-la-verite-sur-les-dinosaures-2-scaled.jpg?fit=676%2C507\" class=\"alignleft size-thumbnail wp-image-21031\" src=\"https:\/\/i0.wp.com\/www.jojoenherbe.com\/wp-content\/uploads\/2021\/09\/Toute-la-verite-sur-les-dinosaures-2.jpg?resize=150%2C150\" alt=\"\" width=\"150\" height=\"150\" srcset=\"https:\/\/i0.wp.com\/www.jojoenherbe.com\/wp-content\/uploads\/2021\/09\/Toute-la-verite-sur-les-dinosaures-2-scaled.jpg?resize=150%2C150 150w, https:\/\/i0.wp.com\/www.jojoenherbe.com\/wp-content\/uploads\/2021\/09\/Toute-la-verite-sur-les-dinosaures-2-scaled.jpg?zoom=2&amp;resize=150%2C150 300w, https:\/\/i0.wp.com\/www.jojoenherbe.com\/wp-content\/uploads\/2021\/09\/Toute-la-verite-sur-les-dinosaures-2-scaled.jpg?zoom=3&amp;resize=150%2C150 450w\" sizes=\"auto, (max-width: 150px) 100vw, 150px\" \/><\/a> Nous lisons <span style=\"text-decoration: underline;\">Toute la v\u00e9rit\u00e9 sur les dinosaures<\/span> de Guido Van Genechten (\u00e9d. Mijade, 2018), un album jeunesse \u00e0 partir de 4 ans. Se disant \u00eatre un dinosaure, une poule court chercher son album photos et nous parle de ses anc\u00eatres, les dinosaures comme les V\u00e9lociraptor, Diplodocus ou autre Tric\u00e9ratops&#8230; et qui ont disparu \u00e0 la suite d&rsquo;un ast\u00e9ro\u00efde ayant frapp\u00e9 la Terre. Tous? Pas vraiment. Une histoire rigolote, l&rsquo;auteur s&rsquo;amusant \u00e0 faire interagir la poule avec le lecteur!<\/em><\/p>\n<ul>\n<li style=\"text-align: justify;\"><em>(Album jeunesse) <strong><span style=\"text-decoration: underline;\">L&rsquo;h\u00f4pital des dinosaures<\/span><\/strong> de Hye-Won Kyung <br \/><\/em><\/li>\n<\/ul>\n<p style=\"text-align: justify;\"><em><a href=\"https:\/\/i0.wp.com\/www.jojoenherbe.com\/wp-content\/uploads\/2021\/09\/Lhopital-des-dinosaures-2-scaled.jpg\"><img data-recalc-dims=\"1\" loading=\"lazy\" decoding=\"async\" data-attachment-id=\"21029\" data-permalink=\"http:\/\/www.jojoenherbe.com\/index.php\/2021\/09\/27\/point-lecture-hebdomadaire-8\/lhopital-des-dinosaures-2\/\" data-orig-file=\"https:\/\/i0.wp.com\/www.jojoenherbe.com\/wp-content\/uploads\/2021\/09\/Lhopital-des-dinosaures-2-scaled.jpg?fit=2560%2C1920\" data-orig-size=\"2560,1920\" data-comments-opened=\"1\" data-image-meta=\"{&quot;aperture&quot;:&quot;1.8&quot;,&quot;credit&quot;:&quot;&quot;,&quot;camera&quot;:&quot;iPhone 7&quot;,&quot;caption&quot;:&quot;&quot;,&quot;created_timestamp&quot;:&quot;1632752985&quot;,&quot;copyright&quot;:&quot;&quot;,&quot;focal_length&quot;:&quot;3.99&quot;,&quot;iso&quot;:&quot;100&quot;,&quot;shutter_speed&quot;:&quot;0.071428571428571&quot;,&quot;title&quot;:&quot;&quot;,&quot;orientation&quot;:&quot;1&quot;}\" data-image-title=\"L&amp;rsquo;h\u00f4pital des dinosaures 2\" data-image-description=\"\" data-image-caption=\"\" data-large-file=\"https:\/\/i0.wp.com\/www.jojoenherbe.com\/wp-content\/uploads\/2021\/09\/Lhopital-des-dinosaures-2-scaled.jpg?fit=676%2C507\" class=\"size-thumbnail wp-image-21029 alignright\" src=\"https:\/\/i0.wp.com\/www.jojoenherbe.com\/wp-content\/uploads\/2021\/09\/Lhopital-des-dinosaures-2.jpg?resize=150%2C150\" alt=\"\" width=\"150\" height=\"150\" srcset=\"https:\/\/i0.wp.com\/www.jojoenherbe.com\/wp-content\/uploads\/2021\/09\/Lhopital-des-dinosaures-2-scaled.jpg?resize=150%2C150 150w, https:\/\/i0.wp.com\/www.jojoenherbe.com\/wp-content\/uploads\/2021\/09\/Lhopital-des-dinosaures-2-scaled.jpg?zoom=2&amp;resize=150%2C150 300w, https:\/\/i0.wp.com\/www.jojoenherbe.com\/wp-content\/uploads\/2021\/09\/Lhopital-des-dinosaures-2-scaled.jpg?zoom=3&amp;resize=150%2C150 450w\" sizes=\"auto, (max-width: 150px) 100vw, 150px\" \/><\/a> <a href=\"https:\/\/i0.wp.com\/www.jojoenherbe.com\/wp-content\/uploads\/2021\/09\/Lhopital-des-dinosaures-scaled.jpg\"><img data-recalc-dims=\"1\" loading=\"lazy\" decoding=\"async\" data-attachment-id=\"21030\" data-permalink=\"http:\/\/www.jojoenherbe.com\/index.php\/2021\/09\/27\/point-lecture-hebdomadaire-8\/lhopital-des-dinosaures\/\" data-orig-file=\"https:\/\/i0.wp.com\/www.jojoenherbe.com\/wp-content\/uploads\/2021\/09\/Lhopital-des-dinosaures-scaled.jpg?fit=2560%2C2068\" data-orig-size=\"2560,2068\" data-comments-opened=\"1\" data-image-meta=\"{&quot;aperture&quot;:&quot;1.8&quot;,&quot;credit&quot;:&quot;&quot;,&quot;camera&quot;:&quot;iPhone 7&quot;,&quot;caption&quot;:&quot;&quot;,&quot;created_timestamp&quot;:&quot;1632752970&quot;,&quot;copyright&quot;:&quot;&quot;,&quot;focal_length&quot;:&quot;3.99&quot;,&quot;iso&quot;:&quot;100&quot;,&quot;shutter_speed&quot;:&quot;0.16666666666667&quot;,&quot;title&quot;:&quot;&quot;,&quot;orientation&quot;:&quot;1&quot;}\" data-image-title=\"L&amp;rsquo;h\u00f4pital des dinosaures\" data-image-description=\"\" data-image-caption=\"\" data-large-file=\"https:\/\/i0.wp.com\/www.jojoenherbe.com\/wp-content\/uploads\/2021\/09\/Lhopital-des-dinosaures-scaled.jpg?fit=676%2C546\" class=\"size-thumbnail wp-image-21030 alignright\" src=\"https:\/\/i0.wp.com\/www.jojoenherbe.com\/wp-content\/uploads\/2021\/09\/Lhopital-des-dinosaures.jpg?resize=150%2C150\" alt=\"\" width=\"150\" height=\"150\" srcset=\"https:\/\/i0.wp.com\/www.jojoenherbe.com\/wp-content\/uploads\/2021\/09\/Lhopital-des-dinosaures-scaled.jpg?resize=150%2C150 150w, https:\/\/i0.wp.com\/www.jojoenherbe.com\/wp-content\/uploads\/2021\/09\/Lhopital-des-dinosaures-scaled.jpg?zoom=2&amp;resize=150%2C150 300w, https:\/\/i0.wp.com\/www.jojoenherbe.com\/wp-content\/uploads\/2021\/09\/Lhopital-des-dinosaures-scaled.jpg?zoom=3&amp;resize=150%2C150 450w\" sizes=\"auto, (max-width: 150px) 100vw, 150px\" \/><\/a>Nous lisons et relisons <span style=\"text-decoration: underline;\">L&rsquo;h\u00f4pital des dinosaures<\/span> de Hye-Won Kyung (\u00e9d. Versant Sud Jeunesse, 2020), un album jeunesse \u00e0 partir de 5 ans. Dans la salle d&rsquo;attente du docteur, des dinosaures attendent leur tour: un st\u00e9gosaure dont les plaques sur le dos le g\u00eanent, un diplodocus qui s&rsquo;est fait un torticolis, une m\u00e8re maiasaura \u00e9puis\u00e9e et malnutrie \u00e0 force de s&rsquo;occuper de ses petits&#8230; Hasard des emprunts, cette histoire met aussi en sc\u00e8ne une poule, l&rsquo;infirmi\u00e8re Poulette qui ici am\u00e8ne les dinosaures aupr\u00e8s du m\u00e9decin et nous en apprend un peu plus sur eux. Un tr\u00e8s bon moment de lecture avec cet album jeunesse qui alterne entre histoire rigolote et documentaire! <\/em><\/p>\n<ul>\n<li style=\"text-align: justify;\"><em>(Album jeunesse) <strong><span style=\"text-decoration: underline;\">La f\u00eate d\u2019automne de la famille Souris<\/span><\/strong> de Kazuo Iwamura<\/em><\/li>\n<\/ul>\n<p style=\"text-align: justify;\"><em><a href=\"https:\/\/i0.wp.com\/www.jojoenherbe.com\/wp-content\/uploads\/2021\/09\/La-fete-dautomne-de-la-famille-Souris-1-scaled.jpg\"><img data-recalc-dims=\"1\" loading=\"lazy\" decoding=\"async\" data-attachment-id=\"21027\" data-permalink=\"http:\/\/www.jojoenherbe.com\/index.php\/2021\/09\/27\/point-lecture-hebdomadaire-8\/la-fete-dautomne-de-la-famille-souris-3\/\" data-orig-file=\"https:\/\/i0.wp.com\/www.jojoenherbe.com\/wp-content\/uploads\/2021\/09\/La-fete-dautomne-de-la-famille-Souris-1-scaled.jpg?fit=2560%2C1734\" data-orig-size=\"2560,1734\" data-comments-opened=\"1\" data-image-meta=\"{&quot;aperture&quot;:&quot;1.8&quot;,&quot;credit&quot;:&quot;&quot;,&quot;camera&quot;:&quot;iPhone 7&quot;,&quot;caption&quot;:&quot;&quot;,&quot;created_timestamp&quot;:&quot;1632752429&quot;,&quot;copyright&quot;:&quot;&quot;,&quot;focal_length&quot;:&quot;3.99&quot;,&quot;iso&quot;:&quot;100&quot;,&quot;shutter_speed&quot;:&quot;0.125&quot;,&quot;title&quot;:&quot;&quot;,&quot;orientation&quot;:&quot;1&quot;}\" data-image-title=\"La f\u00eate d&amp;rsquo;automne de la famille Souris\" data-image-description=\"\" data-image-caption=\"\" data-large-file=\"https:\/\/i0.wp.com\/www.jojoenherbe.com\/wp-content\/uploads\/2021\/09\/La-fete-dautomne-de-la-famille-Souris-1-scaled.jpg?fit=676%2C458\" class=\"alignleft size-thumbnail wp-image-21027\" src=\"https:\/\/i0.wp.com\/www.jojoenherbe.com\/wp-content\/uploads\/2021\/09\/La-fete-dautomne-de-la-famille-Souris-1.jpg?resize=150%2C150\" alt=\"\" width=\"150\" height=\"150\" srcset=\"https:\/\/i0.wp.com\/www.jojoenherbe.com\/wp-content\/uploads\/2021\/09\/La-fete-dautomne-de-la-famille-Souris-1-scaled.jpg?resize=150%2C150 150w, https:\/\/i0.wp.com\/www.jojoenherbe.com\/wp-content\/uploads\/2021\/09\/La-fete-dautomne-de-la-famille-Souris-1-scaled.jpg?zoom=2&amp;resize=150%2C150 300w, https:\/\/i0.wp.com\/www.jojoenherbe.com\/wp-content\/uploads\/2021\/09\/La-fete-dautomne-de-la-famille-Souris-1-scaled.jpg?zoom=3&amp;resize=150%2C150 450w\" sizes=\"auto, (max-width: 150px) 100vw, 150px\" \/><\/a> <a href=\"https:\/\/i0.wp.com\/www.jojoenherbe.com\/wp-content\/uploads\/2021\/09\/La-fete-dautomne-de-la-famille-Souris-2-scaled.jpg\"><img data-recalc-dims=\"1\" loading=\"lazy\" decoding=\"async\" data-attachment-id=\"21026\" data-permalink=\"http:\/\/www.jojoenherbe.com\/index.php\/2021\/09\/27\/point-lecture-hebdomadaire-8\/la-fete-dautomne-de-la-famille-souris-2\/\" data-orig-file=\"https:\/\/i0.wp.com\/www.jojoenherbe.com\/wp-content\/uploads\/2021\/09\/La-fete-dautomne-de-la-famille-Souris-2-scaled.jpg?fit=2560%2C1920\" data-orig-size=\"2560,1920\" data-comments-opened=\"1\" data-image-meta=\"{&quot;aperture&quot;:&quot;1.8&quot;,&quot;credit&quot;:&quot;&quot;,&quot;camera&quot;:&quot;iPhone 7&quot;,&quot;caption&quot;:&quot;&quot;,&quot;created_timestamp&quot;:&quot;1632752456&quot;,&quot;copyright&quot;:&quot;&quot;,&quot;focal_length&quot;:&quot;3.99&quot;,&quot;iso&quot;:&quot;100&quot;,&quot;shutter_speed&quot;:&quot;0.071428571428571&quot;,&quot;title&quot;:&quot;&quot;,&quot;orientation&quot;:&quot;1&quot;}\" data-image-title=\"La f\u00eate d&amp;rsquo;automne de la famille Souris 2\" data-image-description=\"\" data-image-caption=\"\" data-large-file=\"https:\/\/i0.wp.com\/www.jojoenherbe.com\/wp-content\/uploads\/2021\/09\/La-fete-dautomne-de-la-famille-Souris-2-scaled.jpg?fit=676%2C507\" class=\"alignleft size-thumbnail wp-image-21026\" src=\"https:\/\/i0.wp.com\/www.jojoenherbe.com\/wp-content\/uploads\/2021\/09\/La-fete-dautomne-de-la-famille-Souris-2.jpg?resize=150%2C150\" alt=\"\" width=\"150\" height=\"150\" srcset=\"https:\/\/i0.wp.com\/www.jojoenherbe.com\/wp-content\/uploads\/2021\/09\/La-fete-dautomne-de-la-famille-Souris-2-scaled.jpg?resize=150%2C150 150w, https:\/\/i0.wp.com\/www.jojoenherbe.com\/wp-content\/uploads\/2021\/09\/La-fete-dautomne-de-la-famille-Souris-2-scaled.jpg?zoom=2&amp;resize=150%2C150 300w, https:\/\/i0.wp.com\/www.jojoenherbe.com\/wp-content\/uploads\/2021\/09\/La-fete-dautomne-de-la-famille-Souris-2-scaled.jpg?zoom=3&amp;resize=150%2C150 450w\" sizes=\"auto, (max-width: 150px) 100vw, 150px\" \/><\/a>Je pensais que nous avions lu toutes les histoires de la famille Souris mais non. Alors nous lisons en ce d\u00e9but d&rsquo;automne, <span style=\"text-decoration: underline;\">La<\/span><\/em> <em><span style=\"text-decoration: underline;\">f\u00eate d\u2019automne de la famille Souris<\/span> de Kazuo Iwamura (\u00e9d. L\u2019\u00e9cole des loisirs, 1993, r\u00e9\u00e9d. 2020), un album jeunesse \u00e0 partir de 3 ans. Pendant une partie de cache-cache, Pierrot a disparu. Les autres membres de la famille Souris partent \u00e0 sa recherche. Encore une histoire toute mignonne avec des illustrations remplies de petits d\u00e9tails! Nous en profitons pour relire <span style=\"text-decoration: underline;\">La famille Souris et le potiron<\/span>.<br \/><\/em><\/p>\n<ul>\n<li><em>(Album jeunesse) <strong><span style=\"text-decoration: underline;\">Un th\u00e9 \u00e0 l\u2019eau de parapluie<\/span><\/strong> de Karen Hottois et Chlo\u00e9 Malard<\/em><\/li>\n<\/ul>\n<p style=\"text-align: justify;\"><em><a href=\"https:\/\/i0.wp.com\/www.jojoenherbe.com\/wp-content\/uploads\/2021\/09\/Un-the-a-leau-de-parapluie-2-scaled.jpg\"><img data-recalc-dims=\"1\" loading=\"lazy\" decoding=\"async\" data-attachment-id=\"21025\" data-permalink=\"http:\/\/www.jojoenherbe.com\/index.php\/2021\/09\/27\/point-lecture-hebdomadaire-8\/un-the-a-leau-de-parapluie-2\/\" data-orig-file=\"https:\/\/i0.wp.com\/www.jojoenherbe.com\/wp-content\/uploads\/2021\/09\/Un-the-a-leau-de-parapluie-2-scaled.jpg?fit=1920%2C2560\" data-orig-size=\"1920,2560\" data-comments-opened=\"1\" data-image-meta=\"{&quot;aperture&quot;:&quot;1.8&quot;,&quot;credit&quot;:&quot;&quot;,&quot;camera&quot;:&quot;iPhone 7&quot;,&quot;caption&quot;:&quot;&quot;,&quot;created_timestamp&quot;:&quot;1632752002&quot;,&quot;copyright&quot;:&quot;&quot;,&quot;focal_length&quot;:&quot;3.99&quot;,&quot;iso&quot;:&quot;40&quot;,&quot;shutter_speed&quot;:&quot;0.04&quot;,&quot;title&quot;:&quot;&quot;,&quot;orientation&quot;:&quot;1&quot;}\" data-image-title=\"Un th\u00e9 \u00e0 l&amp;rsquo;eau de parapluie 2\" data-image-description=\"\" data-image-caption=\"\" data-large-file=\"https:\/\/i0.wp.com\/www.jojoenherbe.com\/wp-content\/uploads\/2021\/09\/Un-the-a-leau-de-parapluie-2-scaled.jpg?fit=676%2C901\" class=\"size-thumbnail wp-image-21025 alignright\" src=\"https:\/\/i0.wp.com\/www.jojoenherbe.com\/wp-content\/uploads\/2021\/09\/Un-the-a-leau-de-parapluie-2.jpg?resize=150%2C150\" alt=\"\" width=\"150\" height=\"150\" srcset=\"https:\/\/i0.wp.com\/www.jojoenherbe.com\/wp-content\/uploads\/2021\/09\/Un-the-a-leau-de-parapluie-2-scaled.jpg?resize=150%2C150 150w, https:\/\/i0.wp.com\/www.jojoenherbe.com\/wp-content\/uploads\/2021\/09\/Un-the-a-leau-de-parapluie-2-scaled.jpg?zoom=2&amp;resize=150%2C150 300w, https:\/\/i0.wp.com\/www.jojoenherbe.com\/wp-content\/uploads\/2021\/09\/Un-the-a-leau-de-parapluie-2-scaled.jpg?zoom=3&amp;resize=150%2C150 450w\" sizes=\"auto, (max-width: 150px) 100vw, 150px\" \/><\/a> <a href=\"https:\/\/i0.wp.com\/www.jojoenherbe.com\/wp-content\/uploads\/2021\/09\/Un-the-a-leau-de-parapluie-scaled.jpg\"><img data-recalc-dims=\"1\" loading=\"lazy\" decoding=\"async\" data-attachment-id=\"20877\" data-permalink=\"http:\/\/www.jojoenherbe.com\/index.php\/2021\/09\/22\/nos-lectures-automnales-2021\/un-the-a-leau-de-parapluie\/\" data-orig-file=\"https:\/\/i0.wp.com\/www.jojoenherbe.com\/wp-content\/uploads\/2021\/09\/Un-the-a-leau-de-parapluie-scaled.jpg?fit=2560%2C1920\" data-orig-size=\"2560,1920\" data-comments-opened=\"1\" data-image-meta=\"{&quot;aperture&quot;:&quot;1.8&quot;,&quot;credit&quot;:&quot;&quot;,&quot;camera&quot;:&quot;iPhone 7&quot;,&quot;caption&quot;:&quot;&quot;,&quot;created_timestamp&quot;:&quot;1632238369&quot;,&quot;copyright&quot;:&quot;&quot;,&quot;focal_length&quot;:&quot;3.99&quot;,&quot;iso&quot;:&quot;64&quot;,&quot;shutter_speed&quot;:&quot;0.058823529411765&quot;,&quot;title&quot;:&quot;&quot;,&quot;orientation&quot;:&quot;1&quot;}\" data-image-title=\"Un th\u00e9 \u00e0 l&amp;rsquo;eau de parapluie\" data-image-description=\"\" data-image-caption=\"\" data-large-file=\"https:\/\/i0.wp.com\/www.jojoenherbe.com\/wp-content\/uploads\/2021\/09\/Un-the-a-leau-de-parapluie-scaled.jpg?fit=676%2C507\" class=\"size-thumbnail wp-image-20877 alignright\" src=\"https:\/\/i0.wp.com\/www.jojoenherbe.com\/wp-content\/uploads\/2021\/09\/Un-the-a-leau-de-parapluie.jpg?resize=150%2C150\" alt=\"\" width=\"150\" height=\"150\" srcset=\"https:\/\/i0.wp.com\/www.jojoenherbe.com\/wp-content\/uploads\/2021\/09\/Un-the-a-leau-de-parapluie-scaled.jpg?resize=150%2C150 150w, https:\/\/i0.wp.com\/www.jojoenherbe.com\/wp-content\/uploads\/2021\/09\/Un-the-a-leau-de-parapluie-scaled.jpg?zoom=2&amp;resize=150%2C150 300w, https:\/\/i0.wp.com\/www.jojoenherbe.com\/wp-content\/uploads\/2021\/09\/Un-the-a-leau-de-parapluie-scaled.jpg?zoom=3&amp;resize=150%2C150 450w\" sizes=\"auto, (max-width: 150px) 100vw, 150px\" \/><\/a>Nous lisons et relisons \u00e9galement <span style=\"text-decoration: underline;\">Un th\u00e9 \u00e0 l\u2019eau de parapluie<\/span> de Karen Hottois et Chlo\u00e9 Malard (\u00e9d. Seuil Jeunesse, 2020), un album jeunesse \u00e0 partir de 3 ans. Par une journ\u00e9e pluvieuse d&rsquo;automne, Elmo, un blaireau invite ses amis \u00e0 un th\u00e9 \u00e0 l&rsquo;eau de parapluie accompagn\u00e9 de bichons au citron. Une histoire cosy, douce, po\u00e9tique et r\u00e9confortante \u00e0 lire le soir ou blotti sous un plaid! Un tr\u00e8s bon moment de lecture!<br \/><\/em><\/p>\n<ul>\n<li><em>(Album jeunesse) <strong><span style=\"text-decoration: underline;\">Le Crafougna<\/span><\/strong> de St\u00e9phane Servant et Anne Montel<\/em><\/li>\n<\/ul>\n<p style=\"text-align: justify;\"><em><a href=\"https:\/\/i0.wp.com\/www.jojoenherbe.com\/wp-content\/uploads\/2021\/09\/Le-Crafougna-scaled.jpg\"><img data-recalc-dims=\"1\" loading=\"lazy\" decoding=\"async\" data-attachment-id=\"21043\" data-permalink=\"http:\/\/www.jojoenherbe.com\/index.php\/2021\/09\/27\/point-lecture-hebdomadaire-8\/le-crafougna\/\" data-orig-file=\"https:\/\/i0.wp.com\/www.jojoenherbe.com\/wp-content\/uploads\/2021\/09\/Le-Crafougna-scaled.jpg?fit=2560%2C1920\" data-orig-size=\"2560,1920\" data-comments-opened=\"1\" data-image-meta=\"{&quot;aperture&quot;:&quot;1.8&quot;,&quot;credit&quot;:&quot;&quot;,&quot;camera&quot;:&quot;iPhone 7&quot;,&quot;caption&quot;:&quot;&quot;,&quot;created_timestamp&quot;:&quot;1632754630&quot;,&quot;copyright&quot;:&quot;&quot;,&quot;focal_length&quot;:&quot;3.99&quot;,&quot;iso&quot;:&quot;50&quot;,&quot;shutter_speed&quot;:&quot;0.058823529411765&quot;,&quot;title&quot;:&quot;&quot;,&quot;orientation&quot;:&quot;1&quot;}\" data-image-title=\"Le Crafougna\" data-image-description=\"\" data-image-caption=\"\" data-large-file=\"https:\/\/i0.wp.com\/www.jojoenherbe.com\/wp-content\/uploads\/2021\/09\/Le-Crafougna-scaled.jpg?fit=676%2C507\" class=\"alignleft size-thumbnail wp-image-21043\" src=\"https:\/\/i0.wp.com\/www.jojoenherbe.com\/wp-content\/uploads\/2021\/09\/Le-Crafougna.jpg?resize=150%2C150\" alt=\"\" width=\"150\" height=\"150\" srcset=\"https:\/\/i0.wp.com\/www.jojoenherbe.com\/wp-content\/uploads\/2021\/09\/Le-Crafougna-scaled.jpg?resize=150%2C150 150w, https:\/\/i0.wp.com\/www.jojoenherbe.com\/wp-content\/uploads\/2021\/09\/Le-Crafougna-scaled.jpg?zoom=2&amp;resize=150%2C150 300w, https:\/\/i0.wp.com\/www.jojoenherbe.com\/wp-content\/uploads\/2021\/09\/Le-Crafougna-scaled.jpg?zoom=3&amp;resize=150%2C150 450w\" sizes=\"auto, (max-width: 150px) 100vw, 150px\" \/><\/a> <a href=\"https:\/\/i0.wp.com\/www.jojoenherbe.com\/wp-content\/uploads\/2021\/09\/Le-Crafougna-2-scaled.jpg\"><img data-recalc-dims=\"1\" loading=\"lazy\" decoding=\"async\" data-attachment-id=\"21042\" data-permalink=\"http:\/\/www.jojoenherbe.com\/index.php\/2021\/09\/27\/point-lecture-hebdomadaire-8\/le-crafougna-2\/\" data-orig-file=\"https:\/\/i0.wp.com\/www.jojoenherbe.com\/wp-content\/uploads\/2021\/09\/Le-Crafougna-2-scaled.jpg?fit=2560%2C1920\" data-orig-size=\"2560,1920\" data-comments-opened=\"1\" data-image-meta=\"{&quot;aperture&quot;:&quot;1.8&quot;,&quot;credit&quot;:&quot;&quot;,&quot;camera&quot;:&quot;iPhone 7&quot;,&quot;caption&quot;:&quot;&quot;,&quot;created_timestamp&quot;:&quot;1632756365&quot;,&quot;copyright&quot;:&quot;&quot;,&quot;focal_length&quot;:&quot;3.99&quot;,&quot;iso&quot;:&quot;100&quot;,&quot;shutter_speed&quot;:&quot;0.076923076923077&quot;,&quot;title&quot;:&quot;&quot;,&quot;orientation&quot;:&quot;1&quot;}\" data-image-title=\"Le Crafougna 2\" data-image-description=\"\" data-image-caption=\"\" data-large-file=\"https:\/\/i0.wp.com\/www.jojoenherbe.com\/wp-content\/uploads\/2021\/09\/Le-Crafougna-2-scaled.jpg?fit=676%2C507\" class=\"alignleft size-thumbnail wp-image-21042\" src=\"https:\/\/i0.wp.com\/www.jojoenherbe.com\/wp-content\/uploads\/2021\/09\/Le-Crafougna-2.jpg?resize=150%2C150\" alt=\"\" width=\"150\" height=\"150\" srcset=\"https:\/\/i0.wp.com\/www.jojoenherbe.com\/wp-content\/uploads\/2021\/09\/Le-Crafougna-2-scaled.jpg?resize=150%2C150 150w, https:\/\/i0.wp.com\/www.jojoenherbe.com\/wp-content\/uploads\/2021\/09\/Le-Crafougna-2-scaled.jpg?zoom=2&amp;resize=150%2C150 300w, https:\/\/i0.wp.com\/www.jojoenherbe.com\/wp-content\/uploads\/2021\/09\/Le-Crafougna-2-scaled.jpg?zoom=3&amp;resize=150%2C150 450w\" sizes=\"auto, (max-width: 150px) 100vw, 150px\" \/><\/a>Nous lisons aussi<\/em> <em><span style=\"text-decoration: underline;\">Le Crafougna<\/span> de St\u00e9phane Servant et Anne Montel (\u00e9d. Didier Jeunesse, 2012), un album jeunesse \u00e0 partir de 5 ans. Un dimanche soir \u00e0 l&rsquo;approche du carnaval, le Crafougna \u00e9lit domicile dans la famille d&rsquo;un petit gar\u00e7on. Il semble le seul \u00e0 le repousser, ses parents et sa s\u0153ur se transformant \u00e0 leur tour en un monstre gris, velu et crafougnant. Arrivera-t-il \u00e0 repousser le Crafougna de chez lui? Une fa\u00e7on rigolote d&rsquo;aborder la mauvaise humeur, surtout celle du dimanche soir avant de commencer une nouvelle semaine! Le d\u00e9guisement du petit gar\u00e7on m&rsquo;a fait penser aux personnages de Berg\u00e8res guerri\u00e8res, une BD jeunesse illustr\u00e9e par Anne Montel en duo avec Lo\u00efc Cl\u00e9ment.<br \/><\/em><\/p>\n<p><em><span style=\"text-decoration: underline;\">Des BD jeunesse<\/span>:<\/em><\/p>\n<p><a href=\"https:\/\/i0.wp.com\/www.jojoenherbe.com\/wp-content\/uploads\/2021\/09\/BD-jeunesse-8-scaled.jpg\"><img data-recalc-dims=\"1\" loading=\"lazy\" decoding=\"async\" data-attachment-id=\"21016\" data-permalink=\"http:\/\/www.jojoenherbe.com\/index.php\/2021\/09\/27\/point-lecture-hebdomadaire-8\/bd-jeunesse-8\/\" data-orig-file=\"https:\/\/i0.wp.com\/www.jojoenherbe.com\/wp-content\/uploads\/2021\/09\/BD-jeunesse-8-scaled.jpg?fit=2560%2C2232\" data-orig-size=\"2560,2232\" data-comments-opened=\"1\" data-image-meta=\"{&quot;aperture&quot;:&quot;1.8&quot;,&quot;credit&quot;:&quot;&quot;,&quot;camera&quot;:&quot;iPhone 7&quot;,&quot;caption&quot;:&quot;&quot;,&quot;created_timestamp&quot;:&quot;1632662891&quot;,&quot;copyright&quot;:&quot;&quot;,&quot;focal_length&quot;:&quot;3.99&quot;,&quot;iso&quot;:&quot;100&quot;,&quot;shutter_speed&quot;:&quot;0.2&quot;,&quot;title&quot;:&quot;&quot;,&quot;orientation&quot;:&quot;1&quot;}\" data-image-title=\"BD jeunesse #8\" data-image-description=\"\" data-image-caption=\"\" data-large-file=\"https:\/\/i0.wp.com\/www.jojoenherbe.com\/wp-content\/uploads\/2021\/09\/BD-jeunesse-8-scaled.jpg?fit=676%2C590\" class=\"aligncenter size-medium wp-image-21016\" src=\"https:\/\/i0.wp.com\/www.jojoenherbe.com\/wp-content\/uploads\/2021\/09\/BD-jeunesse-8.jpg?resize=300%2C262\" alt=\"\" width=\"300\" height=\"262\" srcset=\"https:\/\/i0.wp.com\/www.jojoenherbe.com\/wp-content\/uploads\/2021\/09\/BD-jeunesse-8-scaled.jpg?resize=300%2C262 300w, https:\/\/i0.wp.com\/www.jojoenherbe.com\/wp-content\/uploads\/2021\/09\/BD-jeunesse-8-scaled.jpg?resize=1024%2C893 1024w, https:\/\/i0.wp.com\/www.jojoenherbe.com\/wp-content\/uploads\/2021\/09\/BD-jeunesse-8-scaled.jpg?resize=768%2C670 768w, https:\/\/i0.wp.com\/www.jojoenherbe.com\/wp-content\/uploads\/2021\/09\/BD-jeunesse-8-scaled.jpg?resize=1536%2C1339 1536w, https:\/\/i0.wp.com\/www.jojoenherbe.com\/wp-content\/uploads\/2021\/09\/BD-jeunesse-8-scaled.jpg?resize=2048%2C1786 2048w, https:\/\/i0.wp.com\/www.jojoenherbe.com\/wp-content\/uploads\/2021\/09\/BD-jeunesse-8-scaled.jpg?resize=676%2C589 676w, https:\/\/i0.wp.com\/www.jojoenherbe.com\/wp-content\/uploads\/2021\/09\/BD-jeunesse-8-scaled.jpg?w=1352 1352w\" sizes=\"auto, (max-width: 300px) 100vw, 300px\" \/><\/a><\/p>\n<ul>\n<li><em>(BD jeunesse) <strong><span style=\"text-decoration: underline;\">Ana Ana L\u2019histoire incroyable<\/span><\/strong> (T18)<\/em><\/li>\n<\/ul>\n<p style=\"text-align: justify;\"><em>Pr\u00e9-command\u00e9 \u00e0 la librairie et paru le 17 septembre 2021, nous lisons et relisons le dernier tome, le 18 d&rsquo;<span style=\"text-decoration: underline;\">Ana Ana, L\u2019histoire incroyable<\/span> d\u2019Alexis Dormal et Dominique Roques (\u00e9d. Dargaud, 2021), une BD jeunesse pour les 3\/6 ans et qui \u2013 pur hasard du calendrier halloweenesque \u2013 parle d\u2019un monstre buveur de th\u00e9. Une histoire rigolote qui reprend le jeu du t\u00e9l\u00e9phone arabe ou sans fil. L&rsquo;anecdote de Goupille qui a pris la tasse pendant qu&rsquo;il nageait est transform\u00e9e d&rsquo;un doudou \u00e0 un autre pour le plus grand plaisir du jeune lecteur!<br \/><\/em><\/p>\n<ul>\n<li><em><strong><span style=\"text-decoration: underline;\">109 rue des soupirs, Fant\u00f4mes \u00e0 domicile<\/span><\/strong> de Mr. Tan et Yomgui Dumont<\/em> (T1)<\/li>\n<\/ul>\n<p style=\"text-align: justify;\"><em><a href=\"https:\/\/i0.wp.com\/www.jojoenherbe.com\/wp-content\/uploads\/2021\/09\/109-rue-des-soupirs-T1-2-scaled.jpg\"><img data-recalc-dims=\"1\" loading=\"lazy\" decoding=\"async\" data-attachment-id=\"21045\" data-permalink=\"http:\/\/www.jojoenherbe.com\/index.php\/2021\/09\/27\/point-lecture-hebdomadaire-8\/109-rue-des-soupirs-t1-2\/\" data-orig-file=\"https:\/\/i0.wp.com\/www.jojoenherbe.com\/wp-content\/uploads\/2021\/09\/109-rue-des-soupirs-T1-2-scaled.jpg?fit=1920%2C2560\" data-orig-size=\"1920,2560\" data-comments-opened=\"1\" data-image-meta=\"{&quot;aperture&quot;:&quot;1.8&quot;,&quot;credit&quot;:&quot;&quot;,&quot;camera&quot;:&quot;iPhone 7&quot;,&quot;caption&quot;:&quot;&quot;,&quot;created_timestamp&quot;:&quot;1632757252&quot;,&quot;copyright&quot;:&quot;&quot;,&quot;focal_length&quot;:&quot;3.99&quot;,&quot;iso&quot;:&quot;80&quot;,&quot;shutter_speed&quot;:&quot;0.058823529411765&quot;,&quot;title&quot;:&quot;&quot;,&quot;orientation&quot;:&quot;1&quot;}\" data-image-title=\"109 rue des soupirs T1 2\" data-image-description=\"\" data-image-caption=\"\" data-large-file=\"https:\/\/i0.wp.com\/www.jojoenherbe.com\/wp-content\/uploads\/2021\/09\/109-rue-des-soupirs-T1-2-scaled.jpg?fit=676%2C901\" class=\"alignleft size-thumbnail wp-image-21045\" src=\"https:\/\/i0.wp.com\/www.jojoenherbe.com\/wp-content\/uploads\/2021\/09\/109-rue-des-soupirs-T1-2.jpg?resize=150%2C150\" alt=\"\" width=\"150\" height=\"150\" srcset=\"https:\/\/i0.wp.com\/www.jojoenherbe.com\/wp-content\/uploads\/2021\/09\/109-rue-des-soupirs-T1-2-scaled.jpg?resize=150%2C150 150w, https:\/\/i0.wp.com\/www.jojoenherbe.com\/wp-content\/uploads\/2021\/09\/109-rue-des-soupirs-T1-2-scaled.jpg?zoom=2&amp;resize=150%2C150 300w, https:\/\/i0.wp.com\/www.jojoenherbe.com\/wp-content\/uploads\/2021\/09\/109-rue-des-soupirs-T1-2-scaled.jpg?zoom=3&amp;resize=150%2C150 450w\" sizes=\"auto, (max-width: 150px) 100vw, 150px\" \/><\/a>Apr\u00e8s l&rsquo;avoir rep\u00e9r\u00e9 lors de l&rsquo;\u00e9dition pr\u00e9c\u00e9dente du Challenge Halloween de Hilde et Lou, je lis le tome 1 de <span style=\"text-decoration: underline;\">109 rue des soupirs, Fant\u00f4mes \u00e0 domicile<\/span> de Mr. Tan et Yomgui Dumont (\u00e9d. Casterman, 2019, 125 pages). Elliot, un petit gar\u00e7on de 9 ans laiss\u00e9 tr\u00e8s souvent seul par ses parents devient ami avec les fant\u00f4mes hantant le 109 Rue des Soupirs, trouvant aupr\u00e8s d\u2019eux une seconde famille. Aucune baby-sitter n&rsquo;arrive \u00e0 rester jusqu&rsquo;\u00e0 l&rsquo;arriv\u00e9e de Madame Von Schloss. Ne serait-elle pas en r\u00e9alit\u00e9 une chasseuse de fant\u00f4mes? Parviendra-t-il \u00e0 prot\u00e9ger ses nouveaux amis? Une BD rigolote par Antoine Dole alias Mr. Tran, l\u2019auteur de Mortelle Ad\u00e8le, ce dernier faisant d&rsquo;ailleurs un clin d\u2019\u0153il \u00e0 sa BD, Elliot ayant une poup\u00e9e Ad\u00e8le.<br \/><\/em><\/p>\n<ul style=\"text-align: justify;\">\n<li><em><strong><span style=\"text-decoration: underline;\">109 rue des soupirs, Fant\u00f4mes sur le grill<\/span><\/strong> de Mr. Tan et Yomgui Dumont<\/em> (T2)<\/li>\n<\/ul>\n<p style=\"text-align: justify;\"><em><a href=\"https:\/\/i0.wp.com\/www.jojoenherbe.com\/wp-content\/uploads\/2021\/09\/109-rue-des-soupirs-T2-2-scaled.jpg\"><img data-recalc-dims=\"1\" loading=\"lazy\" decoding=\"async\" data-attachment-id=\"21047\" data-permalink=\"http:\/\/www.jojoenherbe.com\/index.php\/2021\/09\/27\/point-lecture-hebdomadaire-8\/109-rue-des-soupirs-t2-2\/\" data-orig-file=\"https:\/\/i0.wp.com\/www.jojoenherbe.com\/wp-content\/uploads\/2021\/09\/109-rue-des-soupirs-T2-2-scaled.jpg?fit=1920%2C2560\" data-orig-size=\"1920,2560\" data-comments-opened=\"1\" data-image-meta=\"{&quot;aperture&quot;:&quot;1.8&quot;,&quot;credit&quot;:&quot;&quot;,&quot;camera&quot;:&quot;iPhone 7&quot;,&quot;caption&quot;:&quot;&quot;,&quot;created_timestamp&quot;:&quot;1632757163&quot;,&quot;copyright&quot;:&quot;&quot;,&quot;focal_length&quot;:&quot;3.99&quot;,&quot;iso&quot;:&quot;64&quot;,&quot;shutter_speed&quot;:&quot;0.058823529411765&quot;,&quot;title&quot;:&quot;&quot;,&quot;orientation&quot;:&quot;1&quot;}\" data-image-title=\"109 rue des soupirs T2 2\" data-image-description=\"\" data-image-caption=\"\" data-large-file=\"https:\/\/i0.wp.com\/www.jojoenherbe.com\/wp-content\/uploads\/2021\/09\/109-rue-des-soupirs-T2-2-scaled.jpg?fit=676%2C901\" class=\"size-thumbnail wp-image-21047 alignright\" src=\"https:\/\/i0.wp.com\/www.jojoenherbe.com\/wp-content\/uploads\/2021\/09\/109-rue-des-soupirs-T2-2.jpg?resize=150%2C150\" alt=\"\" width=\"150\" height=\"150\" srcset=\"https:\/\/i0.wp.com\/www.jojoenherbe.com\/wp-content\/uploads\/2021\/09\/109-rue-des-soupirs-T2-2-scaled.jpg?resize=150%2C150 150w, https:\/\/i0.wp.com\/www.jojoenherbe.com\/wp-content\/uploads\/2021\/09\/109-rue-des-soupirs-T2-2-scaled.jpg?zoom=2&amp;resize=150%2C150 300w, https:\/\/i0.wp.com\/www.jojoenherbe.com\/wp-content\/uploads\/2021\/09\/109-rue-des-soupirs-T2-2-scaled.jpg?zoom=3&amp;resize=150%2C150 450w\" sizes=\"auto, (max-width: 150px) 100vw, 150px\" \/><\/a>J&rsquo;encha\u00eene avec le tome 2 de <span style=\"text-decoration: underline;\">109 rue des soupirs, Fant\u00f4mes sur le grill<\/span> de Mr. Tan et Yomgui Dumont (\u00e9d. Casterman, 2020, 127 pages), Elliot et ses amis fant\u00f4mes devant faire face \u00e0 une nouvelle menace, un inspecteur fant\u00f4me \u00e9tant charg\u00e9 de contr\u00f4ler l&rsquo;aptitude des fant\u00f4mes \u00e0 terroriser. Encore une chouette histoire avec ces fant\u00f4mes sympathiques et dont on apprend un peu plus leur histoire!<br \/><\/em><\/p>\n<p><em><span style=\"text-decoration: underline;\">Des romans jeunesse<\/span>:<\/em><\/p>\n<p><a href=\"https:\/\/i0.wp.com\/www.jojoenherbe.com\/wp-content\/uploads\/2021\/09\/Romans-jeunesse-8-scaled.jpg\"><img data-recalc-dims=\"1\" loading=\"lazy\" decoding=\"async\" data-attachment-id=\"21021\" data-permalink=\"http:\/\/www.jojoenherbe.com\/index.php\/2021\/09\/27\/point-lecture-hebdomadaire-8\/romans-jeunesse-8\/\" data-orig-file=\"https:\/\/i0.wp.com\/www.jojoenherbe.com\/wp-content\/uploads\/2021\/09\/Romans-jeunesse-8-scaled.jpg?fit=2560%2C1920\" data-orig-size=\"2560,1920\" data-comments-opened=\"1\" data-image-meta=\"{&quot;aperture&quot;:&quot;1.8&quot;,&quot;credit&quot;:&quot;&quot;,&quot;camera&quot;:&quot;iPhone 7&quot;,&quot;caption&quot;:&quot;&quot;,&quot;created_timestamp&quot;:&quot;1632740876&quot;,&quot;copyright&quot;:&quot;&quot;,&quot;focal_length&quot;:&quot;3.99&quot;,&quot;iso&quot;:&quot;100&quot;,&quot;shutter_speed&quot;:&quot;0.11111111111111&quot;,&quot;title&quot;:&quot;&quot;,&quot;orientation&quot;:&quot;1&quot;}\" data-image-title=\"Romans jeunesse #8\" data-image-description=\"\" data-image-caption=\"\" data-large-file=\"https:\/\/i0.wp.com\/www.jojoenherbe.com\/wp-content\/uploads\/2021\/09\/Romans-jeunesse-8-scaled.jpg?fit=676%2C507\" class=\"aligncenter wp-image-21021 size-medium\" src=\"https:\/\/i0.wp.com\/www.jojoenherbe.com\/wp-content\/uploads\/2021\/09\/Romans-jeunesse-8.jpg?resize=300%2C225\" alt=\"\" width=\"300\" height=\"225\" srcset=\"https:\/\/i0.wp.com\/www.jojoenherbe.com\/wp-content\/uploads\/2021\/09\/Romans-jeunesse-8-scaled.jpg?resize=300%2C225 300w, https:\/\/i0.wp.com\/www.jojoenherbe.com\/wp-content\/uploads\/2021\/09\/Romans-jeunesse-8-scaled.jpg?resize=1024%2C768 1024w, https:\/\/i0.wp.com\/www.jojoenherbe.com\/wp-content\/uploads\/2021\/09\/Romans-jeunesse-8-scaled.jpg?resize=768%2C576 768w, https:\/\/i0.wp.com\/www.jojoenherbe.com\/wp-content\/uploads\/2021\/09\/Romans-jeunesse-8-scaled.jpg?resize=1536%2C1152 1536w, https:\/\/i0.wp.com\/www.jojoenherbe.com\/wp-content\/uploads\/2021\/09\/Romans-jeunesse-8-scaled.jpg?resize=2048%2C1536 2048w, https:\/\/i0.wp.com\/www.jojoenherbe.com\/wp-content\/uploads\/2021\/09\/Romans-jeunesse-8-scaled.jpg?resize=676%2C507 676w, https:\/\/i0.wp.com\/www.jojoenherbe.com\/wp-content\/uploads\/2021\/09\/Romans-jeunesse-8-scaled.jpg?w=1352 1352w\" sizes=\"auto, (max-width: 300px) 100vw, 300px\" \/><\/a><\/p>\n<ul>\n<li><em>(Roman jeunesse) <strong><span style=\"text-decoration: underline;\">Les sept sorciers<\/span><\/strong> de Caro King (\u00e9d. Prisma, 2012, 376 pages)<\/em><\/li>\n<\/ul>\n<p style=\"text-align: justify;\"><em>Je finis de lire, en reprenant au chapitre 6, <span style=\"text-decoration: underline;\">Les sept sorciers<\/span> de Caro King, un roman jeunesse \u00e0 partir de 9 ans. Une jeune fille, Nin est la seule \u00e0 se souvenir de son <\/em><em>petit fr\u00e8re Toby qui a \u00e9t\u00e9 enlev\u00e9 par Skerridge, un croquemitaine pour \u00eatre livr\u00e9 \u00e0 Monsieur Strood. Alors que Skerridge tente de l&rsquo;enlever \u00e0 son tour, elle s&rsquo;enfuit et se retrouve plong\u00e9e dans le pays magique de la D\u00e9rive o\u00f9 r\u00e9gnaient autrefois les Sept Sorciers. Que d&rsquo;aventures pour Nin dans cette histoire fantastique! Heureusement elle pourra compter sur sa bonne \u00e9toile (peut-\u00eatre trop, roman jeunesse oblige) et aussi sur un gar\u00e7on un peu plus \u00e2g\u00e9, Jonas ainsi que sur Jik, un bonhomme de boue. Il est question de qu\u00eate initiatique, d&rsquo;univers parall\u00e8le et de courage. Un roman jeunesse qui se lit facilement mais sans plus. \u00c0 r\u00e9server peut-\u00eatre \u00e0 de jeunes lecteurs friands d&rsquo;h\u00e9ro\u00efc fantasy mais suffisamment grands pour ne pas \u00eatre effray\u00e9s par les \u00eatres plus cauchemardesques les uns que les autres de l&rsquo;histoire!<\/em><\/p>\n<ul>\n<li style=\"text-align: justify;\"><em>(Roman jeunesse) <strong><span style=\"text-decoration: underline;\">La rencontre<\/span><\/strong> de St\u00e9phanie Demasse-Poirier et Marie Poirier <\/em><\/li>\n<\/ul>\n<p style=\"text-align: justify;\"><em>Nous lisons <span style=\"text-decoration: underline;\">La rencontre<\/span> de St\u00e9phanie Demasse-Poirier et Marie Poirier <\/em><em>(\u00e9d. de l\u2019\u00c9tag\u00e8re du bas, 2021), un roman jeunesse \u00e0 partir de 6 ans. A la recherche d&rsquo;un ami, un pingouin seul sur sa banquise accroche un petit morceau de papier sur un poisson qui est trouv\u00e9 par un chat. Bient\u00f4t, le pingouin et le chat se rencontrent. Une histoire simple et mignonne d&rsquo;une rencontre atypique entre un manchot et un chat! Il est question d&rsquo;amiti\u00e9 et de vivre ensemble.<br \/><\/em><\/p>\n<p><strong><span style=\"text-decoration: underline;\">Ma lecture en cours<\/span>: <\/strong><\/p>\n<p><em>(Roman jeunesse) <strong><span style=\"text-decoration: underline;\">Am\u00e9lia Fang et le tr\u00e9sor des Y\u00e9tis<\/span><\/strong> de Laura Ellen Anderson <strong>(T5)<\/strong><\/em><\/p>\n<p style=\"text-align: justify;\"><em><a href=\"https:\/\/i0.wp.com\/www.jojoenherbe.com\/wp-content\/uploads\/2021\/09\/Amelia-Fang-T5-scaled.jpg\"><img data-recalc-dims=\"1\" loading=\"lazy\" decoding=\"async\" data-attachment-id=\"21005\" data-permalink=\"http:\/\/www.jojoenherbe.com\/index.php\/2021\/09\/15\/billet-de-suivi-challenge-halloween-2021\/amelia-fang-t5\/\" data-orig-file=\"https:\/\/i0.wp.com\/www.jojoenherbe.com\/wp-content\/uploads\/2021\/09\/Amelia-Fang-T5-scaled.jpg?fit=2560%2C1996\" data-orig-size=\"2560,1996\" data-comments-opened=\"1\" data-image-meta=\"{&quot;aperture&quot;:&quot;1.8&quot;,&quot;credit&quot;:&quot;&quot;,&quot;camera&quot;:&quot;iPhone 7&quot;,&quot;caption&quot;:&quot;&quot;,&quot;created_timestamp&quot;:&quot;1632733863&quot;,&quot;copyright&quot;:&quot;&quot;,&quot;focal_length&quot;:&quot;3.99&quot;,&quot;iso&quot;:&quot;100&quot;,&quot;shutter_speed&quot;:&quot;0.2&quot;,&quot;title&quot;:&quot;&quot;,&quot;orientation&quot;:&quot;1&quot;}\" data-image-title=\"Am\u00e9lia Fang T5\" data-image-description=\"\" data-image-caption=\"\" data-large-file=\"https:\/\/i0.wp.com\/www.jojoenherbe.com\/wp-content\/uploads\/2021\/09\/Amelia-Fang-T5-scaled.jpg?fit=676%2C527\" class=\"alignleft size-thumbnail wp-image-21005\" src=\"https:\/\/i0.wp.com\/www.jojoenherbe.com\/wp-content\/uploads\/2021\/09\/Amelia-Fang-T5.jpg?resize=150%2C150\" alt=\"\" width=\"150\" height=\"150\" srcset=\"https:\/\/i0.wp.com\/www.jojoenherbe.com\/wp-content\/uploads\/2021\/09\/Amelia-Fang-T5-scaled.jpg?resize=150%2C150 150w, https:\/\/i0.wp.com\/www.jojoenherbe.com\/wp-content\/uploads\/2021\/09\/Amelia-Fang-T5-scaled.jpg?zoom=2&amp;resize=150%2C150 300w, https:\/\/i0.wp.com\/www.jojoenherbe.com\/wp-content\/uploads\/2021\/09\/Amelia-Fang-T5-scaled.jpg?zoom=3&amp;resize=150%2C150 450w\" sizes=\"auto, (max-width: 150px) 100vw, 150px\" \/><\/a>Je commence \u00e0 lire jusqu\u2019au chapitre 7 le tome 5 d\u2019Am\u00e9lia Fang, <span style=\"text-decoration: underline;\">Am\u00e9lia Fang et le tr\u00e9sor des Y\u00e9tis<\/span> de Laura Ellen Anderson (\u00e9d. Casterman, 2021, 237 pages), Am\u00e9lia, Florence, Grimaldi et Tangine passant un s\u00e9jour au mont des Y\u00e9tis pour les 350 ans de la grand-m\u00e8re de Florence. Mais au cours de la f\u00eate d&rsquo;anniversaire, des objets pr\u00e9cieux des Y\u00e9tis commencent \u00e0 dispara\u00eetre les uns apr\u00e8s les autres. Une nouvelle enqu\u00eate pour Am\u00e9lia et ses amis? Il est agr\u00e9able de retrouver cette petite bande d&rsquo;amis toujours aussi bien croqu\u00e9s dans les illustrations en noir et blanc de Laura Ellen Anderson.<br \/><\/em><\/p>\n<p><strong><span style=\"text-decoration: underline;\">Ma prochaine lecture envisag\u00e9e<\/span>:<\/strong><\/p>\n<p style=\"text-align: justify;\"><em>(Roman jeunesse) <strong><span style=\"text-decoration: underline;\">Magic Charly, Bienvenue \u00e0 Saint-Fouettard<\/span><\/strong> d\u2019Audrey Alwett <strong>(T2)<\/strong><\/em><\/p>\n<p style=\"text-align: justify;\"><em><a href=\"https:\/\/i0.wp.com\/www.jojoenherbe.com\/wp-content\/uploads\/2021\/09\/Magic-Charly-T2-scaled.jpg\"><img data-recalc-dims=\"1\" loading=\"lazy\" decoding=\"async\" data-attachment-id=\"21034\" data-permalink=\"http:\/\/www.jojoenherbe.com\/index.php\/2021\/09\/27\/point-lecture-hebdomadaire-8\/magic-charly-t2\/\" data-orig-file=\"https:\/\/i0.wp.com\/www.jojoenherbe.com\/wp-content\/uploads\/2021\/09\/Magic-Charly-T2-scaled.jpg?fit=2560%2C1929\" data-orig-size=\"2560,1929\" data-comments-opened=\"1\" data-image-meta=\"{&quot;aperture&quot;:&quot;1.8&quot;,&quot;credit&quot;:&quot;&quot;,&quot;camera&quot;:&quot;iPhone 7&quot;,&quot;caption&quot;:&quot;&quot;,&quot;created_timestamp&quot;:&quot;1632754033&quot;,&quot;copyright&quot;:&quot;&quot;,&quot;focal_length&quot;:&quot;3.99&quot;,&quot;iso&quot;:&quot;100&quot;,&quot;shutter_speed&quot;:&quot;0.11111111111111&quot;,&quot;title&quot;:&quot;&quot;,&quot;orientation&quot;:&quot;1&quot;}\" data-image-title=\"Magic Charly T2\" data-image-description=\"\" data-image-caption=\"\" data-large-file=\"https:\/\/i0.wp.com\/www.jojoenherbe.com\/wp-content\/uploads\/2021\/09\/Magic-Charly-T2-scaled.jpg?fit=676%2C510\" class=\"size-thumbnail wp-image-21034 alignright\" src=\"https:\/\/i0.wp.com\/www.jojoenherbe.com\/wp-content\/uploads\/2021\/09\/Magic-Charly-T2.jpg?resize=150%2C150\" alt=\"\" width=\"150\" height=\"150\" srcset=\"https:\/\/i0.wp.com\/www.jojoenherbe.com\/wp-content\/uploads\/2021\/09\/Magic-Charly-T2-scaled.jpg?resize=150%2C150 150w, https:\/\/i0.wp.com\/www.jojoenherbe.com\/wp-content\/uploads\/2021\/09\/Magic-Charly-T2-scaled.jpg?zoom=2&amp;resize=150%2C150 300w, https:\/\/i0.wp.com\/www.jojoenherbe.com\/wp-content\/uploads\/2021\/09\/Magic-Charly-T2-scaled.jpg?zoom=3&amp;resize=150%2C150 450w\" sizes=\"auto, (max-width: 150px) 100vw, 150px\" \/><\/a>Pour une LC du T1 et\/ou T2 du Challenge Halloween 2021 en octobre: le tome 2 de <span style=\"text-decoration: underline;\">Magic Charly, Bienvenue \u00e0 Saint-Fouettard<\/span> d\u2019Audrey Alwett (\u00e9d. Gallimard Jeunesse, 2021, 523 pages).<\/em><\/p>\n\n\n<p><\/p>\n","protected":false},"excerpt":{"rendered":"<p>En ce d\u00e9but de semaine, voici notre point lecture hebdomadaire avec un retour sur nos lectures de la semaine derni\u00e8re, celle en cours et sans doute nos prochaines, ponctu\u00e9es de passages \u00e0 la librairie et \u00e0 la m\u00e9diath\u00e8que. Nos lectures du 20 au 26 septembre 2021: Des albums jeunesse: Nous continuons nos relectures et d\u00e9couvertes [&hellip;]<\/p>\n","protected":false},"author":1,"featured_media":21038,"comment_status":"open","ping_status":"open","sticky":false,"template":"","format":"standard","meta":{"jetpack_post_was_ever_published":false,"_jetpack_newsletter_access":"","_jetpack_dont_email_post_to_subs":false,"_jetpack_newsletter_tier_id":0,"_jetpack_memberships_contains_paywalled_content":false,"_jetpack_memberships_contains_paid_content":false,"footnotes":""},"categories":[2140,363],"tags":[409,2772,1327,2631,1226,2761,2777,2779,2778,2776,1002,1580,367,1014,1797,2775,2773,2767,789,2612,2278,2774,1839],"class_list":["post-21011","post","type-post","status-publish","format-standard","has-post-thumbnail","hentry","category-mini-blogueur","category-mini-lecteur","tag-albums-jeunesse","tag-amelia-fang","tag-ana-ana","tag-anne-montel","tag-bd-jeunesse","tag-caro-king","tag-chloe-malard","tag-guido-van-genechten","tag-hye-won-kyung","tag-karen-hottois","tag-kazuo-iwamura","tag-laura-ellen-anderson","tag-lecture-jeunesse","tag-lectures-dautomne","tag-lectures-dhalloween","tag-marie-poirier","tag-mr-tan","tag-point-lecture-hebdo","tag-romans-jeunesse","tag-romans-junior","tag-stephane-servant","tag-stephanie-demasse-poirier","tag-yomgui-dumont","post-preview"],"jetpack_featured_media_url":"https:\/\/i0.wp.com\/www.jojoenherbe.com\/wp-content\/uploads\/2021\/09\/point-lecture-hebdo-8-scaled.jpg?fit=2560%2C1920","jetpack_sharing_enabled":true,"jetpack_shortlink":"https:\/\/wp.me\/p9zhGx-5sT","jetpack_likes_enabled":true,"jetpack-related-posts":[{"id":27740,"url":"http:\/\/www.jojoenherbe.com\/index.php\/2022\/09\/26\/point-lecture-hebdomadaire-60\/","url_meta":{"origin":21011,"position":0},"title":"Point lecture hebdomadaire #60","author":"Jojo","date":"26 septembre 2022","format":false,"excerpt":"En ce d\u00e9but de semaine, voici notre point lecture hebdomadaire avec un retour sur nos lectures de la semaine derni\u00e8re (mais pas nos relectures) et notre lecture en cours, avec une pr\u00e9dominante pour les lectures automnales et halloweenesques, l'automne \u00e9tant arriv\u00e9 et le challenge Halloween de Hilde et Lou ayant\u2026","rel":"","context":"Dans &quot;Mini blogueur&quot;","block_context":{"text":"Mini blogueur","link":"http:\/\/www.jojoenherbe.com\/index.php\/category\/mini-blogueur\/"},"img":{"alt_text":"","src":"https:\/\/i0.wp.com\/www.jojoenherbe.com\/wp-content\/uploads\/2022\/09\/Point-lecture-hebdo-60-scaled.jpg?fit=1200%2C771&resize=350%2C200","width":350,"height":200,"srcset":"https:\/\/i0.wp.com\/www.jojoenherbe.com\/wp-content\/uploads\/2022\/09\/Point-lecture-hebdo-60-scaled.jpg?fit=1200%2C771&resize=350%2C200 1x, https:\/\/i0.wp.com\/www.jojoenherbe.com\/wp-content\/uploads\/2022\/09\/Point-lecture-hebdo-60-scaled.jpg?fit=1200%2C771&resize=525%2C300 1.5x, https:\/\/i0.wp.com\/www.jojoenherbe.com\/wp-content\/uploads\/2022\/09\/Point-lecture-hebdo-60-scaled.jpg?fit=1200%2C771&resize=700%2C400 2x, https:\/\/i0.wp.com\/www.jojoenherbe.com\/wp-content\/uploads\/2022\/09\/Point-lecture-hebdo-60-scaled.jpg?fit=1200%2C771&resize=1050%2C600 3x"},"classes":[]},{"id":37057,"url":"http:\/\/www.jojoenherbe.com\/index.php\/2024\/09\/30\/point-lecture-hebdomadaire-2024-39\/","url_meta":{"origin":21011,"position":1},"title":"Point lecture hebdomadaire 2024 #39","author":"Jojo","date":"30 septembre 2024","format":false,"excerpt":"En ce d\u00e9but de semaine, voici mon point lecture hebdomadaire avec un retour sur nos lectures (mais pas nos relectures) de la semaine derni\u00e8re. Nos lectures du 23 au 29 septembre 2024: Des lectures jeunesse: Nous avons continu\u00e9 chaque soir et presque fini de lire Le jardin secret de Frances\u2026","rel":"","context":"Dans &quot;Mini blogueur&quot;","block_context":{"text":"Mini blogueur","link":"http:\/\/www.jojoenherbe.com\/index.php\/category\/mini-blogueur\/"},"img":{"alt_text":"","src":"https:\/\/i0.wp.com\/www.jojoenherbe.com\/wp-content\/uploads\/2020\/04\/Le-jardin-secret-150x150.jpg?resize=350%2C200","width":350,"height":200},"classes":[]},{"id":27668,"url":"http:\/\/www.jojoenherbe.com\/index.php\/2022\/09\/19\/point-lecture-hebdomadaire-59\/","url_meta":{"origin":21011,"position":2},"title":"Point lecture hebdomadaire #59","author":"Jojo","date":"19 septembre 2022","format":false,"excerpt":"En ce d\u00e9but de semaine, voici notre point lecture hebdomadaire avec un retour sur nos lectures de la semaine derni\u00e8re (mais pas nos relectures) ainsi que ma lecture en cours. Nos lectures du 12 au 18 septembre 2022: Des lectures jeunesse: (Roman jeunesse) Oscar et Carrosse, La f\u00eate foraine de\u2026","rel":"","context":"Dans &quot;Mini blogueur&quot;","block_context":{"text":"Mini blogueur","link":"http:\/\/www.jojoenherbe.com\/index.php\/category\/mini-blogueur\/"},"img":{"alt_text":"","src":"https:\/\/i0.wp.com\/www.jojoenherbe.com\/wp-content\/uploads\/2022\/09\/Point-lecture-hebdo-59-scaled.jpg?fit=1200%2C698&resize=350%2C200","width":350,"height":200,"srcset":"https:\/\/i0.wp.com\/www.jojoenherbe.com\/wp-content\/uploads\/2022\/09\/Point-lecture-hebdo-59-scaled.jpg?fit=1200%2C698&resize=350%2C200 1x, https:\/\/i0.wp.com\/www.jojoenherbe.com\/wp-content\/uploads\/2022\/09\/Point-lecture-hebdo-59-scaled.jpg?fit=1200%2C698&resize=525%2C300 1.5x, https:\/\/i0.wp.com\/www.jojoenherbe.com\/wp-content\/uploads\/2022\/09\/Point-lecture-hebdo-59-scaled.jpg?fit=1200%2C698&resize=700%2C400 2x, https:\/\/i0.wp.com\/www.jojoenherbe.com\/wp-content\/uploads\/2022\/09\/Point-lecture-hebdo-59-scaled.jpg?fit=1200%2C698&resize=1050%2C600 3x"},"classes":[]},{"id":25915,"url":"http:\/\/www.jojoenherbe.com\/index.php\/2022\/06\/20\/point-lecture-hebdomadaire-46\/","url_meta":{"origin":21011,"position":3},"title":"Point lecture hebdomadaire #46","author":"Jojo","date":"20 juin 2022","format":false,"excerpt":"En ce d\u00e9but de semaine, voici notre point lecture hebdomadaire avec un retour sur nos lectures de la semaine derni\u00e8re (mais pas nos relectures) et ma lecture en cours. j'ai surtout pioch\u00e9 dans ma PAL anglo-saxonne puisqu'en juin, c'est le Mois Anglais 2022 coorganis\u00e9e par Lou et Titine. Nos lectures\u2026","rel":"","context":"Dans &quot;Mini blogueur&quot;","block_context":{"text":"Mini blogueur","link":"http:\/\/www.jojoenherbe.com\/index.php\/category\/mini-blogueur\/"},"img":{"alt_text":"","src":"https:\/\/i0.wp.com\/www.jojoenherbe.com\/wp-content\/uploads\/2022\/07\/Point-lecture-hebdo-46-scaled.jpg?fit=1200%2C795&resize=350%2C200","width":350,"height":200,"srcset":"https:\/\/i0.wp.com\/www.jojoenherbe.com\/wp-content\/uploads\/2022\/07\/Point-lecture-hebdo-46-scaled.jpg?fit=1200%2C795&resize=350%2C200 1x, https:\/\/i0.wp.com\/www.jojoenherbe.com\/wp-content\/uploads\/2022\/07\/Point-lecture-hebdo-46-scaled.jpg?fit=1200%2C795&resize=525%2C300 1.5x, https:\/\/i0.wp.com\/www.jojoenherbe.com\/wp-content\/uploads\/2022\/07\/Point-lecture-hebdo-46-scaled.jpg?fit=1200%2C795&resize=700%2C400 2x, https:\/\/i0.wp.com\/www.jojoenherbe.com\/wp-content\/uploads\/2022\/07\/Point-lecture-hebdo-46-scaled.jpg?fit=1200%2C795&resize=1050%2C600 3x"},"classes":[]},{"id":27314,"url":"http:\/\/www.jojoenherbe.com\/index.php\/2022\/09\/05\/point-lecture-hebdomadaire-57\/","url_meta":{"origin":21011,"position":4},"title":"Point lecture hebdomadaire #57","author":"Jojo","date":"5 septembre 2022","format":false,"excerpt":"En ce d\u00e9but de semaine, voici notre point lecture hebdomadaire avec un retour sur nos lectures de la semaine derni\u00e8re (mais pas nos relectures). Nous avons d\u00e9j\u00e0 commenc\u00e9 nos lectures halloweenesques m\u00eame si c'est encore l'\u00e9t\u00e9. Nos lectures du 29 ao\u00fbt au 4 septembre 2022: Des lectures jeunesse: (Album jeunesse)\u2026","rel":"","context":"Dans &quot;Mini blogueur&quot;","block_context":{"text":"Mini blogueur","link":"http:\/\/www.jojoenherbe.com\/index.php\/category\/mini-blogueur\/"},"img":{"alt_text":"","src":"https:\/\/i0.wp.com\/www.jojoenherbe.com\/wp-content\/uploads\/2022\/09\/Point-lecture-hebdo-57-scaled.jpg?fit=1200%2C628&resize=350%2C200","width":350,"height":200,"srcset":"https:\/\/i0.wp.com\/www.jojoenherbe.com\/wp-content\/uploads\/2022\/09\/Point-lecture-hebdo-57-scaled.jpg?fit=1200%2C628&resize=350%2C200 1x, https:\/\/i0.wp.com\/www.jojoenherbe.com\/wp-content\/uploads\/2022\/09\/Point-lecture-hebdo-57-scaled.jpg?fit=1200%2C628&resize=525%2C300 1.5x, https:\/\/i0.wp.com\/www.jojoenherbe.com\/wp-content\/uploads\/2022\/09\/Point-lecture-hebdo-57-scaled.jpg?fit=1200%2C628&resize=700%2C400 2x, https:\/\/i0.wp.com\/www.jojoenherbe.com\/wp-content\/uploads\/2022\/09\/Point-lecture-hebdo-57-scaled.jpg?fit=1200%2C628&resize=1050%2C600 3x"},"classes":[]},{"id":21209,"url":"http:\/\/www.jojoenherbe.com\/index.php\/2021\/10\/06\/point-lecture-hebdomadaire-9\/","url_meta":{"origin":21011,"position":5},"title":"Point lecture hebdomadaire #9","author":"Jojo","date":"6 octobre 2021","format":false,"excerpt":"En ce d\u00e9but de semaine, voici notre point lecture hebdomadaire avec un retour sur nos lectures de la semaine derni\u00e8re, celle en cours et sans doute nos prochaines, avec un passage \u00e0 la m\u00e9diath\u00e8que. Nos lectures du 27 septembre au 3 octobre 2021: Des albums jeunesse: Cette semaine, nous avons\u2026","rel":"","context":"Dans &quot;Mini blogueur&quot;","block_context":{"text":"Mini blogueur","link":"http:\/\/www.jojoenherbe.com\/index.php\/category\/mini-blogueur\/"},"img":{"alt_text":"","src":"https:\/\/i0.wp.com\/www.jojoenherbe.com\/wp-content\/uploads\/2021\/10\/point-lecture-hebdo-9-scaled.jpg?fit=1200%2C900&resize=350%2C200","width":350,"height":200,"srcset":"https:\/\/i0.wp.com\/www.jojoenherbe.com\/wp-content\/uploads\/2021\/10\/point-lecture-hebdo-9-scaled.jpg?fit=1200%2C900&resize=350%2C200 1x, https:\/\/i0.wp.com\/www.jojoenherbe.com\/wp-content\/uploads\/2021\/10\/point-lecture-hebdo-9-scaled.jpg?fit=1200%2C900&resize=525%2C300 1.5x, https:\/\/i0.wp.com\/www.jojoenherbe.com\/wp-content\/uploads\/2021\/10\/point-lecture-hebdo-9-scaled.jpg?fit=1200%2C900&resize=700%2C400 2x, https:\/\/i0.wp.com\/www.jojoenherbe.com\/wp-content\/uploads\/2021\/10\/point-lecture-hebdo-9-scaled.jpg?fit=1200%2C900&resize=1050%2C600 3x"},"classes":[]}],"_links":{"self":[{"href":"http:\/\/www.jojoenherbe.com\/index.php\/wp-json\/wp\/v2\/posts\/21011","targetHints":{"allow":["GET"]}}],"collection":[{"href":"http:\/\/www.jojoenherbe.com\/index.php\/wp-json\/wp\/v2\/posts"}],"about":[{"href":"http:\/\/www.jojoenherbe.com\/index.php\/wp-json\/wp\/v2\/types\/post"}],"author":[{"embeddable":true,"href":"http:\/\/www.jojoenherbe.com\/index.php\/wp-json\/wp\/v2\/users\/1"}],"replies":[{"embeddable":true,"href":"http:\/\/www.jojoenherbe.com\/index.php\/wp-json\/wp\/v2\/comments?post=21011"}],"version-history":[{"count":0,"href":"http:\/\/www.jojoenherbe.com\/index.php\/wp-json\/wp\/v2\/posts\/21011\/revisions"}],"wp:featuredmedia":[{"embeddable":true,"href":"http:\/\/www.jojoenherbe.com\/index.php\/wp-json\/wp\/v2\/media\/21038"}],"wp:attachment":[{"href":"http:\/\/www.jojoenherbe.com\/index.php\/wp-json\/wp\/v2\/media?parent=21011"}],"wp:term":[{"taxonomy":"category","embeddable":true,"href":"http:\/\/www.jojoenherbe.com\/index.php\/wp-json\/wp\/v2\/categories?post=21011"},{"taxonomy":"post_tag","embeddable":true,"href":"http:\/\/www.jojoenherbe.com\/index.php\/wp-json\/wp\/v2\/tags?post=21011"}],"curies":[{"name":"wp","href":"https:\/\/api.w.org\/{rel}","templated":true}]}}