{"id":20932,"date":"2021-09-24T10:29:05","date_gmt":"2021-09-24T08:29:05","guid":{"rendered":"http:\/\/www.jojoenherbe.com\/?p=20932"},"modified":"2021-09-24T10:29:05","modified_gmt":"2021-09-24T08:29:05","slug":"au-fil-des-pages-avec-jojo-lombrelle","status":"publish","type":"post","link":"http:\/\/www.jojoenherbe.com\/index.php\/2021\/09\/24\/au-fil-des-pages-avec-jojo-lombrelle\/","title":{"rendered":"Au fil des pages avec Jojo L&rsquo;Ombrelle"},"content":{"rendered":"<p style=\"text-align: justify;\"><em><a href=\"https:\/\/i0.wp.com\/www.jojoenherbe.com\/wp-content\/uploads\/2021\/09\/Jojo-LOmbrelle-2-scaled.jpg\"><img data-recalc-dims=\"1\" loading=\"lazy\" decoding=\"async\" data-attachment-id=\"20934\" data-permalink=\"http:\/\/www.jojoenherbe.com\/index.php\/2021\/09\/24\/au-fil-des-pages-avec-jojo-lombrelle\/jojo-lombrelle-2\/\" data-orig-file=\"https:\/\/i0.wp.com\/www.jojoenherbe.com\/wp-content\/uploads\/2021\/09\/Jojo-LOmbrelle-2-scaled.jpg?fit=2560%2C1589\" data-orig-size=\"2560,1589\" data-comments-opened=\"1\" data-image-meta=\"{&quot;aperture&quot;:&quot;1.8&quot;,&quot;credit&quot;:&quot;&quot;,&quot;camera&quot;:&quot;iPhone 7&quot;,&quot;caption&quot;:&quot;&quot;,&quot;created_timestamp&quot;:&quot;1632475986&quot;,&quot;copyright&quot;:&quot;&quot;,&quot;focal_length&quot;:&quot;3.99&quot;,&quot;iso&quot;:&quot;100&quot;,&quot;shutter_speed&quot;:&quot;0.11111111111111&quot;,&quot;title&quot;:&quot;&quot;,&quot;orientation&quot;:&quot;1&quot;}\" data-image-title=\"Jojo L&amp;rsquo;Ombrelle 2\" data-image-description=\"\" data-image-caption=\"\" data-large-file=\"https:\/\/i0.wp.com\/www.jojoenherbe.com\/wp-content\/uploads\/2021\/09\/Jojo-LOmbrelle-2-scaled.jpg?fit=676%2C420\" class=\"alignleft size-thumbnail wp-image-20934\" src=\"https:\/\/i0.wp.com\/www.jojoenherbe.com\/wp-content\/uploads\/2021\/09\/Jojo-LOmbrelle-2.jpg?resize=150%2C150\" alt=\"\" width=\"150\" height=\"150\" srcset=\"https:\/\/i0.wp.com\/www.jojoenherbe.com\/wp-content\/uploads\/2021\/09\/Jojo-LOmbrelle-2-scaled.jpg?resize=150%2C150 150w, https:\/\/i0.wp.com\/www.jojoenherbe.com\/wp-content\/uploads\/2021\/09\/Jojo-LOmbrelle-2-scaled.jpg?zoom=2&amp;resize=150%2C150 300w, https:\/\/i0.wp.com\/www.jojoenherbe.com\/wp-content\/uploads\/2021\/09\/Jojo-LOmbrelle-2-scaled.jpg?zoom=3&amp;resize=150%2C150 450w\" sizes=\"auto, (max-width: 150px) 100vw, 150px\" \/><\/a> <a href=\"https:\/\/i0.wp.com\/www.jojoenherbe.com\/wp-content\/uploads\/2021\/09\/Jojo-LOmbrelle-3-scaled.jpg\"><img data-recalc-dims=\"1\" loading=\"lazy\" decoding=\"async\" data-attachment-id=\"20935\" data-permalink=\"http:\/\/www.jojoenherbe.com\/index.php\/2021\/09\/24\/au-fil-des-pages-avec-jojo-lombrelle\/jojo-lombrelle-3\/\" data-orig-file=\"https:\/\/i0.wp.com\/www.jojoenherbe.com\/wp-content\/uploads\/2021\/09\/Jojo-LOmbrelle-3-scaled.jpg?fit=2560%2C1554\" data-orig-size=\"2560,1554\" data-comments-opened=\"1\" data-image-meta=\"{&quot;aperture&quot;:&quot;1.8&quot;,&quot;credit&quot;:&quot;&quot;,&quot;camera&quot;:&quot;iPhone 7&quot;,&quot;caption&quot;:&quot;&quot;,&quot;created_timestamp&quot;:&quot;1632475998&quot;,&quot;copyright&quot;:&quot;&quot;,&quot;focal_length&quot;:&quot;3.99&quot;,&quot;iso&quot;:&quot;80&quot;,&quot;shutter_speed&quot;:&quot;0.125&quot;,&quot;title&quot;:&quot;&quot;,&quot;orientation&quot;:&quot;1&quot;}\" data-image-title=\"Jojo L&amp;rsquo;Ombrelle 3\" data-image-description=\"\" data-image-caption=\"\" data-large-file=\"https:\/\/i0.wp.com\/www.jojoenherbe.com\/wp-content\/uploads\/2021\/09\/Jojo-LOmbrelle-3-scaled.jpg?fit=676%2C410\" class=\"alignleft size-thumbnail wp-image-20935\" src=\"https:\/\/i0.wp.com\/www.jojoenherbe.com\/wp-content\/uploads\/2021\/09\/Jojo-LOmbrelle-3.jpg?resize=150%2C150\" alt=\"\" width=\"150\" height=\"150\" srcset=\"https:\/\/i0.wp.com\/www.jojoenherbe.com\/wp-content\/uploads\/2021\/09\/Jojo-LOmbrelle-3-scaled.jpg?resize=150%2C150 150w, https:\/\/i0.wp.com\/www.jojoenherbe.com\/wp-content\/uploads\/2021\/09\/Jojo-LOmbrelle-3-scaled.jpg?zoom=2&amp;resize=150%2C150 300w, https:\/\/i0.wp.com\/www.jojoenherbe.com\/wp-content\/uploads\/2021\/09\/Jojo-LOmbrelle-3-scaled.jpg?zoom=3&amp;resize=150%2C150 450w\" sizes=\"auto, (max-width: 150px) 100vw, 150px\" \/><\/a>Nous lisons et relisons <span style=\"text-decoration: underline;\">Jojo L&rsquo;Ombrelle<\/span> de Didier L\u00e9vy et Nathalie Dieterl\u00e9 (\u00e9d. Belin Jeunesse, 2018), un album jeunesse \u00e0 partir de 3 ans et qui a fait partie de la s\u00e9lection CP du 28\u00e8me Prix des Incos en 2017. C&rsquo;est la guerre dans la savane depuis plusieurs jours. En pleine bataille, un \u00e9l\u00e9phant avec son ombrelle Jojo provoque un cessez-le-feu provisoire: il a perdu la m\u00e9moire. Les autres animaux viennent l&rsquo;aider. Mais Jojo n<\/em><em>e ferait-il pas semblant pour faire revenir la paix? Par ce stratag\u00e8me, r\u00e9ussira-t-il \u00e0 r\u00e9unir ensemble les animaux bagarreurs qui \u00e9taient pourtant amis autrefois?<br \/>\n<\/em><\/p>\n<p style=\"text-align: justify;\"><em><a href=\"https:\/\/i0.wp.com\/www.jojoenherbe.com\/wp-content\/uploads\/2021\/09\/Jojo-LOmbrelle-4-scaled.jpg\"><img data-recalc-dims=\"1\" loading=\"lazy\" decoding=\"async\" data-attachment-id=\"20936\" data-permalink=\"http:\/\/www.jojoenherbe.com\/index.php\/2021\/09\/24\/au-fil-des-pages-avec-jojo-lombrelle\/jojo-lombrelle-4\/\" data-orig-file=\"https:\/\/i0.wp.com\/www.jojoenherbe.com\/wp-content\/uploads\/2021\/09\/Jojo-LOmbrelle-4-scaled.jpg?fit=2560%2C1920\" data-orig-size=\"2560,1920\" data-comments-opened=\"1\" data-image-meta=\"{&quot;aperture&quot;:&quot;1.8&quot;,&quot;credit&quot;:&quot;&quot;,&quot;camera&quot;:&quot;iPhone 7&quot;,&quot;caption&quot;:&quot;&quot;,&quot;created_timestamp&quot;:&quot;1632476239&quot;,&quot;copyright&quot;:&quot;&quot;,&quot;focal_length&quot;:&quot;3.99&quot;,&quot;iso&quot;:&quot;80&quot;,&quot;shutter_speed&quot;:&quot;0.058823529411765&quot;,&quot;title&quot;:&quot;&quot;,&quot;orientation&quot;:&quot;1&quot;}\" data-image-title=\"Jojo L&amp;rsquo;Ombrelle 4\" data-image-description=\"\" data-image-caption=\"\" data-large-file=\"https:\/\/i0.wp.com\/www.jojoenherbe.com\/wp-content\/uploads\/2021\/09\/Jojo-LOmbrelle-4-scaled.jpg?fit=676%2C507\" class=\"size-thumbnail wp-image-20936 alignright\" src=\"https:\/\/i0.wp.com\/www.jojoenherbe.com\/wp-content\/uploads\/2021\/09\/Jojo-LOmbrelle-4.jpg?resize=150%2C150\" alt=\"\" width=\"150\" height=\"150\" srcset=\"https:\/\/i0.wp.com\/www.jojoenherbe.com\/wp-content\/uploads\/2021\/09\/Jojo-LOmbrelle-4-scaled.jpg?resize=150%2C150 150w, https:\/\/i0.wp.com\/www.jojoenherbe.com\/wp-content\/uploads\/2021\/09\/Jojo-LOmbrelle-4-scaled.jpg?zoom=2&amp;resize=150%2C150 300w, https:\/\/i0.wp.com\/www.jojoenherbe.com\/wp-content\/uploads\/2021\/09\/Jojo-LOmbrelle-4-scaled.jpg?zoom=3&amp;resize=150%2C150 450w\" sizes=\"auto, (max-width: 150px) 100vw, 150px\" \/><\/a>L&rsquo;histoire aborde avec humour l&rsquo;absurdit\u00e9 de la guerre, le vivre ensemble et la fraternit\u00e9. Jojo est un \u00e9l\u00e9phant attachant et malicieux mais aussi gourmand. On irait bien avec eux se r\u00e9galer de fruits exotiques (mangues, caramboles, papayes&#8230;). Les illustrations sont color\u00e9es et dynamiques. Coup de c\u0153ur pour cet album jeunesse!<\/em><\/p>\n<div style=\"width: 140px\" class=\"wp-caption alignleft\"><img loading=\"lazy\" decoding=\"async\" class=\"\" src=\"https:\/\/lh3.googleusercontent.com\/pw\/ACtC-3eIuIHfDCWnQjrbP_Gttnq9qrZJ0sCLWnTR3GjIOIiC54aYp8f1rKz8fy3EJIYJcUrzUv3KnF-YnYTE-vhMmRU8myeq_V_5OYKPelcJ6I4-bD-P1SjmJYevXt0TGhPCpROfcXeg5SJ_4KvwWeBQfvsOWw=w285-h217-no?authuser=1\" alt=\"\" width=\"130\" height=\"99\" \/><p class=\"wp-caption-text\">Challenge Petit Bac d\u2019<a href=\"https:\/\/ennalit.wordpress.com\/2020\/12\/01\/challenge-petit-bac-2021-qui-veut-jouer\/\">Enna<\/a> #12 Cat\u00e9gorie Objet: \u00ab\u00a0Ombrelle\u00a0\u00bb<\/p><\/div>\n<div style=\"width: 144px\" class=\"wp-caption alignleft\"><img loading=\"lazy\" decoding=\"async\" class=\"nonealign widthoriginal\" src=\"https:\/\/i0.wp.com\/p4.storage.canalblog.com\/40\/68\/1394281\/128273873.png?resize=137%2C99&amp;ssl=1\" alt=\"\" width=\"134\" height=\"97\" border=\"0\" data-recalc-dims=\"1\" \/><p class=\"wp-caption-text\">Participation #59 Challenge Des livres (et des \u00e9crans) en cuisine de <a href=\"https:\/\/mapetitemediatheque.fr\/2020\/12\/des-livres-et-des-ecrans-en-cuisine-2021\/\">Bidib<\/a> et <a href=\"http:\/\/croquerlespages.canalblog.com\/archives\/2020\/12\/20\/38715076.html\">Fondant<\/a> #Fruits exotiques<\/p><\/div>\n<p><em>\u00a0<\/em><\/p>\n","protected":false},"excerpt":{"rendered":"<p>Nous lisons et relisons Jojo L&rsquo;Ombrelle de Didier L\u00e9vy et Nathalie Dieterl\u00e9 (\u00e9d. Belin Jeunesse, 2018), un album jeunesse \u00e0 partir de 3 ans et qui a fait partie de la s\u00e9lection CP du 28\u00e8me Prix des Incos en 2017. C&rsquo;est la guerre dans la savane depuis plusieurs jours. En pleine bataille, un \u00e9l\u00e9phant avec [&hellip;]<\/p>\n","protected":false},"author":1,"featured_media":20937,"comment_status":"open","ping_status":"open","sticky":false,"template":"","format":"standard","meta":{"jetpack_post_was_ever_published":false,"_jetpack_newsletter_access":"","_jetpack_dont_email_post_to_subs":false,"_jetpack_newsletter_tier_id":0,"_jetpack_memberships_contains_paywalled_content":false,"_jetpack_memberships_contains_paid_content":false,"footnotes":""},"categories":[363],"tags":[785,409,386,839,2765,2018,2019,1829,720,1044,10,2766,2594,538,2405,2763,2764,1673,2722,716,465,448],"class_list":["post-20932","post","type-post","status-publish","format-standard","has-post-thumbnail","hentry","category-mini-lecteur","tag-3-6-ans","tag-albums-jeunesse","tag-amitie","tag-animaux-de-la-savane","tag-bataille","tag-challenge-petit-bac-2021","tag-des-livres-et-des-ecrans-en-cuisine-2021","tag-didier-levy","tag-elephant","tag-fraternite","tag-fruits","tag-fruits-exotiques","tag-guerre","tag-humour","tag-memoire","tag-nathalie-dieterle","tag-paix","tag-prix-des-incos","tag-prix-des-incos-2017","tag-savane","tag-tolerance","tag-vivre-ensemble","post-preview"],"jetpack_featured_media_url":"https:\/\/i0.wp.com\/www.jojoenherbe.com\/wp-content\/uploads\/2021\/09\/Jojo-LOmbrelle-scaled.jpg?fit=2560%2C2054","jetpack_sharing_enabled":true,"jetpack_shortlink":"https:\/\/wp.me\/p9zhGx-5rC","jetpack_likes_enabled":true,"jetpack-related-posts":[{"id":16863,"url":"http:\/\/www.jojoenherbe.com\/index.php\/2021\/03\/28\/troisieme-alphabet-des-animaux-e-comme-elephant\/","url_meta":{"origin":20932,"position":0},"title":"Troisi\u00e8me alphabet des animaux: E comme \u00c9l\u00e9phant","author":"Jojo","date":"28 mars 2021","format":false,"excerpt":"Pour la semaine 50 de mon challenge de l'alphabet des animaux illustr\u00e9s sur Instagram #jojoenherbeetcieillustre qui associe la premi\u00e8re lettre d'un animal avec une illustration tir\u00e9e de la litt\u00e9rature jeunesse en suivant l'ordre de l'alphabet, il s'agit du E comme \u00c9l\u00e9phant. Alors voici notre s\u00e9lection d'\u00e9l\u00e9phants qui sera mise \u00e0\u2026","rel":"","context":"Dans &quot;Mini challenger&quot;","block_context":{"text":"Mini challenger","link":"http:\/\/www.jojoenherbe.com\/index.php\/category\/mini-challenger\/"},"img":{"alt_text":"","src":"https:\/\/i0.wp.com\/www.jojoenherbe.com\/wp-content\/uploads\/2021\/03\/Selection-Elephant-1-scaled.jpg?fit=1200%2C838&resize=350%2C200","width":350,"height":200,"srcset":"https:\/\/i0.wp.com\/www.jojoenherbe.com\/wp-content\/uploads\/2021\/03\/Selection-Elephant-1-scaled.jpg?fit=1200%2C838&resize=350%2C200 1x, https:\/\/i0.wp.com\/www.jojoenherbe.com\/wp-content\/uploads\/2021\/03\/Selection-Elephant-1-scaled.jpg?fit=1200%2C838&resize=525%2C300 1.5x, https:\/\/i0.wp.com\/www.jojoenherbe.com\/wp-content\/uploads\/2021\/03\/Selection-Elephant-1-scaled.jpg?fit=1200%2C838&resize=700%2C400 2x, https:\/\/i0.wp.com\/www.jojoenherbe.com\/wp-content\/uploads\/2021\/03\/Selection-Elephant-1-scaled.jpg?fit=1200%2C838&resize=1050%2C600 3x"},"classes":[]},{"id":26398,"url":"http:\/\/www.jojoenherbe.com\/index.php\/2022\/07\/13\/au-fil-des-pages-avec-aie-aie-aie\/","url_meta":{"origin":20932,"position":1},"title":"Au fil des pages avec A\u00efe A\u00efe A\u00efe!","author":"Jojo","date":"13 juillet 2022","format":false,"excerpt":"Nous lisons et relisons tr\u00e8s r\u00e9guli\u00e8rement A\u00efe A\u00efe A\u00efe! de Christine Naumann-Villemin et Ana Duna (\u00e9d. Auzou, 2020), un album jeunesse \u00e0 partir de 3 ans et qui a \u00e9t\u00e9 laur\u00e9at du 33\u00e8me Prix des Incos en 2022 dans la s\u00e9lection Maternelle. Dans la savane africaine, les animaux sont inquiets\u2026","rel":"","context":"Dans &quot;Mini lecteur&quot;","block_context":{"text":"Mini lecteur","link":"http:\/\/www.jojoenherbe.com\/index.php\/category\/mini-lecteur\/"},"img":{"alt_text":"","src":"https:\/\/i0.wp.com\/www.jojoenherbe.com\/wp-content\/uploads\/2022\/05\/Aie-Aie-Aie-scaled.jpg?fit=1200%2C965&resize=350%2C200","width":350,"height":200,"srcset":"https:\/\/i0.wp.com\/www.jojoenherbe.com\/wp-content\/uploads\/2022\/05\/Aie-Aie-Aie-scaled.jpg?fit=1200%2C965&resize=350%2C200 1x, https:\/\/i0.wp.com\/www.jojoenherbe.com\/wp-content\/uploads\/2022\/05\/Aie-Aie-Aie-scaled.jpg?fit=1200%2C965&resize=525%2C300 1.5x, https:\/\/i0.wp.com\/www.jojoenherbe.com\/wp-content\/uploads\/2022\/05\/Aie-Aie-Aie-scaled.jpg?fit=1200%2C965&resize=700%2C400 2x, https:\/\/i0.wp.com\/www.jojoenherbe.com\/wp-content\/uploads\/2022\/05\/Aie-Aie-Aie-scaled.jpg?fit=1200%2C965&resize=1050%2C600 3x"},"classes":[]},{"id":25607,"url":"http:\/\/www.jojoenherbe.com\/index.php\/2022\/05\/25\/nos-lectures-de-la-selection-maternelle-du-prix-des-incos-2022\/","url_meta":{"origin":20932,"position":2},"title":"Nos lectures de la s\u00e9lection Maternelle du Prix des Incos 2022","author":"Jojo","date":"25 mai 2022","format":false,"excerpt":"Lorsque la s\u00e9lection Maternelle du 33\u00e8me Prix des Incos 2021\/2022 est parue, nous avons d\u00e9couvert avec plaisir que nous connaissions d\u00e9j\u00e0 4 albums jeunesse sur les 6 s\u00e9lectionn\u00e9s. La grande glissade de l\u2019ours de Richard T. Morris et LeUyen Pham (\u00e9d. Albin Michel Jeunesse, 2020), un album jeunesse \u00e0 partir\u2026","rel":"","context":"Dans &quot;Mini lecteur&quot;","block_context":{"text":"Mini lecteur","link":"http:\/\/www.jojoenherbe.com\/index.php\/category\/mini-lecteur\/"},"img":{"alt_text":"","src":"https:\/\/i0.wp.com\/www.jojoenherbe.com\/wp-content\/uploads\/2022\/05\/Selection-Maternelle-Prix-des-Incos-2022-scaled.jpg?fit=1200%2C951&resize=350%2C200","width":350,"height":200,"srcset":"https:\/\/i0.wp.com\/www.jojoenherbe.com\/wp-content\/uploads\/2022\/05\/Selection-Maternelle-Prix-des-Incos-2022-scaled.jpg?fit=1200%2C951&resize=350%2C200 1x, https:\/\/i0.wp.com\/www.jojoenherbe.com\/wp-content\/uploads\/2022\/05\/Selection-Maternelle-Prix-des-Incos-2022-scaled.jpg?fit=1200%2C951&resize=525%2C300 1.5x, https:\/\/i0.wp.com\/www.jojoenherbe.com\/wp-content\/uploads\/2022\/05\/Selection-Maternelle-Prix-des-Incos-2022-scaled.jpg?fit=1200%2C951&resize=700%2C400 2x, https:\/\/i0.wp.com\/www.jojoenherbe.com\/wp-content\/uploads\/2022\/05\/Selection-Maternelle-Prix-des-Incos-2022-scaled.jpg?fit=1200%2C951&resize=1050%2C600 3x"},"classes":[]},{"id":7727,"url":"http:\/\/www.jojoenherbe.com\/index.php\/2019\/10\/01\/au-fil-des-pages-avec-par-le-bout-du-nez\/","url_meta":{"origin":20932,"position":3},"title":"Au fil des pages avec Par le bout du nez","author":"Jojo","date":"1 octobre 2019","format":false,"excerpt":"Nous empruntons \u00e0 la biblioth\u00e8que Par le bout du nez de Loes Riphagen (\u00e9d. Didier Jeunesse, 2017), un album jeunesse \u00e0 partir de 3 ans tout en d\u00e9coupes. Nous suivons un petit \u00e9l\u00e9phant tr\u00e8s curieux qui pose des tas de questions jusqu'\u00e0 ce qu'il croise le chemin d'un crocodile. C'est\u2026","rel":"","context":"Dans &quot;Mini lecteur&quot;","block_context":{"text":"Mini lecteur","link":"http:\/\/www.jojoenherbe.com\/index.php\/category\/mini-lecteur\/"},"img":{"alt_text":"","src":"https:\/\/i0.wp.com\/www.jojoenherbe.com\/wp-content\/uploads\/2019\/10\/Par-le-bout-du-nez.jpg?fit=1200%2C1165&resize=350%2C200","width":350,"height":200,"srcset":"https:\/\/i0.wp.com\/www.jojoenherbe.com\/wp-content\/uploads\/2019\/10\/Par-le-bout-du-nez.jpg?fit=1200%2C1165&resize=350%2C200 1x, https:\/\/i0.wp.com\/www.jojoenherbe.com\/wp-content\/uploads\/2019\/10\/Par-le-bout-du-nez.jpg?fit=1200%2C1165&resize=525%2C300 1.5x, https:\/\/i0.wp.com\/www.jojoenherbe.com\/wp-content\/uploads\/2019\/10\/Par-le-bout-du-nez.jpg?fit=1200%2C1165&resize=700%2C400 2x, https:\/\/i0.wp.com\/www.jojoenherbe.com\/wp-content\/uploads\/2019\/10\/Par-le-bout-du-nez.jpg?fit=1200%2C1165&resize=1050%2C600 3x"},"classes":[]},{"id":29903,"url":"http:\/\/www.jojoenherbe.com\/index.php\/2023\/02\/18\/au-fil-des-pages-avec-il-neige\/","url_meta":{"origin":20932,"position":4},"title":"Au fil des pages avec Il neige!","author":"Jojo","date":"18 f\u00e9vrier 2023","format":false,"excerpt":"Nous avons lu Il neige! de Hyejin Go (\u00e9d. Picquier Jeunesse, 2018), un album jeunesse \u00e0 partir de 3 ans et qui a fait partie de la s\u00e9lection Maternelle du 32\u00e8me Prix des Incos 2021. M\u00e9content d'avoir \u00e9t\u00e9 r\u00e9veill\u00e9 alors qu\u2019il est en train d\u2019hiberner, un ours d\u00e9couvre avec ravissement\u2026","rel":"","context":"Dans &quot;Mini lecteur&quot;","block_context":{"text":"Mini lecteur","link":"http:\/\/www.jojoenherbe.com\/index.php\/category\/mini-lecteur\/"},"img":{"alt_text":"","src":"https:\/\/i0.wp.com\/www.jojoenherbe.com\/wp-content\/uploads\/2021\/04\/Il-neige-scaled.jpg?fit=1200%2C900&resize=350%2C200","width":350,"height":200,"srcset":"https:\/\/i0.wp.com\/www.jojoenherbe.com\/wp-content\/uploads\/2021\/04\/Il-neige-scaled.jpg?fit=1200%2C900&resize=350%2C200 1x, https:\/\/i0.wp.com\/www.jojoenherbe.com\/wp-content\/uploads\/2021\/04\/Il-neige-scaled.jpg?fit=1200%2C900&resize=525%2C300 1.5x, https:\/\/i0.wp.com\/www.jojoenherbe.com\/wp-content\/uploads\/2021\/04\/Il-neige-scaled.jpg?fit=1200%2C900&resize=700%2C400 2x, https:\/\/i0.wp.com\/www.jojoenherbe.com\/wp-content\/uploads\/2021\/04\/Il-neige-scaled.jpg?fit=1200%2C900&resize=1050%2C600 3x"},"classes":[]},{"id":16573,"url":"http:\/\/www.jojoenherbe.com\/index.php\/2021\/03\/18\/au-fil-des-pages-avec-larrivee-des-capybaras\/","url_meta":{"origin":20932,"position":5},"title":"Au fil des pages avec L&rsquo;arriv\u00e9e des capybaras","author":"Jojo","date":"18 mars 2021","format":false,"excerpt":"Nous empruntons \u00e0 la m\u00e9diath\u00e8que L'arriv\u00e9e des capybaras d'Alfredo Soderguit (\u00e9d. Didier Jeunesse, 2020), un album jeunesse \u00e0 partir de 5 ans et qui fera partie de la s\u00e9lection CP du 33e Prix des Incos en 2022. En pleine saison de la chasse, les capybaras fuit les chasseurs et se\u2026","rel":"","context":"Dans &quot;Mini lecteur&quot;","block_context":{"text":"Mini lecteur","link":"http:\/\/www.jojoenherbe.com\/index.php\/category\/mini-lecteur\/"},"img":{"alt_text":"","src":"https:\/\/i0.wp.com\/www.jojoenherbe.com\/wp-content\/uploads\/2021\/03\/Larrivee-des-capybaras-scaled.jpg?fit=1200%2C887&resize=350%2C200","width":350,"height":200,"srcset":"https:\/\/i0.wp.com\/www.jojoenherbe.com\/wp-content\/uploads\/2021\/03\/Larrivee-des-capybaras-scaled.jpg?fit=1200%2C887&resize=350%2C200 1x, https:\/\/i0.wp.com\/www.jojoenherbe.com\/wp-content\/uploads\/2021\/03\/Larrivee-des-capybaras-scaled.jpg?fit=1200%2C887&resize=525%2C300 1.5x, https:\/\/i0.wp.com\/www.jojoenherbe.com\/wp-content\/uploads\/2021\/03\/Larrivee-des-capybaras-scaled.jpg?fit=1200%2C887&resize=700%2C400 2x, https:\/\/i0.wp.com\/www.jojoenherbe.com\/wp-content\/uploads\/2021\/03\/Larrivee-des-capybaras-scaled.jpg?fit=1200%2C887&resize=1050%2C600 3x"},"classes":[]}],"_links":{"self":[{"href":"http:\/\/www.jojoenherbe.com\/index.php\/wp-json\/wp\/v2\/posts\/20932","targetHints":{"allow":["GET"]}}],"collection":[{"href":"http:\/\/www.jojoenherbe.com\/index.php\/wp-json\/wp\/v2\/posts"}],"about":[{"href":"http:\/\/www.jojoenherbe.com\/index.php\/wp-json\/wp\/v2\/types\/post"}],"author":[{"embeddable":true,"href":"http:\/\/www.jojoenherbe.com\/index.php\/wp-json\/wp\/v2\/users\/1"}],"replies":[{"embeddable":true,"href":"http:\/\/www.jojoenherbe.com\/index.php\/wp-json\/wp\/v2\/comments?post=20932"}],"version-history":[{"count":0,"href":"http:\/\/www.jojoenherbe.com\/index.php\/wp-json\/wp\/v2\/posts\/20932\/revisions"}],"wp:featuredmedia":[{"embeddable":true,"href":"http:\/\/www.jojoenherbe.com\/index.php\/wp-json\/wp\/v2\/media\/20937"}],"wp:attachment":[{"href":"http:\/\/www.jojoenherbe.com\/index.php\/wp-json\/wp\/v2\/media?parent=20932"}],"wp:term":[{"taxonomy":"category","embeddable":true,"href":"http:\/\/www.jojoenherbe.com\/index.php\/wp-json\/wp\/v2\/categories?post=20932"},{"taxonomy":"post_tag","embeddable":true,"href":"http:\/\/www.jojoenherbe.com\/index.php\/wp-json\/wp\/v2\/tags?post=20932"}],"curies":[{"name":"wp","href":"https:\/\/api.w.org\/{rel}","templated":true}]}}