{"id":20747,"date":"2021-09-17T10:45:27","date_gmt":"2021-09-17T08:45:27","guid":{"rendered":"http:\/\/www.jojoenherbe.com\/?p=20747"},"modified":"2021-09-17T10:45:27","modified_gmt":"2021-09-17T08:45:27","slug":"au-fil-des-pages-avec-le-loup-en-slip","status":"publish","type":"post","link":"http:\/\/www.jojoenherbe.com\/index.php\/2021\/09\/17\/au-fil-des-pages-avec-le-loup-en-slip\/","title":{"rendered":"Au fil des pages avec Le loup en slip"},"content":{"rendered":"<p style=\"text-align: justify;\"><em><a href=\"https:\/\/i0.wp.com\/www.jojoenherbe.com\/wp-content\/uploads\/2021\/09\/Le-loup-en-slip-2-scaled.jpg\"><img data-recalc-dims=\"1\" loading=\"lazy\" decoding=\"async\" data-attachment-id=\"20752\" data-permalink=\"http:\/\/www.jojoenherbe.com\/index.php\/2021\/09\/17\/au-fil-des-pages-avec-le-loup-en-slip\/le-loup-en-slip-2-2\/\" data-orig-file=\"https:\/\/i0.wp.com\/www.jojoenherbe.com\/wp-content\/uploads\/2021\/09\/Le-loup-en-slip-2-scaled.jpg?fit=2560%2C1659\" data-orig-size=\"2560,1659\" data-comments-opened=\"1\" data-image-meta=\"{&quot;aperture&quot;:&quot;1.8&quot;,&quot;credit&quot;:&quot;&quot;,&quot;camera&quot;:&quot;iPhone 7&quot;,&quot;caption&quot;:&quot;&quot;,&quot;created_timestamp&quot;:&quot;1631873114&quot;,&quot;copyright&quot;:&quot;&quot;,&quot;focal_length&quot;:&quot;3.99&quot;,&quot;iso&quot;:&quot;100&quot;,&quot;shutter_speed&quot;:&quot;0.090909090909091&quot;,&quot;title&quot;:&quot;&quot;,&quot;orientation&quot;:&quot;1&quot;}\" data-image-title=\"Le loup en slip 2\" data-image-description=\"\" data-image-caption=\"\" data-large-file=\"https:\/\/i0.wp.com\/www.jojoenherbe.com\/wp-content\/uploads\/2021\/09\/Le-loup-en-slip-2-scaled.jpg?fit=676%2C438\" class=\"alignleft size-thumbnail wp-image-20752\" src=\"https:\/\/i0.wp.com\/www.jojoenherbe.com\/wp-content\/uploads\/2021\/09\/Le-loup-en-slip-2.jpg?resize=150%2C150\" alt=\"\" width=\"150\" height=\"150\" srcset=\"https:\/\/i0.wp.com\/www.jojoenherbe.com\/wp-content\/uploads\/2021\/09\/Le-loup-en-slip-2-scaled.jpg?resize=150%2C150 150w, https:\/\/i0.wp.com\/www.jojoenherbe.com\/wp-content\/uploads\/2021\/09\/Le-loup-en-slip-2-scaled.jpg?zoom=2&amp;resize=150%2C150 300w, https:\/\/i0.wp.com\/www.jojoenherbe.com\/wp-content\/uploads\/2021\/09\/Le-loup-en-slip-2-scaled.jpg?zoom=3&amp;resize=150%2C150 450w\" sizes=\"auto, (max-width: 150px) 100vw, 150px\" \/><\/a> <a href=\"https:\/\/i0.wp.com\/www.jojoenherbe.com\/wp-content\/uploads\/2021\/09\/Le-loup-en-slip-3-scaled.jpg\"><img data-recalc-dims=\"1\" loading=\"lazy\" decoding=\"async\" data-attachment-id=\"20753\" data-permalink=\"http:\/\/www.jojoenherbe.com\/index.php\/2021\/09\/17\/au-fil-des-pages-avec-le-loup-en-slip\/le-loup-en-slip-3\/\" data-orig-file=\"https:\/\/i0.wp.com\/www.jojoenherbe.com\/wp-content\/uploads\/2021\/09\/Le-loup-en-slip-3-scaled.jpg?fit=2560%2C1920\" data-orig-size=\"2560,1920\" data-comments-opened=\"1\" data-image-meta=\"{&quot;aperture&quot;:&quot;1.8&quot;,&quot;credit&quot;:&quot;&quot;,&quot;camera&quot;:&quot;iPhone 7&quot;,&quot;caption&quot;:&quot;&quot;,&quot;created_timestamp&quot;:&quot;1631873168&quot;,&quot;copyright&quot;:&quot;&quot;,&quot;focal_length&quot;:&quot;3.99&quot;,&quot;iso&quot;:&quot;100&quot;,&quot;shutter_speed&quot;:&quot;0.071428571428571&quot;,&quot;title&quot;:&quot;&quot;,&quot;orientation&quot;:&quot;1&quot;}\" data-image-title=\"Le loup en slip 3\" data-image-description=\"\" data-image-caption=\"\" data-large-file=\"https:\/\/i0.wp.com\/www.jojoenherbe.com\/wp-content\/uploads\/2021\/09\/Le-loup-en-slip-3-scaled.jpg?fit=676%2C507\" class=\"alignleft size-thumbnail wp-image-20753\" src=\"https:\/\/i0.wp.com\/www.jojoenherbe.com\/wp-content\/uploads\/2021\/09\/Le-loup-en-slip-3.jpg?resize=150%2C150\" alt=\"\" width=\"150\" height=\"150\" srcset=\"https:\/\/i0.wp.com\/www.jojoenherbe.com\/wp-content\/uploads\/2021\/09\/Le-loup-en-slip-3-scaled.jpg?resize=150%2C150 150w, https:\/\/i0.wp.com\/www.jojoenherbe.com\/wp-content\/uploads\/2021\/09\/Le-loup-en-slip-3-scaled.jpg?zoom=2&amp;resize=150%2C150 300w, https:\/\/i0.wp.com\/www.jojoenherbe.com\/wp-content\/uploads\/2021\/09\/Le-loup-en-slip-3-scaled.jpg?zoom=3&amp;resize=150%2C150 450w\" sizes=\"auto, (max-width: 150px) 100vw, 150px\" \/><\/a>Nous lisons <span style=\"text-decoration: underline;\">Le loup en slip<\/span> de Wilfrid Lupano, Mayanna Ito\u00efz et Paul Cauuet (\u00e9d. Dargaud, 2016, r\u00e9\u00e9d. 2018), une BD jeunesse \u00e0 partir de 5 ans et qui peut \u00eatre lu seul par des jeunes lecteurs sachant lire en \u00e9critures majuscules et qui n&rsquo;en oublie pas le lecteur adulte avec un clin d\u2019\u0153il \u00e0 la fin aux Vieux Fourneaux. Il s\u2019agit du premier tome sur les 6 d\u00e9j\u00e0 parus. Un loup terrifie tous les habitants de la for\u00eat jusqu&rsquo;au jour o\u00f9 il est aper\u00e7u avec un slip que lui a offert une chouette afin qu&rsquo;il n&rsquo;ait plus froid aux fesses. Mais un loup en slip est-il vraiment m\u00e9chant? Et que faire lorsque la peur du loup n\u2019a plus de raison d\u2019\u00eatre? <\/em><\/p>\n<p style=\"text-align: justify;\"><em><a href=\"https:\/\/i0.wp.com\/www.jojoenherbe.com\/wp-content\/uploads\/2021\/09\/Le-loup-en-slip-4-scaled.jpg\"><img data-recalc-dims=\"1\" loading=\"lazy\" decoding=\"async\" data-attachment-id=\"20754\" data-permalink=\"http:\/\/www.jojoenherbe.com\/index.php\/2021\/09\/17\/au-fil-des-pages-avec-le-loup-en-slip\/le-loup-en-slip-4\/\" data-orig-file=\"https:\/\/i0.wp.com\/www.jojoenherbe.com\/wp-content\/uploads\/2021\/09\/Le-loup-en-slip-4-scaled.jpg?fit=2560%2C1684\" data-orig-size=\"2560,1684\" data-comments-opened=\"1\" data-image-meta=\"{&quot;aperture&quot;:&quot;1.8&quot;,&quot;credit&quot;:&quot;&quot;,&quot;camera&quot;:&quot;iPhone 7&quot;,&quot;caption&quot;:&quot;&quot;,&quot;created_timestamp&quot;:&quot;1631873234&quot;,&quot;copyright&quot;:&quot;&quot;,&quot;focal_length&quot;:&quot;3.99&quot;,&quot;iso&quot;:&quot;100&quot;,&quot;shutter_speed&quot;:&quot;0.058823529411765&quot;,&quot;title&quot;:&quot;&quot;,&quot;orientation&quot;:&quot;1&quot;}\" data-image-title=\"Le loup en slip 4\" data-image-description=\"\" data-image-caption=\"\" data-large-file=\"https:\/\/i0.wp.com\/www.jojoenherbe.com\/wp-content\/uploads\/2021\/09\/Le-loup-en-slip-4-scaled.jpg?fit=676%2C445\" class=\"size-thumbnail wp-image-20754 alignright\" src=\"https:\/\/i0.wp.com\/www.jojoenherbe.com\/wp-content\/uploads\/2021\/09\/Le-loup-en-slip-4.jpg?resize=150%2C150\" alt=\"\" width=\"150\" height=\"150\" srcset=\"https:\/\/i0.wp.com\/www.jojoenherbe.com\/wp-content\/uploads\/2021\/09\/Le-loup-en-slip-4-scaled.jpg?resize=150%2C150 150w, https:\/\/i0.wp.com\/www.jojoenherbe.com\/wp-content\/uploads\/2021\/09\/Le-loup-en-slip-4-scaled.jpg?zoom=2&amp;resize=150%2C150 300w, https:\/\/i0.wp.com\/www.jojoenherbe.com\/wp-content\/uploads\/2021\/09\/Le-loup-en-slip-4-scaled.jpg?zoom=3&amp;resize=150%2C150 450w\" sizes=\"auto, (max-width: 150px) 100vw, 150px\" \/><\/a>Avec beaucoup d&rsquo;humour tout en \u00e9tant une critique sociale, l&rsquo;histoire aborde les th\u00e8mes des pr\u00e9jug\u00e9s, de la peur de l&rsquo;autre et de l&rsquo;inconnu et de ceux qui en profitent tout en s&rsquo;amusant avec l&rsquo;image du loup issue des contes et l\u00e9gendes. Est ainsi r\u00e9invent\u00e9, en intrigue secondaire, le sort r\u00e9serv\u00e9 aux trois petits cochons. Un tr\u00e8s bon moment de lecture avec cette BD jeunesse avec des illustrations aux animaux tr\u00e8s expressifs et remplis de d\u00e9tails! Sans oublier des passages gourmands avec un \u00e9cureuil opportuniste et peut-\u00eatre bien plus terrifiant que le loup. Il ne nous reste plus qu&rsquo;\u00e0 d\u00e9couvrir les autres tomes.<br \/>\n<\/em><\/p>\n<div style=\"width: 133px\" class=\"wp-caption alignleft\"><img loading=\"lazy\" decoding=\"async\" class=\"\" src=\"https:\/\/lh3.googleusercontent.com\/pw\/ACtC-3eIuIHfDCWnQjrbP_Gttnq9qrZJ0sCLWnTR3GjIOIiC54aYp8f1rKz8fy3EJIYJcUrzUv3KnF-YnYTE-vhMmRU8myeq_V_5OYKPelcJ6I4-bD-P1SjmJYevXt0TGhPCpROfcXeg5SJ_4KvwWeBQfvsOWw=w285-h217-no?authuser=1\" alt=\"\" width=\"123\" height=\"94\" \/><p class=\"wp-caption-text\">Challenge Petit Bac d\u2019<a href=\"https:\/\/ennalit.wordpress.com\/2020\/12\/01\/challenge-petit-bac-2021-qui-veut-jouer\/\">Enna<\/a> #11 Cat\u00e9gorie Objet: \u00ab\u00a0Slip\u00a0\u00bb<\/p><\/div>\n<div id=\"attachment_10219\" style=\"width: 113px\" class=\"wp-caption alignleft\"><img loading=\"lazy\" decoding=\"async\" aria-describedby=\"caption-attachment-10219\" data-attachment-id=\"10219\" data-permalink=\"http:\/\/www.jojoenherbe.com\/index.php\/2020\/03\/02\/au-fil-des-pages-avec-lievre-et-ours-sous-la-neige\/lievre-et-ours-sous-la-neige\/\" data-orig-file=\"https:\/\/i0.wp.com\/www.jojoenherbe.com\/wp-content\/uploads\/2020\/03\/Li%C3%A8vre-et-Ours-sous-la-neige-scaled.jpg?fit=2560%2C1892\" data-orig-size=\"2560,1892\" data-comments-opened=\"1\" data-image-meta=\"{&quot;aperture&quot;:&quot;2.4&quot;,&quot;credit&quot;:&quot;&quot;,&quot;camera&quot;:&quot;iPhone 4S&quot;,&quot;caption&quot;:&quot;&quot;,&quot;created_timestamp&quot;:&quot;1583147305&quot;,&quot;copyright&quot;:&quot;&quot;,&quot;focal_length&quot;:&quot;4.28&quot;,&quot;iso&quot;:&quot;640&quot;,&quot;shutter_speed&quot;:&quot;0.066666666666667&quot;,&quot;title&quot;:&quot;&quot;,&quot;orientation&quot;:&quot;1&quot;}\" data-image-title=\"Li\u00e8vre et Ours, sous la neige\" data-image-description=\"\" data-image-caption=\"\" data-large-file=\"https:\/\/i0.wp.com\/www.jojoenherbe.com\/wp-content\/uploads\/2020\/03\/Li%C3%A8vre-et-Ours-sous-la-neige-scaled.jpg?fit=676%2C500\" class=\"wp-image-10219\" src=\"https:\/\/i2.wp.com\/mapetitemediatheque.fr\/wp-content\/uploads\/2018\/11\/challenge-contes-et-l\u00e9gendes.jpg?resize=131%2C164\" sizes=\"auto, (max-width: 343px) 100vw, 343px\" srcset=\"https:\/\/i2.wp.com\/mapetitemediatheque.fr\/wp-content\/uploads\/2018\/11\/challenge-contes-et-l\u00e9gendes.jpg?resize=131%2C164 343w, http:\/\/mapetitemediatheque.fr\/wp-content\/uploads\/2018\/11\/challenge-contes-et-l\u00e9gendes-239x300.jpg 239w\" alt=\"\" width=\"103\" height=\"129\" aria-describedby=\"caption-attachment-10219\" data-attachment-id=\"10219\" data-permalink=\"http:\/\/www.jojoenherbe.com\/index.php\/2020\/03\/02\/au-fil-des-pages-avec-lievre-et-ours-sous-la-neige\/lievre-et-ours-sous-la-neige\/\" data-orig-file=\"https:\/\/i1.wp.com\/www.jojoenherbe.com\/wp-content\/uploads\/2020\/03\/Li\u00e8vre-et-Ours-sous-la-neige-scaled.jpg?fit=2560%2C1892\" data-orig-size=\"2560,1892\" data-comments-opened=\"1\" data-image-meta=\"{&quot;aperture&quot;:&quot;2.4&quot;,&quot;credit&quot;:&quot;&quot;,&quot;camera&quot;:&quot;iPhone 4S&quot;,&quot;caption&quot;:&quot;&quot;,&quot;created_timestamp&quot;:&quot;1583147305&quot;,&quot;copyright&quot;:&quot;&quot;,&quot;focal_length&quot;:&quot;4.28&quot;,&quot;iso&quot;:&quot;640&quot;,&quot;shutter_speed&quot;:&quot;0.066666666666667&quot;,&quot;title&quot;:&quot;&quot;,&quot;orientation&quot;:&quot;1&quot;}\" data-image-title=\"Li\u00e8vre et Ours, sous la neige\" data-image-description=\"\" data-image-caption=\"\" data-medium-file=\"https:\/\/i1.wp.com\/www.jojoenherbe.com\/wp-content\/uploads\/2020\/03\/Li\u00e8vre-et-Ours-sous-la-neige-scaled.jpg?fit=300%2C222\" data-large-file=\"https:\/\/i1.wp.com\/www.jojoenherbe.com\/wp-content\/uploads\/2020\/03\/Li\u00e8vre-et-Ours-sous-la-neige-scaled.jpg?fit=676%2C500\" data-recalc-dims=\"1\" \/><p id=\"caption-attachment-10219\" class=\"wp-caption-text\">Participation #57 au Challenge Contes &amp; L\u00e9gendes 2021 de <a href=\"https:\/\/mapetitemediatheque.fr\/2020\/12\/challenge-contes-legendes-2021\/\">Bidib<\/a> #Conte d\u00e9tourn\u00e9<\/p><\/div>\n<div style=\"width: 140px\" class=\"wp-caption alignleft\"><img loading=\"lazy\" decoding=\"async\" class=\"nonealign widthoriginal\" src=\"https:\/\/i0.wp.com\/p4.storage.canalblog.com\/40\/68\/1394281\/128273873.png?resize=137%2C99&amp;ssl=1\" alt=\"\" width=\"130\" height=\"94\" border=\"0\" data-recalc-dims=\"1\" \/><p class=\"wp-caption-text\">Participation #57 Challenge Des livres (et des \u00e9crans) en cuisine de <a href=\"https:\/\/mapetitemediatheque.fr\/2020\/12\/des-livres-et-des-ecrans-en-cuisine-2021\/\">Bidib<\/a> et <a href=\"http:\/\/croquerlespages.canalblog.com\/archives\/2020\/12\/20\/38715076.html\">Fondant<\/a><\/p><\/div>\n","protected":false},"excerpt":{"rendered":"<p>Nous lisons Le loup en slip de Wilfrid Lupano, Mayanna Ito\u00efz et Paul Cauuet (\u00e9d. Dargaud, 2016, r\u00e9\u00e9d. 2018), une BD jeunesse \u00e0 partir de 5 ans et qui peut \u00eatre lu seul par des jeunes lecteurs sachant lire en \u00e9critures majuscules et qui n&rsquo;en oublie pas le lecteur adulte avec un clin d\u2019\u0153il \u00e0 [&hellip;]<\/p>\n","protected":false},"author":1,"featured_media":20749,"comment_status":"open","ping_status":"open","sticky":false,"template":"","format":"standard","meta":{"jetpack_post_was_ever_published":false,"_jetpack_newsletter_access":"","_jetpack_dont_email_post_to_subs":false,"_jetpack_newsletter_tier_id":0,"_jetpack_memberships_contains_paywalled_content":false,"_jetpack_memberships_contains_paid_content":false,"footnotes":""},"categories":[363],"tags":[995,808,596,1226,2020,2018,245,485,1628,2019,1277,541,2756,2757,555,613,615,711,2755],"class_list":["post-20747","post","type-post","status-publish","format-standard","has-post-thumbnail","hentry","category-mini-lecteur","tag-5-8-ans","tag-animaux-de-la-foret","tag-bandes-dessinees","tag-bd-jeunesse","tag-challenge-contes-et-legendes-2021","tag-challenge-petit-bac-2021","tag-contes","tag-contes-detournes","tag-critique-sociale","tag-des-livres-et-des-ecrans-en-cuisine-2021","tag-foret","tag-loup","tag-mayanna-itoiz","tag-paul-cauuet","tag-peur","tag-peur-de-lautre","tag-peur-de-linconnu","tag-prejuges","tag-wilfrid-lupano","post-preview"],"jetpack_featured_media_url":"https:\/\/i0.wp.com\/www.jojoenherbe.com\/wp-content\/uploads\/2021\/09\/Le-loup-en-slip-1-scaled.jpg?fit=2560%2C1699","jetpack_sharing_enabled":true,"jetpack_shortlink":"https:\/\/wp.me\/p9zhGx-5oD","jetpack_likes_enabled":true,"jetpack-related-posts":[{"id":33785,"url":"http:\/\/www.jojoenherbe.com\/index.php\/2025\/12\/20\/au-fil-des-pages-avec-le-tome-6-du-loup-en-slip\/","url_meta":{"origin":20747,"position":0},"title":"Au fil des pages avec le tome 6 du Loup en slip","author":"Jojo","date":"20 d\u00e9cembre 2025","format":false,"excerpt":"Avec mon mini lutin, nous avons lu le tome 6 du Loup en slip, Le Loup en slip dans Cache-Noisettes de Wilfrid Lupano, Mayanna Ito\u00efz et Paul Cauuet (\u00e9d. Dargaud, novembre 2021, 40 pages), une BD jeunesse \u00e0 partir de 5 ans et avec un texte en lettres majuscules. En\u2026","rel":"","context":"Dans &quot;Mini lecteur&quot;","block_context":{"text":"Mini lecteur","link":"http:\/\/www.jojoenherbe.com\/index.php\/category\/mini-lecteur\/"},"img":{"alt_text":"","src":"https:\/\/i0.wp.com\/www.jojoenherbe.com\/wp-content\/uploads\/2023\/05\/Le-loup-en-slip-dans-cache-noisettes-T6-scaled.jpg?fit=1200%2C948&resize=350%2C200","width":350,"height":200,"srcset":"https:\/\/i0.wp.com\/www.jojoenherbe.com\/wp-content\/uploads\/2023\/05\/Le-loup-en-slip-dans-cache-noisettes-T6-scaled.jpg?fit=1200%2C948&resize=350%2C200 1x, https:\/\/i0.wp.com\/www.jojoenherbe.com\/wp-content\/uploads\/2023\/05\/Le-loup-en-slip-dans-cache-noisettes-T6-scaled.jpg?fit=1200%2C948&resize=525%2C300 1.5x, https:\/\/i0.wp.com\/www.jojoenherbe.com\/wp-content\/uploads\/2023\/05\/Le-loup-en-slip-dans-cache-noisettes-T6-scaled.jpg?fit=1200%2C948&resize=700%2C400 2x, https:\/\/i0.wp.com\/www.jojoenherbe.com\/wp-content\/uploads\/2023\/05\/Le-loup-en-slip-dans-cache-noisettes-T6-scaled.jpg?fit=1200%2C948&resize=1050%2C600 3x"},"classes":[]},{"id":26753,"url":"http:\/\/www.jojoenherbe.com\/index.php\/2022\/07\/29\/au-fil-des-pages-avec-le-tome-3-du-loup-en-slip\/","url_meta":{"origin":20747,"position":1},"title":"Au fil des pages avec le tome 3 du Loup en slip","author":"Jojo","date":"29 juillet 2022","format":false,"excerpt":"Nous avons continu\u00e9 \u00e0 d\u00e9couvrir la s\u00e9rie du Loup en slip avec le tome 3: Le loup en slip, Slip hip hip! de Wilfrid Lupano, Mayanna Ito\u00efz et Paul Cauuet (\u00e9d. Dargaud, 2018, 40 pages), une BD jeunesse \u00e0 partir de 5 ans. Dans la for\u00eat, tout le monde se\u2026","rel":"","context":"Dans &quot;Mini lecteur&quot;","block_context":{"text":"Mini lecteur","link":"http:\/\/www.jojoenherbe.com\/index.php\/category\/mini-lecteur\/"},"img":{"alt_text":"","src":"https:\/\/i0.wp.com\/www.jojoenherbe.com\/wp-content\/uploads\/2022\/07\/Le-loup-en-slip-T3-scaled.jpg?fit=1200%2C900&resize=350%2C200","width":350,"height":200,"srcset":"https:\/\/i0.wp.com\/www.jojoenherbe.com\/wp-content\/uploads\/2022\/07\/Le-loup-en-slip-T3-scaled.jpg?fit=1200%2C900&resize=350%2C200 1x, https:\/\/i0.wp.com\/www.jojoenherbe.com\/wp-content\/uploads\/2022\/07\/Le-loup-en-slip-T3-scaled.jpg?fit=1200%2C900&resize=525%2C300 1.5x, https:\/\/i0.wp.com\/www.jojoenherbe.com\/wp-content\/uploads\/2022\/07\/Le-loup-en-slip-T3-scaled.jpg?fit=1200%2C900&resize=700%2C400 2x, https:\/\/i0.wp.com\/www.jojoenherbe.com\/wp-content\/uploads\/2022\/07\/Le-loup-en-slip-T3-scaled.jpg?fit=1200%2C900&resize=1050%2C600 3x"},"classes":[]},{"id":30307,"url":"http:\/\/www.jojoenherbe.com\/index.php\/2023\/03\/22\/au-fil-des-pages-avec-le-tome-5-du-loup-en-slip\/","url_meta":{"origin":20747,"position":2},"title":"Au fil des pages avec le tome 5 du Loup en slip","author":"Jojo","date":"22 mars 2023","format":false,"excerpt":"Nous avons lu le tome 5 du Loup en slip, Le loup en slip passe un froc de Wilfrid Lupano, Mayanna Ito\u00efz et Paul Cauuet (\u00e9d. Dargaud, 2020, 40 pages), une BD jeunesse \u00e0 partir de 5 ans et qui peut \u00eatre lu seul par des jeunes lecteurs sachant lire\u2026","rel":"","context":"Dans &quot;Mini lecteur&quot;","block_context":{"text":"Mini lecteur","link":"http:\/\/www.jojoenherbe.com\/index.php\/category\/mini-lecteur\/"},"img":{"alt_text":"","src":"https:\/\/i0.wp.com\/www.jojoenherbe.com\/wp-content\/uploads\/2023\/03\/Le-loup-en-slip-T5-2-scaled.jpg?fit=1200%2C863&resize=350%2C200","width":350,"height":200,"srcset":"https:\/\/i0.wp.com\/www.jojoenherbe.com\/wp-content\/uploads\/2023\/03\/Le-loup-en-slip-T5-2-scaled.jpg?fit=1200%2C863&resize=350%2C200 1x, https:\/\/i0.wp.com\/www.jojoenherbe.com\/wp-content\/uploads\/2023\/03\/Le-loup-en-slip-T5-2-scaled.jpg?fit=1200%2C863&resize=525%2C300 1.5x, https:\/\/i0.wp.com\/www.jojoenherbe.com\/wp-content\/uploads\/2023\/03\/Le-loup-en-slip-T5-2-scaled.jpg?fit=1200%2C863&resize=700%2C400 2x, https:\/\/i0.wp.com\/www.jojoenherbe.com\/wp-content\/uploads\/2023\/03\/Le-loup-en-slip-T5-2-scaled.jpg?fit=1200%2C863&resize=1050%2C600 3x"},"classes":[]},{"id":30302,"url":"http:\/\/www.jojoenherbe.com\/index.php\/2023\/03\/27\/point-lecture-hebdomadaire-2023-12\/","url_meta":{"origin":20747,"position":3},"title":"Point lecture hebdomadaire 2023 #12","author":"Jojo","date":"27 mars 2023","format":false,"excerpt":"En ce d\u00e9but de semaine, voici notre point lecture hebdomadaire avec un retour sur nos lectures de la semaine derni\u00e8re (mais pas nos relectures). Nos lectures du 20 au 26 mars 2023: Des lectures jeunesse: (Album jeunesse) L\u2019\u00e9cureuil et le printemps de Sebastian Meschenmoser Nous avons lu L\u2019\u00e9cureuil et le\u2026","rel":"","context":"Dans &quot;Mini blogueur&quot;","block_context":{"text":"Mini blogueur","link":"http:\/\/www.jojoenherbe.com\/index.php\/category\/mini-blogueur\/"},"img":{"alt_text":"","src":"https:\/\/i0.wp.com\/www.jojoenherbe.com\/wp-content\/uploads\/2023\/03\/Point-lecture-hebdomadaire-2023-12-scaled.jpg?fit=1200%2C764&resize=350%2C200","width":350,"height":200,"srcset":"https:\/\/i0.wp.com\/www.jojoenherbe.com\/wp-content\/uploads\/2023\/03\/Point-lecture-hebdomadaire-2023-12-scaled.jpg?fit=1200%2C764&resize=350%2C200 1x, https:\/\/i0.wp.com\/www.jojoenherbe.com\/wp-content\/uploads\/2023\/03\/Point-lecture-hebdomadaire-2023-12-scaled.jpg?fit=1200%2C764&resize=525%2C300 1.5x, https:\/\/i0.wp.com\/www.jojoenherbe.com\/wp-content\/uploads\/2023\/03\/Point-lecture-hebdomadaire-2023-12-scaled.jpg?fit=1200%2C764&resize=700%2C400 2x, https:\/\/i0.wp.com\/www.jojoenherbe.com\/wp-content\/uploads\/2023\/03\/Point-lecture-hebdomadaire-2023-12-scaled.jpg?fit=1200%2C764&resize=1050%2C600 3x"},"classes":[]},{"id":36253,"url":"http:\/\/www.jojoenherbe.com\/index.php\/2024\/06\/03\/point-lecture-hebdomadaire-2024-22\/","url_meta":{"origin":20747,"position":4},"title":"Point lecture hebdomadaire 2024 #22","author":"Jojo","date":"3 juin 2024","format":false,"excerpt":"En ce d\u00e9but de semaine, voici mon point lecture hebdomadaire avec un retour sur nos lectures (mais pas nos relectures) de la semaine derni\u00e8re. Nos lectures du 27 mai au 2 juin 2024: Des lectures jeunesse: Avec mon mini lutin, il y a eu surtout des relectures d'albums jeunesse qu'il\u2026","rel":"","context":"Dans &quot;Mini blogueur&quot;","block_context":{"text":"Mini blogueur","link":"http:\/\/www.jojoenherbe.com\/index.php\/category\/mini-blogueur\/"},"img":{"alt_text":"","src":"https:\/\/i0.wp.com\/www.jojoenherbe.com\/wp-content\/uploads\/2024\/06\/Le-loup-en-slip-sarrache-T7-150x150.jpg?resize=350%2C200","width":350,"height":200},"classes":[]},{"id":6988,"url":"http:\/\/www.jojoenherbe.com\/index.php\/2020\/10\/19\/au-fil-des-pages-avec-le-petit-loup-rouge\/","url_meta":{"origin":20747,"position":5},"title":"Au fil des pages avec Le Petit Loup Rouge","author":"Jojo","date":"19 octobre 2020","format":false,"excerpt":"J'emprunte \u00e0 la biblioth\u00e8que Le Petit Loup Rouge d'Am\u00e9lie Fl\u00e9chais (\u00e9d. Ankama, coll. \u00c9tincelle, 2014), un album jeunesse \u00e0 partir de 8 ans, voire un peu plus et qui d\u00e9tourne, de fa\u00e7on tout aussi sombre que le conte \u00e9crit par Charles Perrault, Le Petit Chaperon Rouge. Un petit loup tout\u2026","rel":"","context":"Dans &quot;Mini lecteur&quot;","block_context":{"text":"Mini lecteur","link":"http:\/\/www.jojoenherbe.com\/index.php\/category\/mini-lecteur\/"},"img":{"alt_text":"","src":"https:\/\/i0.wp.com\/www.jojoenherbe.com\/wp-content\/uploads\/2020\/10\/Le-petit-loup-rouge-scaled.jpg?fit=1122%2C1200&resize=350%2C200","width":350,"height":200,"srcset":"https:\/\/i0.wp.com\/www.jojoenherbe.com\/wp-content\/uploads\/2020\/10\/Le-petit-loup-rouge-scaled.jpg?fit=1122%2C1200&resize=350%2C200 1x, https:\/\/i0.wp.com\/www.jojoenherbe.com\/wp-content\/uploads\/2020\/10\/Le-petit-loup-rouge-scaled.jpg?fit=1122%2C1200&resize=525%2C300 1.5x, https:\/\/i0.wp.com\/www.jojoenherbe.com\/wp-content\/uploads\/2020\/10\/Le-petit-loup-rouge-scaled.jpg?fit=1122%2C1200&resize=700%2C400 2x, https:\/\/i0.wp.com\/www.jojoenherbe.com\/wp-content\/uploads\/2020\/10\/Le-petit-loup-rouge-scaled.jpg?fit=1122%2C1200&resize=1050%2C600 3x"},"classes":[]}],"_links":{"self":[{"href":"http:\/\/www.jojoenherbe.com\/index.php\/wp-json\/wp\/v2\/posts\/20747","targetHints":{"allow":["GET"]}}],"collection":[{"href":"http:\/\/www.jojoenherbe.com\/index.php\/wp-json\/wp\/v2\/posts"}],"about":[{"href":"http:\/\/www.jojoenherbe.com\/index.php\/wp-json\/wp\/v2\/types\/post"}],"author":[{"embeddable":true,"href":"http:\/\/www.jojoenherbe.com\/index.php\/wp-json\/wp\/v2\/users\/1"}],"replies":[{"embeddable":true,"href":"http:\/\/www.jojoenherbe.com\/index.php\/wp-json\/wp\/v2\/comments?post=20747"}],"version-history":[{"count":0,"href":"http:\/\/www.jojoenherbe.com\/index.php\/wp-json\/wp\/v2\/posts\/20747\/revisions"}],"wp:featuredmedia":[{"embeddable":true,"href":"http:\/\/www.jojoenherbe.com\/index.php\/wp-json\/wp\/v2\/media\/20749"}],"wp:attachment":[{"href":"http:\/\/www.jojoenherbe.com\/index.php\/wp-json\/wp\/v2\/media?parent=20747"}],"wp:term":[{"taxonomy":"category","embeddable":true,"href":"http:\/\/www.jojoenherbe.com\/index.php\/wp-json\/wp\/v2\/categories?post=20747"},{"taxonomy":"post_tag","embeddable":true,"href":"http:\/\/www.jojoenherbe.com\/index.php\/wp-json\/wp\/v2\/tags?post=20747"}],"curies":[{"name":"wp","href":"https:\/\/api.w.org\/{rel}","templated":true}]}}