{"id":20696,"date":"2021-11-13T11:18:00","date_gmt":"2021-11-13T10:18:00","guid":{"rendered":"http:\/\/www.jojoenherbe.com\/?p=20696"},"modified":"2021-11-16T11:18:16","modified_gmt":"2021-11-16T10:18:16","slug":"notre-selection-sorcieres-pour-le-challenge-halloween-2021","status":"publish","type":"post","link":"http:\/\/www.jojoenherbe.com\/index.php\/2021\/11\/13\/notre-selection-sorcieres-pour-le-challenge-halloween-2021\/","title":{"rendered":"Notre s\u00e9lection \u00ab\u00a0Sorci\u00e8res\u00a0\u00bb pour le Challenge Halloween 2021"},"content":{"rendered":"<p style=\"text-align: justify;\"><em>J&rsquo;avais pr\u00e9vu de nombreuses lectures sur la th\u00e9matique \u00ab\u00a0Sorci\u00e8res\u00a0\u00bb et j&rsquo;ai eu envie de les regrouper, comme l&rsquo;ann\u00e9e derni\u00e8re, sous un billet commun. Alors voici notre s\u00e9lection \u00ab\u00a0Sorci\u00e8res\u00a0\u00bb qui a \u00e9volu\u00e9 au-fur-et-\u00e0-mesure de nos lectures de cette nouvelle \u00e9dition du Challenge Halloween organis\u00e9 par Hilde et Lou. Au passage, je coche la case 1 \u00ab\u00a0Sorci\u00e8res\u00a0\u00bb et la case 25 \u00abBookshelf \/ book selection\u00bb du <a href=\"http:\/\/www.jojoenherbe.com\/index.php\/2021\/10\/06\/le-haunted-reading-bingo-du-challenge-halloween-2021\/\">bingo<\/a>.<br \/><\/em><\/p>\n<p style=\"text-align: justify;\"><em><strong><span style=\"text-decoration: underline;\">Des albums jeunesse<\/span>:<\/strong><\/em><\/p>\n<ul>\n<li><em>(Album jeunesse) <strong><span style=\"text-decoration: underline;\">Sorcidonie et les magipotirons<\/span><\/strong> de Nora Thullin et Ana Duna<\/em><\/li>\n<\/ul>\n<p style=\"text-align: justify;\"><em><a href=\"https:\/\/i0.wp.com\/www.jojoenherbe.com\/wp-content\/uploads\/2021\/09\/Sorcidonie-et-les-magipotirons-3-scaled.jpg\"><img data-recalc-dims=\"1\" loading=\"lazy\" decoding=\"async\" data-attachment-id=\"20989\" data-permalink=\"http:\/\/www.jojoenherbe.com\/index.php\/2021\/09\/26\/au-fil-des-pages-avec-sorcidonie-et-les-magipotirons\/sorcidonie-et-les-magipotirons-3\/\" data-orig-file=\"https:\/\/i0.wp.com\/www.jojoenherbe.com\/wp-content\/uploads\/2021\/09\/Sorcidonie-et-les-magipotirons-3-scaled.jpg?fit=2560%2C1698\" data-orig-size=\"2560,1698\" data-comments-opened=\"1\" data-image-meta=\"{&quot;aperture&quot;:&quot;1.8&quot;,&quot;credit&quot;:&quot;&quot;,&quot;camera&quot;:&quot;iPhone 7&quot;,&quot;caption&quot;:&quot;&quot;,&quot;created_timestamp&quot;:&quot;1631720311&quot;,&quot;copyright&quot;:&quot;&quot;,&quot;focal_length&quot;:&quot;3.99&quot;,&quot;iso&quot;:&quot;100&quot;,&quot;shutter_speed&quot;:&quot;0.11111111111111&quot;,&quot;title&quot;:&quot;&quot;,&quot;orientation&quot;:&quot;1&quot;}\" data-image-title=\"Sorcidonie et les magipotirons 3\" data-image-description=\"\" data-image-caption=\"\" data-large-file=\"https:\/\/i0.wp.com\/www.jojoenherbe.com\/wp-content\/uploads\/2021\/09\/Sorcidonie-et-les-magipotirons-3-scaled.jpg?fit=676%2C448\" class=\"alignleft size-thumbnail wp-image-20989\" src=\"https:\/\/i0.wp.com\/www.jojoenherbe.com\/wp-content\/uploads\/2021\/09\/Sorcidonie-et-les-magipotirons-3.jpg?resize=150%2C150\" alt=\"\" width=\"150\" height=\"150\" srcset=\"https:\/\/i0.wp.com\/www.jojoenherbe.com\/wp-content\/uploads\/2021\/09\/Sorcidonie-et-les-magipotirons-3-scaled.jpg?resize=150%2C150 150w, https:\/\/i0.wp.com\/www.jojoenherbe.com\/wp-content\/uploads\/2021\/09\/Sorcidonie-et-les-magipotirons-3-scaled.jpg?zoom=2&amp;resize=150%2C150 300w, https:\/\/i0.wp.com\/www.jojoenherbe.com\/wp-content\/uploads\/2021\/09\/Sorcidonie-et-les-magipotirons-3-scaled.jpg?zoom=3&amp;resize=150%2C150 450w\" sizes=\"auto, (max-width: 150px) 100vw, 150px\" \/><\/a><a href=\"http:\/\/www.jojoenherbe.com\/index.php\/2021\/09\/26\/au-fil-des-pages-avec-sorcidonie-et-les-magipotirons\/\"><span style=\"text-decoration: underline;\">Sorcidonie et les magipotirons<\/span><\/a> de Nora Thullin et Ana Duna (\u00e9d. Fleurus, 2021), un album jeunesse \u00e0 partir de 4 ans, chaque histoire abordant une \u00e9motion ressentie par l\u2019un des magipotirons<\/em> <em>(chagrin, col\u00e8re, timidit\u00e9 et peur)<\/em>. <em>Des histoires sous fond de sorcellerie mais \u00e9voquant des \u00e9pisodes de vie quotidienne pour mettre des mots sur les \u00e9motions et des astuces pour apprendre \u00e0 les g\u00e9rer!<\/em><\/p>\n<ul>\n<li style=\"text-align: justify;\"><em>(Album jeunesse) <span style=\"text-decoration: underline;\"><strong>L<\/strong><\/span><span class=\"\"><span style=\"text-decoration: underline;\"><strong>a petite sorci\u00e8re et la for\u00eat noire<\/strong><\/span> de Chiaki Okada et Mutsumi Ishii<\/span><br \/><\/em><\/li>\n<\/ul>\n<p style=\"text-align: justify;\"><em><a href=\"https:\/\/i0.wp.com\/www.jojoenherbe.com\/wp-content\/uploads\/2021\/10\/La-petite-sorciere-et-la-foret-noire-2-scaled.jpg\"><img data-recalc-dims=\"1\" loading=\"lazy\" decoding=\"async\" data-attachment-id=\"21618\" data-permalink=\"http:\/\/www.jojoenherbe.com\/index.php\/2021\/10\/18\/point-lecture-hebdomadaire-11\/la-petite-sorciere-et-la-foret-noire-2\/\" data-orig-file=\"https:\/\/i0.wp.com\/www.jojoenherbe.com\/wp-content\/uploads\/2021\/10\/La-petite-sorciere-et-la-foret-noire-2-scaled.jpg?fit=2560%2C1920\" data-orig-size=\"2560,1920\" data-comments-opened=\"1\" data-image-meta=\"{&quot;aperture&quot;:&quot;1.8&quot;,&quot;credit&quot;:&quot;&quot;,&quot;camera&quot;:&quot;iPhone 7&quot;,&quot;caption&quot;:&quot;&quot;,&quot;created_timestamp&quot;:&quot;1634378445&quot;,&quot;copyright&quot;:&quot;&quot;,&quot;focal_length&quot;:&quot;3.99&quot;,&quot;iso&quot;:&quot;100&quot;,&quot;shutter_speed&quot;:&quot;0.11111111111111&quot;,&quot;title&quot;:&quot;&quot;,&quot;orientation&quot;:&quot;1&quot;}\" data-image-title=\"La petite sorci\u00e8re et la for\u00eat noire 2\" data-image-description=\"\" data-image-caption=\"\" data-large-file=\"https:\/\/i0.wp.com\/www.jojoenherbe.com\/wp-content\/uploads\/2021\/10\/La-petite-sorciere-et-la-foret-noire-2-scaled.jpg?fit=676%2C507\" class=\"size-thumbnail wp-image-21618 alignright\" src=\"https:\/\/i0.wp.com\/www.jojoenherbe.com\/wp-content\/uploads\/2021\/10\/La-petite-sorciere-et-la-foret-noire-2.jpg?resize=150%2C150\" alt=\"\" width=\"150\" height=\"150\" srcset=\"https:\/\/i0.wp.com\/www.jojoenherbe.com\/wp-content\/uploads\/2021\/10\/La-petite-sorciere-et-la-foret-noire-2-scaled.jpg?resize=150%2C150 150w, https:\/\/i0.wp.com\/www.jojoenherbe.com\/wp-content\/uploads\/2021\/10\/La-petite-sorciere-et-la-foret-noire-2-scaled.jpg?zoom=2&amp;resize=150%2C150 300w, https:\/\/i0.wp.com\/www.jojoenherbe.com\/wp-content\/uploads\/2021\/10\/La-petite-sorciere-et-la-foret-noire-2-scaled.jpg?zoom=3&amp;resize=150%2C150 450w\" sizes=\"auto, (max-width: 150px) 100vw, 150px\" \/><\/a><a href=\"http:\/\/www.jojoenherbe.com\/index.php\/2021\/10\/20\/au-fil-des-pages-avec-la-petite-sorciere-et-la-foret-noire\/\"><span style=\"text-decoration: underline;\">L<span class=\"\">a petite sorci\u00e8re et la for\u00eat noire<\/span><\/span><\/a><\/em><em>\u00a0<span class=\"\">de Chiaki Okada et Mutsumi Ishii (\u00e9d. Seuil Jeunesse, 2021), un album jeunesse \u00e0 partir de 3 ans. Par une nuit de pleine lune, Grande Sorci\u00e8re emm\u00e8ne Petite Sorci\u00e8re dans une cabane afin de soigner la for\u00eat, sous le regard inquiet des animaux la peuplant. Il y est question de Nature, de sorcellerie, et de transmission d\u2019un savoir magique et \u00e9cologique entre une m\u00e8re et sa fille. Les illustrations sont magnifiques, po\u00e9tiques et tr\u00e8s expressives. Coup de c\u0153ur pour cet album jeunesse!<\/span><\/em><\/p>\n<ul style=\"text-align: justify;\">\n<li><em>(Album jeunesse) <span class=\"\"><span style=\"text-decoration: underline;\"><strong>La sorci\u00e8re Crabibi<\/strong><\/span> de Laurent et Olivier Souill\u00e9 et Fr\u00e9d\u00e9ric Pillot<\/span><\/em><\/li>\n<\/ul>\n<p style=\"text-align: justify;\"><em><span class=\"\"><a href=\"https:\/\/i0.wp.com\/www.jojoenherbe.com\/wp-content\/uploads\/2021\/10\/La-sorciere-Crabibi-2-scaled.jpg\"><img data-recalc-dims=\"1\" loading=\"lazy\" decoding=\"async\" data-attachment-id=\"21619\" data-permalink=\"http:\/\/www.jojoenherbe.com\/index.php\/2021\/10\/18\/point-lecture-hebdomadaire-11\/la-sorciere-crabibi-2\/\" data-orig-file=\"https:\/\/i0.wp.com\/www.jojoenherbe.com\/wp-content\/uploads\/2021\/10\/La-sorciere-Crabibi-2-scaled.jpg?fit=2560%2C1920\" data-orig-size=\"2560,1920\" data-comments-opened=\"1\" data-image-meta=\"{&quot;aperture&quot;:&quot;1.8&quot;,&quot;credit&quot;:&quot;&quot;,&quot;camera&quot;:&quot;iPhone 7&quot;,&quot;caption&quot;:&quot;&quot;,&quot;created_timestamp&quot;:&quot;1634378434&quot;,&quot;copyright&quot;:&quot;&quot;,&quot;focal_length&quot;:&quot;3.99&quot;,&quot;iso&quot;:&quot;100&quot;,&quot;shutter_speed&quot;:&quot;0.11111111111111&quot;,&quot;title&quot;:&quot;&quot;,&quot;orientation&quot;:&quot;1&quot;}\" data-image-title=\"La sorci\u00e8re Crabibi 2\" data-image-description=\"\" data-image-caption=\"\" data-large-file=\"https:\/\/i0.wp.com\/www.jojoenherbe.com\/wp-content\/uploads\/2021\/10\/La-sorciere-Crabibi-2-scaled.jpg?fit=676%2C507\" class=\"size-thumbnail wp-image-21619 alignleft\" src=\"https:\/\/i0.wp.com\/www.jojoenherbe.com\/wp-content\/uploads\/2021\/10\/La-sorciere-Crabibi-2.jpg?resize=150%2C150\" alt=\"\" width=\"150\" height=\"150\" srcset=\"https:\/\/i0.wp.com\/www.jojoenherbe.com\/wp-content\/uploads\/2021\/10\/La-sorciere-Crabibi-2-scaled.jpg?resize=150%2C150 150w, https:\/\/i0.wp.com\/www.jojoenherbe.com\/wp-content\/uploads\/2021\/10\/La-sorciere-Crabibi-2-scaled.jpg?zoom=2&amp;resize=150%2C150 300w, https:\/\/i0.wp.com\/www.jojoenherbe.com\/wp-content\/uploads\/2021\/10\/La-sorciere-Crabibi-2-scaled.jpg?zoom=3&amp;resize=150%2C150 450w\" sizes=\"auto, (max-width: 150px) 100vw, 150px\" \/><\/a><span style=\"text-decoration: underline;\">La sorci\u00e8re Crabibi<\/span> de Laurent et Olivier Souill\u00e9 et Fr\u00e9d\u00e9ric Pillot (\u00e9d. Kal\u00e9idoscope, diff. L\u2019\u00e9cole des loisirs, 2021), un album jeunesse \u00e0 partir de 6 ans rigolo et aux jolies illustrations. La sorci\u00e8re Crabibi r\u00eave de remporter le concours du Sorcier de l\u2019ann\u00e9e. Bien qu\u2019impulsive et s\u2019emportant facilement au point de tout rater, elle est certaine de r\u00e9ussir les diff\u00e9rentes \u00e9preuves (course de balai, sortil\u00e8ges et potions magiques). Et ce n\u2019est pas un autre concurrent un peu trop collant \u00e0 son go\u00fbt qui va la d\u00e9concentrer. Il y est ainsi question de confiance en soi et d\u2019amour. Un tr\u00e8s bon moment de lecture!<\/span><\/em><\/p>\n<ul>\n<li style=\"text-align: justify;\"><em>(Album jeunesse) <span style=\"text-decoration: underline;\"><strong>Ah! Les bonnes soupes<\/strong><\/span> de Claude Boujon<\/em><\/li>\n<\/ul>\n<p style=\"text-align: justify;\"><em><a href=\"https:\/\/i0.wp.com\/www.jojoenherbe.com\/wp-content\/uploads\/2021\/11\/Ah-Les-bonnes-soupes-scaled.jpg\"><img data-recalc-dims=\"1\" loading=\"lazy\" decoding=\"async\" data-attachment-id=\"22255\" data-permalink=\"http:\/\/www.jojoenherbe.com\/index.php\/2021\/11\/09\/point-lecture-hebdomadaire-14\/ah-les-bonnes-soupes\/\" data-orig-file=\"https:\/\/i0.wp.com\/www.jojoenherbe.com\/wp-content\/uploads\/2021\/11\/Ah-Les-bonnes-soupes-scaled.jpg?fit=2560%2C2147\" data-orig-size=\"2560,2147\" data-comments-opened=\"1\" data-image-meta=\"{&quot;aperture&quot;:&quot;1.8&quot;,&quot;credit&quot;:&quot;&quot;,&quot;camera&quot;:&quot;iPhone 7&quot;,&quot;caption&quot;:&quot;&quot;,&quot;created_timestamp&quot;:&quot;1636385939&quot;,&quot;copyright&quot;:&quot;&quot;,&quot;focal_length&quot;:&quot;3.99&quot;,&quot;iso&quot;:&quot;80&quot;,&quot;shutter_speed&quot;:&quot;0.25&quot;,&quot;title&quot;:&quot;&quot;,&quot;orientation&quot;:&quot;1&quot;}\" data-image-title=\"Ah! Les bonnes soupes\" data-image-description=\"\" data-image-caption=\"\" data-large-file=\"https:\/\/i0.wp.com\/www.jojoenherbe.com\/wp-content\/uploads\/2021\/11\/Ah-Les-bonnes-soupes-scaled.jpg?fit=676%2C567\" class=\"size-thumbnail wp-image-22255 alignright\" src=\"https:\/\/i0.wp.com\/www.jojoenherbe.com\/wp-content\/uploads\/2021\/11\/Ah-Les-bonnes-soupes.jpg?resize=150%2C150\" alt=\"\" width=\"150\" height=\"150\" srcset=\"https:\/\/i0.wp.com\/www.jojoenherbe.com\/wp-content\/uploads\/2021\/11\/Ah-Les-bonnes-soupes-scaled.jpg?resize=150%2C150 150w, https:\/\/i0.wp.com\/www.jojoenherbe.com\/wp-content\/uploads\/2021\/11\/Ah-Les-bonnes-soupes-scaled.jpg?zoom=2&amp;resize=150%2C150 300w, https:\/\/i0.wp.com\/www.jojoenherbe.com\/wp-content\/uploads\/2021\/11\/Ah-Les-bonnes-soupes-scaled.jpg?zoom=3&amp;resize=150%2C150 450w\" sizes=\"auto, (max-width: 150px) 100vw, 150px\" \/><\/a><span style=\"text-decoration: underline;\">Ah! Les bonnes soupes<\/span> de Claude Boujon (\u00e9d. L\u2019\u00e9cole des loisirs, 1994, r\u00e9\u00e9d. 2017), un album jeunesse \u00e0 partir de 3 ans. La sorci\u00e8re Ratatouille d\u00e9cide de concocter une soupe magique la rendant aussi belle qu\u2019un mannequin des magazines. A d\u00e9faut de recette dans ses grimoires, elle cr\u00e9e ses propres soupes qu\u2019elle fait go\u00fbter \u00e0 ses familiers (chauve-souris, crapaud, hibou..). Mais les soupes auront-elles l\u2019effet escompt\u00e9? Une histoire rigolote avec des soupes peu rago\u00fbtantes et aux effets surprenants!\u00a0<\/em><\/p>\n<ul>\n<li><em>(Albums jeunesse) <span style=\"text-decoration: underline;\"><strong>Joyeux anniversaire P\u00e9lagie!<\/strong><\/span> de Val\u00e9rie Thomas et Korky Paul<br \/><\/em><\/li>\n<\/ul>\n<p style=\"text-align: justify;\"><em><a href=\"https:\/\/i2.wp.com\/www.jojoenherbe.com\/wp-content\/uploads\/2021\/11\/Joyeux-anniversaire-Pelagie-scaled.jpg\"><img loading=\"lazy\" decoding=\"async\" data-attachment-id=\"22394\" data-permalink=\"http:\/\/www.jojoenherbe.com\/index.php\/2021\/11\/15\/point-lecture-hebdomadaire-15\/joyeux-anniversaire-pelagie\/\" data-orig-file=\"https:\/\/i0.wp.com\/www.jojoenherbe.com\/wp-content\/uploads\/2021\/11\/Joyeux-anniversaire-Pelagie-scaled.jpg?fit=2560%2C2296\" data-orig-size=\"2560,2296\" data-comments-opened=\"1\" data-image-meta=\"{&quot;aperture&quot;:&quot;1.8&quot;,&quot;credit&quot;:&quot;&quot;,&quot;camera&quot;:&quot;iPhone 7&quot;,&quot;caption&quot;:&quot;&quot;,&quot;created_timestamp&quot;:&quot;1636971336&quot;,&quot;copyright&quot;:&quot;&quot;,&quot;focal_length&quot;:&quot;3.99&quot;,&quot;iso&quot;:&quot;100&quot;,&quot;shutter_speed&quot;:&quot;0.25&quot;,&quot;title&quot;:&quot;&quot;,&quot;orientation&quot;:&quot;1&quot;}\" data-image-title=\"Joyeux anniversaire P\u00e9lagie!\" data-image-description=\"\" data-image-caption=\"\" data-large-file=\"https:\/\/i0.wp.com\/www.jojoenherbe.com\/wp-content\/uploads\/2021\/11\/Joyeux-anniversaire-Pelagie-scaled.jpg?fit=676%2C606\" class=\"size-thumbnail wp-image-22394 alignleft\" src=\"https:\/\/i0.wp.com\/www.jojoenherbe.com\/wp-content\/uploads\/2021\/11\/Joyeux-anniversaire-Pelagie.jpg?resize=150%2C150\" sizes=\"auto, (max-width: 150px) 100vw, 150px\" srcset=\"https:\/\/i2.wp.com\/www.jojoenherbe.com\/wp-content\/uploads\/2021\/11\/Joyeux-anniversaire-Pelagie-scaled.jpg?resize=150%2C150&amp;ssl=1 150w, https:\/\/i2.wp.com\/www.jojoenherbe.com\/wp-content\/uploads\/2021\/11\/Joyeux-anniversaire-Pelagie-scaled.jpg?zoom=2&amp;resize=150%2C150 300w, https:\/\/i2.wp.com\/www.jojoenherbe.com\/wp-content\/uploads\/2021\/11\/Joyeux-anniversaire-Pelagie-scaled.jpg?zoom=3&amp;resize=150%2C150 450w\" alt=\"\" width=\"150\" height=\"150\" data-attachment-id=\"22394\" data-permalink=\"https:\/\/www.jojoenherbe.com\/index.php\/2021\/11\/15\/point-lecture-hebdomadaire-15\/joyeux-anniversaire-pelagie\/\" data-orig-file=\"https:\/\/i2.wp.com\/www.jojoenherbe.com\/wp-content\/uploads\/2021\/11\/Joyeux-anniversaire-Pelagie-scaled.jpg?fit=2560%2C2296&amp;ssl=1\" data-orig-size=\"2560,2296\" data-comments-opened=\"1\" data-image-meta=\"{&quot;aperture&quot;:&quot;1.8&quot;,&quot;credit&quot;:&quot;&quot;,&quot;camera&quot;:&quot;iPhone 7&quot;,&quot;caption&quot;:&quot;&quot;,&quot;created_timestamp&quot;:&quot;1636971336&quot;,&quot;copyright&quot;:&quot;&quot;,&quot;focal_length&quot;:&quot;3.99&quot;,&quot;iso&quot;:&quot;100&quot;,&quot;shutter_speed&quot;:&quot;0.25&quot;,&quot;title&quot;:&quot;&quot;,&quot;orientation&quot;:&quot;1&quot;}\" data-image-title=\"Joyeux anniversaire P\u00e9lagie!\" data-image-description=\"\" data-image-caption=\"\" data-medium-file=\"https:\/\/i2.wp.com\/www.jojoenherbe.com\/wp-content\/uploads\/2021\/11\/Joyeux-anniversaire-Pelagie-scaled.jpg?fit=300%2C269&amp;ssl=1\" data-large-file=\"https:\/\/i2.wp.com\/www.jojoenherbe.com\/wp-content\/uploads\/2021\/11\/Joyeux-anniversaire-Pelagie-scaled.jpg?fit=676%2C606&amp;ssl=1\" \/><\/a><span style=\"text-decoration: underline;\">Joyeux anniversaire P\u00e9lagie!<\/span> de Val\u00e9rie Thomas et Korky Paul (\u00e9d. Milan Jeunesse, 2008), un album jeunesse \u00e0 partir de 3 ans et dans lequel P\u00e9lagie la sorci\u00e8re pr\u00e9pare, avec son chat Rodolphe, une garden-party pour son anniversaire qui aura lieu un vendredi 13. <\/em><em>\u00a0Le jour de la f\u00eate, de nombreux invit\u00e9s viennent et lui offrent des cadeaux. La f\u00eate se d\u00e9roulera-t-elle sans probl\u00e8me? Encore une chouette histoire de P\u00e9lagie qui trouve toujours des solutions pour tout arranger! Sans oublier une note gourmande avec l\u2019immense g\u00e2teau d\u2019anniversaire (les pages du livre se d\u00e9pliant alors).<\/em><\/p>\n<ul>\n<li style=\"text-align: justify;\"><em>(Album jeunesse) <strong><span style=\"text-decoration: underline;\">Une soupe 100% Sorci\u00e8re<\/span><\/strong> de Quitterie Simon et Magali Le Huche<\/em><\/li>\n<\/ul>\n<p style=\"text-align: justify;\"><em><span style=\"text-decoration: underline;\"><a href=\"https:\/\/i0.wp.com\/www.jojoenherbe.com\/wp-content\/uploads\/2021\/10\/Une-soupe-100-Sorciere-scaled.jpg\"><img data-recalc-dims=\"1\" loading=\"lazy\" decoding=\"async\" data-attachment-id=\"21203\" data-permalink=\"http:\/\/www.jojoenherbe.com\/index.php\/2021\/10\/04\/au-fil-des-pages-avec-une-soupe-100-sorciere\/une-soupe-100-sorciere\/\" data-orig-file=\"https:\/\/i0.wp.com\/www.jojoenherbe.com\/wp-content\/uploads\/2021\/10\/Une-soupe-100-Sorciere-scaled.jpg?fit=2560%2C2126\" data-orig-size=\"2560,2126\" data-comments-opened=\"1\" data-image-meta=\"{&quot;aperture&quot;:&quot;1.8&quot;,&quot;credit&quot;:&quot;&quot;,&quot;camera&quot;:&quot;iPhone 7&quot;,&quot;caption&quot;:&quot;&quot;,&quot;created_timestamp&quot;:&quot;1633348185&quot;,&quot;copyright&quot;:&quot;&quot;,&quot;focal_length&quot;:&quot;3.99&quot;,&quot;iso&quot;:&quot;100&quot;,&quot;shutter_speed&quot;:&quot;0.2&quot;,&quot;title&quot;:&quot;&quot;,&quot;orientation&quot;:&quot;1&quot;}\" data-image-title=\"Une soupe 100% Sorci\u00e8re\" data-image-description=\"\" data-image-caption=\"\" data-large-file=\"https:\/\/i0.wp.com\/www.jojoenherbe.com\/wp-content\/uploads\/2021\/10\/Une-soupe-100-Sorciere-scaled.jpg?fit=676%2C561\" class=\"size-thumbnail wp-image-21203 alignright\" src=\"https:\/\/i0.wp.com\/www.jojoenherbe.com\/wp-content\/uploads\/2021\/10\/Une-soupe-100-Sorciere.jpg?resize=150%2C150\" alt=\"\" width=\"150\" height=\"150\" srcset=\"https:\/\/i0.wp.com\/www.jojoenherbe.com\/wp-content\/uploads\/2021\/10\/Une-soupe-100-Sorciere-scaled.jpg?resize=150%2C150 150w, https:\/\/i0.wp.com\/www.jojoenherbe.com\/wp-content\/uploads\/2021\/10\/Une-soupe-100-Sorciere-scaled.jpg?zoom=2&amp;resize=150%2C150 300w, https:\/\/i0.wp.com\/www.jojoenherbe.com\/wp-content\/uploads\/2021\/10\/Une-soupe-100-Sorciere-scaled.jpg?zoom=3&amp;resize=150%2C150 450w\" sizes=\"auto, (max-width: 150px) 100vw, 150px\" \/><\/a><\/span><a href=\"https:\/\/www.jojoenherbe.com\/index.php\/2021\/10\/04\/au-fil-des-pages-avec-une-soupe-100-sorciere\/\"><span style=\"text-decoration: underline;\">Une soupe 100% Sorci\u00e8re<\/span><\/a> de Quitterie Simon et Magali Le Huche (\u00e9d. Gl\u00e9nat Jeunesse, 2007, r\u00e9\u00e9d. 2020), un album jeunesse au format \u00e0 l\u2019italienne et \u00e0 partir de 3 ans: la sorci\u00e8re Kroquela voudrait pr\u00e9parer une soupe mais tous ses bocaux sont vides. Elle part en balai r\u00e9cup\u00e9rer les ingr\u00e9dients n\u00e9cessaires chez ses voisins (carotte, pomme de terre et poireau). Une histoire rigolote qui reprend les personnages des contes traditionnels (Petit Chaperon rouge et Petit Poucet).<\/em><\/p>\n<ul>\n<li style=\"text-align: justify;\"><em>(Album jeunesse) <strong><span style=\"text-decoration: underline;\">Capucine, la petite sorci\u00e8re<\/span><\/strong> de Tanguy et Quentin Gr\u00e9ban<\/em><\/li>\n<\/ul>\n<p style=\"text-align: justify;\"><em><a href=\"https:\/\/i0.wp.com\/www.jojoenherbe.com\/wp-content\/uploads\/2021\/09\/Capucine-la-petite-sorciere-scaled.jpg\"><img data-recalc-dims=\"1\" loading=\"lazy\" decoding=\"async\" data-attachment-id=\"21230\" data-permalink=\"http:\/\/www.jojoenherbe.com\/index.php\/2021\/09\/15\/billet-de-suivi-challenge-halloween-2021\/capucine-la-petite-sorciere\/\" data-orig-file=\"https:\/\/i0.wp.com\/www.jojoenherbe.com\/wp-content\/uploads\/2021\/09\/Capucine-la-petite-sorciere-scaled.jpg?fit=2560%2C2038\" data-orig-size=\"2560,2038\" data-comments-opened=\"1\" data-image-meta=\"{&quot;aperture&quot;:&quot;1.8&quot;,&quot;credit&quot;:&quot;&quot;,&quot;camera&quot;:&quot;iPhone 7&quot;,&quot;caption&quot;:&quot;&quot;,&quot;created_timestamp&quot;:&quot;1633436137&quot;,&quot;copyright&quot;:&quot;&quot;,&quot;focal_length&quot;:&quot;3.99&quot;,&quot;iso&quot;:&quot;64&quot;,&quot;shutter_speed&quot;:&quot;0.058823529411765&quot;,&quot;title&quot;:&quot;&quot;,&quot;orientation&quot;:&quot;1&quot;}\" data-image-title=\"Capucine la petite sorci\u00e8re\" data-image-description=\"\" data-image-caption=\"\" data-large-file=\"https:\/\/i0.wp.com\/www.jojoenherbe.com\/wp-content\/uploads\/2021\/09\/Capucine-la-petite-sorciere-scaled.jpg?fit=676%2C538\" class=\"alignleft size-thumbnail wp-image-21230\" src=\"https:\/\/i0.wp.com\/www.jojoenherbe.com\/wp-content\/uploads\/2021\/09\/Capucine-la-petite-sorciere.jpg?resize=150%2C150\" alt=\"\" width=\"150\" height=\"150\" srcset=\"https:\/\/i0.wp.com\/www.jojoenherbe.com\/wp-content\/uploads\/2021\/09\/Capucine-la-petite-sorciere-scaled.jpg?resize=150%2C150 150w, https:\/\/i0.wp.com\/www.jojoenherbe.com\/wp-content\/uploads\/2021\/09\/Capucine-la-petite-sorciere-scaled.jpg?zoom=2&amp;resize=150%2C150 300w, https:\/\/i0.wp.com\/www.jojoenherbe.com\/wp-content\/uploads\/2021\/09\/Capucine-la-petite-sorciere-scaled.jpg?zoom=3&amp;resize=150%2C150 450w\" sizes=\"auto, (max-width: 150px) 100vw, 150px\" \/><\/a>L\u2019int\u00e9grale de <span style=\"text-decoration: underline;\">Capucine, la petite sorci\u00e8re<\/span> de Tanguy et Quentin Gr\u00e9ban (\u00e9d. Mijade, r\u00e9\u00e9d. 2020), un album jeunesse comprenant trois histoires. Dans la premi\u00e8re histoire, Capucine est victime d\u2019un sort qui la rend toute petite apr\u00e8s avoir aval\u00e9 par m\u00e9garde une perle du collier d\u2019une gentille sorci\u00e8re vol\u00e9e par son p\u00e8re. Elle part rencontrer la sorci\u00e8re pour briser le sortil\u00e8ge. Dans la deuxi\u00e8me, Capucine apprend la sorcellerie commettant parfois des erreurs, son ami Nicolas se transformant en dragon apr\u00e8s qu\u2019elle a rat\u00e9 un sort. Et dans la troisi\u00e8me histoire, un robot p\u00e9n\u00e8tre avec Capucine au pays des r\u00eaves mais aucun des deux ne sait comment en ressortir. Il est ainsi question de magie, d\u2019amiti\u00e9, d\u2019apprentissage, de pers\u00e9v\u00e9rance et de courage. Un bon moment de lecture avec cette apprentie sorci\u00e8re!<\/em><\/p>\n<ul>\n<li style=\"text-align: justify;\"><em>(Album jeunesse)<\/em> <em><strong><span style=\"text-decoration: underline;\">Nina et le petit chat perdu<\/span><\/strong> de Nicola Killen <\/em><\/li>\n<\/ul>\n<p style=\"text-align: justify;\"><em><span style=\"text-decoration: underline;\"><a href=\"https:\/\/i0.wp.com\/www.jojoenherbe.com\/wp-content\/uploads\/2021\/09\/Nina-et-le-petit-chat-perdu-scaled.jpg\"><img data-recalc-dims=\"1\" loading=\"lazy\" decoding=\"async\" data-attachment-id=\"20812\" data-permalink=\"http:\/\/www.jojoenherbe.com\/index.php\/2021\/09\/20\/point-lecture-hebdomadaire-7\/nina-et-le-petit-chat-perdu\/\" data-orig-file=\"https:\/\/i0.wp.com\/www.jojoenherbe.com\/wp-content\/uploads\/2021\/09\/Nina-et-le-petit-chat-perdu-scaled.jpg?fit=2560%2C2010\" data-orig-size=\"2560,2010\" data-comments-opened=\"1\" data-image-meta=\"{&quot;aperture&quot;:&quot;1.8&quot;,&quot;credit&quot;:&quot;&quot;,&quot;camera&quot;:&quot;iPhone 7&quot;,&quot;caption&quot;:&quot;&quot;,&quot;created_timestamp&quot;:&quot;1632133556&quot;,&quot;copyright&quot;:&quot;&quot;,&quot;focal_length&quot;:&quot;3.99&quot;,&quot;iso&quot;:&quot;80&quot;,&quot;shutter_speed&quot;:&quot;0.16666666666667&quot;,&quot;title&quot;:&quot;&quot;,&quot;orientation&quot;:&quot;1&quot;}\" data-image-title=\"Nina et le petit chat perdu\" data-image-description=\"\" data-image-caption=\"\" data-large-file=\"https:\/\/i0.wp.com\/www.jojoenherbe.com\/wp-content\/uploads\/2021\/09\/Nina-et-le-petit-chat-perdu-scaled.jpg?fit=676%2C531\" class=\"size-thumbnail wp-image-20812 alignright\" src=\"https:\/\/i0.wp.com\/www.jojoenherbe.com\/wp-content\/uploads\/2021\/09\/Nina-et-le-petit-chat-perdu.jpg?resize=150%2C150\" alt=\"\" width=\"150\" height=\"150\" srcset=\"https:\/\/i0.wp.com\/www.jojoenherbe.com\/wp-content\/uploads\/2021\/09\/Nina-et-le-petit-chat-perdu-scaled.jpg?resize=150%2C150 150w, https:\/\/i0.wp.com\/www.jojoenherbe.com\/wp-content\/uploads\/2021\/09\/Nina-et-le-petit-chat-perdu-scaled.jpg?zoom=2&amp;resize=150%2C150 300w, https:\/\/i0.wp.com\/www.jojoenherbe.com\/wp-content\/uploads\/2021\/09\/Nina-et-le-petit-chat-perdu-scaled.jpg?zoom=3&amp;resize=150%2C150 450w\" sizes=\"auto, (max-width: 150px) 100vw, 150px\" \/><\/a>Nina et le petit chat perdu<\/span> de Nicola Killen\u00a0 (\u00e9d. Quatre Fleuves, 2020), un album jeunesse \u00e0 partir de 3 ans. Nina part se promener avec son chat Citrouille dans une for\u00eat aux teintes automnales et d\u00e9couvre un chat noir perdu. A qui peut-il bien \u00eatre? Un chat noir, Halloween, une maison dans les bois\u2026 Que d\u2019indices distill\u00e9s pour le jeune lecteur! Une histoire toute mignonne et po\u00e9tique comme d\u00e9j\u00e0 dans <a href=\"https:\/\/www.jojoenherbe.com\/index.php\/2021\/06\/10\/au-fil-des-pages-avec-nina-et-le-doudou-magique\/\"><span style=\"text-decoration: underline;\">Nina et le doudou magique<\/span><\/a>! Coup de c\u0153ur!<\/em><\/p>\n<ul style=\"text-align: justify;\">\n<li><em>(Album jeunesse) <strong><span style=\"text-decoration: underline;\">Grommelle et Bretelle<\/span><\/strong> de Christine Naumann-Villemin et Pascal Vilcollet<\/em><\/li>\n<\/ul>\n<p style=\"text-align: justify;\"><em><a href=\"https:\/\/i0.wp.com\/www.jojoenherbe.com\/wp-content\/uploads\/2021\/09\/Grommelle-et-Bretelle-scaled.jpg\"><img data-recalc-dims=\"1\" loading=\"lazy\" decoding=\"async\" data-attachment-id=\"20815\" data-permalink=\"http:\/\/www.jojoenherbe.com\/index.php\/2021\/09\/20\/point-lecture-hebdomadaire-7\/grommelle-et-bretelle\/\" data-orig-file=\"https:\/\/i0.wp.com\/www.jojoenherbe.com\/wp-content\/uploads\/2021\/09\/Grommelle-et-Bretelle-scaled.jpg?fit=2560%2C1909\" data-orig-size=\"2560,1909\" data-comments-opened=\"1\" data-image-meta=\"{&quot;aperture&quot;:&quot;1.8&quot;,&quot;credit&quot;:&quot;&quot;,&quot;camera&quot;:&quot;iPhone 7&quot;,&quot;caption&quot;:&quot;&quot;,&quot;created_timestamp&quot;:&quot;1632133518&quot;,&quot;copyright&quot;:&quot;&quot;,&quot;focal_length&quot;:&quot;3.99&quot;,&quot;iso&quot;:&quot;100&quot;,&quot;shutter_speed&quot;:&quot;0.125&quot;,&quot;title&quot;:&quot;&quot;,&quot;orientation&quot;:&quot;1&quot;}\" data-image-title=\"Grommelle et Bretelle\" data-image-description=\"\" data-image-caption=\"\" data-large-file=\"https:\/\/i0.wp.com\/www.jojoenherbe.com\/wp-content\/uploads\/2021\/09\/Grommelle-et-Bretelle-scaled.jpg?fit=676%2C504\" class=\"alignleft size-thumbnail wp-image-20815\" src=\"https:\/\/i0.wp.com\/www.jojoenherbe.com\/wp-content\/uploads\/2021\/09\/Grommelle-et-Bretelle.jpg?resize=150%2C150\" alt=\"\" width=\"150\" height=\"150\" srcset=\"https:\/\/i0.wp.com\/www.jojoenherbe.com\/wp-content\/uploads\/2021\/09\/Grommelle-et-Bretelle-scaled.jpg?resize=150%2C150 150w, https:\/\/i0.wp.com\/www.jojoenherbe.com\/wp-content\/uploads\/2021\/09\/Grommelle-et-Bretelle-scaled.jpg?zoom=2&amp;resize=150%2C150 300w, https:\/\/i0.wp.com\/www.jojoenherbe.com\/wp-content\/uploads\/2021\/09\/Grommelle-et-Bretelle-scaled.jpg?zoom=3&amp;resize=150%2C150 450w\" sizes=\"auto, (max-width: 150px) 100vw, 150px\" \/><\/a><span style=\"text-decoration: underline;\">Grommelle et Bretelle<\/span> de Christine Naumann-Villemin et Pascal Vilcollet (\u00e9d. Kal\u00e9idoscope, diff. L\u2019\u00e9cole des loisirs, 2008), un album jeunesse \u00e0 partir de 3 ans et qui se lit dans les deux sens. Nous commen\u00e7ons par Grommelle une petite sorci\u00e8re qui voudrait faire peur puis par Bretelle, un petit clown qui voudrait faire rire. Et si leur rencontre leur permettait de retrouver le sourire? R\u00e9ponse au milieu du livre. Un bon moment de lecture!<\/em><\/p>\n<p><em>(Album jeunesse) <strong><span style=\"text-decoration: underline;\">Les cauchemars sont dans de beaux draps!<\/span><\/strong> de Sandra Nelson et Nicolas Francescon<\/em><\/p>\n<p style=\"text-align: justify;\"><em><a href=\"https:\/\/i0.wp.com\/www.jojoenherbe.com\/wp-content\/uploads\/2021\/09\/Les-cauchemars-sont-dans-de-beaux-draps-scaled.jpg\"><img data-recalc-dims=\"1\" loading=\"lazy\" decoding=\"async\" data-attachment-id=\"20823\" data-permalink=\"http:\/\/www.jojoenherbe.com\/index.php\/2021\/09\/20\/point-lecture-hebdomadaire-7\/les-cauchemars-sont-dans-de-beaux-draps\/\" data-orig-file=\"https:\/\/i0.wp.com\/www.jojoenherbe.com\/wp-content\/uploads\/2021\/09\/Les-cauchemars-sont-dans-de-beaux-draps-scaled.jpg?fit=2560%2C1982\" data-orig-size=\"2560,1982\" data-comments-opened=\"1\" data-image-meta=\"{&quot;aperture&quot;:&quot;1.8&quot;,&quot;credit&quot;:&quot;&quot;,&quot;camera&quot;:&quot;iPhone 7&quot;,&quot;caption&quot;:&quot;&quot;,&quot;created_timestamp&quot;:&quot;1632133549&quot;,&quot;copyright&quot;:&quot;&quot;,&quot;focal_length&quot;:&quot;3.99&quot;,&quot;iso&quot;:&quot;100&quot;,&quot;shutter_speed&quot;:&quot;0.11111111111111&quot;,&quot;title&quot;:&quot;&quot;,&quot;orientation&quot;:&quot;1&quot;}\" data-image-title=\"Les cauchemars sont dans de beaux draps!\" data-image-description=\"\" data-image-caption=\"\" data-large-file=\"https:\/\/i0.wp.com\/www.jojoenherbe.com\/wp-content\/uploads\/2021\/09\/Les-cauchemars-sont-dans-de-beaux-draps-scaled.jpg?fit=676%2C524\" class=\"size-thumbnail wp-image-20823 alignright\" src=\"https:\/\/i0.wp.com\/www.jojoenherbe.com\/wp-content\/uploads\/2021\/09\/Les-cauchemars-sont-dans-de-beaux-draps.jpg?resize=150%2C150\" alt=\"\" width=\"150\" height=\"150\" srcset=\"https:\/\/i0.wp.com\/www.jojoenherbe.com\/wp-content\/uploads\/2021\/09\/Les-cauchemars-sont-dans-de-beaux-draps-scaled.jpg?resize=150%2C150 150w, https:\/\/i0.wp.com\/www.jojoenherbe.com\/wp-content\/uploads\/2021\/09\/Les-cauchemars-sont-dans-de-beaux-draps-scaled.jpg?zoom=2&amp;resize=150%2C150 300w, https:\/\/i0.wp.com\/www.jojoenherbe.com\/wp-content\/uploads\/2021\/09\/Les-cauchemars-sont-dans-de-beaux-draps-scaled.jpg?zoom=3&amp;resize=150%2C150 450w\" sizes=\"auto, (max-width: 150px) 100vw, 150px\" \/><\/a><span style=\"text-decoration: underline;\">Les cauchemars sont dans de beaux draps!<\/span> de Sandra Nelson et Nicolas Francescon (\u00e9d. Gautier-Languereau, 2014), un album jeunesse \u00e0 partir de 3 ans. La petite sorci\u00e8re Gis\u00e8le s\u2019occupe chaque soir d\u2019attraper et croquer les vilains cauchemars. Mais que faire des gentils cauchemars? Les illustrations pourraient tr\u00e8s bien prendre vie en dessin anim\u00e9. Une chouette histoire pour d\u00e9dramatiser la peur des cauchemars!<\/em><\/p>\n<p><em><strong><span style=\"text-decoration: underline;\">Des BD jeunesse<\/span>:<\/strong><\/em><\/p>\n<ul>\n<li style=\"text-align: justify;\"><em>(BD jeunesse) <strong><span style=\"text-decoration: underline;\">Pome<\/span><\/strong> de Marie Desplechin et Magali Le Huche<\/em><\/li>\n<\/ul>\n<p style=\"text-align: justify;\"><em><span style=\"text-decoration: underline;\"><a href=\"https:\/\/i0.wp.com\/www.jojoenherbe.com\/wp-content\/uploads\/2021\/09\/Pome-BD-scaled.jpg\"><img data-recalc-dims=\"1\" loading=\"lazy\" decoding=\"async\" data-attachment-id=\"21333\" data-permalink=\"http:\/\/www.jojoenherbe.com\/index.php\/2021\/09\/15\/billet-de-suivi-challenge-halloween-2021\/pome-bd\/\" data-orig-file=\"https:\/\/i0.wp.com\/www.jojoenherbe.com\/wp-content\/uploads\/2021\/09\/Pome-BD-scaled.jpg?fit=2560%2C1920\" data-orig-size=\"2560,1920\" data-comments-opened=\"1\" data-image-meta=\"{&quot;aperture&quot;:&quot;1.8&quot;,&quot;credit&quot;:&quot;&quot;,&quot;camera&quot;:&quot;iPhone 7&quot;,&quot;caption&quot;:&quot;&quot;,&quot;created_timestamp&quot;:&quot;1633714306&quot;,&quot;copyright&quot;:&quot;&quot;,&quot;focal_length&quot;:&quot;3.99&quot;,&quot;iso&quot;:&quot;100&quot;,&quot;shutter_speed&quot;:&quot;0.071428571428571&quot;,&quot;title&quot;:&quot;&quot;,&quot;orientation&quot;:&quot;1&quot;}\" data-image-title=\"Pome BD\" data-image-description=\"\" data-image-caption=\"\" data-large-file=\"https:\/\/i0.wp.com\/www.jojoenherbe.com\/wp-content\/uploads\/2021\/09\/Pome-BD-scaled.jpg?fit=676%2C507\" class=\"alignleft size-thumbnail wp-image-21333\" src=\"https:\/\/i0.wp.com\/www.jojoenherbe.com\/wp-content\/uploads\/2021\/09\/Pome-BD.jpg?resize=150%2C150\" alt=\"\" width=\"150\" height=\"150\" srcset=\"https:\/\/i0.wp.com\/www.jojoenherbe.com\/wp-content\/uploads\/2021\/09\/Pome-BD-scaled.jpg?resize=150%2C150 150w, https:\/\/i0.wp.com\/www.jojoenherbe.com\/wp-content\/uploads\/2021\/09\/Pome-BD-scaled.jpg?zoom=2&amp;resize=150%2C150 300w, https:\/\/i0.wp.com\/www.jojoenherbe.com\/wp-content\/uploads\/2021\/09\/Pome-BD-scaled.jpg?zoom=3&amp;resize=150%2C150 450w\" sizes=\"auto, (max-width: 150px) 100vw, 150px\" \/><\/a><\/span><a href=\"https:\/\/www.jojoenherbe.com\/index.php\/2021\/10\/20\/au-fil-des-pages-avec-pome\/\"><span style=\"text-decoration: underline;\">Pome<\/span><\/a> de Marie Desplechin et Magali Le Huche (\u00e9d. Rue de S\u00e8vres, 2018), \u00e0 partir de 8\/9 ans. <\/em><em>Verte fait la connaissance d\u2019une autre sorci\u00e8re de son \u00e2ge, Pome et qui va elle aussi apprendre la sorcellerie aupr\u00e8s d\u2019Anastabotte, la grand-m\u00e8re maternelle de Verte qui n\u2019oublie jamais de remettre du rouge \u00e0 l\u00e8vre lorsque Raymond, le grand-p\u00e8re paternel de Verte est dans les parages et qui est toujours pr\u00eate \u00e0 faire des cr\u00eapes entre deux \u00e9tudes de sortil\u00e8ges. <\/em><em>La BD est fid\u00e8le au roman mais sans l\u2019\u00e9criture chorale comme dans le <a href=\"http:\/\/www.jojoenherbe.com\/index.php\/2020\/10\/21\/au-fil-des-pages-avec-verte\/\">premier tome<\/a>, ne retenant que le point de vue de Verte. Un bon moment de lecture! <\/em><\/p>\n<ul>\n<li style=\"text-align: justify;\"><em>(BD jeunesse) <span style=\"text-decoration: underline;\"><strong>Amelia Woods, Le manoir de Lady Heme<\/strong><\/span> de Carole Breteau et Morgane Lafille <strong>(T1)<\/strong><\/em><\/li>\n<\/ul>\n<p style=\"text-align: justify;\"><em><a href=\"https:\/\/i0.wp.com\/www.jojoenherbe.com\/wp-content\/uploads\/2021\/10\/Amelia-Woods-T1-scaled.jpg\"><img data-recalc-dims=\"1\" loading=\"lazy\" decoding=\"async\" data-attachment-id=\"21904\" data-permalink=\"http:\/\/www.jojoenherbe.com\/index.php\/2021\/10\/27\/point-lecture-hebdomadaire-12\/amelia-woods-t1\/\" data-orig-file=\"https:\/\/i0.wp.com\/www.jojoenherbe.com\/wp-content\/uploads\/2021\/10\/Amelia-Woods-T1-scaled.jpg?fit=2560%2C1887\" data-orig-size=\"2560,1887\" data-comments-opened=\"1\" data-image-meta=\"{&quot;aperture&quot;:&quot;1.8&quot;,&quot;credit&quot;:&quot;&quot;,&quot;camera&quot;:&quot;iPhone 7&quot;,&quot;caption&quot;:&quot;&quot;,&quot;created_timestamp&quot;:&quot;1635334764&quot;,&quot;copyright&quot;:&quot;&quot;,&quot;focal_length&quot;:&quot;3.99&quot;,&quot;iso&quot;:&quot;100&quot;,&quot;shutter_speed&quot;:&quot;0.071428571428571&quot;,&quot;title&quot;:&quot;&quot;,&quot;orientation&quot;:&quot;1&quot;}\" data-image-title=\"Amelia Woods T1\" data-image-description=\"\" data-image-caption=\"\" data-large-file=\"https:\/\/i0.wp.com\/www.jojoenherbe.com\/wp-content\/uploads\/2021\/10\/Amelia-Woods-T1-scaled.jpg?fit=676%2C498\" class=\"size-thumbnail wp-image-21904 alignright\" src=\"https:\/\/i0.wp.com\/www.jojoenherbe.com\/wp-content\/uploads\/2021\/10\/Amelia-Woods-T1.jpg?resize=150%2C150\" alt=\"\" width=\"150\" height=\"150\" srcset=\"https:\/\/i0.wp.com\/www.jojoenherbe.com\/wp-content\/uploads\/2021\/10\/Amelia-Woods-T1-scaled.jpg?resize=150%2C150 150w, https:\/\/i0.wp.com\/www.jojoenherbe.com\/wp-content\/uploads\/2021\/10\/Amelia-Woods-T1-scaled.jpg?zoom=2&amp;resize=150%2C150 300w, https:\/\/i0.wp.com\/www.jojoenherbe.com\/wp-content\/uploads\/2021\/10\/Amelia-Woods-T1-scaled.jpg?zoom=3&amp;resize=150%2C150 450w\" sizes=\"auto, (max-width: 150px) 100vw, 150px\" \/><\/a>Le tome 1 du diptyque <span style=\"text-decoration: underline;\">Amelia Woods, Le manoir de Lady Heme<\/span> de Carole Breteau et Morgane Lafille (\u00e9d. Gl\u00e9nat, coll. Vents d\u2019Ouest, 2021), une BD jeunesse fantastique dans laquelle en 1899, Amelia Woods venue \u00e9tudier les oiseaux migrateurs \u00e0 St-Mickael\u2019s Bay est rattrap\u00e9e par le pass\u00e9 myst\u00e9rieux et magique de sa m\u00e8re, r\u00e9cemment d\u00e9c\u00e9d\u00e9. Un premier tome introductif pour les jeunes lecteurs (les r\u00e9v\u00e9lations se faisant rapidement) et qui me donne envie de conna\u00eetre la suite, ayant appr\u00e9ci\u00e9 les illustrations! <\/em><\/p>\n<ul>\n<li style=\"text-align: justify;\"><em>(BD jeunesse) <span style=\"text-decoration: underline;\"><strong>Sorci\u00e8res sorci\u00e8res, Le myst\u00e8re des mangeurs d\u2019histoires<\/strong><\/span> de Joris Chamblain et Lucile Thibaudier <strong>(T2)<\/strong><\/em><\/li>\n<\/ul>\n<p style=\"text-align: justify;\"><em><a href=\"https:\/\/i0.wp.com\/www.jojoenherbe.com\/wp-content\/uploads\/2021\/11\/Sorcieres-sorcieres-T2-1-scaled.jpg\"><img data-recalc-dims=\"1\" loading=\"lazy\" decoding=\"async\" data-attachment-id=\"22426\" data-permalink=\"http:\/\/www.jojoenherbe.com\/index.php\/2021\/11\/13\/notre-selection-sorcieres-pour-le-challenge-halloween-2021\/sorcieres-sorcieres-t2-2\/\" data-orig-file=\"https:\/\/i0.wp.com\/www.jojoenherbe.com\/wp-content\/uploads\/2021\/11\/Sorcieres-sorcieres-T2-1-scaled.jpg?fit=2560%2C2019\" data-orig-size=\"2560,2019\" data-comments-opened=\"1\" data-image-meta=\"{&quot;aperture&quot;:&quot;1.8&quot;,&quot;credit&quot;:&quot;&quot;,&quot;camera&quot;:&quot;iPhone 7&quot;,&quot;caption&quot;:&quot;&quot;,&quot;created_timestamp&quot;:&quot;1637056686&quot;,&quot;copyright&quot;:&quot;&quot;,&quot;focal_length&quot;:&quot;3.99&quot;,&quot;iso&quot;:&quot;100&quot;,&quot;shutter_speed&quot;:&quot;0.071428571428571&quot;,&quot;title&quot;:&quot;&quot;,&quot;orientation&quot;:&quot;1&quot;}\" data-image-title=\"Sorci\u00e8res sorci\u00e8res T2\" data-image-description=\"\" data-image-caption=\"\" data-large-file=\"https:\/\/i0.wp.com\/www.jojoenherbe.com\/wp-content\/uploads\/2021\/11\/Sorcieres-sorcieres-T2-1-scaled.jpg?fit=676%2C533\" class=\"alignleft size-thumbnail wp-image-22426\" src=\"https:\/\/i0.wp.com\/www.jojoenherbe.com\/wp-content\/uploads\/2021\/11\/Sorcieres-sorcieres-T2-1.jpg?resize=150%2C150\" alt=\"\" width=\"150\" height=\"150\" srcset=\"https:\/\/i0.wp.com\/www.jojoenherbe.com\/wp-content\/uploads\/2021\/11\/Sorcieres-sorcieres-T2-1-scaled.jpg?resize=150%2C150 150w, https:\/\/i0.wp.com\/www.jojoenherbe.com\/wp-content\/uploads\/2021\/11\/Sorcieres-sorcieres-T2-1-scaled.jpg?zoom=2&amp;resize=150%2C150 300w, https:\/\/i0.wp.com\/www.jojoenherbe.com\/wp-content\/uploads\/2021\/11\/Sorcieres-sorcieres-T2-1-scaled.jpg?zoom=3&amp;resize=150%2C150 450w\" sizes=\"auto, (max-width: 150px) 100vw, 150px\" \/><\/a>Le tome 2 de <span style=\"text-decoration: underline;\">Sorci\u00e8res sorci\u00e8res, Le myst\u00e8re des mangeurs d\u2019histoires<\/span> de Joris Chamblain et Lucile Thibaudier (\u00e9d. Kennes, 2015), une BD jeunesse \u00e0 partir de 6 ans. Harmonie enqu\u00eate sur une \u00e9trange maladie qui contamine les enfants du village de Pamprelune en les privant de leur magie. Les illustrations sont toujours aussi mignonnes et rigolotes que dans le <a href=\"https:\/\/www.jojoenherbe.com\/index.php\/2020\/10\/28\/au-fil-des-pages-avec-le-tome-1-de-sorcieres-sorcieres\/\">premier tome<\/a>, avec un univers magique qui met en sc\u00e8ne des petits monstres qui ont une bouille trop mignonne. Encore un bon moment de lecture avec ce deuxi\u00e8me tome que j\u2019ai plus appr\u00e9ci\u00e9 que le premier m\u00eame s\u2019il est tout aussi convenu et qui plaira surtout \u00e0 de jeunes lecteurs!<\/em><\/p>\n<p><em><strong><span style=\"text-decoration: underline;\">Des romans jeunesse<\/span>:<\/strong><\/em><\/p>\n<ul>\n<li><em>(Roman jeunesse) <strong><span style=\"text-decoration: underline;\">Les tribulations d\u2019Esther Parmentier, Cadavre hach\u00e9 Vampire f\u00e2ch\u00e9, Une enqu\u00eate sang pour sang<\/span><\/strong> de Ma\u00eblle Desard<\/em><\/li>\n<\/ul>\n<p style=\"text-align: justify;\"><em><a href=\"https:\/\/i0.wp.com\/www.jojoenherbe.com\/wp-content\/uploads\/2021\/09\/Les-tribulations-dEsther-Parmentier-scaled.jpg\"><img data-recalc-dims=\"1\" loading=\"lazy\" decoding=\"async\" data-attachment-id=\"21143\" data-permalink=\"http:\/\/www.jojoenherbe.com\/index.php\/2021\/09\/15\/billet-de-suivi-challenge-halloween-2021\/les-tribulations-desther-parmentier\/\" data-orig-file=\"https:\/\/i0.wp.com\/www.jojoenherbe.com\/wp-content\/uploads\/2021\/09\/Les-tribulations-dEsther-Parmentier-scaled.jpg?fit=2560%2C1920\" data-orig-size=\"2560,1920\" data-comments-opened=\"1\" data-image-meta=\"{&quot;aperture&quot;:&quot;1.8&quot;,&quot;credit&quot;:&quot;&quot;,&quot;camera&quot;:&quot;iPhone 7&quot;,&quot;caption&quot;:&quot;&quot;,&quot;created_timestamp&quot;:&quot;1633000269&quot;,&quot;copyright&quot;:&quot;&quot;,&quot;focal_length&quot;:&quot;3.99&quot;,&quot;iso&quot;:&quot;100&quot;,&quot;shutter_speed&quot;:&quot;0.076923076923077&quot;,&quot;title&quot;:&quot;&quot;,&quot;orientation&quot;:&quot;1&quot;}\" data-image-title=\"Les tribulations d&amp;rsquo;Esther Parmentier\" data-image-description=\"\" data-image-caption=\"\" data-large-file=\"https:\/\/i0.wp.com\/www.jojoenherbe.com\/wp-content\/uploads\/2021\/09\/Les-tribulations-dEsther-Parmentier-scaled.jpg?fit=676%2C507\" class=\"alignleft size-thumbnail wp-image-21143\" src=\"https:\/\/i0.wp.com\/www.jojoenherbe.com\/wp-content\/uploads\/2021\/09\/Les-tribulations-dEsther-Parmentier.jpg?resize=150%2C150\" alt=\"\" width=\"150\" height=\"150\" srcset=\"https:\/\/i0.wp.com\/www.jojoenherbe.com\/wp-content\/uploads\/2021\/09\/Les-tribulations-dEsther-Parmentier-scaled.jpg?resize=150%2C150 150w, https:\/\/i0.wp.com\/www.jojoenherbe.com\/wp-content\/uploads\/2021\/09\/Les-tribulations-dEsther-Parmentier-scaled.jpg?zoom=2&amp;resize=150%2C150 300w, https:\/\/i0.wp.com\/www.jojoenherbe.com\/wp-content\/uploads\/2021\/09\/Les-tribulations-dEsther-Parmentier-scaled.jpg?zoom=3&amp;resize=150%2C150 450w\" sizes=\"auto, (max-width: 150px) 100vw, 150px\" \/><\/a><a href=\"https:\/\/www.jojoenherbe.com\/index.php\/2021\/11\/08\/au-fil-des-pages-avec-le-tome-1-des-tribulations-desther-parmentier\/\"><span style=\"text-decoration: underline;\">Les tribulations d\u2019Esther Parmentier, Cadavre hach\u00e9 Vampire f\u00e2ch\u00e9, Une enqu\u00eate sang pour sang<\/span><\/a> de Ma\u00eblle Desard (\u00e9d. Rageot, 2019, 383 pages), un roman jeunesse pour adolescents. La narration est \u00e0 l\u2019image du titre du roman, avec de nombreuses r\u00e9f\u00e9rences \u00e0 la pop culture et beaucoup d\u2019humour, avec les premiers pas d\u2019Esther Parmentier en tant que sorci\u00e8re stagiaire aupr\u00e8s de l\u2019agent Loan qui est charg\u00e9 d\u2019enqu\u00eater sur la disparition d\u2019adolescents \u00e0 Strasbourg et alentour. La jeune femme de 19 ans a un temp\u00e9rament explosif et ne se laisse pas faire par son tuteur, l\u2019agent Loan, m\u00eame si au vu de son inexp\u00e9rience du monde magique et de son jeune \u00e2ge, elle arrive quand m\u00eame \u00e0 tout d\u00e9m\u00ealer tr\u00e8s rapidement. Un tr\u00e8s bon moment de lecture en compagnie d\u2019Esther, une sorci\u00e8re atypique mais attachante!<\/em><\/p>\n<ul>\n<li><em>(Roman jeunesse) <strong><span style=\"text-decoration: underline;\">Les sept sorciers<\/span><\/strong> de Caro King <br \/><\/em><\/li>\n<\/ul>\n<p style=\"text-align: justify;\"><em><span style=\"text-decoration: underline;\"><a href=\"https:\/\/i0.wp.com\/www.jojoenherbe.com\/wp-content\/uploads\/2021\/09\/Les-sept-sorciers-scaled.jpg\"><img data-recalc-dims=\"1\" loading=\"lazy\" decoding=\"async\" data-attachment-id=\"20792\" data-permalink=\"http:\/\/www.jojoenherbe.com\/index.php\/2021\/09\/20\/point-lecture-hebdomadaire-7\/les-sept-sorciers\/\" data-orig-file=\"https:\/\/i0.wp.com\/www.jojoenherbe.com\/wp-content\/uploads\/2021\/09\/Les-sept-sorciers-scaled.jpg?fit=2560%2C2420\" data-orig-size=\"2560,2420\" data-comments-opened=\"1\" data-image-meta=\"{&quot;aperture&quot;:&quot;1.8&quot;,&quot;credit&quot;:&quot;&quot;,&quot;camera&quot;:&quot;iPhone 7&quot;,&quot;caption&quot;:&quot;&quot;,&quot;created_timestamp&quot;:&quot;1632133757&quot;,&quot;copyright&quot;:&quot;&quot;,&quot;focal_length&quot;:&quot;3.99&quot;,&quot;iso&quot;:&quot;100&quot;,&quot;shutter_speed&quot;:&quot;0.14285714285714&quot;,&quot;title&quot;:&quot;&quot;,&quot;orientation&quot;:&quot;1&quot;}\" data-image-title=\"Les sept sorciers\" data-image-description=\"\" data-image-caption=\"\" data-large-file=\"https:\/\/i0.wp.com\/www.jojoenherbe.com\/wp-content\/uploads\/2021\/09\/Les-sept-sorciers-scaled.jpg?fit=676%2C639\" class=\"size-thumbnail wp-image-20792 alignright\" src=\"https:\/\/i0.wp.com\/www.jojoenherbe.com\/wp-content\/uploads\/2021\/09\/Les-sept-sorciers.jpg?resize=150%2C150\" alt=\"\" width=\"150\" height=\"150\" srcset=\"https:\/\/i0.wp.com\/www.jojoenherbe.com\/wp-content\/uploads\/2021\/09\/Les-sept-sorciers-scaled.jpg?resize=150%2C150 150w, https:\/\/i0.wp.com\/www.jojoenherbe.com\/wp-content\/uploads\/2021\/09\/Les-sept-sorciers-scaled.jpg?zoom=2&amp;resize=150%2C150 300w, https:\/\/i0.wp.com\/www.jojoenherbe.com\/wp-content\/uploads\/2021\/09\/Les-sept-sorciers-scaled.jpg?zoom=3&amp;resize=150%2C150 450w\" sizes=\"auto, (max-width: 150px) 100vw, 150px\" \/><\/a>Les sept sorciers<\/span> de Caro King (\u00e9d. Prisma, 2012, 376 pages), un roman jeunesse \u00e0 partir de 9 ans. Une jeune fille, Nin est la seule \u00e0 se souvenir de son <\/em><em>petit fr\u00e8re Toby qui a \u00e9t\u00e9 enlev\u00e9 par Skerridge, un croquemitaine pour \u00eatre livr\u00e9 \u00e0 Monsieur Strood. Alors que Skerridge tente de l\u2019enlever \u00e0 son tour, elle s\u2019enfuit et se retrouve plong\u00e9e dans le pays magique de la D\u00e9rive o\u00f9 r\u00e9gnaient autrefois les Sept Sorciers. Que d\u2019aventures pour Nin dans cette histoire fantastique! Heureusement elle pourra compter sur sa bonne \u00e9toile (peut-\u00eatre trop, roman jeunesse oblige) et aussi sur un gar\u00e7on un peu plus \u00e2g\u00e9, Jonas ainsi que sur Jik, un bonhomme de boue. Il est question de qu\u00eate initiatique, d\u2019univers parall\u00e8le et de courage. Un roman jeunesse qui se lit facilement mais sans plus. \u00c0 r\u00e9server peut-\u00eatre \u00e0 de jeunes lecteurs friands d\u2019h\u00e9ro\u00efc fantasy mais suffisamment grands pour ne pas \u00eatre effray\u00e9s par les \u00eatres plus cauchemardesques les uns que les autres de l\u2019histoire!<\/em><\/p>\n<ul>\n<li style=\"text-align: justify;\"><em>(Roman jeunesse) <span style=\"text-decoration: underline;\"><strong>Magic Charly, L&rsquo;apprenti<\/strong><\/span> d\u2019Audrey Alwett <strong>(T1)<\/strong><\/em><\/li>\n<\/ul>\n<p style=\"text-align: justify;\"><em><a href=\"https:\/\/i0.wp.com\/www.jojoenherbe.com\/wp-content\/uploads\/2021\/10\/Magic-Charly-T1-scaled.jpg\"><img data-recalc-dims=\"1\" loading=\"lazy\" decoding=\"async\" data-attachment-id=\"21812\" data-permalink=\"http:\/\/www.jojoenherbe.com\/index.php\/2021\/10\/24\/au-fil-des-pages-avec-le-tome-1-de-magic-charly\/magic-charly-t1\/\" data-orig-file=\"https:\/\/i0.wp.com\/www.jojoenherbe.com\/wp-content\/uploads\/2021\/10\/Magic-Charly-T1-scaled.jpg?fit=2560%2C2020\" data-orig-size=\"2560,2020\" data-comments-opened=\"1\" data-image-meta=\"{&quot;aperture&quot;:&quot;1.8&quot;,&quot;credit&quot;:&quot;&quot;,&quot;camera&quot;:&quot;iPhone 7&quot;,&quot;caption&quot;:&quot;&quot;,&quot;created_timestamp&quot;:&quot;1628174841&quot;,&quot;copyright&quot;:&quot;&quot;,&quot;focal_length&quot;:&quot;3.99&quot;,&quot;iso&quot;:&quot;80&quot;,&quot;shutter_speed&quot;:&quot;0.16666666666667&quot;,&quot;title&quot;:&quot;&quot;,&quot;orientation&quot;:&quot;1&quot;}\" data-image-title=\"Magic Charly T1\" data-image-description=\"\" data-image-caption=\"\" data-large-file=\"https:\/\/i0.wp.com\/www.jojoenherbe.com\/wp-content\/uploads\/2021\/10\/Magic-Charly-T1-scaled.jpg?fit=676%2C533\" class=\"alignleft size-thumbnail wp-image-21812\" src=\"https:\/\/i0.wp.com\/www.jojoenherbe.com\/wp-content\/uploads\/2021\/10\/Magic-Charly-T1.jpg?resize=150%2C150\" alt=\"\" width=\"150\" height=\"150\" srcset=\"https:\/\/i0.wp.com\/www.jojoenherbe.com\/wp-content\/uploads\/2021\/10\/Magic-Charly-T1-scaled.jpg?resize=150%2C150 150w, https:\/\/i0.wp.com\/www.jojoenherbe.com\/wp-content\/uploads\/2021\/10\/Magic-Charly-T1-scaled.jpg?zoom=2&amp;resize=150%2C150 300w, https:\/\/i0.wp.com\/www.jojoenherbe.com\/wp-content\/uploads\/2021\/10\/Magic-Charly-T1-scaled.jpg?zoom=3&amp;resize=150%2C150 450w\" sizes=\"auto, (max-width: 150px) 100vw, 150px\" \/><\/a>Le tome 1 de la trilogie <a href=\"https:\/\/www.jojoenherbe.com\/index.php\/2021\/10\/24\/au-fil-des-pages-avec-le-tome-1-de-magic-charly\/\"><span style=\"text-decoration: underline;\">Magic Charly, L\u2019apprenti<\/span><\/a> d\u2019Audrey Alwett (\u00e9d. Gallimard Jeunesse, 2019, 416 pages), un roman jeunesse fantasy \u00e0 partir de 12 ans et avec une magnifique illustration de couverture de Stan Manoukian. Charly Vernier, un adolescent noir de 14 ans d\u00e9couvre qu&rsquo;il fait partie d\u2019une famille de Magiciers. Comme dans tout tome introductif, Audrey Alwett prend le temps de poser le d\u00e9cor tr\u00e8s riche et d\u00e9taill\u00e9 en emmenant le lecteur dans un monde magique \u00e0 la fois dr\u00f4le et fantaisiste, m\u00eame si on sent d\u00e9j\u00e0 un c\u00f4t\u00e9 sombre et inqui\u00e9tant. Avec une imagination foisonnante coupl\u00e9e \u00e0 un vocabulaire d\u00e9jant\u00e9 fait de mots invent\u00e9s et de mots-valises, l\u2019autrice fourmille d\u2019id\u00e9es magiques farfelues. Un tr\u00e8s bon moment de lecture en compagnie d\u2019un trio d\u2019adolescents attachants et qui se termine en plein suspense! <\/em><\/p>\n<ul>\n<li><em>(Roman jeunesse) <span style=\"text-decoration: underline;\"><strong>Magic Charly, Bienvenue \u00e0 Saint-Fouettard<\/strong><\/span> d\u2019Audrey Alwett <strong>(T2)<\/strong><\/em><\/li>\n<\/ul>\n<p style=\"text-align: justify;\"><em><a href=\"https:\/\/i0.wp.com\/www.jojoenherbe.com\/wp-content\/uploads\/2021\/09\/Magic-Charly-T2-scaled.jpg\"><img data-recalc-dims=\"1\" loading=\"lazy\" decoding=\"async\" data-attachment-id=\"21034\" data-permalink=\"http:\/\/www.jojoenherbe.com\/index.php\/2021\/09\/27\/point-lecture-hebdomadaire-8\/magic-charly-t2\/\" data-orig-file=\"https:\/\/i0.wp.com\/www.jojoenherbe.com\/wp-content\/uploads\/2021\/09\/Magic-Charly-T2-scaled.jpg?fit=2560%2C1929\" data-orig-size=\"2560,1929\" data-comments-opened=\"1\" data-image-meta=\"{&quot;aperture&quot;:&quot;1.8&quot;,&quot;credit&quot;:&quot;&quot;,&quot;camera&quot;:&quot;iPhone 7&quot;,&quot;caption&quot;:&quot;&quot;,&quot;created_timestamp&quot;:&quot;1632754033&quot;,&quot;copyright&quot;:&quot;&quot;,&quot;focal_length&quot;:&quot;3.99&quot;,&quot;iso&quot;:&quot;100&quot;,&quot;shutter_speed&quot;:&quot;0.11111111111111&quot;,&quot;title&quot;:&quot;&quot;,&quot;orientation&quot;:&quot;1&quot;}\" data-image-title=\"Magic Charly T2\" data-image-description=\"\" data-image-caption=\"\" data-large-file=\"https:\/\/i0.wp.com\/www.jojoenherbe.com\/wp-content\/uploads\/2021\/09\/Magic-Charly-T2-scaled.jpg?fit=676%2C510\" class=\"size-thumbnail wp-image-21034 alignright\" src=\"https:\/\/i0.wp.com\/www.jojoenherbe.com\/wp-content\/uploads\/2021\/09\/Magic-Charly-T2.jpg?resize=150%2C150\" alt=\"\" width=\"150\" height=\"150\" srcset=\"https:\/\/i0.wp.com\/www.jojoenherbe.com\/wp-content\/uploads\/2021\/09\/Magic-Charly-T2-scaled.jpg?resize=150%2C150 150w, https:\/\/i0.wp.com\/www.jojoenherbe.com\/wp-content\/uploads\/2021\/09\/Magic-Charly-T2-scaled.jpg?zoom=2&amp;resize=150%2C150 300w, https:\/\/i0.wp.com\/www.jojoenherbe.com\/wp-content\/uploads\/2021\/09\/Magic-Charly-T2-scaled.jpg?zoom=3&amp;resize=150%2C150 450w\" sizes=\"auto, (max-width: 150px) 100vw, 150px\" \/><\/a>Le tome 2 de <span style=\"text-decoration: underline;\">Magic Charly, Bienvenue \u00e0 Saint-Fouettard<\/span> d\u2019Audrey Alwett (\u00e9d. Gallimard Jeunesse, 2021, 523 pages), un roman jeunesse fantasy \u00e0 partir de 12 ans. Charly et Sapotille sont envoy\u00e9s \u00e0 Saint-Fouettard, une institution pour jeunes magiciers indisciplin\u00e9s \u00e0 Thadam, en Bretagne. L\u2019endroit est lugubre et glacial avec des professeurs peu enclins \u00e0 leur apprendre la magie et des pensionnaires surveill\u00e9s par des croquemitaines et des rumeurs qui se faufilent partout pour tout rapporter au directeur. L\u2019avenir de Charly et Sapotille semble bien compromis. Arriveront-ils \u00e0 se sortir de ce mauvais pas? Un tr\u00e8s bon moment de lecture, encore plus que pour le tome 1. <\/em><\/p>\n<ul>\n<li><em>(Roman jeunesse) <span style=\"text-decoration: underline;\"><strong>Elsie Ciboulette apprentie sorci\u00e8re<\/strong><\/span> de Kaye Umansky et Ashley King<\/em><\/li>\n<\/ul>\n<p style=\"text-align: justify;\"><em><span style=\"text-decoration: underline;\"><a href=\"https:\/\/i0.wp.com\/www.jojoenherbe.com\/wp-content\/uploads\/2021\/11\/Elsie-Ciboulette-apprentie-sorciere-scaled.jpg\"><img data-recalc-dims=\"1\" loading=\"lazy\" decoding=\"async\" data-attachment-id=\"22251\" data-permalink=\"http:\/\/www.jojoenherbe.com\/index.php\/2021\/11\/09\/point-lecture-hebdomadaire-14\/elsie-ciboulette-apprentie-sorciere\/\" data-orig-file=\"https:\/\/i0.wp.com\/www.jojoenherbe.com\/wp-content\/uploads\/2021\/11\/Elsie-Ciboulette-apprentie-sorciere-scaled.jpg?fit=2560%2C1953\" data-orig-size=\"2560,1953\" data-comments-opened=\"1\" data-image-meta=\"{&quot;aperture&quot;:&quot;1.8&quot;,&quot;credit&quot;:&quot;&quot;,&quot;camera&quot;:&quot;iPhone 7&quot;,&quot;caption&quot;:&quot;&quot;,&quot;created_timestamp&quot;:&quot;1636118408&quot;,&quot;copyright&quot;:&quot;&quot;,&quot;focal_length&quot;:&quot;3.99&quot;,&quot;iso&quot;:&quot;100&quot;,&quot;shutter_speed&quot;:&quot;0.11111111111111&quot;,&quot;title&quot;:&quot;&quot;,&quot;orientation&quot;:&quot;1&quot;}\" data-image-title=\"Elsie Ciboulette apprentie sorci\u00e8re\" data-image-description=\"\" data-image-caption=\"\" data-large-file=\"https:\/\/i0.wp.com\/www.jojoenherbe.com\/wp-content\/uploads\/2021\/11\/Elsie-Ciboulette-apprentie-sorciere-scaled.jpg?fit=676%2C516\" class=\"alignleft size-thumbnail wp-image-22251\" src=\"https:\/\/i0.wp.com\/www.jojoenherbe.com\/wp-content\/uploads\/2021\/11\/Elsie-Ciboulette-apprentie-sorciere.jpg?resize=150%2C150\" alt=\"\" width=\"150\" height=\"150\" srcset=\"https:\/\/i0.wp.com\/www.jojoenherbe.com\/wp-content\/uploads\/2021\/11\/Elsie-Ciboulette-apprentie-sorciere-scaled.jpg?resize=150%2C150 150w, https:\/\/i0.wp.com\/www.jojoenherbe.com\/wp-content\/uploads\/2021\/11\/Elsie-Ciboulette-apprentie-sorciere-scaled.jpg?zoom=2&amp;resize=150%2C150 300w, https:\/\/i0.wp.com\/www.jojoenherbe.com\/wp-content\/uploads\/2021\/11\/Elsie-Ciboulette-apprentie-sorciere-scaled.jpg?zoom=3&amp;resize=150%2C150 450w\" sizes=\"auto, (max-width: 150px) 100vw, 150px\" \/><\/a>Elsie Ciboulette apprentie sorci\u00e8re<\/span> de Kaye Umansky et Ashley King (\u00e9d. Flammarion Jeunesse, coll. P\u00e8re Castor, 2019, 192 pages), un roman jeunesse pour les 8\/10 ans et avec des illustrations en noir et blanc. Apr\u00e8s avoir accept\u00e9 l&rsquo;offre d&#8217;emploi de Magenta Vif, la sorci\u00e8re rouge de la for\u00eat pour \u00eatre gardienne de sa tour pendant une semaine, Elsie Ciboulette s&rsquo;initie \u00e0 la magie alors qu&rsquo;elle s&rsquo;\u00e9tait jur\u00e9e de ne jamais en faire. Une histoire qui plaira \u00e0 <\/em><em>de jeunes lecteurs avec des rebondissements certes, pour un lecteur adulte, pr\u00e9visibles mais avec de bons sentiments qui font la part belle \u00e0 l&rsquo;amiti\u00e9 et \u00e0 l&rsquo;entraide comme dans tout roman d&rsquo;apprentissage, avec une sorci\u00e8re plus f\u00e9e marraine que m\u00e9chante!<\/em><\/p>\n<ul style=\"text-align: justify;\">\n<li><em>(Roman jeunesse)<\/em> <em><span style=\"text-decoration: underline;\"><strong>La path\u00e9tique histoire de Birdie Bloom<\/strong><\/span> de Temre Beltz<\/em><\/li>\n<\/ul>\n<p style=\"text-align: justify;\"><em><a href=\"https:\/\/i0.wp.com\/www.jojoenherbe.com\/wp-content\/uploads\/2021\/10\/La-pathetique-histoire-de-Birdie-Bloom-scaled.jpg\"><img data-recalc-dims=\"1\" loading=\"lazy\" decoding=\"async\" data-attachment-id=\"21560\" data-permalink=\"http:\/\/www.jojoenherbe.com\/index.php\/2021\/10\/15\/un-halloween-cosy-rat-2021\/la-pathetique-histoire-de-birdie-bloom\/\" data-orig-file=\"https:\/\/i0.wp.com\/www.jojoenherbe.com\/wp-content\/uploads\/2021\/10\/La-pathetique-histoire-de-Birdie-Bloom-scaled.jpg?fit=2560%2C1874\" data-orig-size=\"2560,1874\" data-comments-opened=\"1\" data-image-meta=\"{&quot;aperture&quot;:&quot;1.8&quot;,&quot;credit&quot;:&quot;&quot;,&quot;camera&quot;:&quot;iPhone 7&quot;,&quot;caption&quot;:&quot;&quot;,&quot;created_timestamp&quot;:&quot;1634378475&quot;,&quot;copyright&quot;:&quot;&quot;,&quot;focal_length&quot;:&quot;3.99&quot;,&quot;iso&quot;:&quot;80&quot;,&quot;shutter_speed&quot;:&quot;0.14285714285714&quot;,&quot;title&quot;:&quot;&quot;,&quot;orientation&quot;:&quot;1&quot;}\" data-image-title=\"La path\u00e9tique histoire de Birdie Bloom\" data-image-description=\"\" data-image-caption=\"\" data-large-file=\"https:\/\/i0.wp.com\/www.jojoenherbe.com\/wp-content\/uploads\/2021\/10\/La-pathetique-histoire-de-Birdie-Bloom-scaled.jpg?fit=676%2C494\" class=\"size-thumbnail wp-image-21560 alignright\" src=\"https:\/\/i0.wp.com\/www.jojoenherbe.com\/wp-content\/uploads\/2021\/10\/La-pathetique-histoire-de-Birdie-Bloom.jpg?resize=150%2C150\" alt=\"\" width=\"150\" height=\"150\" srcset=\"https:\/\/i0.wp.com\/www.jojoenherbe.com\/wp-content\/uploads\/2021\/10\/La-pathetique-histoire-de-Birdie-Bloom-scaled.jpg?resize=150%2C150 150w, https:\/\/i0.wp.com\/www.jojoenherbe.com\/wp-content\/uploads\/2021\/10\/La-pathetique-histoire-de-Birdie-Bloom-scaled.jpg?zoom=2&amp;resize=150%2C150 300w, https:\/\/i0.wp.com\/www.jojoenherbe.com\/wp-content\/uploads\/2021\/10\/La-pathetique-histoire-de-Birdie-Bloom-scaled.jpg?zoom=3&amp;resize=150%2C150 450w\" sizes=\"auto, (max-width: 150px) 100vw, 150px\" \/><\/a><span style=\"text-decoration: underline;\">La path\u00e9tique histoire de Birdie Bloom<\/span> de Temre Beltz (\u00e9d. Seuil Jeunesse, 2019, 351 pages), un roman jeunesse pour les 9\/12 ans. Le narrateur est un livre qui nous raconte, \u00e0 travers essentiellement des notes de bas de page, ce qui semble \u00eatre une improbable amiti\u00e9 entre une vieille sorci\u00e8re et une jeune orpheline du Foyer Salles-Cardeur \u00e0 Fabulia. Un bon moment de lecture avec ce roman jeunesse qui aborde l\u2019amiti\u00e9 et la confiance en soi!<\/em><\/p>\n<ul style=\"text-align: justify;\">\n<li><em>(Roman jeunesse) <span style=\"text-decoration: underline;\"><strong>Sacr\u00e9es Sorci\u00e8res<\/strong><\/span> de Roald Dahl et illustr\u00e9 par Quentin Blake<\/em><\/li>\n<\/ul>\n<p style=\"text-align: justify;\"><em><a href=\"https:\/\/i0.wp.com\/www.jojoenherbe.com\/wp-content\/uploads\/2021\/10\/Sacrees-Sorcieres-scaled.jpg\"><img data-recalc-dims=\"1\" loading=\"lazy\" decoding=\"async\" data-attachment-id=\"21902\" data-permalink=\"http:\/\/www.jojoenherbe.com\/index.php\/2021\/10\/27\/point-lecture-hebdomadaire-12\/sacrees-sorcieres-3\/\" data-orig-file=\"https:\/\/i0.wp.com\/www.jojoenherbe.com\/wp-content\/uploads\/2021\/10\/Sacrees-Sorcieres-scaled.jpg?fit=2560%2C1920\" data-orig-size=\"2560,1920\" data-comments-opened=\"1\" data-image-meta=\"{&quot;aperture&quot;:&quot;1.8&quot;,&quot;credit&quot;:&quot;&quot;,&quot;camera&quot;:&quot;iPhone 7&quot;,&quot;caption&quot;:&quot;&quot;,&quot;created_timestamp&quot;:&quot;1635334427&quot;,&quot;copyright&quot;:&quot;&quot;,&quot;focal_length&quot;:&quot;3.99&quot;,&quot;iso&quot;:&quot;100&quot;,&quot;shutter_speed&quot;:&quot;0.071428571428571&quot;,&quot;title&quot;:&quot;&quot;,&quot;orientation&quot;:&quot;1&quot;}\" data-image-title=\"Sacr\u00e9es Sorci\u00e8res\" data-image-description=\"\" data-image-caption=\"\" data-large-file=\"https:\/\/i0.wp.com\/www.jojoenherbe.com\/wp-content\/uploads\/2021\/10\/Sacrees-Sorcieres-scaled.jpg?fit=676%2C507\" class=\"alignleft size-thumbnail wp-image-21902\" src=\"https:\/\/i0.wp.com\/www.jojoenherbe.com\/wp-content\/uploads\/2021\/10\/Sacrees-Sorcieres.jpg?resize=150%2C150\" alt=\"\" width=\"150\" height=\"150\" srcset=\"https:\/\/i0.wp.com\/www.jojoenherbe.com\/wp-content\/uploads\/2021\/10\/Sacrees-Sorcieres-scaled.jpg?resize=150%2C150 150w, https:\/\/i0.wp.com\/www.jojoenherbe.com\/wp-content\/uploads\/2021\/10\/Sacrees-Sorcieres-scaled.jpg?zoom=2&amp;resize=150%2C150 300w, https:\/\/i0.wp.com\/www.jojoenherbe.com\/wp-content\/uploads\/2021\/10\/Sacrees-Sorcieres-scaled.jpg?zoom=3&amp;resize=150%2C150 450w\" sizes=\"auto, (max-width: 150px) 100vw, 150px\" \/><\/a><span style=\"text-decoration: underline;\">Sacr\u00e9es Sorci\u00e8res<\/span> de Roald Dahl et illustr\u00e9 par Quentin Blake (\u00e9d. Gallimard Jeunesse, Folio Junior, n\u00b0613, 1990, r\u00e9\u00e9d. 2001, 238 pages), un roman jeunesse \u00e0 partir de 9 ans, paru pour la premi\u00e8re fois en 1983 et que j&rsquo;avais d\u00e9j\u00e0 lu dans ma jeunesse. Un jeune gar\u00e7on orphelin part habiter en\u00a0 Norv\u00e8ge chez sa grand-m\u00e8re qui l&rsquo;initie \u00e0 rep\u00e9rer les sorci\u00e8res qui par nature d\u00e9testent les enfants et dont les plus m\u00e9chantes vivent en Angleterre. Il pense pouvoir vivre loin d&rsquo;elles mais un s\u00e9jour de convalescence pour sa grand-m\u00e8re va tout changer. R\u00e9ussira-t-il \u00e0 \u00e9chapper aux sorci\u00e8res qui se sont r\u00e9unies dans l&rsquo;h\u00f4tel pour leur congr\u00e8s annuel pr\u00e9sid\u00e9 par la Grandissime Sorci\u00e8re? Un tr\u00e8s bon moment de lecture avec ce classique de la litt\u00e9rature jeunesse anglaise rempli de rebondissements loufoques et d&rsquo;humour tout en abordant des th\u00e8mes comme la mort, la maladie et les relations enfant\/adulte!<br \/><\/em><\/p>\n<ul>\n<li style=\"text-align: justify;\"><em>(Roman jeunesse) <span style=\"text-decoration: underline;\"><strong>Winterwood, La for\u00eat des \u00e2mes perdues<\/strong><\/span> de Shea Ernshaw<\/em><\/li>\n<\/ul>\n<p style=\"text-align: justify;\"><em><span style=\"text-decoration: underline;\"><a href=\"https:\/\/i0.wp.com\/www.jojoenherbe.com\/wp-content\/uploads\/2021\/09\/Winterwood-scaled.jpg\"><img data-recalc-dims=\"1\" loading=\"lazy\" decoding=\"async\" data-attachment-id=\"21181\" data-permalink=\"http:\/\/www.jojoenherbe.com\/index.php\/2021\/09\/15\/billet-de-suivi-challenge-halloween-2021\/winterwood\/\" data-orig-file=\"https:\/\/i0.wp.com\/www.jojoenherbe.com\/wp-content\/uploads\/2021\/09\/Winterwood-scaled.jpg?fit=2560%2C2089\" data-orig-size=\"2560,2089\" data-comments-opened=\"1\" data-image-meta=\"{&quot;aperture&quot;:&quot;1.8&quot;,&quot;credit&quot;:&quot;&quot;,&quot;camera&quot;:&quot;iPhone 7&quot;,&quot;caption&quot;:&quot;&quot;,&quot;created_timestamp&quot;:&quot;1633265646&quot;,&quot;copyright&quot;:&quot;&quot;,&quot;focal_length&quot;:&quot;3.99&quot;,&quot;iso&quot;:&quot;100&quot;,&quot;shutter_speed&quot;:&quot;0.16666666666667&quot;,&quot;title&quot;:&quot;&quot;,&quot;orientation&quot;:&quot;1&quot;}\" data-image-title=\"Winterwood\" data-image-description=\"\" data-image-caption=\"\" data-large-file=\"https:\/\/i0.wp.com\/www.jojoenherbe.com\/wp-content\/uploads\/2021\/09\/Winterwood-scaled.jpg?fit=676%2C551\" class=\"size-thumbnail wp-image-21181 alignright\" src=\"https:\/\/i0.wp.com\/www.jojoenherbe.com\/wp-content\/uploads\/2021\/09\/Winterwood.jpg?resize=150%2C150\" alt=\"\" width=\"150\" height=\"150\" srcset=\"https:\/\/i0.wp.com\/www.jojoenherbe.com\/wp-content\/uploads\/2021\/09\/Winterwood-scaled.jpg?resize=150%2C150 150w, https:\/\/i0.wp.com\/www.jojoenherbe.com\/wp-content\/uploads\/2021\/09\/Winterwood-scaled.jpg?zoom=2&amp;resize=150%2C150 300w, https:\/\/i0.wp.com\/www.jojoenherbe.com\/wp-content\/uploads\/2021\/09\/Winterwood-scaled.jpg?zoom=3&amp;resize=150%2C150 450w\" sizes=\"auto, (max-width: 150px) 100vw, 150px\" \/><\/a>Winterwood, La for\u00eat des \u00e2mes perdues<\/span> de Shea Ernshaw (\u00e9d. Rageot, 2020, 399 pages) confirmant mes intuitions sur l\u2019intrigue sentimentale et magique. Descendante d\u2019une lign\u00e9e de sorci\u00e8res et \u00e2g\u00e9e de 17 ans, Nora Walker vient en aide \u00e0 Oliver Huntsman, apr\u00e8s l\u2019avoir d\u00e9couvert dans la neige une nuit de pleine lune dans la sombre for\u00eat de Wicker Woods et alors que celui-ci a disparu depuis 15 jours du camp de redressement, en pleine temp\u00eate hivernale. Les chapitres alternent les points de vue entre Nora et Oliver sous fond de huis-clos oppressant et qui permettent au lecteur de reconstituer les faits de la nuit de la disparition d\u2019Oliver Hunstman. Il y est question \u00e9galement de parcours initiatique, Nora Walker d\u00e9couvrant son pouvoir. <\/em><em>Un bon moment de lecture!<\/em><\/p>\n<ul>\n<li><em>(Roman jeunesse) <span style=\"text-decoration: underline;\"><strong>Sorci\u00e8re Blanche<\/strong><\/span> d\u2019Anne-Marie Desplat-Duc <\/em><\/li>\n<\/ul>\n<p style=\"text-align: justify;\"><em><span style=\"text-decoration: underline;\"><a href=\"https:\/\/i0.wp.com\/www.jojoenherbe.com\/wp-content\/uploads\/2021\/10\/Sorciere-blanche-scaled.jpg\"><img data-recalc-dims=\"1\" loading=\"lazy\" decoding=\"async\" data-attachment-id=\"21384\" data-permalink=\"http:\/\/www.jojoenherbe.com\/index.php\/2021\/10\/12\/point-lecture-hebdomadaire-10\/sorciere-blanche\/\" data-orig-file=\"https:\/\/i0.wp.com\/www.jojoenherbe.com\/wp-content\/uploads\/2021\/10\/Sorciere-blanche-scaled.jpg?fit=2560%2C1920\" data-orig-size=\"2560,1920\" data-comments-opened=\"1\" data-image-meta=\"{&quot;aperture&quot;:&quot;1.8&quot;,&quot;credit&quot;:&quot;&quot;,&quot;camera&quot;:&quot;iPhone 7&quot;,&quot;caption&quot;:&quot;&quot;,&quot;created_timestamp&quot;:&quot;1633610850&quot;,&quot;copyright&quot;:&quot;&quot;,&quot;focal_length&quot;:&quot;3.99&quot;,&quot;iso&quot;:&quot;100&quot;,&quot;shutter_speed&quot;:&quot;0.058823529411765&quot;,&quot;title&quot;:&quot;&quot;,&quot;orientation&quot;:&quot;1&quot;}\" data-image-title=\"Sorci\u00e8re blanche\" data-image-description=\"\" data-image-caption=\"\" data-large-file=\"https:\/\/i0.wp.com\/www.jojoenherbe.com\/wp-content\/uploads\/2021\/10\/Sorciere-blanche-scaled.jpg?fit=676%2C507\" class=\"alignleft size-thumbnail wp-image-21384\" src=\"https:\/\/i0.wp.com\/www.jojoenherbe.com\/wp-content\/uploads\/2021\/10\/Sorciere-blanche.jpg?resize=150%2C150\" alt=\"\" width=\"150\" height=\"150\" srcset=\"https:\/\/i0.wp.com\/www.jojoenherbe.com\/wp-content\/uploads\/2021\/10\/Sorciere-blanche-scaled.jpg?resize=150%2C150 150w, https:\/\/i0.wp.com\/www.jojoenherbe.com\/wp-content\/uploads\/2021\/10\/Sorciere-blanche-scaled.jpg?zoom=2&amp;resize=150%2C150 300w, https:\/\/i0.wp.com\/www.jojoenherbe.com\/wp-content\/uploads\/2021\/10\/Sorciere-blanche-scaled.jpg?zoom=3&amp;resize=150%2C150 450w\" sizes=\"auto, (max-width: 150px) 100vw, 150px\" \/><\/a>Sorci\u00e8re Blanche<\/span> d\u2019Anne-Marie Desplat-Duc (\u00e9d. Rageot, 2006, 221 pages), un roman jeunesse \u00e0 partir de 12 ans pour la th\u00e9matique Wicca, sorcellerie et paganisme. Le roman retrace la vie d\u2019Agathe de Pr\u00e9ault-Aubeterre, de sa naissance \u00e0 son mariage \u00e0 17 ans, au XVIIe si\u00e8cle et de son initiation aux secrets des plantes et de la d\u00e9couverte de son don de gu\u00e9rison (coupeur de feu) aupr\u00e8s d\u2019une vieille gu\u00e9risseuse bretonne puis d\u2019un vieux sage de Saint-Domingue, Zaka, ce qui lui permet d\u2019\u00eatre engag\u00e9e comme assistante d\u2019un apothicaire. <\/em><em>Il y est aussi question de la condition des femmes (et un questionnement autour du mariage qui me rappelle celui de <a href=\"http:\/\/www.jojoenherbe.com\/index.php\/2021\/09\/16\/nos-lectures-la-belle-et-la-bete\/\">La Belle et la B\u00eate<\/a>), du sort des esclaves et des engag\u00e9s (\u00ab\u00a0les 36 mois\u00a0\u00bb) dans les territoires d\u2019Outre-Mer au XVIIe si\u00e8cle.<\/em><\/p>\n<ul>\n<li style=\"text-align: justify;\"><em>(Roman jeunesse) <span style=\"text-decoration: underline;\"><strong>Esther et Mandragore, Une sorci\u00e8re et son chat<\/strong><\/span> de Sophie Dieuaide et Marie-Pierre Oddoux <strong>(T1)<\/strong><\/em><\/li>\n<\/ul>\n<p style=\"text-align: justify;\"><em><a href=\"https:\/\/i0.wp.com\/www.jojoenherbe.com\/wp-content\/uploads\/2021\/09\/Esther-et-Mandragore-T1-scaled.jpg\"><img data-recalc-dims=\"1\" loading=\"lazy\" decoding=\"async\" data-attachment-id=\"21357\" data-permalink=\"http:\/\/www.jojoenherbe.com\/index.php\/2021\/09\/15\/billet-de-suivi-challenge-halloween-2021\/esther-et-mandragore-t1\/\" data-orig-file=\"https:\/\/i0.wp.com\/www.jojoenherbe.com\/wp-content\/uploads\/2021\/09\/Esther-et-Mandragore-T1-scaled.jpg?fit=2560%2C1924\" data-orig-size=\"2560,1924\" data-comments-opened=\"1\" data-image-meta=\"{&quot;aperture&quot;:&quot;1.8&quot;,&quot;credit&quot;:&quot;&quot;,&quot;camera&quot;:&quot;iPhone 7&quot;,&quot;caption&quot;:&quot;&quot;,&quot;created_timestamp&quot;:&quot;1633777093&quot;,&quot;copyright&quot;:&quot;&quot;,&quot;focal_length&quot;:&quot;3.99&quot;,&quot;iso&quot;:&quot;100&quot;,&quot;shutter_speed&quot;:&quot;0.25&quot;,&quot;title&quot;:&quot;&quot;,&quot;orientation&quot;:&quot;1&quot;}\" data-image-title=\"Esther et Mandragore T1\" data-image-description=\"\" data-image-caption=\"\" data-large-file=\"https:\/\/i0.wp.com\/www.jojoenherbe.com\/wp-content\/uploads\/2021\/09\/Esther-et-Mandragore-T1-scaled.jpg?fit=676%2C508\" class=\"size-thumbnail wp-image-21357 alignright\" src=\"https:\/\/i0.wp.com\/www.jojoenherbe.com\/wp-content\/uploads\/2021\/09\/Esther-et-Mandragore-T1.jpg?resize=150%2C150\" alt=\"\" width=\"150\" height=\"150\" srcset=\"https:\/\/i0.wp.com\/www.jojoenherbe.com\/wp-content\/uploads\/2021\/09\/Esther-et-Mandragore-T1-scaled.jpg?resize=150%2C150 150w, https:\/\/i0.wp.com\/www.jojoenherbe.com\/wp-content\/uploads\/2021\/09\/Esther-et-Mandragore-T1-scaled.jpg?zoom=2&amp;resize=150%2C150 300w, https:\/\/i0.wp.com\/www.jojoenherbe.com\/wp-content\/uploads\/2021\/09\/Esther-et-Mandragore-T1-scaled.jpg?zoom=3&amp;resize=150%2C150 450w\" sizes=\"auto, (max-width: 150px) 100vw, 150px\" \/><\/a>Le tome 1 d\u2019<span style=\"text-decoration: underline;\">Esther et Mandragore, Une sorci\u00e8re et son chat<\/span> de Sophie Dieuaide et Marie-Pierre Oddoux (\u00e9d. Talents Hauts, 2016, 125 pages), un roman jeunesse pour les 8\/12 ans. A l\u2019\u00e9cole des Sorci\u00e8res, Esther Fleurdefer, \u00e9l\u00e8ve de premi\u00e8re ann\u00e9e, se voit d\u00e9cerner le premier prix de curiosit\u00e9 lui permettant de se rendre quand elle le souhaite dans l\u2019Autre Monde, chez les Humains avec son chat Mandragore (un familier r\u00e2leur) avec interdiction de se servir de sa magie. C\u2019est ainsi qu\u2019elle va vivre chez la sorci\u00e8re Agatha et qu\u2019elle va aider une petite Zo\u00e9 \u00e0 retrouver son chaton noir Puce. <\/em><em>Il est question d\u2019amiti\u00e9, d\u2019entraide et de l\u2019amour que l\u2019on peut porter \u00e0 son animal de compagnie. Une histoire pour les jeunes lecteurs amateurs de sorcellerie et de chat! <\/em><\/p>\n<p style=\"text-align: justify;\"><em><strong><span style=\"text-decoration: underline;\">Des romans adulte<\/span>:<\/strong><\/em><\/p>\n<ul>\n<li><em>(Cosy Mystery) <strong><span style=\"text-decoration: underline;\">Son espionne royale et les douze crimes de No\u00ebl<\/span><\/strong> de Rhys Bowen (T6)<\/em><\/li>\n<\/ul>\n<p style=\"text-align: justify;\"><em><a href=\"https:\/\/i0.wp.com\/www.jojoenherbe.com\/wp-content\/uploads\/2021\/09\/Son-espionne-royale-T6-scaled.jpg\"><img data-recalc-dims=\"1\" loading=\"lazy\" decoding=\"async\" data-attachment-id=\"20606\" data-permalink=\"http:\/\/www.jojoenherbe.com\/index.php\/2021\/09\/13\/point-lecture-hebdomadaire-6\/son-espionne-royale-t6\/\" data-orig-file=\"https:\/\/i0.wp.com\/www.jojoenherbe.com\/wp-content\/uploads\/2021\/09\/Son-espionne-royale-T6-scaled.jpg?fit=2560%2C2024\" data-orig-size=\"2560,2024\" data-comments-opened=\"1\" data-image-meta=\"{&quot;aperture&quot;:&quot;1.8&quot;,&quot;credit&quot;:&quot;&quot;,&quot;camera&quot;:&quot;iPhone 7&quot;,&quot;caption&quot;:&quot;&quot;,&quot;created_timestamp&quot;:&quot;1631526862&quot;,&quot;copyright&quot;:&quot;&quot;,&quot;focal_length&quot;:&quot;3.99&quot;,&quot;iso&quot;:&quot;100&quot;,&quot;shutter_speed&quot;:&quot;0.14285714285714&quot;,&quot;title&quot;:&quot;&quot;,&quot;orientation&quot;:&quot;1&quot;}\" data-image-title=\"Son espionne royale T6\" data-image-description=\"\" data-image-caption=\"\" data-large-file=\"https:\/\/i0.wp.com\/www.jojoenherbe.com\/wp-content\/uploads\/2021\/09\/Son-espionne-royale-T6-scaled.jpg?fit=676%2C535\" class=\"alignleft size-thumbnail wp-image-20606\" src=\"https:\/\/i0.wp.com\/www.jojoenherbe.com\/wp-content\/uploads\/2021\/09\/Son-espionne-royale-T6.jpg?resize=150%2C150\" alt=\"\" width=\"150\" height=\"150\" srcset=\"https:\/\/i0.wp.com\/www.jojoenherbe.com\/wp-content\/uploads\/2021\/09\/Son-espionne-royale-T6-scaled.jpg?resize=150%2C150 150w, https:\/\/i0.wp.com\/www.jojoenherbe.com\/wp-content\/uploads\/2021\/09\/Son-espionne-royale-T6-scaled.jpg?zoom=2&amp;resize=150%2C150 300w, https:\/\/i0.wp.com\/www.jojoenherbe.com\/wp-content\/uploads\/2021\/09\/Son-espionne-royale-T6-scaled.jpg?zoom=3&amp;resize=150%2C150 450w\" sizes=\"auto, (max-width: 150px) 100vw, 150px\" \/><\/a><span style=\"text-decoration: underline;\">Son espionne royale et les douze crimes de No\u00ebl<\/span> de Rhys Bowen (\u00e9d. Robert Laffont, coll. La b\u00eate noire, 2020, 395 pages). En d\u00e9cembre 1933, pour \u00e9chapper \u00e0 un morne No\u00ebl familial au ch\u00e2teau de Rannoch, Lady Georginia r\u00e9pond \u00e0 une petite annonce d\u2019h\u00f4tesse mondaine pour les festivit\u00e9s traditionnelles organis\u00e9es par Lady Camilla Hawse-Gorzley qui n\u2019est autre que la tante maternelle de Darcy O\u2019Mara. Tout semble sourire \u00e0 Lady Georginia. Mais plusieurs d\u00e9c\u00e8s viennent noircir son soudain bonheur ainsi que l\u2019\u00e9vasion de trois d\u00e9tenus de la prison voisine. Ces d\u00e9c\u00e8s ne sont-ils qu\u2019accidentels et sans rapports les uns les autres? O\u00f9 sont-ils li\u00e9s \u00e0 la mal\u00e9diction de la Lovey qui frappe le village, une sorci\u00e8re revenant \u00e0 chaque No\u00ebl se venger d\u2019avoir \u00e9t\u00e9 br\u00fbl\u00e9e sur le b\u00fbcher dans les ann\u00e9es 1700? Encore une fois une lecture agr\u00e9able et addictive en compagnie de Lady Georginia plus m\u00fbre mais toujours aussi ind\u00e9pendante et obstin\u00e9e, avec cette fois une s\u00e9rie de d\u00e9c\u00e8s dans un petit village anglais pourtant d\u2019ordinaire si paisible sous fond de No\u00ebl traditionnel mais aussi une dose halloweenesque avec une sorci\u00e8re. <br \/><\/em><\/p>\n<ul>\n<li><em>(Roman) <strong><span style=\"text-decoration: underline;\">Les Sorci\u00e8res de Pendle<\/span><\/strong> de Stacey Halls<\/em><\/li>\n<\/ul>\n<p style=\"text-align: justify;\"><em><a href=\"https:\/\/i0.wp.com\/www.jojoenherbe.com\/wp-content\/uploads\/2021\/10\/Les-Sorcieres-de-Pendle-scaled.jpg\"><img data-recalc-dims=\"1\" loading=\"lazy\" decoding=\"async\" data-attachment-id=\"21414\" data-permalink=\"http:\/\/www.jojoenherbe.com\/index.php\/2021\/10\/12\/au-fil-des-pages-avec-les-sorcieres-de-pendle\/les-sorcieres-de-pendle\/\" data-orig-file=\"https:\/\/i0.wp.com\/www.jojoenherbe.com\/wp-content\/uploads\/2021\/10\/Les-Sorcieres-de-Pendle-scaled.jpg?fit=2560%2C1840\" data-orig-size=\"2560,1840\" data-comments-opened=\"1\" data-image-meta=\"{&quot;aperture&quot;:&quot;1.8&quot;,&quot;credit&quot;:&quot;&quot;,&quot;camera&quot;:&quot;iPhone 7&quot;,&quot;caption&quot;:&quot;&quot;,&quot;created_timestamp&quot;:&quot;1631094544&quot;,&quot;copyright&quot;:&quot;&quot;,&quot;focal_length&quot;:&quot;3.99&quot;,&quot;iso&quot;:&quot;80&quot;,&quot;shutter_speed&quot;:&quot;0.14285714285714&quot;,&quot;title&quot;:&quot;&quot;,&quot;orientation&quot;:&quot;1&quot;}\" data-image-title=\"Les Sorci\u00e8res de Pendle\" data-image-description=\"\" data-image-caption=\"\" data-large-file=\"https:\/\/i0.wp.com\/www.jojoenherbe.com\/wp-content\/uploads\/2021\/10\/Les-Sorcieres-de-Pendle-scaled.jpg?fit=676%2C486\" class=\"size-thumbnail wp-image-21414 alignright\" src=\"https:\/\/i0.wp.com\/www.jojoenherbe.com\/wp-content\/uploads\/2021\/10\/Les-Sorcieres-de-Pendle.jpg?resize=150%2C150\" alt=\"\" width=\"150\" height=\"150\" srcset=\"https:\/\/i0.wp.com\/www.jojoenherbe.com\/wp-content\/uploads\/2021\/10\/Les-Sorcieres-de-Pendle-scaled.jpg?resize=150%2C150 150w, https:\/\/i0.wp.com\/www.jojoenherbe.com\/wp-content\/uploads\/2021\/10\/Les-Sorcieres-de-Pendle-scaled.jpg?zoom=2&amp;resize=150%2C150 300w, https:\/\/i0.wp.com\/www.jojoenherbe.com\/wp-content\/uploads\/2021\/10\/Les-Sorcieres-de-Pendle-scaled.jpg?zoom=3&amp;resize=150%2C150 450w\" sizes=\"auto, (max-width: 150px) 100vw, 150px\" \/><\/a><a href=\"https:\/\/www.jojoenherbe.com\/index.php\/2021\/10\/12\/au-fil-des-pages-avec-les-sorcieres-de-pendle\/\"><span style=\"text-decoration: underline;\">Les Sorci\u00e8res de Pendle<\/span><\/a> de Stacey Halls (\u00e9d. Michel Lafon, 2020, 399 pages), un roman historique prenant comme toile de fond le proc\u00e8s\u00a0 de Pendle ayant eu lieu en Angleterre, dans le Lancashire en 1612 et qui rappelle ceux de Salem, aux \u00c9tats-Unis.\u00a0 <\/em><em>Il s\u2019agit avant tout de l\u2019histoire initiatique de Fleetwood Shuttleworth, une jeune ch\u00e2telaine de 17 ans et enceinte pour la quatri\u00e8me fois apr\u00e8s trois fausses couches. Marqu\u00e9e par ces fausses couches qui privent son mari Richard d\u2019h\u00e9ritier, elle pense pouvoir aller cette fois-ci jusqu\u2019\u00e0 son terme gr\u00e2ce \u00e0 l\u2019aide d\u2019Alice Gray, une jeune femme gu\u00e9risseuse, \u00e0 peine plus \u00e2g\u00e9e qu\u2019elle, qu\u2019elle engage comme sage-femme. Mais bient\u00f4t, Alice Gray fait partie d\u2019une chasse aux sorci\u00e8res diligent\u00e9e par un ami des \u00e9poux Shuttleworth, Roger Nowell, ancien haut sheriff qui entend bien impressionner le Roi en faisant condamner le plus possible de sorci\u00e8res lors du proc\u00e8s de Pendle. <\/em><em>Sans aucune magie, il y est question de la condition de la femme au d\u00e9but du XVIIe si\u00e8cle. <\/em><em>Un bon moment de lecture!<\/em><\/p>\n<ul>\n<li><em>(Roman)<\/em> <em><strong><span style=\"text-decoration: underline;\">Le r\u00e9veil des sorci\u00e8res<\/span><\/strong> de St\u00e9phanie Janicot<\/em><\/li>\n<\/ul>\n<p style=\"text-align: justify;\"><em><a href=\"https:\/\/i0.wp.com\/www.jojoenherbe.com\/wp-content\/uploads\/2021\/02\/Le-reveil-des-sorcieres-scaled.jpg\"><img data-recalc-dims=\"1\" loading=\"lazy\" decoding=\"async\" data-attachment-id=\"15649\" data-permalink=\"http:\/\/www.jojoenherbe.com\/index.php\/2021\/11\/05\/au-fil-des-pages-avec-le-reveil-des-sorcieres\/le-reveil-des-sorcieres\/\" data-orig-file=\"https:\/\/i0.wp.com\/www.jojoenherbe.com\/wp-content\/uploads\/2021\/02\/Le-reveil-des-sorcieres-scaled.jpg?fit=2560%2C1609\" data-orig-size=\"2560,1609\" data-comments-opened=\"1\" data-image-meta=\"{&quot;aperture&quot;:&quot;1.8&quot;,&quot;credit&quot;:&quot;&quot;,&quot;camera&quot;:&quot;iPhone 7&quot;,&quot;caption&quot;:&quot;&quot;,&quot;created_timestamp&quot;:&quot;1612782653&quot;,&quot;copyright&quot;:&quot;&quot;,&quot;focal_length&quot;:&quot;3.99&quot;,&quot;iso&quot;:&quot;100&quot;,&quot;shutter_speed&quot;:&quot;0.058823529411765&quot;,&quot;title&quot;:&quot;&quot;,&quot;orientation&quot;:&quot;1&quot;}\" data-image-title=\"Le r\u00e9veil des sorci\u00e8res\" data-image-description=\"\" data-image-caption=\"\" data-large-file=\"https:\/\/i0.wp.com\/www.jojoenherbe.com\/wp-content\/uploads\/2021\/02\/Le-reveil-des-sorcieres-scaled.jpg?fit=676%2C425\" class=\"alignleft size-thumbnail wp-image-15649\" src=\"https:\/\/i0.wp.com\/www.jojoenherbe.com\/wp-content\/uploads\/2021\/02\/Le-reveil-des-sorcieres.jpg?resize=150%2C150\" alt=\"\" width=\"150\" height=\"150\" srcset=\"https:\/\/i0.wp.com\/www.jojoenherbe.com\/wp-content\/uploads\/2021\/02\/Le-reveil-des-sorcieres-scaled.jpg?resize=150%2C150 150w, https:\/\/i0.wp.com\/www.jojoenherbe.com\/wp-content\/uploads\/2021\/02\/Le-reveil-des-sorcieres-scaled.jpg?zoom=2&amp;resize=150%2C150 300w, https:\/\/i0.wp.com\/www.jojoenherbe.com\/wp-content\/uploads\/2021\/02\/Le-reveil-des-sorcieres-scaled.jpg?zoom=3&amp;resize=150%2C150 450w\" sizes=\"auto, (max-width: 150px) 100vw, 150px\" \/><\/a><a href=\"https:\/\/www.jojoenherbe.com\/index.php\/2021\/11\/05\/au-fil-des-pages-avec-le-reveil-des-sorcieres\/\"><span style=\"text-decoration: underline;\">Le r\u00e9veil des sorci\u00e8res<\/span><\/a> de St\u00e9phanie Janicot (\u00e9d. Albin Michel, 2020), un roman policier sous fond de sorcellerie sur les terres bretonnes, du c\u00f4t\u00e9 de Broc\u00e9liande. Apr\u00e8s le d\u00e9c\u00e8s de Diane le Goff, r\u00e9put\u00e9e \u00eatre une femme sorci\u00e8re gu\u00e9risseuse, dans un accident de la circulation, ses deux filles, Viviane \u00e2g\u00e9e de 19 ans et Anne-Sophie surnomm\u00e9e Soann, une adolescente de 13 ans<\/em><em> font appel \u00e0 l\u2019amie d\u2019enfance de leur m\u00e8re d\u00e9c\u00e9d\u00e9e qui vient habiter avec elles. Cette amie \u2013 la narratrice \u2013 se rem\u00e9more alors son amiti\u00e9 avec la d\u00e9funte qu\u2019elle n\u2019avait pas revu depuis un certain temps, depuis son d\u00e9part pour Paris pour \u00eatre romanci\u00e8re. Comment faire son deuil? <\/em><em>L\u2019ambiance des terres bretonnes avec ses l\u00e9gendes celtes et arthuriennes apportent une dimension magique \u00e0 une enqu\u00eate plus classique pour d\u00e9terminer si la mort de Diane \u00e9tait accidentelle ou criminelle. Il y est \u00e9galement question de deuil, de maternit\u00e9, de relations parent\/enfant, de transmission interg\u00e9n\u00e9rationnelle et aussi du pouvoir de l\u2019\u00e9criture. <\/em><em>Un bon moment de lecture notamment \u00e0 travers le personnage de Soann!<\/em><\/p>\n<p style=\"text-align: justify;\"><strong><em><span style=\"text-decoration: underline;\">Des essais\/documentaires jeunesse<\/span>:<\/em><\/strong><\/p>\n<ul style=\"text-align: justify;\">\n<li><em>(Documentaire) <span style=\"text-decoration: underline;\"><strong>Secrets de sorci\u00e8res<\/strong><\/span> de Julie L\u00e9g\u00e8re, Elsa Whyte et Laura P\u00e9rez<\/em><\/li>\n<\/ul>\n<p style=\"text-align: justify;\"><em><a href=\"https:\/\/i0.wp.com\/www.jojoenherbe.com\/wp-content\/uploads\/2021\/10\/Secrets-de-sorcieres-scaled.jpg\"><img data-recalc-dims=\"1\" loading=\"lazy\" decoding=\"async\" data-attachment-id=\"21621\" data-permalink=\"http:\/\/www.jojoenherbe.com\/index.php\/2021\/10\/18\/point-lecture-hebdomadaire-11\/secrets-de-sorcieres\/\" data-orig-file=\"https:\/\/i0.wp.com\/www.jojoenherbe.com\/wp-content\/uploads\/2021\/10\/Secrets-de-sorcieres-scaled.jpg?fit=2560%2C1955\" data-orig-size=\"2560,1955\" data-comments-opened=\"1\" data-image-meta=\"{&quot;aperture&quot;:&quot;1.8&quot;,&quot;credit&quot;:&quot;&quot;,&quot;camera&quot;:&quot;iPhone 7&quot;,&quot;caption&quot;:&quot;&quot;,&quot;created_timestamp&quot;:&quot;1634378537&quot;,&quot;copyright&quot;:&quot;&quot;,&quot;focal_length&quot;:&quot;3.99&quot;,&quot;iso&quot;:&quot;100&quot;,&quot;shutter_speed&quot;:&quot;0.11111111111111&quot;,&quot;title&quot;:&quot;&quot;,&quot;orientation&quot;:&quot;1&quot;}\" data-image-title=\"Secrets de sorci\u00e8res\" data-image-description=\"\" data-image-caption=\"\" data-large-file=\"https:\/\/i0.wp.com\/www.jojoenherbe.com\/wp-content\/uploads\/2021\/10\/Secrets-de-sorcieres-scaled.jpg?fit=676%2C516\" class=\"size-thumbnail wp-image-21621 alignright\" src=\"https:\/\/i0.wp.com\/www.jojoenherbe.com\/wp-content\/uploads\/2021\/10\/Secrets-de-sorcieres.jpg?resize=150%2C150\" alt=\"\" width=\"150\" height=\"150\" srcset=\"https:\/\/i0.wp.com\/www.jojoenherbe.com\/wp-content\/uploads\/2021\/10\/Secrets-de-sorcieres-scaled.jpg?resize=150%2C150 150w, https:\/\/i0.wp.com\/www.jojoenherbe.com\/wp-content\/uploads\/2021\/10\/Secrets-de-sorcieres-scaled.jpg?zoom=2&amp;resize=150%2C150 300w, https:\/\/i0.wp.com\/www.jojoenherbe.com\/wp-content\/uploads\/2021\/10\/Secrets-de-sorcieres-scaled.jpg?zoom=3&amp;resize=150%2C150 450w\" sizes=\"auto, (max-width: 150px) 100vw, 150px\" \/><\/a>Lors du Halloween cosy RAT, j&rsquo;ai lu <span style=\"text-decoration: underline;\">Secrets de sorci\u00e8res, Une initiation \u00e0 notre histoire et \u00e0 no savoirs<\/span> de Julie L\u00e9g\u00e8re, Elsa Whyte et Laura P\u00e9rez (\u00e9d. de la Martini\u00e8re Jeunesse, 2019, 77 pages), un livre entre documentaire et manuel pour toute apprentie sorci\u00e8re en reprenant les grandes figures de la sorci\u00e8re.<\/em><\/p>\n<ul style=\"text-align: justify;\">\n<li><em>(Documentaire) <span style=\"text-decoration: underline;\"><strong>Sorci\u00e8res!<\/strong><\/span> de Pauline Duclos-Grenet<\/em><\/li>\n<\/ul>\n<p style=\"text-align: justify;\"><em><a href=\"https:\/\/i0.wp.com\/www.jojoenherbe.com\/wp-content\/uploads\/2021\/10\/Sorcieres-scaled.jpg\"><img data-recalc-dims=\"1\" loading=\"lazy\" decoding=\"async\" data-attachment-id=\"21622\" data-permalink=\"http:\/\/www.jojoenherbe.com\/index.php\/2021\/10\/18\/point-lecture-hebdomadaire-11\/sorcieres\/\" data-orig-file=\"https:\/\/i0.wp.com\/www.jojoenherbe.com\/wp-content\/uploads\/2021\/10\/Sorcieres-scaled.jpg?fit=2560%2C1767\" data-orig-size=\"2560,1767\" data-comments-opened=\"1\" data-image-meta=\"{&quot;aperture&quot;:&quot;1.8&quot;,&quot;credit&quot;:&quot;&quot;,&quot;camera&quot;:&quot;iPhone 7&quot;,&quot;caption&quot;:&quot;&quot;,&quot;created_timestamp&quot;:&quot;1634039793&quot;,&quot;copyright&quot;:&quot;&quot;,&quot;focal_length&quot;:&quot;3.99&quot;,&quot;iso&quot;:&quot;100&quot;,&quot;shutter_speed&quot;:&quot;0.14285714285714&quot;,&quot;title&quot;:&quot;&quot;,&quot;orientation&quot;:&quot;1&quot;}\" data-image-title=\"Sorci\u00e8res!\" data-image-description=\"\" data-image-caption=\"\" data-large-file=\"https:\/\/i0.wp.com\/www.jojoenherbe.com\/wp-content\/uploads\/2021\/10\/Sorcieres-scaled.jpg?fit=676%2C467\" class=\"alignleft size-thumbnail wp-image-21622\" src=\"https:\/\/i0.wp.com\/www.jojoenherbe.com\/wp-content\/uploads\/2021\/10\/Sorcieres.jpg?resize=150%2C150\" alt=\"\" width=\"150\" height=\"150\" srcset=\"https:\/\/i0.wp.com\/www.jojoenherbe.com\/wp-content\/uploads\/2021\/10\/Sorcieres-scaled.jpg?resize=150%2C150 150w, https:\/\/i0.wp.com\/www.jojoenherbe.com\/wp-content\/uploads\/2021\/10\/Sorcieres-scaled.jpg?zoom=2&amp;resize=150%2C150 300w, https:\/\/i0.wp.com\/www.jojoenherbe.com\/wp-content\/uploads\/2021\/10\/Sorcieres-scaled.jpg?zoom=3&amp;resize=150%2C150 450w\" sizes=\"auto, (max-width: 150px) 100vw, 150px\" \/><\/a>J&rsquo;ai \u00e9galement lu <span style=\"text-decoration: underline;\">Sorci\u00e8res! Une histoire des sorci\u00e8res \u00e0 travers l\u2019Art<\/span> de Pauline Duclos-Grenet (\u00e9d. Seuil Jeunesse, 2020, 61 pages), un documentaire qui d\u00e9crypte 25 \u0153uvres d\u2019art \u00e0 travers la repr\u00e9sentation de la sorci\u00e8re \u00e0 travers les si\u00e8cles, que ce soit la sorci\u00e8re gu\u00e9risseuse, la sorci\u00e8re sachante qui conna\u00eet les plantes m\u00e9dicinales, la femme pratiquant la magie noire, verte ou blanche par exemple, ce qui en dit long \u00e9galement sur la condition de la femme \u00e0 travers les si\u00e8cles.<br \/><\/em><\/p>\n<p><em><strong><span style=\"text-decoration: underline;\">Des BD\/romans graphiques adulte<\/span>:<\/strong><\/em><\/p>\n<ul>\n<li><em>(BD adulte) <span style=\"text-decoration: underline;\"><strong>Les filles de Salem<\/strong><\/span> de Thomas Gilbert<\/em><\/li>\n<\/ul>\n<p style=\"text-align: justify;\"><em><span style=\"text-decoration: underline;\"><a href=\"https:\/\/i0.wp.com\/www.jojoenherbe.com\/wp-content\/uploads\/2021\/09\/Les-filles-de-Salem-scaled.jpg\"><img data-recalc-dims=\"1\" loading=\"lazy\" decoding=\"async\" data-attachment-id=\"21332\" data-permalink=\"http:\/\/www.jojoenherbe.com\/index.php\/2021\/09\/15\/billet-de-suivi-challenge-halloween-2021\/les-filles-de-salem\/\" data-orig-file=\"https:\/\/i0.wp.com\/www.jojoenherbe.com\/wp-content\/uploads\/2021\/09\/Les-filles-de-Salem-scaled.jpg?fit=2560%2C1920\" data-orig-size=\"2560,1920\" data-comments-opened=\"1\" data-image-meta=\"{&quot;aperture&quot;:&quot;1.8&quot;,&quot;credit&quot;:&quot;&quot;,&quot;camera&quot;:&quot;iPhone 7&quot;,&quot;caption&quot;:&quot;&quot;,&quot;created_timestamp&quot;:&quot;1633688756&quot;,&quot;copyright&quot;:&quot;&quot;,&quot;focal_length&quot;:&quot;3.99&quot;,&quot;iso&quot;:&quot;100&quot;,&quot;shutter_speed&quot;:&quot;0.076923076923077&quot;,&quot;title&quot;:&quot;&quot;,&quot;orientation&quot;:&quot;1&quot;}\" data-image-title=\"Les filles de Salem\" data-image-description=\"\" data-image-caption=\"\" data-large-file=\"https:\/\/i0.wp.com\/www.jojoenherbe.com\/wp-content\/uploads\/2021\/09\/Les-filles-de-Salem-scaled.jpg?fit=676%2C507\" class=\"size-thumbnail wp-image-21332 alignright\" src=\"https:\/\/i0.wp.com\/www.jojoenherbe.com\/wp-content\/uploads\/2021\/09\/Les-filles-de-Salem.jpg?resize=150%2C150\" alt=\"\" width=\"150\" height=\"150\" srcset=\"https:\/\/i0.wp.com\/www.jojoenherbe.com\/wp-content\/uploads\/2021\/09\/Les-filles-de-Salem-scaled.jpg?resize=150%2C150 150w, https:\/\/i0.wp.com\/www.jojoenherbe.com\/wp-content\/uploads\/2021\/09\/Les-filles-de-Salem-scaled.jpg?zoom=2&amp;resize=150%2C150 300w, https:\/\/i0.wp.com\/www.jojoenherbe.com\/wp-content\/uploads\/2021\/09\/Les-filles-de-Salem-scaled.jpg?zoom=3&amp;resize=150%2C150 450w\" sizes=\"auto, (max-width: 150px) 100vw, 150px\" \/><\/a>Les filles de Salem, Comment nous avons condamn\u00e9 nos enfants<\/span> de Thomas Gilbert (\u00e9d. Dargaud, 2018, 198 pages), une BD adulte<\/em><em>. Une jeune fille de 14 ans, Abigail Hobbs est accus\u00e9e de sorcellerie avec une centaine d\u2019autres filles et femmes de son village sous la pression du r\u00e9v\u00e9rend Samuel Parris. Entre attaques des Indiens Wabanaki et mauvaises r\u00e9coltes, le mal semble se r\u00e9pandre au sein de la petite communaut\u00e9 de Salem Village. Serait-ce le fait de sorci\u00e8res sous l\u2019emprise du Malin? Qui survivra \u00e0 la s\u00e9rie de pendaisons annonc\u00e9e? <\/em><em>Thomas Gilbert s\u2019inspire tr\u00e8s librement des proc\u00e8s des sorci\u00e8res de Salem en 1692. <br \/><\/em><\/p>\n<ul>\n<li style=\"text-align: justify;\"><em>(Roman graphique)<\/em> <em><strong><span style=\"text-decoration: underline;\">L\u2019homme gribouill\u00e9<\/span><\/strong> de Serge Lehman et Frederik Peeters<\/em><\/li>\n<\/ul>\n<p style=\"text-align: justify;\"><em><a href=\"https:\/\/i0.wp.com\/www.jojoenherbe.com\/wp-content\/uploads\/2021\/08\/Lhomme-gribouille-scaled.jpg\"><img data-recalc-dims=\"1\" loading=\"lazy\" decoding=\"async\" data-attachment-id=\"20256\" data-permalink=\"http:\/\/www.jojoenherbe.com\/index.php\/2021\/08\/17\/point-lecture-hebdomadaire-2\/lhomme-gribouille\/\" data-orig-file=\"https:\/\/i0.wp.com\/www.jojoenherbe.com\/wp-content\/uploads\/2021\/08\/Lhomme-gribouille-scaled.jpg?fit=2560%2C1805\" data-orig-size=\"2560,1805\" data-comments-opened=\"1\" data-image-meta=\"{&quot;aperture&quot;:&quot;1.8&quot;,&quot;credit&quot;:&quot;&quot;,&quot;camera&quot;:&quot;iPhone 7&quot;,&quot;caption&quot;:&quot;&quot;,&quot;created_timestamp&quot;:&quot;1628938157&quot;,&quot;copyright&quot;:&quot;&quot;,&quot;focal_length&quot;:&quot;3.99&quot;,&quot;iso&quot;:&quot;100&quot;,&quot;shutter_speed&quot;:&quot;0.16666666666667&quot;,&quot;title&quot;:&quot;&quot;,&quot;orientation&quot;:&quot;1&quot;}\" data-image-title=\"L&amp;rsquo;homme gribouill\u00e9\" data-image-description=\"\" data-image-caption=\"\" data-large-file=\"https:\/\/i0.wp.com\/www.jojoenherbe.com\/wp-content\/uploads\/2021\/08\/Lhomme-gribouille-scaled.jpg?fit=676%2C477\" class=\"alignleft size-thumbnail wp-image-20256\" src=\"https:\/\/i0.wp.com\/www.jojoenherbe.com\/wp-content\/uploads\/2021\/08\/Lhomme-gribouille.jpg?resize=150%2C150\" alt=\"\" width=\"150\" height=\"150\" srcset=\"https:\/\/i0.wp.com\/www.jojoenherbe.com\/wp-content\/uploads\/2021\/08\/Lhomme-gribouille-scaled.jpg?resize=150%2C150 150w, https:\/\/i0.wp.com\/www.jojoenherbe.com\/wp-content\/uploads\/2021\/08\/Lhomme-gribouille-scaled.jpg?zoom=2&amp;resize=150%2C150 300w, https:\/\/i0.wp.com\/www.jojoenherbe.com\/wp-content\/uploads\/2021\/08\/Lhomme-gribouille-scaled.jpg?zoom=3&amp;resize=150%2C150 450w\" sizes=\"auto, (max-width: 150px) 100vw, 150px\" \/><\/a><span style=\"text-decoration: underline;\">L\u2019homme gribouill\u00e9<\/span> de Serge Lehman et Frederik Peeters (\u00e9d. Delcourt, 2018), un roman graphique surprenant <\/em><em>sur la vie de la famille Couvreur (la grand-m\u00e8re Maud, la m\u00e8re Betty souffrant d\u2019aphasie et sa fille adolescente Clara) vivant dans un Paris pluvieux et ayant affaire \u00e0 un myst\u00e9rieux et inqui\u00e9tant individu habill\u00e9 en corbeau, Max Corbeau. M\u00e8re et fille partent alors dans un voyage \u00e0 la recherche de leurs origines pour tenter de comprendre ce qui se passe, en attendant que Maud sorte du coma. Avec des illustrations en noir et blanc, l\u2019intrigue m\u00e9lange secrets de famille, Histoire, croyances religieuses et fantastique avec du suspense savamment dos\u00e9 rendant la lecture prenante.<\/em><\/p>\n<div style=\"width: 121px\" class=\"wp-caption aligncenter\"><img loading=\"lazy\" decoding=\"async\" data-attachment-id=\"2740\" data-permalink=\"http:\/\/www.jojoenherbe.com\/index.php\/2011\/08\/30\/tour-du-mont-bego-bis-repetita-placent\/tour-du-mont-bego-24-2\/\" data-orig-file=\"https:\/\/i0.wp.com\/www.jojoenherbe.com\/wp-content\/uploads\/2011\/08\/Tour-du-Mont-Bego-24.jpg?fit=2048%2C1536\" data-orig-size=\"2048,1536\" data-comments-opened=\"1\" data-image-meta=\"{&quot;aperture&quot;:&quot;7.6&quot;,&quot;credit&quot;:&quot;&quot;,&quot;camera&quot;:&quot;COOLPIX S5100&quot;,&quot;caption&quot;:&quot;&quot;,&quot;created_timestamp&quot;:&quot;1314438064&quot;,&quot;copyright&quot;:&quot;&quot;,&quot;focal_length&quot;:&quot;5&quot;,&quot;iso&quot;:&quot;100&quot;,&quot;shutter_speed&quot;:&quot;0.004&quot;,&quot;title&quot;:&quot;&quot;,&quot;orientation&quot;:&quot;1&quot;}\" data-image-title=\"Tour du Mont Bego 24\" data-image-description=\"\" data-image-caption=\"\" data-large-file=\"https:\/\/i0.wp.com\/www.jojoenherbe.com\/wp-content\/uploads\/2011\/08\/Tour-du-Mont-Bego-24.jpg?fit=676%2C507\" src=\"https:\/\/lelivroblog.files.wordpress.com\/2021\/09\/marko-blazevic-s7mangnwv1a-unsplash-04.jpg?resize=111%2C111\" srcset=\"https:\/\/lelivroblog.files.wordpress.com\/2021\/09\/marko-blazevic-s7mangnwv1a-unsplash-04.jpg?resize=111%2C111?strip=info&amp;w=600 600w,https:\/\/lelivroblog.files.wordpress.com\/2021\/09\/marko-blazevic-s7mangnwv1a-unsplash-04.jpg?resize=111%2C111?strip=info&amp;w=900 900w,https:\/\/lelivroblog.files.wordpress.com\/2021\/09\/marko-blazevic-s7mangnwv1a-unsplash-04.jpg?resize=111%2C111?strip=info&amp;w=1200 1200w,https:\/\/lelivroblog.files.wordpress.com\/2021\/09\/marko-blazevic-s7mangnwv1a-unsplash-04.jpg?resize=111%2C111?strip=info&amp;w=1500 1500w,https:\/\/lelivroblog.files.wordpress.com\/2021\/09\/marko-blazevic-s7mangnwv1a-unsplash-04.jpg?resize=111%2C111?strip=info&amp;w=1800 1800w,https:\/\/lelivroblog.files.wordpress.com\/2021\/09\/marko-blazevic-s7mangnwv1a-unsplash-04.jpg?resize=111%2C111?strip=info&amp;w=2000 2000w\" alt=\"\" width=\"111\" height=\"111\" data-attachment-id=\"2740\" data-permalink=\"https:\/\/www.jojoenherbe.com\/index.php\/2011\/08\/30\/tour-du-mont-bego-bis-repetita-placent\/tour-du-mont-bego-24-2\/\" data-orig-file=\"https:\/\/i0.wp.com\/www.jojoenherbe.com\/wp-content\/uploads\/2011\/08\/Tour-du-Mont-Bego-24.jpg?fit=2048%2C1536&amp;ssl=1\" data-orig-size=\"2048,1536\" data-comments-opened=\"1\" data-image-meta=\"{&quot;aperture&quot;:&quot;7.6&quot;,&quot;credit&quot;:&quot;&quot;,&quot;camera&quot;:&quot;COOLPIX S5100&quot;,&quot;caption&quot;:&quot;&quot;,&quot;created_timestamp&quot;:&quot;1314438064&quot;,&quot;copyright&quot;:&quot;&quot;,&quot;focal_length&quot;:&quot;5&quot;,&quot;iso&quot;:&quot;100&quot;,&quot;shutter_speed&quot;:&quot;0.004&quot;,&quot;title&quot;:&quot;&quot;,&quot;orientation&quot;:&quot;1&quot;}\" data-image-title=\"Tour du Mont Bego 24\" data-image-description=\"\" data-image-caption=\"\" data-medium-file=\"https:\/\/i0.wp.com\/www.jojoenherbe.com\/wp-content\/uploads\/2011\/08\/Tour-du-Mont-Bego-24.jpg?fit=300%2C225&amp;ssl=1\" data-large-file=\"https:\/\/i0.wp.com\/www.jojoenherbe.com\/wp-content\/uploads\/2011\/08\/Tour-du-Mont-Bego-24.jpg?fit=676%2C507&amp;ssl=1\" data-height=\"2995\" data-id=\"2740\" data-link=\"https:\/\/lelivroblog.wordpress.com\/?attachment_id=2740\" data-url=\"https:\/\/lelivroblog.files.wordpress.com\/2021\/09\/marko-blazevic-s7mangnwv1a-unsplash-04.jpg?resize=111%2C111?w=736\" data-width=\"2996\" data-amp-layout=\"responsive\" data-recalc-dims=\"1\" \/><p class=\"wp-caption-text\">Participation #29 au Challenge Halloween 2021 de <a href=\"https:\/\/lelivroblog.wordpress.com\/2021\/09\/07\/le-challenge-halloween-2021\/\">Hilde<\/a> et <a href=\"http:\/\/www.myloubook.com\/2021\/09\/07\/le-challenge-halloween-2021\/\">Lou<\/a> #Cases 1 et 25 du bingo<\/p><\/div>\n<p>\u00a0<\/p>\n\n\n<p><\/p>\n","protected":false},"excerpt":{"rendered":"<p>J&rsquo;avais pr\u00e9vu de nombreuses lectures sur la th\u00e9matique \u00ab\u00a0Sorci\u00e8res\u00a0\u00bb et j&rsquo;ai eu envie de les regrouper, comme l&rsquo;ann\u00e9e derni\u00e8re, sous un billet commun. Alors voici notre s\u00e9lection \u00ab\u00a0Sorci\u00e8res\u00a0\u00bb qui a \u00e9volu\u00e9 au-fur-et-\u00e0-mesure de nos lectures de cette nouvelle \u00e9dition du Challenge Halloween organis\u00e9 par Hilde et Lou. Au passage, je coche la case 1 \u00ab\u00a0Sorci\u00e8res\u00a0\u00bb [&hellip;]<\/p>\n","protected":false},"author":1,"featured_media":20999,"comment_status":"open","ping_status":"open","sticky":false,"template":"","format":"standard","meta":{"jetpack_post_was_ever_published":false,"_jetpack_newsletter_access":"","_jetpack_dont_email_post_to_subs":false,"_jetpack_newsletter_tier_id":0,"_jetpack_memberships_contains_paywalled_content":false,"_jetpack_memberships_contains_paid_content":false,"footnotes":""},"categories":[363],"tags":[409,2087,1226,2822,485,339,1797,2820,2821,2819,2088,905,789,2612,854,340],"class_list":["post-20696","post","type-post","status-publish","format-standard","has-post-thumbnail","hentry","category-mini-lecteur","tag-albums-jeunesse","tag-bd-adulte","tag-bd-jeunesse","tag-chasse-aux-sorcieres","tag-contes-detournes","tag-halloween","tag-lectures-dhalloween","tag-magie-blanche","tag-magie-noire","tag-magie-verte","tag-roman-graphique","tag-romans-adulte","tag-romans-jeunesse","tag-romans-junior","tag-sorcellerie","tag-sorciere","post-preview"],"jetpack_featured_media_url":"https:\/\/i0.wp.com\/www.jojoenherbe.com\/wp-content\/uploads\/2021\/09\/Selection-Sorcieres-2-scaled.jpg?fit=2560%2C1350","jetpack_sharing_enabled":true,"jetpack_shortlink":"https:\/\/wp.me\/p9zhGx-5nO","jetpack_likes_enabled":true,"jetpack-related-posts":[{"id":21683,"url":"http:\/\/www.jojoenherbe.com\/index.php\/2021\/10\/20\/au-fil-des-pages-avec-la-petite-sorciere-et-la-foret-noire\/","url_meta":{"origin":20696,"position":0},"title":"Au fil des pages avec La petite sorci\u00e8re et la for\u00eat noire","author":"Jojo","date":"20 octobre 2021","format":false,"excerpt":"Lors du Halloween cosy RAT, nous avons lu La petite sorci\u00e8re et la for\u00eat noire de Chiaki Okada et Mutsumi Ishii (\u00e9d. Seuil Jeunesse, 2021), un album jeunesse \u00e0 partir de 3 ans et que j'avais rep\u00e9r\u00e9 bien avant sa parution, appr\u00e9ciant particuli\u00e8rement le travail de cette illustratrice. Par une\u2026","rel":"","context":"Dans &quot;Mini lecteur&quot;","block_context":{"text":"Mini lecteur","link":"http:\/\/www.jojoenherbe.com\/index.php\/category\/mini-lecteur\/"},"img":{"alt_text":"","src":"https:\/\/i0.wp.com\/www.jojoenherbe.com\/wp-content\/uploads\/2021\/10\/La-petite-sorciere-et-la-foret-noire-3-scaled.jpg?fit=1200%2C900&resize=350%2C200","width":350,"height":200,"srcset":"https:\/\/i0.wp.com\/www.jojoenherbe.com\/wp-content\/uploads\/2021\/10\/La-petite-sorciere-et-la-foret-noire-3-scaled.jpg?fit=1200%2C900&resize=350%2C200 1x, https:\/\/i0.wp.com\/www.jojoenherbe.com\/wp-content\/uploads\/2021\/10\/La-petite-sorciere-et-la-foret-noire-3-scaled.jpg?fit=1200%2C900&resize=525%2C300 1.5x, https:\/\/i0.wp.com\/www.jojoenherbe.com\/wp-content\/uploads\/2021\/10\/La-petite-sorciere-et-la-foret-noire-3-scaled.jpg?fit=1200%2C900&resize=700%2C400 2x, https:\/\/i0.wp.com\/www.jojoenherbe.com\/wp-content\/uploads\/2021\/10\/La-petite-sorciere-et-la-foret-noire-3-scaled.jpg?fit=1200%2C900&resize=1050%2C600 3x"},"classes":[]},{"id":12274,"url":"http:\/\/www.jojoenherbe.com\/index.php\/2020\/09\/15\/ptit-recap-du-challenge-halloween-2020\/","url_meta":{"origin":20696,"position":1},"title":"Billet de suivi: Challenge Halloween 2020","author":"Jojo","date":"15 septembre 2020","format":false,"excerpt":"Comme l'ann\u00e9e derni\u00e8re, je participe du 15 septembre au 15 d\u00e9cembre 2020 au Challenge Halloween organis\u00e9 par Hilde et Lou. D\u00e8s le 15 septembre, elles ouvrent les portes de leur manoir pour deux mois halloweenesques. le challenge commence en douceur par un d\u00e9poussi\u00e9rage de PAL et premi\u00e8res suggestions et ambiances\u2026","rel":"","context":"Dans &quot;Mini challenger&quot;","block_context":{"text":"Mini challenger","link":"http:\/\/www.jojoenherbe.com\/index.php\/category\/mini-challenger\/"},"img":{"alt_text":"","src":"https:\/\/i0.wp.com\/www.jojoenherbe.com\/wp-content\/uploads\/2020\/09\/Challenge-Halloween-2020-scaled.jpg?fit=1200%2C1187&resize=350%2C200","width":350,"height":200,"srcset":"https:\/\/i0.wp.com\/www.jojoenherbe.com\/wp-content\/uploads\/2020\/09\/Challenge-Halloween-2020-scaled.jpg?fit=1200%2C1187&resize=350%2C200 1x, https:\/\/i0.wp.com\/www.jojoenherbe.com\/wp-content\/uploads\/2020\/09\/Challenge-Halloween-2020-scaled.jpg?fit=1200%2C1187&resize=525%2C300 1.5x, https:\/\/i0.wp.com\/www.jojoenherbe.com\/wp-content\/uploads\/2020\/09\/Challenge-Halloween-2020-scaled.jpg?fit=1200%2C1187&resize=700%2C400 2x, https:\/\/i0.wp.com\/www.jojoenherbe.com\/wp-content\/uploads\/2020\/09\/Challenge-Halloween-2020-scaled.jpg?fit=1200%2C1187&resize=1050%2C600 3x"},"classes":[]},{"id":12580,"url":"http:\/\/www.jojoenherbe.com\/index.php\/2020\/10\/01\/notre-selection-sorcieres-pour-le-challenge-halloween\/","url_meta":{"origin":20696,"position":2},"title":"Notre s\u00e9lection \u00ab\u00a0Sorci\u00e8res\u00a0\u00bb pour le Challenge Halloween","author":"Jojo","date":"1 octobre 2020","format":false,"excerpt":"Ce 1er octobre 2020, Hilde, Grande Sorci\u00e8re et coorganisatrice du Challenge Halloween pour sa 11\u00e8me \u00e9dition, a propos\u00e9 une superbe actualisation de son billet sp\u00e9cial Sorci\u00e8re et nous propose d'en faire un \u00e0 notre tour. Sit\u00f4t vu sit\u00f4t fait d'autant que cette ann\u00e9e j'ai d\u00e9j\u00e0 mis dans notre PAL de\u2026","rel":"","context":"Dans &quot;Mini challenger&quot;","block_context":{"text":"Mini challenger","link":"http:\/\/www.jojoenherbe.com\/index.php\/category\/mini-challenger\/"},"img":{"alt_text":"","src":"https:\/\/i0.wp.com\/www.jojoenherbe.com\/wp-content\/uploads\/2020\/10\/Billet-Sorciere-scaled.jpg?fit=1200%2C947&resize=350%2C200","width":350,"height":200,"srcset":"https:\/\/i0.wp.com\/www.jojoenherbe.com\/wp-content\/uploads\/2020\/10\/Billet-Sorciere-scaled.jpg?fit=1200%2C947&resize=350%2C200 1x, https:\/\/i0.wp.com\/www.jojoenherbe.com\/wp-content\/uploads\/2020\/10\/Billet-Sorciere-scaled.jpg?fit=1200%2C947&resize=525%2C300 1.5x, https:\/\/i0.wp.com\/www.jojoenherbe.com\/wp-content\/uploads\/2020\/10\/Billet-Sorciere-scaled.jpg?fit=1200%2C947&resize=700%2C400 2x, https:\/\/i0.wp.com\/www.jojoenherbe.com\/wp-content\/uploads\/2020\/10\/Billet-Sorciere-scaled.jpg?fit=1200%2C947&resize=1050%2C600 3x"},"classes":[]},{"id":12829,"url":"http:\/\/www.jojoenherbe.com\/index.php\/2020\/10\/28\/au-fil-des-pages-avec-le-tome-1-de-sorcieres-sorcieres\/","url_meta":{"origin":20696,"position":3},"title":"Au fil des pages avec le tome 1 de Sorci\u00e8res Sorci\u00e8res","author":"Jojo","date":"28 octobre 2020","format":false,"excerpt":"J'emprunte \u00e0 la m\u00e9diath\u00e8que le tome 1 de Sorci\u00e8res Sorci\u00e8res, Le myst\u00e8re du jeteur de sorts de Joris Chamblain et Lucile Thibaudier (\u00e9d. Kennes, 2014), une BD jeunesse \u00e0 partir de 6 ans. A Pamprelune, vivent de gentils sorciers dont la famille d'Harmonie et de Miette, deux s\u0153urs tr\u00e8s unies.\u2026","rel":"","context":"Dans &quot;Mini lecteur&quot;","block_context":{"text":"Mini lecteur","link":"http:\/\/www.jojoenherbe.com\/index.php\/category\/mini-lecteur\/"},"img":{"alt_text":"","src":"https:\/\/i0.wp.com\/www.jojoenherbe.com\/wp-content\/uploads\/2020\/10\/Sorcieres-Sorcieres-T1-scaled.jpg?fit=1200%2C900&resize=350%2C200","width":350,"height":200,"srcset":"https:\/\/i0.wp.com\/www.jojoenherbe.com\/wp-content\/uploads\/2020\/10\/Sorcieres-Sorcieres-T1-scaled.jpg?fit=1200%2C900&resize=350%2C200 1x, https:\/\/i0.wp.com\/www.jojoenherbe.com\/wp-content\/uploads\/2020\/10\/Sorcieres-Sorcieres-T1-scaled.jpg?fit=1200%2C900&resize=525%2C300 1.5x, https:\/\/i0.wp.com\/www.jojoenherbe.com\/wp-content\/uploads\/2020\/10\/Sorcieres-Sorcieres-T1-scaled.jpg?fit=1200%2C900&resize=700%2C400 2x, https:\/\/i0.wp.com\/www.jojoenherbe.com\/wp-content\/uploads\/2020\/10\/Sorcieres-Sorcieres-T1-scaled.jpg?fit=1200%2C900&resize=1050%2C600 3x"},"classes":[]},{"id":12627,"url":"http:\/\/www.jojoenherbe.com\/index.php\/2020\/10\/03\/au-fil-des-pages-avec-baguette-magique-et-chapeau-pointu\/","url_meta":{"origin":20696,"position":4},"title":"Au fil des pages avec Baguette magique et chapeau pointu","author":"Jojo","date":"3 octobre 2020","format":false,"excerpt":"Nous empruntons \u00e0 la m\u00e9diath\u00e8que Baguette magique et chapeau pointu d\u2019Eva Montanari (\u00e9d. Milan Jeunesse, 2008), un album jeunesse \u00e0 partir de 3 ans. La nuit, dans les bois, il y a d'un c\u00f4t\u00e9 les f\u00e9es et leurs souris et de l'autre c\u00f4t\u00e9 les sorci\u00e8res et leurs chats. Chaque groupe\u2026","rel":"","context":"Dans &quot;Mini lecteur&quot;","block_context":{"text":"Mini lecteur","link":"http:\/\/www.jojoenherbe.com\/index.php\/category\/mini-lecteur\/"},"img":{"alt_text":"","src":"https:\/\/i0.wp.com\/www.jojoenherbe.com\/wp-content\/uploads\/2020\/10\/Baguette-magique-et-chapeau-pointu-1-scaled.jpg?fit=1200%2C900&resize=350%2C200","width":350,"height":200,"srcset":"https:\/\/i0.wp.com\/www.jojoenherbe.com\/wp-content\/uploads\/2020\/10\/Baguette-magique-et-chapeau-pointu-1-scaled.jpg?fit=1200%2C900&resize=350%2C200 1x, https:\/\/i0.wp.com\/www.jojoenherbe.com\/wp-content\/uploads\/2020\/10\/Baguette-magique-et-chapeau-pointu-1-scaled.jpg?fit=1200%2C900&resize=525%2C300 1.5x, https:\/\/i0.wp.com\/www.jojoenherbe.com\/wp-content\/uploads\/2020\/10\/Baguette-magique-et-chapeau-pointu-1-scaled.jpg?fit=1200%2C900&resize=700%2C400 2x, https:\/\/i0.wp.com\/www.jojoenherbe.com\/wp-content\/uploads\/2020\/10\/Baguette-magique-et-chapeau-pointu-1-scaled.jpg?fit=1200%2C900&resize=1050%2C600 3x"},"classes":[]},{"id":13472,"url":"http:\/\/www.jojoenherbe.com\/index.php\/2020\/10\/31\/au-fil-des-pages-avec-le-balai-magique\/","url_meta":{"origin":20696,"position":5},"title":"Au fil des pages avec Le balai magique","author":"Jojo","date":"31 octobre 2020","format":false,"excerpt":"Je continue mes lectures sur la th\u00e9matique Sorci\u00e8res avec Le balai magique de Chris Van Allsburg (\u00e9d. L'\u00e9cole des loisirs, 1993), un album jeunesse \u00e0 partir de 8 ans. Par une froide nuit d'automne, le balai d'une sorci\u00e8re tombe en panne en plein vol et entra\u00eene sa chute pr\u00e8s de\u2026","rel":"","context":"Dans &quot;Mini lecteur&quot;","block_context":{"text":"Mini lecteur","link":"http:\/\/www.jojoenherbe.com\/index.php\/category\/mini-lecteur\/"},"img":{"alt_text":"","src":"https:\/\/i0.wp.com\/www.jojoenherbe.com\/wp-content\/uploads\/2020\/10\/Le-balai-magique-scaled.jpg?fit=1200%2C999&resize=350%2C200","width":350,"height":200,"srcset":"https:\/\/i0.wp.com\/www.jojoenherbe.com\/wp-content\/uploads\/2020\/10\/Le-balai-magique-scaled.jpg?fit=1200%2C999&resize=350%2C200 1x, https:\/\/i0.wp.com\/www.jojoenherbe.com\/wp-content\/uploads\/2020\/10\/Le-balai-magique-scaled.jpg?fit=1200%2C999&resize=525%2C300 1.5x, https:\/\/i0.wp.com\/www.jojoenherbe.com\/wp-content\/uploads\/2020\/10\/Le-balai-magique-scaled.jpg?fit=1200%2C999&resize=700%2C400 2x, https:\/\/i0.wp.com\/www.jojoenherbe.com\/wp-content\/uploads\/2020\/10\/Le-balai-magique-scaled.jpg?fit=1200%2C999&resize=1050%2C600 3x"},"classes":[]}],"_links":{"self":[{"href":"http:\/\/www.jojoenherbe.com\/index.php\/wp-json\/wp\/v2\/posts\/20696","targetHints":{"allow":["GET"]}}],"collection":[{"href":"http:\/\/www.jojoenherbe.com\/index.php\/wp-json\/wp\/v2\/posts"}],"about":[{"href":"http:\/\/www.jojoenherbe.com\/index.php\/wp-json\/wp\/v2\/types\/post"}],"author":[{"embeddable":true,"href":"http:\/\/www.jojoenherbe.com\/index.php\/wp-json\/wp\/v2\/users\/1"}],"replies":[{"embeddable":true,"href":"http:\/\/www.jojoenherbe.com\/index.php\/wp-json\/wp\/v2\/comments?post=20696"}],"version-history":[{"count":0,"href":"http:\/\/www.jojoenherbe.com\/index.php\/wp-json\/wp\/v2\/posts\/20696\/revisions"}],"wp:featuredmedia":[{"embeddable":true,"href":"http:\/\/www.jojoenherbe.com\/index.php\/wp-json\/wp\/v2\/media\/20999"}],"wp:attachment":[{"href":"http:\/\/www.jojoenherbe.com\/index.php\/wp-json\/wp\/v2\/media?parent=20696"}],"wp:term":[{"taxonomy":"category","embeddable":true,"href":"http:\/\/www.jojoenherbe.com\/index.php\/wp-json\/wp\/v2\/categories?post=20696"},{"taxonomy":"post_tag","embeddable":true,"href":"http:\/\/www.jojoenherbe.com\/index.php\/wp-json\/wp\/v2\/tags?post=20696"}],"curies":[{"name":"wp","href":"https:\/\/api.w.org\/{rel}","templated":true}]}}