{"id":20684,"date":"2021-09-15T09:09:08","date_gmt":"2021-09-15T07:09:08","guid":{"rendered":"http:\/\/www.jojoenherbe.com\/?p=20684"},"modified":"2021-11-29T09:38:33","modified_gmt":"2021-11-29T08:38:33","slug":"billet-de-suivi-challenge-halloween-2021","status":"publish","type":"post","link":"http:\/\/www.jojoenherbe.com\/index.php\/2021\/09\/15\/billet-de-suivi-challenge-halloween-2021\/","title":{"rendered":"Billet de suivi: Challenge Halloween 2021"},"content":{"rendered":"<p style=\"text-align: justify;\"><em>Je participe \u00e0 nouveau cette ann\u00e9e au Challenge Halloween organis\u00e9 par <a href=\"https:\/\/lelivroblog.wordpress.com\/2021\/09\/07\/le-challenge-halloween-2021\/\">Hilde<\/a> et <a href=\"http:\/\/www.myloubook.com\/2021\/09\/07\/le-challenge-halloween-2021\/\">Lou<\/a> et qui se d\u00e9roule du 15 septembre au 15 novembre 2021. D\u00e8s le 15 septembre, elles ouvrent les portes de leur manoir pour deux mois halloweenesques. Le challenge commence en douceur par un d\u00e9poussi\u00e9rage de PAL et premi\u00e8res suggestions et ambiances automnales. Pour plus d\u2019infos, n\u2019h\u00e9sitez pas \u00e0 aller sur leurs blogs, le th\u00e8me de cette ann\u00e9e \u00e9tant <\/em><em>\u00ab\u00a0Cocooning, bien-\u00eatre, nature, DIY, pour un Halloween bon pour soi et respectueux de la nature\u00a0\u00bb.<\/em><\/p>\n<div style=\"width: 145px\" class=\"wp-caption alignleft\"><img data-recalc-dims=\"1\" loading=\"lazy\" decoding=\"async\" src=\"https:\/\/lelivroblog.files.wordpress.com\/2021\/09\/fraizer-dunleavy-tfkamlvy5l0-unsplash-02-2.jpg?resize=135%2C135\" srcset=\"https:\/\/lelivroblog.files.wordpress.com\/2021\/09\/fraizer-dunleavy-tfkamlvy5l0-unsplash-02-2.jpg?strip=info&amp;w=600 600w,https:\/\/lelivroblog.files.wordpress.com\/2021\/09\/fraizer-dunleavy-tfkamlvy5l0-unsplash-02-2.jpg?strip=info&amp;w=900 900w,https:\/\/lelivroblog.files.wordpress.com\/2021\/09\/fraizer-dunleavy-tfkamlvy5l0-unsplash-02-2.jpg?strip=info&amp;w=1200 1200w,https:\/\/lelivroblog.files.wordpress.com\/2021\/09\/fraizer-dunleavy-tfkamlvy5l0-unsplash-02-2.jpg?strip=info&amp;w=1500 1500w,https:\/\/lelivroblog.files.wordpress.com\/2021\/09\/fraizer-dunleavy-tfkamlvy5l0-unsplash-02-2.jpg?strip=info&amp;w=1800 1800w,https:\/\/lelivroblog.files.wordpress.com\/2021\/09\/fraizer-dunleavy-tfkamlvy5l0-unsplash-02-2.jpg?strip=info&amp;w=2000 2000w\" alt=\"\" data-attachment-id=\"2768\" data-permalink=\"https:\/\/lelivroblog.wordpress.com\/2021\/09\/07\/le-challenge-halloween-2021\/fraizer-dunleavy-tfkamlvy5l0-unsplash-02-2\/\" data-orig-file=\"https:\/\/lelivroblog.files.wordpress.com\/2021\/09\/fraizer-dunleavy-tfkamlvy5l0-unsplash-02-2.jpg\" data-orig-size=\"3885,3884\" data-comments-opened=\"1\" data-image-meta=\"{&quot;aperture&quot;:&quot;0&quot;,&quot;credit&quot;:&quot;&quot;,&quot;camera&quot;:&quot;&quot;,&quot;caption&quot;:&quot;&quot;,&quot;created_timestamp&quot;:&quot;0&quot;,&quot;copyright&quot;:&quot;&quot;,&quot;focal_length&quot;:&quot;0&quot;,&quot;iso&quot;:&quot;0&quot;,&quot;shutter_speed&quot;:&quot;0&quot;,&quot;title&quot;:&quot;&quot;,&quot;orientation&quot;:&quot;0&quot;}\" data-image-title=\"fraizer-dunleavy-tfkamlvy5l0-unsplash-02-2\" data-image-description=\"\" data-image-caption=\"\" data-medium-file=\"https:\/\/lelivroblog.files.wordpress.com\/2021\/09\/fraizer-dunleavy-tfkamlvy5l0-unsplash-02-2.jpg?w=300\" data-large-file=\"https:\/\/lelivroblog.files.wordpress.com\/2021\/09\/fraizer-dunleavy-tfkamlvy5l0-unsplash-02-2.jpg?w=736\" data-height=\"3884\" data-id=\"2768\" data-link=\"https:\/\/lelivroblog.wordpress.com\/?attachment_id=2768\" data-url=\"https:\/\/lelivroblog.files.wordpress.com\/2021\/09\/fraizer-dunleavy-tfkamlvy5l0-unsplash-02-2.jpg\" data-width=\"3885\" data-amp-layout=\"responsive\" width=\"135\" height=\"135\"><p class=\"wp-caption-text\">Les Gourmandises de <a href=\"https:\/\/sylectures.wordpress.com\/\">Syl<\/a><\/p><\/div>\n<div style=\"width: 147px\" class=\"wp-caption alignleft\"><img data-recalc-dims=\"1\" loading=\"lazy\" decoding=\"async\" src=\"https:\/\/lelivroblog.files.wordpress.com\/2021\/09\/that-s-her-business-_1z5psijhfc-unsplash-01-01-01.jpg?resize=137%2C137\" srcset=\"https:\/\/lelivroblog.files.wordpress.com\/2021\/09\/that-s-her-business-_1z5psijhfc-unsplash-01-01-01.jpg?strip=info&amp;w=600 600w,https:\/\/lelivroblog.files.wordpress.com\/2021\/09\/that-s-her-business-_1z5psijhfc-unsplash-01-01-01.jpg?strip=info&amp;w=900 900w,https:\/\/lelivroblog.files.wordpress.com\/2021\/09\/that-s-her-business-_1z5psijhfc-unsplash-01-01-01.jpg?strip=info&amp;w=1200 1200w,https:\/\/lelivroblog.files.wordpress.com\/2021\/09\/that-s-her-business-_1z5psijhfc-unsplash-01-01-01.jpg?strip=info&amp;w=1500 1500w,https:\/\/lelivroblog.files.wordpress.com\/2021\/09\/that-s-her-business-_1z5psijhfc-unsplash-01-01-01.jpg?strip=info&amp;w=1800 1800w,https:\/\/lelivroblog.files.wordpress.com\/2021\/09\/that-s-her-business-_1z5psijhfc-unsplash-01-01-01.jpg?strip=info&amp;w=2000 2000w\" alt=\"\" data-attachment-id=\"2767\" data-permalink=\"https:\/\/lelivroblog.wordpress.com\/2021\/09\/07\/le-challenge-halloween-2021\/that-s-her-business-_1z5psijhfc-unsplash-01-01-01\/\" data-orig-file=\"https:\/\/lelivroblog.files.wordpress.com\/2021\/09\/that-s-her-business-_1z5psijhfc-unsplash-01-01-01.jpg\" data-orig-size=\"2500,2500\" data-comments-opened=\"1\" data-image-meta=\"{&quot;aperture&quot;:&quot;0&quot;,&quot;credit&quot;:&quot;&quot;,&quot;camera&quot;:&quot;&quot;,&quot;caption&quot;:&quot;&quot;,&quot;created_timestamp&quot;:&quot;0&quot;,&quot;copyright&quot;:&quot;&quot;,&quot;focal_length&quot;:&quot;0&quot;,&quot;iso&quot;:&quot;0&quot;,&quot;shutter_speed&quot;:&quot;0&quot;,&quot;title&quot;:&quot;&quot;,&quot;orientation&quot;:&quot;0&quot;}\" data-image-title=\"that-s-her-business-_1z5psijhfc-unsplash-01-01-01\" data-image-description=\"\" data-image-caption=\"\" data-medium-file=\"https:\/\/lelivroblog.files.wordpress.com\/2021\/09\/that-s-her-business-_1z5psijhfc-unsplash-01-01-01.jpg?w=300\" data-large-file=\"https:\/\/lelivroblog.files.wordpress.com\/2021\/09\/that-s-her-business-_1z5psijhfc-unsplash-01-01-01.jpg?w=736\" data-height=\"2500\" data-id=\"2767\" data-link=\"https:\/\/lelivroblog.wordpress.com\/?attachment_id=2767\" data-url=\"https:\/\/lelivroblog.files.wordpress.com\/2021\/09\/that-s-her-business-_1z5psijhfc-unsplash-01-01-01.jpg\" data-width=\"2500\" data-amp-layout=\"responsive\" width=\"137\" height=\"137\"><p class=\"wp-caption-text\">Mardi bricolage et couture chez <a href=\"https:\/\/sylectures.wordpress.com\/\">Syl<\/a><\/p><\/div>\n<p style=\"text-align: justify;\"><em>Il y aura aussi un RAT, des lectures communes et des rendez-vous inter-challenges avec Syl (<\/em><em>du bricolage et des d\u00e9corations tous les mardi et des gourmandises halloweenesques tous les dimanches), avec Bidib et son challenge Contes et l\u00e9gendes, le mois d&rsquo;octobre \u00e9tant d\u00e9di\u00e9 \u00e0 \u00ab Halloween! Sorci\u00e8res, fant\u00f4mes et monstres en tout genre\u00bb mais aussi d&rsquo;autres challenges que je suis d\u00e9j\u00e0: le challenge Des livres (et des \u00e9crans) en cuisine de Bidib et FondantGrignote, Lire au f\u00e9minin de Tiphanya et le challenge Cottagecore de MissyCornish.<br \/>\n<\/em><\/p>\n<p style=\"text-align: justify;\"><em>De mon c\u00f4t\u00e9, j&rsquo;ai d\u00e9j\u00e0 commenc\u00e9 \u00e0 piocher dans ma PAL tant automnale qu&rsquo;halloweenesque que j&rsquo;ai pr\u00e9par\u00e9e depuis mi-ao\u00fbt. Ce billet sera ainsi actualis\u00e9 au fil du challenge tout en faisant un billet s\u00e9par\u00e9 pour chaque participation. <\/em><\/p>\n<p><a href=\"https:\/\/i0.wp.com\/www.jojoenherbe.com\/wp-content\/uploads\/2021\/09\/Selection-Halloween-2021-scaled.jpg\"><img data-recalc-dims=\"1\" loading=\"lazy\" decoding=\"async\" data-attachment-id=\"20691\" data-permalink=\"http:\/\/www.jojoenherbe.com\/index.php\/2021\/09\/15\/billet-de-suivi-challenge-halloween-2021\/selection-halloween-2021\/\" data-orig-file=\"https:\/\/i0.wp.com\/www.jojoenherbe.com\/wp-content\/uploads\/2021\/09\/Selection-Halloween-2021-scaled.jpg?fit=2560%2C1501\" data-orig-size=\"2560,1501\" data-comments-opened=\"1\" data-image-meta=\"{&quot;aperture&quot;:&quot;1.8&quot;,&quot;credit&quot;:&quot;&quot;,&quot;camera&quot;:&quot;iPhone 7&quot;,&quot;caption&quot;:&quot;&quot;,&quot;created_timestamp&quot;:&quot;1631614015&quot;,&quot;copyright&quot;:&quot;&quot;,&quot;focal_length&quot;:&quot;3.99&quot;,&quot;iso&quot;:&quot;100&quot;,&quot;shutter_speed&quot;:&quot;0.16666666666667&quot;,&quot;title&quot;:&quot;&quot;,&quot;orientation&quot;:&quot;1&quot;}\" data-image-title=\"S\u00e9lection Halloween 2021\" data-image-description=\"\" data-image-caption=\"\" data-large-file=\"https:\/\/i0.wp.com\/www.jojoenherbe.com\/wp-content\/uploads\/2021\/09\/Selection-Halloween-2021-scaled.jpg?fit=676%2C396\" class=\"aligncenter wp-image-20691 size-large\" src=\"https:\/\/i0.wp.com\/www.jojoenherbe.com\/wp-content\/uploads\/2021\/09\/Selection-Halloween-2021.jpg?resize=676%2C396\" alt=\"\" width=\"676\" height=\"396\" srcset=\"https:\/\/i0.wp.com\/www.jojoenherbe.com\/wp-content\/uploads\/2021\/09\/Selection-Halloween-2021-scaled.jpg?resize=1024%2C600 1024w, https:\/\/i0.wp.com\/www.jojoenherbe.com\/wp-content\/uploads\/2021\/09\/Selection-Halloween-2021-scaled.jpg?resize=300%2C176 300w, https:\/\/i0.wp.com\/www.jojoenherbe.com\/wp-content\/uploads\/2021\/09\/Selection-Halloween-2021-scaled.jpg?resize=768%2C450 768w, https:\/\/i0.wp.com\/www.jojoenherbe.com\/wp-content\/uploads\/2021\/09\/Selection-Halloween-2021-scaled.jpg?resize=1536%2C900 1536w, https:\/\/i0.wp.com\/www.jojoenherbe.com\/wp-content\/uploads\/2021\/09\/Selection-Halloween-2021-scaled.jpg?resize=2048%2C1201 2048w, https:\/\/i0.wp.com\/www.jojoenherbe.com\/wp-content\/uploads\/2021\/09\/Selection-Halloween-2021-scaled.jpg?resize=676%2C396 676w, https:\/\/i0.wp.com\/www.jojoenherbe.com\/wp-content\/uploads\/2021\/09\/Selection-Halloween-2021-scaled.jpg?w=1352 1352w\" sizes=\"auto, (max-width: 676px) 100vw, 676px\" \/><\/a><\/p>\n<p style=\"text-align: justify;\"><em>Voici d\u00e9j\u00e0 un avant-go\u00fbt de mes prochaines lectures avec des albums jeunesse, des BD jeunesse ou adulte, des romans jeunesse ou adulte (j&rsquo;en ai d\u00e9j\u00e0 lues certaines) et \u00e0 fort dominante \u00ab\u00a0Sorci\u00e8res\u00a0\u00bb: <span style=\"text-decoration: underline;\">Sorci\u00e8res! Une histoire des sorci\u00e8res \u00e0 travers l&rsquo;art<\/span> de Pauline Duclos-Grenet (\u00e9d. Seuil Jeunesse, 2020), <span style=\"text-decoration: underline;\">Pome<\/span> de Marie Desplechin et Magali le Huche (\u00e9d. Rue de S\u00e8vres, 2018), <span style=\"text-decoration: underline;\">Le talisman du loup<\/span> de Myriam Dahman, Nicolas Digard et J\u00falia Sard\u00e0 (\u00e9d. Gallimard Jeunesse, 2020), <span style=\"text-decoration: underline;\">Les filles de Salem<\/span> de Thomas Gilbert (\u00e9d. 2018, \u00e9d. Dargaud, 198 pages), <span style=\"text-decoration: underline;\">Coraline<\/span> de Neil Gaiman et illustr\u00e9 par Aur\u00e9lie Neyret (\u00e9d. Albin Michel, 2020, 175 pages), le tome 3 de <span style=\"text-decoration: underline;\">Sorceline, Au c\u0153ur de mes zoorigines<\/span> de Sylvia Douy\u00e9, Paola Antista et Lowenael (\u00e9d. Gl\u00e9nat, coll. Vents d&rsquo;Ouest, 2020), le tome 1 de <span style=\"text-decoration: underline;\">Royal Special School, Frissons et plum-pudding<\/span> d&rsquo;Ya\u00ebl Hassan, Nancy Guilbert et Coralie Muce (\u00e9d. Gulf Stream, 2021, 219 pages), le tome 1 de <span style=\"text-decoration: underline;\">109 rue des soupirs, Fant\u00f4mes \u00e0 domicile<\/span> de Mr. Tan et Yomgui Dumont (\u00e9d. Casterman, 2019, 125 pages) et le tome 2 de <span style=\"text-decoration: underline;\">109 rue des soupirs, Fant\u00f4mes sur le grill<\/span> de Mr. Tan et Yomgui Dumont (\u00e9d. Casterman, 2020, 127 pages), le tome 2 de <span style=\"text-decoration: underline;\">Magic Charly, Bienvenue \u00e0 Saint-Fouettard<\/span> d&rsquo;Audrey Alwett (\u00e9d. Gallimard Jeunesse, 2021, 523 pages) ou bien encore <span style=\"text-decoration: underline;\">La path\u00e9tique histoire de Birdie Bloom<\/span> de Temre Beltz (\u00e9d. Seuil Jeunesse, 2019, 351 pages). <\/em><em>Et bien s\u00fbr, il y aura \u00e9galement beaucoup de lectures jeunesse avec mon mini lutin.<br \/>\n<\/em><\/p>\n<p><strong><em><span style=\"text-decoration: underline;\">Semaine 1 du Challenge Halloween<\/span>:<\/em><\/strong><\/p>\n<p style=\"text-align: justify;\"><em>Cette semaine, je ressors des placards nos d\u00e9corations automnales et halloweenesques, m\u00eame si une de nos <a href=\"http:\/\/www.jojoenherbe.com\/index.php\/2020\/09\/23\/des-petites-sorcieres-pour-halloween\/\">petites sorci\u00e8res<\/a> fabriqu\u00e9es l&rsquo;ann\u00e9e derni\u00e8re n&rsquo;a jamais quitt\u00e9 nos biblioth\u00e8ques.<\/em><\/p>\n<p style=\"text-align: justify;\"><em><a href=\"https:\/\/i0.wp.com\/www.jojoenherbe.com\/wp-content\/uploads\/2021\/09\/Le-grand-menage-Cher-dragon-scaled.jpg\"><img data-recalc-dims=\"1\" loading=\"lazy\" decoding=\"async\" data-attachment-id=\"20707\" data-permalink=\"http:\/\/www.jojoenherbe.com\/index.php\/2021\/09\/15\/billet-de-suivi-challenge-halloween-2021\/le-grand-menage-cher-dragon\/\" data-orig-file=\"https:\/\/i0.wp.com\/www.jojoenherbe.com\/wp-content\/uploads\/2021\/09\/Le-grand-menage-Cher-dragon-scaled.jpg?fit=2560%2C1920\" data-orig-size=\"2560,1920\" data-comments-opened=\"1\" data-image-meta=\"{&quot;aperture&quot;:&quot;1.8&quot;,&quot;credit&quot;:&quot;&quot;,&quot;camera&quot;:&quot;iPhone 7&quot;,&quot;caption&quot;:&quot;&quot;,&quot;created_timestamp&quot;:&quot;1631698926&quot;,&quot;copyright&quot;:&quot;&quot;,&quot;focal_length&quot;:&quot;3.99&quot;,&quot;iso&quot;:&quot;100&quot;,&quot;shutter_speed&quot;:&quot;0.14285714285714&quot;,&quot;title&quot;:&quot;&quot;,&quot;orientation&quot;:&quot;1&quot;}\" data-image-title=\"Le grand m\u00e9nage &amp;#8211; Cher dragon\" data-image-description=\"\" data-image-caption=\"\" data-large-file=\"https:\/\/i0.wp.com\/www.jojoenherbe.com\/wp-content\/uploads\/2021\/09\/Le-grand-menage-Cher-dragon-scaled.jpg?fit=676%2C507\" class=\"alignleft size-thumbnail wp-image-20707\" src=\"https:\/\/i0.wp.com\/www.jojoenherbe.com\/wp-content\/uploads\/2021\/09\/Le-grand-menage-Cher-dragon.jpg?resize=150%2C150\" alt=\"\" width=\"150\" height=\"150\" srcset=\"https:\/\/i0.wp.com\/www.jojoenherbe.com\/wp-content\/uploads\/2021\/09\/Le-grand-menage-Cher-dragon-scaled.jpg?resize=150%2C150 150w, https:\/\/i0.wp.com\/www.jojoenherbe.com\/wp-content\/uploads\/2021\/09\/Le-grand-menage-Cher-dragon-scaled.jpg?zoom=2&amp;resize=150%2C150 300w, https:\/\/i0.wp.com\/www.jojoenherbe.com\/wp-content\/uploads\/2021\/09\/Le-grand-menage-Cher-dragon-scaled.jpg?zoom=3&amp;resize=150%2C150 450w\" sizes=\"auto, (max-width: 150px) 100vw, 150px\" \/><\/a>Pour les histoires d&rsquo;hier soir, nous relisons deux albums jeunesse que nous appr\u00e9cions beaucoup: un automnal avec <strong><a href=\"http:\/\/www.jojoenherbe.com\/index.php\/2020\/03\/11\/au-fil-des-pages-avec-le-grand-menage\/\"><span style=\"text-decoration: underline;\">Le grand m\u00e9nage<\/span><\/a><\/strong> d\u2019Emily Gravett (\u00e9d. Kal\u00e9idoscope, diff. L&rsquo;\u00e9cole des loisirs, 2016, r\u00e9\u00e9d. 2020), Beno\u00eet, un Blaireau tellement obnubil\u00e9 par la propret\u00e9 met \u00e0 mal la for\u00eat lorsque l&rsquo;automne arrive et un halloweenesque avec <strong><a href=\"http:\/\/www.jojoenherbe.com\/index.php\/2020\/09\/21\/au-fil-des-pages-avec-cher-dragon\/\"><span style=\"text-decoration: underline;\">Cher dragon<\/span><\/a><\/strong> d\u2019Emma Yarlett (\u00e9d. Albin Michel Jeunesse, 2018), Alex un petit gar\u00e7on se demandant comment apprivoiser un dragon.&nbsp; <\/em><\/p>\n<p style=\"text-align: justify;\"><em>Le <strong>15 septembre 2021<\/strong>, je fais un petit tour chez les participantes qui ont pris, comme moi, une chambre au Manoir. Ambiance cosy et cocooning garantie avant de se plonger dans les ambiances plus angoissantes et halloweenesques d&rsquo;octobre: <a href=\"https:\/\/lelivroblog.wordpress.com\/2021\/09\/15\/le-challenge-halloween-2021-commence-aujourdhui-journal-de-bord-du-15-au-19-septembre\/\">Hilde<\/a> et son journal de bord (au programme notamment des lectures jeunesse avec la BD <span style=\"text-decoration: underline;\">Pome<\/span> et les albums jeunesse <span style=\"text-decoration: underline;\">Mortina<\/span> et des loisirs cr\u00e9atifs avec une guirlande automnale), <a href=\"https:\/\/sylectures.wordpress.com\/2021\/09\/14\/halloween-2021\/\">Syl<\/a> et un programme \u00e9galement tr\u00e8s tentant avec des lectures, gourmandises et loisirs cr\u00e9atifs, <a href=\"https:\/\/samlorenlivre.wordpress.com\/2021\/09\/15\/challenge-halloween-2021\/\">Samlor<\/a> qui est aussi ravie que moi de se poser au Manoir pour les semaines \u00e0 venir et <a href=\"https:\/\/www.laplanquealibellules.fr\/2021\/09\/challenge-halloween-1-idees-lectures.html\/\">Chicky Poo<\/a> avec un joli programme jeunesse comme <span style=\"text-decoration: underline;\">Le Grimoire d\u2019Elfie<\/span>, <span style=\"text-decoration: underline;\">Le gar\u00e7on sorci\u00e8re<\/span>, <span style=\"text-decoration: underline;\">L\u2019\u00e9pouvantable peur d\u2019\u00c9piphanie Frayeur<\/span> ou encore <span style=\"text-decoration: underline;\">Coraline<\/span>&#8230;<\/em><\/p>\n<p style=\"text-align: justify;\"><em><a href=\"https:\/\/i0.wp.com\/www.jojoenherbe.com\/wp-content\/uploads\/2021\/09\/Albums-jeunesse-Halloween-scaled.jpg\"><img data-recalc-dims=\"1\" loading=\"lazy\" decoding=\"async\" data-attachment-id=\"20726\" data-permalink=\"http:\/\/www.jojoenherbe.com\/index.php\/2021\/09\/15\/billet-de-suivi-challenge-halloween-2021\/albums-jeunesse-halloween\/\" data-orig-file=\"https:\/\/i0.wp.com\/www.jojoenherbe.com\/wp-content\/uploads\/2021\/09\/Albums-jeunesse-Halloween-scaled.jpg?fit=2560%2C1920\" data-orig-size=\"2560,1920\" data-comments-opened=\"1\" data-image-meta=\"{&quot;aperture&quot;:&quot;1.8&quot;,&quot;credit&quot;:&quot;&quot;,&quot;camera&quot;:&quot;iPhone 7&quot;,&quot;caption&quot;:&quot;&quot;,&quot;created_timestamp&quot;:&quot;1631727140&quot;,&quot;copyright&quot;:&quot;&quot;,&quot;focal_length&quot;:&quot;3.99&quot;,&quot;iso&quot;:&quot;80&quot;,&quot;shutter_speed&quot;:&quot;0.2&quot;,&quot;title&quot;:&quot;&quot;,&quot;orientation&quot;:&quot;1&quot;}\" data-image-title=\"Albums jeunesse Halloween\" data-image-description=\"\" data-image-caption=\"\" data-large-file=\"https:\/\/i0.wp.com\/www.jojoenherbe.com\/wp-content\/uploads\/2021\/09\/Albums-jeunesse-Halloween-scaled.jpg?fit=676%2C507\" class=\"size-thumbnail wp-image-20726 alignright\" src=\"https:\/\/i0.wp.com\/www.jojoenherbe.com\/wp-content\/uploads\/2021\/09\/Albums-jeunesse-Halloween.jpg?resize=150%2C150\" alt=\"\" width=\"150\" height=\"150\" srcset=\"https:\/\/i0.wp.com\/www.jojoenherbe.com\/wp-content\/uploads\/2021\/09\/Albums-jeunesse-Halloween-scaled.jpg?resize=150%2C150 150w, https:\/\/i0.wp.com\/www.jojoenherbe.com\/wp-content\/uploads\/2021\/09\/Albums-jeunesse-Halloween-scaled.jpg?zoom=2&amp;resize=150%2C150 300w, https:\/\/i0.wp.com\/www.jojoenherbe.com\/wp-content\/uploads\/2021\/09\/Albums-jeunesse-Halloween-scaled.jpg?zoom=3&amp;resize=150%2C150 450w\" sizes=\"auto, (max-width: 150px) 100vw, 150px\" \/><\/a>Nous relisons dans la journ\u00e9e et pour les histoires du soir <strong><a href=\"http:\/\/www.jojoenherbe.com\/index.php\/2020\/10\/17\/au-fil-des-pages-avec-les-fantomes-ne-frappent-pas-a-la-porte\/\"><span style=\"text-decoration: underline;\">Les Fant\u00f4mes ne frappent pas \u00e0 la porte<\/span><\/a><\/strong> d\u2019Eulalia Canal et Rocio Bonilla (\u00e9d. P\u00e8re Fouettard, 2020), Marmotte se faisant passer pour un fant\u00f4me aupr\u00e8s de Canard pour rester seul avec son ami Ours, <a href=\"http:\/\/www.jojoenherbe.com\/index.php\/2019\/11\/16\/au-fil-des-pages-avec-splat-a-la-chasse-aux-citrouilles\/\"><span style=\"text-decoration: underline;\"><strong>Splat \u00e0 la chasse aux citrouilles<\/strong><\/span><\/a> de Rob Scotton (\u00e9d. Nathan, 2019), Splat partant chercher une citrouille avec Harry Souris et nous d\u00e9couvrons aussi une des 4 histoires de<strong> <span style=\"text-decoration: underline;\">Sorcidonie et les magipotirons<\/span><\/strong> de Nora Thullin et Ana Duna (\u00e9d. Fleurus, 2021), <span style=\"text-decoration: underline;\">Le gros chagrin de Potironflette<\/span>, Potironflette, la citrouille de compagnie de Sorcidonie ayant un gros chagrin lorsqu&rsquo;une autre petite sorci\u00e8re se moque d&rsquo;elle car elle a un doudou.<\/em><\/p>\n<div id=\"attachment_19270\" style=\"width: 145px\" class=\"wp-caption alignleft\"><img data-recalc-dims=\"1\" loading=\"lazy\" decoding=\"async\" aria-describedby=\"caption-attachment-19270\" class=\"wp-image-19270\" src=\"https:\/\/i0.wp.com\/mapetitemediatheque.fr\/wp-content\/uploads\/2021\/09\/Rdv-avec-les-fantomes-1.png?resize=135%2C135\" sizes=\"auto, (max-width: 297px) 100vw, 297px\" srcset=\"http:\/\/mapetitemediatheque.fr\/wp-content\/uploads\/2021\/09\/Rdv-avec-les-fantomes-1.png 500w, http:\/\/mapetitemediatheque.fr\/wp-content\/uploads\/2021\/09\/Rdv-avec-les-fantomes-1-300x300.png 300w, http:\/\/mapetitemediatheque.fr\/wp-content\/uploads\/2021\/09\/Rdv-avec-les-fantomes-1-150x150.png 150w\" alt=\"\" width=\"135\" height=\"135\"><p id=\"caption-attachment-19270\" class=\"wp-caption-text\">Challenge Contes et L\u00e9gendes de <a href=\"http:\/\/mapetitemediatheque.fr\/2021\/09\/challenge-halloween-2021\/\">Bidib<\/a> #Rendez-vous avec les fant\u00f4mes<\/p><\/div>\n<p style=\"text-align: justify;\"><em>Le <strong>16 septembre 2021<\/strong>, Bibid et <a href=\"https:\/\/asia4ever2.wordpress.com\/2021\/09\/16\/le-challenge-halloween-2021-journal-de-bord-du-15-au-19-septembre\/\">Carfax<\/a> nous ont rejointes, m\u00e9langeant leur PAL du Pumpking Autumn Challenge avec celle du Challenge Halloween, <a href=\"http:\/\/mapetitemediatheque.fr\/2021\/09\/challenge-halloween-2021\/\">Bidib<\/a> pr\u00e9cisant que pour le rendez-vous interchallenge avec le Challenge Contes et L\u00e9gendes, ce seront les Fant\u00f4mes \u00e0 l&rsquo;honneur cette ann\u00e9e et en cr\u00e9ant de nouveaux logos monstrueux pour l&rsquo;occasion.<\/em><\/p>\n<p style=\"text-align: justify;\"><em><a href=\"https:\/\/i0.wp.com\/www.jojoenherbe.com\/wp-content\/uploads\/2021\/09\/Albums-jeunesse-Halloween-2-scaled.jpg\"><img data-recalc-dims=\"1\" loading=\"lazy\" decoding=\"async\" data-attachment-id=\"20744\" data-permalink=\"http:\/\/www.jojoenherbe.com\/index.php\/2021\/09\/15\/billet-de-suivi-challenge-halloween-2021\/albums-jeunesse-halloween-2\/\" data-orig-file=\"https:\/\/i0.wp.com\/www.jojoenherbe.com\/wp-content\/uploads\/2021\/09\/Albums-jeunesse-Halloween-2-scaled.jpg?fit=2560%2C1920\" data-orig-size=\"2560,1920\" data-comments-opened=\"1\" data-image-meta=\"{&quot;aperture&quot;:&quot;1.8&quot;,&quot;credit&quot;:&quot;&quot;,&quot;camera&quot;:&quot;iPhone 7&quot;,&quot;caption&quot;:&quot;&quot;,&quot;created_timestamp&quot;:&quot;1631803023&quot;,&quot;copyright&quot;:&quot;&quot;,&quot;focal_length&quot;:&quot;3.99&quot;,&quot;iso&quot;:&quot;80&quot;,&quot;shutter_speed&quot;:&quot;0.125&quot;,&quot;title&quot;:&quot;&quot;,&quot;orientation&quot;:&quot;1&quot;}\" data-image-title=\"Albums jeunesse Halloween #2\" data-image-description=\"\" data-image-caption=\"\" data-large-file=\"https:\/\/i0.wp.com\/www.jojoenherbe.com\/wp-content\/uploads\/2021\/09\/Albums-jeunesse-Halloween-2-scaled.jpg?fit=676%2C507\" class=\"size-thumbnail wp-image-20744 alignright\" src=\"https:\/\/i0.wp.com\/www.jojoenherbe.com\/wp-content\/uploads\/2021\/09\/Albums-jeunesse-Halloween-2.jpg?resize=150%2C150\" alt=\"\" width=\"150\" height=\"150\" srcset=\"https:\/\/i0.wp.com\/www.jojoenherbe.com\/wp-content\/uploads\/2021\/09\/Albums-jeunesse-Halloween-2-scaled.jpg?resize=150%2C150 150w, https:\/\/i0.wp.com\/www.jojoenherbe.com\/wp-content\/uploads\/2021\/09\/Albums-jeunesse-Halloween-2-scaled.jpg?zoom=2&amp;resize=150%2C150 300w, https:\/\/i0.wp.com\/www.jojoenherbe.com\/wp-content\/uploads\/2021\/09\/Albums-jeunesse-Halloween-2-scaled.jpg?zoom=3&amp;resize=150%2C150 450w\" sizes=\"auto, (max-width: 150px) 100vw, 150px\" \/><\/a>De mon c\u00f4t\u00e9, je suis pass\u00e9e \u00e0 la m\u00e9diath\u00e8que emprunter de nouveaux livres qui vont s&rsquo;ajouter \u00e0 ma PAL automnale et halloweenesque d\u00e9j\u00e0 cons\u00e9quente. Il y a des albums jeunesse automnaux d\u00e9j\u00e0 lus l&rsquo;ann\u00e9e derni\u00e8re: <a href=\"http:\/\/www.jojoenherbe.com\/index.php\/2020\/12\/03\/au-fil-des-pages-avec-au-revoir-lautomne-bonjour-lhiver\/\"><span style=\"text-decoration: underline;\">Au revoir l&rsquo;automne, bonjour l&rsquo;hiver&#8230;<\/span><\/a> de Kenard Pak (\u00e9d. Mijade, 2018), <span style=\"text-decoration: underline;\">L&rsquo;\u00e9norme potiron<\/span> de Fran\u00e7oise Bobe et Yann Lovato (\u00e9d. du Bastberg, 1999) et aussi des romans jeunesse halloweenesques: le tome 1 d&rsquo;<span style=\"text-decoration: underline;\">Esther et Mandragore, Une sorci\u00e8re et son chat<\/span> de Sophie Dieuaide et Marie-Pierre Oddoux (\u00e9d. Talents Hauts, 2016, 125 pages), le tome 5 d&rsquo;<span style=\"text-decoration: underline;\">Am\u00e9lia Fang et le tr\u00e9sor des y\u00e9tis<\/span> (\u00e9d. Casterman Jeunesse, 2021, 237 pages) et <span style=\"text-decoration: underline;\">Sacr\u00e9es Sorci\u00e8res<\/span> de Roald Dahl (\u00e9d. Gallimard Jeunesse, coll. Folio Junior n\u00b0613, 1990, r\u00e9\u00e9d. 2001, 238 pages). Et j&rsquo;attends encore des r\u00e9servations \u00e0 ma librairie. et d&rsquo;autres emprunts \u00e0 r\u00e9cup\u00e9rer dans une autre annexe de la m\u00e9diath\u00e8que. Aurons-nous assez de temps pour tout lire? R\u00e9ponse \u00e0 la mi-novembre&#8230;<\/em><\/p>\n<p style=\"text-align: justify;\"><em><a href=\"https:\/\/i0.wp.com\/www.jojoenherbe.com\/wp-content\/uploads\/2021\/09\/Albums-jeunesse-Halloween-3-scaled.jpg\"><img data-recalc-dims=\"1\" loading=\"lazy\" decoding=\"async\" data-attachment-id=\"20745\" data-permalink=\"http:\/\/www.jojoenherbe.com\/index.php\/2021\/09\/15\/billet-de-suivi-challenge-halloween-2021\/albums-jeunesse-halloween-3\/\" data-orig-file=\"https:\/\/i0.wp.com\/www.jojoenherbe.com\/wp-content\/uploads\/2021\/09\/Albums-jeunesse-Halloween-3-scaled.jpg?fit=2560%2C1737\" data-orig-size=\"2560,1737\" data-comments-opened=\"1\" data-image-meta=\"{&quot;aperture&quot;:&quot;1.8&quot;,&quot;credit&quot;:&quot;&quot;,&quot;camera&quot;:&quot;iPhone 7&quot;,&quot;caption&quot;:&quot;&quot;,&quot;created_timestamp&quot;:&quot;1631868632&quot;,&quot;copyright&quot;:&quot;&quot;,&quot;focal_length&quot;:&quot;3.99&quot;,&quot;iso&quot;:&quot;100&quot;,&quot;shutter_speed&quot;:&quot;0.14285714285714&quot;,&quot;title&quot;:&quot;&quot;,&quot;orientation&quot;:&quot;1&quot;}\" data-image-title=\"Albums jeunesse Halloween #3\" data-image-description=\"\" data-image-caption=\"\" data-large-file=\"https:\/\/i0.wp.com\/www.jojoenherbe.com\/wp-content\/uploads\/2021\/09\/Albums-jeunesse-Halloween-3-scaled.jpg?fit=676%2C459\" class=\"alignleft size-thumbnail wp-image-20745\" src=\"https:\/\/i0.wp.com\/www.jojoenherbe.com\/wp-content\/uploads\/2021\/09\/Albums-jeunesse-Halloween-3.jpg?resize=150%2C150\" alt=\"\" width=\"150\" height=\"150\" srcset=\"https:\/\/i0.wp.com\/www.jojoenherbe.com\/wp-content\/uploads\/2021\/09\/Albums-jeunesse-Halloween-3-scaled.jpg?resize=150%2C150 150w, https:\/\/i0.wp.com\/www.jojoenherbe.com\/wp-content\/uploads\/2021\/09\/Albums-jeunesse-Halloween-3-scaled.jpg?zoom=2&amp;resize=150%2C150 300w, https:\/\/i0.wp.com\/www.jojoenherbe.com\/wp-content\/uploads\/2021\/09\/Albums-jeunesse-Halloween-3-scaled.jpg?zoom=3&amp;resize=150%2C150 450w\" sizes=\"auto, (max-width: 150px) 100vw, 150px\" \/><\/a>Pour les histoires du soir, nous lisons <strong><span style=\"text-decoration: underline;\">Dans la for\u00eat<\/span><\/strong> de Rob Hodgson (\u00e9d. Clorophyl, 1,2,3,Soleil!, 2020), un album jeunesse rigolo \u00e0 partir de 3 ans et qui est plein de clins d\u2019\u0153il au livre pr\u00e9c\u00e9dent de l&rsquo;auteur, <a href=\"http:\/\/www.jojoenherbe.com\/index.php\/2021\/06\/02\/au-fil-des-pages-avec-gros-loup-et-la-petite-bete\/\"><span style=\"text-decoration: underline;\">Gros Loup et la petite b\u00eate<\/span><\/a> (les donuts et le ver de terre), trois renards vivant dans la for\u00eat en tentant de chasser des lapins. Puis nous encha\u00eenons avec <strong><span style=\"text-decoration: underline;\">Nina et le petit chat perdu<\/span><\/strong> de Nicola Killen (\u00e9d. Quatre Fleuves, 2020), Nina partant se promener avec son chat Citrouille dans une for\u00eat aux teintes hivernales et qui d\u00e9couvrent un chat noir perdu. Une histoire toute mignonne et po\u00e9tique comme d\u00e9j\u00e0 dans <a href=\"http:\/\/www.jojoenherbe.com\/index.php\/2021\/06\/10\/au-fil-des-pages-avec-nina-et-le-doudou-magique\/\"><span style=\"text-decoration: underline;\">Nina et le doudou magique<\/span><\/a>!<\/em><\/p>\n<p style=\"text-align: justify;\"><a href=\"https:\/\/i0.wp.com\/www.jojoenherbe.com\/wp-content\/uploads\/2021\/09\/Selection-Automne-et-Halloween-2021-scaled.jpg\"><img data-recalc-dims=\"1\" loading=\"lazy\" decoding=\"async\" data-attachment-id=\"20763\" data-permalink=\"http:\/\/www.jojoenherbe.com\/index.php\/2021\/09\/15\/billet-de-suivi-challenge-halloween-2021\/selection-automne-et-halloween-2021\/\" data-orig-file=\"https:\/\/i0.wp.com\/www.jojoenherbe.com\/wp-content\/uploads\/2021\/09\/Selection-Automne-et-Halloween-2021-scaled.jpg?fit=2560%2C1695\" data-orig-size=\"2560,1695\" data-comments-opened=\"1\" data-image-meta=\"{&quot;aperture&quot;:&quot;1.8&quot;,&quot;credit&quot;:&quot;&quot;,&quot;camera&quot;:&quot;iPhone 7&quot;,&quot;caption&quot;:&quot;&quot;,&quot;created_timestamp&quot;:&quot;1631889517&quot;,&quot;copyright&quot;:&quot;&quot;,&quot;focal_length&quot;:&quot;3.99&quot;,&quot;iso&quot;:&quot;100&quot;,&quot;shutter_speed&quot;:&quot;0.071428571428571&quot;,&quot;title&quot;:&quot;&quot;,&quot;orientation&quot;:&quot;1&quot;}\" data-image-title=\"S\u00e9lection Automne et Halloween 2021\" data-image-description=\"\" data-image-caption=\"\" data-large-file=\"https:\/\/i0.wp.com\/www.jojoenherbe.com\/wp-content\/uploads\/2021\/09\/Selection-Automne-et-Halloween-2021-scaled.jpg?fit=676%2C448\" class=\"size-thumbnail wp-image-20763 alignright\" src=\"https:\/\/i0.wp.com\/www.jojoenherbe.com\/wp-content\/uploads\/2021\/09\/Selection-Automne-et-Halloween-2021.jpg?resize=150%2C150\" alt=\"\" width=\"150\" height=\"150\" srcset=\"https:\/\/i0.wp.com\/www.jojoenherbe.com\/wp-content\/uploads\/2021\/09\/Selection-Automne-et-Halloween-2021-scaled.jpg?resize=150%2C150 150w, https:\/\/i0.wp.com\/www.jojoenherbe.com\/wp-content\/uploads\/2021\/09\/Selection-Automne-et-Halloween-2021-scaled.jpg?zoom=2&amp;resize=150%2C150 300w, https:\/\/i0.wp.com\/www.jojoenherbe.com\/wp-content\/uploads\/2021\/09\/Selection-Automne-et-Halloween-2021-scaled.jpg?zoom=3&amp;resize=150%2C150 450w\" sizes=\"auto, (max-width: 150px) 100vw, 150px\" \/><\/a><em>Le <strong>17 septembre 2021<\/strong>, je fais un passage rapide \u00e0 une autre annexe de la m\u00e9diath\u00e8que pour r\u00e9cup\u00e9rer de nouvelles r\u00e9servations: des albums jeunesse: <span style=\"text-decoration: underline;\">Frimousse et ses amis<\/span> d\u2019\u00c9glantine Thorne et John Butler (\u00e9d. Quatre Fleuves, 2005), <span style=\"text-decoration: underline;\">Grommelle et Bretelle<\/span> de Christine Naumann-Villemin et Pascal Vilcollet (\u00e9d. Kal\u00e9idoscope, diff. L&rsquo;\u00e9cole des loisirs, 2008) et <span style=\"text-decoration: underline;\">Les cauchemars sont dans de beaux draps!<\/span> de Sandra Nelson et Nicolas Francescon (\u00e9d. Gautier-Languereau, 2014), <span style=\"text-decoration: underline;\">Un pique-nique tr\u00e8s r\u00e9ussi<\/span> de Kimiko (\u00e9d. L&rsquo;\u00e9cole des loisirs, 2017), une BD jeunesse: le tome 8 de <span style=\"text-decoration: underline;\">Petit Poilu, La for\u00eat des Ombres<\/span> de Pierre Bailly et C\u00e9line Fraipont (\u00e9d. Dupuis, 2010) ainsi que deux romans: <span style=\"text-decoration: underline;\">Les sept sorciers<\/span> de Caro King (\u00e9d. Prisma, 2012, 376 pages) et <span style=\"text-decoration: underline;\">Le r\u00e9veil des sorci\u00e8res<\/span> de St\u00e9phanie Janicot (\u00e9d. Albin Michel, 2020, 330 pages).<\/em><\/p>\n<p style=\"text-align: justify;\"><em>Ce week-end, nous lisons la plupart des derniers emprunts jeunesse comme par exemple <strong><span style=\"text-decoration: underline;\">Grommelle et Bretelle<\/span><\/strong>, une histoire qui se lit dans les deux sens, d&rsquo;un c\u00f4t\u00e9 une petite sorci\u00e8re qui voudrait faire peur et de l&rsquo;autre un petit clown qui voudrait faire rire.<\/em><\/p>\n<p style=\"text-align: justify;\"><em>Dimanche soir, le <strong>19 septembre 2021<\/strong>, je commence \u00e0 lire <strong><span style=\"text-decoration: underline;\">Les sept sorciers<\/span><\/strong> de Caro King (\u00e9d. Prisma, 2012, 376 pages) jusqu&rsquo;au chapitre 6 (62 pages lues), une jeune fille Nin d\u00e9couvrant qu&rsquo;elle est la seule \u00e0 se souvenir de son jeune fr\u00e8re, Toby qui a disparu, ayant \u00e9t\u00e9 enlev\u00e9 par un croquemitaine, Skerridge et qui a son tour arrive \u00e0 \u00e9chapper \u00e0 ce dernier. Nin parviendra-t-elle \u00e0 retrouver son fr\u00e8re? Pour le moment, l&rsquo;univers fantastique se met doucement en place. <\/em><\/p>\n<p><strong><em><span style=\"text-decoration: underline;\">Semaine 2 du Challenge Halloween<\/span>:<\/em><\/strong><\/p>\n<p style=\"text-align: justify;\"><em><a href=\"https:\/\/i0.wp.com\/www.jojoenherbe.com\/wp-content\/uploads\/2021\/09\/Lecture-jeunesse-Halloween-4-scaled.jpg\"><img data-recalc-dims=\"1\" loading=\"lazy\" decoding=\"async\" data-attachment-id=\"20843\" data-permalink=\"http:\/\/www.jojoenherbe.com\/index.php\/2021\/09\/15\/billet-de-suivi-challenge-halloween-2021\/lecture-jeunesse-halloween-4\/\" data-orig-file=\"https:\/\/i0.wp.com\/www.jojoenherbe.com\/wp-content\/uploads\/2021\/09\/Lecture-jeunesse-Halloween-4-scaled.jpg?fit=2560%2C1920\" data-orig-size=\"2560,1920\" data-comments-opened=\"1\" data-image-meta=\"{&quot;aperture&quot;:&quot;1.8&quot;,&quot;credit&quot;:&quot;&quot;,&quot;camera&quot;:&quot;iPhone 7&quot;,&quot;caption&quot;:&quot;&quot;,&quot;created_timestamp&quot;:&quot;1632148806&quot;,&quot;copyright&quot;:&quot;&quot;,&quot;focal_length&quot;:&quot;3.99&quot;,&quot;iso&quot;:&quot;100&quot;,&quot;shutter_speed&quot;:&quot;0.071428571428571&quot;,&quot;title&quot;:&quot;&quot;,&quot;orientation&quot;:&quot;1&quot;}\" data-image-title=\"Lecture jeunesse Halloween #4\" data-image-description=\"\" data-image-caption=\"\" data-large-file=\"https:\/\/i0.wp.com\/www.jojoenherbe.com\/wp-content\/uploads\/2021\/09\/Lecture-jeunesse-Halloween-4-scaled.jpg?fit=676%2C507\" class=\"alignleft size-thumbnail wp-image-20843\" src=\"https:\/\/i0.wp.com\/www.jojoenherbe.com\/wp-content\/uploads\/2021\/09\/Lecture-jeunesse-Halloween-4.jpg?resize=150%2C150\" alt=\"\" width=\"150\" height=\"150\" srcset=\"https:\/\/i0.wp.com\/www.jojoenherbe.com\/wp-content\/uploads\/2021\/09\/Lecture-jeunesse-Halloween-4-scaled.jpg?resize=150%2C150 150w, https:\/\/i0.wp.com\/www.jojoenherbe.com\/wp-content\/uploads\/2021\/09\/Lecture-jeunesse-Halloween-4-scaled.jpg?zoom=2&amp;resize=150%2C150 300w, https:\/\/i0.wp.com\/www.jojoenherbe.com\/wp-content\/uploads\/2021\/09\/Lecture-jeunesse-Halloween-4-scaled.jpg?zoom=3&amp;resize=150%2C150 450w\" sizes=\"auto, (max-width: 150px) 100vw, 150px\" \/><\/a>Le <strong>20 septembre 2021<\/strong>, je fais un saut \u00e0 la librairie pour r\u00e9cup\u00e9rer des r\u00e9servations: <strong>le dernier tome d&rsquo;<span style=\"text-decoration: underline;\">Ana Ana<\/span><\/strong> paru vendredi dernier, <strong><span style=\"text-decoration: underline;\">L&rsquo;histoire incroyable<\/span> (T18)<\/strong> d&rsquo;Alexis Dormal et Dominique Roques (\u00e9d. Dargaud, 2021), une BD jeunesse pour les 3\/6 ans et qui &#8211; pur hasard &#8211; parle d&rsquo;un monstre buveur de th\u00e9 (d\u00e9j\u00e0 lu et relu), l&rsquo;int\u00e9grale de <span style=\"text-decoration: underline;\">Capucine, la petite sorci\u00e8re<\/span> de Tanguy et Quentin Gr\u00e9ban (\u00e9d. Mijade, coll. Passerelle, r\u00e9\u00e9d. 2020) et le tome 3 de <span style=\"text-decoration: underline;\">Spooky, Les contes de travers, Malices de princesse<\/span> de Carine-M et \u00c9lian Black&rsquo;mor (\u00e9d. Gl\u00e9nat Jeunesse, 2017), une BD jeunesse pour la LC avec Hilde \u00e0 la mi-octobre.<\/em><\/p>\n<p style=\"text-align: justify;\"><em>Du c\u00f4t\u00e9 des participantes, <a href=\"https:\/\/avenuereinemathilde.com\/challenge-halloween-2021\/\">Tiphanya et sa fille Nine<\/a> nous ont rejointes, Tiphanya proposant un swap et Nine ayant d\u00e9j\u00e0 attaqu\u00e9 sa jolie PAL de romans jeunesse: <span style=\"text-decoration: underline;\">Le grand livre de l&rsquo;horreur<\/span>, <span style=\"text-decoration: underline;\">Le fant\u00f4me de Canterville<\/span>, <span style=\"text-decoration: underline;\">Comment se d\u00e9barrasser d&rsquo;un vampire<\/span>, <span style=\"text-decoration: underline;\">Wicca, le manoir de Sorcelage<\/span>&#8230; ainsi que <a href=\"https:\/\/chezpurple.blogspot.com\/2021\/09\/il-revient.html\">Purple Velvet<\/a> qui va se plonger dans l&rsquo;univers de <span style=\"text-decoration: underline;\">La Dame de Pique<\/span>. <a href=\"http:\/\/viedecontedefee.blogspot.com\/2021\/09\/1678-challenge-halloween-ca-commence.html\">Samarian<\/a> a concoct\u00e9 une PAL halloweenesque avec des cosy mystery et des lectures jeunesse inspir\u00e9es de Chicky Poo et aussi des albums jeunesse avec ses \u00e9l\u00e8ves comme <span style=\"text-decoration: underline;\">Une soupe 100% Sorci\u00e8re<\/span> ou <span style=\"text-decoration: underline;\">Cornebidouille<\/span>.<br \/>\n<\/em><\/p>\n<p style=\"text-align: justify;\"><em>En fin d&rsquo;apr\u00e8s-midi, avec la Team Loisirs cr\u00e9atifs de Syl, je fais avec mon mini lutin de la feutrine. Pour les histoires du soir, c&rsquo;est relecture du dernier <span style=\"text-decoration: underline;\">Ana Ana<\/span> et <strong><span style=\"text-decoration: underline;\">Des cauchemars sont dans de beaux draps!<\/span><\/strong>, des albums jeunesse. Et en soir\u00e9e, je continue <span style=\"text-decoration: underline;\">Les sept sorciers<\/span>.<\/em><\/p>\n<p style=\"text-align: justify;\"><em><a href=\"https:\/\/i0.wp.com\/www.jojoenherbe.com\/wp-content\/uploads\/2021\/09\/Guirlande-dautomne-5-scaled.jpg\"><img data-recalc-dims=\"1\" loading=\"lazy\" decoding=\"async\" data-attachment-id=\"20912\" data-permalink=\"http:\/\/www.jojoenherbe.com\/index.php\/2021\/09\/22\/une-guirlande-dautomne\/guirlande-dautomne-5\/\" data-orig-file=\"https:\/\/i0.wp.com\/www.jojoenherbe.com\/wp-content\/uploads\/2021\/09\/Guirlande-dautomne-5-scaled.jpg?fit=2560%2C1371\" data-orig-size=\"2560,1371\" data-comments-opened=\"1\" data-image-meta=\"{&quot;aperture&quot;:&quot;1.8&quot;,&quot;credit&quot;:&quot;&quot;,&quot;camera&quot;:&quot;iPhone 7&quot;,&quot;caption&quot;:&quot;&quot;,&quot;created_timestamp&quot;:&quot;1632409975&quot;,&quot;copyright&quot;:&quot;&quot;,&quot;focal_length&quot;:&quot;3.99&quot;,&quot;iso&quot;:&quot;32&quot;,&quot;shutter_speed&quot;:&quot;0.02&quot;,&quot;title&quot;:&quot;&quot;,&quot;orientation&quot;:&quot;1&quot;}\" data-image-title=\"Guirlande d&amp;rsquo;automne 5\" data-image-description=\"\" data-image-caption=\"\" data-large-file=\"https:\/\/i0.wp.com\/www.jojoenherbe.com\/wp-content\/uploads\/2021\/09\/Guirlande-dautomne-5-scaled.jpg?fit=676%2C362\" class=\"size-thumbnail wp-image-20912 alignright\" src=\"https:\/\/i0.wp.com\/www.jojoenherbe.com\/wp-content\/uploads\/2021\/09\/Guirlande-dautomne-5.jpg?resize=150%2C150\" alt=\"\" width=\"150\" height=\"150\" srcset=\"https:\/\/i0.wp.com\/www.jojoenherbe.com\/wp-content\/uploads\/2021\/09\/Guirlande-dautomne-5-scaled.jpg?resize=150%2C150 150w, https:\/\/i0.wp.com\/www.jojoenherbe.com\/wp-content\/uploads\/2021\/09\/Guirlande-dautomne-5-scaled.jpg?zoom=2&amp;resize=150%2C150 300w, https:\/\/i0.wp.com\/www.jojoenherbe.com\/wp-content\/uploads\/2021\/09\/Guirlande-dautomne-5-scaled.jpg?zoom=3&amp;resize=150%2C150 450w\" sizes=\"auto, (max-width: 150px) 100vw, 150px\" \/><\/a>Le <strong>22 septembre 2021<\/strong>, nous finissons dans l&rsquo;apr\u00e8s-midi une <a href=\"http:\/\/www.jojoenherbe.com\/index.php\/2021\/09\/22\/une-guirlande-dautomne\/\">guirlande d&rsquo;automne<\/a> que nous avions commenc\u00e9 il y a quelques jours en faisant d&rsquo;autres renards et hiboux en feutrine. En soir\u00e9e, je finis de coudre de nouvelles feuilles en feutrine. Le lendemain, je l&rsquo;installe sur une de nos biblioth\u00e8ques, ce qui me permet de rajouter des photos dans mon billet.&nbsp;<\/em><\/p>\n<p style=\"text-align: justify;\"><em>C\u00f4t\u00e9 lecture, cela fait plusieurs jours que nous lisons et relisons <span style=\"text-decoration: underline;\">Le grand m\u00e9nage<\/span> et le dernier tome d&rsquo;<span style=\"text-decoration: underline;\">Ana Ana, L&rsquo;histoire incroyable<\/span>. Le <strong>23 septembre 2021<\/strong>, je finis dans la soir\u00e9e <span style=\"text-decoration: underline;\">Les sept sorciers<\/span>.<\/em><\/p>\n<p style=\"text-align: justify;\"><img data-recalc-dims=\"1\" loading=\"lazy\" decoding=\"async\" data-attachment-id=\"6262\" data-permalink=\"http:\/\/www.jojoenherbe.com\/index.php\/2019\/06\/07\/des-papillons-en-peinture\/papillons-en-peinture-2\/\" data-orig-file=\"https:\/\/i0.wp.com\/www.jojoenherbe.com\/wp-content\/uploads\/2019\/06\/Papillons-en-peinture-2.jpg?fit=2890%2C2132\" data-orig-size=\"2890,2132\" data-comments-opened=\"1\" data-image-meta=\"{&quot;aperture&quot;:&quot;2.4&quot;,&quot;credit&quot;:&quot;&quot;,&quot;camera&quot;:&quot;iPhone 4S&quot;,&quot;caption&quot;:&quot;&quot;,&quot;created_timestamp&quot;:&quot;1559848417&quot;,&quot;copyright&quot;:&quot;&quot;,&quot;focal_length&quot;:&quot;4.28&quot;,&quot;iso&quot;:&quot;400&quot;,&quot;shutter_speed&quot;:&quot;0.066666666666667&quot;,&quot;title&quot;:&quot;&quot;,&quot;orientation&quot;:&quot;1&quot;}\" data-image-title=\"Papillons en peinture 2\" data-image-description=\"\" data-image-caption=\"\" data-large-file=\"https:\/\/i0.wp.com\/www.jojoenherbe.com\/wp-content\/uploads\/2019\/06\/Papillons-en-peinture-2.jpg?fit=676%2C498\" class=\"alignleft wp-image-6262\" src=\"https:\/\/i0.wp.com\/avenuereinemathilde.com\/wp-content\/uploads\/2021\/09\/plumes-f%C3%A9minines-dautomne-1024x1024.jpg?resize=125%2C125&#038;ssl=1\" sizes=\"auto, (max-width: 400px) 100vw, 400px\" srcset=\"https:\/\/avenuereinemathilde.com\/wp-content\/uploads\/2021\/09\/plumes-f\u00e9minines-dautomne-1024x1024.jpg 1024w, https:\/\/avenuereinemathilde.com\/wp-content\/uploads\/2021\/09\/plumes-f\u00e9minines-dautomne-150x150.jpg 150w, https:\/\/avenuereinemathilde.com\/wp-content\/uploads\/2021\/09\/plumes-f\u00e9minines-dautomne-300x300.jpg 300w, https:\/\/avenuereinemathilde.com\/wp-content\/uploads\/2021\/09\/plumes-f\u00e9minines-dautomne-768x768.jpg 768w\" alt=\"Logo Plumes f\u00e9minines d'automne\" width=\"125\" height=\"125\"><em>Du c\u00f4t\u00e9 des participantes, <a href=\"https:\/\/avenuereinemathilde.com\/romans-halloween-par-des-autrices\/\">Tiphanya<\/a> a publi\u00e9 une longue liste de suggestions de romans d&rsquo;autrices pour Halloween. Je me renote au passage un de ses coups de c\u0153ur, <span style=\"text-decoration: underline;\">Les tribulations d\u2019Esther Parmentier<\/span>. <a href=\"https:\/\/vivrelivre19.over-blog.com\/2021\/09\/challenge-halloween-2021.html\">Blandine<\/a> nous a \u00e9galement rejointes avec une PAL tout aussi int\u00e9ressante et constitu\u00e9e de livres \u00ab\u00a0exhum\u00e9s ou fra\u00eechement inhum\u00e9s\u00a0\u00bb comme <span style=\"text-decoration: underline;\">Les Croques<\/span> ou <span style=\"text-decoration: underline;\">Kiki la petite sorci\u00e8re<\/span>.<\/em><\/p>\n<p style=\"text-align: justify;\"><em><a href=\"https:\/\/i0.wp.com\/www.jojoenherbe.com\/wp-content\/uploads\/2021\/09\/109-Rue-des-Soupirs-T1-et-T2-scaled.jpg\"><img data-recalc-dims=\"1\" loading=\"lazy\" decoding=\"async\" data-attachment-id=\"21004\" data-permalink=\"http:\/\/www.jojoenherbe.com\/index.php\/2021\/09\/15\/billet-de-suivi-challenge-halloween-2021\/109-rue-des-soupirs-t1-et-t2\/\" data-orig-file=\"https:\/\/i0.wp.com\/www.jojoenherbe.com\/wp-content\/uploads\/2021\/09\/109-Rue-des-Soupirs-T1-et-T2-scaled.jpg?fit=2560%2C1817\" data-orig-size=\"2560,1817\" data-comments-opened=\"1\" data-image-meta=\"{&quot;aperture&quot;:&quot;1.8&quot;,&quot;credit&quot;:&quot;&quot;,&quot;camera&quot;:&quot;iPhone 7&quot;,&quot;caption&quot;:&quot;&quot;,&quot;created_timestamp&quot;:&quot;1632733840&quot;,&quot;copyright&quot;:&quot;&quot;,&quot;focal_length&quot;:&quot;3.99&quot;,&quot;iso&quot;:&quot;80&quot;,&quot;shutter_speed&quot;:&quot;0.2&quot;,&quot;title&quot;:&quot;&quot;,&quot;orientation&quot;:&quot;1&quot;}\" data-image-title=\"109 Rue des Soupirs T1 et T2\" data-image-description=\"\" data-image-caption=\"\" data-large-file=\"https:\/\/i0.wp.com\/www.jojoenherbe.com\/wp-content\/uploads\/2021\/09\/109-Rue-des-Soupirs-T1-et-T2-scaled.jpg?fit=676%2C480\" class=\"size-thumbnail wp-image-21004 alignright\" src=\"https:\/\/i0.wp.com\/www.jojoenherbe.com\/wp-content\/uploads\/2021\/09\/109-Rue-des-Soupirs-T1-et-T2.jpg?resize=150%2C150\" alt=\"\" width=\"150\" height=\"150\" srcset=\"https:\/\/i0.wp.com\/www.jojoenherbe.com\/wp-content\/uploads\/2021\/09\/109-Rue-des-Soupirs-T1-et-T2-scaled.jpg?resize=150%2C150 150w, https:\/\/i0.wp.com\/www.jojoenherbe.com\/wp-content\/uploads\/2021\/09\/109-Rue-des-Soupirs-T1-et-T2-scaled.jpg?zoom=2&amp;resize=150%2C150 300w, https:\/\/i0.wp.com\/www.jojoenherbe.com\/wp-content\/uploads\/2021\/09\/109-Rue-des-Soupirs-T1-et-T2-scaled.jpg?zoom=3&amp;resize=150%2C150 450w\" sizes=\"auto, (max-width: 150px) 100vw, 150px\" \/><\/a>Le <strong>24 septembre 2021<\/strong>, je lis en soir\u00e9e <strong>les deux premiers tomes de <span style=\"text-decoration: underline;\">109 Rue des Soupirs<\/span><\/strong> de Mr. Tran et Yomgui Dumont (\u00e9d. Casterman, 2019 et 2020), une BD jeunesse: <strong><span style=\"text-decoration: underline;\">Fant\u00f4mes \u00e0 domicile<\/span><\/strong> puis <strong><span style=\"text-decoration: underline;\">Fant\u00f4mes sur le grill<\/span><\/strong>. Elliot, un petit gar\u00e7on de 9 ans laiss\u00e9 tr\u00e8s souvent seul par ses parents devient ami avec les fant\u00f4mes hantant le 109 Rue des Soupirs, trouvant aupr\u00e8s d&rsquo;eux une seconde famille. Parviendra-t-il \u00e0 les prot\u00e9ger des chasseurs de fant\u00f4mes? Une BD rigolote par Antoine Dole alias Mr. Tran, l&rsquo;auteur de <span style=\"text-decoration: underline;\">Mortelle Ad\u00e8le<\/span>.<\/em><\/p>\n<p style=\"text-align: justify;\"><em><a href=\"https:\/\/i0.wp.com\/www.jojoenherbe.com\/wp-content\/uploads\/2021\/09\/Albums-jeunesse-Halloween-4-scaled.jpg\"><img data-recalc-dims=\"1\" loading=\"lazy\" decoding=\"async\" data-attachment-id=\"21008\" data-permalink=\"http:\/\/www.jojoenherbe.com\/index.php\/2021\/09\/15\/billet-de-suivi-challenge-halloween-2021\/albums-jeunesse-halloween-4\/\" data-orig-file=\"https:\/\/i0.wp.com\/www.jojoenherbe.com\/wp-content\/uploads\/2021\/09\/Albums-jeunesse-Halloween-4-scaled.jpg?fit=2560%2C1807\" data-orig-size=\"2560,1807\" data-comments-opened=\"1\" data-image-meta=\"{&quot;aperture&quot;:&quot;1.8&quot;,&quot;credit&quot;:&quot;&quot;,&quot;camera&quot;:&quot;iPhone 7&quot;,&quot;caption&quot;:&quot;&quot;,&quot;created_timestamp&quot;:&quot;1632734508&quot;,&quot;copyright&quot;:&quot;&quot;,&quot;focal_length&quot;:&quot;3.99&quot;,&quot;iso&quot;:&quot;100&quot;,&quot;shutter_speed&quot;:&quot;0.14285714285714&quot;,&quot;title&quot;:&quot;&quot;,&quot;orientation&quot;:&quot;1&quot;}\" data-image-title=\"Albums jeunesse Halloween #4\" data-image-description=\"\" data-image-caption=\"\" data-large-file=\"https:\/\/i0.wp.com\/www.jojoenherbe.com\/wp-content\/uploads\/2021\/09\/Albums-jeunesse-Halloween-4-scaled.jpg?fit=676%2C477\" class=\"alignleft size-thumbnail wp-image-21008\" src=\"https:\/\/i0.wp.com\/www.jojoenherbe.com\/wp-content\/uploads\/2021\/09\/Albums-jeunesse-Halloween-4.jpg?resize=150%2C150\" alt=\"\" width=\"150\" height=\"150\" srcset=\"https:\/\/i0.wp.com\/www.jojoenherbe.com\/wp-content\/uploads\/2021\/09\/Albums-jeunesse-Halloween-4-scaled.jpg?resize=150%2C150 150w, https:\/\/i0.wp.com\/www.jojoenherbe.com\/wp-content\/uploads\/2021\/09\/Albums-jeunesse-Halloween-4-scaled.jpg?zoom=2&amp;resize=150%2C150 300w, https:\/\/i0.wp.com\/www.jojoenherbe.com\/wp-content\/uploads\/2021\/09\/Albums-jeunesse-Halloween-4-scaled.jpg?zoom=3&amp;resize=150%2C150 450w\" sizes=\"auto, (max-width: 150px) 100vw, 150px\" \/><\/a>Le <strong>25 septembre 2021<\/strong>, apr\u00e8s une sortie \u00e0 Vaugrenier qui a pris fin avec une averse, nous sommes rentr\u00e9s et avons fait une petite pause lecture apr\u00e8s le go\u00fbter avec notamment des albums jeunesse automnaux et halloweenesques: <strong><span style=\"text-decoration: underline;\">La f\u00eate d&rsquo;automne de la famille souris<\/span><\/strong>, <strong><span style=\"text-decoration: underline;\">La famille Souris et le potiron<\/span><\/strong>, <strong><span style=\"text-decoration: underline;\">Un th\u00e9 \u00e0 l&rsquo;eau de parapluie<\/span><\/strong> de Karen Hottois et Chlo\u00e9 Malard (\u00e9d. Seuil Jeunesse, 2020), <strong><span style=\"text-decoration: underline;\">Le Crafougna<\/span><\/strong> de St\u00e9phane Servant et Anne Montel (\u00e9d. Didier Jeunesse, 2012), <strong><span style=\"text-decoration: underline;\">Une soupe 100% Sorci\u00e8re<\/span><\/strong> de Quitterie Simon et Magali Le Huche&#8230; <\/em><\/p>\n<p style=\"text-align: justify;\"><em>Le <strong>26 septembre 2021<\/strong>, nous relisons, comme hier, des albums jeunesse donc certains automnaux et halloweenesques comme <span style=\"text-decoration: underline;\">La f\u00eate d&rsquo;automne de la famille souris<\/span>, <span style=\"text-decoration: underline;\">La famille Souris et le potiron<\/span>, <span style=\"text-decoration: underline;\">Le Crafougna<\/span>, le dernier tome d&rsquo;<span style=\"text-decoration: underline;\">Ana Ana, L&rsquo;histoire incroyable<\/span>, <strong><span style=\"text-decoration: underline;\">Sorcidonie et les magipotirons<\/span><\/strong>&#8230; <\/em><\/p>\n<p style=\"text-align: justify;\"><em><a href=\"https:\/\/i0.wp.com\/www.jojoenherbe.com\/wp-content\/uploads\/2021\/09\/Sorcidonie-et-les-magipotirons-4-scaled.jpg\"><img data-recalc-dims=\"1\" loading=\"lazy\" decoding=\"async\" data-attachment-id=\"20990\" data-permalink=\"http:\/\/www.jojoenherbe.com\/index.php\/2021\/09\/26\/au-fil-des-pages-avec-sorcidonie-et-les-magipotirons\/sorcidonie-et-les-magipotirons-4\/\" data-orig-file=\"https:\/\/i0.wp.com\/www.jojoenherbe.com\/wp-content\/uploads\/2021\/09\/Sorcidonie-et-les-magipotirons-4-scaled.jpg?fit=2560%2C2053\" data-orig-size=\"2560,2053\" data-comments-opened=\"1\" data-image-meta=\"{&quot;aperture&quot;:&quot;1.8&quot;,&quot;credit&quot;:&quot;&quot;,&quot;camera&quot;:&quot;iPhone 7&quot;,&quot;caption&quot;:&quot;&quot;,&quot;created_timestamp&quot;:&quot;1632677313&quot;,&quot;copyright&quot;:&quot;&quot;,&quot;focal_length&quot;:&quot;3.99&quot;,&quot;iso&quot;:&quot;100&quot;,&quot;shutter_speed&quot;:&quot;0.25&quot;,&quot;title&quot;:&quot;&quot;,&quot;orientation&quot;:&quot;1&quot;}\" data-image-title=\"Sorcidonie et les magipotirons 4\" data-image-description=\"\" data-image-caption=\"\" data-large-file=\"https:\/\/i0.wp.com\/www.jojoenherbe.com\/wp-content\/uploads\/2021\/09\/Sorcidonie-et-les-magipotirons-4-scaled.jpg?fit=676%2C542\" class=\"size-thumbnail wp-image-20990 alignright\" src=\"https:\/\/i0.wp.com\/www.jojoenherbe.com\/wp-content\/uploads\/2021\/09\/Sorcidonie-et-les-magipotirons-4.jpg?resize=150%2C150\" alt=\"\" width=\"150\" height=\"150\" srcset=\"https:\/\/i0.wp.com\/www.jojoenherbe.com\/wp-content\/uploads\/2021\/09\/Sorcidonie-et-les-magipotirons-4-scaled.jpg?resize=150%2C150 150w, https:\/\/i0.wp.com\/www.jojoenherbe.com\/wp-content\/uploads\/2021\/09\/Sorcidonie-et-les-magipotirons-4-scaled.jpg?zoom=2&amp;resize=150%2C150 300w, https:\/\/i0.wp.com\/www.jojoenherbe.com\/wp-content\/uploads\/2021\/09\/Sorcidonie-et-les-magipotirons-4-scaled.jpg?zoom=3&amp;resize=150%2C150 450w\" sizes=\"auto, (max-width: 150px) 100vw, 150px\" \/><\/a>A l&rsquo;heure du go\u00fbter, nous mangeons des magibiscuits, la recette de sabl\u00e9s ayant \u00e9t\u00e9 prise dans <a href=\"http:\/\/www.jojoenherbe.com\/index.php\/2021\/09\/26\/au-fil-des-pages-avec-sorcidonie-et-les-magipotirons\/\"><span style=\"text-decoration: underline;\">Sorcidonie et les magipotirons<\/span><\/a>. <\/em><em>Dans la journ\u00e9e, nous faisons \u00e9galement des petites cr\u00e9ations DIY comme par exemple des champignons en feutrine, des Jack O&rsquo;Lantern avec des billes en bois ou encore un bonhomme en champignon.<\/em><\/p>\n<p style=\"text-align: justify;\"><em><a href=\"https:\/\/i0.wp.com\/www.jojoenherbe.com\/wp-content\/uploads\/2021\/09\/Amelia-Fang-T5-scaled.jpg\"><img data-recalc-dims=\"1\" loading=\"lazy\" decoding=\"async\" data-attachment-id=\"21005\" data-permalink=\"http:\/\/www.jojoenherbe.com\/index.php\/2021\/09\/15\/billet-de-suivi-challenge-halloween-2021\/amelia-fang-t5\/\" data-orig-file=\"https:\/\/i0.wp.com\/www.jojoenherbe.com\/wp-content\/uploads\/2021\/09\/Amelia-Fang-T5-scaled.jpg?fit=2560%2C1996\" data-orig-size=\"2560,1996\" data-comments-opened=\"1\" data-image-meta=\"{&quot;aperture&quot;:&quot;1.8&quot;,&quot;credit&quot;:&quot;&quot;,&quot;camera&quot;:&quot;iPhone 7&quot;,&quot;caption&quot;:&quot;&quot;,&quot;created_timestamp&quot;:&quot;1632733863&quot;,&quot;copyright&quot;:&quot;&quot;,&quot;focal_length&quot;:&quot;3.99&quot;,&quot;iso&quot;:&quot;100&quot;,&quot;shutter_speed&quot;:&quot;0.2&quot;,&quot;title&quot;:&quot;&quot;,&quot;orientation&quot;:&quot;1&quot;}\" data-image-title=\"Am\u00e9lia Fang T5\" data-image-description=\"\" data-image-caption=\"\" data-large-file=\"https:\/\/i0.wp.com\/www.jojoenherbe.com\/wp-content\/uploads\/2021\/09\/Amelia-Fang-T5-scaled.jpg?fit=676%2C527\" class=\"alignleft size-thumbnail wp-image-21005\" src=\"https:\/\/i0.wp.com\/www.jojoenherbe.com\/wp-content\/uploads\/2021\/09\/Amelia-Fang-T5.jpg?resize=150%2C150\" alt=\"\" width=\"150\" height=\"150\" srcset=\"https:\/\/i0.wp.com\/www.jojoenherbe.com\/wp-content\/uploads\/2021\/09\/Amelia-Fang-T5-scaled.jpg?resize=150%2C150 150w, https:\/\/i0.wp.com\/www.jojoenherbe.com\/wp-content\/uploads\/2021\/09\/Amelia-Fang-T5-scaled.jpg?zoom=2&amp;resize=150%2C150 300w, https:\/\/i0.wp.com\/www.jojoenherbe.com\/wp-content\/uploads\/2021\/09\/Amelia-Fang-T5-scaled.jpg?zoom=3&amp;resize=150%2C150 450w\" sizes=\"auto, (max-width: 150px) 100vw, 150px\" \/><\/a>En soir\u00e9e, je commence \u00e0 lire jusqu&rsquo;au chapitre 7 <strong>le tome 5<\/strong> d&rsquo;Am\u00e9lia Fang, <strong><span style=\"text-decoration: underline;\">Am\u00e9lia Fang et le tr\u00e9sor des Y\u00e9tis<\/span><\/strong> de Laura Ellen Anderson (\u00e9d. Casterman, 2021), Am\u00e9lia, Florence, Grimaldi et Tangine passant un s\u00e9jour au mont des Y\u00e9tis pour les 350 ans de la grand-m\u00e8re de Florence. Je finis ce roman la semaine suivante, en reprenant l\u00e0 o\u00f9 des objets paillet\u00e9s disparaissent puis plus tard Tangine. Encore une chouette aventure d&rsquo;Am\u00e9lia et ses amis qui r\u00e9solvent une nouvelle fois une enqu\u00eate paillet\u00e9e et \u00ab\u00a0citrouill\u00e9e\u00a0\u00bb!<br \/>\n<\/em><\/p>\n<p><strong><em><span style=\"text-decoration: underline;\">Semaine 3 du Challenge Halloween<\/span>:<\/em><\/strong><\/p>\n<p style=\"text-align: justify;\"><em><a href=\"https:\/\/i0.wp.com\/www.jojoenherbe.com\/wp-content\/uploads\/2021\/09\/Peg-dolls-Halloween-scaled.jpg\"><img data-recalc-dims=\"1\" loading=\"lazy\" decoding=\"async\" data-attachment-id=\"21137\" data-permalink=\"http:\/\/www.jojoenherbe.com\/index.php\/2021\/09\/30\/des-peg-dolls-halloweenesques\/peg-dolls-halloween\/\" data-orig-file=\"https:\/\/i0.wp.com\/www.jojoenherbe.com\/wp-content\/uploads\/2021\/09\/Peg-dolls-Halloween-scaled.jpg?fit=2560%2C1394\" data-orig-size=\"2560,1394\" data-comments-opened=\"1\" data-image-meta=\"{&quot;aperture&quot;:&quot;1.8&quot;,&quot;credit&quot;:&quot;&quot;,&quot;camera&quot;:&quot;iPhone 7&quot;,&quot;caption&quot;:&quot;&quot;,&quot;created_timestamp&quot;:&quot;1632997090&quot;,&quot;copyright&quot;:&quot;&quot;,&quot;focal_length&quot;:&quot;3.99&quot;,&quot;iso&quot;:&quot;25&quot;,&quot;shutter_speed&quot;:&quot;0.03030303030303&quot;,&quot;title&quot;:&quot;&quot;,&quot;orientation&quot;:&quot;1&quot;}\" data-image-title=\"Peg dolls Halloween\" data-image-description=\"\" data-image-caption=\"\" data-large-file=\"https:\/\/i0.wp.com\/www.jojoenherbe.com\/wp-content\/uploads\/2021\/09\/Peg-dolls-Halloween-scaled.jpg?fit=676%2C368\" class=\"size-thumbnail wp-image-21137 alignright\" src=\"https:\/\/i0.wp.com\/www.jojoenherbe.com\/wp-content\/uploads\/2021\/09\/Peg-dolls-Halloween.jpg?resize=150%2C150\" alt=\"\" width=\"150\" height=\"150\" srcset=\"https:\/\/i0.wp.com\/www.jojoenherbe.com\/wp-content\/uploads\/2021\/09\/Peg-dolls-Halloween-scaled.jpg?resize=150%2C150 150w, https:\/\/i0.wp.com\/www.jojoenherbe.com\/wp-content\/uploads\/2021\/09\/Peg-dolls-Halloween-scaled.jpg?zoom=2&amp;resize=150%2C150 300w, https:\/\/i0.wp.com\/www.jojoenherbe.com\/wp-content\/uploads\/2021\/09\/Peg-dolls-Halloween-scaled.jpg?zoom=3&amp;resize=150%2C150 450w\" sizes=\"auto, (max-width: 150px) 100vw, 150px\" \/><\/a>Le <strong>29 septembre 2021<\/strong>, c&rsquo;est un deuxi\u00e8me Atelier cr\u00e9atif avec Syl, Hilde, Isabelle. Avec mon mini lutin, nous faisons avec de la feutrine et\/ou des feutres Posca depuis quelques jours des <a href=\"http:\/\/www.jojoenherbe.com\/index.php\/2021\/09\/30\/des-peg-dolls-halloweenesques\/\">peg dolls halloweenesques<\/a>: bonhomme champignon, citrouille Jack O\u2019Lantern, fant\u00f4me, vampire, sorci\u00e8re ou encore une fille portant une robe candy corn&#8230; <\/em><\/p>\n<p style=\"text-align: justify;\"><em><a href=\"https:\/\/i0.wp.com\/www.jojoenherbe.com\/wp-content\/uploads\/2021\/09\/Les-tribulations-dEsther-Parmentier-scaled.jpg\"><img data-recalc-dims=\"1\" loading=\"lazy\" decoding=\"async\" data-attachment-id=\"21143\" data-permalink=\"http:\/\/www.jojoenherbe.com\/index.php\/2021\/09\/15\/billet-de-suivi-challenge-halloween-2021\/les-tribulations-desther-parmentier\/\" data-orig-file=\"https:\/\/i0.wp.com\/www.jojoenherbe.com\/wp-content\/uploads\/2021\/09\/Les-tribulations-dEsther-Parmentier-scaled.jpg?fit=2560%2C1920\" data-orig-size=\"2560,1920\" data-comments-opened=\"1\" data-image-meta=\"{&quot;aperture&quot;:&quot;1.8&quot;,&quot;credit&quot;:&quot;&quot;,&quot;camera&quot;:&quot;iPhone 7&quot;,&quot;caption&quot;:&quot;&quot;,&quot;created_timestamp&quot;:&quot;1633000269&quot;,&quot;copyright&quot;:&quot;&quot;,&quot;focal_length&quot;:&quot;3.99&quot;,&quot;iso&quot;:&quot;100&quot;,&quot;shutter_speed&quot;:&quot;0.076923076923077&quot;,&quot;title&quot;:&quot;&quot;,&quot;orientation&quot;:&quot;1&quot;}\" data-image-title=\"Les tribulations d&amp;rsquo;Esther Parmentier\" data-image-description=\"\" data-image-caption=\"\" data-large-file=\"https:\/\/i0.wp.com\/www.jojoenherbe.com\/wp-content\/uploads\/2021\/09\/Les-tribulations-dEsther-Parmentier-scaled.jpg?fit=676%2C507\" class=\"alignleft size-thumbnail wp-image-21143\" src=\"https:\/\/i0.wp.com\/www.jojoenherbe.com\/wp-content\/uploads\/2021\/09\/Les-tribulations-dEsther-Parmentier.jpg?resize=150%2C150\" alt=\"\" width=\"150\" height=\"150\" srcset=\"https:\/\/i0.wp.com\/www.jojoenherbe.com\/wp-content\/uploads\/2021\/09\/Les-tribulations-dEsther-Parmentier-scaled.jpg?resize=150%2C150 150w, https:\/\/i0.wp.com\/www.jojoenherbe.com\/wp-content\/uploads\/2021\/09\/Les-tribulations-dEsther-Parmentier-scaled.jpg?zoom=2&amp;resize=150%2C150 300w, https:\/\/i0.wp.com\/www.jojoenherbe.com\/wp-content\/uploads\/2021\/09\/Les-tribulations-dEsther-Parmentier-scaled.jpg?zoom=3&amp;resize=150%2C150 450w\" sizes=\"auto, (max-width: 150px) 100vw, 150px\" \/><\/a>Je commence \u00e9galement \u00e0 lire dans l&rsquo;apr\u00e8s-midi puis en soir\u00e9e un roman jeunesse, coup de c\u0153ur de Tiphanya: <strong><span style=\"text-decoration: underline;\">Les tribulations d&rsquo;Esther Parmentier, Cadavre hach\u00e9 Vampire f\u00e2ch\u00e9, Une enqu\u00eate sang pour sang<\/span><\/strong> de Ma\u00eblle Desard (\u00e9d. Rageot, 2019, 383 pages), un roman jeunesse pour adolescents. Je m&rsquo;arr\u00eate au chapitre 17 au vu l&rsquo;heure et continuerai demain. La narration est \u00e0 l&rsquo;image du titre du roman, avec de nombreuses r\u00e9f\u00e9rences \u00e0 la pop culture et beaucoup d&rsquo;humour, avec les premiers pas d&rsquo;Esther Parmentier en tant que sorci\u00e8re stagiaire aupr\u00e8s de l&rsquo;agent Loan qui est charg\u00e9 d&rsquo;enqu\u00eater sur la disparition d&rsquo;adolescents \u00e0 Strasbourg et alentour. Je finis de le lire dans les jours qui suivent. Un tr\u00e8s bon moment de lecture en compagnie d&rsquo;Esther! J&rsquo;ai d\u00e9j\u00e0 not\u00e9 qu&rsquo;un deuxi\u00e8me tome est paru.<br \/>\n<\/em><\/p>\n<p style=\"text-align: justify;\"><em><a href=\"https:\/\/i0.wp.com\/www.jojoenherbe.com\/wp-content\/uploads\/2021\/09\/Winterwood-scaled.jpg\"><img data-recalc-dims=\"1\" loading=\"lazy\" decoding=\"async\" data-attachment-id=\"21181\" data-permalink=\"http:\/\/www.jojoenherbe.com\/index.php\/2021\/09\/15\/billet-de-suivi-challenge-halloween-2021\/winterwood\/\" data-orig-file=\"https:\/\/i0.wp.com\/www.jojoenherbe.com\/wp-content\/uploads\/2021\/09\/Winterwood-scaled.jpg?fit=2560%2C2089\" data-orig-size=\"2560,2089\" data-comments-opened=\"1\" data-image-meta=\"{&quot;aperture&quot;:&quot;1.8&quot;,&quot;credit&quot;:&quot;&quot;,&quot;camera&quot;:&quot;iPhone 7&quot;,&quot;caption&quot;:&quot;&quot;,&quot;created_timestamp&quot;:&quot;1633265646&quot;,&quot;copyright&quot;:&quot;&quot;,&quot;focal_length&quot;:&quot;3.99&quot;,&quot;iso&quot;:&quot;100&quot;,&quot;shutter_speed&quot;:&quot;0.16666666666667&quot;,&quot;title&quot;:&quot;&quot;,&quot;orientation&quot;:&quot;1&quot;}\" data-image-title=\"Winterwood\" data-image-description=\"\" data-image-caption=\"\" data-large-file=\"https:\/\/i0.wp.com\/www.jojoenherbe.com\/wp-content\/uploads\/2021\/09\/Winterwood-scaled.jpg?fit=676%2C551\" class=\"size-thumbnail wp-image-21181 alignright\" src=\"https:\/\/i0.wp.com\/www.jojoenherbe.com\/wp-content\/uploads\/2021\/09\/Winterwood.jpg?resize=150%2C150\" alt=\"\" width=\"150\" height=\"150\" srcset=\"https:\/\/i0.wp.com\/www.jojoenherbe.com\/wp-content\/uploads\/2021\/09\/Winterwood-scaled.jpg?resize=150%2C150 150w, https:\/\/i0.wp.com\/www.jojoenherbe.com\/wp-content\/uploads\/2021\/09\/Winterwood-scaled.jpg?zoom=2&amp;resize=150%2C150 300w, https:\/\/i0.wp.com\/www.jojoenherbe.com\/wp-content\/uploads\/2021\/09\/Winterwood-scaled.jpg?zoom=3&amp;resize=150%2C150 450w\" sizes=\"auto, (max-width: 150px) 100vw, 150px\" \/><\/a>Le <strong>2 octobre 2021<\/strong>, je commence un autre roman jeunesse pour adolescents jusqu&rsquo;\u00e0 la page 104: <strong><span style=\"text-decoration: underline;\">Winterwood, La for\u00eat des \u00e2mes perdues<\/span><\/strong> de Shea Ernshaw (\u00e9d. Rageot, 2020, 399 pages) avec l&rsquo;histoire de Nora Walker, jeune fille de 17 ans et descendante d&rsquo;une lign\u00e9e de sorci\u00e8res qui recueille Oliver Huntsman apr\u00e8s l&rsquo;avoir d\u00e9couvert dans la neige une nuit de pleine lune dans la sombre for\u00eat de Wicker Woods et alors que celui-ci a disparu depuis 15 jours du camp de redressement, en pleine temp\u00eate hivernale. Comment a-t-il pu survivre au froid?<\/em><\/p>\n<div style=\"width: 191px\" class=\"wp-caption alignleft\"><img data-recalc-dims=\"1\" loading=\"lazy\" decoding=\"async\" src=\"https:\/\/i0.wp.com\/1.bp.blogspot.com\/-eypXAeAe8J0\/YVi9fcLQM1I\/AAAAAAAAPaU\/_fNfazO9sTACrcgoRUehxFYu6VTx8Lh4gCLcBGAsYHQ\/s320\/witchcraft%2B-%2BCopie.jpg?resize=181%2C103&#038;ssl=1\" alt=\"\" data-original-height=\"285\" data-original-width=\"500\" width=\"181\" height=\"103\" border=\"0\"><p class=\"wp-caption-text\">Logo de Pedro<\/p><\/div>\n<p style=\"text-align: justify;\"><a href=\"http:\/\/books-tea-pie.blogspot.com\/2021\/10\/a-wiccan-halloween-is-coming.html\"><em>Pedro<\/em><\/a><em> nous a \u00e9galement rejoint avec cette ann\u00e9e un Wiccan Halloween pour fil conducteur avec Sabrina l&rsquo;apprentie sorci\u00e8re (nouvelle version) et un Sabbat plac\u00e9 sous le sceau de la Wicca et le paganisme, l&rsquo;occasion de nous pr\u00e9senter encore cette ann\u00e9e un tr\u00e8s joli logo pour le challenge.&nbsp;<\/em><\/p>\n<p style=\"text-align: justify;\"><em><a href=\"https:\/\/i0.wp.com\/www.jojoenherbe.com\/wp-content\/uploads\/2021\/09\/Capucine-la-petite-sorciere-scaled.jpg\"><img data-recalc-dims=\"1\" loading=\"lazy\" decoding=\"async\" data-attachment-id=\"21230\" data-permalink=\"http:\/\/www.jojoenherbe.com\/index.php\/2021\/09\/15\/billet-de-suivi-challenge-halloween-2021\/capucine-la-petite-sorciere\/\" data-orig-file=\"https:\/\/i0.wp.com\/www.jojoenherbe.com\/wp-content\/uploads\/2021\/09\/Capucine-la-petite-sorciere-scaled.jpg?fit=2560%2C2038\" data-orig-size=\"2560,2038\" data-comments-opened=\"1\" data-image-meta=\"{&quot;aperture&quot;:&quot;1.8&quot;,&quot;credit&quot;:&quot;&quot;,&quot;camera&quot;:&quot;iPhone 7&quot;,&quot;caption&quot;:&quot;&quot;,&quot;created_timestamp&quot;:&quot;1633436137&quot;,&quot;copyright&quot;:&quot;&quot;,&quot;focal_length&quot;:&quot;3.99&quot;,&quot;iso&quot;:&quot;64&quot;,&quot;shutter_speed&quot;:&quot;0.058823529411765&quot;,&quot;title&quot;:&quot;&quot;,&quot;orientation&quot;:&quot;1&quot;}\" data-image-title=\"Capucine la petite sorci\u00e8re\" data-image-description=\"\" data-image-caption=\"\" data-large-file=\"https:\/\/i0.wp.com\/www.jojoenherbe.com\/wp-content\/uploads\/2021\/09\/Capucine-la-petite-sorciere-scaled.jpg?fit=676%2C538\" class=\"size-thumbnail wp-image-21230 alignright\" src=\"https:\/\/i0.wp.com\/www.jojoenherbe.com\/wp-content\/uploads\/2021\/09\/Capucine-la-petite-sorciere.jpg?resize=150%2C150\" alt=\"\" width=\"150\" height=\"150\" srcset=\"https:\/\/i0.wp.com\/www.jojoenherbe.com\/wp-content\/uploads\/2021\/09\/Capucine-la-petite-sorciere-scaled.jpg?resize=150%2C150 150w, https:\/\/i0.wp.com\/www.jojoenherbe.com\/wp-content\/uploads\/2021\/09\/Capucine-la-petite-sorciere-scaled.jpg?zoom=2&amp;resize=150%2C150 300w, https:\/\/i0.wp.com\/www.jojoenherbe.com\/wp-content\/uploads\/2021\/09\/Capucine-la-petite-sorciere-scaled.jpg?zoom=3&amp;resize=150%2C150 450w\" sizes=\"auto, (max-width: 150px) 100vw, 150px\" \/><\/a>En fin d&rsquo;apr\u00e8s-midi, nous lisons l&rsquo;int\u00e9grale de <strong><span style=\"text-decoration: underline;\">Capucine, la petite sorci\u00e8re<\/span><\/strong> de Tanguy et Quentin Gr\u00e9ban (\u00e9d. Mijade, r\u00e9\u00e9d. 2020), un album jeunesse comprenant trois histoires avec une petite fille Capucine apprenant la magie.<br \/>\n<\/em><\/p>\n<p><strong><em><span style=\"text-decoration: underline;\">Semaine 4 du Challenge Halloween<\/span>:<\/em><\/strong><\/p>\n<p style=\"text-align: justify;\"><em><a href=\"https:\/\/i0.wp.com\/www.jojoenherbe.com\/wp-content\/uploads\/2021\/09\/Albums-jeunesse-Halloween-5-scaled.jpg\"><img data-recalc-dims=\"1\" loading=\"lazy\" decoding=\"async\" data-attachment-id=\"21233\" data-permalink=\"http:\/\/www.jojoenherbe.com\/index.php\/2021\/09\/15\/billet-de-suivi-challenge-halloween-2021\/albums-jeunesse-halloween-5\/\" data-orig-file=\"https:\/\/i0.wp.com\/www.jojoenherbe.com\/wp-content\/uploads\/2021\/09\/Albums-jeunesse-Halloween-5-scaled.jpg?fit=2560%2C1840\" data-orig-size=\"2560,1840\" data-comments-opened=\"1\" data-image-meta=\"{&quot;aperture&quot;:&quot;1.8&quot;,&quot;credit&quot;:&quot;&quot;,&quot;camera&quot;:&quot;iPhone 7&quot;,&quot;caption&quot;:&quot;&quot;,&quot;created_timestamp&quot;:&quot;1633435950&quot;,&quot;copyright&quot;:&quot;&quot;,&quot;focal_length&quot;:&quot;3.99&quot;,&quot;iso&quot;:&quot;100&quot;,&quot;shutter_speed&quot;:&quot;0.076923076923077&quot;,&quot;title&quot;:&quot;&quot;,&quot;orientation&quot;:&quot;1&quot;}\" data-image-title=\"Albums jeunesse Halloween #5\" data-image-description=\"\" data-image-caption=\"\" data-large-file=\"https:\/\/i0.wp.com\/www.jojoenherbe.com\/wp-content\/uploads\/2021\/09\/Albums-jeunesse-Halloween-5-scaled.jpg?fit=676%2C486\" class=\"alignleft size-thumbnail wp-image-21233\" src=\"https:\/\/i0.wp.com\/www.jojoenherbe.com\/wp-content\/uploads\/2021\/09\/Albums-jeunesse-Halloween-5.jpg?resize=150%2C150\" alt=\"\" width=\"150\" height=\"150\" srcset=\"https:\/\/i0.wp.com\/www.jojoenherbe.com\/wp-content\/uploads\/2021\/09\/Albums-jeunesse-Halloween-5-scaled.jpg?resize=150%2C150 150w, https:\/\/i0.wp.com\/www.jojoenherbe.com\/wp-content\/uploads\/2021\/09\/Albums-jeunesse-Halloween-5-scaled.jpg?zoom=2&amp;resize=150%2C150 300w, https:\/\/i0.wp.com\/www.jojoenherbe.com\/wp-content\/uploads\/2021\/09\/Albums-jeunesse-Halloween-5-scaled.jpg?zoom=3&amp;resize=150%2C150 450w\" sizes=\"auto, (max-width: 150px) 100vw, 150px\" \/><\/a>Le <strong>4 octobre 2021<\/strong>, nous relisons des albums jeunesse halloweenesques: <a href=\"http:\/\/www.jojoenherbe.com\/index.php\/2019\/10\/09\/au-fil-des-pages-avec-julia-et-les-monstres-perdus\/\"><span style=\"text-decoration: underline;\"><strong>Julia et les monstres perdus<\/strong><\/span><\/a> de Ben Hatke, <a href=\"http:\/\/www.jojoenherbe.com\/index.php\/2021\/10\/04\/au-fil-des-pages-avec-une-soupe-100-sorciere\/\"><span style=\"text-decoration: underline;\">Une soupe 100% Sorci\u00e8re<\/span><\/a> de Quitterie Simon et Magali Le Huche et <span style=\"text-decoration: underline;\">Nina et le petit chat perdu<\/span> de Nicola Killen. En soir\u00e9e, je finis de lire <span style=\"text-decoration: underline;\">Winterwood, La for\u00eat des \u00e2mes perdues<\/span> de Shea Ernshaw, confirmant mes intuitions sur l&rsquo;intrigue sentimentale et magique. Un bon moment de lecture!<\/em><\/p>\n<p style=\"text-align: justify;\"><em><a href=\"https:\/\/i0.wp.com\/www.jojoenherbe.com\/wp-content\/uploads\/2021\/09\/Magic-Charly-T2-1-scaled.jpg\"><img data-recalc-dims=\"1\" loading=\"lazy\" decoding=\"async\" data-attachment-id=\"21234\" data-permalink=\"http:\/\/www.jojoenherbe.com\/index.php\/2021\/09\/15\/billet-de-suivi-challenge-halloween-2021\/magic-charly-t2-2\/\" data-orig-file=\"https:\/\/i0.wp.com\/www.jojoenherbe.com\/wp-content\/uploads\/2021\/09\/Magic-Charly-T2-1-scaled.jpg?fit=2560%2C1960\" data-orig-size=\"2560,1960\" data-comments-opened=\"1\" data-image-meta=\"{&quot;aperture&quot;:&quot;1.8&quot;,&quot;credit&quot;:&quot;&quot;,&quot;camera&quot;:&quot;iPhone 7&quot;,&quot;caption&quot;:&quot;&quot;,&quot;created_timestamp&quot;:&quot;1633436009&quot;,&quot;copyright&quot;:&quot;&quot;,&quot;focal_length&quot;:&quot;3.99&quot;,&quot;iso&quot;:&quot;100&quot;,&quot;shutter_speed&quot;:&quot;0.058823529411765&quot;,&quot;title&quot;:&quot;&quot;,&quot;orientation&quot;:&quot;1&quot;}\" data-image-title=\"Magic Charly T2\" data-image-description=\"\" data-image-caption=\"\" data-large-file=\"https:\/\/i0.wp.com\/www.jojoenherbe.com\/wp-content\/uploads\/2021\/09\/Magic-Charly-T2-1-scaled.jpg?fit=676%2C518\" class=\"size-thumbnail wp-image-21234 alignright\" src=\"https:\/\/i0.wp.com\/www.jojoenherbe.com\/wp-content\/uploads\/2021\/09\/Magic-Charly-T2-1.jpg?resize=150%2C150\" alt=\"\" width=\"150\" height=\"150\" srcset=\"https:\/\/i0.wp.com\/www.jojoenherbe.com\/wp-content\/uploads\/2021\/09\/Magic-Charly-T2-1-scaled.jpg?resize=150%2C150 150w, https:\/\/i0.wp.com\/www.jojoenherbe.com\/wp-content\/uploads\/2021\/09\/Magic-Charly-T2-1-scaled.jpg?zoom=2&amp;resize=150%2C150 300w, https:\/\/i0.wp.com\/www.jojoenherbe.com\/wp-content\/uploads\/2021\/09\/Magic-Charly-T2-1-scaled.jpg?zoom=3&amp;resize=150%2C150 450w\" sizes=\"auto, (max-width: 150px) 100vw, 150px\" \/><\/a>En fin de soir\u00e9e, je commence \u00e0 lire <strong>le tome 2 de <span style=\"text-decoration: underline;\">Magic Charly, Bienvenue \u00e0 Saint-Fouettard<\/span><\/strong> d&rsquo;Audrey Alwett (\u00e9d. Gallimard Jeunesse, 2021, 523 pages), l&rsquo;histoire reprenant juste o\u00f9 c&rsquo;\u00e9tait arr\u00eat\u00e9 le pr\u00e9c\u00e9dent tome. Je n&rsquo;en dirai pas plus pour le moment, cette lecture faisant partie d&rsquo;une lecture commune de <span style=\"text-decoration: underline;\">Magic Charly<\/span>, certains \u00e9tant en train de lire le tome 1.<\/em><\/p>\n<p style=\"text-align: justify;\"><em><img data-recalc-dims=\"1\" loading=\"lazy\" decoding=\"async\" data-attachment-id=\"3259\" data-permalink=\"http:\/\/www.jojoenherbe.com\/index.php\/2011\/08\/07\/face-a-limmensite-des-icebergs-de-jokulsarlon\/jokulsarlon-6\/\" data-orig-file=\"https:\/\/i0.wp.com\/www.jojoenherbe.com\/wp-content\/uploads\/2011\/08\/J%C3%B6kulsarlon-6.jpg?fit=2048%2C1536\" data-orig-size=\"2048,1536\" data-comments-opened=\"1\" data-image-meta=\"{&quot;aperture&quot;:&quot;4.4&quot;,&quot;credit&quot;:&quot;&quot;,&quot;camera&quot;:&quot;COOLPIX S5100&quot;,&quot;caption&quot;:&quot;&quot;,&quot;created_timestamp&quot;:&quot;1311600858&quot;,&quot;copyright&quot;:&quot;&quot;,&quot;focal_length&quot;:&quot;13.2&quot;,&quot;iso&quot;:&quot;100&quot;,&quot;shutter_speed&quot;:&quot;0.00125&quot;,&quot;title&quot;:&quot;&quot;,&quot;orientation&quot;:&quot;1&quot;}\" data-image-title=\"J\u00f6kulsarlon 6\" data-image-description=\"\" data-image-caption=\"\" data-large-file=\"https:\/\/i0.wp.com\/www.jojoenherbe.com\/wp-content\/uploads\/2011\/08\/J%C3%B6kulsarlon-6.jpg?fit=676%2C507\" class=\"wp-image-3259 alignleft\" src=\"https:\/\/lelivroblog.files.wordpress.com\/2021\/10\/halloween-reading-bingo1.png?w=576&#038;resize=135%2C240\" sizes=\"auto, (max-width: 519px) 100vw, 519px\" srcset=\"https:\/\/lelivroblog.files.wordpress.com\/2021\/10\/halloween-reading-bingo1.png?w=576 576w, https:\/\/lelivroblog.files.wordpress.com\/2021\/10\/halloween-reading-bingo1.png?w=519 519w, https:\/\/lelivroblog.files.wordpress.com\/2021\/10\/halloween-reading-bingo1.png?w=1038 1038w, https:\/\/lelivroblog.files.wordpress.com\/2021\/10\/halloween-reading-bingo1.png?w=84 84w, https:\/\/lelivroblog.files.wordpress.com\/2021\/10\/halloween-reading-bingo1.png?w=169 169w, https:\/\/lelivroblog.files.wordpress.com\/2021\/10\/halloween-reading-bingo1.png?w=768 768w\" alt=\"\" data-attachment-id=\"3259\" data-permalink=\"https:\/\/lelivroblog.wordpress.com\/halloween-reading-bingo1\/\" data-orig-file=\"https:\/\/lelivroblog.files.wordpress.com\/2021\/10\/halloween-reading-bingo1.png\" data-orig-size=\"1080,1920\" data-comments-opened=\"1\" data-image-meta=\"{&quot;aperture&quot;:&quot;0&quot;,&quot;credit&quot;:&quot;&quot;,&quot;camera&quot;:&quot;&quot;,&quot;caption&quot;:&quot;&quot;,&quot;created_timestamp&quot;:&quot;0&quot;,&quot;copyright&quot;:&quot;&quot;,&quot;focal_length&quot;:&quot;0&quot;,&quot;iso&quot;:&quot;0&quot;,&quot;shutter_speed&quot;:&quot;0&quot;,&quot;title&quot;:&quot;&quot;,&quot;orientation&quot;:&quot;0&quot;}\" data-image-title=\"halloween-reading-bingo1\" data-image-description=\"\" data-image-caption=\"\" data-medium-file=\"https:\/\/lelivroblog.files.wordpress.com\/2021\/10\/halloween-reading-bingo1.png?w=169\" data-large-file=\"https:\/\/lelivroblog.files.wordpress.com\/2021\/10\/halloween-reading-bingo1.png?w=576\" width=\"135\" height=\"240\">Le <strong>5 octobre 2021<\/strong>, le tant attendu bingo concoct\u00e9 par Hilde et Lou a \u00e9t\u00e9 mis en ligne: <a href=\"http:\/\/www.jojoenherbe.com\/index.php\/2021\/10\/06\/le-haunted-reading-bingo-du-challenge-halloween-2021\/\">le Haunted Reading Bingo<\/a> avec une grille de 25 cases halloweenesques, plus tentantes les unes que les autres \u00e0 valider. Je prends donc une grille et ferai un billet s\u00e9par\u00e9 mais d&rsquo;ores et d\u00e9j\u00e0, si vous souhaitez en savoir plus, voici les liens chez <a href=\"http:\/\/www.myloubook.com\/2021\/10\/05\/halloween-bingo-de-hilde-lou\/\">Lou<\/a> et <a href=\"https:\/\/lelivroblog.wordpress.com\/2021\/10\/05\/le-haunted-reading-bingo-du-challenge-halloween\/\">Hilde<\/a>. Reste \u00e0 savoir quel palier vais-je atteindre (palier 1: Crapaud-prince en phase de mutation, palier 2: Marraine f\u00e9e de Broc\u00e9liande, palier 3: Sorci\u00e8re experte surdipl\u00f4m\u00e9e ou palier 4: Vampire \u00e9cologiste en reconversion)? Heureusement, il est possible de cocher plusieurs cases \u00e0 la fois. J&rsquo;esp\u00e8re qu&rsquo;il finira bien mieux que celui auquel ont particip\u00e9 Esther et l&rsquo;agent Loan dans <span style=\"text-decoration: underline;\">Les tribulations d&rsquo;Esther Parmentier<\/span>.<br \/>\n<\/em><\/p>\n<p style=\"text-align: justify;\"><em><a href=\"https:\/\/i0.wp.com\/www.jojoenherbe.com\/wp-content\/uploads\/2021\/10\/Et-si-la-nuit-avait-peur-de-toi-scaled.jpg\"><img data-recalc-dims=\"1\" loading=\"lazy\" decoding=\"async\" data-attachment-id=\"21292\" data-permalink=\"http:\/\/www.jojoenherbe.com\/index.php\/2021\/10\/07\/des-decos-halloweenesques-en-perles-a-repasser\/et-si-la-nuit-avait-peur-de-toi\/\" data-orig-file=\"https:\/\/i0.wp.com\/www.jojoenherbe.com\/wp-content\/uploads\/2021\/10\/Et-si-la-nuit-avait-peur-de-toi-scaled.jpg?fit=2560%2C1920\" data-orig-size=\"2560,1920\" data-comments-opened=\"1\" data-image-meta=\"{&quot;aperture&quot;:&quot;1.8&quot;,&quot;credit&quot;:&quot;&quot;,&quot;camera&quot;:&quot;iPhone 7&quot;,&quot;caption&quot;:&quot;&quot;,&quot;created_timestamp&quot;:&quot;1633458285&quot;,&quot;copyright&quot;:&quot;&quot;,&quot;focal_length&quot;:&quot;3.99&quot;,&quot;iso&quot;:&quot;125&quot;,&quot;shutter_speed&quot;:&quot;0.25&quot;,&quot;title&quot;:&quot;&quot;,&quot;orientation&quot;:&quot;1&quot;}\" data-image-title=\"Et si la nuit avait peur de toi\" data-image-description=\"\" data-image-caption=\"\" data-large-file=\"https:\/\/i0.wp.com\/www.jojoenherbe.com\/wp-content\/uploads\/2021\/10\/Et-si-la-nuit-avait-peur-de-toi-scaled.jpg?fit=676%2C507\" class=\"size-thumbnail wp-image-21292 alignright\" src=\"https:\/\/i0.wp.com\/www.jojoenherbe.com\/wp-content\/uploads\/2021\/10\/Et-si-la-nuit-avait-peur-de-toi.jpg?resize=150%2C150\" alt=\"\" width=\"150\" height=\"150\" srcset=\"https:\/\/i0.wp.com\/www.jojoenherbe.com\/wp-content\/uploads\/2021\/10\/Et-si-la-nuit-avait-peur-de-toi-scaled.jpg?resize=150%2C150 150w, https:\/\/i0.wp.com\/www.jojoenherbe.com\/wp-content\/uploads\/2021\/10\/Et-si-la-nuit-avait-peur-de-toi-scaled.jpg?zoom=2&amp;resize=150%2C150 300w, https:\/\/i0.wp.com\/www.jojoenherbe.com\/wp-content\/uploads\/2021\/10\/Et-si-la-nuit-avait-peur-de-toi-scaled.jpg?zoom=3&amp;resize=150%2C150 450w\" sizes=\"auto, (max-width: 150px) 100vw, 150px\" \/><\/a>Nous continuons de faire des cr\u00e9ations halloweenesques en <a href=\"http:\/\/www.jojoenherbe.com\/index.php\/2021\/10\/07\/des-decos-halloweenesques-en-perles-a-repasser\/\">perles \u00e0 repasser<\/a> (fant\u00f4mes et chat noir). Puis nous relisons <strong><span style=\"text-decoration: underline;\">Julia et les monstres perdus<\/span><\/strong>, <a href=\"http:\/\/www.jojoenherbe.com\/index.php\/2019\/10\/24\/au-fil-des-pages-avec-la-sorciere-tambouille\/\"><span style=\"text-decoration: underline;\"><strong>La sorci\u00e8re Tambouille<\/strong><\/span><\/a> de Magdalena Guirao-Jullien et aussi un autre album jeunesse qu&rsquo;a \u00e9galement chroniqu\u00e9 Syl: <strong><span style=\"text-decoration: underline;\">Et si la nuit avait peur de toi?<\/span><\/strong> de Peter Vegas et Benjamin Chaud (\u00e9d. Milan Jeunesse, 2021).<\/em><\/p>\n<p style=\"text-align: justify;\"><em><a href=\"https:\/\/i0.wp.com\/www.jojoenherbe.com\/wp-content\/uploads\/2021\/09\/Sorciere-blanche-La-sorciere-Tambouille-scaled.jpg\"><img data-recalc-dims=\"1\" loading=\"lazy\" decoding=\"async\" data-attachment-id=\"21305\" data-permalink=\"http:\/\/www.jojoenherbe.com\/index.php\/2021\/09\/15\/billet-de-suivi-challenge-halloween-2021\/sorciere-blanche-la-sorciere-tambouille\/\" data-orig-file=\"https:\/\/i0.wp.com\/www.jojoenherbe.com\/wp-content\/uploads\/2021\/09\/Sorciere-blanche-La-sorciere-Tambouille-scaled.jpg?fit=2560%2C1920\" data-orig-size=\"2560,1920\" data-comments-opened=\"1\" data-image-meta=\"{&quot;aperture&quot;:&quot;1.8&quot;,&quot;credit&quot;:&quot;&quot;,&quot;camera&quot;:&quot;iPhone 7&quot;,&quot;caption&quot;:&quot;&quot;,&quot;created_timestamp&quot;:&quot;1633608749&quot;,&quot;copyright&quot;:&quot;&quot;,&quot;focal_length&quot;:&quot;3.99&quot;,&quot;iso&quot;:&quot;80&quot;,&quot;shutter_speed&quot;:&quot;0.058823529411765&quot;,&quot;title&quot;:&quot;&quot;,&quot;orientation&quot;:&quot;1&quot;}\" data-image-title=\"Sorci\u00e8re blanche &amp;#8211; La sorci\u00e8re Tambouille\" data-image-description=\"\" data-image-caption=\"\" data-large-file=\"https:\/\/i0.wp.com\/www.jojoenherbe.com\/wp-content\/uploads\/2021\/09\/Sorciere-blanche-La-sorciere-Tambouille-scaled.jpg?fit=676%2C507\" class=\"alignleft size-thumbnail wp-image-21305\" src=\"https:\/\/i0.wp.com\/www.jojoenherbe.com\/wp-content\/uploads\/2021\/09\/Sorciere-blanche-La-sorciere-Tambouille.jpg?resize=150%2C150\" alt=\"\" width=\"150\" height=\"150\" srcset=\"https:\/\/i0.wp.com\/www.jojoenherbe.com\/wp-content\/uploads\/2021\/09\/Sorciere-blanche-La-sorciere-Tambouille-scaled.jpg?resize=150%2C150 150w, https:\/\/i0.wp.com\/www.jojoenherbe.com\/wp-content\/uploads\/2021\/09\/Sorciere-blanche-La-sorciere-Tambouille-scaled.jpg?zoom=2&amp;resize=150%2C150 300w, https:\/\/i0.wp.com\/www.jojoenherbe.com\/wp-content\/uploads\/2021\/09\/Sorciere-blanche-La-sorciere-Tambouille-scaled.jpg?zoom=3&amp;resize=150%2C150 450w\" sizes=\"auto, (max-width: 150px) 100vw, 150px\" \/><\/a>Le <strong>6 octobre 2021<\/strong>, je mets de c\u00f4t\u00e9 ma lecture du tome 2 de Magic Charly, le livre \u00e9tant peu transportable et je lis sur la journ\u00e9e (un peu dans l&rsquo;apr\u00e8s-midi puis en soir\u00e9e) <strong><span style=\"text-decoration: underline;\">Sorci\u00e8re Blanche<\/span><\/strong> d&rsquo;Anne-Marie Desplat-Duc (\u00e9d. Rageot, 2006, 221 pages), un roman jeunesse \u00e0 partir de 12 ans pour la th\u00e9matique Wicca, sorcellerie et paganisme. Le roman retrace la vie d&rsquo;Agathe de Pr\u00e9ault-Aubeterre, de sa naissance \u00e0 son mariage \u00e0 17 ans, au XVIIe si\u00e8cle et de son initiation aux secrets des plantes et de la d\u00e9couverte de son don de gu\u00e9rison (coupeur de feu) aupr\u00e8s d&rsquo;une vieille gu\u00e9risseuse bretonne puis d&rsquo;un vieux sage de Saint-Domingue, Zaka.<\/em><\/p>\n<p style=\"text-align: justify;\"><em><a href=\"https:\/\/i0.wp.com\/www.jojoenherbe.com\/wp-content\/uploads\/2021\/09\/Spooky-T3-scaled.jpg\"><img data-recalc-dims=\"1\" loading=\"lazy\" decoding=\"async\" data-attachment-id=\"21334\" data-permalink=\"http:\/\/www.jojoenherbe.com\/index.php\/2021\/09\/15\/billet-de-suivi-challenge-halloween-2021\/spooky-t3\/\" data-orig-file=\"https:\/\/i0.wp.com\/www.jojoenherbe.com\/wp-content\/uploads\/2021\/09\/Spooky-T3-scaled.jpg?fit=2560%2C1920\" data-orig-size=\"2560,1920\" data-comments-opened=\"1\" data-image-meta=\"{&quot;aperture&quot;:&quot;1.8&quot;,&quot;credit&quot;:&quot;&quot;,&quot;camera&quot;:&quot;iPhone 7&quot;,&quot;caption&quot;:&quot;&quot;,&quot;created_timestamp&quot;:&quot;1633714500&quot;,&quot;copyright&quot;:&quot;&quot;,&quot;focal_length&quot;:&quot;3.99&quot;,&quot;iso&quot;:&quot;100&quot;,&quot;shutter_speed&quot;:&quot;0.25&quot;,&quot;title&quot;:&quot;&quot;,&quot;orientation&quot;:&quot;1&quot;}\" data-image-title=\"Spooky T3\" data-image-description=\"\" data-image-caption=\"\" data-large-file=\"https:\/\/i0.wp.com\/www.jojoenherbe.com\/wp-content\/uploads\/2021\/09\/Spooky-T3-scaled.jpg?fit=676%2C507\" class=\"size-thumbnail wp-image-21334 alignright\" src=\"https:\/\/i0.wp.com\/www.jojoenherbe.com\/wp-content\/uploads\/2021\/09\/Spooky-T3.jpg?resize=150%2C150\" alt=\"\" width=\"150\" height=\"150\" srcset=\"https:\/\/i0.wp.com\/www.jojoenherbe.com\/wp-content\/uploads\/2021\/09\/Spooky-T3-scaled.jpg?resize=150%2C150 150w, https:\/\/i0.wp.com\/www.jojoenherbe.com\/wp-content\/uploads\/2021\/09\/Spooky-T3-scaled.jpg?zoom=2&amp;resize=150%2C150 300w, https:\/\/i0.wp.com\/www.jojoenherbe.com\/wp-content\/uploads\/2021\/09\/Spooky-T3-scaled.jpg?zoom=3&amp;resize=150%2C150 450w\" sizes=\"auto, (max-width: 150px) 100vw, 150px\" \/><\/a>Le <strong>7 octobre 2021<\/strong>, apr\u00e8s des relectures pour les histoires du soir (<span style=\"text-decoration: underline;\">Julia et les monstres perdus<\/span> et <span style=\"text-decoration: underline;\">Dans la for\u00eat<\/span>), je lis en soir\u00e9e pour une lecture commune avec Hilde <strong>le tome 3 de <span style=\"text-decoration: underline;\">Spooky, Les contes de travers, Malices de princesse<\/span><\/strong> de Carine-M et \u00c9lian Black&rsquo;mor (\u00e9d. Gl\u00e9nat Jeunesse, 2017), une BD jeunesse \u00e0 partir de 9 ans. C&rsquo;est avec plaisir que je retrouve l&rsquo;univers de Spooky, une jeune princesse qui est, dans ce tome, dans les pr\u00e9paratifs de sa f\u00eate d&rsquo;anniversaire d&rsquo;Halloween, \u00e9tant n\u00e9e un 31 octobre. <\/em><\/p>\n<p style=\"text-align: justify;\"><em><a href=\"https:\/\/i0.wp.com\/www.jojoenherbe.com\/wp-content\/uploads\/2021\/09\/Les-filles-de-Salem-scaled.jpg\"><img data-recalc-dims=\"1\" loading=\"lazy\" decoding=\"async\" data-attachment-id=\"21332\" data-permalink=\"http:\/\/www.jojoenherbe.com\/index.php\/2021\/09\/15\/billet-de-suivi-challenge-halloween-2021\/les-filles-de-salem\/\" data-orig-file=\"https:\/\/i0.wp.com\/www.jojoenherbe.com\/wp-content\/uploads\/2021\/09\/Les-filles-de-Salem-scaled.jpg?fit=2560%2C1920\" data-orig-size=\"2560,1920\" data-comments-opened=\"1\" data-image-meta=\"{&quot;aperture&quot;:&quot;1.8&quot;,&quot;credit&quot;:&quot;&quot;,&quot;camera&quot;:&quot;iPhone 7&quot;,&quot;caption&quot;:&quot;&quot;,&quot;created_timestamp&quot;:&quot;1633688756&quot;,&quot;copyright&quot;:&quot;&quot;,&quot;focal_length&quot;:&quot;3.99&quot;,&quot;iso&quot;:&quot;100&quot;,&quot;shutter_speed&quot;:&quot;0.076923076923077&quot;,&quot;title&quot;:&quot;&quot;,&quot;orientation&quot;:&quot;1&quot;}\" data-image-title=\"Les filles de Salem\" data-image-description=\"\" data-image-caption=\"\" data-large-file=\"https:\/\/i0.wp.com\/www.jojoenherbe.com\/wp-content\/uploads\/2021\/09\/Les-filles-de-Salem-scaled.jpg?fit=676%2C507\" class=\"alignleft size-thumbnail wp-image-21332\" src=\"https:\/\/i0.wp.com\/www.jojoenherbe.com\/wp-content\/uploads\/2021\/09\/Les-filles-de-Salem.jpg?resize=150%2C150\" alt=\"\" width=\"150\" height=\"150\" srcset=\"https:\/\/i0.wp.com\/www.jojoenherbe.com\/wp-content\/uploads\/2021\/09\/Les-filles-de-Salem-scaled.jpg?resize=150%2C150 150w, https:\/\/i0.wp.com\/www.jojoenherbe.com\/wp-content\/uploads\/2021\/09\/Les-filles-de-Salem-scaled.jpg?zoom=2&amp;resize=150%2C150 300w, https:\/\/i0.wp.com\/www.jojoenherbe.com\/wp-content\/uploads\/2021\/09\/Les-filles-de-Salem-scaled.jpg?zoom=3&amp;resize=150%2C150 450w\" sizes=\"auto, (max-width: 150px) 100vw, 150px\" \/><\/a>Le <strong>8 octobre 2021<\/strong>, je continue avec la lecture de bandes dessin\u00e9es que je dois rendre \u00e0 la m\u00e9diath\u00e8que demain et mardi prochain: <strong><span style=\"text-decoration: underline;\">Les filles de Salem, Comment nous avons condamn\u00e9 nos enfants<\/span><\/strong> de Thomas Gilbert (\u00e9d. Dargaud, 2018, 198 pages), une BD adulte relatant la courte vie d&rsquo;Abigail Hobbs, accus\u00e9e \u00e0 14 ans de sorcellerie avec d&rsquo;autres filles et femmes de son village sous la pression du r\u00e9v\u00e9rend Parris. Il est ainsi question du proc\u00e8s des sorci\u00e8res de Salem ayant eu lieu en 1692 et dont s&rsquo;inspire tr\u00e8s librement Thomas Gilbert en reprenant les noms des protagonistes principaux.<\/em><\/p>\n<p style=\"text-align: justify;\"><em><a href=\"https:\/\/i0.wp.com\/www.jojoenherbe.com\/wp-content\/uploads\/2021\/09\/Pome-BD-scaled.jpg\"><img data-recalc-dims=\"1\" loading=\"lazy\" decoding=\"async\" data-attachment-id=\"21333\" data-permalink=\"http:\/\/www.jojoenherbe.com\/index.php\/2021\/09\/15\/billet-de-suivi-challenge-halloween-2021\/pome-bd\/\" data-orig-file=\"https:\/\/i0.wp.com\/www.jojoenherbe.com\/wp-content\/uploads\/2021\/09\/Pome-BD-scaled.jpg?fit=2560%2C1920\" data-orig-size=\"2560,1920\" data-comments-opened=\"1\" data-image-meta=\"{&quot;aperture&quot;:&quot;1.8&quot;,&quot;credit&quot;:&quot;&quot;,&quot;camera&quot;:&quot;iPhone 7&quot;,&quot;caption&quot;:&quot;&quot;,&quot;created_timestamp&quot;:&quot;1633714306&quot;,&quot;copyright&quot;:&quot;&quot;,&quot;focal_length&quot;:&quot;3.99&quot;,&quot;iso&quot;:&quot;100&quot;,&quot;shutter_speed&quot;:&quot;0.071428571428571&quot;,&quot;title&quot;:&quot;&quot;,&quot;orientation&quot;:&quot;1&quot;}\" data-image-title=\"Pome BD\" data-image-description=\"\" data-image-caption=\"\" data-large-file=\"https:\/\/i0.wp.com\/www.jojoenherbe.com\/wp-content\/uploads\/2021\/09\/Pome-BD-scaled.jpg?fit=676%2C507\" class=\"size-thumbnail wp-image-21333 alignright\" src=\"https:\/\/i0.wp.com\/www.jojoenherbe.com\/wp-content\/uploads\/2021\/09\/Pome-BD.jpg?resize=150%2C150\" alt=\"\" width=\"150\" height=\"150\" srcset=\"https:\/\/i0.wp.com\/www.jojoenherbe.com\/wp-content\/uploads\/2021\/09\/Pome-BD-scaled.jpg?resize=150%2C150 150w, https:\/\/i0.wp.com\/www.jojoenherbe.com\/wp-content\/uploads\/2021\/09\/Pome-BD-scaled.jpg?zoom=2&amp;resize=150%2C150 300w, https:\/\/i0.wp.com\/www.jojoenherbe.com\/wp-content\/uploads\/2021\/09\/Pome-BD-scaled.jpg?zoom=3&amp;resize=150%2C150 450w\" sizes=\"auto, (max-width: 150px) 100vw, 150px\" \/><\/a>Je lis \u00e9galement en vue d&rsquo;une autre lecture commune avec Hilde, l&rsquo;adaptation en BD jeunesse du roman \u00e9ponyme lu l&rsquo;ann\u00e9e derni\u00e8re, <strong><span style=\"text-decoration: underline;\">Pome<\/span><\/strong> de Marie Desplechin et Magali Le Huche (\u00e9d. Rue de S\u00e8vres, 2018), \u00e0 partir de 8\/9 ans et qui est la suite de <a href=\"http:\/\/www.jojoenherbe.com\/index.php\/2020\/10\/21\/au-fil-des-pages-avec-verte\/\"><span style=\"text-decoration: underline;\">Verte<\/span><\/a>. Verte continue l&rsquo;apprentissage de la sorcellerie aupr\u00e8s d&rsquo;Anastabotte, sa grand-m\u00e8re maternelle toujours pr\u00eate \u00e0 d\u00e9gainer son rouge \u00e0 l\u00e8vre lorsque Raymond, le grand-p\u00e8re paternel de Verte est dans les parages et \u00e0 faire des cr\u00eapes. Elle se fait \u00e9galement une nouvelle amie de son \u00e2ge: Pome qui est aussi une sorci\u00e8re. Un bon moment de lecture!<\/em><\/p>\n<p style=\"text-align: justify;\"><em><a href=\"https:\/\/i0.wp.com\/www.jojoenherbe.com\/wp-content\/uploads\/2021\/09\/Mortina-La-capucine-scaled.jpg\"><img data-recalc-dims=\"1\" loading=\"lazy\" decoding=\"async\" data-attachment-id=\"21352\" data-permalink=\"http:\/\/www.jojoenherbe.com\/index.php\/2021\/09\/15\/billet-de-suivi-challenge-halloween-2021\/mortina-la-capucine\/\" data-orig-file=\"https:\/\/i0.wp.com\/www.jojoenherbe.com\/wp-content\/uploads\/2021\/09\/Mortina-La-capucine-scaled.jpg?fit=2560%2C2021\" data-orig-size=\"2560,2021\" data-comments-opened=\"1\" data-image-meta=\"{&quot;aperture&quot;:&quot;1.8&quot;,&quot;credit&quot;:&quot;&quot;,&quot;camera&quot;:&quot;iPhone 7&quot;,&quot;caption&quot;:&quot;&quot;,&quot;created_timestamp&quot;:&quot;1633717147&quot;,&quot;copyright&quot;:&quot;&quot;,&quot;focal_length&quot;:&quot;3.99&quot;,&quot;iso&quot;:&quot;80&quot;,&quot;shutter_speed&quot;:&quot;0.16666666666667&quot;,&quot;title&quot;:&quot;&quot;,&quot;orientation&quot;:&quot;1&quot;}\" data-image-title=\"Mortina &amp;#8211; La capucine\" data-image-description=\"\" data-image-caption=\"\" data-large-file=\"https:\/\/i0.wp.com\/www.jojoenherbe.com\/wp-content\/uploads\/2021\/09\/Mortina-La-capucine-scaled.jpg?fit=676%2C533\" class=\"alignleft size-thumbnail wp-image-21352\" src=\"https:\/\/i0.wp.com\/www.jojoenherbe.com\/wp-content\/uploads\/2021\/09\/Mortina-La-capucine.jpg?resize=150%2C150\" alt=\"\" width=\"150\" height=\"150\" srcset=\"https:\/\/i0.wp.com\/www.jojoenherbe.com\/wp-content\/uploads\/2021\/09\/Mortina-La-capucine-scaled.jpg?resize=150%2C150 150w, https:\/\/i0.wp.com\/www.jojoenherbe.com\/wp-content\/uploads\/2021\/09\/Mortina-La-capucine-scaled.jpg?zoom=2&amp;resize=150%2C150 300w, https:\/\/i0.wp.com\/www.jojoenherbe.com\/wp-content\/uploads\/2021\/09\/Mortina-La-capucine-scaled.jpg?zoom=3&amp;resize=150%2C150 450w\" sizes=\"auto, (max-width: 150px) 100vw, 150px\" \/><\/a>Lors d&rsquo;une petite pause dans l&rsquo;apr\u00e8s-midi, je relis <strong>le tome 1 de <span style=\"text-decoration: underline;\">Mortina, Une histoire qui te fera mourir de rire<\/span><\/strong> de Barbara Cantini (\u00e9d. Albin Michel Jeunesse, 2018), un album jeunesse \u00e0 partir de 6 ans, Mortina, une petite fille zombie entend bien se faire des amis. Et si le jour d&rsquo;Halloween \u00e9tait l&rsquo;occasion de rencontrer les enfants du village? Une histoire toute mignonne et qui fait gentiment peur!<\/em><\/p>\n<p style=\"text-align: justify;\"><em>Je commence \u00e9galement et finis en soir\u00e9e le dernier roman de la trilogie <span style=\"text-decoration: underline;\">Les filles du si\u00e8cle<\/span> avec <strong><span style=\"text-decoration: underline;\">La capucine<\/span><\/strong> de Marie Desplechin (\u00e9d. L&rsquo;\u00e9cole des Loisirs, 2020, 220 pages), un roman jeunesse pour les adolescents avec une jolie illustration de couverture de Mayalen Goust. Comme l&rsquo;avait fait remarquer Bibid dans son billet, c&rsquo;est une lecture qui se pr\u00eate \u00e0 Halloween, la jeune h\u00e9ro\u00efne Louise, \u00e2g\u00e9e de 13 ans et travaillant pour un patron qui la bat r\u00e9guli\u00e8rement dans un petit village de mara\u00eechers, Bobigny \u00e0 10 kilom\u00e8tres de Paris peut compter sur sa m\u00e8re, domestique chez de riches bourgeois parisiens et sur Bernadette, dou\u00e9e pour la cuisine et ayant le don de voir des fant\u00f4mes alors que le spiritisme est en vogue \u00e0 Paris.<\/em><\/p>\n<p style=\"text-align: justify;\"><em><a href=\"https:\/\/i0.wp.com\/www.jojoenherbe.com\/wp-content\/uploads\/2021\/09\/Esther-et-Mandragore-T1-scaled.jpg\"><img data-recalc-dims=\"1\" loading=\"lazy\" decoding=\"async\" data-attachment-id=\"21357\" data-permalink=\"http:\/\/www.jojoenherbe.com\/index.php\/2021\/09\/15\/billet-de-suivi-challenge-halloween-2021\/esther-et-mandragore-t1\/\" data-orig-file=\"https:\/\/i0.wp.com\/www.jojoenherbe.com\/wp-content\/uploads\/2021\/09\/Esther-et-Mandragore-T1-scaled.jpg?fit=2560%2C1924\" data-orig-size=\"2560,1924\" data-comments-opened=\"1\" data-image-meta=\"{&quot;aperture&quot;:&quot;1.8&quot;,&quot;credit&quot;:&quot;&quot;,&quot;camera&quot;:&quot;iPhone 7&quot;,&quot;caption&quot;:&quot;&quot;,&quot;created_timestamp&quot;:&quot;1633777093&quot;,&quot;copyright&quot;:&quot;&quot;,&quot;focal_length&quot;:&quot;3.99&quot;,&quot;iso&quot;:&quot;100&quot;,&quot;shutter_speed&quot;:&quot;0.25&quot;,&quot;title&quot;:&quot;&quot;,&quot;orientation&quot;:&quot;1&quot;}\" data-image-title=\"Esther et Mandragore T1\" data-image-description=\"\" data-image-caption=\"\" data-large-file=\"https:\/\/i0.wp.com\/www.jojoenherbe.com\/wp-content\/uploads\/2021\/09\/Esther-et-Mandragore-T1-scaled.jpg?fit=676%2C508\" class=\"size-thumbnail wp-image-21357 alignright\" src=\"https:\/\/i0.wp.com\/www.jojoenherbe.com\/wp-content\/uploads\/2021\/09\/Esther-et-Mandragore-T1.jpg?resize=150%2C150\" alt=\"\" width=\"150\" height=\"150\" srcset=\"https:\/\/i0.wp.com\/www.jojoenherbe.com\/wp-content\/uploads\/2021\/09\/Esther-et-Mandragore-T1-scaled.jpg?resize=150%2C150 150w, https:\/\/i0.wp.com\/www.jojoenherbe.com\/wp-content\/uploads\/2021\/09\/Esther-et-Mandragore-T1-scaled.jpg?zoom=2&amp;resize=150%2C150 300w, https:\/\/i0.wp.com\/www.jojoenherbe.com\/wp-content\/uploads\/2021\/09\/Esther-et-Mandragore-T1-scaled.jpg?zoom=3&amp;resize=150%2C150 450w\" sizes=\"auto, (max-width: 150px) 100vw, 150px\" \/><\/a>Le <strong>9 octobre 2021<\/strong>, je continue de d\u00e9couvrir des romans jeunesse avec une autre s\u00e9rie livresque pour les 8\/12 ans: <strong>le tome 1 d&rsquo;<span style=\"text-decoration: underline;\">Esther et Mandragore, Une sorci\u00e8re et son chat<\/span><\/strong> de Sophie Dieuaide et Marie-Pierre Oddoux (\u00e9d. Talents Hauts, 2016, 125 pages). A l&rsquo;\u00e9cole des Sorci\u00e8res, Esther Fleurdefer, \u00e9l\u00e8ve de premi\u00e8re ann\u00e9e, se voit d\u00e9cerner le premier prix de curiosit\u00e9 lui permettant de se rendre quand elle le souhaite dans l&rsquo;Autre Monde, chez les Humains avec son chat Mandragore. C&rsquo;est ainsi qu&rsquo;elle va vivre chez la sorci\u00e8re Agatha et qu&rsquo;elle va aider une petite Zo\u00e9 \u00e0 retrouver son chaton noir Puce.<br \/>\n<\/em><\/p>\n<p style=\"text-align: justify;\"><em>En soir\u00e9e, je reprends ma lecture du tome 2 de <span style=\"text-decoration: underline;\">Magic Charly, Bienvenue \u00e0 Saint-Fouettard<\/span> d&rsquo;Audrey Alwett (\u00e9d. Gallimard Jeunesse, 2021, 523 pages) que je continue aussi dimanche jusqu&rsquo;au chapitre 13.<\/em><\/p>\n<p><em><img data-recalc-dims=\"1\" loading=\"lazy\" decoding=\"async\" class=\"alignleft\" src=\"https:\/\/i0.wp.com\/mapetitemediatheque.fr\/wp-content\/uploads\/2021\/10\/Defi-potions-magiques.png?resize=171%2C113&#038;ssl=1\" alt=\"nos petites potions magiques #1 \u2013 baume r\u00e9parateur\" width=\"171\" height=\"113\"><\/em><\/p>\n<p style=\"text-align: justify;\"><em>De son c\u00f4t\u00e9, <a href=\"https:\/\/mapetitemediatheque.fr\/2021\/10\/nos-petites-potions-magiques-1-baume-reparateur\/\">Bidib<\/a> nous a concoct\u00e9 un D\u00e9fi Potions magiques et qui s&rsquo;inscrit dans le th\u00e8me Nature, DIY, cocooning et bien-\u00eatre de cette ann\u00e9e du Challenge Halloween. Elle nous propose une une premi\u00e8re potion faite maison: un baume r\u00e9parateur pour les mains. A vos chaudrons si cela vous int\u00e9resse aussi!<\/em><\/p>\n<p><strong><em><span style=\"text-decoration: underline;\">Semaine 5 du Challenge Halloween<\/span>:<\/em><\/strong><\/p>\n<p style=\"text-align: justify;\"><img data-recalc-dims=\"1\" loading=\"lazy\" decoding=\"async\" class=\"alignright\" src=\"https:\/\/i0.wp.com\/mapetitemediatheque.fr\/wp-content\/uploads\/2021\/10\/Logo-Halloween-cosy-ReadAThon.jpg?resize=159%2C159\" width=\"159\" height=\"159\"><em><a href=\"http:\/\/mapetitemediatheque.fr\/2021\/10\/halloween-cosy-read-a-thon-2021\/\">Bidib<\/a>, <a href=\"https:\/\/lelivroblog.wordpress.com\/2021\/10\/11\/the-halloween-cosy-read-a-thon-2021\/\">Hilde<\/a>, <a href=\"http:\/\/croquerlespages.canalblog.com\/archives\/2021\/10\/12\/39173363.html\">Fondant<\/a> et <a href=\"http:\/\/www.myloubook.com\/2021\/10\/11\/read-a-thon-dhalloween-octobre-2021\/\">Lou<\/a> nous ont pr\u00e9vu du <strong>15 au 17 octobre 2021<\/strong> un Halloween Cosy RAT. Il est \u00e9galement possible de faire toute cette semaine un journal de bord. De mon c\u00f4t\u00e9, je continue de mettre \u00e0 jour r\u00e9guli\u00e8rement ce billet de suivi. Nos 4 sorci\u00e8res gourmandes et spookosy ont pr\u00e9vu des d\u00e9fis de trois sortes: des effrayants, des cosy et \u00e0 l&rsquo;\u00e9coute de la Nature ou bien encore litt\u00e9ralement gourmands. Vivement vendredi matin!<\/em><\/p>\n<p style=\"text-align: justify;\"><em><a href=\"https:\/\/i0.wp.com\/www.jojoenherbe.com\/wp-content\/uploads\/2021\/09\/Lecture-jeunesse-Halloween-5-scaled.jpg\"><img data-recalc-dims=\"1\" loading=\"lazy\" decoding=\"async\" data-attachment-id=\"21490\" data-permalink=\"http:\/\/www.jojoenherbe.com\/index.php\/2021\/09\/15\/billet-de-suivi-challenge-halloween-2021\/lecture-jeunesse-halloween-5\/\" data-orig-file=\"https:\/\/i0.wp.com\/www.jojoenherbe.com\/wp-content\/uploads\/2021\/09\/Lecture-jeunesse-Halloween-5-scaled.jpg?fit=2560%2C1920\" data-orig-size=\"2560,1920\" data-comments-opened=\"1\" data-image-meta=\"{&quot;aperture&quot;:&quot;1.8&quot;,&quot;credit&quot;:&quot;&quot;,&quot;camera&quot;:&quot;iPhone 7&quot;,&quot;caption&quot;:&quot;&quot;,&quot;created_timestamp&quot;:&quot;1634125645&quot;,&quot;copyright&quot;:&quot;&quot;,&quot;focal_length&quot;:&quot;3.99&quot;,&quot;iso&quot;:&quot;100&quot;,&quot;shutter_speed&quot;:&quot;0.058823529411765&quot;,&quot;title&quot;:&quot;&quot;,&quot;orientation&quot;:&quot;1&quot;}\" data-image-title=\"Lecture jeunesse Halloween #5\" data-image-description=\"\" data-image-caption=\"\" data-large-file=\"https:\/\/i0.wp.com\/www.jojoenherbe.com\/wp-content\/uploads\/2021\/09\/Lecture-jeunesse-Halloween-5-scaled.jpg?fit=676%2C507\" class=\"alignleft size-thumbnail wp-image-21490\" src=\"https:\/\/i0.wp.com\/www.jojoenherbe.com\/wp-content\/uploads\/2021\/09\/Lecture-jeunesse-Halloween-5.jpg?resize=150%2C150\" alt=\"\" width=\"150\" height=\"150\" srcset=\"https:\/\/i0.wp.com\/www.jojoenherbe.com\/wp-content\/uploads\/2021\/09\/Lecture-jeunesse-Halloween-5-scaled.jpg?resize=150%2C150 150w, https:\/\/i0.wp.com\/www.jojoenherbe.com\/wp-content\/uploads\/2021\/09\/Lecture-jeunesse-Halloween-5-scaled.jpg?zoom=2&amp;resize=150%2C150 300w, https:\/\/i0.wp.com\/www.jojoenherbe.com\/wp-content\/uploads\/2021\/09\/Lecture-jeunesse-Halloween-5-scaled.jpg?zoom=3&amp;resize=150%2C150 450w\" sizes=\"auto, (max-width: 150px) 100vw, 150px\" \/><\/a>Ce <strong>12 octobre 2021<\/strong>, je passe \u00e0 la m\u00e9diath\u00e8que pour emprunter \u00e0 nouveau <a href=\"http:\/\/www.jojoenherbe.com\/index.php\/2019\/10\/09\/au-fil-des-pages-avec-sortileges\/\"><span style=\"text-decoration: underline;\"><strong>Sortil\u00e8ges<\/strong><\/span><\/a> d&rsquo;Emily Gravett, les noms des paliers du bingo m&rsquo;ayant donn\u00e9 envie de le relire. Dans cet album jeunesse \u00e0 partir de 5 ans, un crapaud tente de fabriquer un sortil\u00e8ge pour devenir Prince Charmant. <\/em><em>En fin d&rsquo;apr\u00e8s-midi et pour les lectures du soir, nous relisons&nbsp; <span style=\"text-decoration: underline;\">Sortil\u00e8ges<\/span> et <a href=\"http:\/\/www.jojoenherbe.com\/index.php\/2020\/09\/25\/au-fil-des-pages-avec-gateau-aux-pommes\/\"><span style=\"text-decoration: underline;\"><strong>G\u00e2teau aux pommes<\/strong><\/span><\/a> de Dawn Casey et Genevi\u00e8ve Godbout mais aussi d&rsquo;autres albums jeunesse.<\/em><\/p>\n<p style=\"text-align: justify;\"><em>En soir\u00e9e, apr\u00e8s avoir r\u00e9dig\u00e9 mon billet sur le <a href=\"http:\/\/www.jojoenherbe.com\/index.php\/2021\/10\/13\/au-fil-des-pages-avec-le-tome-3-de-spooky-les-contes-de-travers\/\">tome 3<\/a> de <span style=\"text-decoration: underline;\">Spooky<\/span>, je continue, comme hier soir, le tome 2 de <span style=\"text-decoration: underline;\">Magic Charly<\/span> jusqu&rsquo;au chapitre 21 et je le termine le lendemain. Vivement le tome 3 pour conna\u00eetre la fin des aventures de Charly et Sapotille!<br \/>\n<\/em><\/p>\n<p style=\"text-align: justify;\"><a href=\"https:\/\/i0.wp.com\/www.jojoenherbe.com\/wp-content\/uploads\/2021\/10\/La-pathetique-histoire-de-Birdie-Bloom-scaled.jpg\"><img data-recalc-dims=\"1\" loading=\"lazy\" decoding=\"async\" data-attachment-id=\"21560\" data-permalink=\"http:\/\/www.jojoenherbe.com\/index.php\/2021\/10\/15\/un-halloween-cosy-rat-2021\/la-pathetique-histoire-de-birdie-bloom\/\" data-orig-file=\"https:\/\/i0.wp.com\/www.jojoenherbe.com\/wp-content\/uploads\/2021\/10\/La-pathetique-histoire-de-Birdie-Bloom-scaled.jpg?fit=2560%2C1874\" data-orig-size=\"2560,1874\" data-comments-opened=\"1\" data-image-meta=\"{&quot;aperture&quot;:&quot;1.8&quot;,&quot;credit&quot;:&quot;&quot;,&quot;camera&quot;:&quot;iPhone 7&quot;,&quot;caption&quot;:&quot;&quot;,&quot;created_timestamp&quot;:&quot;1634378475&quot;,&quot;copyright&quot;:&quot;&quot;,&quot;focal_length&quot;:&quot;3.99&quot;,&quot;iso&quot;:&quot;80&quot;,&quot;shutter_speed&quot;:&quot;0.14285714285714&quot;,&quot;title&quot;:&quot;&quot;,&quot;orientation&quot;:&quot;1&quot;}\" data-image-title=\"La path\u00e9tique histoire de Birdie Bloom\" data-image-description=\"\" data-image-caption=\"\" data-large-file=\"https:\/\/i0.wp.com\/www.jojoenherbe.com\/wp-content\/uploads\/2021\/10\/La-pathetique-histoire-de-Birdie-Bloom-scaled.jpg?fit=676%2C494\" class=\"size-thumbnail wp-image-21560 alignright\" src=\"https:\/\/i0.wp.com\/www.jojoenherbe.com\/wp-content\/uploads\/2021\/10\/La-pathetique-histoire-de-Birdie-Bloom.jpg?resize=150%2C150\" alt=\"\" width=\"150\" height=\"150\" srcset=\"https:\/\/i0.wp.com\/www.jojoenherbe.com\/wp-content\/uploads\/2021\/10\/La-pathetique-histoire-de-Birdie-Bloom-scaled.jpg?resize=150%2C150 150w, https:\/\/i0.wp.com\/www.jojoenherbe.com\/wp-content\/uploads\/2021\/10\/La-pathetique-histoire-de-Birdie-Bloom-scaled.jpg?zoom=2&amp;resize=150%2C150 300w, https:\/\/i0.wp.com\/www.jojoenherbe.com\/wp-content\/uploads\/2021\/10\/La-pathetique-histoire-de-Birdie-Bloom-scaled.jpg?zoom=3&amp;resize=150%2C150 450w\" sizes=\"auto, (max-width: 150px) 100vw, 150px\" \/><\/a><em>Le <strong>15 octobre 2021<\/strong>, en soir\u00e9e, je commence un autre roman jeunesse avec aussi des orphelins vivant de fa\u00e7on path\u00e9tique dans un foyer lugubre. Il s&rsquo;agit de<strong> <span style=\"text-decoration: underline;\">La path\u00e9tique histoire de Birdie Bloom<\/span><\/strong> de Temre Beltz (\u00e9d. Seuil Jeunesse, 2019, 351 pages), un roman jeunesse pour les 9\/12 ans. Le narrateur est un livre qui nous raconte, \u00e0 travers essentiellement des notes de bas de page, ce qui semble \u00eatre une improbable amiti\u00e9 entre une vieille sorci\u00e8re et une jeune orpheline du Foyer Salles-Cardeur \u00e0 Fabulia. <\/em><\/p>\n<p style=\"text-align: justify;\"><em><a href=\"https:\/\/i0.wp.com\/www.jojoenherbe.com\/wp-content\/uploads\/2021\/09\/Selection-Sorcieres-4.jpg\"><img data-recalc-dims=\"1\" loading=\"lazy\" decoding=\"async\" data-attachment-id=\"21640\" data-permalink=\"http:\/\/www.jojoenherbe.com\/index.php\/2021\/09\/15\/billet-de-suivi-challenge-halloween-2021\/selection-sorcieres-4\/\" data-orig-file=\"https:\/\/i0.wp.com\/www.jojoenherbe.com\/wp-content\/uploads\/2021\/09\/Selection-Sorcieres-4.jpg?fit=2332%2C2407\" data-orig-size=\"2332,2407\" data-comments-opened=\"1\" data-image-meta=\"{&quot;aperture&quot;:&quot;1.8&quot;,&quot;credit&quot;:&quot;&quot;,&quot;camera&quot;:&quot;iPhone 7&quot;,&quot;caption&quot;:&quot;&quot;,&quot;created_timestamp&quot;:&quot;1634569820&quot;,&quot;copyright&quot;:&quot;&quot;,&quot;focal_length&quot;:&quot;3.99&quot;,&quot;iso&quot;:&quot;40&quot;,&quot;shutter_speed&quot;:&quot;0.052631578947368&quot;,&quot;title&quot;:&quot;&quot;,&quot;orientation&quot;:&quot;1&quot;}\" data-image-title=\"S\u00e9lection Sorci\u00e8res #4\" data-image-description=\"\" data-image-caption=\"\" data-large-file=\"https:\/\/i0.wp.com\/www.jojoenherbe.com\/wp-content\/uploads\/2021\/09\/Selection-Sorcieres-4.jpg?fit=676%2C698\" class=\"alignleft size-thumbnail wp-image-21640\" src=\"https:\/\/i0.wp.com\/www.jojoenherbe.com\/wp-content\/uploads\/2021\/09\/Selection-Sorcieres-4.jpg?resize=150%2C150\" alt=\"\" width=\"150\" height=\"150\" srcset=\"https:\/\/i0.wp.com\/www.jojoenherbe.com\/wp-content\/uploads\/2021\/09\/Selection-Sorcieres-4.jpg?resize=150%2C150 150w, https:\/\/i0.wp.com\/www.jojoenherbe.com\/wp-content\/uploads\/2021\/09\/Selection-Sorcieres-4.jpg?zoom=2&amp;resize=150%2C150 300w, https:\/\/i0.wp.com\/www.jojoenherbe.com\/wp-content\/uploads\/2021\/09\/Selection-Sorcieres-4.jpg?zoom=3&amp;resize=150%2C150 450w\" sizes=\"auto, (max-width: 150px) 100vw, 150px\" \/><\/a>Pour cette fin de semaine, j&rsquo;ai fait un billet d\u00e9di\u00e9 au <a href=\"http:\/\/www.jojoenherbe.com\/index.php\/2021\/10\/15\/un-halloween-cosy-rat-2021\/\">Halloween Cosy RAT<\/a> avec bien s\u00fbr des lectures automnales et halloweenesques mais pas que m\u00eame si la th\u00e9matique Sorci\u00e8re a \u00e9t\u00e9 pr\u00e9dominante avec deux albums jeunesse parus cette semaine: <strong><span style=\"text-decoration: underline;\">L<\/span><\/strong><span class=\"\"><strong><span style=\"text-decoration: underline;\">a petite sorci\u00e8re et la for\u00eat noire<\/span><\/strong> de Chiaki Okada et Mutsumi Ishii (\u00e9d. Seuil Jeunesse, 2021)<\/span> et <span class=\"\"><strong><span style=\"text-decoration: underline;\">La sorci\u00e8re Crabibi<\/span><\/strong> de Laurent et Olivier Souill\u00e9 et Fr\u00e9d\u00e9ric Pillot (\u00e9d. Kal\u00e9idoscope, diff. L\u2019\u00e9cole des loisirs, 2021)<\/span> et un documentaire jeunesse: <strong><span style=\"text-decoration: underline;\">Secrets de sorci\u00e8res, Une initiation \u00e0 notre histoire et \u00e0 no savoirs<\/span><\/strong> de Julie L\u00e9g\u00e8re, Elsa Whyte et Laura P\u00e9rez (\u00e9d. de la Martini\u00e8re Jeunesse, 2019, 77 pages) en lien avec ma lecture de d\u00e9but de semaine: <strong><span style=\"text-decoration: underline;\">Sorci\u00e8res! Une histoire des sorci\u00e8res \u00e0 travers l\u2019Art<\/span><\/strong> de Pauline Duclos-Grenet (\u00e9d. Seuil Jeunesse, 2020, 61 pages). Sans oublier un chouette dimanche apr\u00e8s-midi dans une ambiance automnale au Fort de la Rev\u00e8re.<br \/>\n<\/em><\/p>\n<p><strong><em><span style=\"text-decoration: underline;\">Semaine 6 du Challenge Halloween<\/span>:<\/em><\/strong><\/p>\n<p style=\"text-align: justify;\"><em>En d\u00e9but de ce semaine, je finis de lire <span style=\"text-decoration: underline;\">La path\u00e9tique histoire de Birdie Bloom<\/span> de Temre Beltz, Birdie une Path\u00e9tique orpheline se liant d&rsquo;amiti\u00e9 avec Madame Crabouille, une m\u00e9chante sorci\u00e8re pour changer son destin de Triste Fin. Un bon moment de lecture!<\/em><\/p>\n<p style=\"text-align: justify;\"><em>Nous relisons \u00e9galement des albums jeunesse comme <span style=\"text-decoration: underline;\">L<\/span><span class=\"\"><span style=\"text-decoration: underline;\">a petite sorci\u00e8re et la for\u00eat noire<\/span> et <\/span><strong><span style=\"text-decoration: underline;\">Cap sur le tr\u00e9sor de Z la terreur!<\/span><\/strong> de Sylvie Misslin et Amandine Piu (\u00e9d. Amaterra, 2020), un album jeunesse \u00e0 partir de 4 ans avec des enfants \u00ab\u00a0pirates\u00a0\u00bb partant \u00e0 la recherche d&rsquo;un tr\u00e9sor sur l&rsquo;\u00eele des Perroquets.<\/em><\/p>\n<p style=\"text-align: justify;\"><em><a href=\"https:\/\/i0.wp.com\/www.jojoenherbe.com\/wp-content\/uploads\/2021\/09\/BD-jeunesse-Halloween-scaled.jpg\"><img data-recalc-dims=\"1\" loading=\"lazy\" decoding=\"async\" data-attachment-id=\"21756\" data-permalink=\"http:\/\/www.jojoenherbe.com\/index.php\/2021\/09\/15\/billet-de-suivi-challenge-halloween-2021\/bd-jeunesse-halloween\/\" data-orig-file=\"https:\/\/i0.wp.com\/www.jojoenherbe.com\/wp-content\/uploads\/2021\/09\/BD-jeunesse-Halloween-scaled.jpg?fit=2560%2C1851\" data-orig-size=\"2560,1851\" data-comments-opened=\"1\" data-image-meta=\"{&quot;aperture&quot;:&quot;1.8&quot;,&quot;credit&quot;:&quot;&quot;,&quot;camera&quot;:&quot;iPhone 7&quot;,&quot;caption&quot;:&quot;&quot;,&quot;created_timestamp&quot;:&quot;1634897343&quot;,&quot;copyright&quot;:&quot;&quot;,&quot;focal_length&quot;:&quot;3.99&quot;,&quot;iso&quot;:&quot;100&quot;,&quot;shutter_speed&quot;:&quot;0.076923076923077&quot;,&quot;title&quot;:&quot;&quot;,&quot;orientation&quot;:&quot;1&quot;}\" data-image-title=\"BD jeunesse Halloween\" data-image-description=\"\" data-image-caption=\"\" data-large-file=\"https:\/\/i0.wp.com\/www.jojoenherbe.com\/wp-content\/uploads\/2021\/09\/BD-jeunesse-Halloween-scaled.jpg?fit=676%2C489\" class=\"size-thumbnail wp-image-21756 alignright\" src=\"https:\/\/i0.wp.com\/www.jojoenherbe.com\/wp-content\/uploads\/2021\/09\/BD-jeunesse-Halloween.jpg?resize=150%2C150\" alt=\"\" width=\"150\" height=\"150\" srcset=\"https:\/\/i0.wp.com\/www.jojoenherbe.com\/wp-content\/uploads\/2021\/09\/BD-jeunesse-Halloween-scaled.jpg?resize=150%2C150 150w, https:\/\/i0.wp.com\/www.jojoenherbe.com\/wp-content\/uploads\/2021\/09\/BD-jeunesse-Halloween-scaled.jpg?zoom=2&amp;resize=150%2C150 300w, https:\/\/i0.wp.com\/www.jojoenherbe.com\/wp-content\/uploads\/2021\/09\/BD-jeunesse-Halloween-scaled.jpg?zoom=3&amp;resize=150%2C150 450w\" sizes=\"auto, (max-width: 150px) 100vw, 150px\" \/><\/a>Le <strong>20 octobre 2021<\/strong>, c&rsquo;est journ\u00e9e BD jeunesse avec <strong>le tome 1<\/strong> du diptyque <strong><span style=\"text-decoration: underline;\">Amelia Woods, Le manoir de Lady Heme<\/span><\/strong> de Carole Breteau et Morgane Lafille (\u00e9d. Gl\u00e9nat, coll. Vents d&rsquo;Ouest, 2021), une BD jeunesse fantastique dans laquelle en 1899, Amelia Woods venue \u00e9tudier les oiseaux migrateurs \u00e0 St-Mickael&rsquo;s Bay est rattrap\u00e9e par le pass\u00e9 myst\u00e9rieux et magique de sa m\u00e8re, r\u00e9cemment d\u00e9c\u00e9d\u00e9e et <strong><span style=\"text-decoration: underline;\">Chaque jour Dracula<\/span><\/strong> de Lo\u00efc Cl\u00e9ment et Cl\u00e9ment Lef\u00e8vre (\u00e9d. Delcourt Jeunesse, 2018), une BD jeunesse \u00e0 partir de 9 ans avec un jeune Dracula victime de harc\u00e8lement scolaire, les traits du vampire me rappelant ceux d\u2019\u00c9piphanie dans le tome 1 de <span style=\"text-decoration: underline;\">L&rsquo;\u00e9pouvantable peur d&rsquo;\u00c9piphanie Frayeur<\/span> \u00e9galement illustr\u00e9e par Cl\u00e9ment Lef\u00e8vre.<br \/>\n<\/em><\/p>\n<p style=\"text-align: justify;\"><em><a href=\"https:\/\/i0.wp.com\/www.jojoenherbe.com\/wp-content\/uploads\/2021\/09\/Les-Croques-scaled.jpg\"><img data-recalc-dims=\"1\" loading=\"lazy\" decoding=\"async\" data-attachment-id=\"21875\" data-permalink=\"http:\/\/www.jojoenherbe.com\/index.php\/2021\/09\/15\/billet-de-suivi-challenge-halloween-2021\/les-croques\/\" data-orig-file=\"https:\/\/i0.wp.com\/www.jojoenherbe.com\/wp-content\/uploads\/2021\/09\/Les-Croques-scaled.jpg?fit=2560%2C1920\" data-orig-size=\"2560,1920\" data-comments-opened=\"1\" data-image-meta=\"{&quot;aperture&quot;:&quot;1.8&quot;,&quot;credit&quot;:&quot;&quot;,&quot;camera&quot;:&quot;iPhone 7&quot;,&quot;caption&quot;:&quot;&quot;,&quot;created_timestamp&quot;:&quot;1635178150&quot;,&quot;copyright&quot;:&quot;&quot;,&quot;focal_length&quot;:&quot;3.99&quot;,&quot;iso&quot;:&quot;100&quot;,&quot;shutter_speed&quot;:&quot;0.090909090909091&quot;,&quot;title&quot;:&quot;&quot;,&quot;orientation&quot;:&quot;1&quot;}\" data-image-title=\"Les Croques\" data-image-description=\"\" data-image-caption=\"\" data-large-file=\"https:\/\/i0.wp.com\/www.jojoenherbe.com\/wp-content\/uploads\/2021\/09\/Les-Croques-scaled.jpg?fit=676%2C507\" class=\"alignleft size-thumbnail wp-image-21875\" src=\"https:\/\/i0.wp.com\/www.jojoenherbe.com\/wp-content\/uploads\/2021\/09\/Les-Croques.jpg?resize=150%2C150\" alt=\"\" width=\"150\" height=\"150\" srcset=\"https:\/\/i0.wp.com\/www.jojoenherbe.com\/wp-content\/uploads\/2021\/09\/Les-Croques-scaled.jpg?resize=150%2C150 150w, https:\/\/i0.wp.com\/www.jojoenherbe.com\/wp-content\/uploads\/2021\/09\/Les-Croques-scaled.jpg?zoom=2&amp;resize=150%2C150 300w, https:\/\/i0.wp.com\/www.jojoenherbe.com\/wp-content\/uploads\/2021\/09\/Les-Croques-scaled.jpg?zoom=3&amp;resize=150%2C150 450w\" sizes=\"auto, (max-width: 150px) 100vw, 150px\" \/><\/a>Finalement, c&rsquo;est plut\u00f4t une semaine BD jeunesse puisque Syl m&rsquo;a rejointe dans ma d\u00e9couverte du <strong>triptyque des <span style=\"text-decoration: underline;\">Croques<\/span><\/strong> et j&rsquo;ai lu le <strong>tome 2 <span style=\"text-decoration: underline;\">Oiseaux de malheur<\/span><\/strong> et le <strong>tome 3 <span style=\"text-decoration: underline;\">Bouquet final<\/span><\/strong> de L\u00e9a Maz\u00e9 (\u00e9d. de la Goutti\u00e8re, 2019 (T2) et 2020 (T3)) le <strong>22 octobre 2021<\/strong>. Un tr\u00e8s bon moment de lecture avec ce thriller jeunesse \u00e0 partir de 9 ans de deux jumeaux adolescents enqu\u00eatant dans un cimeti\u00e8re! J&rsquo;en reparlerai tr\u00e8s vite pour une LC avec elle.<\/em><\/p>\n<p style=\"text-align: justify;\"><em><a href=\"https:\/\/i0.wp.com\/www.jojoenherbe.com\/wp-content\/uploads\/2021\/10\/La-brigade-des-cauchemars-T2-scaled.jpg\"><img data-recalc-dims=\"1\" loading=\"lazy\" decoding=\"async\" data-attachment-id=\"21894\" data-permalink=\"http:\/\/www.jojoenherbe.com\/index.php\/2021\/10\/27\/point-lecture-hebdomadaire-12\/la-brigade-des-cauchemars-t2\/\" data-orig-file=\"https:\/\/i0.wp.com\/www.jojoenherbe.com\/wp-content\/uploads\/2021\/10\/La-brigade-des-cauchemars-T2-scaled.jpg?fit=2560%2C1920\" data-orig-size=\"2560,1920\" data-comments-opened=\"1\" data-image-meta=\"{&quot;aperture&quot;:&quot;1.8&quot;,&quot;credit&quot;:&quot;&quot;,&quot;camera&quot;:&quot;iPhone 7&quot;,&quot;caption&quot;:&quot;&quot;,&quot;created_timestamp&quot;:&quot;1635334365&quot;,&quot;copyright&quot;:&quot;&quot;,&quot;focal_length&quot;:&quot;3.99&quot;,&quot;iso&quot;:&quot;100&quot;,&quot;shutter_speed&quot;:&quot;0.058823529411765&quot;,&quot;title&quot;:&quot;&quot;,&quot;orientation&quot;:&quot;1&quot;}\" data-image-title=\"La brigade des cauchemars T2\" data-image-description=\"\" data-image-caption=\"\" data-large-file=\"https:\/\/i0.wp.com\/www.jojoenherbe.com\/wp-content\/uploads\/2021\/10\/La-brigade-des-cauchemars-T2-scaled.jpg?fit=676%2C507\" class=\"size-thumbnail wp-image-21894 alignright\" src=\"https:\/\/i0.wp.com\/www.jojoenherbe.com\/wp-content\/uploads\/2021\/10\/La-brigade-des-cauchemars-T2.jpg?resize=150%2C150\" alt=\"\" width=\"150\" height=\"150\" srcset=\"https:\/\/i0.wp.com\/www.jojoenherbe.com\/wp-content\/uploads\/2021\/10\/La-brigade-des-cauchemars-T2-scaled.jpg?resize=150%2C150 150w, https:\/\/i0.wp.com\/www.jojoenherbe.com\/wp-content\/uploads\/2021\/10\/La-brigade-des-cauchemars-T2-scaled.jpg?zoom=2&amp;resize=150%2C150 300w, https:\/\/i0.wp.com\/www.jojoenherbe.com\/wp-content\/uploads\/2021\/10\/La-brigade-des-cauchemars-T2-scaled.jpg?zoom=3&amp;resize=150%2C150 450w\" sizes=\"auto, (max-width: 150px) 100vw, 150px\" \/><\/a>Apr\u00e8s avoir lu le <a href=\"http:\/\/www.jojoenherbe.com\/index.php\/2020\/10\/07\/au-fil-des-pages-avec-le-tome-1-de-la-brigade-des-cauchemars\/\">tome 1<\/a> en LC lors de l&rsquo;\u00e9dition 2020 du Challenge Halloween, je lis <strong>le tome 2 de <span style=\"text-decoration: underline;\">La brigade des cauchemars, Nicolas<\/span><\/strong> de Franck Thilliez, Yomgui Dumont et Drac (\u00e9d. Jungle, coll. Frissons, 2018, r\u00e9\u00e9d. 2020), une BD jeunesse \u00e0 partir de 11 ans et qui permet d&rsquo;en savoir plus sur la clinique du sommeil tout en soignant un nouveau patient adolescent, Nicolas. LC pr\u00e9vue avec Syl le 8 novembre 2021. <\/em><\/p>\n<p style=\"text-align: justify;\"><em><a href=\"https:\/\/i0.wp.com\/www.jojoenherbe.com\/wp-content\/uploads\/2021\/10\/Les-Annales-du-Disque-Monde-T1-scaled.jpg\"><img data-recalc-dims=\"1\" loading=\"lazy\" decoding=\"async\" data-attachment-id=\"21899\" data-permalink=\"http:\/\/www.jojoenherbe.com\/index.php\/2021\/10\/27\/point-lecture-hebdomadaire-12\/les-annales-du-disque-monde-t1\/\" data-orig-file=\"https:\/\/i0.wp.com\/www.jojoenherbe.com\/wp-content\/uploads\/2021\/10\/Les-Annales-du-Disque-Monde-T1-scaled.jpg?fit=2560%2C2179\" data-orig-size=\"2560,2179\" data-comments-opened=\"1\" data-image-meta=\"{&quot;aperture&quot;:&quot;1.8&quot;,&quot;credit&quot;:&quot;&quot;,&quot;camera&quot;:&quot;iPhone 7&quot;,&quot;caption&quot;:&quot;&quot;,&quot;created_timestamp&quot;:&quot;1635334352&quot;,&quot;copyright&quot;:&quot;&quot;,&quot;focal_length&quot;:&quot;3.99&quot;,&quot;iso&quot;:&quot;100&quot;,&quot;shutter_speed&quot;:&quot;0.090909090909091&quot;,&quot;title&quot;:&quot;&quot;,&quot;orientation&quot;:&quot;1&quot;}\" data-image-title=\"Les Annales du Disque-Monde T1\" data-image-description=\"\" data-image-caption=\"\" data-large-file=\"https:\/\/i0.wp.com\/www.jojoenherbe.com\/wp-content\/uploads\/2021\/10\/Les-Annales-du-Disque-Monde-T1-scaled.jpg?fit=676%2C576\" class=\"alignleft size-thumbnail wp-image-21899\" src=\"https:\/\/i0.wp.com\/www.jojoenherbe.com\/wp-content\/uploads\/2021\/10\/Les-Annales-du-Disque-Monde-T1.jpg?resize=150%2C150\" alt=\"\" width=\"150\" height=\"150\" srcset=\"https:\/\/i0.wp.com\/www.jojoenherbe.com\/wp-content\/uploads\/2021\/10\/Les-Annales-du-Disque-Monde-T1-scaled.jpg?resize=150%2C150 150w, https:\/\/i0.wp.com\/www.jojoenherbe.com\/wp-content\/uploads\/2021\/10\/Les-Annales-du-Disque-Monde-T1-scaled.jpg?zoom=2&amp;resize=150%2C150 300w, https:\/\/i0.wp.com\/www.jojoenherbe.com\/wp-content\/uploads\/2021\/10\/Les-Annales-du-Disque-Monde-T1-scaled.jpg?zoom=3&amp;resize=150%2C150 450w\" sizes=\"auto, (max-width: 150px) 100vw, 150px\" \/><\/a>Le <strong>23 octobre 2021<\/strong>, je commence en soir\u00e9e <strong>le tome 1 des <span style=\"text-decoration: underline;\">Annales du disque-monde, La huiti\u00e8me couleur<\/span><\/strong> de Terry Pratchett (\u00e9d. L&rsquo;Atalante, 1996, r\u00e9\u00e9d. 2014), un classique de fantasy paru pour la premi\u00e8re fois en Grande-Bretagne en 1983 jusqu&rsquo;\u00e0 la page 50 et les d\u00e9buts du voyage de Deuxfleurs dans la cit\u00e9 d&rsquo;Ankh-Morpork.<\/em><\/p>\n<p><strong><em><span style=\"text-decoration: underline;\">Semaine 7 du Challenge Halloween<\/span>:<\/em><\/strong><\/p>\n<p style=\"text-align: justify;\"><em>Cette semaine, je vais essayer de chroniquer un peu plus mes derni\u00e8res lectures, m\u00eame si vous pouvez les retrouver sommairement une fois par semaine dans mon point lecture hebdomadaire. <\/em><\/p>\n<p style=\"text-align: justify;\"><em><a href=\"https:\/\/i0.wp.com\/www.jojoenherbe.com\/wp-content\/uploads\/2021\/09\/Lecture-jeunesse-scaled.jpg\"><img data-recalc-dims=\"1\" loading=\"lazy\" decoding=\"async\" data-attachment-id=\"21907\" data-permalink=\"http:\/\/www.jojoenherbe.com\/index.php\/2021\/09\/15\/billet-de-suivi-challenge-halloween-2021\/lecture-jeunesse\/\" data-orig-file=\"https:\/\/i0.wp.com\/www.jojoenherbe.com\/wp-content\/uploads\/2021\/09\/Lecture-jeunesse-scaled.jpg?fit=2560%2C1920\" data-orig-size=\"2560,1920\" data-comments-opened=\"1\" data-image-meta=\"{&quot;aperture&quot;:&quot;1.8&quot;,&quot;credit&quot;:&quot;&quot;,&quot;camera&quot;:&quot;iPhone 7&quot;,&quot;caption&quot;:&quot;&quot;,&quot;created_timestamp&quot;:&quot;1635336238&quot;,&quot;copyright&quot;:&quot;&quot;,&quot;focal_length&quot;:&quot;3.99&quot;,&quot;iso&quot;:&quot;50&quot;,&quot;shutter_speed&quot;:&quot;0.058823529411765&quot;,&quot;title&quot;:&quot;&quot;,&quot;orientation&quot;:&quot;1&quot;}\" data-image-title=\"Lecture jeunesse\" data-image-description=\"\" data-image-caption=\"\" data-large-file=\"https:\/\/i0.wp.com\/www.jojoenherbe.com\/wp-content\/uploads\/2021\/09\/Lecture-jeunesse-scaled.jpg?fit=676%2C507\" class=\"size-thumbnail wp-image-21907 alignright\" src=\"https:\/\/i0.wp.com\/www.jojoenherbe.com\/wp-content\/uploads\/2021\/09\/Lecture-jeunesse.jpg?resize=150%2C150\" alt=\"\" width=\"150\" height=\"150\" srcset=\"https:\/\/i0.wp.com\/www.jojoenherbe.com\/wp-content\/uploads\/2021\/09\/Lecture-jeunesse-scaled.jpg?resize=150%2C150 150w, https:\/\/i0.wp.com\/www.jojoenherbe.com\/wp-content\/uploads\/2021\/09\/Lecture-jeunesse-scaled.jpg?zoom=2&amp;resize=150%2C150 300w, https:\/\/i0.wp.com\/www.jojoenherbe.com\/wp-content\/uploads\/2021\/09\/Lecture-jeunesse-scaled.jpg?zoom=3&amp;resize=150%2C150 450w\" sizes=\"auto, (max-width: 150px) 100vw, 150px\" \/><\/a>Le <strong>25 octobre 2021<\/strong>, parmi nos relectures, nous d\u00e9couvrons un album jeunesse gentiment halloweenesque: <strong><span style=\"text-decoration: underline;\">Ce jour o\u00f9 tu as fait fuir les monstres!<\/span><\/strong> de Louison Nielman et Fabien \u00f6ckto Lambert (\u00e9d. Langue au chat, 2020), un album jeunesse cartonn\u00e9 \u00e0 partir de 2 ans et dans lequel une petite fille a peur des monstres de sa chambre. De cette autrice, nous avions d\u00e9j\u00e0 lu <span style=\"text-decoration: underline;\">Te souviendras-tu? que je t&rsquo;aimerai toujours&#8230;<\/span> racontant l&rsquo;amour inconditionnel d&rsquo;une m\u00e8re pour sa petite fille.<\/em><\/p>\n<p style=\"text-align: justify;\"><em><a href=\"https:\/\/i0.wp.com\/www.jojoenherbe.com\/wp-content\/uploads\/2021\/10\/Cols-de-lOrme-et-de-lAble.jpg\"><img data-recalc-dims=\"1\" loading=\"lazy\" decoding=\"async\" data-attachment-id=\"21849\" data-permalink=\"http:\/\/www.jojoenherbe.com\/index.php\/2021\/10\/26\/la-nature-au-fil-de-lautomne-2021\/cols-de-lorme-et-de-lable\/\" data-orig-file=\"https:\/\/i0.wp.com\/www.jojoenherbe.com\/wp-content\/uploads\/2021\/10\/Cols-de-lOrme-et-de-lAble.jpg?fit=2048%2C2048\" data-orig-size=\"2048,2048\" data-comments-opened=\"1\" data-image-meta=\"{&quot;aperture&quot;:&quot;0&quot;,&quot;credit&quot;:&quot;&quot;,&quot;camera&quot;:&quot;&quot;,&quot;caption&quot;:&quot;&quot;,&quot;created_timestamp&quot;:&quot;0&quot;,&quot;copyright&quot;:&quot;&quot;,&quot;focal_length&quot;:&quot;0&quot;,&quot;iso&quot;:&quot;0&quot;,&quot;shutter_speed&quot;:&quot;0&quot;,&quot;title&quot;:&quot;&quot;,&quot;orientation&quot;:&quot;1&quot;}\" data-image-title=\"Cols de l&amp;rsquo;Orme et de l&amp;rsquo;Abl\u00e9\" data-image-description=\"\" data-image-caption=\"\" data-large-file=\"https:\/\/i0.wp.com\/www.jojoenherbe.com\/wp-content\/uploads\/2021\/10\/Cols-de-lOrme-et-de-lAble.jpg?fit=676%2C676\" class=\"size-thumbnail wp-image-21849 alignleft\" src=\"https:\/\/i0.wp.com\/www.jojoenherbe.com\/wp-content\/uploads\/2021\/10\/Cols-de-lOrme-et-de-lAble.jpg?resize=150%2C150\" alt=\"\" width=\"150\" height=\"150\" srcset=\"https:\/\/i0.wp.com\/www.jojoenherbe.com\/wp-content\/uploads\/2021\/10\/Cols-de-lOrme-et-de-lAble.jpg?resize=150%2C150 150w, https:\/\/i0.wp.com\/www.jojoenherbe.com\/wp-content\/uploads\/2021\/10\/Cols-de-lOrme-et-de-lAble.jpg?resize=300%2C300 300w, https:\/\/i0.wp.com\/www.jojoenherbe.com\/wp-content\/uploads\/2021\/10\/Cols-de-lOrme-et-de-lAble.jpg?resize=1024%2C1024 1024w, https:\/\/i0.wp.com\/www.jojoenherbe.com\/wp-content\/uploads\/2021\/10\/Cols-de-lOrme-et-de-lAble.jpg?resize=768%2C768 768w, https:\/\/i0.wp.com\/www.jojoenherbe.com\/wp-content\/uploads\/2021\/10\/Cols-de-lOrme-et-de-lAble.jpg?resize=1536%2C1536 1536w, https:\/\/i0.wp.com\/www.jojoenherbe.com\/wp-content\/uploads\/2021\/10\/Cols-de-lOrme-et-de-lAble.jpg?w=2048 2048w, https:\/\/i0.wp.com\/www.jojoenherbe.com\/wp-content\/uploads\/2021\/10\/Cols-de-lOrme-et-de-lAble.jpg?resize=676%2C676 676w, https:\/\/i0.wp.com\/www.jojoenherbe.com\/wp-content\/uploads\/2021\/10\/Cols-de-lOrme-et-de-lAble.jpg?w=1352 1352w\" sizes=\"auto, (max-width: 150px) 100vw, 150px\" \/><\/a>Le <strong>26 octobre 2021<\/strong>, j&rsquo;ai eu envie de me joindre \u00e0 <a href=\"https:\/\/sylectures.wordpress.com\/\">Syl<\/a> et <a href=\"https:\/\/ribambelledhistoires.over-blog.com\/\">Isabelle<\/a>, qui ont bien voulu m&rsquo;accepter, dans leur <strong>rendez-vous photo sur la Nature en automne<\/strong>. En effet, depuis le d\u00e9but du challenge Halloween 2021, elles nous font admirer tous les mardis l&rsquo;automne s&rsquo;installer dans la Nature. N&rsquo;h\u00e9sitez pas \u00e0 aller voir leurs blogs. De mon c\u00f4t\u00e9, je vous emm\u00e8ne dans <a href=\"http:\/\/www.jojoenherbe.com\/index.php\/2021\/10\/26\/la-nature-au-fil-de-lautomne-2021\/\">notre balade<\/a> de dimanche dernier au-dessus de Luc\u00e9ram, dans l&rsquo;arri\u00e8re-pays ni\u00e7ois.<\/em><\/p>\n<p style=\"text-align: justify;\"><em>La semaine se termine par Halloween et notre chasse au tr\u00e9sor avec des indices et d\u00e9fis \u00e0 effectuer pour trouver le tr\u00e9sor chocolat\u00e9.<\/em><\/p>\n<p><strong><em><span style=\"text-decoration: underline;\">Semaine 8 du Challenge Halloween<\/span>:<\/em><\/strong><\/p>\n<p style=\"text-align: justify;\"><em>Avant-derni\u00e8re semaine du Challenge Halloween. Je me lance le m\u00eame objectif que la semaine derni\u00e8re, \u00e0 savoir chroniquer un peu plus nos derni\u00e8res lectures halloweenesques et automnales.<\/em><\/p>\n<p style=\"text-align: justify;\"><em><a href=\"https:\/\/i0.wp.com\/www.jojoenherbe.com\/wp-content\/uploads\/2021\/11\/Ah-Les-bonnes-soupes-scaled.jpg\"><img data-recalc-dims=\"1\" loading=\"lazy\" decoding=\"async\" data-attachment-id=\"22255\" data-permalink=\"http:\/\/www.jojoenherbe.com\/index.php\/2021\/11\/09\/point-lecture-hebdomadaire-14\/ah-les-bonnes-soupes\/\" data-orig-file=\"https:\/\/i0.wp.com\/www.jojoenherbe.com\/wp-content\/uploads\/2021\/11\/Ah-Les-bonnes-soupes-scaled.jpg?fit=2560%2C2147\" data-orig-size=\"2560,2147\" data-comments-opened=\"1\" data-image-meta=\"{&quot;aperture&quot;:&quot;1.8&quot;,&quot;credit&quot;:&quot;&quot;,&quot;camera&quot;:&quot;iPhone 7&quot;,&quot;caption&quot;:&quot;&quot;,&quot;created_timestamp&quot;:&quot;1636385939&quot;,&quot;copyright&quot;:&quot;&quot;,&quot;focal_length&quot;:&quot;3.99&quot;,&quot;iso&quot;:&quot;80&quot;,&quot;shutter_speed&quot;:&quot;0.25&quot;,&quot;title&quot;:&quot;&quot;,&quot;orientation&quot;:&quot;1&quot;}\" data-image-title=\"Ah! Les bonnes soupes\" data-image-description=\"\" data-image-caption=\"\" data-large-file=\"https:\/\/i0.wp.com\/www.jojoenherbe.com\/wp-content\/uploads\/2021\/11\/Ah-Les-bonnes-soupes-scaled.jpg?fit=676%2C567\" class=\"size-thumbnail wp-image-22255 alignright\" src=\"https:\/\/i0.wp.com\/www.jojoenherbe.com\/wp-content\/uploads\/2021\/11\/Ah-Les-bonnes-soupes.jpg?resize=150%2C150\" alt=\"\" width=\"150\" height=\"150\" srcset=\"https:\/\/i0.wp.com\/www.jojoenherbe.com\/wp-content\/uploads\/2021\/11\/Ah-Les-bonnes-soupes-scaled.jpg?resize=150%2C150 150w, https:\/\/i0.wp.com\/www.jojoenherbe.com\/wp-content\/uploads\/2021\/11\/Ah-Les-bonnes-soupes-scaled.jpg?zoom=2&amp;resize=150%2C150 300w, https:\/\/i0.wp.com\/www.jojoenherbe.com\/wp-content\/uploads\/2021\/11\/Ah-Les-bonnes-soupes-scaled.jpg?zoom=3&amp;resize=150%2C150 450w\" sizes=\"auto, (max-width: 150px) 100vw, 150px\" \/><\/a>Le <strong>2 novembre 2021<\/strong>, bien qu&rsquo;Halloween soit pass\u00e9, nous lisons <strong><span style=\"text-decoration: underline;\"> Ah! Les bonnes soupes<\/span><\/strong> de Claude Boujon (\u00e9d. L\u2019\u00e9cole des loisirs, 1994, r\u00e9\u00e9d. 2017), un album jeunesse \u00e0 partir de 3 ans. La sorci\u00e8re Ratatouille d\u00e9cide de concocter une soupe magique la rendant aussi belle qu\u2019un mannequin des magazines. A d\u00e9faut de recette dans ses grimoires, elle cr\u00e9e ses propres soupes qu\u2019elle fait go\u00fbter \u00e0 ses familiers (chauve-souris, crapaud, hibou..). Mais les soupes auront-elles l\u2019effet escompt\u00e9? Une histoire rigolote avec des soupes peu rago\u00fbtantes et aux effets surprenants!&nbsp;<\/em><\/p>\n<p style=\"text-align: justify;\"><em><a href=\"https:\/\/i0.wp.com\/www.jojoenherbe.com\/wp-content\/uploads\/2021\/10\/Vaugrenier-2.jpg\"><img data-recalc-dims=\"1\" loading=\"lazy\" decoding=\"async\" data-attachment-id=\"21984\" data-permalink=\"http:\/\/www.jojoenherbe.com\/index.php\/2021\/11\/02\/la-nature-au-fil-de-lautomne-2021-2\/vaugrenier-2-2\/\" data-orig-file=\"https:\/\/i0.wp.com\/www.jojoenherbe.com\/wp-content\/uploads\/2021\/10\/Vaugrenier-2.jpg?fit=2048%2C2048\" data-orig-size=\"2048,2048\" data-comments-opened=\"1\" data-image-meta=\"{&quot;aperture&quot;:&quot;0&quot;,&quot;credit&quot;:&quot;&quot;,&quot;camera&quot;:&quot;&quot;,&quot;caption&quot;:&quot;&quot;,&quot;created_timestamp&quot;:&quot;0&quot;,&quot;copyright&quot;:&quot;&quot;,&quot;focal_length&quot;:&quot;0&quot;,&quot;iso&quot;:&quot;0&quot;,&quot;shutter_speed&quot;:&quot;0&quot;,&quot;title&quot;:&quot;&quot;,&quot;orientation&quot;:&quot;1&quot;}\" data-image-title=\"Vaugrenier 2\" data-image-description=\"\" data-image-caption=\"\" data-large-file=\"https:\/\/i0.wp.com\/www.jojoenherbe.com\/wp-content\/uploads\/2021\/10\/Vaugrenier-2.jpg?fit=676%2C676\" class=\"alignleft size-thumbnail wp-image-21984\" src=\"https:\/\/i0.wp.com\/www.jojoenherbe.com\/wp-content\/uploads\/2021\/10\/Vaugrenier-2.jpg?resize=150%2C150\" alt=\"\" width=\"150\" height=\"150\" srcset=\"https:\/\/i0.wp.com\/www.jojoenherbe.com\/wp-content\/uploads\/2021\/10\/Vaugrenier-2.jpg?resize=150%2C150 150w, https:\/\/i0.wp.com\/www.jojoenherbe.com\/wp-content\/uploads\/2021\/10\/Vaugrenier-2.jpg?resize=300%2C300 300w, https:\/\/i0.wp.com\/www.jojoenherbe.com\/wp-content\/uploads\/2021\/10\/Vaugrenier-2.jpg?resize=1024%2C1024 1024w, https:\/\/i0.wp.com\/www.jojoenherbe.com\/wp-content\/uploads\/2021\/10\/Vaugrenier-2.jpg?resize=768%2C768 768w, https:\/\/i0.wp.com\/www.jojoenherbe.com\/wp-content\/uploads\/2021\/10\/Vaugrenier-2.jpg?resize=1536%2C1536 1536w, https:\/\/i0.wp.com\/www.jojoenherbe.com\/wp-content\/uploads\/2021\/10\/Vaugrenier-2.jpg?w=2048 2048w, https:\/\/i0.wp.com\/www.jojoenherbe.com\/wp-content\/uploads\/2021\/10\/Vaugrenier-2.jpg?resize=676%2C676 676w, https:\/\/i0.wp.com\/www.jojoenherbe.com\/wp-content\/uploads\/2021\/10\/Vaugrenier-2.jpg?w=1352 1352w\" sizes=\"auto, (max-width: 150px) 100vw, 150px\" \/><\/a>C&rsquo;est aussi le rendez-vous photo avec Syl et Isabelle avec chez moi, des photos prises lors de notre journ\u00e9e du 26 octobre 2021 pass\u00e9e dans un parc dans lequel nous allons tr\u00e8s souvent, Vaugrenier, l&rsquo;automne s&rsquo;installant petit \u00e0 petit. M\u00eame si cette ann\u00e9e, nous n&rsquo;avons pas encore observ\u00e9 de <a href=\"http:\/\/www.jojoenherbe.com\/index.php\/2019\/10\/29\/des-coeurs-de-sorciere-a-vaugrenier\/\">c\u0153urs de sorci\u00e8re<\/a>.<\/em><\/p>\n<p style=\"text-align: justify;\"><em><a href=\"https:\/\/i0.wp.com\/www.jojoenherbe.com\/wp-content\/uploads\/2021\/11\/Jeux-de-societe-Halloween-scaled.jpg\"><img data-recalc-dims=\"1\" loading=\"lazy\" decoding=\"async\" data-attachment-id=\"22142\" data-permalink=\"http:\/\/www.jojoenherbe.com\/index.php\/page-d-exemple\/jeux-de-societe-halloween\/\" data-orig-file=\"https:\/\/i0.wp.com\/www.jojoenherbe.com\/wp-content\/uploads\/2021\/11\/Jeux-de-societe-Halloween-scaled.jpg?fit=2560%2C1920\" data-orig-size=\"2560,1920\" data-comments-opened=\"1\" data-image-meta=\"{&quot;aperture&quot;:&quot;1.8&quot;,&quot;credit&quot;:&quot;&quot;,&quot;camera&quot;:&quot;iPhone 7&quot;,&quot;caption&quot;:&quot;&quot;,&quot;created_timestamp&quot;:&quot;1636021913&quot;,&quot;copyright&quot;:&quot;&quot;,&quot;focal_length&quot;:&quot;3.99&quot;,&quot;iso&quot;:&quot;100&quot;,&quot;shutter_speed&quot;:&quot;0.16666666666667&quot;,&quot;title&quot;:&quot;&quot;,&quot;orientation&quot;:&quot;1&quot;}\" data-image-title=\"Jeux de soci\u00e9t\u00e9 Halloween\" data-image-description=\"\" data-image-caption=\"\" data-large-file=\"https:\/\/i0.wp.com\/www.jojoenherbe.com\/wp-content\/uploads\/2021\/11\/Jeux-de-societe-Halloween-scaled.jpg?fit=676%2C507\" class=\"size-thumbnail wp-image-22142 alignright\" src=\"https:\/\/i0.wp.com\/www.jojoenherbe.com\/wp-content\/uploads\/2021\/11\/Jeux-de-societe-Halloween.jpg?resize=150%2C150\" alt=\"\" width=\"150\" height=\"150\" srcset=\"https:\/\/i0.wp.com\/www.jojoenherbe.com\/wp-content\/uploads\/2021\/11\/Jeux-de-societe-Halloween-scaled.jpg?resize=150%2C150 150w, https:\/\/i0.wp.com\/www.jojoenherbe.com\/wp-content\/uploads\/2021\/11\/Jeux-de-societe-Halloween-scaled.jpg?zoom=2&amp;resize=150%2C150 300w, https:\/\/i0.wp.com\/www.jojoenherbe.com\/wp-content\/uploads\/2021\/11\/Jeux-de-societe-Halloween-scaled.jpg?zoom=3&amp;resize=150%2C150 450w\" sizes=\"auto, (max-width: 150px) 100vw, 150px\" \/><\/a>Mais il n&rsquo;y a pas que de lectures halloweenesques puisque je me rends compte que je n&rsquo;ai pas encore parl\u00e9 de nos <a href=\"http:\/\/www.jojoenherbe.com\/index.php\/2021\/11\/04\/des-jeux-de-societe-special-halloween\/\">jeux de soci\u00e9t\u00e9<\/a> sp\u00e9cial Halloween: <strong>Bazar Bizarre<\/strong> (un jeu de r\u00e9flexe) et <strong>Magic School<\/strong> (un jeu coop\u00e9ratif de m\u00e9moire). Nous avons d\u00e9j\u00e0 de nombreuses parties \u00e0 notre actif depuis la mi-octobre, surtout de Bazar Bizarre.&nbsp;<\/em><\/p>\n<p style=\"text-align: justify;\"><em><a href=\"https:\/\/i0.wp.com\/www.jojoenherbe.com\/wp-content\/uploads\/2021\/11\/Elsie-Ciboulette-apprentie-sorciere-scaled.jpg\"><img data-recalc-dims=\"1\" loading=\"lazy\" decoding=\"async\" data-attachment-id=\"22251\" data-permalink=\"http:\/\/www.jojoenherbe.com\/index.php\/2021\/11\/09\/point-lecture-hebdomadaire-14\/elsie-ciboulette-apprentie-sorciere\/\" data-orig-file=\"https:\/\/i0.wp.com\/www.jojoenherbe.com\/wp-content\/uploads\/2021\/11\/Elsie-Ciboulette-apprentie-sorciere-scaled.jpg?fit=2560%2C1953\" data-orig-size=\"2560,1953\" data-comments-opened=\"1\" data-image-meta=\"{&quot;aperture&quot;:&quot;1.8&quot;,&quot;credit&quot;:&quot;&quot;,&quot;camera&quot;:&quot;iPhone 7&quot;,&quot;caption&quot;:&quot;&quot;,&quot;created_timestamp&quot;:&quot;1636118408&quot;,&quot;copyright&quot;:&quot;&quot;,&quot;focal_length&quot;:&quot;3.99&quot;,&quot;iso&quot;:&quot;100&quot;,&quot;shutter_speed&quot;:&quot;0.11111111111111&quot;,&quot;title&quot;:&quot;&quot;,&quot;orientation&quot;:&quot;1&quot;}\" data-image-title=\"Elsie Ciboulette apprentie sorci\u00e8re\" data-image-description=\"\" data-image-caption=\"\" data-large-file=\"https:\/\/i0.wp.com\/www.jojoenherbe.com\/wp-content\/uploads\/2021\/11\/Elsie-Ciboulette-apprentie-sorciere-scaled.jpg?fit=676%2C516\" class=\"size-thumbnail wp-image-22251 alignleft\" src=\"https:\/\/i0.wp.com\/www.jojoenherbe.com\/wp-content\/uploads\/2021\/11\/Elsie-Ciboulette-apprentie-sorciere.jpg?resize=150%2C150\" alt=\"\" width=\"150\" height=\"150\" srcset=\"https:\/\/i0.wp.com\/www.jojoenherbe.com\/wp-content\/uploads\/2021\/11\/Elsie-Ciboulette-apprentie-sorciere-scaled.jpg?resize=150%2C150 150w, https:\/\/i0.wp.com\/www.jojoenherbe.com\/wp-content\/uploads\/2021\/11\/Elsie-Ciboulette-apprentie-sorciere-scaled.jpg?zoom=2&amp;resize=150%2C150 300w, https:\/\/i0.wp.com\/www.jojoenherbe.com\/wp-content\/uploads\/2021\/11\/Elsie-Ciboulette-apprentie-sorciere-scaled.jpg?zoom=3&amp;resize=150%2C150 450w\" sizes=\"auto, (max-width: 150px) 100vw, 150px\" \/><\/a>J&rsquo;ai \u00e9galement <strong><span style=\"text-decoration: underline;\">Elsie Ciboulette apprentie sorci\u00e8re<\/span><\/strong> de Kaye Umansky et Ashley King (\u00e9d. Flammarion Jeunesse, coll. P\u00e8re Castor, 2019, 192 pages), un roman jeunesse pour les 8\/10 ans avec une jeune fille qui se voit confier l&#8217;emploi de garder pendant une semaine la tour de la sorci\u00e8re des bois, Magenta Vif. Accompagn\u00e9e d\u2019illustrations en noir et blanc, le roman plaira \u00e0 de jeunes lecteurs avec cette histoire avec des rebondissements certes, pour un lecteur adulte, pr\u00e9visibles mais avec de bons sentiments qui font la part belle \u00e0 l\u2019amiti\u00e9 et \u00e0 l\u2019entraide comme dans tout roman d\u2019apprentissage, avec une sorci\u00e8re plus f\u00e9e marraine que m\u00e9chante.<\/em><\/p>\n<p><strong><em><span style=\"text-decoration: underline;\">Semaine 9 du Challenge Halloween<\/span>:<\/em><\/strong><\/p>\n<p style=\"text-align: justify;\"><em>Et voici d\u00e9j\u00e0 la derni\u00e8re semaine du Challenge Halloween pour cette ann\u00e9e. J&rsquo;ai encore plusieurs lectures dans ma PAL halloweenesque et automnale avant de basculer dans celle de No\u00ebl.<\/em><\/p>\n<p style=\"text-align: justify;\"><em><a href=\"https:\/\/i0.wp.com\/www.jojoenherbe.com\/wp-content\/uploads\/2021\/11\/Sorcieres-sorcieres-T2-scaled.jpg\"><img data-recalc-dims=\"1\" loading=\"lazy\" decoding=\"async\" data-attachment-id=\"22393\" data-permalink=\"http:\/\/www.jojoenherbe.com\/index.php\/2021\/11\/15\/point-lecture-hebdomadaire-15\/sorcieres-sorcieres-t2\/\" data-orig-file=\"https:\/\/i0.wp.com\/www.jojoenherbe.com\/wp-content\/uploads\/2021\/11\/Sorcieres-sorcieres-T2-scaled.jpg?fit=2560%2C2155\" data-orig-size=\"2560,2155\" data-comments-opened=\"1\" data-image-meta=\"{&quot;aperture&quot;:&quot;1.8&quot;,&quot;credit&quot;:&quot;&quot;,&quot;camera&quot;:&quot;iPhone 7&quot;,&quot;caption&quot;:&quot;&quot;,&quot;created_timestamp&quot;:&quot;1636971325&quot;,&quot;copyright&quot;:&quot;&quot;,&quot;focal_length&quot;:&quot;3.99&quot;,&quot;iso&quot;:&quot;80&quot;,&quot;shutter_speed&quot;:&quot;0.25&quot;,&quot;title&quot;:&quot;&quot;,&quot;orientation&quot;:&quot;1&quot;}\" data-image-title=\"Sorci\u00e8res sorci\u00e8res T2\" data-image-description=\"\" data-image-caption=\"\" data-large-file=\"https:\/\/i0.wp.com\/www.jojoenherbe.com\/wp-content\/uploads\/2021\/11\/Sorcieres-sorcieres-T2-scaled.jpg?fit=676%2C569\" class=\"alignleft size-thumbnail wp-image-22393\" src=\"https:\/\/i0.wp.com\/www.jojoenherbe.com\/wp-content\/uploads\/2021\/11\/Sorcieres-sorcieres-T2.jpg?resize=150%2C150\" alt=\"\" width=\"150\" height=\"150\" srcset=\"https:\/\/i0.wp.com\/www.jojoenherbe.com\/wp-content\/uploads\/2021\/11\/Sorcieres-sorcieres-T2-scaled.jpg?resize=150%2C150 150w, https:\/\/i0.wp.com\/www.jojoenherbe.com\/wp-content\/uploads\/2021\/11\/Sorcieres-sorcieres-T2-scaled.jpg?zoom=2&amp;resize=150%2C150 300w, https:\/\/i0.wp.com\/www.jojoenherbe.com\/wp-content\/uploads\/2021\/11\/Sorcieres-sorcieres-T2-scaled.jpg?zoom=3&amp;resize=150%2C150 450w\" sizes=\"auto, (max-width: 150px) 100vw, 150px\" \/><\/a>Je lis cette le tome 2 de <strong><span style=\"text-decoration: underline;\">Sorci\u00e8res sorci\u00e8res, Le myst\u00e8re des mangeurs d\u2019histoires<\/span><\/strong> de Joris Chamblain et Lucile Thibaudier (\u00e9d. Kennes, 2015), une BD jeunesse \u00e0 partir de 6 ans, Harmonie enqu\u00eatant sur sur une \u00e9trange maladie qui contamine les enfants du village de Pamprelune en les privant de leur magie. Un bon moment de lecture avec une histoire avec de gentils monstres!<\/em><\/p>\n<p style=\"text-align: justify;\"><em><a href=\"https:\/\/i0.wp.com\/www.jojoenherbe.com\/wp-content\/uploads\/2021\/11\/Carmilla-scaled.jpg\"><img data-recalc-dims=\"1\" loading=\"lazy\" decoding=\"async\" data-attachment-id=\"22402\" data-permalink=\"http:\/\/www.jojoenherbe.com\/index.php\/2021\/11\/15\/point-lecture-hebdomadaire-15\/carmilla\/\" data-orig-file=\"https:\/\/i0.wp.com\/www.jojoenherbe.com\/wp-content\/uploads\/2021\/11\/Carmilla-scaled.jpg?fit=2560%2C2064\" data-orig-size=\"2560,2064\" data-comments-opened=\"1\" data-image-meta=\"{&quot;aperture&quot;:&quot;1.8&quot;,&quot;credit&quot;:&quot;&quot;,&quot;camera&quot;:&quot;iPhone 7&quot;,&quot;caption&quot;:&quot;&quot;,&quot;created_timestamp&quot;:&quot;1636971264&quot;,&quot;copyright&quot;:&quot;&quot;,&quot;focal_length&quot;:&quot;3.99&quot;,&quot;iso&quot;:&quot;160&quot;,&quot;shutter_speed&quot;:&quot;0.25&quot;,&quot;title&quot;:&quot;&quot;,&quot;orientation&quot;:&quot;1&quot;}\" data-image-title=\"Carmilla\" data-image-description=\"\" data-image-caption=\"\" data-large-file=\"https:\/\/i0.wp.com\/www.jojoenherbe.com\/wp-content\/uploads\/2021\/11\/Carmilla-scaled.jpg?fit=676%2C545\" class=\"size-thumbnail wp-image-22402 alignright\" src=\"https:\/\/i0.wp.com\/www.jojoenherbe.com\/wp-content\/uploads\/2021\/11\/Carmilla.jpg?resize=150%2C150\" alt=\"\" width=\"150\" height=\"150\" srcset=\"https:\/\/i0.wp.com\/www.jojoenherbe.com\/wp-content\/uploads\/2021\/11\/Carmilla-scaled.jpg?resize=150%2C150 150w, https:\/\/i0.wp.com\/www.jojoenherbe.com\/wp-content\/uploads\/2021\/11\/Carmilla-scaled.jpg?zoom=2&amp;resize=150%2C150 300w, https:\/\/i0.wp.com\/www.jojoenherbe.com\/wp-content\/uploads\/2021\/11\/Carmilla-scaled.jpg?zoom=3&amp;resize=150%2C150 450w\" sizes=\"auto, (max-width: 150px) 100vw, 150px\" \/><\/a>Puis je lis un roman court illustr\u00e9 plus sombre et qui est un classique de la litt\u00e9rature fantastique gothique et vampirique paru pour la premi\u00e8re fois en 1872, <strong><span style=\"text-decoration: underline;\">Carmilla<\/span><\/strong> de Sheridan Le Fanu et Isabella Mazzanti (\u00e9d. Soleil, coll. M\u00e9tamorphose, 2014, 191 pages), relatant la troublante et sensuelle relation entre Laura, la narratrice et Carmilla, une vampire. <\/em><\/p>\n<p style=\"text-align: justify;\"><em><a href=\"https:\/\/i0.wp.com\/www.jojoenherbe.com\/wp-content\/uploads\/2021\/09\/Pelagie-la-sorciere-6-scaled.jpg\"><img data-recalc-dims=\"1\" loading=\"lazy\" decoding=\"async\" data-attachment-id=\"22490\" data-permalink=\"http:\/\/www.jojoenherbe.com\/index.php\/2021\/09\/15\/billet-de-suivi-challenge-halloween-2021\/pelagie-la-sorciere-6\/\" data-orig-file=\"https:\/\/i0.wp.com\/www.jojoenherbe.com\/wp-content\/uploads\/2021\/09\/Pelagie-la-sorciere-6-scaled.jpg?fit=2560%2C1877\" data-orig-size=\"2560,1877\" data-comments-opened=\"1\" data-image-meta=\"{&quot;aperture&quot;:&quot;1.8&quot;,&quot;credit&quot;:&quot;&quot;,&quot;camera&quot;:&quot;iPhone 7&quot;,&quot;caption&quot;:&quot;&quot;,&quot;created_timestamp&quot;:&quot;1637078497&quot;,&quot;copyright&quot;:&quot;&quot;,&quot;focal_length&quot;:&quot;3.99&quot;,&quot;iso&quot;:&quot;100&quot;,&quot;shutter_speed&quot;:&quot;0.2&quot;,&quot;title&quot;:&quot;&quot;,&quot;orientation&quot;:&quot;1&quot;}\" data-image-title=\"P\u00e9lagie la sorci\u00e8re 6\" data-image-description=\"\" data-image-caption=\"\" data-large-file=\"https:\/\/i0.wp.com\/www.jojoenherbe.com\/wp-content\/uploads\/2021\/09\/Pelagie-la-sorciere-6-scaled.jpg?fit=676%2C496\" class=\"alignleft size-thumbnail wp-image-22490\" src=\"https:\/\/i0.wp.com\/www.jojoenherbe.com\/wp-content\/uploads\/2021\/09\/Pelagie-la-sorciere-6.jpg?resize=150%2C150\" alt=\"\" width=\"150\" height=\"150\" srcset=\"https:\/\/i0.wp.com\/www.jojoenherbe.com\/wp-content\/uploads\/2021\/09\/Pelagie-la-sorciere-6-scaled.jpg?resize=150%2C150 150w, https:\/\/i0.wp.com\/www.jojoenherbe.com\/wp-content\/uploads\/2021\/09\/Pelagie-la-sorciere-6-scaled.jpg?zoom=2&amp;resize=150%2C150 300w, https:\/\/i0.wp.com\/www.jojoenherbe.com\/wp-content\/uploads\/2021\/09\/Pelagie-la-sorciere-6-scaled.jpg?zoom=3&amp;resize=150%2C150 450w\" sizes=\"auto, (max-width: 150px) 100vw, 150px\" \/><\/a>Avec mon mini sorcier, nous (re)lisons deux histoires de P\u00e9lagie la sorci\u00e8re et de son chat noir Rodolphe: <strong><span style=\"text-decoration: underline;\">La baguette magique de P\u00e9lagie<\/span><\/strong> (\u00e9d. Milan Jeunesse, 2002) et <strong><span style=\"text-decoration: underline;\">Joyeux anniversaire P\u00e9lagie!<\/span><\/strong> (\u00e9d. Milan Jeunesse, 2008), des albums jeunesse de Val\u00e9rie Thomas et Korky Paul \u00e0 partir de 3 ans. Des histoires rigolotes avec une gentille et d\u00e9brouillarde sorci\u00e8re!<\/em><\/p>\n<p style=\"text-align: justify;\"><em><a href=\"https:\/\/i0.wp.com\/www.jojoenherbe.com\/wp-content\/uploads\/2021\/11\/Les-nouvelles-aventures-de-Sabrina-Partie-1.jpg\"><img data-recalc-dims=\"1\" loading=\"lazy\" decoding=\"async\" data-attachment-id=\"22470\" data-permalink=\"http:\/\/www.jojoenherbe.com\/index.php\/2021\/09\/15\/billet-de-suivi-challenge-halloween-2021\/les-nouvelles-aventures-de-sabrina-partie-1\/\" data-orig-file=\"https:\/\/i0.wp.com\/www.jojoenherbe.com\/wp-content\/uploads\/2021\/11\/Les-nouvelles-aventures-de-Sabrina-Partie-1.jpg?fit=535%2C800\" data-orig-size=\"535,800\" data-comments-opened=\"1\" data-image-meta=\"{&quot;aperture&quot;:&quot;0&quot;,&quot;credit&quot;:&quot;&quot;,&quot;camera&quot;:&quot;&quot;,&quot;caption&quot;:&quot;&quot;,&quot;created_timestamp&quot;:&quot;0&quot;,&quot;copyright&quot;:&quot;&quot;,&quot;focal_length&quot;:&quot;0&quot;,&quot;iso&quot;:&quot;0&quot;,&quot;shutter_speed&quot;:&quot;0&quot;,&quot;title&quot;:&quot;&quot;,&quot;orientation&quot;:&quot;0&quot;}\" data-image-title=\"Les nouvelles aventures de Sabrina Partie 1\" data-image-description=\"\" data-image-caption=\"\" data-large-file=\"https:\/\/i0.wp.com\/www.jojoenherbe.com\/wp-content\/uploads\/2021\/11\/Les-nouvelles-aventures-de-Sabrina-Partie-1.jpg?fit=535%2C800\" class=\"size-thumbnail wp-image-22470 alignright\" src=\"https:\/\/i0.wp.com\/www.jojoenherbe.com\/wp-content\/uploads\/2021\/11\/Les-nouvelles-aventures-de-Sabrina-Partie-1.jpg?resize=150%2C150\" alt=\"\" width=\"150\" height=\"150\" srcset=\"https:\/\/i0.wp.com\/www.jojoenherbe.com\/wp-content\/uploads\/2021\/11\/Les-nouvelles-aventures-de-Sabrina-Partie-1.jpg?resize=150%2C150 150w, https:\/\/i0.wp.com\/www.jojoenherbe.com\/wp-content\/uploads\/2021\/11\/Les-nouvelles-aventures-de-Sabrina-Partie-1.jpg?zoom=2&amp;resize=150%2C150 300w, https:\/\/i0.wp.com\/www.jojoenherbe.com\/wp-content\/uploads\/2021\/11\/Les-nouvelles-aventures-de-Sabrina-Partie-1.jpg?zoom=3&amp;resize=150%2C150 450w\" sizes=\"auto, (max-width: 150px) 100vw, 150px\" \/><\/a>J&rsquo;ai peu lu cette semaine ayant pass\u00e9 surtout mes soir\u00e9es \u00e0 regarder les parties 1 et 2 (saison 1) des <strong><span style=\"text-decoration: underline;\">Nouvelles Aventures de Sabrina<\/span><\/strong>, une s\u00e9rie macabre et gothique, bien \u00e9loign\u00e9e de la s\u00e9rie des ann\u00e9es 90, <span style=\"text-decoration: underline;\">Sabrina, L&rsquo;apprentie sorci\u00e8re<\/span> et d&rsquo;apr\u00e8s les comics des ann\u00e9es 60. On y retrouve Sabrina Spellman, une jeune lyc\u00e9enne, moiti\u00e9 sorci\u00e8re moiti\u00e9 humaine sur le point de f\u00eater son 16\u00e8me anniversaire et de c\u00e9l\u00e9brer son bapt\u00eame mal\u00e9fique en signant le livre de la B\u00eate. Elle vit chez ses tantes paternelles, des sorci\u00e8res, Zelda et Hilda mais aussi son cousin, Ambrose.<\/em><\/p>\n<p style=\"text-align: justify;\"><em><span style=\"text-decoration: underline;\"><strong>Petit bilan de cette \u00e9dition du Challenge Halloween<\/strong><\/span>: En ce 15 novembre 2021, il est temps de rendre la cl\u00e9 de ma chambre du manoir, Hilde et Lou en refermant les portes. Cette ann\u00e9e encore ce fut deux mois richement halloweenesque, cosy et cocooning avec de jolies lectures et activit\u00e9s, d&rsquo;\u00e9changes conviviaux avec les participants et encore de nouvelles id\u00e9es de lecture pour l&rsquo;ann\u00e9e prochaine. Encore merci aux coorganisatrices et \u00e0 l&rsquo;ann\u00e9e prochaine!<br \/>\n<\/em><\/p>\n<p style=\"text-align: center;\">***<\/p>\n<p style=\"text-align: justify;\"><em>Et en bonus, voici les livres que j&rsquo;avais \u00e9galement pr\u00e9vu de lire et dont je reparlerai pour l&rsquo;\u00e9dition 2022 sans doute:<\/em><\/p>\n<p><a href=\"https:\/\/i0.wp.com\/www.jojoenherbe.com\/wp-content\/uploads\/2021\/09\/PAL-Halloween-2021-2-scaled.jpg\"><img data-recalc-dims=\"1\" loading=\"lazy\" decoding=\"async\" data-attachment-id=\"22489\" data-permalink=\"http:\/\/www.jojoenherbe.com\/index.php\/2021\/09\/15\/billet-de-suivi-challenge-halloween-2021\/pal-halloween-2021-2\/\" data-orig-file=\"https:\/\/i0.wp.com\/www.jojoenherbe.com\/wp-content\/uploads\/2021\/09\/PAL-Halloween-2021-2-scaled.jpg?fit=2560%2C1924\" data-orig-size=\"2560,1924\" data-comments-opened=\"1\" data-image-meta=\"{&quot;aperture&quot;:&quot;1.8&quot;,&quot;credit&quot;:&quot;&quot;,&quot;camera&quot;:&quot;iPhone 7&quot;,&quot;caption&quot;:&quot;&quot;,&quot;created_timestamp&quot;:&quot;1637142919&quot;,&quot;copyright&quot;:&quot;&quot;,&quot;focal_length&quot;:&quot;3.99&quot;,&quot;iso&quot;:&quot;100&quot;,&quot;shutter_speed&quot;:&quot;0.25&quot;,&quot;title&quot;:&quot;&quot;,&quot;orientation&quot;:&quot;1&quot;}\" data-image-title=\"PAL Halloween 2021 2\" data-image-description=\"\" data-image-caption=\"\" data-large-file=\"https:\/\/i0.wp.com\/www.jojoenherbe.com\/wp-content\/uploads\/2021\/09\/PAL-Halloween-2021-2-scaled.jpg?fit=676%2C508\" class=\"aligncenter wp-image-22489 size-large\" src=\"https:\/\/i0.wp.com\/www.jojoenherbe.com\/wp-content\/uploads\/2021\/09\/PAL-Halloween-2021-2.jpg?resize=676%2C508\" alt=\"\" width=\"676\" height=\"508\" srcset=\"https:\/\/i0.wp.com\/www.jojoenherbe.com\/wp-content\/uploads\/2021\/09\/PAL-Halloween-2021-2-scaled.jpg?resize=1024%2C769 1024w, https:\/\/i0.wp.com\/www.jojoenherbe.com\/wp-content\/uploads\/2021\/09\/PAL-Halloween-2021-2-scaled.jpg?resize=300%2C225 300w, https:\/\/i0.wp.com\/www.jojoenherbe.com\/wp-content\/uploads\/2021\/09\/PAL-Halloween-2021-2-scaled.jpg?resize=768%2C577 768w, https:\/\/i0.wp.com\/www.jojoenherbe.com\/wp-content\/uploads\/2021\/09\/PAL-Halloween-2021-2-scaled.jpg?resize=1536%2C1154 1536w, https:\/\/i0.wp.com\/www.jojoenherbe.com\/wp-content\/uploads\/2021\/09\/PAL-Halloween-2021-2-scaled.jpg?resize=2048%2C1539 2048w, https:\/\/i0.wp.com\/www.jojoenherbe.com\/wp-content\/uploads\/2021\/09\/PAL-Halloween-2021-2-scaled.jpg?resize=676%2C508 676w, https:\/\/i0.wp.com\/www.jojoenherbe.com\/wp-content\/uploads\/2021\/09\/PAL-Halloween-2021-2-scaled.jpg?w=1352 1352w\" sizes=\"auto, (max-width: 676px) 100vw, 676px\" \/><\/a><\/p>\n<ul>\n<li style=\"text-align: justify;\"><em>(Roman jeunesse) <span style=\"text-decoration: underline;\">Wallace &amp; Gromit, Le myst\u00e8re du lapin-garou<\/span> d&rsquo;Ad\u00e8le et Jean-Pierre Carasso, d&rsquo;apr\u00e8s le film d&rsquo;animation de Nick Park (\u00e9d. Milan Jeunesse, 2019, 109 pages), un roman jeunesse \u00e0 partir de 8\/9 ans<\/em><\/li>\n<li style=\"text-align: justify;\"><em>(Roman jeunesse) <span style=\"text-decoration: underline;\">P&rsquo;tit Cousu, La parade des monstres<\/span> de Guy Bass (\u00e9d. Bayard Jeunesse, 2015, 189 pages)<\/em><\/li>\n<li style=\"text-align: justify;\"><em>(Roman jeunesse) le tome 1 de <span style=\"text-decoration: underline;\">Lina et la for\u00eat des sortil\u00e8ges, La tombola des d\u00e9mons<\/span> de Serge Brussolo (\u00e9d. Michel Lafon, 2013, 204 pages)<\/em><\/li>\n<li style=\"text-align: justify;\"><em>(Roman jeunesse) le tome 2 de <span style=\"text-decoration: underline;\">Lina et la for\u00eat des sortil\u00e8ges, Le chemin mal\u00e9fique<\/span> de Serge Brussolo (\u00e9d. Michel Lafon, 2013, 212 pages)<\/em><\/li>\n<li style=\"text-align: justify;\"><em>(Roman jeunesse) le tome 1 de <span style=\"text-decoration: underline;\">Starfell, Violette Dupin et le jour perdu<\/span> de Dominique Valente (\u00e9d. Casterman, 2020, 287 pages)<\/em><\/li>\n<li style=\"text-align: justify;\"><em>(Roman jeunesse) le tome 2 de <span style=\"text-decoration: underline;\">Starfell, Violette Dupin et le souvenir oubli\u00e9<\/span> de Dominique Valente (\u00e9d. Casterman, 2021, 286 pages)<\/em><\/li>\n<li style=\"text-align: justify;\"><em>(Recueil de nouvelles) le tome 2 de <span style=\"text-decoration: underline;\">Cthulhu, Le mythe<\/span> de H.P. Lovecraft (\u00e9d. Bragelonne, 2015, 378 pages)<\/em><\/li>\n<\/ul>\n<div style=\"width: 159px\" class=\"wp-caption aligncenter\"><img data-recalc-dims=\"1\" loading=\"lazy\" decoding=\"async\" data-attachment-id=\"2740\" data-permalink=\"http:\/\/www.jojoenherbe.com\/index.php\/2011\/08\/30\/tour-du-mont-bego-bis-repetita-placent\/tour-du-mont-bego-24-2\/\" data-orig-file=\"https:\/\/i0.wp.com\/www.jojoenherbe.com\/wp-content\/uploads\/2011\/08\/Tour-du-Mont-Bego-24.jpg?fit=2048%2C1536\" data-orig-size=\"2048,1536\" data-comments-opened=\"1\" data-image-meta=\"{&quot;aperture&quot;:&quot;7.6&quot;,&quot;credit&quot;:&quot;&quot;,&quot;camera&quot;:&quot;COOLPIX S5100&quot;,&quot;caption&quot;:&quot;&quot;,&quot;created_timestamp&quot;:&quot;1314438064&quot;,&quot;copyright&quot;:&quot;&quot;,&quot;focal_length&quot;:&quot;5&quot;,&quot;iso&quot;:&quot;100&quot;,&quot;shutter_speed&quot;:&quot;0.004&quot;,&quot;title&quot;:&quot;&quot;,&quot;orientation&quot;:&quot;1&quot;}\" data-image-title=\"Tour du Mont Bego 24\" data-image-description=\"\" data-image-caption=\"\" data-large-file=\"https:\/\/i0.wp.com\/www.jojoenherbe.com\/wp-content\/uploads\/2011\/08\/Tour-du-Mont-Bego-24.jpg?fit=676%2C507\" class=\"\" src=\"https:\/\/lelivroblog.files.wordpress.com\/2021\/09\/marko-blazevic-s7mangnwv1a-unsplash-04.jpg?resize=149%2C149\" srcset=\"https:\/\/lelivroblog.files.wordpress.com\/2021\/09\/marko-blazevic-s7mangnwv1a-unsplash-04.jpg?strip=info&amp;w=600 600w,https:\/\/lelivroblog.files.wordpress.com\/2021\/09\/marko-blazevic-s7mangnwv1a-unsplash-04.jpg?strip=info&amp;w=900 900w,https:\/\/lelivroblog.files.wordpress.com\/2021\/09\/marko-blazevic-s7mangnwv1a-unsplash-04.jpg?strip=info&amp;w=1200 1200w,https:\/\/lelivroblog.files.wordpress.com\/2021\/09\/marko-blazevic-s7mangnwv1a-unsplash-04.jpg?strip=info&amp;w=1500 1500w,https:\/\/lelivroblog.files.wordpress.com\/2021\/09\/marko-blazevic-s7mangnwv1a-unsplash-04.jpg?strip=info&amp;w=1800 1800w,https:\/\/lelivroblog.files.wordpress.com\/2021\/09\/marko-blazevic-s7mangnwv1a-unsplash-04.jpg?strip=info&amp;w=2000 2000w\" alt=\"\" data-attachment-id=\"2740\" data-permalink=\"https:\/\/lelivroblog.wordpress.com\/2021\/09\/07\/le-challenge-halloween-2021\/marko-blazevic-s7mangnwv1a-unsplash-04\/\" data-orig-file=\"https:\/\/lelivroblog.files.wordpress.com\/2021\/09\/marko-blazevic-s7mangnwv1a-unsplash-04.jpg\" data-orig-size=\"2996,2995\" data-comments-opened=\"1\" data-image-meta=\"{&quot;aperture&quot;:&quot;0&quot;,&quot;credit&quot;:&quot;&quot;,&quot;camera&quot;:&quot;&quot;,&quot;caption&quot;:&quot;&quot;,&quot;created_timestamp&quot;:&quot;0&quot;,&quot;copyright&quot;:&quot;&quot;,&quot;focal_length&quot;:&quot;0&quot;,&quot;iso&quot;:&quot;0&quot;,&quot;shutter_speed&quot;:&quot;0&quot;,&quot;title&quot;:&quot;&quot;,&quot;orientation&quot;:&quot;0&quot;}\" data-image-title=\"marko-blazevic-s7mangnwv1a-unsplash-04\" data-image-description=\"\" data-image-caption=\"\" data-medium-file=\"https:\/\/lelivroblog.files.wordpress.com\/2021\/09\/marko-blazevic-s7mangnwv1a-unsplash-04.jpg?w=300\" data-large-file=\"https:\/\/lelivroblog.files.wordpress.com\/2021\/09\/marko-blazevic-s7mangnwv1a-unsplash-04.jpg?w=736\" data-height=\"2995\" data-id=\"2740\" data-link=\"https:\/\/lelivroblog.wordpress.com\/?attachment_id=2740\" data-url=\"https:\/\/lelivroblog.files.wordpress.com\/2021\/09\/marko-blazevic-s7mangnwv1a-unsplash-04.jpg?w=736\" data-width=\"2996\" data-amp-layout=\"responsive\" width=\"149\" height=\"149\"><p class=\"wp-caption-text\">Challenge Halloween 2021 de <a href=\"https:\/\/lelivroblog.wordpress.com\/2021\/09\/07\/le-challenge-halloween-2021\/\">Hilde<\/a> et <a href=\"http:\/\/www.myloubook.com\/2021\/09\/07\/le-challenge-halloween-2021\/\">Lou<\/a><\/p><\/div>\n","protected":false},"excerpt":{"rendered":"<p>Je participe \u00e0 nouveau cette ann\u00e9e au Challenge Halloween organis\u00e9 par Hilde et Lou et qui se d\u00e9roule du 15 septembre au 15 novembre 2021. D\u00e8s le 15 septembre, elles ouvrent les portes de leur manoir pour deux mois halloweenesques. Le challenge commence en douceur par un d\u00e9poussi\u00e9rage de PAL et premi\u00e8res suggestions et ambiances [&hellip;]<\/p>\n","protected":false},"author":1,"featured_media":20685,"comment_status":"open","ping_status":"open","sticky":false,"template":"","format":"standard","meta":{"jetpack_post_was_ever_published":false,"_jetpack_newsletter_access":"","_jetpack_dont_email_post_to_subs":false,"_jetpack_newsletter_tier_id":0,"_jetpack_memberships_contains_paywalled_content":false,"_jetpack_memberships_contains_paid_content":false,"footnotes":""},"categories":[873,363],"tags":[1796,2026,339,906,1085,367,1797],"class_list":["post-20684","post","type-post","status-publish","format-standard","has-post-thumbnail","hentry","category-mini-challenger","category-mini-lecteur","tag-activites-dhalloween","tag-challenge-halloween-2021","tag-halloween","tag-halloween-challenge","tag-lecture-adulte","tag-lecture-jeunesse","tag-lectures-dhalloween","post-preview"],"jetpack_featured_media_url":"https:\/\/i0.wp.com\/www.jojoenherbe.com\/wp-content\/uploads\/2021\/09\/logo-halloween-03.jpeg?fit=1860%2C1860","jetpack_sharing_enabled":true,"jetpack_shortlink":"https:\/\/wp.me\/p9zhGx-5nC","jetpack_likes_enabled":true,"jetpack-related-posts":[{"id":27586,"url":"http:\/\/www.jojoenherbe.com\/index.php\/2022\/09\/14\/billet-de-suivi-challenge-halloween-2022\/","url_meta":{"origin":20684,"position":0},"title":"Billet de suivi: Challenge Halloween 2022","author":"Jojo","date":"14 septembre 2022","format":false,"excerpt":"Je participe \u00e0 nouveau cette ann\u00e9e au Challenge Halloween organis\u00e9 par Hilde et Lou et qui se d\u00e9roule du 23 septembre jusqu'en novembre 2022. D\u00e8s le 23 septembre 2022, elles ouvrent les portes de leur manoir. Le challenge commence en douceur par un d\u00e9poussi\u00e9rage de PAL, premi\u00e8res suggestions halloweenesques et\u2026","rel":"","context":"Dans &quot;Mini challenger&quot;","block_context":{"text":"Mini challenger","link":"http:\/\/www.jojoenherbe.com\/index.php\/category\/mini-challenger\/"},"img":{"alt_text":"","src":"https:\/\/i0.wp.com\/www.jojoenherbe.com\/wp-content\/uploads\/2022\/09\/Challenge-Halloween-2022.jpg?fit=1080%2C1080&resize=350%2C200","width":350,"height":200,"srcset":"https:\/\/i0.wp.com\/www.jojoenherbe.com\/wp-content\/uploads\/2022\/09\/Challenge-Halloween-2022.jpg?fit=1080%2C1080&resize=350%2C200 1x, https:\/\/i0.wp.com\/www.jojoenherbe.com\/wp-content\/uploads\/2022\/09\/Challenge-Halloween-2022.jpg?fit=1080%2C1080&resize=525%2C300 1.5x, https:\/\/i0.wp.com\/www.jojoenherbe.com\/wp-content\/uploads\/2022\/09\/Challenge-Halloween-2022.jpg?fit=1080%2C1080&resize=700%2C400 2x, https:\/\/i0.wp.com\/www.jojoenherbe.com\/wp-content\/uploads\/2022\/09\/Challenge-Halloween-2022.jpg?fit=1080%2C1080&resize=1050%2C600 3x"},"classes":[]},{"id":32125,"url":"http:\/\/www.jojoenherbe.com\/index.php\/2023\/09\/23\/billet-de-suivi-challenge-halloween-2023\/","url_meta":{"origin":20684,"position":1},"title":"Billet de suivi: Challenge Halloween 2023","author":"Jojo","date":"23 septembre 2023","format":false,"excerpt":"Je participe \u00e0 nouveau cette ann\u00e9e au Challenge Halloween organis\u00e9 par Hilde et Lou. D\u00e8s le 23 septembre 2023, nos deux vampirettes coorganisatrices ouvrent les portes non du Manoir habituel mais celles d\u2019un ch\u00e2teau en ruines en Transylvanie, les Vampires \u00e9tant \u00e0 l\u2019honneur cette ann\u00e9e.\u00a0 Le challenge commence en douceur\u2026","rel":"","context":"Dans &quot;Mini challenger&quot;","block_context":{"text":"Mini challenger","link":"http:\/\/www.jojoenherbe.com\/index.php\/category\/mini-challenger\/"},"img":{"alt_text":"","src":"https:\/\/i0.wp.com\/www.jojoenherbe.com\/wp-content\/uploads\/2023\/09\/Logo-Challenge-Halloween-2023.jpg?fit=960%2C960&resize=350%2C200","width":350,"height":200,"srcset":"https:\/\/i0.wp.com\/www.jojoenherbe.com\/wp-content\/uploads\/2023\/09\/Logo-Challenge-Halloween-2023.jpg?fit=960%2C960&resize=350%2C200 1x, https:\/\/i0.wp.com\/www.jojoenherbe.com\/wp-content\/uploads\/2023\/09\/Logo-Challenge-Halloween-2023.jpg?fit=960%2C960&resize=525%2C300 1.5x, https:\/\/i0.wp.com\/www.jojoenherbe.com\/wp-content\/uploads\/2023\/09\/Logo-Challenge-Halloween-2023.jpg?fit=960%2C960&resize=700%2C400 2x"},"classes":[]},{"id":7632,"url":"http:\/\/www.jojoenherbe.com\/index.php\/2019\/09\/27\/challenge-halloween-2019\/","url_meta":{"origin":20684,"position":2},"title":"Challenge Halloween 2019","author":"Jojo","date":"27 septembre 2019","format":false,"excerpt":"Le mois d'octobre approchant, je viens de d\u00e9couvrir un nouveau challenge diaboliquement tentant: le Challenge Halloween 2019 coorganis\u00e9 par Hilde et Lou et qui se d\u00e9roule du 27 septembre au 31 octobre 2019. Pour plus d'infos, n'h\u00e9sitez pas \u00e0 aller sur leur blog et\/ou \u00e0 y participer \u00e0 votre tour.\u2026","rel":"","context":"Dans &quot;Mini challenger&quot;","block_context":{"text":"Mini challenger","link":"http:\/\/www.jojoenherbe.com\/index.php\/category\/mini-challenger\/"},"img":{"alt_text":"","src":"https:\/\/i0.wp.com\/www.jojoenherbe.com\/wp-content\/uploads\/2019\/09\/Halloween-RAT.jpg?fit=1200%2C847&resize=350%2C200","width":350,"height":200,"srcset":"https:\/\/i0.wp.com\/www.jojoenherbe.com\/wp-content\/uploads\/2019\/09\/Halloween-RAT.jpg?fit=1200%2C847&resize=350%2C200 1x, https:\/\/i0.wp.com\/www.jojoenherbe.com\/wp-content\/uploads\/2019\/09\/Halloween-RAT.jpg?fit=1200%2C847&resize=525%2C300 1.5x, https:\/\/i0.wp.com\/www.jojoenherbe.com\/wp-content\/uploads\/2019\/09\/Halloween-RAT.jpg?fit=1200%2C847&resize=700%2C400 2x, https:\/\/i0.wp.com\/www.jojoenherbe.com\/wp-content\/uploads\/2019\/09\/Halloween-RAT.jpg?fit=1200%2C847&resize=1050%2C600 3x"},"classes":[]},{"id":32176,"url":"http:\/\/www.jojoenherbe.com\/index.php\/2023\/10\/01\/bilan-de-lecture-septembre-2023\/","url_meta":{"origin":20684,"position":3},"title":"Bilan de lecture: septembre 2023","author":"Jojo","date":"1 octobre 2023","format":false,"excerpt":"C\u2019est le premier du mois alors voici un petit retour bloguesque sur septembre 2023, un mois marqu\u00e9 par la fin des vacances estivales et la rentr\u00e9e des classes. Avec une derni\u00e8re semaine d\u2019ao\u00fbt gris\u00e2tre et pluvieuse et m\u00eame si c\u2019\u00e9tait toujours l\u2019\u00e9t\u00e9 jusqu\u2019au 23 septembre, nous nous sommes tourn\u00e9s vers\u2026","rel":"","context":"Dans &quot;Mini blogueur&quot;","block_context":{"text":"Mini blogueur","link":"http:\/\/www.jojoenherbe.com\/index.php\/category\/mini-blogueur\/"},"img":{"alt_text":"","src":"https:\/\/i0.wp.com\/www.jojoenherbe.com\/wp-content\/uploads\/2023\/09\/Selection-Septembre-2023-scaled.jpg?fit=1140%2C1200&resize=350%2C200","width":350,"height":200,"srcset":"https:\/\/i0.wp.com\/www.jojoenherbe.com\/wp-content\/uploads\/2023\/09\/Selection-Septembre-2023-scaled.jpg?fit=1140%2C1200&resize=350%2C200 1x, https:\/\/i0.wp.com\/www.jojoenherbe.com\/wp-content\/uploads\/2023\/09\/Selection-Septembre-2023-scaled.jpg?fit=1140%2C1200&resize=525%2C300 1.5x, https:\/\/i0.wp.com\/www.jojoenherbe.com\/wp-content\/uploads\/2023\/09\/Selection-Septembre-2023-scaled.jpg?fit=1140%2C1200&resize=700%2C400 2x, https:\/\/i0.wp.com\/www.jojoenherbe.com\/wp-content\/uploads\/2023\/09\/Selection-Septembre-2023-scaled.jpg?fit=1140%2C1200&resize=1050%2C600 3x"},"classes":[]},{"id":21156,"url":"http:\/\/www.jojoenherbe.com\/index.php\/2021\/10\/01\/notre-mois-bloguesque-de-septembre-2021\/","url_meta":{"origin":20684,"position":4},"title":"Notre mois bloguesque de septembre 2021","author":"Jojo","date":"1 octobre 2021","format":false,"excerpt":"C'est le d\u00e9but du mois d'octobre alors voici un petit retour bloguesque sur septembre 2021. Apr\u00e8s un mois d\u2019ao\u00fbt entre Nature et lectures, voici le temps de la rentr\u00e9e scolaire et un peu plus tard dans le mois de l\u2019automne. Nos (re)lectures estivales ont laisser place \u00e0 celles automnales. C\u00f4t\u00e9\u2026","rel":"","context":"Dans &quot;Mini blogueur&quot;","block_context":{"text":"Mini blogueur","link":"http:\/\/www.jojoenherbe.com\/index.php\/category\/mini-blogueur\/"},"img":{"alt_text":"","src":"https:\/\/i0.wp.com\/www.jojoenherbe.com\/wp-content\/uploads\/2021\/09\/Selection-septembre-2021-scaled.jpg?fit=1200%2C900&resize=350%2C200","width":350,"height":200,"srcset":"https:\/\/i0.wp.com\/www.jojoenherbe.com\/wp-content\/uploads\/2021\/09\/Selection-septembre-2021-scaled.jpg?fit=1200%2C900&resize=350%2C200 1x, https:\/\/i0.wp.com\/www.jojoenherbe.com\/wp-content\/uploads\/2021\/09\/Selection-septembre-2021-scaled.jpg?fit=1200%2C900&resize=525%2C300 1.5x, https:\/\/i0.wp.com\/www.jojoenherbe.com\/wp-content\/uploads\/2021\/09\/Selection-septembre-2021-scaled.jpg?fit=1200%2C900&resize=700%2C400 2x, https:\/\/i0.wp.com\/www.jojoenherbe.com\/wp-content\/uploads\/2021\/09\/Selection-septembre-2021-scaled.jpg?fit=1200%2C900&resize=1050%2C600 3x"},"classes":[]},{"id":7649,"url":"http:\/\/www.jojoenherbe.com\/index.php\/2019\/09\/27\/des-livres-pour-les-grands-et-les-petits-pour-le-halloween-rat-2019\/","url_meta":{"origin":20684,"position":5},"title":"Des livres pour les grands et les petits pour le Halloween RAT 2019","author":"Jojo","date":"27 septembre 2019","format":false,"excerpt":"Comme indiqu\u00e9 dans mon pr\u00e9c\u00e9dent article, le Halloween Challenge 2019 commence par un RAT (read-a-thon) ce jour jusqu'au 29 septembre 2019. Apr\u00e8s une pause dans ma lecture du Crime d'Halloween d'Agatha Christie, me revoil\u00e0 avec des albums, romans et BD jeunesse emprunt\u00e9s \u00e0 la biblioth\u00e8que sur le th\u00e8me des fant\u00f4mes\u2026","rel":"","context":"Dans &quot;Mini challenger&quot;","block_context":{"text":"Mini challenger","link":"http:\/\/www.jojoenherbe.com\/index.php\/category\/mini-challenger\/"},"img":{"alt_text":"","src":"https:\/\/i0.wp.com\/www.jojoenherbe.com\/wp-content\/uploads\/2019\/09\/Halloween-RAT-2.jpg?fit=1200%2C951&resize=350%2C200","width":350,"height":200,"srcset":"https:\/\/i0.wp.com\/www.jojoenherbe.com\/wp-content\/uploads\/2019\/09\/Halloween-RAT-2.jpg?fit=1200%2C951&resize=350%2C200 1x, https:\/\/i0.wp.com\/www.jojoenherbe.com\/wp-content\/uploads\/2019\/09\/Halloween-RAT-2.jpg?fit=1200%2C951&resize=525%2C300 1.5x, https:\/\/i0.wp.com\/www.jojoenherbe.com\/wp-content\/uploads\/2019\/09\/Halloween-RAT-2.jpg?fit=1200%2C951&resize=700%2C400 2x, https:\/\/i0.wp.com\/www.jojoenherbe.com\/wp-content\/uploads\/2019\/09\/Halloween-RAT-2.jpg?fit=1200%2C951&resize=1050%2C600 3x"},"classes":[]}],"_links":{"self":[{"href":"http:\/\/www.jojoenherbe.com\/index.php\/wp-json\/wp\/v2\/posts\/20684","targetHints":{"allow":["GET"]}}],"collection":[{"href":"http:\/\/www.jojoenherbe.com\/index.php\/wp-json\/wp\/v2\/posts"}],"about":[{"href":"http:\/\/www.jojoenherbe.com\/index.php\/wp-json\/wp\/v2\/types\/post"}],"author":[{"embeddable":true,"href":"http:\/\/www.jojoenherbe.com\/index.php\/wp-json\/wp\/v2\/users\/1"}],"replies":[{"embeddable":true,"href":"http:\/\/www.jojoenherbe.com\/index.php\/wp-json\/wp\/v2\/comments?post=20684"}],"version-history":[{"count":0,"href":"http:\/\/www.jojoenherbe.com\/index.php\/wp-json\/wp\/v2\/posts\/20684\/revisions"}],"wp:featuredmedia":[{"embeddable":true,"href":"http:\/\/www.jojoenherbe.com\/index.php\/wp-json\/wp\/v2\/media\/20685"}],"wp:attachment":[{"href":"http:\/\/www.jojoenherbe.com\/index.php\/wp-json\/wp\/v2\/media?parent=20684"}],"wp:term":[{"taxonomy":"category","embeddable":true,"href":"http:\/\/www.jojoenherbe.com\/index.php\/wp-json\/wp\/v2\/categories?post=20684"},{"taxonomy":"post_tag","embeddable":true,"href":"http:\/\/www.jojoenherbe.com\/index.php\/wp-json\/wp\/v2\/tags?post=20684"}],"curies":[{"name":"wp","href":"https:\/\/api.w.org\/{rel}","templated":true}]}}