{"id":20544,"date":"2021-09-07T09:54:14","date_gmt":"2021-09-07T07:54:14","guid":{"rendered":"http:\/\/www.jojoenherbe.com\/?p=20544"},"modified":"2021-09-17T10:12:28","modified_gmt":"2021-09-17T08:12:28","slug":"au-fil-des-pages-avec-heure-bleue","status":"publish","type":"post","link":"http:\/\/www.jojoenherbe.com\/index.php\/2021\/09\/07\/au-fil-des-pages-avec-heure-bleue\/","title":{"rendered":"Au fil des pages avec Heure bleue"},"content":{"rendered":"<p style=\"text-align: justify;\"><em><a href=\"https:\/\/i0.wp.com\/www.jojoenherbe.com\/wp-content\/uploads\/2021\/09\/Heure-bleue-2-scaled.jpg\"><img data-recalc-dims=\"1\" loading=\"lazy\" decoding=\"async\" data-attachment-id=\"20553\" data-permalink=\"http:\/\/www.jojoenherbe.com\/index.php\/2021\/09\/07\/au-fil-des-pages-avec-heure-bleue\/heure-bleue-2\/\" data-orig-file=\"https:\/\/i0.wp.com\/www.jojoenherbe.com\/wp-content\/uploads\/2021\/09\/Heure-bleue-2-scaled.jpg?fit=2560%2C1728\" data-orig-size=\"2560,1728\" data-comments-opened=\"1\" data-image-meta=\"{&quot;aperture&quot;:&quot;1.8&quot;,&quot;credit&quot;:&quot;&quot;,&quot;camera&quot;:&quot;iPhone 7&quot;,&quot;caption&quot;:&quot;&quot;,&quot;created_timestamp&quot;:&quot;1624012329&quot;,&quot;copyright&quot;:&quot;&quot;,&quot;focal_length&quot;:&quot;3.99&quot;,&quot;iso&quot;:&quot;100&quot;,&quot;shutter_speed&quot;:&quot;0.058823529411765&quot;,&quot;title&quot;:&quot;&quot;,&quot;orientation&quot;:&quot;1&quot;}\" data-image-title=\"Heure bleue 2\" data-image-description=\"\" data-image-caption=\"\" data-large-file=\"https:\/\/i0.wp.com\/www.jojoenherbe.com\/wp-content\/uploads\/2021\/09\/Heure-bleue-2-scaled.jpg?fit=676%2C456\" class=\"alignleft size-thumbnail wp-image-20553\" src=\"https:\/\/i0.wp.com\/www.jojoenherbe.com\/wp-content\/uploads\/2021\/09\/Heure-bleue-2.jpg?resize=150%2C150\" alt=\"\" width=\"150\" height=\"150\" srcset=\"https:\/\/i0.wp.com\/www.jojoenherbe.com\/wp-content\/uploads\/2021\/09\/Heure-bleue-2-scaled.jpg?resize=150%2C150 150w, https:\/\/i0.wp.com\/www.jojoenherbe.com\/wp-content\/uploads\/2021\/09\/Heure-bleue-2-scaled.jpg?zoom=2&amp;resize=150%2C150 300w, https:\/\/i0.wp.com\/www.jojoenherbe.com\/wp-content\/uploads\/2021\/09\/Heure-bleue-2-scaled.jpg?zoom=3&amp;resize=150%2C150 450w\" sizes=\"auto, (max-width: 150px) 100vw, 150px\" \/><\/a> <a href=\"https:\/\/i0.wp.com\/www.jojoenherbe.com\/wp-content\/uploads\/2021\/09\/Heure-bleue-4-scaled.jpg\"><img data-recalc-dims=\"1\" loading=\"lazy\" decoding=\"async\" data-attachment-id=\"20555\" data-permalink=\"http:\/\/www.jojoenherbe.com\/index.php\/2021\/09\/07\/au-fil-des-pages-avec-heure-bleue\/heure-bleue-4\/\" data-orig-file=\"https:\/\/i0.wp.com\/www.jojoenherbe.com\/wp-content\/uploads\/2021\/09\/Heure-bleue-4-scaled.jpg?fit=2560%2C1716\" data-orig-size=\"2560,1716\" data-comments-opened=\"1\" data-image-meta=\"{&quot;aperture&quot;:&quot;1.8&quot;,&quot;credit&quot;:&quot;&quot;,&quot;camera&quot;:&quot;iPhone 7&quot;,&quot;caption&quot;:&quot;&quot;,&quot;created_timestamp&quot;:&quot;1624012381&quot;,&quot;copyright&quot;:&quot;&quot;,&quot;focal_length&quot;:&quot;3.99&quot;,&quot;iso&quot;:&quot;100&quot;,&quot;shutter_speed&quot;:&quot;0.14285714285714&quot;,&quot;title&quot;:&quot;&quot;,&quot;orientation&quot;:&quot;1&quot;}\" data-image-title=\"Heure bleue 4\" data-image-description=\"\" data-image-caption=\"\" data-large-file=\"https:\/\/i0.wp.com\/www.jojoenherbe.com\/wp-content\/uploads\/2021\/09\/Heure-bleue-4-scaled.jpg?fit=676%2C453\" class=\"alignleft size-thumbnail wp-image-20555\" src=\"https:\/\/i0.wp.com\/www.jojoenherbe.com\/wp-content\/uploads\/2021\/09\/Heure-bleue-4.jpg?resize=150%2C150\" alt=\"\" width=\"150\" height=\"150\" srcset=\"https:\/\/i0.wp.com\/www.jojoenherbe.com\/wp-content\/uploads\/2021\/09\/Heure-bleue-4-scaled.jpg?resize=150%2C150 150w, https:\/\/i0.wp.com\/www.jojoenherbe.com\/wp-content\/uploads\/2021\/09\/Heure-bleue-4-scaled.jpg?zoom=2&amp;resize=150%2C150 300w, https:\/\/i0.wp.com\/www.jojoenherbe.com\/wp-content\/uploads\/2021\/09\/Heure-bleue-4-scaled.jpg?zoom=3&amp;resize=150%2C150 450w\" sizes=\"auto, (max-width: 150px) 100vw, 150px\" \/><\/a>En juin dernier, nous avons lu <span style=\"text-decoration: underline;\">Heure bleue<\/span> d&rsquo;Isabelle Simler (\u00e9d. courtes et longues, 2015), un album jeunesse \u00e0 partir de 3\/4 ans. A l&rsquo;heure du cr\u00e9puscule, lorsque le jour laisse place \u00e0 la nuit, la faune et la flore, \u00e0 travers le monde, se donnent rendez-vous pour cette heure d\u00e9licate: un geai bleu, des grenouille azur\u00e9es, des singes gris-bleu&#8230;<br \/>\n<\/em><\/p>\n<p style=\"text-align: justify;\"><em><a href=\"https:\/\/i0.wp.com\/www.jojoenherbe.com\/wp-content\/uploads\/2021\/09\/Heure-bleue-5-scaled.jpg\"><img data-recalc-dims=\"1\" loading=\"lazy\" decoding=\"async\" data-attachment-id=\"20556\" data-permalink=\"http:\/\/www.jojoenherbe.com\/index.php\/2021\/09\/07\/au-fil-des-pages-avec-heure-bleue\/heure-bleue-5\/\" data-orig-file=\"https:\/\/i0.wp.com\/www.jojoenherbe.com\/wp-content\/uploads\/2021\/09\/Heure-bleue-5-scaled.jpg?fit=2560%2C1716\" data-orig-size=\"2560,1716\" data-comments-opened=\"1\" data-image-meta=\"{&quot;aperture&quot;:&quot;1.8&quot;,&quot;credit&quot;:&quot;&quot;,&quot;camera&quot;:&quot;iPhone 7&quot;,&quot;caption&quot;:&quot;&quot;,&quot;created_timestamp&quot;:&quot;1624012447&quot;,&quot;copyright&quot;:&quot;&quot;,&quot;focal_length&quot;:&quot;3.99&quot;,&quot;iso&quot;:&quot;80&quot;,&quot;shutter_speed&quot;:&quot;0.2&quot;,&quot;title&quot;:&quot;&quot;,&quot;orientation&quot;:&quot;1&quot;}\" data-image-title=\"Heure bleue 5\" data-image-description=\"\" data-image-caption=\"\" data-large-file=\"https:\/\/i0.wp.com\/www.jojoenherbe.com\/wp-content\/uploads\/2021\/09\/Heure-bleue-5-scaled.jpg?fit=676%2C453\" class=\"size-thumbnail wp-image-20556 alignright\" src=\"https:\/\/i0.wp.com\/www.jojoenherbe.com\/wp-content\/uploads\/2021\/09\/Heure-bleue-5.jpg?resize=150%2C150\" alt=\"\" width=\"150\" height=\"150\" srcset=\"https:\/\/i0.wp.com\/www.jojoenherbe.com\/wp-content\/uploads\/2021\/09\/Heure-bleue-5-scaled.jpg?resize=150%2C150 150w, https:\/\/i0.wp.com\/www.jojoenherbe.com\/wp-content\/uploads\/2021\/09\/Heure-bleue-5-scaled.jpg?zoom=2&amp;resize=150%2C150 300w, https:\/\/i0.wp.com\/www.jojoenherbe.com\/wp-content\/uploads\/2021\/09\/Heure-bleue-5-scaled.jpg?zoom=3&amp;resize=150%2C150 450w\" sizes=\"auto, (max-width: 150px) 100vw, 150px\" \/><\/a> <a href=\"https:\/\/i0.wp.com\/www.jojoenherbe.com\/wp-content\/uploads\/2021\/09\/Heure-bleue-3-scaled.jpg\"><img data-recalc-dims=\"1\" loading=\"lazy\" decoding=\"async\" data-attachment-id=\"20554\" data-permalink=\"http:\/\/www.jojoenherbe.com\/index.php\/2021\/09\/07\/au-fil-des-pages-avec-heure-bleue\/heure-bleue-3\/\" data-orig-file=\"https:\/\/i0.wp.com\/www.jojoenherbe.com\/wp-content\/uploads\/2021\/09\/Heure-bleue-3-scaled.jpg?fit=2560%2C1920\" data-orig-size=\"2560,1920\" data-comments-opened=\"1\" data-image-meta=\"{&quot;aperture&quot;:&quot;1.8&quot;,&quot;credit&quot;:&quot;&quot;,&quot;camera&quot;:&quot;iPhone 7&quot;,&quot;caption&quot;:&quot;&quot;,&quot;created_timestamp&quot;:&quot;1624012349&quot;,&quot;copyright&quot;:&quot;&quot;,&quot;focal_length&quot;:&quot;3.99&quot;,&quot;iso&quot;:&quot;100&quot;,&quot;shutter_speed&quot;:&quot;0.071428571428571&quot;,&quot;title&quot;:&quot;&quot;,&quot;orientation&quot;:&quot;1&quot;}\" data-image-title=\"Heure bleue 3\" data-image-description=\"\" data-image-caption=\"\" data-large-file=\"https:\/\/i0.wp.com\/www.jojoenherbe.com\/wp-content\/uploads\/2021\/09\/Heure-bleue-3-scaled.jpg?fit=676%2C507\" class=\"size-thumbnail wp-image-20554 alignright\" src=\"https:\/\/i0.wp.com\/www.jojoenherbe.com\/wp-content\/uploads\/2021\/09\/Heure-bleue-3.jpg?resize=150%2C150\" alt=\"\" width=\"150\" height=\"150\" srcset=\"https:\/\/i0.wp.com\/www.jojoenherbe.com\/wp-content\/uploads\/2021\/09\/Heure-bleue-3-scaled.jpg?resize=150%2C150 150w, https:\/\/i0.wp.com\/www.jojoenherbe.com\/wp-content\/uploads\/2021\/09\/Heure-bleue-3-scaled.jpg?zoom=2&amp;resize=150%2C150 300w, https:\/\/i0.wp.com\/www.jojoenherbe.com\/wp-content\/uploads\/2021\/09\/Heure-bleue-3-scaled.jpg?zoom=3&amp;resize=150%2C150 450w\" sizes=\"auto, (max-width: 150px) 100vw, 150px\" \/><\/a>Les grandes et douces illustrations toutes en nuance bleut\u00e9e apportent une ambiance onirique et apaisante \u00e0 cette histoire qui pourra aider les plus jeunes \u00e0 s&rsquo;endormir. Les illustrations offrent diff\u00e9rents points de vue: de grands paysages bleut\u00e9s ou se focalisent sur certains animaux. Un tr\u00e8s bon moment de lecture avec de jolies pages de garde (un nuancier de bleus et une carte du monde avec les animaux mentionn\u00e9s)!<\/em><\/p>\n<div style=\"width: 135px\" class=\"wp-caption alignleft\"><img loading=\"lazy\" decoding=\"async\" src=\"https:\/\/lh3.googleusercontent.com\/pw\/ACtC-3eIuIHfDCWnQjrbP_Gttnq9qrZJ0sCLWnTR3GjIOIiC54aYp8f1rKz8fy3EJIYJcUrzUv3KnF-YnYTE-vhMmRU8myeq_V_5OYKPelcJ6I4-bD-P1SjmJYevXt0TGhPCpROfcXeg5SJ_4KvwWeBQfvsOWw=w285-h217-no?authuser=1\" alt=\"\" width=\"125\" height=\"95\" \/><p class=\"wp-caption-text\">Challenge Petit Bac d\u2019<a href=\"https:\/\/ennalit.wordpress.com\/2020\/12\/01\/challenge-petit-bac-2021-qui-veut-jouer\/\">Enna<\/a> #11 Cat\u00e9gorie Couleur: \u00ab\u00a0Bleue\u00a0\u00bb<\/p><\/div>\n<div style=\"width: 160px\" class=\"wp-caption alignleft\"><img loading=\"lazy\" decoding=\"async\" class=\"attachment-boston-list-medium  wp-post-image\" src=\"https:\/\/i0.wp.com\/avenuereinemathilde.com\/wp-content\/uploads\/2020\/12\/Challenge-femmes-auteures_paysage-720x380.jpg?resize=203%2C107&amp;ssl=1\" alt=\"\" width=\"150\" height=\"79\" data-recalc-dims=\"1\" \/><p class=\"wp-caption-text\">Participation #54 au Challenge Lire au f\u00e9minin de <a href=\"https:\/\/avenuereinemathilde.com\/challenge-lire-au-feminin-2021\/\">Tiphanya<\/a> #Autrice fran\u00e7aise<\/p><\/div>\n","protected":false},"excerpt":{"rendered":"<p>En juin dernier, nous avons lu Heure bleue d&rsquo;Isabelle Simler (\u00e9d. courtes et longues, 2015), un album jeunesse \u00e0 partir de 3\/4 ans. A l&rsquo;heure du cr\u00e9puscule, lorsque le jour laisse place \u00e0 la nuit, la faune et la flore, \u00e0 travers le monde, se donnent rendez-vous pour cette heure d\u00e9licate: un geai bleu, des [&hellip;]<\/p>\n","protected":false},"author":1,"featured_media":20545,"comment_status":"open","ping_status":"open","sticky":false,"template":"","format":"standard","meta":{"jetpack_post_was_ever_published":false,"_jetpack_newsletter_access":"","_jetpack_dont_email_post_to_subs":false,"_jetpack_newsletter_tier_id":0,"_jetpack_memberships_contains_paywalled_content":false,"_jetpack_memberships_contains_paid_content":false,"footnotes":""},"categories":[363],"tags":[1031,409,12,2018,2754,462,2584,367,2111,543],"class_list":["post-20544","post","type-post","status-publish","format-standard","has-post-thumbnail","hentry","category-mini-lecteur","tag-4-7-ans","tag-albums-jeunesse","tag-animaux","tag-challenge-petit-bac-2021","tag-crepuscule","tag-fleurs","tag-isabelle-simler","tag-lecture-jeunesse","tag-lire-au-feminin-2021","tag-nature","post-preview"],"jetpack_featured_media_url":"https:\/\/i0.wp.com\/www.jojoenherbe.com\/wp-content\/uploads\/2021\/09\/Heure-bleue-scaled.jpg?fit=2560%2C1608","jetpack_sharing_enabled":true,"jetpack_shortlink":"https:\/\/wp.me\/p9zhGx-5lm","jetpack_likes_enabled":true,"jetpack-related-posts":[{"id":13916,"url":"http:\/\/www.jojoenherbe.com\/index.php\/2020\/11\/16\/deuxieme-alphabet-des-animaux-e-comme-escargot\/","url_meta":{"origin":20544,"position":0},"title":"Deuxi\u00e8me alphabet des animaux: E comme Escargot","author":"Jojo","date":"16 novembre 2020","format":false,"excerpt":"Pour la semaine 31 de mon challenge sur Instagram #jojoenherbeetcieillustre qui associe la premi\u00e8re lettre d'un animal avec une illustration tir\u00e9e de la litt\u00e9rature jeunesse en suivant l'ordre de l'alphabet, il s'agit du E comme Escargot. Alors voici notre s\u00e9lection d'escargots qui sera mise \u00e0 jour au fur-et-\u00e0-mesure de nos\u2026","rel":"","context":"Dans &quot;Mini challenger&quot;","block_context":{"text":"Mini challenger","link":"http:\/\/www.jojoenherbe.com\/index.php\/category\/mini-challenger\/"},"img":{"alt_text":"","src":"https:\/\/i0.wp.com\/www.jojoenherbe.com\/wp-content\/uploads\/2020\/11\/Selection-Escargot-scaled.jpg?fit=1200%2C831&resize=350%2C200","width":350,"height":200,"srcset":"https:\/\/i0.wp.com\/www.jojoenherbe.com\/wp-content\/uploads\/2020\/11\/Selection-Escargot-scaled.jpg?fit=1200%2C831&resize=350%2C200 1x, https:\/\/i0.wp.com\/www.jojoenherbe.com\/wp-content\/uploads\/2020\/11\/Selection-Escargot-scaled.jpg?fit=1200%2C831&resize=525%2C300 1.5x, https:\/\/i0.wp.com\/www.jojoenherbe.com\/wp-content\/uploads\/2020\/11\/Selection-Escargot-scaled.jpg?fit=1200%2C831&resize=700%2C400 2x, https:\/\/i0.wp.com\/www.jojoenherbe.com\/wp-content\/uploads\/2020\/11\/Selection-Escargot-scaled.jpg?fit=1200%2C831&resize=1050%2C600 3x"},"classes":[]},{"id":20111,"url":"http:\/\/www.jojoenherbe.com\/index.php\/2021\/08\/06\/au-fil-des-pages-avec-des-vagues\/","url_meta":{"origin":20544,"position":1},"title":"Au fil des pages avec Des vagues","author":"Jojo","date":"6 ao\u00fbt 2021","format":false,"excerpt":"Lors de notre pique-nique sur la plage de Saint-Jean-Cap-Ferrat d'hier soir, nous avons relu Des vagues d'Isabelle Simler (\u00e9d. courtes et longues, 2014), un album jeunesse grand format \u00e0 partir de 2\/3 ans. Un jeune enfant plonge dans les vagues au plus pr\u00e8s des animaux marins, que ce soit un\u2026","rel":"","context":"Dans &quot;Mini lecteur&quot;","block_context":{"text":"Mini lecteur","link":"http:\/\/www.jojoenherbe.com\/index.php\/category\/mini-lecteur\/"},"img":{"alt_text":"","src":"https:\/\/i0.wp.com\/www.jojoenherbe.com\/wp-content\/uploads\/2021\/08\/Des-vagues-scaled.jpg?fit=900%2C1200&resize=350%2C200","width":350,"height":200,"srcset":"https:\/\/i0.wp.com\/www.jojoenherbe.com\/wp-content\/uploads\/2021\/08\/Des-vagues-scaled.jpg?fit=900%2C1200&resize=350%2C200 1x, https:\/\/i0.wp.com\/www.jojoenherbe.com\/wp-content\/uploads\/2021\/08\/Des-vagues-scaled.jpg?fit=900%2C1200&resize=525%2C300 1.5x, https:\/\/i0.wp.com\/www.jojoenherbe.com\/wp-content\/uploads\/2021\/08\/Des-vagues-scaled.jpg?fit=900%2C1200&resize=700%2C400 2x"},"classes":[]},{"id":19888,"url":"http:\/\/www.jojoenherbe.com\/index.php\/2021\/07\/29\/balade-sur-le-sentier-de-la-brague\/","url_meta":{"origin":20544,"position":2},"title":"Balade sur le sentier de la Brague","author":"Jojo","date":"29 juillet 2021","format":false,"excerpt":"Le 25 juillet 2021, nous passons la journ\u00e9e au bord de la Brague en partant du village de Biot par le sentier de la Brague qui permet de joindre le pont des tamarins puis Valbonne. Le d\u00e9part se situe \u00e0 c\u00f4t\u00e9 des parkings gratuits, \u00e0 la balise n\u00b0350, enfance de\u2026","rel":"","context":"Dans &quot;Mini randonneur&quot;","block_context":{"text":"Mini randonneur","link":"http:\/\/www.jojoenherbe.com\/index.php\/category\/mini-crapahuteur\/mini-randonneur\/"},"img":{"alt_text":"","src":"https:\/\/i0.wp.com\/www.jojoenherbe.com\/wp-content\/uploads\/2021\/07\/Sentier-de-la-Brague-8-scaled.jpg?fit=900%2C1200&resize=350%2C200","width":350,"height":200,"srcset":"https:\/\/i0.wp.com\/www.jojoenherbe.com\/wp-content\/uploads\/2021\/07\/Sentier-de-la-Brague-8-scaled.jpg?fit=900%2C1200&resize=350%2C200 1x, https:\/\/i0.wp.com\/www.jojoenherbe.com\/wp-content\/uploads\/2021\/07\/Sentier-de-la-Brague-8-scaled.jpg?fit=900%2C1200&resize=525%2C300 1.5x, https:\/\/i0.wp.com\/www.jojoenherbe.com\/wp-content\/uploads\/2021\/07\/Sentier-de-la-Brague-8-scaled.jpg?fit=900%2C1200&resize=700%2C400 2x"},"classes":[]},{"id":11083,"url":"http:\/\/www.jojoenherbe.com\/index.php\/2020\/05\/29\/au-fil-des-pages-avec-la-barbe-bleue\/","url_meta":{"origin":20544,"position":3},"title":"Au fil des pages avec La Barbe bleue","author":"Jojo","date":"29 mai 2020","format":false,"excerpt":"J'ai emprunt\u00e9 \u00e0 la m\u00e9diath\u00e8que La Barbe bleue de Charles Perrault et illustr\u00e9 par Eric Battut (\u00e9d. Bilboquet, 2000), un album jeunesse \u00e0 partir de 3 ans selon l'\u00e9diteur voire bien plus \u00e2g\u00e9 au vu de certains passages du texte. Un homme tr\u00e8s riche, veuf \u00e0 plusieurs reprises et \u00e0\u2026","rel":"","context":"Dans &quot;Mini lecteur&quot;","block_context":{"text":"Mini lecteur","link":"http:\/\/www.jojoenherbe.com\/index.php\/category\/mini-lecteur\/"},"img":{"alt_text":"","src":"https:\/\/i0.wp.com\/www.jojoenherbe.com\/wp-content\/uploads\/2020\/05\/La-barbe-bleue-scaled.jpg?fit=1200%2C837&resize=350%2C200","width":350,"height":200,"srcset":"https:\/\/i0.wp.com\/www.jojoenherbe.com\/wp-content\/uploads\/2020\/05\/La-barbe-bleue-scaled.jpg?fit=1200%2C837&resize=350%2C200 1x, https:\/\/i0.wp.com\/www.jojoenherbe.com\/wp-content\/uploads\/2020\/05\/La-barbe-bleue-scaled.jpg?fit=1200%2C837&resize=525%2C300 1.5x, https:\/\/i0.wp.com\/www.jojoenherbe.com\/wp-content\/uploads\/2020\/05\/La-barbe-bleue-scaled.jpg?fit=1200%2C837&resize=700%2C400 2x, https:\/\/i0.wp.com\/www.jojoenherbe.com\/wp-content\/uploads\/2020\/05\/La-barbe-bleue-scaled.jpg?fit=1200%2C837&resize=1050%2C600 3x"},"classes":[]},{"id":11548,"url":"http:\/\/www.jojoenherbe.com\/index.php\/2020\/07\/15\/au-fil-des-pages-avec-la-chaise-bleue\/","url_meta":{"origin":20544,"position":4},"title":"Au fil des pages avec La chaise bleue","author":"Jojo","date":"15 juillet 2020","format":false,"excerpt":"Nous empruntons \u00e0 la m\u00e9diath\u00e8que La chaise bleue de Claude Boujon (\u00e9d. L'\u00e9cole des loisirs, 1998), un album jeunesse \u00e0 partir de 2\/3 ans mais 6 ans ans selon l'\u00e9diteur. Escarbille (un loup) et Chaboudo (un chien) se prom\u00e8nent dans le d\u00e9sert lorsqu\u2019ils d\u00e9couvrent une chaise bleue. S\u2019ensuit alors toute\u2026","rel":"","context":"Dans &quot;Mini lecteur&quot;","block_context":{"text":"Mini lecteur","link":"http:\/\/www.jojoenherbe.com\/index.php\/category\/mini-lecteur\/"},"img":{"alt_text":"","src":"https:\/\/i0.wp.com\/www.jojoenherbe.com\/wp-content\/uploads\/2020\/07\/La-chaise-bleue-scaled.jpg?fit=1200%2C900&resize=350%2C200","width":350,"height":200,"srcset":"https:\/\/i0.wp.com\/www.jojoenherbe.com\/wp-content\/uploads\/2020\/07\/La-chaise-bleue-scaled.jpg?fit=1200%2C900&resize=350%2C200 1x, https:\/\/i0.wp.com\/www.jojoenherbe.com\/wp-content\/uploads\/2020\/07\/La-chaise-bleue-scaled.jpg?fit=1200%2C900&resize=525%2C300 1.5x, https:\/\/i0.wp.com\/www.jojoenherbe.com\/wp-content\/uploads\/2020\/07\/La-chaise-bleue-scaled.jpg?fit=1200%2C900&resize=700%2C400 2x, https:\/\/i0.wp.com\/www.jojoenherbe.com\/wp-content\/uploads\/2020\/07\/La-chaise-bleue-scaled.jpg?fit=1200%2C900&resize=1050%2C600 3x"},"classes":[]},{"id":6248,"url":"http:\/\/www.jojoenherbe.com\/index.php\/2019\/06\/07\/des-papillons-en-peinture\/","url_meta":{"origin":20544,"position":5},"title":"Des papillons en peinture","author":"Jojo","date":"7 juin 2019","format":false,"excerpt":"Nous faisons ce matin de la peinture avec comme th\u00e8me des papillons, ce qui nous rappelle notre balade du week-end dernier au Fort de la Rev\u00e8re. Nous faisons des papillons bleues, jaunes, etc rappelant les azur\u00e9s ou les pi\u00e9rides du chou... Nous faisons \u00e9galement des papillons en sym\u00e9trie en ne\u2026","rel":"","context":"Dans &quot;Mini joueur&quot;","block_context":{"text":"Mini joueur","link":"http:\/\/www.jojoenherbe.com\/index.php\/category\/mini-decouvreur\/mini-joueur\/"},"img":{"alt_text":"","src":"https:\/\/i0.wp.com\/www.jojoenherbe.com\/wp-content\/uploads\/2019\/06\/Papillons-en-peinture-2.jpg?fit=1200%2C885&resize=350%2C200","width":350,"height":200,"srcset":"https:\/\/i0.wp.com\/www.jojoenherbe.com\/wp-content\/uploads\/2019\/06\/Papillons-en-peinture-2.jpg?fit=1200%2C885&resize=350%2C200 1x, https:\/\/i0.wp.com\/www.jojoenherbe.com\/wp-content\/uploads\/2019\/06\/Papillons-en-peinture-2.jpg?fit=1200%2C885&resize=525%2C300 1.5x, https:\/\/i0.wp.com\/www.jojoenherbe.com\/wp-content\/uploads\/2019\/06\/Papillons-en-peinture-2.jpg?fit=1200%2C885&resize=700%2C400 2x, https:\/\/i0.wp.com\/www.jojoenherbe.com\/wp-content\/uploads\/2019\/06\/Papillons-en-peinture-2.jpg?fit=1200%2C885&resize=1050%2C600 3x"},"classes":[]}],"_links":{"self":[{"href":"http:\/\/www.jojoenherbe.com\/index.php\/wp-json\/wp\/v2\/posts\/20544","targetHints":{"allow":["GET"]}}],"collection":[{"href":"http:\/\/www.jojoenherbe.com\/index.php\/wp-json\/wp\/v2\/posts"}],"about":[{"href":"http:\/\/www.jojoenherbe.com\/index.php\/wp-json\/wp\/v2\/types\/post"}],"author":[{"embeddable":true,"href":"http:\/\/www.jojoenherbe.com\/index.php\/wp-json\/wp\/v2\/users\/1"}],"replies":[{"embeddable":true,"href":"http:\/\/www.jojoenherbe.com\/index.php\/wp-json\/wp\/v2\/comments?post=20544"}],"version-history":[{"count":0,"href":"http:\/\/www.jojoenherbe.com\/index.php\/wp-json\/wp\/v2\/posts\/20544\/revisions"}],"wp:featuredmedia":[{"embeddable":true,"href":"http:\/\/www.jojoenherbe.com\/index.php\/wp-json\/wp\/v2\/media\/20545"}],"wp:attachment":[{"href":"http:\/\/www.jojoenherbe.com\/index.php\/wp-json\/wp\/v2\/media?parent=20544"}],"wp:term":[{"taxonomy":"category","embeddable":true,"href":"http:\/\/www.jojoenherbe.com\/index.php\/wp-json\/wp\/v2\/categories?post=20544"},{"taxonomy":"post_tag","embeddable":true,"href":"http:\/\/www.jojoenherbe.com\/index.php\/wp-json\/wp\/v2\/tags?post=20544"}],"curies":[{"name":"wp","href":"https:\/\/api.w.org\/{rel}","templated":true}]}}