{"id":20472,"date":"2021-09-04T10:36:06","date_gmt":"2021-09-04T08:36:06","guid":{"rendered":"http:\/\/www.jojoenherbe.com\/?p=20472"},"modified":"2021-09-04T10:37:14","modified_gmt":"2021-09-04T08:37:14","slug":"semaine-35-du-projet-52-2021-se-rafraichir","status":"publish","type":"post","link":"http:\/\/www.jojoenherbe.com\/index.php\/2021\/09\/04\/semaine-35-du-projet-52-2021-se-rafraichir\/","title":{"rendered":"Semaine 35 du Projet 52-2021: (Se) rafra\u00eechir"},"content":{"rendered":"<p style=\"text-align: justify;\"><em>Pour la semaine 35 du Projet 52-2021 de Du c\u00f4t\u00e9 de chez Ma&rsquo;, le th\u00e8me est \u00ab\u00a0<a href=\"https:\/\/ducotedechezma.wordpress.com\/2021\/09\/04\/projet-52-2021-semaine-35-se-rafraichir\/\">(Se) rafra\u00eechir<\/a>\u00ab\u00a0. J&rsquo;aurai pu choisir une des photos prises au <a href=\"http:\/\/www.jojoenherbe.com\/index.php\/2021\/08\/31\/sortie-au-canyon-du-riolan-pres-daiglun\/\">canyon de Riolan<\/a> de lundi dernier m\u00eame si nous n&rsquo;y sommes pas baign\u00e9s. Mais j&rsquo;ai finalement choisi une photo d&rsquo;un \u00e9cureuil roux venu boire de l&rsquo;eau dans le jardin ce mois-ci.<br \/>\n<\/em><\/p>\n<p><img data-recalc-dims=\"1\" loading=\"lazy\" decoding=\"async\" class=\"wp-image-5951 below-entry-meta aligncenter\" src=\"https:\/\/ducotedechezma.files.wordpress.com\/2020\/12\/52-2021_liste_themes.jpg?w=982&#038;resize=408%2C339\" sizes=\"auto, (max-width: 709px) 85vw, (max-width: 909px) 67vw, (max-width: 1362px) 62vw, 840px\" srcset=\"https:\/\/ducotedechezma.files.wordpress.com\/2020\/12\/52-2021_liste_themes.jpg 982w, https:\/\/ducotedechezma.files.wordpress.com\/2020\/12\/52-2021_liste_themes.jpg?w=150 150w, https:\/\/ducotedechezma.files.wordpress.com\/2020\/12\/52-2021_liste_themes.jpg?w=300 300w, https:\/\/ducotedechezma.files.wordpress.com\/2020\/12\/52-2021_liste_themes.jpg?w=768 768w\" alt=\"\" width=\"408\" height=\"339\" data-attachment-id=\"5951\" data-permalink=\"https:\/\/ducotedechezma.wordpress.com\/52-2021_liste_themes\/\" data-orig-file=\"https:\/\/ducotedechezma.files.wordpress.com\/2020\/12\/52-2021_liste_themes.jpg\" data-orig-size=\"982,817\" data-comments-opened=\"1\" data-image-meta=\"{&quot;aperture&quot;:&quot;0&quot;,&quot;credit&quot;:&quot;&quot;,&quot;camera&quot;:&quot;&quot;,&quot;caption&quot;:&quot;&quot;,&quot;created_timestamp&quot;:&quot;0&quot;,&quot;copyright&quot;:&quot;&quot;,&quot;focal_length&quot;:&quot;0&quot;,&quot;iso&quot;:&quot;0&quot;,&quot;shutter_speed&quot;:&quot;0&quot;,&quot;title&quot;:&quot;&quot;,&quot;orientation&quot;:&quot;0&quot;}\" data-image-title=\"52-2021_liste_themes\" data-image-description=\"\" data-medium-file=\"https:\/\/ducotedechezma.files.wordpress.com\/2020\/12\/52-2021_liste_themes.jpg?w=300\" data-large-file=\"https:\/\/ducotedechezma.files.wordpress.com\/2020\/12\/52-2021_liste_themes.jpg?w=840\" \/><\/p>\n","protected":false},"excerpt":{"rendered":"<p>Pour la semaine 35 du Projet 52-2021 de Du c\u00f4t\u00e9 de chez Ma&rsquo;, le th\u00e8me est \u00ab\u00a0(Se) rafra\u00eechir\u00ab\u00a0. J&rsquo;aurai pu choisir une des photos prises au canyon de Riolan de lundi dernier m\u00eame si nous n&rsquo;y sommes pas baign\u00e9s. Mais j&rsquo;ai finalement choisi une photo d&rsquo;un \u00e9cureuil roux venu boire de l&rsquo;eau dans le jardin [&hellip;]<\/p>\n","protected":false},"author":1,"featured_media":20446,"comment_status":"open","ping_status":"open","sticky":false,"template":"","format":"standard","meta":{"jetpack_post_was_ever_published":false,"_jetpack_newsletter_access":"","_jetpack_dont_email_post_to_subs":false,"_jetpack_newsletter_tier_id":0,"_jetpack_memberships_contains_paywalled_content":false,"_jetpack_memberships_contains_paid_content":false,"footnotes":""},"categories":[437],"tags":[2745,2039],"class_list":["post-20472","post","type-post","status-publish","format-standard","has-post-thumbnail","hentry","category-mini-photographe","tag-ecureuil-roux","tag-projet-52-2021","post-preview"],"jetpack_featured_media_url":"https:\/\/i0.wp.com\/www.jojoenherbe.com\/wp-content\/uploads\/2021\/09\/Ecureuil-roux-scaled.jpg?fit=2560%2C1920","jetpack_sharing_enabled":true,"jetpack_shortlink":"https:\/\/wp.me\/p9zhGx-5kc","jetpack_likes_enabled":true,"jetpack-related-posts":[{"id":23101,"url":"http:\/\/www.jojoenherbe.com\/index.php\/2022\/01\/01\/semaine-52-du-projet-52-2021-fetes-de-fin-dannee\/","url_meta":{"origin":20472,"position":0},"title":"Semaine 52 du Projet 52-2021: F\u00eates de fin d&rsquo;ann\u00e9e","author":"Jojo","date":"1 janvier 2022","format":false,"excerpt":"Pour la semaine 52 du Projet 52-2021 de Du c\u00f4t\u00e9 de chez Ma', le th\u00e8me est \"F\u00eates de fin d'ann\u00e9e\". J'aurai pu choisir cette photo pour le th\u00e8me \"Scintiller\" de la semaine derni\u00e8re si elle n'avait pas \u00e9t\u00e9 prise cette fin de semaine. Qui dit f\u00eates de fin d'ann\u00e9e dit\u2026","rel":"","context":"Dans &quot;mini photographe&quot;","block_context":{"text":"mini photographe","link":"http:\/\/www.jojoenherbe.com\/index.php\/category\/mini-photographe\/"},"img":{"alt_text":"","src":"https:\/\/i0.wp.com\/www.jojoenherbe.com\/wp-content\/uploads\/2021\/12\/Illuminations-Nice-scaled.jpg?fit=900%2C1200&resize=350%2C200","width":350,"height":200,"srcset":"https:\/\/i0.wp.com\/www.jojoenherbe.com\/wp-content\/uploads\/2021\/12\/Illuminations-Nice-scaled.jpg?fit=900%2C1200&resize=350%2C200 1x, https:\/\/i0.wp.com\/www.jojoenherbe.com\/wp-content\/uploads\/2021\/12\/Illuminations-Nice-scaled.jpg?fit=900%2C1200&resize=525%2C300 1.5x, https:\/\/i0.wp.com\/www.jojoenherbe.com\/wp-content\/uploads\/2021\/12\/Illuminations-Nice-scaled.jpg?fit=900%2C1200&resize=700%2C400 2x"},"classes":[]},{"id":19842,"url":"http:\/\/www.jojoenherbe.com\/index.php\/2021\/07\/25\/semaine-29-du-projet-52-2021-dehors\/","url_meta":{"origin":20472,"position":1},"title":"Semaine 29 du Projet 52-2021: Dehors","author":"Jojo","date":"25 juillet 2021","format":false,"excerpt":"Pour la semaine 29 du Projet 52-2021 de Du c\u00f4t\u00e9 de chez Ma', le th\u00e8me est \"Dehors\". Voici une photo prise lors d'une petite pause d\u00e9tente et fra\u00eecheur dans le parc de la Villa Marie o\u00f9 se trouve la biblioth\u00e8que municipale de Fr\u00e9jus, un parc \u00e0 la fran\u00e7aise avec de\u2026","rel":"","context":"Dans &quot;mini photographe&quot;","block_context":{"text":"mini photographe","link":"http:\/\/www.jojoenherbe.com\/index.php\/category\/mini-photographe\/"},"img":{"alt_text":"","src":"https:\/\/i0.wp.com\/www.jojoenherbe.com\/wp-content\/uploads\/2021\/07\/Villa-Marie-Frejus-scaled.jpg?fit=900%2C1200&resize=350%2C200","width":350,"height":200,"srcset":"https:\/\/i0.wp.com\/www.jojoenherbe.com\/wp-content\/uploads\/2021\/07\/Villa-Marie-Frejus-scaled.jpg?fit=900%2C1200&resize=350%2C200 1x, https:\/\/i0.wp.com\/www.jojoenherbe.com\/wp-content\/uploads\/2021\/07\/Villa-Marie-Frejus-scaled.jpg?fit=900%2C1200&resize=525%2C300 1.5x, https:\/\/i0.wp.com\/www.jojoenherbe.com\/wp-content\/uploads\/2021\/07\/Villa-Marie-Frejus-scaled.jpg?fit=900%2C1200&resize=700%2C400 2x"},"classes":[]},{"id":22188,"url":"http:\/\/www.jojoenherbe.com\/index.php\/2021\/11\/07\/semaine-44-du-projet-52-2021-automne\/","url_meta":{"origin":20472,"position":2},"title":"Semaine 44 du Projet 52-2021: Automne","author":"Jojo","date":"7 novembre 2021","format":false,"excerpt":"Pour la semaine 44 du Projet 52-2021 de Du c\u00f4t\u00e9 de chez Ma', le th\u00e8me est \"Automne\". Je pioche dans mes archives avec une photo prise fin octobre 2007 pendant le tour du Mont Grazian, \u00e0 c\u00f4t\u00e9 de Sospel, dans l'arri\u00e8re-pays mentonnais. Il me reste encore aujourd'hui de cette randonn\u00e9e\u2026","rel":"","context":"Dans &quot;mini photographe&quot;","block_context":{"text":"mini photographe","link":"http:\/\/www.jojoenherbe.com\/index.php\/category\/mini-photographe\/"},"img":{"alt_text":"","src":"https:\/\/i0.wp.com\/www.jojoenherbe.com\/wp-content\/uploads\/2021\/11\/Mont-Grazian-scaled.jpg?fit=1200%2C900&resize=350%2C200","width":350,"height":200,"srcset":"https:\/\/i0.wp.com\/www.jojoenherbe.com\/wp-content\/uploads\/2021\/11\/Mont-Grazian-scaled.jpg?fit=1200%2C900&resize=350%2C200 1x, https:\/\/i0.wp.com\/www.jojoenherbe.com\/wp-content\/uploads\/2021\/11\/Mont-Grazian-scaled.jpg?fit=1200%2C900&resize=525%2C300 1.5x, https:\/\/i0.wp.com\/www.jojoenherbe.com\/wp-content\/uploads\/2021\/11\/Mont-Grazian-scaled.jpg?fit=1200%2C900&resize=700%2C400 2x, https:\/\/i0.wp.com\/www.jojoenherbe.com\/wp-content\/uploads\/2021\/11\/Mont-Grazian-scaled.jpg?fit=1200%2C900&resize=1050%2C600 3x"},"classes":[]},{"id":15311,"url":"http:\/\/www.jojoenherbe.com\/index.php\/2021\/01\/23\/semaine-3-du-projet-52-2021-hiver\/","url_meta":{"origin":20472,"position":3},"title":"Semaine 3 du Projet 52-2021: Hiver","author":"Jojo","date":"23 janvier 2021","format":false,"excerpt":"Pour la semaine 3 du Projet 52-2021 de Du c\u00f4t\u00e9 de chez Ma', le th\u00e8me est \"Hiver\". Voici une photo prise lors de notre journ\u00e9e au lac de Thorenc dimanche dernier. Comme chaque hiver, le lac \u00e9tait gel\u00e9 et il y avait suffisamment de neige, sous un ciel ensoleill\u00e9, pour\u2026","rel":"","context":"Dans &quot;mini photographe&quot;","block_context":{"text":"mini photographe","link":"http:\/\/www.jojoenherbe.com\/index.php\/category\/mini-photographe\/"},"img":{"alt_text":"","src":"https:\/\/i0.wp.com\/www.jojoenherbe.com\/wp-content\/uploads\/2021\/01\/Lac-de-Thorenc-scaled.jpg?fit=1200%2C1033&resize=350%2C200","width":350,"height":200,"srcset":"https:\/\/i0.wp.com\/www.jojoenherbe.com\/wp-content\/uploads\/2021\/01\/Lac-de-Thorenc-scaled.jpg?fit=1200%2C1033&resize=350%2C200 1x, https:\/\/i0.wp.com\/www.jojoenherbe.com\/wp-content\/uploads\/2021\/01\/Lac-de-Thorenc-scaled.jpg?fit=1200%2C1033&resize=525%2C300 1.5x, https:\/\/i0.wp.com\/www.jojoenherbe.com\/wp-content\/uploads\/2021\/01\/Lac-de-Thorenc-scaled.jpg?fit=1200%2C1033&resize=700%2C400 2x, https:\/\/i0.wp.com\/www.jojoenherbe.com\/wp-content\/uploads\/2021\/01\/Lac-de-Thorenc-scaled.jpg?fit=1200%2C1033&resize=1050%2C600 3x"},"classes":[]},{"id":19464,"url":"http:\/\/www.jojoenherbe.com\/index.php\/2021\/06\/27\/semaine-25-du-projet-52-2021-ete\/","url_meta":{"origin":20472,"position":4},"title":"Semaine 25 du Projet 52-2021: \u00c9t\u00e9","author":"Jojo","date":"27 juin 2021","format":false,"excerpt":"Pour la semaine 25 du Projet 52-2021 de Du c\u00f4t\u00e9 de chez Ma', le th\u00e8me est \"\u00c9t\u00e9\". En ce d\u00e9but estival 2021, nous reprenons nos balades avec ce week-end une journ\u00e9e \u00e0 l'\u00eele Sainte-Marguerite, apr\u00e8s 15 minutes de travers\u00e9e en bateau depuis Cannes. J'ai donc choisi une photo d'\u00e9t\u00e9 c\u00f4t\u00e9\u2026","rel":"","context":"Dans &quot;mini photographe&quot;","block_context":{"text":"mini photographe","link":"http:\/\/www.jojoenherbe.com\/index.php\/category\/mini-photographe\/"},"img":{"alt_text":"","src":"https:\/\/i0.wp.com\/www.jojoenherbe.com\/wp-content\/uploads\/2021\/06\/Ile-Sainte-Marguerite-scaled.jpg?fit=1200%2C900&resize=350%2C200","width":350,"height":200,"srcset":"https:\/\/i0.wp.com\/www.jojoenherbe.com\/wp-content\/uploads\/2021\/06\/Ile-Sainte-Marguerite-scaled.jpg?fit=1200%2C900&resize=350%2C200 1x, https:\/\/i0.wp.com\/www.jojoenherbe.com\/wp-content\/uploads\/2021\/06\/Ile-Sainte-Marguerite-scaled.jpg?fit=1200%2C900&resize=525%2C300 1.5x, https:\/\/i0.wp.com\/www.jojoenherbe.com\/wp-content\/uploads\/2021\/06\/Ile-Sainte-Marguerite-scaled.jpg?fit=1200%2C900&resize=700%2C400 2x, https:\/\/i0.wp.com\/www.jojoenherbe.com\/wp-content\/uploads\/2021\/06\/Ile-Sainte-Marguerite-scaled.jpg?fit=1200%2C900&resize=1050%2C600 3x"},"classes":[]},{"id":16274,"url":"http:\/\/www.jojoenherbe.com\/index.php\/2021\/03\/07\/semaine-9-du-projet-52-2021-un-petit-peu-de\/","url_meta":{"origin":20472,"position":5},"title":"Semaine 9 du Projet 52-2021: Un petit peu de&#8230;","author":"Jojo","date":"7 mars 2021","format":false,"excerpt":"Pour la semaine 9 du Projet 52-2021 de Du c\u00f4t\u00e9 de chez Ma', le th\u00e8me est \"Un petit peu de...\". Voici une photo d'un petit peu de notre jardini\u00e8re, les premiers crocus ayant fleuri depuis quelques jours. Il y a d'autres violets et aussi un muscari qui ont fleuri \u00e0\u2026","rel":"","context":"Dans &quot;mini photographe&quot;","block_context":{"text":"mini photographe","link":"http:\/\/www.jojoenherbe.com\/index.php\/category\/mini-photographe\/"},"img":{"alt_text":"","src":"https:\/\/i0.wp.com\/www.jojoenherbe.com\/wp-content\/uploads\/2021\/03\/fleurs-crocus-scaled.jpg?fit=1200%2C900&resize=350%2C200","width":350,"height":200,"srcset":"https:\/\/i0.wp.com\/www.jojoenherbe.com\/wp-content\/uploads\/2021\/03\/fleurs-crocus-scaled.jpg?fit=1200%2C900&resize=350%2C200 1x, https:\/\/i0.wp.com\/www.jojoenherbe.com\/wp-content\/uploads\/2021\/03\/fleurs-crocus-scaled.jpg?fit=1200%2C900&resize=525%2C300 1.5x, https:\/\/i0.wp.com\/www.jojoenherbe.com\/wp-content\/uploads\/2021\/03\/fleurs-crocus-scaled.jpg?fit=1200%2C900&resize=700%2C400 2x, https:\/\/i0.wp.com\/www.jojoenherbe.com\/wp-content\/uploads\/2021\/03\/fleurs-crocus-scaled.jpg?fit=1200%2C900&resize=1050%2C600 3x"},"classes":[]}],"_links":{"self":[{"href":"http:\/\/www.jojoenherbe.com\/index.php\/wp-json\/wp\/v2\/posts\/20472","targetHints":{"allow":["GET"]}}],"collection":[{"href":"http:\/\/www.jojoenherbe.com\/index.php\/wp-json\/wp\/v2\/posts"}],"about":[{"href":"http:\/\/www.jojoenherbe.com\/index.php\/wp-json\/wp\/v2\/types\/post"}],"author":[{"embeddable":true,"href":"http:\/\/www.jojoenherbe.com\/index.php\/wp-json\/wp\/v2\/users\/1"}],"replies":[{"embeddable":true,"href":"http:\/\/www.jojoenherbe.com\/index.php\/wp-json\/wp\/v2\/comments?post=20472"}],"version-history":[{"count":0,"href":"http:\/\/www.jojoenherbe.com\/index.php\/wp-json\/wp\/v2\/posts\/20472\/revisions"}],"wp:featuredmedia":[{"embeddable":true,"href":"http:\/\/www.jojoenherbe.com\/index.php\/wp-json\/wp\/v2\/media\/20446"}],"wp:attachment":[{"href":"http:\/\/www.jojoenherbe.com\/index.php\/wp-json\/wp\/v2\/media?parent=20472"}],"wp:term":[{"taxonomy":"category","embeddable":true,"href":"http:\/\/www.jojoenherbe.com\/index.php\/wp-json\/wp\/v2\/categories?post=20472"},{"taxonomy":"post_tag","embeddable":true,"href":"http:\/\/www.jojoenherbe.com\/index.php\/wp-json\/wp\/v2\/tags?post=20472"}],"curies":[{"name":"wp","href":"https:\/\/api.w.org\/{rel}","templated":true}]}}