{"id":20408,"date":"2021-09-02T10:06:23","date_gmt":"2021-09-02T08:06:23","guid":{"rendered":"http:\/\/www.jojoenherbe.com\/?p=20408"},"modified":"2022-04-30T17:46:24","modified_gmt":"2022-04-30T15:46:24","slug":"notre-mois-bloguesque-daout-2021","status":"publish","type":"post","link":"http:\/\/www.jojoenherbe.com\/index.php\/2021\/09\/02\/notre-mois-bloguesque-daout-2021\/","title":{"rendered":"Notre mois bloguesque d&rsquo;ao\u00fbt 2021"},"content":{"rendered":"<div id=\"attachment_20447\" style=\"width: 160px\" class=\"wp-caption alignleft\"><a href=\"https:\/\/i0.wp.com\/www.jojoenherbe.com\/wp-content\/uploads\/2021\/09\/Calanques-Saint-Aygulf-scaled.jpg\"><img data-recalc-dims=\"1\" loading=\"lazy\" decoding=\"async\" aria-describedby=\"caption-attachment-20447\" data-attachment-id=\"20447\" data-permalink=\"http:\/\/www.jojoenherbe.com\/index.php\/2021\/09\/02\/notre-mois-bloguesque-daout-2021\/calanques-saint-aygulf\/\" data-orig-file=\"https:\/\/i0.wp.com\/www.jojoenherbe.com\/wp-content\/uploads\/2021\/09\/Calanques-Saint-Aygulf-scaled.jpg?fit=2560%2C1920\" data-orig-size=\"2560,1920\" data-comments-opened=\"1\" data-image-meta=\"{&quot;aperture&quot;:&quot;3.2&quot;,&quot;credit&quot;:&quot;&quot;,&quot;camera&quot;:&quot;DSC-HX400V&quot;,&quot;caption&quot;:&quot;&quot;,&quot;created_timestamp&quot;:&quot;1629315673&quot;,&quot;copyright&quot;:&quot;&quot;,&quot;focal_length&quot;:&quot;4.3&quot;,&quot;iso&quot;:&quot;80&quot;,&quot;shutter_speed&quot;:&quot;0.025&quot;,&quot;title&quot;:&quot;&quot;,&quot;orientation&quot;:&quot;1&quot;}\" data-image-title=\"Calanques &amp;#8211; Saint-Aygulf\" data-image-description=\"\" data-image-caption=\"\" data-large-file=\"https:\/\/i0.wp.com\/www.jojoenherbe.com\/wp-content\/uploads\/2021\/09\/Calanques-Saint-Aygulf-scaled.jpg?fit=676%2C507\" class=\"wp-image-20447 size-thumbnail\" src=\"https:\/\/i0.wp.com\/www.jojoenherbe.com\/wp-content\/uploads\/2021\/09\/Calanques-Saint-Aygulf.jpg?resize=150%2C150\" alt=\"\" width=\"150\" height=\"150\" srcset=\"https:\/\/i0.wp.com\/www.jojoenherbe.com\/wp-content\/uploads\/2021\/09\/Calanques-Saint-Aygulf-scaled.jpg?resize=150%2C150 150w, https:\/\/i0.wp.com\/www.jojoenherbe.com\/wp-content\/uploads\/2021\/09\/Calanques-Saint-Aygulf-scaled.jpg?zoom=2&amp;resize=150%2C150 300w, https:\/\/i0.wp.com\/www.jojoenherbe.com\/wp-content\/uploads\/2021\/09\/Calanques-Saint-Aygulf-scaled.jpg?zoom=3&amp;resize=150%2C150 450w\" sizes=\"auto, (max-width: 150px) 100vw, 150px\" \/><\/a><p id=\"caption-attachment-20447\" class=\"wp-caption-text\">Calanques &#8211; Saint-Aygulf<\/p><\/div>\n<div id=\"attachment_19998\" style=\"width: 160px\" class=\"wp-caption alignleft\"><a href=\"https:\/\/i0.wp.com\/www.jojoenherbe.com\/wp-content\/uploads\/2021\/08\/Boreon-5-scaled.jpg\"><img data-recalc-dims=\"1\" loading=\"lazy\" decoding=\"async\" aria-describedby=\"caption-attachment-19998\" data-attachment-id=\"19998\" data-permalink=\"http:\/\/www.jojoenherbe.com\/index.php\/2021\/08\/03\/retour-au-boreon-pour-une-balade-estivale\/boreon-5-4\/\" data-orig-file=\"https:\/\/i0.wp.com\/www.jojoenherbe.com\/wp-content\/uploads\/2021\/08\/Boreon-5-scaled.jpg?fit=1920%2C2560\" data-orig-size=\"1920,2560\" data-comments-opened=\"1\" data-image-meta=\"{&quot;aperture&quot;:&quot;3.2&quot;,&quot;credit&quot;:&quot;&quot;,&quot;camera&quot;:&quot;DSC-HX400V&quot;,&quot;caption&quot;:&quot;&quot;,&quot;created_timestamp&quot;:&quot;1627822860&quot;,&quot;copyright&quot;:&quot;&quot;,&quot;focal_length&quot;:&quot;4.3&quot;,&quot;iso&quot;:&quot;80&quot;,&quot;shutter_speed&quot;:&quot;0.001&quot;,&quot;title&quot;:&quot;&quot;,&quot;orientation&quot;:&quot;1&quot;}\" data-image-title=\"Bor\u00e9on 5\" data-image-description=\"\" data-image-caption=\"\" data-large-file=\"https:\/\/i0.wp.com\/www.jojoenherbe.com\/wp-content\/uploads\/2021\/08\/Boreon-5-scaled.jpg?fit=676%2C901\" class=\"wp-image-19998 size-thumbnail\" src=\"https:\/\/i0.wp.com\/www.jojoenherbe.com\/wp-content\/uploads\/2021\/08\/Boreon-5.jpg?resize=150%2C150\" alt=\"\" width=\"150\" height=\"150\" srcset=\"https:\/\/i0.wp.com\/www.jojoenherbe.com\/wp-content\/uploads\/2021\/08\/Boreon-5-scaled.jpg?resize=150%2C150 150w, https:\/\/i0.wp.com\/www.jojoenherbe.com\/wp-content\/uploads\/2021\/08\/Boreon-5-scaled.jpg?zoom=2&amp;resize=150%2C150 300w, https:\/\/i0.wp.com\/www.jojoenherbe.com\/wp-content\/uploads\/2021\/08\/Boreon-5-scaled.jpg?zoom=3&amp;resize=150%2C150 450w\" sizes=\"auto, (max-width: 150px) 100vw, 150px\" \/><\/a><p id=\"caption-attachment-19998\" class=\"wp-caption-text\"><a href=\"http:\/\/www.jojoenherbe.com\/index.php\/2021\/08\/03\/retour-au-boreon-pour-une-balade-estivale\/\">Bor\u00e9on<\/a> &#8211; Haute-V\u00e9subie<\/p><\/div>\n<p style=\"text-align: justify;\"><em>C&rsquo;est le d\u00e9but du mois de septembre alors voici un petit retour bloguesque sur ao\u00fbt 2021, entre lectures, activit\u00e9s pour les enfants et balades au bord de l&rsquo;eau ou dans l&rsquo;arri\u00e8re-pays, dans les Alpes-Maritimes ou dans le Var (m\u00eame s&rsquo;il a fait chaud, avec une p\u00e9riode caniculaire et surtout le terrible incendie dans le Massif des Maures). <\/em><\/p>\n<div id=\"attachment_20446\" style=\"width: 160px\" class=\"wp-caption alignright\"><a href=\"https:\/\/i0.wp.com\/www.jojoenherbe.com\/wp-content\/uploads\/2021\/09\/Ecureuil-roux-scaled.jpg\"><img data-recalc-dims=\"1\" loading=\"lazy\" decoding=\"async\" aria-describedby=\"caption-attachment-20446\" data-attachment-id=\"20446\" data-permalink=\"http:\/\/www.jojoenherbe.com\/index.php\/2021\/09\/02\/notre-mois-bloguesque-daout-2021\/ecureuil-roux\/\" data-orig-file=\"https:\/\/i0.wp.com\/www.jojoenherbe.com\/wp-content\/uploads\/2021\/09\/Ecureuil-roux-scaled.jpg?fit=2560%2C1920\" data-orig-size=\"2560,1920\" data-comments-opened=\"1\" data-image-meta=\"{&quot;aperture&quot;:&quot;5.6&quot;,&quot;credit&quot;:&quot;&quot;,&quot;camera&quot;:&quot;DSC-HX400V&quot;,&quot;caption&quot;:&quot;&quot;,&quot;created_timestamp&quot;:&quot;1629025736&quot;,&quot;copyright&quot;:&quot;&quot;,&quot;focal_length&quot;:&quot;157.36&quot;,&quot;iso&quot;:&quot;800&quot;,&quot;shutter_speed&quot;:&quot;0.008&quot;,&quot;title&quot;:&quot;&quot;,&quot;orientation&quot;:&quot;1&quot;}\" data-image-title=\"Ecureuil roux\" data-image-description=\"\" data-image-caption=\"&lt;p&gt;\u00c9cureuil roux&lt;\/p&gt;\n\" data-large-file=\"https:\/\/i0.wp.com\/www.jojoenherbe.com\/wp-content\/uploads\/2021\/09\/Ecureuil-roux-scaled.jpg?fit=676%2C507\" class=\"size-thumbnail wp-image-20446\" src=\"https:\/\/i0.wp.com\/www.jojoenherbe.com\/wp-content\/uploads\/2021\/09\/Ecureuil-roux.jpg?resize=150%2C150\" alt=\"\" width=\"150\" height=\"150\" srcset=\"https:\/\/i0.wp.com\/www.jojoenherbe.com\/wp-content\/uploads\/2021\/09\/Ecureuil-roux-scaled.jpg?resize=150%2C150 150w, https:\/\/i0.wp.com\/www.jojoenherbe.com\/wp-content\/uploads\/2021\/09\/Ecureuil-roux-scaled.jpg?zoom=2&amp;resize=150%2C150 300w, https:\/\/i0.wp.com\/www.jojoenherbe.com\/wp-content\/uploads\/2021\/09\/Ecureuil-roux-scaled.jpg?zoom=3&amp;resize=150%2C150 450w\" sizes=\"auto, (max-width: 150px) 100vw, 150px\" \/><\/a><p id=\"caption-attachment-20446\" class=\"wp-caption-text\">\u00c9cureuil roux<\/p><\/div>\n<p style=\"text-align: justify;\"><em>Comme pour juillet, j&rsquo;ai \u00e9t\u00e9 moins pr\u00e9sente sur le blog, ayant privil\u00e9gi\u00e9 des billets hebdomadaires sur nos derni\u00e8res lectures. Peut-\u00eatre vais-je continuer sur ce rythme en septembre en attendant octobre et la nouvelle \u00e9dition du challenge Halloween de Lou et Hilde. J&rsquo;ai d&rsquo;ailleurs d\u00e9j\u00e0 commenc\u00e9 \u00e0 pr\u00e9parer ma future PAL halloweenesque qui sera tr\u00e8s certainement entam\u00e9e dans quelques jours&#8230;<\/em><\/p>\n<div id=\"attachment_20112\" style=\"width: 160px\" class=\"wp-caption alignleft\"><a href=\"https:\/\/i0.wp.com\/www.jojoenherbe.com\/wp-content\/uploads\/2021\/08\/Des-vagues-scaled.jpg\"><img data-recalc-dims=\"1\" loading=\"lazy\" decoding=\"async\" aria-describedby=\"caption-attachment-20112\" data-attachment-id=\"20112\" data-permalink=\"http:\/\/www.jojoenherbe.com\/index.php\/2021\/08\/06\/au-fil-des-pages-avec-des-vagues\/des-vagues-2\/\" data-orig-file=\"https:\/\/i0.wp.com\/www.jojoenherbe.com\/wp-content\/uploads\/2021\/08\/Des-vagues-scaled.jpg?fit=1920%2C2560\" data-orig-size=\"1920,2560\" data-comments-opened=\"1\" data-image-meta=\"{&quot;aperture&quot;:&quot;1.8&quot;,&quot;credit&quot;:&quot;&quot;,&quot;camera&quot;:&quot;iPhone 7&quot;,&quot;caption&quot;:&quot;&quot;,&quot;created_timestamp&quot;:&quot;1628193835&quot;,&quot;copyright&quot;:&quot;&quot;,&quot;focal_length&quot;:&quot;3.99&quot;,&quot;iso&quot;:&quot;20&quot;,&quot;shutter_speed&quot;:&quot;0.0018181818181818&quot;,&quot;title&quot;:&quot;&quot;,&quot;orientation&quot;:&quot;1&quot;}\" data-image-title=\"Des vagues\" data-image-description=\"\" data-image-caption=\"\" data-large-file=\"https:\/\/i0.wp.com\/www.jojoenherbe.com\/wp-content\/uploads\/2021\/08\/Des-vagues-scaled.jpg?fit=676%2C901\" class=\"wp-image-20112 size-thumbnail\" src=\"https:\/\/i0.wp.com\/www.jojoenherbe.com\/wp-content\/uploads\/2021\/08\/Des-vagues.jpg?resize=150%2C150\" alt=\"\" width=\"150\" height=\"150\" srcset=\"https:\/\/i0.wp.com\/www.jojoenherbe.com\/wp-content\/uploads\/2021\/08\/Des-vagues-scaled.jpg?resize=150%2C150 150w, https:\/\/i0.wp.com\/www.jojoenherbe.com\/wp-content\/uploads\/2021\/08\/Des-vagues-scaled.jpg?zoom=2&amp;resize=150%2C150 300w, https:\/\/i0.wp.com\/www.jojoenherbe.com\/wp-content\/uploads\/2021\/08\/Des-vagues-scaled.jpg?zoom=3&amp;resize=150%2C150 450w\" sizes=\"auto, (max-width: 150px) 100vw, 150px\" \/><\/a><p id=\"caption-attachment-20112\" class=\"wp-caption-text\">Saint-Jean-Cap-Ferrat<\/p><\/div>\n<p style=\"text-align: justify;\"><em><a href=\"https:\/\/i0.wp.com\/www.jojoenherbe.com\/wp-content\/uploads\/2021\/08\/Peter-Pan-Lenfant-Pan-scaled.jpg\"><img data-recalc-dims=\"1\" loading=\"lazy\" decoding=\"async\" data-attachment-id=\"20379\" data-permalink=\"http:\/\/www.jojoenherbe.com\/index.php\/2021\/09\/02\/point-lecture-hebdomadaire-4\/peter-pan-lenfant-pan\/\" data-orig-file=\"https:\/\/i0.wp.com\/www.jojoenherbe.com\/wp-content\/uploads\/2021\/08\/Peter-Pan-Lenfant-Pan-scaled.jpg?fit=1920%2C2560\" data-orig-size=\"1920,2560\" data-comments-opened=\"1\" data-image-meta=\"{&quot;aperture&quot;:&quot;2.8&quot;,&quot;credit&quot;:&quot;&quot;,&quot;camera&quot;:&quot;DSC-HX400V&quot;,&quot;caption&quot;:&quot;&quot;,&quot;created_timestamp&quot;:&quot;1630266131&quot;,&quot;copyright&quot;:&quot;&quot;,&quot;focal_length&quot;:&quot;4.3&quot;,&quot;iso&quot;:&quot;800&quot;,&quot;shutter_speed&quot;:&quot;0.066666666666667&quot;,&quot;title&quot;:&quot;&quot;,&quot;orientation&quot;:&quot;1&quot;}\" data-image-title=\"Peter Pan &amp;#8211; L&amp;rsquo;enfant Pan\" data-image-description=\"\" data-image-caption=\"\" data-large-file=\"https:\/\/i0.wp.com\/www.jojoenherbe.com\/wp-content\/uploads\/2021\/08\/Peter-Pan-Lenfant-Pan-scaled.jpg?fit=676%2C901\" class=\"alignleft size-thumbnail wp-image-20379\" src=\"https:\/\/i0.wp.com\/www.jojoenherbe.com\/wp-content\/uploads\/2021\/08\/Peter-Pan-Lenfant-Pan.jpg?resize=150%2C150\" alt=\"\" width=\"150\" height=\"150\" srcset=\"https:\/\/i0.wp.com\/www.jojoenherbe.com\/wp-content\/uploads\/2021\/08\/Peter-Pan-Lenfant-Pan-scaled.jpg?resize=150%2C150 150w, https:\/\/i0.wp.com\/www.jojoenherbe.com\/wp-content\/uploads\/2021\/08\/Peter-Pan-Lenfant-Pan-scaled.jpg?zoom=2&amp;resize=150%2C150 300w, https:\/\/i0.wp.com\/www.jojoenherbe.com\/wp-content\/uploads\/2021\/08\/Peter-Pan-Lenfant-Pan-scaled.jpg?zoom=3&amp;resize=150%2C150 450w\" sizes=\"auto, (max-width: 150px) 100vw, 150px\" \/><\/a>Nos fins d&rsquo;apr\u00e8s-midi et d\u00e9buts de soir\u00e9e se sont souvent ressembl\u00e9s en allant \u00e0 la plage pour pique-niquer, que ce soit celle de Villefranche-sur-Mer ou de Saint-Jean-Cap-Ferrat avec bien s\u00fbr des livres dans les sacs de plage.<\/em><\/p>\n<div id=\"attachment_20448\" style=\"width: 160px\" class=\"wp-caption alignright\"><a href=\"https:\/\/i0.wp.com\/www.jojoenherbe.com\/wp-content\/uploads\/2021\/09\/Base-Nature-Frejus-2-scaled.jpg\"><img data-recalc-dims=\"1\" loading=\"lazy\" decoding=\"async\" aria-describedby=\"caption-attachment-20448\" data-attachment-id=\"20448\" data-permalink=\"http:\/\/www.jojoenherbe.com\/index.php\/2021\/09\/02\/notre-mois-bloguesque-daout-2021\/base-nature-frejus-2\/\" data-orig-file=\"https:\/\/i0.wp.com\/www.jojoenherbe.com\/wp-content\/uploads\/2021\/09\/Base-Nature-Frejus-2-scaled.jpg?fit=1920%2C2560\" data-orig-size=\"1920,2560\" data-comments-opened=\"1\" data-image-meta=\"{&quot;aperture&quot;:&quot;4&quot;,&quot;credit&quot;:&quot;&quot;,&quot;camera&quot;:&quot;DSC-HX400V&quot;,&quot;caption&quot;:&quot;&quot;,&quot;created_timestamp&quot;:&quot;1629401821&quot;,&quot;copyright&quot;:&quot;&quot;,&quot;focal_length&quot;:&quot;15.64&quot;,&quot;iso&quot;:&quot;200&quot;,&quot;shutter_speed&quot;:&quot;0.01&quot;,&quot;title&quot;:&quot;&quot;,&quot;orientation&quot;:&quot;1&quot;}\" data-image-title=\"Base Nature &amp;#8211; Fr\u00e9jus 2\" data-image-description=\"\" data-image-caption=\"&lt;p&gt;Base Nature &amp;#8211; Fr\u00e9jus&lt;\/p&gt;\n\" data-large-file=\"https:\/\/i0.wp.com\/www.jojoenherbe.com\/wp-content\/uploads\/2021\/09\/Base-Nature-Frejus-2-scaled.jpg?fit=676%2C901\" class=\"size-thumbnail wp-image-20448\" src=\"https:\/\/i0.wp.com\/www.jojoenherbe.com\/wp-content\/uploads\/2021\/09\/Base-Nature-Frejus-2.jpg?resize=150%2C150\" alt=\"\" width=\"150\" height=\"150\" srcset=\"https:\/\/i0.wp.com\/www.jojoenherbe.com\/wp-content\/uploads\/2021\/09\/Base-Nature-Frejus-2-scaled.jpg?resize=150%2C150 150w, https:\/\/i0.wp.com\/www.jojoenherbe.com\/wp-content\/uploads\/2021\/09\/Base-Nature-Frejus-2-scaled.jpg?zoom=2&amp;resize=150%2C150 300w, https:\/\/i0.wp.com\/www.jojoenherbe.com\/wp-content\/uploads\/2021\/09\/Base-Nature-Frejus-2-scaled.jpg?zoom=3&amp;resize=150%2C150 450w\" sizes=\"auto, (max-width: 150px) 100vw, 150px\" \/><\/a><p id=\"caption-attachment-20448\" class=\"wp-caption-text\">Base Nature &#8211; Fr\u00e9jus<\/p><\/div>\n<p style=\"text-align: justify;\"><em><a href=\"https:\/\/i0.wp.com\/www.jojoenherbe.com\/wp-content\/uploads\/2021\/09\/Base-Nature-Frejus-scaled.jpg\"><img data-recalc-dims=\"1\" loading=\"lazy\" decoding=\"async\" data-attachment-id=\"20449\" data-permalink=\"http:\/\/www.jojoenherbe.com\/index.php\/2021\/09\/02\/notre-mois-bloguesque-daout-2021\/base-nature-frejus\/\" data-orig-file=\"https:\/\/i0.wp.com\/www.jojoenherbe.com\/wp-content\/uploads\/2021\/09\/Base-Nature-Frejus-scaled.jpg?fit=2560%2C1920\" data-orig-size=\"2560,1920\" data-comments-opened=\"1\" data-image-meta=\"{&quot;aperture&quot;:&quot;5&quot;,&quot;credit&quot;:&quot;&quot;,&quot;camera&quot;:&quot;DSC-HX400V&quot;,&quot;caption&quot;:&quot;&quot;,&quot;created_timestamp&quot;:&quot;1629401345&quot;,&quot;copyright&quot;:&quot;&quot;,&quot;focal_length&quot;:&quot;43.08&quot;,&quot;iso&quot;:&quot;80&quot;,&quot;shutter_speed&quot;:&quot;0.004&quot;,&quot;title&quot;:&quot;&quot;,&quot;orientation&quot;:&quot;1&quot;}\" data-image-title=\"Base Nature &amp;#8211; Fr\u00e9jus\" data-image-description=\"\" data-image-caption=\"\" data-large-file=\"https:\/\/i0.wp.com\/www.jojoenherbe.com\/wp-content\/uploads\/2021\/09\/Base-Nature-Frejus-scaled.jpg?fit=676%2C507\" class=\"size-thumbnail wp-image-20449 alignright\" src=\"https:\/\/i0.wp.com\/www.jojoenherbe.com\/wp-content\/uploads\/2021\/09\/Base-Nature-Frejus.jpg?resize=150%2C150\" alt=\"\" width=\"150\" height=\"150\" srcset=\"https:\/\/i0.wp.com\/www.jojoenherbe.com\/wp-content\/uploads\/2021\/09\/Base-Nature-Frejus-scaled.jpg?resize=150%2C150 150w, https:\/\/i0.wp.com\/www.jojoenherbe.com\/wp-content\/uploads\/2021\/09\/Base-Nature-Frejus-scaled.jpg?zoom=2&amp;resize=150%2C150 300w, https:\/\/i0.wp.com\/www.jojoenherbe.com\/wp-content\/uploads\/2021\/09\/Base-Nature-Frejus-scaled.jpg?zoom=3&amp;resize=150%2C150 450w\" sizes=\"auto, (max-width: 150px) 100vw, 150px\" \/><\/a>Pendant notre escale varoise, malgr\u00e9 l&rsquo;incendie heureusement bien loin de nous (nous avons senti la fum\u00e9e surtout le matin et avons vu le passage des canadairs), nous avons quand m\u00eame pu profiter des calanques et surtout de la Base Nature pour faire du v\u00e9lo et contempler la pleine lune bien rouge.<\/em><\/p>\n<p style=\"text-align: justify;\"><em>En juillet, nous avions fait le plein de nouveaux livres \u00e0 la m\u00e9diath\u00e8que, avec 84 emprunts. Nous avons presque tout fini de lire en cette fin ao\u00fbt, \u00e0 l&rsquo;exception de trois romans pour moi. Cela ne nous a pas emp\u00each\u00e9 de faire un passage \u00e0 la m\u00e9diath\u00e8que lors de notre escale varoise.<\/em><\/p>\n<p><em><strong>Voici d\u2019ailleurs mon petit bilan de participations pour ce mois d&rsquo;ao\u00fbt:<\/strong><\/em><\/p>\n<ul>\n<li style=\"text-align: justify;\"><em><strong>Challenge Petit Bac <\/strong>d\u2019Enna: les 11e et 12e lignes sont en cours<br \/>\n<\/em><\/li>\n<li style=\"text-align: justify;\"><em><strong>Challenge Contes et L\u00e9gendes <\/strong>de Bidib: 4 participations dont un billet th\u00e9matique sur Baba Yaga, le mois d&rsquo;ao\u00fbt \u00e9tant d\u00e9di\u00e9 aux contes et l\u00e9gendes slaves<br \/>\n<\/em><\/li>\n<li style=\"text-align: justify;\"><em><strong>Challenge Des livres (et des \u00e9crans) en cuisine<\/strong> de Bidib et FondantGrignote:&nbsp; 2 participations gourmandes<\/em><\/li>\n<li style=\"text-align: justify;\"><em><strong>Challenge 2021, cette ann\u00e9e sera classique<\/strong> de Blandine et Nathalie: 2 participations m\u00eame si j&rsquo;ai \u00e9galement lu <span style=\"text-decoration: underline;\">La Belle et la B\u00eate<\/span>, le mois d&rsquo;ao\u00fbt \u00e9tant d\u00e9di\u00e9 \u00e0 l&rsquo;Amour<br \/>\n<\/em><\/li>\n<li style=\"text-align: justify;\"><em><strong>Challenge Les \u00c9tapes Indiennes<\/strong> de Hilde et Blandine: 2 participations<br \/>\n<\/em><\/li>\n<li style=\"text-align: justify;\"><em><strong>Challenge A Year in England<\/strong> de Lou, Titine et Cryssilda: 1 participation<\/em><\/li>\n<li style=\"text-align: justify;\"><em><strong>Challenge British Mysteries<\/strong> de Hilde et Lou: 1 participation<\/em><\/li>\n<li style=\"text-align: justify;\"><em><strong>Challenge Lire au f\u00e9minin<\/strong> de Tiphanya: 7 participations <\/em><\/li>\n<li style=\"text-align: justify;\"><em><strong>Challenge cottagecore<\/strong> de Missycornish: 3 participations&nbsp;<\/em><\/li>\n<\/ul>\n<p style=\"text-align: justify;\"><em><a href=\"https:\/\/i0.wp.com\/www.jojoenherbe.com\/wp-content\/uploads\/2021\/09\/Crabes-scaled.jpg\"><img data-recalc-dims=\"1\" loading=\"lazy\" decoding=\"async\" data-attachment-id=\"20444\" data-permalink=\"http:\/\/www.jojoenherbe.com\/index.php\/2021\/09\/02\/notre-mois-bloguesque-daout-2021\/crabes\/\" data-orig-file=\"https:\/\/i0.wp.com\/www.jojoenherbe.com\/wp-content\/uploads\/2021\/09\/Crabes-scaled.jpg?fit=2560%2C1920\" data-orig-size=\"2560,1920\" data-comments-opened=\"1\" data-image-meta=\"{&quot;aperture&quot;:&quot;1.8&quot;,&quot;credit&quot;:&quot;&quot;,&quot;camera&quot;:&quot;iPhone 7&quot;,&quot;caption&quot;:&quot;&quot;,&quot;created_timestamp&quot;:&quot;1628271230&quot;,&quot;copyright&quot;:&quot;&quot;,&quot;focal_length&quot;:&quot;3.99&quot;,&quot;iso&quot;:&quot;80&quot;,&quot;shutter_speed&quot;:&quot;0.14285714285714&quot;,&quot;title&quot;:&quot;&quot;,&quot;orientation&quot;:&quot;1&quot;}\" data-image-title=\"Crabes\" data-image-description=\"\" data-image-caption=\"\" data-large-file=\"https:\/\/i0.wp.com\/www.jojoenherbe.com\/wp-content\/uploads\/2021\/09\/Crabes-scaled.jpg?fit=676%2C507\" class=\"alignleft size-thumbnail wp-image-20444\" src=\"https:\/\/i0.wp.com\/www.jojoenherbe.com\/wp-content\/uploads\/2021\/09\/Crabes.jpg?resize=150%2C150\" alt=\"\" width=\"150\" height=\"150\" srcset=\"https:\/\/i0.wp.com\/www.jojoenherbe.com\/wp-content\/uploads\/2021\/09\/Crabes-scaled.jpg?resize=150%2C150 150w, https:\/\/i0.wp.com\/www.jojoenherbe.com\/wp-content\/uploads\/2021\/09\/Crabes-scaled.jpg?zoom=2&amp;resize=150%2C150 300w, https:\/\/i0.wp.com\/www.jojoenherbe.com\/wp-content\/uploads\/2021\/09\/Crabes-scaled.jpg?zoom=3&amp;resize=150%2C150 450w\" sizes=\"auto, (max-width: 150px) 100vw, 150px\" \/><\/a>Outre les cahiers de vacances, nous avons fait aussi quelques activit\u00e9s manuelles et artistiques. Par exemple sur Instagram pour c&rsquo;est l&rsquo;\u00e9t\u00e9 avec <a href=\"https:\/\/www.instagram.com\/mamanfouine\/\">Maman Fouine<\/a> nous avons r\u00e9alis\u00e9 des petits crabes, m&rsquo;\u00e9tant inspir\u00e9e de <a href=\"https:\/\/www.milestory.fr\/le-crabe-en-maternelle\/\">Maman happycultrice<\/a><span class=\"\"> et <a class=\"notranslate\" tabindex=\"0\" href=\"https:\/\/www.instagram.com\/mes_tresses_charlotte\/\">@mes_tresses_charlotte<\/a> pour l\u2019id\u00e9e des crabes et de <a href=\"https:\/\/dessinemoiunehistoire.net\/graphisme-boucles-arts-visuels-ms-gs\/\">Dessine-moi une histoire<\/a> pour celle des boucles en feutres Posca que nous avons transform\u00e9es en algues. <\/span><\/em><\/p>\n<p style=\"text-align: justify;\"><em>Nous avons enfin fini le mois avec une sortie vers Aiglun, dans l&rsquo;arri\u00e8re-pays grassois et le <a href=\"http:\/\/www.jojoenherbe.com\/index.php\/2021\/08\/31\/sortie-au-canyon-du-riolan-pres-daiglun\/\">canyon du Riolan<\/a>. Place d\u00e9sormais \u00e0 la rentr\u00e9e scolaire, en rangeant nos <a href=\"http:\/\/www.jojoenherbe.com\/index.php\/2021\/06\/24\/nos-lectures-estivales-2021\/\">(re)lectures estivales<\/a> pour laisser place \u00e0 celles automnales. Bon mois de septembre!<\/em><\/p>\n","protected":false},"excerpt":{"rendered":"<p>C&rsquo;est le d\u00e9but du mois de septembre alors voici un petit retour bloguesque sur ao\u00fbt 2021, entre lectures, activit\u00e9s pour les enfants et balades au bord de l&rsquo;eau ou dans l&rsquo;arri\u00e8re-pays, dans les Alpes-Maritimes ou dans le Var (m\u00eame s&rsquo;il a fait chaud, avec une p\u00e9riode caniculaire et surtout le terrible incendie dans le Massif [&hellip;]<\/p>\n","protected":false},"author":1,"featured_media":20454,"comment_status":"open","ping_status":"open","sticky":false,"template":"","format":"standard","meta":{"jetpack_post_was_ever_published":false,"_jetpack_newsletter_access":"","_jetpack_dont_email_post_to_subs":false,"_jetpack_newsletter_tier_id":0,"_jetpack_memberships_contains_paywalled_content":false,"_jetpack_memberships_contains_paid_content":false,"footnotes":""},"categories":[128,2140,17,363],"tags":[20,22,2016,611,1085,367,2843],"class_list":["post-20408","post","type-post","status-publish","format-standard","has-post-thumbnail","hentry","category-mini-baladeur","category-mini-blogueur","category-mini-joueur","category-mini-lecteur","tag-activites-pour-les-enfants","tag-balades","tag-challenge-livresque","tag-ete","tag-lecture-adulte","tag-lecture-jeunesse","tag-mois-bloguesque","post-preview"],"jetpack_featured_media_url":"https:\/\/i0.wp.com\/www.jojoenherbe.com\/wp-content\/uploads\/2021\/09\/Notre-mois-bloguesque-aout-2021-scaled.jpg?fit=2560%2C1621","jetpack_sharing_enabled":true,"jetpack_shortlink":"https:\/\/wp.me\/p9zhGx-5ja","jetpack_likes_enabled":true,"jetpack-related-posts":[{"id":14665,"url":"http:\/\/www.jojoenherbe.com\/index.php\/2020\/12\/31\/notre-bilan-bloguesque-2020\/","url_meta":{"origin":20408,"position":0},"title":"Notre bilan bloguesque 2020","author":"Jojo","date":"31 d\u00e9cembre 2020","format":false,"excerpt":"En ce 31 d\u00e9cembre 2020 et en attendant le r\u00e9veillon du Nouvel An ce soir, Chicky Poo et Samarian nous proposent dans le cadre de leur challenge Il \u00e9tait 8 fois No\u00ebl un billet sur notre bilan 2020 et du challenge de No\u00ebl. Pour le bilan du challenge, je vous\u2026","rel":"","context":"Dans &quot;Mini blogueur&quot;","block_context":{"text":"Mini blogueur","link":"http:\/\/www.jojoenherbe.com\/index.php\/category\/mini-blogueur\/"},"img":{"alt_text":"","src":"https:\/\/i0.wp.com\/www.jojoenherbe.com\/wp-content\/uploads\/2020\/12\/Bilan-2020-scaled.jpg?fit=1200%2C1050&resize=350%2C200","width":350,"height":200,"srcset":"https:\/\/i0.wp.com\/www.jojoenherbe.com\/wp-content\/uploads\/2020\/12\/Bilan-2020-scaled.jpg?fit=1200%2C1050&resize=350%2C200 1x, https:\/\/i0.wp.com\/www.jojoenherbe.com\/wp-content\/uploads\/2020\/12\/Bilan-2020-scaled.jpg?fit=1200%2C1050&resize=525%2C300 1.5x, https:\/\/i0.wp.com\/www.jojoenherbe.com\/wp-content\/uploads\/2020\/12\/Bilan-2020-scaled.jpg?fit=1200%2C1050&resize=700%2C400 2x, https:\/\/i0.wp.com\/www.jojoenherbe.com\/wp-content\/uploads\/2020\/12\/Bilan-2020-scaled.jpg?fit=1200%2C1050&resize=1050%2C600 3x"},"classes":[]},{"id":27914,"url":"http:\/\/www.jojoenherbe.com\/index.php\/2022\/10\/01\/notre-mois-bloguesque-de-septembre-2022\/","url_meta":{"origin":20408,"position":1},"title":"Notre mois bloguesque de septembre 2022","author":"Jojo","date":"1 octobre 2022","format":false,"excerpt":"C\u2019est le premier du mois alors voici un petit retour bloguesque sur septembre 2022, un mois marquant la fin de l'\u00e9t\u00e9 et la rentr\u00e9e des classes. Laissant derri\u00e8re nous nos lectures estivales, nous nous sommes tourn\u00e9s vers celles automnales. J'ai \u00e9galement pr\u00e9par\u00e9 doucement mais s\u00fbrement nos\u00a0 lectures pour le challenge\u2026","rel":"","context":"Dans &quot;Mini blogueur&quot;","block_context":{"text":"Mini blogueur","link":"http:\/\/www.jojoenherbe.com\/index.php\/category\/mini-blogueur\/"},"img":{"alt_text":"","src":"https:\/\/i0.wp.com\/www.jojoenherbe.com\/wp-content\/uploads\/2022\/09\/Selection-Septembre-2022-scaled.jpg?fit=1200%2C906&resize=350%2C200","width":350,"height":200,"srcset":"https:\/\/i0.wp.com\/www.jojoenherbe.com\/wp-content\/uploads\/2022\/09\/Selection-Septembre-2022-scaled.jpg?fit=1200%2C906&resize=350%2C200 1x, https:\/\/i0.wp.com\/www.jojoenherbe.com\/wp-content\/uploads\/2022\/09\/Selection-Septembre-2022-scaled.jpg?fit=1200%2C906&resize=525%2C300 1.5x, https:\/\/i0.wp.com\/www.jojoenherbe.com\/wp-content\/uploads\/2022\/09\/Selection-Septembre-2022-scaled.jpg?fit=1200%2C906&resize=700%2C400 2x, https:\/\/i0.wp.com\/www.jojoenherbe.com\/wp-content\/uploads\/2022\/09\/Selection-Septembre-2022-scaled.jpg?fit=1200%2C906&resize=1050%2C600 3x"},"classes":[]},{"id":19948,"url":"http:\/\/www.jojoenherbe.com\/index.php\/2021\/08\/01\/notre-mois-bloguesque-de-juillet-2021\/","url_meta":{"origin":20408,"position":2},"title":"Notre mois bloguesque de juillet 2021","author":"Jojo","date":"1 ao\u00fbt 2021","format":false,"excerpt":"C'est le premier du mois alors voici un petit retour bloguesque sur juillet 2021. Et hasard du blog, il s'agit (d\u00e9j\u00e0) de mon milli\u00e8me billet. J'ai \u00e9t\u00e9 un peu moins pr\u00e9sente ce mois-ci sur le blog mais nous avons continu\u00e9 nos lectures et surtout nous avons recommenc\u00e9 \u00e0 balader. Juillet\u2026","rel":"","context":"Dans &quot;Mini blogueur&quot;","block_context":{"text":"Mini blogueur","link":"http:\/\/www.jojoenherbe.com\/index.php\/category\/mini-blogueur\/"},"img":{"alt_text":"","src":"https:\/\/i0.wp.com\/www.jojoenherbe.com\/wp-content\/uploads\/2021\/07\/Selection-juillet-2021-scaled.jpg?fit=1200%2C769&resize=350%2C200","width":350,"height":200,"srcset":"https:\/\/i0.wp.com\/www.jojoenherbe.com\/wp-content\/uploads\/2021\/07\/Selection-juillet-2021-scaled.jpg?fit=1200%2C769&resize=350%2C200 1x, https:\/\/i0.wp.com\/www.jojoenherbe.com\/wp-content\/uploads\/2021\/07\/Selection-juillet-2021-scaled.jpg?fit=1200%2C769&resize=525%2C300 1.5x, https:\/\/i0.wp.com\/www.jojoenherbe.com\/wp-content\/uploads\/2021\/07\/Selection-juillet-2021-scaled.jpg?fit=1200%2C769&resize=700%2C400 2x, https:\/\/i0.wp.com\/www.jojoenherbe.com\/wp-content\/uploads\/2021\/07\/Selection-juillet-2021-scaled.jpg?fit=1200%2C769&resize=1050%2C600 3x"},"classes":[]},{"id":28617,"url":"http:\/\/www.jojoenherbe.com\/index.php\/2022\/11\/01\/notre-mois-bloguesque-doctobre-2022\/","url_meta":{"origin":20408,"position":3},"title":"Notre mois bloguesque d&rsquo;octobre 2022","author":"Jojo","date":"1 novembre 2022","format":false,"excerpt":"C\u2019est le premier du mois alors voici un petit retour bloguesque sur octobre 2022 avec de nombreuses (re)lectures automnales et halloweenesques. Dans le cadre du challenge Halloween de Hilde et Lou, il y a eu de nombreux \u00e9changes conviviaux, entre les LC, ateliers cr\u00e9atifs, rendez-vous photo et un RAT Halloween\u2026","rel":"","context":"Dans &quot;Mini blogueur&quot;","block_context":{"text":"Mini blogueur","link":"http:\/\/www.jojoenherbe.com\/index.php\/category\/mini-blogueur\/"},"img":{"alt_text":"","src":"https:\/\/i0.wp.com\/www.jojoenherbe.com\/wp-content\/uploads\/2022\/10\/Selection-Octobre-2022-scaled.jpg?fit=1200%2C880&resize=350%2C200","width":350,"height":200,"srcset":"https:\/\/i0.wp.com\/www.jojoenherbe.com\/wp-content\/uploads\/2022\/10\/Selection-Octobre-2022-scaled.jpg?fit=1200%2C880&resize=350%2C200 1x, https:\/\/i0.wp.com\/www.jojoenherbe.com\/wp-content\/uploads\/2022\/10\/Selection-Octobre-2022-scaled.jpg?fit=1200%2C880&resize=525%2C300 1.5x, https:\/\/i0.wp.com\/www.jojoenherbe.com\/wp-content\/uploads\/2022\/10\/Selection-Octobre-2022-scaled.jpg?fit=1200%2C880&resize=700%2C400 2x, https:\/\/i0.wp.com\/www.jojoenherbe.com\/wp-content\/uploads\/2022\/10\/Selection-Octobre-2022-scaled.jpg?fit=1200%2C880&resize=1050%2C600 3x"},"classes":[]},{"id":22073,"url":"http:\/\/www.jojoenherbe.com\/index.php\/2021\/11\/03\/notre-mois-bloguesque-doctobre-2021\/","url_meta":{"origin":20408,"position":4},"title":"Notre mois bloguesque d&rsquo;octobre 2021","author":"Jojo","date":"3 novembre 2021","format":false,"excerpt":"C\u2019est le d\u00e9but du mois de novembre alors voici un petit retour bloguesque sur octobre 2021. Tout en continuant nos (re)lectures automnales, nous avons surtout plong\u00e9 dans des (re)lectures halloweenesques puisque depuis je participe pour la troisi\u00e8me ann\u00e9e cons\u00e9cutive au challenge Halloween de Hilde et Lou avec cette ann\u00e9e une\u2026","rel":"","context":"Dans &quot;Mini blogueur&quot;","block_context":{"text":"Mini blogueur","link":"http:\/\/www.jojoenherbe.com\/index.php\/category\/mini-blogueur\/"},"img":{"alt_text":"","src":"https:\/\/i0.wp.com\/www.jojoenherbe.com\/wp-content\/uploads\/2021\/10\/Selection-octobre-2021-scaled.jpg?fit=1200%2C706&resize=350%2C200","width":350,"height":200,"srcset":"https:\/\/i0.wp.com\/www.jojoenherbe.com\/wp-content\/uploads\/2021\/10\/Selection-octobre-2021-scaled.jpg?fit=1200%2C706&resize=350%2C200 1x, https:\/\/i0.wp.com\/www.jojoenherbe.com\/wp-content\/uploads\/2021\/10\/Selection-octobre-2021-scaled.jpg?fit=1200%2C706&resize=525%2C300 1.5x, https:\/\/i0.wp.com\/www.jojoenherbe.com\/wp-content\/uploads\/2021\/10\/Selection-octobre-2021-scaled.jpg?fit=1200%2C706&resize=700%2C400 2x, https:\/\/i0.wp.com\/www.jojoenherbe.com\/wp-content\/uploads\/2021\/10\/Selection-octobre-2021-scaled.jpg?fit=1200%2C706&resize=1050%2C600 3x"},"classes":[]},{"id":21156,"url":"http:\/\/www.jojoenherbe.com\/index.php\/2021\/10\/01\/notre-mois-bloguesque-de-septembre-2021\/","url_meta":{"origin":20408,"position":5},"title":"Notre mois bloguesque de septembre 2021","author":"Jojo","date":"1 octobre 2021","format":false,"excerpt":"C'est le d\u00e9but du mois d'octobre alors voici un petit retour bloguesque sur septembre 2021. Apr\u00e8s un mois d\u2019ao\u00fbt entre Nature et lectures, voici le temps de la rentr\u00e9e scolaire et un peu plus tard dans le mois de l\u2019automne. Nos (re)lectures estivales ont laisser place \u00e0 celles automnales. C\u00f4t\u00e9\u2026","rel":"","context":"Dans &quot;Mini blogueur&quot;","block_context":{"text":"Mini blogueur","link":"http:\/\/www.jojoenherbe.com\/index.php\/category\/mini-blogueur\/"},"img":{"alt_text":"","src":"https:\/\/i0.wp.com\/www.jojoenherbe.com\/wp-content\/uploads\/2021\/09\/Selection-septembre-2021-scaled.jpg?fit=1200%2C900&resize=350%2C200","width":350,"height":200,"srcset":"https:\/\/i0.wp.com\/www.jojoenherbe.com\/wp-content\/uploads\/2021\/09\/Selection-septembre-2021-scaled.jpg?fit=1200%2C900&resize=350%2C200 1x, https:\/\/i0.wp.com\/www.jojoenherbe.com\/wp-content\/uploads\/2021\/09\/Selection-septembre-2021-scaled.jpg?fit=1200%2C900&resize=525%2C300 1.5x, https:\/\/i0.wp.com\/www.jojoenherbe.com\/wp-content\/uploads\/2021\/09\/Selection-septembre-2021-scaled.jpg?fit=1200%2C900&resize=700%2C400 2x, https:\/\/i0.wp.com\/www.jojoenherbe.com\/wp-content\/uploads\/2021\/09\/Selection-septembre-2021-scaled.jpg?fit=1200%2C900&resize=1050%2C600 3x"},"classes":[]}],"_links":{"self":[{"href":"http:\/\/www.jojoenherbe.com\/index.php\/wp-json\/wp\/v2\/posts\/20408","targetHints":{"allow":["GET"]}}],"collection":[{"href":"http:\/\/www.jojoenherbe.com\/index.php\/wp-json\/wp\/v2\/posts"}],"about":[{"href":"http:\/\/www.jojoenherbe.com\/index.php\/wp-json\/wp\/v2\/types\/post"}],"author":[{"embeddable":true,"href":"http:\/\/www.jojoenherbe.com\/index.php\/wp-json\/wp\/v2\/users\/1"}],"replies":[{"embeddable":true,"href":"http:\/\/www.jojoenherbe.com\/index.php\/wp-json\/wp\/v2\/comments?post=20408"}],"version-history":[{"count":1,"href":"http:\/\/www.jojoenherbe.com\/index.php\/wp-json\/wp\/v2\/posts\/20408\/revisions"}],"predecessor-version":[{"id":25311,"href":"http:\/\/www.jojoenherbe.com\/index.php\/wp-json\/wp\/v2\/posts\/20408\/revisions\/25311"}],"wp:featuredmedia":[{"embeddable":true,"href":"http:\/\/www.jojoenherbe.com\/index.php\/wp-json\/wp\/v2\/media\/20454"}],"wp:attachment":[{"href":"http:\/\/www.jojoenherbe.com\/index.php\/wp-json\/wp\/v2\/media?parent=20408"}],"wp:term":[{"taxonomy":"category","embeddable":true,"href":"http:\/\/www.jojoenherbe.com\/index.php\/wp-json\/wp\/v2\/categories?post=20408"},{"taxonomy":"post_tag","embeddable":true,"href":"http:\/\/www.jojoenherbe.com\/index.php\/wp-json\/wp\/v2\/tags?post=20408"}],"curies":[{"name":"wp","href":"https:\/\/api.w.org\/{rel}","templated":true}]}}