{"id":20389,"date":"2021-08-31T11:36:48","date_gmt":"2021-08-31T09:36:48","guid":{"rendered":"http:\/\/www.jojoenherbe.com\/?p=20389"},"modified":"2021-08-31T11:36:48","modified_gmt":"2021-08-31T09:36:48","slug":"sortie-au-canyon-du-riolan-pres-daiglun","status":"publish","type":"post","link":"http:\/\/www.jojoenherbe.com\/index.php\/2021\/08\/31\/sortie-au-canyon-du-riolan-pres-daiglun\/","title":{"rendered":"Sortie au canyon du Riolan, pr\u00e8s d&rsquo;Aiglun"},"content":{"rendered":"<p style=\"text-align: justify;\"><em><a href=\"https:\/\/i0.wp.com\/www.jojoenherbe.com\/wp-content\/uploads\/2021\/08\/Canyon-du-Riolan-3-scaled.jpg\"><img data-recalc-dims=\"1\" loading=\"lazy\" decoding=\"async\" data-attachment-id=\"20394\" data-permalink=\"http:\/\/www.jojoenherbe.com\/index.php\/2021\/08\/31\/sortie-au-canyon-du-riolan-pres-daiglun\/canyon-du-riolan-3\/\" data-orig-file=\"https:\/\/i0.wp.com\/www.jojoenherbe.com\/wp-content\/uploads\/2021\/08\/Canyon-du-Riolan-3-scaled.jpg?fit=1920%2C2560\" data-orig-size=\"1920,2560\" data-comments-opened=\"1\" data-image-meta=\"{&quot;aperture&quot;:&quot;3.2&quot;,&quot;credit&quot;:&quot;&quot;,&quot;camera&quot;:&quot;DSC-HX400V&quot;,&quot;caption&quot;:&quot;&quot;,&quot;created_timestamp&quot;:&quot;1630335969&quot;,&quot;copyright&quot;:&quot;&quot;,&quot;focal_length&quot;:&quot;4.3&quot;,&quot;iso&quot;:&quot;80&quot;,&quot;shutter_speed&quot;:&quot;0.002&quot;,&quot;title&quot;:&quot;&quot;,&quot;orientation&quot;:&quot;1&quot;}\" data-image-title=\"Canyon du Riolan 3\" data-image-description=\"\" data-image-caption=\"\" data-large-file=\"https:\/\/i0.wp.com\/www.jojoenherbe.com\/wp-content\/uploads\/2021\/08\/Canyon-du-Riolan-3-scaled.jpg?fit=676%2C901\" class=\"alignleft wp-image-20394 size-thumbnail\" src=\"https:\/\/i0.wp.com\/www.jojoenherbe.com\/wp-content\/uploads\/2021\/08\/Canyon-du-Riolan-3.jpg?resize=150%2C150\" alt=\"\" width=\"150\" height=\"150\" srcset=\"https:\/\/i0.wp.com\/www.jojoenherbe.com\/wp-content\/uploads\/2021\/08\/Canyon-du-Riolan-3-scaled.jpg?resize=150%2C150 150w, https:\/\/i0.wp.com\/www.jojoenherbe.com\/wp-content\/uploads\/2021\/08\/Canyon-du-Riolan-3-scaled.jpg?zoom=2&amp;resize=150%2C150 300w, https:\/\/i0.wp.com\/www.jojoenherbe.com\/wp-content\/uploads\/2021\/08\/Canyon-du-Riolan-3-scaled.jpg?zoom=3&amp;resize=150%2C150 450w\" sizes=\"auto, (max-width: 150px) 100vw, 150px\" \/><\/a> <a href=\"https:\/\/i0.wp.com\/www.jojoenherbe.com\/wp-content\/uploads\/2021\/08\/Canyon-du-Riolan-5-scaled.jpg\"><img data-recalc-dims=\"1\" loading=\"lazy\" decoding=\"async\" data-attachment-id=\"20402\" data-permalink=\"http:\/\/www.jojoenherbe.com\/index.php\/2021\/08\/31\/sortie-au-canyon-du-riolan-pres-daiglun\/canyon-du-riolan-5\/\" data-orig-file=\"https:\/\/i0.wp.com\/www.jojoenherbe.com\/wp-content\/uploads\/2021\/08\/Canyon-du-Riolan-5-scaled.jpg?fit=2560%2C1920\" data-orig-size=\"2560,1920\" data-comments-opened=\"1\" data-image-meta=\"{&quot;aperture&quot;:&quot;4&quot;,&quot;credit&quot;:&quot;&quot;,&quot;camera&quot;:&quot;DSC-HX400V&quot;,&quot;caption&quot;:&quot;&quot;,&quot;created_timestamp&quot;:&quot;1630335924&quot;,&quot;copyright&quot;:&quot;&quot;,&quot;focal_length&quot;:&quot;16.16&quot;,&quot;iso&quot;:&quot;80&quot;,&quot;shutter_speed&quot;:&quot;0.003125&quot;,&quot;title&quot;:&quot;&quot;,&quot;orientation&quot;:&quot;1&quot;}\" data-image-title=\"Canyon du Riolan 5\" data-image-description=\"\" data-image-caption=\"\" data-large-file=\"https:\/\/i0.wp.com\/www.jojoenherbe.com\/wp-content\/uploads\/2021\/08\/Canyon-du-Riolan-5-scaled.jpg?fit=676%2C507\" class=\"alignleft size-thumbnail wp-image-20402\" src=\"https:\/\/i0.wp.com\/www.jojoenherbe.com\/wp-content\/uploads\/2021\/08\/Canyon-du-Riolan-5.jpg?resize=150%2C150\" alt=\"\" width=\"150\" height=\"150\" srcset=\"https:\/\/i0.wp.com\/www.jojoenherbe.com\/wp-content\/uploads\/2021\/08\/Canyon-du-Riolan-5-scaled.jpg?resize=150%2C150 150w, https:\/\/i0.wp.com\/www.jojoenherbe.com\/wp-content\/uploads\/2021\/08\/Canyon-du-Riolan-5-scaled.jpg?zoom=2&amp;resize=150%2C150 300w, https:\/\/i0.wp.com\/www.jojoenherbe.com\/wp-content\/uploads\/2021\/08\/Canyon-du-Riolan-5-scaled.jpg?zoom=3&amp;resize=150%2C150 450w\" sizes=\"auto, (max-width: 150px) 100vw, 150px\" \/><\/a>Le 30 ao\u00fbt 2021, nous sommes partis balader vers Aiglun et nous nous sommes arr\u00eat\u00e9s un moment \u00e0 la clue du Riolan, quelques kilom\u00e8tres un peu avant Aiglun, en venant de Roquest\u00e9ron, au niveau d&rsquo;un point d&rsquo;acc\u00e8s au parcours de canyoning. <\/em><\/p>\n<p style=\"text-align: justify;\"><em><a href=\"https:\/\/i0.wp.com\/www.jojoenherbe.com\/wp-content\/uploads\/2021\/08\/Canyon-du-Riolan-4-scaled.jpg\"><img data-recalc-dims=\"1\" loading=\"lazy\" decoding=\"async\" data-attachment-id=\"20401\" data-permalink=\"http:\/\/www.jojoenherbe.com\/index.php\/2021\/08\/31\/sortie-au-canyon-du-riolan-pres-daiglun\/canyon-du-riolan-4\/\" data-orig-file=\"https:\/\/i0.wp.com\/www.jojoenherbe.com\/wp-content\/uploads\/2021\/08\/Canyon-du-Riolan-4-scaled.jpg?fit=1920%2C2560\" data-orig-size=\"1920,2560\" data-comments-opened=\"1\" data-image-meta=\"{&quot;aperture&quot;:&quot;3.2&quot;,&quot;credit&quot;:&quot;&quot;,&quot;camera&quot;:&quot;DSC-HX400V&quot;,&quot;caption&quot;:&quot;&quot;,&quot;created_timestamp&quot;:&quot;1630335338&quot;,&quot;copyright&quot;:&quot;&quot;,&quot;focal_length&quot;:&quot;4.34&quot;,&quot;iso&quot;:&quot;80&quot;,&quot;shutter_speed&quot;:&quot;0.000625&quot;,&quot;title&quot;:&quot;&quot;,&quot;orientation&quot;:&quot;1&quot;}\" data-image-title=\"Canyon du Riolan 4\" data-image-description=\"\" data-image-caption=\"\" data-large-file=\"https:\/\/i0.wp.com\/www.jojoenherbe.com\/wp-content\/uploads\/2021\/08\/Canyon-du-Riolan-4-scaled.jpg?fit=676%2C901\" class=\"size-thumbnail wp-image-20401 alignright\" src=\"https:\/\/i0.wp.com\/www.jojoenherbe.com\/wp-content\/uploads\/2021\/08\/Canyon-du-Riolan-4.jpg?resize=150%2C150\" alt=\"\" width=\"150\" height=\"150\" srcset=\"https:\/\/i0.wp.com\/www.jojoenherbe.com\/wp-content\/uploads\/2021\/08\/Canyon-du-Riolan-4-scaled.jpg?resize=150%2C150 150w, https:\/\/i0.wp.com\/www.jojoenherbe.com\/wp-content\/uploads\/2021\/08\/Canyon-du-Riolan-4-scaled.jpg?zoom=2&amp;resize=150%2C150 300w, https:\/\/i0.wp.com\/www.jojoenherbe.com\/wp-content\/uploads\/2021\/08\/Canyon-du-Riolan-4-scaled.jpg?zoom=3&amp;resize=150%2C150 450w\" sizes=\"auto, (max-width: 150px) 100vw, 150px\" \/><\/a><a href=\"https:\/\/i0.wp.com\/www.jojoenherbe.com\/wp-content\/uploads\/2021\/08\/Canyon-du-Riolan-2-scaled.jpg\"><img data-recalc-dims=\"1\" loading=\"lazy\" decoding=\"async\" data-attachment-id=\"20393\" data-permalink=\"http:\/\/www.jojoenherbe.com\/index.php\/2021\/08\/31\/sortie-au-canyon-du-riolan-pres-daiglun\/canyon-du-riolan-2\/\" data-orig-file=\"https:\/\/i0.wp.com\/www.jojoenherbe.com\/wp-content\/uploads\/2021\/08\/Canyon-du-Riolan-2-scaled.jpg?fit=2560%2C1920\" data-orig-size=\"2560,1920\" data-comments-opened=\"1\" data-image-meta=\"{&quot;aperture&quot;:&quot;3.2&quot;,&quot;credit&quot;:&quot;&quot;,&quot;camera&quot;:&quot;DSC-HX400V&quot;,&quot;caption&quot;:&quot;&quot;,&quot;created_timestamp&quot;:&quot;1630335489&quot;,&quot;copyright&quot;:&quot;&quot;,&quot;focal_length&quot;:&quot;4.3&quot;,&quot;iso&quot;:&quot;80&quot;,&quot;shutter_speed&quot;:&quot;0.000625&quot;,&quot;title&quot;:&quot;&quot;,&quot;orientation&quot;:&quot;1&quot;}\" data-image-title=\"Canyon du Riolan 2\" data-image-description=\"\" data-image-caption=\"\" data-large-file=\"https:\/\/i0.wp.com\/www.jojoenherbe.com\/wp-content\/uploads\/2021\/08\/Canyon-du-Riolan-2-scaled.jpg?fit=676%2C507\" class=\"alignright wp-image-20393 size-thumbnail\" src=\"https:\/\/i0.wp.com\/www.jojoenherbe.com\/wp-content\/uploads\/2021\/08\/Canyon-du-Riolan-2.jpg?resize=150%2C150\" alt=\"\" width=\"150\" height=\"150\" srcset=\"https:\/\/i0.wp.com\/www.jojoenherbe.com\/wp-content\/uploads\/2021\/08\/Canyon-du-Riolan-2-scaled.jpg?resize=150%2C150 150w, https:\/\/i0.wp.com\/www.jojoenherbe.com\/wp-content\/uploads\/2021\/08\/Canyon-du-Riolan-2-scaled.jpg?zoom=2&amp;resize=150%2C150 300w, https:\/\/i0.wp.com\/www.jojoenherbe.com\/wp-content\/uploads\/2021\/08\/Canyon-du-Riolan-2-scaled.jpg?zoom=3&amp;resize=150%2C150 450w\" sizes=\"auto, (max-width: 150px) 100vw, 150px\" \/><\/a>La route pour se rendre vers Aiglun est \u00e9troite sur les dix derniers kilom\u00e8tres mais offre de beaux paysages, comme ce magnifique canyon faisant partie du parc naturel r\u00e9gional des Pr\u00e9alpes d&rsquo;Azur, dans l&rsquo;arri\u00e8re-pays grassois. Qu&rsquo;il est agr\u00e9able de s&rsquo;arr\u00eater un moment au bord de la rivi\u00e8re, \u00e0 \u00e9couter le clapotis de l&rsquo;eau! Dans le m\u00eame secteur, mais plus difficile d&rsquo;acc\u00e8s, il est possible de voir la cascade du Vegay, un sentier partant du village perch\u00e9 d&rsquo;Aiglun.\u00a0<\/em><\/p>\n<p><iframe loading=\"lazy\" style=\"border: 0;\" src=\"https:\/\/www.google.com\/maps\/embed?pb=!1m18!1m12!1m3!1d2876.456688293703!2d6.947825115710361!3d43.8670886465911!2m3!1f0!2f0!3f0!3m2!1i1024!2i768!4f13.1!3m3!1m2!1s0x12cc37c70c968bf9%3A0x605974451858aaef!2sCanyon%20du%20Riolan!5e0!3m2!1sfr!2sfr!4v1630401634045!5m2!1sfr!2sfr\" width=\"600\" height=\"450\" allowfullscreen=\"allowfullscreen\"><\/iframe><\/p>\n","protected":false},"excerpt":{"rendered":"<p>Le 30 ao\u00fbt 2021, nous sommes partis balader vers Aiglun et nous nous sommes arr\u00eat\u00e9s un moment \u00e0 la clue du Riolan, quelques kilom\u00e8tres un peu avant Aiglun, en venant de Roquest\u00e9ron, au niveau d&rsquo;un point d&rsquo;acc\u00e8s au parcours de canyoning. La route pour se rendre vers Aiglun est \u00e9troite sur les dix derniers kilom\u00e8tres [&hellip;]<\/p>\n","protected":false},"author":1,"featured_media":20395,"comment_status":"open","ping_status":"open","sticky":false,"template":"","format":"standard","meta":{"jetpack_post_was_ever_published":false,"_jetpack_newsletter_access":"","_jetpack_dont_email_post_to_subs":false,"_jetpack_newsletter_tier_id":0,"_jetpack_memberships_contains_paywalled_content":false,"_jetpack_memberships_contains_paid_content":false,"footnotes":""},"categories":[128],"tags":[2737,25,92,2740,2739,2741,2738,557,5,306,1506],"class_list":["post-20389","post","type-post","status-publish","format-standard","has-post-thumbnail","hentry","category-mini-baladeur","tag-aiglun","tag-alpes-maritimes","tag-arriere-pays-grassois","tag-canyon","tag-canyon-du-riolan","tag-canyoning","tag-clue-du-riolan","tag-clues","tag-paca","tag-parc-naturel-regional-des-prealpes-dazur","tag-region-sud","post-preview"],"jetpack_featured_media_url":"https:\/\/i0.wp.com\/www.jojoenherbe.com\/wp-content\/uploads\/2021\/08\/Canyon-du-Riolan-scaled.jpg?fit=1920%2C2560","jetpack_sharing_enabled":true,"jetpack_shortlink":"https:\/\/wp.me\/p9zhGx-5iR","jetpack_likes_enabled":true,"jetpack-related-posts":[{"id":20472,"url":"http:\/\/www.jojoenherbe.com\/index.php\/2021\/09\/04\/semaine-35-du-projet-52-2021-se-rafraichir\/","url_meta":{"origin":20389,"position":0},"title":"Semaine 35 du Projet 52-2021: (Se) rafra\u00eechir","author":"Jojo","date":"4 septembre 2021","format":false,"excerpt":"Pour la semaine 35 du Projet 52-2021 de Du c\u00f4t\u00e9 de chez Ma', le th\u00e8me est \"(Se) rafra\u00eechir\". J'aurai pu choisir une des photos prises au canyon de Riolan de lundi dernier m\u00eame si nous n'y sommes pas baign\u00e9s. Mais j'ai finalement choisi une photo d'un \u00e9cureuil roux venu boire\u2026","rel":"","context":"Dans &quot;mini photographe&quot;","block_context":{"text":"mini photographe","link":"http:\/\/www.jojoenherbe.com\/index.php\/category\/mini-photographe\/"},"img":{"alt_text":"","src":"https:\/\/i0.wp.com\/www.jojoenherbe.com\/wp-content\/uploads\/2021\/09\/Ecureuil-roux-scaled.jpg?fit=1200%2C900&resize=350%2C200","width":350,"height":200,"srcset":"https:\/\/i0.wp.com\/www.jojoenherbe.com\/wp-content\/uploads\/2021\/09\/Ecureuil-roux-scaled.jpg?fit=1200%2C900&resize=350%2C200 1x, https:\/\/i0.wp.com\/www.jojoenherbe.com\/wp-content\/uploads\/2021\/09\/Ecureuil-roux-scaled.jpg?fit=1200%2C900&resize=525%2C300 1.5x, https:\/\/i0.wp.com\/www.jojoenherbe.com\/wp-content\/uploads\/2021\/09\/Ecureuil-roux-scaled.jpg?fit=1200%2C900&resize=700%2C400 2x, https:\/\/i0.wp.com\/www.jojoenherbe.com\/wp-content\/uploads\/2021\/09\/Ecureuil-roux-scaled.jpg?fit=1200%2C900&resize=1050%2C600 3x"},"classes":[]},{"id":5760,"url":"http:\/\/www.jojoenherbe.com\/index.php\/2019\/05\/02\/a-la-decouverte-de-la-clue-de-saint-auban-en-voiture\/","url_meta":{"origin":20389,"position":1},"title":"A la d\u00e9couverte de la clue de Saint-Auban en voiture","author":"Jojo","date":"2 mai 2019","format":false,"excerpt":"En ce 1er mai 2019, nous partons \u00e0 la d\u00e9couverte des clues de Haute-Provence, dans le secteur Sud de Puget-Th\u00e9niers. Nous prenons la D2211A en direction de La Penne, petit village entour\u00e9 de prairies et dont nous apercevons au sommet un pigeonnier qui semble bien conserv\u00e9. Puis nous passons \u00e0\u2026","rel":"","context":"Dans &quot;Mini baladeur&quot;","block_context":{"text":"Mini baladeur","link":"http:\/\/www.jojoenherbe.com\/index.php\/category\/mini-crapahuteur\/mini-baladeur\/"},"img":{"alt_text":"","src":"https:\/\/i0.wp.com\/www.jojoenherbe.com\/wp-content\/uploads\/2019\/05\/Clue-de-Saint-Auban-2.jpg?fit=1200%2C900&resize=350%2C200","width":350,"height":200,"srcset":"https:\/\/i0.wp.com\/www.jojoenherbe.com\/wp-content\/uploads\/2019\/05\/Clue-de-Saint-Auban-2.jpg?fit=1200%2C900&resize=350%2C200 1x, https:\/\/i0.wp.com\/www.jojoenherbe.com\/wp-content\/uploads\/2019\/05\/Clue-de-Saint-Auban-2.jpg?fit=1200%2C900&resize=525%2C300 1.5x, https:\/\/i0.wp.com\/www.jojoenherbe.com\/wp-content\/uploads\/2019\/05\/Clue-de-Saint-Auban-2.jpg?fit=1200%2C900&resize=700%2C400 2x, https:\/\/i0.wp.com\/www.jojoenherbe.com\/wp-content\/uploads\/2019\/05\/Clue-de-Saint-Auban-2.jpg?fit=1200%2C900&resize=1050%2C600 3x"},"classes":[]},{"id":20408,"url":"http:\/\/www.jojoenherbe.com\/index.php\/2021\/09\/02\/notre-mois-bloguesque-daout-2021\/","url_meta":{"origin":20389,"position":2},"title":"Notre mois bloguesque d&rsquo;ao\u00fbt 2021","author":"Jojo","date":"2 septembre 2021","format":false,"excerpt":"C'est le d\u00e9but du mois de septembre alors voici un petit retour bloguesque sur ao\u00fbt 2021, entre lectures, activit\u00e9s pour les enfants et balades au bord de l'eau ou dans l'arri\u00e8re-pays, dans les Alpes-Maritimes ou dans le Var (m\u00eame s'il a fait chaud, avec une p\u00e9riode caniculaire et surtout le\u2026","rel":"","context":"Dans &quot;Mini baladeur&quot;","block_context":{"text":"Mini baladeur","link":"http:\/\/www.jojoenherbe.com\/index.php\/category\/mini-crapahuteur\/mini-baladeur\/"},"img":{"alt_text":"","src":"https:\/\/i0.wp.com\/www.jojoenherbe.com\/wp-content\/uploads\/2021\/09\/Notre-mois-bloguesque-aout-2021-scaled.jpg?fit=1200%2C760&resize=350%2C200","width":350,"height":200,"srcset":"https:\/\/i0.wp.com\/www.jojoenherbe.com\/wp-content\/uploads\/2021\/09\/Notre-mois-bloguesque-aout-2021-scaled.jpg?fit=1200%2C760&resize=350%2C200 1x, https:\/\/i0.wp.com\/www.jojoenherbe.com\/wp-content\/uploads\/2021\/09\/Notre-mois-bloguesque-aout-2021-scaled.jpg?fit=1200%2C760&resize=525%2C300 1.5x, https:\/\/i0.wp.com\/www.jojoenherbe.com\/wp-content\/uploads\/2021\/09\/Notre-mois-bloguesque-aout-2021-scaled.jpg?fit=1200%2C760&resize=700%2C400 2x, https:\/\/i0.wp.com\/www.jojoenherbe.com\/wp-content\/uploads\/2021\/09\/Notre-mois-bloguesque-aout-2021-scaled.jpg?fit=1200%2C760&resize=1050%2C600 3x"},"classes":[]},{"id":1998,"url":"http:\/\/www.jojoenherbe.com\/index.php\/2018\/03\/26\/les-gorges-du-cians-petite-et-grande-clues\/","url_meta":{"origin":20389,"position":3},"title":"Les Gorges du Cians &#8211; Petite et Grande Clues","author":"Jojo","date":"26 mars 2018","format":false,"excerpt":"Ce 25 mars 2018, nous passons en voiture Tou\u00ebt-sur-Var sur la D6202. A l'Ouest du village, en tournant \u00e0 droite, nous remontons la D28, apr\u00e8s avoir pass\u00e9 le fleuve Var, dont le Cians est un de ses affluents. Nous d\u00e9butons alors les Gorges du Cians passant, selon les lacets, tr\u00e8s\u2026","rel":"","context":"Dans &quot;Mini baladeur&quot;","block_context":{"text":"Mini baladeur","link":"http:\/\/www.jojoenherbe.com\/index.php\/category\/mini-crapahuteur\/mini-baladeur\/"},"img":{"alt_text":"","src":"https:\/\/i0.wp.com\/www.jojoenherbe.com\/wp-content\/uploads\/2018\/03\/Petite-Clue-du-Cians-8.jpg?fit=900%2C1200&resize=350%2C200","width":350,"height":200,"srcset":"https:\/\/i0.wp.com\/www.jojoenherbe.com\/wp-content\/uploads\/2018\/03\/Petite-Clue-du-Cians-8.jpg?fit=900%2C1200&resize=350%2C200 1x, https:\/\/i0.wp.com\/www.jojoenherbe.com\/wp-content\/uploads\/2018\/03\/Petite-Clue-du-Cians-8.jpg?fit=900%2C1200&resize=525%2C300 1.5x, https:\/\/i0.wp.com\/www.jojoenherbe.com\/wp-content\/uploads\/2018\/03\/Petite-Clue-du-Cians-8.jpg?fit=900%2C1200&resize=700%2C400 2x"},"classes":[]},{"id":1355,"url":"http:\/\/www.jojoenherbe.com\/index.php\/2015\/09\/01\/dans-le-verdon-en-voiture\/","url_meta":{"origin":20389,"position":4},"title":"Dans le Verdon en voiture","author":"Jojo","date":"1 septembre 2015","format":false,"excerpt":"Ce 30 ao\u00fbt 2015, nous nous levons t\u00f4t au camping de Sainte-Croix-du-Verdon, r\u00e9veill\u00e9s par les chants des oiseaux. Nous partons vers les Gorges du Verdon. Nous nous arr\u00eatons \u00e0 Salles-sur-Verdon pour nous renseigner aupr\u00e8s de l'Office du Tourisme et prendre un petit d\u00e9jeuner sur la terrasse d'une boulangerie de la\u2026","rel":"","context":"Dans &quot;Mini baladeur&quot;","block_context":{"text":"Mini baladeur","link":"http:\/\/www.jojoenherbe.com\/index.php\/category\/mini-crapahuteur\/mini-baladeur\/"},"img":{"alt_text":"","src":"https:\/\/i0.wp.com\/www.jojoenherbe.com\/wp-content\/uploads\/2015\/09\/Lac-de-Sainte-Croix-3.jpg?fit=1200%2C900&resize=350%2C200","width":350,"height":200,"srcset":"https:\/\/i0.wp.com\/www.jojoenherbe.com\/wp-content\/uploads\/2015\/09\/Lac-de-Sainte-Croix-3.jpg?fit=1200%2C900&resize=350%2C200 1x, https:\/\/i0.wp.com\/www.jojoenherbe.com\/wp-content\/uploads\/2015\/09\/Lac-de-Sainte-Croix-3.jpg?fit=1200%2C900&resize=525%2C300 1.5x, https:\/\/i0.wp.com\/www.jojoenherbe.com\/wp-content\/uploads\/2015\/09\/Lac-de-Sainte-Croix-3.jpg?fit=1200%2C900&resize=700%2C400 2x, https:\/\/i0.wp.com\/www.jojoenherbe.com\/wp-content\/uploads\/2015\/09\/Lac-de-Sainte-Croix-3.jpg?fit=1200%2C900&resize=1050%2C600 3x"},"classes":[]},{"id":6853,"url":"http:\/\/www.jojoenherbe.com\/index.php\/2019\/07\/25\/dans-les-gorges-du-cians\/","url_meta":{"origin":20389,"position":5},"title":"Dans les Gorges du Cians","author":"Jojo","date":"25 juillet 2019","format":false,"excerpt":"Ce 21 juillet 2019, nous allons chercher de la fra\u00eecheur dans les Gorges du Cians, apr\u00e8s une courte averse \u00e0 Roubion. Nous marchons le long des quatre sentiers am\u00e9nag\u00e9s en redescendant en voiture sur Tou\u00ebt-sur-Var. Le premier sentier permet de d\u00e9couvrir une jolie cascade. Puis nous reprenons la voiture pour\u2026","rel":"","context":"Dans &quot;Mini baladeur&quot;","block_context":{"text":"Mini baladeur","link":"http:\/\/www.jojoenherbe.com\/index.php\/category\/mini-crapahuteur\/mini-baladeur\/"},"img":{"alt_text":"","src":"https:\/\/i0.wp.com\/www.jojoenherbe.com\/wp-content\/uploads\/2019\/07\/Gorges-du-Cians-3.jpg?fit=900%2C1200&resize=350%2C200","width":350,"height":200,"srcset":"https:\/\/i0.wp.com\/www.jojoenherbe.com\/wp-content\/uploads\/2019\/07\/Gorges-du-Cians-3.jpg?fit=900%2C1200&resize=350%2C200 1x, https:\/\/i0.wp.com\/www.jojoenherbe.com\/wp-content\/uploads\/2019\/07\/Gorges-du-Cians-3.jpg?fit=900%2C1200&resize=525%2C300 1.5x, https:\/\/i0.wp.com\/www.jojoenherbe.com\/wp-content\/uploads\/2019\/07\/Gorges-du-Cians-3.jpg?fit=900%2C1200&resize=700%2C400 2x"},"classes":[]}],"_links":{"self":[{"href":"http:\/\/www.jojoenherbe.com\/index.php\/wp-json\/wp\/v2\/posts\/20389","targetHints":{"allow":["GET"]}}],"collection":[{"href":"http:\/\/www.jojoenherbe.com\/index.php\/wp-json\/wp\/v2\/posts"}],"about":[{"href":"http:\/\/www.jojoenherbe.com\/index.php\/wp-json\/wp\/v2\/types\/post"}],"author":[{"embeddable":true,"href":"http:\/\/www.jojoenherbe.com\/index.php\/wp-json\/wp\/v2\/users\/1"}],"replies":[{"embeddable":true,"href":"http:\/\/www.jojoenherbe.com\/index.php\/wp-json\/wp\/v2\/comments?post=20389"}],"version-history":[{"count":0,"href":"http:\/\/www.jojoenherbe.com\/index.php\/wp-json\/wp\/v2\/posts\/20389\/revisions"}],"wp:featuredmedia":[{"embeddable":true,"href":"http:\/\/www.jojoenherbe.com\/index.php\/wp-json\/wp\/v2\/media\/20395"}],"wp:attachment":[{"href":"http:\/\/www.jojoenherbe.com\/index.php\/wp-json\/wp\/v2\/media?parent=20389"}],"wp:term":[{"taxonomy":"category","embeddable":true,"href":"http:\/\/www.jojoenherbe.com\/index.php\/wp-json\/wp\/v2\/categories?post=20389"},{"taxonomy":"post_tag","embeddable":true,"href":"http:\/\/www.jojoenherbe.com\/index.php\/wp-json\/wp\/v2\/tags?post=20389"}],"curies":[{"name":"wp","href":"https:\/\/api.w.org\/{rel}","templated":true}]}}