{"id":20220,"date":"2021-08-12T09:54:26","date_gmt":"2021-08-12T07:54:26","guid":{"rendered":"http:\/\/www.jojoenherbe.com\/?p=20220"},"modified":"2021-08-12T09:54:26","modified_gmt":"2021-08-12T07:54:26","slug":"au-fil-des-pages-avec-pluie-dete","status":"publish","type":"post","link":"http:\/\/www.jojoenherbe.com\/index.php\/2021\/08\/12\/au-fil-des-pages-avec-pluie-dete\/","title":{"rendered":"Au fil des pages avec Pluie d&rsquo;\u00e9t\u00e9"},"content":{"rendered":"<p style=\"text-align: justify;\"><em><a href=\"https:\/\/i0.wp.com\/www.jojoenherbe.com\/wp-content\/uploads\/2021\/08\/Pluie-dete-2-scaled.jpg\"><img data-recalc-dims=\"1\" loading=\"lazy\" decoding=\"async\" data-attachment-id=\"20225\" data-permalink=\"http:\/\/www.jojoenherbe.com\/index.php\/2021\/08\/12\/au-fil-des-pages-avec-pluie-dete\/pluie-dete-2\/\" data-orig-file=\"https:\/\/i0.wp.com\/www.jojoenherbe.com\/wp-content\/uploads\/2021\/08\/Pluie-dete-2-scaled.jpg?fit=2560%2C1672\" data-orig-size=\"2560,1672\" data-comments-opened=\"1\" data-image-meta=\"{&quot;aperture&quot;:&quot;1.8&quot;,&quot;credit&quot;:&quot;&quot;,&quot;camera&quot;:&quot;iPhone 7&quot;,&quot;caption&quot;:&quot;&quot;,&quot;created_timestamp&quot;:&quot;1628681830&quot;,&quot;copyright&quot;:&quot;&quot;,&quot;focal_length&quot;:&quot;3.99&quot;,&quot;iso&quot;:&quot;100&quot;,&quot;shutter_speed&quot;:&quot;0.125&quot;,&quot;title&quot;:&quot;&quot;,&quot;orientation&quot;:&quot;1&quot;}\" data-image-title=\"Pluie d&amp;rsquo;\u00e9t\u00e9 2\" data-image-description=\"\" data-image-caption=\"\" data-large-file=\"https:\/\/i0.wp.com\/www.jojoenherbe.com\/wp-content\/uploads\/2021\/08\/Pluie-dete-2-scaled.jpg?fit=676%2C442\" class=\"alignleft size-thumbnail wp-image-20225\" src=\"https:\/\/i0.wp.com\/www.jojoenherbe.com\/wp-content\/uploads\/2021\/08\/Pluie-dete-2.jpg?resize=150%2C150\" alt=\"\" width=\"150\" height=\"150\" srcset=\"https:\/\/i0.wp.com\/www.jojoenherbe.com\/wp-content\/uploads\/2021\/08\/Pluie-dete-2-scaled.jpg?resize=150%2C150 150w, https:\/\/i0.wp.com\/www.jojoenherbe.com\/wp-content\/uploads\/2021\/08\/Pluie-dete-2-scaled.jpg?zoom=2&amp;resize=150%2C150 300w, https:\/\/i0.wp.com\/www.jojoenherbe.com\/wp-content\/uploads\/2021\/08\/Pluie-dete-2-scaled.jpg?zoom=3&amp;resize=150%2C150 450w\" sizes=\"auto, (max-width: 150px) 100vw, 150px\" \/><\/a> <a href=\"https:\/\/i0.wp.com\/www.jojoenherbe.com\/wp-content\/uploads\/2021\/08\/Pluie-dete-3-scaled.jpg\"><img data-recalc-dims=\"1\" loading=\"lazy\" decoding=\"async\" data-attachment-id=\"20226\" data-permalink=\"http:\/\/www.jojoenherbe.com\/index.php\/2021\/08\/12\/au-fil-des-pages-avec-pluie-dete\/pluie-dete-3\/\" data-orig-file=\"https:\/\/i0.wp.com\/www.jojoenherbe.com\/wp-content\/uploads\/2021\/08\/Pluie-dete-3-scaled.jpg?fit=2560%2C1657\" data-orig-size=\"2560,1657\" data-comments-opened=\"1\" data-image-meta=\"{&quot;aperture&quot;:&quot;1.8&quot;,&quot;credit&quot;:&quot;&quot;,&quot;camera&quot;:&quot;iPhone 7&quot;,&quot;caption&quot;:&quot;&quot;,&quot;created_timestamp&quot;:&quot;1628681838&quot;,&quot;copyright&quot;:&quot;&quot;,&quot;focal_length&quot;:&quot;3.99&quot;,&quot;iso&quot;:&quot;100&quot;,&quot;shutter_speed&quot;:&quot;0.125&quot;,&quot;title&quot;:&quot;&quot;,&quot;orientation&quot;:&quot;1&quot;}\" data-image-title=\"Pluie d&amp;rsquo;\u00e9t\u00e9 3\" data-image-description=\"\" data-image-caption=\"\" data-large-file=\"https:\/\/i0.wp.com\/www.jojoenherbe.com\/wp-content\/uploads\/2021\/08\/Pluie-dete-3-scaled.jpg?fit=676%2C438\" class=\"alignleft size-thumbnail wp-image-20226\" src=\"https:\/\/i0.wp.com\/www.jojoenherbe.com\/wp-content\/uploads\/2021\/08\/Pluie-dete-3.jpg?resize=150%2C150\" alt=\"\" width=\"150\" height=\"150\" srcset=\"https:\/\/i0.wp.com\/www.jojoenherbe.com\/wp-content\/uploads\/2021\/08\/Pluie-dete-3-scaled.jpg?resize=150%2C150 150w, https:\/\/i0.wp.com\/www.jojoenherbe.com\/wp-content\/uploads\/2021\/08\/Pluie-dete-3-scaled.jpg?zoom=2&amp;resize=150%2C150 300w, https:\/\/i0.wp.com\/www.jojoenherbe.com\/wp-content\/uploads\/2021\/08\/Pluie-dete-3-scaled.jpg?zoom=3&amp;resize=150%2C150 450w\" sizes=\"auto, (max-width: 150px) 100vw, 150px\" \/><\/a>Nous relisons, en cette nouvelle journ\u00e9e caniculaire, <span style=\"text-decoration: underline;\">Pluie d&rsquo;\u00e9t\u00e9<\/span> de Beno\u00eet Vi\u00e9rin (\u00e9d. du P\u00e9pin, 2003), un album jeunesse \u00e0 partir de 3 ans que j&rsquo;avais emprunt\u00e9 \u00e0 la m\u00e9diath\u00e8que apr\u00e8s avoir \u00e9t\u00e9 attir\u00e9e par l&rsquo;illustration de couverture. <\/em><em>A peine l&rsquo;\u00e9cole termin\u00e9e, deux amis, Nelle une oie et Rosario un cochon partent en vacances d&rsquo;\u00e9t\u00e9 sur leur \u00eele. Aucune pluie n&rsquo;est annonc\u00e9e. N&rsquo;\u00e9tant pas revenus sur l&rsquo;\u00eele depuis l&rsquo;\u00e9t\u00e9 pr\u00e9c\u00e9dent, la cabane a besoin d&rsquo;un bon nettoyage. Mais tr\u00e8s vite, Rosario laisse seul Nelle qui part \u00e0 sa recherche. Soudain, une averse tombe. Cette pluie inattendue perturbera-t-elle le d\u00e9but d&rsquo;\u00e9t\u00e9 des deux amis? <\/em><em>Les douces illustrations d\u00e9gagent une ambiance champ\u00eatre propice aux souvenirs de vacances. Un bon moment de lecture qui donne envie de d\u00e9guster comme les deux amis de l&rsquo;histoire des cerises!<\/em><\/p>\n<div style=\"width: 135px\" class=\"wp-caption alignleft\"><img loading=\"lazy\" decoding=\"async\" src=\"https:\/\/lh3.googleusercontent.com\/pw\/ACtC-3eIuIHfDCWnQjrbP_Gttnq9qrZJ0sCLWnTR3GjIOIiC54aYp8f1rKz8fy3EJIYJcUrzUv3KnF-YnYTE-vhMmRU8myeq_V_5OYKPelcJ6I4-bD-P1SjmJYevXt0TGhPCpROfcXeg5SJ_4KvwWeBQfvsOWw=w285-h217-no?authuser=1\" alt=\"\" width=\"125\" height=\"95\" \/><p class=\"wp-caption-text\">Challenge Petit Bac d\u2019<a href=\"https:\/\/ennalit.wordpress.com\/2020\/12\/01\/challenge-petit-bac-2021-qui-veut-jouer\/\">Enna<\/a> #11 Cat\u00e9gorie M\u00e9t\u00e9o: \u00ab\u00a0Pluie\u00a0\u00bb<\/p><\/div>\n<div style=\"width: 147px\" class=\"wp-caption alignleft\"><img loading=\"lazy\" decoding=\"async\" class=\"nonealign widthoriginal\" src=\"https:\/\/i0.wp.com\/p4.storage.canalblog.com\/40\/68\/1394281\/128273873.png?resize=137%2C99&amp;ssl=1\" alt=\"\" width=\"137\" height=\"99\" border=\"0\" data-recalc-dims=\"1\" \/><p class=\"wp-caption-text\">Participation #56 Challenge Des livres (et des \u00e9crans) en cuisine de <a href=\"https:\/\/mapetitemediatheque.fr\/2020\/12\/des-livres-et-des-ecrans-en-cuisine-2021\/\">Bidib<\/a> et <a href=\"http:\/\/croquerlespages.canalblog.com\/archives\/2020\/12\/20\/38715076.html\">Fondant<\/a> #Cerises<\/p><\/div>\n<div style=\"width: 110px\" class=\"wp-caption alignleft\"><img loading=\"lazy\" decoding=\"async\" class=\"attachment-post-image  wp-post-image\" src=\"https:\/\/i1.wp.com\/www.jojoenherbe.com\/wp-content\/uploads\/2021\/05\/challenge-cotagecore-2021-2-1.png?fit=228%2C283\" alt=\"\" width=\"100\" height=\"125\" data-attachment-id=\"18034\" data-permalink=\"http:\/\/www.jojoenherbe.com\/index.php\/2021\/05\/02\/billet-de-suivi-challenge-cottagecore-2021\/challenge-cotagecore-2021-2-1\/\" data-orig-file=\"https:\/\/i1.wp.com\/www.jojoenherbe.com\/wp-content\/uploads\/2021\/05\/challenge-cotagecore-2021-2-1.png?fit=228%2C283\" data-orig-size=\"228,283\" data-comments-opened=\"1\" data-image-meta=\"{&quot;aperture&quot;:&quot;0&quot;,&quot;credit&quot;:&quot;&quot;,&quot;camera&quot;:&quot;&quot;,&quot;caption&quot;:&quot;&quot;,&quot;created_timestamp&quot;:&quot;0&quot;,&quot;copyright&quot;:&quot;&quot;,&quot;focal_length&quot;:&quot;0&quot;,&quot;iso&quot;:&quot;0&quot;,&quot;shutter_speed&quot;:&quot;0&quot;,&quot;title&quot;:&quot;&quot;,&quot;orientation&quot;:&quot;0&quot;}\" data-image-title=\"\" data-image-description=\"\" data-medium-file=\"https:\/\/i1.wp.com\/www.jojoenherbe.com\/wp-content\/uploads\/2021\/05\/challenge-cotagecore-2021-2-1.png?fit=228%2C283\" data-large-file=\"https:\/\/i1.wp.com\/www.jojoenherbe.com\/wp-content\/uploads\/2021\/05\/challenge-cotagecore-2021-2-1.png?fit=228%2C283\" \/><p class=\"wp-caption-text\">Participation #18 au Challenge Cottagecore 2021 de <a href=\"https:\/\/artdelire.org\/challenge-cottagecore-billets-recapitulatifs\/\">MissyCornish<\/a> #R\u00eaveries au bord de l&rsquo;eau<\/p><\/div>\n","protected":false},"excerpt":{"rendered":"<p>Nous relisons, en cette nouvelle journ\u00e9e caniculaire, Pluie d&rsquo;\u00e9t\u00e9 de Beno\u00eet Vi\u00e9rin (\u00e9d. du P\u00e9pin, 2003), un album jeunesse \u00e0 partir de 3 ans que j&rsquo;avais emprunt\u00e9 \u00e0 la m\u00e9diath\u00e8que apr\u00e8s avoir \u00e9t\u00e9 attir\u00e9e par l&rsquo;illustration de couverture. A peine l&rsquo;\u00e9cole termin\u00e9e, deux amis, Nelle une oie et Rosario un cochon partent en vacances d&rsquo;\u00e9t\u00e9 [&hellip;]<\/p>\n","protected":false},"author":1,"featured_media":20223,"comment_status":"open","ping_status":"open","sticky":false,"template":"","format":"standard","meta":{"jetpack_post_was_ever_published":false,"_jetpack_newsletter_access":"","_jetpack_dont_email_post_to_subs":false,"_jetpack_newsletter_tier_id":0,"_jetpack_memberships_contains_paywalled_content":false,"_jetpack_memberships_contains_paid_content":false,"footnotes":""},"categories":[363],"tags":[785,386,2710,2711,1227,2712,2483,2018,955,2019,611,1676,1020,1134,457,697],"class_list":["post-20220","post","type-post","status-publish","format-standard","has-post-thumbnail","hentry","category-mini-lecteur","tag-3-6-ans","tag-amitie","tag-averse","tag-benoit-vierin","tag-cabane","tag-cerise","tag-challenge-cottagecore-2021","tag-challenge-petit-bac-2021","tag-cochon","tag-des-livres-et-des-ecrans-en-cuisine-2021","tag-ete","tag-ile","tag-lectures-dete","tag-oie","tag-pluie","tag-vacances","post-preview"],"jetpack_featured_media_url":"https:\/\/i0.wp.com\/www.jojoenherbe.com\/wp-content\/uploads\/2021\/08\/Pluie-dete-scaled.jpg?fit=2560%2C1828","jetpack_sharing_enabled":true,"jetpack_shortlink":"https:\/\/wp.me\/p9zhGx-5g8","jetpack_likes_enabled":true,"jetpack-related-posts":[{"id":8633,"url":"http:\/\/www.jojoenherbe.com\/index.php\/2020\/02\/03\/au-fil-des-pages-avec-le-tome-3-de-ptit-boule-bill\/","url_meta":{"origin":20220,"position":0},"title":"Au fil des pages avec le tome 3 de P&rsquo;tit Boule &#038; Bill","author":"Jojo","date":"3 f\u00e9vrier 2020","format":false,"excerpt":"Nous empruntons un nouveau tome des aventures de P'tit Boule & Bill. Il s'agit du tome 3, P'tit Boule & Bill, Cabanes de Laurence Gillot et Jose Luis Munuera, d'apr\u00e8s Jean Roba (\u00e9d. Dargaud, 2013), une bande dessin\u00e9e au format \u00e0 l'italienne pour les jeunes lecteurs\u00a0 \u00e0 partir de 3\u2026","rel":"","context":"Dans &quot;Mini lecteur&quot;","block_context":{"text":"Mini lecteur","link":"http:\/\/www.jojoenherbe.com\/index.php\/category\/mini-lecteur\/"},"img":{"alt_text":"","src":"https:\/\/i0.wp.com\/www.jojoenherbe.com\/wp-content\/uploads\/2019\/11\/Ptit-Boule-Bill-Cabanes-scaled.jpg?fit=1200%2C856&resize=350%2C200","width":350,"height":200,"srcset":"https:\/\/i0.wp.com\/www.jojoenherbe.com\/wp-content\/uploads\/2019\/11\/Ptit-Boule-Bill-Cabanes-scaled.jpg?fit=1200%2C856&resize=350%2C200 1x, https:\/\/i0.wp.com\/www.jojoenherbe.com\/wp-content\/uploads\/2019\/11\/Ptit-Boule-Bill-Cabanes-scaled.jpg?fit=1200%2C856&resize=525%2C300 1.5x, https:\/\/i0.wp.com\/www.jojoenherbe.com\/wp-content\/uploads\/2019\/11\/Ptit-Boule-Bill-Cabanes-scaled.jpg?fit=1200%2C856&resize=700%2C400 2x, https:\/\/i0.wp.com\/www.jojoenherbe.com\/wp-content\/uploads\/2019\/11\/Ptit-Boule-Bill-Cabanes-scaled.jpg?fit=1200%2C856&resize=1050%2C600 3x"},"classes":[]},{"id":18032,"url":"http:\/\/www.jojoenherbe.com\/index.php\/2021\/05\/02\/billet-de-suivi-challenge-cottagecore-2021\/","url_meta":{"origin":20220,"position":1},"title":"Billet de suivi: Challenge Cottagecore 2021","author":"Jojo","date":"2 mai 2021","format":false,"excerpt":"Du 1er mai au 30 septembre 2021, Missycornish propose un nouveau challenge sur une tendance actuelle depuis la pand\u00e9mie de Covid-19, le \u00ab cottagecore \u00bb, \u00e0 savoir un mode de vie slowlife dans une campagne id\u00e9alis\u00e9e et s\u2019inspirant de la campagne anglaise du XIXe si\u00e8cle. Pour ce challenge Cottagecore, Missycornish\u2026","rel":"","context":"Dans &quot;Mini challenger&quot;","block_context":{"text":"Mini challenger","link":"http:\/\/www.jojoenherbe.com\/index.php\/category\/mini-challenger\/"},"img":{"alt_text":"","src":"https:\/\/i0.wp.com\/www.jojoenherbe.com\/wp-content\/uploads\/2021\/05\/Nord-et-Sud-150x150.jpg?resize=350%2C200","width":350,"height":200},"classes":[]},{"id":11390,"url":"http:\/\/www.jojoenherbe.com\/index.php\/2020\/07\/02\/au-fil-des-pages-avec-bulle-dete\/","url_meta":{"origin":20220,"position":2},"title":"Au fil des pages avec Bulle d&rsquo;\u00e9t\u00e9","author":"Jojo","date":"2 juillet 2020","format":false,"excerpt":"Nous empruntons \u00e0 la m\u00e9diath\u00e8que Bulle d'\u00e9t\u00e9 de Florian Pig\u00e9 (\u00e9d. HongFei, 2019), un album jeunesse \u00e0 partir de 7 ans selon l'\u00e9diteur voire m\u00eame avant. Un jeune gar\u00e7on passe les vacances d'\u00e9t\u00e9 seul, se cr\u00e9ant sa propre bulle d'\u00e9t\u00e9 - ce temps suspendu dans les r\u00eaveries, le dessin, le\u2026","rel":"","context":"Dans &quot;Mini lecteur&quot;","block_context":{"text":"Mini lecteur","link":"http:\/\/www.jojoenherbe.com\/index.php\/category\/mini-lecteur\/"},"img":{"alt_text":"","src":"https:\/\/i0.wp.com\/www.jojoenherbe.com\/wp-content\/uploads\/2020\/07\/Bulle-d%C3%A9t%C3%A9-scaled.jpg?fit=1200%2C951&resize=350%2C200","width":350,"height":200,"srcset":"https:\/\/i0.wp.com\/www.jojoenherbe.com\/wp-content\/uploads\/2020\/07\/Bulle-d%C3%A9t%C3%A9-scaled.jpg?fit=1200%2C951&resize=350%2C200 1x, https:\/\/i0.wp.com\/www.jojoenherbe.com\/wp-content\/uploads\/2020\/07\/Bulle-d%C3%A9t%C3%A9-scaled.jpg?fit=1200%2C951&resize=525%2C300 1.5x, https:\/\/i0.wp.com\/www.jojoenherbe.com\/wp-content\/uploads\/2020\/07\/Bulle-d%C3%A9t%C3%A9-scaled.jpg?fit=1200%2C951&resize=700%2C400 2x, https:\/\/i0.wp.com\/www.jojoenherbe.com\/wp-content\/uploads\/2020\/07\/Bulle-d%C3%A9t%C3%A9-scaled.jpg?fit=1200%2C951&resize=1050%2C600 3x"},"classes":[]},{"id":17125,"url":"http:\/\/www.jojoenherbe.com\/index.php\/2021\/04\/07\/au-fil-des-pages-avec-pique-nique-sous-la-pluie\/","url_meta":{"origin":20220,"position":3},"title":"Au fil des pages avec Pique-nique sous la pluie","author":"Jojo","date":"7 avril 2021","format":false,"excerpt":"Depuis quelques semaines, nous lisons et relisons Pique-nique sous la pluie de Naokata Mase (\u00e9d. Seuil Jeunesse, 2016), un album jeunesse \u00e0 partir de 3 ans et avec des d\u00e9coupes. Un jour de pluie, une sortie scolaire est organis\u00e9e. Des enfants montent dans un car pour pique-niquer dans un vignoble.\u2026","rel":"","context":"Dans &quot;Mini lecteur&quot;","block_context":{"text":"Mini lecteur","link":"http:\/\/www.jojoenherbe.com\/index.php\/category\/mini-lecteur\/"},"img":{"alt_text":"","src":"https:\/\/i0.wp.com\/www.jojoenherbe.com\/wp-content\/uploads\/2021\/03\/Pique-nique-sous-la-pluie-scaled.jpg?fit=1200%2C900&resize=350%2C200","width":350,"height":200,"srcset":"https:\/\/i0.wp.com\/www.jojoenherbe.com\/wp-content\/uploads\/2021\/03\/Pique-nique-sous-la-pluie-scaled.jpg?fit=1200%2C900&resize=350%2C200 1x, https:\/\/i0.wp.com\/www.jojoenherbe.com\/wp-content\/uploads\/2021\/03\/Pique-nique-sous-la-pluie-scaled.jpg?fit=1200%2C900&resize=525%2C300 1.5x, https:\/\/i0.wp.com\/www.jojoenherbe.com\/wp-content\/uploads\/2021\/03\/Pique-nique-sous-la-pluie-scaled.jpg?fit=1200%2C900&resize=700%2C400 2x, https:\/\/i0.wp.com\/www.jojoenherbe.com\/wp-content\/uploads\/2021\/03\/Pique-nique-sous-la-pluie-scaled.jpg?fit=1200%2C900&resize=1050%2C600 3x"},"classes":[]},{"id":31069,"url":"http:\/\/www.jojoenherbe.com\/index.php\/2023\/06\/21\/au-fil-des-pages-avec-allons-aider-lete\/","url_meta":{"origin":20220,"position":4},"title":"Au fil des pages avec Allons aider l&rsquo;\u00e9t\u00e9","author":"Jojo","date":"21 juin 2023","format":false,"excerpt":"En ce premier jour d\u2019\u00e9t\u00e9 2023, nous avons lu Allons aider l\u2019\u00e9t\u00e9 de Laura Hedon (\u00e9d. Circonflexe, 2023, 48 pages), un album jeunesse \u00e0 partir de 5 ans. Petit-Louis le rouge-gorge et ses amis sont impatients de pouvoir partir en vacances avec l\u2019\u00c9t\u00e9. Comme chaque ann\u00e9e, ce dernier les prend\u2026","rel":"","context":"Dans &quot;Mini lecteur&quot;","block_context":{"text":"Mini lecteur","link":"http:\/\/www.jojoenherbe.com\/index.php\/category\/mini-lecteur\/"},"img":{"alt_text":"","src":"https:\/\/i0.wp.com\/www.jojoenherbe.com\/wp-content\/uploads\/2023\/06\/Allons-aider-lete-scaled.jpg?fit=1200%2C880&resize=350%2C200","width":350,"height":200,"srcset":"https:\/\/i0.wp.com\/www.jojoenherbe.com\/wp-content\/uploads\/2023\/06\/Allons-aider-lete-scaled.jpg?fit=1200%2C880&resize=350%2C200 1x, https:\/\/i0.wp.com\/www.jojoenherbe.com\/wp-content\/uploads\/2023\/06\/Allons-aider-lete-scaled.jpg?fit=1200%2C880&resize=525%2C300 1.5x, https:\/\/i0.wp.com\/www.jojoenherbe.com\/wp-content\/uploads\/2023\/06\/Allons-aider-lete-scaled.jpg?fit=1200%2C880&resize=700%2C400 2x, https:\/\/i0.wp.com\/www.jojoenherbe.com\/wp-content\/uploads\/2023\/06\/Allons-aider-lete-scaled.jpg?fit=1200%2C880&resize=1050%2C600 3x"},"classes":[]},{"id":31834,"url":"http:\/\/www.jojoenherbe.com\/index.php\/2023\/08\/27\/au-fil-des-pages-avec-une-si-belle-journee\/","url_meta":{"origin":20220,"position":5},"title":"Au fil des pages avec Une si belle journ\u00e9e!","author":"Jojo","date":"27 ao\u00fbt 2023","format":false,"excerpt":"En ce dimanche pluvieux, nous avons relu Une si belle journ\u00e9e! de Richard Jackson et Suzy Lee (\u00e9d. Kal\u00e9idoscope, diff. L\u2019\u00e9cole des loisirs, 2022), un album jeunesse \u00e0 partir de 3\/4 ans que j'avais achet\u00e9 lors de sa parution. Il pleut. Et si c\u2019\u00e9tait pourtant une belle journ\u00e9e, que ce\u2026","rel":"","context":"Dans &quot;Mini lecteur&quot;","block_context":{"text":"Mini lecteur","link":"http:\/\/www.jojoenherbe.com\/index.php\/category\/mini-lecteur\/"},"img":{"alt_text":"","src":"https:\/\/i0.wp.com\/www.jojoenherbe.com\/wp-content\/uploads\/2022\/08\/Une-si-belle-journee-scaled.jpg?fit=1200%2C978&resize=350%2C200","width":350,"height":200,"srcset":"https:\/\/i0.wp.com\/www.jojoenherbe.com\/wp-content\/uploads\/2022\/08\/Une-si-belle-journee-scaled.jpg?fit=1200%2C978&resize=350%2C200 1x, https:\/\/i0.wp.com\/www.jojoenherbe.com\/wp-content\/uploads\/2022\/08\/Une-si-belle-journee-scaled.jpg?fit=1200%2C978&resize=525%2C300 1.5x, https:\/\/i0.wp.com\/www.jojoenherbe.com\/wp-content\/uploads\/2022\/08\/Une-si-belle-journee-scaled.jpg?fit=1200%2C978&resize=700%2C400 2x, https:\/\/i0.wp.com\/www.jojoenherbe.com\/wp-content\/uploads\/2022\/08\/Une-si-belle-journee-scaled.jpg?fit=1200%2C978&resize=1050%2C600 3x"},"classes":[]}],"_links":{"self":[{"href":"http:\/\/www.jojoenherbe.com\/index.php\/wp-json\/wp\/v2\/posts\/20220","targetHints":{"allow":["GET"]}}],"collection":[{"href":"http:\/\/www.jojoenherbe.com\/index.php\/wp-json\/wp\/v2\/posts"}],"about":[{"href":"http:\/\/www.jojoenherbe.com\/index.php\/wp-json\/wp\/v2\/types\/post"}],"author":[{"embeddable":true,"href":"http:\/\/www.jojoenherbe.com\/index.php\/wp-json\/wp\/v2\/users\/1"}],"replies":[{"embeddable":true,"href":"http:\/\/www.jojoenherbe.com\/index.php\/wp-json\/wp\/v2\/comments?post=20220"}],"version-history":[{"count":0,"href":"http:\/\/www.jojoenherbe.com\/index.php\/wp-json\/wp\/v2\/posts\/20220\/revisions"}],"wp:featuredmedia":[{"embeddable":true,"href":"http:\/\/www.jojoenherbe.com\/index.php\/wp-json\/wp\/v2\/media\/20223"}],"wp:attachment":[{"href":"http:\/\/www.jojoenherbe.com\/index.php\/wp-json\/wp\/v2\/media?parent=20220"}],"wp:term":[{"taxonomy":"category","embeddable":true,"href":"http:\/\/www.jojoenherbe.com\/index.php\/wp-json\/wp\/v2\/categories?post=20220"},{"taxonomy":"post_tag","embeddable":true,"href":"http:\/\/www.jojoenherbe.com\/index.php\/wp-json\/wp\/v2\/tags?post=20220"}],"curies":[{"name":"wp","href":"https:\/\/api.w.org\/{rel}","templated":true}]}}