{"id":20162,"date":"2021-08-10T16:59:30","date_gmt":"2021-08-10T14:59:30","guid":{"rendered":"http:\/\/www.jojoenherbe.com\/?p=20162"},"modified":"2022-09-09T15:58:25","modified_gmt":"2022-09-09T13:58:25","slug":"point-lecture-hebdomadaire-1","status":"publish","type":"post","link":"http:\/\/www.jojoenherbe.com\/index.php\/2021\/08\/10\/point-lecture-hebdomadaire-1\/","title":{"rendered":"Point lecture hebdomadaire #1"},"content":{"rendered":"<p style=\"text-align: justify;\"><em>Avec ce billet, j&rsquo;inaugure un nouveau rendez-vous lecture hebdomadaire sur le blog, inspir\u00e9e par <a href=\"https:\/\/vivrelivre19.over-blog.com\/\">Blandine<\/a> avec son \u00ab\u00a0C&rsquo;est lundi, que lisez-vous\u00a0\u00bb et <a href=\"https:\/\/mapetitemediatheque.fr\/\">Bidib<\/a> avec son carnet de bord du lundi et qui y ajoute aussi ses visionnages de s\u00e9ries et\/ou de films. Depuis un moment, je songeais \u00e0 le faire \u00e0 mon tour pour parler de lectures qui feront ou pas l&rsquo;objet d&rsquo;un billet s\u00e9par\u00e9 de notre semaine pr\u00e9c\u00e9dente et en ne mentionnant pas les relectures. J&rsquo;essayerai de le r\u00e9diger chaque lundi (m\u00eame si aujourd&rsquo;hui on est mardi).<\/em><\/p>\n<p><span style=\"text-decoration: underline;\"><strong>Nos lectures du 2 au 8 ao\u00fbt 2021<\/strong><\/span><strong>:<\/strong><\/p>\n<p style=\"text-align: justify;\"><em>Comme je suis all\u00e9e samedi dernier \u00e0 la m\u00e9diath\u00e8que r\u00e9cup\u00e9rer des r\u00e9servations et emprunter de nouveaux livres, le week-end dernier nous avons lu plusieurs albums jeunesse.<\/em><\/p>\n<p style=\"text-align: justify;\"><span style=\"text-decoration: underline;\"><em>Des albums jeunesse rigolos<\/em><\/span><\/p>\n<p><a href=\"https:\/\/i0.wp.com\/www.jojoenherbe.com\/wp-content\/uploads\/2021\/08\/Albums-jeunesse-2-scaled.jpg\"><img data-recalc-dims=\"1\" loading=\"lazy\" decoding=\"async\" data-attachment-id=\"20178\" data-permalink=\"http:\/\/www.jojoenherbe.com\/index.php\/2021\/08\/10\/point-lecture-hebdomadaire-1\/albums-jeunesse-2-4\/\" data-orig-file=\"https:\/\/i0.wp.com\/www.jojoenherbe.com\/wp-content\/uploads\/2021\/08\/Albums-jeunesse-2-scaled.jpg?fit=2560%2C1579\" data-orig-size=\"2560,1579\" data-comments-opened=\"1\" data-image-meta=\"{&quot;aperture&quot;:&quot;1.8&quot;,&quot;credit&quot;:&quot;&quot;,&quot;camera&quot;:&quot;iPhone 7&quot;,&quot;caption&quot;:&quot;&quot;,&quot;created_timestamp&quot;:&quot;1628594216&quot;,&quot;copyright&quot;:&quot;&quot;,&quot;focal_length&quot;:&quot;3.99&quot;,&quot;iso&quot;:&quot;100&quot;,&quot;shutter_speed&quot;:&quot;0.2&quot;,&quot;title&quot;:&quot;&quot;,&quot;orientation&quot;:&quot;1&quot;}\" data-image-title=\"Albums jeunesse 2\" data-image-description=\"\" data-image-caption=\"\" data-large-file=\"https:\/\/i0.wp.com\/www.jojoenherbe.com\/wp-content\/uploads\/2021\/08\/Albums-jeunesse-2-scaled.jpg?fit=676%2C417\" class=\"size-medium wp-image-20178 aligncenter\" src=\"https:\/\/i0.wp.com\/www.jojoenherbe.com\/wp-content\/uploads\/2021\/08\/Albums-jeunesse-2.jpg?resize=300%2C185\" alt=\"\" width=\"300\" height=\"185\" srcset=\"https:\/\/i0.wp.com\/www.jojoenherbe.com\/wp-content\/uploads\/2021\/08\/Albums-jeunesse-2-scaled.jpg?resize=300%2C185 300w, https:\/\/i0.wp.com\/www.jojoenherbe.com\/wp-content\/uploads\/2021\/08\/Albums-jeunesse-2-scaled.jpg?resize=1024%2C632 1024w, https:\/\/i0.wp.com\/www.jojoenherbe.com\/wp-content\/uploads\/2021\/08\/Albums-jeunesse-2-scaled.jpg?resize=768%2C474 768w, https:\/\/i0.wp.com\/www.jojoenherbe.com\/wp-content\/uploads\/2021\/08\/Albums-jeunesse-2-scaled.jpg?resize=1536%2C947 1536w, https:\/\/i0.wp.com\/www.jojoenherbe.com\/wp-content\/uploads\/2021\/08\/Albums-jeunesse-2-scaled.jpg?resize=2048%2C1263 2048w, https:\/\/i0.wp.com\/www.jojoenherbe.com\/wp-content\/uploads\/2021\/08\/Albums-jeunesse-2-scaled.jpg?resize=676%2C417 676w, https:\/\/i0.wp.com\/www.jojoenherbe.com\/wp-content\/uploads\/2021\/08\/Albums-jeunesse-2-scaled.jpg?w=1352 1352w\" sizes=\"auto, (max-width: 300px) 100vw, 300px\" \/><\/a><\/p>\n<ul>\n<li><em>(Album jeunesse)\u00a0<strong><span style=\"text-decoration: underline;\">Et&#8230;<\/span><\/strong> de Philippe Jalbert<\/em><\/li>\n<\/ul>\n<p style=\"text-align: justify;\"><em>Dans la pile des albums jeunesse que nous avions emprunt\u00e9s en juillet, nous n&rsquo;avions toujours pas lu <span style=\"text-decoration: underline;\">Et&#8230;<\/span> de Philippe Jalbert (\u00e9d. Gautier-Languereau, 2018), un album jeunesse \u00e0 partir de 3 ans. Une petite fille observe un papillon sur une fleur et tend sa main. Sa m\u00e8re lui dit de ne pas toucher au papillon pour \u00e9viter un effet papillon compl\u00e8tement loufoque. Les illustrations sont color\u00e9es et le texte amusant, malgr\u00e9 un b\u00e9mol pour avoir mis dans l&rsquo;histoire des animaux du cirque. Un tr\u00e8s bon moment de lecture rigolo dont la chute appelle \u00e0 le relire, les pages de garde faisant partie de l&rsquo;histoire!<\/em><\/p>\n<ul>\n<li style=\"text-align: justify;\"><em>(Album jeunesse) <strong><span style=\"text-decoration: underline;\">C&rsquo;est \u00e0 moi!<\/span><\/strong> d&rsquo;Anuska Allepuz \u2665<\/em><\/li>\n<\/ul>\n<p style=\"text-align: justify;\"><em>Nous avons lu et relu aussi <span style=\"text-decoration: underline;\">C&rsquo;est \u00e0 moi!<\/span> d&rsquo;Anuska Allepuz (\u00e9d. Mango Jeunesse, 2018), un album jeunesse \u00e0 partir de 3\/4 ans et qui a fait partie de la s\u00e9lection Maternelle du 31\u00e8me Prix des Incos en 2020. Dans la jungle, cinq \u00e9l\u00e9phants gourmands convoitent un nouveau fruit qui a l&rsquo;air succulent mais qui se trouve en haut d&rsquo;un arbre. Chacun tente de l&rsquo;attraper seul, scandant un \u00ab\u00a0c&rsquo;est \u00e0 moi\u00a0\u00bb. Pendant ce temps-l\u00e0, cinq petites souris s&rsquo;unissent pour en partager rapidement un. De l&rsquo;humour, de l&rsquo;importance de l&rsquo;entraide et de la coop\u00e9ration et de la gourmandise! Coup de c\u0153ur pour cet album jeunesse!<\/em><\/p>\n<ul>\n<li style=\"text-align: justify;\"><em>(Album jeunesse) <strong><span style=\"text-decoration: underline;\">Des vacances timbr\u00e9es<\/span><\/strong> de Mathilde Poncet<\/em><\/li>\n<\/ul>\n<p style=\"text-align: justify;\"><em>A la m\u00e9diath\u00e8que, il y avait beaucoup de nouveaut\u00e9s mises en avant sur les tables et rayonnages (m\u00eame un tr\u00e8s hivernal). J&rsquo;ai ainsi pu emprunter <span style=\"text-decoration: underline;\">Des vacances timbr\u00e9es<\/span> de Mathilde Poncet (\u00e9d. Les fourmis rouges, 2020), un album jeunesse \u00e0 partir de 4 ans. Partie en colonie de vacances, Alice, une petite fille envoie une lettre \u00e0 sa grand-m\u00e8re.\u00a0 Le d\u00e9calage entre le texte et les illustrations est tr\u00e8s dr\u00f4le. A la fin de l&rsquo;histoire, le lecteur se fera sa propre opinion: imagination d\u00e9bordante d&rsquo;une petite fille fantasmant son s\u00e9jour estival au bord d&rsquo;un lac de montagne ou voyage fantastique dans un monde de sorci\u00e8res et animaux extraordinaires? Un tr\u00e8s bon moment de lecture invitant \u00e0 la r\u00eaverie!<\/em><\/p>\n<p style=\"text-align: justify;\"><span style=\"text-decoration: underline;\"><em>Des contes traditionnels:<\/em><\/span><\/p>\n<p style=\"text-align: justify;\"><em>Lorsque je suis all\u00e9e \u00e0 la m\u00e9diath\u00e8que samedi, outre les nouveaut\u00e9s, il y avait sur une table une s\u00e9lection d&rsquo;albums jeunesse du <a href=\"http:\/\/www.jojoenherbe.com\/index.php\/2020\/10\/25\/nos-lectures-le-petit-chaperon-rouge\/\"><span style=\"text-decoration: underline;\">Petit Chaperon rouge<\/span><\/a> dont deux que nous n&rsquo;avions pas encore lus. J&rsquo;avais \u00e9galement r\u00e9serv\u00e9 un autre conte pour le th\u00e8me \u00ab\u00a0Amour\u00a0\u00bb de ce mois-ci du challenge 2021, cette ann\u00e9e sera classique: <a href=\"http:\/\/www.jojoenherbe.com\/index.php\/2021\/09\/16\/nos-lectures-la-belle-et-la-bete\/\"><span style=\"text-decoration: underline;\">La Belle et la B\u00eate<\/span><\/a>.<\/em><\/p>\n<p><a href=\"https:\/\/i0.wp.com\/www.jojoenherbe.com\/wp-content\/uploads\/2021\/08\/Albums-jeunesse-scaled.jpg\"><img data-recalc-dims=\"1\" loading=\"lazy\" decoding=\"async\" data-attachment-id=\"20179\" data-permalink=\"http:\/\/www.jojoenherbe.com\/index.php\/2021\/08\/10\/point-lecture-hebdomadaire-1\/albums-jeunesse-9\/\" data-orig-file=\"https:\/\/i0.wp.com\/www.jojoenherbe.com\/wp-content\/uploads\/2021\/08\/Albums-jeunesse-scaled.jpg?fit=2560%2C1451\" data-orig-size=\"2560,1451\" data-comments-opened=\"1\" data-image-meta=\"{&quot;aperture&quot;:&quot;1.8&quot;,&quot;credit&quot;:&quot;&quot;,&quot;camera&quot;:&quot;iPhone 7&quot;,&quot;caption&quot;:&quot;&quot;,&quot;created_timestamp&quot;:&quot;1628594169&quot;,&quot;copyright&quot;:&quot;&quot;,&quot;focal_length&quot;:&quot;3.99&quot;,&quot;iso&quot;:&quot;100&quot;,&quot;shutter_speed&quot;:&quot;0.25&quot;,&quot;title&quot;:&quot;&quot;,&quot;orientation&quot;:&quot;1&quot;}\" data-image-title=\"Albums jeunesse\" data-image-description=\"\" data-image-caption=\"\" data-large-file=\"https:\/\/i0.wp.com\/www.jojoenherbe.com\/wp-content\/uploads\/2021\/08\/Albums-jeunesse-scaled.jpg?fit=676%2C383\" class=\"aligncenter size-medium wp-image-20179\" src=\"https:\/\/i0.wp.com\/www.jojoenherbe.com\/wp-content\/uploads\/2021\/08\/Albums-jeunesse.jpg?resize=300%2C170\" alt=\"\" width=\"300\" height=\"170\" srcset=\"https:\/\/i0.wp.com\/www.jojoenherbe.com\/wp-content\/uploads\/2021\/08\/Albums-jeunesse-scaled.jpg?resize=300%2C170 300w, https:\/\/i0.wp.com\/www.jojoenherbe.com\/wp-content\/uploads\/2021\/08\/Albums-jeunesse-scaled.jpg?resize=1024%2C580 1024w, https:\/\/i0.wp.com\/www.jojoenherbe.com\/wp-content\/uploads\/2021\/08\/Albums-jeunesse-scaled.jpg?resize=768%2C435 768w, https:\/\/i0.wp.com\/www.jojoenherbe.com\/wp-content\/uploads\/2021\/08\/Albums-jeunesse-scaled.jpg?resize=1536%2C870 1536w, https:\/\/i0.wp.com\/www.jojoenherbe.com\/wp-content\/uploads\/2021\/08\/Albums-jeunesse-scaled.jpg?resize=2048%2C1161 2048w, https:\/\/i0.wp.com\/www.jojoenherbe.com\/wp-content\/uploads\/2021\/08\/Albums-jeunesse-scaled.jpg?resize=676%2C383 676w, https:\/\/i0.wp.com\/www.jojoenherbe.com\/wp-content\/uploads\/2021\/08\/Albums-jeunesse-scaled.jpg?w=1352 1352w\" sizes=\"auto, (max-width: 300px) 100vw, 300px\" \/><\/a><\/p>\n<ul>\n<li style=\"text-align: justify;\"><em>(Album jeunesse) <strong><span style=\"text-decoration: underline;\">Le Petit Chaperon rouge<\/span><\/strong> d&rsquo;Ester Tom\u00e9 et Nadia Fabris<\/em><\/li>\n<\/ul>\n<p style=\"text-align: justify;\"><em>Nous lisons <span style=\"text-decoration: underline;\">Le Petit Chaperon rouge<\/span> d&rsquo;Ester Tom\u00e9 et Nadia Fabris (\u00e9d. Sassi Junior, 2017), un album jeunesse \u00e0 partir de 5 ans avec des d\u00e9coupes au laser. Dans cette version traditionnelle du conte, la peur est renforc\u00e9e par les d\u00e9coupes qui apportent une profondeur comme par exemple lorsque la petite fille aper\u00e7oit les yeux du loup derri\u00e8re un buisson ou lorsqu&rsquo;en parlant au loup, elle tombe dans son pi\u00e8ge de faire la course. Une bien jolie version!<br \/>\n<\/em><\/p>\n<ul style=\"text-align: justify;\">\n<li><em>(Album jeunesse) <strong><span style=\"text-decoration: underline;\">Le Petit Chaperon rouge<\/span><\/strong> de Raffaella Bertagnolio et Cl\u00e9ment Lef\u00e8vre<\/em><\/li>\n<\/ul>\n<p style=\"text-align: justify;\"><em>Nous lisons <span style=\"text-decoration: underline;\">Le Petit Chaperon rouge<\/span> de Raffaella Bertagnolio et Cl\u00e9ment Lef\u00e8vre (\u00e9d. Fleurus, 2018), un album jeunesse \u00e0 partir de 4\/5 ans et reprenant lui aussi le conte traditionnel. Le texte est d&rsquo;ailleurs tr\u00e8s proche de celui de l&rsquo;album jeunesse pr\u00e9c\u00e9dent. Dans cette version, les illustrations plus classiques jouent avec les ombres et la lumi\u00e8re et aussi sur le regard. Il est amusant de d\u00e9couvrir \u00e0 la fin que dans le ventre du loup, il n&rsquo;y a pas que la petite fille et sa grand-m\u00e8re mais d&rsquo;autres animaux aval\u00e9s par le loup. Un tr\u00e8s bon moment de lecture \u00e9galement!<br \/>\n<\/em><\/p>\n<ul>\n<li style=\"text-align: justify;\"><em>(Album jeunesse) <strong><span style=\"text-decoration: underline;\">La belle et la b\u00eate<\/span><\/strong> de Madame Leprince de Beaumont et Annette Marnat <\/em><\/li>\n<\/ul>\n<p style=\"text-align: justify;\"><em>Apr\u00e8s avoir lu <span style=\"text-decoration: underline;\">La Belle et la B\u00eate et autres contes<\/span> de Madame Leprince de Beaumont, j&rsquo;ai encha\u00een\u00e9 avec cette version illustr\u00e9e par Annette Marnat (\u00e9d. Flammarion Jeunesse, P\u00e8re Castor, 2017), un album jeunesse \u00e0 partir de 5 ans et aux magnifiques illustrations. <\/em><\/p>\n<p style=\"text-align: justify;\"><em>Un riche marchand, p\u00e8re de six enfants perd toutes ses richesses et part vivre avec eux \u00e0 la campagne. Un jour, il retourne en ville. Mais en revenant, il se perd et trouve refuge dans un ch\u00e2teau. Se souvenant que sa fille cadette, Belle lui avait demand\u00e9 une rose, il en cueille une dans le jardin du ch\u00e2teau, provoquant la col\u00e8re de son propri\u00e9taire, la B\u00eate. Le marchand l&rsquo;implore de revoir une derni\u00e8re fois ses enfants. Pour sauver son p\u00e8re, Belle accepte de vivre aupr\u00e8s de la B\u00eate, malgr\u00e9 sa peur et le d\u00e9go\u00fbt ressenti \u00e0 la vue de ce monstre. Et si les apparences \u00e9taient trompeuses?<\/em><\/p>\n<p style=\"text-align: justify;\"><em>Le trait d\u00e9licat et doux d&rsquo;Annette Marnat accompagne le texte merveilleux o\u00f9 il est question de mal\u00e9diction, d&rsquo;amour, de vertu, de jalousie et d&rsquo;apparences trompeuses.<\/em><\/p>\n<ul style=\"text-align: justify;\">\n<li><em>(Recueil de contes) <strong><span style=\"text-decoration: underline;\">La Belle et la B\u00eate et autres contes<\/span><\/strong> de Madame Leprince de Beaumont<\/em><\/li>\n<\/ul>\n<p style=\"text-align: justify;\"><em><a href=\"https:\/\/i0.wp.com\/www.jojoenherbe.com\/wp-content\/uploads\/2021\/08\/La-Belle-et-la-Bete-et-autres-contes-scaled.jpg\"><img data-recalc-dims=\"1\" loading=\"lazy\" decoding=\"async\" data-attachment-id=\"20193\" data-permalink=\"http:\/\/www.jojoenherbe.com\/index.php\/2021\/08\/10\/point-lecture-hebdomadaire-1\/la-belle-et-la-bete-et-autres-contes\/\" data-orig-file=\"https:\/\/i0.wp.com\/www.jojoenherbe.com\/wp-content\/uploads\/2021\/08\/La-Belle-et-la-Bete-et-autres-contes-scaled.jpg?fit=2560%2C1928\" data-orig-size=\"2560,1928\" data-comments-opened=\"1\" data-image-meta=\"{&quot;aperture&quot;:&quot;1.8&quot;,&quot;credit&quot;:&quot;&quot;,&quot;camera&quot;:&quot;iPhone 7&quot;,&quot;caption&quot;:&quot;&quot;,&quot;created_timestamp&quot;:&quot;1628517110&quot;,&quot;copyright&quot;:&quot;&quot;,&quot;focal_length&quot;:&quot;3.99&quot;,&quot;iso&quot;:&quot;100&quot;,&quot;shutter_speed&quot;:&quot;0.16666666666667&quot;,&quot;title&quot;:&quot;&quot;,&quot;orientation&quot;:&quot;1&quot;}\" data-image-title=\"La Belle et la B\u00eate et autres contes\" data-image-description=\"\" data-image-caption=\"\" data-large-file=\"https:\/\/i0.wp.com\/www.jojoenherbe.com\/wp-content\/uploads\/2021\/08\/La-Belle-et-la-Bete-et-autres-contes-scaled.jpg?fit=676%2C509\" class=\"alignleft wp-image-20193 size-thumbnail\" src=\"https:\/\/i0.wp.com\/www.jojoenherbe.com\/wp-content\/uploads\/2021\/08\/La-Belle-et-la-Bete-et-autres-contes.jpg?resize=150%2C150\" alt=\"\" width=\"150\" height=\"150\" srcset=\"https:\/\/i0.wp.com\/www.jojoenherbe.com\/wp-content\/uploads\/2021\/08\/La-Belle-et-la-Bete-et-autres-contes-scaled.jpg?resize=150%2C150 150w, https:\/\/i0.wp.com\/www.jojoenherbe.com\/wp-content\/uploads\/2021\/08\/La-Belle-et-la-Bete-et-autres-contes-scaled.jpg?zoom=2&amp;resize=150%2C150 300w, https:\/\/i0.wp.com\/www.jojoenherbe.com\/wp-content\/uploads\/2021\/08\/La-Belle-et-la-Bete-et-autres-contes-scaled.jpg?zoom=3&amp;resize=150%2C150 450w\" sizes=\"auto, (max-width: 150px) 100vw, 150px\" \/><\/a>Il y a quelques mois \u00e9tait pass\u00e9 \u00e0 la t\u00e9l\u00e9vision le film \u00e9ponyme de Christophe Gans de 2014 avec dans les r\u00f4les-titres L\u00e9a Seydoux et Vincent Cassel. Adolescente, j&rsquo;avais d\u00e9j\u00e0 vu deux autres adaptations: celle de Jean Cocteau de 1946 avec Jean Marais dans le r\u00f4le de la B\u00eate et aussi la version Disney de 1991. J&rsquo;ai eu envie de lire le conte originel dans sa version la plus connue, celle de Jeanne-Marie Leprince de Beaumont et parue en 1756 dans <span style=\"text-decoration: underline;\">Le magasin des enfants<\/span>, un trait\u00e9 d&rsquo;\u00e9ducation. J&rsquo;ai donc emprunt\u00e9 <span style=\"text-decoration: underline;\">La Belle et la B\u00eate et autres contes<\/span> (\u00e9d. Librio, diff. Flammrion, 2016, 79 pages), un recueil de contes courts et reprenant le texte int\u00e9gral.<\/em><\/p>\n<p style=\"text-align: justify;\"><em>Les contes qui suivent reprennent les m\u00eames th\u00e9matiques, en particulier l&rsquo;\u00e9ducation de la Vertu au sens du XVIIIe si\u00e8cle. L&rsquo;autrice \u00e9tait \u00e9galement gouvernante d&rsquo;enfants de la haute soci\u00e9t\u00e9 anglaise. Ce sont des contes moraux o\u00f9 il est question d&rsquo;\u00e9ducation des jeunes enfants &#8211; fille ou gar\u00e7on &#8211; pour les instruire au mieux selon leur temp\u00e9rament. Plusieurs des contes mettent sc\u00e8ne des jumelles comme dans <span style=\"text-decoration: underline;\">Belote et Laidronette<\/span>, la premi\u00e8re est si belle qu&rsquo;elle en oublie de cultiver son esprit et sera aid\u00e9e par sa s\u0153ur pour reconqu\u00e9rir le c\u0153ur de son \u00e9poux. Il est aussi question de distinguer l&rsquo;amour-passion, la seconde \u00e9tant \u00e0 privil\u00e9gier pour un mariage r\u00e9ussi, la beaut\u00e9 se fanant et l&rsquo;esprit perdurant. D&rsquo;autres mettent en sc\u00e8ne des jumeaux comme dans <span style=\"text-decoration: underline;\">Le prince Fatal et le prince Fortun\u00e9<\/span>, les corrections\/malheurs subis par le premier afin de rem\u00e9dier \u00e0 son mauvais caract\u00e8re de naissance tandis que le second, g\u00e2t\u00e9 par la flatterie est devenu m\u00e9chant alors qu&rsquo;il \u00e9tait n\u00e9 bon.<\/em><\/p>\n<p style=\"text-align: justify;\"><em><span style=\"text-decoration: underline;\">Et aussi des BD et des romans<\/span>:<\/em><\/p>\n<ul>\n<li style=\"text-align: justify;\"><em>(BD jeunesse) <strong><span style=\"text-decoration: underline;\">Le Ch\u00e2teau des \u00e9toiles, 1869: La conqu\u00eate de l&rsquo;espace<\/span><\/strong> d&rsquo;Alex Alice (<strong>T1<\/strong> et <strong>T2<\/strong>) \u2665<\/em><\/li>\n<\/ul>\n<p style=\"text-align: justify;\"><em><a href=\"https:\/\/i0.wp.com\/www.jojoenherbe.com\/wp-content\/uploads\/2021\/08\/Le-chateau-des-etoiles-T1-et-T2-scaled.jpg\"><img data-recalc-dims=\"1\" loading=\"lazy\" decoding=\"async\" data-attachment-id=\"20164\" data-permalink=\"http:\/\/www.jojoenherbe.com\/index.php\/2021\/08\/10\/point-lecture-hebdomadaire-1\/le-chateau-des-etoiles-t1-et-t2\/\" data-orig-file=\"https:\/\/i0.wp.com\/www.jojoenherbe.com\/wp-content\/uploads\/2021\/08\/Le-chateau-des-etoiles-T1-et-T2-scaled.jpg?fit=2560%2C1749\" data-orig-size=\"2560,1749\" data-comments-opened=\"1\" data-image-meta=\"{&quot;aperture&quot;:&quot;1.8&quot;,&quot;credit&quot;:&quot;&quot;,&quot;camera&quot;:&quot;iPhone 7&quot;,&quot;caption&quot;:&quot;&quot;,&quot;created_timestamp&quot;:&quot;1628170681&quot;,&quot;copyright&quot;:&quot;&quot;,&quot;focal_length&quot;:&quot;3.99&quot;,&quot;iso&quot;:&quot;100&quot;,&quot;shutter_speed&quot;:&quot;0.16666666666667&quot;,&quot;title&quot;:&quot;&quot;,&quot;orientation&quot;:&quot;1&quot;}\" data-image-title=\"Le ch\u00e2teau des \u00e9toiles T1 et T2\" data-image-description=\"\" data-image-caption=\"\" data-large-file=\"https:\/\/i0.wp.com\/www.jojoenherbe.com\/wp-content\/uploads\/2021\/08\/Le-chateau-des-etoiles-T1-et-T2-scaled.jpg?fit=676%2C462\" class=\"alignleft wp-image-20164 size-thumbnail\" src=\"https:\/\/i0.wp.com\/www.jojoenherbe.com\/wp-content\/uploads\/2021\/08\/Le-chateau-des-etoiles-T1-et-T2.jpg?resize=150%2C150\" alt=\"\" width=\"150\" height=\"150\" srcset=\"https:\/\/i0.wp.com\/www.jojoenherbe.com\/wp-content\/uploads\/2021\/08\/Le-chateau-des-etoiles-T1-et-T2-scaled.jpg?resize=150%2C150 150w, https:\/\/i0.wp.com\/www.jojoenherbe.com\/wp-content\/uploads\/2021\/08\/Le-chateau-des-etoiles-T1-et-T2-scaled.jpg?zoom=2&amp;resize=150%2C150 300w, https:\/\/i0.wp.com\/www.jojoenherbe.com\/wp-content\/uploads\/2021\/08\/Le-chateau-des-etoiles-T1-et-T2-scaled.jpg?zoom=3&amp;resize=150%2C150 450w\" sizes=\"auto, (max-width: 150px) 100vw, 150px\" \/><\/a>J&rsquo;ai lu ou plut\u00f4t d\u00e9vor\u00e9 les deux premiers tomes du <span style=\"text-decoration: underline;\">Ch\u00e2teau des \u00e9toiles, 1869: La conqu\u00eate de l&rsquo;espace<\/span> d&rsquo;Alex Alice (\u00e9d. Rue de S\u00e8vres, 2014 et 2015), une BD jeunesse pour les adolescents, \u00e0 partir de 12\/13 ans. <\/em><\/p>\n<p style=\"text-align: justify;\"><em>En 1868, Claire Dulac dispara\u00eet \u00e0 bord de son ballon de haute altitude en tentant de d\u00e9couvrir l&rsquo;\u00e9ther, la mati\u00e8re qui composerait l&rsquo;espace, en laissant derri\u00e8re elle son mari, un ing\u00e9nieur reconnu et leur fils, S\u00e9raphin. Un an plus tard, ces derniers re\u00e7oivent une lettre anonyme les informant que le carnet de bord de la disparue a \u00e9t\u00e9 retrouv\u00e9. Les voil\u00e0 alors partis en Bavi\u00e8re, \u00e0 la rencontre du prince de Bavi\u00e8re qui a le projet fou de construire un \u00e9thernef pour gagner l&rsquo;espace. Jeune gar\u00e7on r\u00eaveur et esp\u00e9rant le retour de sa m\u00e8re, S\u00e9raphin se lie d&rsquo;amiti\u00e9 avec deux enfants travaillant pour le Prince: Hans et Sophie. Le Prince est tellement obnubil\u00e9 par son projet qu&rsquo;il ne se rend pas compte que sa vie est en danger, un espion \u00e0 la solde de la Prusse ayant \u00e9t\u00e9 envoy\u00e9 pour le d\u00e9tr\u00f4ner. O\u00f9 le vol d&rsquo;essai de l&rsquo;\u00e9thernef emm\u00e8nera tout ce petit groupe?<br \/>\n<\/em><\/p>\n<p style=\"text-align: justify;\"><em>J&rsquo;avais d\u00e9couvert cette BD jeunesse chez <a href=\"https:\/\/vivrelivre19.over-blog.com\/2021\/07\/c-est-lundi-que-lisez-vous-355.html\">Blandine<\/a> qui venait de lire le tome 4 en juillet dernier, charm\u00e9e tant par les illustrations que l&rsquo;histoire dans une ambiance steampunk et Histoire revisit\u00e9e rappelant Jules Verne et Hayao Miyazaki (en particulier le personnage de Hans). <a href=\"https:\/\/delivrer-des-livres.fr\/le-chateau-des-etoiles-bd-jeunesse-%e2%99%a5\/\">Nathalie<\/a> avait \u00e9galement lu le mois dernier le premier tome. Et je partage leur engouement. <\/em><\/p>\n<p style=\"text-align: justify;\"><em>Il y est question d&rsquo;aventures fantastiques, d&rsquo;espionnage, d&rsquo;amiti\u00e9, de surpassement de soi avec une incroyable course aux \u00e9toiles et la d\u00e9couverte de la face cach\u00e9e de la Lune. Les illustrations sont magnifiques \u00e0 l&rsquo;image des couvertures, \u00e0 la fois r\u00e9alistes et spectaculaires comme les passages sur la Lune. Coup de c\u0153ur!<br \/>\n<\/em><\/p>\n<ul>\n<li style=\"text-align: justify;\"><em>(Romance feel good) <strong><span style=\"text-decoration: underline;\">Une saison \u00e0 la petite boulangerie<\/span><\/strong> de Jenny Colgan<\/em><\/li>\n<\/ul>\n<p style=\"text-align: justify;\"><em><a href=\"https:\/\/i0.wp.com\/www.jojoenherbe.com\/wp-content\/uploads\/2021\/08\/Une-saison-a-la-petite-boulangerie-scaled.jpg\"><img data-recalc-dims=\"1\" loading=\"lazy\" decoding=\"async\" data-attachment-id=\"20170\" data-permalink=\"http:\/\/www.jojoenherbe.com\/index.php\/2021\/08\/10\/point-lecture-hebdomadaire-1\/une-saison-a-la-petite-boulangerie\/\" data-orig-file=\"https:\/\/i0.wp.com\/www.jojoenherbe.com\/wp-content\/uploads\/2021\/08\/Une-saison-a-la-petite-boulangerie-scaled.jpg?fit=2560%2C1807\" data-orig-size=\"2560,1807\" data-comments-opened=\"1\" data-image-meta=\"{&quot;aperture&quot;:&quot;1.8&quot;,&quot;credit&quot;:&quot;&quot;,&quot;camera&quot;:&quot;iPhone 7&quot;,&quot;caption&quot;:&quot;&quot;,&quot;created_timestamp&quot;:&quot;1628533429&quot;,&quot;copyright&quot;:&quot;&quot;,&quot;focal_length&quot;:&quot;3.99&quot;,&quot;iso&quot;:&quot;100&quot;,&quot;shutter_speed&quot;:&quot;0.090909090909091&quot;,&quot;title&quot;:&quot;&quot;,&quot;orientation&quot;:&quot;1&quot;}\" data-image-title=\"Une saison \u00e0 la petite boulangerie\" data-image-description=\"\" data-image-caption=\"\" data-large-file=\"https:\/\/i0.wp.com\/www.jojoenherbe.com\/wp-content\/uploads\/2021\/08\/Une-saison-a-la-petite-boulangerie-scaled.jpg?fit=676%2C477\" class=\"alignleft size-thumbnail wp-image-20170\" src=\"https:\/\/i0.wp.com\/www.jojoenherbe.com\/wp-content\/uploads\/2021\/08\/Une-saison-a-la-petite-boulangerie.jpg?resize=150%2C150\" alt=\"\" width=\"150\" height=\"150\" srcset=\"https:\/\/i0.wp.com\/www.jojoenherbe.com\/wp-content\/uploads\/2021\/08\/Une-saison-a-la-petite-boulangerie-scaled.jpg?resize=150%2C150 150w, https:\/\/i0.wp.com\/www.jojoenherbe.com\/wp-content\/uploads\/2021\/08\/Une-saison-a-la-petite-boulangerie-scaled.jpg?zoom=2&amp;resize=150%2C150 300w, https:\/\/i0.wp.com\/www.jojoenherbe.com\/wp-content\/uploads\/2021\/08\/Une-saison-a-la-petite-boulangerie-scaled.jpg?zoom=3&amp;resize=150%2C150 450w\" sizes=\"auto, (max-width: 150px) 100vw, 150px\" \/><\/a>C\u00f4t\u00e9 adulte, j&rsquo;ai lu <span style=\"text-decoration: underline;\">Une saison \u00e0 la petite boulangerie<\/span> de Jenny Colgan (\u00e9d. Prisma, Pocket n\u00b016878, 2017, 483 pages), le tome 2 de la Petite Boulangerie o\u00f9 je retrouve l&rsquo;\u00eele de Mount Polbearne, ses habitants et son phare d\u00e9sormais habit\u00e9 par Polly Waterford, son petit ami am\u00e9ricain Huckle et Neil le macareux. Polly poursuit sa petite vie tranquille, ses journ\u00e9es \u00e9tant rythm\u00e9es par son travail \u00e0 la boulangerie. Mais le d\u00e9c\u00e8s de Mrs. Mance vient tout chambouler. L&rsquo;un de ses neveux reprend la boulangerie en privil\u00e9giant le pain industriel et renvoie Polly.<br \/>\n<\/em><\/p>\n<p style=\"text-align: justify;\"><em>La lecture du premier tome avait \u00e9t\u00e9 agr\u00e9able m\u00eame si pr\u00e9visible avec des personnages st\u00e9r\u00e9otyp\u00e9s. Mais l\u00e0, je n&rsquo;ai pas accroch\u00e9, l&rsquo;histoire reprenant le m\u00eame sch\u00e9ma narratif que le premier, m\u00eame le retour de Neil au sanctuaire des macareux et Polly apparaissant trop lisse et docile. Mais pour boucler la trilogie, je lirai quand m\u00eame le troisi\u00e8me opus, <span style=\"text-decoration: underline;\">No\u00ebl \u00e0 la petite boulangerie<\/span>.\u00a0<\/em><\/p>\n<p><strong><span style=\"text-decoration: underline;\">Ma lecture en cours<\/span>: <\/strong><\/p>\n<p style=\"text-align: justify;\"><em>(Cosy mystery) <strong><span style=\"text-decoration: underline;\">Meurtre en coulisse, une enqu\u00eate de Loveday &amp; Ryder<\/span><\/strong>, <strong>T3<\/strong> de Faith Martin (\u00e9d. Harper Collins, 2020, 284 pages). <\/em><\/p>\n<p style=\"text-align: justify;\"><em><a href=\"https:\/\/i0.wp.com\/www.jojoenherbe.com\/wp-content\/uploads\/2021\/08\/Meurtre-en-coulisse-scaled.jpg\"><img data-recalc-dims=\"1\" loading=\"lazy\" decoding=\"async\" data-attachment-id=\"20168\" data-permalink=\"http:\/\/www.jojoenherbe.com\/index.php\/2021\/08\/10\/point-lecture-hebdomadaire-1\/meurtre-en-coulisse\/\" data-orig-file=\"https:\/\/i0.wp.com\/www.jojoenherbe.com\/wp-content\/uploads\/2021\/08\/Meurtre-en-coulisse-scaled.jpg?fit=2560%2C1920\" data-orig-size=\"2560,1920\" data-comments-opened=\"1\" data-image-meta=\"{&quot;aperture&quot;:&quot;1.8&quot;,&quot;credit&quot;:&quot;&quot;,&quot;camera&quot;:&quot;iPhone 7&quot;,&quot;caption&quot;:&quot;&quot;,&quot;created_timestamp&quot;:&quot;1628532995&quot;,&quot;copyright&quot;:&quot;&quot;,&quot;focal_length&quot;:&quot;3.99&quot;,&quot;iso&quot;:&quot;100&quot;,&quot;shutter_speed&quot;:&quot;0.14285714285714&quot;,&quot;title&quot;:&quot;&quot;,&quot;orientation&quot;:&quot;1&quot;}\" data-image-title=\"Meurtre en coulisse\" data-image-description=\"\" data-image-caption=\"\" data-large-file=\"https:\/\/i0.wp.com\/www.jojoenherbe.com\/wp-content\/uploads\/2021\/08\/Meurtre-en-coulisse-scaled.jpg?fit=676%2C507\" class=\"size-thumbnail wp-image-20168 alignleft\" src=\"https:\/\/i0.wp.com\/www.jojoenherbe.com\/wp-content\/uploads\/2021\/08\/Meurtre-en-coulisse.jpg?resize=150%2C150\" alt=\"\" width=\"150\" height=\"150\" srcset=\"https:\/\/i0.wp.com\/www.jojoenherbe.com\/wp-content\/uploads\/2021\/08\/Meurtre-en-coulisse-scaled.jpg?resize=150%2C150 150w, https:\/\/i0.wp.com\/www.jojoenherbe.com\/wp-content\/uploads\/2021\/08\/Meurtre-en-coulisse-scaled.jpg?zoom=2&amp;resize=150%2C150 300w, https:\/\/i0.wp.com\/www.jojoenherbe.com\/wp-content\/uploads\/2021\/08\/Meurtre-en-coulisse-scaled.jpg?zoom=3&amp;resize=150%2C150 450w\" sizes=\"auto, (max-width: 150px) 100vw, 150px\" \/><\/a>En mars 2021, j&rsquo;avais pass\u00e9 un bon moment de lecture avec le premier tome, <a href=\"http:\/\/www.jojoenherbe.com\/index.php\/2021\/08\/25\/au-fil-des-pages-avec-le-tome-1-des-enquetes-de-loveday-ryder\/\"><span style=\"text-decoration: underline;\">Le corbeau d&rsquo;Oxford<\/span><\/a> qui voyait la formation d&rsquo;un nouveau duo d&rsquo;enqu\u00eateurs avec une jeune stagiaire de police, Trudy Loveday et un ancien chirurgien devenu coroner pour cacher sa maladie de Parkinson, le Dr. Clement Ryder. <\/em><\/p>\n<p style=\"text-align: justify;\"><em>Ma m\u00e9diath\u00e8que n&rsquo;ayant pas le tome 2, j&rsquo;ai commenc\u00e9 hier soir le tome 3 qui se d\u00e9roule en septembre 1960, \u00e0 Oxford o\u00f9 se pr\u00e9pare le premier concours de beaut\u00e9 Miss Miel sous fond de comp\u00e9tition et de rivalit\u00e9, une des participantes \u00e9tant retrouv\u00e9e morte. Trudy infiltre le concours en se faisant passer pour une pr\u00e9tendante au titre tandis que le Dr. Ryder rejoint le jury. Ils devront d\u00e9terminer si la jeune fille a \u00e9t\u00e9 empoisonn\u00e9e ou non, d&rsquo;autant que des incidents ont lieu pendant les r\u00e9p\u00e9titions comme des pots de cr\u00e8me trafiqu\u00e9s, des fils tendus entre les marches&#8230;<\/em><\/p>\n<p><strong><span style=\"text-decoration: underline;\">Nos prochaines lectures envisag\u00e9es<\/span>:<\/strong><\/p>\n<p><a href=\"https:\/\/i0.wp.com\/www.jojoenherbe.com\/wp-content\/uploads\/2021\/08\/Selection-lecture-scaled.jpg\"><img data-recalc-dims=\"1\" loading=\"lazy\" decoding=\"async\" data-attachment-id=\"20166\" data-permalink=\"http:\/\/www.jojoenherbe.com\/index.php\/2021\/08\/10\/point-lecture-hebdomadaire-1\/selection-lecture\/\" data-orig-file=\"https:\/\/i0.wp.com\/www.jojoenherbe.com\/wp-content\/uploads\/2021\/08\/Selection-lecture-scaled.jpg?fit=2560%2C1604\" data-orig-size=\"2560,1604\" data-comments-opened=\"1\" data-image-meta=\"{&quot;aperture&quot;:&quot;1.8&quot;,&quot;credit&quot;:&quot;&quot;,&quot;camera&quot;:&quot;iPhone 7&quot;,&quot;caption&quot;:&quot;&quot;,&quot;created_timestamp&quot;:&quot;1628532966&quot;,&quot;copyright&quot;:&quot;&quot;,&quot;focal_length&quot;:&quot;3.99&quot;,&quot;iso&quot;:&quot;100&quot;,&quot;shutter_speed&quot;:&quot;0.058823529411765&quot;,&quot;title&quot;:&quot;&quot;,&quot;orientation&quot;:&quot;1&quot;}\" data-image-title=\"S\u00e9lection lecture\" data-image-description=\"\" data-image-caption=\"\" data-large-file=\"https:\/\/i0.wp.com\/www.jojoenherbe.com\/wp-content\/uploads\/2021\/08\/Selection-lecture-scaled.jpg?fit=676%2C424\" class=\"aligncenter wp-image-20166 size-medium\" src=\"https:\/\/i0.wp.com\/www.jojoenherbe.com\/wp-content\/uploads\/2021\/08\/Selection-lecture.jpg?resize=300%2C188\" alt=\"\" width=\"300\" height=\"188\" srcset=\"https:\/\/i0.wp.com\/www.jojoenherbe.com\/wp-content\/uploads\/2021\/08\/Selection-lecture-scaled.jpg?resize=300%2C188 300w, https:\/\/i0.wp.com\/www.jojoenherbe.com\/wp-content\/uploads\/2021\/08\/Selection-lecture-scaled.jpg?resize=1024%2C642 1024w, https:\/\/i0.wp.com\/www.jojoenherbe.com\/wp-content\/uploads\/2021\/08\/Selection-lecture-scaled.jpg?resize=768%2C481 768w, https:\/\/i0.wp.com\/www.jojoenherbe.com\/wp-content\/uploads\/2021\/08\/Selection-lecture-scaled.jpg?resize=1536%2C963 1536w, https:\/\/i0.wp.com\/www.jojoenherbe.com\/wp-content\/uploads\/2021\/08\/Selection-lecture-scaled.jpg?resize=2048%2C1284 2048w, https:\/\/i0.wp.com\/www.jojoenherbe.com\/wp-content\/uploads\/2021\/08\/Selection-lecture-scaled.jpg?resize=676%2C424 676w, https:\/\/i0.wp.com\/www.jojoenherbe.com\/wp-content\/uploads\/2021\/08\/Selection-lecture-scaled.jpg?w=1352 1352w\" sizes=\"auto, (max-width: 300px) 100vw, 300px\" \/><\/a><\/p>\n<ul>\n<li style=\"text-align: justify;\"><em>(Roman) <a href=\"http:\/\/www.jojoenherbe.com\/index.php\/2021\/08\/25\/au-fil-des-pages-avec-la-huitieme-reine\/\"><span style=\"text-decoration: underline;\">La huiti\u00e8me reine<\/span><\/a> de Bina Shah (\u00e9d. Actes Sud, 2016, 356 pages) pour la lecture commune du 14 ao\u00fbt 2021 des \u00c9tapes Indiennes autour de l&rsquo;Ind\u00e9pendance du Pakistan<\/em><\/li>\n<li style=\"text-align: justify;\"><em>(Album jeunesse) <span style=\"text-decoration: underline;\">Tout ce qu&rsquo;il faut pour une cabane<\/span> de Carter Higgins et Emily Hugues (\u00e9d. Albin Michel Jeunesse, 2018)<\/em><\/li>\n<li style=\"text-align: justify;\"><em>(BD jeunesse) <span style=\"text-decoration: underline;\">Bonolon le gardien de la for\u00eat<\/span> de Seibou Kitahara et Go Nagayama (\u00e9d. Nobi Nobi!, 2013)<\/em><\/li>\n<\/ul>\n","protected":false},"excerpt":{"rendered":"<p>Avec ce billet, j&rsquo;inaugure un nouveau rendez-vous lecture hebdomadaire sur le blog, inspir\u00e9e par Blandine avec son \u00ab\u00a0C&rsquo;est lundi, que lisez-vous\u00a0\u00bb et Bidib avec son carnet de bord du lundi et qui y ajoute aussi ses visionnages de s\u00e9ries et\/ou de films. Depuis un moment, je songeais \u00e0 le faire \u00e0 mon tour pour parler [&hellip;]<\/p>\n","protected":false},"author":1,"featured_media":20165,"comment_status":"open","ping_status":"open","sticky":false,"template":"","format":"standard","meta":{"jetpack_post_was_ever_published":false,"_jetpack_newsletter_access":"","_jetpack_dont_email_post_to_subs":false,"_jetpack_newsletter_tier_id":0,"_jetpack_memberships_contains_paywalled_content":false,"_jetpack_memberships_contains_paid_content":false,"footnotes":""},"categories":[2140,363],"tags":[409,2697,2730,1226,1334,2599,1694,2732,748,1085,367,2731,2258,2767,905,789],"class_list":["post-20162","post","type-post","status-publish","format-standard","has-post-thumbnail","hentry","category-mini-blogueur","category-mini-lecteur","tag-albums-jeunesse","tag-alex-alice","tag-anuska-allepuz","tag-bd-jeunesse","tag-cosy-mystery","tag-faith-martin","tag-jenny-colgan","tag-la-belle-et-la-bete","tag-le-petit-chaperon-rouge","tag-lecture-adulte","tag-lecture-jeunesse","tag-mathilde-poncet","tag-philippe-jalbert","tag-point-lecture-hebdo","tag-romans-adulte","tag-romans-jeunesse","post-preview"],"jetpack_featured_media_url":"https:\/\/i0.wp.com\/www.jojoenherbe.com\/wp-content\/uploads\/2021\/08\/Point-lecture-hebdo-1-scaled.jpg?fit=2560%2C1920","jetpack_sharing_enabled":true,"jetpack_shortlink":"https:\/\/wp.me\/p9zhGx-5fc","jetpack_likes_enabled":true,"jetpack-related-posts":[{"id":37057,"url":"http:\/\/www.jojoenherbe.com\/index.php\/2024\/09\/30\/point-lecture-hebdomadaire-2024-39\/","url_meta":{"origin":20162,"position":0},"title":"Point lecture hebdomadaire 2024 #39","author":"Jojo","date":"30 septembre 2024","format":false,"excerpt":"En ce d\u00e9but de semaine, voici mon point lecture hebdomadaire avec un retour sur nos lectures (mais pas nos relectures) de la semaine derni\u00e8re. Nos lectures du 23 au 29 septembre 2024: Des lectures jeunesse: Nous avons continu\u00e9 chaque soir et presque fini de lire Le jardin secret de Frances\u2026","rel":"","context":"Dans &quot;Mini blogueur&quot;","block_context":{"text":"Mini blogueur","link":"http:\/\/www.jojoenherbe.com\/index.php\/category\/mini-blogueur\/"},"img":{"alt_text":"","src":"https:\/\/i0.wp.com\/www.jojoenherbe.com\/wp-content\/uploads\/2020\/04\/Le-jardin-secret-150x150.jpg?resize=350%2C200","width":350,"height":200},"classes":[]},{"id":27740,"url":"http:\/\/www.jojoenherbe.com\/index.php\/2022\/09\/26\/point-lecture-hebdomadaire-60\/","url_meta":{"origin":20162,"position":1},"title":"Point lecture hebdomadaire #60","author":"Jojo","date":"26 septembre 2022","format":false,"excerpt":"En ce d\u00e9but de semaine, voici notre point lecture hebdomadaire avec un retour sur nos lectures de la semaine derni\u00e8re (mais pas nos relectures) et notre lecture en cours, avec une pr\u00e9dominante pour les lectures automnales et halloweenesques, l'automne \u00e9tant arriv\u00e9 et le challenge Halloween de Hilde et Lou ayant\u2026","rel":"","context":"Dans &quot;Mini blogueur&quot;","block_context":{"text":"Mini blogueur","link":"http:\/\/www.jojoenherbe.com\/index.php\/category\/mini-blogueur\/"},"img":{"alt_text":"","src":"https:\/\/i0.wp.com\/www.jojoenherbe.com\/wp-content\/uploads\/2022\/09\/Point-lecture-hebdo-60-scaled.jpg?fit=1200%2C771&resize=350%2C200","width":350,"height":200,"srcset":"https:\/\/i0.wp.com\/www.jojoenherbe.com\/wp-content\/uploads\/2022\/09\/Point-lecture-hebdo-60-scaled.jpg?fit=1200%2C771&resize=350%2C200 1x, https:\/\/i0.wp.com\/www.jojoenherbe.com\/wp-content\/uploads\/2022\/09\/Point-lecture-hebdo-60-scaled.jpg?fit=1200%2C771&resize=525%2C300 1.5x, https:\/\/i0.wp.com\/www.jojoenherbe.com\/wp-content\/uploads\/2022\/09\/Point-lecture-hebdo-60-scaled.jpg?fit=1200%2C771&resize=700%2C400 2x, https:\/\/i0.wp.com\/www.jojoenherbe.com\/wp-content\/uploads\/2022\/09\/Point-lecture-hebdo-60-scaled.jpg?fit=1200%2C771&resize=1050%2C600 3x"},"classes":[]},{"id":34189,"url":"http:\/\/www.jojoenherbe.com\/index.php\/2024\/01\/08\/point-lecture-hebdomadaire-2024-1\/","url_meta":{"origin":20162,"position":2},"title":"Point lecture hebdomadaire 2024 #1","author":"Jojo","date":"8 janvier 2024","format":false,"excerpt":"En ce d\u00e9but de semaine, voici notre point lecture hebdomadaire avec un retour sur nos lectures de la semaine derni\u00e8re (mais pas nos relectures), la plupart encore de No\u00ebl puisque le week-end dernier s'est fini le challenge Il \u00e9tait 11 fois No\u00ebl avec un read-a-thon. Nos lectures du 1er au\u2026","rel":"","context":"Dans &quot;Mini blogueur&quot;","block_context":{"text":"Mini blogueur","link":"http:\/\/www.jojoenherbe.com\/index.php\/category\/mini-blogueur\/"},"img":{"alt_text":"","src":"https:\/\/i0.wp.com\/www.jojoenherbe.com\/wp-content\/uploads\/2024\/01\/Point-lecture-hebdo-2024-1-scaled.jpg?fit=1200%2C684&resize=350%2C200","width":350,"height":200,"srcset":"https:\/\/i0.wp.com\/www.jojoenherbe.com\/wp-content\/uploads\/2024\/01\/Point-lecture-hebdo-2024-1-scaled.jpg?fit=1200%2C684&resize=350%2C200 1x, https:\/\/i0.wp.com\/www.jojoenherbe.com\/wp-content\/uploads\/2024\/01\/Point-lecture-hebdo-2024-1-scaled.jpg?fit=1200%2C684&resize=525%2C300 1.5x, https:\/\/i0.wp.com\/www.jojoenherbe.com\/wp-content\/uploads\/2024\/01\/Point-lecture-hebdo-2024-1-scaled.jpg?fit=1200%2C684&resize=700%2C400 2x, https:\/\/i0.wp.com\/www.jojoenherbe.com\/wp-content\/uploads\/2024\/01\/Point-lecture-hebdo-2024-1-scaled.jpg?fit=1200%2C684&resize=1050%2C600 3x"},"classes":[]},{"id":30302,"url":"http:\/\/www.jojoenherbe.com\/index.php\/2023\/03\/27\/point-lecture-hebdomadaire-2023-12\/","url_meta":{"origin":20162,"position":3},"title":"Point lecture hebdomadaire 2023 #12","author":"Jojo","date":"27 mars 2023","format":false,"excerpt":"En ce d\u00e9but de semaine, voici notre point lecture hebdomadaire avec un retour sur nos lectures de la semaine derni\u00e8re (mais pas nos relectures). Nos lectures du 20 au 26 mars 2023: Des lectures jeunesse: (Album jeunesse) L\u2019\u00e9cureuil et le printemps de Sebastian Meschenmoser Nous avons lu L\u2019\u00e9cureuil et le\u2026","rel":"","context":"Dans &quot;Mini blogueur&quot;","block_context":{"text":"Mini blogueur","link":"http:\/\/www.jojoenherbe.com\/index.php\/category\/mini-blogueur\/"},"img":{"alt_text":"","src":"https:\/\/i0.wp.com\/www.jojoenherbe.com\/wp-content\/uploads\/2023\/03\/Point-lecture-hebdomadaire-2023-12-scaled.jpg?fit=1200%2C764&resize=350%2C200","width":350,"height":200,"srcset":"https:\/\/i0.wp.com\/www.jojoenherbe.com\/wp-content\/uploads\/2023\/03\/Point-lecture-hebdomadaire-2023-12-scaled.jpg?fit=1200%2C764&resize=350%2C200 1x, https:\/\/i0.wp.com\/www.jojoenherbe.com\/wp-content\/uploads\/2023\/03\/Point-lecture-hebdomadaire-2023-12-scaled.jpg?fit=1200%2C764&resize=525%2C300 1.5x, https:\/\/i0.wp.com\/www.jojoenherbe.com\/wp-content\/uploads\/2023\/03\/Point-lecture-hebdomadaire-2023-12-scaled.jpg?fit=1200%2C764&resize=700%2C400 2x, https:\/\/i0.wp.com\/www.jojoenherbe.com\/wp-content\/uploads\/2023\/03\/Point-lecture-hebdomadaire-2023-12-scaled.jpg?fit=1200%2C764&resize=1050%2C600 3x"},"classes":[]},{"id":42374,"url":"http:\/\/www.jojoenherbe.com\/index.php\/2026\/01\/21\/point-lecture-hebdomadaire-2026-3\/","url_meta":{"origin":20162,"position":4},"title":"Point lecture hebdomadaire 2026 #3","author":"Jojo","date":"21 janvier 2026","format":false,"excerpt":"En ce milieu de semaine, voici mon point lecture hebdomadaire avec un retour sur nos lectures (mais pas nos relectures) de la semaine derni\u00e8re qui a d\u00e9but\u00e9 avec le rangement du sapin et d\u00e9corations de No\u00ebl et qui s'est termin\u00e9 sur un week-end pluvieux dans le Var chez des amis\u2026","rel":"","context":"Dans &quot;Mini blogueur&quot;","block_context":{"text":"Mini blogueur","link":"http:\/\/www.jojoenherbe.com\/index.php\/category\/mini-blogueur\/"},"img":{"alt_text":"","src":"https:\/\/i0.wp.com\/www.jojoenherbe.com\/wp-content\/uploads\/2026\/01\/macareux-point-lecture-hebdo.jpg?fit=864%2C1012&resize=350%2C200","width":350,"height":200,"srcset":"https:\/\/i0.wp.com\/www.jojoenherbe.com\/wp-content\/uploads\/2026\/01\/macareux-point-lecture-hebdo.jpg?fit=864%2C1012&resize=350%2C200 1x, https:\/\/i0.wp.com\/www.jojoenherbe.com\/wp-content\/uploads\/2026\/01\/macareux-point-lecture-hebdo.jpg?fit=864%2C1012&resize=525%2C300 1.5x, https:\/\/i0.wp.com\/www.jojoenherbe.com\/wp-content\/uploads\/2026\/01\/macareux-point-lecture-hebdo.jpg?fit=864%2C1012&resize=700%2C400 2x"},"classes":[]},{"id":25557,"url":"http:\/\/www.jojoenherbe.com\/index.php\/2022\/05\/16\/point-lecture-hebdomadaire-41\/","url_meta":{"origin":20162,"position":5},"title":"Point lecture hebdomadaire #41","author":"Jojo","date":"16 mai 2022","format":false,"excerpt":"En ce d\u00e9but de semaine, voici notre point lecture hebdomadaire avec un retour sur la plupart de nos lectures de la semaine derni\u00e8re (mais pas nos relectures). Nos lectures du\u00a0 9 au 15 mai 2022: Des lectures jeunesse: (Album jeunesse) Une aventure avec Alice au Pays des Merveilles de Katherine\u2026","rel":"","context":"Dans &quot;Mini blogueur&quot;","block_context":{"text":"Mini blogueur","link":"http:\/\/www.jojoenherbe.com\/index.php\/category\/mini-blogueur\/"},"img":{"alt_text":"","src":"https:\/\/i0.wp.com\/www.jojoenherbe.com\/wp-content\/uploads\/2022\/05\/Point-lecture-hebdo-41-scaled.jpg?fit=1200%2C900&resize=350%2C200","width":350,"height":200,"srcset":"https:\/\/i0.wp.com\/www.jojoenherbe.com\/wp-content\/uploads\/2022\/05\/Point-lecture-hebdo-41-scaled.jpg?fit=1200%2C900&resize=350%2C200 1x, https:\/\/i0.wp.com\/www.jojoenherbe.com\/wp-content\/uploads\/2022\/05\/Point-lecture-hebdo-41-scaled.jpg?fit=1200%2C900&resize=525%2C300 1.5x, https:\/\/i0.wp.com\/www.jojoenherbe.com\/wp-content\/uploads\/2022\/05\/Point-lecture-hebdo-41-scaled.jpg?fit=1200%2C900&resize=700%2C400 2x, https:\/\/i0.wp.com\/www.jojoenherbe.com\/wp-content\/uploads\/2022\/05\/Point-lecture-hebdo-41-scaled.jpg?fit=1200%2C900&resize=1050%2C600 3x"},"classes":[]}],"_links":{"self":[{"href":"http:\/\/www.jojoenherbe.com\/index.php\/wp-json\/wp\/v2\/posts\/20162","targetHints":{"allow":["GET"]}}],"collection":[{"href":"http:\/\/www.jojoenherbe.com\/index.php\/wp-json\/wp\/v2\/posts"}],"about":[{"href":"http:\/\/www.jojoenherbe.com\/index.php\/wp-json\/wp\/v2\/types\/post"}],"author":[{"embeddable":true,"href":"http:\/\/www.jojoenherbe.com\/index.php\/wp-json\/wp\/v2\/users\/1"}],"replies":[{"embeddable":true,"href":"http:\/\/www.jojoenherbe.com\/index.php\/wp-json\/wp\/v2\/comments?post=20162"}],"version-history":[{"count":2,"href":"http:\/\/www.jojoenherbe.com\/index.php\/wp-json\/wp\/v2\/posts\/20162\/revisions"}],"predecessor-version":[{"id":27503,"href":"http:\/\/www.jojoenherbe.com\/index.php\/wp-json\/wp\/v2\/posts\/20162\/revisions\/27503"}],"wp:featuredmedia":[{"embeddable":true,"href":"http:\/\/www.jojoenherbe.com\/index.php\/wp-json\/wp\/v2\/media\/20165"}],"wp:attachment":[{"href":"http:\/\/www.jojoenherbe.com\/index.php\/wp-json\/wp\/v2\/media?parent=20162"}],"wp:term":[{"taxonomy":"category","embeddable":true,"href":"http:\/\/www.jojoenherbe.com\/index.php\/wp-json\/wp\/v2\/categories?post=20162"},{"taxonomy":"post_tag","embeddable":true,"href":"http:\/\/www.jojoenherbe.com\/index.php\/wp-json\/wp\/v2\/tags?post=20162"}],"curies":[{"name":"wp","href":"https:\/\/api.w.org\/{rel}","templated":true}]}}