{"id":20111,"date":"2021-08-06T12:35:55","date_gmt":"2021-08-06T10:35:55","guid":{"rendered":"http:\/\/www.jojoenherbe.com\/?p=20111"},"modified":"2021-10-23T11:04:04","modified_gmt":"2021-10-23T09:04:04","slug":"au-fil-des-pages-avec-des-vagues","status":"publish","type":"post","link":"http:\/\/www.jojoenherbe.com\/index.php\/2021\/08\/06\/au-fil-des-pages-avec-des-vagues\/","title":{"rendered":"Au fil des pages avec Des vagues"},"content":{"rendered":"<p style=\"text-align: justify;\"><em><a href=\"https:\/\/i0.wp.com\/www.jojoenherbe.com\/wp-content\/uploads\/2021\/08\/Des-vagues-5-scaled.jpg\"><img data-recalc-dims=\"1\" loading=\"lazy\" decoding=\"async\" data-attachment-id=\"20120\" data-permalink=\"http:\/\/www.jojoenherbe.com\/index.php\/2021\/08\/06\/au-fil-des-pages-avec-des-vagues\/des-vagues-5\/\" data-orig-file=\"https:\/\/i0.wp.com\/www.jojoenherbe.com\/wp-content\/uploads\/2021\/08\/Des-vagues-5-scaled.jpg?fit=2560%2C1920\" data-orig-size=\"2560,1920\" data-comments-opened=\"1\" data-image-meta=\"{&quot;aperture&quot;:&quot;1.8&quot;,&quot;credit&quot;:&quot;&quot;,&quot;camera&quot;:&quot;iPhone 7&quot;,&quot;caption&quot;:&quot;&quot;,&quot;created_timestamp&quot;:&quot;1628242487&quot;,&quot;copyright&quot;:&quot;&quot;,&quot;focal_length&quot;:&quot;3.99&quot;,&quot;iso&quot;:&quot;100&quot;,&quot;shutter_speed&quot;:&quot;0.090909090909091&quot;,&quot;title&quot;:&quot;&quot;,&quot;orientation&quot;:&quot;1&quot;}\" data-image-title=\"Des vagues 5\" data-image-description=\"\" data-image-caption=\"\" data-large-file=\"https:\/\/i0.wp.com\/www.jojoenherbe.com\/wp-content\/uploads\/2021\/08\/Des-vagues-5-scaled.jpg?fit=676%2C507\" class=\"alignleft size-thumbnail wp-image-20120\" src=\"https:\/\/i0.wp.com\/www.jojoenherbe.com\/wp-content\/uploads\/2021\/08\/Des-vagues-5.jpg?resize=150%2C150\" alt=\"\" width=\"150\" height=\"150\" srcset=\"https:\/\/i0.wp.com\/www.jojoenherbe.com\/wp-content\/uploads\/2021\/08\/Des-vagues-5-scaled.jpg?resize=150%2C150 150w, https:\/\/i0.wp.com\/www.jojoenherbe.com\/wp-content\/uploads\/2021\/08\/Des-vagues-5-scaled.jpg?zoom=2&amp;resize=150%2C150 300w, https:\/\/i0.wp.com\/www.jojoenherbe.com\/wp-content\/uploads\/2021\/08\/Des-vagues-5-scaled.jpg?zoom=3&amp;resize=150%2C150 450w\" sizes=\"auto, (max-width: 150px) 100vw, 150px\" \/><\/a> <a href=\"https:\/\/i0.wp.com\/www.jojoenherbe.com\/wp-content\/uploads\/2021\/08\/Des-vagues-4-scaled.jpg\"><img data-recalc-dims=\"1\" loading=\"lazy\" decoding=\"async\" data-attachment-id=\"20119\" data-permalink=\"http:\/\/www.jojoenherbe.com\/index.php\/2021\/08\/06\/au-fil-des-pages-avec-des-vagues\/des-vagues-4\/\" data-orig-file=\"https:\/\/i0.wp.com\/www.jojoenherbe.com\/wp-content\/uploads\/2021\/08\/Des-vagues-4-scaled.jpg?fit=2560%2C1920\" data-orig-size=\"2560,1920\" data-comments-opened=\"1\" data-image-meta=\"{&quot;aperture&quot;:&quot;1.8&quot;,&quot;credit&quot;:&quot;&quot;,&quot;camera&quot;:&quot;iPhone 7&quot;,&quot;caption&quot;:&quot;&quot;,&quot;created_timestamp&quot;:&quot;1628242554&quot;,&quot;copyright&quot;:&quot;&quot;,&quot;focal_length&quot;:&quot;3.99&quot;,&quot;iso&quot;:&quot;100&quot;,&quot;shutter_speed&quot;:&quot;0.076923076923077&quot;,&quot;title&quot;:&quot;&quot;,&quot;orientation&quot;:&quot;1&quot;}\" data-image-title=\"Des vagues 4\" data-image-description=\"\" data-image-caption=\"\" data-large-file=\"https:\/\/i0.wp.com\/www.jojoenherbe.com\/wp-content\/uploads\/2021\/08\/Des-vagues-4-scaled.jpg?fit=676%2C507\" class=\"alignleft size-thumbnail wp-image-20119\" src=\"https:\/\/i0.wp.com\/www.jojoenherbe.com\/wp-content\/uploads\/2021\/08\/Des-vagues-4.jpg?resize=150%2C150\" alt=\"\" width=\"150\" height=\"150\" srcset=\"https:\/\/i0.wp.com\/www.jojoenherbe.com\/wp-content\/uploads\/2021\/08\/Des-vagues-4-scaled.jpg?resize=150%2C150 150w, https:\/\/i0.wp.com\/www.jojoenherbe.com\/wp-content\/uploads\/2021\/08\/Des-vagues-4-scaled.jpg?zoom=2&amp;resize=150%2C150 300w, https:\/\/i0.wp.com\/www.jojoenherbe.com\/wp-content\/uploads\/2021\/08\/Des-vagues-4-scaled.jpg?zoom=3&amp;resize=150%2C150 450w\" sizes=\"auto, (max-width: 150px) 100vw, 150px\" \/><\/a>Lors de notre pique-nique sur la plage de Saint-Jean-Cap-Ferrat d&rsquo;hier soir, nous avons relu <span style=\"text-decoration: underline;\">Des vagues<\/span> d&rsquo;Isabelle Simler (\u00e9d. courtes et longues, 2014), un album jeunesse grand format \u00e0 partir de 2\/3 ans. Un jeune enfant plonge dans les vagues au plus pr\u00e8s des animaux marins, que ce soit un poisson-lune, un crabe ou un requin-marteau.<br \/>\n<\/em><\/p>\n<p style=\"text-align: justify;\"><em>Le texte est court, doux et po\u00e9tique et invite \u00e0 la r\u00eaverie aquatique. Nous nous laissons subjuguer et bercer par les vagues, chacune offrant une belle rencontre. <\/em><em>Les grandes illustrations color\u00e9es et tr\u00e8s r\u00e9alistes sont magnifiques et contrastent avec les diff\u00e9rentes parties blanches de l&rsquo;enfant et le bleu de la mer\/de l&rsquo;oc\u00e9an. <\/em><\/p>\n<p style=\"text-align: justify;\"><em><a href=\"https:\/\/i0.wp.com\/www.jojoenherbe.com\/wp-content\/uploads\/2021\/08\/Des-vagues-2-scaled.jpg\"><img data-recalc-dims=\"1\" loading=\"lazy\" decoding=\"async\" data-attachment-id=\"20117\" data-permalink=\"http:\/\/www.jojoenherbe.com\/index.php\/2021\/08\/06\/au-fil-des-pages-avec-des-vagues\/des-vagues-2-2\/\" data-orig-file=\"https:\/\/i0.wp.com\/www.jojoenherbe.com\/wp-content\/uploads\/2021\/08\/Des-vagues-2-scaled.jpg?fit=2560%2C1920\" data-orig-size=\"2560,1920\" data-comments-opened=\"1\" data-image-meta=\"{&quot;aperture&quot;:&quot;1.8&quot;,&quot;credit&quot;:&quot;&quot;,&quot;camera&quot;:&quot;iPhone 7&quot;,&quot;caption&quot;:&quot;&quot;,&quot;created_timestamp&quot;:&quot;1628242473&quot;,&quot;copyright&quot;:&quot;&quot;,&quot;focal_length&quot;:&quot;3.99&quot;,&quot;iso&quot;:&quot;100&quot;,&quot;shutter_speed&quot;:&quot;0.076923076923077&quot;,&quot;title&quot;:&quot;&quot;,&quot;orientation&quot;:&quot;1&quot;}\" data-image-title=\"Des vagues 2\" data-image-description=\"\" data-image-caption=\"\" data-large-file=\"https:\/\/i0.wp.com\/www.jojoenherbe.com\/wp-content\/uploads\/2021\/08\/Des-vagues-2-scaled.jpg?fit=676%2C507\" class=\"size-thumbnail wp-image-20117 alignright\" src=\"https:\/\/i0.wp.com\/www.jojoenherbe.com\/wp-content\/uploads\/2021\/08\/Des-vagues-2.jpg?resize=150%2C150\" alt=\"\" width=\"150\" height=\"150\" srcset=\"https:\/\/i0.wp.com\/www.jojoenherbe.com\/wp-content\/uploads\/2021\/08\/Des-vagues-2-scaled.jpg?resize=150%2C150 150w, https:\/\/i0.wp.com\/www.jojoenherbe.com\/wp-content\/uploads\/2021\/08\/Des-vagues-2-scaled.jpg?zoom=2&amp;resize=150%2C150 300w, https:\/\/i0.wp.com\/www.jojoenherbe.com\/wp-content\/uploads\/2021\/08\/Des-vagues-2-scaled.jpg?zoom=3&amp;resize=150%2C150 450w\" sizes=\"auto, (max-width: 150px) 100vw, 150px\" \/><\/a> <a href=\"https:\/\/i0.wp.com\/www.jojoenherbe.com\/wp-content\/uploads\/2021\/08\/Des-vagues-3-scaled.jpg\"><img data-recalc-dims=\"1\" loading=\"lazy\" decoding=\"async\" data-attachment-id=\"20118\" data-permalink=\"http:\/\/www.jojoenherbe.com\/index.php\/2021\/08\/06\/au-fil-des-pages-avec-des-vagues\/des-vagues-3\/\" data-orig-file=\"https:\/\/i0.wp.com\/www.jojoenherbe.com\/wp-content\/uploads\/2021\/08\/Des-vagues-3-scaled.jpg?fit=2560%2C1920\" data-orig-size=\"2560,1920\" data-comments-opened=\"1\" data-image-meta=\"{&quot;aperture&quot;:&quot;1.8&quot;,&quot;credit&quot;:&quot;&quot;,&quot;camera&quot;:&quot;iPhone 7&quot;,&quot;caption&quot;:&quot;&quot;,&quot;created_timestamp&quot;:&quot;1628242517&quot;,&quot;copyright&quot;:&quot;&quot;,&quot;focal_length&quot;:&quot;3.99&quot;,&quot;iso&quot;:&quot;80&quot;,&quot;shutter_speed&quot;:&quot;0.058823529411765&quot;,&quot;title&quot;:&quot;&quot;,&quot;orientation&quot;:&quot;1&quot;}\" data-image-title=\"Des vagues 3\" data-image-description=\"\" data-image-caption=\"\" data-large-file=\"https:\/\/i0.wp.com\/www.jojoenherbe.com\/wp-content\/uploads\/2021\/08\/Des-vagues-3-scaled.jpg?fit=676%2C507\" class=\"size-thumbnail wp-image-20118 alignright\" src=\"https:\/\/i0.wp.com\/www.jojoenherbe.com\/wp-content\/uploads\/2021\/08\/Des-vagues-3.jpg?resize=150%2C150\" alt=\"\" width=\"150\" height=\"150\" srcset=\"https:\/\/i0.wp.com\/www.jojoenherbe.com\/wp-content\/uploads\/2021\/08\/Des-vagues-3-scaled.jpg?resize=150%2C150 150w, https:\/\/i0.wp.com\/www.jojoenherbe.com\/wp-content\/uploads\/2021\/08\/Des-vagues-3-scaled.jpg?zoom=2&amp;resize=150%2C150 300w, https:\/\/i0.wp.com\/www.jojoenherbe.com\/wp-content\/uploads\/2021\/08\/Des-vagues-3-scaled.jpg?zoom=3&amp;resize=150%2C150 450w\" sizes=\"auto, (max-width: 150px) 100vw, 150px\" \/><\/a>Nous retrouvons dans les pages de garde tous les animaux mentionn\u00e9s sous forme encyclop\u00e9dique, avec leur nom latin et que nous avons crois\u00e9 dans le voyage onirique de l&rsquo;enfant. Outre la d\u00e9couverte de nombreux animaux marins, c&rsquo;est aussi une fa\u00e7on po\u00e9tique d&rsquo;aborder le champ lexical du toucher et des parties du corps humain. Coup de c\u0153ur pour cet album jeunesse, ode \u00e0 la beaut\u00e9 de la faune aquatique et aux r\u00eaves que nous ne cessons pas de relire ou feuilleter ces derni\u00e8res semaines!<\/em><\/p>\n<p style=\"text-align: justify;\"><em>Pour un autre avis sur cet album jeunesse: <a href=\"https:\/\/mapetitemediatheque.fr\/2021\/10\/petit-panier-dalbums-10\/\">Bidib<\/a>.<\/em><\/p>\n<div style=\"width: 189px\" class=\"wp-caption alignnone\"><img loading=\"lazy\" decoding=\"async\" class=\"attachment-boston-list-medium  wp-post-image\" src=\"https:\/\/i0.wp.com\/avenuereinemathilde.com\/wp-content\/uploads\/2020\/12\/Challenge-femmes-auteures_paysage-720x380.jpg?resize=203%2C107&amp;ssl=1\" alt=\"challenge 2021 lire au f\u00e9minin\" width=\"179\" height=\"94\" data-recalc-dims=\"1\" \/><p class=\"wp-caption-text\">Participation #49 au Challenge Lire au f\u00e9minin de <a href=\"https:\/\/avenuereinemathilde.com\/challenge-lire-au-feminin-2021\/\">Tiphanya<\/a> #Autrice fran\u00e7aise<\/p><\/div>\n","protected":false},"excerpt":{"rendered":"<p>Lors de notre pique-nique sur la plage de Saint-Jean-Cap-Ferrat d&rsquo;hier soir, nous avons relu Des vagues d&rsquo;Isabelle Simler (\u00e9d. courtes et longues, 2014), un album jeunesse grand format \u00e0 partir de 2\/3 ans. Un jeune enfant plonge dans les vagues au plus pr\u00e8s des animaux marins, que ce soit un poisson-lune, un crabe ou un [&hellip;]<\/p>\n","protected":false},"author":1,"featured_media":20112,"comment_status":"open","ping_status":"open","sticky":false,"template":"","format":"standard","meta":{"jetpack_post_was_ever_published":false,"_jetpack_newsletter_access":"","_jetpack_dont_email_post_to_subs":false,"_jetpack_newsletter_tier_id":0,"_jetpack_memberships_contains_paywalled_content":false,"_jetpack_memberships_contains_paid_content":false,"footnotes":""},"categories":[363],"tags":[787,409,924,453,2584,367,2111,658,660,798,657],"class_list":["post-20111","post","type-post","status-publish","format-standard","has-post-thumbnail","hentry","category-mini-lecteur","tag-2-5-ans","tag-albums-jeunesse","tag-animaux-de-la-mer","tag-imagination","tag-isabelle-simler","tag-lecture-jeunesse","tag-lire-au-feminin-2021","tag-mer","tag-ocean","tag-reve","tag-vague","post-preview"],"jetpack_featured_media_url":"https:\/\/i0.wp.com\/www.jojoenherbe.com\/wp-content\/uploads\/2021\/08\/Des-vagues-scaled.jpg?fit=1920%2C2560","jetpack_sharing_enabled":true,"jetpack_shortlink":"https:\/\/wp.me\/p9zhGx-5en","jetpack_likes_enabled":true,"jetpack-related-posts":[{"id":20544,"url":"http:\/\/www.jojoenherbe.com\/index.php\/2021\/09\/07\/au-fil-des-pages-avec-heure-bleue\/","url_meta":{"origin":20111,"position":0},"title":"Au fil des pages avec Heure bleue","author":"Jojo","date":"7 septembre 2021","format":false,"excerpt":"En juin dernier, nous avons lu Heure bleue d'Isabelle Simler (\u00e9d. courtes et longues, 2015), un album jeunesse \u00e0 partir de 3\/4 ans. A l'heure du cr\u00e9puscule, lorsque le jour laisse place \u00e0 la nuit, la faune et la flore, \u00e0 travers le monde, se donnent rendez-vous pour cette heure\u2026","rel":"","context":"Dans &quot;Mini lecteur&quot;","block_context":{"text":"Mini lecteur","link":"http:\/\/www.jojoenherbe.com\/index.php\/category\/mini-lecteur\/"},"img":{"alt_text":"","src":"https:\/\/i0.wp.com\/www.jojoenherbe.com\/wp-content\/uploads\/2021\/09\/Heure-bleue-scaled.jpg?fit=1200%2C754&resize=350%2C200","width":350,"height":200,"srcset":"https:\/\/i0.wp.com\/www.jojoenherbe.com\/wp-content\/uploads\/2021\/09\/Heure-bleue-scaled.jpg?fit=1200%2C754&resize=350%2C200 1x, https:\/\/i0.wp.com\/www.jojoenherbe.com\/wp-content\/uploads\/2021\/09\/Heure-bleue-scaled.jpg?fit=1200%2C754&resize=525%2C300 1.5x, https:\/\/i0.wp.com\/www.jojoenherbe.com\/wp-content\/uploads\/2021\/09\/Heure-bleue-scaled.jpg?fit=1200%2C754&resize=700%2C400 2x, https:\/\/i0.wp.com\/www.jojoenherbe.com\/wp-content\/uploads\/2021\/09\/Heure-bleue-scaled.jpg?fit=1200%2C754&resize=1050%2C600 3x"},"classes":[]},{"id":6362,"url":"http:\/\/www.jojoenherbe.com\/index.php\/2019\/06\/12\/au-fil-des-pages-avec-la-vague\/","url_meta":{"origin":20111,"position":1},"title":"Au fil des pages avec La vague","author":"Jojo","date":"12 juin 2019","format":false,"excerpt":"L'\u00e9t\u00e9 approchant et le retour de la chaleur aussi depuis quelques jours, nous commen\u00e7ons \u00e0 relire des albums jeunesse sur cette saison. Nous prenons un peu de fra\u00eecheur et faisons le plein de tendresse avec La vague de Suzy Lee (\u00e9d. Kal\u00e9idoscope, 2010), un album jeunesse \u00e0 partir de 2\/3\u2026","rel":"","context":"Dans &quot;Mini lecteur&quot;","block_context":{"text":"Mini lecteur","link":"http:\/\/www.jojoenherbe.com\/index.php\/category\/mini-lecteur\/"},"img":{"alt_text":"","src":"https:\/\/i0.wp.com\/www.jojoenherbe.com\/wp-content\/uploads\/2021\/06\/La-vague-scaled.jpg?fit=1200%2C734&resize=350%2C200","width":350,"height":200,"srcset":"https:\/\/i0.wp.com\/www.jojoenherbe.com\/wp-content\/uploads\/2021\/06\/La-vague-scaled.jpg?fit=1200%2C734&resize=350%2C200 1x, https:\/\/i0.wp.com\/www.jojoenherbe.com\/wp-content\/uploads\/2021\/06\/La-vague-scaled.jpg?fit=1200%2C734&resize=525%2C300 1.5x, https:\/\/i0.wp.com\/www.jojoenherbe.com\/wp-content\/uploads\/2021\/06\/La-vague-scaled.jpg?fit=1200%2C734&resize=700%2C400 2x, https:\/\/i0.wp.com\/www.jojoenherbe.com\/wp-content\/uploads\/2021\/06\/La-vague-scaled.jpg?fit=1200%2C734&resize=1050%2C600 3x"},"classes":[]},{"id":13916,"url":"http:\/\/www.jojoenherbe.com\/index.php\/2020\/11\/16\/deuxieme-alphabet-des-animaux-e-comme-escargot\/","url_meta":{"origin":20111,"position":2},"title":"Deuxi\u00e8me alphabet des animaux: E comme Escargot","author":"Jojo","date":"16 novembre 2020","format":false,"excerpt":"Pour la semaine 31 de mon challenge sur Instagram #jojoenherbeetcieillustre qui associe la premi\u00e8re lettre d'un animal avec une illustration tir\u00e9e de la litt\u00e9rature jeunesse en suivant l'ordre de l'alphabet, il s'agit du E comme Escargot. Alors voici notre s\u00e9lection d'escargots qui sera mise \u00e0 jour au fur-et-\u00e0-mesure de nos\u2026","rel":"","context":"Dans &quot;Mini challenger&quot;","block_context":{"text":"Mini challenger","link":"http:\/\/www.jojoenherbe.com\/index.php\/category\/mini-challenger\/"},"img":{"alt_text":"","src":"https:\/\/i0.wp.com\/www.jojoenherbe.com\/wp-content\/uploads\/2020\/11\/Selection-Escargot-scaled.jpg?fit=1200%2C831&resize=350%2C200","width":350,"height":200,"srcset":"https:\/\/i0.wp.com\/www.jojoenherbe.com\/wp-content\/uploads\/2020\/11\/Selection-Escargot-scaled.jpg?fit=1200%2C831&resize=350%2C200 1x, https:\/\/i0.wp.com\/www.jojoenherbe.com\/wp-content\/uploads\/2020\/11\/Selection-Escargot-scaled.jpg?fit=1200%2C831&resize=525%2C300 1.5x, https:\/\/i0.wp.com\/www.jojoenherbe.com\/wp-content\/uploads\/2020\/11\/Selection-Escargot-scaled.jpg?fit=1200%2C831&resize=700%2C400 2x, https:\/\/i0.wp.com\/www.jojoenherbe.com\/wp-content\/uploads\/2020\/11\/Selection-Escargot-scaled.jpg?fit=1200%2C831&resize=1050%2C600 3x"},"classes":[]},{"id":8118,"url":"http:\/\/www.jojoenherbe.com\/index.php\/2019\/10\/17\/au-fil-des-pages-avec-ciao-et-la-mer\/","url_meta":{"origin":20111,"position":3},"title":"Au fil des pages avec Ciao et la mer","author":"Jojo","date":"17 octobre 2019","format":false,"excerpt":"Nous lisons Ciao et la mer de Sarah Khoury (\u00e9d. P\u00e8re Fouettard, 2019), un album jeunesse pour les tout-petits. Nous plongeons avec Ciao, un lapin doudou, explorer les fonds marins \u00e0 la rencontre du peuple de la mer: poissons, requin et plein d'autres animaux fascinants. Que de po\u00e9sie dans ce\u2026","rel":"","context":"Dans &quot;Mini lecteur&quot;","block_context":{"text":"Mini lecteur","link":"http:\/\/www.jojoenherbe.com\/index.php\/category\/mini-lecteur\/"},"img":{"alt_text":"","src":"https:\/\/i0.wp.com\/www.jojoenherbe.com\/wp-content\/uploads\/2019\/10\/Ciao-et-la-mer.jpg?fit=1200%2C936&resize=350%2C200","width":350,"height":200,"srcset":"https:\/\/i0.wp.com\/www.jojoenherbe.com\/wp-content\/uploads\/2019\/10\/Ciao-et-la-mer.jpg?fit=1200%2C936&resize=350%2C200 1x, https:\/\/i0.wp.com\/www.jojoenherbe.com\/wp-content\/uploads\/2019\/10\/Ciao-et-la-mer.jpg?fit=1200%2C936&resize=525%2C300 1.5x, https:\/\/i0.wp.com\/www.jojoenherbe.com\/wp-content\/uploads\/2019\/10\/Ciao-et-la-mer.jpg?fit=1200%2C936&resize=700%2C400 2x, https:\/\/i0.wp.com\/www.jojoenherbe.com\/wp-content\/uploads\/2019\/10\/Ciao-et-la-mer.jpg?fit=1200%2C936&resize=1050%2C600 3x"},"classes":[]},{"id":19352,"url":"http:\/\/www.jojoenherbe.com\/index.php\/2021\/06\/24\/nos-lectures-estivales-2021\/","url_meta":{"origin":20111,"position":4},"title":"Nos lectures estivales 2021","author":"Jojo","date":"24 juin 2021","format":false,"excerpt":"En ce 21 juin 2021 qui dit F\u00eate de la Musique et aussi \u00c9t\u00e9, nous remettons en avant de nos biblioth\u00e8ques les lectures estivales. Il y a bien s\u00fbr des histoires d\u00e9j\u00e0 les ann\u00e9es pr\u00e9c\u00e9dentes, d'autres que nous avons d\u00e9couvertes \u00e0 la m\u00e9diath\u00e8que avant qu'elles rejoignent ou non nos biblioth\u00e8ques\u2026","rel":"","context":"Dans &quot;Mini lecteur&quot;","block_context":{"text":"Mini lecteur","link":"http:\/\/www.jojoenherbe.com\/index.php\/category\/mini-lecteur\/"},"img":{"alt_text":"","src":"https:\/\/i0.wp.com\/www.jojoenherbe.com\/wp-content\/uploads\/2021\/06\/lectures-Ete-scaled.jpg?fit=1200%2C854&resize=350%2C200","width":350,"height":200,"srcset":"https:\/\/i0.wp.com\/www.jojoenherbe.com\/wp-content\/uploads\/2021\/06\/lectures-Ete-scaled.jpg?fit=1200%2C854&resize=350%2C200 1x, https:\/\/i0.wp.com\/www.jojoenherbe.com\/wp-content\/uploads\/2021\/06\/lectures-Ete-scaled.jpg?fit=1200%2C854&resize=525%2C300 1.5x, https:\/\/i0.wp.com\/www.jojoenherbe.com\/wp-content\/uploads\/2021\/06\/lectures-Ete-scaled.jpg?fit=1200%2C854&resize=700%2C400 2x, https:\/\/i0.wp.com\/www.jojoenherbe.com\/wp-content\/uploads\/2021\/06\/lectures-Ete-scaled.jpg?fit=1200%2C854&resize=1050%2C600 3x"},"classes":[]},{"id":19888,"url":"http:\/\/www.jojoenherbe.com\/index.php\/2021\/07\/29\/balade-sur-le-sentier-de-la-brague\/","url_meta":{"origin":20111,"position":5},"title":"Balade sur le sentier de la Brague","author":"Jojo","date":"29 juillet 2021","format":false,"excerpt":"Le 25 juillet 2021, nous passons la journ\u00e9e au bord de la Brague en partant du village de Biot par le sentier de la Brague qui permet de joindre le pont des tamarins puis Valbonne. Le d\u00e9part se situe \u00e0 c\u00f4t\u00e9 des parkings gratuits, \u00e0 la balise n\u00b0350, enfance de\u2026","rel":"","context":"Dans &quot;Mini randonneur&quot;","block_context":{"text":"Mini randonneur","link":"http:\/\/www.jojoenherbe.com\/index.php\/category\/mini-crapahuteur\/mini-randonneur\/"},"img":{"alt_text":"","src":"https:\/\/i0.wp.com\/www.jojoenherbe.com\/wp-content\/uploads\/2021\/07\/Sentier-de-la-Brague-8-scaled.jpg?fit=900%2C1200&resize=350%2C200","width":350,"height":200,"srcset":"https:\/\/i0.wp.com\/www.jojoenherbe.com\/wp-content\/uploads\/2021\/07\/Sentier-de-la-Brague-8-scaled.jpg?fit=900%2C1200&resize=350%2C200 1x, https:\/\/i0.wp.com\/www.jojoenherbe.com\/wp-content\/uploads\/2021\/07\/Sentier-de-la-Brague-8-scaled.jpg?fit=900%2C1200&resize=525%2C300 1.5x, https:\/\/i0.wp.com\/www.jojoenherbe.com\/wp-content\/uploads\/2021\/07\/Sentier-de-la-Brague-8-scaled.jpg?fit=900%2C1200&resize=700%2C400 2x"},"classes":[]}],"_links":{"self":[{"href":"http:\/\/www.jojoenherbe.com\/index.php\/wp-json\/wp\/v2\/posts\/20111","targetHints":{"allow":["GET"]}}],"collection":[{"href":"http:\/\/www.jojoenherbe.com\/index.php\/wp-json\/wp\/v2\/posts"}],"about":[{"href":"http:\/\/www.jojoenherbe.com\/index.php\/wp-json\/wp\/v2\/types\/post"}],"author":[{"embeddable":true,"href":"http:\/\/www.jojoenherbe.com\/index.php\/wp-json\/wp\/v2\/users\/1"}],"replies":[{"embeddable":true,"href":"http:\/\/www.jojoenherbe.com\/index.php\/wp-json\/wp\/v2\/comments?post=20111"}],"version-history":[{"count":0,"href":"http:\/\/www.jojoenherbe.com\/index.php\/wp-json\/wp\/v2\/posts\/20111\/revisions"}],"wp:featuredmedia":[{"embeddable":true,"href":"http:\/\/www.jojoenherbe.com\/index.php\/wp-json\/wp\/v2\/media\/20112"}],"wp:attachment":[{"href":"http:\/\/www.jojoenherbe.com\/index.php\/wp-json\/wp\/v2\/media?parent=20111"}],"wp:term":[{"taxonomy":"category","embeddable":true,"href":"http:\/\/www.jojoenherbe.com\/index.php\/wp-json\/wp\/v2\/categories?post=20111"},{"taxonomy":"post_tag","embeddable":true,"href":"http:\/\/www.jojoenherbe.com\/index.php\/wp-json\/wp\/v2\/tags?post=20111"}],"curies":[{"name":"wp","href":"https:\/\/api.w.org\/{rel}","templated":true}]}}