{"id":20100,"date":"2021-08-05T17:11:34","date_gmt":"2021-08-05T15:11:34","guid":{"rendered":"http:\/\/www.jojoenherbe.com\/?p=20100"},"modified":"2021-09-28T11:03:28","modified_gmt":"2021-09-28T09:03:28","slug":"au-fil-des-pages-avec-savitri-la-vaillante","status":"publish","type":"post","link":"http:\/\/www.jojoenherbe.com\/index.php\/2021\/08\/05\/au-fil-des-pages-avec-savitri-la-vaillante\/","title":{"rendered":"Au fil des pages avec Savitri la Vaillante"},"content":{"rendered":"<p style=\"text-align: justify;\"><em>Le mois dernier, Bidib, Hilde et Blandine associaient leurs challenges respectifs pour un mois d\u00e9di\u00e9 aux contes et l\u00e9gendes d&rsquo;Inde. J&rsquo;avais ainsi emprunt\u00e9 \u00e0 la m\u00e9diath\u00e8que <span style=\"text-decoration: underline;\">Savitri la Vaillante, conte de l&rsquo;Inde<\/span> de B\u00e9atrice Tanaka (\u00e9d. Messidor\/La Farandole, coll. Parolimages,1985), un album jeunesse \u00e0 partir de 5 ans que je ne lis finalement que ce mois-ci. <\/em><\/p>\n<p style=\"text-align: justify;\"><em><a href=\"https:\/\/i0.wp.com\/www.jojoenherbe.com\/wp-content\/uploads\/2021\/08\/Savitri-la-Vaillante-2-scaled.jpg\"><img data-recalc-dims=\"1\" loading=\"lazy\" decoding=\"async\" data-attachment-id=\"20103\" data-permalink=\"http:\/\/www.jojoenherbe.com\/index.php\/2021\/08\/05\/au-fil-des-pages-avec-savitri-la-vaillante\/savitri-la-vaillante-2\/\" data-orig-file=\"https:\/\/i0.wp.com\/www.jojoenherbe.com\/wp-content\/uploads\/2021\/08\/Savitri-la-Vaillante-2-scaled.jpg?fit=2560%2C1874\" data-orig-size=\"2560,1874\" data-comments-opened=\"1\" data-image-meta=\"{&quot;aperture&quot;:&quot;1.8&quot;,&quot;credit&quot;:&quot;&quot;,&quot;camera&quot;:&quot;iPhone 7&quot;,&quot;caption&quot;:&quot;&quot;,&quot;created_timestamp&quot;:&quot;1628179733&quot;,&quot;copyright&quot;:&quot;&quot;,&quot;focal_length&quot;:&quot;3.99&quot;,&quot;iso&quot;:&quot;100&quot;,&quot;shutter_speed&quot;:&quot;0.058823529411765&quot;,&quot;title&quot;:&quot;&quot;,&quot;orientation&quot;:&quot;1&quot;}\" data-image-title=\"Savitri la Vaillante 2\" data-image-description=\"\" data-image-caption=\"\" data-large-file=\"https:\/\/i0.wp.com\/www.jojoenherbe.com\/wp-content\/uploads\/2021\/08\/Savitri-la-Vaillante-2-scaled.jpg?fit=676%2C495\" class=\"alignleft size-thumbnail wp-image-20103\" src=\"https:\/\/i0.wp.com\/www.jojoenherbe.com\/wp-content\/uploads\/2021\/08\/Savitri-la-Vaillante-2.jpg?resize=150%2C150\" alt=\"\" width=\"150\" height=\"150\" srcset=\"https:\/\/i0.wp.com\/www.jojoenherbe.com\/wp-content\/uploads\/2021\/08\/Savitri-la-Vaillante-2-scaled.jpg?resize=150%2C150 150w, https:\/\/i0.wp.com\/www.jojoenherbe.com\/wp-content\/uploads\/2021\/08\/Savitri-la-Vaillante-2-scaled.jpg?zoom=2&amp;resize=150%2C150 300w, https:\/\/i0.wp.com\/www.jojoenherbe.com\/wp-content\/uploads\/2021\/08\/Savitri-la-Vaillante-2-scaled.jpg?zoom=3&amp;resize=150%2C150 450w\" sizes=\"auto, (max-width: 150px) 100vw, 150px\" \/><\/a> <a href=\"https:\/\/i0.wp.com\/www.jojoenherbe.com\/wp-content\/uploads\/2021\/08\/Savitri-la-Vaillante-3-scaled.jpg\"><img data-recalc-dims=\"1\" loading=\"lazy\" decoding=\"async\" data-attachment-id=\"20104\" data-permalink=\"http:\/\/www.jojoenherbe.com\/index.php\/2021\/08\/05\/au-fil-des-pages-avec-savitri-la-vaillante\/savitri-la-vaillante-3\/\" data-orig-file=\"https:\/\/i0.wp.com\/www.jojoenherbe.com\/wp-content\/uploads\/2021\/08\/Savitri-la-Vaillante-3-scaled.jpg?fit=2560%2C1920\" data-orig-size=\"2560,1920\" data-comments-opened=\"1\" data-image-meta=\"{&quot;aperture&quot;:&quot;1.8&quot;,&quot;credit&quot;:&quot;&quot;,&quot;camera&quot;:&quot;iPhone 7&quot;,&quot;caption&quot;:&quot;&quot;,&quot;created_timestamp&quot;:&quot;1628179746&quot;,&quot;copyright&quot;:&quot;&quot;,&quot;focal_length&quot;:&quot;3.99&quot;,&quot;iso&quot;:&quot;100&quot;,&quot;shutter_speed&quot;:&quot;0.076923076923077&quot;,&quot;title&quot;:&quot;&quot;,&quot;orientation&quot;:&quot;1&quot;}\" data-image-title=\"Savitri la Vaillante 3\" data-image-description=\"\" data-image-caption=\"\" data-large-file=\"https:\/\/i0.wp.com\/www.jojoenherbe.com\/wp-content\/uploads\/2021\/08\/Savitri-la-Vaillante-3-scaled.jpg?fit=676%2C507\" class=\"alignleft size-thumbnail wp-image-20104\" src=\"https:\/\/i0.wp.com\/www.jojoenherbe.com\/wp-content\/uploads\/2021\/08\/Savitri-la-Vaillante-3.jpg?resize=150%2C150\" alt=\"\" width=\"150\" height=\"150\" srcset=\"https:\/\/i0.wp.com\/www.jojoenherbe.com\/wp-content\/uploads\/2021\/08\/Savitri-la-Vaillante-3-scaled.jpg?resize=150%2C150 150w, https:\/\/i0.wp.com\/www.jojoenherbe.com\/wp-content\/uploads\/2021\/08\/Savitri-la-Vaillante-3-scaled.jpg?zoom=2&amp;resize=150%2C150 300w, https:\/\/i0.wp.com\/www.jojoenherbe.com\/wp-content\/uploads\/2021\/08\/Savitri-la-Vaillante-3-scaled.jpg?zoom=3&amp;resize=150%2C150 450w\" sizes=\"auto, (max-width: 150px) 100vw, 150px\" \/><\/a>Enfant longuement d\u00e9sir\u00e9e, Savitri, une princesse hindoue, est \u00e9lev\u00e9e par des parents aimants et devient une belle jeune femme vertueuse et instruite. Quand elle est en \u00e2ge de se marier, c&rsquo;est elle qui choisit son \u00e9poux, Satyavan, fils d&rsquo;un roi ayant perdu son royaume et vivant comme b\u00fbcheron dans la for\u00eat. Mais le jeune homme \u00e9tait frapp\u00e9 par une mal\u00e9diction selon laquelle il mourrait un an apr\u00e8s leur mariage. Ils se marient quand m\u00eame et Satyavan meurt. <\/em><em>Pour sauver son mari, Savitri d\u00e9fie Yama, le Dieu de la Mort jusqu&rsquo;\u00e0 son royaume. L&rsquo;amour l&#8217;emportera-t-il sur la mort?<\/em><\/p>\n<p style=\"text-align: justify;\"><a href=\"https:\/\/i0.wp.com\/www.jojoenherbe.com\/wp-content\/uploads\/2021\/08\/Savitri-la-Vaillante-4-scaled.jpg\"><img data-recalc-dims=\"1\" loading=\"lazy\" decoding=\"async\" data-attachment-id=\"20105\" data-permalink=\"http:\/\/www.jojoenherbe.com\/index.php\/2021\/08\/05\/au-fil-des-pages-avec-savitri-la-vaillante\/savitri-la-vaillante-4\/\" data-orig-file=\"https:\/\/i0.wp.com\/www.jojoenherbe.com\/wp-content\/uploads\/2021\/08\/Savitri-la-Vaillante-4-scaled.jpg?fit=2230%2C2560\" data-orig-size=\"2230,2560\" data-comments-opened=\"1\" data-image-meta=\"{&quot;aperture&quot;:&quot;1.8&quot;,&quot;credit&quot;:&quot;&quot;,&quot;camera&quot;:&quot;iPhone 7&quot;,&quot;caption&quot;:&quot;&quot;,&quot;created_timestamp&quot;:&quot;1628179671&quot;,&quot;copyright&quot;:&quot;&quot;,&quot;focal_length&quot;:&quot;3.99&quot;,&quot;iso&quot;:&quot;100&quot;,&quot;shutter_speed&quot;:&quot;0.058823529411765&quot;,&quot;title&quot;:&quot;&quot;,&quot;orientation&quot;:&quot;1&quot;}\" data-image-title=\"Savitri la Vaillante 4\" data-image-description=\"\" data-image-caption=\"\" data-large-file=\"https:\/\/i0.wp.com\/www.jojoenherbe.com\/wp-content\/uploads\/2021\/08\/Savitri-la-Vaillante-4-scaled.jpg?fit=676%2C776\" class=\"size-thumbnail wp-image-20105 alignright\" src=\"https:\/\/i0.wp.com\/www.jojoenherbe.com\/wp-content\/uploads\/2021\/08\/Savitri-la-Vaillante-4.jpg?resize=150%2C150\" alt=\"\" width=\"150\" height=\"150\" srcset=\"https:\/\/i0.wp.com\/www.jojoenherbe.com\/wp-content\/uploads\/2021\/08\/Savitri-la-Vaillante-4-scaled.jpg?resize=150%2C150 150w, https:\/\/i0.wp.com\/www.jojoenherbe.com\/wp-content\/uploads\/2021\/08\/Savitri-la-Vaillante-4-scaled.jpg?zoom=2&amp;resize=150%2C150 300w, https:\/\/i0.wp.com\/www.jojoenherbe.com\/wp-content\/uploads\/2021\/08\/Savitri-la-Vaillante-4-scaled.jpg?zoom=3&amp;resize=150%2C150 450w\" sizes=\"auto, (max-width: 150px) 100vw, 150px\" \/><\/a><em>En dressant le portrait d&rsquo;une femme forte, intelligente et d\u00e9termin\u00e9e, l&rsquo;autrice s&rsquo;est inspir\u00e9e d&rsquo;une tradition existant encore dans une province paysanne d&rsquo;Inde, le Mithila, la demande en mariage \u00e9tant \u00e0 l&rsquo;initiative de la femme qui choisit son \u00e9poux en lui offrant un dessin. Les illustrations au style typiquement hindou alternent entre noir et blanc et couleurs vives. Un bon moment de lecture avec ce conte hindou!<\/em><\/p>\n<p style=\"text-align: justify;\"><em>Pour un autre avis sur ce conte hindou: <a href=\"https:\/\/vivrelivre19.over-blog.com\/2020\/04\/savitri-la-vaillante.conte-de-l-inde.beatrice-tanaka-1985-des-5-ans.html\">Blandine<\/a>.<\/em><\/p>\n<div id=\"attachment_18754\" style=\"width: 126px\" class=\"wp-caption alignleft\"><img loading=\"lazy\" decoding=\"async\" aria-describedby=\"caption-attachment-18754\" class=\"wp-image-18754\" src=\"https:\/\/i1.wp.com\/mapetitemediatheque.fr\/wp-content\/uploads\/2021\/06\/contes-et-legendes-dInde-I.png?resize=143%2C143\" alt=\"\" aria-describedby=\"caption-attachment-18754\" data-recalc-dims=\"1\" width=\"116\" height=\"116\"><p id=\"caption-attachment-18754\" class=\"wp-caption-text\">Participation #54 au Challenge Contes &amp; L\u00e9gendes 2021 de <a href=\"https:\/\/mapetitemediatheque.fr\/2020\/12\/challenge-contes-legendes-2021\/\">Bidib<\/a> #Contes et l\u00e9gendes d&rsquo;Inde<\/p><\/div>\n<div style=\"width: 154px\" class=\"wp-caption alignleft\"><img loading=\"lazy\" decoding=\"async\" class=\"attachment-baskerville-2-post-image  wp-post-image\" src=\"https:\/\/lelivroblog.files.wordpress.com\/2021\/05\/logo-des-etapes-indiennes-elephant.jpg?w=1000&#038;resize=144%2C96\" sizes=\"auto, (max-width: 1000px) 100vw, 1000px\" srcset=\"https:\/\/lelivroblog.files.wordpress.com\/2021\/05\/logo-des-etapes-indiennes-elephant.jpg 1000w, https:\/\/lelivroblog.files.wordpress.com\/2021\/05\/logo-des-etapes-indiennes-elephant.jpg?w=150 150w, https:\/\/lelivroblog.files.wordpress.com\/2021\/05\/logo-des-etapes-indiennes-elephant.jpg?w=300 300w, https:\/\/lelivroblog.files.wordpress.com\/2021\/05\/logo-des-etapes-indiennes-elephant.jpg?w=768 768w\" alt=\"\" data-attachment-id=\"1752\" data-permalink=\"https:\/\/lelivroblog.wordpress.com\/2021\/05\/25\/linde-et-la-litterature-jeunesse-bibliographie-non-exhaustive\/logo-des-etapes-indiennes-elephant\/\" data-orig-file=\"https:\/\/lelivroblog.files.wordpress.com\/2021\/05\/logo-des-etapes-indiennes-elephant.jpg\" data-orig-size=\"1000,666\" data-comments-opened=\"1\" data-image-meta=\"{&quot;aperture&quot;:&quot;4.5&quot;,&quot;credit&quot;:&quot;@KALAL&quot;,&quot;camera&quot;:&quot;Canon EOS 550D&quot;,&quot;caption&quot;:&quot;&quot;,&quot;created_timestamp&quot;:&quot;1399515901&quot;,&quot;copyright&quot;:&quot;&quot;,&quot;focal_length&quot;:&quot;148&quot;,&quot;iso&quot;:&quot;100&quot;,&quot;shutter_speed&quot;:&quot;0.0025&quot;,&quot;title&quot;:&quot;&quot;,&quot;orientation&quot;:&quot;0&quot;}\" data-image-title=\"Logo des \u00e9tapes indiennes \u00e9l\u00e9phant\" data-image-description=\"\" data-medium-file=\"https:\/\/lelivroblog.files.wordpress.com\/2021\/05\/logo-des-etapes-indiennes-elephant.jpg?w=300\" data-large-file=\"https:\/\/lelivroblog.files.wordpress.com\/2021\/05\/logo-des-etapes-indiennes-elephant.jpg?w=736\" data-recalc-dims=\"1\" width=\"144\" height=\"96\"><p class=\"wp-caption-text\">Participation #5 aux \u00c9tapes Indiennes de <a href=\"https:\/\/lelivroblog.wordpress.com\/2021\/03\/18\/billet-recapitulatif-des-etapes-indiennes\/\">Hilde<\/a> et <a href=\"https:\/\/vivrelivre19.over-blog.com\/2021\/05\/billet-recapitulatif-des-etapes-indiennes.html\">Blandine<\/a> #\u00c9tapes n\u00b06 et 8<\/p><\/div>\n<div style=\"width: 147px\" class=\"wp-caption alignleft\"><img loading=\"lazy\" decoding=\"async\" class=\"attachment-boston-list-medium  wp-post-image\" src=\"https:\/\/i0.wp.com\/avenuereinemathilde.com\/wp-content\/uploads\/2020\/12\/Challenge-femmes-auteures_paysage-720x380.jpg?resize=203%2C107&amp;ssl=1\" alt=\"challenge 2021 lire au f\u00e9minin\" data-recalc-dims=\"1\" width=\"137\" height=\"72\"><p class=\"wp-caption-text\">Participation #48 au Challenge Lire au f\u00e9minin de <a href=\"https:\/\/avenuereinemathilde.com\/challenge-lire-au-feminin-2021\/\">Tiphanya<\/a> #Autrice fran\u00e7aise<\/p><\/div>\n<div style=\"width: 135px\" class=\"wp-caption alignleft\"><img loading=\"lazy\" decoding=\"async\" src=\"https:\/\/lh3.googleusercontent.com\/pw\/ACtC-3eIuIHfDCWnQjrbP_Gttnq9qrZJ0sCLWnTR3GjIOIiC54aYp8f1rKz8fy3EJIYJcUrzUv3KnF-YnYTE-vhMmRU8myeq_V_5OYKPelcJ6I4-bD-P1SjmJYevXt0TGhPCpROfcXeg5SJ_4KvwWeBQfvsOWw=w285-h217-no?authuser=1\" alt=\"\" width=\"125\" height=\"95\"><p class=\"wp-caption-text\">Challenge Petit Bac d\u2019<a href=\"https:\/\/ennalit.wordpress.com\/2020\/12\/01\/challenge-petit-bac-2021-qui-veut-jouer\/\">Enna<\/a> #12 Cat\u00e9gorie Adjectif: \u00ab Vaillante \u00bb<\/p><\/div>\n","protected":false},"excerpt":{"rendered":"<p>Le mois dernier, Bidib, Hilde et Blandine associaient leurs challenges respectifs pour un mois d\u00e9di\u00e9 aux contes et l\u00e9gendes d&rsquo;Inde. J&rsquo;avais ainsi emprunt\u00e9 \u00e0 la m\u00e9diath\u00e8que Savitri la Vaillante, conte de l&rsquo;Inde de B\u00e9atrice Tanaka (\u00e9d. Messidor\/La Farandole, coll. Parolimages,1985), un album jeunesse \u00e0 partir de 5 ans que je ne lis finalement que ce [&hellip;]<\/p>\n","protected":false},"author":1,"featured_media":20106,"comment_status":"open","ping_status":"open","sticky":false,"template":"","format":"standard","meta":{"jetpack_post_was_ever_published":false,"_jetpack_newsletter_access":"","_jetpack_dont_email_post_to_subs":false,"_jetpack_newsletter_tier_id":0,"_jetpack_memberships_contains_paywalled_content":false,"_jetpack_memberships_contains_paid_content":false,"footnotes":""},"categories":[363],"tags":[995,409,777,2696,2020,2018,2651,245,895,2539,367,2028,2111,1594,980],"class_list":["post-20100","post","type-post","status-publish","format-standard","has-post-thumbnail","hentry","category-mini-lecteur","tag-5-8-ans","tag-albums-jeunesse","tag-amour","tag-beatrice-tanaka","tag-challenge-contes-et-legendes-2021","tag-challenge-petit-bac-2021","tag-conte-hindou","tag-contes","tag-determination","tag-dieux","tag-lecture-jeunesse","tag-les-etapes-indiennes-2021","tag-lire-au-feminin-2021","tag-malediction","tag-mort","post-preview"],"jetpack_featured_media_url":"https:\/\/i0.wp.com\/www.jojoenherbe.com\/wp-content\/uploads\/2021\/08\/Savitri-la-Vaillante-scaled.jpg?fit=2560%2C1920","jetpack_sharing_enabled":true,"jetpack_shortlink":"https:\/\/wp.me\/p9zhGx-5ec","jetpack_likes_enabled":true,"jetpack-related-posts":[{"id":12062,"url":"http:\/\/www.jojoenherbe.com\/index.php\/2020\/09\/01\/le-mois-des-contes-et-legendes-en-septembre-2020\/","url_meta":{"origin":20100,"position":0},"title":"Le mois des contes et l\u00e9gendes en septembre 2020","author":"Jojo","date":"1 septembre 2020","format":false,"excerpt":"Un mois de septembre 2020 s'annonce bien charg\u00e9 pour moi c\u00f4t\u00e9 challenges livresques. En plus d'\u00eatre le Mois Am\u00e9ricain, c'est aussi le Mois des Contes et L\u00e9gendes avec Bidib et son challenge Contes et L\u00e9gendes, un challenge qui me tient particuli\u00e8rement \u00e0 c\u0153ur comme celui de No\u00ebl. Bidib nous propose\u2026","rel":"","context":"Dans &quot;Mini challenger&quot;","block_context":{"text":"Mini challenger","link":"http:\/\/www.jojoenherbe.com\/index.php\/category\/mini-challenger\/"},"img":{"alt_text":"","src":"https:\/\/i0.wp.com\/www.jojoenherbe.com\/wp-content\/uploads\/2020\/09\/PAL-Le-mois-des-contes-et-legendes-2020-scaled.jpg?fit=1200%2C848&resize=350%2C200","width":350,"height":200,"srcset":"https:\/\/i0.wp.com\/www.jojoenherbe.com\/wp-content\/uploads\/2020\/09\/PAL-Le-mois-des-contes-et-legendes-2020-scaled.jpg?fit=1200%2C848&resize=350%2C200 1x, https:\/\/i0.wp.com\/www.jojoenherbe.com\/wp-content\/uploads\/2020\/09\/PAL-Le-mois-des-contes-et-legendes-2020-scaled.jpg?fit=1200%2C848&resize=525%2C300 1.5x, https:\/\/i0.wp.com\/www.jojoenherbe.com\/wp-content\/uploads\/2020\/09\/PAL-Le-mois-des-contes-et-legendes-2020-scaled.jpg?fit=1200%2C848&resize=700%2C400 2x, https:\/\/i0.wp.com\/www.jojoenherbe.com\/wp-content\/uploads\/2020\/09\/PAL-Le-mois-des-contes-et-legendes-2020-scaled.jpg?fit=1200%2C848&resize=1050%2C600 3x"},"classes":[]},{"id":17903,"url":"http:\/\/www.jojoenherbe.com\/index.php\/2021\/04\/27\/au-fil-des-pages-avec-quest-ce-que-vous-faites-monsieur-larchitecte\/","url_meta":{"origin":20100,"position":1},"title":"Au fil des pages avec Qu&rsquo;est-ce que vous faites Monsieur l&rsquo;architecte?","author":"Jojo","date":"27 avril 2021","format":false,"excerpt":"Nous lisons Qu\u2019est-ce que vous faites Monsieur l\u2019architecte? de Kunihiko Aoyama (\u00e9d. Nobi! Nobi!, 2016), un album jeunesse \u00e0 partir de\u00a0 3 ans, un\u00a0 conte avec un vieux nain un peu bourru et architecte qui entreprend la construction d\u2019une maison avec un grand belv\u00e9d\u00e8re. Tr\u00e8s vite, les animaux de la\u2026","rel":"","context":"Dans &quot;Mini lecteur&quot;","block_context":{"text":"Mini lecteur","link":"http:\/\/www.jojoenherbe.com\/index.php\/category\/mini-lecteur\/"},"img":{"alt_text":"","src":"https:\/\/i0.wp.com\/www.jojoenherbe.com\/wp-content\/uploads\/2021\/04\/Quest-ce-que-vous-faites-Monsieur-larchitecte-scaled.jpg?fit=1200%2C900&resize=350%2C200","width":350,"height":200,"srcset":"https:\/\/i0.wp.com\/www.jojoenherbe.com\/wp-content\/uploads\/2021\/04\/Quest-ce-que-vous-faites-Monsieur-larchitecte-scaled.jpg?fit=1200%2C900&resize=350%2C200 1x, https:\/\/i0.wp.com\/www.jojoenherbe.com\/wp-content\/uploads\/2021\/04\/Quest-ce-que-vous-faites-Monsieur-larchitecte-scaled.jpg?fit=1200%2C900&resize=525%2C300 1.5x, https:\/\/i0.wp.com\/www.jojoenherbe.com\/wp-content\/uploads\/2021\/04\/Quest-ce-que-vous-faites-Monsieur-larchitecte-scaled.jpg?fit=1200%2C900&resize=700%2C400 2x, https:\/\/i0.wp.com\/www.jojoenherbe.com\/wp-content\/uploads\/2021\/04\/Quest-ce-que-vous-faites-Monsieur-larchitecte-scaled.jpg?fit=1200%2C900&resize=1050%2C600 3x"},"classes":[]},{"id":17344,"url":"http:\/\/www.jojoenherbe.com\/index.php\/2021\/04\/19\/au-fil-des-pages-avec-issunboshi-le-petit-samourai\/","url_meta":{"origin":20100,"position":2},"title":"Au fil des pages avec Issunb\u00f4shi, le petit samoura\u00ef","author":"Jojo","date":"19 avril 2021","format":false,"excerpt":"J'emprunte \u00e0 la m\u00e9diath\u00e8que Issunb\u00f4shi, le petit samoura\u00ef d'Alice Bri\u00e8re-Haquet et Sanoe (\u00e9d. Nobi Nobi!, coll. Soleil Flottant, 2016), un album jeunesse \u00e0 partir de 6 ans et d\u00e9crit par l'\u00e9diteur comme une version japonaise de Tom Pouce ou du Petit Poucet, le d\u00e9but me faisant \u00e9galement penser \u00e0 Poucette.\u2026","rel":"","context":"Dans &quot;Mini lecteur&quot;","block_context":{"text":"Mini lecteur","link":"http:\/\/www.jojoenherbe.com\/index.php\/category\/mini-lecteur\/"},"img":{"alt_text":"","src":"https:\/\/i0.wp.com\/www.jojoenherbe.com\/wp-content\/uploads\/2021\/04\/Issunboshi-scaled.jpg?fit=1200%2C900&resize=350%2C200","width":350,"height":200,"srcset":"https:\/\/i0.wp.com\/www.jojoenherbe.com\/wp-content\/uploads\/2021\/04\/Issunboshi-scaled.jpg?fit=1200%2C900&resize=350%2C200 1x, https:\/\/i0.wp.com\/www.jojoenherbe.com\/wp-content\/uploads\/2021\/04\/Issunboshi-scaled.jpg?fit=1200%2C900&resize=525%2C300 1.5x, https:\/\/i0.wp.com\/www.jojoenherbe.com\/wp-content\/uploads\/2021\/04\/Issunboshi-scaled.jpg?fit=1200%2C900&resize=700%2C400 2x, https:\/\/i0.wp.com\/www.jojoenherbe.com\/wp-content\/uploads\/2021\/04\/Issunboshi-scaled.jpg?fit=1200%2C900&resize=1050%2C600 3x"},"classes":[]},{"id":15046,"url":"http:\/\/www.jojoenherbe.com\/index.php\/2021\/01\/13\/au-fil-des-pages-avec-il-etait-une-fois-le-feu-des-dragons\/","url_meta":{"origin":20100,"position":3},"title":"Au fil des pages avec Il \u00e9tait une fois le feu des dragons","author":"Jojo","date":"13 janvier 2021","format":false,"excerpt":"Depuis qu'il a \u00e9t\u00e9 gliss\u00e9 sous le sapin de No\u00ebl, nous lisons et relisons Il \u00e9tait une fois le feu des dragons de Beatrice Blue (\u00e9d. Little Urban, 2020), un album jeunesse \u00e0 partir de 3 ans. Apr\u00e8s nous avoir cont\u00e9 l'origine de la corne des licornes, Beatrice Blue nous\u2026","rel":"","context":"Dans &quot;Mini lecteur&quot;","block_context":{"text":"Mini lecteur","link":"http:\/\/www.jojoenherbe.com\/index.php\/category\/mini-lecteur\/"},"img":{"alt_text":"","src":"https:\/\/i0.wp.com\/www.jojoenherbe.com\/wp-content\/uploads\/2021\/01\/Il-etait-une-fois-le-feu-des-dragons-1-scaled.jpg?fit=1200%2C900&resize=350%2C200","width":350,"height":200,"srcset":"https:\/\/i0.wp.com\/www.jojoenherbe.com\/wp-content\/uploads\/2021\/01\/Il-etait-une-fois-le-feu-des-dragons-1-scaled.jpg?fit=1200%2C900&resize=350%2C200 1x, https:\/\/i0.wp.com\/www.jojoenherbe.com\/wp-content\/uploads\/2021\/01\/Il-etait-une-fois-le-feu-des-dragons-1-scaled.jpg?fit=1200%2C900&resize=525%2C300 1.5x, https:\/\/i0.wp.com\/www.jojoenherbe.com\/wp-content\/uploads\/2021\/01\/Il-etait-une-fois-le-feu-des-dragons-1-scaled.jpg?fit=1200%2C900&resize=700%2C400 2x, https:\/\/i0.wp.com\/www.jojoenherbe.com\/wp-content\/uploads\/2021\/01\/Il-etait-une-fois-le-feu-des-dragons-1-scaled.jpg?fit=1200%2C900&resize=1050%2C600 3x"},"classes":[]},{"id":19560,"url":"http:\/\/www.jojoenherbe.com\/index.php\/2021\/07\/02\/rat-contes-et-legendes-dinde-2021\/","url_meta":{"origin":20100,"position":4},"title":"RAT Contes et L\u00e9gendes d&rsquo;Inde 2021","author":"Jojo","date":"2 juillet 2021","format":false,"excerpt":"Du 2 au 4 juillet 2021, Bidib, Hilde et Blandine coorganisent un marathon de lectures (read-a-thon) autour des Contes et L\u00e9gendes d'Inde, \u00e0 la crois\u00e9e de leurs challenges respectifs, celui des Contes et L\u00e9gendes et des \u00c9tapes Indiennes. Encore de chouettes moments de lecture et d'\u00e9change au fil du week-end\u2026","rel":"","context":"Dans &quot;Mini challenger&quot;","block_context":{"text":"Mini challenger","link":"http:\/\/www.jojoenherbe.com\/index.php\/category\/mini-challenger\/"},"img":{"alt_text":"","src":"https:\/\/i0.wp.com\/www.jojoenherbe.com\/wp-content\/uploads\/2021\/07\/RAT-Contes-et-legendes-dInde-2021-1024x575.jpg?resize=350%2C200","width":350,"height":200,"srcset":"https:\/\/i0.wp.com\/www.jojoenherbe.com\/wp-content\/uploads\/2021\/07\/RAT-Contes-et-legendes-dInde-2021-1024x575.jpg?resize=350%2C200 1x, https:\/\/i0.wp.com\/www.jojoenherbe.com\/wp-content\/uploads\/2021\/07\/RAT-Contes-et-legendes-dInde-2021-1024x575.jpg?resize=525%2C300 1.5x"},"classes":[]},{"id":17447,"url":"http:\/\/www.jojoenherbe.com\/index.php\/2021\/04\/16\/au-fil-des-pages-avec-le-maitre-des-estampes\/","url_meta":{"origin":20100,"position":5},"title":"Au fil des pages avec Le ma\u00eetre des estampes","author":"Jojo","date":"16 avril 2021","format":false,"excerpt":"En cherchant des albums jeunesse pour Un mois au Japon \u00e0 la m\u00e9diath\u00e8que, j'ai jet\u00e9 mon d\u00e9volu sur un album de Thierry Dedieu, un auteur\/illustrateur que j'appr\u00e9cie beaucoup et au style tr\u00e8s vari\u00e9 et pour tous les \u00e2ges comme par exemple, en tant qu'illustrateur, sa s\u00e9rie hilarante avec Fr\u00e9d\u00e9ric Marais,\u2026","rel":"","context":"Dans &quot;Mini lecteur&quot;","block_context":{"text":"Mini lecteur","link":"http:\/\/www.jojoenherbe.com\/index.php\/category\/mini-lecteur\/"},"img":{"alt_text":"","src":"https:\/\/i0.wp.com\/www.jojoenherbe.com\/wp-content\/uploads\/2021\/04\/Le-maitre-des-estampes-scaled.jpg?fit=1200%2C900&resize=350%2C200","width":350,"height":200,"srcset":"https:\/\/i0.wp.com\/www.jojoenherbe.com\/wp-content\/uploads\/2021\/04\/Le-maitre-des-estampes-scaled.jpg?fit=1200%2C900&resize=350%2C200 1x, https:\/\/i0.wp.com\/www.jojoenherbe.com\/wp-content\/uploads\/2021\/04\/Le-maitre-des-estampes-scaled.jpg?fit=1200%2C900&resize=525%2C300 1.5x, https:\/\/i0.wp.com\/www.jojoenherbe.com\/wp-content\/uploads\/2021\/04\/Le-maitre-des-estampes-scaled.jpg?fit=1200%2C900&resize=700%2C400 2x, https:\/\/i0.wp.com\/www.jojoenherbe.com\/wp-content\/uploads\/2021\/04\/Le-maitre-des-estampes-scaled.jpg?fit=1200%2C900&resize=1050%2C600 3x"},"classes":[]}],"_links":{"self":[{"href":"http:\/\/www.jojoenherbe.com\/index.php\/wp-json\/wp\/v2\/posts\/20100","targetHints":{"allow":["GET"]}}],"collection":[{"href":"http:\/\/www.jojoenherbe.com\/index.php\/wp-json\/wp\/v2\/posts"}],"about":[{"href":"http:\/\/www.jojoenherbe.com\/index.php\/wp-json\/wp\/v2\/types\/post"}],"author":[{"embeddable":true,"href":"http:\/\/www.jojoenherbe.com\/index.php\/wp-json\/wp\/v2\/users\/1"}],"replies":[{"embeddable":true,"href":"http:\/\/www.jojoenherbe.com\/index.php\/wp-json\/wp\/v2\/comments?post=20100"}],"version-history":[{"count":0,"href":"http:\/\/www.jojoenherbe.com\/index.php\/wp-json\/wp\/v2\/posts\/20100\/revisions"}],"wp:featuredmedia":[{"embeddable":true,"href":"http:\/\/www.jojoenherbe.com\/index.php\/wp-json\/wp\/v2\/media\/20106"}],"wp:attachment":[{"href":"http:\/\/www.jojoenherbe.com\/index.php\/wp-json\/wp\/v2\/media?parent=20100"}],"wp:term":[{"taxonomy":"category","embeddable":true,"href":"http:\/\/www.jojoenherbe.com\/index.php\/wp-json\/wp\/v2\/categories?post=20100"},{"taxonomy":"post_tag","embeddable":true,"href":"http:\/\/www.jojoenherbe.com\/index.php\/wp-json\/wp\/v2\/tags?post=20100"}],"curies":[{"name":"wp","href":"https:\/\/api.w.org\/{rel}","templated":true}]}}