{"id":19858,"date":"2021-07-26T23:04:57","date_gmt":"2021-07-26T21:04:57","guid":{"rendered":"http:\/\/www.jojoenherbe.com\/?p=19858"},"modified":"2022-06-14T10:47:41","modified_gmt":"2022-06-14T08:47:41","slug":"au-fil-des-pages-avec-lours-lelan-et-le-castor","status":"publish","type":"post","link":"http:\/\/www.jojoenherbe.com\/index.php\/2021\/07\/26\/au-fil-des-pages-avec-lours-lelan-et-le-castor\/","title":{"rendered":"Au fil des pages avec l&rsquo;ours, l&rsquo;\u00e9lan et le castor"},"content":{"rendered":"<p style=\"text-align: justify;\"><em>Depuis le mois dernier, nous lisons tr\u00e8s r\u00e9guli\u00e8rement une s\u00e9rie livresque rigolote mettant en sc\u00e8ne un ours, un \u00e9lan et un castor de Nicholas Oldland, un auteur\/illustrateur canadien. Nous en avons lu 4 de cette s\u00e9rie d&rsquo;albums jeunesse \u00e0 partir de 3 ans.<\/em><\/p>\n<ul style=\"text-align: justify;\">\n<li style=\"text-align: justify;\"><strong><em><span style=\"text-decoration: underline;\">Les rameurs<\/span><\/em><\/strong><\/li>\n<\/ul>\n<p style=\"text-align: justify;\"><em><a href=\"https:\/\/i0.wp.com\/www.jojoenherbe.com\/wp-content\/uploads\/2021\/07\/Les-rameurs-2-scaled.jpg\"><img data-recalc-dims=\"1\" loading=\"lazy\" decoding=\"async\" data-attachment-id=\"19873\" data-permalink=\"http:\/\/www.jojoenherbe.com\/index.php\/2021\/07\/26\/au-fil-des-pages-avec-lours-lelan-et-le-castor\/les-rameurs-2\/\" data-orig-file=\"https:\/\/i0.wp.com\/www.jojoenherbe.com\/wp-content\/uploads\/2021\/07\/Les-rameurs-2-scaled.jpg?fit=2560%2C1713\" data-orig-size=\"2560,1713\" data-comments-opened=\"1\" data-image-meta=\"{&quot;aperture&quot;:&quot;1.8&quot;,&quot;credit&quot;:&quot;&quot;,&quot;camera&quot;:&quot;iPhone 7&quot;,&quot;caption&quot;:&quot;&quot;,&quot;created_timestamp&quot;:&quot;1627135284&quot;,&quot;copyright&quot;:&quot;&quot;,&quot;focal_length&quot;:&quot;3.99&quot;,&quot;iso&quot;:&quot;80&quot;,&quot;shutter_speed&quot;:&quot;0.2&quot;,&quot;title&quot;:&quot;&quot;,&quot;orientation&quot;:&quot;1&quot;}\" data-image-title=\"Les rameurs 2\" data-image-description=\"\" data-image-caption=\"\" data-large-file=\"https:\/\/i0.wp.com\/www.jojoenherbe.com\/wp-content\/uploads\/2021\/07\/Les-rameurs-2-scaled.jpg?fit=676%2C452\" class=\"alignleft size-thumbnail wp-image-19873\" src=\"https:\/\/i0.wp.com\/www.jojoenherbe.com\/wp-content\/uploads\/2021\/07\/Les-rameurs-2.jpg?resize=150%2C150\" alt=\"\" width=\"150\" height=\"150\" srcset=\"https:\/\/i0.wp.com\/www.jojoenherbe.com\/wp-content\/uploads\/2021\/07\/Les-rameurs-2-scaled.jpg?resize=150%2C150 150w, https:\/\/i0.wp.com\/www.jojoenherbe.com\/wp-content\/uploads\/2021\/07\/Les-rameurs-2-scaled.jpg?zoom=2&amp;resize=150%2C150 300w, https:\/\/i0.wp.com\/www.jojoenherbe.com\/wp-content\/uploads\/2021\/07\/Les-rameurs-2-scaled.jpg?zoom=3&amp;resize=150%2C150 450w\" sizes=\"auto, (max-width: 150px) 100vw, 150px\" \/><\/a> <a href=\"https:\/\/i0.wp.com\/www.jojoenherbe.com\/wp-content\/uploads\/2021\/07\/Les-rameurs-3-scaled.jpg\"><img data-recalc-dims=\"1\" loading=\"lazy\" decoding=\"async\" data-attachment-id=\"19874\" data-permalink=\"http:\/\/www.jojoenherbe.com\/index.php\/2021\/07\/26\/au-fil-des-pages-avec-lours-lelan-et-le-castor\/les-rameurs-3\/\" data-orig-file=\"https:\/\/i0.wp.com\/www.jojoenherbe.com\/wp-content\/uploads\/2021\/07\/Les-rameurs-3-scaled.jpg?fit=2560%2C1744\" data-orig-size=\"2560,1744\" data-comments-opened=\"1\" data-image-meta=\"{&quot;aperture&quot;:&quot;1.8&quot;,&quot;credit&quot;:&quot;&quot;,&quot;camera&quot;:&quot;iPhone 7&quot;,&quot;caption&quot;:&quot;&quot;,&quot;created_timestamp&quot;:&quot;1627135314&quot;,&quot;copyright&quot;:&quot;&quot;,&quot;focal_length&quot;:&quot;3.99&quot;,&quot;iso&quot;:&quot;100&quot;,&quot;shutter_speed&quot;:&quot;0.16666666666667&quot;,&quot;title&quot;:&quot;&quot;,&quot;orientation&quot;:&quot;1&quot;}\" data-image-title=\"Les rameurs 3\" data-image-description=\"\" data-image-caption=\"\" data-large-file=\"https:\/\/i0.wp.com\/www.jojoenherbe.com\/wp-content\/uploads\/2021\/07\/Les-rameurs-3-scaled.jpg?fit=676%2C461\" class=\"alignleft size-thumbnail wp-image-19874\" src=\"https:\/\/i0.wp.com\/www.jojoenherbe.com\/wp-content\/uploads\/2021\/07\/Les-rameurs-3.jpg?resize=150%2C150\" alt=\"\" width=\"150\" height=\"150\" srcset=\"https:\/\/i0.wp.com\/www.jojoenherbe.com\/wp-content\/uploads\/2021\/07\/Les-rameurs-3-scaled.jpg?resize=150%2C150 150w, https:\/\/i0.wp.com\/www.jojoenherbe.com\/wp-content\/uploads\/2021\/07\/Les-rameurs-3-scaled.jpg?zoom=2&amp;resize=150%2C150 300w, https:\/\/i0.wp.com\/www.jojoenherbe.com\/wp-content\/uploads\/2021\/07\/Les-rameurs-3-scaled.jpg?zoom=3&amp;resize=150%2C150 450w\" sizes=\"auto, (max-width: 150px) 100vw, 150px\" \/><\/a>Nous avons commenc\u00e9 par <span style=\"text-decoration: underline;\">Les rameurs<\/span> de Nicholas Oldland (\u00e9d. Bayard Jeunesse, 2015), un album jeunesse \u00e0 partir de 3 ans. <\/em><em><span class=\"\">Trois amis, un ours, un \u00e9lan et un castor partent faire du cano\u00eb. Mais \u00e0 force de se disputer, ils ne voient pas que la tranquille rivi\u00e8re se transforme en puissant torrent. Parviendront-ils \u00e0 s\u2019entendre et coop\u00e9rer en une \u00e9quipe soud\u00e9e? Quelle aventure pour ce trio, chacun pr\u00e9f\u00e9rant dans un premier temps faire passer ses envies et int\u00e9r\u00eats avant ceux du groupe! Le jeune lecteur pourra facilement s&rsquo;identifier dans leurs maladresses et b\u00eatises qui peut le renvoyer dans son propre apprentissage de vivre en communaut\u00e9 comme \u00e0 l&rsquo;\u00e9cole.<br \/>\n<\/span><\/em><\/p>\n<ul style=\"text-align: justify;\">\n<li><strong><em><span style=\"text-decoration: underline;\">Un castor tr\u00e8s occup\u00e9<\/span><\/em><\/strong><\/li>\n<\/ul>\n<p style=\"text-align: justify;\"><em><a href=\"https:\/\/i0.wp.com\/www.jojoenherbe.com\/wp-content\/uploads\/2021\/07\/Un-castor-tres-occupe-2-scaled.jpg\"><img data-recalc-dims=\"1\" loading=\"lazy\" decoding=\"async\" data-attachment-id=\"19869\" data-permalink=\"http:\/\/www.jojoenherbe.com\/index.php\/2021\/07\/26\/au-fil-des-pages-avec-lours-lelan-et-le-castor\/un-castor-tres-occupe-2\/\" data-orig-file=\"https:\/\/i0.wp.com\/www.jojoenherbe.com\/wp-content\/uploads\/2021\/07\/Un-castor-tres-occupe-2-scaled.jpg?fit=2560%2C1684\" data-orig-size=\"2560,1684\" data-comments-opened=\"1\" data-image-meta=\"{&quot;aperture&quot;:&quot;1.8&quot;,&quot;credit&quot;:&quot;&quot;,&quot;camera&quot;:&quot;iPhone 7&quot;,&quot;caption&quot;:&quot;&quot;,&quot;created_timestamp&quot;:&quot;1627135174&quot;,&quot;copyright&quot;:&quot;&quot;,&quot;focal_length&quot;:&quot;3.99&quot;,&quot;iso&quot;:&quot;100&quot;,&quot;shutter_speed&quot;:&quot;0.14285714285714&quot;,&quot;title&quot;:&quot;&quot;,&quot;orientation&quot;:&quot;1&quot;}\" data-image-title=\"Un castor tr\u00e8s occup\u00e9 2\" data-image-description=\"\" data-image-caption=\"\" data-large-file=\"https:\/\/i0.wp.com\/www.jojoenherbe.com\/wp-content\/uploads\/2021\/07\/Un-castor-tres-occupe-2-scaled.jpg?fit=676%2C445\" class=\"size-thumbnail wp-image-19869 alignright\" src=\"https:\/\/i0.wp.com\/www.jojoenherbe.com\/wp-content\/uploads\/2021\/07\/Un-castor-tres-occupe-2.jpg?resize=150%2C150\" alt=\"\" width=\"150\" height=\"150\" srcset=\"https:\/\/i0.wp.com\/www.jojoenherbe.com\/wp-content\/uploads\/2021\/07\/Un-castor-tres-occupe-2-scaled.jpg?resize=150%2C150 150w, https:\/\/i0.wp.com\/www.jojoenherbe.com\/wp-content\/uploads\/2021\/07\/Un-castor-tres-occupe-2-scaled.jpg?zoom=2&amp;resize=150%2C150 300w, https:\/\/i0.wp.com\/www.jojoenherbe.com\/wp-content\/uploads\/2021\/07\/Un-castor-tres-occupe-2-scaled.jpg?zoom=3&amp;resize=150%2C150 450w\" sizes=\"auto, (max-width: 150px) 100vw, 150px\" \/><\/a> <a href=\"https:\/\/i0.wp.com\/www.jojoenherbe.com\/wp-content\/uploads\/2021\/07\/Un-castor-tres-occupe-scaled.jpg\"><img data-recalc-dims=\"1\" loading=\"lazy\" decoding=\"async\" data-attachment-id=\"19870\" data-permalink=\"http:\/\/www.jojoenherbe.com\/index.php\/2021\/07\/26\/au-fil-des-pages-avec-lours-lelan-et-le-castor\/un-castor-tres-occupe\/\" data-orig-file=\"https:\/\/i0.wp.com\/www.jojoenherbe.com\/wp-content\/uploads\/2021\/07\/Un-castor-tres-occupe-scaled.jpg?fit=2560%2C1730\" data-orig-size=\"2560,1730\" data-comments-opened=\"1\" data-image-meta=\"{&quot;aperture&quot;:&quot;1.8&quot;,&quot;credit&quot;:&quot;&quot;,&quot;camera&quot;:&quot;iPhone 7&quot;,&quot;caption&quot;:&quot;&quot;,&quot;created_timestamp&quot;:&quot;1627135127&quot;,&quot;copyright&quot;:&quot;&quot;,&quot;focal_length&quot;:&quot;3.99&quot;,&quot;iso&quot;:&quot;100&quot;,&quot;shutter_speed&quot;:&quot;0.2&quot;,&quot;title&quot;:&quot;&quot;,&quot;orientation&quot;:&quot;1&quot;}\" data-image-title=\"Un castor tr\u00e8s occup\u00e9\" data-image-description=\"\" data-image-caption=\"\" data-large-file=\"https:\/\/i0.wp.com\/www.jojoenherbe.com\/wp-content\/uploads\/2021\/07\/Un-castor-tres-occupe-scaled.jpg?fit=676%2C457\" class=\"size-thumbnail wp-image-19870 alignright\" src=\"https:\/\/i0.wp.com\/www.jojoenherbe.com\/wp-content\/uploads\/2021\/07\/Un-castor-tres-occupe.jpg?resize=150%2C150\" alt=\"\" width=\"150\" height=\"150\" srcset=\"https:\/\/i0.wp.com\/www.jojoenherbe.com\/wp-content\/uploads\/2021\/07\/Un-castor-tres-occupe-scaled.jpg?resize=150%2C150 150w, https:\/\/i0.wp.com\/www.jojoenherbe.com\/wp-content\/uploads\/2021\/07\/Un-castor-tres-occupe-scaled.jpg?zoom=2&amp;resize=150%2C150 300w, https:\/\/i0.wp.com\/www.jojoenherbe.com\/wp-content\/uploads\/2021\/07\/Un-castor-tres-occupe-scaled.jpg?zoom=3&amp;resize=150%2C150 450w\" sizes=\"auto, (max-width: 150px) 100vw, 150px\" \/><\/a>Nous en apprenons un peu plus sur le castor dans <span style=\"text-decoration: underline;\">Un castor tr\u00e8s occup\u00e9<\/span> (\u00e9d. Bayard Jeunesse, 2016), un album jeunesse \u00e0 partir de 3 ans. Ne prenant jamais le temps de r\u00e9fl\u00e9chir avant de se lancer dans ses activit\u00e9s quotidiennes comme couper des arbres ou fabriquer un barrage, le castor finit par commettre la catastrophe de trop: se blesser. Alors qu&rsquo;il est en convalescence \u00e0 l&rsquo;h\u00f4pital, il se rend enfin compte qu&rsquo;il a aussi bless\u00e9 ses amis, l&rsquo;\u00e9lan et l&rsquo;ours et mis sans dessus dessous la for\u00eat. Parviendra-t-il \u00e0 se faire pardonner et remettre de l&rsquo;ordre dans tous les projets entam\u00e9s? Il est ainsi question de vivre ensemble et de protection de l&rsquo;environnement.<br \/>\n<\/em><\/p>\n<ul style=\"text-align: justify;\">\n<li><strong><em><span style=\"text-decoration: underline;\">Gros c\u00e2lin<\/span><\/em><\/strong><\/li>\n<\/ul>\n<p style=\"text-align: justify;\"><em><a href=\"https:\/\/i0.wp.com\/www.jojoenherbe.com\/wp-content\/uploads\/2021\/07\/Gros-calin-scaled.jpg\"><img data-recalc-dims=\"1\" loading=\"lazy\" decoding=\"async\" data-attachment-id=\"19872\" data-permalink=\"http:\/\/www.jojoenherbe.com\/index.php\/2021\/07\/26\/au-fil-des-pages-avec-lours-lelan-et-le-castor\/gros-calin\/\" data-orig-file=\"https:\/\/i0.wp.com\/www.jojoenherbe.com\/wp-content\/uploads\/2021\/07\/Gros-calin-scaled.jpg?fit=2560%2C1597\" data-orig-size=\"2560,1597\" data-comments-opened=\"1\" data-image-meta=\"{&quot;aperture&quot;:&quot;1.8&quot;,&quot;credit&quot;:&quot;&quot;,&quot;camera&quot;:&quot;iPhone 7&quot;,&quot;caption&quot;:&quot;&quot;,&quot;created_timestamp&quot;:&quot;1627135347&quot;,&quot;copyright&quot;:&quot;&quot;,&quot;focal_length&quot;:&quot;3.99&quot;,&quot;iso&quot;:&quot;80&quot;,&quot;shutter_speed&quot;:&quot;0.16666666666667&quot;,&quot;title&quot;:&quot;&quot;,&quot;orientation&quot;:&quot;1&quot;}\" data-image-title=\"Gros c\u00e2lin\" data-image-description=\"\" data-image-caption=\"\" data-large-file=\"https:\/\/i0.wp.com\/www.jojoenherbe.com\/wp-content\/uploads\/2021\/07\/Gros-calin-scaled.jpg?fit=676%2C422\" class=\"alignleft size-thumbnail wp-image-19872\" src=\"https:\/\/i0.wp.com\/www.jojoenherbe.com\/wp-content\/uploads\/2021\/07\/Gros-calin.jpg?resize=150%2C150\" alt=\"\" width=\"150\" height=\"150\" srcset=\"https:\/\/i0.wp.com\/www.jojoenherbe.com\/wp-content\/uploads\/2021\/07\/Gros-calin-scaled.jpg?resize=150%2C150 150w, https:\/\/i0.wp.com\/www.jojoenherbe.com\/wp-content\/uploads\/2021\/07\/Gros-calin-scaled.jpg?zoom=2&amp;resize=150%2C150 300w, https:\/\/i0.wp.com\/www.jojoenherbe.com\/wp-content\/uploads\/2021\/07\/Gros-calin-scaled.jpg?zoom=3&amp;resize=150%2C150 450w\" sizes=\"auto, (max-width: 150px) 100vw, 150px\" \/><\/a> <a href=\"https:\/\/i0.wp.com\/www.jojoenherbe.com\/wp-content\/uploads\/2021\/07\/Gros-calin-2-scaled.jpg\"><img data-recalc-dims=\"1\" loading=\"lazy\" decoding=\"async\" data-attachment-id=\"19871\" data-permalink=\"http:\/\/www.jojoenherbe.com\/index.php\/2021\/07\/26\/au-fil-des-pages-avec-lours-lelan-et-le-castor\/gros-calin-2\/\" data-orig-file=\"https:\/\/i0.wp.com\/www.jojoenherbe.com\/wp-content\/uploads\/2021\/07\/Gros-calin-2-scaled.jpg?fit=2560%2C1689\" data-orig-size=\"2560,1689\" data-comments-opened=\"1\" data-image-meta=\"{&quot;aperture&quot;:&quot;1.8&quot;,&quot;credit&quot;:&quot;&quot;,&quot;camera&quot;:&quot;iPhone 7&quot;,&quot;caption&quot;:&quot;&quot;,&quot;created_timestamp&quot;:&quot;1627135375&quot;,&quot;copyright&quot;:&quot;&quot;,&quot;focal_length&quot;:&quot;3.99&quot;,&quot;iso&quot;:&quot;80&quot;,&quot;shutter_speed&quot;:&quot;0.2&quot;,&quot;title&quot;:&quot;&quot;,&quot;orientation&quot;:&quot;1&quot;}\" data-image-title=\"Gros c\u00e2lin 2\" data-image-description=\"\" data-image-caption=\"\" data-large-file=\"https:\/\/i0.wp.com\/www.jojoenherbe.com\/wp-content\/uploads\/2021\/07\/Gros-calin-2-scaled.jpg?fit=676%2C446\" class=\"alignleft size-thumbnail wp-image-19871\" src=\"https:\/\/i0.wp.com\/www.jojoenherbe.com\/wp-content\/uploads\/2021\/07\/Gros-calin-2.jpg?resize=150%2C150\" alt=\"\" width=\"150\" height=\"150\" srcset=\"https:\/\/i0.wp.com\/www.jojoenherbe.com\/wp-content\/uploads\/2021\/07\/Gros-calin-2-scaled.jpg?resize=150%2C150 150w, https:\/\/i0.wp.com\/www.jojoenherbe.com\/wp-content\/uploads\/2021\/07\/Gros-calin-2-scaled.jpg?zoom=2&amp;resize=150%2C150 300w, https:\/\/i0.wp.com\/www.jojoenherbe.com\/wp-content\/uploads\/2021\/07\/Gros-calin-2-scaled.jpg?zoom=3&amp;resize=150%2C150 450w\" sizes=\"auto, (max-width: 150px) 100vw, 150px\" \/><\/a>Cette fois, nous comprenons mieux pourquoi l&rsquo;ours serrait contre lui un arbre dans <span style=\"text-decoration: underline;\">Un castor tr\u00e8s occup\u00e9<\/span> en lisant <span style=\"text-decoration: underline;\">Gros c\u00e2lin<\/span> (\u00e9d. Bayard Jeunesse, 2014), un album jeunesse \u00e0 partir de 3 ans. En effet, l&rsquo;ours passe son temps \u00e0 faire des c\u00e2lins \u00e0 tout le monde, m\u00eame les lapins et surtout aux arbres qu&rsquo;il affectionne par-dessus tout. Comment va-t-il r\u00e9agir quand un b\u00fbcheron tente de couper le plus grand arbre de la for\u00eat? Comme dans l&rsquo;histoire pr\u00e9c\u00e9dente, l&rsquo;auteur fait passer avec humour un message \u00e9cologique en s&rsquo;amusant \u00e0 jouer sur le caract\u00e8re attendu de l&rsquo;ours qui se r\u00e9v\u00e8le \u00eatre un animal doux et c\u00e2lin.<br \/>\n<\/em><\/p>\n<ul style=\"text-align: justify;\">\n<li><strong><em><span style=\"text-decoration: underline;\">\u00c0 toute vitesse!<\/span><\/em><\/strong><\/li>\n<\/ul>\n<p style=\"text-align: justify;\"><em><span class=\"\"><a href=\"https:\/\/i0.wp.com\/www.jojoenherbe.com\/wp-content\/uploads\/2021\/07\/A-toute-vitesse-2-scaled.jpg\"><img data-recalc-dims=\"1\" loading=\"lazy\" decoding=\"async\" data-attachment-id=\"19875\" data-permalink=\"http:\/\/www.jojoenherbe.com\/index.php\/2021\/07\/26\/au-fil-des-pages-avec-lours-lelan-et-le-castor\/a-toute-vitesse-2\/\" data-orig-file=\"https:\/\/i0.wp.com\/www.jojoenherbe.com\/wp-content\/uploads\/2021\/07\/A-toute-vitesse-2-scaled.jpg?fit=2560%2C1561\" data-orig-size=\"2560,1561\" data-comments-opened=\"1\" data-image-meta=\"{&quot;aperture&quot;:&quot;1.8&quot;,&quot;credit&quot;:&quot;&quot;,&quot;camera&quot;:&quot;iPhone 7&quot;,&quot;caption&quot;:&quot;&quot;,&quot;created_timestamp&quot;:&quot;1627135221&quot;,&quot;copyright&quot;:&quot;&quot;,&quot;focal_length&quot;:&quot;3.99&quot;,&quot;iso&quot;:&quot;100&quot;,&quot;shutter_speed&quot;:&quot;0.16666666666667&quot;,&quot;title&quot;:&quot;&quot;,&quot;orientation&quot;:&quot;1&quot;}\" data-image-title=\"A toute vitesse 2\" data-image-description=\"\" data-image-caption=\"\" data-large-file=\"https:\/\/i0.wp.com\/www.jojoenherbe.com\/wp-content\/uploads\/2021\/07\/A-toute-vitesse-2-scaled.jpg?fit=676%2C412\" class=\"size-thumbnail wp-image-19875 alignright\" src=\"https:\/\/i0.wp.com\/www.jojoenherbe.com\/wp-content\/uploads\/2021\/07\/A-toute-vitesse-2.jpg?resize=150%2C150\" alt=\"\" width=\"150\" height=\"150\" srcset=\"https:\/\/i0.wp.com\/www.jojoenherbe.com\/wp-content\/uploads\/2021\/07\/A-toute-vitesse-2-scaled.jpg?resize=150%2C150 150w, https:\/\/i0.wp.com\/www.jojoenherbe.com\/wp-content\/uploads\/2021\/07\/A-toute-vitesse-2-scaled.jpg?zoom=2&amp;resize=150%2C150 300w, https:\/\/i0.wp.com\/www.jojoenherbe.com\/wp-content\/uploads\/2021\/07\/A-toute-vitesse-2-scaled.jpg?zoom=3&amp;resize=150%2C150 450w\" sizes=\"auto, (max-width: 150px) 100vw, 150px\" \/><\/a> <a href=\"https:\/\/i0.wp.com\/www.jojoenherbe.com\/wp-content\/uploads\/2021\/07\/A-toute-vitesse-scaled.jpg\"><img data-recalc-dims=\"1\" loading=\"lazy\" decoding=\"async\" data-attachment-id=\"19876\" data-permalink=\"http:\/\/www.jojoenherbe.com\/index.php\/2021\/07\/26\/au-fil-des-pages-avec-lours-lelan-et-le-castor\/a-toute-vitesse\/\" data-orig-file=\"https:\/\/i0.wp.com\/www.jojoenherbe.com\/wp-content\/uploads\/2021\/07\/A-toute-vitesse-scaled.jpg?fit=2560%2C1920\" data-orig-size=\"2560,1920\" data-comments-opened=\"1\" data-image-meta=\"{&quot;aperture&quot;:&quot;1.8&quot;,&quot;credit&quot;:&quot;&quot;,&quot;camera&quot;:&quot;iPhone 7&quot;,&quot;caption&quot;:&quot;&quot;,&quot;created_timestamp&quot;:&quot;1627135208&quot;,&quot;copyright&quot;:&quot;&quot;,&quot;focal_length&quot;:&quot;3.99&quot;,&quot;iso&quot;:&quot;80&quot;,&quot;shutter_speed&quot;:&quot;0.16666666666667&quot;,&quot;title&quot;:&quot;&quot;,&quot;orientation&quot;:&quot;1&quot;}\" data-image-title=\"A toute vitesse\" data-image-description=\"\" data-image-caption=\"\" data-large-file=\"https:\/\/i0.wp.com\/www.jojoenherbe.com\/wp-content\/uploads\/2021\/07\/A-toute-vitesse-scaled.jpg?fit=676%2C507\" class=\"size-thumbnail wp-image-19876 alignright\" src=\"https:\/\/i0.wp.com\/www.jojoenherbe.com\/wp-content\/uploads\/2021\/07\/A-toute-vitesse.jpg?resize=150%2C150\" alt=\"\" width=\"150\" height=\"150\" srcset=\"https:\/\/i0.wp.com\/www.jojoenherbe.com\/wp-content\/uploads\/2021\/07\/A-toute-vitesse-scaled.jpg?resize=150%2C150 150w, https:\/\/i0.wp.com\/www.jojoenherbe.com\/wp-content\/uploads\/2021\/07\/A-toute-vitesse-scaled.jpg?zoom=2&amp;resize=150%2C150 300w, https:\/\/i0.wp.com\/www.jojoenherbe.com\/wp-content\/uploads\/2021\/07\/A-toute-vitesse-scaled.jpg?zoom=3&amp;resize=150%2C150 450w\" sizes=\"auto, (max-width: 150px) 100vw, 150px\" \/><\/a>Nous finissons par <span style=\"text-decoration: underline;\">\u00c0 toute vitesse!<\/span> (\u00e9d. Bayard Jeunesse, 2017). L&rsquo;auteur reprend une trame identique \u00e0 celle utilis\u00e9e dans <span style=\"text-decoration: underline;\">Les rameurs<\/span> mais cette fois lors d\u2019une randonn\u00e9e \u00e0 la montagne, l\u2019esprit de comp\u00e9tition prenant le pas sur leur amiti\u00e9 jusqu\u2019\u00e0 ce que l\u2019un d\u2019eux fasse une chute. Il est ainsi question de partage et de vivre ensemble, prendre le temps de partager ensemble cette aventure leur apportant plus de joie que de finir le premier le sentier de randonn\u00e9e.<br \/>\n<\/span><\/em><\/p>\n<p style=\"text-align: justify;\"><em><span class=\"\">A chaque histoire remplie de bons sentiments, il est amusant de retrouver le trio attachant &#8211; castor, ours et \u00e9lan et m\u00eame un quatri\u00e8me animal, un petit oiseau qui n&rsquo;est jamais loin d&rsquo;eux. Les illustrations sont certes simples et color\u00e9es mais les personnages expressifs et nous emmenant au Canada comme lorsque nous avions lu <span style=\"text-decoration: underline;\">La chasse au caribou<\/span> de C\u00e9line Claire et S\u00e9bastien Chebret (\u00e9d. L&rsquo;\u00e9lan Vert, 2016). De bons moments de lectures accompagn\u00e9s de rires! Il existe d\u2019autres histoires de ce trio rigolo que j\u2019esp\u00e8re pouvoir d\u00e9nicher<\/span> comme <span style=\"text-decoration: underline;\">Le grand frisson<\/span> (\u00e9d. Bayard Jeunesse, 2017).<\/em><\/p>\n","protected":false},"excerpt":{"rendered":"<p>Depuis le mois dernier, nous lisons tr\u00e8s r\u00e9guli\u00e8rement une s\u00e9rie livresque rigolote mettant en sc\u00e8ne un ours, un \u00e9lan et un castor de Nicholas Oldland, un auteur\/illustrateur canadien. Nous en avons lu 4 de cette s\u00e9rie d&rsquo;albums jeunesse \u00e0 partir de 3 ans. Les rameurs Nous avons commenc\u00e9 par Les rameurs de Nicholas Oldland (\u00e9d. [&hellip;]<\/p>\n","protected":false},"author":1,"featured_media":19861,"comment_status":"open","ping_status":"open","sticky":false,"template":"","format":"standard","meta":{"jetpack_post_was_ever_published":false,"_jetpack_newsletter_access":"","_jetpack_dont_email_post_to_subs":false,"_jetpack_newsletter_tier_id":0,"_jetpack_memberships_contains_paywalled_content":false,"_jetpack_memberships_contains_paid_content":false,"footnotes":""},"categories":[363],"tags":[785,409,386,808,601,1092,634,1659,2669,879,960,1178,1103,390,765,538,2668,393,366,1528,864,448],"class_list":["post-19858","post","type-post","status-publish","format-standard","has-post-thumbnail","hentry","category-mini-lecteur","tag-3-6-ans","tag-albums-jeunesse","tag-amitie","tag-animaux-de-la-foret","tag-aventure","tag-blessure","tag-calin","tag-canada","tag-canoe","tag-castor","tag-dispute","tag-ecologie","tag-elan","tag-entraide","tag-environnement","tag-humour","tag-nicholas-oldland","tag-oiseau","tag-ours","tag-randonnee","tag-riviere","tag-vivre-ensemble","post-preview"],"jetpack_featured_media_url":"https:\/\/i0.wp.com\/www.jojoenherbe.com\/wp-content\/uploads\/2021\/07\/Albums-jeunesse-Nicholas-Oldland-scaled.jpg?fit=2560%2C2035","jetpack_sharing_enabled":true,"jetpack_shortlink":"https:\/\/wp.me\/p9zhGx-5ai","jetpack_likes_enabled":true,"jetpack-related-posts":[{"id":19888,"url":"http:\/\/www.jojoenherbe.com\/index.php\/2021\/07\/29\/balade-sur-le-sentier-de-la-brague\/","url_meta":{"origin":19858,"position":0},"title":"Balade sur le sentier de la Brague","author":"Jojo","date":"29 juillet 2021","format":false,"excerpt":"Le 25 juillet 2021, nous passons la journ\u00e9e au bord de la Brague en partant du village de Biot par le sentier de la Brague qui permet de joindre le pont des tamarins puis Valbonne. Le d\u00e9part se situe \u00e0 c\u00f4t\u00e9 des parkings gratuits, \u00e0 la balise n\u00b0350, enfance de\u2026","rel":"","context":"Dans &quot;Mini randonneur&quot;","block_context":{"text":"Mini randonneur","link":"http:\/\/www.jojoenherbe.com\/index.php\/category\/mini-crapahuteur\/mini-randonneur\/"},"img":{"alt_text":"","src":"https:\/\/i0.wp.com\/www.jojoenherbe.com\/wp-content\/uploads\/2021\/07\/Sentier-de-la-Brague-8-scaled.jpg?fit=900%2C1200&resize=350%2C200","width":350,"height":200,"srcset":"https:\/\/i0.wp.com\/www.jojoenherbe.com\/wp-content\/uploads\/2021\/07\/Sentier-de-la-Brague-8-scaled.jpg?fit=900%2C1200&resize=350%2C200 1x, https:\/\/i0.wp.com\/www.jojoenherbe.com\/wp-content\/uploads\/2021\/07\/Sentier-de-la-Brague-8-scaled.jpg?fit=900%2C1200&resize=525%2C300 1.5x, https:\/\/i0.wp.com\/www.jojoenherbe.com\/wp-content\/uploads\/2021\/07\/Sentier-de-la-Brague-8-scaled.jpg?fit=900%2C1200&resize=700%2C400 2x"},"classes":[]},{"id":9780,"url":"http:\/\/www.jojoenherbe.com\/index.php\/2020\/01\/26\/au-fil-des-pages-avec-les-bons-amis\/","url_meta":{"origin":19858,"position":1},"title":"Au fil des pages avec Les bons amis","author":"Jojo","date":"26 janvier 2020","format":false,"excerpt":"Nous empruntons \u00e0 la biblioth\u00e8que Les bons amis de Paul Fran\u00e7ois et Gerda Muller (\u00e9d. P\u00e8re Castor Flammarion, r\u00e9\u00e9d. 1996), un album jeunesse \u00e0 partir de 3 ans, d'apr\u00e8s un conte chinois. En plein hiver, un lapin gris d\u00e9couvre deux carottes sous la neige. Il en mange une et d\u00e9cide\u2026","rel":"","context":"Dans &quot;Mini lecteur&quot;","block_context":{"text":"Mini lecteur","link":"http:\/\/www.jojoenherbe.com\/index.php\/category\/mini-lecteur\/"},"img":{"alt_text":"","src":"https:\/\/i0.wp.com\/www.jojoenherbe.com\/wp-content\/uploads\/2020\/01\/Les-bons-amis-scaled.jpg?fit=1200%2C978&resize=350%2C200","width":350,"height":200,"srcset":"https:\/\/i0.wp.com\/www.jojoenherbe.com\/wp-content\/uploads\/2020\/01\/Les-bons-amis-scaled.jpg?fit=1200%2C978&resize=350%2C200 1x, https:\/\/i0.wp.com\/www.jojoenherbe.com\/wp-content\/uploads\/2020\/01\/Les-bons-amis-scaled.jpg?fit=1200%2C978&resize=525%2C300 1.5x, https:\/\/i0.wp.com\/www.jojoenherbe.com\/wp-content\/uploads\/2020\/01\/Les-bons-amis-scaled.jpg?fit=1200%2C978&resize=700%2C400 2x, https:\/\/i0.wp.com\/www.jojoenherbe.com\/wp-content\/uploads\/2020\/01\/Les-bons-amis-scaled.jpg?fit=1200%2C978&resize=1050%2C600 3x"},"classes":[]},{"id":23574,"url":"http:\/\/www.jojoenherbe.com\/index.php\/2022\/02\/24\/nos-lectures-la-moufle\/","url_meta":{"origin":19858,"position":2},"title":"Nos lectures \u00ab\u00a0La moufle\u00a0\u00bb","author":"Jojo","date":"24 f\u00e9vrier 2022","format":false,"excerpt":"Bien que nous poss\u00e9dons d\u00e9j\u00e0 deux autres versions de La moufle, conte traditionnel que nous relisons r\u00e9guli\u00e8rement et pas seulement en hiver, j'en ai emprunt\u00e9 \u00e0 nouveau une autre \u00e0 la m\u00e9diath\u00e8que et ai achet\u00e9 d'autres versions qui reprennent plut\u00f4t la version ukrainienne que russe puisque l'objet qui deviendra un\u2026","rel":"","context":"Dans &quot;Mini lecteur&quot;","block_context":{"text":"Mini lecteur","link":"http:\/\/www.jojoenherbe.com\/index.php\/category\/mini-lecteur\/"},"img":{"alt_text":"","src":"https:\/\/i0.wp.com\/www.jojoenherbe.com\/wp-content\/uploads\/2022\/02\/Nos-lectures-La-moufle-scaled.jpg?fit=1200%2C860&resize=350%2C200","width":350,"height":200,"srcset":"https:\/\/i0.wp.com\/www.jojoenherbe.com\/wp-content\/uploads\/2022\/02\/Nos-lectures-La-moufle-scaled.jpg?fit=1200%2C860&resize=350%2C200 1x, https:\/\/i0.wp.com\/www.jojoenherbe.com\/wp-content\/uploads\/2022\/02\/Nos-lectures-La-moufle-scaled.jpg?fit=1200%2C860&resize=525%2C300 1.5x, https:\/\/i0.wp.com\/www.jojoenherbe.com\/wp-content\/uploads\/2022\/02\/Nos-lectures-La-moufle-scaled.jpg?fit=1200%2C860&resize=700%2C400 2x, https:\/\/i0.wp.com\/www.jojoenherbe.com\/wp-content\/uploads\/2022\/02\/Nos-lectures-La-moufle-scaled.jpg?fit=1200%2C860&resize=1050%2C600 3x"},"classes":[]},{"id":23503,"url":"http:\/\/www.jojoenherbe.com\/index.php\/2022\/01\/26\/pause-lecture-dis-ours\/","url_meta":{"origin":19858,"position":3},"title":"Pause lecture: Dis Ours","author":"Jojo","date":"26 janvier 2022","format":false,"excerpt":"Avec ce billet, j'ai envie de revenir sur une s\u00e9rie d'albums jeunesse que nous appr\u00e9cions beaucoup et que nous relisons tr\u00e8s r\u00e9guli\u00e8rement comme hier soir: les quatre histoires du duo rigolo de voisins, Ours et Canard imagin\u00e9 par Jory John et Benji Davies et qui se construisent sur le m\u00eame\u2026","rel":"","context":"Dans &quot;Mini lecteur&quot;","block_context":{"text":"Mini lecteur","link":"http:\/\/www.jojoenherbe.com\/index.php\/category\/mini-lecteur\/"},"img":{"alt_text":"","src":"https:\/\/i0.wp.com\/www.jojoenherbe.com\/wp-content\/uploads\/2019\/11\/Dis-Ours-scaled.jpg?fit=1200%2C911&resize=350%2C200","width":350,"height":200,"srcset":"https:\/\/i0.wp.com\/www.jojoenherbe.com\/wp-content\/uploads\/2019\/11\/Dis-Ours-scaled.jpg?fit=1200%2C911&resize=350%2C200 1x, https:\/\/i0.wp.com\/www.jojoenherbe.com\/wp-content\/uploads\/2019\/11\/Dis-Ours-scaled.jpg?fit=1200%2C911&resize=525%2C300 1.5x, https:\/\/i0.wp.com\/www.jojoenherbe.com\/wp-content\/uploads\/2019\/11\/Dis-Ours-scaled.jpg?fit=1200%2C911&resize=700%2C400 2x, https:\/\/i0.wp.com\/www.jojoenherbe.com\/wp-content\/uploads\/2019\/11\/Dis-Ours-scaled.jpg?fit=1200%2C911&resize=1050%2C600 3x"},"classes":[]},{"id":11124,"url":"http:\/\/www.jojoenherbe.com\/index.php\/2020\/06\/03\/au-fil-des-pages-avec-dis-ours-tu-dors\/","url_meta":{"origin":19858,"position":4},"title":"Au fil des pages avec Dis Ours, tu dors?","author":"Jojo","date":"3 juin 2020","format":false,"excerpt":"Nous relisons ce soir Dis Ours, tu dors? de Jory John et Benji Davies (\u00e9d. Little Urban, 2017, r\u00e9\u00e9d. 2019), un album jeunesse \u00e0 partir de 3 ans. Il s'agit d'une histoire hilarante et dynamique avec un de nos duos pr\u00e9f\u00e9r\u00e9s: Canard - surexcit\u00e9 voire un brin \u00e9nervant\/\u00e9puisant et Ours\u2026","rel":"","context":"Dans &quot;Mini lecteur&quot;","block_context":{"text":"Mini lecteur","link":"http:\/\/www.jojoenherbe.com\/index.php\/category\/mini-lecteur\/"},"img":{"alt_text":"","src":"https:\/\/i0.wp.com\/www.jojoenherbe.com\/wp-content\/uploads\/2020\/06\/Dis-Ours-tu-dors-scaled.jpg?fit=1048%2C1200&resize=350%2C200","width":350,"height":200,"srcset":"https:\/\/i0.wp.com\/www.jojoenherbe.com\/wp-content\/uploads\/2020\/06\/Dis-Ours-tu-dors-scaled.jpg?fit=1048%2C1200&resize=350%2C200 1x, https:\/\/i0.wp.com\/www.jojoenherbe.com\/wp-content\/uploads\/2020\/06\/Dis-Ours-tu-dors-scaled.jpg?fit=1048%2C1200&resize=525%2C300 1.5x, https:\/\/i0.wp.com\/www.jojoenherbe.com\/wp-content\/uploads\/2020\/06\/Dis-Ours-tu-dors-scaled.jpg?fit=1048%2C1200&resize=700%2C400 2x"},"classes":[]},{"id":14771,"url":"http:\/\/www.jojoenherbe.com\/index.php\/2021\/01\/03\/deuxieme-alphabet-des-animaux-o-comme-oie\/","url_meta":{"origin":19858,"position":5},"title":"Deuxi\u00e8me alphabet des animaux: O comme Oie","author":"Jojo","date":"3 janvier 2021","format":false,"excerpt":"Pour la semaine 38 de mon challenge de l'alphabet des animaux illustr\u00e9s sur Instagram #jojoenherbeetcieillustre qui associe la premi\u00e8re lettre d'un animal avec une illustration tir\u00e9e de la litt\u00e9rature jeunesse en suivant l'ordre de l'alphabet, il s'agit du O comme Oie. Alors voici notre s\u00e9lection d'oies qui sera mise \u00e0\u2026","rel":"","context":"Dans &quot;Mini challenger&quot;","block_context":{"text":"Mini challenger","link":"http:\/\/www.jojoenherbe.com\/index.php\/category\/mini-challenger\/"},"img":{"alt_text":"","src":"https:\/\/i0.wp.com\/www.jojoenherbe.com\/wp-content\/uploads\/2021\/01\/Selection-doies-1-scaled.jpg?fit=1200%2C840&resize=350%2C200","width":350,"height":200,"srcset":"https:\/\/i0.wp.com\/www.jojoenherbe.com\/wp-content\/uploads\/2021\/01\/Selection-doies-1-scaled.jpg?fit=1200%2C840&resize=350%2C200 1x, https:\/\/i0.wp.com\/www.jojoenherbe.com\/wp-content\/uploads\/2021\/01\/Selection-doies-1-scaled.jpg?fit=1200%2C840&resize=525%2C300 1.5x, https:\/\/i0.wp.com\/www.jojoenherbe.com\/wp-content\/uploads\/2021\/01\/Selection-doies-1-scaled.jpg?fit=1200%2C840&resize=700%2C400 2x, https:\/\/i0.wp.com\/www.jojoenherbe.com\/wp-content\/uploads\/2021\/01\/Selection-doies-1-scaled.jpg?fit=1200%2C840&resize=1050%2C600 3x"},"classes":[]}],"_links":{"self":[{"href":"http:\/\/www.jojoenherbe.com\/index.php\/wp-json\/wp\/v2\/posts\/19858","targetHints":{"allow":["GET"]}}],"collection":[{"href":"http:\/\/www.jojoenherbe.com\/index.php\/wp-json\/wp\/v2\/posts"}],"about":[{"href":"http:\/\/www.jojoenherbe.com\/index.php\/wp-json\/wp\/v2\/types\/post"}],"author":[{"embeddable":true,"href":"http:\/\/www.jojoenherbe.com\/index.php\/wp-json\/wp\/v2\/users\/1"}],"replies":[{"embeddable":true,"href":"http:\/\/www.jojoenherbe.com\/index.php\/wp-json\/wp\/v2\/comments?post=19858"}],"version-history":[{"count":1,"href":"http:\/\/www.jojoenherbe.com\/index.php\/wp-json\/wp\/v2\/posts\/19858\/revisions"}],"predecessor-version":[{"id":25929,"href":"http:\/\/www.jojoenherbe.com\/index.php\/wp-json\/wp\/v2\/posts\/19858\/revisions\/25929"}],"wp:featuredmedia":[{"embeddable":true,"href":"http:\/\/www.jojoenherbe.com\/index.php\/wp-json\/wp\/v2\/media\/19861"}],"wp:attachment":[{"href":"http:\/\/www.jojoenherbe.com\/index.php\/wp-json\/wp\/v2\/media?parent=19858"}],"wp:term":[{"taxonomy":"category","embeddable":true,"href":"http:\/\/www.jojoenherbe.com\/index.php\/wp-json\/wp\/v2\/categories?post=19858"},{"taxonomy":"post_tag","embeddable":true,"href":"http:\/\/www.jojoenherbe.com\/index.php\/wp-json\/wp\/v2\/tags?post=19858"}],"curies":[{"name":"wp","href":"https:\/\/api.w.org\/{rel}","templated":true}]}}