{"id":19187,"date":"2021-06-15T10:45:24","date_gmt":"2021-06-15T08:45:24","guid":{"rendered":"http:\/\/www.jojoenherbe.com\/?p=19187"},"modified":"2021-06-15T10:45:24","modified_gmt":"2021-06-15T08:45:24","slug":"au-fil-des-pages-avec-le-brouillard","status":"publish","type":"post","link":"http:\/\/www.jojoenherbe.com\/index.php\/2021\/06\/15\/au-fil-des-pages-avec-le-brouillard\/","title":{"rendered":"Au fil des pages avec Le brouillard"},"content":{"rendered":"<p style=\"text-align: justify;\"><em><a href=\"https:\/\/i0.wp.com\/www.jojoenherbe.com\/wp-content\/uploads\/2021\/06\/Le-brouillard-9-scaled.jpg\"><img data-recalc-dims=\"1\" loading=\"lazy\" decoding=\"async\" data-attachment-id=\"19197\" data-permalink=\"http:\/\/www.jojoenherbe.com\/index.php\/2021\/06\/15\/au-fil-des-pages-avec-le-brouillard\/le-brouillard-9\/\" data-orig-file=\"https:\/\/i0.wp.com\/www.jojoenherbe.com\/wp-content\/uploads\/2021\/06\/Le-brouillard-9-scaled.jpg?fit=2560%2C1606\" data-orig-size=\"2560,1606\" data-comments-opened=\"1\" data-image-meta=\"{&quot;aperture&quot;:&quot;1.8&quot;,&quot;credit&quot;:&quot;&quot;,&quot;camera&quot;:&quot;iPhone 7&quot;,&quot;caption&quot;:&quot;&quot;,&quot;created_timestamp&quot;:&quot;1623751412&quot;,&quot;copyright&quot;:&quot;&quot;,&quot;focal_length&quot;:&quot;3.99&quot;,&quot;iso&quot;:&quot;80&quot;,&quot;shutter_speed&quot;:&quot;0.058823529411765&quot;,&quot;title&quot;:&quot;&quot;,&quot;orientation&quot;:&quot;1&quot;}\" data-image-title=\"Le brouillard 9\" data-image-description=\"\" data-image-caption=\"\" data-large-file=\"https:\/\/i0.wp.com\/www.jojoenherbe.com\/wp-content\/uploads\/2021\/06\/Le-brouillard-9-scaled.jpg?fit=676%2C424\" class=\"alignleft size-thumbnail wp-image-19197\" src=\"https:\/\/i0.wp.com\/www.jojoenherbe.com\/wp-content\/uploads\/2021\/06\/Le-brouillard-9.jpg?resize=150%2C150\" alt=\"\" width=\"150\" height=\"150\" srcset=\"https:\/\/i0.wp.com\/www.jojoenherbe.com\/wp-content\/uploads\/2021\/06\/Le-brouillard-9-scaled.jpg?resize=150%2C150 150w, https:\/\/i0.wp.com\/www.jojoenherbe.com\/wp-content\/uploads\/2021\/06\/Le-brouillard-9-scaled.jpg?zoom=2&amp;resize=150%2C150 300w, https:\/\/i0.wp.com\/www.jojoenherbe.com\/wp-content\/uploads\/2021\/06\/Le-brouillard-9-scaled.jpg?zoom=3&amp;resize=150%2C150 450w\" sizes=\"auto, (max-width: 150px) 100vw, 150px\" \/><\/a> <a href=\"https:\/\/i0.wp.com\/www.jojoenherbe.com\/wp-content\/uploads\/2021\/06\/Le-brouillard-8-scaled.jpg\"><img data-recalc-dims=\"1\" loading=\"lazy\" decoding=\"async\" data-attachment-id=\"19196\" data-permalink=\"http:\/\/www.jojoenherbe.com\/index.php\/2021\/06\/15\/au-fil-des-pages-avec-le-brouillard\/le-brouillard-8\/\" data-orig-file=\"https:\/\/i0.wp.com\/www.jojoenherbe.com\/wp-content\/uploads\/2021\/06\/Le-brouillard-8-scaled.jpg?fit=2560%2C1583\" data-orig-size=\"2560,1583\" data-comments-opened=\"1\" data-image-meta=\"{&quot;aperture&quot;:&quot;1.8&quot;,&quot;credit&quot;:&quot;&quot;,&quot;camera&quot;:&quot;iPhone 7&quot;,&quot;caption&quot;:&quot;&quot;,&quot;created_timestamp&quot;:&quot;1623751450&quot;,&quot;copyright&quot;:&quot;&quot;,&quot;focal_length&quot;:&quot;3.99&quot;,&quot;iso&quot;:&quot;64&quot;,&quot;shutter_speed&quot;:&quot;0.058823529411765&quot;,&quot;title&quot;:&quot;&quot;,&quot;orientation&quot;:&quot;1&quot;}\" data-image-title=\"Le brouillard 8\" data-image-description=\"\" data-image-caption=\"\" data-large-file=\"https:\/\/i0.wp.com\/www.jojoenherbe.com\/wp-content\/uploads\/2021\/06\/Le-brouillard-8-scaled.jpg?fit=676%2C418\" class=\"alignleft size-thumbnail wp-image-19196\" src=\"https:\/\/i0.wp.com\/www.jojoenherbe.com\/wp-content\/uploads\/2021\/06\/Le-brouillard-8.jpg?resize=150%2C150\" alt=\"\" width=\"150\" height=\"150\" srcset=\"https:\/\/i0.wp.com\/www.jojoenherbe.com\/wp-content\/uploads\/2021\/06\/Le-brouillard-8-scaled.jpg?resize=150%2C150 150w, https:\/\/i0.wp.com\/www.jojoenherbe.com\/wp-content\/uploads\/2021\/06\/Le-brouillard-8-scaled.jpg?zoom=2&amp;resize=150%2C150 300w, https:\/\/i0.wp.com\/www.jojoenherbe.com\/wp-content\/uploads\/2021\/06\/Le-brouillard-8-scaled.jpg?zoom=3&amp;resize=150%2C150 450w\" sizes=\"auto, (max-width: 150px) 100vw, 150px\" \/><\/a> Nous lisons <span style=\"text-decoration: underline;\">Le brouillard<\/span> de Kyo Maclear et Kenard Pak (\u00e9d. La Past\u00e8que, 2017), un album jeunesse \u00e0 partir de 6 ans. Fauve, une petite fauvette jaune vit sur une \u00eele, son passe-temps favori \u00e9tant d&rsquo;observer la nature et les humains qui viennent visiter l&rsquo;\u00eele. Mais brusquement, un profond brouillard se l\u00e8ve.\u00a0 Seul le petit oiseau s&rsquo;inqui\u00e8te et alerte, le brouillard s&rsquo;\u00e9tendant de plus en plus en m\u00eame temps que les visiteurs humains disparaissent. Mais un jour, Fauve voit une petite fille \u00e0 capuchon rouge. Cette derni\u00e8re verra-t-elle aussi ce brouillard inqui\u00e9tant? Agira-t-elle avec l&rsquo;oiseau pour le faire partir?<\/em><\/p>\n<p style=\"text-align: justify;\"><em><a href=\"https:\/\/i0.wp.com\/www.jojoenherbe.com\/wp-content\/uploads\/2021\/06\/Le-brouillard-6-scaled.jpg\"><img data-recalc-dims=\"1\" loading=\"lazy\" decoding=\"async\" data-attachment-id=\"19193\" data-permalink=\"http:\/\/www.jojoenherbe.com\/index.php\/2021\/06\/15\/au-fil-des-pages-avec-le-brouillard\/le-brouillard-6\/\" data-orig-file=\"https:\/\/i0.wp.com\/www.jojoenherbe.com\/wp-content\/uploads\/2021\/06\/Le-brouillard-6-scaled.jpg?fit=1920%2C2560\" data-orig-size=\"1920,2560\" data-comments-opened=\"1\" data-image-meta=\"{&quot;aperture&quot;:&quot;1.8&quot;,&quot;credit&quot;:&quot;&quot;,&quot;camera&quot;:&quot;iPhone 7&quot;,&quot;caption&quot;:&quot;&quot;,&quot;created_timestamp&quot;:&quot;1623752767&quot;,&quot;copyright&quot;:&quot;&quot;,&quot;focal_length&quot;:&quot;3.99&quot;,&quot;iso&quot;:&quot;100&quot;,&quot;shutter_speed&quot;:&quot;0.071428571428571&quot;,&quot;title&quot;:&quot;&quot;,&quot;orientation&quot;:&quot;1&quot;}\" data-image-title=\"Le brouillard 6\" data-image-description=\"\" data-image-caption=\"\" data-large-file=\"https:\/\/i0.wp.com\/www.jojoenherbe.com\/wp-content\/uploads\/2021\/06\/Le-brouillard-6-scaled.jpg?fit=676%2C901\" class=\"size-thumbnail wp-image-19193 alignright\" src=\"https:\/\/i0.wp.com\/www.jojoenherbe.com\/wp-content\/uploads\/2021\/06\/Le-brouillard-6.jpg?resize=150%2C150\" alt=\"\" width=\"150\" height=\"150\" srcset=\"https:\/\/i0.wp.com\/www.jojoenherbe.com\/wp-content\/uploads\/2021\/06\/Le-brouillard-6-scaled.jpg?resize=150%2C150 150w, https:\/\/i0.wp.com\/www.jojoenherbe.com\/wp-content\/uploads\/2021\/06\/Le-brouillard-6-scaled.jpg?zoom=2&amp;resize=150%2C150 300w, https:\/\/i0.wp.com\/www.jojoenherbe.com\/wp-content\/uploads\/2021\/06\/Le-brouillard-6-scaled.jpg?zoom=3&amp;resize=150%2C150 450w\" sizes=\"auto, (max-width: 150px) 100vw, 150px\" \/><\/a> <a href=\"https:\/\/i0.wp.com\/www.jojoenherbe.com\/wp-content\/uploads\/2021\/06\/Le-brouillard-5-scaled.jpg\"><img data-recalc-dims=\"1\" loading=\"lazy\" decoding=\"async\" data-attachment-id=\"19192\" data-permalink=\"http:\/\/www.jojoenherbe.com\/index.php\/2021\/06\/15\/au-fil-des-pages-avec-le-brouillard\/le-brouillard-5\/\" data-orig-file=\"https:\/\/i0.wp.com\/www.jojoenherbe.com\/wp-content\/uploads\/2021\/06\/Le-brouillard-5-scaled.jpg?fit=2560%2C1920\" data-orig-size=\"2560,1920\" data-comments-opened=\"1\" data-image-meta=\"{&quot;aperture&quot;:&quot;1.8&quot;,&quot;credit&quot;:&quot;&quot;,&quot;camera&quot;:&quot;iPhone 7&quot;,&quot;caption&quot;:&quot;&quot;,&quot;created_timestamp&quot;:&quot;1623751350&quot;,&quot;copyright&quot;:&quot;&quot;,&quot;focal_length&quot;:&quot;3.99&quot;,&quot;iso&quot;:&quot;64&quot;,&quot;shutter_speed&quot;:&quot;0.058823529411765&quot;,&quot;title&quot;:&quot;&quot;,&quot;orientation&quot;:&quot;1&quot;}\" data-image-title=\"Le brouillard 5\" data-image-description=\"\" data-image-caption=\"\" data-large-file=\"https:\/\/i0.wp.com\/www.jojoenherbe.com\/wp-content\/uploads\/2021\/06\/Le-brouillard-5-scaled.jpg?fit=676%2C507\" class=\"size-thumbnail wp-image-19192 alignright\" src=\"https:\/\/i0.wp.com\/www.jojoenherbe.com\/wp-content\/uploads\/2021\/06\/Le-brouillard-5.jpg?resize=150%2C150\" alt=\"\" width=\"150\" height=\"150\" srcset=\"https:\/\/i0.wp.com\/www.jojoenherbe.com\/wp-content\/uploads\/2021\/06\/Le-brouillard-5-scaled.jpg?resize=150%2C150 150w, https:\/\/i0.wp.com\/www.jojoenherbe.com\/wp-content\/uploads\/2021\/06\/Le-brouillard-5-scaled.jpg?zoom=2&amp;resize=150%2C150 300w, https:\/\/i0.wp.com\/www.jojoenherbe.com\/wp-content\/uploads\/2021\/06\/Le-brouillard-5-scaled.jpg?zoom=3&amp;resize=150%2C150 450w\" sizes=\"auto, (max-width: 150px) 100vw, 150px\" \/><\/a>Les illustrations douces et \u00e9pur\u00e9es de Kenard Pak accompagnent avec simplicit\u00e9 et po\u00e9sie le message \u00e9cologique de cette histoire via un petit oiseau naturaliste. Il y est bien s\u00fbr question d&rsquo;une amiti\u00e9 naissante entre un petit oiseau et une petite fille mais aussi une prise de conscience des changements climatiques et l&rsquo;importance de prot\u00e9ger collectivement notre environnement, \u00e0 l&rsquo;heure o\u00f9 de nombreux esp\u00e8ces disparaissent. Nous y retrouvons les diff\u00e9rents comportements humains: l&rsquo;ignorance face au changement, l&rsquo;adaptation sans chercher de solution durable, au point d&rsquo;oublier ce qui existait avant et les actions communes possibles&#8230; Un tr\u00e8s bon moment de lecture avec cette histoire philosophique et \u00e9cologique!<\/em><\/p>\n<div style=\"width: 148px\" class=\"wp-caption aligncenter\"><img loading=\"lazy\" decoding=\"async\" src=\"https:\/\/lh3.googleusercontent.com\/pw\/ACtC-3eIuIHfDCWnQjrbP_Gttnq9qrZJ0sCLWnTR3GjIOIiC54aYp8f1rKz8fy3EJIYJcUrzUv3KnF-YnYTE-vhMmRU8myeq_V_5OYKPelcJ6I4-bD-P1SjmJYevXt0TGhPCpROfcXeg5SJ_4KvwWeBQfvsOWw=w285-h217-no?authuser=1\" alt=\"\" width=\"138\" height=\"105\" \/><p class=\"wp-caption-text\">Challenge Petit Bac d\u2019<a href=\"https:\/\/ennalit.wordpress.com\/2020\/12\/01\/challenge-petit-bac-2021-qui-veut-jouer\/\">Enna<\/a> #10 Cat\u00e9gorie M\u00e9t\u00e9o: \u00ab\u00a0Brouillard\u00a0\u00bb<\/p><\/div>\n","protected":false},"excerpt":{"rendered":"<p>Nous lisons Le brouillard de Kyo Maclear et Kenard Pak (\u00e9d. La Past\u00e8que, 2017), un album jeunesse \u00e0 partir de 6 ans. Fauve, une petite fauvette jaune vit sur une \u00eele, son passe-temps favori \u00e9tant d&rsquo;observer la nature et les humains qui viennent visiter l&rsquo;\u00eele. Mais brusquement, un profond brouillard se l\u00e8ve.\u00a0 Seul le petit [&hellip;]<\/p>\n","protected":false},"author":1,"featured_media":19189,"comment_status":"open","ping_status":"open","sticky":false,"template":"","format":"standard","meta":{"jetpack_post_was_ever_published":false,"_jetpack_newsletter_access":"","_jetpack_dont_email_post_to_subs":false,"_jetpack_newsletter_tier_id":0,"_jetpack_memberships_contains_paywalled_content":false,"_jetpack_memberships_contains_paid_content":false,"footnotes":""},"categories":[363],"tags":[788,409,386,2516,2018,1178,765,620,1676,1976,2030,367,1736,543,393,1606,491],"class_list":["post-19187","post","type-post","status-publish","format-standard","has-post-thumbnail","hentry","category-mini-lecteur","tag-6-9-ans","tag-albums-jeunesse","tag-amitie","tag-brouillard","tag-challenge-petit-bac-2021","tag-ecologie","tag-environnement","tag-fille","tag-ile","tag-kenard-pak","tag-kyo-maclear","tag-lecture-jeunesse","tag-naturaliste","tag-nature","tag-oiseau","tag-philosophie","tag-pollution","post-preview"],"jetpack_featured_media_url":"https:\/\/i0.wp.com\/www.jojoenherbe.com\/wp-content\/uploads\/2021\/06\/Le-brouillard-2-scaled.jpg?fit=2560%2C1657","jetpack_sharing_enabled":true,"jetpack_shortlink":"https:\/\/wp.me\/p9zhGx-4Zt","jetpack_likes_enabled":true,"jetpack-related-posts":[{"id":21995,"url":"http:\/\/www.jojoenherbe.com\/index.php\/2021\/10\/30\/au-fil-des-pages-avec-le-tome-1-de-lencyclopedie-curieuse-bizarre\/","url_meta":{"origin":19187,"position":0},"title":"Au fil des pages avec le tome 1 de L&rsquo;encyclop\u00e9die curieuse &#038; bizarre par Billy Brouillard","author":"Jojo","date":"30 octobre 2021","format":false,"excerpt":"Pour Halloween, je lis le volume 1 de L'encyclop\u00e9die curieuse & bizarre par Billy Brouillard, Les fant\u00f4mes de Guillaume Blanco (\u00e9d. Soleil, coll. M\u00e9tamorphose, 2014), une BD jeunesse \u00e0 partir de 13 ans. Billy Brouillard est un jeune gar\u00e7on ayant le don de trouble vue qui lui permet de voir\u2026","rel":"","context":"Dans &quot;Mini lecteur&quot;","block_context":{"text":"Mini lecteur","link":"http:\/\/www.jojoenherbe.com\/index.php\/category\/mini-lecteur\/"},"img":{"alt_text":"","src":"https:\/\/i0.wp.com\/www.jojoenherbe.com\/wp-content\/uploads\/2021\/10\/Lencyclopedie-curieuse-bizarre-par-Billy-Brouillard-T1-scaled.jpg?fit=1200%2C900&resize=350%2C200","width":350,"height":200,"srcset":"https:\/\/i0.wp.com\/www.jojoenherbe.com\/wp-content\/uploads\/2021\/10\/Lencyclopedie-curieuse-bizarre-par-Billy-Brouillard-T1-scaled.jpg?fit=1200%2C900&resize=350%2C200 1x, https:\/\/i0.wp.com\/www.jojoenherbe.com\/wp-content\/uploads\/2021\/10\/Lencyclopedie-curieuse-bizarre-par-Billy-Brouillard-T1-scaled.jpg?fit=1200%2C900&resize=525%2C300 1.5x, https:\/\/i0.wp.com\/www.jojoenherbe.com\/wp-content\/uploads\/2021\/10\/Lencyclopedie-curieuse-bizarre-par-Billy-Brouillard-T1-scaled.jpg?fit=1200%2C900&resize=700%2C400 2x, https:\/\/i0.wp.com\/www.jojoenherbe.com\/wp-content\/uploads\/2021\/10\/Lencyclopedie-curieuse-bizarre-par-Billy-Brouillard-T1-scaled.jpg?fit=1200%2C900&resize=1050%2C600 3x"},"classes":[]},{"id":18340,"url":"http:\/\/www.jojoenherbe.com\/index.php\/2021\/07\/30\/au-fil-des-pages-avec-toc-toc-toc\/","url_meta":{"origin":19187,"position":1},"title":"Au fil des pages avec Toc, toc, toc","author":"Jojo","date":"30 juillet 2021","format":false,"excerpt":"Nous relisons Toc, toc, toc de Tan et Yasuko Koide (\u00e9d. L'\u00e9cole des loisirs, 1983, r\u00e9\u00e9d. 1996), un album jeunesse \u00e0 partir de 3 ans. Trois marmottes sont en train de randonner dans la for\u00eat. Mais elles se perdent lorsque le brouillard se l\u00e8ve. O\u00f9 vont-elles pouvoir passer la nuit\u2026","rel":"","context":"Dans &quot;Mini lecteur&quot;","block_context":{"text":"Mini lecteur","link":"http:\/\/www.jojoenherbe.com\/index.php\/category\/mini-lecteur\/"},"img":{"alt_text":"","src":"https:\/\/i0.wp.com\/www.jojoenherbe.com\/wp-content\/uploads\/2021\/07\/Toc-toc-toc-scaled.jpg?fit=1200%2C906&resize=350%2C200","width":350,"height":200,"srcset":"https:\/\/i0.wp.com\/www.jojoenherbe.com\/wp-content\/uploads\/2021\/07\/Toc-toc-toc-scaled.jpg?fit=1200%2C906&resize=350%2C200 1x, https:\/\/i0.wp.com\/www.jojoenherbe.com\/wp-content\/uploads\/2021\/07\/Toc-toc-toc-scaled.jpg?fit=1200%2C906&resize=525%2C300 1.5x, https:\/\/i0.wp.com\/www.jojoenherbe.com\/wp-content\/uploads\/2021\/07\/Toc-toc-toc-scaled.jpg?fit=1200%2C906&resize=700%2C400 2x, https:\/\/i0.wp.com\/www.jojoenherbe.com\/wp-content\/uploads\/2021\/07\/Toc-toc-toc-scaled.jpg?fit=1200%2C906&resize=1050%2C600 3x"},"classes":[]},{"id":14690,"url":"http:\/\/www.jojoenherbe.com\/index.php\/2021\/01\/01\/au-fil-des-pages-avec-larbre-a-voeux\/","url_meta":{"origin":19187,"position":2},"title":"Au fil des pages avec L&rsquo;arbre \u00e0 v\u0153ux","author":"Jojo","date":"1 janvier 2021","format":false,"excerpt":"Pour mon premier billet lecture de cette ann\u00e9e 2021, j'ai choisi un album jeunesse que nous lisons depuis le mois dernier pour les f\u00eates de fin d'ann\u00e9e et que j'ai emprunt\u00e9 \u00e0 la m\u00e9diath\u00e8que: L'arbre \u00e0 v\u0153ux de Kyo Maclear et Chris Turnham (\u00e9d. Little Urban, 2017), un album jeunesse\u2026","rel":"","context":"Dans &quot;Mini lecteur&quot;","block_context":{"text":"Mini lecteur","link":"http:\/\/www.jojoenherbe.com\/index.php\/category\/mini-lecteur\/"},"img":{"alt_text":"","src":"https:\/\/i0.wp.com\/www.jojoenherbe.com\/wp-content\/uploads\/2021\/01\/Larbre-a-voeux-scaled.jpg?fit=1200%2C900&resize=350%2C200","width":350,"height":200,"srcset":"https:\/\/i0.wp.com\/www.jojoenherbe.com\/wp-content\/uploads\/2021\/01\/Larbre-a-voeux-scaled.jpg?fit=1200%2C900&resize=350%2C200 1x, https:\/\/i0.wp.com\/www.jojoenherbe.com\/wp-content\/uploads\/2021\/01\/Larbre-a-voeux-scaled.jpg?fit=1200%2C900&resize=525%2C300 1.5x, https:\/\/i0.wp.com\/www.jojoenherbe.com\/wp-content\/uploads\/2021\/01\/Larbre-a-voeux-scaled.jpg?fit=1200%2C900&resize=700%2C400 2x, https:\/\/i0.wp.com\/www.jojoenherbe.com\/wp-content\/uploads\/2021\/01\/Larbre-a-voeux-scaled.jpg?fit=1200%2C900&resize=1050%2C600 3x"},"classes":[]},{"id":32471,"url":"http:\/\/www.jojoenherbe.com\/index.php\/2023\/10\/11\/au-fil-des-pages-avec-le-tome-1-de-brume\/","url_meta":{"origin":19187,"position":3},"title":"Au fil des pages avec le tome 1 de Brume","author":"Jojo","date":"11 octobre 2023","format":false,"excerpt":"Nous avons lu et relu le tome 1 de Brume, Le r\u00e9veil du dragon de J\u00e9r\u00f4me P\u00e9lissier et Carine Hinder (\u00e9d. Gl\u00e9nat, coll. Tch\u00f4!, avril 2023, 64 pages), une BD jeunesse \u00e9crite en lettres majuscules et \u00e0 partir de 7 ans que j'avais achet\u00e9e le jour de sa parution mais\u2026","rel":"","context":"Dans &quot;Mini lecteur&quot;","block_context":{"text":"Mini lecteur","link":"http:\/\/www.jojoenherbe.com\/index.php\/category\/mini-lecteur\/"},"img":{"alt_text":"","src":"https:\/\/i0.wp.com\/www.jojoenherbe.com\/wp-content\/uploads\/2023\/09\/Brume-T1-scaled.jpg?fit=1200%2C1084&resize=350%2C200","width":350,"height":200,"srcset":"https:\/\/i0.wp.com\/www.jojoenherbe.com\/wp-content\/uploads\/2023\/09\/Brume-T1-scaled.jpg?fit=1200%2C1084&resize=350%2C200 1x, https:\/\/i0.wp.com\/www.jojoenherbe.com\/wp-content\/uploads\/2023\/09\/Brume-T1-scaled.jpg?fit=1200%2C1084&resize=525%2C300 1.5x, https:\/\/i0.wp.com\/www.jojoenherbe.com\/wp-content\/uploads\/2023\/09\/Brume-T1-scaled.jpg?fit=1200%2C1084&resize=700%2C400 2x, https:\/\/i0.wp.com\/www.jojoenherbe.com\/wp-content\/uploads\/2023\/09\/Brume-T1-scaled.jpg?fit=1200%2C1084&resize=1050%2C600 3x"},"classes":[]},{"id":20563,"url":"http:\/\/www.jojoenherbe.com\/index.php\/2023\/06\/30\/au-fil-des-pages-avec-la-fileuse-de-brume\/","url_meta":{"origin":19187,"position":4},"title":"Au fil des pages avec La fileuse de brume","author":"Jojo","date":"30 juin 2023","format":false,"excerpt":"J'avais lu, \u00e0 l'\u00e9t\u00e9 2021, La fileuse de brume d'Agn\u00e8s de Lestrade et Valeria Docampo (\u00e9d. Alice Jeunesse, 2018, 40 pages), un album jeunesse \u00e0 partir de 5\/6 ans dont je me rends compte, venant de lire Le temps des cerises du m\u00eame duo autrice\/illustratrice que je ne l'avais pas\u2026","rel":"","context":"Dans &quot;Mini lecteur&quot;","block_context":{"text":"Mini lecteur","link":"http:\/\/www.jojoenherbe.com\/index.php\/category\/mini-lecteur\/"},"img":{"alt_text":"","src":"https:\/\/i0.wp.com\/www.jojoenherbe.com\/wp-content\/uploads\/2023\/06\/La-fileuse-de-brume-scaled.jpg?fit=1200%2C899&resize=350%2C200","width":350,"height":200,"srcset":"https:\/\/i0.wp.com\/www.jojoenherbe.com\/wp-content\/uploads\/2023\/06\/La-fileuse-de-brume-scaled.jpg?fit=1200%2C899&resize=350%2C200 1x, https:\/\/i0.wp.com\/www.jojoenherbe.com\/wp-content\/uploads\/2023\/06\/La-fileuse-de-brume-scaled.jpg?fit=1200%2C899&resize=525%2C300 1.5x, https:\/\/i0.wp.com\/www.jojoenherbe.com\/wp-content\/uploads\/2023\/06\/La-fileuse-de-brume-scaled.jpg?fit=1200%2C899&resize=700%2C400 2x, https:\/\/i0.wp.com\/www.jojoenherbe.com\/wp-content\/uploads\/2023\/06\/La-fileuse-de-brume-scaled.jpg?fit=1200%2C899&resize=1050%2C600 3x"},"classes":[]},{"id":15493,"url":"http:\/\/www.jojoenherbe.com\/index.php\/2021\/03\/01\/notre-mois-bloguesque-de-fevrier-2021\/","url_meta":{"origin":19187,"position":5},"title":"Notre mois bloguesque de f\u00e9vrier 2021","author":"Jojo","date":"1 mars 2021","format":false,"excerpt":"Comme le mois dernier, voici un petit retour bloguesque sur f\u00e9vrier 2021 avec encore une fois beaucoup de lectures. Nous avons continu\u00e9 nos lectures hivernales et nous y avons ajout\u00e9 nos lectures autour du carnaval avec un coup de coeur pour Le carnaval de l'ogre de Catherine Tamain et Marjorie\u2026","rel":"","context":"Dans &quot;Mini blogueur&quot;","block_context":{"text":"Mini blogueur","link":"http:\/\/www.jojoenherbe.com\/index.php\/category\/mini-blogueur\/"},"img":{"alt_text":"","src":"https:\/\/i0.wp.com\/www.jojoenherbe.com\/wp-content\/uploads\/2021\/02\/Fevrier-2021-scaled.jpg?fit=1200%2C826&resize=350%2C200","width":350,"height":200,"srcset":"https:\/\/i0.wp.com\/www.jojoenherbe.com\/wp-content\/uploads\/2021\/02\/Fevrier-2021-scaled.jpg?fit=1200%2C826&resize=350%2C200 1x, https:\/\/i0.wp.com\/www.jojoenherbe.com\/wp-content\/uploads\/2021\/02\/Fevrier-2021-scaled.jpg?fit=1200%2C826&resize=525%2C300 1.5x, https:\/\/i0.wp.com\/www.jojoenherbe.com\/wp-content\/uploads\/2021\/02\/Fevrier-2021-scaled.jpg?fit=1200%2C826&resize=700%2C400 2x, https:\/\/i0.wp.com\/www.jojoenherbe.com\/wp-content\/uploads\/2021\/02\/Fevrier-2021-scaled.jpg?fit=1200%2C826&resize=1050%2C600 3x"},"classes":[]}],"_links":{"self":[{"href":"http:\/\/www.jojoenherbe.com\/index.php\/wp-json\/wp\/v2\/posts\/19187","targetHints":{"allow":["GET"]}}],"collection":[{"href":"http:\/\/www.jojoenherbe.com\/index.php\/wp-json\/wp\/v2\/posts"}],"about":[{"href":"http:\/\/www.jojoenherbe.com\/index.php\/wp-json\/wp\/v2\/types\/post"}],"author":[{"embeddable":true,"href":"http:\/\/www.jojoenherbe.com\/index.php\/wp-json\/wp\/v2\/users\/1"}],"replies":[{"embeddable":true,"href":"http:\/\/www.jojoenherbe.com\/index.php\/wp-json\/wp\/v2\/comments?post=19187"}],"version-history":[{"count":0,"href":"http:\/\/www.jojoenherbe.com\/index.php\/wp-json\/wp\/v2\/posts\/19187\/revisions"}],"wp:featuredmedia":[{"embeddable":true,"href":"http:\/\/www.jojoenherbe.com\/index.php\/wp-json\/wp\/v2\/media\/19189"}],"wp:attachment":[{"href":"http:\/\/www.jojoenherbe.com\/index.php\/wp-json\/wp\/v2\/media?parent=19187"}],"wp:term":[{"taxonomy":"category","embeddable":true,"href":"http:\/\/www.jojoenherbe.com\/index.php\/wp-json\/wp\/v2\/categories?post=19187"},{"taxonomy":"post_tag","embeddable":true,"href":"http:\/\/www.jojoenherbe.com\/index.php\/wp-json\/wp\/v2\/tags?post=19187"}],"curies":[{"name":"wp","href":"https:\/\/api.w.org\/{rel}","templated":true}]}}