{"id":19009,"date":"2021-06-10T16:24:12","date_gmt":"2021-06-10T14:24:12","guid":{"rendered":"http:\/\/www.jojoenherbe.com\/?p=19009"},"modified":"2021-06-10T16:24:12","modified_gmt":"2021-06-10T14:24:12","slug":"au-fil-des-pages-avec-qui-quoi-quoi","status":"publish","type":"post","link":"http:\/\/www.jojoenherbe.com\/index.php\/2021\/06\/10\/au-fil-des-pages-avec-qui-quoi-quoi\/","title":{"rendered":"Au fil des pages avec Qui quoi quoi"},"content":{"rendered":"<p style=\"text-align: justify;\"><em><a href=\"https:\/\/i0.wp.com\/www.jojoenherbe.com\/wp-content\/uploads\/2021\/06\/Qui-quoi-quoi-2-scaled.jpg\"><img data-recalc-dims=\"1\" loading=\"lazy\" decoding=\"async\" data-attachment-id=\"19010\" data-permalink=\"http:\/\/www.jojoenherbe.com\/index.php\/2021\/06\/10\/au-fil-des-pages-avec-qui-quoi-quoi\/qui-quoi-quoi-2\/\" data-orig-file=\"https:\/\/i0.wp.com\/www.jojoenherbe.com\/wp-content\/uploads\/2021\/06\/Qui-quoi-quoi-2-scaled.jpg?fit=2560%2C1364\" data-orig-size=\"2560,1364\" data-comments-opened=\"1\" data-image-meta=\"{&quot;aperture&quot;:&quot;1.8&quot;,&quot;credit&quot;:&quot;&quot;,&quot;camera&quot;:&quot;iPhone 7&quot;,&quot;caption&quot;:&quot;&quot;,&quot;created_timestamp&quot;:&quot;1623339826&quot;,&quot;copyright&quot;:&quot;&quot;,&quot;focal_length&quot;:&quot;3.99&quot;,&quot;iso&quot;:&quot;100&quot;,&quot;shutter_speed&quot;:&quot;0.071428571428571&quot;,&quot;title&quot;:&quot;&quot;,&quot;orientation&quot;:&quot;1&quot;}\" data-image-title=\"Qui quoi quoi 2\" data-image-description=\"\" data-image-caption=\"\" data-large-file=\"https:\/\/i0.wp.com\/www.jojoenherbe.com\/wp-content\/uploads\/2021\/06\/Qui-quoi-quoi-2-scaled.jpg?fit=676%2C360\" class=\"alignleft size-thumbnail wp-image-19010\" src=\"https:\/\/i0.wp.com\/www.jojoenherbe.com\/wp-content\/uploads\/2021\/06\/Qui-quoi-quoi-2.jpg?resize=150%2C150\" alt=\"\" width=\"150\" height=\"150\" srcset=\"https:\/\/i0.wp.com\/www.jojoenherbe.com\/wp-content\/uploads\/2021\/06\/Qui-quoi-quoi-2-scaled.jpg?resize=150%2C150 150w, https:\/\/i0.wp.com\/www.jojoenherbe.com\/wp-content\/uploads\/2021\/06\/Qui-quoi-quoi-2-scaled.jpg?zoom=2&amp;resize=150%2C150 300w, https:\/\/i0.wp.com\/www.jojoenherbe.com\/wp-content\/uploads\/2021\/06\/Qui-quoi-quoi-2-scaled.jpg?zoom=3&amp;resize=150%2C150 450w\" sizes=\"auto, (max-width: 150px) 100vw, 150px\" \/><\/a> <a href=\"https:\/\/i0.wp.com\/www.jojoenherbe.com\/wp-content\/uploads\/2021\/06\/Qui-quoi-quoi-6-scaled.jpg\"><img data-recalc-dims=\"1\" loading=\"lazy\" decoding=\"async\" data-attachment-id=\"19015\" data-permalink=\"http:\/\/www.jojoenherbe.com\/index.php\/2021\/06\/10\/au-fil-des-pages-avec-qui-quoi-quoi\/qui-quoi-quoi-6\/\" data-orig-file=\"https:\/\/i0.wp.com\/www.jojoenherbe.com\/wp-content\/uploads\/2021\/06\/Qui-quoi-quoi-6-scaled.jpg?fit=2560%2C1920\" data-orig-size=\"2560,1920\" data-comments-opened=\"1\" data-image-meta=\"{&quot;aperture&quot;:&quot;1.8&quot;,&quot;credit&quot;:&quot;&quot;,&quot;camera&quot;:&quot;iPhone 7&quot;,&quot;caption&quot;:&quot;&quot;,&quot;created_timestamp&quot;:&quot;1623342075&quot;,&quot;copyright&quot;:&quot;&quot;,&quot;focal_length&quot;:&quot;3.99&quot;,&quot;iso&quot;:&quot;80&quot;,&quot;shutter_speed&quot;:&quot;0.058823529411765&quot;,&quot;title&quot;:&quot;&quot;,&quot;orientation&quot;:&quot;1&quot;}\" data-image-title=\"Qui quoi quoi 6\" data-image-description=\"\" data-image-caption=\"\" data-large-file=\"https:\/\/i0.wp.com\/www.jojoenherbe.com\/wp-content\/uploads\/2021\/06\/Qui-quoi-quoi-6-scaled.jpg?fit=676%2C507\" class=\"alignleft size-thumbnail wp-image-19015\" src=\"https:\/\/i0.wp.com\/www.jojoenherbe.com\/wp-content\/uploads\/2021\/06\/Qui-quoi-quoi-6.jpg?resize=150%2C150\" alt=\"\" width=\"150\" height=\"150\" srcset=\"https:\/\/i0.wp.com\/www.jojoenherbe.com\/wp-content\/uploads\/2021\/06\/Qui-quoi-quoi-6-scaled.jpg?resize=150%2C150 150w, https:\/\/i0.wp.com\/www.jojoenherbe.com\/wp-content\/uploads\/2021\/06\/Qui-quoi-quoi-6-scaled.jpg?zoom=2&amp;resize=150%2C150 300w, https:\/\/i0.wp.com\/www.jojoenherbe.com\/wp-content\/uploads\/2021\/06\/Qui-quoi-quoi-6-scaled.jpg?zoom=3&amp;resize=150%2C150 450w\" sizes=\"auto, (max-width: 150px) 100vw, 150px\" \/><\/a>Nous lisons <span style=\"text-decoration: underline;\">Qui quoi quoi<\/span> d&rsquo;Olivier Tallec (\u00e9d. Actes Sud Junior, 2016), un album jeunesse tout en longueur au format \u00e0 l&rsquo;italienne et \u00e0 partir de 3 ans. Nous y retrouvons la bande d&rsquo;amis des Quiquoi, toujours aussi expressifs et adorables, dans diff\u00e9rentes activit\u00e9s du quotidien comme jouer ensemble. <\/em><\/p>\n<p style=\"text-align: justify;\"><em><a href=\"https:\/\/i0.wp.com\/www.jojoenherbe.com\/wp-content\/uploads\/2021\/06\/Qui-quoi-quoi-4-scaled.jpg\"><img data-recalc-dims=\"1\" loading=\"lazy\" decoding=\"async\" data-attachment-id=\"19013\" data-permalink=\"http:\/\/www.jojoenherbe.com\/index.php\/2021\/06\/10\/au-fil-des-pages-avec-qui-quoi-quoi\/qui-quoi-quoi-4\/\" data-orig-file=\"https:\/\/i0.wp.com\/www.jojoenherbe.com\/wp-content\/uploads\/2021\/06\/Qui-quoi-quoi-4-scaled.jpg?fit=2560%2C1920\" data-orig-size=\"2560,1920\" data-comments-opened=\"1\" data-image-meta=\"{&quot;aperture&quot;:&quot;1.8&quot;,&quot;credit&quot;:&quot;&quot;,&quot;camera&quot;:&quot;iPhone 7&quot;,&quot;caption&quot;:&quot;&quot;,&quot;created_timestamp&quot;:&quot;1623339782&quot;,&quot;copyright&quot;:&quot;&quot;,&quot;focal_length&quot;:&quot;3.99&quot;,&quot;iso&quot;:&quot;50&quot;,&quot;shutter_speed&quot;:&quot;0.058823529411765&quot;,&quot;title&quot;:&quot;&quot;,&quot;orientation&quot;:&quot;1&quot;}\" data-image-title=\"Qui quoi quoi 4\" data-image-description=\"\" data-image-caption=\"\" data-large-file=\"https:\/\/i0.wp.com\/www.jojoenherbe.com\/wp-content\/uploads\/2021\/06\/Qui-quoi-quoi-4-scaled.jpg?fit=676%2C507\" class=\"size-thumbnail wp-image-19013 alignright\" src=\"https:\/\/i0.wp.com\/www.jojoenherbe.com\/wp-content\/uploads\/2021\/06\/Qui-quoi-quoi-4.jpg?resize=150%2C150\" alt=\"\" width=\"150\" height=\"150\" srcset=\"https:\/\/i0.wp.com\/www.jojoenherbe.com\/wp-content\/uploads\/2021\/06\/Qui-quoi-quoi-4-scaled.jpg?resize=150%2C150 150w, https:\/\/i0.wp.com\/www.jojoenherbe.com\/wp-content\/uploads\/2021\/06\/Qui-quoi-quoi-4-scaled.jpg?zoom=2&amp;resize=150%2C150 300w, https:\/\/i0.wp.com\/www.jojoenherbe.com\/wp-content\/uploads\/2021\/06\/Qui-quoi-quoi-4-scaled.jpg?zoom=3&amp;resize=150%2C150 450w\" sizes=\"auto, (max-width: 150px) 100vw, 150px\" \/><\/a>Il s&rsquo;agit d&rsquo;un livre ludique rempli de questions jouant sur notre sens de l&rsquo;observation et notre m\u00e9moire. Il n&rsquo;est pas si simple de savoir qui a fait quoi, l&rsquo;auteur aussi malicieux que ses personnages allant m\u00eame jusqu&rsquo;\u00e0 poser des questions annexes pour d\u00e9tourner notre attention ou pla\u00e7ant la question \u00e0 la page suivante. Un petit album-jeu tr\u00e8s rigolo qui met nos sens en \u00e9veil! A la fin de cet album ludique, l&rsquo;auteur donne les r\u00e9ponses aux questions pos\u00e9es au fil des pages. Rires garantis!\u00a0<\/em><\/p>\n","protected":false},"excerpt":{"rendered":"<p>Nous lisons Qui quoi quoi d&rsquo;Olivier Tallec (\u00e9d. Actes Sud Junior, 2016), un album jeunesse tout en longueur au format \u00e0 l&rsquo;italienne et \u00e0 partir de 3 ans. Nous y retrouvons la bande d&rsquo;amis des Quiquoi, toujours aussi expressifs et adorables, dans diff\u00e9rentes activit\u00e9s du quotidien comme jouer ensemble. Il s&rsquo;agit d&rsquo;un livre ludique rempli [&hellip;]<\/p>\n","protected":false},"author":1,"featured_media":19012,"comment_status":"open","ping_status":"open","sticky":false,"template":"","format":"standard","meta":{"jetpack_post_was_ever_published":false,"_jetpack_newsletter_access":"","_jetpack_dont_email_post_to_subs":false,"_jetpack_newsletter_tier_id":0,"_jetpack_memberships_contains_paywalled_content":false,"_jetpack_memberships_contains_paid_content":false,"footnotes":""},"categories":[363],"tags":[785,1201,409,538,367,1323,2405,1714,2588],"class_list":["post-19009","post","type-post","status-publish","format-standard","has-post-thumbnail","hentry","category-mini-lecteur","tag-3-6-ans","tag-album-jeu","tag-albums-jeunesse","tag-humour","tag-lecture-jeunesse","tag-livre-participatif","tag-memoire","tag-olivier-tallec","tag-sens-de-lobservation","post-preview"],"jetpack_featured_media_url":"https:\/\/i0.wp.com\/www.jojoenherbe.com\/wp-content\/uploads\/2021\/06\/Qui-quoi-quoi-scaled.jpg?fit=2560%2C1782","jetpack_sharing_enabled":true,"jetpack_shortlink":"https:\/\/wp.me\/p9zhGx-4WB","jetpack_likes_enabled":true,"jetpack-related-posts":[{"id":18210,"url":"http:\/\/www.jojoenherbe.com\/index.php\/2021\/05\/13\/au-fil-des-pages-avec-un-peu-beaucoup\/","url_meta":{"origin":19009,"position":0},"title":"Au fil des pages avec Un peu beaucoup","author":"Jojo","date":"13 mai 2021","format":false,"excerpt":"Apr\u00e8s avoir lu C'est mon arbre, nous lisons Un peu beaucoup d'Olivier Tallec (\u00e9d. L'\u00e9cole des loisirs, 2020), un album jeunesse \u00e0 partir de 3 ans. J'ai d'ailleurs pr\u00e9f\u00e9r\u00e9 cette suite. Nous retrouvons le petit \u00e9cureuil roux possessif qui se d\u00e9lecte de ses pommes de pin. Il ne cesse de\u2026","rel":"","context":"Dans &quot;Mini lecteur&quot;","block_context":{"text":"Mini lecteur","link":"http:\/\/www.jojoenherbe.com\/index.php\/category\/mini-lecteur\/"},"img":{"alt_text":"","src":"https:\/\/i0.wp.com\/www.jojoenherbe.com\/wp-content\/uploads\/2021\/05\/Un-peu-beaucoup-scaled.jpg?fit=1200%2C900&resize=350%2C200","width":350,"height":200,"srcset":"https:\/\/i0.wp.com\/www.jojoenherbe.com\/wp-content\/uploads\/2021\/05\/Un-peu-beaucoup-scaled.jpg?fit=1200%2C900&resize=350%2C200 1x, https:\/\/i0.wp.com\/www.jojoenherbe.com\/wp-content\/uploads\/2021\/05\/Un-peu-beaucoup-scaled.jpg?fit=1200%2C900&resize=525%2C300 1.5x, https:\/\/i0.wp.com\/www.jojoenherbe.com\/wp-content\/uploads\/2021\/05\/Un-peu-beaucoup-scaled.jpg?fit=1200%2C900&resize=700%2C400 2x, https:\/\/i0.wp.com\/www.jojoenherbe.com\/wp-content\/uploads\/2021\/05\/Un-peu-beaucoup-scaled.jpg?fit=1200%2C900&resize=1050%2C600 3x"},"classes":[]},{"id":17546,"url":"http:\/\/www.jojoenherbe.com\/index.php\/2021\/04\/19\/au-fil-des-pages-avec-jen-revais-depuis-longtemps\/","url_meta":{"origin":19009,"position":1},"title":"Au fil des pages avec J\u2019en r\u00eavais depuis longtemps","author":"Jojo","date":"19 avril 2021","format":false,"excerpt":"Nous lisons J\u2019en r\u00eavais depuis longtemps d\u2019Olivier Tallec (\u00e9d. Actes Sud Junior, 2018), un album jeunesse au grand format et s'ouvrant par le haut, \u00e0 partir de 4 ans. Il fait \u00e9galement partie de la s\u00e9lection Maternelle du Prix des Incos 2021. A No\u00ebl, un chien devient l'animal de compagnie\u2026","rel":"","context":"Dans &quot;Mini lecteur&quot;","block_context":{"text":"Mini lecteur","link":"http:\/\/www.jojoenherbe.com\/index.php\/category\/mini-lecteur\/"},"img":{"alt_text":"","src":"https:\/\/i0.wp.com\/www.jojoenherbe.com\/wp-content\/uploads\/2021\/04\/Jen-revais-depuis-longtemps-1-scaled.jpg?fit=1200%2C900&resize=350%2C200","width":350,"height":200,"srcset":"https:\/\/i0.wp.com\/www.jojoenherbe.com\/wp-content\/uploads\/2021\/04\/Jen-revais-depuis-longtemps-1-scaled.jpg?fit=1200%2C900&resize=350%2C200 1x, https:\/\/i0.wp.com\/www.jojoenherbe.com\/wp-content\/uploads\/2021\/04\/Jen-revais-depuis-longtemps-1-scaled.jpg?fit=1200%2C900&resize=525%2C300 1.5x, https:\/\/i0.wp.com\/www.jojoenherbe.com\/wp-content\/uploads\/2021\/04\/Jen-revais-depuis-longtemps-1-scaled.jpg?fit=1200%2C900&resize=700%2C400 2x, https:\/\/i0.wp.com\/www.jojoenherbe.com\/wp-content\/uploads\/2021\/04\/Jen-revais-depuis-longtemps-1-scaled.jpg?fit=1200%2C900&resize=1050%2C600 3x"},"classes":[]},{"id":12074,"url":"http:\/\/www.jojoenherbe.com\/index.php\/2020\/09\/03\/au-fil-des-pages-avec-pierre-et-le-loup\/","url_meta":{"origin":19009,"position":2},"title":"Au fil des pages avec Pierre et le loup","author":"Jojo","date":"3 septembre 2020","format":false,"excerpt":"Nous empruntons pendant l'\u00e9t\u00e9 \u00e0 la m\u00e9diath\u00e8que Pierre et le loup de Sergue\u00ef Prokofiev, illustr\u00e9 par Olivier Tallec et racont\u00e9 par Bernard Giraudeau et avec l'Orchestre National de France (\u00e9d. Gallimard Jeunesse, coll. \"les albums musique\", 2019), un album jeunesse \u00e0 partir de 4 ans et accompagn\u00e9 d'un CD. Comme\u2026","rel":"","context":"Dans &quot;Mini lecteur&quot;","block_context":{"text":"Mini lecteur","link":"http:\/\/www.jojoenherbe.com\/index.php\/category\/mini-lecteur\/"},"img":{"alt_text":"","src":"https:\/\/i0.wp.com\/www.jojoenherbe.com\/wp-content\/uploads\/2020\/09\/Pierre-et-le-loup-scaled.jpg?fit=1200%2C900&resize=350%2C200","width":350,"height":200,"srcset":"https:\/\/i0.wp.com\/www.jojoenherbe.com\/wp-content\/uploads\/2020\/09\/Pierre-et-le-loup-scaled.jpg?fit=1200%2C900&resize=350%2C200 1x, https:\/\/i0.wp.com\/www.jojoenherbe.com\/wp-content\/uploads\/2020\/09\/Pierre-et-le-loup-scaled.jpg?fit=1200%2C900&resize=525%2C300 1.5x, https:\/\/i0.wp.com\/www.jojoenherbe.com\/wp-content\/uploads\/2020\/09\/Pierre-et-le-loup-scaled.jpg?fit=1200%2C900&resize=700%2C400 2x, https:\/\/i0.wp.com\/www.jojoenherbe.com\/wp-content\/uploads\/2020\/09\/Pierre-et-le-loup-scaled.jpg?fit=1200%2C900&resize=1050%2C600 3x"},"classes":[]},{"id":18204,"url":"http:\/\/www.jojoenherbe.com\/index.php\/2021\/05\/12\/au-fil-des-pages-avec-cest-mon-arbre\/","url_meta":{"origin":19009,"position":3},"title":"Au fil des pages avec C&rsquo;est mon arbre","author":"Jojo","date":"12 mai 2021","format":false,"excerpt":"Nous lisons C'est mon arbre d'Olivier Tallec (\u00e9d. L'\u00e9cole des loisirs, 2019), un album jeunesse \u00e0 partir de 3 ans et sa suite, Un peu beaucoup (\u00e9d. L'\u00e9cole des loisirs, 2020). Dans une for\u00eat aux couleurs automnales, un \u00e9cureuil roux \u00e9go\u00efste et possessif s'est octroy\u00e9 un arbre avec ses pommes\u2026","rel":"","context":"Dans &quot;Mini lecteur&quot;","block_context":{"text":"Mini lecteur","link":"http:\/\/www.jojoenherbe.com\/index.php\/category\/mini-lecteur\/"},"img":{"alt_text":"","src":"https:\/\/i0.wp.com\/www.jojoenherbe.com\/wp-content\/uploads\/2021\/05\/Cest-mon-arbre-scaled.jpg?fit=1200%2C900&resize=350%2C200","width":350,"height":200,"srcset":"https:\/\/i0.wp.com\/www.jojoenherbe.com\/wp-content\/uploads\/2021\/05\/Cest-mon-arbre-scaled.jpg?fit=1200%2C900&resize=350%2C200 1x, https:\/\/i0.wp.com\/www.jojoenherbe.com\/wp-content\/uploads\/2021\/05\/Cest-mon-arbre-scaled.jpg?fit=1200%2C900&resize=525%2C300 1.5x, https:\/\/i0.wp.com\/www.jojoenherbe.com\/wp-content\/uploads\/2021\/05\/Cest-mon-arbre-scaled.jpg?fit=1200%2C900&resize=700%2C400 2x, https:\/\/i0.wp.com\/www.jojoenherbe.com\/wp-content\/uploads\/2021\/05\/Cest-mon-arbre-scaled.jpg?fit=1200%2C900&resize=1050%2C600 3x"},"classes":[]},{"id":24972,"url":"http:\/\/www.jojoenherbe.com\/index.php\/2022\/04\/15\/nos-lectures-de-paques-2022\/","url_meta":{"origin":19009,"position":4},"title":"Nos lectures de P\u00e2ques 2022","author":"Jojo","date":"15 avril 2022","format":false,"excerpt":"Aux albums jeunesse d\u00e9j\u00e0 lus l'ann\u00e9e derni\u00e8re comme Fenouil ou Petit H\u00e9risson, nous lisons de nouvelles histoires avec le lapin de P\u00e2ques et\/ou la chasse aux \u0153ufs en chocolat en attendant de faire ce week-end, en famille, la n\u00f4tre. (Album jeunesse) Joyeuses P\u00e2ques Rita et Machin de Jean-Philippe Arrou-Vignod et\u2026","rel":"","context":"Dans &quot;Mini lecteur&quot;","block_context":{"text":"Mini lecteur","link":"http:\/\/www.jojoenherbe.com\/index.php\/category\/mini-lecteur\/"},"img":{"alt_text":"","src":"https:\/\/i0.wp.com\/www.jojoenherbe.com\/wp-content\/uploads\/2022\/04\/Nos-lectures-de-Paques-2022-scaled.jpg?fit=1200%2C995&resize=350%2C200","width":350,"height":200,"srcset":"https:\/\/i0.wp.com\/www.jojoenherbe.com\/wp-content\/uploads\/2022\/04\/Nos-lectures-de-Paques-2022-scaled.jpg?fit=1200%2C995&resize=350%2C200 1x, https:\/\/i0.wp.com\/www.jojoenherbe.com\/wp-content\/uploads\/2022\/04\/Nos-lectures-de-Paques-2022-scaled.jpg?fit=1200%2C995&resize=525%2C300 1.5x, https:\/\/i0.wp.com\/www.jojoenherbe.com\/wp-content\/uploads\/2022\/04\/Nos-lectures-de-Paques-2022-scaled.jpg?fit=1200%2C995&resize=700%2C400 2x, https:\/\/i0.wp.com\/www.jojoenherbe.com\/wp-content\/uploads\/2022\/04\/Nos-lectures-de-Paques-2022-scaled.jpg?fit=1200%2C995&resize=1050%2C600 3x"},"classes":[]},{"id":14771,"url":"http:\/\/www.jojoenherbe.com\/index.php\/2021\/01\/03\/deuxieme-alphabet-des-animaux-o-comme-oie\/","url_meta":{"origin":19009,"position":5},"title":"Deuxi\u00e8me alphabet des animaux: O comme Oie","author":"Jojo","date":"3 janvier 2021","format":false,"excerpt":"Pour la semaine 38 de mon challenge de l'alphabet des animaux illustr\u00e9s sur Instagram #jojoenherbeetcieillustre qui associe la premi\u00e8re lettre d'un animal avec une illustration tir\u00e9e de la litt\u00e9rature jeunesse en suivant l'ordre de l'alphabet, il s'agit du O comme Oie. Alors voici notre s\u00e9lection d'oies qui sera mise \u00e0\u2026","rel":"","context":"Dans &quot;Mini challenger&quot;","block_context":{"text":"Mini challenger","link":"http:\/\/www.jojoenherbe.com\/index.php\/category\/mini-challenger\/"},"img":{"alt_text":"","src":"https:\/\/i0.wp.com\/www.jojoenherbe.com\/wp-content\/uploads\/2021\/01\/Selection-doies-1-scaled.jpg?fit=1200%2C840&resize=350%2C200","width":350,"height":200,"srcset":"https:\/\/i0.wp.com\/www.jojoenherbe.com\/wp-content\/uploads\/2021\/01\/Selection-doies-1-scaled.jpg?fit=1200%2C840&resize=350%2C200 1x, https:\/\/i0.wp.com\/www.jojoenherbe.com\/wp-content\/uploads\/2021\/01\/Selection-doies-1-scaled.jpg?fit=1200%2C840&resize=525%2C300 1.5x, https:\/\/i0.wp.com\/www.jojoenherbe.com\/wp-content\/uploads\/2021\/01\/Selection-doies-1-scaled.jpg?fit=1200%2C840&resize=700%2C400 2x, https:\/\/i0.wp.com\/www.jojoenherbe.com\/wp-content\/uploads\/2021\/01\/Selection-doies-1-scaled.jpg?fit=1200%2C840&resize=1050%2C600 3x"},"classes":[]}],"_links":{"self":[{"href":"http:\/\/www.jojoenherbe.com\/index.php\/wp-json\/wp\/v2\/posts\/19009","targetHints":{"allow":["GET"]}}],"collection":[{"href":"http:\/\/www.jojoenherbe.com\/index.php\/wp-json\/wp\/v2\/posts"}],"about":[{"href":"http:\/\/www.jojoenherbe.com\/index.php\/wp-json\/wp\/v2\/types\/post"}],"author":[{"embeddable":true,"href":"http:\/\/www.jojoenherbe.com\/index.php\/wp-json\/wp\/v2\/users\/1"}],"replies":[{"embeddable":true,"href":"http:\/\/www.jojoenherbe.com\/index.php\/wp-json\/wp\/v2\/comments?post=19009"}],"version-history":[{"count":0,"href":"http:\/\/www.jojoenherbe.com\/index.php\/wp-json\/wp\/v2\/posts\/19009\/revisions"}],"wp:featuredmedia":[{"embeddable":true,"href":"http:\/\/www.jojoenherbe.com\/index.php\/wp-json\/wp\/v2\/media\/19012"}],"wp:attachment":[{"href":"http:\/\/www.jojoenherbe.com\/index.php\/wp-json\/wp\/v2\/media?parent=19009"}],"wp:term":[{"taxonomy":"category","embeddable":true,"href":"http:\/\/www.jojoenherbe.com\/index.php\/wp-json\/wp\/v2\/categories?post=19009"},{"taxonomy":"post_tag","embeddable":true,"href":"http:\/\/www.jojoenherbe.com\/index.php\/wp-json\/wp\/v2\/tags?post=19009"}],"curies":[{"name":"wp","href":"https:\/\/api.w.org\/{rel}","templated":true}]}}