{"id":1877,"date":"2018-03-19T12:19:42","date_gmt":"2018-03-19T11:19:42","guid":{"rendered":"http:\/\/www.jojoenherbe.com\/?p=1877"},"modified":"2018-03-23T17:45:42","modified_gmt":"2018-03-23T16:45:42","slug":"quelques-pas-sur-la-plage-des-marinieres-villefranche-sur-mer","status":"publish","type":"post","link":"http:\/\/www.jojoenherbe.com\/index.php\/2018\/03\/19\/quelques-pas-sur-la-plage-des-marinieres-villefranche-sur-mer\/","title":{"rendered":"Quelques pas sur la plage des Marini\u00e8res &#8211; Villefranche-sur-Mer"},"content":{"rendered":"<p style=\"text-align: justify;\"><em><a href=\"https:\/\/i0.wp.com\/www.jojoenherbe.com\/wp-content\/uploads\/2018\/03\/Villefranche-sur-Mer.jpg\"><img data-recalc-dims=\"1\" loading=\"lazy\" decoding=\"async\" data-attachment-id=\"1886\" data-permalink=\"http:\/\/www.jojoenherbe.com\/index.php\/2018\/03\/19\/quelques-pas-sur-la-plage-des-marinieres-villefranche-sur-mer\/villefranche-sur-mer\/\" data-orig-file=\"https:\/\/i0.wp.com\/www.jojoenherbe.com\/wp-content\/uploads\/2018\/03\/Villefranche-sur-Mer.jpg?fit=2448%2C3264\" data-orig-size=\"2448,3264\" data-comments-opened=\"1\" data-image-meta=\"{&quot;aperture&quot;:&quot;2.4&quot;,&quot;credit&quot;:&quot;&quot;,&quot;camera&quot;:&quot;iPhone 4S&quot;,&quot;caption&quot;:&quot;&quot;,&quot;created_timestamp&quot;:&quot;1521308116&quot;,&quot;copyright&quot;:&quot;&quot;,&quot;focal_length&quot;:&quot;4.28&quot;,&quot;iso&quot;:&quot;50&quot;,&quot;shutter_speed&quot;:&quot;0.00047103155911446&quot;,&quot;title&quot;:&quot;&quot;,&quot;orientation&quot;:&quot;1&quot;}\" data-image-title=\"Villefranche-sur-Mer\" data-image-description=\"\" data-image-caption=\"\" data-large-file=\"https:\/\/i0.wp.com\/www.jojoenherbe.com\/wp-content\/uploads\/2018\/03\/Villefranche-sur-Mer.jpg?fit=676%2C901\" class=\"alignleft size-thumbnail wp-image-1886\" src=\"https:\/\/i0.wp.com\/www.jojoenherbe.com\/wp-content\/uploads\/2018\/03\/Villefranche-sur-Mer.jpg?resize=150%2C150\" alt=\"\" width=\"150\" height=\"150\" srcset=\"https:\/\/i0.wp.com\/www.jojoenherbe.com\/wp-content\/uploads\/2018\/03\/Villefranche-sur-Mer.jpg?resize=150%2C150 150w, https:\/\/i0.wp.com\/www.jojoenherbe.com\/wp-content\/uploads\/2018\/03\/Villefranche-sur-Mer.jpg?zoom=2&amp;resize=150%2C150 300w, https:\/\/i0.wp.com\/www.jojoenherbe.com\/wp-content\/uploads\/2018\/03\/Villefranche-sur-Mer.jpg?zoom=3&amp;resize=150%2C150 450w\" sizes=\"auto, (max-width: 150px) 100vw, 150px\" \/><\/a> <a href=\"https:\/\/i0.wp.com\/www.jojoenherbe.com\/wp-content\/uploads\/2018\/03\/Villefranche-sur-Mer-3.jpg\"><img data-recalc-dims=\"1\" loading=\"lazy\" decoding=\"async\" data-attachment-id=\"1882\" data-permalink=\"http:\/\/www.jojoenherbe.com\/index.php\/2018\/03\/19\/quelques-pas-sur-la-plage-des-marinieres-villefranche-sur-mer\/villefranche-sur-mer-3\/\" data-orig-file=\"https:\/\/i0.wp.com\/www.jojoenherbe.com\/wp-content\/uploads\/2018\/03\/Villefranche-sur-Mer-3.jpg?fit=2448%2C3264\" data-orig-size=\"2448,3264\" data-comments-opened=\"1\" data-image-meta=\"{&quot;aperture&quot;:&quot;2.4&quot;,&quot;credit&quot;:&quot;&quot;,&quot;camera&quot;:&quot;iPhone 4S&quot;,&quot;caption&quot;:&quot;&quot;,&quot;created_timestamp&quot;:&quot;1521308816&quot;,&quot;copyright&quot;:&quot;&quot;,&quot;focal_length&quot;:&quot;4.28&quot;,&quot;iso&quot;:&quot;50&quot;,&quot;shutter_speed&quot;:&quot;0.00099601593625498&quot;,&quot;title&quot;:&quot;&quot;,&quot;orientation&quot;:&quot;1&quot;}\" data-image-title=\"Villefranche-sur-Mer\" data-image-description=\"\" data-image-caption=\"\" data-large-file=\"https:\/\/i0.wp.com\/www.jojoenherbe.com\/wp-content\/uploads\/2018\/03\/Villefranche-sur-Mer-3.jpg?fit=676%2C901\" class=\"alignleft size-thumbnail wp-image-1882\" src=\"https:\/\/i0.wp.com\/www.jojoenherbe.com\/wp-content\/uploads\/2018\/03\/Villefranche-sur-Mer-3.jpg?resize=150%2C150\" alt=\"\" width=\"150\" height=\"150\" srcset=\"https:\/\/i0.wp.com\/www.jojoenherbe.com\/wp-content\/uploads\/2018\/03\/Villefranche-sur-Mer-3.jpg?resize=150%2C150 150w, https:\/\/i0.wp.com\/www.jojoenherbe.com\/wp-content\/uploads\/2018\/03\/Villefranche-sur-Mer-3.jpg?zoom=2&amp;resize=150%2C150 300w, https:\/\/i0.wp.com\/www.jojoenherbe.com\/wp-content\/uploads\/2018\/03\/Villefranche-sur-Mer-3.jpg?zoom=3&amp;resize=150%2C150 450w\" sizes=\"auto, (max-width: 150px) 100vw, 150px\" \/><\/a>Ce 17 mars 2018, le soleil faisant une petite apparition,\u00a0 nous allons \u00e0 Villefranche-sur-Mer prendre un peu l&rsquo;air marin. Nous nous garons sur le parking (gratuit hors saison) de la plage des Marini\u00e8res. Le vent souffle un peu. A plusieurs endroits, la plage a m\u00eame disparu sous les vagues.<br \/>\n<\/em><\/p>\n<p style=\"text-align: justify;\"><em><a href=\"https:\/\/i0.wp.com\/www.jojoenherbe.com\/wp-content\/uploads\/2018\/03\/Villefranche-sur-Mer-2.jpg\"><img data-recalc-dims=\"1\" loading=\"lazy\" decoding=\"async\" data-attachment-id=\"1881\" data-permalink=\"http:\/\/www.jojoenherbe.com\/index.php\/2018\/03\/19\/quelques-pas-sur-la-plage-des-marinieres-villefranche-sur-mer\/villefranche-sur-mer-2\/\" data-orig-file=\"https:\/\/i0.wp.com\/www.jojoenherbe.com\/wp-content\/uploads\/2018\/03\/Villefranche-sur-Mer-2.jpg?fit=2448%2C3264\" data-orig-size=\"2448,3264\" data-comments-opened=\"1\" data-image-meta=\"{&quot;aperture&quot;:&quot;2.4&quot;,&quot;credit&quot;:&quot;&quot;,&quot;camera&quot;:&quot;iPhone 4S&quot;,&quot;caption&quot;:&quot;&quot;,&quot;created_timestamp&quot;:&quot;1521308545&quot;,&quot;copyright&quot;:&quot;&quot;,&quot;focal_length&quot;:&quot;4.28&quot;,&quot;iso&quot;:&quot;50&quot;,&quot;shutter_speed&quot;:&quot;0.00090579710144928&quot;,&quot;title&quot;:&quot;&quot;,&quot;orientation&quot;:&quot;1&quot;}\" data-image-title=\"Villefranche-sur-Mer\" data-image-description=\"\" data-image-caption=\"\" data-large-file=\"https:\/\/i0.wp.com\/www.jojoenherbe.com\/wp-content\/uploads\/2018\/03\/Villefranche-sur-Mer-2.jpg?fit=676%2C901\" class=\"size-thumbnail wp-image-1881 alignright\" src=\"https:\/\/i0.wp.com\/www.jojoenherbe.com\/wp-content\/uploads\/2018\/03\/Villefranche-sur-Mer-2.jpg?resize=150%2C150\" alt=\"\" width=\"150\" height=\"150\" srcset=\"https:\/\/i0.wp.com\/www.jojoenherbe.com\/wp-content\/uploads\/2018\/03\/Villefranche-sur-Mer-2.jpg?resize=150%2C150 150w, https:\/\/i0.wp.com\/www.jojoenherbe.com\/wp-content\/uploads\/2018\/03\/Villefranche-sur-Mer-2.jpg?zoom=2&amp;resize=150%2C150 300w, https:\/\/i0.wp.com\/www.jojoenherbe.com\/wp-content\/uploads\/2018\/03\/Villefranche-sur-Mer-2.jpg?zoom=3&amp;resize=150%2C150 450w\" sizes=\"auto, (max-width: 150px) 100vw, 150px\" \/><\/a> <a href=\"https:\/\/i0.wp.com\/www.jojoenherbe.com\/wp-content\/uploads\/2018\/03\/Villefranche-sur-Mer-6.jpg\"><img data-recalc-dims=\"1\" loading=\"lazy\" decoding=\"async\" data-attachment-id=\"1885\" data-permalink=\"http:\/\/www.jojoenherbe.com\/index.php\/2018\/03\/19\/quelques-pas-sur-la-plage-des-marinieres-villefranche-sur-mer\/villefranche-sur-mer-6\/\" data-orig-file=\"https:\/\/i0.wp.com\/www.jojoenherbe.com\/wp-content\/uploads\/2018\/03\/Villefranche-sur-Mer-6.jpg?fit=3264%2C2448\" data-orig-size=\"3264,2448\" data-comments-opened=\"1\" data-image-meta=\"{&quot;aperture&quot;:&quot;2.4&quot;,&quot;credit&quot;:&quot;&quot;,&quot;camera&quot;:&quot;iPhone 4S&quot;,&quot;caption&quot;:&quot;&quot;,&quot;created_timestamp&quot;:&quot;1521309367&quot;,&quot;copyright&quot;:&quot;&quot;,&quot;focal_length&quot;:&quot;4.28&quot;,&quot;iso&quot;:&quot;50&quot;,&quot;shutter_speed&quot;:&quot;0.0013774104683196&quot;,&quot;title&quot;:&quot;&quot;,&quot;orientation&quot;:&quot;1&quot;}\" data-image-title=\"Villefranche-sur-Mer\" data-image-description=\"\" data-image-caption=\"\" data-large-file=\"https:\/\/i0.wp.com\/www.jojoenherbe.com\/wp-content\/uploads\/2018\/03\/Villefranche-sur-Mer-6.jpg?fit=676%2C507\" class=\"size-thumbnail wp-image-1885 alignright\" src=\"https:\/\/i0.wp.com\/www.jojoenherbe.com\/wp-content\/uploads\/2018\/03\/Villefranche-sur-Mer-6.jpg?resize=150%2C150\" alt=\"\" width=\"150\" height=\"150\" srcset=\"https:\/\/i0.wp.com\/www.jojoenherbe.com\/wp-content\/uploads\/2018\/03\/Villefranche-sur-Mer-6.jpg?resize=150%2C150 150w, https:\/\/i0.wp.com\/www.jojoenherbe.com\/wp-content\/uploads\/2018\/03\/Villefranche-sur-Mer-6.jpg?zoom=2&amp;resize=150%2C150 300w, https:\/\/i0.wp.com\/www.jojoenherbe.com\/wp-content\/uploads\/2018\/03\/Villefranche-sur-Mer-6.jpg?zoom=3&amp;resize=150%2C150 450w\" sizes=\"auto, (max-width: 150px) 100vw, 150px\" \/><\/a>Nous marchons quelques pas et nous nous asseyons sur le peu de plage qu&rsquo;il reste en cette p\u00e9riode de l&rsquo;ann\u00e9e. Nous ne sommes pas les seuls \u00e0 \u00eatre venus sur cette plage. Des enfants s&rsquo;amusent \u00e0 marcher sur le sable et \u00e9viter les vagues qui arrivent \u00e0 toute vitesse. De nombreux voiliers profitent \u00e9galement de cette m\u00e9t\u00e9o cl\u00e9mente.<br \/>\n<\/em><\/p>\n<p style=\"text-align: justify;\"><em><a href=\"https:\/\/i0.wp.com\/www.jojoenherbe.com\/wp-content\/uploads\/2018\/03\/Villefranche-sur-Mer-5.jpg\"><img data-recalc-dims=\"1\" loading=\"lazy\" decoding=\"async\" data-attachment-id=\"1884\" data-permalink=\"http:\/\/www.jojoenherbe.com\/index.php\/2018\/03\/19\/quelques-pas-sur-la-plage-des-marinieres-villefranche-sur-mer\/villefranche-sur-mer-5\/\" data-orig-file=\"https:\/\/i0.wp.com\/www.jojoenherbe.com\/wp-content\/uploads\/2018\/03\/Villefranche-sur-Mer-5.jpg?fit=2448%2C3264\" data-orig-size=\"2448,3264\" data-comments-opened=\"1\" data-image-meta=\"{&quot;aperture&quot;:&quot;2.4&quot;,&quot;credit&quot;:&quot;&quot;,&quot;camera&quot;:&quot;iPhone 4S&quot;,&quot;caption&quot;:&quot;&quot;,&quot;created_timestamp&quot;:&quot;1521309069&quot;,&quot;copyright&quot;:&quot;&quot;,&quot;focal_length&quot;:&quot;4.28&quot;,&quot;iso&quot;:&quot;50&quot;,&quot;shutter_speed&quot;:&quot;0.00041597337770383&quot;,&quot;title&quot;:&quot;&quot;,&quot;orientation&quot;:&quot;1&quot;}\" data-image-title=\"Villefranche-sur-Mer\" data-image-description=\"\" data-image-caption=\"\" data-large-file=\"https:\/\/i0.wp.com\/www.jojoenherbe.com\/wp-content\/uploads\/2018\/03\/Villefranche-sur-Mer-5.jpg?fit=676%2C901\" class=\"alignleft size-thumbnail wp-image-1884\" src=\"https:\/\/i0.wp.com\/www.jojoenherbe.com\/wp-content\/uploads\/2018\/03\/Villefranche-sur-Mer-5.jpg?resize=150%2C150\" alt=\"\" width=\"150\" height=\"150\" srcset=\"https:\/\/i0.wp.com\/www.jojoenherbe.com\/wp-content\/uploads\/2018\/03\/Villefranche-sur-Mer-5.jpg?resize=150%2C150 150w, https:\/\/i0.wp.com\/www.jojoenherbe.com\/wp-content\/uploads\/2018\/03\/Villefranche-sur-Mer-5.jpg?zoom=2&amp;resize=150%2C150 300w, https:\/\/i0.wp.com\/www.jojoenherbe.com\/wp-content\/uploads\/2018\/03\/Villefranche-sur-Mer-5.jpg?zoom=3&amp;resize=150%2C150 450w\" sizes=\"auto, (max-width: 150px) 100vw, 150px\" \/><\/a>Il est d\u00e9j\u00e0 18 heures. Le vent se l\u00e8ve de plus en plus. Le soleil est en train de se coucher et nous ne tardons pas \u00e0 rentrer \u00e0 notre tour.<\/em><\/p>\n<p><iframe loading=\"lazy\" style=\"border: 0;\" src=\"https:\/\/www.google.com\/maps\/embed?pb=!1m18!1m12!1m3!1d11537.773512001517!2d7.297662498379339!3d43.70133413182608!2m3!1f0!2f0!3f0!3m2!1i1024!2i768!4f13.1!3m3!1m2!1s0x12cddb2c5c60c951%3A0x74a05a8919087f6c!2sPlage+des+Marini%C3%A8res!5e0!3m2!1sfr!2sfr!4v1521458360876\" width=\"400\" height=\"300\" frameborder=\"0\" allowfullscreen=\"allowfullscreen\"><\/iframe><\/p>\n","protected":false},"excerpt":{"rendered":"<p>Ce 17 mars 2018, le soleil faisant une petite apparition,\u00a0 nous allons \u00e0 Villefranche-sur-Mer prendre un peu l&rsquo;air marin. Nous nous garons sur le parking (gratuit hors saison) de la plage des Marini\u00e8res. Le vent souffle un peu. A plusieurs endroits, la plage a m\u00eame disparu sous les vagues. Nous marchons quelques pas et nous [&hellip;]<\/p>\n","protected":false},"author":1,"featured_media":1883,"comment_status":"open","ping_status":"open","sticky":false,"template":"","format":"standard","meta":{"jetpack_post_was_ever_published":false,"_jetpack_newsletter_access":"","_jetpack_dont_email_post_to_subs":false,"_jetpack_newsletter_tier_id":0,"_jetpack_memberships_contains_paywalled_content":false,"_jetpack_memberships_contains_paid_content":false,"footnotes":""},"categories":[128],"tags":[25,5,74,133],"class_list":["post-1877","post","type-post","status-publish","format-standard","has-post-thumbnail","hentry","category-mini-baladeur","tag-alpes-maritimes","tag-paca","tag-plages","tag-villefranche-sur-mer","post-preview"],"jetpack_featured_media_url":"https:\/\/i0.wp.com\/www.jojoenherbe.com\/wp-content\/uploads\/2018\/03\/Villefranche-sur-Mer-4.jpg?fit=2448%2C3264","jetpack_sharing_enabled":true,"jetpack_shortlink":"https:\/\/wp.me\/p9zhGx-uh","jetpack_likes_enabled":true,"jetpack-related-posts":[{"id":5862,"url":"http:\/\/www.jojoenherbe.com\/index.php\/2019\/05\/07\/les-pieds-dans-leau-a-villefranche-sur-mer\/","url_meta":{"origin":1877,"position":0},"title":"Les pieds dans l&rsquo;eau \u00e0 Villefranche-sur-Mer","author":"Jojo","date":"7 mai 2019","format":false,"excerpt":"En cette fin d'apr\u00e8s-midi du 6 mai 2019, nous allons sur la plage des Marini\u00e8res \u00e0 Villefranche-sur-Mer. Le soleil est encore bien pr\u00e9sent. Certains se baignent d\u00e9j\u00e0 et d'autres bronzent sur la plage. Nous tentons \u00e9galement de tremper les pieds dans l'eau. Mais elle reste encore bien froide. Il faut\u2026","rel":"","context":"Dans &quot;Mini baladeur&quot;","block_context":{"text":"Mini baladeur","link":"http:\/\/www.jojoenherbe.com\/index.php\/category\/mini-crapahuteur\/mini-baladeur\/"},"img":{"alt_text":"","src":"https:\/\/i0.wp.com\/www.jojoenherbe.com\/wp-content\/uploads\/2019\/05\/Villefranche-sur-Mer.jpg?fit=1200%2C945&resize=350%2C200","width":350,"height":200,"srcset":"https:\/\/i0.wp.com\/www.jojoenherbe.com\/wp-content\/uploads\/2019\/05\/Villefranche-sur-Mer.jpg?fit=1200%2C945&resize=350%2C200 1x, https:\/\/i0.wp.com\/www.jojoenherbe.com\/wp-content\/uploads\/2019\/05\/Villefranche-sur-Mer.jpg?fit=1200%2C945&resize=525%2C300 1.5x, https:\/\/i0.wp.com\/www.jojoenherbe.com\/wp-content\/uploads\/2019\/05\/Villefranche-sur-Mer.jpg?fit=1200%2C945&resize=700%2C400 2x, https:\/\/i0.wp.com\/www.jojoenherbe.com\/wp-content\/uploads\/2019\/05\/Villefranche-sur-Mer.jpg?fit=1200%2C945&resize=1050%2C600 3x"},"classes":[]},{"id":1291,"url":"http:\/\/www.jojoenherbe.com\/index.php\/2015\/05\/17\/petit-tour-du-fort-du-mont-alban\/","url_meta":{"origin":1877,"position":1},"title":"Petit tour du Fort du Mont-Alban","author":"Jojo","date":"17 mai 2015","format":false,"excerpt":"Ce 17 mai 2015, apr\u00e8s un petite balade le long de la plage des Marini\u00e8res de Villefranche-sur-Mer, nous allons au Fort du Mont-Alban, situ\u00e9 au sommet d'une colline bois\u00e9e situ\u00e9e dans la partie Sud-Est de Nice, \u00e0 220 m\u00e8tres d'altitude. Ce fort fut construit entre 1557 et 1560 pour prot\u00e9ger\u2026","rel":"","context":"Dans &quot;Mini baladeur&quot;","block_context":{"text":"Mini baladeur","link":"http:\/\/www.jojoenherbe.com\/index.php\/category\/mini-crapahuteur\/mini-baladeur\/"},"img":{"alt_text":"","src":"https:\/\/i0.wp.com\/www.jojoenherbe.com\/wp-content\/uploads\/2015\/05\/Fort-du-Mont-Alban.jpg?fit=1200%2C1200&resize=350%2C200","width":350,"height":200,"srcset":"https:\/\/i0.wp.com\/www.jojoenherbe.com\/wp-content\/uploads\/2015\/05\/Fort-du-Mont-Alban.jpg?fit=1200%2C1200&resize=350%2C200 1x, https:\/\/i0.wp.com\/www.jojoenherbe.com\/wp-content\/uploads\/2015\/05\/Fort-du-Mont-Alban.jpg?fit=1200%2C1200&resize=525%2C300 1.5x, https:\/\/i0.wp.com\/www.jojoenherbe.com\/wp-content\/uploads\/2015\/05\/Fort-du-Mont-Alban.jpg?fit=1200%2C1200&resize=700%2C400 2x, https:\/\/i0.wp.com\/www.jojoenherbe.com\/wp-content\/uploads\/2015\/05\/Fort-du-Mont-Alban.jpg?fit=1200%2C1200&resize=1050%2C600 3x"},"classes":[]},{"id":36913,"url":"http:\/\/www.jojoenherbe.com\/index.php\/2024\/08\/10\/semaine-32-du-projet-52-2024-vacances\/","url_meta":{"origin":1877,"position":2},"title":"Semaine 32 du Projet 52-2024: \u00ab\u00a0Vacances\u00a0\u00bb","author":"Jojo","date":"10 ao\u00fbt 2024","format":false,"excerpt":"Pour la semaine 32 du Projet 52-2024 de Du c\u00f4t\u00e9 de chez Ma\u2019, le th\u00e8me est \"Vacances\". J\u2019ai choisi pour illustrer ce th\u00e8me la plage o\u00f9 nous sommes all\u00e9s tr\u00e8s souvent ces derniers jours, surtout en soir\u00e9e mais aussi le matin et qui permet l'\u00e9vasion estivale tout pr\u00e8s de chez\u2026","rel":"","context":"Dans &quot;mini photographe&quot;","block_context":{"text":"mini photographe","link":"http:\/\/www.jojoenherbe.com\/index.php\/category\/mini-photographe\/"},"img":{"alt_text":"","src":"https:\/\/i0.wp.com\/www.jojoenherbe.com\/wp-content\/uploads\/2024\/08\/Villefranche-sur-Mer-scaled.jpg?fit=942%2C1200&resize=350%2C200","width":350,"height":200,"srcset":"https:\/\/i0.wp.com\/www.jojoenherbe.com\/wp-content\/uploads\/2024\/08\/Villefranche-sur-Mer-scaled.jpg?fit=942%2C1200&resize=350%2C200 1x, https:\/\/i0.wp.com\/www.jojoenherbe.com\/wp-content\/uploads\/2024\/08\/Villefranche-sur-Mer-scaled.jpg?fit=942%2C1200&resize=525%2C300 1.5x, https:\/\/i0.wp.com\/www.jojoenherbe.com\/wp-content\/uploads\/2024\/08\/Villefranche-sur-Mer-scaled.jpg?fit=942%2C1200&resize=700%2C400 2x"},"classes":[]},{"id":40249,"url":"http:\/\/www.jojoenherbe.com\/index.php\/2025\/08\/02\/semaine-31-du-projet-52-2025-soiree\/","url_meta":{"origin":1877,"position":3},"title":"Semaine 31 du Projet 52-2025: \u00ab\u00a0Soir\u00e9e\u00a0\u00bb","author":"Jojo","date":"2 ao\u00fbt 2025","format":false,"excerpt":"Pour la semaine 31 du Projet 52-2025 de Du c\u00f4t\u00e9 de chez Ma\u2019, le th\u00e8me est \"Soir\u00e9e\". Je ne suis pas all\u00e9e loin dans le temps pour illustrer le th\u00e8me de la semaine puisque nous sommes all\u00e9s hier soir \u00e0 Villefranche-sur-Mer pour une soir\u00e9e-plage comme tr\u00e8s souvent l'\u00e9t\u00e9, emportant toujours\u2026","rel":"","context":"Dans &quot;mini photographe&quot;","block_context":{"text":"mini photographe","link":"http:\/\/www.jojoenherbe.com\/index.php\/category\/mini-photographe\/"},"img":{"alt_text":"","src":"https:\/\/i0.wp.com\/www.jojoenherbe.com\/wp-content\/uploads\/2025\/08\/Villefranche-sur-mer-plage-scaled.jpg?fit=1200%2C900&resize=350%2C200","width":350,"height":200,"srcset":"https:\/\/i0.wp.com\/www.jojoenherbe.com\/wp-content\/uploads\/2025\/08\/Villefranche-sur-mer-plage-scaled.jpg?fit=1200%2C900&resize=350%2C200 1x, https:\/\/i0.wp.com\/www.jojoenherbe.com\/wp-content\/uploads\/2025\/08\/Villefranche-sur-mer-plage-scaled.jpg?fit=1200%2C900&resize=525%2C300 1.5x, https:\/\/i0.wp.com\/www.jojoenherbe.com\/wp-content\/uploads\/2025\/08\/Villefranche-sur-mer-plage-scaled.jpg?fit=1200%2C900&resize=700%2C400 2x, https:\/\/i0.wp.com\/www.jojoenherbe.com\/wp-content\/uploads\/2025\/08\/Villefranche-sur-mer-plage-scaled.jpg?fit=1200%2C900&resize=1050%2C600 3x"},"classes":[]},{"id":7350,"url":"http:\/\/www.jojoenherbe.com\/index.php\/2019\/08\/31\/le-temps-des-vacances-a-la-plage\/","url_meta":{"origin":1877,"position":4},"title":"Le temps des vacances \u00e0 la plage","author":"Jojo","date":"31 ao\u00fbt 2019","format":false,"excerpt":"Pour cette semaine 35 du Projet 52-2019 de Du c\u00f4t\u00e9 de chez Ma', le th\u00e8me est \"Vacances\". Le mois d'ao\u00fbt se terminant, le temps des vacances va laisser place \u00e0 la fr\u00e9n\u00e9sie de la rentr\u00e9e. Voici une photo d'un oursin prise pendant une sortie plage \u00e0 Villefranche-sur-Mer ce mois-ci mais\u2026","rel":"","context":"Dans &quot;mini photographe&quot;","block_context":{"text":"mini photographe","link":"http:\/\/www.jojoenherbe.com\/index.php\/category\/mini-photographe\/"},"img":{"alt_text":"","src":"https:\/\/i0.wp.com\/www.jojoenherbe.com\/wp-content\/uploads\/2019\/08\/Oursin-Villefranche-sur-Mer.jpg?fit=1200%2C900&resize=350%2C200","width":350,"height":200,"srcset":"https:\/\/i0.wp.com\/www.jojoenherbe.com\/wp-content\/uploads\/2019\/08\/Oursin-Villefranche-sur-Mer.jpg?fit=1200%2C900&resize=350%2C200 1x, https:\/\/i0.wp.com\/www.jojoenherbe.com\/wp-content\/uploads\/2019\/08\/Oursin-Villefranche-sur-Mer.jpg?fit=1200%2C900&resize=525%2C300 1.5x, https:\/\/i0.wp.com\/www.jojoenherbe.com\/wp-content\/uploads\/2019\/08\/Oursin-Villefranche-sur-Mer.jpg?fit=1200%2C900&resize=700%2C400 2x, https:\/\/i0.wp.com\/www.jojoenherbe.com\/wp-content\/uploads\/2019\/08\/Oursin-Villefranche-sur-Mer.jpg?fit=1200%2C900&resize=1050%2C600 3x"},"classes":[]},{"id":6198,"url":"http:\/\/www.jojoenherbe.com\/index.php\/2019\/06\/02\/du-street-art-a-villefranche-sur-mer\/","url_meta":{"origin":1877,"position":5},"title":"Du Street Art \u00e0 Villefranche-sur-Mer","author":"Jojo","date":"2 juin 2019","format":false,"excerpt":"Ce 1er juin 2019, apr\u00e8s notre balade sur le sentier botanique du parc de la Grande Corniche, nous allons \u00e0 Villefranche-sur-Mer. La commune accueille du 30 mai au 2 juin 2019 une manifestation de Street Art, \"Craie Art\" avec David Zinn. Cet artiste am\u00e9ricain a, pour l'occasion, diss\u00e9min\u00e9 \u00e7a et\u2026","rel":"","context":"Dans &quot;Mini visiteur&quot;","block_context":{"text":"Mini visiteur","link":"http:\/\/www.jojoenherbe.com\/index.php\/category\/mini-crapahuteur\/mini-visiteur\/"},"img":{"alt_text":"","src":"https:\/\/i0.wp.com\/www.jojoenherbe.com\/wp-content\/uploads\/2019\/06\/Street-art-David-Zinn.jpg?fit=1200%2C900&resize=350%2C200","width":350,"height":200,"srcset":"https:\/\/i0.wp.com\/www.jojoenherbe.com\/wp-content\/uploads\/2019\/06\/Street-art-David-Zinn.jpg?fit=1200%2C900&resize=350%2C200 1x, https:\/\/i0.wp.com\/www.jojoenherbe.com\/wp-content\/uploads\/2019\/06\/Street-art-David-Zinn.jpg?fit=1200%2C900&resize=525%2C300 1.5x, https:\/\/i0.wp.com\/www.jojoenherbe.com\/wp-content\/uploads\/2019\/06\/Street-art-David-Zinn.jpg?fit=1200%2C900&resize=700%2C400 2x, https:\/\/i0.wp.com\/www.jojoenherbe.com\/wp-content\/uploads\/2019\/06\/Street-art-David-Zinn.jpg?fit=1200%2C900&resize=1050%2C600 3x"},"classes":[]}],"_links":{"self":[{"href":"http:\/\/www.jojoenherbe.com\/index.php\/wp-json\/wp\/v2\/posts\/1877","targetHints":{"allow":["GET"]}}],"collection":[{"href":"http:\/\/www.jojoenherbe.com\/index.php\/wp-json\/wp\/v2\/posts"}],"about":[{"href":"http:\/\/www.jojoenherbe.com\/index.php\/wp-json\/wp\/v2\/types\/post"}],"author":[{"embeddable":true,"href":"http:\/\/www.jojoenherbe.com\/index.php\/wp-json\/wp\/v2\/users\/1"}],"replies":[{"embeddable":true,"href":"http:\/\/www.jojoenherbe.com\/index.php\/wp-json\/wp\/v2\/comments?post=1877"}],"version-history":[{"count":0,"href":"http:\/\/www.jojoenherbe.com\/index.php\/wp-json\/wp\/v2\/posts\/1877\/revisions"}],"wp:featuredmedia":[{"embeddable":true,"href":"http:\/\/www.jojoenherbe.com\/index.php\/wp-json\/wp\/v2\/media\/1883"}],"wp:attachment":[{"href":"http:\/\/www.jojoenherbe.com\/index.php\/wp-json\/wp\/v2\/media?parent=1877"}],"wp:term":[{"taxonomy":"category","embeddable":true,"href":"http:\/\/www.jojoenherbe.com\/index.php\/wp-json\/wp\/v2\/categories?post=1877"},{"taxonomy":"post_tag","embeddable":true,"href":"http:\/\/www.jojoenherbe.com\/index.php\/wp-json\/wp\/v2\/tags?post=1877"}],"curies":[{"name":"wp","href":"https:\/\/api.w.org\/{rel}","templated":true}]}}